{"id":2202,"date":"2018-11-19T12:31:47","date_gmt":"2018-11-19T11:31:47","guid":{"rendered":"http:\/\/www.cannabis.es\/pw\/?p=2202"},"modified":"2020-09-04T13:21:25","modified_gmt":"2020-09-04T11:21:25","slug":"mexico-lucha-por-la-legalizacion-del-cannabis","status":"publish","type":"post","link":"https:\/\/www.cannabis.es\/pw\/2018\/11\/19\/mexico-lucha-por-la-legalizacion-del-cannabis\/","title":{"rendered":"M\u00e9xico lucha por la legalizaci\u00f3n del Cannabis"},"content":{"rendered":"\n<p>Benito D\u00edaz<\/p>\n\n\n\n<p>El Partido Morena de&nbsp;<a href=\"https:\/\/twitter.com\/AmIoPresidente\">Andr\u00e9s Manuel L\u00f3pez Obrador<\/a>&nbsp;&nbsp;lanza una propuesta de legalizaci\u00f3n de la planta tras admitir&nbsp;el Tribunal Supremo&nbsp;de Justicia los amparos que sientan jurisprudencia.&nbsp;La naci\u00f3n latinoamericana, a pocos meses de discutir y quiz\u00e1s aprobar el autocultivo, la venta y el consumo de cannabis. \u00a1Viva M\u00e9xico, cabrones!<\/p>\n\n\n\n<hr class=\"wp-block-separator\"\/>\n\n\n\n<p>Los consumidores mexicanos est\u00e1n de enhorabuena. Hace tan solo unos d\u00edas, su Tribunal Supremo de Justicia admit\u00eda la quinta petici\u00f3n de amparo, reclamada por un ciudadano. Este recurso aceptaba que<strong>&nbsp;las restricciones al acceso a la marihuana estaban violando la Constituci\u00f3n<\/strong>, pues no permit\u00edan el libre desarrollo de la persona. El recurso, el quinto que se admite desde 2015, sienta jurisprudencia al respecto, lo que implica que estas cinco decisiones tomadas a favor del usuario deben ser usadas como referencia en pr\u00f3ximas sentencias. A esto acompa\u00f1a la propuesta de Ley del Partido Morena a favor de la regulaci\u00f3n integral. Analicemos en detalle la situaci\u00f3n actual de la marihuana en el pa\u00eds latinoamericano.<\/p>\n\n\n\n<h3 class=\"wp-block-heading\"><strong>Antecedentes<\/strong><\/h3>\n\n\n\n<p>M\u00e9xico ha sido una naci\u00f3n muy influenciada por las restrictivas leyes de Estados Unidos, aceptando as\u00ed durante d\u00e9cadas sus par\u00e1metros en la Guerra contra las Drogas. El resultado es de dominio p\u00fablico: el narco ha disputado las calles con el gobierno y la marihuana ha sido parte fundamental de la batalla. Cientos de miles de&nbsp;<strong>muertes<\/strong>&nbsp;se han producido y otras tantas personas han&nbsp;<strong>desaparecido<\/strong>&nbsp;en consecuencia de esta guerra que ha tenido como gran promotor y defensor a Estados Unidos.<\/p>\n\n\n\n<p>Adem\u00e1s del ascenso de la violencia, y seg\u00fan las investigaciones de Catalina P\u00e9rez Correa (doctora en Derecho y acad\u00e9mica del Centro de Investigaci\u00f3n y Docencia Econ\u00f3micas)&nbsp;y Andr\u00e9s Ruiz Ojeda en&nbsp;<a href=\"http:\/\/politicadedrogas.org\/PPD\/documentos\/20181009_140204_cuaderno_de_trabajo_28.pdf\">\u201cMarihuana en M\u00e9xico, el peso de la prohibici\u00f3n\u201d,<\/a>&nbsp;tambi\u00e9n&nbsp;<strong>trajo consigo un aumento de las condenas por posesi\u00f3n o venta<\/strong>. Esto dio lugar a un&nbsp;incremento&nbsp;considerable de la poblaci\u00f3n reclusa, en muchos casos sin datos sobre la sustancia que les llev\u00f3 a esa situaci\u00f3n. En los casos en los que la sustancia s\u00ed es conocida, la m\u00e1s com\u00fan es el&nbsp;cannabis. Seg\u00fan el estudio, 1.742 personas estar\u00edan condenadas por posesi\u00f3n y 1.641 por posesi\u00f3n con intenci\u00f3n de venta.<\/p>\n\n\n\n<p>Los pasos de la legalizaci\u00f3n han tra\u00eddo la&nbsp;<strong>permisividad del autoconsumo<\/strong>, avalado para uso terap\u00e9utico en 2017 por el gobierno, adem\u00e1s de la salida de la planta de la lista de \u201cestupefacientes absolutamente prohibidos\u201d por la Ley de Salud.<\/p>\n\n\n\n<p>Seg\u00fan Catalina P\u00e9rez Correa, autora del citado estudio, en declaraciones para el portal mexicano Animal Pol\u00edtico, la propuesta de Morena&nbsp;<em>\u201cva a disminuir la violencia que el Estado mexicano ejerce sobre ciertos grupos de poblaciones. Los datos en el tema de detenciones muestran que el principal delito es la posesi\u00f3n simple. Sabemos que el Estado, al aplicar estas leyes, genera mucha violencia en contra de una poblaci\u00f3n que tiene caracter\u00edsticas sospechosamente similares: predominantemente son hombres j\u00f3venes que provienen de contextos marginados. A ellos se dirigen las leyes de prohibici\u00f3n actualmente. Ellos son los que terminan en las c\u00e1rceles y el hecho de que terminen estas detenciones implica que se puedan liberar recursos que hoy se est\u00e1n usando para encarcelar personas para usarlos en otros temas que son m\u00e1s importantes\u201d<\/em><em>.<\/em><\/p>\n\n\n\n<h3 class=\"wp-block-heading\"><strong>La propuesta de L\u00f3pez Obrador<\/strong><\/h3>\n\n\n\n<p>El pasado 6 de Noviembre, Olga S\u00e1nchez Cordero, pr\u00f3xima secretaria de Gobernaci\u00f3n (similar a nuestro Ministerio del Interior) present\u00f3 en el Pleno del Senado la propuesta para legalizar la&nbsp;marihuana recreativa, medicinal y comercial.&nbsp;<a href=\"https:\/\/morena.senado.gob.mx\/wp-content\/uploads\/2018\/11\/Iniciativa-Cannabis2.pdf\">En el texto, que consta de m\u00e1s de 75 art\u00edculos,<\/a>&nbsp;se asegura que se busca un \u201cmodelo que impulse la regulaci\u00f3n legal estricta, el punto medio entre la prohibici\u00f3n absoluta y el libre mercado\u201d.<\/p>\n\n\n\n<p>La reforma, que recuerda en gran medida a&nbsp;<a href=\"http:\/\/www.cannabis.es\/pw\/2018\/10\/01\/canada-legaliza-el-uso-recreativo-de-la-marihuana\/\">la aplicada por Canad\u00e1<\/a>, propone una&nbsp;<strong>regulaci\u00f3n de toda la cadena de producci\u00f3n<\/strong>&nbsp;desde la siembra, cosecha, producci\u00f3n, transformaci\u00f3n, etiquetado, empaquetado, publicidad, transporte, distribuci\u00f3n y venta en puntos determinados, transporte y consumo.<\/p>\n\n\n\n<p>Sus ejes vertebrales conforman una ley que proteger\u00eda a los sectores m\u00e1s vulnerables (menores de edad),&nbsp;alejar\u00eda&nbsp;a las personas de un producto con sustancias psicoactivas, facilitar\u00eda&nbsp;programas de rehabilitaci\u00f3n a todo aquel que lo solicite, promover\u00eda&nbsp;la informaci\u00f3n basada en hechos cient\u00edficos, etc.<\/p>\n\n\n\n<p>Planea 15 tipos de permisos, desde el autoconsumo hasta el uso comercial. As\u00ed, se presentan cuatro casos relacionados con la Marihuana:<\/p>\n\n\n\n<ul class=\"wp-block-list\"><li><em>Autoconsumo<\/em>: cultivo de hasta 20 plantas de cannabis para consumo personal en propiedad privada, siempre y cuando no se sobrepasara los 480 gramos por a\u00f1o y las personas hayan registrado sus plantas ante el instituto&nbsp;en el padr\u00f3n an\u00f3nimo. La posesi\u00f3n autorizada pasa de 5 gramos a 30.<\/li><li><em>Cooperativas de producci\u00f3n<\/em>:&nbsp;deber\u00edan obtener una&nbsp;licencia de autorizaci\u00f3n, tener un m\u00ednimo de dos y un m\u00e1ximo de 150 socios, un C\u00f3digo de \u00c9tica y acreditar haber tomado al menos un curso&nbsp;de generaci\u00f3n de capacidades para el autoconsumo. Prohibido el consumo de bebidas alcoh\u00f3licas en esas cooperativas. No m\u00e1s de 480 gramos al a\u00f1o por socio.<\/li><\/ul>\n\n\n\n<ul class=\"wp-block-list\"><li><em>Uso cient\u00edfico y de investigaci\u00f3n<\/em>:&nbsp;se deber\u00eda contar con un protocolo de investigaci\u00f3n autorizado, cumplir con las disposiciones ordenadas en los reglamentos del mismo y con las que estableciera la legislaci\u00f3n vigente que no contraviniera la ley. Los medicamentos derivados de cannabis solo podr\u00edan anunciarse o promocionarse en publicaciones de car\u00e1cter cient\u00edfico o t\u00e9cnico, dirigidos al cuerpo m\u00e9dico o veterinario.<\/li><li><em>Uso comercial<\/em>: estar\u00eda permitido mientras se realizara en el marco de la ley y con la autorizaci\u00f3n previa de las autoridades. Los requisitos para obtener licencia con fines comerciales estar\u00edan determinados por su uso: farmac\u00e9utico, terap\u00e9utico, paliativo, herbolario, adulto o industrial.<\/li><\/ul>\n\n\n\n<p>La aplicaci\u00f3n de estas normas traer\u00eda consigo la creaci\u00f3n del Instituto Mexicano de Regulaci\u00f3n y Control de Cannabis (IMRCC), un<strong>&nbsp;\u00f3rgano independiente<\/strong>&nbsp;de la Secretar\u00eda de Salud que se encargar\u00eda de regular, reglamentar, supervisar, sancionar y evaluar el sistema, as\u00ed como de registrar el padr\u00f3n de productores.<\/p>\n\n\n\n<p>En contraposici\u00f3n, la ley perseguir\u00eda a todos aquellos que proporcionasen de alguna manera cannabis a menores de edad. Adem\u00e1s, estar\u00eda totalmente prohibido manejar maquinaria o conducir bajo lsus efectos.<\/p>\n\n\n\n<p>El cambio regulatorio ha venido acompa\u00f1ado de un cambio en la jurisprudencia, admitiendo los recursos de amparo de cinco ciudadanos en la sala primera de la Suprema Corte. Estos fallos obligaron a la&nbsp;<a href=\"https:\/\/www.gob.mx\/cofepris\">Comisi\u00f3n Federal para la Protecci\u00f3n contra Riesgos Sanitarios<\/a>&nbsp;(COFEPRIS) a establecer unos&nbsp;<a href=\"http:\/\/sipot.cofepris.gob.mx\/Archivos\/juridico\/sol\/lineamientoscannabis.pdf\">Lineamientos en materia de Control Sanitario de la Cannabis<\/a>,&nbsp;una norma que corre paralela a los planteamientos del Partido Morena que comentamos al principio.<\/p>\n","protected":false},"excerpt":{"rendered":"<span class=\"span-reading-time rt-reading-time\" style=\"display: block;\"><span class=\"rt-label rt-prefix\">Tiempo de lectura:<\/span> <span class=\"rt-time\"> 4<\/span> <span class=\"rt-label rt-postfix\">minutos<\/span><\/span>Benito D\u00edaz El Partido Morena de&nbsp;Andr\u00e9s Manuel L\u00f3pez Obrador&nbsp;&nbsp;lanza una propuesta de legalizaci\u00f3n de la planta tras admitir&nbsp;el Tribunal Supremo&nbsp;de Justicia los amparos que sientan jurisprudencia.&nbsp;La naci\u00f3n latinoamericana, a pocos meses de discutir y quiz\u00e1s aprobar el autocultivo, la venta y el consumo de cannabis. \u00a1Viva M\u00e9xico, cabrones! Los consumidores mexicanos est\u00e1n de enhorabuena. Hace [&hellip;]","protected":false},"author":1,"featured_media":2203,"comment_status":"closed","ping_status":"closed","sticky":false,"template":"","format":"standard","meta":{"loftocean-featured-post":"","loftocean_post_format_gallery":"","loftocean_post_format_gallery_ids":"","loftocean_post_format_gallery_urls":"","loftocean_post_format_video_id":"","loftocean_post_format_video_url":"","loftocean_post_format_video_type":"","loftocean_post_format_video":"","loftocean_post_format_audio_type":"","loftocean_post_format_audio_url":"","loftocean_post_format_audio_id":"","loftocean_post_format_audio":"","loftocean_post_format_quote_text":"","loftocean_post_format_quote_byline":"","loftocean_post_format_link_text":"","loftocean_post_format_link_url":"","ceramag_post_header_style":"","ceramag_enable_background_video":"","ceramag_show_in_top_slider":"","ceramag_post_background_video_start":"","ceramag_post_background_video_end":"","loftocean_page_background_video_id":"","loftocean_page_background_video_url":"","loftocean_page_background_video_type":"","loftocean_page_background_video":"","ceramag_background_video_start":"","ceramag_background_video_end":"","ceramag_single_page_hide_header":"","footnotes":""},"categories":[35],"tags":[43,41,690,461,54,657,741,40,393,798,42,658,59,56,792,537,731],"class_list":["post-2202","post","type-post","status-publish","format-standard","has-post-thumbnail","hentry","category-politica-y-sociedad","tag-benito-diaz","tag-cannabis","tag-guerra-contra-las-drogas","tag-guerracontralasdrogas","tag-legalizacion","tag-legislacion","tag-leyes","tag-marihuana","tag-mexico","tag-narcotrafico","tag-politica","tag-prohibicion","tag-prohibicionismo","tag-regulacion-cannabis","tag-regulacion-del-cannabis","tag-regulacion-integral-del-cannabis","tag-war-on-drugs"],"yoast_head":"<!-- This site is optimized with the Yoast SEO plugin v24.9 - https:\/\/yoast.com\/wordpress\/plugins\/seo\/ -->\n<title>M\u00e9xico lucha por la legalizaci\u00f3n del Cannabis<\/title>\n<meta name=\"description\" content=\"Entrada &#8226; Portal multimedia sobre cannabis y otras sustancias &#8226; 19 noviembre, 2018\" \/>\n<meta name=\"robots\" content=\"index, follow, max-snippet:-1, max-image-preview:large, max-video-preview:-1\" \/>\n<link rel=\"canonical\" href=\"https:\/\/www.cannabis.es\/pw\/2018\/11\/19\/mexico-lucha-por-la-legalizacion-del-cannabis\/\" \/>\n<meta name=\"twitter:card\" content=\"summary_large_image\" \/>\n<meta name=\"twitter:title\" content=\"M\u00e9xico lucha por la legalizaci\u00f3n del Cannabis\" \/>\n<meta name=\"twitter:description\" content=\"Entrada &#8226; Portal multimedia sobre cannabis y otras sustancias &#8226; 19 noviembre, 2018\" \/>\n<meta name=\"twitter:image\" content=\"https:\/\/www.cannabis.es\/pw\/wp-content\/uploads\/2020\/05\/riego.jpg\" \/>\n<meta name=\"twitter:creator\" content=\"@cannabis_es\" \/>\n<meta name=\"twitter:site\" content=\"@cannabis_es\" \/>\n<meta name=\"twitter:label1\" content=\"Escrito por\" \/>\n\t<meta name=\"twitter:data1\" content=\"Cannabis.es\" \/>\n\t<meta name=\"twitter:label2\" content=\"Tiempo de lectura\" \/>\n\t<meta name=\"twitter:data2\" content=\"6 minutos\" \/>\n<script type=\"application\/ld+json\" class=\"yoast-schema-graph\">{\"@context\":\"https:\/\/schema.org\",\"@graph\":[{\"@type\":\"Article\",\"@id\":\"https:\/\/www.cannabis.es\/pw\/2018\/11\/19\/mexico-lucha-por-la-legalizacion-del-cannabis\/#article\",\"isPartOf\":{\"@id\":\"https:\/\/www.cannabis.es\/pw\/2018\/11\/19\/mexico-lucha-por-la-legalizacion-del-cannabis\/\"},\"author\":{\"name\":\"Cannabis.es\",\"@id\":\"https:\/\/www.cannabis.es\/pw\/#\/schema\/person\/e2fbd204580cf4fe74c79b82bc447374\"},\"headline\":\"M\u00e9xico lucha por la legalizaci\u00f3n del Cannabis\",\"datePublished\":\"2018-11-19T11:31:47+00:00\",\"dateModified\":\"2020-09-04T11:21:25+00:00\",\"mainEntityOfPage\":{\"@id\":\"https:\/\/www.cannabis.es\/pw\/2018\/11\/19\/mexico-lucha-por-la-legalizacion-del-cannabis\/\"},\"wordCount\":1213,\"publisher\":{\"@id\":\"https:\/\/www.cannabis.es\/pw\/#organization\"},\"image\":{\"@id\":\"https:\/\/www.cannabis.es\/pw\/2018\/11\/19\/mexico-lucha-por-la-legalizacion-del-cannabis\/#primaryimage\"},\"thumbnailUrl\":\"https:\/\/www.cannabis.es\/pw\/wp-content\/uploads\/2020\/05\/riego.jpg\",\"keywords\":[\"Benito D\u00edaz\",\"cannabis\",\"guerra contra las drogas\",\"guerracontralasdrogas\",\"legalizaci\u00f3n\",\"legislaci\u00f3n\",\"leyes\",\"marihuana\",\"m\u00e9xico\",\"narcotr\u00e1fico\",\"pol\u00edtica\",\"prohibici\u00f3n\",\"prohibicionismo\",\"regulaci\u00f3n cannabis\",\"regulaci\u00f3n del cannabis\",\"regulaci\u00f3n integral del cannabis\",\"war on drugs\"],\"articleSection\":[\"Pol\u00edtica y Sociedad\"],\"inLanguage\":\"es\"},{\"@type\":\"WebPage\",\"@id\":\"https:\/\/www.cannabis.es\/pw\/2018\/11\/19\/mexico-lucha-por-la-legalizacion-del-cannabis\/\",\"url\":\"https:\/\/www.cannabis.es\/pw\/2018\/11\/19\/mexico-lucha-por-la-legalizacion-del-cannabis\/\",\"name\":\"M\u00e9xico lucha por la legalizaci\u00f3n del Cannabis\",\"isPartOf\":{\"@id\":\"https:\/\/www.cannabis.es\/pw\/#website\"},\"primaryImageOfPage\":{\"@id\":\"https:\/\/www.cannabis.es\/pw\/2018\/11\/19\/mexico-lucha-por-la-legalizacion-del-cannabis\/#primaryimage\"},\"image\":{\"@id\":\"https:\/\/www.cannabis.es\/pw\/2018\/11\/19\/mexico-lucha-por-la-legalizacion-del-cannabis\/#primaryimage\"},\"thumbnailUrl\":\"https:\/\/www.cannabis.es\/pw\/wp-content\/uploads\/2020\/05\/riego.jpg\",\"datePublished\":\"2018-11-19T11:31:47+00:00\",\"dateModified\":\"2020-09-04T11:21:25+00:00\",\"description\":\"Entrada &#8226; Portal multimedia sobre cannabis y otras sustancias &#8226; 19 noviembre, 2018\",\"breadcrumb\":{\"@id\":\"https:\/\/www.cannabis.es\/pw\/2018\/11\/19\/mexico-lucha-por-la-legalizacion-del-cannabis\/#breadcrumb\"},\"inLanguage\":\"es\",\"potentialAction\":[{\"@type\":\"ReadAction\",\"target\":[\"https:\/\/www.cannabis.es\/pw\/2018\/11\/19\/mexico-lucha-por-la-legalizacion-del-cannabis\/\"]}]},{\"@type\":\"ImageObject\",\"inLanguage\":\"es\",\"@id\":\"https:\/\/www.cannabis.es\/pw\/2018\/11\/19\/mexico-lucha-por-la-legalizacion-del-cannabis\/#primaryimage\",\"url\":\"https:\/\/www.cannabis.es\/pw\/wp-content\/uploads\/2020\/05\/riego.jpg\",\"contentUrl\":\"https:\/\/www.cannabis.es\/pw\/wp-content\/uploads\/2020\/05\/riego.jpg\",\"width\":959,\"height\":475},{\"@type\":\"BreadcrumbList\",\"@id\":\"https:\/\/www.cannabis.es\/pw\/2018\/11\/19\/mexico-lucha-por-la-legalizacion-del-cannabis\/#breadcrumb\",\"itemListElement\":[{\"@type\":\"ListItem\",\"position\":1,\"name\":\"Portada\",\"item\":\"http:\/\/www.cannabis.es\/pw\/\"},{\"@type\":\"ListItem\",\"position\":2,\"name\":\"M\u00e9xico lucha por la legalizaci\u00f3n del Cannabis\"}]},{\"@type\":\"WebSite\",\"@id\":\"https:\/\/www.cannabis.es\/pw\/#website\",\"url\":\"https:\/\/www.cannabis.es\/pw\/\",\"name\":\"Cannabis\",\"description\":\"Portal multimedia sobre cannabis y otras sustancias\",\"publisher\":{\"@id\":\"https:\/\/www.cannabis.es\/pw\/#organization\"},\"potentialAction\":[{\"@type\":\"SearchAction\",\"target\":{\"@type\":\"EntryPoint\",\"urlTemplate\":\"https:\/\/www.cannabis.es\/pw\/?s={search_term_string}\"},\"query-input\":{\"@type\":\"PropertyValueSpecification\",\"valueRequired\":true,\"valueName\":\"search_term_string\"}}],\"inLanguage\":\"es\"},{\"@type\":\"Organization\",\"@id\":\"https:\/\/www.cannabis.es\/pw\/#organization\",\"name\":\"Cannabis.es\",\"url\":\"https:\/\/www.cannabis.es\/pw\/\",\"logo\":{\"@type\":\"ImageObject\",\"inLanguage\":\"es\",\"@id\":\"https:\/\/www.cannabis.es\/pw\/#\/schema\/logo\/image\/\",\"url\":\"https:\/\/www.cannabis.es\/pw\/wp-content\/uploads\/2019\/04\/cropped-logo_cannabis.png\",\"contentUrl\":\"https:\/\/www.cannabis.es\/pw\/wp-content\/uploads\/2019\/04\/cropped-logo_cannabis.png\",\"width\":361,\"height\":120,\"caption\":\"Cannabis.es\"},\"image\":{\"@id\":\"https:\/\/www.cannabis.es\/pw\/#\/schema\/logo\/image\/\"},\"sameAs\":[\"https:\/\/x.com\/cannabis_es\"]},{\"@type\":\"Person\",\"@id\":\"https:\/\/www.cannabis.es\/pw\/#\/schema\/person\/e2fbd204580cf4fe74c79b82bc447374\",\"name\":\"Cannabis.es\",\"image\":{\"@type\":\"ImageObject\",\"inLanguage\":\"es\",\"@id\":\"https:\/\/www.cannabis.es\/pw\/#\/schema\/person\/image\/\",\"url\":\"https:\/\/secure.gravatar.com\/avatar\/4375b1eb6e272e2e48a4b8a8def52e5f208151f555bb5906da616906ee6dd2e8?s=96&d=mm&r=g\",\"contentUrl\":\"https:\/\/secure.gravatar.com\/avatar\/4375b1eb6e272e2e48a4b8a8def52e5f208151f555bb5906da616906ee6dd2e8?s=96&d=mm&r=g\",\"caption\":\"Cannabis.es\"},\"url\":\"https:\/\/www.cannabis.es\/pw\/author\/cannabis\/\"}]}<\/script>\n<!-- \/ Yoast SEO plugin. -->","yoast_head_json":{"title":"M\u00e9xico lucha por la legalizaci\u00f3n del Cannabis","description":"Entrada &#8226; Portal multimedia sobre cannabis y otras sustancias &#8226; 19 noviembre, 2018","robots":{"index":"index","follow":"follow","max-snippet":"max-snippet:-1","max-image-preview":"max-image-preview:large","max-video-preview":"max-video-preview:-1"},"canonical":"https:\/\/www.cannabis.es\/pw\/2018\/11\/19\/mexico-lucha-por-la-legalizacion-del-cannabis\/","twitter_card":"summary_large_image","twitter_title":"M\u00e9xico lucha por la legalizaci\u00f3n del Cannabis","twitter_description":"Entrada &#8226; Portal multimedia sobre cannabis y otras sustancias &#8226; 19 noviembre, 2018","twitter_image":"https:\/\/www.cannabis.es\/pw\/wp-content\/uploads\/2020\/05\/riego.jpg","twitter_creator":"@cannabis_es","twitter_site":"@cannabis_es","twitter_misc":{"Escrito por":"Cannabis.es","Tiempo de lectura":"6 minutos"},"schema":{"@context":"https:\/\/schema.org","@graph":[{"@type":"Article","@id":"https:\/\/www.cannabis.es\/pw\/2018\/11\/19\/mexico-lucha-por-la-legalizacion-del-cannabis\/#article","isPartOf":{"@id":"https:\/\/www.cannabis.es\/pw\/2018\/11\/19\/mexico-lucha-por-la-legalizacion-del-cannabis\/"},"author":{"name":"Cannabis.es","@id":"https:\/\/www.cannabis.es\/pw\/#\/schema\/person\/e2fbd204580cf4fe74c79b82bc447374"},"headline":"M\u00e9xico lucha por la legalizaci\u00f3n del Cannabis","datePublished":"2018-11-19T11:31:47+00:00","dateModified":"2020-09-04T11:21:25+00:00","mainEntityOfPage":{"@id":"https:\/\/www.cannabis.es\/pw\/2018\/11\/19\/mexico-lucha-por-la-legalizacion-del-cannabis\/"},"wordCount":1213,"publisher":{"@id":"https:\/\/www.cannabis.es\/pw\/#organization"},"image":{"@id":"https:\/\/www.cannabis.es\/pw\/2018\/11\/19\/mexico-lucha-por-la-legalizacion-del-cannabis\/#primaryimage"},"thumbnailUrl":"https:\/\/www.cannabis.es\/pw\/wp-content\/uploads\/2020\/05\/riego.jpg","keywords":["Benito D\u00edaz","cannabis","guerra contra las drogas","guerracontralasdrogas","legalizaci\u00f3n","legislaci\u00f3n","leyes","marihuana","m\u00e9xico","narcotr\u00e1fico","pol\u00edtica","prohibici\u00f3n","prohibicionismo","regulaci\u00f3n cannabis","regulaci\u00f3n del cannabis","regulaci\u00f3n integral del cannabis","war on drugs"],"articleSection":["Pol\u00edtica y Sociedad"],"inLanguage":"es"},{"@type":"WebPage","@id":"https:\/\/www.cannabis.es\/pw\/2018\/11\/19\/mexico-lucha-por-la-legalizacion-del-cannabis\/","url":"https:\/\/www.cannabis.es\/pw\/2018\/11\/19\/mexico-lucha-por-la-legalizacion-del-cannabis\/","name":"M\u00e9xico lucha por la legalizaci\u00f3n del Cannabis","isPartOf":{"@id":"https:\/\/www.cannabis.es\/pw\/#website"},"primaryImageOfPage":{"@id":"https:\/\/www.cannabis.es\/pw\/2018\/11\/19\/mexico-lucha-por-la-legalizacion-del-cannabis\/#primaryimage"},"image":{"@id":"https:\/\/www.cannabis.es\/pw\/2018\/11\/19\/mexico-lucha-por-la-legalizacion-del-cannabis\/#primaryimage"},"thumbnailUrl":"https:\/\/www.cannabis.es\/pw\/wp-content\/uploads\/2020\/05\/riego.jpg","datePublished":"2018-11-19T11:31:47+00:00","dateModified":"2020-09-04T11:21:25+00:00","description":"Entrada &#8226; Portal multimedia sobre cannabis y otras sustancias &#8226; 19 noviembre, 2018","breadcrumb":{"@id":"https:\/\/www.cannabis.es\/pw\/2018\/11\/19\/mexico-lucha-por-la-legalizacion-del-cannabis\/#breadcrumb"},"inLanguage":"es","potentialAction":[{"@type":"ReadAction","target":["https:\/\/www.cannabis.es\/pw\/2018\/11\/19\/mexico-lucha-por-la-legalizacion-del-cannabis\/"]}]},{"@type":"ImageObject","inLanguage":"es","@id":"https:\/\/www.cannabis.es\/pw\/2018\/11\/19\/mexico-lucha-por-la-legalizacion-del-cannabis\/#primaryimage","url":"https:\/\/www.cannabis.es\/pw\/wp-content\/uploads\/2020\/05\/riego.jpg","contentUrl":"https:\/\/www.cannabis.es\/pw\/wp-content\/uploads\/2020\/05\/riego.jpg","width":959,"height":475},{"@type":"BreadcrumbList","@id":"https:\/\/www.cannabis.es\/pw\/2018\/11\/19\/mexico-lucha-por-la-legalizacion-del-cannabis\/#breadcrumb","itemListElement":[{"@type":"ListItem","position":1,"name":"Portada","item":"http:\/\/www.cannabis.es\/pw\/"},{"@type":"ListItem","position":2,"name":"M\u00e9xico lucha por la legalizaci\u00f3n del Cannabis"}]},{"@type":"WebSite","@id":"https:\/\/www.cannabis.es\/pw\/#website","url":"https:\/\/www.cannabis.es\/pw\/","name":"Cannabis","description":"Portal multimedia sobre cannabis y otras sustancias","publisher":{"@id":"https:\/\/www.cannabis.es\/pw\/#organization"},"potentialAction":[{"@type":"SearchAction","target":{"@type":"EntryPoint","urlTemplate":"https:\/\/www.cannabis.es\/pw\/?s={search_term_string}"},"query-input":{"@type":"PropertyValueSpecification","valueRequired":true,"valueName":"search_term_string"}}],"inLanguage":"es"},{"@type":"Organization","@id":"https:\/\/www.cannabis.es\/pw\/#organization","name":"Cannabis.es","url":"https:\/\/www.cannabis.es\/pw\/","logo":{"@type":"ImageObject","inLanguage":"es","@id":"https:\/\/www.cannabis.es\/pw\/#\/schema\/logo\/image\/","url":"https:\/\/www.cannabis.es\/pw\/wp-content\/uploads\/2019\/04\/cropped-logo_cannabis.png","contentUrl":"https:\/\/www.cannabis.es\/pw\/wp-content\/uploads\/2019\/04\/cropped-logo_cannabis.png","width":361,"height":120,"caption":"Cannabis.es"},"image":{"@id":"https:\/\/www.cannabis.es\/pw\/#\/schema\/logo\/image\/"},"sameAs":["https:\/\/x.com\/cannabis_es"]},{"@type":"Person","@id":"https:\/\/www.cannabis.es\/pw\/#\/schema\/person\/e2fbd204580cf4fe74c79b82bc447374","name":"Cannabis.es","image":{"@type":"ImageObject","inLanguage":"es","@id":"https:\/\/www.cannabis.es\/pw\/#\/schema\/person\/image\/","url":"https:\/\/secure.gravatar.com\/avatar\/4375b1eb6e272e2e48a4b8a8def52e5f208151f555bb5906da616906ee6dd2e8?s=96&d=mm&r=g","contentUrl":"https:\/\/secure.gravatar.com\/avatar\/4375b1eb6e272e2e48a4b8a8def52e5f208151f555bb5906da616906ee6dd2e8?s=96&d=mm&r=g","caption":"Cannabis.es"},"url":"https:\/\/www.cannabis.es\/pw\/author\/cannabis\/"}]}},"_links":{"self":[{"href":"https:\/\/www.cannabis.es\/pw\/wp-json\/wp\/v2\/posts\/2202","targetHints":{"allow":["GET"]}}],"collection":[{"href":"https:\/\/www.cannabis.es\/pw\/wp-json\/wp\/v2\/posts"}],"about":[{"href":"https:\/\/www.cannabis.es\/pw\/wp-json\/wp\/v2\/types\/post"}],"author":[{"embeddable":true,"href":"https:\/\/www.cannabis.es\/pw\/wp-json\/wp\/v2\/users\/1"}],"replies":[{"embeddable":true,"href":"https:\/\/www.cannabis.es\/pw\/wp-json\/wp\/v2\/comments?post=2202"}],"version-history":[{"count":3,"href":"https:\/\/www.cannabis.es\/pw\/wp-json\/wp\/v2\/posts\/2202\/revisions"}],"predecessor-version":[{"id":6000,"href":"https:\/\/www.cannabis.es\/pw\/wp-json\/wp\/v2\/posts\/2202\/revisions\/6000"}],"wp:featuredmedia":[{"embeddable":true,"href":"https:\/\/www.cannabis.es\/pw\/wp-json\/wp\/v2\/media\/2203"}],"wp:attachment":[{"href":"https:\/\/www.cannabis.es\/pw\/wp-json\/wp\/v2\/media?parent=2202"}],"wp:term":[{"taxonomy":"category","embeddable":true,"href":"https:\/\/www.cannabis.es\/pw\/wp-json\/wp\/v2\/categories?post=2202"},{"taxonomy":"post_tag","embeddable":true,"href":"https:\/\/www.cannabis.es\/pw\/wp-json\/wp\/v2\/tags?post=2202"}],"curies":[{"name":"wp","href":"https:\/\/api.w.org\/{rel}","templated":true}]}}