{"id":2205,"date":"2018-11-16T12:34:11","date_gmt":"2018-11-16T11:34:11","guid":{"rendered":"http:\/\/www.cannabis.es\/pw\/?p=2205"},"modified":"2020-09-04T13:21:33","modified_gmt":"2020-09-04T11:21:33","slug":"el-15-de-noviembre-dia-mundial-de-la-marihuana-medicinal","status":"publish","type":"post","link":"https:\/\/www.cannabis.es\/pw\/2018\/11\/16\/el-15-de-noviembre-dia-mundial-de-la-marihuana-medicinal\/","title":{"rendered":"El 15 de Noviembre, D\u00eda Mundial de la Marihuana Medicinal"},"content":{"rendered":"\n<p>Benito D\u00edaz<\/p>\n\n\n\n<p>Cientos de miles de enfermos se benefician de los efectos terap\u00e9uticos del cannabis. Pero, \u00bfpor qu\u00e9 el 15 de noviembre es el D\u00eda Mundial de la Marihuana Medicinal? &nbsp;\u00bfEn qu\u00e9 pa\u00edses est\u00e1 permitida la investigaci\u00f3n m\u00e9dica?&nbsp;La Marihuana medicinal ha venido para quedarse.<\/p>\n\n\n\n<hr class=\"wp-block-separator\"\/>\n\n\n\n<p>Las aplicaciones del cannabis en el \u00e1mbito de la salud son bien conocidas desde tiempos inmemoriales. Aceptadas en la medicina oriental tradicional,&nbsp;<strong>solo en las \u00faltimas d\u00e9cadas la planta ha sido analizada cient\u00edficamente<\/strong>, lo que ha llevado a la demostraci\u00f3n de los efectos beneficiosos de los cannabinoides en el tratamiento de enfermedades graves, como la esclerosis m\u00faltiple, el efecto antitumoral en el glioblastoma, su combinaci\u00f3n efectiva en tratamientos con quimioterapia, glaucoma, trastorno de estr\u00e9s postraum\u00e1tico, terapias antiinflamatorias, antioxidantes\u2026<\/p>\n\n\n\n<p>La elaboraci\u00f3n de f\u00e1rmacos derivados del cannabis es un hecho que ya est\u00e1 aliviando los s\u00edntomas de personas enfermas en muchos pa\u00edses a alrededor del mundo.<\/p>\n\n\n\n<blockquote class=\"wp-block-quote is-layout-flow wp-block-quote-is-layout-flow\"><p>&lt;&lt;&nbsp;La legalizaci\u00f3n de la Marihuana terap\u00e9utica avanza inexorable, pero \u00bfpor qu\u00e9 se celebra el 15 de noviembre?&nbsp;&gt;&gt;<\/p><\/blockquote>\n\n\n\n<h3 class=\"wp-block-heading\"><strong>Historia<\/strong><\/h3>\n\n\n\n<p>En&nbsp;<strong>1994<\/strong>&nbsp;se produjeron una serie de acontecimientos que determinaron la elecci\u00f3n de la fecha. El 11 de septiembre de aquel a\u00f1o, la Organizaci\u00f3n Nacional para la Reforma de las Leyes de la Marihuana (NORML por sus siglas en ingl\u00e9s) anunci\u00f3 su nueva junta directiva. Este organismo, creado en 1970 en Washington, impuls\u00f3 desde el principio la participaci\u00f3n ciudadana en la derogaci\u00f3n de la prohibici\u00f3n del cannabis. La nueva direcci\u00f3n contaba con la participaci\u00f3n de cient\u00edficos e incluso de un premio Nobel (Kary Mullis, 1993 Qu\u00edmica). Algunos miembros c\u00e9lebres de NORML son Willie Nelson, Woody Harrelson, Greta Gaines, Tommy Chong o Hunter S. Thompson.<\/p>\n\n\n\n<p>El 17 de septiembre se produjo la quinta<strong>&nbsp;marcha<\/strong>&nbsp;de NORML&nbsp;<strong>a favor de la legalizaci\u00f3n de la marihuana<\/strong>&nbsp;<strong>en Boston<\/strong>. Los peri\u00f3dicos se hicieron eco de la noticia, recalcando el hecho de que la legalizaci\u00f3n de la marihuana medicinal se estaba retrasando.<\/p>\n\n\n\n<p>Mientras, en inglaterra, el d\u00eda 19 de septiembre se elevaba la decisi\u00f3n de los liberales dem\u00f3cratas para ser el primer partido pol\u00edtico en la historia de UK que apoyaba la legalizaci\u00f3n del cannabis.&nbsp;<strong>En Canad\u00e1 se produce una manifestaci\u00f3n pro legalizaci\u00f3n<\/strong>&nbsp;en Place Berri, Montreal. La Liga Antiprohibicionista de Quebec moviliza a m\u00e1s de 500 personas. Siete de ellas son detenidas por la polic\u00eda y acusadas de posesi\u00f3n. Es el d\u00eda 2 de Octubre. D\u00edas m\u00e1s tarde, la Secci\u00f3n 462.2 del C\u00f3digo Penal Canadiense fue anulada por la jueza Ellen MacDonald, por ser inconstitucional. Esta secci\u00f3n era una ley de censura que prohib\u00eda la publicidad pro cannabis y cualquier otra literatura o parafernalia. El caso fue presentado por Umberto Iorfida, portavoz de Canad\u00e1 NORML.<\/p>\n\n\n\n<p><strong>La ola se extendi\u00f3 hasta llegar a Australia<\/strong>, donde HEMP Australia y NORML Australia llevaron a cabo movilizaciones por las siete ciudades m\u00e1s importantes del pa\u00eds. Un representante declar\u00f3 que el estudio llevado a cabo por el Grupo de Trabajo Nacional sobre el Cannabis pon\u00eda de manifiesto que las leyes de prohibici\u00f3n hab\u00edan fracasado y que un porcentaje del 75% de la poblaci\u00f3n estaba a favor de la despenalizaci\u00f3n y el autocultivo. Era 20 de octubre.<\/p>\n\n\n\n<p>El 1 de noviembre, el Tribunal Constitucional de<strong>&nbsp;Colombia abole la ley que prohib\u00eda la posesi\u00f3n<\/strong>&nbsp;de una onza (28,70g) de marihuana, hach\u00eds o coca\u00edna para autoconsumo, alegando el derecho de las personas al desarrollo personal. La venta contin\u00faa siendo ilegal.<\/p>\n\n\n\n<p>Llegado el d\u00eda, la Federaci\u00f3n de Cient\u00edficos Americanos (FAS) reclam\u00f3 al gobierno estadounidense una apertura legal hacia la investigaci\u00f3n cient\u00edfica en el campo terap\u00e9utico del cannabis. A su vez, y tomando en cuenta la larga cadena de sucesos relacionados,&nbsp;<strong>declaran la fecha del 15 de noviembre como D\u00eda Internacional del Cannabis Medicinal<\/strong>.<\/p>\n\n\n\n<h3 class=\"wp-block-heading\"><strong>Marihuana Medicinal en el Mundo<\/strong><\/h3>\n\n\n\n<p>Contando m\u00e1s de una veintena de pa\u00edses, la lista contin\u00faa aumentando. Sirva Uruguay como ejemplo, que abri\u00f3 la puerta a la legalizaci\u00f3n del cannabis en Latinoam\u00e9rica. Aunque este pa\u00eds cuenta con una legislaci\u00f3n espec\u00edfica sobre la marihuana, son muchos m\u00e1s los que solo permiten la investigaci\u00f3n terap\u00e9utica, dejando de lado los usos recreativos. Chile, Colombia, Israel, Dinamarca, Croacia y Reino Unido permiten su investigaci\u00f3n y la recomendaci\u00f3n en tratamientos m\u00e9dicos.<\/p>\n\n\n\n<p>Pa\u00edses tales como EEUU, Costa Rica, Australia, Canad\u00e1, Holanda, India, Jamaica, Portugal y Rep\u00fablica Checa, han aprobado leyes para la regulaci\u00f3n de cannabis medicinal y l\u00fadico. El \u00faltimo pa\u00eds en dar sus primeros pasos hacia la legalizaci\u00f3n m\u00e9dica y recreacional es M\u00e9xico, que actualmente estudia sus propuestas. Por \u00faltimo, Tailandia, pa\u00eds con largo historial de represi\u00f3n, ha anunciado recientemente su intenci\u00f3n de regular la marihuana medicinal.<\/p>\n\n\n\n<h3 class=\"wp-block-heading\"><strong>Espa\u00f1a<\/strong><\/h3>\n\n\n\n<p>Nuestro pa\u00eds se encuentra en este momento en un momento decisivo.&nbsp;<a href=\"http:\/\/www.cannabis.es\/pw\/2018\/10\/22\/hacia-una-regulacion-integral-del-cannabis-jornada-en-el-congreso-de-los-diputados\/\">Algunos partidos pol\u00edticos<\/a>&nbsp;han mostrado abiertamente su apoyo a la regularizaci\u00f3n integral, sin embargo, pocos son los pasos dados hist\u00f3ricamente por el gobierno.<\/p>\n\n\n\n<p>Ahora, la necesidad de implantar una norma que permita la investigaci\u00f3n y recomendaci\u00f3n m\u00e9dica del cannabis es un hecho palmario. Las enfermedades existen y los enfermos sufren dolores cr\u00f3nicos tratables por&nbsp;<a href=\"http:\/\/www.cannabis.es\/pw\/2018\/10\/29\/cannabis-droga-o-farmaco\/\">medio de tratamientos con cannabinoides.<\/a>&nbsp;El retraso en la adopci\u00f3n de medidas que permitan aliviar estos graves trastornos&nbsp;<strong>debe pesar en la administraci\u00f3n<\/strong>.<\/p>\n\n\n\n<p>En palabras del catedr\u00e1tico en bioqu\u00edmica y&nbsp;<a href=\"http:\/\/www.cannabis.es\/pw\/2017\/11\/21\/manuel-guzman-para-muchos-profesionales-el-sistema-endocannabinoide-es-un-gran-desconocido\/\">biolog\u00eda molecular, Manuel Guzm\u00e1n<\/a>:<\/p>\n\n\n\n<blockquote class=\"wp-block-quote is-layout-flow wp-block-quote-is-layout-flow\"><p><em>Podemos hablar del cannabis medicinal, de qu\u00e9 usos tiene, de qu\u00e9 nichos terap\u00e9uticos puede utilizar, de cu\u00e1les son las ventajas, inconvenientes, etc\u00e9tera\u2026 Pero sobre la&nbsp;aplicaci\u00f3n de una regulaci\u00f3n general, sobre el uso recreativo del cannabis, estoy a favor de eliminar estas&nbsp;pol\u00edticas prohibicionistas&nbsp;que tanto da\u00f1o han hecho a la humanidad. Propongo pasar a unas&nbsp;pol\u00edticas m\u00e1s abiertas, m\u00e1s educativas, m\u00e1s de la conciencia y de conocer qu\u00e9 propiedades, conocer los efectos que el cannabis produce sobre el cuerpo y proporcionar informaci\u00f3n rigurosa, sobre todo a los colectivos m\u00e1s vulnerables, como pueden ser los adolescentes.<\/em><\/p><\/blockquote>\n","protected":false},"excerpt":{"rendered":"<span class=\"span-reading-time rt-reading-time\" style=\"display: block;\"><span class=\"rt-label rt-prefix\">Tiempo de lectura:<\/span> <span class=\"rt-time\"> 4<\/span> <span class=\"rt-label rt-postfix\">minutos<\/span><\/span>Benito D\u00edaz Cientos de miles de enfermos se benefician de los efectos terap\u00e9uticos del cannabis. Pero, \u00bfpor qu\u00e9 el 15 de noviembre es el D\u00eda Mundial de la Marihuana Medicinal? &nbsp;\u00bfEn qu\u00e9 pa\u00edses est\u00e1 permitida la investigaci\u00f3n m\u00e9dica?&nbsp;La Marihuana medicinal ha venido para quedarse. Las aplicaciones del cannabis en el \u00e1mbito de la salud son [&hellip;]","protected":false},"author":1,"featured_media":2206,"comment_status":"closed","ping_status":"closed","sticky":false,"template":"","format":"standard","meta":{"loftocean-featured-post":"","loftocean_post_format_gallery":"","loftocean_post_format_gallery_ids":"","loftocean_post_format_gallery_urls":"","loftocean_post_format_video_id":"","loftocean_post_format_video_url":"","loftocean_post_format_video_type":"","loftocean_post_format_video":"","loftocean_post_format_audio_type":"","loftocean_post_format_audio_url":"","loftocean_post_format_audio_id":"","loftocean_post_format_audio":"","loftocean_post_format_quote_text":"","loftocean_post_format_quote_byline":"","loftocean_post_format_link_text":"","loftocean_post_format_link_url":"","ceramag_post_header_style":"","ceramag_enable_background_video":"","ceramag_show_in_top_slider":"","ceramag_post_background_video_start":"","ceramag_post_background_video_end":"","loftocean_page_background_video_id":"","loftocean_page_background_video_url":"","loftocean_page_background_video_type":"","loftocean_page_background_video":"","ceramag_background_video_start":"","ceramag_background_video_end":"","ceramag_single_page_hide_header":"","footnotes":""},"categories":[35],"tags":[801,43,52,802,800,799,676,675,539,751],"class_list":["post-2205","post","type-post","status-publish","format-standard","has-post-thumbnail","hentry","category-politica-y-sociedad","tag-15-de-noviembre","tag-benito-diaz","tag-cannabis-medicinal","tag-cannabis-terapeutico","tag-dia-mundial-de-la-marihuana-medicinal","tag-historia","tag-historia-de-la-marihuana","tag-historia-del-cannabis","tag-marihuana-medicinal","tag-marihuana-terapeutica"],"yoast_head":"<!-- This site is optimized with the Yoast SEO plugin v24.9 - https:\/\/yoast.com\/wordpress\/plugins\/seo\/ -->\n<title>El 15 de Noviembre, D\u00eda Mundial de la Marihuana Medicinal<\/title>\n<meta name=\"description\" content=\"Entrada &#8226; Portal multimedia sobre cannabis y otras sustancias &#8226; 16 noviembre, 2018\" \/>\n<meta name=\"robots\" content=\"index, follow, max-snippet:-1, max-image-preview:large, max-video-preview:-1\" \/>\n<link rel=\"canonical\" href=\"https:\/\/www.cannabis.es\/pw\/2018\/11\/16\/el-15-de-noviembre-dia-mundial-de-la-marihuana-medicinal\/\" \/>\n<meta name=\"twitter:card\" content=\"summary_large_image\" \/>\n<meta name=\"twitter:title\" content=\"El 15 de Noviembre, D\u00eda Mundial de la Marihuana Medicinal\" \/>\n<meta name=\"twitter:description\" content=\"Entrada &#8226; Portal multimedia sobre cannabis y otras sustancias &#8226; 16 noviembre, 2018\" \/>\n<meta name=\"twitter:image\" content=\"https:\/\/www.cannabis.es\/pw\/wp-content\/uploads\/2020\/05\/dia-mundial-cannabis-medicinal.jpg\" \/>\n<meta name=\"twitter:creator\" content=\"@cannabis_es\" \/>\n<meta name=\"twitter:site\" content=\"@cannabis_es\" \/>\n<meta name=\"twitter:label1\" content=\"Escrito por\" \/>\n\t<meta name=\"twitter:data1\" content=\"Cannabis.es\" \/>\n\t<meta name=\"twitter:label2\" content=\"Tiempo de lectura\" \/>\n\t<meta name=\"twitter:data2\" content=\"5 minutos\" \/>\n<script type=\"application\/ld+json\" class=\"yoast-schema-graph\">{\"@context\":\"https:\/\/schema.org\",\"@graph\":[{\"@type\":\"Article\",\"@id\":\"https:\/\/www.cannabis.es\/pw\/2018\/11\/16\/el-15-de-noviembre-dia-mundial-de-la-marihuana-medicinal\/#article\",\"isPartOf\":{\"@id\":\"https:\/\/www.cannabis.es\/pw\/2018\/11\/16\/el-15-de-noviembre-dia-mundial-de-la-marihuana-medicinal\/\"},\"author\":{\"name\":\"Cannabis.es\",\"@id\":\"https:\/\/www.cannabis.es\/pw\/#\/schema\/person\/e2fbd204580cf4fe74c79b82bc447374\"},\"headline\":\"El 15 de Noviembre, D\u00eda Mundial de la Marihuana Medicinal\",\"datePublished\":\"2018-11-16T11:34:11+00:00\",\"dateModified\":\"2020-09-04T11:21:33+00:00\",\"mainEntityOfPage\":{\"@id\":\"https:\/\/www.cannabis.es\/pw\/2018\/11\/16\/el-15-de-noviembre-dia-mundial-de-la-marihuana-medicinal\/\"},\"wordCount\":1092,\"publisher\":{\"@id\":\"https:\/\/www.cannabis.es\/pw\/#organization\"},\"image\":{\"@id\":\"https:\/\/www.cannabis.es\/pw\/2018\/11\/16\/el-15-de-noviembre-dia-mundial-de-la-marihuana-medicinal\/#primaryimage\"},\"thumbnailUrl\":\"https:\/\/www.cannabis.es\/pw\/wp-content\/uploads\/2020\/05\/dia-mundial-cannabis-medicinal.jpg\",\"keywords\":[\"15 de noviembre\",\"Benito D\u00edaz\",\"cannabis medicinal\",\"cannabis terap\u00e9utico\",\"D\u00eda Mundial de la Marihuana Medicinal\",\"historia\",\"historia de la marihuana\",\"historia del cannabis\",\"marihuana medicinal\",\"marihuana terap\u00e9utica\"],\"articleSection\":[\"Pol\u00edtica y Sociedad\"],\"inLanguage\":\"es\"},{\"@type\":\"WebPage\",\"@id\":\"https:\/\/www.cannabis.es\/pw\/2018\/11\/16\/el-15-de-noviembre-dia-mundial-de-la-marihuana-medicinal\/\",\"url\":\"https:\/\/www.cannabis.es\/pw\/2018\/11\/16\/el-15-de-noviembre-dia-mundial-de-la-marihuana-medicinal\/\",\"name\":\"El 15 de Noviembre, D\u00eda Mundial de la Marihuana Medicinal\",\"isPartOf\":{\"@id\":\"https:\/\/www.cannabis.es\/pw\/#website\"},\"primaryImageOfPage\":{\"@id\":\"https:\/\/www.cannabis.es\/pw\/2018\/11\/16\/el-15-de-noviembre-dia-mundial-de-la-marihuana-medicinal\/#primaryimage\"},\"image\":{\"@id\":\"https:\/\/www.cannabis.es\/pw\/2018\/11\/16\/el-15-de-noviembre-dia-mundial-de-la-marihuana-medicinal\/#primaryimage\"},\"thumbnailUrl\":\"https:\/\/www.cannabis.es\/pw\/wp-content\/uploads\/2020\/05\/dia-mundial-cannabis-medicinal.jpg\",\"datePublished\":\"2018-11-16T11:34:11+00:00\",\"dateModified\":\"2020-09-04T11:21:33+00:00\",\"description\":\"Entrada &#8226; Portal multimedia sobre cannabis y otras sustancias &#8226; 16 noviembre, 2018\",\"breadcrumb\":{\"@id\":\"https:\/\/www.cannabis.es\/pw\/2018\/11\/16\/el-15-de-noviembre-dia-mundial-de-la-marihuana-medicinal\/#breadcrumb\"},\"inLanguage\":\"es\",\"potentialAction\":[{\"@type\":\"ReadAction\",\"target\":[\"https:\/\/www.cannabis.es\/pw\/2018\/11\/16\/el-15-de-noviembre-dia-mundial-de-la-marihuana-medicinal\/\"]}]},{\"@type\":\"ImageObject\",\"inLanguage\":\"es\",\"@id\":\"https:\/\/www.cannabis.es\/pw\/2018\/11\/16\/el-15-de-noviembre-dia-mundial-de-la-marihuana-medicinal\/#primaryimage\",\"url\":\"https:\/\/www.cannabis.es\/pw\/wp-content\/uploads\/2020\/05\/dia-mundial-cannabis-medicinal.jpg\",\"contentUrl\":\"https:\/\/www.cannabis.es\/pw\/wp-content\/uploads\/2020\/05\/dia-mundial-cannabis-medicinal.jpg\",\"width\":959,\"height\":475},{\"@type\":\"BreadcrumbList\",\"@id\":\"https:\/\/www.cannabis.es\/pw\/2018\/11\/16\/el-15-de-noviembre-dia-mundial-de-la-marihuana-medicinal\/#breadcrumb\",\"itemListElement\":[{\"@type\":\"ListItem\",\"position\":1,\"name\":\"Portada\",\"item\":\"http:\/\/www.cannabis.es\/pw\/\"},{\"@type\":\"ListItem\",\"position\":2,\"name\":\"El 15 de Noviembre, D\u00eda Mundial de la Marihuana Medicinal\"}]},{\"@type\":\"WebSite\",\"@id\":\"https:\/\/www.cannabis.es\/pw\/#website\",\"url\":\"https:\/\/www.cannabis.es\/pw\/\",\"name\":\"Cannabis\",\"description\":\"Portal multimedia sobre cannabis y otras sustancias\",\"publisher\":{\"@id\":\"https:\/\/www.cannabis.es\/pw\/#organization\"},\"potentialAction\":[{\"@type\":\"SearchAction\",\"target\":{\"@type\":\"EntryPoint\",\"urlTemplate\":\"https:\/\/www.cannabis.es\/pw\/?s={search_term_string}\"},\"query-input\":{\"@type\":\"PropertyValueSpecification\",\"valueRequired\":true,\"valueName\":\"search_term_string\"}}],\"inLanguage\":\"es\"},{\"@type\":\"Organization\",\"@id\":\"https:\/\/www.cannabis.es\/pw\/#organization\",\"name\":\"Cannabis.es\",\"url\":\"https:\/\/www.cannabis.es\/pw\/\",\"logo\":{\"@type\":\"ImageObject\",\"inLanguage\":\"es\",\"@id\":\"https:\/\/www.cannabis.es\/pw\/#\/schema\/logo\/image\/\",\"url\":\"https:\/\/www.cannabis.es\/pw\/wp-content\/uploads\/2019\/04\/cropped-logo_cannabis.png\",\"contentUrl\":\"https:\/\/www.cannabis.es\/pw\/wp-content\/uploads\/2019\/04\/cropped-logo_cannabis.png\",\"width\":361,\"height\":120,\"caption\":\"Cannabis.es\"},\"image\":{\"@id\":\"https:\/\/www.cannabis.es\/pw\/#\/schema\/logo\/image\/\"},\"sameAs\":[\"https:\/\/x.com\/cannabis_es\"]},{\"@type\":\"Person\",\"@id\":\"https:\/\/www.cannabis.es\/pw\/#\/schema\/person\/e2fbd204580cf4fe74c79b82bc447374\",\"name\":\"Cannabis.es\",\"image\":{\"@type\":\"ImageObject\",\"inLanguage\":\"es\",\"@id\":\"https:\/\/www.cannabis.es\/pw\/#\/schema\/person\/image\/\",\"url\":\"https:\/\/secure.gravatar.com\/avatar\/4375b1eb6e272e2e48a4b8a8def52e5f208151f555bb5906da616906ee6dd2e8?s=96&d=mm&r=g\",\"contentUrl\":\"https:\/\/secure.gravatar.com\/avatar\/4375b1eb6e272e2e48a4b8a8def52e5f208151f555bb5906da616906ee6dd2e8?s=96&d=mm&r=g\",\"caption\":\"Cannabis.es\"},\"url\":\"https:\/\/www.cannabis.es\/pw\/author\/cannabis\/\"}]}<\/script>\n<!-- \/ Yoast SEO plugin. -->","yoast_head_json":{"title":"El 15 de Noviembre, D\u00eda Mundial de la Marihuana Medicinal","description":"Entrada &#8226; Portal multimedia sobre cannabis y otras sustancias &#8226; 16 noviembre, 2018","robots":{"index":"index","follow":"follow","max-snippet":"max-snippet:-1","max-image-preview":"max-image-preview:large","max-video-preview":"max-video-preview:-1"},"canonical":"https:\/\/www.cannabis.es\/pw\/2018\/11\/16\/el-15-de-noviembre-dia-mundial-de-la-marihuana-medicinal\/","twitter_card":"summary_large_image","twitter_title":"El 15 de Noviembre, D\u00eda Mundial de la Marihuana Medicinal","twitter_description":"Entrada &#8226; Portal multimedia sobre cannabis y otras sustancias &#8226; 16 noviembre, 2018","twitter_image":"https:\/\/www.cannabis.es\/pw\/wp-content\/uploads\/2020\/05\/dia-mundial-cannabis-medicinal.jpg","twitter_creator":"@cannabis_es","twitter_site":"@cannabis_es","twitter_misc":{"Escrito por":"Cannabis.es","Tiempo de lectura":"5 minutos"},"schema":{"@context":"https:\/\/schema.org","@graph":[{"@type":"Article","@id":"https:\/\/www.cannabis.es\/pw\/2018\/11\/16\/el-15-de-noviembre-dia-mundial-de-la-marihuana-medicinal\/#article","isPartOf":{"@id":"https:\/\/www.cannabis.es\/pw\/2018\/11\/16\/el-15-de-noviembre-dia-mundial-de-la-marihuana-medicinal\/"},"author":{"name":"Cannabis.es","@id":"https:\/\/www.cannabis.es\/pw\/#\/schema\/person\/e2fbd204580cf4fe74c79b82bc447374"},"headline":"El 15 de Noviembre, D\u00eda Mundial de la Marihuana Medicinal","datePublished":"2018-11-16T11:34:11+00:00","dateModified":"2020-09-04T11:21:33+00:00","mainEntityOfPage":{"@id":"https:\/\/www.cannabis.es\/pw\/2018\/11\/16\/el-15-de-noviembre-dia-mundial-de-la-marihuana-medicinal\/"},"wordCount":1092,"publisher":{"@id":"https:\/\/www.cannabis.es\/pw\/#organization"},"image":{"@id":"https:\/\/www.cannabis.es\/pw\/2018\/11\/16\/el-15-de-noviembre-dia-mundial-de-la-marihuana-medicinal\/#primaryimage"},"thumbnailUrl":"https:\/\/www.cannabis.es\/pw\/wp-content\/uploads\/2020\/05\/dia-mundial-cannabis-medicinal.jpg","keywords":["15 de noviembre","Benito D\u00edaz","cannabis medicinal","cannabis terap\u00e9utico","D\u00eda Mundial de la Marihuana Medicinal","historia","historia de la marihuana","historia del cannabis","marihuana medicinal","marihuana terap\u00e9utica"],"articleSection":["Pol\u00edtica y Sociedad"],"inLanguage":"es"},{"@type":"WebPage","@id":"https:\/\/www.cannabis.es\/pw\/2018\/11\/16\/el-15-de-noviembre-dia-mundial-de-la-marihuana-medicinal\/","url":"https:\/\/www.cannabis.es\/pw\/2018\/11\/16\/el-15-de-noviembre-dia-mundial-de-la-marihuana-medicinal\/","name":"El 15 de Noviembre, D\u00eda Mundial de la Marihuana Medicinal","isPartOf":{"@id":"https:\/\/www.cannabis.es\/pw\/#website"},"primaryImageOfPage":{"@id":"https:\/\/www.cannabis.es\/pw\/2018\/11\/16\/el-15-de-noviembre-dia-mundial-de-la-marihuana-medicinal\/#primaryimage"},"image":{"@id":"https:\/\/www.cannabis.es\/pw\/2018\/11\/16\/el-15-de-noviembre-dia-mundial-de-la-marihuana-medicinal\/#primaryimage"},"thumbnailUrl":"https:\/\/www.cannabis.es\/pw\/wp-content\/uploads\/2020\/05\/dia-mundial-cannabis-medicinal.jpg","datePublished":"2018-11-16T11:34:11+00:00","dateModified":"2020-09-04T11:21:33+00:00","description":"Entrada &#8226; Portal multimedia sobre cannabis y otras sustancias &#8226; 16 noviembre, 2018","breadcrumb":{"@id":"https:\/\/www.cannabis.es\/pw\/2018\/11\/16\/el-15-de-noviembre-dia-mundial-de-la-marihuana-medicinal\/#breadcrumb"},"inLanguage":"es","potentialAction":[{"@type":"ReadAction","target":["https:\/\/www.cannabis.es\/pw\/2018\/11\/16\/el-15-de-noviembre-dia-mundial-de-la-marihuana-medicinal\/"]}]},{"@type":"ImageObject","inLanguage":"es","@id":"https:\/\/www.cannabis.es\/pw\/2018\/11\/16\/el-15-de-noviembre-dia-mundial-de-la-marihuana-medicinal\/#primaryimage","url":"https:\/\/www.cannabis.es\/pw\/wp-content\/uploads\/2020\/05\/dia-mundial-cannabis-medicinal.jpg","contentUrl":"https:\/\/www.cannabis.es\/pw\/wp-content\/uploads\/2020\/05\/dia-mundial-cannabis-medicinal.jpg","width":959,"height":475},{"@type":"BreadcrumbList","@id":"https:\/\/www.cannabis.es\/pw\/2018\/11\/16\/el-15-de-noviembre-dia-mundial-de-la-marihuana-medicinal\/#breadcrumb","itemListElement":[{"@type":"ListItem","position":1,"name":"Portada","item":"http:\/\/www.cannabis.es\/pw\/"},{"@type":"ListItem","position":2,"name":"El 15 de Noviembre, D\u00eda Mundial de la Marihuana Medicinal"}]},{"@type":"WebSite","@id":"https:\/\/www.cannabis.es\/pw\/#website","url":"https:\/\/www.cannabis.es\/pw\/","name":"Cannabis","description":"Portal multimedia sobre cannabis y otras sustancias","publisher":{"@id":"https:\/\/www.cannabis.es\/pw\/#organization"},"potentialAction":[{"@type":"SearchAction","target":{"@type":"EntryPoint","urlTemplate":"https:\/\/www.cannabis.es\/pw\/?s={search_term_string}"},"query-input":{"@type":"PropertyValueSpecification","valueRequired":true,"valueName":"search_term_string"}}],"inLanguage":"es"},{"@type":"Organization","@id":"https:\/\/www.cannabis.es\/pw\/#organization","name":"Cannabis.es","url":"https:\/\/www.cannabis.es\/pw\/","logo":{"@type":"ImageObject","inLanguage":"es","@id":"https:\/\/www.cannabis.es\/pw\/#\/schema\/logo\/image\/","url":"https:\/\/www.cannabis.es\/pw\/wp-content\/uploads\/2019\/04\/cropped-logo_cannabis.png","contentUrl":"https:\/\/www.cannabis.es\/pw\/wp-content\/uploads\/2019\/04\/cropped-logo_cannabis.png","width":361,"height":120,"caption":"Cannabis.es"},"image":{"@id":"https:\/\/www.cannabis.es\/pw\/#\/schema\/logo\/image\/"},"sameAs":["https:\/\/x.com\/cannabis_es"]},{"@type":"Person","@id":"https:\/\/www.cannabis.es\/pw\/#\/schema\/person\/e2fbd204580cf4fe74c79b82bc447374","name":"Cannabis.es","image":{"@type":"ImageObject","inLanguage":"es","@id":"https:\/\/www.cannabis.es\/pw\/#\/schema\/person\/image\/","url":"https:\/\/secure.gravatar.com\/avatar\/4375b1eb6e272e2e48a4b8a8def52e5f208151f555bb5906da616906ee6dd2e8?s=96&d=mm&r=g","contentUrl":"https:\/\/secure.gravatar.com\/avatar\/4375b1eb6e272e2e48a4b8a8def52e5f208151f555bb5906da616906ee6dd2e8?s=96&d=mm&r=g","caption":"Cannabis.es"},"url":"https:\/\/www.cannabis.es\/pw\/author\/cannabis\/"}]}},"_links":{"self":[{"href":"https:\/\/www.cannabis.es\/pw\/wp-json\/wp\/v2\/posts\/2205","targetHints":{"allow":["GET"]}}],"collection":[{"href":"https:\/\/www.cannabis.es\/pw\/wp-json\/wp\/v2\/posts"}],"about":[{"href":"https:\/\/www.cannabis.es\/pw\/wp-json\/wp\/v2\/types\/post"}],"author":[{"embeddable":true,"href":"https:\/\/www.cannabis.es\/pw\/wp-json\/wp\/v2\/users\/1"}],"replies":[{"embeddable":true,"href":"https:\/\/www.cannabis.es\/pw\/wp-json\/wp\/v2\/comments?post=2205"}],"version-history":[{"count":3,"href":"https:\/\/www.cannabis.es\/pw\/wp-json\/wp\/v2\/posts\/2205\/revisions"}],"predecessor-version":[{"id":6001,"href":"https:\/\/www.cannabis.es\/pw\/wp-json\/wp\/v2\/posts\/2205\/revisions\/6001"}],"wp:featuredmedia":[{"embeddable":true,"href":"https:\/\/www.cannabis.es\/pw\/wp-json\/wp\/v2\/media\/2206"}],"wp:attachment":[{"href":"https:\/\/www.cannabis.es\/pw\/wp-json\/wp\/v2\/media?parent=2205"}],"wp:term":[{"taxonomy":"category","embeddable":true,"href":"https:\/\/www.cannabis.es\/pw\/wp-json\/wp\/v2\/categories?post=2205"},{"taxonomy":"post_tag","embeddable":true,"href":"https:\/\/www.cannabis.es\/pw\/wp-json\/wp\/v2\/tags?post=2205"}],"curies":[{"name":"wp","href":"https:\/\/api.w.org\/{rel}","templated":true}]}}