{"id":2211,"date":"2018-11-12T12:40:36","date_gmt":"2018-11-12T11:40:36","guid":{"rendered":"http:\/\/www.cannabis.es\/pw\/?p=2211"},"modified":"2020-09-04T13:22:03","modified_gmt":"2020-09-04T11:22:03","slug":"mama-cultiva-esperanza-medicinal-para-chile-y-argentina","status":"publish","type":"post","link":"https:\/\/www.cannabis.es\/pw\/2018\/11\/12\/mama-cultiva-esperanza-medicinal-para-chile-y-argentina\/","title":{"rendered":"Mam\u00e1 Cultiva: esperanza medicinal para Chile y Argentina"},"content":{"rendered":"\n<p>Benito D\u00edaz<\/p>\n\n\n\n<p>Cientos de mujeres latinoamericanas est\u00e1n unidas contra la prohibici\u00f3n del cannabis, ya que proporciona una terapia efectiva contra las enfermedades de sus hijos. Un reportaje sobre estas valientes.<\/p>\n\n\n\n<hr class=\"wp-block-separator\"\/>\n\n\n\n<p>La Organizaci\u00f3n No Gubernamental \u201cMam\u00e1 Cultiva\u201d nace en Chile durante el a\u00f1o 2012 de la mano de un numeroso grupo de madres que apuestan por la aplicaci\u00f3n de&nbsp;<strong>terapias con&nbsp;cannabis<\/strong>&nbsp;para aliviar las dolencias neurol\u00f3gicas de sus hijos menores. Este tratamiento trajo gran pol\u00e9mica y el debate alrededor de la necesidad de regular la marihuana como f\u00e1rmaco se puso sobre la mesa. Actualmente, la organizaci\u00f3n se puede encontrar funcionando en varios pa\u00edses de am\u00e9rica latina, tales como Brasil, Colombia, M\u00e9xico, Paraguay y Argentina, donde el a\u00f1o pasado el Senado aprob\u00f3 la<a href=\"http:\/\/www.cannabis.es\/pw\/2017\/04\/04\/argentina-reflexiones-sobre-la-nueva-ley-para-el-cannabis-medicinal\/\">&nbsp;Ley 27.350 que autoriza la marihuana para uso medicinal<\/a>.<\/p>\n\n\n\n<p>Sin embargo, Valeria Salech, representante de&nbsp;<a href=\"https:\/\/www.facebook.com\/mamacultivaargentina\/\">Mam\u00e1 Cultiva Argentina<\/a>,&nbsp;advierte en una entrevista a P\u00e1gina 12 que el panorama dista mucho de estar mejorando:<\/p>\n\n\n\n<blockquote class=\"wp-block-quote is-layout-flow wp-block-quote-is-layout-flow\"><p><em>\u201cSeguimos siendo criminales porque no se reglament\u00f3 el art\u00edculo 8 de la ley. Estamos peor que antes, porque hay m\u00e1s trabas para la importaci\u00f3n del aceite. Siguen persigui\u00e9ndonos, allanando nuestras casas y destruyendo nuestros cultivos y nuestro aceite.&nbsp;<\/em><em>En el dictamen que se aprob\u00f3, faltaban el tema del autocultivo y de los laboratorios para fabricar el aceite en el pa\u00eds. Despu\u00e9s de innumerables reuniones con diputados de Cambiemos, llegamos a una especie de compromiso. Nos planteaban que si el proyecto ten\u00eda la palabra \u2018autocultivo\u2019 no iba a pasar, que hab\u00eda que plantear otra cosa. Entonces encontramos una salida por el lado del art\u00edculo 5 de la ley 23.737, de estupefacientes\u201d.<\/em><\/p><\/blockquote>\n\n\n\n<h3 class=\"wp-block-heading\"><strong>Inicios en Argentina<\/strong><\/h3>\n\n\n\n<p>La asociaci\u00f3n, confesa como&nbsp;<em>\u201chija de la organizaci\u00f3n de mam\u00e1s de Chile y la&nbsp;<a href=\"http:\/\/www.cannabis.es\/pw\/2017\/09\/11\/visitamos-la-fundacion-daya-y-os-traemos-sabiduria-cannabica-desde-chile\/\">Fundaci\u00f3n Daya\u201d<\/a>,<\/em>&nbsp;y dirigida&nbsp;<a href=\"http:\/\/www.cannabis.es\/pw\/2017\/05\/03\/entrevista-a-la-fundadora-de-mama-cultiva-cannabis-empoderamiento-y-autocultivo\/\">por Paulina Bobadilla<\/a>, se hizo realidad en Marzo del a\u00f1o 2014. Como las compa\u00f1eras chilenas, Valeria cuenta que la fundaci\u00f3n de la ONG es fruto de&nbsp;<em>\u00abla desesperaci\u00f3n de un mont\u00f3n de madres de no encontrar en la medicina alop\u00e1tica, ninguna respuesta para sus hijos con encefalopat\u00edas\u00bb<\/em>.&nbsp;<a href=\"http:\/\/www.mamacultiva.org\/category\/testimonios2\/\">Los testimonios son<\/a>&nbsp;terribles: distintos tipos de epilepsia y c\u00f3cteles de f\u00e1rmacos que reduc\u00edan notablemente la calidad de vida de los ni\u00f1os. El proyecto se desarroll\u00f3 inicialmente en Buenos Aires, pero se repiti\u00f3 en varias localidades gracias a diversos talleres y charlas informativas, en las cuales las mam\u00e1s pudieron tomar contacto unas con otras, llevando la fitoterapia por todo el pa\u00eds.&nbsp;<em>\u00abA cada lugar donde fuimos, sembramos esta idea de colectivo de mujeres madres, atravesadas por una maternidad dolorosa y que necesitan unirse por un reclamo genuino, desde el amor\u00bb,<\/em>&nbsp;afirma Valeria en una entrevista concedida a Noticias RT.<\/p>\n\n\n\n<h3 class=\"wp-block-heading\"><strong>Cannabis Medicinal<\/strong><\/h3>\n\n\n\n<p>La&nbsp;<strong>e<\/strong><strong>pilepsia&nbsp;<\/strong><strong>r<\/strong><strong>efractaria<\/strong>&nbsp;suele estar tratada con combinaciones de f\u00e1rmacos muy potentes y que desembocan en efectos secundarios severos, que, a su vez, son tratados con otros medicamentos, entrando as\u00ed en un c\u00edrculo vicioso que rebaja notablemente la calidad de vida de los pacientes.&nbsp;<em>\u201cSedan a los pacientes de un modo que les deshumaniza. Es tan dr\u00e1stico que las personas no pueden leer, no pueden comunicarse, no pueden seguir una conversaci\u00f3n. Los medicamentos les rompen el h\u00edgado, generan cambios de personalidad y desnutrici\u00f3n, entre otros problemas. Con el cannabis, esto no pasa\u201d<\/em>&nbsp;declar\u00f3 Valeria.<\/p>\n\n\n\n<blockquote class=\"wp-block-quote is-layout-flow wp-block-quote-is-layout-flow\"><p><em>\u201cNo tiene efectos secundarios que hayamos podido comprobar. Sin embargo, nos consta, tenemos la experiencia emp\u00edrica, de que esta planta reduce las convulsiones, mejora las habilidades psicomotoras, favorece el desarrollo cognitivo, disminuye los niveles de violencia en los chicos que agreden y se autoagreden y mejora los ciclos de sue\u00f1o. La terapia con cannabis es una terapia natural, efectiva, econ\u00f3mica y mucho m\u00e1s segura que la que estaban teniendo nuestros hijos con la medicaci\u00f3n alop\u00e1tica. No tiene sobredosis, no genera efectos adversos. Psicol\u00f3gicamente, es bastante potente el efecto que tiene sobre nosotras, porque por fin podemos hacer algo por nuestros hijos\u00bb.<\/em><\/p><\/blockquote>\n\n\n\n<h3 class=\"wp-block-heading\"><strong>Actualidad<\/strong><\/h3>\n\n\n\n<p>Un a\u00f1o despu\u00e9s de la aplicaci\u00f3n de la nueva legislaci\u00f3n, las trabas a las terapias con cannabis en Argentina siguen vigentes. Seg\u00fan Valeria, los puntos m\u00e1s importantes, los que ata\u00f1en a<strong>&nbsp;cultivadores y consumidores, siguen sin estar regulados<\/strong>:&nbsp;<em>\u201cEl problema es que la legalizaci\u00f3n del autocultivo no cuadra con la&nbsp;<a href=\"http:\/\/www.cannabis.es\/pw\/2016\/11\/21\/marchas-y-contramarchas\/\">guerra contra las drogas<\/a>&nbsp;en la que est\u00e1 embarcada la ministra (de Seguridad) Bullrich. En los pa\u00edses en los que el cannabis es legal hay una pol\u00edtica no de prohibici\u00f3n sino de control y reducci\u00f3n de da\u00f1os. Yo creo que Patricia Bullrich ver\u00eda la legalizaci\u00f3n como una derrota personal\u201d.<\/em>&nbsp;Concluye que, desde el Poder Ejecutivo no van a conceder nada.<\/p>\n\n\n\n<blockquote class=\"wp-block-quote is-layout-flow wp-block-quote-is-layout-flow\"><p><em>\u201cPor eso, en principio, tenemos que exigir que cumpla en su totalidad la Ley 27.350, incluyendo el art\u00edculo 8, que no es lo \u00f3ptimo pero es un paso. Y despu\u00e9s ponemos nuestra esperanza en el poder legislativo para modificar esta ley y que est\u00e9 el autocultivo. Eso va a ser m\u00e1s f\u00e1cil que sacar una ley nueva. Hay algo que es muy importante, un cambio que se dio desde antes de la discusi\u00f3n por la ley. Hay una habilitaci\u00f3n social para el tema que antes no hab\u00eda. Que la sociedad comprenda nuestra lucha es fundamental.\u201d<\/em><\/p><\/blockquote>\n\n\n\n<p>Despu\u00e9s de leer detenidamente los testimonios de estas mujeres, cuya valent\u00eda har\u00eda sonrojar al m\u00e1s aguerrido, solo se puede concluir la necesidad de la investigaci\u00f3n, la urgencia de m\u00e1s estudios que corroboren lo que ya han demostrado cientos de casos m\u00e9dicos, que hagan abrir los ojos a los legisladores en la tiniebla de la ignorancia, para que estas madres, estas familias, puedan llevar a cabo un proyecto vital, con la mayor calidad posible. En Argentina, de momento,&nbsp;<a href=\"https:\/\/www.nodal.am\/2018\/10\/inicia-el-primer-ensayo-de-cannabis-medicinal-bajo-responsabilidad-del-estado\/\">el estado ya ha asumido el primer ensayo cl\u00ednico<\/a>, que arrojar\u00e1 resultados durante 2019.<\/p>\n","protected":false},"excerpt":{"rendered":"<span class=\"span-reading-time rt-reading-time\" style=\"display: block;\"><span class=\"rt-label rt-prefix\">Tiempo de lectura:<\/span> <span class=\"rt-time\"> 3<\/span> <span class=\"rt-label rt-postfix\">minutos<\/span><\/span>Benito D\u00edaz Cientos de mujeres latinoamericanas est\u00e1n unidas contra la prohibici\u00f3n del cannabis, ya que proporciona una terapia efectiva contra las enfermedades de sus hijos. Un reportaje sobre estas valientes. La Organizaci\u00f3n No Gubernamental \u201cMam\u00e1 Cultiva\u201d nace en Chile durante el a\u00f1o 2012 de la mano de un numeroso grupo de madres que apuestan por [&hellip;]","protected":false},"author":1,"featured_media":2212,"comment_status":"closed","ping_status":"closed","sticky":false,"template":"","format":"standard","meta":{"loftocean-featured-post":"","loftocean_post_format_gallery":"","loftocean_post_format_gallery_ids":"","loftocean_post_format_gallery_urls":"","loftocean_post_format_video_id":"","loftocean_post_format_video_url":"","loftocean_post_format_video_type":"","loftocean_post_format_video":"","loftocean_post_format_audio_type":"","loftocean_post_format_audio_url":"","loftocean_post_format_audio_id":"","loftocean_post_format_audio":"","loftocean_post_format_quote_text":"","loftocean_post_format_quote_byline":"","loftocean_post_format_link_text":"","loftocean_post_format_link_url":"","ceramag_post_header_style":"","ceramag_enable_background_video":"","ceramag_show_in_top_slider":"","ceramag_post_background_video_start":"","ceramag_post_background_video_end":"","loftocean_page_background_video_id":"","loftocean_page_background_video_url":"","loftocean_page_background_video_type":"","loftocean_page_background_video":"","ceramag_background_video_start":"","ceramag_background_video_end":"","ceramag_single_page_hide_header":"","footnotes":""},"categories":[36,35],"tags":[490,808,41,52,805,54,806,40,539,658,59,563,750,807],"class_list":["post-2211","post","type-post","status-publish","format-standard","has-post-thumbnail","hentry","category-medicinal","category-politica-y-sociedad","tag-activismo","tag-activismo-cannabico","tag-cannabis","tag-cannabis-medicinal","tag-epilepsia","tag-legalizacion","tag-mama-cultiva","tag-marihuana","tag-marihuana-medicinal","tag-prohibicion","tag-prohibicionismo","tag-terapeutico","tag-uso-terapeutico","tag-uso-terapeutico-del-cannabis"],"yoast_head":"<!-- This site is optimized with the Yoast SEO plugin v24.9 - https:\/\/yoast.com\/wordpress\/plugins\/seo\/ -->\n<title>Mam\u00e1 Cultiva: esperanza medicinal para Chile y Argentina<\/title>\n<meta name=\"description\" content=\"Entrada &#8226; Portal multimedia sobre cannabis y otras sustancias &#8226; 12 noviembre, 2018\" \/>\n<meta name=\"robots\" content=\"index, follow, max-snippet:-1, max-image-preview:large, max-video-preview:-1\" \/>\n<link rel=\"canonical\" href=\"https:\/\/www.cannabis.es\/pw\/2018\/11\/12\/mama-cultiva-esperanza-medicinal-para-chile-y-argentina\/\" \/>\n<meta name=\"twitter:card\" content=\"summary_large_image\" \/>\n<meta name=\"twitter:title\" content=\"Mam\u00e1 Cultiva: esperanza medicinal para Chile y Argentina\" \/>\n<meta name=\"twitter:description\" content=\"Entrada &#8226; Portal multimedia sobre cannabis y otras sustancias &#8226; 12 noviembre, 2018\" \/>\n<meta name=\"twitter:image\" content=\"https:\/\/www.cannabis.es\/pw\/wp-content\/uploads\/2020\/05\/mama-cultiva.jpg\" \/>\n<meta name=\"twitter:creator\" content=\"@cannabis_es\" \/>\n<meta name=\"twitter:site\" content=\"@cannabis_es\" \/>\n<meta name=\"twitter:label1\" content=\"Escrito por\" \/>\n\t<meta name=\"twitter:data1\" content=\"Cannabis.es\" \/>\n\t<meta name=\"twitter:label2\" content=\"Tiempo de lectura\" \/>\n\t<meta name=\"twitter:data2\" content=\"5 minutos\" \/>\n<script type=\"application\/ld+json\" class=\"yoast-schema-graph\">{\"@context\":\"https:\/\/schema.org\",\"@graph\":[{\"@type\":\"Article\",\"@id\":\"https:\/\/www.cannabis.es\/pw\/2018\/11\/12\/mama-cultiva-esperanza-medicinal-para-chile-y-argentina\/#article\",\"isPartOf\":{\"@id\":\"https:\/\/www.cannabis.es\/pw\/2018\/11\/12\/mama-cultiva-esperanza-medicinal-para-chile-y-argentina\/\"},\"author\":{\"name\":\"Cannabis.es\",\"@id\":\"https:\/\/www.cannabis.es\/pw\/#\/schema\/person\/e2fbd204580cf4fe74c79b82bc447374\"},\"headline\":\"Mam\u00e1 Cultiva: esperanza medicinal para Chile y Argentina\",\"datePublished\":\"2018-11-12T11:40:36+00:00\",\"dateModified\":\"2020-09-04T11:22:03+00:00\",\"mainEntityOfPage\":{\"@id\":\"https:\/\/www.cannabis.es\/pw\/2018\/11\/12\/mama-cultiva-esperanza-medicinal-para-chile-y-argentina\/\"},\"wordCount\":1037,\"publisher\":{\"@id\":\"https:\/\/www.cannabis.es\/pw\/#organization\"},\"image\":{\"@id\":\"https:\/\/www.cannabis.es\/pw\/2018\/11\/12\/mama-cultiva-esperanza-medicinal-para-chile-y-argentina\/#primaryimage\"},\"thumbnailUrl\":\"https:\/\/www.cannabis.es\/pw\/wp-content\/uploads\/2020\/05\/mama-cultiva.jpg\",\"keywords\":[\"activismo\",\"activismo cann\u00e1bico\",\"cannabis\",\"cannabis medicinal\",\"epilepsia\",\"legalizaci\u00f3n\",\"Mama Cultiva\",\"marihuana\",\"marihuana medicinal\",\"prohibici\u00f3n\",\"prohibicionismo\",\"terap\u00e9utico\",\"uso terap\u00e9utico\",\"uso terap\u00e9utico del cannabis\"],\"articleSection\":[\"Medicinal\",\"Pol\u00edtica y Sociedad\"],\"inLanguage\":\"es\"},{\"@type\":\"WebPage\",\"@id\":\"https:\/\/www.cannabis.es\/pw\/2018\/11\/12\/mama-cultiva-esperanza-medicinal-para-chile-y-argentina\/\",\"url\":\"https:\/\/www.cannabis.es\/pw\/2018\/11\/12\/mama-cultiva-esperanza-medicinal-para-chile-y-argentina\/\",\"name\":\"Mam\u00e1 Cultiva: esperanza medicinal para Chile y Argentina\",\"isPartOf\":{\"@id\":\"https:\/\/www.cannabis.es\/pw\/#website\"},\"primaryImageOfPage\":{\"@id\":\"https:\/\/www.cannabis.es\/pw\/2018\/11\/12\/mama-cultiva-esperanza-medicinal-para-chile-y-argentina\/#primaryimage\"},\"image\":{\"@id\":\"https:\/\/www.cannabis.es\/pw\/2018\/11\/12\/mama-cultiva-esperanza-medicinal-para-chile-y-argentina\/#primaryimage\"},\"thumbnailUrl\":\"https:\/\/www.cannabis.es\/pw\/wp-content\/uploads\/2020\/05\/mama-cultiva.jpg\",\"datePublished\":\"2018-11-12T11:40:36+00:00\",\"dateModified\":\"2020-09-04T11:22:03+00:00\",\"description\":\"Entrada &#8226; Portal multimedia sobre cannabis y otras sustancias &#8226; 12 noviembre, 2018\",\"breadcrumb\":{\"@id\":\"https:\/\/www.cannabis.es\/pw\/2018\/11\/12\/mama-cultiva-esperanza-medicinal-para-chile-y-argentina\/#breadcrumb\"},\"inLanguage\":\"es\",\"potentialAction\":[{\"@type\":\"ReadAction\",\"target\":[\"https:\/\/www.cannabis.es\/pw\/2018\/11\/12\/mama-cultiva-esperanza-medicinal-para-chile-y-argentina\/\"]}]},{\"@type\":\"ImageObject\",\"inLanguage\":\"es\",\"@id\":\"https:\/\/www.cannabis.es\/pw\/2018\/11\/12\/mama-cultiva-esperanza-medicinal-para-chile-y-argentina\/#primaryimage\",\"url\":\"https:\/\/www.cannabis.es\/pw\/wp-content\/uploads\/2020\/05\/mama-cultiva.jpg\",\"contentUrl\":\"https:\/\/www.cannabis.es\/pw\/wp-content\/uploads\/2020\/05\/mama-cultiva.jpg\",\"width\":959,\"height\":475},{\"@type\":\"BreadcrumbList\",\"@id\":\"https:\/\/www.cannabis.es\/pw\/2018\/11\/12\/mama-cultiva-esperanza-medicinal-para-chile-y-argentina\/#breadcrumb\",\"itemListElement\":[{\"@type\":\"ListItem\",\"position\":1,\"name\":\"Portada\",\"item\":\"http:\/\/www.cannabis.es\/pw\/\"},{\"@type\":\"ListItem\",\"position\":2,\"name\":\"Mam\u00e1 Cultiva: esperanza medicinal para Chile y Argentina\"}]},{\"@type\":\"WebSite\",\"@id\":\"https:\/\/www.cannabis.es\/pw\/#website\",\"url\":\"https:\/\/www.cannabis.es\/pw\/\",\"name\":\"Cannabis\",\"description\":\"Portal multimedia sobre cannabis y otras sustancias\",\"publisher\":{\"@id\":\"https:\/\/www.cannabis.es\/pw\/#organization\"},\"potentialAction\":[{\"@type\":\"SearchAction\",\"target\":{\"@type\":\"EntryPoint\",\"urlTemplate\":\"https:\/\/www.cannabis.es\/pw\/?s={search_term_string}\"},\"query-input\":{\"@type\":\"PropertyValueSpecification\",\"valueRequired\":true,\"valueName\":\"search_term_string\"}}],\"inLanguage\":\"es\"},{\"@type\":\"Organization\",\"@id\":\"https:\/\/www.cannabis.es\/pw\/#organization\",\"name\":\"Cannabis.es\",\"url\":\"https:\/\/www.cannabis.es\/pw\/\",\"logo\":{\"@type\":\"ImageObject\",\"inLanguage\":\"es\",\"@id\":\"https:\/\/www.cannabis.es\/pw\/#\/schema\/logo\/image\/\",\"url\":\"https:\/\/www.cannabis.es\/pw\/wp-content\/uploads\/2019\/04\/cropped-logo_cannabis.png\",\"contentUrl\":\"https:\/\/www.cannabis.es\/pw\/wp-content\/uploads\/2019\/04\/cropped-logo_cannabis.png\",\"width\":361,\"height\":120,\"caption\":\"Cannabis.es\"},\"image\":{\"@id\":\"https:\/\/www.cannabis.es\/pw\/#\/schema\/logo\/image\/\"},\"sameAs\":[\"https:\/\/x.com\/cannabis_es\"]},{\"@type\":\"Person\",\"@id\":\"https:\/\/www.cannabis.es\/pw\/#\/schema\/person\/e2fbd204580cf4fe74c79b82bc447374\",\"name\":\"Cannabis.es\",\"image\":{\"@type\":\"ImageObject\",\"inLanguage\":\"es\",\"@id\":\"https:\/\/www.cannabis.es\/pw\/#\/schema\/person\/image\/\",\"url\":\"https:\/\/secure.gravatar.com\/avatar\/4375b1eb6e272e2e48a4b8a8def52e5f208151f555bb5906da616906ee6dd2e8?s=96&d=mm&r=g\",\"contentUrl\":\"https:\/\/secure.gravatar.com\/avatar\/4375b1eb6e272e2e48a4b8a8def52e5f208151f555bb5906da616906ee6dd2e8?s=96&d=mm&r=g\",\"caption\":\"Cannabis.es\"},\"url\":\"https:\/\/www.cannabis.es\/pw\/author\/cannabis\/\"}]}<\/script>\n<!-- \/ Yoast SEO plugin. -->","yoast_head_json":{"title":"Mam\u00e1 Cultiva: esperanza medicinal para Chile y Argentina","description":"Entrada &#8226; Portal multimedia sobre cannabis y otras sustancias &#8226; 12 noviembre, 2018","robots":{"index":"index","follow":"follow","max-snippet":"max-snippet:-1","max-image-preview":"max-image-preview:large","max-video-preview":"max-video-preview:-1"},"canonical":"https:\/\/www.cannabis.es\/pw\/2018\/11\/12\/mama-cultiva-esperanza-medicinal-para-chile-y-argentina\/","twitter_card":"summary_large_image","twitter_title":"Mam\u00e1 Cultiva: esperanza medicinal para Chile y Argentina","twitter_description":"Entrada &#8226; Portal multimedia sobre cannabis y otras sustancias &#8226; 12 noviembre, 2018","twitter_image":"https:\/\/www.cannabis.es\/pw\/wp-content\/uploads\/2020\/05\/mama-cultiva.jpg","twitter_creator":"@cannabis_es","twitter_site":"@cannabis_es","twitter_misc":{"Escrito por":"Cannabis.es","Tiempo de lectura":"5 minutos"},"schema":{"@context":"https:\/\/schema.org","@graph":[{"@type":"Article","@id":"https:\/\/www.cannabis.es\/pw\/2018\/11\/12\/mama-cultiva-esperanza-medicinal-para-chile-y-argentina\/#article","isPartOf":{"@id":"https:\/\/www.cannabis.es\/pw\/2018\/11\/12\/mama-cultiva-esperanza-medicinal-para-chile-y-argentina\/"},"author":{"name":"Cannabis.es","@id":"https:\/\/www.cannabis.es\/pw\/#\/schema\/person\/e2fbd204580cf4fe74c79b82bc447374"},"headline":"Mam\u00e1 Cultiva: esperanza medicinal para Chile y Argentina","datePublished":"2018-11-12T11:40:36+00:00","dateModified":"2020-09-04T11:22:03+00:00","mainEntityOfPage":{"@id":"https:\/\/www.cannabis.es\/pw\/2018\/11\/12\/mama-cultiva-esperanza-medicinal-para-chile-y-argentina\/"},"wordCount":1037,"publisher":{"@id":"https:\/\/www.cannabis.es\/pw\/#organization"},"image":{"@id":"https:\/\/www.cannabis.es\/pw\/2018\/11\/12\/mama-cultiva-esperanza-medicinal-para-chile-y-argentina\/#primaryimage"},"thumbnailUrl":"https:\/\/www.cannabis.es\/pw\/wp-content\/uploads\/2020\/05\/mama-cultiva.jpg","keywords":["activismo","activismo cann\u00e1bico","cannabis","cannabis medicinal","epilepsia","legalizaci\u00f3n","Mama Cultiva","marihuana","marihuana medicinal","prohibici\u00f3n","prohibicionismo","terap\u00e9utico","uso terap\u00e9utico","uso terap\u00e9utico del cannabis"],"articleSection":["Medicinal","Pol\u00edtica y Sociedad"],"inLanguage":"es"},{"@type":"WebPage","@id":"https:\/\/www.cannabis.es\/pw\/2018\/11\/12\/mama-cultiva-esperanza-medicinal-para-chile-y-argentina\/","url":"https:\/\/www.cannabis.es\/pw\/2018\/11\/12\/mama-cultiva-esperanza-medicinal-para-chile-y-argentina\/","name":"Mam\u00e1 Cultiva: esperanza medicinal para Chile y Argentina","isPartOf":{"@id":"https:\/\/www.cannabis.es\/pw\/#website"},"primaryImageOfPage":{"@id":"https:\/\/www.cannabis.es\/pw\/2018\/11\/12\/mama-cultiva-esperanza-medicinal-para-chile-y-argentina\/#primaryimage"},"image":{"@id":"https:\/\/www.cannabis.es\/pw\/2018\/11\/12\/mama-cultiva-esperanza-medicinal-para-chile-y-argentina\/#primaryimage"},"thumbnailUrl":"https:\/\/www.cannabis.es\/pw\/wp-content\/uploads\/2020\/05\/mama-cultiva.jpg","datePublished":"2018-11-12T11:40:36+00:00","dateModified":"2020-09-04T11:22:03+00:00","description":"Entrada &#8226; Portal multimedia sobre cannabis y otras sustancias &#8226; 12 noviembre, 2018","breadcrumb":{"@id":"https:\/\/www.cannabis.es\/pw\/2018\/11\/12\/mama-cultiva-esperanza-medicinal-para-chile-y-argentina\/#breadcrumb"},"inLanguage":"es","potentialAction":[{"@type":"ReadAction","target":["https:\/\/www.cannabis.es\/pw\/2018\/11\/12\/mama-cultiva-esperanza-medicinal-para-chile-y-argentina\/"]}]},{"@type":"ImageObject","inLanguage":"es","@id":"https:\/\/www.cannabis.es\/pw\/2018\/11\/12\/mama-cultiva-esperanza-medicinal-para-chile-y-argentina\/#primaryimage","url":"https:\/\/www.cannabis.es\/pw\/wp-content\/uploads\/2020\/05\/mama-cultiva.jpg","contentUrl":"https:\/\/www.cannabis.es\/pw\/wp-content\/uploads\/2020\/05\/mama-cultiva.jpg","width":959,"height":475},{"@type":"BreadcrumbList","@id":"https:\/\/www.cannabis.es\/pw\/2018\/11\/12\/mama-cultiva-esperanza-medicinal-para-chile-y-argentina\/#breadcrumb","itemListElement":[{"@type":"ListItem","position":1,"name":"Portada","item":"http:\/\/www.cannabis.es\/pw\/"},{"@type":"ListItem","position":2,"name":"Mam\u00e1 Cultiva: esperanza medicinal para Chile y Argentina"}]},{"@type":"WebSite","@id":"https:\/\/www.cannabis.es\/pw\/#website","url":"https:\/\/www.cannabis.es\/pw\/","name":"Cannabis","description":"Portal multimedia sobre cannabis y otras sustancias","publisher":{"@id":"https:\/\/www.cannabis.es\/pw\/#organization"},"potentialAction":[{"@type":"SearchAction","target":{"@type":"EntryPoint","urlTemplate":"https:\/\/www.cannabis.es\/pw\/?s={search_term_string}"},"query-input":{"@type":"PropertyValueSpecification","valueRequired":true,"valueName":"search_term_string"}}],"inLanguage":"es"},{"@type":"Organization","@id":"https:\/\/www.cannabis.es\/pw\/#organization","name":"Cannabis.es","url":"https:\/\/www.cannabis.es\/pw\/","logo":{"@type":"ImageObject","inLanguage":"es","@id":"https:\/\/www.cannabis.es\/pw\/#\/schema\/logo\/image\/","url":"https:\/\/www.cannabis.es\/pw\/wp-content\/uploads\/2019\/04\/cropped-logo_cannabis.png","contentUrl":"https:\/\/www.cannabis.es\/pw\/wp-content\/uploads\/2019\/04\/cropped-logo_cannabis.png","width":361,"height":120,"caption":"Cannabis.es"},"image":{"@id":"https:\/\/www.cannabis.es\/pw\/#\/schema\/logo\/image\/"},"sameAs":["https:\/\/x.com\/cannabis_es"]},{"@type":"Person","@id":"https:\/\/www.cannabis.es\/pw\/#\/schema\/person\/e2fbd204580cf4fe74c79b82bc447374","name":"Cannabis.es","image":{"@type":"ImageObject","inLanguage":"es","@id":"https:\/\/www.cannabis.es\/pw\/#\/schema\/person\/image\/","url":"https:\/\/secure.gravatar.com\/avatar\/4375b1eb6e272e2e48a4b8a8def52e5f208151f555bb5906da616906ee6dd2e8?s=96&d=mm&r=g","contentUrl":"https:\/\/secure.gravatar.com\/avatar\/4375b1eb6e272e2e48a4b8a8def52e5f208151f555bb5906da616906ee6dd2e8?s=96&d=mm&r=g","caption":"Cannabis.es"},"url":"https:\/\/www.cannabis.es\/pw\/author\/cannabis\/"}]}},"_links":{"self":[{"href":"https:\/\/www.cannabis.es\/pw\/wp-json\/wp\/v2\/posts\/2211","targetHints":{"allow":["GET"]}}],"collection":[{"href":"https:\/\/www.cannabis.es\/pw\/wp-json\/wp\/v2\/posts"}],"about":[{"href":"https:\/\/www.cannabis.es\/pw\/wp-json\/wp\/v2\/types\/post"}],"author":[{"embeddable":true,"href":"https:\/\/www.cannabis.es\/pw\/wp-json\/wp\/v2\/users\/1"}],"replies":[{"embeddable":true,"href":"https:\/\/www.cannabis.es\/pw\/wp-json\/wp\/v2\/comments?post=2211"}],"version-history":[{"count":3,"href":"https:\/\/www.cannabis.es\/pw\/wp-json\/wp\/v2\/posts\/2211\/revisions"}],"predecessor-version":[{"id":4959,"href":"https:\/\/www.cannabis.es\/pw\/wp-json\/wp\/v2\/posts\/2211\/revisions\/4959"}],"wp:featuredmedia":[{"embeddable":true,"href":"https:\/\/www.cannabis.es\/pw\/wp-json\/wp\/v2\/media\/2212"}],"wp:attachment":[{"href":"https:\/\/www.cannabis.es\/pw\/wp-json\/wp\/v2\/media?parent=2211"}],"wp:term":[{"taxonomy":"category","embeddable":true,"href":"https:\/\/www.cannabis.es\/pw\/wp-json\/wp\/v2\/categories?post=2211"},{"taxonomy":"post_tag","embeddable":true,"href":"https:\/\/www.cannabis.es\/pw\/wp-json\/wp\/v2\/tags?post=2211"}],"curies":[{"name":"wp","href":"https:\/\/api.w.org\/{rel}","templated":true}]}}