{"id":2227,"date":"2018-10-31T12:58:15","date_gmt":"2018-10-31T11:58:15","guid":{"rendered":"http:\/\/www.cannabis.es\/pw\/?p=2227"},"modified":"2020-09-04T13:25:30","modified_gmt":"2020-09-04T11:25:30","slug":"las-mujeres-tambien-cultivan","status":"publish","type":"post","link":"https:\/\/www.cannabis.es\/pw\/2018\/10\/31\/las-mujeres-tambien-cultivan\/","title":{"rendered":"Las mujeres tambi\u00e9n cultivan"},"content":{"rendered":"\n<p>Ram\u00f3n Souto<br><br>Hace ya unos meses, un colectivo de mujeres se uni\u00f3 formando una marca:&nbsp;<a href=\"https:\/\/www.facebook.com\/LasChicasTambienCultivan\/\">Las chicas tambi\u00e9n cultivan<\/a>. Todas ellas se abanderan como amantes del cannabis y, junto a otras empresas y artesanos, ofrecen consejo y una serie de productos: ropa, accesorios, calzado, cosm\u00e9tica\u2026 poniendo a disposici\u00f3n, por y para mujeres, el estilo de vida cann\u00e1bico. Este a\u00f1o han estado en la WeedMed, dando a conocer su proyecto.<\/p>\n\n\n\n<hr class=\"wp-block-separator\"\/>\n\n\n\n<h3 class=\"wp-block-heading\"><strong>\u00bfC\u00f3mo se form\u00f3 el colectivo?<\/strong><\/h3>\n\n\n\n<p>Todo comenz\u00f3 cuando dos mujeres, Mar\u00eda Barragans y Gemma Burgos, con una larga andadura cann\u00e1bica, coincidieron en una feria del sector. Tras percatarse de que la entrega de premios, otro a\u00f1o m\u00e1s, solo estaba&nbsp;<strong>coronad<\/strong><strong>a<\/strong>&nbsp;<strong>por<\/strong><strong>&nbsp;hombres<\/strong>, surgi\u00f3 entre ellas la idea de este colectivo.<\/p>\n\n\n\n<h3 class=\"wp-block-heading\"><strong>\u00bfQu\u00e9 ofrecen?<\/strong><\/h3>\n\n\n\n<p>Adem\u00e1s de sus productos, son un nuevo punto de encuentro cann\u00e1bico que ofrece asesoramiento a quienes tengan una idea o proyecto, aportando su experiencia.<\/p>\n\n\n\n<p>Anteriormente, se hab\u00eda creado otro colectivo conocido como \u201c<a href=\"https:\/\/twitter.com\/mujerescannabis\">mujeres cann\u00e1bica<\/a>s\u201d, una campa\u00f1a para visibilizar el doble estigma que padecen las mujeres consumidoras de sustancias no reguladas:&nbsp;<strong>no solo por el hecho de ser mujeres, sino tambi\u00e9n por el de consumir<\/strong>. Todo esto es posible gracias a los mecenas que creen en el proyecto como:&nbsp;<a href=\"https:\/\/sensiseeds.com\/es\">Sensi Seeds<\/a><strong>,&nbsp;<\/strong><a href=\"http:\/\/hashmuseum.com\/es\">Hemp Museum<\/a><strong>,&nbsp;<\/strong><a href=\"https:\/\/alchimiaweb.org\/\">Fundaci\u00f3 Alchimia Solid\u00e0ria<\/a>\u2026<\/p>\n\n\n\n<figure class=\"wp-block-image\"><img decoding=\"async\" src=\"https:\/\/www.cannabis.es\/web\/images\/chicascultivan.jpg\" alt=\"\"\/><\/figure>\n\n\n\n<h3 class=\"wp-block-heading\"><strong>\u00bfQui\u00e9n forma \u201cLas chicas tambi\u00e9n cultivan\u201d?<\/strong><\/h3>\n\n\n\n<p>Las fundadoras son&nbsp;<strong>Mar<\/strong><strong>\u00ed<\/strong><strong>a Barragans y Gemma Burgos<\/strong>. Mar\u00eda lleva muchos a\u00f1os escribiendo contenido en medios cann\u00e1bicos, haciendo reportajes en el sector o en su blog \u201ccon M de Mar\u00eda\u201d. A su vez, Gemma Burgos es una activista que lleva el cannabis en la sangre. Fue protagonista en la apertura de un growshop en el a\u00f1o 1999 y, ahora, est\u00e1 al frente de un banco de semillas.<\/p>\n\n\n\n<p>Si hablamos de temas de cultivo, cuentan con&nbsp;<strong>una experta<\/strong>. Se desconoce mucho sobre ella, ya que no le gusta estar en los medios. Sencilla, humilde y sensata, hace poco arras\u00f3 en un certamen cann\u00e1bico. En el colectivo, se encarga de resolver cualquier tipo de duda referente al cultivo de cannabis que pueda surgir a sus seguidoras.<\/p>\n\n\n\n<p>El dise\u00f1o de logotipos y marca ha corrido a cargo de&nbsp;<strong>Kristel Yanicelly<\/strong>, una colaboradora de Costa Rica.<\/p>\n\n\n\n<p><strong>Carm\u00e9n L\u00f3pez y Lucy<\/strong>, conocidas en el entorno de las redes sociales cann\u00e1bicas, se encargar\u00e1n de escribir contenido para la p\u00e1gina. No tendr\u00e1 porque estar todo relacionado directamente con el cannabis.<\/p>\n\n\n\n<figure class=\"wp-block-image\"><img decoding=\"async\" src=\"https:\/\/www.cannabis.es\/web\/images\/chicascultivan2.jpg\" alt=\"\"\/><\/figure>\n\n\n\n<h3 class=\"wp-block-heading\"><strong>Opini\u00f3n personal<\/strong><\/h3>\n\n\n\n<p>Soy partidario de que toda mujer, hombre o ni\u00f1o reivindique sus derechos, y el derecho a cultivar es uno de ellos. Por ello, insto a las mujeres a&nbsp;<strong>que cultiven y se l<\/strong><strong>as reconozca<\/strong><strong>&nbsp;por ello<\/strong>.<\/p>\n\n\n\n<p>Sinceramente, he pasado por diversos sectores y no veo m\u00e1s machismo en este sector que en otros en los que he trabajado. S\u00ed veo ciertos actos menospreciando a las mujeres, como el organizar una copa para la mejor mujer cultivadora. Mi pregunta es \u00bfel separar los sexos no lo consider\u00e1is en s\u00ed un acto sexista? \u00bfNo se podr\u00eda organizar una copa para ambos sexos? \u00bfY que la chica o mujer que est\u00e9 mejor posicionada en las puntuaciones fuese la mejor cultivadora?<\/p>\n\n\n\n<p>S\u00ed que estoy a favor de que se elimine de la publicidad cann\u00e1bica el uso del cuerpo de la mujer como de toda la dem\u00e1s. En caso de no querer hacerlo, lo m\u00e1s l\u00f3gico es usar el cuerpo del hombre por igual.<\/p>\n\n\n\n<blockquote class=\"wp-block-quote is-layout-flow wp-block-quote-is-layout-flow\"><p><strong>&lt;&lt; Que se elimine de la publicidad cann\u00e1bica el uso del cuerpo de la mujer &gt;&gt;<\/strong><\/p><\/blockquote>\n\n\n\n<p>Terminando, creo que cada d\u00eda se ven m\u00e1s mujeres cultivadoras y con ganas de aprender. Y, con la buena ma\u00f1a que tienen, seguramente empecemos a encontrarnos con m\u00e1s cultivadoras presentes en las copas cann\u00e1bicas alzando premios.<\/p>\n\n\n\n<p>Animo a todas aquellas chicas o mujeres consumidoras a que autocultiven, no hay nada m\u00e1s gratificante que recoger el fruto que ha cultivado uno mismo despu\u00e9s de tanto esfuerzo y sacrificio.<\/p>\n\n\n\n<p>En mi d\u00eda a d\u00eda, conozco a varias mujeres consumidoras; pocas cultivadoras, pero alguna de ellas tiene, como llaman algunos, el dedo verde, un don para cultivar consiguiendo grandes y sabrosas cosechas.<\/p>\n\n\n\n<p>Un saludo y enhorabuena a todas las mujeres que luchan d\u00eda a d\u00eda por sus ideales, defendiendo lo que creen que es justo, ya que es la \u00fanica manera de que las cosas cambien.<\/p>\n\n\n\n<p>Buenos humos y a cultivar ideas.<\/p>\n\n\n\n<h3 class=\"wp-block-heading\">Apoya<\/h3>\n\n\n\n<p>Si quer\u00e9is saber m\u00e1s sobre este grupo de chicas, solo ten\u00e9is que entrar en&nbsp;<a href=\"http:\/\/www.laschicastambiencultivan.com\/\">www.laschicastambiencultivan.com<\/a>&nbsp;(actualmente en mantenimiento). Disponen de una revista digital con contenidos de inter\u00e9s y actualidad cann\u00e1bica. Tambi\u00e9n, en la p\u00e1gina, encontrar\u00e9is los distintos productos que tengan en venta.<\/p>\n\n\n\n<p>Puedes apoyar la iniciativa de estas emprendedoras en las redes sociales, bajo el lema&nbsp;<strong>#juntassomosmasfuertes<\/strong>.<\/p>\n","protected":false},"excerpt":{"rendered":"<span class=\"span-reading-time rt-reading-time\" style=\"display: block;\"><span class=\"rt-label rt-prefix\">Tiempo de lectura:<\/span> <span class=\"rt-time\"> 3<\/span> <span class=\"rt-label rt-postfix\">minutos<\/span><\/span>Ram\u00f3n SoutoHace ya unos meses, un colectivo de mujeres se uni\u00f3 formando una marca:&nbsp;Las chicas tambi\u00e9n cultivan. Todas ellas se abanderan como amantes del cannabis y, junto a otras empresas y artesanos, ofrecen consejo y una serie de productos: ropa, accesorios, calzado, cosm\u00e9tica\u2026 poniendo a disposici\u00f3n, por y para mujeres, el estilo de vida cann\u00e1bico. [&hellip;]","protected":false},"author":1,"featured_media":2228,"comment_status":"closed","ping_status":"closed","sticky":false,"template":"","format":"standard","meta":{"loftocean-featured-post":"","loftocean_post_format_gallery":"","loftocean_post_format_gallery_ids":"","loftocean_post_format_gallery_urls":"","loftocean_post_format_video_id":"","loftocean_post_format_video_url":"","loftocean_post_format_video_type":"","loftocean_post_format_video":"","loftocean_post_format_audio_type":"","loftocean_post_format_audio_url":"","loftocean_post_format_audio_id":"","loftocean_post_format_audio":"","loftocean_post_format_quote_text":"","loftocean_post_format_quote_byline":"","loftocean_post_format_link_text":"","loftocean_post_format_link_url":"","ceramag_post_header_style":"","ceramag_enable_background_video":"","ceramag_show_in_top_slider":"","ceramag_post_background_video_start":"","ceramag_post_background_video_end":"","loftocean_page_background_video_id":"","loftocean_page_background_video_url":"","loftocean_page_background_video_type":"","loftocean_page_background_video":"","ceramag_background_video_start":"","ceramag_background_video_end":"","ceramag_single_page_hide_header":"","footnotes":""},"categories":[35],"tags":[490,808,41,834,832,40,830,831,833,68],"class_list":["post-2227","post","type-post","status-publish","format-standard","has-post-thumbnail","hentry","category-politica-y-sociedad","tag-activismo","tag-activismo-cannabico","tag-cannabis","tag-feminismo","tag-feminismo-cannabico","tag-marihuana","tag-mujer","tag-mujeres","tag-mujeres-cannabicas","tag-ramon-souto"],"yoast_head":"<!-- This site is optimized with the Yoast SEO plugin v24.9 - https:\/\/yoast.com\/wordpress\/plugins\/seo\/ -->\n<title>Las mujeres tambi\u00e9n cultivan<\/title>\n<meta name=\"description\" content=\"Entrada &#8226; Portal multimedia sobre cannabis y otras sustancias &#8226; 31 octubre, 2018\" \/>\n<meta name=\"robots\" content=\"index, follow, max-snippet:-1, max-image-preview:large, max-video-preview:-1\" \/>\n<link rel=\"canonical\" href=\"https:\/\/www.cannabis.es\/pw\/2018\/10\/31\/las-mujeres-tambien-cultivan\/\" \/>\n<meta name=\"twitter:card\" content=\"summary_large_image\" \/>\n<meta name=\"twitter:title\" content=\"Las mujeres tambi\u00e9n cultivan\" \/>\n<meta name=\"twitter:description\" content=\"Entrada &#8226; Portal multimedia sobre cannabis y otras sustancias &#8226; 31 octubre, 2018\" \/>\n<meta name=\"twitter:image\" content=\"https:\/\/www.cannabis.es\/pw\/wp-content\/uploads\/2020\/05\/chicascultivan_portada.jpg\" \/>\n<meta name=\"twitter:creator\" content=\"@cannabis_es\" \/>\n<meta name=\"twitter:site\" content=\"@cannabis_es\" \/>\n<meta name=\"twitter:label1\" content=\"Escrito por\" \/>\n\t<meta name=\"twitter:data1\" content=\"Cannabis.es\" \/>\n\t<meta name=\"twitter:label2\" content=\"Tiempo de lectura\" \/>\n\t<meta name=\"twitter:data2\" content=\"4 minutos\" \/>\n<script type=\"application\/ld+json\" class=\"yoast-schema-graph\">{\"@context\":\"https:\/\/schema.org\",\"@graph\":[{\"@type\":\"Article\",\"@id\":\"https:\/\/www.cannabis.es\/pw\/2018\/10\/31\/las-mujeres-tambien-cultivan\/#article\",\"isPartOf\":{\"@id\":\"https:\/\/www.cannabis.es\/pw\/2018\/10\/31\/las-mujeres-tambien-cultivan\/\"},\"author\":{\"name\":\"Cannabis.es\",\"@id\":\"https:\/\/www.cannabis.es\/pw\/#\/schema\/person\/e2fbd204580cf4fe74c79b82bc447374\"},\"headline\":\"Las mujeres tambi\u00e9n cultivan\",\"datePublished\":\"2018-10-31T11:58:15+00:00\",\"dateModified\":\"2020-09-04T11:25:30+00:00\",\"mainEntityOfPage\":{\"@id\":\"https:\/\/www.cannabis.es\/pw\/2018\/10\/31\/las-mujeres-tambien-cultivan\/\"},\"wordCount\":847,\"publisher\":{\"@id\":\"https:\/\/www.cannabis.es\/pw\/#organization\"},\"image\":{\"@id\":\"https:\/\/www.cannabis.es\/pw\/2018\/10\/31\/las-mujeres-tambien-cultivan\/#primaryimage\"},\"thumbnailUrl\":\"https:\/\/www.cannabis.es\/pw\/wp-content\/uploads\/2020\/05\/chicascultivan_portada.jpg\",\"keywords\":[\"activismo\",\"activismo cann\u00e1bico\",\"cannabis\",\"feminismo\",\"feminismo cann\u00e1bico\",\"marihuana\",\"mujer\",\"mujeres\",\"Mujeres Cann\u00e1bicas\",\"Ram\u00f3n Souto\"],\"articleSection\":[\"Pol\u00edtica y Sociedad\"],\"inLanguage\":\"es\"},{\"@type\":\"WebPage\",\"@id\":\"https:\/\/www.cannabis.es\/pw\/2018\/10\/31\/las-mujeres-tambien-cultivan\/\",\"url\":\"https:\/\/www.cannabis.es\/pw\/2018\/10\/31\/las-mujeres-tambien-cultivan\/\",\"name\":\"Las mujeres tambi\u00e9n cultivan\",\"isPartOf\":{\"@id\":\"https:\/\/www.cannabis.es\/pw\/#website\"},\"primaryImageOfPage\":{\"@id\":\"https:\/\/www.cannabis.es\/pw\/2018\/10\/31\/las-mujeres-tambien-cultivan\/#primaryimage\"},\"image\":{\"@id\":\"https:\/\/www.cannabis.es\/pw\/2018\/10\/31\/las-mujeres-tambien-cultivan\/#primaryimage\"},\"thumbnailUrl\":\"https:\/\/www.cannabis.es\/pw\/wp-content\/uploads\/2020\/05\/chicascultivan_portada.jpg\",\"datePublished\":\"2018-10-31T11:58:15+00:00\",\"dateModified\":\"2020-09-04T11:25:30+00:00\",\"description\":\"Entrada &#8226; Portal multimedia sobre cannabis y otras sustancias &#8226; 31 octubre, 2018\",\"breadcrumb\":{\"@id\":\"https:\/\/www.cannabis.es\/pw\/2018\/10\/31\/las-mujeres-tambien-cultivan\/#breadcrumb\"},\"inLanguage\":\"es\",\"potentialAction\":[{\"@type\":\"ReadAction\",\"target\":[\"https:\/\/www.cannabis.es\/pw\/2018\/10\/31\/las-mujeres-tambien-cultivan\/\"]}]},{\"@type\":\"ImageObject\",\"inLanguage\":\"es\",\"@id\":\"https:\/\/www.cannabis.es\/pw\/2018\/10\/31\/las-mujeres-tambien-cultivan\/#primaryimage\",\"url\":\"https:\/\/www.cannabis.es\/pw\/wp-content\/uploads\/2020\/05\/chicascultivan_portada.jpg\",\"contentUrl\":\"https:\/\/www.cannabis.es\/pw\/wp-content\/uploads\/2020\/05\/chicascultivan_portada.jpg\",\"width\":959,\"height\":475},{\"@type\":\"BreadcrumbList\",\"@id\":\"https:\/\/www.cannabis.es\/pw\/2018\/10\/31\/las-mujeres-tambien-cultivan\/#breadcrumb\",\"itemListElement\":[{\"@type\":\"ListItem\",\"position\":1,\"name\":\"Portada\",\"item\":\"http:\/\/www.cannabis.es\/pw\/\"},{\"@type\":\"ListItem\",\"position\":2,\"name\":\"Las mujeres tambi\u00e9n cultivan\"}]},{\"@type\":\"WebSite\",\"@id\":\"https:\/\/www.cannabis.es\/pw\/#website\",\"url\":\"https:\/\/www.cannabis.es\/pw\/\",\"name\":\"Cannabis\",\"description\":\"Portal multimedia sobre cannabis y otras sustancias\",\"publisher\":{\"@id\":\"https:\/\/www.cannabis.es\/pw\/#organization\"},\"potentialAction\":[{\"@type\":\"SearchAction\",\"target\":{\"@type\":\"EntryPoint\",\"urlTemplate\":\"https:\/\/www.cannabis.es\/pw\/?s={search_term_string}\"},\"query-input\":{\"@type\":\"PropertyValueSpecification\",\"valueRequired\":true,\"valueName\":\"search_term_string\"}}],\"inLanguage\":\"es\"},{\"@type\":\"Organization\",\"@id\":\"https:\/\/www.cannabis.es\/pw\/#organization\",\"name\":\"Cannabis.es\",\"url\":\"https:\/\/www.cannabis.es\/pw\/\",\"logo\":{\"@type\":\"ImageObject\",\"inLanguage\":\"es\",\"@id\":\"https:\/\/www.cannabis.es\/pw\/#\/schema\/logo\/image\/\",\"url\":\"https:\/\/www.cannabis.es\/pw\/wp-content\/uploads\/2019\/04\/cropped-logo_cannabis.png\",\"contentUrl\":\"https:\/\/www.cannabis.es\/pw\/wp-content\/uploads\/2019\/04\/cropped-logo_cannabis.png\",\"width\":361,\"height\":120,\"caption\":\"Cannabis.es\"},\"image\":{\"@id\":\"https:\/\/www.cannabis.es\/pw\/#\/schema\/logo\/image\/\"},\"sameAs\":[\"https:\/\/x.com\/cannabis_es\"]},{\"@type\":\"Person\",\"@id\":\"https:\/\/www.cannabis.es\/pw\/#\/schema\/person\/e2fbd204580cf4fe74c79b82bc447374\",\"name\":\"Cannabis.es\",\"image\":{\"@type\":\"ImageObject\",\"inLanguage\":\"es\",\"@id\":\"https:\/\/www.cannabis.es\/pw\/#\/schema\/person\/image\/\",\"url\":\"https:\/\/secure.gravatar.com\/avatar\/4375b1eb6e272e2e48a4b8a8def52e5f208151f555bb5906da616906ee6dd2e8?s=96&d=mm&r=g\",\"contentUrl\":\"https:\/\/secure.gravatar.com\/avatar\/4375b1eb6e272e2e48a4b8a8def52e5f208151f555bb5906da616906ee6dd2e8?s=96&d=mm&r=g\",\"caption\":\"Cannabis.es\"},\"url\":\"https:\/\/www.cannabis.es\/pw\/author\/cannabis\/\"}]}<\/script>\n<!-- \/ Yoast SEO plugin. -->","yoast_head_json":{"title":"Las mujeres tambi\u00e9n cultivan","description":"Entrada &#8226; Portal multimedia sobre cannabis y otras sustancias &#8226; 31 octubre, 2018","robots":{"index":"index","follow":"follow","max-snippet":"max-snippet:-1","max-image-preview":"max-image-preview:large","max-video-preview":"max-video-preview:-1"},"canonical":"https:\/\/www.cannabis.es\/pw\/2018\/10\/31\/las-mujeres-tambien-cultivan\/","twitter_card":"summary_large_image","twitter_title":"Las mujeres tambi\u00e9n cultivan","twitter_description":"Entrada &#8226; Portal multimedia sobre cannabis y otras sustancias &#8226; 31 octubre, 2018","twitter_image":"https:\/\/www.cannabis.es\/pw\/wp-content\/uploads\/2020\/05\/chicascultivan_portada.jpg","twitter_creator":"@cannabis_es","twitter_site":"@cannabis_es","twitter_misc":{"Escrito por":"Cannabis.es","Tiempo de lectura":"4 minutos"},"schema":{"@context":"https:\/\/schema.org","@graph":[{"@type":"Article","@id":"https:\/\/www.cannabis.es\/pw\/2018\/10\/31\/las-mujeres-tambien-cultivan\/#article","isPartOf":{"@id":"https:\/\/www.cannabis.es\/pw\/2018\/10\/31\/las-mujeres-tambien-cultivan\/"},"author":{"name":"Cannabis.es","@id":"https:\/\/www.cannabis.es\/pw\/#\/schema\/person\/e2fbd204580cf4fe74c79b82bc447374"},"headline":"Las mujeres tambi\u00e9n cultivan","datePublished":"2018-10-31T11:58:15+00:00","dateModified":"2020-09-04T11:25:30+00:00","mainEntityOfPage":{"@id":"https:\/\/www.cannabis.es\/pw\/2018\/10\/31\/las-mujeres-tambien-cultivan\/"},"wordCount":847,"publisher":{"@id":"https:\/\/www.cannabis.es\/pw\/#organization"},"image":{"@id":"https:\/\/www.cannabis.es\/pw\/2018\/10\/31\/las-mujeres-tambien-cultivan\/#primaryimage"},"thumbnailUrl":"https:\/\/www.cannabis.es\/pw\/wp-content\/uploads\/2020\/05\/chicascultivan_portada.jpg","keywords":["activismo","activismo cann\u00e1bico","cannabis","feminismo","feminismo cann\u00e1bico","marihuana","mujer","mujeres","Mujeres Cann\u00e1bicas","Ram\u00f3n Souto"],"articleSection":["Pol\u00edtica y Sociedad"],"inLanguage":"es"},{"@type":"WebPage","@id":"https:\/\/www.cannabis.es\/pw\/2018\/10\/31\/las-mujeres-tambien-cultivan\/","url":"https:\/\/www.cannabis.es\/pw\/2018\/10\/31\/las-mujeres-tambien-cultivan\/","name":"Las mujeres tambi\u00e9n cultivan","isPartOf":{"@id":"https:\/\/www.cannabis.es\/pw\/#website"},"primaryImageOfPage":{"@id":"https:\/\/www.cannabis.es\/pw\/2018\/10\/31\/las-mujeres-tambien-cultivan\/#primaryimage"},"image":{"@id":"https:\/\/www.cannabis.es\/pw\/2018\/10\/31\/las-mujeres-tambien-cultivan\/#primaryimage"},"thumbnailUrl":"https:\/\/www.cannabis.es\/pw\/wp-content\/uploads\/2020\/05\/chicascultivan_portada.jpg","datePublished":"2018-10-31T11:58:15+00:00","dateModified":"2020-09-04T11:25:30+00:00","description":"Entrada &#8226; Portal multimedia sobre cannabis y otras sustancias &#8226; 31 octubre, 2018","breadcrumb":{"@id":"https:\/\/www.cannabis.es\/pw\/2018\/10\/31\/las-mujeres-tambien-cultivan\/#breadcrumb"},"inLanguage":"es","potentialAction":[{"@type":"ReadAction","target":["https:\/\/www.cannabis.es\/pw\/2018\/10\/31\/las-mujeres-tambien-cultivan\/"]}]},{"@type":"ImageObject","inLanguage":"es","@id":"https:\/\/www.cannabis.es\/pw\/2018\/10\/31\/las-mujeres-tambien-cultivan\/#primaryimage","url":"https:\/\/www.cannabis.es\/pw\/wp-content\/uploads\/2020\/05\/chicascultivan_portada.jpg","contentUrl":"https:\/\/www.cannabis.es\/pw\/wp-content\/uploads\/2020\/05\/chicascultivan_portada.jpg","width":959,"height":475},{"@type":"BreadcrumbList","@id":"https:\/\/www.cannabis.es\/pw\/2018\/10\/31\/las-mujeres-tambien-cultivan\/#breadcrumb","itemListElement":[{"@type":"ListItem","position":1,"name":"Portada","item":"http:\/\/www.cannabis.es\/pw\/"},{"@type":"ListItem","position":2,"name":"Las mujeres tambi\u00e9n cultivan"}]},{"@type":"WebSite","@id":"https:\/\/www.cannabis.es\/pw\/#website","url":"https:\/\/www.cannabis.es\/pw\/","name":"Cannabis","description":"Portal multimedia sobre cannabis y otras sustancias","publisher":{"@id":"https:\/\/www.cannabis.es\/pw\/#organization"},"potentialAction":[{"@type":"SearchAction","target":{"@type":"EntryPoint","urlTemplate":"https:\/\/www.cannabis.es\/pw\/?s={search_term_string}"},"query-input":{"@type":"PropertyValueSpecification","valueRequired":true,"valueName":"search_term_string"}}],"inLanguage":"es"},{"@type":"Organization","@id":"https:\/\/www.cannabis.es\/pw\/#organization","name":"Cannabis.es","url":"https:\/\/www.cannabis.es\/pw\/","logo":{"@type":"ImageObject","inLanguage":"es","@id":"https:\/\/www.cannabis.es\/pw\/#\/schema\/logo\/image\/","url":"https:\/\/www.cannabis.es\/pw\/wp-content\/uploads\/2019\/04\/cropped-logo_cannabis.png","contentUrl":"https:\/\/www.cannabis.es\/pw\/wp-content\/uploads\/2019\/04\/cropped-logo_cannabis.png","width":361,"height":120,"caption":"Cannabis.es"},"image":{"@id":"https:\/\/www.cannabis.es\/pw\/#\/schema\/logo\/image\/"},"sameAs":["https:\/\/x.com\/cannabis_es"]},{"@type":"Person","@id":"https:\/\/www.cannabis.es\/pw\/#\/schema\/person\/e2fbd204580cf4fe74c79b82bc447374","name":"Cannabis.es","image":{"@type":"ImageObject","inLanguage":"es","@id":"https:\/\/www.cannabis.es\/pw\/#\/schema\/person\/image\/","url":"https:\/\/secure.gravatar.com\/avatar\/4375b1eb6e272e2e48a4b8a8def52e5f208151f555bb5906da616906ee6dd2e8?s=96&d=mm&r=g","contentUrl":"https:\/\/secure.gravatar.com\/avatar\/4375b1eb6e272e2e48a4b8a8def52e5f208151f555bb5906da616906ee6dd2e8?s=96&d=mm&r=g","caption":"Cannabis.es"},"url":"https:\/\/www.cannabis.es\/pw\/author\/cannabis\/"}]}},"_links":{"self":[{"href":"https:\/\/www.cannabis.es\/pw\/wp-json\/wp\/v2\/posts\/2227","targetHints":{"allow":["GET"]}}],"collection":[{"href":"https:\/\/www.cannabis.es\/pw\/wp-json\/wp\/v2\/posts"}],"about":[{"href":"https:\/\/www.cannabis.es\/pw\/wp-json\/wp\/v2\/types\/post"}],"author":[{"embeddable":true,"href":"https:\/\/www.cannabis.es\/pw\/wp-json\/wp\/v2\/users\/1"}],"replies":[{"embeddable":true,"href":"https:\/\/www.cannabis.es\/pw\/wp-json\/wp\/v2\/comments?post=2227"}],"version-history":[{"count":1,"href":"https:\/\/www.cannabis.es\/pw\/wp-json\/wp\/v2\/posts\/2227\/revisions"}],"predecessor-version":[{"id":2229,"href":"https:\/\/www.cannabis.es\/pw\/wp-json\/wp\/v2\/posts\/2227\/revisions\/2229"}],"wp:featuredmedia":[{"embeddable":true,"href":"https:\/\/www.cannabis.es\/pw\/wp-json\/wp\/v2\/media\/2228"}],"wp:attachment":[{"href":"https:\/\/www.cannabis.es\/pw\/wp-json\/wp\/v2\/media?parent=2227"}],"wp:term":[{"taxonomy":"category","embeddable":true,"href":"https:\/\/www.cannabis.es\/pw\/wp-json\/wp\/v2\/categories?post=2227"},{"taxonomy":"post_tag","embeddable":true,"href":"https:\/\/www.cannabis.es\/pw\/wp-json\/wp\/v2\/tags?post=2227"}],"curies":[{"name":"wp","href":"https:\/\/api.w.org\/{rel}","templated":true}]}}