{"id":2239,"date":"2018-10-22T13:08:46","date_gmt":"2018-10-22T11:08:46","guid":{"rendered":"http:\/\/www.cannabis.es\/pw\/?p=2239"},"modified":"2020-09-04T13:25:55","modified_gmt":"2020-09-04T11:25:55","slug":"hacia-una-regulacion-integral-del-cannabis-jornada-en-el-congreso-de-los-diputados","status":"publish","type":"post","link":"https:\/\/www.cannabis.es\/pw\/2018\/10\/22\/hacia-una-regulacion-integral-del-cannabis-jornada-en-el-congreso-de-los-diputados\/","title":{"rendered":"Hacia una regulaci\u00f3n integral del cannabis: jornada en el Congreso de los Diputados"},"content":{"rendered":"\n<p>Benito D\u00edaz<\/p>\n\n\n\n<p>Esto se pone serio: Podemos, Equo, Enmarea, EnCom\u00faPodem e Izquierda Unida debaten la regulaci\u00f3n integral del cannabis en el Congreso de los Diputados. Se inicia la carrera por la legalizaci\u00f3n en Espa\u00f1a: no te quedes atr\u00e1s.<\/p>\n\n\n\n<hr class=\"wp-block-separator\"\/>\n\n\n\n<p>Este jueves, 18 de octubre, tuvo lugar en el Congreso de los Diputados una jornada de debate bajo el t\u00edtulo de&nbsp;<strong>\u201cHacia la regulaci\u00f3n integral del cannabis\u201d<\/strong>. Organizada por los partidos mencionados, un nutrido grupo de parlamentarios y expertas en la materia mantuvieron unas horas de animado debate y exposici\u00f3n de ideas.<\/p>\n\n\n\n<p>A las cuatro de la tarde, mientras la lluvia golpeaba los cristales del Congreso, comenzaban a llegar los primeros participantes de los C\u00edrculos Cannabicos, diputados, colectivos, representantes y colaboradores de las principales asociaciones cann\u00e1bicas, medios de comunicaci\u00f3n y activistas de toda Espa\u00f1a.<\/p>\n\n\n\n<figure class=\"wp-block-image\"><img decoding=\"async\" src=\"https:\/\/www.cannabis.es\/web\/images\/galeria_lunes_22_octubre.jpg\" alt=\"\"\/><\/figure>\n\n\n\n<h3 class=\"wp-block-heading\"><strong>LO M\u00c1S DESTACADO DE LA SESI\u00d3N<\/strong><\/h3>\n\n\n\n<p>Acomodados en la sala Ernest Lluch, inici\u00f3 la sesi\u00f3n Mae de la Concha, representante de las Islas Baleares por Podemos, recordando los inicios de la prohibici\u00f3n como un tema de oposici\u00f3n americana al uso del c\u00e1\u00f1amo en favor del algod\u00f3n como producto textil. A continuaci\u00f3n intervino&nbsp;<strong>Txema Guijarro<\/strong>, diputado de Podemos por Alicante, economista y experto en relaciones internacionales:<\/p>\n\n\n\n<blockquote class=\"wp-block-quote is-layout-flow wp-block-quote-is-layout-flow\"><p><em>\u201cAlgunos se tirar\u00e1n de los pelos al ver que estamos debatiendo esto en esta casa. Sin embargo, la Guerra contra las Drogas hay que ganarla con la ciudadan\u00eda, no a pesar de ella\u201d<\/em><\/p><\/blockquote>\n\n\n\n<p>La intervenci\u00f3n de&nbsp;<strong>Pablo Iglesias<\/strong>&nbsp;era una de las m\u00e1s esperadas, y el l\u00edder de Podemos no defraud\u00f3. Con declaraciones claras y contundentes, expuso<em>:<\/em><\/p>\n\n\n\n<blockquote class=\"wp-block-quote is-layout-flow wp-block-quote-is-layout-flow\"><p><em>\u201cLa cuesti\u00f3n no es si el Cannabis se legaliza, ahora la cuesti\u00f3n es qui\u00e9n lo hace primero. Espa\u00f1a debe situarse a la vanguardia de las pol\u00edticas transversales de regulaci\u00f3n. Porque, \u00bfa qui\u00e9n beneficiar\u00eda la legalizaci\u00f3n? Es necesario evitar los monopolios y oligopolios de las grandes empresas y fomentar el dinamismo econ\u00f3mico que produce riqueza social. Habr\u00e1 quien piense que es una verg\u00fcenza que Espa\u00f1a venda marihuana. M\u00e1s verg\u00fcenza me dar\u00eda que dijesen que Espa\u00f1a es un pa\u00eds que vende armas\u201d<\/em><\/p><\/blockquote>\n\n\n\n<p>Las mesas de debate versaron sobre distintos temas, incluyendo experiencias internacionales, visi\u00f3n cient\u00edfica y \u00e1mbito econ\u00f3mico. En la primera, intervinieron Michael Collins (director de la Comisi\u00f3n sobre Pol\u00edticas de Drogas en Washington, antiguo asesor de Obama),&nbsp;<strong>Araceli Manj\u00f3n<\/strong>&nbsp;(Catedr\u00e1tica en UCM y antigua Directora del Plan Nacional sobre Drogas) y Constanza S\u00e1nchez (Polit\u00f3loga y representante de ICEERS). Manj\u00f3n dijo durante su turno:<\/p>\n\n\n\n<blockquote class=\"wp-block-quote is-layout-flow wp-block-quote-is-layout-flow\"><p><em>\u201cEsto no lo dec\u00eda hace diez a\u00f1os, pero los tratados internacionales sobre drogas son cada vez menos importantes, pues el Cannabis no llega a contravenirlos. A pesar de ello, ninguno contempla el uso terap\u00e9utico de la Marihuana\u201d<\/em><\/p><\/blockquote>\n\n\n\n<p>La siguiente mesa estuvo compuesta por las investigadoras y cientificas&nbsp;<strong>Manuel Guzm\u00e1n<\/strong>&nbsp;(Catedr\u00e1tico de Bioqu\u00edmica y Biolog\u00eda Molecular en UCM), Queralt Prat-i-Pubill (Profesora e investigadora en Coppenhagen Bussiness School) y Carola P\u00e9rez, en calidad de Representante del Observatorio Espa\u00f1ol de Cannabis Medicinal. Guzm\u00e1n&nbsp;<a href=\"http:\/\/www.cannabis.es\/pw\/2017\/11\/21\/manuel-guzman-para-muchos-profesionales-el-sistema-endocannabinoide-es-un-gran-desconocido\/\">explic\u00f3<\/a>&nbsp;que:<\/p>\n\n\n\n<blockquote class=\"wp-block-quote is-layout-flow wp-block-quote-is-layout-flow\"><p><em>\u201cEl cannabis no es neurot\u00f3xico, ni mutag\u00e9nico, ni produce parada cardio-respiratoria. Posee un perfil de seguridad m\u00e1s amplio que en otros ejemplos y posee un balance m\u00e1s ajustado de seguridad-eficacia para el tratamiento de m\u00faltiples enfermedades que, en otro caso, necesitar\u00edan una polimedicaci\u00f3n que acarrea efectos secundarios adversos\u201d<\/em><\/p><\/blockquote>\n\n\n\n<p>Por \u00faltimo, la mesa sobre impacto y modelos econ\u00f3micos de la marihuana estuvo al cargo de&nbsp;<strong>Juan Ayala<\/strong>&nbsp;(periodista i economista), Patty Amiguet (representante de REMA y CATFAC) y Juan Moreno (abogado Especialista en Derecho Penal). Ayala resolvi\u00f3:<\/p>\n\n\n\n<blockquote class=\"wp-block-quote is-layout-flow wp-block-quote-is-layout-flow\"><p><em>\u201cHolanda es un modelo de regulaci\u00f3n fallido en t\u00e9rminos de criminalidad. En lugar de ampliar, est\u00e1 reduciendo las libertades que propon\u00eda. En nuestro pa\u00eds podr\u00eda darse una legislaci\u00f3n nueva y excepcional\u201d<\/em><\/p><\/blockquote>\n\n\n\n<p>Desde la llamada&nbsp;<em>Fila 0<\/em>, la voz de asociaciones y colectivos cann\u00e1bicos se hizo notar en los turnos de preguntas. Ana Afuera (ENCOD) se refiri\u00f3 a la&nbsp;<em>\u201cfalsa sensaci\u00f3n de legalidad\u201d<\/em>&nbsp;que actualmente tiene la yerba. Lourdes Ciria (Podemos) pidi\u00f3&nbsp;<em>desestigmatizar<\/em>&nbsp;a los consumidores y&nbsp;<em>perder el miedo<\/em>&nbsp;a que te relacionen con colectivos cann\u00e1bicos. La abogada&nbsp;<strong>Beatriz Macho<\/strong>, aseguraba en declaraciones a&nbsp;<a href=\"https:\/\/www.cannabis.es\">cannabis.es<\/a>&nbsp;que:<\/p>\n\n\n\n<blockquote class=\"wp-block-quote is-layout-flow wp-block-quote-is-layout-flow\"><p><em>\u201cNos falta mucho por decir. Hemos hablado un poco de la realidad social, de la CONFAC y de c\u00f3mo puede ayudar al Estado implementar esta regulaci\u00f3n, pero sabemos que, si se quiere realizar una regulaci\u00f3n integral, se deben incluir a muchos m\u00e1s actores\u201d<\/em><\/p><\/blockquote>\n\n\n\n<p>No debemos olvidar la asistencia y participaci\u00f3n de colectivos como&nbsp;<a href=\"https:\/\/www.facebook.com\/Laovacsc\/\">la OVA<\/a>,&nbsp;<a href=\"http:\/\/www.cannabis.es\/pw\/2018\/05\/07\/mesa-debate-sobre-derechos-universales-y-autocultivo-en-la-amec\/\">AMEC<\/a>,&nbsp;<a href=\"http:\/\/www.regulacionresponsable.es\/\">Regulaci\u00f3n Responsable<\/a>&nbsp;y el estudio jur\u00eddico&nbsp;<a href=\"https:\/\/www.brotsanbert.com\/\">BROTSANBERT.<\/a><\/p>\n\n\n\n<p>Un cogollo rod\u00f3 por encima de una de las mesas de la \u201cCasa de la Democracia\u201d quiz\u00e1 por primera vez. A pesar de eso, ning\u00fan asistente perfum\u00f3 el aire de aquel recinto, al contrario de lo que se ha asegurado desde alg\u00fan medio generalista. De cuando en cuando, se escuchaban los gorjeos de un beb\u00e9 al fondo: Hugo, un jovenc\u00edsimo luchador cann\u00e1bico acompa\u00f1ando a su madre, Patty Amiguet.<\/p>\n\n\n\n<p>La responsabilidad de una regulaci\u00f3n para la yerba ya est\u00e1 en las salas del m\u00e1ximo \u00f3rgano de expresi\u00f3n de todo un pueblo. Es all\u00ed donde los representantes elegidos deben alzar la voz para informar y conseguir legislaciones que incluyan los derechos de todos. Se cerraba una&nbsp;<strong>jornada hist\u00f3rica<\/strong>&nbsp;que demostr\u00f3 que tantas d\u00e9cadas de activismo est\u00e1n empezando a dar sus frutos. Una jornada que cont\u00f3 con grupos y representantes pol\u00edticos que apuestan por la planta y sus consumidores, usuarios terap\u00e9uticos e industria.<br><\/p>\n","protected":false},"excerpt":{"rendered":"<span class=\"span-reading-time rt-reading-time\" style=\"display: block;\"><span class=\"rt-label rt-prefix\">Tiempo de lectura:<\/span> <span class=\"rt-time\"> 3<\/span> <span class=\"rt-label rt-postfix\">minutos<\/span><\/span>Benito D\u00edaz Esto se pone serio: Podemos, Equo, Enmarea, EnCom\u00faPodem e Izquierda Unida debaten la regulaci\u00f3n integral del cannabis en el Congreso de los Diputados. Se inicia la carrera por la legalizaci\u00f3n en Espa\u00f1a: no te quedes atr\u00e1s. Este jueves, 18 de octubre, tuvo lugar en el Congreso de los Diputados una jornada de debate [&hellip;]","protected":false},"author":1,"featured_media":2240,"comment_status":"closed","ping_status":"closed","sticky":false,"template":"","format":"standard","meta":{"loftocean-featured-post":"","loftocean_post_format_gallery":"","loftocean_post_format_gallery_ids":"","loftocean_post_format_gallery_urls":"","loftocean_post_format_video_id":"","loftocean_post_format_video_url":"","loftocean_post_format_video_type":"","loftocean_post_format_video":"","loftocean_post_format_audio_type":"","loftocean_post_format_audio_url":"","loftocean_post_format_audio_id":"","loftocean_post_format_audio":"","loftocean_post_format_quote_text":"","loftocean_post_format_quote_byline":"","loftocean_post_format_link_text":"","loftocean_post_format_link_url":"","ceramag_post_header_style":"","ceramag_enable_background_video":"","ceramag_show_in_top_slider":"","ceramag_post_background_video_start":"","ceramag_post_background_video_end":"","loftocean_page_background_video_id":"","loftocean_page_background_video_url":"","loftocean_page_background_video_type":"","loftocean_page_background_video":"","ceramag_background_video_start":"","ceramag_background_video_end":"","ceramag_single_page_hide_header":"","footnotes":""},"categories":[35,34],"tags":[41,851,690,793,54,40,848,847,56,792,537,850,849],"class_list":["post-2239","post","type-post","status-publish","format-standard","has-post-thumbnail","hentry","category-politica-y-sociedad","category-reportajes","tag-cannabis","tag-congreso","tag-guerra-contra-las-drogas","tag-hacialaregulacionintegral","tag-legalizacion","tag-marihuana","tag-politica-de-drogas","tag-politica-sobre-drogas","tag-regulacion-cannabis","tag-regulacion-del-cannabis","tag-regulacion-integral-del-cannabis","tag-regulacion-responsable","tag-unidos-podemos"],"yoast_head":"<!-- This site is optimized with the Yoast SEO plugin v24.9 - https:\/\/yoast.com\/wordpress\/plugins\/seo\/ -->\n<title>Hacia una regulaci\u00f3n integral del cannabis: jornada en el Congreso de los Diputados<\/title>\n<meta name=\"description\" content=\"Entrada &#8226; Portal multimedia sobre cannabis y otras sustancias &#8226; 22 octubre, 2018\" \/>\n<meta name=\"robots\" content=\"index, follow, max-snippet:-1, max-image-preview:large, max-video-preview:-1\" \/>\n<link rel=\"canonical\" href=\"https:\/\/www.cannabis.es\/pw\/2018\/10\/22\/hacia-una-regulacion-integral-del-cannabis-jornada-en-el-congreso-de-los-diputados\/\" \/>\n<meta name=\"twitter:card\" content=\"summary_large_image\" \/>\n<meta name=\"twitter:title\" content=\"Hacia una regulaci\u00f3n integral del cannabis: jornada en el Congreso de los Diputados\" \/>\n<meta name=\"twitter:description\" content=\"Entrada &#8226; Portal multimedia sobre cannabis y otras sustancias &#8226; 22 octubre, 2018\" \/>\n<meta name=\"twitter:image\" content=\"https:\/\/www.cannabis.es\/pw\/wp-content\/uploads\/2020\/05\/portada_lunes_22_octubre.jpg\" \/>\n<meta name=\"twitter:creator\" content=\"@cannabis_es\" \/>\n<meta name=\"twitter:site\" content=\"@cannabis_es\" \/>\n<meta name=\"twitter:label1\" content=\"Escrito por\" \/>\n\t<meta name=\"twitter:data1\" content=\"Cannabis.es\" \/>\n\t<meta name=\"twitter:label2\" content=\"Tiempo de lectura\" \/>\n\t<meta name=\"twitter:data2\" content=\"5 minutos\" \/>\n<script type=\"application\/ld+json\" class=\"yoast-schema-graph\">{\"@context\":\"https:\/\/schema.org\",\"@graph\":[{\"@type\":\"Article\",\"@id\":\"https:\/\/www.cannabis.es\/pw\/2018\/10\/22\/hacia-una-regulacion-integral-del-cannabis-jornada-en-el-congreso-de-los-diputados\/#article\",\"isPartOf\":{\"@id\":\"https:\/\/www.cannabis.es\/pw\/2018\/10\/22\/hacia-una-regulacion-integral-del-cannabis-jornada-en-el-congreso-de-los-diputados\/\"},\"author\":{\"name\":\"Cannabis.es\",\"@id\":\"https:\/\/www.cannabis.es\/pw\/#\/schema\/person\/e2fbd204580cf4fe74c79b82bc447374\"},\"headline\":\"Hacia una regulaci\u00f3n integral del cannabis: jornada en el Congreso de los Diputados\",\"datePublished\":\"2018-10-22T11:08:46+00:00\",\"dateModified\":\"2020-09-04T11:25:55+00:00\",\"mainEntityOfPage\":{\"@id\":\"https:\/\/www.cannabis.es\/pw\/2018\/10\/22\/hacia-una-regulacion-integral-del-cannabis-jornada-en-el-congreso-de-los-diputados\/\"},\"wordCount\":1015,\"publisher\":{\"@id\":\"https:\/\/www.cannabis.es\/pw\/#organization\"},\"image\":{\"@id\":\"https:\/\/www.cannabis.es\/pw\/2018\/10\/22\/hacia-una-regulacion-integral-del-cannabis-jornada-en-el-congreso-de-los-diputados\/#primaryimage\"},\"thumbnailUrl\":\"https:\/\/www.cannabis.es\/pw\/wp-content\/uploads\/2020\/05\/portada_lunes_22_octubre.jpg\",\"keywords\":[\"cannabis\",\"congreso\",\"guerra contra las drogas\",\"hacialaregulacionintegral\",\"legalizaci\u00f3n\",\"marihuana\",\"pol\u00edtica de drogas\",\"pol\u00edtica sobre drogas\",\"regulaci\u00f3n cannabis\",\"regulaci\u00f3n del cannabis\",\"regulaci\u00f3n integral del cannabis\",\"Regulaci\u00f3n Responsable\",\"Unidos Podemos\"],\"articleSection\":[\"Pol\u00edtica y Sociedad\",\"Reportajes\"],\"inLanguage\":\"es\"},{\"@type\":\"WebPage\",\"@id\":\"https:\/\/www.cannabis.es\/pw\/2018\/10\/22\/hacia-una-regulacion-integral-del-cannabis-jornada-en-el-congreso-de-los-diputados\/\",\"url\":\"https:\/\/www.cannabis.es\/pw\/2018\/10\/22\/hacia-una-regulacion-integral-del-cannabis-jornada-en-el-congreso-de-los-diputados\/\",\"name\":\"Hacia una regulaci\u00f3n integral del cannabis: jornada en el Congreso de los Diputados\",\"isPartOf\":{\"@id\":\"https:\/\/www.cannabis.es\/pw\/#website\"},\"primaryImageOfPage\":{\"@id\":\"https:\/\/www.cannabis.es\/pw\/2018\/10\/22\/hacia-una-regulacion-integral-del-cannabis-jornada-en-el-congreso-de-los-diputados\/#primaryimage\"},\"image\":{\"@id\":\"https:\/\/www.cannabis.es\/pw\/2018\/10\/22\/hacia-una-regulacion-integral-del-cannabis-jornada-en-el-congreso-de-los-diputados\/#primaryimage\"},\"thumbnailUrl\":\"https:\/\/www.cannabis.es\/pw\/wp-content\/uploads\/2020\/05\/portada_lunes_22_octubre.jpg\",\"datePublished\":\"2018-10-22T11:08:46+00:00\",\"dateModified\":\"2020-09-04T11:25:55+00:00\",\"description\":\"Entrada &#8226; Portal multimedia sobre cannabis y otras sustancias &#8226; 22 octubre, 2018\",\"breadcrumb\":{\"@id\":\"https:\/\/www.cannabis.es\/pw\/2018\/10\/22\/hacia-una-regulacion-integral-del-cannabis-jornada-en-el-congreso-de-los-diputados\/#breadcrumb\"},\"inLanguage\":\"es\",\"potentialAction\":[{\"@type\":\"ReadAction\",\"target\":[\"https:\/\/www.cannabis.es\/pw\/2018\/10\/22\/hacia-una-regulacion-integral-del-cannabis-jornada-en-el-congreso-de-los-diputados\/\"]}]},{\"@type\":\"ImageObject\",\"inLanguage\":\"es\",\"@id\":\"https:\/\/www.cannabis.es\/pw\/2018\/10\/22\/hacia-una-regulacion-integral-del-cannabis-jornada-en-el-congreso-de-los-diputados\/#primaryimage\",\"url\":\"https:\/\/www.cannabis.es\/pw\/wp-content\/uploads\/2020\/05\/portada_lunes_22_octubre.jpg\",\"contentUrl\":\"https:\/\/www.cannabis.es\/pw\/wp-content\/uploads\/2020\/05\/portada_lunes_22_octubre.jpg\",\"width\":959,\"height\":475},{\"@type\":\"BreadcrumbList\",\"@id\":\"https:\/\/www.cannabis.es\/pw\/2018\/10\/22\/hacia-una-regulacion-integral-del-cannabis-jornada-en-el-congreso-de-los-diputados\/#breadcrumb\",\"itemListElement\":[{\"@type\":\"ListItem\",\"position\":1,\"name\":\"Portada\",\"item\":\"http:\/\/www.cannabis.es\/pw\/\"},{\"@type\":\"ListItem\",\"position\":2,\"name\":\"Hacia una regulaci\u00f3n integral del cannabis: jornada en el Congreso de los Diputados\"}]},{\"@type\":\"WebSite\",\"@id\":\"https:\/\/www.cannabis.es\/pw\/#website\",\"url\":\"https:\/\/www.cannabis.es\/pw\/\",\"name\":\"Cannabis\",\"description\":\"Portal multimedia sobre cannabis y otras sustancias\",\"publisher\":{\"@id\":\"https:\/\/www.cannabis.es\/pw\/#organization\"},\"potentialAction\":[{\"@type\":\"SearchAction\",\"target\":{\"@type\":\"EntryPoint\",\"urlTemplate\":\"https:\/\/www.cannabis.es\/pw\/?s={search_term_string}\"},\"query-input\":{\"@type\":\"PropertyValueSpecification\",\"valueRequired\":true,\"valueName\":\"search_term_string\"}}],\"inLanguage\":\"es\"},{\"@type\":\"Organization\",\"@id\":\"https:\/\/www.cannabis.es\/pw\/#organization\",\"name\":\"Cannabis.es\",\"url\":\"https:\/\/www.cannabis.es\/pw\/\",\"logo\":{\"@type\":\"ImageObject\",\"inLanguage\":\"es\",\"@id\":\"https:\/\/www.cannabis.es\/pw\/#\/schema\/logo\/image\/\",\"url\":\"https:\/\/www.cannabis.es\/pw\/wp-content\/uploads\/2019\/04\/cropped-logo_cannabis.png\",\"contentUrl\":\"https:\/\/www.cannabis.es\/pw\/wp-content\/uploads\/2019\/04\/cropped-logo_cannabis.png\",\"width\":361,\"height\":120,\"caption\":\"Cannabis.es\"},\"image\":{\"@id\":\"https:\/\/www.cannabis.es\/pw\/#\/schema\/logo\/image\/\"},\"sameAs\":[\"https:\/\/x.com\/cannabis_es\"]},{\"@type\":\"Person\",\"@id\":\"https:\/\/www.cannabis.es\/pw\/#\/schema\/person\/e2fbd204580cf4fe74c79b82bc447374\",\"name\":\"Cannabis.es\",\"image\":{\"@type\":\"ImageObject\",\"inLanguage\":\"es\",\"@id\":\"https:\/\/www.cannabis.es\/pw\/#\/schema\/person\/image\/\",\"url\":\"https:\/\/secure.gravatar.com\/avatar\/4375b1eb6e272e2e48a4b8a8def52e5f208151f555bb5906da616906ee6dd2e8?s=96&d=mm&r=g\",\"contentUrl\":\"https:\/\/secure.gravatar.com\/avatar\/4375b1eb6e272e2e48a4b8a8def52e5f208151f555bb5906da616906ee6dd2e8?s=96&d=mm&r=g\",\"caption\":\"Cannabis.es\"},\"url\":\"https:\/\/www.cannabis.es\/pw\/author\/cannabis\/\"}]}<\/script>\n<!-- \/ Yoast SEO plugin. -->","yoast_head_json":{"title":"Hacia una regulaci\u00f3n integral del cannabis: jornada en el Congreso de los Diputados","description":"Entrada &#8226; Portal multimedia sobre cannabis y otras sustancias &#8226; 22 octubre, 2018","robots":{"index":"index","follow":"follow","max-snippet":"max-snippet:-1","max-image-preview":"max-image-preview:large","max-video-preview":"max-video-preview:-1"},"canonical":"https:\/\/www.cannabis.es\/pw\/2018\/10\/22\/hacia-una-regulacion-integral-del-cannabis-jornada-en-el-congreso-de-los-diputados\/","twitter_card":"summary_large_image","twitter_title":"Hacia una regulaci\u00f3n integral del cannabis: jornada en el Congreso de los Diputados","twitter_description":"Entrada &#8226; Portal multimedia sobre cannabis y otras sustancias &#8226; 22 octubre, 2018","twitter_image":"https:\/\/www.cannabis.es\/pw\/wp-content\/uploads\/2020\/05\/portada_lunes_22_octubre.jpg","twitter_creator":"@cannabis_es","twitter_site":"@cannabis_es","twitter_misc":{"Escrito por":"Cannabis.es","Tiempo de lectura":"5 minutos"},"schema":{"@context":"https:\/\/schema.org","@graph":[{"@type":"Article","@id":"https:\/\/www.cannabis.es\/pw\/2018\/10\/22\/hacia-una-regulacion-integral-del-cannabis-jornada-en-el-congreso-de-los-diputados\/#article","isPartOf":{"@id":"https:\/\/www.cannabis.es\/pw\/2018\/10\/22\/hacia-una-regulacion-integral-del-cannabis-jornada-en-el-congreso-de-los-diputados\/"},"author":{"name":"Cannabis.es","@id":"https:\/\/www.cannabis.es\/pw\/#\/schema\/person\/e2fbd204580cf4fe74c79b82bc447374"},"headline":"Hacia una regulaci\u00f3n integral del cannabis: jornada en el Congreso de los Diputados","datePublished":"2018-10-22T11:08:46+00:00","dateModified":"2020-09-04T11:25:55+00:00","mainEntityOfPage":{"@id":"https:\/\/www.cannabis.es\/pw\/2018\/10\/22\/hacia-una-regulacion-integral-del-cannabis-jornada-en-el-congreso-de-los-diputados\/"},"wordCount":1015,"publisher":{"@id":"https:\/\/www.cannabis.es\/pw\/#organization"},"image":{"@id":"https:\/\/www.cannabis.es\/pw\/2018\/10\/22\/hacia-una-regulacion-integral-del-cannabis-jornada-en-el-congreso-de-los-diputados\/#primaryimage"},"thumbnailUrl":"https:\/\/www.cannabis.es\/pw\/wp-content\/uploads\/2020\/05\/portada_lunes_22_octubre.jpg","keywords":["cannabis","congreso","guerra contra las drogas","hacialaregulacionintegral","legalizaci\u00f3n","marihuana","pol\u00edtica de drogas","pol\u00edtica sobre drogas","regulaci\u00f3n cannabis","regulaci\u00f3n del cannabis","regulaci\u00f3n integral del cannabis","Regulaci\u00f3n Responsable","Unidos Podemos"],"articleSection":["Pol\u00edtica y Sociedad","Reportajes"],"inLanguage":"es"},{"@type":"WebPage","@id":"https:\/\/www.cannabis.es\/pw\/2018\/10\/22\/hacia-una-regulacion-integral-del-cannabis-jornada-en-el-congreso-de-los-diputados\/","url":"https:\/\/www.cannabis.es\/pw\/2018\/10\/22\/hacia-una-regulacion-integral-del-cannabis-jornada-en-el-congreso-de-los-diputados\/","name":"Hacia una regulaci\u00f3n integral del cannabis: jornada en el Congreso de los Diputados","isPartOf":{"@id":"https:\/\/www.cannabis.es\/pw\/#website"},"primaryImageOfPage":{"@id":"https:\/\/www.cannabis.es\/pw\/2018\/10\/22\/hacia-una-regulacion-integral-del-cannabis-jornada-en-el-congreso-de-los-diputados\/#primaryimage"},"image":{"@id":"https:\/\/www.cannabis.es\/pw\/2018\/10\/22\/hacia-una-regulacion-integral-del-cannabis-jornada-en-el-congreso-de-los-diputados\/#primaryimage"},"thumbnailUrl":"https:\/\/www.cannabis.es\/pw\/wp-content\/uploads\/2020\/05\/portada_lunes_22_octubre.jpg","datePublished":"2018-10-22T11:08:46+00:00","dateModified":"2020-09-04T11:25:55+00:00","description":"Entrada &#8226; Portal multimedia sobre cannabis y otras sustancias &#8226; 22 octubre, 2018","breadcrumb":{"@id":"https:\/\/www.cannabis.es\/pw\/2018\/10\/22\/hacia-una-regulacion-integral-del-cannabis-jornada-en-el-congreso-de-los-diputados\/#breadcrumb"},"inLanguage":"es","potentialAction":[{"@type":"ReadAction","target":["https:\/\/www.cannabis.es\/pw\/2018\/10\/22\/hacia-una-regulacion-integral-del-cannabis-jornada-en-el-congreso-de-los-diputados\/"]}]},{"@type":"ImageObject","inLanguage":"es","@id":"https:\/\/www.cannabis.es\/pw\/2018\/10\/22\/hacia-una-regulacion-integral-del-cannabis-jornada-en-el-congreso-de-los-diputados\/#primaryimage","url":"https:\/\/www.cannabis.es\/pw\/wp-content\/uploads\/2020\/05\/portada_lunes_22_octubre.jpg","contentUrl":"https:\/\/www.cannabis.es\/pw\/wp-content\/uploads\/2020\/05\/portada_lunes_22_octubre.jpg","width":959,"height":475},{"@type":"BreadcrumbList","@id":"https:\/\/www.cannabis.es\/pw\/2018\/10\/22\/hacia-una-regulacion-integral-del-cannabis-jornada-en-el-congreso-de-los-diputados\/#breadcrumb","itemListElement":[{"@type":"ListItem","position":1,"name":"Portada","item":"http:\/\/www.cannabis.es\/pw\/"},{"@type":"ListItem","position":2,"name":"Hacia una regulaci\u00f3n integral del cannabis: jornada en el Congreso de los Diputados"}]},{"@type":"WebSite","@id":"https:\/\/www.cannabis.es\/pw\/#website","url":"https:\/\/www.cannabis.es\/pw\/","name":"Cannabis","description":"Portal multimedia sobre cannabis y otras sustancias","publisher":{"@id":"https:\/\/www.cannabis.es\/pw\/#organization"},"potentialAction":[{"@type":"SearchAction","target":{"@type":"EntryPoint","urlTemplate":"https:\/\/www.cannabis.es\/pw\/?s={search_term_string}"},"query-input":{"@type":"PropertyValueSpecification","valueRequired":true,"valueName":"search_term_string"}}],"inLanguage":"es"},{"@type":"Organization","@id":"https:\/\/www.cannabis.es\/pw\/#organization","name":"Cannabis.es","url":"https:\/\/www.cannabis.es\/pw\/","logo":{"@type":"ImageObject","inLanguage":"es","@id":"https:\/\/www.cannabis.es\/pw\/#\/schema\/logo\/image\/","url":"https:\/\/www.cannabis.es\/pw\/wp-content\/uploads\/2019\/04\/cropped-logo_cannabis.png","contentUrl":"https:\/\/www.cannabis.es\/pw\/wp-content\/uploads\/2019\/04\/cropped-logo_cannabis.png","width":361,"height":120,"caption":"Cannabis.es"},"image":{"@id":"https:\/\/www.cannabis.es\/pw\/#\/schema\/logo\/image\/"},"sameAs":["https:\/\/x.com\/cannabis_es"]},{"@type":"Person","@id":"https:\/\/www.cannabis.es\/pw\/#\/schema\/person\/e2fbd204580cf4fe74c79b82bc447374","name":"Cannabis.es","image":{"@type":"ImageObject","inLanguage":"es","@id":"https:\/\/www.cannabis.es\/pw\/#\/schema\/person\/image\/","url":"https:\/\/secure.gravatar.com\/avatar\/4375b1eb6e272e2e48a4b8a8def52e5f208151f555bb5906da616906ee6dd2e8?s=96&d=mm&r=g","contentUrl":"https:\/\/secure.gravatar.com\/avatar\/4375b1eb6e272e2e48a4b8a8def52e5f208151f555bb5906da616906ee6dd2e8?s=96&d=mm&r=g","caption":"Cannabis.es"},"url":"https:\/\/www.cannabis.es\/pw\/author\/cannabis\/"}]}},"_links":{"self":[{"href":"https:\/\/www.cannabis.es\/pw\/wp-json\/wp\/v2\/posts\/2239","targetHints":{"allow":["GET"]}}],"collection":[{"href":"https:\/\/www.cannabis.es\/pw\/wp-json\/wp\/v2\/posts"}],"about":[{"href":"https:\/\/www.cannabis.es\/pw\/wp-json\/wp\/v2\/types\/post"}],"author":[{"embeddable":true,"href":"https:\/\/www.cannabis.es\/pw\/wp-json\/wp\/v2\/users\/1"}],"replies":[{"embeddable":true,"href":"https:\/\/www.cannabis.es\/pw\/wp-json\/wp\/v2\/comments?post=2239"}],"version-history":[{"count":3,"href":"https:\/\/www.cannabis.es\/pw\/wp-json\/wp\/v2\/posts\/2239\/revisions"}],"predecessor-version":[{"id":4963,"href":"https:\/\/www.cannabis.es\/pw\/wp-json\/wp\/v2\/posts\/2239\/revisions\/4963"}],"wp:featuredmedia":[{"embeddable":true,"href":"https:\/\/www.cannabis.es\/pw\/wp-json\/wp\/v2\/media\/2240"}],"wp:attachment":[{"href":"https:\/\/www.cannabis.es\/pw\/wp-json\/wp\/v2\/media?parent=2239"}],"wp:term":[{"taxonomy":"category","embeddable":true,"href":"https:\/\/www.cannabis.es\/pw\/wp-json\/wp\/v2\/categories?post=2239"},{"taxonomy":"post_tag","embeddable":true,"href":"https:\/\/www.cannabis.es\/pw\/wp-json\/wp\/v2\/tags?post=2239"}],"curies":[{"name":"wp","href":"https:\/\/api.w.org\/{rel}","templated":true}]}}