{"id":2242,"date":"2018-10-19T13:14:20","date_gmt":"2018-10-19T11:14:20","guid":{"rendered":"http:\/\/www.cannabis.es\/pw\/?p=2242"},"modified":"2020-09-04T13:26:19","modified_gmt":"2020-09-04T11:26:19","slug":"alberto-gayo-la-legalizacion-es-un-tema-inminente","status":"publish","type":"post","link":"https:\/\/www.cannabis.es\/pw\/2018\/10\/19\/alberto-gayo-la-legalizacion-es-un-tema-inminente\/","title":{"rendered":"Alberto Gayo: \u201cLa legalizaci\u00f3n es un tema inminente\u201d"},"content":{"rendered":"\n<p>Benito D\u00edaz<\/p>\n\n\n\n<p>Escritor,&nbsp;<em>collagista&nbsp;<\/em>y&nbsp;periodista de raza curtido en medios como Intervi\u00fa o Diario 16, Alberto Gayo&nbsp;es tambi\u00e9n un especialista&nbsp;contando historias sobre sustancias psicoactivas.&nbsp;Una entrevista de&nbsp;<a href=\"https:\/\/www.cannabis.es\">cannabis.es<\/a>&nbsp;a un autor&nbsp;con hasta 80 art\u00edculos en&nbsp;esta&nbsp;materia.<\/p>\n\n\n\n<hr class=\"wp-block-separator\"\/>\n\n\n\n<p>Me encuentro con Alberto Gayo (Madrid, 1968) en un c\u00e9ntrico parque de Madrid. El calor nos lleva a sentarnos en un banco cobijado por escasa sombra. Amante declarado del barrio de Lavapi\u00e9s, confiesa su devoci\u00f3n por las motocicletas, las sustancias psicoactivas, el arte y el Athletic Club.<\/p>\n\n\n\n<h3 class=\"wp-block-heading\"><strong>C. \u2014 \u00bfCu\u00e1l es tu primer recuerdo relacionado con el mundo del Cannabis?<\/strong><\/h3>\n\n\n\n<p>AG. \u2014 En lo&nbsp;<strong>personal<\/strong>, los porros de la adolescencia, con 17 o 18 a\u00f1os en el Retiro. All\u00ed hab\u00eda gente que pasaba hach\u00eds. Marihuana no hab\u00eda\u2026 as\u00ed que fue lo primero que prob\u00e9.&nbsp;<strong>Profesionalmente<\/strong>, la primera vez que escrib\u00ed sobre Cannabis es en el a\u00f1o 96. Lo hice en Intervi\u00fa, ven\u00eda de Diario 16. En Intervi\u00fa hac\u00eda mucho tiempo que no se tocaba el tema de las sustancias psicoactivas de manera continua.<\/p>\n\n\n\n<p>Recuerdo que fui a&nbsp;<a href=\"http:\/\/www.cannabis.es\/pw\/2017\/11\/21\/manuel-guzman-para-muchos-profesionales-el-sistema-endocannabinoide-es-un-gran-desconocido\/\">entrevistar a Manuel Guzm\u00e1n<\/a>, que, en aquel momento, era un joven investigador de la Complutense que ya estaba analizando los principios activos del cannabis para tratar el glioblastoma, una clase de tumor cerebral letal. Guzm\u00e1n era un hombre muy joven, y ya hab\u00eda conseguido demostrar que estos cannabinoides eran beneficiosos para la terapia, logrando reducir, e incluso detener, el crecimiento de los tumores y en algunos casos, adem\u00e1s, regenerarlos. Me pareci\u00f3 realmente extraordinario.&nbsp;<strong>Eran finales de los 90<\/strong>&nbsp;y ten\u00edamos un cient\u00edfico investigando los efectos terap\u00e9uticos del&nbsp;cannabis. Desde entonces, empec\u00e9 a escribir y a interesarme por el tema del&nbsp;cannabis y otras sustancias.<\/p>\n\n\n\n<h3 class=\"wp-block-heading\"><strong>C. \u2014 \u00bfC\u00f3mo llega un periodista a especializarse en el \u00e1mbito de las sustancias psicoactivas?<\/strong><\/h3>\n\n\n\n<p>AG. \u2014 Yo tambi\u00e9n me lo pregunto a veces. Ven\u00eda de Diario 16, donde cubr\u00eda informaci\u00f3n sobre sucesos y justicia durante los 90.&nbsp;Cuando entr\u00e9 a trabajar&nbsp;en Intervi\u00fa, conoc\u00ed a la gente de Energy Control,&nbsp;una ONG que se hab\u00eda creado el a\u00f1o anterior.&nbsp;Concretamente&nbsp;a Josep Rovira, que en ese momento era su representante. Me di cuenta de que ellos trataban la<strong>&nbsp;informaci\u00f3n sobre drogas de otra manera<\/strong>.<\/p>\n\n\n\n<p>No me atrever\u00eda a decir que Intervi\u00fa fuese pionera en el tratamiento de estas informaciones, aunque ya en los 70 hac\u00edan reportajes sobre el LSD,&nbsp;llegando incluso a probar&nbsp;la sustancia.&nbsp;Y es que a&nbsp;finales de los 90, el enfoque que se hac\u00eda sobre drogas en las publicaciones estaba muy vinculado a una sola fuente, la policial: los decomisos, operaciones antidroga, las mafias\u2026 Hab\u00eda grandes profesionales contando aquellas historias, pero siempre<strong>&nbsp;parec\u00eda que faltaba contar la parte de investigaci\u00f3n cient\u00edfica y del consumidor<\/strong>.<\/p>\n\n\n\n<p>Descubr\u00ed que, en&nbsp;<a href=\"https:\/\/energycontrol.org\/\">Energy Control<\/a>, adem\u00e1s de consumidores hab\u00eda tambi\u00e9n expertos. Me puse manos a la obra: realizando reportajes con el punto de vista de Energy Control, hablando con camellos, con consumidores\u2026 Intent\u00e9 buscar todas las \u00e1reas que tocaban el mundo de las sustancias psicoactivas. A la direcci\u00f3n de la revista le gust\u00f3 y, muchos de los art\u00edculos que hac\u00eda, no solo de&nbsp;cannabis, sino tambi\u00e9n de&nbsp;\u00e9xtasis&nbsp;o&nbsp;ketamina, fueron recogidos en portada. A lo largo de estos \u00faltimos 20 a\u00f1os, he podido realizar unos&nbsp;<strong>80 art\u00edculos<\/strong>, reportajes&nbsp;<strong>monogr\u00e1ficos<\/strong>,&nbsp;etc.&nbsp;Aprend\u00ed much\u00edsimo.&nbsp;Espero que a la gente tambi\u00e9n le haya servido.<\/p>\n\n\n\n<figure class=\"wp-block-image\"><img decoding=\"async\" src=\"https:\/\/www.cannabis.es\/web\/images\/galeria_viernes_19_octubre.jpg\" alt=\"\"\/><\/figure>\n\n\n\n<h3 class=\"wp-block-heading\"><strong>C. \u2014 \u00bfCu\u00e1l de entre todos los art\u00edculos que has realizado a este respecto crees que ha tenido m\u00e1s impacto?<\/strong><\/h3>\n\n\n\n<p>AG. \u2014 Como impacto medi\u00e1tico, supongo que han sido los que tienen que ver con an\u00e1lisis. Quiz\u00e1s en el que analiz\u00e1bamos&nbsp;<strong>agua de distintos r\u00edos<\/strong>&nbsp;para ver el porcentaje de metabolitos de coca\u00edna que hab\u00eda en aquel momento. Es un tipo de examen que tambi\u00e9n se hizo en Alemania e Italia. El an\u00e1lisis de billetes tambi\u00e9n result\u00f3 bastante interesante. Verdad que arrojaba resultados no totalmente confiables, pero s\u00ed que era cierto que, aun cogiendo los billetes del cajero o de comercios con guantes, todos ten\u00edan unos importantes porcentajes de metabolitos. Daban titulares muy chocantes, como&nbsp;<strong>\u201cbilletes con coca\u00edna\u201d<\/strong>. Se hablaba mucho de ellos.<\/p>\n\n\n\n<h3 class=\"wp-block-heading\"><strong>C. \u2014 \u00bfQu\u00e9 piensas del tratamiento que dan los grandes medios al tema del&nbsp;<\/strong><strong>c<\/strong><strong>annabis?<\/strong><\/h3>\n\n\n\n<p>AG. \u2014 Creo que<strong>&nbsp;ha cambiado<\/strong>. Antes era muy dif\u00edcil ver a un periodista hablando con consumidores en un medio o publicaci\u00f3n de tirada nacional. En la televisi\u00f3n todav\u00eda se ve<strong>&nbsp;cierto sensacionalismo<\/strong>&nbsp;al hablar sobre la marihuana terap\u00e9utica con cient\u00edficos, pero creo que, en general, se ha cambiado mucho el punto de vista. Aunque sube y baja de intensidad, aqu\u00ed, un pa\u00eds donde el consumo es generalizado, se deber\u00eda de tener mucha<strong>&nbsp;m\u00e1s informaci\u00f3n<\/strong>&nbsp;sobre lo que es el cannabis, sus propiedades, sus riesgos o la gesti\u00f3n de placeres.<\/p>\n\n\n\n<h3 class=\"wp-block-heading\"><strong>C. \u2014 \u00bfQu\u00e9 opinas sobre la llamada \u201c<\/strong><strong>g<\/strong><strong>uerra contra las drogas\u201d en Espa\u00f1a?<\/strong><\/h3>\n\n\n\n<p>AG. \u2014Desde mi punto de vista, en Espa\u00f1a y en cualquier parte del mundo, todos, desde presidentes de gobierno&nbsp;hasta&nbsp;premios Nobel, coinciden en que se ha perdido. Profesionales, terapeutas, agentes sociales, colectivos de reducci\u00f3n de da\u00f1os, gran parte de la clase pol\u00edtica, est\u00e1n de acuerdo con que&nbsp;<strong>no ha servido para nada<\/strong>. El otro&nbsp;d\u00eda&nbsp;le\u00ed en alg\u00fan sitio que, en Espa\u00f1a, la<strong>&nbsp;partida presupuestaria<\/strong>&nbsp;destinada al Plan Nacional Sobre Drogas y&nbsp;a&nbsp;las Fuerzas de Seguridad para intentar atajar el flujo de consumo de sustancias ilegales, es inmenso. Habr\u00eda que probar otra cosa. En algunos pa\u00edses se han centrado en la parte terap\u00e9utica, \u201creguladora\u201d o \u201clegalizadora\u201d. No entiendo por qu\u00e9 en Espa\u00f1a, precursora en la gesti\u00f3n de riesgos con&nbsp;<strong>organizaciones<\/strong>&nbsp;como Energy Control,&nbsp;<a href=\"http:\/\/www.ailaket.com\/\">Ai Laket,<\/a>&nbsp;<a href=\"http:\/\/www.hegoak.org\/\">Egoak<\/a>,&nbsp;etc.,&nbsp;no se ha tenido en cuenta que fueron&nbsp;<strong>puestas como ejemplo internacional<\/strong>, dadas sus diferencias en pol\u00edticas, que inclu\u00edan cuidar del consumidor&nbsp;y&nbsp;regularizar los clubes cann\u00e1bicos. Viendo la apertura de las pol\u00edticas hacia otros sectores, me llama la atenci\u00f3n que no se haya regulado todav\u00eda, al menos en su vertiente terap\u00e9utica o de sector de negocio.<\/p>\n\n\n\n<h3 class=\"wp-block-heading\"><strong>C. \u2014Entonces, \u00bfpiensas que la legalizaci\u00f3n es un tema inminente?<\/strong><\/h3>\n\n\n\n<p>AG. \u2014 \u00a1Creo que va a caer por su propio peso! Es cierto que, en Europa, no hay tantos pa\u00edses que dan el paso; se est\u00e1 dando m\u00e1s en EEUU, Centro y Suram\u00e9rica. En Europa deber\u00edamos dar el paso. En gran parte de los partidos hay una voluntad de regularizar. Estoy seguro de que una gran parte del PSOE estar\u00eda de acuerdo en regular. Al menos, a su manera. Podemos se mostr\u00f3 a favor de la normalizaci\u00f3n. Ciudadanos tambi\u00e9n ha hecho un acercamiento, quiz\u00e1 desde un punto de vista m\u00e1s liberal. El Partido Popular siempre ha estado en contra, pero en alg\u00fan momento se tendr\u00e1 que tratar. Es tan convulsa la actividad pol\u00edtica que, al final, este tema se trata como algo menor. Un d\u00eda se dar\u00e1n cuenta de que<strong>&nbsp;la sociedad ha cambiado<\/strong>&nbsp;y les lleva la delantera.<\/p>\n\n\n\n<h3 class=\"wp-block-heading\"><strong>C. \u2014 \u00bfConoces la Asociaci\u00f3n Madrile\u00f1a de Estudios sobre el Cannabis? \u00bfParticipas en el Observatorio Espa\u00f1ol de Cannabis Medicinal? \u00bfLo har\u00e1s en un futuro?<\/strong><\/h3>\n\n\n\n<p>AG. \u2014 Son dos cosas distintas. Conozco a gran parte de la gente que integra<a href=\"http:\/\/oedcm.com\/NUEVAWEBOEDCM\/\">&nbsp;el OEDCM<\/a>:&nbsp;Manuel Guzm\u00e1n, Carola P\u00e9rez, y a gran parte de las investigadoras e investigadores. Estoy a favor de que se investigue, cuanto m\u00e1s mejor. Asociaciones cann\u00e1bicas, conozco muchas por toda Espa\u00f1a. Desde las primeras que se abrieron en Bilbao, perseguidas y juzgadas, como&nbsp;<a href=\"http:\/\/www.cannabis.es\/pw\/2018\/07\/28\/asociacion-pannagh-absuelta-por-el-tribunal-supremo\/\">Pannagh<\/a>, las&nbsp;de Catalu\u00f1a, Madrid\u2026&nbsp;El a\u00f1o pasado&nbsp;<a href=\"http:\/\/www.cannabis.es\/pw\/2017\/10\/16\/la-casa-de-campo-acoge-por-primera-vez-el-evento-cannabico-en-la-capital\/\">particip\u00e9 en Spannabis,<\/a>&nbsp;pero no suelo colaborar con clubes. Aunque, si en un futuro me quisieran llamar, estar\u00eda encantado.<\/p>\n\n\n\n<h3 class=\"wp-block-heading\"><strong>C. \u2014 \u00bfQu\u00e9 opinas sobre la acogida de los grupos pol\u00edticos a las propuestas de organizaciones tales&nbsp;<\/strong><a href=\"https:\/\/www.regulacionresponsable.es\/\"><strong>como Regulaci\u00f3n Responsable<\/strong><\/a><strong>&nbsp;y sus Cinco Pilares?<\/strong><\/h3>\n\n\n\n<p>AG. \u2014 Me parece que es un avance que hayan conseguido llegar hasta el Congreso para entrevistarse con los representantes y exponer un proyecto que parece serio. Un proyecto muy trabajado, con juristas detr\u00e1s, terapeutas, psic\u00f3logos\u2026 Est\u00e1 Araceli Manj\u00f3n, segunda del Plan Nacional Sobre Drogas, apoyando todo esto. Es un&nbsp;<strong>buen paso<\/strong>.<\/p>\n\n\n\n<h3 class=\"wp-block-heading\"><strong>C. \u2014 Tengo entendido que acabas de volver de una exposici\u00f3n en el&nbsp;<\/strong><strong>s<\/strong><strong>ur, \u00bfqu\u00e9 puedes contarnos sobre tu faceta de artista-collagista?<\/strong><\/h3>\n\n\n\n<p>AG. \u2014 Es una vena que tengo desde peque\u00f1o. Siempre he utilizado el mundo del arte como terapia, para rebajar el estr\u00e9s. Y, desde hace diez a\u00f1os, he ido montando exposiciones de collage, que es una t\u00e9cnica que me apasiona. \u00daltimamente, he abandonado el soporte cl\u00e1sico y utilizo platos de comer. Este verano, justo despu\u00e9s de cerrar Intervi\u00fa, he tenido tres exposiciones. Una en Barcelona, donde mezclaba&nbsp;<strong>erotismo, pornograf\u00eda y poes\u00eda<\/strong>. Luego, otra, en el Cabo de Gata. Y otra, en Salobre\u00f1a, con los&nbsp;<strong>\u201ccollage emplatados\u201d<\/strong>. Por ahora, no deja de ser una terapia-hobby, pero a la gente parece que le est\u00e1 empezando a gustar y compra las obras.<\/p>\n\n\n\n<h3 class=\"wp-block-heading\"><strong>C. \u2014 \u00bfEs el mundo del collage tu nueva meta de futuro?<\/strong><\/h3>\n\n\n\n<p>AG. \u2014 No, quiero seguir siendo periodista, porque a m\u00ed lo que me gusta es contar historias. Por eso mantengo un blog en activo y acabo de empezar a colaborar con El Pa\u00eds, con Tinta Libre de Infolibre, Man on the Moon\u2026 Quiero seguir contando historias, pero el periodismo de ahora ha cambiado mucho. Hay muchos m\u00e1s medios y manda lo digital. Me gustar\u00eda que lo que mandase fuera contar buenas historias y, si se pueden contar muchas al a\u00f1o, pues mejor.<\/p>\n\n\n\n<p><em>Pueden ampliar informaci\u00f3n sobre el trabajo de Alberto Gayo&nbsp;<\/em><a href=\"https:\/\/albertogayo.blog\/\"><em>en su blog<\/em><\/a><em>,&nbsp;<\/em><a href=\"https:\/\/twitter.com\/Alberto_Gayo\"><em>Twitter<\/em><\/a><em>,&nbsp;<\/em><a href=\"https:\/\/www.instagram.com\/alberto_gayo\/\"><em>Instagram<\/em><\/a><em>&nbsp;y&nbsp;<\/em><em><a href=\"https:\/\/www.facebook.com\/albgayo\">Fa<\/a>cebook.<\/em><\/p>\n","protected":false},"excerpt":{"rendered":"<span class=\"span-reading-time rt-reading-time\" style=\"display: block;\"><span class=\"rt-label rt-prefix\">Tiempo de lectura:<\/span> <span class=\"rt-time\"> 5<\/span> <span class=\"rt-label rt-postfix\">minutos<\/span><\/span>Benito D\u00edaz Escritor,&nbsp;collagista&nbsp;y&nbsp;periodista de raza curtido en medios como Intervi\u00fa o Diario 16, Alberto Gayo&nbsp;es tambi\u00e9n un especialista&nbsp;contando historias sobre sustancias psicoactivas.&nbsp;Una entrevista de&nbsp;cannabis.es&nbsp;a un autor&nbsp;con hasta 80 art\u00edculos en&nbsp;esta&nbsp;materia. Me encuentro con Alberto Gayo (Madrid, 1968) en un c\u00e9ntrico parque de Madrid. El calor nos lleva a sentarnos en un banco cobijado por escasa [&hellip;]","protected":false},"author":1,"featured_media":2243,"comment_status":"closed","ping_status":"closed","sticky":false,"template":"","format":"standard","meta":{"loftocean-featured-post":"","loftocean_post_format_gallery":"","loftocean_post_format_gallery_ids":"","loftocean_post_format_gallery_urls":"","loftocean_post_format_video_id":"","loftocean_post_format_video_url":"","loftocean_post_format_video_type":"","loftocean_post_format_video":"","loftocean_post_format_audio_type":"","loftocean_post_format_audio_url":"","loftocean_post_format_audio_id":"","loftocean_post_format_audio":"","loftocean_post_format_quote_text":"","loftocean_post_format_quote_byline":"","loftocean_post_format_link_text":"","loftocean_post_format_link_url":"","ceramag_post_header_style":"","ceramag_enable_background_video":"","ceramag_show_in_top_slider":"","ceramag_post_background_video_start":"","ceramag_post_background_video_end":"","loftocean_page_background_video_id":"","loftocean_page_background_video_url":"","loftocean_page_background_video_type":"","loftocean_page_background_video":"","ceramag_background_video_start":"","ceramag_background_video_end":"","ceramag_single_page_hide_header":"","footnotes":""},"categories":[33],"tags":[808,716,799,54,853,852,59],"class_list":["post-2242","post","type-post","status-publish","format-standard","has-post-thumbnail","hentry","category-entrevistas","tag-activismo-cannabico","tag-entrevista","tag-historia","tag-legalizacion","tag-literaturacannabica","tag-personalidades-del-cannabis","tag-prohibicionismo"],"yoast_head":"<!-- This site is optimized with the Yoast SEO plugin v24.9 - https:\/\/yoast.com\/wordpress\/plugins\/seo\/ -->\n<title>Alberto Gayo: \u201cLa legalizaci\u00f3n es un tema inminente\u201d<\/title>\n<meta name=\"description\" content=\"Entrada &#8226; Portal multimedia sobre cannabis y otras sustancias &#8226; 19 octubre, 2018\" \/>\n<meta name=\"robots\" content=\"index, follow, max-snippet:-1, max-image-preview:large, max-video-preview:-1\" \/>\n<link rel=\"canonical\" href=\"https:\/\/www.cannabis.es\/pw\/2018\/10\/19\/alberto-gayo-la-legalizacion-es-un-tema-inminente\/\" \/>\n<meta name=\"twitter:card\" content=\"summary_large_image\" \/>\n<meta name=\"twitter:title\" content=\"Alberto Gayo: \u201cLa legalizaci\u00f3n es un tema inminente\u201d\" \/>\n<meta name=\"twitter:description\" content=\"Entrada &#8226; Portal multimedia sobre cannabis y otras sustancias &#8226; 19 octubre, 2018\" \/>\n<meta name=\"twitter:image\" content=\"https:\/\/www.cannabis.es\/pw\/wp-content\/uploads\/2020\/05\/portada_viernes_19_octubre.jpg\" \/>\n<meta name=\"twitter:creator\" content=\"@cannabis_es\" \/>\n<meta name=\"twitter:site\" content=\"@cannabis_es\" \/>\n<meta name=\"twitter:label1\" content=\"Escrito por\" \/>\n\t<meta name=\"twitter:data1\" content=\"Cannabis.es\" \/>\n\t<meta name=\"twitter:label2\" content=\"Tiempo de lectura\" \/>\n\t<meta name=\"twitter:data2\" content=\"9 minutos\" \/>\n<script type=\"application\/ld+json\" class=\"yoast-schema-graph\">{\"@context\":\"https:\/\/schema.org\",\"@graph\":[{\"@type\":\"Article\",\"@id\":\"https:\/\/www.cannabis.es\/pw\/2018\/10\/19\/alberto-gayo-la-legalizacion-es-un-tema-inminente\/#article\",\"isPartOf\":{\"@id\":\"https:\/\/www.cannabis.es\/pw\/2018\/10\/19\/alberto-gayo-la-legalizacion-es-un-tema-inminente\/\"},\"author\":{\"name\":\"Cannabis.es\",\"@id\":\"https:\/\/www.cannabis.es\/pw\/#\/schema\/person\/e2fbd204580cf4fe74c79b82bc447374\"},\"headline\":\"Alberto Gayo: \u201cLa legalizaci\u00f3n es un tema inminente\u201d\",\"datePublished\":\"2018-10-19T11:14:20+00:00\",\"dateModified\":\"2020-09-04T11:26:19+00:00\",\"mainEntityOfPage\":{\"@id\":\"https:\/\/www.cannabis.es\/pw\/2018\/10\/19\/alberto-gayo-la-legalizacion-es-un-tema-inminente\/\"},\"wordCount\":1763,\"publisher\":{\"@id\":\"https:\/\/www.cannabis.es\/pw\/#organization\"},\"image\":{\"@id\":\"https:\/\/www.cannabis.es\/pw\/2018\/10\/19\/alberto-gayo-la-legalizacion-es-un-tema-inminente\/#primaryimage\"},\"thumbnailUrl\":\"https:\/\/www.cannabis.es\/pw\/wp-content\/uploads\/2020\/05\/portada_viernes_19_octubre.jpg\",\"keywords\":[\"activismo cann\u00e1bico\",\"entrevista\",\"historia\",\"legalizaci\u00f3n\",\"literaturacannabica\",\"personalidades del cannabis\",\"prohibicionismo\"],\"articleSection\":[\"Entrevistas\"],\"inLanguage\":\"es\"},{\"@type\":\"WebPage\",\"@id\":\"https:\/\/www.cannabis.es\/pw\/2018\/10\/19\/alberto-gayo-la-legalizacion-es-un-tema-inminente\/\",\"url\":\"https:\/\/www.cannabis.es\/pw\/2018\/10\/19\/alberto-gayo-la-legalizacion-es-un-tema-inminente\/\",\"name\":\"Alberto Gayo: \u201cLa legalizaci\u00f3n es un tema inminente\u201d\",\"isPartOf\":{\"@id\":\"https:\/\/www.cannabis.es\/pw\/#website\"},\"primaryImageOfPage\":{\"@id\":\"https:\/\/www.cannabis.es\/pw\/2018\/10\/19\/alberto-gayo-la-legalizacion-es-un-tema-inminente\/#primaryimage\"},\"image\":{\"@id\":\"https:\/\/www.cannabis.es\/pw\/2018\/10\/19\/alberto-gayo-la-legalizacion-es-un-tema-inminente\/#primaryimage\"},\"thumbnailUrl\":\"https:\/\/www.cannabis.es\/pw\/wp-content\/uploads\/2020\/05\/portada_viernes_19_octubre.jpg\",\"datePublished\":\"2018-10-19T11:14:20+00:00\",\"dateModified\":\"2020-09-04T11:26:19+00:00\",\"description\":\"Entrada &#8226; Portal multimedia sobre cannabis y otras sustancias &#8226; 19 octubre, 2018\",\"breadcrumb\":{\"@id\":\"https:\/\/www.cannabis.es\/pw\/2018\/10\/19\/alberto-gayo-la-legalizacion-es-un-tema-inminente\/#breadcrumb\"},\"inLanguage\":\"es\",\"potentialAction\":[{\"@type\":\"ReadAction\",\"target\":[\"https:\/\/www.cannabis.es\/pw\/2018\/10\/19\/alberto-gayo-la-legalizacion-es-un-tema-inminente\/\"]}]},{\"@type\":\"ImageObject\",\"inLanguage\":\"es\",\"@id\":\"https:\/\/www.cannabis.es\/pw\/2018\/10\/19\/alberto-gayo-la-legalizacion-es-un-tema-inminente\/#primaryimage\",\"url\":\"https:\/\/www.cannabis.es\/pw\/wp-content\/uploads\/2020\/05\/portada_viernes_19_octubre.jpg\",\"contentUrl\":\"https:\/\/www.cannabis.es\/pw\/wp-content\/uploads\/2020\/05\/portada_viernes_19_octubre.jpg\",\"width\":959,\"height\":475},{\"@type\":\"BreadcrumbList\",\"@id\":\"https:\/\/www.cannabis.es\/pw\/2018\/10\/19\/alberto-gayo-la-legalizacion-es-un-tema-inminente\/#breadcrumb\",\"itemListElement\":[{\"@type\":\"ListItem\",\"position\":1,\"name\":\"Portada\",\"item\":\"http:\/\/www.cannabis.es\/pw\/\"},{\"@type\":\"ListItem\",\"position\":2,\"name\":\"Alberto Gayo: \u201cLa legalizaci\u00f3n es un tema inminente\u201d\"}]},{\"@type\":\"WebSite\",\"@id\":\"https:\/\/www.cannabis.es\/pw\/#website\",\"url\":\"https:\/\/www.cannabis.es\/pw\/\",\"name\":\"Cannabis\",\"description\":\"Portal multimedia sobre cannabis y otras sustancias\",\"publisher\":{\"@id\":\"https:\/\/www.cannabis.es\/pw\/#organization\"},\"potentialAction\":[{\"@type\":\"SearchAction\",\"target\":{\"@type\":\"EntryPoint\",\"urlTemplate\":\"https:\/\/www.cannabis.es\/pw\/?s={search_term_string}\"},\"query-input\":{\"@type\":\"PropertyValueSpecification\",\"valueRequired\":true,\"valueName\":\"search_term_string\"}}],\"inLanguage\":\"es\"},{\"@type\":\"Organization\",\"@id\":\"https:\/\/www.cannabis.es\/pw\/#organization\",\"name\":\"Cannabis.es\",\"url\":\"https:\/\/www.cannabis.es\/pw\/\",\"logo\":{\"@type\":\"ImageObject\",\"inLanguage\":\"es\",\"@id\":\"https:\/\/www.cannabis.es\/pw\/#\/schema\/logo\/image\/\",\"url\":\"https:\/\/www.cannabis.es\/pw\/wp-content\/uploads\/2019\/04\/cropped-logo_cannabis.png\",\"contentUrl\":\"https:\/\/www.cannabis.es\/pw\/wp-content\/uploads\/2019\/04\/cropped-logo_cannabis.png\",\"width\":361,\"height\":120,\"caption\":\"Cannabis.es\"},\"image\":{\"@id\":\"https:\/\/www.cannabis.es\/pw\/#\/schema\/logo\/image\/\"},\"sameAs\":[\"https:\/\/x.com\/cannabis_es\"]},{\"@type\":\"Person\",\"@id\":\"https:\/\/www.cannabis.es\/pw\/#\/schema\/person\/e2fbd204580cf4fe74c79b82bc447374\",\"name\":\"Cannabis.es\",\"image\":{\"@type\":\"ImageObject\",\"inLanguage\":\"es\",\"@id\":\"https:\/\/www.cannabis.es\/pw\/#\/schema\/person\/image\/\",\"url\":\"https:\/\/secure.gravatar.com\/avatar\/4375b1eb6e272e2e48a4b8a8def52e5f208151f555bb5906da616906ee6dd2e8?s=96&d=mm&r=g\",\"contentUrl\":\"https:\/\/secure.gravatar.com\/avatar\/4375b1eb6e272e2e48a4b8a8def52e5f208151f555bb5906da616906ee6dd2e8?s=96&d=mm&r=g\",\"caption\":\"Cannabis.es\"},\"url\":\"https:\/\/www.cannabis.es\/pw\/author\/cannabis\/\"}]}<\/script>\n<!-- \/ Yoast SEO plugin. -->","yoast_head_json":{"title":"Alberto Gayo: \u201cLa legalizaci\u00f3n es un tema inminente\u201d","description":"Entrada &#8226; Portal multimedia sobre cannabis y otras sustancias &#8226; 19 octubre, 2018","robots":{"index":"index","follow":"follow","max-snippet":"max-snippet:-1","max-image-preview":"max-image-preview:large","max-video-preview":"max-video-preview:-1"},"canonical":"https:\/\/www.cannabis.es\/pw\/2018\/10\/19\/alberto-gayo-la-legalizacion-es-un-tema-inminente\/","twitter_card":"summary_large_image","twitter_title":"Alberto Gayo: \u201cLa legalizaci\u00f3n es un tema inminente\u201d","twitter_description":"Entrada &#8226; Portal multimedia sobre cannabis y otras sustancias &#8226; 19 octubre, 2018","twitter_image":"https:\/\/www.cannabis.es\/pw\/wp-content\/uploads\/2020\/05\/portada_viernes_19_octubre.jpg","twitter_creator":"@cannabis_es","twitter_site":"@cannabis_es","twitter_misc":{"Escrito por":"Cannabis.es","Tiempo de lectura":"9 minutos"},"schema":{"@context":"https:\/\/schema.org","@graph":[{"@type":"Article","@id":"https:\/\/www.cannabis.es\/pw\/2018\/10\/19\/alberto-gayo-la-legalizacion-es-un-tema-inminente\/#article","isPartOf":{"@id":"https:\/\/www.cannabis.es\/pw\/2018\/10\/19\/alberto-gayo-la-legalizacion-es-un-tema-inminente\/"},"author":{"name":"Cannabis.es","@id":"https:\/\/www.cannabis.es\/pw\/#\/schema\/person\/e2fbd204580cf4fe74c79b82bc447374"},"headline":"Alberto Gayo: \u201cLa legalizaci\u00f3n es un tema inminente\u201d","datePublished":"2018-10-19T11:14:20+00:00","dateModified":"2020-09-04T11:26:19+00:00","mainEntityOfPage":{"@id":"https:\/\/www.cannabis.es\/pw\/2018\/10\/19\/alberto-gayo-la-legalizacion-es-un-tema-inminente\/"},"wordCount":1763,"publisher":{"@id":"https:\/\/www.cannabis.es\/pw\/#organization"},"image":{"@id":"https:\/\/www.cannabis.es\/pw\/2018\/10\/19\/alberto-gayo-la-legalizacion-es-un-tema-inminente\/#primaryimage"},"thumbnailUrl":"https:\/\/www.cannabis.es\/pw\/wp-content\/uploads\/2020\/05\/portada_viernes_19_octubre.jpg","keywords":["activismo cann\u00e1bico","entrevista","historia","legalizaci\u00f3n","literaturacannabica","personalidades del cannabis","prohibicionismo"],"articleSection":["Entrevistas"],"inLanguage":"es"},{"@type":"WebPage","@id":"https:\/\/www.cannabis.es\/pw\/2018\/10\/19\/alberto-gayo-la-legalizacion-es-un-tema-inminente\/","url":"https:\/\/www.cannabis.es\/pw\/2018\/10\/19\/alberto-gayo-la-legalizacion-es-un-tema-inminente\/","name":"Alberto Gayo: \u201cLa legalizaci\u00f3n es un tema inminente\u201d","isPartOf":{"@id":"https:\/\/www.cannabis.es\/pw\/#website"},"primaryImageOfPage":{"@id":"https:\/\/www.cannabis.es\/pw\/2018\/10\/19\/alberto-gayo-la-legalizacion-es-un-tema-inminente\/#primaryimage"},"image":{"@id":"https:\/\/www.cannabis.es\/pw\/2018\/10\/19\/alberto-gayo-la-legalizacion-es-un-tema-inminente\/#primaryimage"},"thumbnailUrl":"https:\/\/www.cannabis.es\/pw\/wp-content\/uploads\/2020\/05\/portada_viernes_19_octubre.jpg","datePublished":"2018-10-19T11:14:20+00:00","dateModified":"2020-09-04T11:26:19+00:00","description":"Entrada &#8226; Portal multimedia sobre cannabis y otras sustancias &#8226; 19 octubre, 2018","breadcrumb":{"@id":"https:\/\/www.cannabis.es\/pw\/2018\/10\/19\/alberto-gayo-la-legalizacion-es-un-tema-inminente\/#breadcrumb"},"inLanguage":"es","potentialAction":[{"@type":"ReadAction","target":["https:\/\/www.cannabis.es\/pw\/2018\/10\/19\/alberto-gayo-la-legalizacion-es-un-tema-inminente\/"]}]},{"@type":"ImageObject","inLanguage":"es","@id":"https:\/\/www.cannabis.es\/pw\/2018\/10\/19\/alberto-gayo-la-legalizacion-es-un-tema-inminente\/#primaryimage","url":"https:\/\/www.cannabis.es\/pw\/wp-content\/uploads\/2020\/05\/portada_viernes_19_octubre.jpg","contentUrl":"https:\/\/www.cannabis.es\/pw\/wp-content\/uploads\/2020\/05\/portada_viernes_19_octubre.jpg","width":959,"height":475},{"@type":"BreadcrumbList","@id":"https:\/\/www.cannabis.es\/pw\/2018\/10\/19\/alberto-gayo-la-legalizacion-es-un-tema-inminente\/#breadcrumb","itemListElement":[{"@type":"ListItem","position":1,"name":"Portada","item":"http:\/\/www.cannabis.es\/pw\/"},{"@type":"ListItem","position":2,"name":"Alberto Gayo: \u201cLa legalizaci\u00f3n es un tema inminente\u201d"}]},{"@type":"WebSite","@id":"https:\/\/www.cannabis.es\/pw\/#website","url":"https:\/\/www.cannabis.es\/pw\/","name":"Cannabis","description":"Portal multimedia sobre cannabis y otras sustancias","publisher":{"@id":"https:\/\/www.cannabis.es\/pw\/#organization"},"potentialAction":[{"@type":"SearchAction","target":{"@type":"EntryPoint","urlTemplate":"https:\/\/www.cannabis.es\/pw\/?s={search_term_string}"},"query-input":{"@type":"PropertyValueSpecification","valueRequired":true,"valueName":"search_term_string"}}],"inLanguage":"es"},{"@type":"Organization","@id":"https:\/\/www.cannabis.es\/pw\/#organization","name":"Cannabis.es","url":"https:\/\/www.cannabis.es\/pw\/","logo":{"@type":"ImageObject","inLanguage":"es","@id":"https:\/\/www.cannabis.es\/pw\/#\/schema\/logo\/image\/","url":"https:\/\/www.cannabis.es\/pw\/wp-content\/uploads\/2019\/04\/cropped-logo_cannabis.png","contentUrl":"https:\/\/www.cannabis.es\/pw\/wp-content\/uploads\/2019\/04\/cropped-logo_cannabis.png","width":361,"height":120,"caption":"Cannabis.es"},"image":{"@id":"https:\/\/www.cannabis.es\/pw\/#\/schema\/logo\/image\/"},"sameAs":["https:\/\/x.com\/cannabis_es"]},{"@type":"Person","@id":"https:\/\/www.cannabis.es\/pw\/#\/schema\/person\/e2fbd204580cf4fe74c79b82bc447374","name":"Cannabis.es","image":{"@type":"ImageObject","inLanguage":"es","@id":"https:\/\/www.cannabis.es\/pw\/#\/schema\/person\/image\/","url":"https:\/\/secure.gravatar.com\/avatar\/4375b1eb6e272e2e48a4b8a8def52e5f208151f555bb5906da616906ee6dd2e8?s=96&d=mm&r=g","contentUrl":"https:\/\/secure.gravatar.com\/avatar\/4375b1eb6e272e2e48a4b8a8def52e5f208151f555bb5906da616906ee6dd2e8?s=96&d=mm&r=g","caption":"Cannabis.es"},"url":"https:\/\/www.cannabis.es\/pw\/author\/cannabis\/"}]}},"_links":{"self":[{"href":"https:\/\/www.cannabis.es\/pw\/wp-json\/wp\/v2\/posts\/2242","targetHints":{"allow":["GET"]}}],"collection":[{"href":"https:\/\/www.cannabis.es\/pw\/wp-json\/wp\/v2\/posts"}],"about":[{"href":"https:\/\/www.cannabis.es\/pw\/wp-json\/wp\/v2\/types\/post"}],"author":[{"embeddable":true,"href":"https:\/\/www.cannabis.es\/pw\/wp-json\/wp\/v2\/users\/1"}],"replies":[{"embeddable":true,"href":"https:\/\/www.cannabis.es\/pw\/wp-json\/wp\/v2\/comments?post=2242"}],"version-history":[{"count":3,"href":"https:\/\/www.cannabis.es\/pw\/wp-json\/wp\/v2\/posts\/2242\/revisions"}],"predecessor-version":[{"id":4964,"href":"https:\/\/www.cannabis.es\/pw\/wp-json\/wp\/v2\/posts\/2242\/revisions\/4964"}],"wp:featuredmedia":[{"embeddable":true,"href":"https:\/\/www.cannabis.es\/pw\/wp-json\/wp\/v2\/media\/2243"}],"wp:attachment":[{"href":"https:\/\/www.cannabis.es\/pw\/wp-json\/wp\/v2\/media?parent=2242"}],"wp:term":[{"taxonomy":"category","embeddable":true,"href":"https:\/\/www.cannabis.es\/pw\/wp-json\/wp\/v2\/categories?post=2242"},{"taxonomy":"post_tag","embeddable":true,"href":"https:\/\/www.cannabis.es\/pw\/wp-json\/wp\/v2\/tags?post=2242"}],"curies":[{"name":"wp","href":"https:\/\/api.w.org\/{rel}","templated":true}]}}