{"id":2287,"date":"2018-09-14T13:47:40","date_gmt":"2018-09-14T11:47:40","guid":{"rendered":"http:\/\/www.cannabis.es\/pw\/?p=2287"},"modified":"2020-10-16T12:54:41","modified_gmt":"2020-10-16T10:54:41","slug":"la-floracion-ha-comenzado","status":"publish","type":"post","link":"https:\/\/www.cannabis.es\/pw\/2018\/09\/14\/la-floracion-ha-comenzado\/","title":{"rendered":"\u00a1LA FLORACI\u00d3N HA COMENZADO!"},"content":{"rendered":"\n<p>En nuestro pa\u00eds, la&nbsp;<strong>floraci\u00f3n<\/strong>&nbsp;del cannabis se produce a mitad del verano, cuando los d\u00edas empiezan a ser m\u00e1s cortos. Por fechas, podr\u00edamos situarlo entre la \u00faltima semana de julio y las primeras de agosto, as\u00ed que por fin vamos a empezar a descubrir esos cogollos fruto del buen trabajo hecho durante el crecimiento.<\/p>\n\n\n\n<p>Por el momento, las plantas hembras dejar\u00e1n ver sus flores femeninas, las cuales engordar\u00e1n y producir\u00e1n resina. Pasar\u00e1n de pre flores, aquellas con las que identific\u00e1bamos el sexo de las plantitas, a c\u00e1lices repletos que ir\u00e1n tomando los entrenudos de nuestras plantas.<\/p>\n\n\n\n<p>Hay varios cosas que hacer en este momento. A\u00fan queda trabajo y es fundamental no despistarse todav\u00eda. Dos muy importantes: cambio de&nbsp;<strong>abono y poda<\/strong>&nbsp;bajera.<\/p>\n\n\n\n<hr class=\"wp-block-separator\"\/>\n\n\n\n<p>\u00danicamente mantendremos el<strong>&nbsp;abono de crecimiento<\/strong>&nbsp;si la variedad que estamos cultivando es una sativa de larga floraci\u00f3n. Hay plantas de este tipo que acaban en noviembre, e incluso diciembre. En mi opini\u00f3n, no est\u00e1 mal mantener unos niveles m\u00ednimos de nitr\u00f3geno durante agosto, y quiz\u00e1s hasta mediados de septiembre.<\/p>\n\n\n\n<p>La gran mayor\u00eda de los cultivadores est\u00e1n utilizando plantas de r\u00e1pida floraci\u00f3n, ya sean h\u00edbridos o autoflorecientes, y cada vez se tiende m\u00e1s a plantar cannabis que acabe en mediados o finales de septiembre. Como ejemplo, poner a Dinafem que este a\u00f1o lanzaba la variedad Quick Critical +, el fenotipo m\u00e1s r\u00e1pido de la Critical +, que ya de por s\u00ed era bastante veloz.<\/p>\n\n\n\n<p>Si perteneces a ese grupo,<strong>&nbsp;debes retirar el fertilizante de crecimiento<\/strong>&nbsp;que est\u00e9s utilizando en este momento y sustituirlo por el de floraci\u00f3n de la misma casa (no mezcl\u00e9is marcas). Hay tablas de abonos que os recomiendan seguir usando una baja dosis del de crecimiento; yo no lo har\u00eda. Ojo, descartando los abonos minerales de hidro que usan en conjunto el crecimiento y la floraci\u00f3n, y a veces junto con el micro, dependiendo de la marca.<\/p>\n\n\n\n<p>En cultivos org\u00e1nicos hay que llegar a esta fase con las plantas bien alimentadas, con un ciclo vegetativo perfecto que se refleje en hojas sanas y verdes sin carencias de nitr\u00f3geno. Recordemos que, durante el crecimiento, se nos permite fallar levemente, pues el cannabis se recupera r\u00e1pido de muchas cosas. Pero, a partir de este momento, ya no deber\u00edamos cometer errores si queremos obtener una producci\u00f3n abundante y de calidad.<\/p>\n\n\n\n<p>Durante la floraci\u00f3n avanzada, la planta necesitar\u00e1 cada vez m\u00e1s recursos espec\u00edficos como el f\u00f3sforo y el potasio, aparte de calcio, magnesio y una buena tanda de microelementos. Los&nbsp;<strong>abonos de floraci\u00f3n<\/strong>&nbsp;est\u00e1n especialmente cargados de estos nutrientes y casi todos aportan a\u00fan una peque\u00f1a dosis de nitr\u00f3geno, que es m\u00e1s que suficiente.<\/p>\n\n\n\n<p>Recordemos en este punto la Lucas Formula basada en alimentar las plantas en vegetativo con abonos de floraci\u00f3n y ahorrando el fertilizante de crecimiento. Si no la conoc\u00e9is, buscadla, es un m\u00e9todo curioso pero estudiado.<\/p>\n\n\n\n<p>Las plantas no necesitan altas concentraciones de nitr\u00f3geno durante la floraci\u00f3n, pero s\u00ed de f\u00f3sforo. Las hojas grandes y verdes ir\u00e1n palideciendo en este ciclo, pues act\u00faan como reservas de energ\u00eda, ya que la planta ahora se centra en reproducirse. Es su \u00fanico objetivo, ya no le importan las hojas. Su vida llega a su fin y necesita crear flores para conseguir atrapar polen y cumplir as\u00ed el sentido de su existencia.<\/p>\n\n\n\n<p>Que una planta de cannabis acabe su ciclo vital con la gran mayor\u00eda de sus hojas verdes es anti natura. Lo l\u00f3gico y normal es que, al menos, todas las hojas grandes est\u00e9n amarillas, as\u00ed que no me cansar\u00e9 de insistir que hay que retirar el abono de crecimiento.<\/p>\n\n\n\n<p>Aquellos que pens\u00e1is que no hay problema, que vosotros hab\u00e9is recogido plantas de esta manera y que hab\u00eda buena producci\u00f3n, dejadme deciros que hicimos la prueba: mismos clones, misma marca de abonos, mismo lugar en un cultivo de exterior. Salvo que a un individuo no le retiramos el abono de crecimiento, eso s\u00ed, le bajamos la dosificaci\u00f3n.<\/p>\n\n\n\n<p>Esta planta, que acab\u00f3 m\u00e1s verde que las otras, no dio tanto peso como sus hermanas y tampoco tanta calidad. Los cogollos quedaron m\u00e1s peque\u00f1os que los de las plantas que hab\u00edamos tratado s\u00f3lo con abono de floraci\u00f3n. La diferencia de tama\u00f1o, aspecto y calidad de los cogollos entre ellas fue notable.<\/p>\n\n\n\n<p>A lo largo de los a\u00f1os hemos corregido a mucha gente que, en el crecimiento, abonaba as\u00ed. La mayor\u00eda ha venido despu\u00e9s a darnos las gracias y a comentarnos que sus cosechas hab\u00edan aumentado considerablemente.<\/p>\n\n\n\n<h3 class=\"wp-block-heading\">Poda bajera<\/h3>\n\n\n\n<p>En cuanto a la&nbsp;<strong>poda bajera<\/strong>, es conveniente que la hubi\u00e9ramos realizado durante el crecimiento y ahora solo sea un peque\u00f1o mantenimiento, pero estamos a tiempo de limpiar un poco esa zona baja.<\/p>\n\n\n\n<p>Si ya la hab\u00edas realizado, quita los nuevos brotes que aparecen en la zona baja de las ramas inferiores, aquellos que no van a recibir casi luz y que har\u00e1n de&nbsp;<strong>chupones<\/strong>. Nos interesa redirigir toda la energ\u00eda a la parte superior de las plantas.<\/p>\n\n\n\n<p>Si, por el contrario, no la hab\u00edas hecho, te encuentras en el \u00faltimo momento para poder llevarla a cabo. Esta poda puede realizarse hasta dos semanas entradas la floraci\u00f3n, una vez pasado este tiempo ya no deber\u00edamos cortar ninguna parte de la planta, aunque s\u00ed podremos doblar.<\/p>\n\n\n\n<p>Se trata de limpiar la parte baja de la mata, all\u00ed donde no va a dar la luz y la producci\u00f3n ser\u00eda m\u00ednima con cogollos enanos y sin resina. Esta poda tiene m\u00faltiples beneficios: aireaci\u00f3n, desarrollo de la zona superior y defensa contra plagas.<\/p>\n\n\n\n<p>Lo ideal ser\u00eda tener un espacio limpio de unos 15-20cm desde la tierra hasta el primer entrenudo no podado. Esto permite una ventilaci\u00f3n natural y la oxigenaci\u00f3n de las zonas bajas, lo que complica la aparici\u00f3n de puntos h\u00famedos y, por tanto, que acabemos teniendo la visita de alg\u00fan hongo.<\/p>\n\n\n\n<p>Tambi\u00e9n dificulta un poco el ataque de plagas rastreras, no poniendo tan f\u00e1cil que puedan acceder a las hojas como cuando estas tocan el sustrato.<\/p>\n\n\n\n<p>Al provocar estos cortes, centramos la energ\u00eda de la planta en las ramas superiores, que son las que van a recibir la luz y donde se va a desarrollar la mayor parte de la producci\u00f3n de nuestra cosecha.<\/p>\n\n\n\n<p>Usa, al igual que para hacer esquejes, unas tijeras desinfectadas y corta a ras de tallo esas ramas, que van a molestar m\u00e1s que otra cosa. Pero si no hiciste la poda y ahora tienes unas ramas gigantes que vienen desde abajo no las cortes, limpia los entrenudos de estas hasta alcanzar esos 15-20 cm de altura ideal.<\/p>\n\n\n\n<p>Puedes usar estas ramas para hacer esquejes, aunque cuanto m\u00e1s avanzada este la floraci\u00f3n m\u00e1s dif\u00edcil ser\u00e1 que enra\u00edcen.<\/p>\n\n\n\n<p>Existen productos en el mercado para inducir o preparar a la planta para el ciclo de floraci\u00f3n un poco antes de que esta se produzca. Son&nbsp;<strong>bioestimuladores<\/strong>&nbsp;que suelen funcionar bastante bien, apl\u00edcalos seg\u00fan normas del fabricante y obtendr\u00e1s buenos resultados.<\/p>\n\n\n\n<h3 class=\"wp-block-heading\">Defoliaci\u00f3n<\/h3>\n\n\n\n<p>Para acabar, un consejo, y se lo dedico a mi hermano Ib\u00f3n: no quit\u00e9is hojas, ni las grandes si es que dan sombra\u2026 Cada hoja es una f\u00e1brica y reserva de energ\u00eda en miniatura, todas son necesarias. Si las quit\u00e1is, la planta se centrar\u00e1 en volver a crear esas hojas para poder mantenerse, en vez de dedicarse a otras funciones, como preparar una floraci\u00f3n explosiva.<\/p>\n\n\n\n<p>La&nbsp;<strong>defoliaci\u00f3n<\/strong>&nbsp;es una t\u00e9cnica dif\u00edcil. Es \u00fatil si sabes c\u00f3mo y cu\u00e1ndo has de aplicarla, pero realizarla sin saber puede ser muy perjudicial. En otro art\u00edculo hablaremos largo y tendido sobre la defoliaci\u00f3n, aunque no soy muy partidario de ella.<\/p>\n\n\n\n<p>Sin m\u00e1s, me despido hasta la siguiente entrada y espero que todos teng\u00e1is un comienzo de floraci\u00f3n espectacular en vuestros jardines, terrazas y lugares de cultivo.<\/p>\n\n\n\n<p>\u00a1Qu\u00e9 teng\u00e1is una buena y verde semana!<\/p>\n\n\n\n<p>El Jard\u00edn de la Alegr\u00eda Growshop, Salamanca.<br><br>Consulta c\u00f3mo aprovechar los esquejes resultantes de la poda en&nbsp;<a href=\"http:\/\/www.cannabis.es\/pw\/2018\/05\/09\/metodo-facil-para-hacer-esquejes\/\">este enlace<\/a><\/p>\n","protected":false},"excerpt":{"rendered":"<span class=\"span-reading-time rt-reading-time\" style=\"display: block;\"><span class=\"rt-label rt-prefix\">Tiempo de lectura:<\/span> <span class=\"rt-time\"> 5<\/span> <span class=\"rt-label rt-postfix\">minutos<\/span><\/span>En nuestro pa\u00eds, la&nbsp;floraci\u00f3n&nbsp;del cannabis se produce a mitad del verano, cuando los d\u00edas empiezan a ser m\u00e1s cortos. Por fechas, podr\u00edamos situarlo entre la \u00faltima semana de julio y las primeras de agosto, as\u00ed que por fin vamos a empezar a descubrir esos cogollos fruto del buen trabajo hecho durante el crecimiento. Por el [&hellip;]","protected":false},"author":1,"featured_media":2288,"comment_status":"closed","ping_status":"closed","sticky":false,"template":"","format":"standard","meta":{"loftocean-featured-post":"","loftocean_post_format_gallery":"","loftocean_post_format_gallery_ids":"","loftocean_post_format_gallery_urls":"","loftocean_post_format_video_id":"","loftocean_post_format_video_url":"","loftocean_post_format_video_type":"","loftocean_post_format_video":"","loftocean_post_format_audio_type":"","loftocean_post_format_audio_url":"","loftocean_post_format_audio_id":"","loftocean_post_format_audio":"","loftocean_post_format_quote_text":"","loftocean_post_format_quote_byline":"","loftocean_post_format_link_text":"","loftocean_post_format_link_url":"","ceramag_post_header_style":"","ceramag_enable_background_video":"","ceramag_show_in_top_slider":"","ceramag_post_background_video_start":"","ceramag_post_background_video_end":"","loftocean_page_background_video_id":"","loftocean_page_background_video_url":"","loftocean_page_background_video_type":"","loftocean_page_background_video":"","ceramag_background_video_start":"","ceramag_background_video_end":"","ceramag_single_page_hide_header":"","footnotes":""},"categories":[711],"tags":[897,61,768,890],"class_list":["post-2287","post","type-post","status-publish","format-standard","has-post-thumbnail","hentry","category-cultivo","tag-abono-floracion","tag-cultivo","tag-floracion","tag-poda-de-cannabis"],"yoast_head":"<!-- This site is optimized with the Yoast SEO plugin v24.9 - https:\/\/yoast.com\/wordpress\/plugins\/seo\/ -->\n<title>\u00a1LA FLORACI\u00d3N HA COMENZADO!<\/title>\n<meta name=\"description\" content=\"Entrada &#8226; Portal multimedia sobre cannabis y otras sustancias &#8226; 14 septiembre, 2018\" \/>\n<meta name=\"robots\" content=\"index, follow, max-snippet:-1, max-image-preview:large, max-video-preview:-1\" \/>\n<link rel=\"canonical\" href=\"https:\/\/www.cannabis.es\/pw\/2018\/09\/14\/la-floracion-ha-comenzado\/\" \/>\n<meta name=\"twitter:card\" content=\"summary_large_image\" \/>\n<meta name=\"twitter:title\" content=\"\u00a1LA FLORACI\u00d3N HA COMENZADO!\" \/>\n<meta name=\"twitter:description\" content=\"Entrada &#8226; Portal multimedia sobre cannabis y otras sustancias &#8226; 14 septiembre, 2018\" \/>\n<meta name=\"twitter:image\" content=\"https:\/\/www.cannabis.es\/pw\/wp-content\/uploads\/2020\/05\/pre-flora_1.jpg\" \/>\n<meta name=\"twitter:creator\" content=\"@cannabis_es\" \/>\n<meta name=\"twitter:site\" content=\"@cannabis_es\" \/>\n<meta name=\"twitter:label1\" content=\"Escrito por\" \/>\n\t<meta name=\"twitter:data1\" content=\"Cannabis.es\" \/>\n\t<meta name=\"twitter:label2\" content=\"Tiempo de lectura\" \/>\n\t<meta name=\"twitter:data2\" content=\"7 minutos\" \/>\n<script type=\"application\/ld+json\" class=\"yoast-schema-graph\">{\"@context\":\"https:\/\/schema.org\",\"@graph\":[{\"@type\":\"Article\",\"@id\":\"https:\/\/www.cannabis.es\/pw\/2018\/09\/14\/la-floracion-ha-comenzado\/#article\",\"isPartOf\":{\"@id\":\"https:\/\/www.cannabis.es\/pw\/2018\/09\/14\/la-floracion-ha-comenzado\/\"},\"author\":{\"name\":\"Cannabis.es\",\"@id\":\"https:\/\/www.cannabis.es\/pw\/#\/schema\/person\/e2fbd204580cf4fe74c79b82bc447374\"},\"headline\":\"\u00a1LA FLORACI\u00d3N HA COMENZADO!\",\"datePublished\":\"2018-09-14T11:47:40+00:00\",\"dateModified\":\"2020-10-16T10:54:41+00:00\",\"mainEntityOfPage\":{\"@id\":\"https:\/\/www.cannabis.es\/pw\/2018\/09\/14\/la-floracion-ha-comenzado\/\"},\"wordCount\":1448,\"publisher\":{\"@id\":\"https:\/\/www.cannabis.es\/pw\/#organization\"},\"image\":{\"@id\":\"https:\/\/www.cannabis.es\/pw\/2018\/09\/14\/la-floracion-ha-comenzado\/#primaryimage\"},\"thumbnailUrl\":\"https:\/\/www.cannabis.es\/pw\/wp-content\/uploads\/2020\/05\/pre-flora_1.jpg\",\"keywords\":[\"abono floraci\u00f3n\",\"cultivo\",\"floraci\u00f3n\",\"poda de cannabis\"],\"articleSection\":[\"Cultivo\"],\"inLanguage\":\"es\"},{\"@type\":\"WebPage\",\"@id\":\"https:\/\/www.cannabis.es\/pw\/2018\/09\/14\/la-floracion-ha-comenzado\/\",\"url\":\"https:\/\/www.cannabis.es\/pw\/2018\/09\/14\/la-floracion-ha-comenzado\/\",\"name\":\"\u00a1LA FLORACI\u00d3N HA COMENZADO!\",\"isPartOf\":{\"@id\":\"https:\/\/www.cannabis.es\/pw\/#website\"},\"primaryImageOfPage\":{\"@id\":\"https:\/\/www.cannabis.es\/pw\/2018\/09\/14\/la-floracion-ha-comenzado\/#primaryimage\"},\"image\":{\"@id\":\"https:\/\/www.cannabis.es\/pw\/2018\/09\/14\/la-floracion-ha-comenzado\/#primaryimage\"},\"thumbnailUrl\":\"https:\/\/www.cannabis.es\/pw\/wp-content\/uploads\/2020\/05\/pre-flora_1.jpg\",\"datePublished\":\"2018-09-14T11:47:40+00:00\",\"dateModified\":\"2020-10-16T10:54:41+00:00\",\"description\":\"Entrada &#8226; Portal multimedia sobre cannabis y otras sustancias &#8226; 14 septiembre, 2018\",\"breadcrumb\":{\"@id\":\"https:\/\/www.cannabis.es\/pw\/2018\/09\/14\/la-floracion-ha-comenzado\/#breadcrumb\"},\"inLanguage\":\"es\",\"potentialAction\":[{\"@type\":\"ReadAction\",\"target\":[\"https:\/\/www.cannabis.es\/pw\/2018\/09\/14\/la-floracion-ha-comenzado\/\"]}]},{\"@type\":\"ImageObject\",\"inLanguage\":\"es\",\"@id\":\"https:\/\/www.cannabis.es\/pw\/2018\/09\/14\/la-floracion-ha-comenzado\/#primaryimage\",\"url\":\"https:\/\/www.cannabis.es\/pw\/wp-content\/uploads\/2020\/05\/pre-flora_1.jpg\",\"contentUrl\":\"https:\/\/www.cannabis.es\/pw\/wp-content\/uploads\/2020\/05\/pre-flora_1.jpg\",\"width\":959,\"height\":475},{\"@type\":\"BreadcrumbList\",\"@id\":\"https:\/\/www.cannabis.es\/pw\/2018\/09\/14\/la-floracion-ha-comenzado\/#breadcrumb\",\"itemListElement\":[{\"@type\":\"ListItem\",\"position\":1,\"name\":\"Portada\",\"item\":\"http:\/\/www.cannabis.es\/pw\/\"},{\"@type\":\"ListItem\",\"position\":2,\"name\":\"\u00a1LA FLORACI\u00d3N HA COMENZADO!\"}]},{\"@type\":\"WebSite\",\"@id\":\"https:\/\/www.cannabis.es\/pw\/#website\",\"url\":\"https:\/\/www.cannabis.es\/pw\/\",\"name\":\"Cannabis\",\"description\":\"Portal multimedia sobre cannabis y otras sustancias\",\"publisher\":{\"@id\":\"https:\/\/www.cannabis.es\/pw\/#organization\"},\"potentialAction\":[{\"@type\":\"SearchAction\",\"target\":{\"@type\":\"EntryPoint\",\"urlTemplate\":\"https:\/\/www.cannabis.es\/pw\/?s={search_term_string}\"},\"query-input\":{\"@type\":\"PropertyValueSpecification\",\"valueRequired\":true,\"valueName\":\"search_term_string\"}}],\"inLanguage\":\"es\"},{\"@type\":\"Organization\",\"@id\":\"https:\/\/www.cannabis.es\/pw\/#organization\",\"name\":\"Cannabis.es\",\"url\":\"https:\/\/www.cannabis.es\/pw\/\",\"logo\":{\"@type\":\"ImageObject\",\"inLanguage\":\"es\",\"@id\":\"https:\/\/www.cannabis.es\/pw\/#\/schema\/logo\/image\/\",\"url\":\"https:\/\/www.cannabis.es\/pw\/wp-content\/uploads\/2019\/04\/cropped-logo_cannabis.png\",\"contentUrl\":\"https:\/\/www.cannabis.es\/pw\/wp-content\/uploads\/2019\/04\/cropped-logo_cannabis.png\",\"width\":361,\"height\":120,\"caption\":\"Cannabis.es\"},\"image\":{\"@id\":\"https:\/\/www.cannabis.es\/pw\/#\/schema\/logo\/image\/\"},\"sameAs\":[\"https:\/\/x.com\/cannabis_es\"]},{\"@type\":\"Person\",\"@id\":\"https:\/\/www.cannabis.es\/pw\/#\/schema\/person\/e2fbd204580cf4fe74c79b82bc447374\",\"name\":\"Cannabis.es\",\"image\":{\"@type\":\"ImageObject\",\"inLanguage\":\"es\",\"@id\":\"https:\/\/www.cannabis.es\/pw\/#\/schema\/person\/image\/\",\"url\":\"https:\/\/secure.gravatar.com\/avatar\/4375b1eb6e272e2e48a4b8a8def52e5f208151f555bb5906da616906ee6dd2e8?s=96&d=mm&r=g\",\"contentUrl\":\"https:\/\/secure.gravatar.com\/avatar\/4375b1eb6e272e2e48a4b8a8def52e5f208151f555bb5906da616906ee6dd2e8?s=96&d=mm&r=g\",\"caption\":\"Cannabis.es\"},\"url\":\"https:\/\/www.cannabis.es\/pw\/author\/cannabis\/\"}]}<\/script>\n<!-- \/ Yoast SEO plugin. -->","yoast_head_json":{"title":"\u00a1LA FLORACI\u00d3N HA COMENZADO!","description":"Entrada &#8226; Portal multimedia sobre cannabis y otras sustancias &#8226; 14 septiembre, 2018","robots":{"index":"index","follow":"follow","max-snippet":"max-snippet:-1","max-image-preview":"max-image-preview:large","max-video-preview":"max-video-preview:-1"},"canonical":"https:\/\/www.cannabis.es\/pw\/2018\/09\/14\/la-floracion-ha-comenzado\/","twitter_card":"summary_large_image","twitter_title":"\u00a1LA FLORACI\u00d3N HA COMENZADO!","twitter_description":"Entrada &#8226; Portal multimedia sobre cannabis y otras sustancias &#8226; 14 septiembre, 2018","twitter_image":"https:\/\/www.cannabis.es\/pw\/wp-content\/uploads\/2020\/05\/pre-flora_1.jpg","twitter_creator":"@cannabis_es","twitter_site":"@cannabis_es","twitter_misc":{"Escrito por":"Cannabis.es","Tiempo de lectura":"7 minutos"},"schema":{"@context":"https:\/\/schema.org","@graph":[{"@type":"Article","@id":"https:\/\/www.cannabis.es\/pw\/2018\/09\/14\/la-floracion-ha-comenzado\/#article","isPartOf":{"@id":"https:\/\/www.cannabis.es\/pw\/2018\/09\/14\/la-floracion-ha-comenzado\/"},"author":{"name":"Cannabis.es","@id":"https:\/\/www.cannabis.es\/pw\/#\/schema\/person\/e2fbd204580cf4fe74c79b82bc447374"},"headline":"\u00a1LA FLORACI\u00d3N HA COMENZADO!","datePublished":"2018-09-14T11:47:40+00:00","dateModified":"2020-10-16T10:54:41+00:00","mainEntityOfPage":{"@id":"https:\/\/www.cannabis.es\/pw\/2018\/09\/14\/la-floracion-ha-comenzado\/"},"wordCount":1448,"publisher":{"@id":"https:\/\/www.cannabis.es\/pw\/#organization"},"image":{"@id":"https:\/\/www.cannabis.es\/pw\/2018\/09\/14\/la-floracion-ha-comenzado\/#primaryimage"},"thumbnailUrl":"https:\/\/www.cannabis.es\/pw\/wp-content\/uploads\/2020\/05\/pre-flora_1.jpg","keywords":["abono floraci\u00f3n","cultivo","floraci\u00f3n","poda de cannabis"],"articleSection":["Cultivo"],"inLanguage":"es"},{"@type":"WebPage","@id":"https:\/\/www.cannabis.es\/pw\/2018\/09\/14\/la-floracion-ha-comenzado\/","url":"https:\/\/www.cannabis.es\/pw\/2018\/09\/14\/la-floracion-ha-comenzado\/","name":"\u00a1LA FLORACI\u00d3N HA COMENZADO!","isPartOf":{"@id":"https:\/\/www.cannabis.es\/pw\/#website"},"primaryImageOfPage":{"@id":"https:\/\/www.cannabis.es\/pw\/2018\/09\/14\/la-floracion-ha-comenzado\/#primaryimage"},"image":{"@id":"https:\/\/www.cannabis.es\/pw\/2018\/09\/14\/la-floracion-ha-comenzado\/#primaryimage"},"thumbnailUrl":"https:\/\/www.cannabis.es\/pw\/wp-content\/uploads\/2020\/05\/pre-flora_1.jpg","datePublished":"2018-09-14T11:47:40+00:00","dateModified":"2020-10-16T10:54:41+00:00","description":"Entrada &#8226; Portal multimedia sobre cannabis y otras sustancias &#8226; 14 septiembre, 2018","breadcrumb":{"@id":"https:\/\/www.cannabis.es\/pw\/2018\/09\/14\/la-floracion-ha-comenzado\/#breadcrumb"},"inLanguage":"es","potentialAction":[{"@type":"ReadAction","target":["https:\/\/www.cannabis.es\/pw\/2018\/09\/14\/la-floracion-ha-comenzado\/"]}]},{"@type":"ImageObject","inLanguage":"es","@id":"https:\/\/www.cannabis.es\/pw\/2018\/09\/14\/la-floracion-ha-comenzado\/#primaryimage","url":"https:\/\/www.cannabis.es\/pw\/wp-content\/uploads\/2020\/05\/pre-flora_1.jpg","contentUrl":"https:\/\/www.cannabis.es\/pw\/wp-content\/uploads\/2020\/05\/pre-flora_1.jpg","width":959,"height":475},{"@type":"BreadcrumbList","@id":"https:\/\/www.cannabis.es\/pw\/2018\/09\/14\/la-floracion-ha-comenzado\/#breadcrumb","itemListElement":[{"@type":"ListItem","position":1,"name":"Portada","item":"http:\/\/www.cannabis.es\/pw\/"},{"@type":"ListItem","position":2,"name":"\u00a1LA FLORACI\u00d3N HA COMENZADO!"}]},{"@type":"WebSite","@id":"https:\/\/www.cannabis.es\/pw\/#website","url":"https:\/\/www.cannabis.es\/pw\/","name":"Cannabis","description":"Portal multimedia sobre cannabis y otras sustancias","publisher":{"@id":"https:\/\/www.cannabis.es\/pw\/#organization"},"potentialAction":[{"@type":"SearchAction","target":{"@type":"EntryPoint","urlTemplate":"https:\/\/www.cannabis.es\/pw\/?s={search_term_string}"},"query-input":{"@type":"PropertyValueSpecification","valueRequired":true,"valueName":"search_term_string"}}],"inLanguage":"es"},{"@type":"Organization","@id":"https:\/\/www.cannabis.es\/pw\/#organization","name":"Cannabis.es","url":"https:\/\/www.cannabis.es\/pw\/","logo":{"@type":"ImageObject","inLanguage":"es","@id":"https:\/\/www.cannabis.es\/pw\/#\/schema\/logo\/image\/","url":"https:\/\/www.cannabis.es\/pw\/wp-content\/uploads\/2019\/04\/cropped-logo_cannabis.png","contentUrl":"https:\/\/www.cannabis.es\/pw\/wp-content\/uploads\/2019\/04\/cropped-logo_cannabis.png","width":361,"height":120,"caption":"Cannabis.es"},"image":{"@id":"https:\/\/www.cannabis.es\/pw\/#\/schema\/logo\/image\/"},"sameAs":["https:\/\/x.com\/cannabis_es"]},{"@type":"Person","@id":"https:\/\/www.cannabis.es\/pw\/#\/schema\/person\/e2fbd204580cf4fe74c79b82bc447374","name":"Cannabis.es","image":{"@type":"ImageObject","inLanguage":"es","@id":"https:\/\/www.cannabis.es\/pw\/#\/schema\/person\/image\/","url":"https:\/\/secure.gravatar.com\/avatar\/4375b1eb6e272e2e48a4b8a8def52e5f208151f555bb5906da616906ee6dd2e8?s=96&d=mm&r=g","contentUrl":"https:\/\/secure.gravatar.com\/avatar\/4375b1eb6e272e2e48a4b8a8def52e5f208151f555bb5906da616906ee6dd2e8?s=96&d=mm&r=g","caption":"Cannabis.es"},"url":"https:\/\/www.cannabis.es\/pw\/author\/cannabis\/"}]}},"_links":{"self":[{"href":"https:\/\/www.cannabis.es\/pw\/wp-json\/wp\/v2\/posts\/2287","targetHints":{"allow":["GET"]}}],"collection":[{"href":"https:\/\/www.cannabis.es\/pw\/wp-json\/wp\/v2\/posts"}],"about":[{"href":"https:\/\/www.cannabis.es\/pw\/wp-json\/wp\/v2\/types\/post"}],"author":[{"embeddable":true,"href":"https:\/\/www.cannabis.es\/pw\/wp-json\/wp\/v2\/users\/1"}],"replies":[{"embeddable":true,"href":"https:\/\/www.cannabis.es\/pw\/wp-json\/wp\/v2\/comments?post=2287"}],"version-history":[{"count":3,"href":"https:\/\/www.cannabis.es\/pw\/wp-json\/wp\/v2\/posts\/2287\/revisions"}],"predecessor-version":[{"id":4967,"href":"https:\/\/www.cannabis.es\/pw\/wp-json\/wp\/v2\/posts\/2287\/revisions\/4967"}],"wp:featuredmedia":[{"embeddable":true,"href":"https:\/\/www.cannabis.es\/pw\/wp-json\/wp\/v2\/media\/2288"}],"wp:attachment":[{"href":"https:\/\/www.cannabis.es\/pw\/wp-json\/wp\/v2\/media?parent=2287"}],"wp:term":[{"taxonomy":"category","embeddable":true,"href":"https:\/\/www.cannabis.es\/pw\/wp-json\/wp\/v2\/categories?post=2287"},{"taxonomy":"post_tag","embeddable":true,"href":"https:\/\/www.cannabis.es\/pw\/wp-json\/wp\/v2\/tags?post=2287"}],"curies":[{"name":"wp","href":"https:\/\/api.w.org\/{rel}","templated":true}]}}