{"id":2302,"date":"2018-07-28T14:33:00","date_gmt":"2018-07-28T12:33:00","guid":{"rendered":"http:\/\/www.cannabis.es\/pw\/?p=2302"},"modified":"2020-09-04T13:57:54","modified_gmt":"2020-09-04T11:57:54","slug":"asociacion-pannagh-absuelta-por-el-tribunal-supremo","status":"publish","type":"post","link":"https:\/\/www.cannabis.es\/pw\/2018\/07\/28\/asociacion-pannagh-absuelta-por-el-tribunal-supremo\/","title":{"rendered":"Asociaci\u00f3n PANNAGH absuelta por el Tribunal Supremo"},"content":{"rendered":"\n<p>El Tribunal Supremo absolvi\u00f3 el&nbsp;pasado&nbsp;12 de junio a los directivos de la&nbsp;<strong>Asociaci\u00f3n Cann\u00e1bica PANNAGH<\/strong>, radicada en Bilbao (Euskadi).&nbsp;La noticia, conocida el mi\u00e9rcoles 25 de julio, da por&nbsp;<strong>finalizada la persecuci\u00f3n legal<\/strong>&nbsp;que han sufrido los directivos de la Asociaci\u00f3n, entre ellos&nbsp;<strong>Mart\u00edn Barriuso, ex-presidente de la Federaci\u00f3n de Asociaciones de Cannabis<\/strong>&nbsp;(actualmente CONFAC).&nbsp;<\/p>\n\n\n\n<hr class=\"wp-block-separator\"\/>\n\n\n\n<h3 class=\"wp-block-heading\">El caso<\/h3>\n\n\n\n<p><strong>PANNAGH<\/strong>&nbsp;ha sido siempre una&nbsp;<strong>referencia en el modelo de constituci\u00f3n de Asociaciones de Cannabis<\/strong>, cuyo funcionamiento interno, relaci\u00f3n con los poderes pol\u00edticos y actividades junto a sus socios (muchos de ellos,&nbsp;<strong>consumidores de marihuana terap\u00e9utica<\/strong>) demuestran qu\u00e9 tan lejano es este proyecto de las acusaciones que les imputaron. Constituida como&nbsp;<strong>Asociaci\u00f3n sin \u00c1nimo de Lucro,&nbsp;<\/strong><strong><a href=\"https:\/\/twitter.com\/pannagh?lang=es\">PANNAGH<\/a><\/strong>&nbsp;abre sus puertas en el a\u00f1o 2003 para sus asociados, usuarios de cannabis mayores de edad, as\u00ed como para sus usuarios terap\u00e9uticos, centrados en los&nbsp;<strong>efectos paliativos de la yerba<\/strong>&nbsp;sobre los efectos secundarios de la&nbsp;<strong>quimioterapia<\/strong>. Su objetivo principal era evitar los riesgos del citado mercado egro y prevenir los da\u00f1os asociados al consumo de la planta.<\/p>\n\n\n\n<p>En 2011,&nbsp;<strong>la polic\u00eda asalta el local de la Asociaci\u00f3n<\/strong>, requisando alrededor de 80 kilos de marihuana, destinada al consumo de los socios,&nbsp;<strong>acusando a Mart\u00edn Barriuso y sus compa\u00f1eros por un delito contra la Salud P\u00fablica y Tr\u00e1fico de Drogas<\/strong>. Entonces, a principios del mes de marzo de 2015, la&nbsp;<strong>Audiencia de Bizkaia determin\u00f3 que eran culpables<\/strong>&nbsp;de los cargos y se solicit\u00f3 para los encausados&nbsp;<strong>penas de prisi\u00f3n que sumar\u00edan 22 a\u00f1os y multas por valor de casi dos millones y medio de euros<\/strong>.<\/p>\n\n\n\n<p>Despu\u00e9s, en diciembre de 2015, presentado el caso ante el&nbsp;<strong>Tribunal Supremo, \u00e9ste conden\u00f3 a Barriuso y sus compa\u00f1eros a una pena de entre seis meses y un a\u00f1o y ocho meses de c\u00e1rcel y al pago de multas de hasta 250.000 euros<\/strong>, adem\u00e1s de revocar la sentencia de la Audiencia de Bizkaia, que&nbsp;<strong>les absolv\u00eda del crimen de Tr\u00e1fico de Drogas<\/strong>, puesto que entend\u00edan que&nbsp;<em>\u201ccultivaban y consum\u00edan la droga a trav\u00e9s de una asociaci\u00f3n legalmente constituida sin obtener de ello un beneficio econ\u00f3mico.\u201d<\/em><\/p>\n\n\n\n<p>Tras la condena,&nbsp;<strong>la batalla continu\u00f3 en el Tribunal Constitucional, donde se present\u00f3 un Recurso de Amparo<\/strong>. Esta demanda estaba basada en la&nbsp;<strong>imposibilidad de presentar alegaciones<\/strong>&nbsp;que los afectados sufrieron en un primer momento. Adem\u00e1s,&nbsp;<strong>los miembros de la Asociaci\u00f3n defendieron que fueron vulnerados sus derechos al libre desarrollo de la personalidad, a la igualdad ante la ley, a las garant\u00edas procesales del Estado de Derecho y a la Libre Asociaci\u00f3n<\/strong>, entre otros.&nbsp;<strong>La apelaci\u00f3n fue tramitada por el TC y anulada<\/strong>&nbsp;de la misma manera. Sin embargo, por tres votos contra dos, El TS acept\u00f3 en la sentencia del 12 de junio de 2018, la premisa que el abogado del caso,&nbsp;<strong><a href=\"http:\/\/www.brotsanbert.com\/\">H\u00e9ctor Brotons (BrotSanBert),<\/a><\/strong><strong>&nbsp;esgrimi\u00f3 ante el jurado<\/strong>.<\/p>\n\n\n\n<h3 class=\"wp-block-heading\">\u201cError Invencible de Prohibici\u00f3n\u201d<\/h3>\n\n\n\n<p>Seg\u00fan nos explica el propio letrado,&nbsp;<em>\u201cse trata de la aplicaci\u00f3n de un art\u00edculo del c\u00f3digo penal. Consiste en que no se puede castigar como delito una acci\u00f3n realizada desde la plena conciencia de que lo que se hace es legal, cosa que quedaba plasmada desde el principio en sus estatutos\u201d.&nbsp;\u201cAdem\u00e1s, tenemos&nbsp;<strong>varias resoluciones de jueces que han aceptado dicha premisa, incluso llegando al caso de devolver el material incautado de las sedes de Clubes Sociales de Cannabis&nbsp;<\/strong><\/em><strong>(CSC)<\/strong><em>\u201d,<\/em>&nbsp;aclara.&nbsp;&nbsp;<em>\u201cEsta premisa se basa en el conocimiento de la ley que pueda tener una persona media, en la ejecuci\u00f3n de un acto que crees realmente que puede ser legal. Hay que hacer las cosas bien para pensar que haces las cosas bien<\/em>\u201d nos cuenta.<\/p>\n\n\n\n<p><em>\u201cEl TS entiende el tema aunque no hace tabla rasa.&nbsp;<strong>Abre la puerta a nuevas interpretaciones, a estudiar los casos detenidamente, sin embargo, aunque la sentencia es absolutoria, sigue contemplando a los CSC como delictivos en general<\/strong>. En contrapartida, hemos encontrado que<strong>&nbsp;jueces del TS tales como Ana Ferrer o Conde Pumpido, realmente creen en un modelo alternativo para la legislaci\u00f3n del cannabis<\/strong>\u201d.<\/em><\/p>\n\n\n\n<p>El representante del&nbsp;<strong><a href=\"https:\/\/twitter.com\/brotsanbert?lang=es\">Estudio Jur\u00eddico BrotSanBert<\/a>&nbsp;hace un inciso mencionando el caso de la absoluci\u00f3n del&nbsp;<a href=\"https:\/\/twitter.com\/lamacabcn?lang=es\">CSC La Maca en Barcelona<\/a><\/strong><a href=\"https:\/\/twitter.com\/lamacabcn?lang=es\">.<\/a>&nbsp;Si bien los casos son distintos,&nbsp;<em>\u201cse toman en cuenta los C\u00f3digos de Buenas Pr\u00e1cticas que son redactados por los CSC, algo que resulta determinante en un juicio\u201d.<\/em><\/p>\n\n\n\n<p>En cuanto a las&nbsp;<strong>consecuencias de la absoluci\u00f3n de PANNAGH, Brotons explica que se trata del final del penoso camino recorrido por Mart\u00edn Barriuso y sus compa\u00f1eros de la directiva, un&nbsp;<em>\u201cv\u00eda crucis\u201d<\/em>&nbsp;jur\u00eddico que ha durado m\u00e1s de siete a\u00f1os<\/strong>.&nbsp;<em>\u201cAunque el cannabis fue destruido,&nbsp;<strong>se puede plantear la posibilidad de presentar una reclamaci\u00f3n en car\u00e1cter de indemnizaci\u00f3n por los bienes intervenidos<\/strong>. El caso est\u00e1 cerrado, salvo detalles y&nbsp;<strong>la Asociaci\u00f3n puede volver a funcionar<\/strong>\u201d<\/em>&nbsp;manifiesta.<\/p>\n\n\n\n<h3 class=\"wp-block-heading\">Gana el activismo<\/h3>\n\n\n\n<p>Nos<strong>&nbsp;sumamos a las felicitaciones y compartimos el \u00e9xito de PANNAGH tras una dur\u00edsima lucha<\/strong>&nbsp;en los tribunales, extendiendo nuestra&nbsp;<strong>enhorabuena hasta la tambi\u00e9n clausurada injustamente CSC La Maca<\/strong>. Tambi\u00e9n mencionar la buena reputaci\u00f3n y el crecimiento que est\u00e1 experimentando el<strong>&nbsp;Estudio Jur\u00eddico BrotSanbert, que viene convirti\u00e9ndose en una aut\u00e9ntica referencia en cuanto al derecho cann\u00e1bico<\/strong>&nbsp;se refiere.&nbsp;\n\n<\/p>\n","protected":false},"excerpt":{"rendered":"<span class=\"span-reading-time rt-reading-time\" style=\"display: block;\"><span class=\"rt-label rt-prefix\">Tiempo de lectura:<\/span> <span class=\"rt-time\"> 3<\/span> <span class=\"rt-label rt-postfix\">minutos<\/span><\/span>El Tribunal Supremo absolvi\u00f3 el&nbsp;pasado&nbsp;12 de junio a los directivos de la&nbsp;Asociaci\u00f3n Cann\u00e1bica PANNAGH, radicada en Bilbao (Euskadi).&nbsp;La noticia, conocida el mi\u00e9rcoles 25 de julio, da por&nbsp;finalizada la persecuci\u00f3n legal&nbsp;que han sufrido los directivos de la Asociaci\u00f3n, entre ellos&nbsp;Mart\u00edn Barriuso, ex-presidente de la Federaci\u00f3n de Asociaciones de Cannabis&nbsp;(actualmente CONFAC).&nbsp; El caso PANNAGH&nbsp;ha sido siempre una&nbsp;referencia [&hellip;]","protected":false},"author":1,"featured_media":2303,"comment_status":"closed","ping_status":"closed","sticky":false,"template":"","format":"standard","meta":{"loftocean-featured-post":"","loftocean_post_format_gallery":"","loftocean_post_format_gallery_ids":"","loftocean_post_format_gallery_urls":"","loftocean_post_format_video_id":"","loftocean_post_format_video_url":"","loftocean_post_format_video_type":"","loftocean_post_format_video":"","loftocean_post_format_audio_type":"","loftocean_post_format_audio_url":"","loftocean_post_format_audio_id":"","loftocean_post_format_audio":"","loftocean_post_format_quote_text":"","loftocean_post_format_quote_byline":"","loftocean_post_format_link_text":"","loftocean_post_format_link_url":"","ceramag_post_header_style":"","ceramag_enable_background_video":"","ceramag_show_in_top_slider":"","ceramag_post_background_video_start":"","ceramag_post_background_video_end":"","loftocean_page_background_video_id":"","loftocean_page_background_video_url":"","loftocean_page_background_video_type":"","loftocean_page_background_video":"","ceramag_background_video_start":"","ceramag_background_video_end":"","ceramag_single_page_hide_header":"","footnotes":""},"categories":[35],"tags":[808,555,398,664,741,717],"class_list":["post-2302","post","type-post","status-publish","format-standard","has-post-thumbnail","hentry","category-politica-y-sociedad","tag-activismo-cannabico","tag-confac","tag-csc","tag-derechos-humanos","tag-leyes","tag-pannagh"],"yoast_head":"<!-- This site is optimized with the Yoast SEO plugin v24.9 - https:\/\/yoast.com\/wordpress\/plugins\/seo\/ -->\n<title>Asociaci\u00f3n PANNAGH absuelta por el Tribunal Supremo<\/title>\n<meta name=\"description\" content=\"Entrada &#8226; Portal multimedia sobre cannabis y otras sustancias &#8226; 28 julio, 2018\" \/>\n<meta name=\"robots\" content=\"index, follow, max-snippet:-1, max-image-preview:large, max-video-preview:-1\" \/>\n<link rel=\"canonical\" href=\"https:\/\/www.cannabis.es\/pw\/2018\/07\/28\/asociacion-pannagh-absuelta-por-el-tribunal-supremo\/\" \/>\n<meta name=\"twitter:card\" content=\"summary_large_image\" \/>\n<meta name=\"twitter:title\" content=\"Asociaci\u00f3n PANNAGH absuelta por el Tribunal Supremo\" \/>\n<meta name=\"twitter:description\" content=\"Entrada &#8226; Portal multimedia sobre cannabis y otras sustancias &#8226; 28 julio, 2018\" \/>\n<meta name=\"twitter:image\" content=\"https:\/\/www.cannabis.es\/pw\/wp-content\/uploads\/2020\/05\/pannagh.jpg\" \/>\n<meta name=\"twitter:creator\" content=\"@cannabis_es\" \/>\n<meta name=\"twitter:site\" content=\"@cannabis_es\" \/>\n<meta name=\"twitter:label1\" content=\"Escrito por\" \/>\n\t<meta name=\"twitter:data1\" content=\"Cannabis.es\" \/>\n\t<meta name=\"twitter:label2\" content=\"Tiempo de lectura\" \/>\n\t<meta name=\"twitter:data2\" content=\"5 minutos\" \/>\n<script type=\"application\/ld+json\" class=\"yoast-schema-graph\">{\"@context\":\"https:\/\/schema.org\",\"@graph\":[{\"@type\":\"Article\",\"@id\":\"https:\/\/www.cannabis.es\/pw\/2018\/07\/28\/asociacion-pannagh-absuelta-por-el-tribunal-supremo\/#article\",\"isPartOf\":{\"@id\":\"https:\/\/www.cannabis.es\/pw\/2018\/07\/28\/asociacion-pannagh-absuelta-por-el-tribunal-supremo\/\"},\"author\":{\"name\":\"Cannabis.es\",\"@id\":\"https:\/\/www.cannabis.es\/pw\/#\/schema\/person\/e2fbd204580cf4fe74c79b82bc447374\"},\"headline\":\"Asociaci\u00f3n PANNAGH absuelta por el Tribunal Supremo\",\"datePublished\":\"2018-07-28T12:33:00+00:00\",\"dateModified\":\"2020-09-04T11:57:54+00:00\",\"mainEntityOfPage\":{\"@id\":\"https:\/\/www.cannabis.es\/pw\/2018\/07\/28\/asociacion-pannagh-absuelta-por-el-tribunal-supremo\/\"},\"wordCount\":976,\"publisher\":{\"@id\":\"https:\/\/www.cannabis.es\/pw\/#organization\"},\"image\":{\"@id\":\"https:\/\/www.cannabis.es\/pw\/2018\/07\/28\/asociacion-pannagh-absuelta-por-el-tribunal-supremo\/#primaryimage\"},\"thumbnailUrl\":\"https:\/\/www.cannabis.es\/pw\/wp-content\/uploads\/2020\/05\/pannagh.jpg\",\"keywords\":[\"activismo cann\u00e1bico\",\"ConFAC\",\"CSC\",\"derechos humanos\",\"leyes\",\"pannagh\"],\"articleSection\":[\"Pol\u00edtica y Sociedad\"],\"inLanguage\":\"es\"},{\"@type\":\"WebPage\",\"@id\":\"https:\/\/www.cannabis.es\/pw\/2018\/07\/28\/asociacion-pannagh-absuelta-por-el-tribunal-supremo\/\",\"url\":\"https:\/\/www.cannabis.es\/pw\/2018\/07\/28\/asociacion-pannagh-absuelta-por-el-tribunal-supremo\/\",\"name\":\"Asociaci\u00f3n PANNAGH absuelta por el Tribunal Supremo\",\"isPartOf\":{\"@id\":\"https:\/\/www.cannabis.es\/pw\/#website\"},\"primaryImageOfPage\":{\"@id\":\"https:\/\/www.cannabis.es\/pw\/2018\/07\/28\/asociacion-pannagh-absuelta-por-el-tribunal-supremo\/#primaryimage\"},\"image\":{\"@id\":\"https:\/\/www.cannabis.es\/pw\/2018\/07\/28\/asociacion-pannagh-absuelta-por-el-tribunal-supremo\/#primaryimage\"},\"thumbnailUrl\":\"https:\/\/www.cannabis.es\/pw\/wp-content\/uploads\/2020\/05\/pannagh.jpg\",\"datePublished\":\"2018-07-28T12:33:00+00:00\",\"dateModified\":\"2020-09-04T11:57:54+00:00\",\"description\":\"Entrada &#8226; Portal multimedia sobre cannabis y otras sustancias &#8226; 28 julio, 2018\",\"breadcrumb\":{\"@id\":\"https:\/\/www.cannabis.es\/pw\/2018\/07\/28\/asociacion-pannagh-absuelta-por-el-tribunal-supremo\/#breadcrumb\"},\"inLanguage\":\"es\",\"potentialAction\":[{\"@type\":\"ReadAction\",\"target\":[\"https:\/\/www.cannabis.es\/pw\/2018\/07\/28\/asociacion-pannagh-absuelta-por-el-tribunal-supremo\/\"]}]},{\"@type\":\"ImageObject\",\"inLanguage\":\"es\",\"@id\":\"https:\/\/www.cannabis.es\/pw\/2018\/07\/28\/asociacion-pannagh-absuelta-por-el-tribunal-supremo\/#primaryimage\",\"url\":\"https:\/\/www.cannabis.es\/pw\/wp-content\/uploads\/2020\/05\/pannagh.jpg\",\"contentUrl\":\"https:\/\/www.cannabis.es\/pw\/wp-content\/uploads\/2020\/05\/pannagh.jpg\",\"width\":959,\"height\":475},{\"@type\":\"BreadcrumbList\",\"@id\":\"https:\/\/www.cannabis.es\/pw\/2018\/07\/28\/asociacion-pannagh-absuelta-por-el-tribunal-supremo\/#breadcrumb\",\"itemListElement\":[{\"@type\":\"ListItem\",\"position\":1,\"name\":\"Portada\",\"item\":\"http:\/\/www.cannabis.es\/pw\/\"},{\"@type\":\"ListItem\",\"position\":2,\"name\":\"Asociaci\u00f3n PANNAGH absuelta por el Tribunal Supremo\"}]},{\"@type\":\"WebSite\",\"@id\":\"https:\/\/www.cannabis.es\/pw\/#website\",\"url\":\"https:\/\/www.cannabis.es\/pw\/\",\"name\":\"Cannabis\",\"description\":\"Portal multimedia sobre cannabis y otras sustancias\",\"publisher\":{\"@id\":\"https:\/\/www.cannabis.es\/pw\/#organization\"},\"potentialAction\":[{\"@type\":\"SearchAction\",\"target\":{\"@type\":\"EntryPoint\",\"urlTemplate\":\"https:\/\/www.cannabis.es\/pw\/?s={search_term_string}\"},\"query-input\":{\"@type\":\"PropertyValueSpecification\",\"valueRequired\":true,\"valueName\":\"search_term_string\"}}],\"inLanguage\":\"es\"},{\"@type\":\"Organization\",\"@id\":\"https:\/\/www.cannabis.es\/pw\/#organization\",\"name\":\"Cannabis.es\",\"url\":\"https:\/\/www.cannabis.es\/pw\/\",\"logo\":{\"@type\":\"ImageObject\",\"inLanguage\":\"es\",\"@id\":\"https:\/\/www.cannabis.es\/pw\/#\/schema\/logo\/image\/\",\"url\":\"https:\/\/www.cannabis.es\/pw\/wp-content\/uploads\/2019\/04\/cropped-logo_cannabis.png\",\"contentUrl\":\"https:\/\/www.cannabis.es\/pw\/wp-content\/uploads\/2019\/04\/cropped-logo_cannabis.png\",\"width\":361,\"height\":120,\"caption\":\"Cannabis.es\"},\"image\":{\"@id\":\"https:\/\/www.cannabis.es\/pw\/#\/schema\/logo\/image\/\"},\"sameAs\":[\"https:\/\/x.com\/cannabis_es\"]},{\"@type\":\"Person\",\"@id\":\"https:\/\/www.cannabis.es\/pw\/#\/schema\/person\/e2fbd204580cf4fe74c79b82bc447374\",\"name\":\"Cannabis.es\",\"image\":{\"@type\":\"ImageObject\",\"inLanguage\":\"es\",\"@id\":\"https:\/\/www.cannabis.es\/pw\/#\/schema\/person\/image\/\",\"url\":\"https:\/\/secure.gravatar.com\/avatar\/4375b1eb6e272e2e48a4b8a8def52e5f208151f555bb5906da616906ee6dd2e8?s=96&d=mm&r=g\",\"contentUrl\":\"https:\/\/secure.gravatar.com\/avatar\/4375b1eb6e272e2e48a4b8a8def52e5f208151f555bb5906da616906ee6dd2e8?s=96&d=mm&r=g\",\"caption\":\"Cannabis.es\"},\"url\":\"https:\/\/www.cannabis.es\/pw\/author\/cannabis\/\"}]}<\/script>\n<!-- \/ Yoast SEO plugin. -->","yoast_head_json":{"title":"Asociaci\u00f3n PANNAGH absuelta por el Tribunal Supremo","description":"Entrada &#8226; Portal multimedia sobre cannabis y otras sustancias &#8226; 28 julio, 2018","robots":{"index":"index","follow":"follow","max-snippet":"max-snippet:-1","max-image-preview":"max-image-preview:large","max-video-preview":"max-video-preview:-1"},"canonical":"https:\/\/www.cannabis.es\/pw\/2018\/07\/28\/asociacion-pannagh-absuelta-por-el-tribunal-supremo\/","twitter_card":"summary_large_image","twitter_title":"Asociaci\u00f3n PANNAGH absuelta por el Tribunal Supremo","twitter_description":"Entrada &#8226; Portal multimedia sobre cannabis y otras sustancias &#8226; 28 julio, 2018","twitter_image":"https:\/\/www.cannabis.es\/pw\/wp-content\/uploads\/2020\/05\/pannagh.jpg","twitter_creator":"@cannabis_es","twitter_site":"@cannabis_es","twitter_misc":{"Escrito por":"Cannabis.es","Tiempo de lectura":"5 minutos"},"schema":{"@context":"https:\/\/schema.org","@graph":[{"@type":"Article","@id":"https:\/\/www.cannabis.es\/pw\/2018\/07\/28\/asociacion-pannagh-absuelta-por-el-tribunal-supremo\/#article","isPartOf":{"@id":"https:\/\/www.cannabis.es\/pw\/2018\/07\/28\/asociacion-pannagh-absuelta-por-el-tribunal-supremo\/"},"author":{"name":"Cannabis.es","@id":"https:\/\/www.cannabis.es\/pw\/#\/schema\/person\/e2fbd204580cf4fe74c79b82bc447374"},"headline":"Asociaci\u00f3n PANNAGH absuelta por el Tribunal Supremo","datePublished":"2018-07-28T12:33:00+00:00","dateModified":"2020-09-04T11:57:54+00:00","mainEntityOfPage":{"@id":"https:\/\/www.cannabis.es\/pw\/2018\/07\/28\/asociacion-pannagh-absuelta-por-el-tribunal-supremo\/"},"wordCount":976,"publisher":{"@id":"https:\/\/www.cannabis.es\/pw\/#organization"},"image":{"@id":"https:\/\/www.cannabis.es\/pw\/2018\/07\/28\/asociacion-pannagh-absuelta-por-el-tribunal-supremo\/#primaryimage"},"thumbnailUrl":"https:\/\/www.cannabis.es\/pw\/wp-content\/uploads\/2020\/05\/pannagh.jpg","keywords":["activismo cann\u00e1bico","ConFAC","CSC","derechos humanos","leyes","pannagh"],"articleSection":["Pol\u00edtica y Sociedad"],"inLanguage":"es"},{"@type":"WebPage","@id":"https:\/\/www.cannabis.es\/pw\/2018\/07\/28\/asociacion-pannagh-absuelta-por-el-tribunal-supremo\/","url":"https:\/\/www.cannabis.es\/pw\/2018\/07\/28\/asociacion-pannagh-absuelta-por-el-tribunal-supremo\/","name":"Asociaci\u00f3n PANNAGH absuelta por el Tribunal Supremo","isPartOf":{"@id":"https:\/\/www.cannabis.es\/pw\/#website"},"primaryImageOfPage":{"@id":"https:\/\/www.cannabis.es\/pw\/2018\/07\/28\/asociacion-pannagh-absuelta-por-el-tribunal-supremo\/#primaryimage"},"image":{"@id":"https:\/\/www.cannabis.es\/pw\/2018\/07\/28\/asociacion-pannagh-absuelta-por-el-tribunal-supremo\/#primaryimage"},"thumbnailUrl":"https:\/\/www.cannabis.es\/pw\/wp-content\/uploads\/2020\/05\/pannagh.jpg","datePublished":"2018-07-28T12:33:00+00:00","dateModified":"2020-09-04T11:57:54+00:00","description":"Entrada &#8226; Portal multimedia sobre cannabis y otras sustancias &#8226; 28 julio, 2018","breadcrumb":{"@id":"https:\/\/www.cannabis.es\/pw\/2018\/07\/28\/asociacion-pannagh-absuelta-por-el-tribunal-supremo\/#breadcrumb"},"inLanguage":"es","potentialAction":[{"@type":"ReadAction","target":["https:\/\/www.cannabis.es\/pw\/2018\/07\/28\/asociacion-pannagh-absuelta-por-el-tribunal-supremo\/"]}]},{"@type":"ImageObject","inLanguage":"es","@id":"https:\/\/www.cannabis.es\/pw\/2018\/07\/28\/asociacion-pannagh-absuelta-por-el-tribunal-supremo\/#primaryimage","url":"https:\/\/www.cannabis.es\/pw\/wp-content\/uploads\/2020\/05\/pannagh.jpg","contentUrl":"https:\/\/www.cannabis.es\/pw\/wp-content\/uploads\/2020\/05\/pannagh.jpg","width":959,"height":475},{"@type":"BreadcrumbList","@id":"https:\/\/www.cannabis.es\/pw\/2018\/07\/28\/asociacion-pannagh-absuelta-por-el-tribunal-supremo\/#breadcrumb","itemListElement":[{"@type":"ListItem","position":1,"name":"Portada","item":"http:\/\/www.cannabis.es\/pw\/"},{"@type":"ListItem","position":2,"name":"Asociaci\u00f3n PANNAGH absuelta por el Tribunal Supremo"}]},{"@type":"WebSite","@id":"https:\/\/www.cannabis.es\/pw\/#website","url":"https:\/\/www.cannabis.es\/pw\/","name":"Cannabis","description":"Portal multimedia sobre cannabis y otras sustancias","publisher":{"@id":"https:\/\/www.cannabis.es\/pw\/#organization"},"potentialAction":[{"@type":"SearchAction","target":{"@type":"EntryPoint","urlTemplate":"https:\/\/www.cannabis.es\/pw\/?s={search_term_string}"},"query-input":{"@type":"PropertyValueSpecification","valueRequired":true,"valueName":"search_term_string"}}],"inLanguage":"es"},{"@type":"Organization","@id":"https:\/\/www.cannabis.es\/pw\/#organization","name":"Cannabis.es","url":"https:\/\/www.cannabis.es\/pw\/","logo":{"@type":"ImageObject","inLanguage":"es","@id":"https:\/\/www.cannabis.es\/pw\/#\/schema\/logo\/image\/","url":"https:\/\/www.cannabis.es\/pw\/wp-content\/uploads\/2019\/04\/cropped-logo_cannabis.png","contentUrl":"https:\/\/www.cannabis.es\/pw\/wp-content\/uploads\/2019\/04\/cropped-logo_cannabis.png","width":361,"height":120,"caption":"Cannabis.es"},"image":{"@id":"https:\/\/www.cannabis.es\/pw\/#\/schema\/logo\/image\/"},"sameAs":["https:\/\/x.com\/cannabis_es"]},{"@type":"Person","@id":"https:\/\/www.cannabis.es\/pw\/#\/schema\/person\/e2fbd204580cf4fe74c79b82bc447374","name":"Cannabis.es","image":{"@type":"ImageObject","inLanguage":"es","@id":"https:\/\/www.cannabis.es\/pw\/#\/schema\/person\/image\/","url":"https:\/\/secure.gravatar.com\/avatar\/4375b1eb6e272e2e48a4b8a8def52e5f208151f555bb5906da616906ee6dd2e8?s=96&d=mm&r=g","contentUrl":"https:\/\/secure.gravatar.com\/avatar\/4375b1eb6e272e2e48a4b8a8def52e5f208151f555bb5906da616906ee6dd2e8?s=96&d=mm&r=g","caption":"Cannabis.es"},"url":"https:\/\/www.cannabis.es\/pw\/author\/cannabis\/"}]}},"_links":{"self":[{"href":"https:\/\/www.cannabis.es\/pw\/wp-json\/wp\/v2\/posts\/2302","targetHints":{"allow":["GET"]}}],"collection":[{"href":"https:\/\/www.cannabis.es\/pw\/wp-json\/wp\/v2\/posts"}],"about":[{"href":"https:\/\/www.cannabis.es\/pw\/wp-json\/wp\/v2\/types\/post"}],"author":[{"embeddable":true,"href":"https:\/\/www.cannabis.es\/pw\/wp-json\/wp\/v2\/users\/1"}],"replies":[{"embeddable":true,"href":"https:\/\/www.cannabis.es\/pw\/wp-json\/wp\/v2\/comments?post=2302"}],"version-history":[{"count":1,"href":"https:\/\/www.cannabis.es\/pw\/wp-json\/wp\/v2\/posts\/2302\/revisions"}],"predecessor-version":[{"id":2304,"href":"https:\/\/www.cannabis.es\/pw\/wp-json\/wp\/v2\/posts\/2302\/revisions\/2304"}],"wp:featuredmedia":[{"embeddable":true,"href":"https:\/\/www.cannabis.es\/pw\/wp-json\/wp\/v2\/media\/2303"}],"wp:attachment":[{"href":"https:\/\/www.cannabis.es\/pw\/wp-json\/wp\/v2\/media?parent=2302"}],"wp:term":[{"taxonomy":"category","embeddable":true,"href":"https:\/\/www.cannabis.es\/pw\/wp-json\/wp\/v2\/categories?post=2302"},{"taxonomy":"post_tag","embeddable":true,"href":"https:\/\/www.cannabis.es\/pw\/wp-json\/wp\/v2\/tags?post=2302"}],"curies":[{"name":"wp","href":"https:\/\/api.w.org\/{rel}","templated":true}]}}