{"id":2314,"date":"2018-07-06T14:42:36","date_gmt":"2018-07-06T12:42:36","guid":{"rendered":"http:\/\/www.cannabis.es\/pw\/?p=2314"},"modified":"2020-09-07T13:27:28","modified_gmt":"2020-09-07T11:27:28","slug":"peticiones-de-regulacion-del-cannabis-llegan-hasta-el-congreso-junto-a-no-somos-delito","status":"publish","type":"post","link":"https:\/\/www.cannabis.es\/pw\/2018\/07\/06\/peticiones-de-regulacion-del-cannabis-llegan-hasta-el-congreso-junto-a-no-somos-delito\/","title":{"rendered":"Peticiones de regulaci\u00f3n del cannabis llegan hasta el Congreso junto a \u201cNo Somos Delito\u201d"},"content":{"rendered":"\n<p>Durante el d\u00eda de ayer jueves 5 de julio tuvo lugar en el&nbsp;<strong>Congreso de los Diputados&nbsp;<\/strong>(sala Ernest Lluc) el&nbsp;<strong>acto<\/strong>&nbsp;organizado por la&nbsp;<strong>plataforma ciudadana \u201cNo Somos Delito\u201d<\/strong>. Esta tribuna agrupa a distintas&nbsp;<strong>organizaciones de la sociedad civil<\/strong>&nbsp;y lucha por la&nbsp;<strong>derogaci\u00f3n de la Ley de Seguridad Ciudadana<\/strong>, m\u00e1s conocida como \u201c<strong>Ley Mordaza<\/strong>\u201d.<\/p>\n\n\n\n<p>Exige la&nbsp;<strong>revisi\u00f3n del C\u00f3digo Penal&nbsp;<\/strong>en aspectos tales como las devoluciones en caliente, la eliminaci\u00f3n de redadas racistas, derecho a la intimidad y seguridad en cacheos y registros o la habilitaci\u00f3n de mecanismos que faciliten la participaci\u00f3n efectiva de la sociedad en el proceso de creaci\u00f3n de una nueva ley, entre muchos otros.<\/p>\n\n\n\n<hr class=\"wp-block-separator\"\/>\n\n\n\n<p>Ante diputados de los principales partidos pol\u00edticos (<strong>Enric Bataller, Comprom\u00eds; David Serrada, PSOE; David Carracedo, IU; Miguel \u00c1ngel Guti\u00e9rrez Rivas, Cs<\/strong>) se expusieron las<strong>&nbsp;necesidades de la sociedad<\/strong>, representados en \u00e9ste ateneo.<\/p>\n\n\n\n<p>Participaron en el acto asociaciones tales como<strong>&nbsp;Plataforma por el Derecho a la Libertad de Informaci\u00f3n, C\u00e1ritas, AFEMTRAS, CONFAC, Red Acoge, SOS Racismo, ALA, Comisi\u00f3n Legal Sol, ATTAC, Defender a qui\u00e9n Defiende\/Novact, Ecologistas en Acci\u00f3n, Greenpeace Espa\u00f1a y el colectivo Yayxflautas.<\/strong><\/p>\n\n\n\n<h3 class=\"wp-block-heading\"><strong>No Somos Delito<\/strong><\/h3>\n\n\n\n<p><strong>M\u00f3nica Hidalgo<\/strong>&nbsp;es la&nbsp;<strong>portavoz de la plataforma<\/strong>. Nos explica que se trata de una organizaci\u00f3n apartidista, no buscando as\u00ed la representaci\u00f3n concreta de ning\u00fan partido, de modo que hoy han venido representados por&nbsp;<strong>Enric Bataller y Comprom\u00eds<\/strong>.&nbsp;<em>\u201cSoy farmac\u00e9utica y creo que es un atraso que la marihuana&nbsp;<strong>no est\u00e9 legalizada, al menos para uso terap\u00e9utico<\/strong>\u201d,&nbsp;<\/em>comenta.&nbsp;<em>\u201cNo podemos permitir que un porro sea consecuencia de las<strong>&nbsp;desmesuradas multas que se est\u00e1n imponiendo gracias a la Ley de Seguridad Ciudadana (LSC)<\/strong>, una ley que solo busca oprimir y censurar a la gente\u201d.<\/em>&nbsp;Con el cambio de gobierno, \u00e9sta se convierte en una oportunidad propicia para conseguir un&nbsp;<em>\u201ccambio total\u201d<\/em>&nbsp;en el marco legal actual, no solo en la LSC, sino en el C\u00f3digo Penal y la Ley Antiterrorista:&nbsp;<em>\u201c<strong>Con este cambio esperamos que se abra una ventana de esperanza&nbsp;<\/strong>y recordar el discurso de investidura de&nbsp;<strong>Pedro S\u00e1nchez y las promesas de su anterior programa<\/strong>&nbsp;electoral\u201d. \u201cEsperamos del acto de hoy que al menos&nbsp;<strong>se nos escuche y se nos tome en cuenta para la redacci\u00f3n de una nueva ley<\/strong>, a las asociaciones que llevamos 15 a\u00f1os luchando por las libertades de la sociedad civil\u201d.<\/em><\/p>\n\n\n\n<h3 class=\"wp-block-heading\"><strong>CONFAC<\/strong><\/h3>\n\n\n\n<p>Beatriz Macho,&nbsp;<strong>abogada representante de la&nbsp;<a href=\"https:\/\/twitter.com\/federacionfac?lang=es\">Confederaci\u00f3n de Asociaciones Cann\u00e1bicas<\/a><\/strong>, se presenta como portavoz ante la audiencia. Previamente, el p\u00fablico hab\u00eda tenido la oportunidad de ver el teatro legislativo a cuenta de la compa\u00f1\u00eda de teatro \u201c<strong>Bajarse al Sur<\/strong>\u201d, una interesante pieza de contexto e interactuaci\u00f3n con el auditorio. Tras ella,&nbsp;<strong>H\u00e9ctor Brotons (Estudio Jur\u00eddico BROTSANBERT) en representaci\u00f3n del Observatorio Europeo del Cannabis, junto con dos delegados de&nbsp;<a href=\"http:\/\/www.amec.org.es\/\">la AMEC, Jorge Caneja y su presidente, Lucky<\/a><\/strong>.<\/p>\n\n\n\n<p><em>\u201cEs intolerable que se siga&nbsp;<strong>persiguiendo y sancionando a consumidores de cannabis, a la vista de cantidades que normalmente no pueden pagar<\/strong>. El colectivo cann\u00e1bico tiene el<strong>&nbsp;r\u00e9cord de multas, casi el 90% de todas las que se imponen bajo la Ley Mordaza&nbsp;<\/strong>y son de al menos 600 euros, lo que es el salario m\u00ednimo\u201d,<\/em>&nbsp;explica.&nbsp;<em>\u201cAunque&nbsp;<strong>el cambio de gobierno puede ser un momento preciso para propiciar un cambio, llevamos denunciando estos abusos desde el principio de la LSC<\/strong>. Con esta participaci\u00f3n en&nbsp;<strong>No Somos Delito, conseguimos que los partidos pol\u00edticos se adhieran<\/strong>&nbsp;a nuestras peticiones, hacernos visibles ante la sociedad y hacer desaparecer el&nbsp;<strong>mito del hermetismo alrededor de la comunidad cann\u00e1bica<\/strong>. Aqu\u00ed lo que estamos haciendo es dar la cara, decir que somos consumidores de cannabis y explicar que la \u00fanica soluci\u00f3n que tienen para nosotros es multarnos. Adem\u00e1s&nbsp;<strong>estamos agrup\u00e1ndonos con otros colectivos que tienen mucha carga social<\/strong>&nbsp;y visibiliz\u00e1ndonos juntas. Somos millones de votos y contamos con mucha gente que nos apoya, deben hacernos caso en la lucha por nuestros derechos\u201d.<\/em><\/p>\n\n\n\n<p><em>\u201cPensamos que&nbsp;<strong>deber\u00eda desaparecer el cargo de tenencia en v\u00eda p\u00fablica<\/strong>, porque lo vemos sin sentido y pensamos que no tiene ninguna relevancia para la sociedad. Entra dentro de nuestro&nbsp;<strong>derecho a la intimidad, a la libertad de pensamiento&nbsp;<\/strong>y no debe ser por ello sancionado. Preferimos fijarnos en el&nbsp;<strong>modelo de Portugal<\/strong>. Nos parece estupendo toda la prevenci\u00f3n e informaci\u00f3n que pueda hacer el<strong>&nbsp;Estado, pero no a trav\u00e9s de multas<\/strong>&nbsp;que solo buscan castigar al usuario que ha tomado una elecci\u00f3n personal.\u201d<\/em>&nbsp;Apunta la letrada.<\/p>\n\n\n\n<p>{gallery}Congreso no somos delito{\/gallery}<\/p>\n\n\n\n<p>Por su parte,&nbsp;<strong><a href=\"http:\/\/www.brotsanbert.com\/\">H\u00e9ctor Brotons (BROTSANBERT)<\/a>&nbsp;apunta la oportunidad que supone un cambio de gobierno para introducir enmiendas legislativas<\/strong>&nbsp;y propuestas a partidos pol\u00edticos para que escuchen las necesidades de la sociedad civil, aqu\u00ed representada.&nbsp;<em>\u201cNo solo los usuarios de cannabis son los afectados por \u00e9sta ley, as\u00ed mismo&nbsp;<strong>se trata de una forma de registrar sin motivo a casi un mill\u00f3n de personas al a\u00f1o<\/strong>. Hay que estar ah\u00ed y presionar para que se acuerden de nosotros\u201d<\/em>&nbsp;expone.<\/p>\n\n\n\n<p><em>\u201cCreo que puede darse un&nbsp;<strong>cambio real en la legislaci\u00f3n<\/strong>. Sin embargo, parece que hay derechos \u201cde primera\u201d y otros \u201cde segunda\u201d, aunque hay que recordar que los&nbsp;<strong>consumidores de cannabis son un grupo particularmente castigado<\/strong>&nbsp;y no creo que el tema deba ser tratado como algo \u201cde segunda\u201d, pues&nbsp;<strong>se est\u00e1 tratando a personas reales como \u201cde segunda\u201d incluso \u201cde tercera\u201d<\/strong>. Es fundamental estar junto a los&nbsp;<strong>colectivos de No Somos Delitos pues ellos tambi\u00e9n se acuerdan de nosotros en sus exposiciones<\/strong>, como la de&nbsp;<strong>Comisi\u00f3n Legal Sol<\/strong>, que han se\u00f1alado tambi\u00e9n nuestros problemas. No se puede discriminar a la gente por su forma de ser, por haber elegido&nbsp;<strong>un estilo de vida, en este caso, el del cannabis\u201d<\/strong>.<\/em><\/p>\n\n\n\n<p>Como apunta&nbsp;<strong>Beatriz durante su intervenci\u00f3n, el 10% de la poblaci\u00f3n consume cannabis<\/strong>&nbsp;sin que suponga un&nbsp;<strong>riesgo para la seguridad ciudadana<\/strong>, ni refleje ninguna alarma social. Cuatro millones de personas&nbsp;<strong>bajo la lupa implacable del Estado que persigue y multa sin sentido<\/strong>. 300.000 multas al a\u00f1o, 1000 multas por d\u00eda. Cacheos indiscriminados.&nbsp;<strong>La LSC nos persigue, a ciudadanos, a periodistas, a consumidores, a trabajadoras del sexo, manifestantes, tuiteros, raperos, activistas, ecologistas, inmigrantes, abuelas y abuelos.&nbsp;<a href=\"https:\/\/nosomosdelito.net\/\">No somos delito.<\/a><\/strong><\/p>\n\n\n\n<figure class=\"wp-block-image\"><img decoding=\"async\" src=\"https:\/\/www.cannabis.es\/web\/images\/4nosomosdelito.jpg\" alt=\"No Somos Delito\"\/><\/figure>\n","protected":false},"excerpt":{"rendered":"<span class=\"span-reading-time rt-reading-time\" style=\"display: block;\"><span class=\"rt-label rt-prefix\">Tiempo de lectura:<\/span> <span class=\"rt-time\"> 4<\/span> <span class=\"rt-label rt-postfix\">minutos<\/span><\/span>Durante el d\u00eda de ayer jueves 5 de julio tuvo lugar en el&nbsp;Congreso de los Diputados&nbsp;(sala Ernest Lluc) el&nbsp;acto&nbsp;organizado por la&nbsp;plataforma ciudadana \u201cNo Somos Delito\u201d. Esta tribuna agrupa a distintas&nbsp;organizaciones de la sociedad civil&nbsp;y lucha por la&nbsp;derogaci\u00f3n de la Ley de Seguridad Ciudadana, m\u00e1s conocida como \u201cLey Mordaza\u201d. Exige la&nbsp;revisi\u00f3n del C\u00f3digo Penal&nbsp;en aspectos tales [&hellip;]","protected":false},"author":1,"featured_media":2315,"comment_status":"closed","ping_status":"closed","sticky":false,"template":"","format":"standard","meta":{"loftocean-featured-post":"","loftocean_post_format_gallery":"","loftocean_post_format_gallery_ids":"","loftocean_post_format_gallery_urls":"","loftocean_post_format_video_id":"","loftocean_post_format_video_url":"","loftocean_post_format_video_type":"","loftocean_post_format_video":"","loftocean_post_format_audio_type":"","loftocean_post_format_audio_url":"","loftocean_post_format_audio_id":"","loftocean_post_format_audio":"","loftocean_post_format_quote_text":"","loftocean_post_format_quote_byline":"","loftocean_post_format_link_text":"","loftocean_post_format_link_url":"","ceramag_post_header_style":"","ceramag_enable_background_video":"","ceramag_show_in_top_slider":"","ceramag_post_background_video_start":"","ceramag_post_background_video_end":"","loftocean_page_background_video_id":"","loftocean_page_background_video_url":"","loftocean_page_background_video_type":"","loftocean_page_background_video":"","ceramag_background_video_start":"","ceramag_background_video_end":"","ceramag_single_page_hide_header":"","footnotes":""},"categories":[35],"tags":[638,555,851,743,637,744,927,928,42,848],"class_list":["post-2314","post","type-post","status-publish","format-standard","has-post-thumbnail","hentry","category-politica-y-sociedad","tag-brotsanbert","tag-confac","tag-congreso","tag-ley-de-seguridad-ciudadana","tag-ley-mordaza","tag-leyes-sobre-drogas","tag-no-somos-delito","tag-pedro-sanchez","tag-politica","tag-politica-de-drogas"],"yoast_head":"<!-- This site is optimized with the Yoast SEO plugin v24.9 - https:\/\/yoast.com\/wordpress\/plugins\/seo\/ -->\n<title>Peticiones de regulaci\u00f3n del cannabis llegan hasta el Congreso junto a \u201cNo Somos Delito\u201d<\/title>\n<meta name=\"description\" content=\"Entrada &#8226; Portal multimedia sobre cannabis y otras sustancias &#8226; 6 julio, 2018\" \/>\n<meta name=\"robots\" content=\"index, follow, max-snippet:-1, max-image-preview:large, max-video-preview:-1\" \/>\n<link rel=\"canonical\" href=\"https:\/\/www.cannabis.es\/pw\/2018\/07\/06\/peticiones-de-regulacion-del-cannabis-llegan-hasta-el-congreso-junto-a-no-somos-delito\/\" \/>\n<meta name=\"twitter:card\" content=\"summary_large_image\" \/>\n<meta name=\"twitter:title\" content=\"Peticiones de regulaci\u00f3n del cannabis llegan hasta el Congreso junto a \u201cNo Somos Delito\u201d\" \/>\n<meta name=\"twitter:description\" content=\"Entrada &#8226; Portal multimedia sobre cannabis y otras sustancias &#8226; 6 julio, 2018\" \/>\n<meta name=\"twitter:image\" content=\"https:\/\/www.cannabis.es\/pw\/wp-content\/uploads\/2020\/05\/finaportada_parlamento_final.jpg\" \/>\n<meta name=\"twitter:creator\" content=\"@cannabis_es\" \/>\n<meta name=\"twitter:site\" content=\"@cannabis_es\" \/>\n<meta name=\"twitter:label1\" content=\"Escrito por\" \/>\n\t<meta name=\"twitter:data1\" content=\"Cannabis.es\" \/>\n\t<meta name=\"twitter:label2\" content=\"Tiempo de lectura\" \/>\n\t<meta name=\"twitter:data2\" content=\"6 minutos\" \/>\n<script type=\"application\/ld+json\" class=\"yoast-schema-graph\">{\"@context\":\"https:\/\/schema.org\",\"@graph\":[{\"@type\":\"Article\",\"@id\":\"https:\/\/www.cannabis.es\/pw\/2018\/07\/06\/peticiones-de-regulacion-del-cannabis-llegan-hasta-el-congreso-junto-a-no-somos-delito\/#article\",\"isPartOf\":{\"@id\":\"https:\/\/www.cannabis.es\/pw\/2018\/07\/06\/peticiones-de-regulacion-del-cannabis-llegan-hasta-el-congreso-junto-a-no-somos-delito\/\"},\"author\":{\"name\":\"Cannabis.es\",\"@id\":\"https:\/\/www.cannabis.es\/pw\/#\/schema\/person\/e2fbd204580cf4fe74c79b82bc447374\"},\"headline\":\"Peticiones de regulaci\u00f3n del cannabis llegan hasta el Congreso junto a \u201cNo Somos Delito\u201d\",\"datePublished\":\"2018-07-06T12:42:36+00:00\",\"dateModified\":\"2020-09-07T11:27:28+00:00\",\"mainEntityOfPage\":{\"@id\":\"https:\/\/www.cannabis.es\/pw\/2018\/07\/06\/peticiones-de-regulacion-del-cannabis-llegan-hasta-el-congreso-junto-a-no-somos-delito\/\"},\"wordCount\":1154,\"publisher\":{\"@id\":\"https:\/\/www.cannabis.es\/pw\/#organization\"},\"image\":{\"@id\":\"https:\/\/www.cannabis.es\/pw\/2018\/07\/06\/peticiones-de-regulacion-del-cannabis-llegan-hasta-el-congreso-junto-a-no-somos-delito\/#primaryimage\"},\"thumbnailUrl\":\"https:\/\/www.cannabis.es\/pw\/wp-content\/uploads\/2020\/05\/finaportada_parlamento_final.jpg\",\"keywords\":[\"Brotsanbert\",\"ConFAC\",\"congreso\",\"ley de seguridad ciudadana\",\"Ley Mordaza\",\"leyes sobre drogas\",\"No somos delito\",\"Pedro S\u00e1nchez\",\"pol\u00edtica\",\"pol\u00edtica de drogas\"],\"articleSection\":[\"Pol\u00edtica y Sociedad\"],\"inLanguage\":\"es\"},{\"@type\":\"WebPage\",\"@id\":\"https:\/\/www.cannabis.es\/pw\/2018\/07\/06\/peticiones-de-regulacion-del-cannabis-llegan-hasta-el-congreso-junto-a-no-somos-delito\/\",\"url\":\"https:\/\/www.cannabis.es\/pw\/2018\/07\/06\/peticiones-de-regulacion-del-cannabis-llegan-hasta-el-congreso-junto-a-no-somos-delito\/\",\"name\":\"Peticiones de regulaci\u00f3n del cannabis llegan hasta el Congreso junto a \u201cNo Somos Delito\u201d\",\"isPartOf\":{\"@id\":\"https:\/\/www.cannabis.es\/pw\/#website\"},\"primaryImageOfPage\":{\"@id\":\"https:\/\/www.cannabis.es\/pw\/2018\/07\/06\/peticiones-de-regulacion-del-cannabis-llegan-hasta-el-congreso-junto-a-no-somos-delito\/#primaryimage\"},\"image\":{\"@id\":\"https:\/\/www.cannabis.es\/pw\/2018\/07\/06\/peticiones-de-regulacion-del-cannabis-llegan-hasta-el-congreso-junto-a-no-somos-delito\/#primaryimage\"},\"thumbnailUrl\":\"https:\/\/www.cannabis.es\/pw\/wp-content\/uploads\/2020\/05\/finaportada_parlamento_final.jpg\",\"datePublished\":\"2018-07-06T12:42:36+00:00\",\"dateModified\":\"2020-09-07T11:27:28+00:00\",\"description\":\"Entrada &#8226; Portal multimedia sobre cannabis y otras sustancias &#8226; 6 julio, 2018\",\"breadcrumb\":{\"@id\":\"https:\/\/www.cannabis.es\/pw\/2018\/07\/06\/peticiones-de-regulacion-del-cannabis-llegan-hasta-el-congreso-junto-a-no-somos-delito\/#breadcrumb\"},\"inLanguage\":\"es\",\"potentialAction\":[{\"@type\":\"ReadAction\",\"target\":[\"https:\/\/www.cannabis.es\/pw\/2018\/07\/06\/peticiones-de-regulacion-del-cannabis-llegan-hasta-el-congreso-junto-a-no-somos-delito\/\"]}]},{\"@type\":\"ImageObject\",\"inLanguage\":\"es\",\"@id\":\"https:\/\/www.cannabis.es\/pw\/2018\/07\/06\/peticiones-de-regulacion-del-cannabis-llegan-hasta-el-congreso-junto-a-no-somos-delito\/#primaryimage\",\"url\":\"https:\/\/www.cannabis.es\/pw\/wp-content\/uploads\/2020\/05\/finaportada_parlamento_final.jpg\",\"contentUrl\":\"https:\/\/www.cannabis.es\/pw\/wp-content\/uploads\/2020\/05\/finaportada_parlamento_final.jpg\",\"width\":959,\"height\":475},{\"@type\":\"BreadcrumbList\",\"@id\":\"https:\/\/www.cannabis.es\/pw\/2018\/07\/06\/peticiones-de-regulacion-del-cannabis-llegan-hasta-el-congreso-junto-a-no-somos-delito\/#breadcrumb\",\"itemListElement\":[{\"@type\":\"ListItem\",\"position\":1,\"name\":\"Portada\",\"item\":\"http:\/\/www.cannabis.es\/pw\/\"},{\"@type\":\"ListItem\",\"position\":2,\"name\":\"Peticiones de regulaci\u00f3n del cannabis llegan hasta el Congreso junto a \u201cNo Somos Delito\u201d\"}]},{\"@type\":\"WebSite\",\"@id\":\"https:\/\/www.cannabis.es\/pw\/#website\",\"url\":\"https:\/\/www.cannabis.es\/pw\/\",\"name\":\"Cannabis\",\"description\":\"Portal multimedia sobre cannabis y otras sustancias\",\"publisher\":{\"@id\":\"https:\/\/www.cannabis.es\/pw\/#organization\"},\"potentialAction\":[{\"@type\":\"SearchAction\",\"target\":{\"@type\":\"EntryPoint\",\"urlTemplate\":\"https:\/\/www.cannabis.es\/pw\/?s={search_term_string}\"},\"query-input\":{\"@type\":\"PropertyValueSpecification\",\"valueRequired\":true,\"valueName\":\"search_term_string\"}}],\"inLanguage\":\"es\"},{\"@type\":\"Organization\",\"@id\":\"https:\/\/www.cannabis.es\/pw\/#organization\",\"name\":\"Cannabis.es\",\"url\":\"https:\/\/www.cannabis.es\/pw\/\",\"logo\":{\"@type\":\"ImageObject\",\"inLanguage\":\"es\",\"@id\":\"https:\/\/www.cannabis.es\/pw\/#\/schema\/logo\/image\/\",\"url\":\"https:\/\/www.cannabis.es\/pw\/wp-content\/uploads\/2019\/04\/cropped-logo_cannabis.png\",\"contentUrl\":\"https:\/\/www.cannabis.es\/pw\/wp-content\/uploads\/2019\/04\/cropped-logo_cannabis.png\",\"width\":361,\"height\":120,\"caption\":\"Cannabis.es\"},\"image\":{\"@id\":\"https:\/\/www.cannabis.es\/pw\/#\/schema\/logo\/image\/\"},\"sameAs\":[\"https:\/\/x.com\/cannabis_es\"]},{\"@type\":\"Person\",\"@id\":\"https:\/\/www.cannabis.es\/pw\/#\/schema\/person\/e2fbd204580cf4fe74c79b82bc447374\",\"name\":\"Cannabis.es\",\"image\":{\"@type\":\"ImageObject\",\"inLanguage\":\"es\",\"@id\":\"https:\/\/www.cannabis.es\/pw\/#\/schema\/person\/image\/\",\"url\":\"https:\/\/secure.gravatar.com\/avatar\/4375b1eb6e272e2e48a4b8a8def52e5f208151f555bb5906da616906ee6dd2e8?s=96&d=mm&r=g\",\"contentUrl\":\"https:\/\/secure.gravatar.com\/avatar\/4375b1eb6e272e2e48a4b8a8def52e5f208151f555bb5906da616906ee6dd2e8?s=96&d=mm&r=g\",\"caption\":\"Cannabis.es\"},\"url\":\"https:\/\/www.cannabis.es\/pw\/author\/cannabis\/\"}]}<\/script>\n<!-- \/ Yoast SEO plugin. -->","yoast_head_json":{"title":"Peticiones de regulaci\u00f3n del cannabis llegan hasta el Congreso junto a \u201cNo Somos Delito\u201d","description":"Entrada &#8226; Portal multimedia sobre cannabis y otras sustancias &#8226; 6 julio, 2018","robots":{"index":"index","follow":"follow","max-snippet":"max-snippet:-1","max-image-preview":"max-image-preview:large","max-video-preview":"max-video-preview:-1"},"canonical":"https:\/\/www.cannabis.es\/pw\/2018\/07\/06\/peticiones-de-regulacion-del-cannabis-llegan-hasta-el-congreso-junto-a-no-somos-delito\/","twitter_card":"summary_large_image","twitter_title":"Peticiones de regulaci\u00f3n del cannabis llegan hasta el Congreso junto a \u201cNo Somos Delito\u201d","twitter_description":"Entrada &#8226; Portal multimedia sobre cannabis y otras sustancias &#8226; 6 julio, 2018","twitter_image":"https:\/\/www.cannabis.es\/pw\/wp-content\/uploads\/2020\/05\/finaportada_parlamento_final.jpg","twitter_creator":"@cannabis_es","twitter_site":"@cannabis_es","twitter_misc":{"Escrito por":"Cannabis.es","Tiempo de lectura":"6 minutos"},"schema":{"@context":"https:\/\/schema.org","@graph":[{"@type":"Article","@id":"https:\/\/www.cannabis.es\/pw\/2018\/07\/06\/peticiones-de-regulacion-del-cannabis-llegan-hasta-el-congreso-junto-a-no-somos-delito\/#article","isPartOf":{"@id":"https:\/\/www.cannabis.es\/pw\/2018\/07\/06\/peticiones-de-regulacion-del-cannabis-llegan-hasta-el-congreso-junto-a-no-somos-delito\/"},"author":{"name":"Cannabis.es","@id":"https:\/\/www.cannabis.es\/pw\/#\/schema\/person\/e2fbd204580cf4fe74c79b82bc447374"},"headline":"Peticiones de regulaci\u00f3n del cannabis llegan hasta el Congreso junto a \u201cNo Somos Delito\u201d","datePublished":"2018-07-06T12:42:36+00:00","dateModified":"2020-09-07T11:27:28+00:00","mainEntityOfPage":{"@id":"https:\/\/www.cannabis.es\/pw\/2018\/07\/06\/peticiones-de-regulacion-del-cannabis-llegan-hasta-el-congreso-junto-a-no-somos-delito\/"},"wordCount":1154,"publisher":{"@id":"https:\/\/www.cannabis.es\/pw\/#organization"},"image":{"@id":"https:\/\/www.cannabis.es\/pw\/2018\/07\/06\/peticiones-de-regulacion-del-cannabis-llegan-hasta-el-congreso-junto-a-no-somos-delito\/#primaryimage"},"thumbnailUrl":"https:\/\/www.cannabis.es\/pw\/wp-content\/uploads\/2020\/05\/finaportada_parlamento_final.jpg","keywords":["Brotsanbert","ConFAC","congreso","ley de seguridad ciudadana","Ley Mordaza","leyes sobre drogas","No somos delito","Pedro S\u00e1nchez","pol\u00edtica","pol\u00edtica de drogas"],"articleSection":["Pol\u00edtica y Sociedad"],"inLanguage":"es"},{"@type":"WebPage","@id":"https:\/\/www.cannabis.es\/pw\/2018\/07\/06\/peticiones-de-regulacion-del-cannabis-llegan-hasta-el-congreso-junto-a-no-somos-delito\/","url":"https:\/\/www.cannabis.es\/pw\/2018\/07\/06\/peticiones-de-regulacion-del-cannabis-llegan-hasta-el-congreso-junto-a-no-somos-delito\/","name":"Peticiones de regulaci\u00f3n del cannabis llegan hasta el Congreso junto a \u201cNo Somos Delito\u201d","isPartOf":{"@id":"https:\/\/www.cannabis.es\/pw\/#website"},"primaryImageOfPage":{"@id":"https:\/\/www.cannabis.es\/pw\/2018\/07\/06\/peticiones-de-regulacion-del-cannabis-llegan-hasta-el-congreso-junto-a-no-somos-delito\/#primaryimage"},"image":{"@id":"https:\/\/www.cannabis.es\/pw\/2018\/07\/06\/peticiones-de-regulacion-del-cannabis-llegan-hasta-el-congreso-junto-a-no-somos-delito\/#primaryimage"},"thumbnailUrl":"https:\/\/www.cannabis.es\/pw\/wp-content\/uploads\/2020\/05\/finaportada_parlamento_final.jpg","datePublished":"2018-07-06T12:42:36+00:00","dateModified":"2020-09-07T11:27:28+00:00","description":"Entrada &#8226; Portal multimedia sobre cannabis y otras sustancias &#8226; 6 julio, 2018","breadcrumb":{"@id":"https:\/\/www.cannabis.es\/pw\/2018\/07\/06\/peticiones-de-regulacion-del-cannabis-llegan-hasta-el-congreso-junto-a-no-somos-delito\/#breadcrumb"},"inLanguage":"es","potentialAction":[{"@type":"ReadAction","target":["https:\/\/www.cannabis.es\/pw\/2018\/07\/06\/peticiones-de-regulacion-del-cannabis-llegan-hasta-el-congreso-junto-a-no-somos-delito\/"]}]},{"@type":"ImageObject","inLanguage":"es","@id":"https:\/\/www.cannabis.es\/pw\/2018\/07\/06\/peticiones-de-regulacion-del-cannabis-llegan-hasta-el-congreso-junto-a-no-somos-delito\/#primaryimage","url":"https:\/\/www.cannabis.es\/pw\/wp-content\/uploads\/2020\/05\/finaportada_parlamento_final.jpg","contentUrl":"https:\/\/www.cannabis.es\/pw\/wp-content\/uploads\/2020\/05\/finaportada_parlamento_final.jpg","width":959,"height":475},{"@type":"BreadcrumbList","@id":"https:\/\/www.cannabis.es\/pw\/2018\/07\/06\/peticiones-de-regulacion-del-cannabis-llegan-hasta-el-congreso-junto-a-no-somos-delito\/#breadcrumb","itemListElement":[{"@type":"ListItem","position":1,"name":"Portada","item":"http:\/\/www.cannabis.es\/pw\/"},{"@type":"ListItem","position":2,"name":"Peticiones de regulaci\u00f3n del cannabis llegan hasta el Congreso junto a \u201cNo Somos Delito\u201d"}]},{"@type":"WebSite","@id":"https:\/\/www.cannabis.es\/pw\/#website","url":"https:\/\/www.cannabis.es\/pw\/","name":"Cannabis","description":"Portal multimedia sobre cannabis y otras sustancias","publisher":{"@id":"https:\/\/www.cannabis.es\/pw\/#organization"},"potentialAction":[{"@type":"SearchAction","target":{"@type":"EntryPoint","urlTemplate":"https:\/\/www.cannabis.es\/pw\/?s={search_term_string}"},"query-input":{"@type":"PropertyValueSpecification","valueRequired":true,"valueName":"search_term_string"}}],"inLanguage":"es"},{"@type":"Organization","@id":"https:\/\/www.cannabis.es\/pw\/#organization","name":"Cannabis.es","url":"https:\/\/www.cannabis.es\/pw\/","logo":{"@type":"ImageObject","inLanguage":"es","@id":"https:\/\/www.cannabis.es\/pw\/#\/schema\/logo\/image\/","url":"https:\/\/www.cannabis.es\/pw\/wp-content\/uploads\/2019\/04\/cropped-logo_cannabis.png","contentUrl":"https:\/\/www.cannabis.es\/pw\/wp-content\/uploads\/2019\/04\/cropped-logo_cannabis.png","width":361,"height":120,"caption":"Cannabis.es"},"image":{"@id":"https:\/\/www.cannabis.es\/pw\/#\/schema\/logo\/image\/"},"sameAs":["https:\/\/x.com\/cannabis_es"]},{"@type":"Person","@id":"https:\/\/www.cannabis.es\/pw\/#\/schema\/person\/e2fbd204580cf4fe74c79b82bc447374","name":"Cannabis.es","image":{"@type":"ImageObject","inLanguage":"es","@id":"https:\/\/www.cannabis.es\/pw\/#\/schema\/person\/image\/","url":"https:\/\/secure.gravatar.com\/avatar\/4375b1eb6e272e2e48a4b8a8def52e5f208151f555bb5906da616906ee6dd2e8?s=96&d=mm&r=g","contentUrl":"https:\/\/secure.gravatar.com\/avatar\/4375b1eb6e272e2e48a4b8a8def52e5f208151f555bb5906da616906ee6dd2e8?s=96&d=mm&r=g","caption":"Cannabis.es"},"url":"https:\/\/www.cannabis.es\/pw\/author\/cannabis\/"}]}},"_links":{"self":[{"href":"https:\/\/www.cannabis.es\/pw\/wp-json\/wp\/v2\/posts\/2314","targetHints":{"allow":["GET"]}}],"collection":[{"href":"https:\/\/www.cannabis.es\/pw\/wp-json\/wp\/v2\/posts"}],"about":[{"href":"https:\/\/www.cannabis.es\/pw\/wp-json\/wp\/v2\/types\/post"}],"author":[{"embeddable":true,"href":"https:\/\/www.cannabis.es\/pw\/wp-json\/wp\/v2\/users\/1"}],"replies":[{"embeddable":true,"href":"https:\/\/www.cannabis.es\/pw\/wp-json\/wp\/v2\/comments?post=2314"}],"version-history":[{"count":1,"href":"https:\/\/www.cannabis.es\/pw\/wp-json\/wp\/v2\/posts\/2314\/revisions"}],"predecessor-version":[{"id":2316,"href":"https:\/\/www.cannabis.es\/pw\/wp-json\/wp\/v2\/posts\/2314\/revisions\/2316"}],"wp:featuredmedia":[{"embeddable":true,"href":"https:\/\/www.cannabis.es\/pw\/wp-json\/wp\/v2\/media\/2315"}],"wp:attachment":[{"href":"https:\/\/www.cannabis.es\/pw\/wp-json\/wp\/v2\/media?parent=2314"}],"wp:term":[{"taxonomy":"category","embeddable":true,"href":"https:\/\/www.cannabis.es\/pw\/wp-json\/wp\/v2\/categories?post=2314"},{"taxonomy":"post_tag","embeddable":true,"href":"https:\/\/www.cannabis.es\/pw\/wp-json\/wp\/v2\/tags?post=2314"}],"curies":[{"name":"wp","href":"https:\/\/api.w.org\/{rel}","templated":true}]}}