{"id":2317,"date":"2018-07-03T14:44:35","date_gmt":"2018-07-03T12:44:35","guid":{"rendered":"http:\/\/www.cannabis.es\/pw\/?p=2317"},"modified":"2020-09-07T13:27:50","modified_gmt":"2020-09-07T11:27:50","slug":"retos-y-oportunidades-del-movimiento-social-cannabico-espanol","status":"publish","type":"post","link":"https:\/\/www.cannabis.es\/pw\/2018\/07\/03\/retos-y-oportunidades-del-movimiento-social-cannabico-espanol\/","title":{"rendered":"Retos y oportunidades del movimiento social cann\u00e1bico espa\u00f1ol"},"content":{"rendered":"\n<p>Ante la fren\u00e9tica actividad de la actualidad pol\u00edtica espa\u00f1ola, desde&nbsp;<strong>Cannabis.es<\/strong>&nbsp;quer\u00edamos ofrecer a nuestros lectores las claves para entender esta coyuntura y c\u00f3mo afectar\u00e1n al cannabis en Espa\u00f1a. As\u00ed que hemos iniciado una colaboraci\u00f3n con la&nbsp;<a href=\"http:\/\/www.fac.cc\/\" target=\"_blank\" rel=\"noreferrer noopener\"><strong>Confederaci\u00f3n de Federaciones de Asociaciones Cann\u00e1bicas<\/strong><\/a>,&nbsp;porque \u00bfqui\u00e9n mejor que ellos para resumirnos&nbsp;<strong>los<\/strong><strong>&nbsp;retos inminentes que tiene por delante el movimiento cann\u00e1bico espa\u00f1ol<\/strong>, unos retos que son producto de las din\u00e1micas internas del propio movimiento y de las din\u00e1micas globales? Creemos que es muy interesante que toda la comunidad cann\u00e1bica pueda acceder a este an\u00e1lisis, as\u00ed que \u00a1vamos all\u00e1!<\/p>\n\n\n\n<hr class=\"wp-block-separator\"\/>\n\n\n\n<p><em>M\u00e1s de treinta a\u00f1os de recorrido tiene ya el&nbsp;<strong>movimiento cann\u00e1bico espa\u00f1ol<\/strong>, un movimiento social que ha sabido sobrevivir pese a la adversidad, la continua&nbsp;<strong>represi\u00f3n judicial y policial<\/strong>&nbsp;a las personas usuarias, el estigma generado por las campa\u00f1as de criminalizaci\u00f3n y por los propios medios&#8230; y no solo ha sobrevivido sino que&nbsp;<strong>se ha visto fortalecido gracias a la persistencia en sus demandas y reivindicaciones<\/strong>. \u00a1Cada vez somos m\u00e1s y mejor organizados, con propuestas elaboradas, trabajadas y cultivadas desde las ra\u00edces por una masa unida de forma transversal!.<\/em><strong>&nbsp;<\/strong><\/p>\n\n\n\n<p><strong>Desde la ConFAC creemos importante analizar el momento actual, pero tambi\u00e9n valorar los logros conseguidos hasta el momento por todo el movimiento cann\u00e1bico.<\/strong>&nbsp;&nbsp;<\/p>\n\n\n\n<p>&nbsp;<strong>\u00bfCu\u00e1les son los retos que debe afrontar el movimiento cann\u00e1bico espa\u00f1ol &#8211;&nbsp;retos intrincados a las din\u00e1micas internas, pero tambi\u00e9n globales, o del movimiento-?&nbsp;<\/strong><\/p>\n\n\n\n<p>Con una&nbsp;<strong>moci\u00f3n de censura al Partido Popular y un nuevo gobierno del Partido Socialista<\/strong>, parece que un&nbsp;<strong>nuevo horizonte se dibuja para nuestro colectivo<\/strong>. Por lo menos una&nbsp;<strong>apertura a un di\u00e1logo que, hasta hace tres meses, ni tan solo&nbsp;<\/strong><strong>\u00e9ramos<\/strong><strong>&nbsp;capaces de visualizar<\/strong>. Cabe recordar que en el a\u00f1o 2017, se aprob\u00f3 en Catalu\u00f1a una Ley que&nbsp;<em>regulaba las asociaciones de personas usuarias de cannabis<\/em>, con todos los votos de la c\u00e1mara incluyendo al Partido Socialista de Catalu\u00f1a (y excluyendo los votos del PP), as\u00ed que tendr\u00eda sentido que&nbsp;<strong>la Federaci\u00f3n Estatal del PSOE adoptara un posicionamiento similar al de sus primos catalanes<\/strong>.<\/p>\n\n\n\n<p>No hay que olvidar las voces del resto de formaciones mayoritarias,&nbsp;<strong>PODEMOS y Ciudadanos, que aunque podamos discrepar en cuanto a los planteamientos, manifiestan y ponen en evidencia la necesidad de la puesta en escena de un debate real y eficaz alrededor de la regulaci\u00f3n del cannabis<\/strong>&nbsp;en el Estado Espa\u00f1ol.<\/p>\n\n\n\n<figure class=\"wp-block-image\"><img decoding=\"async\" src=\"https:\/\/www.cannabis.es\/web\/images\/confac_interior_1.jpg\" alt=\"Retos y oportunidades del movimiento cann\u00e1bico espa\u00f1ol\"\/><\/figure>\n\n\n\n<p>Hoy el movimiento se enfrenta con ilusi\u00f3n a&nbsp;<strong>nuevos retos<\/strong>, retos que entre todas y todos tendremos que superar con optimismo y perseverancia.&nbsp;<strong>Las dos \u00faltimas legislaturas han sido devastadoras para los movimientos sociales<\/strong>&nbsp;del Estado Espa\u00f1ol, derechos como el de expresi\u00f3n, el de reuni\u00f3n o el de reclamaci\u00f3n se han visto afectados por&nbsp;<strong>leyes represivas<\/strong>&nbsp;(<strong>Ley de&nbsp;<em>In-<\/em>Seguridad Ciudadana<\/strong>) que aprob\u00f3 en 2015 el&nbsp;<strong>\u00faltimo gobierno de M. Rajoy,&nbsp;<\/strong>una&nbsp;ley que, como al resto de la poblaci\u00f3n, tambi\u00e9n afecta a las personas usuarias de cannabis.<\/p>\n\n\n\n<p>Uno de los principales retos internos es la antes mencionada&nbsp;<strong>Ley de&nbsp;<em>In<\/em>-Seguridad Ciudadana,<\/strong>&nbsp;4\/2015. Una ley que, con la excusa de acabar con el uso y tr\u00e1fico de sustancias il\u00edcitas, permite que los cuerpos de seguridad puedan actuar con<strong>&nbsp;total impunidad<\/strong>&nbsp;contra las personas usuarias de drogas, efectuando&nbsp;<strong>registros arbitrarios&nbsp;<\/strong>&nbsp;basados en la apariencia u otros signos no constitutivos de delito. Esta ley considera infracciones graves, aquellas conductas relacionadas con drogas, la posesi\u00f3n y el consumo en v\u00eda p\u00fablica, y como novedad, el&nbsp;<strong>autocultivo a la vista de terceros o el abandono de utensilios<\/strong>&nbsp;usados, se castiga con sanciones de entre 601 \u20ac y 30.000 \u20ac, dejando tambi\u00e9n un rango de gran arbitrariedad en la cuant\u00eda de la sanci\u00f3n en manos del funcionario o la delegaci\u00f3n que tramita el expediente sancionador. Destacaremos tambi\u00e9n la&nbsp;<strong>eliminaci\u00f3n de la posibilidad de recibir tratamiento a cambio de anular la sanci\u00f3n<\/strong>, reservando para la base de la norma su car\u00e1cter econ\u00f3mico y no el de la salud.<\/p>\n\n\n\n<p>Seg\u00fan fuentes consultadas, solo en 2016 se pusieron 346 multas al d\u00eda por motivos de drogas: en 18 meses se consiguieron recaudar a trav\u00e9s de infracciones m\u00e1s de 93 millones de euros.&nbsp;<strong>Multas que contribuyen a mayores \u00edndices de desigualdad<\/strong>&nbsp;y obligan a m\u00e1s de 125.000 familias a pagar y asumir sanciones ileg\u00edtimas e injustas.<\/p>\n\n\n\n<p>Ahora se est\u00e1n debatiendo en la&nbsp;<strong>Comisi\u00f3n de An\u00e1lisis de Datos de No Somos Delito<\/strong>, las enmiendas parlamentarias que se presentar\u00e1n en el Congreso de los Diputados para una&nbsp;<strong>posible modificaci\u00f3n de la Ley de Seguridad Ciudadana<\/strong>&nbsp;y su adaptaci\u00f3n a valores democr\u00e1ticos y justicia social.&nbsp;<strong>ConFAC<\/strong>&nbsp;est\u00e1 participando en esta Comisi\u00f3n, mediante consultas y alegaciones en los procesos participativos, con el fin de conseguir impulsar la&nbsp;<strong>derogaci\u00f3n de la tenencia en v\u00eda p\u00fablica<\/strong>. En este punto, queremos que la tenencia o posesi\u00f3n de drogas para el propio consumo no sea una ofensa administrativa, queremos que haya una&nbsp;<strong>despenalizaci\u00f3n<\/strong>&nbsp;efectiva de la misma. Algunos grupos pol\u00edticos abogan por introducir&nbsp;<strong>normas como las aplicadas en&nbsp;<\/strong><strong><a href=\"https:\/\/www.opensocietyfoundations.org\/sites\/default\/files\/Drug%20Policy%20in%20Portugal-Spanish-WEB.pdf\" target=\"_blank\" rel=\"noreferrer noopener\">Portugal<\/a>&nbsp;para la tenencia personal, lo que nos parece insuficiente, aunque podr\u00eda ser un primer paso para una despenalizaci\u00f3n plena.<\/strong><\/p>\n\n\n\n<p>Otro de los grandes desaf\u00edos a los que se enfrentan las personas usuarias es la L<strong>ey de Seguridad Vial, el test en carretera o `Drogotest,<\/strong>&nbsp;que para consumos de drogas no est\u00e1 a\u00fan lo suficientemente desarrollado como para detectar nada m\u00e1s que el simple hecho de haber consumido, es decir, no se detecta la temporalidad del uso, si no el mero uso, a pesar de que como muchos sabr\u00e9is, el&nbsp;<strong>consumo de estupefacientes est\u00e1 despenalizado desde los a\u00f1os 70<\/strong>&nbsp;en el<strong>&nbsp;Estado Espa\u00f1ol.&nbsp;<\/strong>&nbsp;Por lo que a falta de una evidencia cient\u00edfica v\u00e1lida, nos encontramos una vez m\u00e1s ante un hecho de pura&nbsp;<strong>criminalizaci\u00f3n de las personas<\/strong>&nbsp;usuarias, que se ven amenazadas por una sanci\u00f3n de 1.000\u20ac, 6 puntos de carn\u00e9 y la inmovilizaci\u00f3n del veh\u00edculo con los consecuentes costes derivados de ello.<\/p>\n\n\n\n<p>El aumento de los falsos positivos en carretera, requiere de investigaci\u00f3n cient\u00edfica para implementar dispositivos que consigan detectar con eficacia lo que pretenden determinar, si la persona a la que se le hace la prueba va bajo los efectos de alguna sustancia en ese momento y si esto afecta a sus capacidades cognitivas o motrices, en definitiva, si esta persona est\u00e1 en plenas facultades para conducir o no.<\/p>\n\n\n\n<div class=\"wp-block-image\"><figure class=\"aligncenter\"><img decoding=\"async\" src=\"https:\/\/www.cannabis.es\/web\/images\/confac_interior_2.jpg\" alt=\"confac interior 2\"\/><\/figure><\/div>\n\n\n\n<p>En este punto tambi\u00e9n est\u00e1n trabajando nuestros y nuestras abogados\/as colaboradores\/as, que pretenden&nbsp;<strong>elevar recursos al tribunal de Estrasburgo<\/strong>, ya que el Tribunal Constitucional no admiti\u00f3 a tr\u00e1mite el recurso de amparo de un usuario c\u00e1ntabro, por considerar que no tiene trascendencia constitucional. Vulnerando algunos de los derechos de este usuario, ya que no quedaba acreditado que el bien jur\u00eddico protegido (<strong>la seguridad vial<\/strong>) quedar\u00e1 afectado.<\/p>\n\n\n\n<p>El<strong>&nbsp;movimiento asociativo organizado tambi\u00e9n se enfrenta a grandes desaf\u00edos<\/strong>. Millones de euros al a\u00f1o derrochados por el Estado en perseguir a&nbsp;<strong>Clubes Sociales de Cannabis y peque\u00f1os\/as cultivadores\/as<\/strong>&nbsp;que no cometen otro delito que cultivar de forma controlada, posicion\u00e1ndose as\u00ed en contra de unas leyes injustas e ineficaces. Muchos de estos casos acaban generando un gasto importante para la administraci\u00f3n, entre el dispositivo policial para la incautaci\u00f3n, el proceso judicial, etc. Y adem\u00e1s, muchas veces estos procesos acaban siendo absueltos o archivados, sobre todo si son de autocultivos, es decir, destinados al propio consumo o a las asociaciones que se adaptan a la doctrina de&nbsp;<strong><a href=\"http:\/\/www.boletincriminologico.uma.es\/boletines\/45.pdf\" target=\"_blank\" rel=\"noreferrer noopener\">Mu\u00f1oz y Soto<\/a><\/strong>, siguiendo el<strong>&nbsp;C\u00f3digo de Buenas Pr\u00e1cticas para guiar su gesti\u00f3n<\/strong>.<\/p>\n\n\n\n<p>De nuevo, una paradoja legal que lleva a los movimientos sociales a padecer&nbsp;<strong>inseguridad jur\u00eddica<\/strong>. Todos estos gastos podr\u00edan repercutirse como beneficios para la sociedad en general gracias a una regulaci\u00f3n integral del cannabis en el Estado Espa\u00f1ol.<\/p>\n\n\n\n<p>Un reto con claros tintes globales, pero que en este caso tambi\u00e9n lo consideraremos un reto interno, es la perspectiva de g\u00e9nero, este tema urge abordarlo en todos los movimientos sociales y pol\u00edticos. En nuestro caso,&nbsp;<strong>abogamos porque la perspectiva de g\u00e9nero quede reflejada en las regulaciones sobre drogas<\/strong>, teniendo en cuenta aspectos espec\u00edficos de los derechos relativos a la maternidad y otros asuntos de g\u00e9nero, ya sea el lguaje inclusivo y el reconocimiento del trabajo de nuestras compa\u00f1eras<\/p>\n\n\n\n<p>Otros&nbsp;<strong>retos internos<\/strong>&nbsp;que creemos que hay que destacar son las virtudes del movimiento social, estas deben preservarse: la diversidad de los movimientos sociales cann\u00e1bicos genuinamente espa\u00f1oles y la riqueza de la cultura cann\u00e1bica, con especial protecci\u00f3n de los cultivos individuales y colectivos, como las v\u00edas que entendemos como &nbsp;leg\u00edtimas de acceso a la&nbsp;<strong>sustancia<\/strong>, as\u00ed como las que tienen un nivel m\u00e1s bajo de riesgos. Esto ayudar\u00eda a proteger al sector econ\u00f3mico basado en los productos para el autocultivo, fortaleciendo su estructura y protegi\u00e9ndolo de otro tipo de regulaciones m\u00e1s aperturistas y comerciales.<\/p>\n\n\n\n<p>En cuanto a los&nbsp;<strong>retos externos<\/strong>&nbsp;o provocados por fen\u00f3menos globales, ya encontramos&nbsp;<strong>dos pa\u00edses, Canad\u00e1 y Uruguay, que han legalizado el cannabis, pero con diferencias sustanciales en cuanto a su formulaci\u00f3n<\/strong>. Canad\u00e1 es el \u00fanico de los dos que se ha atrevido a regular el uso recreativo en un mercado comercial. Lo que todav\u00eda est\u00e1 por ver con el desarrollo y las evaluaciones de esas pol\u00edticas, as\u00ed como sus posibles modificaciones durante su andadura, lo que en un mundo globalizado es muy significativo. Lo que no hay que olvidar, durante el proceso de formulaci\u00f3n e implementaci\u00f3n de pol\u00edticas encaminadas a la regulaci\u00f3n del cannabis, son esas particularidades del contexto espa\u00f1ol.&nbsp;&nbsp;<\/p>\n\n\n\n<p>Las&nbsp;<strong>regulaciones del alcohol y el tabaco nos han ense\u00f1ado que debemos cambiar el paradigma de monopolios estatales como el tabaco&nbsp;<\/strong>que luego se vende a multinacionales y el de la neoliberalizaci\u00f3n como el<strong>&nbsp;alcohol<\/strong>&nbsp;que tantos problemas nos genera. Debemos&nbsp;<strong>probar modelos diferentes en los que las personas usuarias sean parte esencial de la regulaci\u00f3n<\/strong>, el seguimiento y la evaluaci\u00f3n, para no generar m\u00e1s problemas de los necesarios. Por ello,&nbsp;<strong>un modelo basado en la prevenci\u00f3n de riesgos es un modelo de futuro donde el bien a proteger es la salud<\/strong>&nbsp;de las personas usuarias. Es el momento de proteger lo conseguido por los movimientos sociales, el sector econ\u00f3mico, las personas usuarias y las&nbsp;<em>auto-cultivadoras<\/em>, queremos conservar estos avances en los que peque\u00f1os emprendedores en busca de oportunidades generan un gran n\u00famero de puestos de trabajo, dentro de un modelo social \u00fanico en el mundo basado en la salud y los derechos de las personas usuarias.<br><\/p>\n\n\n\n<p><strong>Redacci\u00f3n<\/strong>: ConFAC<br><\/p>\n","protected":false},"excerpt":{"rendered":"<span class=\"span-reading-time rt-reading-time\" style=\"display: block;\"><span class=\"rt-label rt-prefix\">Tiempo de lectura:<\/span> <span class=\"rt-time\"> 6<\/span> <span class=\"rt-label rt-postfix\">minutos<\/span><\/span>Ante la fren\u00e9tica actividad de la actualidad pol\u00edtica espa\u00f1ola, desde&nbsp;Cannabis.es&nbsp;quer\u00edamos ofrecer a nuestros lectores las claves para entender esta coyuntura y c\u00f3mo afectar\u00e1n al cannabis en Espa\u00f1a. As\u00ed que hemos iniciado una colaboraci\u00f3n con la&nbsp;Confederaci\u00f3n de Federaciones de Asociaciones Cann\u00e1bicas,&nbsp;porque \u00bfqui\u00e9n mejor que ellos para resumirnos&nbsp;los&nbsp;retos inminentes que tiene por delante el movimiento cann\u00e1bico espa\u00f1ol, [&hellip;]","protected":false},"author":1,"featured_media":2318,"comment_status":"closed","ping_status":"closed","sticky":false,"template":"","format":"standard","meta":{"loftocean-featured-post":"","loftocean_post_format_gallery":"","loftocean_post_format_gallery_ids":"","loftocean_post_format_gallery_urls":"","loftocean_post_format_video_id":"","loftocean_post_format_video_url":"","loftocean_post_format_video_type":"","loftocean_post_format_video":"","loftocean_post_format_audio_type":"","loftocean_post_format_audio_url":"","loftocean_post_format_audio_id":"","loftocean_post_format_audio":"","loftocean_post_format_quote_text":"","loftocean_post_format_quote_byline":"","loftocean_post_format_link_text":"","loftocean_post_format_link_url":"","ceramag_post_header_style":"","ceramag_enable_background_video":"","ceramag_show_in_top_slider":"","ceramag_post_background_video_start":"","ceramag_post_background_video_end":"","loftocean_page_background_video_id":"","loftocean_page_background_video_url":"","loftocean_page_background_video_type":"","loftocean_page_background_video":"","ceramag_background_video_start":"","ceramag_background_video_end":"","ceramag_single_page_hide_header":"","footnotes":""},"categories":[34],"tags":[555,653,54,743,637,744,929,848,56,792],"class_list":["post-2317","post","type-post","status-publish","format-standard","has-post-thumbnail","hentry","category-reportajes","tag-confac","tag-confederacion-de-federaciones-y-asociaciones-cannabicas","tag-legalizacion","tag-ley-de-seguridad-ciudadana","tag-ley-mordaza","tag-leyes-sobre-drogas","tag-marihuana-legal","tag-politica-de-drogas","tag-regulacion-cannabis","tag-regulacion-del-cannabis"],"yoast_head":"<!-- This site is optimized with the Yoast SEO plugin v24.9 - https:\/\/yoast.com\/wordpress\/plugins\/seo\/ -->\n<title>Retos y oportunidades del movimiento social cann\u00e1bico espa\u00f1ol<\/title>\n<meta name=\"description\" content=\"Entrada &#8226; Portal multimedia sobre cannabis y otras sustancias &#8226; 3 julio, 2018\" \/>\n<meta name=\"robots\" content=\"index, follow, max-snippet:-1, max-image-preview:large, max-video-preview:-1\" \/>\n<link rel=\"canonical\" href=\"https:\/\/www.cannabis.es\/pw\/2018\/07\/03\/retos-y-oportunidades-del-movimiento-social-cannabico-espanol\/\" \/>\n<meta name=\"twitter:card\" content=\"summary_large_image\" \/>\n<meta name=\"twitter:title\" content=\"Retos y oportunidades del movimiento social cann\u00e1bico espa\u00f1ol\" \/>\n<meta name=\"twitter:description\" content=\"Entrada &#8226; Portal multimedia sobre cannabis y otras sustancias &#8226; 3 julio, 2018\" \/>\n<meta name=\"twitter:image\" content=\"https:\/\/www.cannabis.es\/pw\/wp-content\/uploads\/2020\/05\/portada_definitiva.jpg\" \/>\n<meta name=\"twitter:creator\" content=\"@cannabis_es\" \/>\n<meta name=\"twitter:site\" content=\"@cannabis_es\" \/>\n<meta name=\"twitter:label1\" content=\"Escrito por\" \/>\n\t<meta name=\"twitter:data1\" content=\"Cannabis.es\" \/>\n\t<meta name=\"twitter:label2\" content=\"Tiempo de lectura\" \/>\n\t<meta name=\"twitter:data2\" content=\"10 minutos\" \/>\n<script type=\"application\/ld+json\" class=\"yoast-schema-graph\">{\"@context\":\"https:\/\/schema.org\",\"@graph\":[{\"@type\":\"Article\",\"@id\":\"https:\/\/www.cannabis.es\/pw\/2018\/07\/03\/retos-y-oportunidades-del-movimiento-social-cannabico-espanol\/#article\",\"isPartOf\":{\"@id\":\"https:\/\/www.cannabis.es\/pw\/2018\/07\/03\/retos-y-oportunidades-del-movimiento-social-cannabico-espanol\/\"},\"author\":{\"name\":\"Cannabis.es\",\"@id\":\"https:\/\/www.cannabis.es\/pw\/#\/schema\/person\/e2fbd204580cf4fe74c79b82bc447374\"},\"headline\":\"Retos y oportunidades del movimiento social cann\u00e1bico espa\u00f1ol\",\"datePublished\":\"2018-07-03T12:44:35+00:00\",\"dateModified\":\"2020-09-07T11:27:50+00:00\",\"mainEntityOfPage\":{\"@id\":\"https:\/\/www.cannabis.es\/pw\/2018\/07\/03\/retos-y-oportunidades-del-movimiento-social-cannabico-espanol\/\"},\"wordCount\":1947,\"publisher\":{\"@id\":\"https:\/\/www.cannabis.es\/pw\/#organization\"},\"image\":{\"@id\":\"https:\/\/www.cannabis.es\/pw\/2018\/07\/03\/retos-y-oportunidades-del-movimiento-social-cannabico-espanol\/#primaryimage\"},\"thumbnailUrl\":\"https:\/\/www.cannabis.es\/pw\/wp-content\/uploads\/2020\/05\/portada_definitiva.jpg\",\"keywords\":[\"ConFAC\",\"Confederaci\u00f3n de Federaciones y Asociaciones Cann\u00e1bicas\",\"legalizaci\u00f3n\",\"ley de seguridad ciudadana\",\"Ley Mordaza\",\"leyes sobre drogas\",\"marihuana legal\",\"pol\u00edtica de drogas\",\"regulaci\u00f3n cannabis\",\"regulaci\u00f3n del cannabis\"],\"articleSection\":[\"Reportajes\"],\"inLanguage\":\"es\"},{\"@type\":\"WebPage\",\"@id\":\"https:\/\/www.cannabis.es\/pw\/2018\/07\/03\/retos-y-oportunidades-del-movimiento-social-cannabico-espanol\/\",\"url\":\"https:\/\/www.cannabis.es\/pw\/2018\/07\/03\/retos-y-oportunidades-del-movimiento-social-cannabico-espanol\/\",\"name\":\"Retos y oportunidades del movimiento social cann\u00e1bico espa\u00f1ol\",\"isPartOf\":{\"@id\":\"https:\/\/www.cannabis.es\/pw\/#website\"},\"primaryImageOfPage\":{\"@id\":\"https:\/\/www.cannabis.es\/pw\/2018\/07\/03\/retos-y-oportunidades-del-movimiento-social-cannabico-espanol\/#primaryimage\"},\"image\":{\"@id\":\"https:\/\/www.cannabis.es\/pw\/2018\/07\/03\/retos-y-oportunidades-del-movimiento-social-cannabico-espanol\/#primaryimage\"},\"thumbnailUrl\":\"https:\/\/www.cannabis.es\/pw\/wp-content\/uploads\/2020\/05\/portada_definitiva.jpg\",\"datePublished\":\"2018-07-03T12:44:35+00:00\",\"dateModified\":\"2020-09-07T11:27:50+00:00\",\"description\":\"Entrada &#8226; Portal multimedia sobre cannabis y otras sustancias &#8226; 3 julio, 2018\",\"breadcrumb\":{\"@id\":\"https:\/\/www.cannabis.es\/pw\/2018\/07\/03\/retos-y-oportunidades-del-movimiento-social-cannabico-espanol\/#breadcrumb\"},\"inLanguage\":\"es\",\"potentialAction\":[{\"@type\":\"ReadAction\",\"target\":[\"https:\/\/www.cannabis.es\/pw\/2018\/07\/03\/retos-y-oportunidades-del-movimiento-social-cannabico-espanol\/\"]}]},{\"@type\":\"ImageObject\",\"inLanguage\":\"es\",\"@id\":\"https:\/\/www.cannabis.es\/pw\/2018\/07\/03\/retos-y-oportunidades-del-movimiento-social-cannabico-espanol\/#primaryimage\",\"url\":\"https:\/\/www.cannabis.es\/pw\/wp-content\/uploads\/2020\/05\/portada_definitiva.jpg\",\"contentUrl\":\"https:\/\/www.cannabis.es\/pw\/wp-content\/uploads\/2020\/05\/portada_definitiva.jpg\",\"width\":959,\"height\":475},{\"@type\":\"BreadcrumbList\",\"@id\":\"https:\/\/www.cannabis.es\/pw\/2018\/07\/03\/retos-y-oportunidades-del-movimiento-social-cannabico-espanol\/#breadcrumb\",\"itemListElement\":[{\"@type\":\"ListItem\",\"position\":1,\"name\":\"Portada\",\"item\":\"http:\/\/www.cannabis.es\/pw\/\"},{\"@type\":\"ListItem\",\"position\":2,\"name\":\"Retos y oportunidades del movimiento social cann\u00e1bico espa\u00f1ol\"}]},{\"@type\":\"WebSite\",\"@id\":\"https:\/\/www.cannabis.es\/pw\/#website\",\"url\":\"https:\/\/www.cannabis.es\/pw\/\",\"name\":\"Cannabis\",\"description\":\"Portal multimedia sobre cannabis y otras sustancias\",\"publisher\":{\"@id\":\"https:\/\/www.cannabis.es\/pw\/#organization\"},\"potentialAction\":[{\"@type\":\"SearchAction\",\"target\":{\"@type\":\"EntryPoint\",\"urlTemplate\":\"https:\/\/www.cannabis.es\/pw\/?s={search_term_string}\"},\"query-input\":{\"@type\":\"PropertyValueSpecification\",\"valueRequired\":true,\"valueName\":\"search_term_string\"}}],\"inLanguage\":\"es\"},{\"@type\":\"Organization\",\"@id\":\"https:\/\/www.cannabis.es\/pw\/#organization\",\"name\":\"Cannabis.es\",\"url\":\"https:\/\/www.cannabis.es\/pw\/\",\"logo\":{\"@type\":\"ImageObject\",\"inLanguage\":\"es\",\"@id\":\"https:\/\/www.cannabis.es\/pw\/#\/schema\/logo\/image\/\",\"url\":\"https:\/\/www.cannabis.es\/pw\/wp-content\/uploads\/2019\/04\/cropped-logo_cannabis.png\",\"contentUrl\":\"https:\/\/www.cannabis.es\/pw\/wp-content\/uploads\/2019\/04\/cropped-logo_cannabis.png\",\"width\":361,\"height\":120,\"caption\":\"Cannabis.es\"},\"image\":{\"@id\":\"https:\/\/www.cannabis.es\/pw\/#\/schema\/logo\/image\/\"},\"sameAs\":[\"https:\/\/x.com\/cannabis_es\"]},{\"@type\":\"Person\",\"@id\":\"https:\/\/www.cannabis.es\/pw\/#\/schema\/person\/e2fbd204580cf4fe74c79b82bc447374\",\"name\":\"Cannabis.es\",\"image\":{\"@type\":\"ImageObject\",\"inLanguage\":\"es\",\"@id\":\"https:\/\/www.cannabis.es\/pw\/#\/schema\/person\/image\/\",\"url\":\"https:\/\/secure.gravatar.com\/avatar\/4375b1eb6e272e2e48a4b8a8def52e5f208151f555bb5906da616906ee6dd2e8?s=96&d=mm&r=g\",\"contentUrl\":\"https:\/\/secure.gravatar.com\/avatar\/4375b1eb6e272e2e48a4b8a8def52e5f208151f555bb5906da616906ee6dd2e8?s=96&d=mm&r=g\",\"caption\":\"Cannabis.es\"},\"url\":\"https:\/\/www.cannabis.es\/pw\/author\/cannabis\/\"}]}<\/script>\n<!-- \/ Yoast SEO plugin. -->","yoast_head_json":{"title":"Retos y oportunidades del movimiento social cann\u00e1bico espa\u00f1ol","description":"Entrada &#8226; Portal multimedia sobre cannabis y otras sustancias &#8226; 3 julio, 2018","robots":{"index":"index","follow":"follow","max-snippet":"max-snippet:-1","max-image-preview":"max-image-preview:large","max-video-preview":"max-video-preview:-1"},"canonical":"https:\/\/www.cannabis.es\/pw\/2018\/07\/03\/retos-y-oportunidades-del-movimiento-social-cannabico-espanol\/","twitter_card":"summary_large_image","twitter_title":"Retos y oportunidades del movimiento social cann\u00e1bico espa\u00f1ol","twitter_description":"Entrada &#8226; Portal multimedia sobre cannabis y otras sustancias &#8226; 3 julio, 2018","twitter_image":"https:\/\/www.cannabis.es\/pw\/wp-content\/uploads\/2020\/05\/portada_definitiva.jpg","twitter_creator":"@cannabis_es","twitter_site":"@cannabis_es","twitter_misc":{"Escrito por":"Cannabis.es","Tiempo de lectura":"10 minutos"},"schema":{"@context":"https:\/\/schema.org","@graph":[{"@type":"Article","@id":"https:\/\/www.cannabis.es\/pw\/2018\/07\/03\/retos-y-oportunidades-del-movimiento-social-cannabico-espanol\/#article","isPartOf":{"@id":"https:\/\/www.cannabis.es\/pw\/2018\/07\/03\/retos-y-oportunidades-del-movimiento-social-cannabico-espanol\/"},"author":{"name":"Cannabis.es","@id":"https:\/\/www.cannabis.es\/pw\/#\/schema\/person\/e2fbd204580cf4fe74c79b82bc447374"},"headline":"Retos y oportunidades del movimiento social cann\u00e1bico espa\u00f1ol","datePublished":"2018-07-03T12:44:35+00:00","dateModified":"2020-09-07T11:27:50+00:00","mainEntityOfPage":{"@id":"https:\/\/www.cannabis.es\/pw\/2018\/07\/03\/retos-y-oportunidades-del-movimiento-social-cannabico-espanol\/"},"wordCount":1947,"publisher":{"@id":"https:\/\/www.cannabis.es\/pw\/#organization"},"image":{"@id":"https:\/\/www.cannabis.es\/pw\/2018\/07\/03\/retos-y-oportunidades-del-movimiento-social-cannabico-espanol\/#primaryimage"},"thumbnailUrl":"https:\/\/www.cannabis.es\/pw\/wp-content\/uploads\/2020\/05\/portada_definitiva.jpg","keywords":["ConFAC","Confederaci\u00f3n de Federaciones y Asociaciones Cann\u00e1bicas","legalizaci\u00f3n","ley de seguridad ciudadana","Ley Mordaza","leyes sobre drogas","marihuana legal","pol\u00edtica de drogas","regulaci\u00f3n cannabis","regulaci\u00f3n del cannabis"],"articleSection":["Reportajes"],"inLanguage":"es"},{"@type":"WebPage","@id":"https:\/\/www.cannabis.es\/pw\/2018\/07\/03\/retos-y-oportunidades-del-movimiento-social-cannabico-espanol\/","url":"https:\/\/www.cannabis.es\/pw\/2018\/07\/03\/retos-y-oportunidades-del-movimiento-social-cannabico-espanol\/","name":"Retos y oportunidades del movimiento social cann\u00e1bico espa\u00f1ol","isPartOf":{"@id":"https:\/\/www.cannabis.es\/pw\/#website"},"primaryImageOfPage":{"@id":"https:\/\/www.cannabis.es\/pw\/2018\/07\/03\/retos-y-oportunidades-del-movimiento-social-cannabico-espanol\/#primaryimage"},"image":{"@id":"https:\/\/www.cannabis.es\/pw\/2018\/07\/03\/retos-y-oportunidades-del-movimiento-social-cannabico-espanol\/#primaryimage"},"thumbnailUrl":"https:\/\/www.cannabis.es\/pw\/wp-content\/uploads\/2020\/05\/portada_definitiva.jpg","datePublished":"2018-07-03T12:44:35+00:00","dateModified":"2020-09-07T11:27:50+00:00","description":"Entrada &#8226; Portal multimedia sobre cannabis y otras sustancias &#8226; 3 julio, 2018","breadcrumb":{"@id":"https:\/\/www.cannabis.es\/pw\/2018\/07\/03\/retos-y-oportunidades-del-movimiento-social-cannabico-espanol\/#breadcrumb"},"inLanguage":"es","potentialAction":[{"@type":"ReadAction","target":["https:\/\/www.cannabis.es\/pw\/2018\/07\/03\/retos-y-oportunidades-del-movimiento-social-cannabico-espanol\/"]}]},{"@type":"ImageObject","inLanguage":"es","@id":"https:\/\/www.cannabis.es\/pw\/2018\/07\/03\/retos-y-oportunidades-del-movimiento-social-cannabico-espanol\/#primaryimage","url":"https:\/\/www.cannabis.es\/pw\/wp-content\/uploads\/2020\/05\/portada_definitiva.jpg","contentUrl":"https:\/\/www.cannabis.es\/pw\/wp-content\/uploads\/2020\/05\/portada_definitiva.jpg","width":959,"height":475},{"@type":"BreadcrumbList","@id":"https:\/\/www.cannabis.es\/pw\/2018\/07\/03\/retos-y-oportunidades-del-movimiento-social-cannabico-espanol\/#breadcrumb","itemListElement":[{"@type":"ListItem","position":1,"name":"Portada","item":"http:\/\/www.cannabis.es\/pw\/"},{"@type":"ListItem","position":2,"name":"Retos y oportunidades del movimiento social cann\u00e1bico espa\u00f1ol"}]},{"@type":"WebSite","@id":"https:\/\/www.cannabis.es\/pw\/#website","url":"https:\/\/www.cannabis.es\/pw\/","name":"Cannabis","description":"Portal multimedia sobre cannabis y otras sustancias","publisher":{"@id":"https:\/\/www.cannabis.es\/pw\/#organization"},"potentialAction":[{"@type":"SearchAction","target":{"@type":"EntryPoint","urlTemplate":"https:\/\/www.cannabis.es\/pw\/?s={search_term_string}"},"query-input":{"@type":"PropertyValueSpecification","valueRequired":true,"valueName":"search_term_string"}}],"inLanguage":"es"},{"@type":"Organization","@id":"https:\/\/www.cannabis.es\/pw\/#organization","name":"Cannabis.es","url":"https:\/\/www.cannabis.es\/pw\/","logo":{"@type":"ImageObject","inLanguage":"es","@id":"https:\/\/www.cannabis.es\/pw\/#\/schema\/logo\/image\/","url":"https:\/\/www.cannabis.es\/pw\/wp-content\/uploads\/2019\/04\/cropped-logo_cannabis.png","contentUrl":"https:\/\/www.cannabis.es\/pw\/wp-content\/uploads\/2019\/04\/cropped-logo_cannabis.png","width":361,"height":120,"caption":"Cannabis.es"},"image":{"@id":"https:\/\/www.cannabis.es\/pw\/#\/schema\/logo\/image\/"},"sameAs":["https:\/\/x.com\/cannabis_es"]},{"@type":"Person","@id":"https:\/\/www.cannabis.es\/pw\/#\/schema\/person\/e2fbd204580cf4fe74c79b82bc447374","name":"Cannabis.es","image":{"@type":"ImageObject","inLanguage":"es","@id":"https:\/\/www.cannabis.es\/pw\/#\/schema\/person\/image\/","url":"https:\/\/secure.gravatar.com\/avatar\/4375b1eb6e272e2e48a4b8a8def52e5f208151f555bb5906da616906ee6dd2e8?s=96&d=mm&r=g","contentUrl":"https:\/\/secure.gravatar.com\/avatar\/4375b1eb6e272e2e48a4b8a8def52e5f208151f555bb5906da616906ee6dd2e8?s=96&d=mm&r=g","caption":"Cannabis.es"},"url":"https:\/\/www.cannabis.es\/pw\/author\/cannabis\/"}]}},"_links":{"self":[{"href":"https:\/\/www.cannabis.es\/pw\/wp-json\/wp\/v2\/posts\/2317","targetHints":{"allow":["GET"]}}],"collection":[{"href":"https:\/\/www.cannabis.es\/pw\/wp-json\/wp\/v2\/posts"}],"about":[{"href":"https:\/\/www.cannabis.es\/pw\/wp-json\/wp\/v2\/types\/post"}],"author":[{"embeddable":true,"href":"https:\/\/www.cannabis.es\/pw\/wp-json\/wp\/v2\/users\/1"}],"replies":[{"embeddable":true,"href":"https:\/\/www.cannabis.es\/pw\/wp-json\/wp\/v2\/comments?post=2317"}],"version-history":[{"count":2,"href":"https:\/\/www.cannabis.es\/pw\/wp-json\/wp\/v2\/posts\/2317\/revisions"}],"predecessor-version":[{"id":4864,"href":"https:\/\/www.cannabis.es\/pw\/wp-json\/wp\/v2\/posts\/2317\/revisions\/4864"}],"wp:featuredmedia":[{"embeddable":true,"href":"https:\/\/www.cannabis.es\/pw\/wp-json\/wp\/v2\/media\/2318"}],"wp:attachment":[{"href":"https:\/\/www.cannabis.es\/pw\/wp-json\/wp\/v2\/media?parent=2317"}],"wp:term":[{"taxonomy":"category","embeddable":true,"href":"https:\/\/www.cannabis.es\/pw\/wp-json\/wp\/v2\/categories?post=2317"},{"taxonomy":"post_tag","embeddable":true,"href":"https:\/\/www.cannabis.es\/pw\/wp-json\/wp\/v2\/tags?post=2317"}],"curies":[{"name":"wp","href":"https:\/\/api.w.org\/{rel}","templated":true}]}}