{"id":2344,"date":"2018-05-17T15:29:54","date_gmt":"2018-05-17T13:29:54","guid":{"rendered":"http:\/\/www.cannabis.es\/pw\/?p=2344"},"modified":"2020-10-16T13:03:50","modified_gmt":"2020-10-16T11:03:50","slug":"legalizacion-el-enfoque-de-la-reduccion-de-danos","status":"publish","type":"post","link":"https:\/\/www.cannabis.es\/pw\/2018\/05\/17\/legalizacion-el-enfoque-de-la-reduccion-de-danos\/","title":{"rendered":"Legalizaci\u00f3n: el enfoque de la reducci\u00f3n de da\u00f1os"},"content":{"rendered":"\n<p>Todos los medios de comunicaci\u00f3n se est\u00e1n haciendo eco de lo positivo que conlleva la aplicaci\u00f3n de las pol\u00edticas de drogas de reducci\u00f3n de da\u00f1os, un enfoque radicalmente distinto a las pol\u00edticas de drogas centradas principalmente en la prevenci\u00f3n, que comenzaron a coger fuerza en la&nbsp;<a rel=\"noreferrer noopener\" href=\"https:\/\/www.eleconomista.com.mx\/internacionales\/La-guerra-contra-las-drogas-explica-la-administracion-de-Donald-Trump-20170603-0011.html\" target=\"_blank\"><strong>d\u00e9cada de los 80<\/strong><\/a>&nbsp;(el famoso<em><strong>&nbsp;Choose life<\/strong>&nbsp;<\/em>del film de culto&nbsp;<strong><a href=\"http:\/\/www.cannabis.es\/pw\/2017\/02\/28\/aquellos-maquinistas-en-el-tren-de-la-madurez\/\" target=\"_blank\" rel=\"noreferrer noopener\" aria-label=\" (abre en una nueva pesta\u00f1a)\">Trainspotting<\/a><\/strong>).&nbsp;<\/p>\n\n\n\n<p>Esta perspectiva prevencionista est\u00e1 basada en \u00ab<strong>decir no a las drogas<\/strong>\u00ab, y sin ir m\u00e1s lejos, la \u00faltima campa\u00f1a de la Fundaci\u00f3n Espa\u00f1ola contra la Drogadicci\u00f3n, ven\u00eda a promulgar el compromiso con uno mismo a decir NO a las drogas.<\/p>\n\n\n\n<hr class=\"wp-block-separator\"\/>\n\n\n\n<p>En vista de los resultados de esta \u00faltima campa\u00f1a, est\u00e1 claro tanto para los Estados como la ciudadan\u00eda que este enfoque no es eficaz para nadie. Para la sociedad y especialmente para la juventud, resulta un mensaje disuasorio. O tal como&nbsp;<a href=\"https:\/\/elpais.com\/elpais\/2018\/02\/02\/opinion\/1517593500_050863.html\" target=\"_blank\" rel=\"noreferrer noopener\"><strong>dec\u00eda Vargas Llosa<\/strong><\/a>:&nbsp;<em>\u201choy el principal argumento para mantener la actual guerra contra las drogas es la necesidad de controlar la violencia que est\u00e1n ejerciendo las mafias del narcotr\u00e1fico en contra de los estados y las comunidades\u201d.&nbsp;<\/em><\/p>\n\n\n\n<p>Mientras, el prisma de la reducci\u00f3n es tangencialmente distinto. Implica asumir que las&nbsp;<a rel=\"noreferrer noopener\" aria-label=\" (abre en una nueva pesta\u00f1a)\" href=\"http:\/\/www.cannabis.es\/pw\/drogopedia\/\" target=\"_blank\">drogas existen<\/a>&nbsp;y que se utilizan desde siempre (alcohol, cafe\u00edna, tabaco o<a rel=\"noreferrer noopener\" aria-label=\" (abre en una nueva pesta\u00f1a)\" href=\"http:\/\/www.cannabis.es\/pw\/2015\/02\/11\/benzodiacepinas\/\" target=\"_blank\">&nbsp;tranquilizantes<\/a>, en primer plano, tipificadas como legales. Por tanto, la mirada sobre el uso de drogas est\u00e1 virando hacia conceptos como la informaci\u00f3n adecuada respecto a cada sustancia, y la ayuda adecuada para las<strong>&nbsp;<a rel=\"noreferrer noopener\" href=\"https:\/\/www.huffingtonpost.es\/johann-hari\/se-ha-descubierto-la-causa_b_6569114.html\" target=\"_blank\">conductas adictivas<\/a><\/strong>, trasladando el plano de actuaci\u00f3n desde la v\u00eda judicial hasta intervenci\u00f3n en salud p\u00fablica, lo que implica necesariamente la legalizaci\u00f3n de las drogas y la regularizaci\u00f3n de las mismas. De esta forma, los usuarios cuya conducta se adictiva o perniciosa acudir\u00edan a un especialista&nbsp;<strong><a rel=\"noreferrer noopener\" href=\"https:\/\/elpais.com\/diario\/2003\/08\/28\/sociedad\/1062021603_850215.html\" target=\"_blank\">formado en la materia que pueda prestarles la ayuda<\/a><\/strong>&nbsp;y tratamiento adecuado. Porque la alternativa es adentrarse en un<strong><a href=\"http:\/\/www.cannabis.es\/pw\/2016\/06\/17\/the-times-descriminalicen-las-drogas\/\" target=\"_blank\" rel=\"noreferrer noopener\" aria-label=\" (abre en una nueva pesta\u00f1a)\">territorio de ilegalidad<\/a>&nbsp;<\/strong>donde lo que prevalece es la ley de la jungla, el todo vale, e incluso la adulteraci\u00f3n de las sustancias con otras de mayor riesgo para los usuarios. Un mundo subterr\u00e1neo sin amparo de comportamientos delictivos, en el que nos vemos abocados a cometer delitos con el fin de supervivir en este contexto.&nbsp;<em>&#8216;La criminalidad es la peor de las calamidades generadas por el narcotr\u00e1fico. La mejor manera de combatirla es la<strong>&nbsp;<a rel=\"noreferrer noopener\" href=\"http:\/\/www.elmostrador.cl\/noticias\/opinion\/2009\/03\/28\/drogas-antiprohibicionismo-o-reduccion-del-dano\/\" target=\"_blank\">descriminalizaci\u00f3n de los estupefacientes y la tolerancia<\/a>&#8216;.&nbsp;<\/strong><\/em><\/p>\n\n\n\n<p>La coyuntura de crisis que est\u00e1n atravesando&nbsp;<strong>EEUU&nbsp;o Canad\u00e1<\/strong>&nbsp;con muertes por sobredosis por coca\u00edna o hero\u00edna,&nbsp;<strong><a href=\"https:\/\/www.nytimes.com\/es\/2016\/12\/09\/estados-unidos-aprueba-nuevos-estudios-con-extasis-para-aliviar-el-estres-postraumatico\/\" target=\"_blank\" rel=\"noreferrer noopener\">est\u00e1 abriendo la puerta<\/a><\/strong>&nbsp;a abordar este enfoque distinto acerca de las pol\u00edticas de drogas. Experiencias como la de la&nbsp;<strong>Global Commission on Drugs<\/strong>&nbsp;est\u00e1n siendo escuchadas a nivel gubernamental. Como ejemplo, recomendamos ver el&nbsp;<a href=\"https:\/\/www.tni.org\/en\/node\/12355\" target=\"_blank\" rel=\"noreferrer noopener\"><strong>art\u00edculo<\/strong><\/a>:&nbsp;<strong>Las Naciones Unidas y la Reducci\u00f3n del Da\u00f1o.<\/strong><br><\/p>\n\n\n\n<p>Recientemente, los comisionados&nbsp;<strong>Ruth Dreifuss y Helen Clark<\/strong>&nbsp;organizaron una reuni\u00f3n con representantes permanentes ante la<strong>&nbsp;ONU<\/strong>&nbsp;en Ginebra (en las deliberaciones de la&nbsp;<strong>Comisi\u00f3n de Estupefacientes de la ONU, CND<\/strong>) para discutir el papel de los preceptos de salud y derechos humanos basados \u200b\u200ben&nbsp;<strong>Ginebra<\/strong>. En este encuentro se destac\u00f3 la importancia de la&nbsp;<strong>contribuci\u00f3n de otras entidades de la ONU en el dise\u00f1o y la implementaci\u00f3n de medidas de control de drogas, desde la Organizaci\u00f3n Mundial de la Salud y ONUSIDA hasta la Oficina del Alto Comisionado para los Derechos Humanos<\/strong>. La pol\u00edtica de drogas sigue siendo un tema transversal que afecta el programa de trabajo de estas organizaciones e influye en los logros de sus programas y objetivos. Se necesita un&nbsp;<strong>di\u00e1logo \u00ab<em>fruct\u00edfero y no agresivo<\/em>\u00ab<\/strong>&nbsp;para involucrar a todos los interesados.<\/p>\n\n\n\n<p>M\u00e9xico (pa\u00eds que preside la CND), Suiza (estado anfitri\u00f3n de Ginebra Internacional), Austria (estado anfitri\u00f3n de la ONU en Viena) y la Comisi\u00f3n Mundial sobre Pol\u00edtica de Drogas impulsaron el&nbsp;<strong>primer di\u00e1logo Ginebra-Viena el pasado 11 de mayo<\/strong>, una cita que cont\u00f3 con la participaci\u00f3n de la Comisi\u00f3n de Estupefacientes, la UNODC, la Junta Internacional de Fiscalizaci\u00f3n de Estupefacientes, la Organizaci\u00f3n Mundial de la Salud y el Alto Comisionado para los&nbsp;Derechos Humanos.&nbsp;<\/p>\n\n\n\n<p>Por ejemplo,<strong>&nbsp;en Portugal, con las pol\u00edticas enfocadas a la reducci\u00f3n de da\u00f1os, el consumo de sustancias prohibidas por la poblaci\u00f3n adulta ha disminuido<\/strong>&nbsp;en la \u00faltima d\u00e9cada. El cannabis sigue siendo la m\u00e1s utilizada seguida del MDMA y la coca\u00edna. Su uso es m\u00e1s com\u00fan entre los adultos de 15 a 34 a\u00f1os. Sin embargo, el empleo&nbsp;de drogas distintas del cannabis es bajo incluso en esa franja&nbsp;de edad.<\/p>\n\n\n\n<p>Los defensores de&nbsp;<strong><a href=\"https:\/\/actualidad.rt.com\/actualidad\/260438-politica-drogas-portugal\" target=\"_blank\" rel=\"noreferrer noopener\">este modelo en Portugal<\/a>, basado en la reducci\u00f3n de da\u00f1os, critican cierta par\u00e1lisis<\/strong>&nbsp;desde entonces. Se ha retrasado el establecimiento de lugares de inyecci\u00f3n supervisados y de instalaciones de consumo de drogas como los existentes en Espa\u00f1a, la naxalona (para el tratamiento de sobredosis) es de dif\u00edcil acceso, y a\u00fan no se ha puesto en marcha un programa de intercambio de agujas en las prisiones, uno de los lugares donde a\u00fan persiste la problem\u00e1tica.<\/p>\n\n\n\n<p>Otro de los debates que se dan en este momento en numerosos pa\u00edses, y sobre todo en pa\u00edses de Europa occidental, como Espa\u00f1a y Portugal, se centra en torno a la legalizaci\u00f3n de ciertas sustancias, en concreto, del cannabis. Con Chile en el punto de mira,&nbsp;debido a que ha sido el primer pa\u00eds en legalizar el autocultivo de cannabis para uso estrictamente personal y pr\u00f3ximo en el tiempo, el debate se encuentra abierto.&nbsp;<\/p>\n\n\n\n<p>\u00bfEstamos asistiendo&nbsp;un&nbsp;<strong>cambio de paradigma&nbsp;en torno al tratamiento de las drogas<\/strong>?<\/p>\n\n\n\n<p>Es un interrogante dif\u00edcil de contestar aunque es evidente que hay&nbsp;signos palpables de cambio&nbsp;en todo el mundo: la&nbsp;<strong>tendencia mundial de la&nbsp;legalizaci\u00f3n&nbsp;es imparable<\/strong>. Y desde&nbsp;<strong>Cannabis.es<\/strong>&nbsp;os iremos contando cada paso en este apasionante camino hacia un nuevo cambio legislativo fundido a verde.<\/p>\n\n\n\n<figure class=\"wp-block-image\"><img decoding=\"async\" src=\"https:\/\/www.cannabis.es\/web\/images\/4AB9335CAE5E72164816351C1B5C4BF71EBC4A442B577D75F2pimgpsh_fullsize_distr.jpg\" alt=\"Legalizaci\u00f3n: el enfoque de la reducci\u00f3n de riesgos\"\/><\/figure>\n\n\n\n<p><strong>&nbsp;Redacci\u00f3n:<\/strong>&nbsp;<strong>Cannabis.es<\/strong>, con informaci\u00f3n de las fuentes redireccionadas y de&nbsp;<strong>Actualidad.rt.com<\/strong><\/p>\n","protected":false},"excerpt":{"rendered":"<span class=\"span-reading-time rt-reading-time\" style=\"display: block;\"><span class=\"rt-label rt-prefix\">Tiempo de lectura:<\/span> <span class=\"rt-time\"> 3<\/span> <span class=\"rt-label rt-postfix\">minutos<\/span><\/span>Todos los medios de comunicaci\u00f3n se est\u00e1n haciendo eco de lo positivo que conlleva la aplicaci\u00f3n de las pol\u00edticas de drogas de reducci\u00f3n de da\u00f1os, un enfoque radicalmente distinto a las pol\u00edticas de drogas centradas principalmente en la prevenci\u00f3n, que comenzaron a coger fuerza en la&nbsp;d\u00e9cada de los 80&nbsp;(el famoso&nbsp;Choose life&nbsp;del film de culto&nbsp;Trainspotting).&nbsp; Esta [&hellip;]","protected":false},"author":1,"featured_media":2345,"comment_status":"closed","ping_status":"closed","sticky":false,"template":"","format":"standard","meta":{"loftocean-featured-post":"","loftocean_post_format_gallery":"","loftocean_post_format_gallery_ids":"","loftocean_post_format_gallery_urls":"","loftocean_post_format_video_id":"","loftocean_post_format_video_url":"","loftocean_post_format_video_type":"","loftocean_post_format_video":"","loftocean_post_format_audio_type":"","loftocean_post_format_audio_url":"","loftocean_post_format_audio_id":"","loftocean_post_format_audio":"","loftocean_post_format_quote_text":"","loftocean_post_format_quote_byline":"","loftocean_post_format_link_text":"","loftocean_post_format_link_url":"","ceramag_post_header_style":"","ceramag_enable_background_video":"","ceramag_show_in_top_slider":"","ceramag_post_background_video_start":"","ceramag_post_background_video_end":"","loftocean_page_background_video_id":"","loftocean_page_background_video_url":"","loftocean_page_background_video_type":"","loftocean_page_background_video":"","ceramag_background_video_start":"","ceramag_background_video_end":"","ceramag_single_page_hide_header":"","footnotes":""},"categories":[34],"tags":[44,690,54,744,962,58],"class_list":["post-2344","post","type-post","status-publish","format-standard","has-post-thumbnail","hentry","category-reportajes","tag-drogas","tag-guerra-contra-las-drogas","tag-legalizacion","tag-leyes-sobre-drogas","tag-politicas-de-drogas","tag-reduccion-de-riesgos"],"yoast_head":"<!-- This site is optimized with the Yoast SEO plugin v24.9 - https:\/\/yoast.com\/wordpress\/plugins\/seo\/ -->\n<title>Legalizaci\u00f3n: el enfoque de la reducci\u00f3n de da\u00f1os<\/title>\n<meta name=\"description\" content=\"Entrada &#8226; Portal multimedia sobre cannabis y otras sustancias &#8226; 17 mayo, 2018\" \/>\n<meta name=\"robots\" content=\"index, follow, max-snippet:-1, max-image-preview:large, max-video-preview:-1\" \/>\n<link rel=\"canonical\" href=\"https:\/\/www.cannabis.es\/pw\/2018\/05\/17\/legalizacion-el-enfoque-de-la-reduccion-de-danos\/\" \/>\n<meta name=\"twitter:card\" content=\"summary_large_image\" \/>\n<meta name=\"twitter:title\" content=\"Legalizaci\u00f3n: el enfoque de la reducci\u00f3n de da\u00f1os\" \/>\n<meta name=\"twitter:description\" content=\"Entrada &#8226; Portal multimedia sobre cannabis y otras sustancias &#8226; 17 mayo, 2018\" \/>\n<meta name=\"twitter:image\" content=\"https:\/\/www.cannabis.es\/pw\/wp-content\/uploads\/2020\/05\/A0FD1AC1ACA55197F364CCCE7B2FD18C8BA14834B65CBB83AApimgpsh_fullsize_distr.jpg\" \/>\n<meta name=\"twitter:creator\" content=\"@cannabis_es\" \/>\n<meta name=\"twitter:site\" content=\"@cannabis_es\" \/>\n<meta name=\"twitter:label1\" content=\"Escrito por\" \/>\n\t<meta name=\"twitter:data1\" content=\"Cannabis.es\" \/>\n\t<meta name=\"twitter:label2\" content=\"Tiempo de lectura\" \/>\n\t<meta name=\"twitter:data2\" content=\"5 minutos\" \/>\n<script type=\"application\/ld+json\" class=\"yoast-schema-graph\">{\"@context\":\"https:\/\/schema.org\",\"@graph\":[{\"@type\":\"Article\",\"@id\":\"https:\/\/www.cannabis.es\/pw\/2018\/05\/17\/legalizacion-el-enfoque-de-la-reduccion-de-danos\/#article\",\"isPartOf\":{\"@id\":\"https:\/\/www.cannabis.es\/pw\/2018\/05\/17\/legalizacion-el-enfoque-de-la-reduccion-de-danos\/\"},\"author\":{\"name\":\"Cannabis.es\",\"@id\":\"https:\/\/www.cannabis.es\/pw\/#\/schema\/person\/e2fbd204580cf4fe74c79b82bc447374\"},\"headline\":\"Legalizaci\u00f3n: el enfoque de la reducci\u00f3n de da\u00f1os\",\"datePublished\":\"2018-05-17T13:29:54+00:00\",\"dateModified\":\"2020-10-16T11:03:50+00:00\",\"mainEntityOfPage\":{\"@id\":\"https:\/\/www.cannabis.es\/pw\/2018\/05\/17\/legalizacion-el-enfoque-de-la-reduccion-de-danos\/\"},\"wordCount\":1109,\"publisher\":{\"@id\":\"https:\/\/www.cannabis.es\/pw\/#organization\"},\"image\":{\"@id\":\"https:\/\/www.cannabis.es\/pw\/2018\/05\/17\/legalizacion-el-enfoque-de-la-reduccion-de-danos\/#primaryimage\"},\"thumbnailUrl\":\"https:\/\/www.cannabis.es\/pw\/wp-content\/uploads\/2020\/05\/A0FD1AC1ACA55197F364CCCE7B2FD18C8BA14834B65CBB83AApimgpsh_fullsize_distr.jpg\",\"keywords\":[\"drogas\",\"guerra contra las drogas\",\"legalizaci\u00f3n\",\"leyes sobre drogas\",\"pol\u00edticas de drogas\",\"reducci\u00f3n de riesgos\"],\"articleSection\":[\"Reportajes\"],\"inLanguage\":\"es\"},{\"@type\":\"WebPage\",\"@id\":\"https:\/\/www.cannabis.es\/pw\/2018\/05\/17\/legalizacion-el-enfoque-de-la-reduccion-de-danos\/\",\"url\":\"https:\/\/www.cannabis.es\/pw\/2018\/05\/17\/legalizacion-el-enfoque-de-la-reduccion-de-danos\/\",\"name\":\"Legalizaci\u00f3n: el enfoque de la reducci\u00f3n de da\u00f1os\",\"isPartOf\":{\"@id\":\"https:\/\/www.cannabis.es\/pw\/#website\"},\"primaryImageOfPage\":{\"@id\":\"https:\/\/www.cannabis.es\/pw\/2018\/05\/17\/legalizacion-el-enfoque-de-la-reduccion-de-danos\/#primaryimage\"},\"image\":{\"@id\":\"https:\/\/www.cannabis.es\/pw\/2018\/05\/17\/legalizacion-el-enfoque-de-la-reduccion-de-danos\/#primaryimage\"},\"thumbnailUrl\":\"https:\/\/www.cannabis.es\/pw\/wp-content\/uploads\/2020\/05\/A0FD1AC1ACA55197F364CCCE7B2FD18C8BA14834B65CBB83AApimgpsh_fullsize_distr.jpg\",\"datePublished\":\"2018-05-17T13:29:54+00:00\",\"dateModified\":\"2020-10-16T11:03:50+00:00\",\"description\":\"Entrada &#8226; Portal multimedia sobre cannabis y otras sustancias &#8226; 17 mayo, 2018\",\"breadcrumb\":{\"@id\":\"https:\/\/www.cannabis.es\/pw\/2018\/05\/17\/legalizacion-el-enfoque-de-la-reduccion-de-danos\/#breadcrumb\"},\"inLanguage\":\"es\",\"potentialAction\":[{\"@type\":\"ReadAction\",\"target\":[\"https:\/\/www.cannabis.es\/pw\/2018\/05\/17\/legalizacion-el-enfoque-de-la-reduccion-de-danos\/\"]}]},{\"@type\":\"ImageObject\",\"inLanguage\":\"es\",\"@id\":\"https:\/\/www.cannabis.es\/pw\/2018\/05\/17\/legalizacion-el-enfoque-de-la-reduccion-de-danos\/#primaryimage\",\"url\":\"https:\/\/www.cannabis.es\/pw\/wp-content\/uploads\/2020\/05\/A0FD1AC1ACA55197F364CCCE7B2FD18C8BA14834B65CBB83AApimgpsh_fullsize_distr.jpg\",\"contentUrl\":\"https:\/\/www.cannabis.es\/pw\/wp-content\/uploads\/2020\/05\/A0FD1AC1ACA55197F364CCCE7B2FD18C8BA14834B65CBB83AApimgpsh_fullsize_distr.jpg\",\"width\":959,\"height\":475},{\"@type\":\"BreadcrumbList\",\"@id\":\"https:\/\/www.cannabis.es\/pw\/2018\/05\/17\/legalizacion-el-enfoque-de-la-reduccion-de-danos\/#breadcrumb\",\"itemListElement\":[{\"@type\":\"ListItem\",\"position\":1,\"name\":\"Portada\",\"item\":\"http:\/\/www.cannabis.es\/pw\/\"},{\"@type\":\"ListItem\",\"position\":2,\"name\":\"Legalizaci\u00f3n: el enfoque de la reducci\u00f3n de da\u00f1os\"}]},{\"@type\":\"WebSite\",\"@id\":\"https:\/\/www.cannabis.es\/pw\/#website\",\"url\":\"https:\/\/www.cannabis.es\/pw\/\",\"name\":\"Cannabis\",\"description\":\"Portal multimedia sobre cannabis y otras sustancias\",\"publisher\":{\"@id\":\"https:\/\/www.cannabis.es\/pw\/#organization\"},\"potentialAction\":[{\"@type\":\"SearchAction\",\"target\":{\"@type\":\"EntryPoint\",\"urlTemplate\":\"https:\/\/www.cannabis.es\/pw\/?s={search_term_string}\"},\"query-input\":{\"@type\":\"PropertyValueSpecification\",\"valueRequired\":true,\"valueName\":\"search_term_string\"}}],\"inLanguage\":\"es\"},{\"@type\":\"Organization\",\"@id\":\"https:\/\/www.cannabis.es\/pw\/#organization\",\"name\":\"Cannabis.es\",\"url\":\"https:\/\/www.cannabis.es\/pw\/\",\"logo\":{\"@type\":\"ImageObject\",\"inLanguage\":\"es\",\"@id\":\"https:\/\/www.cannabis.es\/pw\/#\/schema\/logo\/image\/\",\"url\":\"https:\/\/www.cannabis.es\/pw\/wp-content\/uploads\/2019\/04\/cropped-logo_cannabis.png\",\"contentUrl\":\"https:\/\/www.cannabis.es\/pw\/wp-content\/uploads\/2019\/04\/cropped-logo_cannabis.png\",\"width\":361,\"height\":120,\"caption\":\"Cannabis.es\"},\"image\":{\"@id\":\"https:\/\/www.cannabis.es\/pw\/#\/schema\/logo\/image\/\"},\"sameAs\":[\"https:\/\/x.com\/cannabis_es\"]},{\"@type\":\"Person\",\"@id\":\"https:\/\/www.cannabis.es\/pw\/#\/schema\/person\/e2fbd204580cf4fe74c79b82bc447374\",\"name\":\"Cannabis.es\",\"image\":{\"@type\":\"ImageObject\",\"inLanguage\":\"es\",\"@id\":\"https:\/\/www.cannabis.es\/pw\/#\/schema\/person\/image\/\",\"url\":\"https:\/\/secure.gravatar.com\/avatar\/4375b1eb6e272e2e48a4b8a8def52e5f208151f555bb5906da616906ee6dd2e8?s=96&d=mm&r=g\",\"contentUrl\":\"https:\/\/secure.gravatar.com\/avatar\/4375b1eb6e272e2e48a4b8a8def52e5f208151f555bb5906da616906ee6dd2e8?s=96&d=mm&r=g\",\"caption\":\"Cannabis.es\"},\"url\":\"https:\/\/www.cannabis.es\/pw\/author\/cannabis\/\"}]}<\/script>\n<!-- \/ Yoast SEO plugin. -->","yoast_head_json":{"title":"Legalizaci\u00f3n: el enfoque de la reducci\u00f3n de da\u00f1os","description":"Entrada &#8226; Portal multimedia sobre cannabis y otras sustancias &#8226; 17 mayo, 2018","robots":{"index":"index","follow":"follow","max-snippet":"max-snippet:-1","max-image-preview":"max-image-preview:large","max-video-preview":"max-video-preview:-1"},"canonical":"https:\/\/www.cannabis.es\/pw\/2018\/05\/17\/legalizacion-el-enfoque-de-la-reduccion-de-danos\/","twitter_card":"summary_large_image","twitter_title":"Legalizaci\u00f3n: el enfoque de la reducci\u00f3n de da\u00f1os","twitter_description":"Entrada &#8226; Portal multimedia sobre cannabis y otras sustancias &#8226; 17 mayo, 2018","twitter_image":"https:\/\/www.cannabis.es\/pw\/wp-content\/uploads\/2020\/05\/A0FD1AC1ACA55197F364CCCE7B2FD18C8BA14834B65CBB83AApimgpsh_fullsize_distr.jpg","twitter_creator":"@cannabis_es","twitter_site":"@cannabis_es","twitter_misc":{"Escrito por":"Cannabis.es","Tiempo de lectura":"5 minutos"},"schema":{"@context":"https:\/\/schema.org","@graph":[{"@type":"Article","@id":"https:\/\/www.cannabis.es\/pw\/2018\/05\/17\/legalizacion-el-enfoque-de-la-reduccion-de-danos\/#article","isPartOf":{"@id":"https:\/\/www.cannabis.es\/pw\/2018\/05\/17\/legalizacion-el-enfoque-de-la-reduccion-de-danos\/"},"author":{"name":"Cannabis.es","@id":"https:\/\/www.cannabis.es\/pw\/#\/schema\/person\/e2fbd204580cf4fe74c79b82bc447374"},"headline":"Legalizaci\u00f3n: el enfoque de la reducci\u00f3n de da\u00f1os","datePublished":"2018-05-17T13:29:54+00:00","dateModified":"2020-10-16T11:03:50+00:00","mainEntityOfPage":{"@id":"https:\/\/www.cannabis.es\/pw\/2018\/05\/17\/legalizacion-el-enfoque-de-la-reduccion-de-danos\/"},"wordCount":1109,"publisher":{"@id":"https:\/\/www.cannabis.es\/pw\/#organization"},"image":{"@id":"https:\/\/www.cannabis.es\/pw\/2018\/05\/17\/legalizacion-el-enfoque-de-la-reduccion-de-danos\/#primaryimage"},"thumbnailUrl":"https:\/\/www.cannabis.es\/pw\/wp-content\/uploads\/2020\/05\/A0FD1AC1ACA55197F364CCCE7B2FD18C8BA14834B65CBB83AApimgpsh_fullsize_distr.jpg","keywords":["drogas","guerra contra las drogas","legalizaci\u00f3n","leyes sobre drogas","pol\u00edticas de drogas","reducci\u00f3n de riesgos"],"articleSection":["Reportajes"],"inLanguage":"es"},{"@type":"WebPage","@id":"https:\/\/www.cannabis.es\/pw\/2018\/05\/17\/legalizacion-el-enfoque-de-la-reduccion-de-danos\/","url":"https:\/\/www.cannabis.es\/pw\/2018\/05\/17\/legalizacion-el-enfoque-de-la-reduccion-de-danos\/","name":"Legalizaci\u00f3n: el enfoque de la reducci\u00f3n de da\u00f1os","isPartOf":{"@id":"https:\/\/www.cannabis.es\/pw\/#website"},"primaryImageOfPage":{"@id":"https:\/\/www.cannabis.es\/pw\/2018\/05\/17\/legalizacion-el-enfoque-de-la-reduccion-de-danos\/#primaryimage"},"image":{"@id":"https:\/\/www.cannabis.es\/pw\/2018\/05\/17\/legalizacion-el-enfoque-de-la-reduccion-de-danos\/#primaryimage"},"thumbnailUrl":"https:\/\/www.cannabis.es\/pw\/wp-content\/uploads\/2020\/05\/A0FD1AC1ACA55197F364CCCE7B2FD18C8BA14834B65CBB83AApimgpsh_fullsize_distr.jpg","datePublished":"2018-05-17T13:29:54+00:00","dateModified":"2020-10-16T11:03:50+00:00","description":"Entrada &#8226; Portal multimedia sobre cannabis y otras sustancias &#8226; 17 mayo, 2018","breadcrumb":{"@id":"https:\/\/www.cannabis.es\/pw\/2018\/05\/17\/legalizacion-el-enfoque-de-la-reduccion-de-danos\/#breadcrumb"},"inLanguage":"es","potentialAction":[{"@type":"ReadAction","target":["https:\/\/www.cannabis.es\/pw\/2018\/05\/17\/legalizacion-el-enfoque-de-la-reduccion-de-danos\/"]}]},{"@type":"ImageObject","inLanguage":"es","@id":"https:\/\/www.cannabis.es\/pw\/2018\/05\/17\/legalizacion-el-enfoque-de-la-reduccion-de-danos\/#primaryimage","url":"https:\/\/www.cannabis.es\/pw\/wp-content\/uploads\/2020\/05\/A0FD1AC1ACA55197F364CCCE7B2FD18C8BA14834B65CBB83AApimgpsh_fullsize_distr.jpg","contentUrl":"https:\/\/www.cannabis.es\/pw\/wp-content\/uploads\/2020\/05\/A0FD1AC1ACA55197F364CCCE7B2FD18C8BA14834B65CBB83AApimgpsh_fullsize_distr.jpg","width":959,"height":475},{"@type":"BreadcrumbList","@id":"https:\/\/www.cannabis.es\/pw\/2018\/05\/17\/legalizacion-el-enfoque-de-la-reduccion-de-danos\/#breadcrumb","itemListElement":[{"@type":"ListItem","position":1,"name":"Portada","item":"http:\/\/www.cannabis.es\/pw\/"},{"@type":"ListItem","position":2,"name":"Legalizaci\u00f3n: el enfoque de la reducci\u00f3n de da\u00f1os"}]},{"@type":"WebSite","@id":"https:\/\/www.cannabis.es\/pw\/#website","url":"https:\/\/www.cannabis.es\/pw\/","name":"Cannabis","description":"Portal multimedia sobre cannabis y otras sustancias","publisher":{"@id":"https:\/\/www.cannabis.es\/pw\/#organization"},"potentialAction":[{"@type":"SearchAction","target":{"@type":"EntryPoint","urlTemplate":"https:\/\/www.cannabis.es\/pw\/?s={search_term_string}"},"query-input":{"@type":"PropertyValueSpecification","valueRequired":true,"valueName":"search_term_string"}}],"inLanguage":"es"},{"@type":"Organization","@id":"https:\/\/www.cannabis.es\/pw\/#organization","name":"Cannabis.es","url":"https:\/\/www.cannabis.es\/pw\/","logo":{"@type":"ImageObject","inLanguage":"es","@id":"https:\/\/www.cannabis.es\/pw\/#\/schema\/logo\/image\/","url":"https:\/\/www.cannabis.es\/pw\/wp-content\/uploads\/2019\/04\/cropped-logo_cannabis.png","contentUrl":"https:\/\/www.cannabis.es\/pw\/wp-content\/uploads\/2019\/04\/cropped-logo_cannabis.png","width":361,"height":120,"caption":"Cannabis.es"},"image":{"@id":"https:\/\/www.cannabis.es\/pw\/#\/schema\/logo\/image\/"},"sameAs":["https:\/\/x.com\/cannabis_es"]},{"@type":"Person","@id":"https:\/\/www.cannabis.es\/pw\/#\/schema\/person\/e2fbd204580cf4fe74c79b82bc447374","name":"Cannabis.es","image":{"@type":"ImageObject","inLanguage":"es","@id":"https:\/\/www.cannabis.es\/pw\/#\/schema\/person\/image\/","url":"https:\/\/secure.gravatar.com\/avatar\/4375b1eb6e272e2e48a4b8a8def52e5f208151f555bb5906da616906ee6dd2e8?s=96&d=mm&r=g","contentUrl":"https:\/\/secure.gravatar.com\/avatar\/4375b1eb6e272e2e48a4b8a8def52e5f208151f555bb5906da616906ee6dd2e8?s=96&d=mm&r=g","caption":"Cannabis.es"},"url":"https:\/\/www.cannabis.es\/pw\/author\/cannabis\/"}]}},"_links":{"self":[{"href":"https:\/\/www.cannabis.es\/pw\/wp-json\/wp\/v2\/posts\/2344","targetHints":{"allow":["GET"]}}],"collection":[{"href":"https:\/\/www.cannabis.es\/pw\/wp-json\/wp\/v2\/posts"}],"about":[{"href":"https:\/\/www.cannabis.es\/pw\/wp-json\/wp\/v2\/types\/post"}],"author":[{"embeddable":true,"href":"https:\/\/www.cannabis.es\/pw\/wp-json\/wp\/v2\/users\/1"}],"replies":[{"embeddable":true,"href":"https:\/\/www.cannabis.es\/pw\/wp-json\/wp\/v2\/comments?post=2344"}],"version-history":[{"count":3,"href":"https:\/\/www.cannabis.es\/pw\/wp-json\/wp\/v2\/posts\/2344\/revisions"}],"predecessor-version":[{"id":6140,"href":"https:\/\/www.cannabis.es\/pw\/wp-json\/wp\/v2\/posts\/2344\/revisions\/6140"}],"wp:featuredmedia":[{"embeddable":true,"href":"https:\/\/www.cannabis.es\/pw\/wp-json\/wp\/v2\/media\/2345"}],"wp:attachment":[{"href":"https:\/\/www.cannabis.es\/pw\/wp-json\/wp\/v2\/media?parent=2344"}],"wp:term":[{"taxonomy":"category","embeddable":true,"href":"https:\/\/www.cannabis.es\/pw\/wp-json\/wp\/v2\/categories?post=2344"},{"taxonomy":"post_tag","embeddable":true,"href":"https:\/\/www.cannabis.es\/pw\/wp-json\/wp\/v2\/tags?post=2344"}],"curies":[{"name":"wp","href":"https:\/\/api.w.org\/{rel}","templated":true}]}}