{"id":2353,"date":"2018-05-07T15:35:05","date_gmt":"2018-05-07T13:35:05","guid":{"rendered":"http:\/\/www.cannabis.es\/pw\/?p=2353"},"modified":"2020-09-07T13:53:48","modified_gmt":"2020-09-07T11:53:48","slug":"mmmm-2018-sembrando-el-cambio","status":"publish","type":"post","link":"https:\/\/www.cannabis.es\/pw\/2018\/05\/07\/mmmm-2018-sembrando-el-cambio\/","title":{"rendered":"MMMM 2018: sembrando el cambio"},"content":{"rendered":"\n<p>Apenas la tarde se levantaba de la siesta del d\u00eda cinco de mayo, cuando los&nbsp;<strong>activistas por la legalizaci\u00f3n de la Marcha Mundial de la Marihuana de Madrid<\/strong>&nbsp;se arremolinaban ya en la&nbsp;<strong>Puerta del Sol<\/strong>. Para esta vig\u00e9sima segunda edici\u00f3n de la reuni\u00f3n madrile\u00f1a, como en las otras, se espera una afluencia masiva de p\u00fablico protestando por sus derechos en el hist\u00f3rico trayecto desde la Puerta del Sol a la Plaza de Espa\u00f1a, atravesando la Gran V\u00eda.<\/p>\n\n\n\n<hr class=\"wp-block-separator\"\/>\n\n\n\n<p><strong>\u201cLa 21 edici\u00f3n de la Marcha Mundial de la Marihuana de Madrid transcurre sin incidentes en medio de un ambiente festivo y de reivindicaci\u00f3n\u201d.<\/strong><\/p>\n\n\n\n<p>&nbsp;Los&nbsp;<strong>1000 globos verdes de la&nbsp;<a href=\"https:\/\/www.cannabis.es\/web\/features\/actuaidad\/751-xii-copa-de-la-marihuana-de-la-amec-2018\">Asociaci\u00f3n Madrile\u00f1a de Estudios sobre el Cannabis<\/a>&nbsp;(AMEC)<\/strong>&nbsp;descend\u00edan por la calle Carretas sostenidos en racimos por los socios de la asociaci\u00f3n, para ser repartidos entre los manifestantes. Entre saludos y abrazos, se van liando los primeros canutos. El sol de la tarde cae con aplomo.<\/p>\n\n\n\n<p><strong>\u201cAcompa\u00f1amos a la hist\u00f3rica manifestaci\u00f3n en pro de los derechos de los consumidores de Cannabis en su recorrido por el centro de Madrid. As\u00ed se desarroll\u00f3 la jornada\u201d.&nbsp;<\/strong><\/p>\n\n\n\n<p>Antes de que la marcha comience, conversamos con&nbsp;<strong>Javier Miravete<\/strong>, presidente de la&nbsp;<strong>Asociaci\u00f3n de Usuarios de Cannabis Medicinal.<\/strong>&nbsp;Han venido desde Castell\u00f3n,&nbsp;<em>\u201cSomos la primera asociaci\u00f3n registrada exclusivamente para usuarios y familiares que da apoyo para exigir&nbsp;<strong>el uso terap\u00e9utico y medicinal de Marihuan<\/strong>\u00ab.<\/em><\/p>\n\n\n\n<p>Sobre las cinco y diez, una nutrida columna de personas enfila la calle Montera. Sobre ella, comienza a discurrir una apacible manta de humo blanco y arom\u00e1tico. Pedro y Fernando son dos socios veteranos de la<strong>&nbsp;AMEC<\/strong>.&nbsp;<em>\u201cHemos venido para reivindicar el&nbsp;<strong>cultivo l\u00fadico y terap\u00e9utico del cannabis<\/strong>\u201d&nbsp;<\/em>explica Fernando.&nbsp;<em>\u201cHace por lo menos 34 a\u00f1os que soy usuario de cannabis\u201d<\/em>&nbsp;nos cuenta Pedro. Ambos coinciden en que este a\u00f1o hay m\u00e1s gente que el pasado.&nbsp;<em>\u201cYo las he contado y creo que hay 32 personas m\u00e1s que el a\u00f1o pasado \u201c&nbsp;<\/em>aclara Fernando entre risas.<\/p>\n\n\n\n<p>Lo que parec\u00eda un grupo relativamente peque\u00f1o, se ha convertido en una multitud que grita consignas tales como&nbsp;<em>\u201c<strong>El porrito no es delito\u201d&nbsp;<\/strong><\/em><strong>o&nbsp;<\/strong><em><strong>\u201cNo m\u00e1s multas por fumar\u201d<\/strong>.<\/em>&nbsp;<em>\u201cM\u00e1s porros y menos porras\u201d&nbsp;<\/em>chilla la gente al pasar por la puerta de la comisar\u00eda de Montera. Charlamos con&nbsp;<strong>Beatriz Macho<\/strong>, abogada y colaboradora de la&nbsp;<strong>Confederaci\u00f3n de Federaciones Cann\u00e1bicas<\/strong>.&nbsp;<em>\u201cLlevamos al menos 20 a\u00f1os pidiendo, primero que se despenalizara y ahora que se regule el autocultivo. Tampoco queremos quedarnos atr\u00e1s con el&nbsp;<strong>movimiento regularizador que se est\u00e1 observando a nivel global<\/strong>\u201d<\/em>&nbsp;declara&nbsp;<strong>Beatriz<\/strong>. Nos explica que hoy tienen lugar manifestaciones a favor de la legalizaci\u00f3n en 120 pa\u00edses,&nbsp;<em>\u201cesperamos que estas concentraciones tengan repercusi\u00f3n a nivel pol\u00edtico, hemos visto a varios&nbsp;<strong>periodistas de mass media<\/strong>&nbsp;y creo que se va a tener en cuenta todo el ruido que hacemos. M\u00ednimo alg\u00fan comentario va a llegar a los pol\u00edticos. Lo importante es visibilizarnos, cambiar el estigma que tienen las usuarias y usuarios del cannabis. Pero es una lucha que tenemos durante todo el a\u00f1o, no solo \u00e9sta tarde.\u201d<\/em><\/p>\n\n\n\n<p>El sol pega de frente mientras enfilamos la c\u00e9ntrica avenida. Pancartas con leyendas como&nbsp;<em>\u201c<strong>Prohibici\u00f3n es discriminaci\u00f3n\u201d<\/strong><\/em>&nbsp;avanzan mientras se escuchan gritos&nbsp;<em>\u201cla Gran V\u00eda huele a Mar\u00eda\u201d.<\/em>&nbsp;Vitaly es un joven usuario que ha venido a pedir autocultivo&nbsp;<em>\u201cpara que todo el mundo pueda plantar en sus casas tranquilamente y adem\u00e1s la polic\u00eda no les pueda multar, porque esto es una planta, no es una droga\u201d.&nbsp;<\/em>Es consumidor desde hace seis a\u00f1os y utilizar la yerba para relajarse despu\u00e9s del trabajo,&nbsp;<em>\u201cllego y me fumo uno y al d\u00eda siguiente estoy como nuevo. No soy un terrorista ni un animal\u201d,<\/em>&nbsp;declara.<\/p>\n\n\n\n<p>Llegando a Callao, la reuni\u00f3n despide una espesa columna de humo, como si de un tren por la legalizaci\u00f3n se tratase. La luz atraviesa la combusti\u00f3n, creando una neblina de olor inconfundible. Los tambores de la batucada resuenan en los o\u00eddos mientras la gente aprovecha las paradas para liarse unos petardos. Clara es una joven usuaria de cannabis que lleva dos a\u00f1os consumiendo.&nbsp;<em>\u201cEs la primera vez que vengo a la&nbsp;<strong>MMMM<\/strong>&nbsp;pero he estado en otras manifestaciones a favor de la legalizaci\u00f3n\u201d<\/em>&nbsp;nos comenta.&nbsp;<em>\u201cNo he notado mucha diferencia desde que empec\u00e9 a fumar hasta ahora, me siguen poniendo multas igual\u201d<\/em>&nbsp;nos dice con pesadumbre. En \u00e1mbitos generales, la media de edad de la marcha no parece sobrepasar los 20-25 a\u00f1os.<\/p>\n\n\n\n<p>Descendemos por Gran V\u00eda y encontramos a&nbsp;<strong>Lucky, presidente de la AMEC<\/strong>, cerrando la compa\u00f1\u00eda.&nbsp;<em>\u201cLa jornada se est\u00e1 resolviendo muy bien, buena afluencia, buen tiempo, muy agradable y buen ambiente\u201d.<\/em>&nbsp;<em>\u201cNo veo que haya menos gente que el a\u00f1o pasado, tambi\u00e9n es cierto que voy al final de la mani y no me la he recorrido de arriba abajo. Pero desde aqu\u00ed veo la Gran V\u00eda llena de gente, de globos, una humareda que sale y todo el mundo sonriendo. Estamos muy contentos<\/em>\u201d nos cuenta.&nbsp;<em>\u201c<strong>Reivindicamos nuestros derechos para que nos dejen cultivar<\/strong>, nos dejen consumir, nos dejen transportar y nos dejen ser personas normales sin estar sometidos a una presi\u00f3n que no lleva a ning\u00fan lado. Hoy es un d\u00eda festivo, de reivindicaci\u00f3n y de pasarlo bien, no tenemos ning\u00fan problema con las autoridades, hace buen tiempo\u2026 adem\u00e1s con la raz\u00f3n de saber que est\u00e1s haciendo algo por tus derechos.\u201d<\/em><\/p>\n\n\n\n<p>La manifestaci\u00f3n se extiende por el parque de Plaza de Espa\u00f1a. Sobre las 20:10 se procede a leer el comunicado de la organizaci\u00f3n, por voz de&nbsp;<strong>Beatriz Macho y H\u00e9ctor Brotons del estudio jur\u00eddico BrotSanVert<\/strong>. Se repasan datos de recaudaci\u00f3n por multas, exigiendo el cese de las mismas y la regulaci\u00f3n integral y transversal de la Marihuana; se recuerdan los&nbsp;<strong><a rel=\"noreferrer noopener\" aria-label=\" (abre en una nueva pesta\u00f1a)\" href=\"http:\/\/www.cannabis.es\/pw\/2018\/04\/13\/youtube-la-censura-como-politica\/\" target=\"_blank\">recientes casos de censura<\/a>&nbsp;llevada a cabo sobre medios de comunicaci\u00f3n afines como<a href=\"http:\/\/www.cannabis.es\/pw\/2018\/04\/20\/youtube-unete-al-comunicado-colectivo-contra-la-censura-al-cannabis\/\" target=\"_blank\" rel=\"noreferrer noopener\" aria-label=\" (abre en una nueva pesta\u00f1a)\">&nbsp;Marihuana TV o Dinafem<\/a><\/strong>; se repasan las actuaciones de la&nbsp;<strong>Ley Mordaza<\/strong>, que se ceban con los&nbsp;<strong>usuarios de cannabis y se denuncia la agresividad de la ley de Seguridad Vial<\/strong>&nbsp;que se aprovecha de formas exageradas de los usuarios de Cannabis frente a los consumidores de sustancias reguladas.<\/p>\n\n\n\n<p>Jennifer lleva una camiseta con el eslogan&nbsp;<a href=\"http:\/\/www.cannabis.es\/pw\/2017\/05\/11\/siembra-el-cambio-cronica-de-cfac-sobre-la-marcha-de-la-marihuana\/\">\u201cSiembra el cambio\u201d de la Federaci\u00f3n de Asociaciones Cann\u00e1bicas.<\/a>Es usuaria desde hace 13 a\u00f1os y asegura que en su ambiente, la mota sirve para relajar las tensiones entre amigos y compare\u00f1ros \u201cigual que la polic\u00eda, se pensaba que \u00edbamos a montar esto y nos \u00edbamos a pegar todos con todos. Pues no, tienen que aprender a escuchar\u201d.&nbsp;<em>\u201cEs la primera vez que vengo y me han dicho que hay&nbsp;<strong>m\u00e1s de 5000 personas<\/strong>. Seguro que vuelvo el a\u00f1o que viene, me ha gustado mucho.\u201d<\/em><\/p>\n\n\n\n<p>Lucky, en calidad de presidente de la AMEC que organiza la marcha, invita a los asistentes a quedarse en el parque hasta las 22:00, pues tienen permiso hasta esa hora para consumir y expresarse libremente. Adem\u00e1s, asegura, la batucada es genial. Finalizadas las declaraciones, el parque, lleno de gente conversando alegremente, se queda con los redobles r\u00edtmicos de los tambores, cerr\u00e1ndose as\u00ed esta edici\u00f3n de la&nbsp;<strong>Marcha Mundial de la Marihuana de Madrid.<\/strong><\/p>\n","protected":false},"excerpt":{"rendered":"<span class=\"span-reading-time rt-reading-time\" style=\"display: block;\"><span class=\"rt-label rt-prefix\">Tiempo de lectura:<\/span> <span class=\"rt-time\"> 4<\/span> <span class=\"rt-label rt-postfix\">minutos<\/span><\/span>Apenas la tarde se levantaba de la siesta del d\u00eda cinco de mayo, cuando los&nbsp;activistas por la legalizaci\u00f3n de la Marcha Mundial de la Marihuana de Madrid&nbsp;se arremolinaban ya en la&nbsp;Puerta del Sol. Para esta vig\u00e9sima segunda edici\u00f3n de la reuni\u00f3n madrile\u00f1a, como en las otras, se espera una afluencia masiva de p\u00fablico protestando por [&hellip;]","protected":false},"author":1,"featured_media":2354,"comment_status":"closed","ping_status":"closed","sticky":false,"template":"","format":"standard","meta":{"loftocean-featured-post":"","loftocean_post_format_gallery":"","loftocean_post_format_gallery_ids":"","loftocean_post_format_gallery_urls":"","loftocean_post_format_video_id":"","loftocean_post_format_video_url":"","loftocean_post_format_video_type":"","loftocean_post_format_video":"","loftocean_post_format_audio_type":"","loftocean_post_format_audio_url":"","loftocean_post_format_audio_id":"","loftocean_post_format_audio":"","loftocean_post_format_quote_text":"","loftocean_post_format_quote_byline":"","loftocean_post_format_link_text":"","loftocean_post_format_link_url":"","ceramag_post_header_style":"","ceramag_enable_background_video":"","ceramag_show_in_top_slider":"","ceramag_post_background_video_start":"","ceramag_post_background_video_end":"","loftocean_page_background_video_id":"","loftocean_page_background_video_url":"","loftocean_page_background_video_type":"","loftocean_page_background_video":"","ceramag_background_video_start":"","ceramag_background_video_end":"","ceramag_single_page_hide_header":"","footnotes":""},"categories":[35],"tags":[975,66,978,555,653,976,973,652,743,637,977,833,579,848,974],"class_list":["post-2353","post","type-post","status-publish","format-standard","has-post-thumbnail","hentry","category-politica-y-sociedad","tag-amec","tag-autocultivo","tag-autoposesion","tag-confac","tag-confederacion-de-federaciones-y-asociaciones-cannabicas","tag-encod","tag-fac","tag-federacion-de-asociaciones-cannabicas","tag-ley-de-seguridad-ciudadana","tag-ley-mordaza","tag-mmmm","tag-mujeres-cannabicas","tag-oeccc","tag-politica-de-drogas","tag-rema"],"yoast_head":"<!-- This site is optimized with the Yoast SEO plugin v24.9 - https:\/\/yoast.com\/wordpress\/plugins\/seo\/ -->\n<title>MMMM 2018: sembrando el cambio<\/title>\n<meta name=\"description\" content=\"Entrada &#8226; Portal multimedia sobre cannabis y otras sustancias &#8226; 7 mayo, 2018\" \/>\n<meta name=\"robots\" content=\"index, follow, max-snippet:-1, max-image-preview:large, max-video-preview:-1\" \/>\n<link rel=\"canonical\" href=\"https:\/\/www.cannabis.es\/pw\/2018\/05\/07\/mmmm-2018-sembrando-el-cambio\/\" \/>\n<meta name=\"twitter:card\" content=\"summary_large_image\" \/>\n<meta name=\"twitter:title\" content=\"MMMM 2018: sembrando el cambio\" \/>\n<meta name=\"twitter:description\" content=\"Entrada &#8226; Portal multimedia sobre cannabis y otras sustancias &#8226; 7 mayo, 2018\" \/>\n<meta name=\"twitter:image\" content=\"https:\/\/www.cannabis.es\/pw\/wp-content\/uploads\/2020\/05\/85B5C2B169515A01EFEAABAC6D665EAC9E7AE447ECD27D9045pimgpsh_fullsize_distr.jpg\" \/>\n<meta name=\"twitter:creator\" content=\"@cannabis_es\" \/>\n<meta name=\"twitter:site\" content=\"@cannabis_es\" \/>\n<meta name=\"twitter:label1\" content=\"Escrito por\" \/>\n\t<meta name=\"twitter:data1\" content=\"Cannabis.es\" \/>\n\t<meta name=\"twitter:label2\" content=\"Tiempo de lectura\" \/>\n\t<meta name=\"twitter:data2\" content=\"7 minutos\" \/>\n<script type=\"application\/ld+json\" class=\"yoast-schema-graph\">{\"@context\":\"https:\/\/schema.org\",\"@graph\":[{\"@type\":\"Article\",\"@id\":\"https:\/\/www.cannabis.es\/pw\/2018\/05\/07\/mmmm-2018-sembrando-el-cambio\/#article\",\"isPartOf\":{\"@id\":\"https:\/\/www.cannabis.es\/pw\/2018\/05\/07\/mmmm-2018-sembrando-el-cambio\/\"},\"author\":{\"name\":\"Cannabis.es\",\"@id\":\"https:\/\/www.cannabis.es\/pw\/#\/schema\/person\/e2fbd204580cf4fe74c79b82bc447374\"},\"headline\":\"MMMM 2018: sembrando el cambio\",\"datePublished\":\"2018-05-07T13:35:05+00:00\",\"dateModified\":\"2020-09-07T11:53:48+00:00\",\"mainEntityOfPage\":{\"@id\":\"https:\/\/www.cannabis.es\/pw\/2018\/05\/07\/mmmm-2018-sembrando-el-cambio\/\"},\"wordCount\":1319,\"publisher\":{\"@id\":\"https:\/\/www.cannabis.es\/pw\/#organization\"},\"image\":{\"@id\":\"https:\/\/www.cannabis.es\/pw\/2018\/05\/07\/mmmm-2018-sembrando-el-cambio\/#primaryimage\"},\"thumbnailUrl\":\"https:\/\/www.cannabis.es\/pw\/wp-content\/uploads\/2020\/05\/85B5C2B169515A01EFEAABAC6D665EAC9E7AE447ECD27D9045pimgpsh_fullsize_distr.jpg\",\"keywords\":[\"AMEC\",\"autocultivo\",\"autoposesi\u00f3n\",\"ConFAC\",\"Confederaci\u00f3n de Federaciones y Asociaciones Cann\u00e1bicas\",\"ENCOD\",\"FAC\",\"Federaci\u00f3n de Asociaciones Cann\u00e1bicas\",\"ley de seguridad ciudadana\",\"Ley Mordaza\",\"MMMM\",\"Mujeres Cann\u00e1bicas\",\"OECCC\",\"pol\u00edtica de drogas\",\"REMA\"],\"articleSection\":[\"Pol\u00edtica y Sociedad\"],\"inLanguage\":\"es\"},{\"@type\":\"WebPage\",\"@id\":\"https:\/\/www.cannabis.es\/pw\/2018\/05\/07\/mmmm-2018-sembrando-el-cambio\/\",\"url\":\"https:\/\/www.cannabis.es\/pw\/2018\/05\/07\/mmmm-2018-sembrando-el-cambio\/\",\"name\":\"MMMM 2018: sembrando el cambio\",\"isPartOf\":{\"@id\":\"https:\/\/www.cannabis.es\/pw\/#website\"},\"primaryImageOfPage\":{\"@id\":\"https:\/\/www.cannabis.es\/pw\/2018\/05\/07\/mmmm-2018-sembrando-el-cambio\/#primaryimage\"},\"image\":{\"@id\":\"https:\/\/www.cannabis.es\/pw\/2018\/05\/07\/mmmm-2018-sembrando-el-cambio\/#primaryimage\"},\"thumbnailUrl\":\"https:\/\/www.cannabis.es\/pw\/wp-content\/uploads\/2020\/05\/85B5C2B169515A01EFEAABAC6D665EAC9E7AE447ECD27D9045pimgpsh_fullsize_distr.jpg\",\"datePublished\":\"2018-05-07T13:35:05+00:00\",\"dateModified\":\"2020-09-07T11:53:48+00:00\",\"description\":\"Entrada &#8226; Portal multimedia sobre cannabis y otras sustancias &#8226; 7 mayo, 2018\",\"breadcrumb\":{\"@id\":\"https:\/\/www.cannabis.es\/pw\/2018\/05\/07\/mmmm-2018-sembrando-el-cambio\/#breadcrumb\"},\"inLanguage\":\"es\",\"potentialAction\":[{\"@type\":\"ReadAction\",\"target\":[\"https:\/\/www.cannabis.es\/pw\/2018\/05\/07\/mmmm-2018-sembrando-el-cambio\/\"]}]},{\"@type\":\"ImageObject\",\"inLanguage\":\"es\",\"@id\":\"https:\/\/www.cannabis.es\/pw\/2018\/05\/07\/mmmm-2018-sembrando-el-cambio\/#primaryimage\",\"url\":\"https:\/\/www.cannabis.es\/pw\/wp-content\/uploads\/2020\/05\/85B5C2B169515A01EFEAABAC6D665EAC9E7AE447ECD27D9045pimgpsh_fullsize_distr.jpg\",\"contentUrl\":\"https:\/\/www.cannabis.es\/pw\/wp-content\/uploads\/2020\/05\/85B5C2B169515A01EFEAABAC6D665EAC9E7AE447ECD27D9045pimgpsh_fullsize_distr.jpg\",\"width\":959,\"height\":475},{\"@type\":\"BreadcrumbList\",\"@id\":\"https:\/\/www.cannabis.es\/pw\/2018\/05\/07\/mmmm-2018-sembrando-el-cambio\/#breadcrumb\",\"itemListElement\":[{\"@type\":\"ListItem\",\"position\":1,\"name\":\"Portada\",\"item\":\"http:\/\/www.cannabis.es\/pw\/\"},{\"@type\":\"ListItem\",\"position\":2,\"name\":\"MMMM 2018: sembrando el cambio\"}]},{\"@type\":\"WebSite\",\"@id\":\"https:\/\/www.cannabis.es\/pw\/#website\",\"url\":\"https:\/\/www.cannabis.es\/pw\/\",\"name\":\"Cannabis\",\"description\":\"Portal multimedia sobre cannabis y otras sustancias\",\"publisher\":{\"@id\":\"https:\/\/www.cannabis.es\/pw\/#organization\"},\"potentialAction\":[{\"@type\":\"SearchAction\",\"target\":{\"@type\":\"EntryPoint\",\"urlTemplate\":\"https:\/\/www.cannabis.es\/pw\/?s={search_term_string}\"},\"query-input\":{\"@type\":\"PropertyValueSpecification\",\"valueRequired\":true,\"valueName\":\"search_term_string\"}}],\"inLanguage\":\"es\"},{\"@type\":\"Organization\",\"@id\":\"https:\/\/www.cannabis.es\/pw\/#organization\",\"name\":\"Cannabis.es\",\"url\":\"https:\/\/www.cannabis.es\/pw\/\",\"logo\":{\"@type\":\"ImageObject\",\"inLanguage\":\"es\",\"@id\":\"https:\/\/www.cannabis.es\/pw\/#\/schema\/logo\/image\/\",\"url\":\"https:\/\/www.cannabis.es\/pw\/wp-content\/uploads\/2019\/04\/cropped-logo_cannabis.png\",\"contentUrl\":\"https:\/\/www.cannabis.es\/pw\/wp-content\/uploads\/2019\/04\/cropped-logo_cannabis.png\",\"width\":361,\"height\":120,\"caption\":\"Cannabis.es\"},\"image\":{\"@id\":\"https:\/\/www.cannabis.es\/pw\/#\/schema\/logo\/image\/\"},\"sameAs\":[\"https:\/\/x.com\/cannabis_es\"]},{\"@type\":\"Person\",\"@id\":\"https:\/\/www.cannabis.es\/pw\/#\/schema\/person\/e2fbd204580cf4fe74c79b82bc447374\",\"name\":\"Cannabis.es\",\"image\":{\"@type\":\"ImageObject\",\"inLanguage\":\"es\",\"@id\":\"https:\/\/www.cannabis.es\/pw\/#\/schema\/person\/image\/\",\"url\":\"https:\/\/secure.gravatar.com\/avatar\/4375b1eb6e272e2e48a4b8a8def52e5f208151f555bb5906da616906ee6dd2e8?s=96&d=mm&r=g\",\"contentUrl\":\"https:\/\/secure.gravatar.com\/avatar\/4375b1eb6e272e2e48a4b8a8def52e5f208151f555bb5906da616906ee6dd2e8?s=96&d=mm&r=g\",\"caption\":\"Cannabis.es\"},\"url\":\"https:\/\/www.cannabis.es\/pw\/author\/cannabis\/\"}]}<\/script>\n<!-- \/ Yoast SEO plugin. -->","yoast_head_json":{"title":"MMMM 2018: sembrando el cambio","description":"Entrada &#8226; Portal multimedia sobre cannabis y otras sustancias &#8226; 7 mayo, 2018","robots":{"index":"index","follow":"follow","max-snippet":"max-snippet:-1","max-image-preview":"max-image-preview:large","max-video-preview":"max-video-preview:-1"},"canonical":"https:\/\/www.cannabis.es\/pw\/2018\/05\/07\/mmmm-2018-sembrando-el-cambio\/","twitter_card":"summary_large_image","twitter_title":"MMMM 2018: sembrando el cambio","twitter_description":"Entrada &#8226; Portal multimedia sobre cannabis y otras sustancias &#8226; 7 mayo, 2018","twitter_image":"https:\/\/www.cannabis.es\/pw\/wp-content\/uploads\/2020\/05\/85B5C2B169515A01EFEAABAC6D665EAC9E7AE447ECD27D9045pimgpsh_fullsize_distr.jpg","twitter_creator":"@cannabis_es","twitter_site":"@cannabis_es","twitter_misc":{"Escrito por":"Cannabis.es","Tiempo de lectura":"7 minutos"},"schema":{"@context":"https:\/\/schema.org","@graph":[{"@type":"Article","@id":"https:\/\/www.cannabis.es\/pw\/2018\/05\/07\/mmmm-2018-sembrando-el-cambio\/#article","isPartOf":{"@id":"https:\/\/www.cannabis.es\/pw\/2018\/05\/07\/mmmm-2018-sembrando-el-cambio\/"},"author":{"name":"Cannabis.es","@id":"https:\/\/www.cannabis.es\/pw\/#\/schema\/person\/e2fbd204580cf4fe74c79b82bc447374"},"headline":"MMMM 2018: sembrando el cambio","datePublished":"2018-05-07T13:35:05+00:00","dateModified":"2020-09-07T11:53:48+00:00","mainEntityOfPage":{"@id":"https:\/\/www.cannabis.es\/pw\/2018\/05\/07\/mmmm-2018-sembrando-el-cambio\/"},"wordCount":1319,"publisher":{"@id":"https:\/\/www.cannabis.es\/pw\/#organization"},"image":{"@id":"https:\/\/www.cannabis.es\/pw\/2018\/05\/07\/mmmm-2018-sembrando-el-cambio\/#primaryimage"},"thumbnailUrl":"https:\/\/www.cannabis.es\/pw\/wp-content\/uploads\/2020\/05\/85B5C2B169515A01EFEAABAC6D665EAC9E7AE447ECD27D9045pimgpsh_fullsize_distr.jpg","keywords":["AMEC","autocultivo","autoposesi\u00f3n","ConFAC","Confederaci\u00f3n de Federaciones y Asociaciones Cann\u00e1bicas","ENCOD","FAC","Federaci\u00f3n de Asociaciones Cann\u00e1bicas","ley de seguridad ciudadana","Ley Mordaza","MMMM","Mujeres Cann\u00e1bicas","OECCC","pol\u00edtica de drogas","REMA"],"articleSection":["Pol\u00edtica y Sociedad"],"inLanguage":"es"},{"@type":"WebPage","@id":"https:\/\/www.cannabis.es\/pw\/2018\/05\/07\/mmmm-2018-sembrando-el-cambio\/","url":"https:\/\/www.cannabis.es\/pw\/2018\/05\/07\/mmmm-2018-sembrando-el-cambio\/","name":"MMMM 2018: sembrando el cambio","isPartOf":{"@id":"https:\/\/www.cannabis.es\/pw\/#website"},"primaryImageOfPage":{"@id":"https:\/\/www.cannabis.es\/pw\/2018\/05\/07\/mmmm-2018-sembrando-el-cambio\/#primaryimage"},"image":{"@id":"https:\/\/www.cannabis.es\/pw\/2018\/05\/07\/mmmm-2018-sembrando-el-cambio\/#primaryimage"},"thumbnailUrl":"https:\/\/www.cannabis.es\/pw\/wp-content\/uploads\/2020\/05\/85B5C2B169515A01EFEAABAC6D665EAC9E7AE447ECD27D9045pimgpsh_fullsize_distr.jpg","datePublished":"2018-05-07T13:35:05+00:00","dateModified":"2020-09-07T11:53:48+00:00","description":"Entrada &#8226; Portal multimedia sobre cannabis y otras sustancias &#8226; 7 mayo, 2018","breadcrumb":{"@id":"https:\/\/www.cannabis.es\/pw\/2018\/05\/07\/mmmm-2018-sembrando-el-cambio\/#breadcrumb"},"inLanguage":"es","potentialAction":[{"@type":"ReadAction","target":["https:\/\/www.cannabis.es\/pw\/2018\/05\/07\/mmmm-2018-sembrando-el-cambio\/"]}]},{"@type":"ImageObject","inLanguage":"es","@id":"https:\/\/www.cannabis.es\/pw\/2018\/05\/07\/mmmm-2018-sembrando-el-cambio\/#primaryimage","url":"https:\/\/www.cannabis.es\/pw\/wp-content\/uploads\/2020\/05\/85B5C2B169515A01EFEAABAC6D665EAC9E7AE447ECD27D9045pimgpsh_fullsize_distr.jpg","contentUrl":"https:\/\/www.cannabis.es\/pw\/wp-content\/uploads\/2020\/05\/85B5C2B169515A01EFEAABAC6D665EAC9E7AE447ECD27D9045pimgpsh_fullsize_distr.jpg","width":959,"height":475},{"@type":"BreadcrumbList","@id":"https:\/\/www.cannabis.es\/pw\/2018\/05\/07\/mmmm-2018-sembrando-el-cambio\/#breadcrumb","itemListElement":[{"@type":"ListItem","position":1,"name":"Portada","item":"http:\/\/www.cannabis.es\/pw\/"},{"@type":"ListItem","position":2,"name":"MMMM 2018: sembrando el cambio"}]},{"@type":"WebSite","@id":"https:\/\/www.cannabis.es\/pw\/#website","url":"https:\/\/www.cannabis.es\/pw\/","name":"Cannabis","description":"Portal multimedia sobre cannabis y otras sustancias","publisher":{"@id":"https:\/\/www.cannabis.es\/pw\/#organization"},"potentialAction":[{"@type":"SearchAction","target":{"@type":"EntryPoint","urlTemplate":"https:\/\/www.cannabis.es\/pw\/?s={search_term_string}"},"query-input":{"@type":"PropertyValueSpecification","valueRequired":true,"valueName":"search_term_string"}}],"inLanguage":"es"},{"@type":"Organization","@id":"https:\/\/www.cannabis.es\/pw\/#organization","name":"Cannabis.es","url":"https:\/\/www.cannabis.es\/pw\/","logo":{"@type":"ImageObject","inLanguage":"es","@id":"https:\/\/www.cannabis.es\/pw\/#\/schema\/logo\/image\/","url":"https:\/\/www.cannabis.es\/pw\/wp-content\/uploads\/2019\/04\/cropped-logo_cannabis.png","contentUrl":"https:\/\/www.cannabis.es\/pw\/wp-content\/uploads\/2019\/04\/cropped-logo_cannabis.png","width":361,"height":120,"caption":"Cannabis.es"},"image":{"@id":"https:\/\/www.cannabis.es\/pw\/#\/schema\/logo\/image\/"},"sameAs":["https:\/\/x.com\/cannabis_es"]},{"@type":"Person","@id":"https:\/\/www.cannabis.es\/pw\/#\/schema\/person\/e2fbd204580cf4fe74c79b82bc447374","name":"Cannabis.es","image":{"@type":"ImageObject","inLanguage":"es","@id":"https:\/\/www.cannabis.es\/pw\/#\/schema\/person\/image\/","url":"https:\/\/secure.gravatar.com\/avatar\/4375b1eb6e272e2e48a4b8a8def52e5f208151f555bb5906da616906ee6dd2e8?s=96&d=mm&r=g","contentUrl":"https:\/\/secure.gravatar.com\/avatar\/4375b1eb6e272e2e48a4b8a8def52e5f208151f555bb5906da616906ee6dd2e8?s=96&d=mm&r=g","caption":"Cannabis.es"},"url":"https:\/\/www.cannabis.es\/pw\/author\/cannabis\/"}]}},"_links":{"self":[{"href":"https:\/\/www.cannabis.es\/pw\/wp-json\/wp\/v2\/posts\/2353","targetHints":{"allow":["GET"]}}],"collection":[{"href":"https:\/\/www.cannabis.es\/pw\/wp-json\/wp\/v2\/posts"}],"about":[{"href":"https:\/\/www.cannabis.es\/pw\/wp-json\/wp\/v2\/types\/post"}],"author":[{"embeddable":true,"href":"https:\/\/www.cannabis.es\/pw\/wp-json\/wp\/v2\/users\/1"}],"replies":[{"embeddable":true,"href":"https:\/\/www.cannabis.es\/pw\/wp-json\/wp\/v2\/comments?post=2353"}],"version-history":[{"count":3,"href":"https:\/\/www.cannabis.es\/pw\/wp-json\/wp\/v2\/posts\/2353\/revisions"}],"predecessor-version":[{"id":6028,"href":"https:\/\/www.cannabis.es\/pw\/wp-json\/wp\/v2\/posts\/2353\/revisions\/6028"}],"wp:featuredmedia":[{"embeddable":true,"href":"https:\/\/www.cannabis.es\/pw\/wp-json\/wp\/v2\/media\/2354"}],"wp:attachment":[{"href":"https:\/\/www.cannabis.es\/pw\/wp-json\/wp\/v2\/media?parent=2353"}],"wp:term":[{"taxonomy":"category","embeddable":true,"href":"https:\/\/www.cannabis.es\/pw\/wp-json\/wp\/v2\/categories?post=2353"},{"taxonomy":"post_tag","embeddable":true,"href":"https:\/\/www.cannabis.es\/pw\/wp-json\/wp\/v2\/tags?post=2353"}],"curies":[{"name":"wp","href":"https:\/\/api.w.org\/{rel}","templated":true}]}}