{"id":2377,"date":"2018-04-13T15:54:53","date_gmt":"2018-04-13T13:54:53","guid":{"rendered":"http:\/\/www.cannabis.es\/pw\/?p=2377"},"modified":"2020-09-07T14:01:01","modified_gmt":"2020-09-07T12:01:01","slug":"youtube-la-censura-como-politica","status":"publish","type":"post","link":"https:\/\/www.cannabis.es\/pw\/2018\/04\/13\/youtube-la-censura-como-politica\/","title":{"rendered":"YouTube: La censura como pol\u00edtica"},"content":{"rendered":"\n<p>En los \u00faltimos d\u00edas, vienen&nbsp;sucedi\u00e9ndose una serie de hechos que pueden pasar desapercibidos al p\u00fablico en general pero que sacuden los principios democr\u00e1ticos, al<strong>&nbsp;vulnerarse la libertad de expresi\u00f3n<\/strong>&nbsp;\u00bfY qui\u00e9n lo est\u00e1 llevando a cabo? \u00bfContra qui\u00e9n?&nbsp;Pues concretamente, y despu\u00e9s de varios episodios aislados cometidos por otras grandes compa\u00f1\u00edas de social network, esta vez se trata del&nbsp;<strong>gigante de v\u00eddeo en red, YouTube.<\/strong>&nbsp;Supuestamente, hay ciertos&nbsp;<strong>contenidos relacionados con el cannabis que vulneran sus pol\u00edticas<\/strong>. Es una compa\u00f1\u00eda privada y puede censurar lo que quiera, pero&#8230; \u00bfes \u00e9tico? \u00bfes anacr\u00f3nico?<\/p>\n\n\n\n<hr class=\"wp-block-separator\"\/>\n\n\n\n<p>No es \u00e9tico. Y si, es anacr\u00f3nico. La tendencia global va encaminada a ser<em><strong>&nbsp;&#8216;cannabis friendly&#8217;<\/strong><\/em>&nbsp;y la deriva internacional es clara: infinidad de pa\u00edses han aprobado ya la<strong>&nbsp;legalizaci\u00f3n<\/strong>&nbsp;y un gran n\u00famero de representantes pol\u00edticos, ciudadanos y asociativos, est\u00e1n promulgando la&nbsp;<strong>legalizaci\u00f3n de su uso terape\u00fatico y en ciertos casos, recreativo<\/strong>.&nbsp;<strong>USA o Canad\u00e1 no son casos aislados<\/strong>, la industria del cannabis empieza a mover capital y a crear puestos de trabajo&#8230;&nbsp;<strong><em>\u00bfEs YouTube m\u00e1s &#8216;papista que el Pap\u00e1?<\/em><\/strong>&nbsp;Parece ser que s\u00ed.<br><\/p>\n\n\n\n<p>Quiz\u00e1 para algunos es un hecho justificable porque al fin y al cabo<strong>&nbsp;el cannabis est\u00e1 considerado una droga.<\/strong>&nbsp;As\u00ed es.<\/p>\n\n\n\n<p>Efectivamente&nbsp;<strong>los magnates de la grandes redes sociales<\/strong>&nbsp;(con<strong>&nbsp;YouTube<\/strong>&nbsp;en cabeza pero con&nbsp;<strong>Zuckerberg<\/strong>&nbsp;sigui\u00e9ndole los pasos y haciendo sus pinitos con peque\u00f1as censuras)&nbsp;<strong>bloquean el contenido publicado sobre estupefacientes siempre que se promueva su uso<\/strong>. \u00bfQui\u00e9n decide lo que es y no es droga? Pues ni la justicia ni la legalidad, que por desgracia no siempre van de la mano, si no ni m\u00e1s ni menos que<strong>&nbsp;la ideolog\u00eda dominante en estas empresas privadas y en ciertos sectores del conservadurismo m\u00e1s reaccionario.&nbsp;<\/strong>Porque si, porque incluso los liberales conservadores est\u00e1n a favor del uso terape\u00fatico del cannabis, una postura cerrada puesto que defiende el uso medicinal pero no el recreativo, y drogas son en ambos casos, tanto para un uso como otro.<strong>&nbsp;Y censurar es interferir en nuestra libertad<\/strong>, en un caso y en otro,<strong>&nbsp;con la excusa de la protecci\u00f3n.<\/strong>&nbsp;Efectivamente y como ya hemos comentado, es&nbsp;una empresa privada y por tanto puede decidir sus propias pol\u00edticas de contenidos, pero eso no quita que podamos criticarlo, ya que el uso de esta gran red es mayoritario.&nbsp;<br><br>Compa\u00f1eros, colaboradores y clientes, como los bancos<strong><a href=\"https:\/\/sensiseeds.com\/es\/blog\/la-cuenta-de-instagram-de-sensi-seeds-suspendida-sin-previo-aviso\/\" target=\"_blank\" rel=\"noreferrer noopener\">Sensi Seeds<\/a>,&nbsp;<a href=\"https:\/\/www.dinafem.org\/es\/blog\/youtube-suspende-nuestro-canal-la-censura-sigue-viva\/\" target=\"_blank\" rel=\"noreferrer noopener\">Dinafem<\/a>,&nbsp;<a href=\"https:\/\/www.youtube.com\/user\/BuddhaSeeds\" target=\"_blank\" rel=\"noreferrer noopener\">Buddha Seeds Bank<\/a><\/strong>, han visto en poco tiempo como sus cuentas de&nbsp;<strong>YouTube, de Instagram en el caso de Sensi<\/strong>, se veian cerradas de forma unilateral. Hoy amanecemos con la noticia de que a&nbsp;<strong><a href=\"http:\/\/marihuanatelevision.tv\/censura-al-cannabis\/\" target=\"_blank\" rel=\"noreferrer noopener\">Marihuana TV<\/a><\/strong>&nbsp;le han censurado&nbsp;igualmente&nbsp;su cuenta, una web de noticias. No una empresa dedicada a la venta&#8230;&nbsp;<strong><em>\u00bfHasta d\u00f3nde puede llegar esto si callamos y consentimos?<\/em><\/strong>&nbsp;Preg\u00fantesenlo ustedes&#8230;Nosotros no queremos ni imaginar eses escenario, desfasado y con olor a rancio.&nbsp;<br><br>&nbsp;A esta gente qu\u00e9 juzga d\u00f3nde est\u00e1 el bien y d\u00f3nde esta el mal queremos decirle:&nbsp;<strong>ustedes han juzgado cu\u00e1l ha de ser nuestra \u00e9tica y ha apartado estos contenidos de nuestra vista<\/strong>,&nbsp;simple y llanamente&nbsp;<strong>porque les ha dado la real gana<\/strong>. No se escuden en nada m\u00e1s. Es simplemente despotismo extempor\u00e1neo.&nbsp;&nbsp;<\/p>\n\n\n\n<p>Muy a mi pesar, se\u00f1ores, ustedes mismos s\u00ed permiten el uso de im\u00e1genes da\u00f1inas para m\u00ed, que muestran a<strong>&nbsp;ni\u00f1os quemados o deformados, fetos despu\u00e9s de un aborto,&nbsp;<\/strong>para pedir ayuda econ\u00f3mica en determinada causa, reivindicar determinada acci\u00f3n pol\u00edtica&#8230;; o permiten im\u00e1genes muy violentas como forma de&nbsp;denuncia. Incluso Facebook lleg\u00f3 a prohibir&nbsp;<strong>fotograf\u00edas que promueven la lactancia materna y siguen censurando informaci\u00f3n sobre droga<\/strong>, que puede ayudar, sin ir m\u00e1s lejos a&nbsp;<strong>impulsar pol\u00edticas de prevenci\u00f3n de riego<\/strong>s. Pero<strong>&nbsp;a ustedes les da igual, y dicen que lo hacen por nosotros, por los usuarios.<\/strong><\/p>\n\n\n\n<p>Dejen ya de mentirnos, y m\u00e1s cuando est\u00e1n llevando a cabo actuaciones de censura agresivas y contrarias a cualquier c\u00f3digo \u00e9tico para<strong>&nbsp;favorecer intereses partidistas de determinados gobiernos.<\/strong>&nbsp;Porque ustedes gestionan su contenido para favorecerse a si mismos.&nbsp;<br><br>Mientras, nosotros&nbsp;<strong>pong\u00e1monos unas gafas verdes y no dejemos que apaguen nuestras pantallas ni que fundan a negro nuestros monitores.&nbsp;<\/strong><\/p>\n\n\n\n<p>La semilla del neoconservadurismo y la doble moral, esa si la debemos nosotros vigilar, y no&nbsp;<strong>aquellas que brotan de la tierra para alumbrar plantas, psicod\u00e9licas o no.&nbsp;<\/strong><br><\/p>\n\n\n\n<p>Cabe recordar que&nbsp;que estos magnates en ocasiones bloquean cuentas aunque no vulneren su pol\u00edtica de uso pero en cambio vulneren las leyes de alg\u00fan pa\u00eds, si el Gobierno de \u00e9ste lo solicita. As\u00ed, en el segundo semestre del 2014,&nbsp;<strong>Facebook&nbsp;<\/strong><strong><a href=\"http:\/\/www.lavanguardia.com\/tecnologia\/redes-sociales\/facebook\/20150316\/54428200710\/peticiones-datos-facebook-reino-unido.html\">ha restringido el acceso a 9.707 piezas<\/a>&nbsp;de contenido<\/strong>&nbsp;que violaban las leyes locales, un 11 por ciento m\u00e1s que en el primer semestre.&nbsp;<strong>India, Turqu\u00eda y Rusia<\/strong>&nbsp;han sido los pa\u00edses que han llevado a cabo un mayor n\u00famero de peticiones restrictivas a la red social.<strong>&nbsp;Pero YouTube ha proh\u00edbido estas cuentas a nivel general contraviniendo las legislaciones de muchos pa\u00edses.<\/strong><\/p>\n\n\n\n<p>Desde&nbsp;<strong>Cannabis.es&nbsp;<\/strong>condenamos sin fisuras la censura y queremos cerrar este art\u00edculo citando a la gran&nbsp;<strong>Virginia Woolf:<em>&nbsp;\u00abNo hay barrera, cerradura ni cerrojo que puedas imponer a la libertad de mi mente\u201d.<\/em><\/strong><\/p>\n","protected":false},"excerpt":{"rendered":"<span class=\"span-reading-time rt-reading-time\" style=\"display: block;\"><span class=\"rt-label rt-prefix\">Tiempo de lectura:<\/span> <span class=\"rt-time\"> 3<\/span> <span class=\"rt-label rt-postfix\">minutos<\/span><\/span>En los \u00faltimos d\u00edas, vienen&nbsp;sucedi\u00e9ndose una serie de hechos que pueden pasar desapercibidos al p\u00fablico en general pero que sacuden los principios democr\u00e1ticos, al&nbsp;vulnerarse la libertad de expresi\u00f3n&nbsp;\u00bfY qui\u00e9n lo est\u00e1 llevando a cabo? \u00bfContra qui\u00e9n?&nbsp;Pues concretamente, y despu\u00e9s de varios episodios aislados cometidos por otras grandes compa\u00f1\u00edas de social network, esta vez se trata [&hellip;]","protected":false},"author":1,"featured_media":2378,"comment_status":"closed","ping_status":"closed","sticky":false,"template":"","format":"standard","meta":{"loftocean-featured-post":"","loftocean_post_format_gallery":"","loftocean_post_format_gallery_ids":"","loftocean_post_format_gallery_urls":"","loftocean_post_format_video_id":"","loftocean_post_format_video_url":"","loftocean_post_format_video_type":"","loftocean_post_format_video":"","loftocean_post_format_audio_type":"","loftocean_post_format_audio_url":"","loftocean_post_format_audio_id":"","loftocean_post_format_audio":"","loftocean_post_format_quote_text":"","loftocean_post_format_quote_byline":"","loftocean_post_format_link_text":"","loftocean_post_format_link_url":"","ceramag_post_header_style":"","ceramag_enable_background_video":"","ceramag_show_in_top_slider":"","ceramag_post_background_video_start":"","ceramag_post_background_video_end":"","loftocean_page_background_video_id":"","loftocean_page_background_video_url":"","loftocean_page_background_video_type":"","loftocean_page_background_video":"","ceramag_background_video_start":"","ceramag_background_video_end":"","ceramag_single_page_hide_header":"","footnotes":""},"categories":[35],"tags":[41,955,954,956,54,42,848,953,957],"class_list":["post-2377","post","type-post","status-publish","format-standard","has-post-thumbnail","hentry","category-politica-y-sociedad","tag-cannabis","tag-censura","tag-facebook","tag-instagram","tag-legalizacion","tag-politica","tag-politica-de-drogas","tag-redes-sociales","tag-youtube"],"yoast_head":"<!-- This site is optimized with the Yoast SEO plugin v24.9 - https:\/\/yoast.com\/wordpress\/plugins\/seo\/ -->\n<title>YouTube: La censura como pol\u00edtica<\/title>\n<meta name=\"description\" content=\"Entrada &#8226; Portal multimedia sobre cannabis y otras sustancias &#8226; 13 abril, 2018\" \/>\n<meta name=\"robots\" content=\"index, follow, max-snippet:-1, max-image-preview:large, max-video-preview:-1\" \/>\n<link rel=\"canonical\" href=\"https:\/\/www.cannabis.es\/pw\/2018\/04\/13\/youtube-la-censura-como-politica\/\" \/>\n<meta name=\"twitter:card\" content=\"summary_large_image\" \/>\n<meta name=\"twitter:title\" content=\"YouTube: La censura como pol\u00edtica\" \/>\n<meta name=\"twitter:description\" content=\"Entrada &#8226; Portal multimedia sobre cannabis y otras sustancias &#8226; 13 abril, 2018\" \/>\n<meta name=\"twitter:image\" content=\"https:\/\/www.cannabis.es\/pw\/wp-content\/uploads\/2020\/05\/portada_censura_youtube.jpg\" \/>\n<meta name=\"twitter:creator\" content=\"@cannabis_es\" \/>\n<meta name=\"twitter:site\" content=\"@cannabis_es\" \/>\n<meta name=\"twitter:label1\" content=\"Escrito por\" \/>\n\t<meta name=\"twitter:data1\" content=\"Cannabis.es\" \/>\n\t<meta name=\"twitter:label2\" content=\"Tiempo de lectura\" \/>\n\t<meta name=\"twitter:data2\" content=\"5 minutos\" \/>\n<script type=\"application\/ld+json\" class=\"yoast-schema-graph\">{\"@context\":\"https:\/\/schema.org\",\"@graph\":[{\"@type\":\"Article\",\"@id\":\"https:\/\/www.cannabis.es\/pw\/2018\/04\/13\/youtube-la-censura-como-politica\/#article\",\"isPartOf\":{\"@id\":\"https:\/\/www.cannabis.es\/pw\/2018\/04\/13\/youtube-la-censura-como-politica\/\"},\"author\":{\"name\":\"Cannabis.es\",\"@id\":\"https:\/\/www.cannabis.es\/pw\/#\/schema\/person\/e2fbd204580cf4fe74c79b82bc447374\"},\"headline\":\"YouTube: La censura como pol\u00edtica\",\"datePublished\":\"2018-04-13T13:54:53+00:00\",\"dateModified\":\"2020-09-07T12:01:01+00:00\",\"mainEntityOfPage\":{\"@id\":\"https:\/\/www.cannabis.es\/pw\/2018\/04\/13\/youtube-la-censura-como-politica\/\"},\"wordCount\":981,\"publisher\":{\"@id\":\"https:\/\/www.cannabis.es\/pw\/#organization\"},\"image\":{\"@id\":\"https:\/\/www.cannabis.es\/pw\/2018\/04\/13\/youtube-la-censura-como-politica\/#primaryimage\"},\"thumbnailUrl\":\"https:\/\/www.cannabis.es\/pw\/wp-content\/uploads\/2020\/05\/portada_censura_youtube.jpg\",\"keywords\":[\"cannabis\",\"censura\",\"facebook\",\"Instagram\",\"legalizaci\u00f3n\",\"pol\u00edtica\",\"pol\u00edtica de drogas\",\"redes sociales\",\"YouTube\"],\"articleSection\":[\"Pol\u00edtica y Sociedad\"],\"inLanguage\":\"es\"},{\"@type\":\"WebPage\",\"@id\":\"https:\/\/www.cannabis.es\/pw\/2018\/04\/13\/youtube-la-censura-como-politica\/\",\"url\":\"https:\/\/www.cannabis.es\/pw\/2018\/04\/13\/youtube-la-censura-como-politica\/\",\"name\":\"YouTube: La censura como pol\u00edtica\",\"isPartOf\":{\"@id\":\"https:\/\/www.cannabis.es\/pw\/#website\"},\"primaryImageOfPage\":{\"@id\":\"https:\/\/www.cannabis.es\/pw\/2018\/04\/13\/youtube-la-censura-como-politica\/#primaryimage\"},\"image\":{\"@id\":\"https:\/\/www.cannabis.es\/pw\/2018\/04\/13\/youtube-la-censura-como-politica\/#primaryimage\"},\"thumbnailUrl\":\"https:\/\/www.cannabis.es\/pw\/wp-content\/uploads\/2020\/05\/portada_censura_youtube.jpg\",\"datePublished\":\"2018-04-13T13:54:53+00:00\",\"dateModified\":\"2020-09-07T12:01:01+00:00\",\"description\":\"Entrada &#8226; Portal multimedia sobre cannabis y otras sustancias &#8226; 13 abril, 2018\",\"breadcrumb\":{\"@id\":\"https:\/\/www.cannabis.es\/pw\/2018\/04\/13\/youtube-la-censura-como-politica\/#breadcrumb\"},\"inLanguage\":\"es\",\"potentialAction\":[{\"@type\":\"ReadAction\",\"target\":[\"https:\/\/www.cannabis.es\/pw\/2018\/04\/13\/youtube-la-censura-como-politica\/\"]}]},{\"@type\":\"ImageObject\",\"inLanguage\":\"es\",\"@id\":\"https:\/\/www.cannabis.es\/pw\/2018\/04\/13\/youtube-la-censura-como-politica\/#primaryimage\",\"url\":\"https:\/\/www.cannabis.es\/pw\/wp-content\/uploads\/2020\/05\/portada_censura_youtube.jpg\",\"contentUrl\":\"https:\/\/www.cannabis.es\/pw\/wp-content\/uploads\/2020\/05\/portada_censura_youtube.jpg\",\"width\":959,\"height\":475},{\"@type\":\"BreadcrumbList\",\"@id\":\"https:\/\/www.cannabis.es\/pw\/2018\/04\/13\/youtube-la-censura-como-politica\/#breadcrumb\",\"itemListElement\":[{\"@type\":\"ListItem\",\"position\":1,\"name\":\"Portada\",\"item\":\"http:\/\/www.cannabis.es\/pw\/\"},{\"@type\":\"ListItem\",\"position\":2,\"name\":\"YouTube: La censura como pol\u00edtica\"}]},{\"@type\":\"WebSite\",\"@id\":\"https:\/\/www.cannabis.es\/pw\/#website\",\"url\":\"https:\/\/www.cannabis.es\/pw\/\",\"name\":\"Cannabis\",\"description\":\"Portal multimedia sobre cannabis y otras sustancias\",\"publisher\":{\"@id\":\"https:\/\/www.cannabis.es\/pw\/#organization\"},\"potentialAction\":[{\"@type\":\"SearchAction\",\"target\":{\"@type\":\"EntryPoint\",\"urlTemplate\":\"https:\/\/www.cannabis.es\/pw\/?s={search_term_string}\"},\"query-input\":{\"@type\":\"PropertyValueSpecification\",\"valueRequired\":true,\"valueName\":\"search_term_string\"}}],\"inLanguage\":\"es\"},{\"@type\":\"Organization\",\"@id\":\"https:\/\/www.cannabis.es\/pw\/#organization\",\"name\":\"Cannabis.es\",\"url\":\"https:\/\/www.cannabis.es\/pw\/\",\"logo\":{\"@type\":\"ImageObject\",\"inLanguage\":\"es\",\"@id\":\"https:\/\/www.cannabis.es\/pw\/#\/schema\/logo\/image\/\",\"url\":\"https:\/\/www.cannabis.es\/pw\/wp-content\/uploads\/2019\/04\/cropped-logo_cannabis.png\",\"contentUrl\":\"https:\/\/www.cannabis.es\/pw\/wp-content\/uploads\/2019\/04\/cropped-logo_cannabis.png\",\"width\":361,\"height\":120,\"caption\":\"Cannabis.es\"},\"image\":{\"@id\":\"https:\/\/www.cannabis.es\/pw\/#\/schema\/logo\/image\/\"},\"sameAs\":[\"https:\/\/x.com\/cannabis_es\"]},{\"@type\":\"Person\",\"@id\":\"https:\/\/www.cannabis.es\/pw\/#\/schema\/person\/e2fbd204580cf4fe74c79b82bc447374\",\"name\":\"Cannabis.es\",\"image\":{\"@type\":\"ImageObject\",\"inLanguage\":\"es\",\"@id\":\"https:\/\/www.cannabis.es\/pw\/#\/schema\/person\/image\/\",\"url\":\"https:\/\/secure.gravatar.com\/avatar\/4375b1eb6e272e2e48a4b8a8def52e5f208151f555bb5906da616906ee6dd2e8?s=96&d=mm&r=g\",\"contentUrl\":\"https:\/\/secure.gravatar.com\/avatar\/4375b1eb6e272e2e48a4b8a8def52e5f208151f555bb5906da616906ee6dd2e8?s=96&d=mm&r=g\",\"caption\":\"Cannabis.es\"},\"url\":\"https:\/\/www.cannabis.es\/pw\/author\/cannabis\/\"}]}<\/script>\n<!-- \/ Yoast SEO plugin. -->","yoast_head_json":{"title":"YouTube: La censura como pol\u00edtica","description":"Entrada &#8226; Portal multimedia sobre cannabis y otras sustancias &#8226; 13 abril, 2018","robots":{"index":"index","follow":"follow","max-snippet":"max-snippet:-1","max-image-preview":"max-image-preview:large","max-video-preview":"max-video-preview:-1"},"canonical":"https:\/\/www.cannabis.es\/pw\/2018\/04\/13\/youtube-la-censura-como-politica\/","twitter_card":"summary_large_image","twitter_title":"YouTube: La censura como pol\u00edtica","twitter_description":"Entrada &#8226; Portal multimedia sobre cannabis y otras sustancias &#8226; 13 abril, 2018","twitter_image":"https:\/\/www.cannabis.es\/pw\/wp-content\/uploads\/2020\/05\/portada_censura_youtube.jpg","twitter_creator":"@cannabis_es","twitter_site":"@cannabis_es","twitter_misc":{"Escrito por":"Cannabis.es","Tiempo de lectura":"5 minutos"},"schema":{"@context":"https:\/\/schema.org","@graph":[{"@type":"Article","@id":"https:\/\/www.cannabis.es\/pw\/2018\/04\/13\/youtube-la-censura-como-politica\/#article","isPartOf":{"@id":"https:\/\/www.cannabis.es\/pw\/2018\/04\/13\/youtube-la-censura-como-politica\/"},"author":{"name":"Cannabis.es","@id":"https:\/\/www.cannabis.es\/pw\/#\/schema\/person\/e2fbd204580cf4fe74c79b82bc447374"},"headline":"YouTube: La censura como pol\u00edtica","datePublished":"2018-04-13T13:54:53+00:00","dateModified":"2020-09-07T12:01:01+00:00","mainEntityOfPage":{"@id":"https:\/\/www.cannabis.es\/pw\/2018\/04\/13\/youtube-la-censura-como-politica\/"},"wordCount":981,"publisher":{"@id":"https:\/\/www.cannabis.es\/pw\/#organization"},"image":{"@id":"https:\/\/www.cannabis.es\/pw\/2018\/04\/13\/youtube-la-censura-como-politica\/#primaryimage"},"thumbnailUrl":"https:\/\/www.cannabis.es\/pw\/wp-content\/uploads\/2020\/05\/portada_censura_youtube.jpg","keywords":["cannabis","censura","facebook","Instagram","legalizaci\u00f3n","pol\u00edtica","pol\u00edtica de drogas","redes sociales","YouTube"],"articleSection":["Pol\u00edtica y Sociedad"],"inLanguage":"es"},{"@type":"WebPage","@id":"https:\/\/www.cannabis.es\/pw\/2018\/04\/13\/youtube-la-censura-como-politica\/","url":"https:\/\/www.cannabis.es\/pw\/2018\/04\/13\/youtube-la-censura-como-politica\/","name":"YouTube: La censura como pol\u00edtica","isPartOf":{"@id":"https:\/\/www.cannabis.es\/pw\/#website"},"primaryImageOfPage":{"@id":"https:\/\/www.cannabis.es\/pw\/2018\/04\/13\/youtube-la-censura-como-politica\/#primaryimage"},"image":{"@id":"https:\/\/www.cannabis.es\/pw\/2018\/04\/13\/youtube-la-censura-como-politica\/#primaryimage"},"thumbnailUrl":"https:\/\/www.cannabis.es\/pw\/wp-content\/uploads\/2020\/05\/portada_censura_youtube.jpg","datePublished":"2018-04-13T13:54:53+00:00","dateModified":"2020-09-07T12:01:01+00:00","description":"Entrada &#8226; Portal multimedia sobre cannabis y otras sustancias &#8226; 13 abril, 2018","breadcrumb":{"@id":"https:\/\/www.cannabis.es\/pw\/2018\/04\/13\/youtube-la-censura-como-politica\/#breadcrumb"},"inLanguage":"es","potentialAction":[{"@type":"ReadAction","target":["https:\/\/www.cannabis.es\/pw\/2018\/04\/13\/youtube-la-censura-como-politica\/"]}]},{"@type":"ImageObject","inLanguage":"es","@id":"https:\/\/www.cannabis.es\/pw\/2018\/04\/13\/youtube-la-censura-como-politica\/#primaryimage","url":"https:\/\/www.cannabis.es\/pw\/wp-content\/uploads\/2020\/05\/portada_censura_youtube.jpg","contentUrl":"https:\/\/www.cannabis.es\/pw\/wp-content\/uploads\/2020\/05\/portada_censura_youtube.jpg","width":959,"height":475},{"@type":"BreadcrumbList","@id":"https:\/\/www.cannabis.es\/pw\/2018\/04\/13\/youtube-la-censura-como-politica\/#breadcrumb","itemListElement":[{"@type":"ListItem","position":1,"name":"Portada","item":"http:\/\/www.cannabis.es\/pw\/"},{"@type":"ListItem","position":2,"name":"YouTube: La censura como pol\u00edtica"}]},{"@type":"WebSite","@id":"https:\/\/www.cannabis.es\/pw\/#website","url":"https:\/\/www.cannabis.es\/pw\/","name":"Cannabis","description":"Portal multimedia sobre cannabis y otras sustancias","publisher":{"@id":"https:\/\/www.cannabis.es\/pw\/#organization"},"potentialAction":[{"@type":"SearchAction","target":{"@type":"EntryPoint","urlTemplate":"https:\/\/www.cannabis.es\/pw\/?s={search_term_string}"},"query-input":{"@type":"PropertyValueSpecification","valueRequired":true,"valueName":"search_term_string"}}],"inLanguage":"es"},{"@type":"Organization","@id":"https:\/\/www.cannabis.es\/pw\/#organization","name":"Cannabis.es","url":"https:\/\/www.cannabis.es\/pw\/","logo":{"@type":"ImageObject","inLanguage":"es","@id":"https:\/\/www.cannabis.es\/pw\/#\/schema\/logo\/image\/","url":"https:\/\/www.cannabis.es\/pw\/wp-content\/uploads\/2019\/04\/cropped-logo_cannabis.png","contentUrl":"https:\/\/www.cannabis.es\/pw\/wp-content\/uploads\/2019\/04\/cropped-logo_cannabis.png","width":361,"height":120,"caption":"Cannabis.es"},"image":{"@id":"https:\/\/www.cannabis.es\/pw\/#\/schema\/logo\/image\/"},"sameAs":["https:\/\/x.com\/cannabis_es"]},{"@type":"Person","@id":"https:\/\/www.cannabis.es\/pw\/#\/schema\/person\/e2fbd204580cf4fe74c79b82bc447374","name":"Cannabis.es","image":{"@type":"ImageObject","inLanguage":"es","@id":"https:\/\/www.cannabis.es\/pw\/#\/schema\/person\/image\/","url":"https:\/\/secure.gravatar.com\/avatar\/4375b1eb6e272e2e48a4b8a8def52e5f208151f555bb5906da616906ee6dd2e8?s=96&d=mm&r=g","contentUrl":"https:\/\/secure.gravatar.com\/avatar\/4375b1eb6e272e2e48a4b8a8def52e5f208151f555bb5906da616906ee6dd2e8?s=96&d=mm&r=g","caption":"Cannabis.es"},"url":"https:\/\/www.cannabis.es\/pw\/author\/cannabis\/"}]}},"_links":{"self":[{"href":"https:\/\/www.cannabis.es\/pw\/wp-json\/wp\/v2\/posts\/2377","targetHints":{"allow":["GET"]}}],"collection":[{"href":"https:\/\/www.cannabis.es\/pw\/wp-json\/wp\/v2\/posts"}],"about":[{"href":"https:\/\/www.cannabis.es\/pw\/wp-json\/wp\/v2\/types\/post"}],"author":[{"embeddable":true,"href":"https:\/\/www.cannabis.es\/pw\/wp-json\/wp\/v2\/users\/1"}],"replies":[{"embeddable":true,"href":"https:\/\/www.cannabis.es\/pw\/wp-json\/wp\/v2\/comments?post=2377"}],"version-history":[{"count":1,"href":"https:\/\/www.cannabis.es\/pw\/wp-json\/wp\/v2\/posts\/2377\/revisions"}],"predecessor-version":[{"id":2379,"href":"https:\/\/www.cannabis.es\/pw\/wp-json\/wp\/v2\/posts\/2377\/revisions\/2379"}],"wp:featuredmedia":[{"embeddable":true,"href":"https:\/\/www.cannabis.es\/pw\/wp-json\/wp\/v2\/media\/2378"}],"wp:attachment":[{"href":"https:\/\/www.cannabis.es\/pw\/wp-json\/wp\/v2\/media?parent=2377"}],"wp:term":[{"taxonomy":"category","embeddable":true,"href":"https:\/\/www.cannabis.es\/pw\/wp-json\/wp\/v2\/categories?post=2377"},{"taxonomy":"post_tag","embeddable":true,"href":"https:\/\/www.cannabis.es\/pw\/wp-json\/wp\/v2\/tags?post=2377"}],"curies":[{"name":"wp","href":"https:\/\/api.w.org\/{rel}","templated":true}]}}