{"id":2398,"date":"2018-03-02T16:18:10","date_gmt":"2018-03-02T15:18:10","guid":{"rendered":"http:\/\/www.cannabis.es\/pw\/?p=2398"},"modified":"2020-10-16T13:03:57","modified_gmt":"2020-10-16T11:03:57","slug":"el-ciclo-vegetativo","status":"publish","type":"post","link":"https:\/\/www.cannabis.es\/pw\/2018\/03\/02\/el-ciclo-vegetativo\/","title":{"rendered":"El ciclo vegetativo"},"content":{"rendered":"\n<p>Por Gorka Aguirreche.<\/p>\n\n\n\n\n\n\n\n<p>En el&nbsp;\u00faltimo art\u00edculo hablamos de la&nbsp;<strong>germinaci\u00f3n de las semillas de cannabis<\/strong>, m\u00e9todos y unas primeras indicaciones. Si todo sali\u00f3 bien, nuestras plantitas ahora deber\u00edan estar en sus&nbsp;<strong>primeros contenedores esperando el primer trasplante<\/strong>&nbsp;y tomando fuerza<\/p>\n\n\n\n<p>El&nbsp;<strong>periodo vegetativo o de crecimiento<\/strong>&nbsp;es en el que la planta se dedica en exclusiva a&nbsp;<strong>engordar el tallo<\/strong>, crear nuevos pares de&nbsp;<strong><a href=\"http:\/\/www.cannabis.es\/pw\/2018\/02\/27\/las-hojas-de-la-marihuana\/\" target=\"_blank\" rel=\"noreferrer noopener\" aria-label=\" (abre en una nueva pesta\u00f1a)\">hojas<\/a><\/strong>&nbsp;y en definitiva, asegurar un buen soporte estructural y nutritivo para luego aguantar el&nbsp;<strong>peso de la floraci\u00f3n.<\/strong><\/p>\n\n\n\n<hr class=\"wp-block-separator\"\/>\n\n\n\n<p>&nbsp;Tanto en cultivos de exterior como de interior el&nbsp;<strong>fotoperiodo marcar\u00e1 el tiempo<\/strong>&nbsp;que dura este ciclo. Siempre que las plantas reciban mas de 14h de&nbsp;<strong>luz directa o indirecta<\/strong>&nbsp;crecer\u00e1n, y por debajo de ese rango florar\u00e1n, si es que ya han alcanzado la madurez para poder hacerlo.<\/p>\n\n\n\n<p>Una&nbsp;<strong>planta de cannabis se considera madura para poder florecer cuando posee siete pares de hojas<\/strong>&nbsp;reales (sin contar los cotiledones). Conociendo este dato y las horas de luz que inducen los cambios entre&nbsp;<strong>vegetativo y floraci\u00f3n<\/strong>, podemos hacernos una idea para aproximar el mejor momento en el que las plantas deber\u00edan salir a la calle.<\/p>\n\n\n\n<p>En Espa\u00f1a, aunque var\u00eda de norte (m\u00e1s tarde) a sur (m\u00e1s pronto), este acto suele rondar el momento de la&nbsp;<strong>primavera.<\/strong>&nbsp;Hay que fijarse en que las noches ya sean m\u00e1s cortas, menores a 12h. Tengo muchos clientes que al sacar las plantas en febrero temprano, aunque lo hagan bajo pl\u00e1stico para evitar el fr\u00edo, acaban sufriendo una<strong>&nbsp;floraci\u00f3n temprana y la despu\u00e9s la consecuente revegetaci\u00f3n que cansar\u00e1 a la planta<\/strong>&nbsp;y ya no ser\u00e1 lo mismo.<\/p>\n\n\n\n<p>Los&nbsp;<strong>clones o esquejes<\/strong>&nbsp;han de sacarse un poco m\u00e1s tarde que las&nbsp;<strong>semillas<\/strong>, aproximadamente un mes despu\u00e9s. Ellos ya son maduros por muy peque\u00f1os que sean y entrar\u00e1n en&nbsp;<strong>floraci\u00f3n antes que las plantas provenientes de semillas.<\/strong><\/p>\n\n\n\n<figure class=\"wp-block-image\"><img decoding=\"async\" src=\"https:\/\/www.cannabis.es\/web\/images\/foto_1_vegetativo.jpg\" alt=\"foto 1 vegetativo\"\/><\/figure>\n\n\n\n<p>En cultivos de interior la&nbsp;<strong>duraci\u00f3n del periodo vegetativo&nbsp;<\/strong>depende de cuando el<strong>&nbsp;cannabicultor<\/strong>&nbsp;cambia el ciclo, puede durar indefinidamente como ocurre en cultivos de&nbsp;<strong>plantas madres<\/strong>, un par de meses para ir preparando plantas que saldr\u00e1n a exterior o unos pocos d\u00edas o semanas si de&nbsp;<strong>clones o variedades sativas<\/strong>&nbsp;se tratara.<\/p>\n\n\n\n<p>Gracias a un temporizador podemos establecer 18h de luz continua con 6h de oscuridad (18-6) o incluso 24h de luz continua (24-0). En este punto hay opiniones diversas sobre c<strong>u\u00e1l es el mejor fotoperiodo a aplicar.&nbsp;<\/strong>Depende de a qui\u00e9n preguntes te dir\u00e1n uno o otro, incluso hay cultivadores utilizando ciclos de 16-8 y otras variantes.<\/p>\n\n\n\n<p>En mi caso utilizo el 18-6 pero tambi\u00e9n he probado el 24-0 y las plantas crecen m\u00e1s r\u00e1pido aunque el gasto de luz es mayor.&nbsp;<strong><em>Algunas variedades han llegado a estresarse con el ciclo de 24 mientras que con el de 18h nunca me ha ocurrido.<\/em><\/strong><\/p>\n\n\n\n<p>Mientras que en exterior&nbsp;<strong>con que las plantas reciban toda la luz disponible y est\u00e9n bien abastecidas de agua y nutrientes bastar\u00e1&nbsp;<\/strong>para acabar teniendo grandes matas en verano. En&nbsp;<strong>interior&nbsp;<\/strong>hay que controlar&nbsp;<strong>m\u00e1s par\u00e1metros<\/strong>, dependiendo de la variedad elegida, por ejemplo, deber\u00edamos contar con una altura m\u00e1xima a la que poner el cultivo a florecer.<\/p>\n\n\n\n<p>En el caso de una&nbsp;<strong><em>Cream Caramel<\/em><\/strong>, que es 90% indica, en su&nbsp;<strong>etapa de floraci\u00f3n<\/strong>&nbsp;estira la mitad de lo que ya haya crecido. Si queremos acabar con&nbsp;<strong>plantas de unos 55-60 cm<\/strong>&nbsp;finales no deber\u00edamos sobrepasar los&nbsp;<strong>35-40cm en vegetativo<\/strong>&nbsp;con ellas.<\/p>\n\n\n\n<p>Algunas<strong>&nbsp;sativas puras se cultivan con el ciclo de 12-12 desde semilla<\/strong>&nbsp;sabiendo que son capaces de quintuplicar el tama\u00f1o cuando llegue su&nbsp;<strong>floraci\u00f3n<\/strong>. Estas plantas en interior&nbsp;<strong>carecen de periodo vegetativo&nbsp;<\/strong>debido a que si lo tuvieran ser\u00edan incontrolables, ya muchos han sufrido intentar&nbsp;<strong>cultivar en un armario una planta que crece 10cm cada d\u00eda.<\/strong><\/p>\n\n\n\n<p>Como he mencionado antes, si no aplicamos ninguna<strong>&nbsp;t\u00e9cnica de doblado o poda<\/strong>&nbsp;para dar forma a nuestras plantas&nbsp;<strong>el vegetativo es bastante sencillo<\/strong>&nbsp;e incluso permite en ocasiones fallar, la planta se estresa pero vuelve a la normalidad en unos d\u00edas y, a menos que haya sido algo grave,&nbsp;<strong>no repercutir\u00e1 en la cosecha o calidad del producto final, exceptuando las variedades&nbsp;<a href=\"http:\/\/www.cannabis.es\/pw\/2017\/12\/20\/variedades-autoflorecientes\/\" target=\"_blank\" rel=\"noreferrer noopener\" aria-label=\" (abre en una nueva pesta\u00f1a)\">autoflorecientes<\/a>.<\/strong><\/p>\n\n\n\n<p>La pregunta del mill\u00f3n por estas fechas en las que todos empez\u00e1is a tener ya plantitas con&nbsp;<strong>tres o cuatro pares de hojas<\/strong>&nbsp;es \u00bfcu\u00e1nto y cu\u00e1ndo riego? No hay una norma fija, en cada sitio cont\u00e1is con situaciones diferentes que hacen que el agua dure m\u00e1s o menos, el&nbsp;<strong>tama\u00f1o de las macetas en interior tambi\u00e9n cuenta y las condiciones clim\u00e1ticas del exterior<\/strong>&nbsp;en cada momento har\u00e1n que las plantan tomen m\u00e1s o menos agua del suelo.<\/p>\n\n\n\n<figure class=\"wp-block-image\"><img decoding=\"async\" src=\"https:\/\/www.cannabis.es\/web\/images\/foto-2_vegetativo.jpg\" alt=\"Ciclo vegetativo\"\/><\/figure>\n\n\n\n<p>El&nbsp;<strong>cannabis puede acostumbrarse al regad\u00edo o al secano<\/strong>, as\u00ed que se acostumbrar\u00e1 a vuestra manera de regar siempre que no lo llev\u00e9is al extremo. Riega cuando al clavar el dedo \u00edndice un par de cent\u00edmetros notes seco, tambi\u00e9n puedes levantar la maceta, si est\u00e1 seca no pesa nada.<\/p>\n\n\n\n<p>Siempre riega hasta que salga agua por abajo, en este punto recordaros que hay que poner una capa de&nbsp;<strong>piedras, teja, ladrillo, arlita&#8230; en el fondo de la maceta<\/strong>&nbsp;antes de depositar la tierra para facilitar el&nbsp;<strong>drenaje<\/strong>, este paso es obligatorio, no lo olvid\u00e9is.<strong><em>&nbsp;Las consecuencias de un mal drenaje se pagan caras.<\/em><\/strong><\/p>\n\n\n\n<p>La&nbsp;<strong>cantidad de agua al regar depende de la maceta y tama\u00f1o&nbsp;<\/strong>de la planta. Siempre les digo a mis clientes que lo que se ve por arriba es igual a lo que hay abajo, si tienes una planta de 10cm de alto y 10 de ancho las ra\u00edces est\u00e1n ocupando ese mismo volumen abajo, es aproximado pero van muy a la par al principio.<\/p>\n\n\n\n<p>Con esto quiero decir que si tienes una planta con 5 cm de alto y 5 de ancho, con dos pares de hojas, en una maceta de 11L de volumen de 23x23cm (largo x ancho) es una burrada a\u00f1adir dos litros de agua porque sacar\u00edamos todo el aire de la tierra al echar tanta agua y hacerlo una vez no es para tanto pero hacer eso tres veces en unos diez d\u00edas es mortal.<\/p>\n\n\n\n<p>Uno de los&nbsp;<strong><em>trucos<\/em><\/strong>&nbsp;que suelo dar al que se l\u00eda mucho con esto es que&nbsp;<strong>rieguen la mitad de la maceta hasta que sale agua<\/strong>, y la siguiente vez la otra mitad, de esta manera la&nbsp;<strong>proporci\u00f3n agua-aire en el sustrato se mantiene \u00f3ptima&nbsp;<\/strong>y no tendremos problemas con el exceso de riego.<\/p>\n\n\n\n<p>En exterior, como ya ser\u00eda primavera hay que vigilar las primeras apariciones de&nbsp;<strong>plagas<\/strong>, signos de&nbsp;<strong><a href=\"http:\/\/www.cannabis.es\/pw\/2015\/08\/25\/el-cultivo-de-interior-7-la-alimentacion\/\" target=\"_blank\" rel=\"noreferrer noopener\" aria-label=\" (abre en una nueva pesta\u00f1a)\">carencias en las plantas<\/a><\/strong>, una distancia internodal correcta y abonar ligeramente hasta que tengan un buen tama\u00f1o para poder aplicar las<strong>&nbsp;dosis indicadas por fabricantes<\/strong>, no sobrepas\u00e9is estas dosificaciones, la&nbsp;<strong>sobrefertilizaci\u00f3n es un freno dif\u00edcil de superar&nbsp;<\/strong>en el estadio vegetativo.<\/p>\n\n\n\n<p>En&nbsp;<strong>interior aparte de esto hay que controlar la temperatura<\/strong>, ya sab\u00e9is, ni frio ni muy caliente (23-25\u00ba) es ideal, la recirculaci\u00f3n del&nbsp;<strong>aire y la humedad<\/strong>. En general controlar que las plantas crezcan fuertes y sanas, si se ralentizan o aparece alg\u00fan problema hay que identificarlo y solucionarlo lo antes posible.<\/p>\n\n\n\n<p>Cumpliendo con esto las<strong>&nbsp;plantas crecer\u00e1n vigorosas y quiz\u00e1s sea el momento de aplicar las&nbsp;<a href=\"http:\/\/www.cannabis.es\/pw\/2017\/06\/07\/moldeado-de-la-planta-de-marihuana-i\/\" target=\"_blank\" rel=\"noreferrer noopener\" aria-label=\" (abre en una nueva pesta\u00f1a)\">t\u00e9cnicas de moldeado<\/a><\/strong>&nbsp;que mejor se os den para multiplicar las puntas y as\u00ed la producci\u00f3n. Entre estas t\u00e9cnicas la m\u00e1s f\u00e1cil y sencilla que pod\u00e9is probar es la poda apical, pod\u00e9is realizarla una o varias veces. Os invito a probar y a buscar info de todas las t\u00e9cnicas de moldeo existentes que se practican sobre el cannabis.<\/p>\n\n\n\n<figure class=\"wp-block-image\"><img decoding=\"async\" src=\"https:\/\/www.cannabis.es\/web\/images\/foto-3_vegetativo.jpg\" alt=\"Ciclo vegetativo\"\/><\/figure>\n\n\n\n<p>Entre las m\u00e1s comunes y sencillas est\u00e1n la poda apical,<strong>&nbsp;el doblado o LST (Low Stress Training), podado de yemas, la poda FIM, o enmallados, ya sea SOG o SCROG&#8230;<\/strong><\/p>\n\n\n\n<p>La mayor\u00eda de los cultivadores sobre todo en exterior como mucho hace una&nbsp;<strong>poda apical&nbsp;<\/strong>o ni eso. Probad, experimentad, no hay mejor manera de aprender y este ciclo, el vegetativo, es para eso. En el tiempo que dura, las plantas son capaces de superar problemas que no afectar\u00e1n la producci\u00f3n ni calidad de los cogollos que se ultimar\u00e1n en la fase de floraci\u00f3n.<\/p>\n\n\n\n<p>Espero que todos despu\u00e9s de haber germinado con \u00e9xito teng\u00e1is un esplendido vegetativo y que sep\u00e1is disfrutarlo tanto como yo lo hago \ud83d\ude42<\/p>\n\n\n\n<p>\u00a1Qu\u00e9 teng\u00e1is una buena y verde semana!<\/p>\n","protected":false},"excerpt":{"rendered":"<span class=\"span-reading-time rt-reading-time\" style=\"display: block;\"><span class=\"rt-label rt-prefix\">Tiempo de lectura:<\/span> <span class=\"rt-time\"> 5<\/span> <span class=\"rt-label rt-postfix\">minutos<\/span><\/span>Por Gorka Aguirreche. En el&nbsp;\u00faltimo art\u00edculo hablamos de la&nbsp;germinaci\u00f3n de las semillas de cannabis, m\u00e9todos y unas primeras indicaciones. Si todo sali\u00f3 bien, nuestras plantitas ahora deber\u00edan estar en sus&nbsp;primeros contenedores esperando el primer trasplante&nbsp;y tomando fuerza El&nbsp;periodo vegetativo o de crecimiento&nbsp;es en el que la planta se dedica en exclusiva a&nbsp;engordar el tallo, crear [&hellip;]","protected":false},"author":1,"featured_media":2399,"comment_status":"closed","ping_status":"closed","sticky":false,"template":"","format":"standard","meta":{"loftocean-featured-post":"","loftocean_post_format_gallery":"","loftocean_post_format_gallery_ids":"","loftocean_post_format_gallery_urls":"","loftocean_post_format_video_id":"","loftocean_post_format_video_url":"","loftocean_post_format_video_type":"","loftocean_post_format_video":"","loftocean_post_format_audio_type":"","loftocean_post_format_audio_url":"","loftocean_post_format_audio_id":"","loftocean_post_format_audio":"","loftocean_post_format_quote_text":"","loftocean_post_format_quote_byline":"","loftocean_post_format_link_text":"","loftocean_post_format_link_url":"","ceramag_post_header_style":"","ceramag_enable_background_video":"","ceramag_show_in_top_slider":"","ceramag_post_background_video_start":"","ceramag_post_background_video_end":"","loftocean_page_background_video_id":"","loftocean_page_background_video_url":"","loftocean_page_background_video_type":"","loftocean_page_background_video":"","ceramag_background_video_start":"","ceramag_background_video_end":"","ceramag_single_page_hide_header":"","footnotes":""},"categories":[711],"tags":[66,41,961,61,935,947,898,772,768,890,728,960],"class_list":["post-2398","post","type-post","status-publish","format-standard","has-post-thumbnail","hentry","category-cultivo","tag-autocultivo","tag-cannabis","tag-ciclo-vegetativo","tag-cultivo","tag-cultivo-de-cannabis","tag-cultivo-de-marihuana","tag-cultivo-exterior","tag-cultivo-interior","tag-floracion","tag-poda-de-cannabis","tag-semillas","tag-trasplante"],"yoast_head":"<!-- This site is optimized with the Yoast SEO plugin v24.9 - https:\/\/yoast.com\/wordpress\/plugins\/seo\/ -->\n<title>El ciclo vegetativo<\/title>\n<meta name=\"description\" content=\"Entrada &#8226; Portal multimedia sobre cannabis y otras sustancias &#8226; 2 marzo, 2018\" \/>\n<meta name=\"robots\" content=\"index, follow, max-snippet:-1, max-image-preview:large, max-video-preview:-1\" \/>\n<link rel=\"canonical\" href=\"https:\/\/www.cannabis.es\/pw\/2018\/03\/02\/el-ciclo-vegetativo\/\" \/>\n<meta name=\"twitter:card\" content=\"summary_large_image\" \/>\n<meta name=\"twitter:title\" content=\"El ciclo vegetativo\" \/>\n<meta name=\"twitter:description\" content=\"Entrada &#8226; Portal multimedia sobre cannabis y otras sustancias &#8226; 2 marzo, 2018\" \/>\n<meta name=\"twitter:image\" content=\"https:\/\/www.cannabis.es\/pw\/wp-content\/uploads\/2020\/05\/portada_vegetativo.jpg\" \/>\n<meta name=\"twitter:creator\" content=\"@cannabis_es\" \/>\n<meta name=\"twitter:site\" content=\"@cannabis_es\" \/>\n<meta name=\"twitter:label1\" content=\"Escrito por\" \/>\n\t<meta name=\"twitter:data1\" content=\"Cannabis.es\" \/>\n\t<meta name=\"twitter:label2\" content=\"Tiempo de lectura\" \/>\n\t<meta name=\"twitter:data2\" content=\"8 minutos\" \/>\n<script type=\"application\/ld+json\" class=\"yoast-schema-graph\">{\"@context\":\"https:\/\/schema.org\",\"@graph\":[{\"@type\":\"Article\",\"@id\":\"https:\/\/www.cannabis.es\/pw\/2018\/03\/02\/el-ciclo-vegetativo\/#article\",\"isPartOf\":{\"@id\":\"https:\/\/www.cannabis.es\/pw\/2018\/03\/02\/el-ciclo-vegetativo\/\"},\"author\":{\"name\":\"Cannabis.es\",\"@id\":\"https:\/\/www.cannabis.es\/pw\/#\/schema\/person\/e2fbd204580cf4fe74c79b82bc447374\"},\"headline\":\"El ciclo vegetativo\",\"datePublished\":\"2018-03-02T15:18:10+00:00\",\"dateModified\":\"2020-10-16T11:03:57+00:00\",\"mainEntityOfPage\":{\"@id\":\"https:\/\/www.cannabis.es\/pw\/2018\/03\/02\/el-ciclo-vegetativo\/\"},\"wordCount\":1546,\"publisher\":{\"@id\":\"https:\/\/www.cannabis.es\/pw\/#organization\"},\"image\":{\"@id\":\"https:\/\/www.cannabis.es\/pw\/2018\/03\/02\/el-ciclo-vegetativo\/#primaryimage\"},\"thumbnailUrl\":\"https:\/\/www.cannabis.es\/pw\/wp-content\/uploads\/2020\/05\/portada_vegetativo.jpg\",\"keywords\":[\"autocultivo\",\"cannabis\",\"ciclo vegetativo\",\"cultivo\",\"cultivo de cannabis\",\"cultivo de marihuana\",\"cultivo exterior\",\"cultivo interior\",\"floraci\u00f3n\",\"poda de cannabis\",\"semillas\",\"trasplante\"],\"articleSection\":[\"Cultivo\"],\"inLanguage\":\"es\"},{\"@type\":\"WebPage\",\"@id\":\"https:\/\/www.cannabis.es\/pw\/2018\/03\/02\/el-ciclo-vegetativo\/\",\"url\":\"https:\/\/www.cannabis.es\/pw\/2018\/03\/02\/el-ciclo-vegetativo\/\",\"name\":\"El ciclo vegetativo\",\"isPartOf\":{\"@id\":\"https:\/\/www.cannabis.es\/pw\/#website\"},\"primaryImageOfPage\":{\"@id\":\"https:\/\/www.cannabis.es\/pw\/2018\/03\/02\/el-ciclo-vegetativo\/#primaryimage\"},\"image\":{\"@id\":\"https:\/\/www.cannabis.es\/pw\/2018\/03\/02\/el-ciclo-vegetativo\/#primaryimage\"},\"thumbnailUrl\":\"https:\/\/www.cannabis.es\/pw\/wp-content\/uploads\/2020\/05\/portada_vegetativo.jpg\",\"datePublished\":\"2018-03-02T15:18:10+00:00\",\"dateModified\":\"2020-10-16T11:03:57+00:00\",\"description\":\"Entrada &#8226; Portal multimedia sobre cannabis y otras sustancias &#8226; 2 marzo, 2018\",\"breadcrumb\":{\"@id\":\"https:\/\/www.cannabis.es\/pw\/2018\/03\/02\/el-ciclo-vegetativo\/#breadcrumb\"},\"inLanguage\":\"es\",\"potentialAction\":[{\"@type\":\"ReadAction\",\"target\":[\"https:\/\/www.cannabis.es\/pw\/2018\/03\/02\/el-ciclo-vegetativo\/\"]}]},{\"@type\":\"ImageObject\",\"inLanguage\":\"es\",\"@id\":\"https:\/\/www.cannabis.es\/pw\/2018\/03\/02\/el-ciclo-vegetativo\/#primaryimage\",\"url\":\"https:\/\/www.cannabis.es\/pw\/wp-content\/uploads\/2020\/05\/portada_vegetativo.jpg\",\"contentUrl\":\"https:\/\/www.cannabis.es\/pw\/wp-content\/uploads\/2020\/05\/portada_vegetativo.jpg\",\"width\":959,\"height\":475},{\"@type\":\"BreadcrumbList\",\"@id\":\"https:\/\/www.cannabis.es\/pw\/2018\/03\/02\/el-ciclo-vegetativo\/#breadcrumb\",\"itemListElement\":[{\"@type\":\"ListItem\",\"position\":1,\"name\":\"Portada\",\"item\":\"http:\/\/www.cannabis.es\/pw\/\"},{\"@type\":\"ListItem\",\"position\":2,\"name\":\"El ciclo vegetativo\"}]},{\"@type\":\"WebSite\",\"@id\":\"https:\/\/www.cannabis.es\/pw\/#website\",\"url\":\"https:\/\/www.cannabis.es\/pw\/\",\"name\":\"Cannabis\",\"description\":\"Portal multimedia sobre cannabis y otras sustancias\",\"publisher\":{\"@id\":\"https:\/\/www.cannabis.es\/pw\/#organization\"},\"potentialAction\":[{\"@type\":\"SearchAction\",\"target\":{\"@type\":\"EntryPoint\",\"urlTemplate\":\"https:\/\/www.cannabis.es\/pw\/?s={search_term_string}\"},\"query-input\":{\"@type\":\"PropertyValueSpecification\",\"valueRequired\":true,\"valueName\":\"search_term_string\"}}],\"inLanguage\":\"es\"},{\"@type\":\"Organization\",\"@id\":\"https:\/\/www.cannabis.es\/pw\/#organization\",\"name\":\"Cannabis.es\",\"url\":\"https:\/\/www.cannabis.es\/pw\/\",\"logo\":{\"@type\":\"ImageObject\",\"inLanguage\":\"es\",\"@id\":\"https:\/\/www.cannabis.es\/pw\/#\/schema\/logo\/image\/\",\"url\":\"https:\/\/www.cannabis.es\/pw\/wp-content\/uploads\/2019\/04\/cropped-logo_cannabis.png\",\"contentUrl\":\"https:\/\/www.cannabis.es\/pw\/wp-content\/uploads\/2019\/04\/cropped-logo_cannabis.png\",\"width\":361,\"height\":120,\"caption\":\"Cannabis.es\"},\"image\":{\"@id\":\"https:\/\/www.cannabis.es\/pw\/#\/schema\/logo\/image\/\"},\"sameAs\":[\"https:\/\/x.com\/cannabis_es\"]},{\"@type\":\"Person\",\"@id\":\"https:\/\/www.cannabis.es\/pw\/#\/schema\/person\/e2fbd204580cf4fe74c79b82bc447374\",\"name\":\"Cannabis.es\",\"image\":{\"@type\":\"ImageObject\",\"inLanguage\":\"es\",\"@id\":\"https:\/\/www.cannabis.es\/pw\/#\/schema\/person\/image\/\",\"url\":\"https:\/\/secure.gravatar.com\/avatar\/4375b1eb6e272e2e48a4b8a8def52e5f208151f555bb5906da616906ee6dd2e8?s=96&d=mm&r=g\",\"contentUrl\":\"https:\/\/secure.gravatar.com\/avatar\/4375b1eb6e272e2e48a4b8a8def52e5f208151f555bb5906da616906ee6dd2e8?s=96&d=mm&r=g\",\"caption\":\"Cannabis.es\"},\"url\":\"https:\/\/www.cannabis.es\/pw\/author\/cannabis\/\"}]}<\/script>\n<!-- \/ Yoast SEO plugin. -->","yoast_head_json":{"title":"El ciclo vegetativo","description":"Entrada &#8226; Portal multimedia sobre cannabis y otras sustancias &#8226; 2 marzo, 2018","robots":{"index":"index","follow":"follow","max-snippet":"max-snippet:-1","max-image-preview":"max-image-preview:large","max-video-preview":"max-video-preview:-1"},"canonical":"https:\/\/www.cannabis.es\/pw\/2018\/03\/02\/el-ciclo-vegetativo\/","twitter_card":"summary_large_image","twitter_title":"El ciclo vegetativo","twitter_description":"Entrada &#8226; Portal multimedia sobre cannabis y otras sustancias &#8226; 2 marzo, 2018","twitter_image":"https:\/\/www.cannabis.es\/pw\/wp-content\/uploads\/2020\/05\/portada_vegetativo.jpg","twitter_creator":"@cannabis_es","twitter_site":"@cannabis_es","twitter_misc":{"Escrito por":"Cannabis.es","Tiempo de lectura":"8 minutos"},"schema":{"@context":"https:\/\/schema.org","@graph":[{"@type":"Article","@id":"https:\/\/www.cannabis.es\/pw\/2018\/03\/02\/el-ciclo-vegetativo\/#article","isPartOf":{"@id":"https:\/\/www.cannabis.es\/pw\/2018\/03\/02\/el-ciclo-vegetativo\/"},"author":{"name":"Cannabis.es","@id":"https:\/\/www.cannabis.es\/pw\/#\/schema\/person\/e2fbd204580cf4fe74c79b82bc447374"},"headline":"El ciclo vegetativo","datePublished":"2018-03-02T15:18:10+00:00","dateModified":"2020-10-16T11:03:57+00:00","mainEntityOfPage":{"@id":"https:\/\/www.cannabis.es\/pw\/2018\/03\/02\/el-ciclo-vegetativo\/"},"wordCount":1546,"publisher":{"@id":"https:\/\/www.cannabis.es\/pw\/#organization"},"image":{"@id":"https:\/\/www.cannabis.es\/pw\/2018\/03\/02\/el-ciclo-vegetativo\/#primaryimage"},"thumbnailUrl":"https:\/\/www.cannabis.es\/pw\/wp-content\/uploads\/2020\/05\/portada_vegetativo.jpg","keywords":["autocultivo","cannabis","ciclo vegetativo","cultivo","cultivo de cannabis","cultivo de marihuana","cultivo exterior","cultivo interior","floraci\u00f3n","poda de cannabis","semillas","trasplante"],"articleSection":["Cultivo"],"inLanguage":"es"},{"@type":"WebPage","@id":"https:\/\/www.cannabis.es\/pw\/2018\/03\/02\/el-ciclo-vegetativo\/","url":"https:\/\/www.cannabis.es\/pw\/2018\/03\/02\/el-ciclo-vegetativo\/","name":"El ciclo vegetativo","isPartOf":{"@id":"https:\/\/www.cannabis.es\/pw\/#website"},"primaryImageOfPage":{"@id":"https:\/\/www.cannabis.es\/pw\/2018\/03\/02\/el-ciclo-vegetativo\/#primaryimage"},"image":{"@id":"https:\/\/www.cannabis.es\/pw\/2018\/03\/02\/el-ciclo-vegetativo\/#primaryimage"},"thumbnailUrl":"https:\/\/www.cannabis.es\/pw\/wp-content\/uploads\/2020\/05\/portada_vegetativo.jpg","datePublished":"2018-03-02T15:18:10+00:00","dateModified":"2020-10-16T11:03:57+00:00","description":"Entrada &#8226; Portal multimedia sobre cannabis y otras sustancias &#8226; 2 marzo, 2018","breadcrumb":{"@id":"https:\/\/www.cannabis.es\/pw\/2018\/03\/02\/el-ciclo-vegetativo\/#breadcrumb"},"inLanguage":"es","potentialAction":[{"@type":"ReadAction","target":["https:\/\/www.cannabis.es\/pw\/2018\/03\/02\/el-ciclo-vegetativo\/"]}]},{"@type":"ImageObject","inLanguage":"es","@id":"https:\/\/www.cannabis.es\/pw\/2018\/03\/02\/el-ciclo-vegetativo\/#primaryimage","url":"https:\/\/www.cannabis.es\/pw\/wp-content\/uploads\/2020\/05\/portada_vegetativo.jpg","contentUrl":"https:\/\/www.cannabis.es\/pw\/wp-content\/uploads\/2020\/05\/portada_vegetativo.jpg","width":959,"height":475},{"@type":"BreadcrumbList","@id":"https:\/\/www.cannabis.es\/pw\/2018\/03\/02\/el-ciclo-vegetativo\/#breadcrumb","itemListElement":[{"@type":"ListItem","position":1,"name":"Portada","item":"http:\/\/www.cannabis.es\/pw\/"},{"@type":"ListItem","position":2,"name":"El ciclo vegetativo"}]},{"@type":"WebSite","@id":"https:\/\/www.cannabis.es\/pw\/#website","url":"https:\/\/www.cannabis.es\/pw\/","name":"Cannabis","description":"Portal multimedia sobre cannabis y otras sustancias","publisher":{"@id":"https:\/\/www.cannabis.es\/pw\/#organization"},"potentialAction":[{"@type":"SearchAction","target":{"@type":"EntryPoint","urlTemplate":"https:\/\/www.cannabis.es\/pw\/?s={search_term_string}"},"query-input":{"@type":"PropertyValueSpecification","valueRequired":true,"valueName":"search_term_string"}}],"inLanguage":"es"},{"@type":"Organization","@id":"https:\/\/www.cannabis.es\/pw\/#organization","name":"Cannabis.es","url":"https:\/\/www.cannabis.es\/pw\/","logo":{"@type":"ImageObject","inLanguage":"es","@id":"https:\/\/www.cannabis.es\/pw\/#\/schema\/logo\/image\/","url":"https:\/\/www.cannabis.es\/pw\/wp-content\/uploads\/2019\/04\/cropped-logo_cannabis.png","contentUrl":"https:\/\/www.cannabis.es\/pw\/wp-content\/uploads\/2019\/04\/cropped-logo_cannabis.png","width":361,"height":120,"caption":"Cannabis.es"},"image":{"@id":"https:\/\/www.cannabis.es\/pw\/#\/schema\/logo\/image\/"},"sameAs":["https:\/\/x.com\/cannabis_es"]},{"@type":"Person","@id":"https:\/\/www.cannabis.es\/pw\/#\/schema\/person\/e2fbd204580cf4fe74c79b82bc447374","name":"Cannabis.es","image":{"@type":"ImageObject","inLanguage":"es","@id":"https:\/\/www.cannabis.es\/pw\/#\/schema\/person\/image\/","url":"https:\/\/secure.gravatar.com\/avatar\/4375b1eb6e272e2e48a4b8a8def52e5f208151f555bb5906da616906ee6dd2e8?s=96&d=mm&r=g","contentUrl":"https:\/\/secure.gravatar.com\/avatar\/4375b1eb6e272e2e48a4b8a8def52e5f208151f555bb5906da616906ee6dd2e8?s=96&d=mm&r=g","caption":"Cannabis.es"},"url":"https:\/\/www.cannabis.es\/pw\/author\/cannabis\/"}]}},"_links":{"self":[{"href":"https:\/\/www.cannabis.es\/pw\/wp-json\/wp\/v2\/posts\/2398","targetHints":{"allow":["GET"]}}],"collection":[{"href":"https:\/\/www.cannabis.es\/pw\/wp-json\/wp\/v2\/posts"}],"about":[{"href":"https:\/\/www.cannabis.es\/pw\/wp-json\/wp\/v2\/types\/post"}],"author":[{"embeddable":true,"href":"https:\/\/www.cannabis.es\/pw\/wp-json\/wp\/v2\/users\/1"}],"replies":[{"embeddable":true,"href":"https:\/\/www.cannabis.es\/pw\/wp-json\/wp\/v2\/comments?post=2398"}],"version-history":[{"count":5,"href":"https:\/\/www.cannabis.es\/pw\/wp-json\/wp\/v2\/posts\/2398\/revisions"}],"predecessor-version":[{"id":6141,"href":"https:\/\/www.cannabis.es\/pw\/wp-json\/wp\/v2\/posts\/2398\/revisions\/6141"}],"wp:featuredmedia":[{"embeddable":true,"href":"https:\/\/www.cannabis.es\/pw\/wp-json\/wp\/v2\/media\/2399"}],"wp:attachment":[{"href":"https:\/\/www.cannabis.es\/pw\/wp-json\/wp\/v2\/media?parent=2398"}],"wp:term":[{"taxonomy":"category","embeddable":true,"href":"https:\/\/www.cannabis.es\/pw\/wp-json\/wp\/v2\/categories?post=2398"},{"taxonomy":"post_tag","embeddable":true,"href":"https:\/\/www.cannabis.es\/pw\/wp-json\/wp\/v2\/tags?post=2398"}],"curies":[{"name":"wp","href":"https:\/\/api.w.org\/{rel}","templated":true}]}}