{"id":2427,"date":"2018-01-29T17:12:27","date_gmt":"2018-01-29T16:12:27","guid":{"rendered":"http:\/\/www.cannabis.es\/pw\/?p=2427"},"modified":"2020-10-16T13:05:25","modified_gmt":"2020-10-16T11:05:25","slug":"xii-copa-de-la-marihuana-de-la-amec-2018","status":"publish","type":"post","link":"https:\/\/www.cannabis.es\/pw\/2018\/01\/29\/xii-copa-de-la-marihuana-de-la-amec-2018\/","title":{"rendered":"XII Copa de la Marihuana de la AMEC 2018"},"content":{"rendered":"\n<p>La&nbsp;<strong>Asociaci\u00f3n Madrile\u00f1a de Estudios sobre el Cannabis<\/strong>&nbsp;fue fundada en el a\u00f1o 1995 y organizan&nbsp;<a href=\"http:\/\/www.cannabis.es\/pw\/2017\/05\/09\/marcha-mundial-de-la-marihuana-en-madrid-2017\/\">la Marcha Mundial de la Marihuana<\/a>&nbsp;en la capital. Adem\u00e1s, desde 1997 celebran la<strong>&nbsp;Copa de la Marihuana<\/strong>&nbsp;de la asociaci\u00f3n, que se ha convertido en uno de los torneos m\u00e1s prestigiosos de toda Espa\u00f1a.&nbsp;<strong>La AMEC<\/strong>&nbsp;nos abre las puertas para asistir al fallo del jurado y la entrega de premios en su nueva sede.<\/p>\n\n\n\n<hr class=\"wp-block-separator\"\/>\n\n\n\n<p><strong>La asociaci\u00f3n cann\u00e1bica m\u00e1s veterana de Espa\u00f1a celebra su certamen anual<\/strong><\/p>\n\n\n\n<p>Me dirijo a la nueva localizaci\u00f3n de la&nbsp;<strong>Asociaci\u00f3n<\/strong>, sita ahora en la Calle de la Rosa 1, accesible desde la parada de&nbsp;<strong>Metro de Ant\u00f3n Mart\u00edn<\/strong>. \u201cAntes ven\u00eda gente de todas partes. De Alicante, de Andaluc\u00eda, de Valencia tambi\u00e9n&#8230;\u201d.Nos atiende&nbsp;<strong>Lucky<\/strong>, activista veterano y&nbsp;<strong>presidente de la Asociaci\u00f3n<\/strong>. \u201cHemos celebrado ediciones en las que participaban m\u00e1s de cien personas\u2026 este a\u00f1o, con el tema del cambio de local y el poco tiempo que hemos tenido para la difusi\u00f3n, quiz\u00e1s sea menor la concurrencia.\u201d&nbsp; Lucky nos explica el desarrollo que han tenido las ediciones,&nbsp;<strong>c\u00f3mo fueron pioneros en la celebraci\u00f3n de competiciones cann\u00e1bicas<\/strong>&nbsp;de este tipo en Espa\u00f1a,&nbsp;<strong>\u201csalimos en un mont\u00f3n de peri\u00f3dicos, en la tele\u2026 polic\u00eda por la calle, al presidente de aquel entonces le detuvieron\u2026<\/strong>&nbsp;Veinte a\u00f1os despu\u00e9s, hay un mont\u00f3n de copas por todos sitios, a nadie le extra\u00f1a ya que se organicen, incluso son medio profesionales\u201d.<\/p>\n\n\n\n<p>Accedemos a la parte baja del espacio mediante una empinada escalera. All\u00ed se encuentra&nbsp;<strong>David<\/strong>, encarg\u00e1ndose de supervisar y registrar los detalles de cada concursante. \u201cEl funcionamiento es sencillo:<strong>&nbsp;entregas 15 gramos y te damos una muestra de un gramo y medio de cada yerba<\/strong>&nbsp;participante. Tu muestra se reparte entre diez y t\u00fa recibes diez muestras. Se asigna un n\u00famero y se entrega una hoja para puntuar cada muestra. As\u00ed, cada concursante es jurado tambi\u00e9n. En tu hoja<strong>&nbsp;punt\u00faas distintas cosas, presencia, gusto y efecto<\/strong>. Tienes&nbsp;<strong>un mes para valorarlas tranquilamente<\/strong>, en tu casa o donde quieras. Luego, la gente nos trae o nos manda las fichas y nosotros hacemos las tablas y vemos qui\u00e9n gana\u201d resume Lucky.<\/p>\n\n\n\n<figure class=\"wp-block-image\"><img decoding=\"async\" src=\"https:\/\/www.cannabis.es\/web\/images\/copaamec6.jpg\" alt=\"copaamec6\"\/><\/figure>\n\n\n\n<p>La<strong>&nbsp;entrega de premios de hoy es un verdadero acontecimiento<\/strong>&nbsp;para esta peque\u00f1a comunidad cann\u00e1bica. Socias y socios van llegando paulatinamente al recinto adornado con bombillas de colores y donde ya&nbsp;<strong>suenan canciones de los Clash<\/strong>. Participantes charlan animadamente sobre los&nbsp;<strong>resultados de la cosecha de este a\u00f1o<\/strong>. Nacho, representante de una conocida marca de nutrientes, comenta sobre<strong>&nbsp;focos LED en su cultivo de interior<\/strong>&nbsp;mientras pasa un cohete de&nbsp;<strong>Gorilla Glue<\/strong>. Al parecer son luces bastante caras pero merecen la pena. Ha participado varias veces en el torneo, alz\u00e1ndose con el triunfo en el 2004<em>.&nbsp;<\/em>\u201cEste a\u00f1o no participo pero me gusta venir a hablar con la gente, ver qu\u00e9 se cuenta. Siempre se aprende algo\u201d, cuenta Nacho.<\/p>\n\n\n\n<p>Se habla de la&nbsp;<strong>escasa participaci\u00f3n de este a\u00f1o, que congrega a 20 \u00fanicos participantes<\/strong>. Llega Pedro, al que apodan&nbsp;<strong>\u201cMano Fina\u201d y que califican algunos como uno de los mayores expertos en cultivo de todo Madrid<\/strong>, junto quiz\u00e1s a J.C, un hombre de ojos claros tras lentes y pelo cano, que exhibe una sonrisa permanente. La gente estrecha las manos y rula los fasos a toda velocidad. \u201cHe tra\u00eddo distintas muestras, pero creo que deber\u00edas probar esta<strong>&nbsp;Bruce Banner<\/strong>. Los cogollos m\u00e1s duros y potentes que he probado nunca\u201d&nbsp; cuenta Pedro sacando una bolsa con distintas muestras. Llegan m\u00e1s personas, nos surten de suculentas viandas para aliviar el hambre. All\u00ed vemos&nbsp;<strong>tortillas de patata y trufas cann\u00e1bicas<\/strong>.<\/p>\n\n\n\n<p>Avanza la tarde y pronto son las nueve de la noche, momento en el cual pregunto por el concierto que estaba previsto y que se ha tenido que suspender. Seg\u00fan parece,<strong>&nbsp;un par de socios iban a interpretar unas piezas pero uno de los m\u00fasicos olvid\u00f3 el instrumento en casa.<\/strong><\/p>\n\n\n\n<p>Sobre las diez de la noche, comienza la&nbsp;<strong>entrega de premios<\/strong>. Sin pre\u00e1mbulos, Lucky se dispone con la clasificaci\u00f3n y va anunciando las yerbas ganadoras, las catadoras y catadores mejor valorados, y entregando los premios correspondientes.&nbsp;<strong>El tercer premio en Presencia se otorga a M.J, cultivadora y socia veterana, que se lo lleva presentando una Critical +<\/strong>. La muestra 217 arrasa en varias categor\u00edas con una fant\u00e1stica<strong>&nbsp;Lemon Skunk<\/strong>, alcanzando el&nbsp;<strong>segundo puesto general y una Blue Cheese consigue el tercero.<\/strong>&nbsp;Al fin,&nbsp;<strong>es una muestra de BCN Diesel la que se alza con el codiciado trofeo<\/strong>&nbsp;en la clasificaci\u00f3n general. Aunque el concursante no ha podido acudir esta noche, se lleva un fuerte aplauso de la asociaci\u00f3n, v\u00eda telem\u00e1tica.&nbsp;<\/p>\n\n\n\n<p><strong>Daniel M.G acaba de ganar cuatro premios en distintas categor\u00edas<\/strong>, entre ellas la de mejor catador. Describe el momento como contento, ha participado durante ocho a\u00f1os y&nbsp;<strong>es la primera vez que logra una clasificaci\u00f3n como \u00e9sta.<\/strong>&nbsp;\u201cEl puesto de mejor catador es una competici\u00f3n personal con el anterior campe\u00f3n\u201d me comenta entre risas. Asegura que los premios son estupendos, consistentes<strong>&nbsp;material de cultivo de los patrocinadores, semillas de prestigiosos bancos, kits para fumar\u2026<\/strong>&nbsp; Daniel no cree que haya competencia entre los cultivadores de la sierra y los del centro de la ciudad, \u201cse consiguen distintas calidades, mejores y peores\u201d. \u201cUna muestra al d\u00eda para no mezclar y ganas de fumar\u201d es la rutina que ha seguido como juez.<\/p>\n\n\n\n<p>La estancia, ahora con luz baja, est\u00e1 inundada de&nbsp;<strong>aromas de los distintos fenotipos que las socias y socios fuman o intercambian<\/strong>. Cogollos irradian colores radioactivos que van desde el verde fluorescente hasta el amarillo qu\u00edmico, pasando por rojo, morado, p\u00farpura, granate, hasta llegar al mismo ultravioleta, configurando un verdadero arco iris de olor y sabor. \u201cPin\u201d saca su arm\u00f3nica y sopla&nbsp;<strong>\u201cA House of Rising Sun\u201d de The Animals.<\/strong>&nbsp;Pregunto a Fernando, un hombre bajo de ojos rasgados si en alg\u00fan momento le ha puesto nombre a sus plantas. \u201cBueno, en un tiempo anterior s\u00ed que lo hac\u00edamos. Les pon\u00edamos nombres como<em>&nbsp;\u201cLa Pelusa\u201d&nbsp;<\/em>o<em>&nbsp;\u201cLa Roja\u201d<\/em>&nbsp;o<em>&nbsp;\u201cLa que coloca fuerte\u201d.&nbsp;<\/em>Ahora las plantas vienen con sus propios nombres\u201d, comenta mientras degustamos una&nbsp;<strong>sabrosa Haze<\/strong>.<\/p>\n\n\n\n<p>Tras una conversaci\u00f3n sobre fotograf\u00eda anal\u00f3gica con Marina, marcho de ese&nbsp;<strong>rinc\u00f3n de libertad en Madrid&nbsp;<a href=\"http:\/\/www.amec.org.es\/\">que es la AMEC<\/a><\/strong>. Dejo a las socias y socios en pleno arranque con un tango en&nbsp;<em><strong>karaoke.<\/strong><\/em>&nbsp;La competici\u00f3n se celebrar\u00e1 de nuevo este a\u00f1o, con m\u00e1s concursantes y nuevos fenotipos. Salgo con la sensaci\u00f3n de haber conocido a un grupo de personas estupendas que cuentan con una&nbsp;<strong>magn\u00edfica asociaci\u00f3n, abierta a toda persona con curiosidad e inquietudes en com\u00fan. La punta de lanza del activismo cann\u00e1bico en la capital.<\/strong><\/p>\n","protected":false},"excerpt":{"rendered":"<span class=\"span-reading-time rt-reading-time\" style=\"display: block;\"><span class=\"rt-label rt-prefix\">Tiempo de lectura:<\/span> <span class=\"rt-time\"> 4<\/span> <span class=\"rt-label rt-postfix\">minutos<\/span><\/span>La&nbsp;Asociaci\u00f3n Madrile\u00f1a de Estudios sobre el Cannabis&nbsp;fue fundada en el a\u00f1o 1995 y organizan&nbsp;la Marcha Mundial de la Marihuana&nbsp;en la capital. Adem\u00e1s, desde 1997 celebran la&nbsp;Copa de la Marihuana&nbsp;de la asociaci\u00f3n, que se ha convertido en uno de los torneos m\u00e1s prestigiosos de toda Espa\u00f1a.&nbsp;La AMEC&nbsp;nos abre las puertas para asistir al fallo del jurado [&hellip;]","protected":false},"author":1,"featured_media":2428,"comment_status":"closed","ping_status":"closed","sticky":false,"template":"","format":"standard","meta":{"loftocean-featured-post":"","loftocean_post_format_gallery":"","loftocean_post_format_gallery_ids":"","loftocean_post_format_gallery_urls":"","loftocean_post_format_video_id":"","loftocean_post_format_video_url":"","loftocean_post_format_video_type":"","loftocean_post_format_video":"","loftocean_post_format_audio_type":"","loftocean_post_format_audio_url":"","loftocean_post_format_audio_id":"","loftocean_post_format_audio":"","loftocean_post_format_quote_text":"","loftocean_post_format_quote_byline":"","loftocean_post_format_link_text":"","loftocean_post_format_link_url":"","ceramag_post_header_style":"","ceramag_enable_background_video":"","ceramag_show_in_top_slider":"","ceramag_post_background_video_start":"","ceramag_post_background_video_end":"","loftocean_page_background_video_id":"","loftocean_page_background_video_url":"","loftocean_page_background_video_type":"","loftocean_page_background_video":"","ceramag_background_video_start":"","ceramag_background_video_end":"","ceramag_single_page_hide_header":"","footnotes":""},"categories":[35,34],"tags":[975,610,528,1044,517,1045,61],"class_list":["post-2427","post","type-post","status-publish","format-standard","has-post-thumbnail","hentry","category-politica-y-sociedad","category-reportajes","tag-amec","tag-asociacion","tag-asociacion-cannabica","tag-cannabis-social-club","tag-copa-cannabica","tag-copa-de-marihuana","tag-cultivo"],"yoast_head":"<!-- This site is optimized with the Yoast SEO plugin v24.9 - https:\/\/yoast.com\/wordpress\/plugins\/seo\/ -->\n<title>XII Copa de la Marihuana de la AMEC 2018<\/title>\n<meta name=\"description\" content=\"Entrada &#8226; Portal multimedia sobre cannabis y otras sustancias &#8226; 29 enero, 2018\" \/>\n<meta name=\"robots\" content=\"index, follow, max-snippet:-1, max-image-preview:large, max-video-preview:-1\" \/>\n<link rel=\"canonical\" href=\"https:\/\/www.cannabis.es\/pw\/2018\/01\/29\/xii-copa-de-la-marihuana-de-la-amec-2018\/\" \/>\n<meta name=\"twitter:card\" content=\"summary_large_image\" \/>\n<meta name=\"twitter:title\" content=\"XII Copa de la Marihuana de la AMEC 2018\" \/>\n<meta name=\"twitter:description\" content=\"Entrada &#8226; Portal multimedia sobre cannabis y otras sustancias &#8226; 29 enero, 2018\" \/>\n<meta name=\"twitter:image\" content=\"https:\/\/www.cannabis.es\/pw\/wp-content\/uploads\/2020\/05\/portadacopabeni.jpg\" \/>\n<meta name=\"twitter:creator\" content=\"@cannabis_es\" \/>\n<meta name=\"twitter:site\" content=\"@cannabis_es\" \/>\n<meta name=\"twitter:label1\" content=\"Escrito por\" \/>\n\t<meta name=\"twitter:data1\" content=\"Cannabis.es\" \/>\n\t<meta name=\"twitter:label2\" content=\"Tiempo de lectura\" \/>\n\t<meta name=\"twitter:data2\" content=\"6 minutos\" \/>\n<script type=\"application\/ld+json\" class=\"yoast-schema-graph\">{\"@context\":\"https:\/\/schema.org\",\"@graph\":[{\"@type\":\"Article\",\"@id\":\"https:\/\/www.cannabis.es\/pw\/2018\/01\/29\/xii-copa-de-la-marihuana-de-la-amec-2018\/#article\",\"isPartOf\":{\"@id\":\"https:\/\/www.cannabis.es\/pw\/2018\/01\/29\/xii-copa-de-la-marihuana-de-la-amec-2018\/\"},\"author\":{\"name\":\"Cannabis.es\",\"@id\":\"https:\/\/www.cannabis.es\/pw\/#\/schema\/person\/e2fbd204580cf4fe74c79b82bc447374\"},\"headline\":\"XII Copa de la Marihuana de la AMEC 2018\",\"datePublished\":\"2018-01-29T16:12:27+00:00\",\"dateModified\":\"2020-10-16T11:05:25+00:00\",\"mainEntityOfPage\":{\"@id\":\"https:\/\/www.cannabis.es\/pw\/2018\/01\/29\/xii-copa-de-la-marihuana-de-la-amec-2018\/\"},\"wordCount\":1246,\"publisher\":{\"@id\":\"https:\/\/www.cannabis.es\/pw\/#organization\"},\"image\":{\"@id\":\"https:\/\/www.cannabis.es\/pw\/2018\/01\/29\/xii-copa-de-la-marihuana-de-la-amec-2018\/#primaryimage\"},\"thumbnailUrl\":\"https:\/\/www.cannabis.es\/pw\/wp-content\/uploads\/2020\/05\/portadacopabeni.jpg\",\"keywords\":[\"AMEC\",\"asociaci\u00f3n\",\"asociaci\u00f3n cann\u00e1bica\",\"Cannabis Social Club\",\"copa cann\u00e1bica\",\"copa de marihuana\",\"cultivo\"],\"articleSection\":[\"Pol\u00edtica y Sociedad\",\"Reportajes\"],\"inLanguage\":\"es\"},{\"@type\":\"WebPage\",\"@id\":\"https:\/\/www.cannabis.es\/pw\/2018\/01\/29\/xii-copa-de-la-marihuana-de-la-amec-2018\/\",\"url\":\"https:\/\/www.cannabis.es\/pw\/2018\/01\/29\/xii-copa-de-la-marihuana-de-la-amec-2018\/\",\"name\":\"XII Copa de la Marihuana de la AMEC 2018\",\"isPartOf\":{\"@id\":\"https:\/\/www.cannabis.es\/pw\/#website\"},\"primaryImageOfPage\":{\"@id\":\"https:\/\/www.cannabis.es\/pw\/2018\/01\/29\/xii-copa-de-la-marihuana-de-la-amec-2018\/#primaryimage\"},\"image\":{\"@id\":\"https:\/\/www.cannabis.es\/pw\/2018\/01\/29\/xii-copa-de-la-marihuana-de-la-amec-2018\/#primaryimage\"},\"thumbnailUrl\":\"https:\/\/www.cannabis.es\/pw\/wp-content\/uploads\/2020\/05\/portadacopabeni.jpg\",\"datePublished\":\"2018-01-29T16:12:27+00:00\",\"dateModified\":\"2020-10-16T11:05:25+00:00\",\"description\":\"Entrada &#8226; Portal multimedia sobre cannabis y otras sustancias &#8226; 29 enero, 2018\",\"breadcrumb\":{\"@id\":\"https:\/\/www.cannabis.es\/pw\/2018\/01\/29\/xii-copa-de-la-marihuana-de-la-amec-2018\/#breadcrumb\"},\"inLanguage\":\"es\",\"potentialAction\":[{\"@type\":\"ReadAction\",\"target\":[\"https:\/\/www.cannabis.es\/pw\/2018\/01\/29\/xii-copa-de-la-marihuana-de-la-amec-2018\/\"]}]},{\"@type\":\"ImageObject\",\"inLanguage\":\"es\",\"@id\":\"https:\/\/www.cannabis.es\/pw\/2018\/01\/29\/xii-copa-de-la-marihuana-de-la-amec-2018\/#primaryimage\",\"url\":\"https:\/\/www.cannabis.es\/pw\/wp-content\/uploads\/2020\/05\/portadacopabeni.jpg\",\"contentUrl\":\"https:\/\/www.cannabis.es\/pw\/wp-content\/uploads\/2020\/05\/portadacopabeni.jpg\",\"width\":959,\"height\":475},{\"@type\":\"BreadcrumbList\",\"@id\":\"https:\/\/www.cannabis.es\/pw\/2018\/01\/29\/xii-copa-de-la-marihuana-de-la-amec-2018\/#breadcrumb\",\"itemListElement\":[{\"@type\":\"ListItem\",\"position\":1,\"name\":\"Portada\",\"item\":\"http:\/\/www.cannabis.es\/pw\/\"},{\"@type\":\"ListItem\",\"position\":2,\"name\":\"XII Copa de la Marihuana de la AMEC 2018\"}]},{\"@type\":\"WebSite\",\"@id\":\"https:\/\/www.cannabis.es\/pw\/#website\",\"url\":\"https:\/\/www.cannabis.es\/pw\/\",\"name\":\"Cannabis\",\"description\":\"Portal multimedia sobre cannabis y otras sustancias\",\"publisher\":{\"@id\":\"https:\/\/www.cannabis.es\/pw\/#organization\"},\"potentialAction\":[{\"@type\":\"SearchAction\",\"target\":{\"@type\":\"EntryPoint\",\"urlTemplate\":\"https:\/\/www.cannabis.es\/pw\/?s={search_term_string}\"},\"query-input\":{\"@type\":\"PropertyValueSpecification\",\"valueRequired\":true,\"valueName\":\"search_term_string\"}}],\"inLanguage\":\"es\"},{\"@type\":\"Organization\",\"@id\":\"https:\/\/www.cannabis.es\/pw\/#organization\",\"name\":\"Cannabis.es\",\"url\":\"https:\/\/www.cannabis.es\/pw\/\",\"logo\":{\"@type\":\"ImageObject\",\"inLanguage\":\"es\",\"@id\":\"https:\/\/www.cannabis.es\/pw\/#\/schema\/logo\/image\/\",\"url\":\"https:\/\/www.cannabis.es\/pw\/wp-content\/uploads\/2019\/04\/cropped-logo_cannabis.png\",\"contentUrl\":\"https:\/\/www.cannabis.es\/pw\/wp-content\/uploads\/2019\/04\/cropped-logo_cannabis.png\",\"width\":361,\"height\":120,\"caption\":\"Cannabis.es\"},\"image\":{\"@id\":\"https:\/\/www.cannabis.es\/pw\/#\/schema\/logo\/image\/\"},\"sameAs\":[\"https:\/\/x.com\/cannabis_es\"]},{\"@type\":\"Person\",\"@id\":\"https:\/\/www.cannabis.es\/pw\/#\/schema\/person\/e2fbd204580cf4fe74c79b82bc447374\",\"name\":\"Cannabis.es\",\"image\":{\"@type\":\"ImageObject\",\"inLanguage\":\"es\",\"@id\":\"https:\/\/www.cannabis.es\/pw\/#\/schema\/person\/image\/\",\"url\":\"https:\/\/secure.gravatar.com\/avatar\/4375b1eb6e272e2e48a4b8a8def52e5f208151f555bb5906da616906ee6dd2e8?s=96&d=mm&r=g\",\"contentUrl\":\"https:\/\/secure.gravatar.com\/avatar\/4375b1eb6e272e2e48a4b8a8def52e5f208151f555bb5906da616906ee6dd2e8?s=96&d=mm&r=g\",\"caption\":\"Cannabis.es\"},\"url\":\"https:\/\/www.cannabis.es\/pw\/author\/cannabis\/\"}]}<\/script>\n<!-- \/ Yoast SEO plugin. -->","yoast_head_json":{"title":"XII Copa de la Marihuana de la AMEC 2018","description":"Entrada &#8226; Portal multimedia sobre cannabis y otras sustancias &#8226; 29 enero, 2018","robots":{"index":"index","follow":"follow","max-snippet":"max-snippet:-1","max-image-preview":"max-image-preview:large","max-video-preview":"max-video-preview:-1"},"canonical":"https:\/\/www.cannabis.es\/pw\/2018\/01\/29\/xii-copa-de-la-marihuana-de-la-amec-2018\/","twitter_card":"summary_large_image","twitter_title":"XII Copa de la Marihuana de la AMEC 2018","twitter_description":"Entrada &#8226; Portal multimedia sobre cannabis y otras sustancias &#8226; 29 enero, 2018","twitter_image":"https:\/\/www.cannabis.es\/pw\/wp-content\/uploads\/2020\/05\/portadacopabeni.jpg","twitter_creator":"@cannabis_es","twitter_site":"@cannabis_es","twitter_misc":{"Escrito por":"Cannabis.es","Tiempo de lectura":"6 minutos"},"schema":{"@context":"https:\/\/schema.org","@graph":[{"@type":"Article","@id":"https:\/\/www.cannabis.es\/pw\/2018\/01\/29\/xii-copa-de-la-marihuana-de-la-amec-2018\/#article","isPartOf":{"@id":"https:\/\/www.cannabis.es\/pw\/2018\/01\/29\/xii-copa-de-la-marihuana-de-la-amec-2018\/"},"author":{"name":"Cannabis.es","@id":"https:\/\/www.cannabis.es\/pw\/#\/schema\/person\/e2fbd204580cf4fe74c79b82bc447374"},"headline":"XII Copa de la Marihuana de la AMEC 2018","datePublished":"2018-01-29T16:12:27+00:00","dateModified":"2020-10-16T11:05:25+00:00","mainEntityOfPage":{"@id":"https:\/\/www.cannabis.es\/pw\/2018\/01\/29\/xii-copa-de-la-marihuana-de-la-amec-2018\/"},"wordCount":1246,"publisher":{"@id":"https:\/\/www.cannabis.es\/pw\/#organization"},"image":{"@id":"https:\/\/www.cannabis.es\/pw\/2018\/01\/29\/xii-copa-de-la-marihuana-de-la-amec-2018\/#primaryimage"},"thumbnailUrl":"https:\/\/www.cannabis.es\/pw\/wp-content\/uploads\/2020\/05\/portadacopabeni.jpg","keywords":["AMEC","asociaci\u00f3n","asociaci\u00f3n cann\u00e1bica","Cannabis Social Club","copa cann\u00e1bica","copa de marihuana","cultivo"],"articleSection":["Pol\u00edtica y Sociedad","Reportajes"],"inLanguage":"es"},{"@type":"WebPage","@id":"https:\/\/www.cannabis.es\/pw\/2018\/01\/29\/xii-copa-de-la-marihuana-de-la-amec-2018\/","url":"https:\/\/www.cannabis.es\/pw\/2018\/01\/29\/xii-copa-de-la-marihuana-de-la-amec-2018\/","name":"XII Copa de la Marihuana de la AMEC 2018","isPartOf":{"@id":"https:\/\/www.cannabis.es\/pw\/#website"},"primaryImageOfPage":{"@id":"https:\/\/www.cannabis.es\/pw\/2018\/01\/29\/xii-copa-de-la-marihuana-de-la-amec-2018\/#primaryimage"},"image":{"@id":"https:\/\/www.cannabis.es\/pw\/2018\/01\/29\/xii-copa-de-la-marihuana-de-la-amec-2018\/#primaryimage"},"thumbnailUrl":"https:\/\/www.cannabis.es\/pw\/wp-content\/uploads\/2020\/05\/portadacopabeni.jpg","datePublished":"2018-01-29T16:12:27+00:00","dateModified":"2020-10-16T11:05:25+00:00","description":"Entrada &#8226; Portal multimedia sobre cannabis y otras sustancias &#8226; 29 enero, 2018","breadcrumb":{"@id":"https:\/\/www.cannabis.es\/pw\/2018\/01\/29\/xii-copa-de-la-marihuana-de-la-amec-2018\/#breadcrumb"},"inLanguage":"es","potentialAction":[{"@type":"ReadAction","target":["https:\/\/www.cannabis.es\/pw\/2018\/01\/29\/xii-copa-de-la-marihuana-de-la-amec-2018\/"]}]},{"@type":"ImageObject","inLanguage":"es","@id":"https:\/\/www.cannabis.es\/pw\/2018\/01\/29\/xii-copa-de-la-marihuana-de-la-amec-2018\/#primaryimage","url":"https:\/\/www.cannabis.es\/pw\/wp-content\/uploads\/2020\/05\/portadacopabeni.jpg","contentUrl":"https:\/\/www.cannabis.es\/pw\/wp-content\/uploads\/2020\/05\/portadacopabeni.jpg","width":959,"height":475},{"@type":"BreadcrumbList","@id":"https:\/\/www.cannabis.es\/pw\/2018\/01\/29\/xii-copa-de-la-marihuana-de-la-amec-2018\/#breadcrumb","itemListElement":[{"@type":"ListItem","position":1,"name":"Portada","item":"http:\/\/www.cannabis.es\/pw\/"},{"@type":"ListItem","position":2,"name":"XII Copa de la Marihuana de la AMEC 2018"}]},{"@type":"WebSite","@id":"https:\/\/www.cannabis.es\/pw\/#website","url":"https:\/\/www.cannabis.es\/pw\/","name":"Cannabis","description":"Portal multimedia sobre cannabis y otras sustancias","publisher":{"@id":"https:\/\/www.cannabis.es\/pw\/#organization"},"potentialAction":[{"@type":"SearchAction","target":{"@type":"EntryPoint","urlTemplate":"https:\/\/www.cannabis.es\/pw\/?s={search_term_string}"},"query-input":{"@type":"PropertyValueSpecification","valueRequired":true,"valueName":"search_term_string"}}],"inLanguage":"es"},{"@type":"Organization","@id":"https:\/\/www.cannabis.es\/pw\/#organization","name":"Cannabis.es","url":"https:\/\/www.cannabis.es\/pw\/","logo":{"@type":"ImageObject","inLanguage":"es","@id":"https:\/\/www.cannabis.es\/pw\/#\/schema\/logo\/image\/","url":"https:\/\/www.cannabis.es\/pw\/wp-content\/uploads\/2019\/04\/cropped-logo_cannabis.png","contentUrl":"https:\/\/www.cannabis.es\/pw\/wp-content\/uploads\/2019\/04\/cropped-logo_cannabis.png","width":361,"height":120,"caption":"Cannabis.es"},"image":{"@id":"https:\/\/www.cannabis.es\/pw\/#\/schema\/logo\/image\/"},"sameAs":["https:\/\/x.com\/cannabis_es"]},{"@type":"Person","@id":"https:\/\/www.cannabis.es\/pw\/#\/schema\/person\/e2fbd204580cf4fe74c79b82bc447374","name":"Cannabis.es","image":{"@type":"ImageObject","inLanguage":"es","@id":"https:\/\/www.cannabis.es\/pw\/#\/schema\/person\/image\/","url":"https:\/\/secure.gravatar.com\/avatar\/4375b1eb6e272e2e48a4b8a8def52e5f208151f555bb5906da616906ee6dd2e8?s=96&d=mm&r=g","contentUrl":"https:\/\/secure.gravatar.com\/avatar\/4375b1eb6e272e2e48a4b8a8def52e5f208151f555bb5906da616906ee6dd2e8?s=96&d=mm&r=g","caption":"Cannabis.es"},"url":"https:\/\/www.cannabis.es\/pw\/author\/cannabis\/"}]}},"_links":{"self":[{"href":"https:\/\/www.cannabis.es\/pw\/wp-json\/wp\/v2\/posts\/2427","targetHints":{"allow":["GET"]}}],"collection":[{"href":"https:\/\/www.cannabis.es\/pw\/wp-json\/wp\/v2\/posts"}],"about":[{"href":"https:\/\/www.cannabis.es\/pw\/wp-json\/wp\/v2\/types\/post"}],"author":[{"embeddable":true,"href":"https:\/\/www.cannabis.es\/pw\/wp-json\/wp\/v2\/users\/1"}],"replies":[{"embeddable":true,"href":"https:\/\/www.cannabis.es\/pw\/wp-json\/wp\/v2\/comments?post=2427"}],"version-history":[{"count":3,"href":"https:\/\/www.cannabis.es\/pw\/wp-json\/wp\/v2\/posts\/2427\/revisions"}],"predecessor-version":[{"id":5005,"href":"https:\/\/www.cannabis.es\/pw\/wp-json\/wp\/v2\/posts\/2427\/revisions\/5005"}],"wp:featuredmedia":[{"embeddable":true,"href":"https:\/\/www.cannabis.es\/pw\/wp-json\/wp\/v2\/media\/2428"}],"wp:attachment":[{"href":"https:\/\/www.cannabis.es\/pw\/wp-json\/wp\/v2\/media?parent=2427"}],"wp:term":[{"taxonomy":"category","embeddable":true,"href":"https:\/\/www.cannabis.es\/pw\/wp-json\/wp\/v2\/categories?post=2427"},{"taxonomy":"post_tag","embeddable":true,"href":"https:\/\/www.cannabis.es\/pw\/wp-json\/wp\/v2\/tags?post=2427"}],"curies":[{"name":"wp","href":"https:\/\/api.w.org\/{rel}","templated":true}]}}