{"id":2443,"date":"2018-01-10T17:21:21","date_gmt":"2018-01-10T16:21:21","guid":{"rendered":"http:\/\/www.cannabis.es\/pw\/?p=2443"},"modified":"2020-11-13T13:42:45","modified_gmt":"2020-11-13T12:42:45","slug":"hugo-madera-queremos-defender-el-autocultivo-con-cantidades-inclusivas","status":"publish","type":"post","link":"https:\/\/www.cannabis.es\/pw\/2018\/01\/10\/hugo-madera-queremos-defender-el-autocultivo-con-cantidades-inclusivas\/","title":{"rendered":"Hugo Madera: \u00abQueremos defender el autocultivo con cantidades inclusivas\u00bb"},"content":{"rendered":"\n<p><strong>Entrevistamos a&nbsp;Hugo Madera sobre el \u00abObservatorio Europeo de Consumo y Cultivo de Cannabis\u00bb.<\/strong><\/p>\n\n\n\n<p>La finalidad de esta entrevista es dar a conocer este&nbsp;<strong>nuevo proyecto<\/strong>, as\u00ed que vamos all\u00e1 con las preguntas sin m\u00e1s.<\/p>\n\n\n\n<hr class=\"wp-block-separator\"\/>\n\n\n\n<p><strong>1). \u00bfQui\u00e9nes sois? \u00bfDe d\u00f3nde ven\u00eds? Contadnos vuestras trayectorias previas.<\/strong><\/p>\n\n\n\n<p>Somos personas que proponemos pol\u00edticas m\u00e1s eficaces para tratar sobre el&nbsp;&nbsp;<strong>autocultivo<\/strong>&nbsp;y uso del&nbsp;<strong>cannabis<\/strong>, adem\u00e1s de los inconstitucionales&nbsp;<strong>drogotest<\/strong>. Venimos del mundo del&nbsp;<strong>autocultivo<\/strong>, tanto a nivel pr\u00e1ctico, como jur\u00eddico, hist\u00f3rico, cient\u00edfico y sociol\u00f3gico. En estos momentos yo&nbsp; presido el&nbsp;<strong>OECCC<\/strong>, el portavoz y tesorero es&nbsp;<strong>H\u00e9ctor Brotons, Juan&nbsp; Elorriaga de Diosa Planta<\/strong>&nbsp;es el secretario, aparte hay m\u00e1s socios. Vamos&nbsp; a realizar en &nbsp;breve una reuni\u00f3n de la Junta Directiva para incorporar&nbsp; nuevos cargos de forma oficial.&nbsp; H\u00e9ctor tiene m\u00e1s de 1200 casos de&nbsp;<strong>autocultivadores<\/strong>&nbsp;absueltos, adem\u00e1s de&nbsp; casos recientes muy relevante para el&nbsp;<strong>autocultivo<\/strong>&nbsp;y uso, como el caso&nbsp;&nbsp;<strong>Pannagh<\/strong>&nbsp;donde se hace referencia al&nbsp;<strong>autocultivo<\/strong>, el reciente caso de dos&nbsp;&nbsp;<strong>autocultivadores<\/strong>&nbsp;<strong>medicinales<\/strong>&nbsp;absueltos con 22 kilos o su trabajo para&nbsp; recurrir los&nbsp;<strong>drogotest<\/strong>&nbsp;al&nbsp; Tribunal Constitucional. Juan es soci\u00f3logo y&nbsp; tiene 20 a\u00f1os de experiencia en&nbsp;<strong>autocultivo<\/strong>, adem\u00e1s de una larga&nbsp; trayectoria en la industria del&nbsp;<strong>autocultivo<\/strong>&nbsp;con su tienda y&nbsp; distribuidora.&nbsp;&nbsp; Yo soy periodista y soci\u00f3logo, dirijo Soft Secrets y he&nbsp; sido fundador de asociaciones de referencia, como&nbsp;<strong>AICC&nbsp;<\/strong>que mantiene el&nbsp;<strong>cannabiscaf\u00e9<\/strong>, la&nbsp;<strong>FAC, Regulaci\u00f3n Responsable, UCANN y Manifestaci\u00f3n, con 20 a\u00f1os de experiencia en autocultivo.<\/strong><\/p>\n\n\n\n<p><strong>2). \u00bfPor qu\u00e9 crear el OECCC? \u00bfCu\u00e1l es vuestro objetivo?<\/strong><\/p>\n\n\n\n<p>Defender el&nbsp;<strong>autocultivo<\/strong>&nbsp;y los&nbsp;<strong>autocultivadores&nbsp;<\/strong>con cantidades inclusivas que no dejen personas fuera de la regulaci\u00f3n, tras muchos a\u00f1os de lucha.&nbsp; Sin&nbsp;<strong>autocultivo<\/strong>&nbsp;inclusivo habr\u00e1 exclusi\u00f3n, oligopolios, mercado negro y&nbsp; precio caros. Muy importante eliminar las masivas multas por tenencias&nbsp; que violan derechos constitucionales de las personas, la tenencia y el&nbsp; consumo no deber\u00edan sancionarse. Tambi\u00e9n consideramos que los actuales&nbsp;&nbsp;<strong>drogotest<\/strong>&nbsp;son anticonstitucionales, por lo que los recurriremos al&nbsp; Tribunal Constitucional.<\/p>\n\n\n\n<p><strong>3)&nbsp;<\/strong><strong>\u00bfCu\u00e1l es la diferencia con los ya existentes Observatorios de Cannabis?<\/strong><\/p>\n\n\n\n<p>No&nbsp; hay ning\u00fan \u201c<strong>Observatorio<\/strong>&nbsp;<strong>del<\/strong>&nbsp;<strong>Cannabis<\/strong>\u201d con ese nombre concreto. Si hay&nbsp; varios&nbsp;<strong>Observatorios<\/strong>&nbsp;relacionados. El primer&nbsp;<strong>observatorio<\/strong>&nbsp;civil del&nbsp; cannabis en Espa\u00f1a lo fundamos Pablo Solana, otros activistas y yo mismo&nbsp; sobre el a\u00f1o 2005, lo llamamos&nbsp;<strong>Observatorio Espa\u00f1ol del Cannabis<\/strong>, la&nbsp; idea la cogimos&nbsp;&nbsp;<strong>del Observatorio Geopol\u00edtico de Drogas<\/strong>, fundado por Alain Labrousse y ya desaparecido. Luego est\u00e1 el&nbsp;<strong>Observatorio Civil de&nbsp; Drogas<\/strong>&nbsp;que&nbsp; son los promotores de&nbsp;<strong>la ILP catalana de la Rosa Verde<\/strong>, el&nbsp;&nbsp;<strong>Observatorio Vasco del Cannabis<\/strong>&nbsp;que es un informe trianual que publica la&nbsp;<strong>Fundaci\u00f3n Renovatio<\/strong>&nbsp;y el&nbsp;<strong>Observatorio Espa\u00f1ol del Cannabis Medicinal<\/strong>&nbsp; centrado en el&nbsp;<strong>cannabis<\/strong>&nbsp;<strong>medicinal<\/strong>. El&nbsp;<strong>Observatorio Europeo de Cultivo y Consumo<\/strong>,&nbsp;<strong>OECCC<\/strong>, trabajamos sobre&nbsp; todo en el&nbsp;<strong>autocultivo<\/strong>, las multas por tenencia y uso, as\u00ed como las del&nbsp;&nbsp;<strong>drogotest<\/strong>. Pensamos que es importante que en la Regulaci\u00f3n haya actores&nbsp; centrados en el uso y autocultivo, pues son las demandas que cuentan con&nbsp; mayor base social, legal e hist\u00f3rica. Es urgente la regulaci\u00f3n del&nbsp;&nbsp;<strong>autocultivo<\/strong>.<\/p>\n\n\n\n<p><strong>&nbsp;4) \u00bfEs un proyecto abierto a la participaci\u00f3n de los usuarios de cannabis? Si es as\u00ed, \u00bfc\u00f3mo se puede participar?&nbsp;<\/strong><\/p>\n\n\n\n<p>Por supuesto que est\u00e1 abierto. Ya antes de hacer el borrador de nuestro&nbsp; proyecto de&nbsp;<strong>ley<\/strong>&nbsp;hicimos una encuesta entre usuarios y&nbsp;<strong>autocultivadores<\/strong>&nbsp; para detectar sus necesidades. Antes de publicar el&nbsp;<strong>Proyecto de Ley<\/strong>&nbsp; definitivo vamos a hacer una gran encuesta para ver las opiniones sobre &nbsp;el borrador de usuarios y&nbsp;<strong>cultivadores<\/strong>. Una forma f\u00e1cil de participar&nbsp; ser\u00e1 participar en esta encuesta o tambi\u00e9n los que se quieran implicar&nbsp; m\u00e1s podr\u00e1n recoger encuestas.&nbsp; Los usuarios y&nbsp;<strong>autocultivadores<\/strong>&nbsp;que sientan que pueden aportar algo m\u00e1s&nbsp; al proyecto se pueden hacer socios o simpatizantes, buscamos sobre todo&nbsp; personas con conocimientos del campo del&nbsp;<strong>autocultivo<\/strong>&nbsp;desde distintas&nbsp; disciplinas cient\u00edficas y humanistas para colaborar en nuestras&nbsp; propuestas y&nbsp;<strong>Proyecto<\/strong>&nbsp;<strong>de Ley<\/strong>. Tambi\u00e9n gente que quiera difundir en las&nbsp; redes sociales o recoger encuestas o que sienta que tiene algo que aportar.<\/p>\n\n\n\n<p><strong>&nbsp;5) \u00bfCu\u00e1les ser\u00e1n vuestras acciones concretas para el a\u00f1o 2018?&nbsp;<\/strong><\/p>\n\n\n\n<p>Vamos a sacar un borrador de&nbsp;<strong>Proyecto de Ley de autocultivo y uso del&nbsp; cannabis&nbsp;<\/strong>a principios de a\u00f1o, luego haremos una&nbsp;<strong>gran encuesta<\/strong>&nbsp;para ver la acogida de usuarios y&nbsp;<strong>autocultivadores<\/strong>&nbsp;y publicaremos la propuesta de&nbsp;&nbsp;<strong>Proyecto de Ley definitiva<\/strong>. Esta es la l\u00ednea de trabajo principal.<\/p>\n\n\n\n<p>Adem\u00e1s, hay otras v\u00edas planteadas como&nbsp;<strong>convenios de colaboraci\u00f3n con&nbsp; otras asociaciones que necesiten informaci\u00f3n sobre autocultivo,&nbsp; preguntas al Parlamento&nbsp;<\/strong>para obtener informaci\u00f3n y trabajo por la v\u00eda de&nbsp; hechos jur\u00eddicos, como el planteamiento de&nbsp;<strong>recursos de inconstitucionalidad al drogotest.<\/strong><\/p>\n\n\n\n<p><strong>6). \u00bfAlgo m\u00e1s que a\u00f1adir?<\/strong><\/p>\n\n\n\n<p>&nbsp;Que es la hora de un&nbsp;<strong>Proyecto de Ley de autocultivo y uso del cannabis<\/strong>,&nbsp; ser\u00e1 un gran primer paso hacia una regulaci\u00f3n integral. Ya hay acumulada&nbsp; una gran cantidad de jurisprudencia al respecto, adem\u00e1s de aceptaci\u00f3n&nbsp; social y un largo recorrido hist\u00f3rico. Pedimos para ello ayuda a todas las personas que cultivan y usan el&nbsp;<strong>cannabis<\/strong>, as\u00ed como a la industria&nbsp; del&nbsp;<strong>autocultivo<\/strong>. Ahora es el momento de un Proyecto de&nbsp;<strong>Ley<\/strong>&nbsp;<strong>del<\/strong>&nbsp;&nbsp;<strong>autocultivo<\/strong>&nbsp;y uso del&nbsp;<strong>cannabis<\/strong>&nbsp;inclusivo y generoso, este&nbsp;<strong>Proyecto de&nbsp; Ley va a ser nuestra prioridad.<\/strong>&nbsp;<\/p>\n\n\n\n<p><strong>Gracias por tu tiempo y suerte con el nuevo poryecto.<\/strong><\/p>\n\n\n\n<p><strong>M\u00e1s informaci\u00f3n:&nbsp;<a href=\"http:\/\/observatoriocannabis.com\/\">http:\/\/observatoriocannabis.com\/<\/a>&nbsp;<br><\/strong><\/p>\n","protected":false},"excerpt":{"rendered":"<span class=\"span-reading-time rt-reading-time\" style=\"display: block;\"><span class=\"rt-label rt-prefix\">Tiempo de lectura:<\/span> <span class=\"rt-time\"> 3<\/span> <span class=\"rt-label rt-postfix\">minutos<\/span><\/span>Entrevistamos a&nbsp;Hugo Madera sobre el \u00abObservatorio Europeo de Consumo y Cultivo de Cannabis\u00bb. La finalidad de esta entrevista es dar a conocer este&nbsp;nuevo proyecto, as\u00ed que vamos all\u00e1 con las preguntas sin m\u00e1s. 1). \u00bfQui\u00e9nes sois? \u00bfDe d\u00f3nde ven\u00eds? Contadnos vuestras trayectorias previas. Somos personas que proponemos pol\u00edticas m\u00e1s eficaces para tratar sobre el&nbsp;&nbsp;autocultivo&nbsp;y uso [&hellip;]","protected":false},"author":1,"featured_media":2444,"comment_status":"closed","ping_status":"closed","sticky":false,"template":"","format":"standard","meta":{"loftocean-featured-post":"","loftocean_post_format_gallery":"","loftocean_post_format_gallery_ids":"","loftocean_post_format_gallery_urls":"","loftocean_post_format_video_id":"","loftocean_post_format_video_url":"","loftocean_post_format_video_type":"","loftocean_post_format_video":"","loftocean_post_format_audio_type":"","loftocean_post_format_audio_url":"","loftocean_post_format_audio_id":"","loftocean_post_format_audio":"","loftocean_post_format_quote_text":"","loftocean_post_format_quote_byline":"","loftocean_post_format_link_text":"","loftocean_post_format_link_url":"","ceramag_post_header_style":"","ceramag_enable_background_video":"","ceramag_show_in_top_slider":"","ceramag_post_background_video_start":"","ceramag_post_background_video_end":"","loftocean_page_background_video_id":"","loftocean_page_background_video_url":"","loftocean_page_background_video_type":"","loftocean_page_background_video":"","ceramag_background_video_start":"","ceramag_background_video_end":"","ceramag_single_page_hide_header":"","footnotes":""},"categories":[33],"tags":[66,41,52,1058,61,1056,716,1053,1055,687,1057,1054],"class_list":["post-2443","post","type-post","status-publish","format-standard","has-post-thumbnail","hentry","category-entrevistas","tag-autocultivo","tag-cannabis","tag-cannabis-medicinal","tag-consumidores-cannabis","tag-cultivo","tag-drogoest","tag-entrevista","tag-fundacion-renovatio","tag-hugo-madera","tag-observatorio-espanol-del-cannabis-medicinal","tag-observatorio-vasco-del-cannabis","tag-soft-secrets"],"yoast_head":"<!-- This site is optimized with the Yoast SEO plugin v24.9 - https:\/\/yoast.com\/wordpress\/plugins\/seo\/ -->\n<title>Hugo Madera: &quot;Queremos defender el autocultivo con cantidades inclusivas&quot;<\/title>\n<meta name=\"description\" content=\"Entrada &#8226; Portal multimedia sobre cannabis y otras sustancias &#8226; 10 enero, 2018\" \/>\n<meta name=\"robots\" content=\"index, follow, max-snippet:-1, max-image-preview:large, max-video-preview:-1\" \/>\n<link rel=\"canonical\" href=\"https:\/\/www.cannabis.es\/pw\/2018\/01\/10\/hugo-madera-queremos-defender-el-autocultivo-con-cantidades-inclusivas\/\" \/>\n<meta name=\"twitter:card\" content=\"summary_large_image\" \/>\n<meta name=\"twitter:title\" content=\"Hugo Madera: &quot;Queremos defender el autocultivo con cantidades inclusivas&quot;\" \/>\n<meta name=\"twitter:description\" content=\"Entrada &#8226; Portal multimedia sobre cannabis y otras sustancias &#8226; 10 enero, 2018\" \/>\n<meta name=\"twitter:image\" content=\"https:\/\/www.cannabis.es\/pw\/wp-content\/uploads\/2020\/05\/Observatorio_Europeo_de_Cultivo_y_Consumo_de_Cannabis_Medicinal.jpg\" \/>\n<meta name=\"twitter:creator\" content=\"@cannabis_es\" \/>\n<meta name=\"twitter:site\" content=\"@cannabis_es\" \/>\n<meta name=\"twitter:label1\" content=\"Escrito por\" \/>\n\t<meta name=\"twitter:data1\" content=\"Cannabis.es\" \/>\n\t<meta name=\"twitter:label2\" content=\"Tiempo de lectura\" \/>\n\t<meta name=\"twitter:data2\" content=\"5 minutos\" \/>\n<script type=\"application\/ld+json\" class=\"yoast-schema-graph\">{\"@context\":\"https:\/\/schema.org\",\"@graph\":[{\"@type\":\"Article\",\"@id\":\"https:\/\/www.cannabis.es\/pw\/2018\/01\/10\/hugo-madera-queremos-defender-el-autocultivo-con-cantidades-inclusivas\/#article\",\"isPartOf\":{\"@id\":\"https:\/\/www.cannabis.es\/pw\/2018\/01\/10\/hugo-madera-queremos-defender-el-autocultivo-con-cantidades-inclusivas\/\"},\"author\":{\"name\":\"Cannabis.es\",\"@id\":\"https:\/\/www.cannabis.es\/pw\/#\/schema\/person\/e2fbd204580cf4fe74c79b82bc447374\"},\"headline\":\"Hugo Madera: \u00abQueremos defender el autocultivo con cantidades inclusivas\u00bb\",\"datePublished\":\"2018-01-10T16:21:21+00:00\",\"dateModified\":\"2020-11-13T12:42:45+00:00\",\"mainEntityOfPage\":{\"@id\":\"https:\/\/www.cannabis.es\/pw\/2018\/01\/10\/hugo-madera-queremos-defender-el-autocultivo-con-cantidades-inclusivas\/\"},\"wordCount\":1092,\"publisher\":{\"@id\":\"https:\/\/www.cannabis.es\/pw\/#organization\"},\"image\":{\"@id\":\"https:\/\/www.cannabis.es\/pw\/2018\/01\/10\/hugo-madera-queremos-defender-el-autocultivo-con-cantidades-inclusivas\/#primaryimage\"},\"thumbnailUrl\":\"https:\/\/www.cannabis.es\/pw\/wp-content\/uploads\/2020\/05\/Observatorio_Europeo_de_Cultivo_y_Consumo_de_Cannabis_Medicinal.jpg\",\"keywords\":[\"autocultivo\",\"cannabis\",\"cannabis medicinal\",\"consumidores cannabis\",\"cultivo\",\"drogoest\",\"entrevista\",\"Fundaci\u00f3n RENOVATIO\",\"Hugo Madera\",\"Observatorio Espa\u00f1ol del Cannabis Medicinal\",\"Observatorio Vasco del Cannabis\",\"Soft Secrets\"],\"articleSection\":[\"Entrevistas\"],\"inLanguage\":\"es\"},{\"@type\":\"WebPage\",\"@id\":\"https:\/\/www.cannabis.es\/pw\/2018\/01\/10\/hugo-madera-queremos-defender-el-autocultivo-con-cantidades-inclusivas\/\",\"url\":\"https:\/\/www.cannabis.es\/pw\/2018\/01\/10\/hugo-madera-queremos-defender-el-autocultivo-con-cantidades-inclusivas\/\",\"name\":\"Hugo Madera: \\\"Queremos defender el autocultivo con cantidades inclusivas\\\"\",\"isPartOf\":{\"@id\":\"https:\/\/www.cannabis.es\/pw\/#website\"},\"primaryImageOfPage\":{\"@id\":\"https:\/\/www.cannabis.es\/pw\/2018\/01\/10\/hugo-madera-queremos-defender-el-autocultivo-con-cantidades-inclusivas\/#primaryimage\"},\"image\":{\"@id\":\"https:\/\/www.cannabis.es\/pw\/2018\/01\/10\/hugo-madera-queremos-defender-el-autocultivo-con-cantidades-inclusivas\/#primaryimage\"},\"thumbnailUrl\":\"https:\/\/www.cannabis.es\/pw\/wp-content\/uploads\/2020\/05\/Observatorio_Europeo_de_Cultivo_y_Consumo_de_Cannabis_Medicinal.jpg\",\"datePublished\":\"2018-01-10T16:21:21+00:00\",\"dateModified\":\"2020-11-13T12:42:45+00:00\",\"description\":\"Entrada &#8226; Portal multimedia sobre cannabis y otras sustancias &#8226; 10 enero, 2018\",\"breadcrumb\":{\"@id\":\"https:\/\/www.cannabis.es\/pw\/2018\/01\/10\/hugo-madera-queremos-defender-el-autocultivo-con-cantidades-inclusivas\/#breadcrumb\"},\"inLanguage\":\"es\",\"potentialAction\":[{\"@type\":\"ReadAction\",\"target\":[\"https:\/\/www.cannabis.es\/pw\/2018\/01\/10\/hugo-madera-queremos-defender-el-autocultivo-con-cantidades-inclusivas\/\"]}]},{\"@type\":\"ImageObject\",\"inLanguage\":\"es\",\"@id\":\"https:\/\/www.cannabis.es\/pw\/2018\/01\/10\/hugo-madera-queremos-defender-el-autocultivo-con-cantidades-inclusivas\/#primaryimage\",\"url\":\"https:\/\/www.cannabis.es\/pw\/wp-content\/uploads\/2020\/05\/Observatorio_Europeo_de_Cultivo_y_Consumo_de_Cannabis_Medicinal.jpg\",\"contentUrl\":\"https:\/\/www.cannabis.es\/pw\/wp-content\/uploads\/2020\/05\/Observatorio_Europeo_de_Cultivo_y_Consumo_de_Cannabis_Medicinal.jpg\",\"width\":959,\"height\":475},{\"@type\":\"BreadcrumbList\",\"@id\":\"https:\/\/www.cannabis.es\/pw\/2018\/01\/10\/hugo-madera-queremos-defender-el-autocultivo-con-cantidades-inclusivas\/#breadcrumb\",\"itemListElement\":[{\"@type\":\"ListItem\",\"position\":1,\"name\":\"Portada\",\"item\":\"http:\/\/www.cannabis.es\/pw\/\"},{\"@type\":\"ListItem\",\"position\":2,\"name\":\"Hugo Madera: \u00abQueremos defender el autocultivo con cantidades inclusivas\u00bb\"}]},{\"@type\":\"WebSite\",\"@id\":\"https:\/\/www.cannabis.es\/pw\/#website\",\"url\":\"https:\/\/www.cannabis.es\/pw\/\",\"name\":\"Cannabis\",\"description\":\"Portal multimedia sobre cannabis y otras sustancias\",\"publisher\":{\"@id\":\"https:\/\/www.cannabis.es\/pw\/#organization\"},\"potentialAction\":[{\"@type\":\"SearchAction\",\"target\":{\"@type\":\"EntryPoint\",\"urlTemplate\":\"https:\/\/www.cannabis.es\/pw\/?s={search_term_string}\"},\"query-input\":{\"@type\":\"PropertyValueSpecification\",\"valueRequired\":true,\"valueName\":\"search_term_string\"}}],\"inLanguage\":\"es\"},{\"@type\":\"Organization\",\"@id\":\"https:\/\/www.cannabis.es\/pw\/#organization\",\"name\":\"Cannabis.es\",\"url\":\"https:\/\/www.cannabis.es\/pw\/\",\"logo\":{\"@type\":\"ImageObject\",\"inLanguage\":\"es\",\"@id\":\"https:\/\/www.cannabis.es\/pw\/#\/schema\/logo\/image\/\",\"url\":\"https:\/\/www.cannabis.es\/pw\/wp-content\/uploads\/2019\/04\/cropped-logo_cannabis.png\",\"contentUrl\":\"https:\/\/www.cannabis.es\/pw\/wp-content\/uploads\/2019\/04\/cropped-logo_cannabis.png\",\"width\":361,\"height\":120,\"caption\":\"Cannabis.es\"},\"image\":{\"@id\":\"https:\/\/www.cannabis.es\/pw\/#\/schema\/logo\/image\/\"},\"sameAs\":[\"https:\/\/x.com\/cannabis_es\"]},{\"@type\":\"Person\",\"@id\":\"https:\/\/www.cannabis.es\/pw\/#\/schema\/person\/e2fbd204580cf4fe74c79b82bc447374\",\"name\":\"Cannabis.es\",\"image\":{\"@type\":\"ImageObject\",\"inLanguage\":\"es\",\"@id\":\"https:\/\/www.cannabis.es\/pw\/#\/schema\/person\/image\/\",\"url\":\"https:\/\/secure.gravatar.com\/avatar\/4375b1eb6e272e2e48a4b8a8def52e5f208151f555bb5906da616906ee6dd2e8?s=96&d=mm&r=g\",\"contentUrl\":\"https:\/\/secure.gravatar.com\/avatar\/4375b1eb6e272e2e48a4b8a8def52e5f208151f555bb5906da616906ee6dd2e8?s=96&d=mm&r=g\",\"caption\":\"Cannabis.es\"},\"url\":\"https:\/\/www.cannabis.es\/pw\/author\/cannabis\/\"}]}<\/script>\n<!-- \/ Yoast SEO plugin. -->","yoast_head_json":{"title":"Hugo Madera: \"Queremos defender el autocultivo con cantidades inclusivas\"","description":"Entrada &#8226; Portal multimedia sobre cannabis y otras sustancias &#8226; 10 enero, 2018","robots":{"index":"index","follow":"follow","max-snippet":"max-snippet:-1","max-image-preview":"max-image-preview:large","max-video-preview":"max-video-preview:-1"},"canonical":"https:\/\/www.cannabis.es\/pw\/2018\/01\/10\/hugo-madera-queremos-defender-el-autocultivo-con-cantidades-inclusivas\/","twitter_card":"summary_large_image","twitter_title":"Hugo Madera: \"Queremos defender el autocultivo con cantidades inclusivas\"","twitter_description":"Entrada &#8226; Portal multimedia sobre cannabis y otras sustancias &#8226; 10 enero, 2018","twitter_image":"https:\/\/www.cannabis.es\/pw\/wp-content\/uploads\/2020\/05\/Observatorio_Europeo_de_Cultivo_y_Consumo_de_Cannabis_Medicinal.jpg","twitter_creator":"@cannabis_es","twitter_site":"@cannabis_es","twitter_misc":{"Escrito por":"Cannabis.es","Tiempo de lectura":"5 minutos"},"schema":{"@context":"https:\/\/schema.org","@graph":[{"@type":"Article","@id":"https:\/\/www.cannabis.es\/pw\/2018\/01\/10\/hugo-madera-queremos-defender-el-autocultivo-con-cantidades-inclusivas\/#article","isPartOf":{"@id":"https:\/\/www.cannabis.es\/pw\/2018\/01\/10\/hugo-madera-queremos-defender-el-autocultivo-con-cantidades-inclusivas\/"},"author":{"name":"Cannabis.es","@id":"https:\/\/www.cannabis.es\/pw\/#\/schema\/person\/e2fbd204580cf4fe74c79b82bc447374"},"headline":"Hugo Madera: \u00abQueremos defender el autocultivo con cantidades inclusivas\u00bb","datePublished":"2018-01-10T16:21:21+00:00","dateModified":"2020-11-13T12:42:45+00:00","mainEntityOfPage":{"@id":"https:\/\/www.cannabis.es\/pw\/2018\/01\/10\/hugo-madera-queremos-defender-el-autocultivo-con-cantidades-inclusivas\/"},"wordCount":1092,"publisher":{"@id":"https:\/\/www.cannabis.es\/pw\/#organization"},"image":{"@id":"https:\/\/www.cannabis.es\/pw\/2018\/01\/10\/hugo-madera-queremos-defender-el-autocultivo-con-cantidades-inclusivas\/#primaryimage"},"thumbnailUrl":"https:\/\/www.cannabis.es\/pw\/wp-content\/uploads\/2020\/05\/Observatorio_Europeo_de_Cultivo_y_Consumo_de_Cannabis_Medicinal.jpg","keywords":["autocultivo","cannabis","cannabis medicinal","consumidores cannabis","cultivo","drogoest","entrevista","Fundaci\u00f3n RENOVATIO","Hugo Madera","Observatorio Espa\u00f1ol del Cannabis Medicinal","Observatorio Vasco del Cannabis","Soft Secrets"],"articleSection":["Entrevistas"],"inLanguage":"es"},{"@type":"WebPage","@id":"https:\/\/www.cannabis.es\/pw\/2018\/01\/10\/hugo-madera-queremos-defender-el-autocultivo-con-cantidades-inclusivas\/","url":"https:\/\/www.cannabis.es\/pw\/2018\/01\/10\/hugo-madera-queremos-defender-el-autocultivo-con-cantidades-inclusivas\/","name":"Hugo Madera: \"Queremos defender el autocultivo con cantidades inclusivas\"","isPartOf":{"@id":"https:\/\/www.cannabis.es\/pw\/#website"},"primaryImageOfPage":{"@id":"https:\/\/www.cannabis.es\/pw\/2018\/01\/10\/hugo-madera-queremos-defender-el-autocultivo-con-cantidades-inclusivas\/#primaryimage"},"image":{"@id":"https:\/\/www.cannabis.es\/pw\/2018\/01\/10\/hugo-madera-queremos-defender-el-autocultivo-con-cantidades-inclusivas\/#primaryimage"},"thumbnailUrl":"https:\/\/www.cannabis.es\/pw\/wp-content\/uploads\/2020\/05\/Observatorio_Europeo_de_Cultivo_y_Consumo_de_Cannabis_Medicinal.jpg","datePublished":"2018-01-10T16:21:21+00:00","dateModified":"2020-11-13T12:42:45+00:00","description":"Entrada &#8226; Portal multimedia sobre cannabis y otras sustancias &#8226; 10 enero, 2018","breadcrumb":{"@id":"https:\/\/www.cannabis.es\/pw\/2018\/01\/10\/hugo-madera-queremos-defender-el-autocultivo-con-cantidades-inclusivas\/#breadcrumb"},"inLanguage":"es","potentialAction":[{"@type":"ReadAction","target":["https:\/\/www.cannabis.es\/pw\/2018\/01\/10\/hugo-madera-queremos-defender-el-autocultivo-con-cantidades-inclusivas\/"]}]},{"@type":"ImageObject","inLanguage":"es","@id":"https:\/\/www.cannabis.es\/pw\/2018\/01\/10\/hugo-madera-queremos-defender-el-autocultivo-con-cantidades-inclusivas\/#primaryimage","url":"https:\/\/www.cannabis.es\/pw\/wp-content\/uploads\/2020\/05\/Observatorio_Europeo_de_Cultivo_y_Consumo_de_Cannabis_Medicinal.jpg","contentUrl":"https:\/\/www.cannabis.es\/pw\/wp-content\/uploads\/2020\/05\/Observatorio_Europeo_de_Cultivo_y_Consumo_de_Cannabis_Medicinal.jpg","width":959,"height":475},{"@type":"BreadcrumbList","@id":"https:\/\/www.cannabis.es\/pw\/2018\/01\/10\/hugo-madera-queremos-defender-el-autocultivo-con-cantidades-inclusivas\/#breadcrumb","itemListElement":[{"@type":"ListItem","position":1,"name":"Portada","item":"http:\/\/www.cannabis.es\/pw\/"},{"@type":"ListItem","position":2,"name":"Hugo Madera: \u00abQueremos defender el autocultivo con cantidades inclusivas\u00bb"}]},{"@type":"WebSite","@id":"https:\/\/www.cannabis.es\/pw\/#website","url":"https:\/\/www.cannabis.es\/pw\/","name":"Cannabis","description":"Portal multimedia sobre cannabis y otras sustancias","publisher":{"@id":"https:\/\/www.cannabis.es\/pw\/#organization"},"potentialAction":[{"@type":"SearchAction","target":{"@type":"EntryPoint","urlTemplate":"https:\/\/www.cannabis.es\/pw\/?s={search_term_string}"},"query-input":{"@type":"PropertyValueSpecification","valueRequired":true,"valueName":"search_term_string"}}],"inLanguage":"es"},{"@type":"Organization","@id":"https:\/\/www.cannabis.es\/pw\/#organization","name":"Cannabis.es","url":"https:\/\/www.cannabis.es\/pw\/","logo":{"@type":"ImageObject","inLanguage":"es","@id":"https:\/\/www.cannabis.es\/pw\/#\/schema\/logo\/image\/","url":"https:\/\/www.cannabis.es\/pw\/wp-content\/uploads\/2019\/04\/cropped-logo_cannabis.png","contentUrl":"https:\/\/www.cannabis.es\/pw\/wp-content\/uploads\/2019\/04\/cropped-logo_cannabis.png","width":361,"height":120,"caption":"Cannabis.es"},"image":{"@id":"https:\/\/www.cannabis.es\/pw\/#\/schema\/logo\/image\/"},"sameAs":["https:\/\/x.com\/cannabis_es"]},{"@type":"Person","@id":"https:\/\/www.cannabis.es\/pw\/#\/schema\/person\/e2fbd204580cf4fe74c79b82bc447374","name":"Cannabis.es","image":{"@type":"ImageObject","inLanguage":"es","@id":"https:\/\/www.cannabis.es\/pw\/#\/schema\/person\/image\/","url":"https:\/\/secure.gravatar.com\/avatar\/4375b1eb6e272e2e48a4b8a8def52e5f208151f555bb5906da616906ee6dd2e8?s=96&d=mm&r=g","contentUrl":"https:\/\/secure.gravatar.com\/avatar\/4375b1eb6e272e2e48a4b8a8def52e5f208151f555bb5906da616906ee6dd2e8?s=96&d=mm&r=g","caption":"Cannabis.es"},"url":"https:\/\/www.cannabis.es\/pw\/author\/cannabis\/"}]}},"_links":{"self":[{"href":"https:\/\/www.cannabis.es\/pw\/wp-json\/wp\/v2\/posts\/2443","targetHints":{"allow":["GET"]}}],"collection":[{"href":"https:\/\/www.cannabis.es\/pw\/wp-json\/wp\/v2\/posts"}],"about":[{"href":"https:\/\/www.cannabis.es\/pw\/wp-json\/wp\/v2\/types\/post"}],"author":[{"embeddable":true,"href":"https:\/\/www.cannabis.es\/pw\/wp-json\/wp\/v2\/users\/1"}],"replies":[{"embeddable":true,"href":"https:\/\/www.cannabis.es\/pw\/wp-json\/wp\/v2\/comments?post=2443"}],"version-history":[{"count":1,"href":"https:\/\/www.cannabis.es\/pw\/wp-json\/wp\/v2\/posts\/2443\/revisions"}],"predecessor-version":[{"id":2445,"href":"https:\/\/www.cannabis.es\/pw\/wp-json\/wp\/v2\/posts\/2443\/revisions\/2445"}],"wp:featuredmedia":[{"embeddable":true,"href":"https:\/\/www.cannabis.es\/pw\/wp-json\/wp\/v2\/media\/2444"}],"wp:attachment":[{"href":"https:\/\/www.cannabis.es\/pw\/wp-json\/wp\/v2\/media?parent=2443"}],"wp:term":[{"taxonomy":"category","embeddable":true,"href":"https:\/\/www.cannabis.es\/pw\/wp-json\/wp\/v2\/categories?post=2443"},{"taxonomy":"post_tag","embeddable":true,"href":"https:\/\/www.cannabis.es\/pw\/wp-json\/wp\/v2\/tags?post=2443"}],"curies":[{"name":"wp","href":"https:\/\/api.w.org\/{rel}","templated":true}]}}