{"id":2496,"date":"2017-11-14T17:57:35","date_gmt":"2017-11-14T16:57:35","guid":{"rendered":"http:\/\/www.cannabis.es\/pw\/?p=2496"},"modified":"2020-10-16T13:13:54","modified_gmt":"2020-10-16T11:13:54","slug":"y-si-cultivo-mi-planta","status":"publish","type":"post","link":"https:\/\/www.cannabis.es\/pw\/2017\/11\/14\/y-si-cultivo-mi-planta\/","title":{"rendered":"Y si cultivo mi planta"},"content":{"rendered":"\n<p>Una<strong>&nbsp;semillas<\/strong>, sol y agua, mezclar estos tres elementos podr\u00edan acabar con tu&nbsp;<strong>libertad<\/strong>&nbsp;o con el bolsillo magullado. En los \u00faltimos cuatro a\u00f1os&nbsp;<strong>se ha incrementado<\/strong>&nbsp;exponencialmente el&nbsp;<strong>n\u00famero de plantas intervenidas en Espa\u00f1a<\/strong>, superando en este periodo el 300%.&nbsp;<br><\/p>\n\n\n\n<p>La campa\u00f1a que&nbsp;<a href=\"https:\/\/twitter.com\/ucann2017?lang=es\" target=\"_blank\" rel=\"noreferrer noopener\"><strong>UCANN<\/strong><\/a>&nbsp;lleva hoy a cabo y que desde Cannabis.es apoyamos sin fisuras quiere&nbsp;recordar que<strong>&nbsp;si las personas cultivadoras no nos sentimos incluidos en la nueva regulaci\u00f3n, seguiremos desobedeci\u00e9ndola<\/strong>&nbsp;. Esperamos que todos vosotros particip\u00e9is a nuestro lado en este acto en rede sociales y que nuestras voces puedan alcanzar al m\u00e1ximo posible de gente. S\u00famate&nbsp; en&nbsp;<strong>Twitter<\/strong>&nbsp;al&nbsp;<strong>#ProtocoloMar\u00eda por la regulaci\u00f3n del cannabis en Espa\u00f1a.<\/strong><\/p>\n\n\n\n<hr class=\"wp-block-separator\"\/>\n\n\n\n<p>S\u00f3lo en el \u00faltimo a\u00f1o fue del 90% (Datos ministerio Interior), dej\u00e1ndonos un balance de 724.611 plantas incautadas y 21.138 Kg intervenidos en 2016 por la fuerzas de Seguridad.&nbsp;<strong>Datos que prevalecer\u00e1n en auge este 2017<\/strong>, ya que como es habitual para esta \u00e9poca del a\u00f1o,<strong>&nbsp;los medios de comunicaci\u00f3n publican diariamente intervenciones<\/strong>&nbsp;realizadas por la fuerzas de seguridad, desarrollando planteamientos caracter\u00edsticos, cargados de imprecisiones y sensacionalismos, que&nbsp;<strong>act\u00faan m\u00e1s como mecanismo disuasorio que informativo.<\/strong>&nbsp;Pocas veces podemos encontrar fuentes de informaci\u00f3n que no propongan de polic\u00edas o judiciales, o ver p\u00fablicas las absoluciones de las personas cultivadoras afectadas por esas intervenciones.<strong>&nbsp;<\/strong><\/p>\n\n\n\n<p><strong>Absoluciones<\/strong>, que se producen al&nbsp;<strong>acreditarse que el&nbsp;<a href=\"http:\/\/www.europapress.es\/islas-canarias\/noticia-absueltas-dos-personas-fuerteventura-utilizar-marihuana-incautada-casas-dolor-cronico-20170607111010.html\" target=\"_blank\" rel=\"noreferrer noopener\">cannabis intervenido no estaban destinado a la venta<\/a><\/strong>&nbsp;o terceras personas, recientemente podemos destacar la producida en el juzgado de Canarias, que dicto la absoluci\u00f3n de dos Cultivadores, que se enfrentaban a penas de cuatro a\u00f1os de c\u00e1rcel, por la incautaci\u00f3n de 22 kilos de cannabis. La jueza, destac\u00f3 que examinadas las dos partidas por separado, no es irrazonable pensar que&nbsp;<strong>esas cantidades corresponden a un consumo propio<\/strong>&nbsp;(el primer procesado aleg\u00f3 consumir 20 gramos diarios y el segundo, 10 gramos). Son mayor\u00eda las&nbsp;<strong>sentencias del Tribunal Supremo que reiteran que no hay delito en el cultivo si no se acredita que est\u00e1 destinado a terceros<\/strong>&nbsp;o que exista la posibilidad de que terceros puedan acceder a ello, quedando fuera del C\u00f3digo Penal en la medida en que el producto cultivado se destine \u00fanica y exclusivamente al consumo del cultivador<\/p>\n\n\n\n<p>El&nbsp;<strong>autoabastecimiento<\/strong>, que reconocemos como la&nbsp;<strong>producci\u00f3n y el almacenamiento<\/strong>, vuelve a encontrarse (como denunciamos en&nbsp;<strong>#MariaSinMordaza<\/strong>) con la&nbsp;<strong>arbitrariedad de los criterios jurisprudenciales<\/strong>&nbsp;empleados en la aplicaci\u00f3n del&nbsp;<strong>art\u00edculo 368 del C\u00f3digo Penal<\/strong>&nbsp;en relaci\u00f3n con la realizaci\u00f3n de actos de&nbsp;<strong>cultivo de cannabis<\/strong>, que en ning\u00fan caso estar\u00e1n exentos del riesgos de investigaci\u00f3n, criminalizaci\u00f3n y castigo. Con&nbsp;<strong>penas privativas de libertad y\/o sanciones<\/strong>&nbsp;<strong>administrativas<\/strong>&nbsp;cuya cuant\u00eda depender\u00e1 del valor del cannabis incautado. Seg\u00fan el&nbsp;<strong>Plan Nacional sobre Drogas<\/strong>, el&nbsp;<strong>precio de la marihuana esta 4,58\u20ac gr<\/strong>, que traducido seria que la incautaci\u00f3n de un&nbsp;<strong>cultivo de cannabis con una producci\u00f3n de 3Kg<\/strong>, en casos generales (sin agravaci\u00f3n ni atenuaci\u00f3n) podr\u00eda comportar una&nbsp;<strong>multa de 13.740\u20ac a 41.220\u20ac.<\/strong>&nbsp;En realidad el reconocimiento&nbsp; de que el&nbsp;<strong>cultivo para propio consumo no es un delito no resuelve el problema<\/strong>&nbsp;pues no existe en nuestro ordenamiento jur\u00eddico ninguna norma que establezca&nbsp;<strong>cu\u00e1les son sus l\u00edmites<\/strong>, de modo que es algo que decidir\u00e1 el juez en cada caso concreto a la vista de las circunstancias.<\/p>\n\n\n\n<p>La&nbsp;<strong>regulaci\u00f3n del cannabis est\u00e1 avanzado a buen ritmo en Espa\u00f1a<\/strong>,&nbsp;<strong>#Protocolo Mar\u00eda&nbsp;surge hoy en las redes sociales<\/strong>&nbsp;para&nbsp; recordar que<strong>&nbsp;si las personas cultivadoras no nos sentimos incluidos en la nueva regulaci\u00f3n, seguiremos &nbsp;desobedeci\u00e9ndola<\/strong>. La&nbsp;<strong>producci\u00f3n personal debe abastecer al usuario\/a para los 365 d\u00edas del a\u00f1o<\/strong>, con un consumo m\u00e1ximo de 10 gr\/d\u00eda, el acto de cultivo para autoabastecimiento, no precisa de ning\u00fan tipo de autorizaci\u00f3n previa, pues est\u00e1 en la esfera privada del individuo. El&nbsp;<strong>derecho a la inviolabilidad del domicilio es un derecho fundamental<\/strong>, inherente al ser humano en raz\u00f3n a su dignidad, regulado en la&nbsp;<strong>Constituci\u00f3n Espa\u00f1ola de 1978<\/strong>, ejerci\u00e9ndose como pilar b\u00e1sico para el respeto institucional de los derechos de la personalidad en una sociedad plural, garantizando la eficacia de los derechos fundamentales constitucionalmente consagrados.&nbsp;<strong>El camino de la regulaci\u00f3n de autocultivo no debe dejar que el Gobierno controle nuestra privacidad o que grandes empresas tengan el monopolio del cultivo<\/strong>.&nbsp;<strong>El autocultivo, es la v\u00eda para democratizar el acceso al cannabis<\/strong>, realizando un ejercicio leg\u00edtimo que no causa da\u00f1o a terceros ni lesiona efectiva o potencialmente a la&nbsp;<strong>Salud Publica.<\/strong>&nbsp;&nbsp;<\/p>\n\n\n\n<p>Solicitamos un&nbsp;<strong>protocolo de intervenci\u00f3n<\/strong>, que&nbsp;<strong>finalice con los allanamientos injustificados<\/strong>&nbsp;por presunto microtr\u00e1fico de Cannabis, un protocolO que contempl\u00e9&nbsp;<strong>no destruir las plantas<\/strong>&nbsp;hasta que se determine a nivel judicial un veredicto. El&nbsp;<strong>fin de las intervenciones policiales<\/strong>, y&nbsp;<strong>la resoluci\u00f3n absolutoria de las causas judiciales abiertas<\/strong>&nbsp;a las &nbsp;personas cultivadoras que se ven estigmatizadas por realizar un acto de libertad. Parece&nbsp;<strong>abrirse un proceso fundamental a nivel parlamentario<\/strong>, tanto en el&nbsp;<strong>Congreso como en el Senado<\/strong>, que deber\u00eda culminar en una<strong>&nbsp;reforma legislativa e integral del cannabis en Espa\u00f1a<\/strong>, que permita&nbsp;<strong>acabar con la criminalizaci\u00f3n y indefensi\u00f3n<\/strong>&nbsp;que&nbsp; llevamos viendo tanto tiempo sometidos tanto el gran&nbsp;<strong>colectivo formado por los cultivadores y usuarios de cannabis espa\u00f1oles.<\/strong><\/p>\n","protected":false},"excerpt":{"rendered":"<span class=\"span-reading-time rt-reading-time\" style=\"display: block;\"><span class=\"rt-label rt-prefix\">Tiempo de lectura:<\/span> <span class=\"rt-time\"> 3<\/span> <span class=\"rt-label rt-postfix\">minutos<\/span><\/span>Una&nbsp;semillas, sol y agua, mezclar estos tres elementos podr\u00edan acabar con tu&nbsp;libertad&nbsp;o con el bolsillo magullado. En los \u00faltimos cuatro a\u00f1os&nbsp;se ha incrementado&nbsp;exponencialmente el&nbsp;n\u00famero de plantas intervenidas en Espa\u00f1a, superando en este periodo el 300%.&nbsp; La campa\u00f1a que&nbsp;UCANN&nbsp;lleva hoy a cabo y que desde Cannabis.es apoyamos sin fisuras quiere&nbsp;recordar que&nbsp;si las personas cultivadoras no nos [&hellip;]","protected":false},"author":1,"featured_media":2497,"comment_status":"closed","ping_status":"closed","sticky":false,"template":"","format":"standard","meta":{"loftocean-featured-post":"","loftocean_post_format_gallery":"","loftocean_post_format_gallery_ids":"","loftocean_post_format_gallery_urls":"","loftocean_post_format_video_id":"","loftocean_post_format_video_url":"","loftocean_post_format_video_type":"","loftocean_post_format_video":"","loftocean_post_format_audio_type":"","loftocean_post_format_audio_url":"","loftocean_post_format_audio_id":"","loftocean_post_format_audio":"","loftocean_post_format_quote_text":"","loftocean_post_format_quote_byline":"","loftocean_post_format_link_text":"","loftocean_post_format_link_url":"","ceramag_post_header_style":"","ceramag_enable_background_video":"","ceramag_show_in_top_slider":"","ceramag_post_background_video_start":"","ceramag_post_background_video_end":"","loftocean_page_background_video_id":"","loftocean_page_background_video_url":"","loftocean_page_background_video_type":"","loftocean_page_background_video":"","ceramag_background_video_start":"","ceramag_background_video_end":"","ceramag_single_page_hide_header":"","footnotes":""},"categories":[35],"tags":[794,66,41,52,935,40,1111,1110,56,537,943],"class_list":["post-2496","post","type-post","status-publish","format-standard","has-post-thumbnail","hentry","category-politica-y-sociedad","tag-regulacionya","tag-autocultivo","tag-cannabis","tag-cannabis-medicinal","tag-cultivo-de-cannabis","tag-marihuana","tag-protocolomaria","tag-regulacion-2017","tag-regulacion-cannabis","tag-regulacion-integral-del-cannabis","tag-ucann"],"yoast_head":"<!-- This site is optimized with the Yoast SEO plugin v24.9 - https:\/\/yoast.com\/wordpress\/plugins\/seo\/ -->\n<title>Y si cultivo mi planta<\/title>\n<meta name=\"description\" content=\"Entrada &#8226; Portal multimedia sobre cannabis y otras sustancias &#8226; 14 noviembre, 2017\" \/>\n<meta name=\"robots\" content=\"index, follow, max-snippet:-1, max-image-preview:large, max-video-preview:-1\" \/>\n<link rel=\"canonical\" href=\"https:\/\/www.cannabis.es\/pw\/2017\/11\/14\/y-si-cultivo-mi-planta\/\" \/>\n<meta name=\"twitter:card\" content=\"summary_large_image\" \/>\n<meta name=\"twitter:title\" content=\"Y si cultivo mi planta\" \/>\n<meta name=\"twitter:description\" content=\"Entrada &#8226; Portal multimedia sobre cannabis y otras sustancias &#8226; 14 noviembre, 2017\" \/>\n<meta name=\"twitter:image\" content=\"https:\/\/www.cannabis.es\/pw\/wp-content\/uploads\/2020\/05\/portada_campana_ucann_d.jpg\" \/>\n<meta name=\"twitter:creator\" content=\"@cannabis_es\" \/>\n<meta name=\"twitter:site\" content=\"@cannabis_es\" \/>\n<meta name=\"twitter:label1\" content=\"Escrito por\" \/>\n\t<meta name=\"twitter:data1\" content=\"Cannabis.es\" \/>\n\t<meta name=\"twitter:label2\" content=\"Tiempo de lectura\" \/>\n\t<meta name=\"twitter:data2\" content=\"5 minutos\" \/>\n<script type=\"application\/ld+json\" class=\"yoast-schema-graph\">{\"@context\":\"https:\/\/schema.org\",\"@graph\":[{\"@type\":\"Article\",\"@id\":\"https:\/\/www.cannabis.es\/pw\/2017\/11\/14\/y-si-cultivo-mi-planta\/#article\",\"isPartOf\":{\"@id\":\"https:\/\/www.cannabis.es\/pw\/2017\/11\/14\/y-si-cultivo-mi-planta\/\"},\"author\":{\"name\":\"Cannabis.es\",\"@id\":\"https:\/\/www.cannabis.es\/pw\/#\/schema\/person\/e2fbd204580cf4fe74c79b82bc447374\"},\"headline\":\"Y si cultivo mi planta\",\"datePublished\":\"2017-11-14T16:57:35+00:00\",\"dateModified\":\"2020-10-16T11:13:54+00:00\",\"mainEntityOfPage\":{\"@id\":\"https:\/\/www.cannabis.es\/pw\/2017\/11\/14\/y-si-cultivo-mi-planta\/\"},\"wordCount\":990,\"publisher\":{\"@id\":\"https:\/\/www.cannabis.es\/pw\/#organization\"},\"image\":{\"@id\":\"https:\/\/www.cannabis.es\/pw\/2017\/11\/14\/y-si-cultivo-mi-planta\/#primaryimage\"},\"thumbnailUrl\":\"https:\/\/www.cannabis.es\/pw\/wp-content\/uploads\/2020\/05\/portada_campana_ucann_d.jpg\",\"keywords\":[\"#RegulacionYa\",\"autocultivo\",\"cannabis\",\"cannabis medicinal\",\"cultivo de cannabis\",\"marihuana\",\"ProtocoloMar\u00eda\",\"Regulaci\u00f3n 2017\",\"regulaci\u00f3n cannabis\",\"regulaci\u00f3n integral del cannabis\",\"UCANN\"],\"articleSection\":[\"Pol\u00edtica y Sociedad\"],\"inLanguage\":\"es\"},{\"@type\":\"WebPage\",\"@id\":\"https:\/\/www.cannabis.es\/pw\/2017\/11\/14\/y-si-cultivo-mi-planta\/\",\"url\":\"https:\/\/www.cannabis.es\/pw\/2017\/11\/14\/y-si-cultivo-mi-planta\/\",\"name\":\"Y si cultivo mi planta\",\"isPartOf\":{\"@id\":\"https:\/\/www.cannabis.es\/pw\/#website\"},\"primaryImageOfPage\":{\"@id\":\"https:\/\/www.cannabis.es\/pw\/2017\/11\/14\/y-si-cultivo-mi-planta\/#primaryimage\"},\"image\":{\"@id\":\"https:\/\/www.cannabis.es\/pw\/2017\/11\/14\/y-si-cultivo-mi-planta\/#primaryimage\"},\"thumbnailUrl\":\"https:\/\/www.cannabis.es\/pw\/wp-content\/uploads\/2020\/05\/portada_campana_ucann_d.jpg\",\"datePublished\":\"2017-11-14T16:57:35+00:00\",\"dateModified\":\"2020-10-16T11:13:54+00:00\",\"description\":\"Entrada &#8226; Portal multimedia sobre cannabis y otras sustancias &#8226; 14 noviembre, 2017\",\"breadcrumb\":{\"@id\":\"https:\/\/www.cannabis.es\/pw\/2017\/11\/14\/y-si-cultivo-mi-planta\/#breadcrumb\"},\"inLanguage\":\"es\",\"potentialAction\":[{\"@type\":\"ReadAction\",\"target\":[\"https:\/\/www.cannabis.es\/pw\/2017\/11\/14\/y-si-cultivo-mi-planta\/\"]}]},{\"@type\":\"ImageObject\",\"inLanguage\":\"es\",\"@id\":\"https:\/\/www.cannabis.es\/pw\/2017\/11\/14\/y-si-cultivo-mi-planta\/#primaryimage\",\"url\":\"https:\/\/www.cannabis.es\/pw\/wp-content\/uploads\/2020\/05\/portada_campana_ucann_d.jpg\",\"contentUrl\":\"https:\/\/www.cannabis.es\/pw\/wp-content\/uploads\/2020\/05\/portada_campana_ucann_d.jpg\",\"width\":959,\"height\":475},{\"@type\":\"BreadcrumbList\",\"@id\":\"https:\/\/www.cannabis.es\/pw\/2017\/11\/14\/y-si-cultivo-mi-planta\/#breadcrumb\",\"itemListElement\":[{\"@type\":\"ListItem\",\"position\":1,\"name\":\"Portada\",\"item\":\"http:\/\/www.cannabis.es\/pw\/\"},{\"@type\":\"ListItem\",\"position\":2,\"name\":\"Y si cultivo mi planta\"}]},{\"@type\":\"WebSite\",\"@id\":\"https:\/\/www.cannabis.es\/pw\/#website\",\"url\":\"https:\/\/www.cannabis.es\/pw\/\",\"name\":\"Cannabis\",\"description\":\"Portal multimedia sobre cannabis y otras sustancias\",\"publisher\":{\"@id\":\"https:\/\/www.cannabis.es\/pw\/#organization\"},\"potentialAction\":[{\"@type\":\"SearchAction\",\"target\":{\"@type\":\"EntryPoint\",\"urlTemplate\":\"https:\/\/www.cannabis.es\/pw\/?s={search_term_string}\"},\"query-input\":{\"@type\":\"PropertyValueSpecification\",\"valueRequired\":true,\"valueName\":\"search_term_string\"}}],\"inLanguage\":\"es\"},{\"@type\":\"Organization\",\"@id\":\"https:\/\/www.cannabis.es\/pw\/#organization\",\"name\":\"Cannabis.es\",\"url\":\"https:\/\/www.cannabis.es\/pw\/\",\"logo\":{\"@type\":\"ImageObject\",\"inLanguage\":\"es\",\"@id\":\"https:\/\/www.cannabis.es\/pw\/#\/schema\/logo\/image\/\",\"url\":\"https:\/\/www.cannabis.es\/pw\/wp-content\/uploads\/2019\/04\/cropped-logo_cannabis.png\",\"contentUrl\":\"https:\/\/www.cannabis.es\/pw\/wp-content\/uploads\/2019\/04\/cropped-logo_cannabis.png\",\"width\":361,\"height\":120,\"caption\":\"Cannabis.es\"},\"image\":{\"@id\":\"https:\/\/www.cannabis.es\/pw\/#\/schema\/logo\/image\/\"},\"sameAs\":[\"https:\/\/x.com\/cannabis_es\"]},{\"@type\":\"Person\",\"@id\":\"https:\/\/www.cannabis.es\/pw\/#\/schema\/person\/e2fbd204580cf4fe74c79b82bc447374\",\"name\":\"Cannabis.es\",\"image\":{\"@type\":\"ImageObject\",\"inLanguage\":\"es\",\"@id\":\"https:\/\/www.cannabis.es\/pw\/#\/schema\/person\/image\/\",\"url\":\"https:\/\/secure.gravatar.com\/avatar\/4375b1eb6e272e2e48a4b8a8def52e5f208151f555bb5906da616906ee6dd2e8?s=96&d=mm&r=g\",\"contentUrl\":\"https:\/\/secure.gravatar.com\/avatar\/4375b1eb6e272e2e48a4b8a8def52e5f208151f555bb5906da616906ee6dd2e8?s=96&d=mm&r=g\",\"caption\":\"Cannabis.es\"},\"url\":\"https:\/\/www.cannabis.es\/pw\/author\/cannabis\/\"}]}<\/script>\n<!-- \/ Yoast SEO plugin. -->","yoast_head_json":{"title":"Y si cultivo mi planta","description":"Entrada &#8226; Portal multimedia sobre cannabis y otras sustancias &#8226; 14 noviembre, 2017","robots":{"index":"index","follow":"follow","max-snippet":"max-snippet:-1","max-image-preview":"max-image-preview:large","max-video-preview":"max-video-preview:-1"},"canonical":"https:\/\/www.cannabis.es\/pw\/2017\/11\/14\/y-si-cultivo-mi-planta\/","twitter_card":"summary_large_image","twitter_title":"Y si cultivo mi planta","twitter_description":"Entrada &#8226; Portal multimedia sobre cannabis y otras sustancias &#8226; 14 noviembre, 2017","twitter_image":"https:\/\/www.cannabis.es\/pw\/wp-content\/uploads\/2020\/05\/portada_campana_ucann_d.jpg","twitter_creator":"@cannabis_es","twitter_site":"@cannabis_es","twitter_misc":{"Escrito por":"Cannabis.es","Tiempo de lectura":"5 minutos"},"schema":{"@context":"https:\/\/schema.org","@graph":[{"@type":"Article","@id":"https:\/\/www.cannabis.es\/pw\/2017\/11\/14\/y-si-cultivo-mi-planta\/#article","isPartOf":{"@id":"https:\/\/www.cannabis.es\/pw\/2017\/11\/14\/y-si-cultivo-mi-planta\/"},"author":{"name":"Cannabis.es","@id":"https:\/\/www.cannabis.es\/pw\/#\/schema\/person\/e2fbd204580cf4fe74c79b82bc447374"},"headline":"Y si cultivo mi planta","datePublished":"2017-11-14T16:57:35+00:00","dateModified":"2020-10-16T11:13:54+00:00","mainEntityOfPage":{"@id":"https:\/\/www.cannabis.es\/pw\/2017\/11\/14\/y-si-cultivo-mi-planta\/"},"wordCount":990,"publisher":{"@id":"https:\/\/www.cannabis.es\/pw\/#organization"},"image":{"@id":"https:\/\/www.cannabis.es\/pw\/2017\/11\/14\/y-si-cultivo-mi-planta\/#primaryimage"},"thumbnailUrl":"https:\/\/www.cannabis.es\/pw\/wp-content\/uploads\/2020\/05\/portada_campana_ucann_d.jpg","keywords":["#RegulacionYa","autocultivo","cannabis","cannabis medicinal","cultivo de cannabis","marihuana","ProtocoloMar\u00eda","Regulaci\u00f3n 2017","regulaci\u00f3n cannabis","regulaci\u00f3n integral del cannabis","UCANN"],"articleSection":["Pol\u00edtica y Sociedad"],"inLanguage":"es"},{"@type":"WebPage","@id":"https:\/\/www.cannabis.es\/pw\/2017\/11\/14\/y-si-cultivo-mi-planta\/","url":"https:\/\/www.cannabis.es\/pw\/2017\/11\/14\/y-si-cultivo-mi-planta\/","name":"Y si cultivo mi planta","isPartOf":{"@id":"https:\/\/www.cannabis.es\/pw\/#website"},"primaryImageOfPage":{"@id":"https:\/\/www.cannabis.es\/pw\/2017\/11\/14\/y-si-cultivo-mi-planta\/#primaryimage"},"image":{"@id":"https:\/\/www.cannabis.es\/pw\/2017\/11\/14\/y-si-cultivo-mi-planta\/#primaryimage"},"thumbnailUrl":"https:\/\/www.cannabis.es\/pw\/wp-content\/uploads\/2020\/05\/portada_campana_ucann_d.jpg","datePublished":"2017-11-14T16:57:35+00:00","dateModified":"2020-10-16T11:13:54+00:00","description":"Entrada &#8226; Portal multimedia sobre cannabis y otras sustancias &#8226; 14 noviembre, 2017","breadcrumb":{"@id":"https:\/\/www.cannabis.es\/pw\/2017\/11\/14\/y-si-cultivo-mi-planta\/#breadcrumb"},"inLanguage":"es","potentialAction":[{"@type":"ReadAction","target":["https:\/\/www.cannabis.es\/pw\/2017\/11\/14\/y-si-cultivo-mi-planta\/"]}]},{"@type":"ImageObject","inLanguage":"es","@id":"https:\/\/www.cannabis.es\/pw\/2017\/11\/14\/y-si-cultivo-mi-planta\/#primaryimage","url":"https:\/\/www.cannabis.es\/pw\/wp-content\/uploads\/2020\/05\/portada_campana_ucann_d.jpg","contentUrl":"https:\/\/www.cannabis.es\/pw\/wp-content\/uploads\/2020\/05\/portada_campana_ucann_d.jpg","width":959,"height":475},{"@type":"BreadcrumbList","@id":"https:\/\/www.cannabis.es\/pw\/2017\/11\/14\/y-si-cultivo-mi-planta\/#breadcrumb","itemListElement":[{"@type":"ListItem","position":1,"name":"Portada","item":"http:\/\/www.cannabis.es\/pw\/"},{"@type":"ListItem","position":2,"name":"Y si cultivo mi planta"}]},{"@type":"WebSite","@id":"https:\/\/www.cannabis.es\/pw\/#website","url":"https:\/\/www.cannabis.es\/pw\/","name":"Cannabis","description":"Portal multimedia sobre cannabis y otras sustancias","publisher":{"@id":"https:\/\/www.cannabis.es\/pw\/#organization"},"potentialAction":[{"@type":"SearchAction","target":{"@type":"EntryPoint","urlTemplate":"https:\/\/www.cannabis.es\/pw\/?s={search_term_string}"},"query-input":{"@type":"PropertyValueSpecification","valueRequired":true,"valueName":"search_term_string"}}],"inLanguage":"es"},{"@type":"Organization","@id":"https:\/\/www.cannabis.es\/pw\/#organization","name":"Cannabis.es","url":"https:\/\/www.cannabis.es\/pw\/","logo":{"@type":"ImageObject","inLanguage":"es","@id":"https:\/\/www.cannabis.es\/pw\/#\/schema\/logo\/image\/","url":"https:\/\/www.cannabis.es\/pw\/wp-content\/uploads\/2019\/04\/cropped-logo_cannabis.png","contentUrl":"https:\/\/www.cannabis.es\/pw\/wp-content\/uploads\/2019\/04\/cropped-logo_cannabis.png","width":361,"height":120,"caption":"Cannabis.es"},"image":{"@id":"https:\/\/www.cannabis.es\/pw\/#\/schema\/logo\/image\/"},"sameAs":["https:\/\/x.com\/cannabis_es"]},{"@type":"Person","@id":"https:\/\/www.cannabis.es\/pw\/#\/schema\/person\/e2fbd204580cf4fe74c79b82bc447374","name":"Cannabis.es","image":{"@type":"ImageObject","inLanguage":"es","@id":"https:\/\/www.cannabis.es\/pw\/#\/schema\/person\/image\/","url":"https:\/\/secure.gravatar.com\/avatar\/4375b1eb6e272e2e48a4b8a8def52e5f208151f555bb5906da616906ee6dd2e8?s=96&d=mm&r=g","contentUrl":"https:\/\/secure.gravatar.com\/avatar\/4375b1eb6e272e2e48a4b8a8def52e5f208151f555bb5906da616906ee6dd2e8?s=96&d=mm&r=g","caption":"Cannabis.es"},"url":"https:\/\/www.cannabis.es\/pw\/author\/cannabis\/"}]}},"_links":{"self":[{"href":"https:\/\/www.cannabis.es\/pw\/wp-json\/wp\/v2\/posts\/2496","targetHints":{"allow":["GET"]}}],"collection":[{"href":"https:\/\/www.cannabis.es\/pw\/wp-json\/wp\/v2\/posts"}],"about":[{"href":"https:\/\/www.cannabis.es\/pw\/wp-json\/wp\/v2\/types\/post"}],"author":[{"embeddable":true,"href":"https:\/\/www.cannabis.es\/pw\/wp-json\/wp\/v2\/users\/1"}],"replies":[{"embeddable":true,"href":"https:\/\/www.cannabis.es\/pw\/wp-json\/wp\/v2\/comments?post=2496"}],"version-history":[{"count":1,"href":"https:\/\/www.cannabis.es\/pw\/wp-json\/wp\/v2\/posts\/2496\/revisions"}],"predecessor-version":[{"id":2498,"href":"https:\/\/www.cannabis.es\/pw\/wp-json\/wp\/v2\/posts\/2496\/revisions\/2498"}],"wp:featuredmedia":[{"embeddable":true,"href":"https:\/\/www.cannabis.es\/pw\/wp-json\/wp\/v2\/media\/2497"}],"wp:attachment":[{"href":"https:\/\/www.cannabis.es\/pw\/wp-json\/wp\/v2\/media?parent=2496"}],"wp:term":[{"taxonomy":"category","embeddable":true,"href":"https:\/\/www.cannabis.es\/pw\/wp-json\/wp\/v2\/categories?post=2496"},{"taxonomy":"post_tag","embeddable":true,"href":"https:\/\/www.cannabis.es\/pw\/wp-json\/wp\/v2\/tags?post=2496"}],"curies":[{"name":"wp","href":"https:\/\/api.w.org\/{rel}","templated":true}]}}