{"id":2499,"date":"2017-11-09T18:03:00","date_gmt":"2017-11-09T17:03:00","guid":{"rendered":"http:\/\/www.cannabis.es\/pw\/?p=2499"},"modified":"2020-10-16T13:14:39","modified_gmt":"2020-10-16T11:14:39","slug":"emergencia-nazional-de-salud-publica","status":"publish","type":"post","link":"https:\/\/www.cannabis.es\/pw\/2017\/11\/09\/emergencia-nazional-de-salud-publica\/","title":{"rendered":"Emergencia NaZional de Salud P\u00fablica"},"content":{"rendered":"\n<p>Por Drogoteca<\/p>\n\n\n\n\n\n\n\n<p>La semana pasada el<strong>&nbsp;presidente de USA, Donald Trump<\/strong>, declar\u00f3 una&nbsp;<strong>emergencia de salud p\u00fablica<\/strong>&nbsp;de alcance nacional, debido -oficialmente- al problema de las&nbsp;<strong>muertes por sobredosis de&nbsp;<a rel=\"noreferrer noopener\" href=\"http:\/\/www.cannabis.es\/pw\/2015\/02\/11\/opio-y-morfina\/\" target=\"_blank\">opioides<\/a><\/strong>&nbsp;y\/o&nbsp;<strong>adulteraci\u00f3n de hero\u00edna con f\u00e1rmacos<\/strong>&nbsp;como el fentanilo (fen\u00f3meno -curiosamente- concomitante en lugar y tiempo al primer problema). \u00bfQu\u00e9 quiere decir eso y&nbsp;<strong>por qu\u00e9 lo hace<\/strong>?<br><\/p>\n\n\n\n<hr class=\"wp-block-separator\"\/>\n\n\n\n<p>Pues a pesar de lo bien que suena -al o\u00eddo desentrenado del lenguaje pol\u00edtico- quiere decir muy poco, en realidad y mucho, sin dar la cara. Los n\u00fameros a los que este acto de&nbsp;<strong>Trump<\/strong>&nbsp;dan paso, nos dan una clara idea a la primera: el&nbsp;<strong>fondo de emergencia p\u00fablica sanitaria<\/strong>, en estos momentos, cuenta con un montante de&#8230; algo menos de&nbsp;<strong>49.000 euros (57.000 d\u00f3lares)<\/strong>.&nbsp;<a href=\"https:\/\/elpais.com\/internacional\/2017\/10\/26\/estados_unidos\/1509030646_508688.html\" target=\"_blank\" rel=\"noreferrer noopener\">S\u00ed, has le\u00eddo bien:&nbsp;<strong>49.000 euros<\/strong><\/a>, que es lo que vale una furgoneta o un coche de gama media. No son 49 millones, ni 49.000 millones. No; eso&nbsp;<strong>es lo que hay en la caja del dinero que la acci\u00f3n de Trump abre<\/strong>, para hacer frente a una emergencia de salud p\u00fablica que est\u00e1 matando decenas de miles de personas,&nbsp;<strong>en un pa\u00eds que tiene 325 millones de ciudadanos censados.<\/strong><\/p>\n\n\n\n<p>Para entender la raz\u00f3n de este movimiento, habr\u00eda que repasar&nbsp;<strong>cu\u00e1ndo fue la primera vez que Trump us\u00f3 la posibilidad de lanzar la \u201cEmergencia Nacional\u201d<\/strong>&nbsp;(no la de salud p\u00fablica como la lanzada, sino una \u201csin apellidos\u201d que en realidad s\u00ed que dar\u00eda acceso a fondos serios como para poder enfrentar cualquier cuesti\u00f3n) en el asunto de las&nbsp;<strong>muertes por sobredosis de opioides<\/strong>. Fue&nbsp;<strong><a href=\"https:\/\/elpais.com\/internacional\/2017\/08\/10\/actualidad\/1502396000_722428.html\" target=\"_blank\" rel=\"noreferrer noopener\">en agosto<\/a><\/strong>&nbsp;de este a\u00f1o, momento en el que recibi\u00f3 el&nbsp;<strong>informe de la \u201cComisi\u00f3n de Combate a la Drogadicci\u00f3n\u201d<\/strong>&nbsp;(sic) -organismo creado por \u00e9l mismo semanas antes- y que le indicaba, como dictamen final, que deb\u00eda declarar la<strong>&nbsp;\u201cEmergencia Nacional\u201d<\/strong>&nbsp;(sin m\u00e1s apellidos).<\/p>\n\n\n\n<p>Nadie cuestiona que las cifras de<strong>&nbsp;muertes por sobredosis en USA son las m\u00e1s altas de la historia<\/strong>, matando varias decenas de miles de personas cada a\u00f1o, y que la situaci\u00f3n requiere tomar medidas. Pero este gesto resulta ser totalmente cosm\u00e9tico, y dirigido a la gran masa del \u201cp\u00fablico usano\u201d que se ve constantemente bombardeado por noticias y datos sobre&nbsp;<strong>muertes relacionadas con drogas<\/strong>. Y aqu\u00ed ya he dicho&nbsp;<strong>drogas en lugar de opioides<\/strong>, porque una importante parte de la nueva posici\u00f3n del gobierno de&nbsp;<strong>Trump<\/strong>&nbsp;es hablar de&nbsp;<strong>sobredosis de&nbsp;<a href=\"http:\/\/www.cannabis.es\/pw\/2015\/02\/11\/heroina\/\" target=\"_blank\" rel=\"noreferrer noopener\">hero\u00edna<\/a>&nbsp;y\/o drogas, e ir olvidando que esto viene de los opioides de farmacia recetados legalmente<\/strong>. La posici\u00f3n es tan brutal que han iniciado una nueva v\u00eda con el&nbsp;<strong>fiscal general<\/strong>&nbsp;-el<strong>&nbsp;<a rel=\"noreferrer noopener\" href=\"https:\/\/www.washingtonpost.com\/news\/wonk\/wp\/2016\/11\/18\/trumps-pick-for-attorney-general-good-people-dont-smoke-marijuana\/\" target=\"_blank\">miserable Jeff Sessions<\/a><\/strong>, quien afirma que&nbsp;<em><strong>\u201cel que fuma cannabis no puede ser buena gente\u201d<\/strong><\/em>&#8211; por la que inculpan legalmente por homicidio a los camellos cuyo material haya producido alguna muerte, por una raz\u00f3n u otra (dando igual que sea por adulteraci\u00f3n a que sea por una sobredosis real, ya que se vende una&nbsp;<strong>sustancia de la \u201cmaldita\u201d Lista I<\/strong>&nbsp;y, por ende, totalmente prohibida).<\/p>\n\n\n\n<p>Eso, que puede sonar bien si creemos que se usa contra \u201ccamellos sin escr\u00fapulos que cortan la hero\u00edna con fentanilo para ganar m\u00e1s dinero\u201d,&nbsp;<strong>en realidad contra quien se emplea<\/strong>&nbsp;(dado el modelo de distribuci\u00f3n de drogas en el mercado negro de USA)&nbsp;<strong>es contra \u201cel colega, probablemente tambi\u00e9n consumidor de esa misma hero\u00edna, que compra cantidades algo mayores y menudea<\/strong>&nbsp;para sostener econ\u00f3micamente su consumo\u201d. El<strong>&nbsp;fentanilo<\/strong>, mortalmente introducido en la cadena de&nbsp;<strong>opioides\/opi\u00e1ceos<\/strong>&nbsp;del mercado negro de toda Norteam\u00e9rica &#8211;<strong><a href=\"http:\/\/www.cannabis.es\/pw\/2016\/02\/03\/fusion-la-realidad-al-desnudo\/\" target=\"_blank\" rel=\"noreferrer noopener\">desde M\u00e9xico, principalmente<\/a><\/strong>&#8211; no est\u00e1 en las manos del camello que trapichea con papelinas, sino en manos del narco que produce cada lote de droga en el que, como de costumbre, los usuarios del mercado negro son los conejillos de indias. As\u00ed que -adem\u00e1s de ser \u00e9ticamente una salvajada-&nbsp;<strong>culpar a los camellos de m\u00e1s bajo nivel de&nbsp;<a rel=\"noreferrer noopener\" href=\"http:\/\/www.npr.org\/2017\/06\/17\/533327584\/the-controversy-over-charging-drug-dealers-with-murder-after-overdoses\" target=\"_blank\">homicidio por vender drogas es una medida -tambi\u00e9n- totalmente cosm\u00e9tica<\/a><\/strong>&nbsp;y orientada a manipular a un p\u00fablico poco informado e intencionalmente asustado, para poder ser manipulado mejor.<\/p>\n\n\n\n<p>\u00bfC\u00f3mo se ha llegado a esta situaci\u00f3n? En febrero del a\u00f1o pasado, desde esta web, d\u00e1bamos ya una buena serie de explicaciones para legos, explicando<strong>&nbsp;<a href=\"http:\/\/www.cannabis.es\/pw\/2016\/02\/01\/el-pendulo-de-la-dra-heroina\/\" target=\"_blank\" rel=\"noreferrer noopener\">el asunto de los opioides en USA<\/a><\/strong>. Y las explicaciones, l\u00f3gicamente, han cambiado poco: la&nbsp;<strong>poblaci\u00f3n en general fue sobremedicada<\/strong>&nbsp;con opioides, recetados legalmente por m\u00e9dicos empujados econ\u00f3micamente (a base de untarles de dinero) a&nbsp;<strong>convertir a sus pacientes en yonquis<\/strong>. Todo eso c<strong>on la bendici\u00f3n y cooperaci\u00f3n del gobierno de USA y sus legisladores<\/strong>, tambi\u00e9n generosamente \u201cengrasados con ceros en su cuenta\u201d por los&nbsp;<strong>lobbistas de la BIG PHARMA<\/strong>&nbsp;de la zona, porque el problema es bastante similar en&nbsp;<strong>Canad\u00e1<\/strong>&nbsp;ya que copia -pr\u00e1cticamente- las l\u00edneas generales de actuaci\u00f3n de su vecino en materia de salud.<\/p>\n\n\n\n<p>Una vez que la poblaci\u00f3n estaba totalmente enganchada, con&nbsp;<strong>cifras r\u00e9cord en su historia<\/strong>, empezaron a llover las muertes por sobredosis. Pero esta vez el sector de la poblaci\u00f3n m\u00e1s afectado por la crisis de los opioides en USA, es la<strong>&nbsp;<a href=\"https:\/\/www.rd.com\/health\/conditions\/middle-aged-women-opioids\/\" target=\"_blank\" rel=\"noreferrer noopener\">mujer de mediana edad y de raza blanca<\/a><\/strong>: no son yonquis callejeros, ni negros a los que poder disparar a placer. Abuelas, por as\u00ed decirlo, que sin saber d\u00f3nde se met\u00edan con los opioides (a diferencia de quienes los buscan activamente) se tragaron aquello que su m\u00e9dico les dio -y en muchos casos, les vend\u00eda \u00e9l mismo- y acabaron en un punto que no pod\u00edan imaginar. Luego, y como remate,<strong>&nbsp;tras haber sobreprescrito opioides con extrema generosidad, cortaron las recetas de los mismos a quienes ya eran \u201cm\u00e9dicamente adictos\u201d<\/strong>, haciendo que estas personas fueran a buscar \u201calgo equivalente\u201d al mercado negro, donde les estaban esperando la hero\u00edna (siempre m\u00e1s barata que los opioides de farmacia) y, para m\u00e1s INRI, con&nbsp;<strong>niveles r\u00e9cord tambi\u00e9n de adulteraci\u00f3n con fentanilo<\/strong>. Es decir, tras tenerles enganchados y vendi\u00e9ndoles legalmente sus drogas,<strong>&nbsp;les lanzaron al m\u00e1s peligroso mercado negro de opi\u00e1ceos y opioides jam\u00e1s visto en la historia<\/strong>&nbsp;de la humanidad.<\/p>\n\n\n\n<p>De esta forma, acabamos con im\u00e1genes como las de aquel polic\u00eda que sosten\u00eda -agarr\u00e1ndola del pelo y sin prestarle ayuda alguna- a una mujer blanca en un coche, con un ni\u00f1o peque\u00f1o detr\u00e1s consciente y observando todo,&nbsp;<strong><a href=\"http:\/\/www.cannabis.es\/pw\/2016\/09\/15\/etica-para-yonquis\/\" target=\"_blank\" rel=\"noreferrer noopener\">para fotografiarla y subir dicha imagen a las redes sociales a modo de escarmiento a la \u201cdesviada madre yonqui\u201d<\/a><\/strong>. Pero ni siquiera era su madre sino su abuela, aunque por inmoral que parezca la ira medi\u00e1tica fue contra la mujer con sobredosis y contra la familia del ni\u00f1o (su madre, por dejar a su hijo al cuidado de su abuela) en lugar de contra la pareja de polic\u00edas que se dedicaron a jugar con dos v\u00edctimas -en peligro de muerte- y delante de un ni\u00f1o que ve\u00eda todo.<\/p>\n\n\n\n<p><strong>\u00bfY finalmente, qu\u00e9 implica este nuevo momento pol\u00edtico?<\/strong><\/p>\n\n\n\n<p>Dec\u00eda ayer Bill Clinton, en el marco del<strong>&nbsp;<a rel=\"noreferrer noopener\" href=\"https:\/\/twitter.com\/hashtag\/opioidsummit?src=hash\" target=\"_blank\">#OpioidSummit<\/a>&nbsp;<\/strong>celebrado estos d\u00edas para abordar soluciones a la crisis, que \u201cera la&nbsp;<strong>primera vez que un problema de drogas era enfrentado con medidas de salud p\u00fablica y no con un enfoque penal y sancionador\u201d<\/strong>.<strong>&nbsp;Diane Goldstein, ex-polic\u00eda anti-narc\u00f3ticos que&nbsp;<a href=\"http:\/\/www.cannabis.es\/pw\/2017\/03\/08\/entrevista-a-diane-goldstein-una-mujer-policia-contra-la-prohibicion\/\" target=\"_blank\" rel=\"noreferrer noopener\">entrevistamos en esta web<\/a>, opinaba que \u201cpor desgracia eso no era cierto<\/strong>, ya que la guerra contra las drogas [en su plano m\u00e1s cl\u00e1sico y moralista] segu\u00eda salvaje por todos los lados\u201d desde su&nbsp;<strong><a rel=\"noreferrer noopener\" href=\"https:\/\/twitter.com\/dianemgoldstein\/status\/925373695605882880\" target=\"_blank\">su cuenta de Twitter<\/a>.<\/strong><\/p>\n\n\n\n<p>La realidad del conjunto de hechos -datos no cuestionables- y las medidas que se piensan adoptar y ya se est\u00e1n adoptando&nbsp;<strong>bajo la excusa de la emergencia \u201cde salud p\u00fablica\u201d nacional<\/strong>, dar\u00eda para decenas de p\u00e1ginas de an\u00e1lisis, pero mucho m\u00e1s de tipo pol\u00edtico que t\u00e9cnico sobre el problema. Y es cierto que, sobre el papel,<strong>&nbsp;el enfoque es de salud p\u00fablica pero al estilo usano: tratamientos forzosos junto con equiparaci\u00f3n entre consumidor de drogas y enfermo mental.<\/strong>&nbsp;Eso, en lugar de la c\u00e1rcel por tener un porro en el bolsillo, puede sonar bien ya que lo de la c\u00e1rcel suena peor, pero es una pesadilla compitiendo contra otra pesadilla: ambos enfoques son degradantes para cualquier ser humano.<\/p>\n\n\n\n<p>Pero esta \u00faltima imagen que os dejo, servir\u00e1 para entender porqu\u00e9<strong>&nbsp;esta emergencia es m\u00e1s naZional que nacional<\/strong>, sin dejar de ser real el problema que se supone que va a atender. Al loro, que ah\u00ed va.<\/p>\n\n\n\n<p>El mencionado ya fiscal general de los USA,&nbsp;<strong>Jeff Sessions<\/strong>, ha hecho unas declaraciones que sit\u00faan de forma inequ\u00edvoca, el enfoque con el que se enfrenta este asunto.&nbsp;<strong>Seg\u00fan Jeff, el asunto de las muertes por opioides a nivel epid\u00e9mico en USA, tiene que ver con la marihuana y el cannabis.<\/strong>&nbsp;\u00bfPor qu\u00e9? Pues porque muchos jefes de polic\u00eda le han contado que \u201cla adicci\u00f3n empieza con el cannabis\u201d y que \u201c<strong><em>es una droga que sirve de puerta de entrada a las dem\u00e1s drogas<\/em><\/strong>\u201d.<\/p>\n\n\n\n<p>Como pod\u00e9is ver, un enfoque totalmente novedoso -lo es, trat\u00e1ndose de opioides recetados por m\u00e9dicos legalmente- y que nunca antes hab\u00edamos escuchado: la marihuana como puerta de entrada.<\/p>\n\n\n\n<p><strong>\u00bfY qu\u00e9 hacer ante ese panorama tan aterrador y desalentador?<\/strong><\/p>\n\n\n\n<p>Pues est\u00e1 claro. Jeff, lo tiene claro.&nbsp;<strong>Seg\u00fan Jeff, ya se ha luchado antes la guerra contra las drogas y se ha ganado<\/strong>&nbsp;(cu\u00e1ndo, no lo sabemos). Y para ello, la receta m\u00e1gica es muy simple. Casi tanto como la&nbsp;<strong>\u201cEmergencia NaZional\u201d<\/strong>, y es otro gran enfoque que nunca hab\u00edamos escuchado.<\/p>\n\n\n\n<p><strong>\u201c<a href=\"http:\/\/www.businessinsider.com\/jeff-sessions-just-say-no-to-opioids-marijuana-drug-war-2017-10\" target=\"_blank\" rel=\"noreferrer noopener\">Simplemente, di no a las drogas<\/a>.<\/strong><\/p>\n\n\n\n<p>Los ciudadanos deber\u00edan, simplemente, decirle que&nbsp;<strong>NO a los opioides.<\/strong><\/p>\n\n\n\n<p><em><strong>De Nancy Reagan a Jeff Sessions, c\u00f3mo pasa el tiempo&#8230;<\/strong><\/em><\/p>\n","protected":false},"excerpt":{"rendered":"<span class=\"span-reading-time rt-reading-time\" style=\"display: block;\"><span class=\"rt-label rt-prefix\">Tiempo de lectura:<\/span> <span class=\"rt-time\"> 5<\/span> <span class=\"rt-label rt-postfix\">minutos<\/span><\/span>Por Drogoteca La semana pasada el&nbsp;presidente de USA, Donald Trump, declar\u00f3 una&nbsp;emergencia de salud p\u00fablica&nbsp;de alcance nacional, debido -oficialmente- al problema de las&nbsp;muertes por sobredosis de&nbsp;opioides&nbsp;y\/o&nbsp;adulteraci\u00f3n de hero\u00edna con f\u00e1rmacos&nbsp;como el fentanilo (fen\u00f3meno -curiosamente- concomitante en lugar y tiempo al primer problema). \u00bfQu\u00e9 quiere decir eso y&nbsp;por qu\u00e9 lo hace? Pues a pesar de lo [&hellip;]","protected":false},"author":1,"featured_media":2500,"comment_status":"closed","ping_status":"closed","sticky":false,"template":"","format":"standard","meta":{"loftocean-featured-post":"","loftocean_post_format_gallery":"","loftocean_post_format_gallery_ids":"","loftocean_post_format_gallery_urls":"","loftocean_post_format_video_id":"","loftocean_post_format_video_url":"","loftocean_post_format_video_type":"","loftocean_post_format_video":"","loftocean_post_format_audio_type":"","loftocean_post_format_audio_url":"","loftocean_post_format_audio_id":"","loftocean_post_format_audio":"","loftocean_post_format_quote_text":"","loftocean_post_format_quote_byline":"","loftocean_post_format_link_text":"","loftocean_post_format_link_url":"","ceramag_post_header_style":"","ceramag_enable_background_video":"","ceramag_show_in_top_slider":"","ceramag_post_background_video_start":"","ceramag_post_background_video_end":"","loftocean_page_background_video_id":"","loftocean_page_background_video_url":"","loftocean_page_background_video_type":"","loftocean_page_background_video":"","ceramag_background_video_start":"","ceramag_background_video_end":"","ceramag_single_page_hide_header":"","footnotes":""},"categories":[35],"tags":[1113,1115,41,1112,44,429,1114,157,587,54,40,164,60],"class_list":["post-2499","post","type-post","status-publish","format-standard","has-post-thumbnail","hentry","category-politica-y-sociedad","tag-adicciones","tag-adictos","tag-cannabis","tag-donald-trump","tag-drogas","tag-eeuu","tag-emergencia-nacional","tag-heroina","tag-industria-farmaceutica","tag-legalizacion","tag-marihuana","tag-metadona","tag-salud-publica"],"yoast_head":"<!-- This site is optimized with the Yoast SEO plugin v24.9 - https:\/\/yoast.com\/wordpress\/plugins\/seo\/ -->\n<title>Emergencia NaZional de Salud P\u00fablica<\/title>\n<meta name=\"description\" content=\"Entrada &#8226; Portal multimedia sobre cannabis y otras sustancias &#8226; 9 noviembre, 2017\" \/>\n<meta name=\"robots\" content=\"index, follow, max-snippet:-1, max-image-preview:large, max-video-preview:-1\" \/>\n<link rel=\"canonical\" href=\"https:\/\/www.cannabis.es\/pw\/2017\/11\/09\/emergencia-nazional-de-salud-publica\/\" \/>\n<meta name=\"twitter:card\" content=\"summary_large_image\" \/>\n<meta name=\"twitter:title\" content=\"Emergencia NaZional de Salud P\u00fablica\" \/>\n<meta name=\"twitter:description\" content=\"Entrada &#8226; Portal multimedia sobre cannabis y otras sustancias &#8226; 9 noviembre, 2017\" \/>\n<meta name=\"twitter:image\" content=\"https:\/\/www.cannabis.es\/pw\/wp-content\/uploads\/2020\/05\/Portada_TrumpDr.jpg\" \/>\n<meta name=\"twitter:creator\" content=\"@cannabis_es\" \/>\n<meta name=\"twitter:site\" content=\"@cannabis_es\" \/>\n<meta name=\"twitter:label1\" content=\"Escrito por\" \/>\n\t<meta name=\"twitter:data1\" content=\"Cannabis.es\" \/>\n\t<meta name=\"twitter:label2\" content=\"Tiempo de lectura\" \/>\n\t<meta name=\"twitter:data2\" content=\"9 minutos\" \/>\n<script type=\"application\/ld+json\" class=\"yoast-schema-graph\">{\"@context\":\"https:\/\/schema.org\",\"@graph\":[{\"@type\":\"Article\",\"@id\":\"https:\/\/www.cannabis.es\/pw\/2017\/11\/09\/emergencia-nazional-de-salud-publica\/#article\",\"isPartOf\":{\"@id\":\"https:\/\/www.cannabis.es\/pw\/2017\/11\/09\/emergencia-nazional-de-salud-publica\/\"},\"author\":{\"name\":\"Cannabis.es\",\"@id\":\"https:\/\/www.cannabis.es\/pw\/#\/schema\/person\/e2fbd204580cf4fe74c79b82bc447374\"},\"headline\":\"Emergencia NaZional de Salud P\u00fablica\",\"datePublished\":\"2017-11-09T17:03:00+00:00\",\"dateModified\":\"2020-10-16T11:14:39+00:00\",\"mainEntityOfPage\":{\"@id\":\"https:\/\/www.cannabis.es\/pw\/2017\/11\/09\/emergencia-nazional-de-salud-publica\/\"},\"wordCount\":1774,\"publisher\":{\"@id\":\"https:\/\/www.cannabis.es\/pw\/#organization\"},\"image\":{\"@id\":\"https:\/\/www.cannabis.es\/pw\/2017\/11\/09\/emergencia-nazional-de-salud-publica\/#primaryimage\"},\"thumbnailUrl\":\"https:\/\/www.cannabis.es\/pw\/wp-content\/uploads\/2020\/05\/Portada_TrumpDr.jpg\",\"keywords\":[\"adicciones\",\"adictos\",\"cannabis\",\"Donald Trump\",\"drogas\",\"EEUU\",\"Emergencia nacional\",\"hero\u00edna\",\"industria farmac\u00e9utica\",\"legalizaci\u00f3n\",\"marihuana\",\"metadona\",\"salud p\u00fablica\"],\"articleSection\":[\"Pol\u00edtica y Sociedad\"],\"inLanguage\":\"es\"},{\"@type\":\"WebPage\",\"@id\":\"https:\/\/www.cannabis.es\/pw\/2017\/11\/09\/emergencia-nazional-de-salud-publica\/\",\"url\":\"https:\/\/www.cannabis.es\/pw\/2017\/11\/09\/emergencia-nazional-de-salud-publica\/\",\"name\":\"Emergencia NaZional de Salud P\u00fablica\",\"isPartOf\":{\"@id\":\"https:\/\/www.cannabis.es\/pw\/#website\"},\"primaryImageOfPage\":{\"@id\":\"https:\/\/www.cannabis.es\/pw\/2017\/11\/09\/emergencia-nazional-de-salud-publica\/#primaryimage\"},\"image\":{\"@id\":\"https:\/\/www.cannabis.es\/pw\/2017\/11\/09\/emergencia-nazional-de-salud-publica\/#primaryimage\"},\"thumbnailUrl\":\"https:\/\/www.cannabis.es\/pw\/wp-content\/uploads\/2020\/05\/Portada_TrumpDr.jpg\",\"datePublished\":\"2017-11-09T17:03:00+00:00\",\"dateModified\":\"2020-10-16T11:14:39+00:00\",\"description\":\"Entrada &#8226; Portal multimedia sobre cannabis y otras sustancias &#8226; 9 noviembre, 2017\",\"breadcrumb\":{\"@id\":\"https:\/\/www.cannabis.es\/pw\/2017\/11\/09\/emergencia-nazional-de-salud-publica\/#breadcrumb\"},\"inLanguage\":\"es\",\"potentialAction\":[{\"@type\":\"ReadAction\",\"target\":[\"https:\/\/www.cannabis.es\/pw\/2017\/11\/09\/emergencia-nazional-de-salud-publica\/\"]}]},{\"@type\":\"ImageObject\",\"inLanguage\":\"es\",\"@id\":\"https:\/\/www.cannabis.es\/pw\/2017\/11\/09\/emergencia-nazional-de-salud-publica\/#primaryimage\",\"url\":\"https:\/\/www.cannabis.es\/pw\/wp-content\/uploads\/2020\/05\/Portada_TrumpDr.jpg\",\"contentUrl\":\"https:\/\/www.cannabis.es\/pw\/wp-content\/uploads\/2020\/05\/Portada_TrumpDr.jpg\",\"width\":959,\"height\":475},{\"@type\":\"BreadcrumbList\",\"@id\":\"https:\/\/www.cannabis.es\/pw\/2017\/11\/09\/emergencia-nazional-de-salud-publica\/#breadcrumb\",\"itemListElement\":[{\"@type\":\"ListItem\",\"position\":1,\"name\":\"Portada\",\"item\":\"http:\/\/www.cannabis.es\/pw\/\"},{\"@type\":\"ListItem\",\"position\":2,\"name\":\"Emergencia NaZional de Salud P\u00fablica\"}]},{\"@type\":\"WebSite\",\"@id\":\"https:\/\/www.cannabis.es\/pw\/#website\",\"url\":\"https:\/\/www.cannabis.es\/pw\/\",\"name\":\"Cannabis\",\"description\":\"Portal multimedia sobre cannabis y otras sustancias\",\"publisher\":{\"@id\":\"https:\/\/www.cannabis.es\/pw\/#organization\"},\"potentialAction\":[{\"@type\":\"SearchAction\",\"target\":{\"@type\":\"EntryPoint\",\"urlTemplate\":\"https:\/\/www.cannabis.es\/pw\/?s={search_term_string}\"},\"query-input\":{\"@type\":\"PropertyValueSpecification\",\"valueRequired\":true,\"valueName\":\"search_term_string\"}}],\"inLanguage\":\"es\"},{\"@type\":\"Organization\",\"@id\":\"https:\/\/www.cannabis.es\/pw\/#organization\",\"name\":\"Cannabis.es\",\"url\":\"https:\/\/www.cannabis.es\/pw\/\",\"logo\":{\"@type\":\"ImageObject\",\"inLanguage\":\"es\",\"@id\":\"https:\/\/www.cannabis.es\/pw\/#\/schema\/logo\/image\/\",\"url\":\"https:\/\/www.cannabis.es\/pw\/wp-content\/uploads\/2019\/04\/cropped-logo_cannabis.png\",\"contentUrl\":\"https:\/\/www.cannabis.es\/pw\/wp-content\/uploads\/2019\/04\/cropped-logo_cannabis.png\",\"width\":361,\"height\":120,\"caption\":\"Cannabis.es\"},\"image\":{\"@id\":\"https:\/\/www.cannabis.es\/pw\/#\/schema\/logo\/image\/\"},\"sameAs\":[\"https:\/\/x.com\/cannabis_es\"]},{\"@type\":\"Person\",\"@id\":\"https:\/\/www.cannabis.es\/pw\/#\/schema\/person\/e2fbd204580cf4fe74c79b82bc447374\",\"name\":\"Cannabis.es\",\"image\":{\"@type\":\"ImageObject\",\"inLanguage\":\"es\",\"@id\":\"https:\/\/www.cannabis.es\/pw\/#\/schema\/person\/image\/\",\"url\":\"https:\/\/secure.gravatar.com\/avatar\/4375b1eb6e272e2e48a4b8a8def52e5f208151f555bb5906da616906ee6dd2e8?s=96&d=mm&r=g\",\"contentUrl\":\"https:\/\/secure.gravatar.com\/avatar\/4375b1eb6e272e2e48a4b8a8def52e5f208151f555bb5906da616906ee6dd2e8?s=96&d=mm&r=g\",\"caption\":\"Cannabis.es\"},\"url\":\"https:\/\/www.cannabis.es\/pw\/author\/cannabis\/\"}]}<\/script>\n<!-- \/ Yoast SEO plugin. -->","yoast_head_json":{"title":"Emergencia NaZional de Salud P\u00fablica","description":"Entrada &#8226; Portal multimedia sobre cannabis y otras sustancias &#8226; 9 noviembre, 2017","robots":{"index":"index","follow":"follow","max-snippet":"max-snippet:-1","max-image-preview":"max-image-preview:large","max-video-preview":"max-video-preview:-1"},"canonical":"https:\/\/www.cannabis.es\/pw\/2017\/11\/09\/emergencia-nazional-de-salud-publica\/","twitter_card":"summary_large_image","twitter_title":"Emergencia NaZional de Salud P\u00fablica","twitter_description":"Entrada &#8226; Portal multimedia sobre cannabis y otras sustancias &#8226; 9 noviembre, 2017","twitter_image":"https:\/\/www.cannabis.es\/pw\/wp-content\/uploads\/2020\/05\/Portada_TrumpDr.jpg","twitter_creator":"@cannabis_es","twitter_site":"@cannabis_es","twitter_misc":{"Escrito por":"Cannabis.es","Tiempo de lectura":"9 minutos"},"schema":{"@context":"https:\/\/schema.org","@graph":[{"@type":"Article","@id":"https:\/\/www.cannabis.es\/pw\/2017\/11\/09\/emergencia-nazional-de-salud-publica\/#article","isPartOf":{"@id":"https:\/\/www.cannabis.es\/pw\/2017\/11\/09\/emergencia-nazional-de-salud-publica\/"},"author":{"name":"Cannabis.es","@id":"https:\/\/www.cannabis.es\/pw\/#\/schema\/person\/e2fbd204580cf4fe74c79b82bc447374"},"headline":"Emergencia NaZional de Salud P\u00fablica","datePublished":"2017-11-09T17:03:00+00:00","dateModified":"2020-10-16T11:14:39+00:00","mainEntityOfPage":{"@id":"https:\/\/www.cannabis.es\/pw\/2017\/11\/09\/emergencia-nazional-de-salud-publica\/"},"wordCount":1774,"publisher":{"@id":"https:\/\/www.cannabis.es\/pw\/#organization"},"image":{"@id":"https:\/\/www.cannabis.es\/pw\/2017\/11\/09\/emergencia-nazional-de-salud-publica\/#primaryimage"},"thumbnailUrl":"https:\/\/www.cannabis.es\/pw\/wp-content\/uploads\/2020\/05\/Portada_TrumpDr.jpg","keywords":["adicciones","adictos","cannabis","Donald Trump","drogas","EEUU","Emergencia nacional","hero\u00edna","industria farmac\u00e9utica","legalizaci\u00f3n","marihuana","metadona","salud p\u00fablica"],"articleSection":["Pol\u00edtica y Sociedad"],"inLanguage":"es"},{"@type":"WebPage","@id":"https:\/\/www.cannabis.es\/pw\/2017\/11\/09\/emergencia-nazional-de-salud-publica\/","url":"https:\/\/www.cannabis.es\/pw\/2017\/11\/09\/emergencia-nazional-de-salud-publica\/","name":"Emergencia NaZional de Salud P\u00fablica","isPartOf":{"@id":"https:\/\/www.cannabis.es\/pw\/#website"},"primaryImageOfPage":{"@id":"https:\/\/www.cannabis.es\/pw\/2017\/11\/09\/emergencia-nazional-de-salud-publica\/#primaryimage"},"image":{"@id":"https:\/\/www.cannabis.es\/pw\/2017\/11\/09\/emergencia-nazional-de-salud-publica\/#primaryimage"},"thumbnailUrl":"https:\/\/www.cannabis.es\/pw\/wp-content\/uploads\/2020\/05\/Portada_TrumpDr.jpg","datePublished":"2017-11-09T17:03:00+00:00","dateModified":"2020-10-16T11:14:39+00:00","description":"Entrada &#8226; Portal multimedia sobre cannabis y otras sustancias &#8226; 9 noviembre, 2017","breadcrumb":{"@id":"https:\/\/www.cannabis.es\/pw\/2017\/11\/09\/emergencia-nazional-de-salud-publica\/#breadcrumb"},"inLanguage":"es","potentialAction":[{"@type":"ReadAction","target":["https:\/\/www.cannabis.es\/pw\/2017\/11\/09\/emergencia-nazional-de-salud-publica\/"]}]},{"@type":"ImageObject","inLanguage":"es","@id":"https:\/\/www.cannabis.es\/pw\/2017\/11\/09\/emergencia-nazional-de-salud-publica\/#primaryimage","url":"https:\/\/www.cannabis.es\/pw\/wp-content\/uploads\/2020\/05\/Portada_TrumpDr.jpg","contentUrl":"https:\/\/www.cannabis.es\/pw\/wp-content\/uploads\/2020\/05\/Portada_TrumpDr.jpg","width":959,"height":475},{"@type":"BreadcrumbList","@id":"https:\/\/www.cannabis.es\/pw\/2017\/11\/09\/emergencia-nazional-de-salud-publica\/#breadcrumb","itemListElement":[{"@type":"ListItem","position":1,"name":"Portada","item":"http:\/\/www.cannabis.es\/pw\/"},{"@type":"ListItem","position":2,"name":"Emergencia NaZional de Salud P\u00fablica"}]},{"@type":"WebSite","@id":"https:\/\/www.cannabis.es\/pw\/#website","url":"https:\/\/www.cannabis.es\/pw\/","name":"Cannabis","description":"Portal multimedia sobre cannabis y otras sustancias","publisher":{"@id":"https:\/\/www.cannabis.es\/pw\/#organization"},"potentialAction":[{"@type":"SearchAction","target":{"@type":"EntryPoint","urlTemplate":"https:\/\/www.cannabis.es\/pw\/?s={search_term_string}"},"query-input":{"@type":"PropertyValueSpecification","valueRequired":true,"valueName":"search_term_string"}}],"inLanguage":"es"},{"@type":"Organization","@id":"https:\/\/www.cannabis.es\/pw\/#organization","name":"Cannabis.es","url":"https:\/\/www.cannabis.es\/pw\/","logo":{"@type":"ImageObject","inLanguage":"es","@id":"https:\/\/www.cannabis.es\/pw\/#\/schema\/logo\/image\/","url":"https:\/\/www.cannabis.es\/pw\/wp-content\/uploads\/2019\/04\/cropped-logo_cannabis.png","contentUrl":"https:\/\/www.cannabis.es\/pw\/wp-content\/uploads\/2019\/04\/cropped-logo_cannabis.png","width":361,"height":120,"caption":"Cannabis.es"},"image":{"@id":"https:\/\/www.cannabis.es\/pw\/#\/schema\/logo\/image\/"},"sameAs":["https:\/\/x.com\/cannabis_es"]},{"@type":"Person","@id":"https:\/\/www.cannabis.es\/pw\/#\/schema\/person\/e2fbd204580cf4fe74c79b82bc447374","name":"Cannabis.es","image":{"@type":"ImageObject","inLanguage":"es","@id":"https:\/\/www.cannabis.es\/pw\/#\/schema\/person\/image\/","url":"https:\/\/secure.gravatar.com\/avatar\/4375b1eb6e272e2e48a4b8a8def52e5f208151f555bb5906da616906ee6dd2e8?s=96&d=mm&r=g","contentUrl":"https:\/\/secure.gravatar.com\/avatar\/4375b1eb6e272e2e48a4b8a8def52e5f208151f555bb5906da616906ee6dd2e8?s=96&d=mm&r=g","caption":"Cannabis.es"},"url":"https:\/\/www.cannabis.es\/pw\/author\/cannabis\/"}]}},"_links":{"self":[{"href":"https:\/\/www.cannabis.es\/pw\/wp-json\/wp\/v2\/posts\/2499","targetHints":{"allow":["GET"]}}],"collection":[{"href":"https:\/\/www.cannabis.es\/pw\/wp-json\/wp\/v2\/posts"}],"about":[{"href":"https:\/\/www.cannabis.es\/pw\/wp-json\/wp\/v2\/types\/post"}],"author":[{"embeddable":true,"href":"https:\/\/www.cannabis.es\/pw\/wp-json\/wp\/v2\/users\/1"}],"replies":[{"embeddable":true,"href":"https:\/\/www.cannabis.es\/pw\/wp-json\/wp\/v2\/comments?post=2499"}],"version-history":[{"count":4,"href":"https:\/\/www.cannabis.es\/pw\/wp-json\/wp\/v2\/posts\/2499\/revisions"}],"predecessor-version":[{"id":6154,"href":"https:\/\/www.cannabis.es\/pw\/wp-json\/wp\/v2\/posts\/2499\/revisions\/6154"}],"wp:featuredmedia":[{"embeddable":true,"href":"https:\/\/www.cannabis.es\/pw\/wp-json\/wp\/v2\/media\/2500"}],"wp:attachment":[{"href":"https:\/\/www.cannabis.es\/pw\/wp-json\/wp\/v2\/media?parent=2499"}],"wp:term":[{"taxonomy":"category","embeddable":true,"href":"https:\/\/www.cannabis.es\/pw\/wp-json\/wp\/v2\/categories?post=2499"},{"taxonomy":"post_tag","embeddable":true,"href":"https:\/\/www.cannabis.es\/pw\/wp-json\/wp\/v2\/tags?post=2499"}],"curies":[{"name":"wp","href":"https:\/\/api.w.org\/{rel}","templated":true}]}}