{"id":2548,"date":"2017-09-19T13:05:00","date_gmt":"2017-09-19T11:05:00","guid":{"rendered":"http:\/\/www.cannabis.es\/pw\/?p=2548"},"modified":"2020-10-16T13:49:06","modified_gmt":"2020-10-16T11:49:06","slug":"despenalizacion-integral-la-experiencia-en-portugal","status":"publish","type":"post","link":"https:\/\/www.cannabis.es\/pw\/2017\/09\/19\/despenalizacion-integral-la-experiencia-en-portugal\/","title":{"rendered":"Despenalizaci\u00f3n integral: la experiencia en Portugal"},"content":{"rendered":"\n<p>Camino por las calles de&nbsp;<strong>Lisboa<\/strong>, subiendo sus empinadas cuestas hasta el&nbsp;<strong>Miradouro da Santa Catarina<\/strong>. All\u00ed, turistas con sus c\u00e1maras fotogr\u00e1ficas en ristre, sacando fotos del paisaje de la desembocadura. El puente del 25 de abril se alza majestuoso atravesando el Tajo. Cerca, unos j\u00f3venes fuman lanzando espesas nubes blancas. El aroma dulz\u00f3n y pegajoso del&nbsp;<strong>hach\u00eds<\/strong>&nbsp;corre r\u00e1pido hasta disiparse en este lugar a cielo abierto.&nbsp;<strong>Es<\/strong>&nbsp;<strong>Portugal, el pa\u00eds que ha regularizado la situaci\u00f3n de las sustancias psicoactivas<\/strong>. De todas ellas. Un sitio que sirve de&nbsp;<strong>referencia para otros pa\u00edses<\/strong>&nbsp;que comienzan a fijarse en sus pol\u00edticas de libertad y responsabilidad, as\u00ed como de educaci\u00f3n y reinserci\u00f3n social.&nbsp;<\/p>\n\n\n\n<hr class=\"wp-block-separator\"\/>\n\n\n\n<h2 class=\"wp-block-heading\"><strong>Breve repaso a las pol\u00edticas de drogas del vecino luso<\/strong><\/h2>\n\n\n\n<h3 class=\"wp-block-heading\">El origen<\/h3>\n\n\n\n<p>A finales de la d\u00e9cada de&nbsp;<strong>los 90<\/strong>, el gobierno portugu\u00e9s encarg\u00f3 un informe a un reputado comit\u00e9 de expertos. Ven\u00edan de sufrir un grave&nbsp;<strong>problema social y de salud p\u00fablica<\/strong>, debido al fen\u00f3meno de la&nbsp;<strong>toxicoman\u00eda<\/strong>&nbsp;que asolaba el pa\u00eds, principalmente causado por el consumo abusivo de&nbsp;<a href=\"https:\/\/www.cannabis.es\/web\/2013-07-21-00-48-04\/sustancias\/24-drogopedia\/sustancias\/55-heroina\" target=\"_blank\" rel=\"noreferrer noopener\"><strong>hero\u00edna<\/strong><\/a>. Los datos apuntaban a un n\u00famero aproximado de&nbsp;<strong>100.000 usuarios de hero\u00edna por v\u00eda intravenosa.&nbsp;<\/strong>Estos datos revelaban un problema que preocupaba gravemente a la poblaci\u00f3n, como se deduce del&nbsp;<strong>Eurobar\u00f3metro de 1997<\/strong>, en el que los portugueses se\u00f1alaban los problemas derivados de la&nbsp;<strong>droga<\/strong>&nbsp;como el principal problema del pa\u00eds.<\/p>\n\n\n\n<p>Las&nbsp;<strong>recomendaciones de los expertos<\/strong>&nbsp;inclu\u00edan una estrategia de&nbsp;<strong>intervenci\u00f3n global<\/strong>, esto es, una gu\u00eda completa para la intervenci\u00f3n en este \u00e1mbito. De esta forma, la primera medida que se llev\u00f3 a cabo fue&nbsp;<a href=\"http:\/\/www.sicad.pt\/BK\/Institucional\/Legislacao\/Lists\/SICAD_LEGISLACAO\/Attachments\/756\/lei_7_97.pdf\" target=\"_blank\" rel=\"noreferrer noopener\">la Ley N\u00ba 7\/97 8 de marzo&nbsp;<\/a>que significaba la ampliaci\u00f3n de la red de salud para&nbsp;<strong>el tratamiento de adictos a las drogas<\/strong>&nbsp;con el fin de garantizar a los ciudadanos el acceso, informaci\u00f3n, tratamientos\u2026 Fue el comienzo de las reformas que marcar\u00edan la diferencia en el futuro.<\/p>\n\n\n\n<h3 class=\"wp-block-heading\">Las reformas<\/h3>\n\n\n\n<p>El 22 de abril de 1999 se fija un horizonte de actuaci\u00f3n hasta 2004. A partir de la&nbsp;<strong>ley 7\/97, Portugal<\/strong>&nbsp;vivi\u00f3 una profunda transici\u00f3n, no solo legislativa sino tambi\u00e9n de pensamiento.&nbsp;<strong><a href=\"http:\/\/www.sicad.pt\/BK\/Institucional\/Legislacao\/Lists\/SICAD_LEGISLACAO\/Attachments\/525\/lei_30_2000.pdf\" target=\"_blank\" rel=\"noreferrer noopener\">La&nbsp;&nbsp;Ley N\u00ba 30\/2000, de 29 de noviembre<\/a>&nbsp;despenaliza por completo el consumo de sustancias psicoactivas<\/strong>, definiendo un nuevo espacio legal y jur\u00eddico, amparando a su vez a las personas que consuman estas sustancias. M\u00e1s tarde,<strong>&nbsp;la adopci\u00f3n del&nbsp;<a href=\"http:\/\/www.sicad.pt\/BK\/Institucional\/Legislacao\/Lists\/SICAD_LEGISLACAO\/Attachments\/672\/dl_130_A_2001.pdf\" target=\"_blank\" rel=\"noreferrer noopener\">Decreto-Ley No. 130-a \/ 2001, de 23 de abril<\/a><\/strong>, dej\u00f3 de considerar delito el&nbsp;<strong>consumo de drogas<\/strong>, as\u00ed como la&nbsp;<strong>adquisici\u00f3n y posesi\u00f3n con objeto de consumo propio<\/strong>. Para la aplicaci\u00f3n de este decreto, se crearon las&nbsp;<strong>Comisiones para la Disuasi\u00f3n de la Toxicodependencia<\/strong>, que vinieron a sustituir a los tribunales judiciales como respuesta del Gobierno.<\/p>\n\n\n\n<p>El fortalecimiento de los&nbsp;<strong>sistemas p\u00fablicos de Sanidad en \u00e1reas de prevenci\u00f3n, tratamiento y rehabilitaci\u00f3n, ha sido otro de sus puntos fuerts<\/strong>. Adem\u00e1s, sus puntos de informaci\u00f3n, centros de respuesta en materia de&nbsp;<strong>reducci\u00f3n de riesgos, inclusi\u00f3n de equipos t\u00e9cnicos, equipos de calle, oficinas de apoyo y programas de apoyo y desintoxicaci\u00f3n<\/strong>, han sido&nbsp;<strong>pioneros<\/strong>&nbsp;en la implantaci\u00f3n de medidas al servicio del ciudadano.<\/p>\n\n\n\n<h3 class=\"wp-block-heading\">Los cambios<\/h3>\n\n\n\n<p>Hace 16 a\u00f1os que el&nbsp;<strong>plan Antidrogas del gobierno portugu\u00e9s<\/strong>&nbsp;se puso en marcha. A d\u00eda de hoy, la polic\u00eda lusa no se molesta en perseguir a los peque\u00f1os consumidores. Nadie que sea interceptado portando una cantidad de droga inferior al consumo propio estimado para 10 d\u00edas, ser\u00e1 sancionado en primer lugar. Estas cantidades est\u00e1n fijadas en&nbsp;<strong>un gramo de hero\u00edna, de MDMA, o de anfetamina; dos gramos de coca\u00edna, o 25 gramos de&nbsp;<a href=\"https:\/\/www.cannabis.es\/web\/2013-07-21-00-48-04\/sustancias\/24-drogopedia\/sustancias\/46-cannabis\" target=\"_blank\" rel=\"noreferrer noopener\">cannabis<\/a>. Esto es un consumo diario de 0,1g de hero\u00edna; 0,2g de&nbsp;<a href=\"https:\/\/www.cannabis.es\/web\/2013-07-21-00-48-04\/sustancias\/24-drogopedia\/sustancias\/54-cocaina\" target=\"_blank\" rel=\"noreferrer noopener\">coca\u00edna<\/a>; 2,5g de cannabis; 0,5g de hach\u00eds; 0,05g de delta-9-THC; 0,1g de anfetamina<\/strong>, como puede observarse.<\/p>\n\n\n\n<p>En el caso de que se reincida, ser\u00e1 encomendado a uno de las Comisiones de Disuasi\u00f3n, antes mencionadas o a pagar&nbsp;<strong>una peque\u00f1a multa econ\u00f3mica<\/strong>&nbsp;mediante el sistema de Tasas. &nbsp;<\/p>\n\n\n\n<p>A pesar de esta libertad,<strong>&nbsp;el tr\u00e1fico de drogas sigue siendo perseguido y condenado por v\u00eda penal<\/strong>, as\u00ed como&nbsp;<strong>el autocultivo<\/strong>&nbsp;<strong>y no hay ninguna ley que regule el cannabis terap\u00e9utico<\/strong>. Resulta curioso que una persona pueda consumir con m\u00e1s libertad pero tenga que recurrir al sistema criminal del&nbsp;<strong>mercado negro<\/strong>&nbsp;para conseguir su compra. Una contradicci\u00f3n, al parecer, muy del estilo portugu\u00e9s.<\/p>\n\n\n\n<p>En palabras de uno de los m\u00e1ximos impulsores de estas reformas,&nbsp;<strong>Jo\u00e3o Goul\u00e3o, m\u00e9dico y director del&nbsp;<a href=\"http:\/\/www.sicad.pt\/pt\/Paginas\/default.aspx\">SICAD<\/a>&nbsp;(Servi\u00e7o de Interven\u00e7\u00e3o de Comportamientos Aditivos en nas Dependencias)<\/strong>: \u201cla singularidad de la v\u00eda portuguesa no es la descriminalizaci\u00f3n del consumo, sino las&nbsp;<strong>pol\u00edticas de reducci\u00f3n de da\u00f1os y de reinserci\u00f3n social.<\/strong>\u201d El conocido como&nbsp;<strong><em>\u201cZar Antidroga\u201d<\/em><\/strong>&nbsp;portugu\u00e9s afirm\u00f3 en una entrevista: \u201cPortugal encontr\u00f3 una soluci\u00f3n, admirada en el mundo entero, de&nbsp;<a href=\"https:\/\/www.cannabis.es\/web\/features\/actuaidad\/363-expertos-reclaman-la-descriminalizacion-global-de-las-drogas\" target=\"_blank\" rel=\"noreferrer noopener\"><strong>descriminalizar sin despenalizar<\/strong><\/a>. Tenemos todo el tiempo para adaptar nuestras decisiones a la evidencia cient\u00edfica. No tengo ninguna resistencia mental a nuevas medidas permisivas, pero&nbsp;<strong><em>no debemos dar un salto adelante solo para ser los m\u00e1s modernos<\/em><\/strong>\u201d.<\/p>\n\n\n\n<h3 class=\"wp-block-heading\">Las cifras<\/h3>\n\n\n\n<p>Cuando estas medidas fueron tomando forma y siendo aplicadas,&nbsp;<strong>muchos pol\u00edticos y gobiernos europeos se opusieron<\/strong>. Argumentaban que estas libertades traer\u00edan consecuencias en forma de&nbsp;<strong>aumento de la drogodependencia<\/strong>. Que las mafias campar\u00edan por las calles y que las drogas envenenar\u00edan a sus hijos. Demasiado tiempo viviendo a la sombra de&nbsp;<strong>pol\u00edticas internacionales de la Guerra contra las Drogas<\/strong>, promulgadas por la administraci\u00f3n norteamericana de&nbsp;<strong>Reagan o Nixon<\/strong>. Pero a la luz del informe ofrecido por la&nbsp;<strong>organizaci\u00f3n independiente&nbsp;<\/strong><strong><a href=\"http:\/\/www.drugpolicy.org\/\">Drugpolicy.org<\/a><\/strong>&nbsp;en junio de 2015,&nbsp;<strong>no ha habido aumentos significativos en el consumo de drogas<\/strong>. Es m\u00e1s, en&nbsp;<strong>Portugal<\/strong>&nbsp;se ha experimentado una&nbsp;<strong>reducci\u00f3n en el consumo general desde 2001<\/strong>. Adem\u00e1s, las&nbsp;<strong>tasas de consumo de drogas<\/strong>&nbsp;permanecen en \u00e9ste pa\u00eds&nbsp;<strong>por debajo de los est\u00e1ndares europeos<\/strong>. \u201cNo hay duda de que el fen\u00f3meno de la adicci\u00f3n va en declive en Portugal\u201d, afirma Jo\u00e3o&nbsp;Goul\u00e3o.&nbsp; \u201cEl resultado de una serie de pol\u00edticas que tienen como prop\u00f3sito la reducci\u00f3n tanto de la oferta como de la demanda.\u201d<\/p>\n\n\n\n<p>Como podemos ver en la siguiente gr\u00e1fica, proporcionada en el&nbsp;<a href=\"http:\/\/www.sicad.pt\/PT\/EstatisticaInvestigacao\/Documents\/Sinopse%20Estat%C3%ADstica%202015%20-%20Substancias%20Il%C3%ADcitas.PT.pdf\">informe estad\u00edstico de 2015 sobre Substancias Il\u00edcitas<\/a>&nbsp;de&nbsp;<strong>SICAD<\/strong>, por ejemplo en el&nbsp;<strong>cannabis<\/strong>, la evoluci\u00f3n tanto en el consumo como en la dependencia se ha reducido en el periodo 2001-2012.<\/p>\n\n\n\n<figure class=\"wp-block-image\"><img decoding=\"async\" src=\"https:\/\/www.cannabis.es\/web\/images\/drogas_portugal\/portugal_1.jpg\" alt=\"Despenalizaci\u00f3n integral: la experiencia en Portugal\"\/><\/figure>\n\n\n\n<p><strong>Fuente:<\/strong>&nbsp;Sicad.pt<\/p>\n\n\n\n<p>Tambi\u00e9n podemos observar en esta gr\u00e1fica, que el n\u00famero de personas notificadas enfermas de&nbsp;<strong>VIH y SIDA<\/strong>, uno de los problemas que origin\u00f3 el cambio legislativo,&nbsp;<strong>ha venido reduci\u00e9ndose<\/strong>&nbsp;de forma muy significativa.<\/p>\n\n\n\n<figure class=\"wp-block-image\"><img decoding=\"async\" src=\"https:\/\/www.cannabis.es\/web\/images\/drogas_portugal\/portugal_2.jpg\" alt=\"portugal 2\"\/><\/figure>\n\n\n\n<p><strong>Fuente:<\/strong>&nbsp;Sicad.pt<strong>&nbsp;<\/strong><\/p>\n\n\n\n<h3 class=\"wp-block-heading\">En la calle<\/h3>\n\n\n\n<p>Desciendo por la calle&nbsp;<strong>Rua da Vica de Duarte Belo<\/strong>. De noche, esta calle se convierte en un bullicioso rinc\u00f3n de&nbsp;<strong>Lisboa<\/strong>, donde no faltan las&nbsp;<strong><em>caipirinhas ni los mojitos<\/em><\/strong>. Un chaval me ofrece un botell\u00edn de&nbsp;<strong><em>Sagres<\/em><\/strong>&nbsp;bien fr\u00eda. Me lo tomo sentado en las escaleras, donde conozco a un par de lisboetas. Sim\u00f3n y Tomtom me explican que&nbsp;<strong>no tienen clubes de fumadores<\/strong>&nbsp;pero que&nbsp;<strong>nadie me dir\u00e1 nada por fumarme un porro en la calle<\/strong>. Aunque a\u00fan quedan asuntos por tratar y problemas por resolver, Portugal sigue siendo&nbsp;<strong>pionera en la regularizaci\u00f3n<\/strong>. Pero, \u00bfpor cu\u00e1nto tiempo? \u00bfQui\u00e9nes ser\u00e1n los siguientes?&nbsp;<br><\/p>\n","protected":false},"excerpt":{"rendered":"<span class=\"span-reading-time rt-reading-time\" style=\"display: block;\"><span class=\"rt-label rt-prefix\">Tiempo de lectura:<\/span> <span class=\"rt-time\"> 4<\/span> <span class=\"rt-label rt-postfix\">minutos<\/span><\/span>Camino por las calles de&nbsp;Lisboa, subiendo sus empinadas cuestas hasta el&nbsp;Miradouro da Santa Catarina. All\u00ed, turistas con sus c\u00e1maras fotogr\u00e1ficas en ristre, sacando fotos del paisaje de la desembocadura. El puente del 25 de abril se alza majestuoso atravesando el Tajo. Cerca, unos j\u00f3venes fuman lanzando espesas nubes blancas. El aroma dulz\u00f3n y pegajoso del&nbsp;hach\u00eds&nbsp;corre [&hellip;]","protected":false},"author":1,"featured_media":2549,"comment_status":"closed","ping_status":"closed","sticky":false,"template":"","format":"standard","meta":{"loftocean-featured-post":"","loftocean_post_format_gallery":"","loftocean_post_format_gallery_ids":"","loftocean_post_format_gallery_urls":"","loftocean_post_format_video_id":"","loftocean_post_format_video_url":"","loftocean_post_format_video_type":"","loftocean_post_format_video":"","loftocean_post_format_audio_type":"","loftocean_post_format_audio_url":"","loftocean_post_format_audio_id":"","loftocean_post_format_audio":"","loftocean_post_format_quote_text":"","loftocean_post_format_quote_byline":"","loftocean_post_format_link_text":"","loftocean_post_format_link_url":"","ceramag_post_header_style":"","ceramag_enable_background_video":"","ceramag_show_in_top_slider":"","ceramag_post_background_video_start":"","ceramag_post_background_video_end":"","loftocean_page_background_video_id":"","loftocean_page_background_video_url":"","loftocean_page_background_video_type":"","loftocean_page_background_video":"","ceramag_background_video_start":"","ceramag_background_video_end":"","ceramag_single_page_hide_header":"","footnotes":""},"categories":[34],"tags":[1144,54,741,848,847,1143,56,537],"class_list":["post-2548","post","type-post","status-publish","format-standard","has-post-thumbnail","hentry","category-reportajes","tag-descriminalizacion","tag-legalizacion","tag-leyes","tag-politica-de-drogas","tag-politica-sobre-drogas","tag-portugal","tag-regulacion-cannabis","tag-regulacion-integral-del-cannabis"],"yoast_head":"<!-- This site is optimized with the Yoast SEO plugin v24.9 - https:\/\/yoast.com\/wordpress\/plugins\/seo\/ -->\n<title>Despenalizaci\u00f3n integral: la experiencia en Portugal<\/title>\n<meta name=\"description\" content=\"Entrada &#8226; Portal multimedia sobre cannabis y otras sustancias &#8226; 19 septiembre, 2017\" \/>\n<meta name=\"robots\" content=\"index, follow, max-snippet:-1, max-image-preview:large, max-video-preview:-1\" \/>\n<link rel=\"canonical\" href=\"https:\/\/www.cannabis.es\/pw\/2017\/09\/19\/despenalizacion-integral-la-experiencia-en-portugal\/\" \/>\n<meta name=\"twitter:card\" content=\"summary_large_image\" \/>\n<meta name=\"twitter:title\" content=\"Despenalizaci\u00f3n integral: la experiencia en Portugal\" \/>\n<meta name=\"twitter:description\" content=\"Entrada &#8226; Portal multimedia sobre cannabis y otras sustancias &#8226; 19 septiembre, 2017\" \/>\n<meta name=\"twitter:image\" content=\"https:\/\/www.cannabis.es\/pw\/wp-content\/uploads\/2020\/05\/portugal_portada.jpg\" \/>\n<meta name=\"twitter:creator\" content=\"@cannabis_es\" \/>\n<meta name=\"twitter:site\" content=\"@cannabis_es\" \/>\n<meta name=\"twitter:label1\" content=\"Escrito por\" \/>\n\t<meta name=\"twitter:data1\" content=\"Cannabis.es\" \/>\n\t<meta name=\"twitter:label2\" content=\"Tiempo de lectura\" \/>\n\t<meta name=\"twitter:data2\" content=\"7 minutos\" \/>\n<script type=\"application\/ld+json\" class=\"yoast-schema-graph\">{\"@context\":\"https:\/\/schema.org\",\"@graph\":[{\"@type\":\"Article\",\"@id\":\"https:\/\/www.cannabis.es\/pw\/2017\/09\/19\/despenalizacion-integral-la-experiencia-en-portugal\/#article\",\"isPartOf\":{\"@id\":\"https:\/\/www.cannabis.es\/pw\/2017\/09\/19\/despenalizacion-integral-la-experiencia-en-portugal\/\"},\"author\":{\"name\":\"Cannabis.es\",\"@id\":\"https:\/\/www.cannabis.es\/pw\/#\/schema\/person\/e2fbd204580cf4fe74c79b82bc447374\"},\"headline\":\"Despenalizaci\u00f3n integral: la experiencia en Portugal\",\"datePublished\":\"2017-09-19T11:05:00+00:00\",\"dateModified\":\"2020-10-16T11:49:06+00:00\",\"mainEntityOfPage\":{\"@id\":\"https:\/\/www.cannabis.es\/pw\/2017\/09\/19\/despenalizacion-integral-la-experiencia-en-portugal\/\"},\"wordCount\":1370,\"publisher\":{\"@id\":\"https:\/\/www.cannabis.es\/pw\/#organization\"},\"image\":{\"@id\":\"https:\/\/www.cannabis.es\/pw\/2017\/09\/19\/despenalizacion-integral-la-experiencia-en-portugal\/#primaryimage\"},\"thumbnailUrl\":\"https:\/\/www.cannabis.es\/pw\/wp-content\/uploads\/2020\/05\/portugal_portada.jpg\",\"keywords\":[\"descriminalizaci\u00f3n\",\"legalizaci\u00f3n\",\"leyes\",\"pol\u00edtica de drogas\",\"pol\u00edtica sobre drogas\",\"Portugal\",\"regulaci\u00f3n cannabis\",\"regulaci\u00f3n integral del cannabis\"],\"articleSection\":[\"Reportajes\"],\"inLanguage\":\"es\"},{\"@type\":\"WebPage\",\"@id\":\"https:\/\/www.cannabis.es\/pw\/2017\/09\/19\/despenalizacion-integral-la-experiencia-en-portugal\/\",\"url\":\"https:\/\/www.cannabis.es\/pw\/2017\/09\/19\/despenalizacion-integral-la-experiencia-en-portugal\/\",\"name\":\"Despenalizaci\u00f3n integral: la experiencia en Portugal\",\"isPartOf\":{\"@id\":\"https:\/\/www.cannabis.es\/pw\/#website\"},\"primaryImageOfPage\":{\"@id\":\"https:\/\/www.cannabis.es\/pw\/2017\/09\/19\/despenalizacion-integral-la-experiencia-en-portugal\/#primaryimage\"},\"image\":{\"@id\":\"https:\/\/www.cannabis.es\/pw\/2017\/09\/19\/despenalizacion-integral-la-experiencia-en-portugal\/#primaryimage\"},\"thumbnailUrl\":\"https:\/\/www.cannabis.es\/pw\/wp-content\/uploads\/2020\/05\/portugal_portada.jpg\",\"datePublished\":\"2017-09-19T11:05:00+00:00\",\"dateModified\":\"2020-10-16T11:49:06+00:00\",\"description\":\"Entrada &#8226; Portal multimedia sobre cannabis y otras sustancias &#8226; 19 septiembre, 2017\",\"breadcrumb\":{\"@id\":\"https:\/\/www.cannabis.es\/pw\/2017\/09\/19\/despenalizacion-integral-la-experiencia-en-portugal\/#breadcrumb\"},\"inLanguage\":\"es\",\"potentialAction\":[{\"@type\":\"ReadAction\",\"target\":[\"https:\/\/www.cannabis.es\/pw\/2017\/09\/19\/despenalizacion-integral-la-experiencia-en-portugal\/\"]}]},{\"@type\":\"ImageObject\",\"inLanguage\":\"es\",\"@id\":\"https:\/\/www.cannabis.es\/pw\/2017\/09\/19\/despenalizacion-integral-la-experiencia-en-portugal\/#primaryimage\",\"url\":\"https:\/\/www.cannabis.es\/pw\/wp-content\/uploads\/2020\/05\/portugal_portada.jpg\",\"contentUrl\":\"https:\/\/www.cannabis.es\/pw\/wp-content\/uploads\/2020\/05\/portugal_portada.jpg\",\"width\":959,\"height\":475},{\"@type\":\"BreadcrumbList\",\"@id\":\"https:\/\/www.cannabis.es\/pw\/2017\/09\/19\/despenalizacion-integral-la-experiencia-en-portugal\/#breadcrumb\",\"itemListElement\":[{\"@type\":\"ListItem\",\"position\":1,\"name\":\"Portada\",\"item\":\"http:\/\/www.cannabis.es\/pw\/\"},{\"@type\":\"ListItem\",\"position\":2,\"name\":\"Despenalizaci\u00f3n integral: la experiencia en Portugal\"}]},{\"@type\":\"WebSite\",\"@id\":\"https:\/\/www.cannabis.es\/pw\/#website\",\"url\":\"https:\/\/www.cannabis.es\/pw\/\",\"name\":\"Cannabis\",\"description\":\"Portal multimedia sobre cannabis y otras sustancias\",\"publisher\":{\"@id\":\"https:\/\/www.cannabis.es\/pw\/#organization\"},\"potentialAction\":[{\"@type\":\"SearchAction\",\"target\":{\"@type\":\"EntryPoint\",\"urlTemplate\":\"https:\/\/www.cannabis.es\/pw\/?s={search_term_string}\"},\"query-input\":{\"@type\":\"PropertyValueSpecification\",\"valueRequired\":true,\"valueName\":\"search_term_string\"}}],\"inLanguage\":\"es\"},{\"@type\":\"Organization\",\"@id\":\"https:\/\/www.cannabis.es\/pw\/#organization\",\"name\":\"Cannabis.es\",\"url\":\"https:\/\/www.cannabis.es\/pw\/\",\"logo\":{\"@type\":\"ImageObject\",\"inLanguage\":\"es\",\"@id\":\"https:\/\/www.cannabis.es\/pw\/#\/schema\/logo\/image\/\",\"url\":\"https:\/\/www.cannabis.es\/pw\/wp-content\/uploads\/2019\/04\/cropped-logo_cannabis.png\",\"contentUrl\":\"https:\/\/www.cannabis.es\/pw\/wp-content\/uploads\/2019\/04\/cropped-logo_cannabis.png\",\"width\":361,\"height\":120,\"caption\":\"Cannabis.es\"},\"image\":{\"@id\":\"https:\/\/www.cannabis.es\/pw\/#\/schema\/logo\/image\/\"},\"sameAs\":[\"https:\/\/x.com\/cannabis_es\"]},{\"@type\":\"Person\",\"@id\":\"https:\/\/www.cannabis.es\/pw\/#\/schema\/person\/e2fbd204580cf4fe74c79b82bc447374\",\"name\":\"Cannabis.es\",\"image\":{\"@type\":\"ImageObject\",\"inLanguage\":\"es\",\"@id\":\"https:\/\/www.cannabis.es\/pw\/#\/schema\/person\/image\/\",\"url\":\"https:\/\/secure.gravatar.com\/avatar\/4375b1eb6e272e2e48a4b8a8def52e5f208151f555bb5906da616906ee6dd2e8?s=96&d=mm&r=g\",\"contentUrl\":\"https:\/\/secure.gravatar.com\/avatar\/4375b1eb6e272e2e48a4b8a8def52e5f208151f555bb5906da616906ee6dd2e8?s=96&d=mm&r=g\",\"caption\":\"Cannabis.es\"},\"url\":\"https:\/\/www.cannabis.es\/pw\/author\/cannabis\/\"}]}<\/script>\n<!-- \/ Yoast SEO plugin. -->","yoast_head_json":{"title":"Despenalizaci\u00f3n integral: la experiencia en Portugal","description":"Entrada &#8226; Portal multimedia sobre cannabis y otras sustancias &#8226; 19 septiembre, 2017","robots":{"index":"index","follow":"follow","max-snippet":"max-snippet:-1","max-image-preview":"max-image-preview:large","max-video-preview":"max-video-preview:-1"},"canonical":"https:\/\/www.cannabis.es\/pw\/2017\/09\/19\/despenalizacion-integral-la-experiencia-en-portugal\/","twitter_card":"summary_large_image","twitter_title":"Despenalizaci\u00f3n integral: la experiencia en Portugal","twitter_description":"Entrada &#8226; Portal multimedia sobre cannabis y otras sustancias &#8226; 19 septiembre, 2017","twitter_image":"https:\/\/www.cannabis.es\/pw\/wp-content\/uploads\/2020\/05\/portugal_portada.jpg","twitter_creator":"@cannabis_es","twitter_site":"@cannabis_es","twitter_misc":{"Escrito por":"Cannabis.es","Tiempo de lectura":"7 minutos"},"schema":{"@context":"https:\/\/schema.org","@graph":[{"@type":"Article","@id":"https:\/\/www.cannabis.es\/pw\/2017\/09\/19\/despenalizacion-integral-la-experiencia-en-portugal\/#article","isPartOf":{"@id":"https:\/\/www.cannabis.es\/pw\/2017\/09\/19\/despenalizacion-integral-la-experiencia-en-portugal\/"},"author":{"name":"Cannabis.es","@id":"https:\/\/www.cannabis.es\/pw\/#\/schema\/person\/e2fbd204580cf4fe74c79b82bc447374"},"headline":"Despenalizaci\u00f3n integral: la experiencia en Portugal","datePublished":"2017-09-19T11:05:00+00:00","dateModified":"2020-10-16T11:49:06+00:00","mainEntityOfPage":{"@id":"https:\/\/www.cannabis.es\/pw\/2017\/09\/19\/despenalizacion-integral-la-experiencia-en-portugal\/"},"wordCount":1370,"publisher":{"@id":"https:\/\/www.cannabis.es\/pw\/#organization"},"image":{"@id":"https:\/\/www.cannabis.es\/pw\/2017\/09\/19\/despenalizacion-integral-la-experiencia-en-portugal\/#primaryimage"},"thumbnailUrl":"https:\/\/www.cannabis.es\/pw\/wp-content\/uploads\/2020\/05\/portugal_portada.jpg","keywords":["descriminalizaci\u00f3n","legalizaci\u00f3n","leyes","pol\u00edtica de drogas","pol\u00edtica sobre drogas","Portugal","regulaci\u00f3n cannabis","regulaci\u00f3n integral del cannabis"],"articleSection":["Reportajes"],"inLanguage":"es"},{"@type":"WebPage","@id":"https:\/\/www.cannabis.es\/pw\/2017\/09\/19\/despenalizacion-integral-la-experiencia-en-portugal\/","url":"https:\/\/www.cannabis.es\/pw\/2017\/09\/19\/despenalizacion-integral-la-experiencia-en-portugal\/","name":"Despenalizaci\u00f3n integral: la experiencia en Portugal","isPartOf":{"@id":"https:\/\/www.cannabis.es\/pw\/#website"},"primaryImageOfPage":{"@id":"https:\/\/www.cannabis.es\/pw\/2017\/09\/19\/despenalizacion-integral-la-experiencia-en-portugal\/#primaryimage"},"image":{"@id":"https:\/\/www.cannabis.es\/pw\/2017\/09\/19\/despenalizacion-integral-la-experiencia-en-portugal\/#primaryimage"},"thumbnailUrl":"https:\/\/www.cannabis.es\/pw\/wp-content\/uploads\/2020\/05\/portugal_portada.jpg","datePublished":"2017-09-19T11:05:00+00:00","dateModified":"2020-10-16T11:49:06+00:00","description":"Entrada &#8226; Portal multimedia sobre cannabis y otras sustancias &#8226; 19 septiembre, 2017","breadcrumb":{"@id":"https:\/\/www.cannabis.es\/pw\/2017\/09\/19\/despenalizacion-integral-la-experiencia-en-portugal\/#breadcrumb"},"inLanguage":"es","potentialAction":[{"@type":"ReadAction","target":["https:\/\/www.cannabis.es\/pw\/2017\/09\/19\/despenalizacion-integral-la-experiencia-en-portugal\/"]}]},{"@type":"ImageObject","inLanguage":"es","@id":"https:\/\/www.cannabis.es\/pw\/2017\/09\/19\/despenalizacion-integral-la-experiencia-en-portugal\/#primaryimage","url":"https:\/\/www.cannabis.es\/pw\/wp-content\/uploads\/2020\/05\/portugal_portada.jpg","contentUrl":"https:\/\/www.cannabis.es\/pw\/wp-content\/uploads\/2020\/05\/portugal_portada.jpg","width":959,"height":475},{"@type":"BreadcrumbList","@id":"https:\/\/www.cannabis.es\/pw\/2017\/09\/19\/despenalizacion-integral-la-experiencia-en-portugal\/#breadcrumb","itemListElement":[{"@type":"ListItem","position":1,"name":"Portada","item":"http:\/\/www.cannabis.es\/pw\/"},{"@type":"ListItem","position":2,"name":"Despenalizaci\u00f3n integral: la experiencia en Portugal"}]},{"@type":"WebSite","@id":"https:\/\/www.cannabis.es\/pw\/#website","url":"https:\/\/www.cannabis.es\/pw\/","name":"Cannabis","description":"Portal multimedia sobre cannabis y otras sustancias","publisher":{"@id":"https:\/\/www.cannabis.es\/pw\/#organization"},"potentialAction":[{"@type":"SearchAction","target":{"@type":"EntryPoint","urlTemplate":"https:\/\/www.cannabis.es\/pw\/?s={search_term_string}"},"query-input":{"@type":"PropertyValueSpecification","valueRequired":true,"valueName":"search_term_string"}}],"inLanguage":"es"},{"@type":"Organization","@id":"https:\/\/www.cannabis.es\/pw\/#organization","name":"Cannabis.es","url":"https:\/\/www.cannabis.es\/pw\/","logo":{"@type":"ImageObject","inLanguage":"es","@id":"https:\/\/www.cannabis.es\/pw\/#\/schema\/logo\/image\/","url":"https:\/\/www.cannabis.es\/pw\/wp-content\/uploads\/2019\/04\/cropped-logo_cannabis.png","contentUrl":"https:\/\/www.cannabis.es\/pw\/wp-content\/uploads\/2019\/04\/cropped-logo_cannabis.png","width":361,"height":120,"caption":"Cannabis.es"},"image":{"@id":"https:\/\/www.cannabis.es\/pw\/#\/schema\/logo\/image\/"},"sameAs":["https:\/\/x.com\/cannabis_es"]},{"@type":"Person","@id":"https:\/\/www.cannabis.es\/pw\/#\/schema\/person\/e2fbd204580cf4fe74c79b82bc447374","name":"Cannabis.es","image":{"@type":"ImageObject","inLanguage":"es","@id":"https:\/\/www.cannabis.es\/pw\/#\/schema\/person\/image\/","url":"https:\/\/secure.gravatar.com\/avatar\/4375b1eb6e272e2e48a4b8a8def52e5f208151f555bb5906da616906ee6dd2e8?s=96&d=mm&r=g","contentUrl":"https:\/\/secure.gravatar.com\/avatar\/4375b1eb6e272e2e48a4b8a8def52e5f208151f555bb5906da616906ee6dd2e8?s=96&d=mm&r=g","caption":"Cannabis.es"},"url":"https:\/\/www.cannabis.es\/pw\/author\/cannabis\/"}]}},"_links":{"self":[{"href":"https:\/\/www.cannabis.es\/pw\/wp-json\/wp\/v2\/posts\/2548","targetHints":{"allow":["GET"]}}],"collection":[{"href":"https:\/\/www.cannabis.es\/pw\/wp-json\/wp\/v2\/posts"}],"about":[{"href":"https:\/\/www.cannabis.es\/pw\/wp-json\/wp\/v2\/types\/post"}],"author":[{"embeddable":true,"href":"https:\/\/www.cannabis.es\/pw\/wp-json\/wp\/v2\/users\/1"}],"replies":[{"embeddable":true,"href":"https:\/\/www.cannabis.es\/pw\/wp-json\/wp\/v2\/comments?post=2548"}],"version-history":[{"count":1,"href":"https:\/\/www.cannabis.es\/pw\/wp-json\/wp\/v2\/posts\/2548\/revisions"}],"predecessor-version":[{"id":2550,"href":"https:\/\/www.cannabis.es\/pw\/wp-json\/wp\/v2\/posts\/2548\/revisions\/2550"}],"wp:featuredmedia":[{"embeddable":true,"href":"https:\/\/www.cannabis.es\/pw\/wp-json\/wp\/v2\/media\/2549"}],"wp:attachment":[{"href":"https:\/\/www.cannabis.es\/pw\/wp-json\/wp\/v2\/media?parent=2548"}],"wp:term":[{"taxonomy":"category","embeddable":true,"href":"https:\/\/www.cannabis.es\/pw\/wp-json\/wp\/v2\/categories?post=2548"},{"taxonomy":"post_tag","embeddable":true,"href":"https:\/\/www.cannabis.es\/pw\/wp-json\/wp\/v2\/tags?post=2548"}],"curies":[{"name":"wp","href":"https:\/\/api.w.org\/{rel}","templated":true}]}}