{"id":2551,"date":"2017-09-18T13:07:57","date_gmt":"2017-09-18T11:07:57","guid":{"rendered":"http:\/\/www.cannabis.es\/pw\/?p=2551"},"modified":"2020-10-16T13:49:15","modified_gmt":"2020-10-16T11:49:15","slug":"expogrow-se-consolida-como-cita-internacional-de-la-industria-del-cannabis","status":"publish","type":"post","link":"https:\/\/www.cannabis.es\/pw\/2017\/09\/18\/expogrow-se-consolida-como-cita-internacional-de-la-industria-del-cannabis\/","title":{"rendered":"Expogrow, se consolida como cita internacional de la industria del cannabis"},"content":{"rendered":"\n<p><strong>En su sexta edici\u00f3n la Feria se asienta con 17.000 visitas,<\/strong>&nbsp;<strong>1.500 profesionales, aumento del espacio expositivo y 180 empresas que fidelizan su participaci\u00f3n en un 80%.&nbsp;<\/strong>La sexta edici\u00f3n de&nbsp;<strong>Expogrow<\/strong>&nbsp;cerr\u00f3 sus puertas ayer 17 confirm\u00e1ndose como una feria profesional cann\u00e1bica de referencia, por la calidad de su p\u00fablico y su marcado car\u00e1cter profesional.<\/p>\n\n\n\n<hr class=\"wp-block-separator\"\/>\n\n\n\n<p>Mediante un comunicado de prensa de balance, l a organizaci\u00f3n se ha mostrado&nbsp;satisfecha por los resultados finales con&nbsp;<strong>1.500 profesionales<\/strong>&nbsp;acreditados, el&nbsp;<strong>aumento en espacio expositivo<\/strong>&nbsp;que este a\u00f1o ha superado los 3.100 m2 repartidos en los cuatro pabellones del recinto y las&nbsp;<strong>m\u00e1s de 180 empresas<\/strong>&nbsp;y marcas que han apostado nuevamente por participar en la Feria. Lo que supone una confirmaci\u00f3n del 80% de&nbsp;<strong>fidelizaci\u00f3n<\/strong>&nbsp;por su parte.<\/p>\n\n\n\n<p>En referencia a la asistencia son&nbsp;<strong>17000 visitas<\/strong>&nbsp;las que ha recibido&nbsp;<strong>Ficoba<\/strong>&nbsp;<strong>(Irun)&nbsp;<\/strong>durante los tres d\u00edas de Feria, a pesar de una climatolog\u00eda muy poco favorable.&nbsp;<strong>Expogrow<\/strong>&nbsp;se ha convertido en la&nbsp;<strong>cita internacional del cannabis<\/strong>&nbsp;y sus organizadores la han calificado de \u2018imprescindible\u2019 en el sector para profesionales y \u2018esperada por el p\u00fablico\u2019. Los participantes llegados para esta edici\u00f3n de pa\u00edses como Grecia, Holanda, Italia, Francia, Inglaterra aportan una dimensi\u00f3n europea y transnacional al sal\u00f3n.<\/p>\n\n\n\n<p>La&nbsp;<strong>asistencia francesa&nbsp;<\/strong>se ha mantenido al alza, creciendo cada a\u00f1o y confirmando a la Feria como el encuentro m\u00e1s especializado e innovador al que no hay que faltar. Este a\u00f1o m\u00e1s del 60% del p\u00fablico asistente hab\u00eda atravesado al sur de la frontera francesa. Para las empresas, los profesionales, los medios de comunicaci\u00f3n, las asociaciones y el p\u00fablico franc\u00e9s,&nbsp;<strong>Expogrow<\/strong>&nbsp;es su Feria de cannabis.&nbsp; La legislaci\u00f3n gala no permite un evento de estas caracter\u00edsticas, por lo que el sal\u00f3n de Ir\u00fan se convierte en la cita anual donde se congrega el sector profesional y civil franc\u00e9s.<\/p>\n\n\n\n<p>Durante este largo fin de semana ha habido tiempo para todo, trabajo y disfrute. Uno de los puntos m\u00e1s destacados y positivos de la Feria es la&nbsp;<strong>Sesi\u00f3n B2B<\/strong>, cerrada al p\u00fablico hasta las 14:30h del viernes. Una oportunidad \u00fanica para que los profesionales puedan dedicar ese tiempo necesario y personalizado al cliente.<\/p>\n\n\n\n<p>La&nbsp;opini\u00f3n es un\u00e1nime a la hora de considerar esta jornada como clave para facilitar y fortalecer las relaciones comerciales de forma estructurada.<\/p>\n\n\n\n<p>Uno de los desaf\u00edos a los que se enfrentaba&nbsp;<strong>Expogrow<\/strong>&nbsp;y la<a href=\"https:\/\/www.cannabis.es\/web\/features\/entrevistas\/623-espana-en-4-anos-podria-estar-preparada-para-una-ley-integral-del-cannabis\" target=\"_blank\" rel=\"noreferrer noopener\">&nbsp;<strong>Fundaci\u00f3n Renovatio<\/strong><\/a>&nbsp;esta edici\u00f3n, era acercar el espacio de reflexi\u00f3n y debate que siempre ha caracterizado a esta Feria (el antes conocido como&nbsp;<strong>Foro Social International<\/strong>) a un p\u00fablico mayor. El nuevo formato&nbsp;<em>talk-show<\/em>&nbsp;denominado&nbsp;<strong>Cannabis Box Forum&nbsp;<\/strong>ha permitido ampliar la participaci\u00f3n y la interacci\u00f3n de los invitados con los asistentes a esta respetada cita cann\u00e1bica. La ubicaci\u00f3n en la galer\u00eda acristalada de Ficoba ha resultado ser&nbsp; el lugar indicado para este acercamiento e integraci\u00f3n en la Feria.<\/p>\n\n\n\n<p>Durante estos dos d\u00edas de debates los visitantes han sido testigo de la experiencia de&nbsp;<strong>destacados expertos<\/strong>&nbsp;en los campos de la&nbsp;<strong>ciencia<\/strong>,&nbsp;<strong>medicina<\/strong>, la&nbsp;<strong>regulaci\u00f3n<\/strong>, la&nbsp;<strong>innovaci\u00f3n industrial<\/strong>&nbsp;o la evoluci\u00f3n de las&nbsp;<strong>pol\u00edticas de drogas<\/strong>&nbsp;en sus diferentes modalidades nacionales e internacionales. Al panel de especialistas se han sumado este a\u00f1o numerosos&nbsp;<strong>invitados del \u00e1mbito civil y el empresarial<\/strong>&nbsp;que est\u00e1n trabajando para facilitar el conocimiento y las aplicaciones a\u00fan por explotar entorno al cannabis. El americano&nbsp;<strong>Michael Collins<\/strong>&nbsp;y el uruguayo&nbsp;<strong>Augusto Vitale<\/strong>&nbsp;son las figuras que m\u00e1s expectaci\u00f3n han despertado a la hora de sus charlas.<\/p>\n\n\n\n<p>En la parte m\u00e1s festiva y de ocio, el&nbsp;<strong>Festival de M\u00fasica<\/strong>&nbsp;vuelve a demostrar que&nbsp;<strong>Expogrow<\/strong>&nbsp;es mucho m\u00e1s que un sal\u00f3n comercial. Sobre el escenario de la carpa, patrocinada por&nbsp;<strong>Cyco,&nbsp;<\/strong>han actuado los brit\u00e1nicos&nbsp;<strong>Asian Dub Foundation<\/strong>&nbsp;quienes ofrecieron un impactante directo en el concierto de la noche del s\u00e1bado. Completaron el cartel la esperada Mari de&nbsp;<strong>Chambao<\/strong>, un descubrimiento para el numeroso p\u00fablico venido del otro lado de los Pirineos. La australiana-coreana&nbsp;<strong>Saritah<\/strong>&nbsp;enamor\u00f3 suavemente con sus ritmos c\u00e1lidos mientras que la percusionista&nbsp;<strong>Natascha Rogers<\/strong>&nbsp;transport\u00f3 al p\u00fablico hacia latitudes afrocubanas, dejando todas ellas en muy alto nivel la participaci\u00f3n femenina entre los artistas programados.<\/p>\n\n\n\n<p>Los franceses&nbsp;<strong>Dirty South Crew&nbsp;<\/strong>sorprendieron con su irreverente mezcla de g\u00e9neros y con la exquisita ejecuci\u00f3n de sus m\u00faltiples sonoridades. Muy aplaudidos fueron los ingleses&nbsp;<strong>London Afrobeat Collective<\/strong>&nbsp;que contaron con la ardua labor de poner en movimiento a los entumecidos cuerpos tras una jornada de viernes marcada por la lluvia. Los Djs (Don Cornelius, V\u00edctor Santana y Negrote) pusieron a girar sus mejores selecciones para mantener viva la llama verde durante todo el fin de semana.<\/p>\n\n\n\n<p>Entre las&nbsp;<strong>actividades paralelas&nbsp;<\/strong>de esta sexta edici\u00f3n, la&nbsp;<strong>experiencia de hiperrealidad<\/strong>&nbsp;propuesta por Wuautech en forma de circuito virtual por la&nbsp;<strong>\u201cMetaCity\u201d<\/strong>&nbsp;caus\u00f3 sensaci\u00f3n entre los asistentes. Durante tres d\u00edas, los&nbsp; miles de visitantes que han recorrido los 12000m2 de Feria han abandonado el recinto de Ficoba cargados de material, promociones, regalos y alg\u00fan que otro souvenir tem\u00e1tico como las caricaturas de&nbsp;<strong>Ivan Art<\/strong>&nbsp;o la fotograf\u00eda de nuestro&nbsp;<strong>\u201cPhotocroma Expogrow\u201d.<\/strong><\/p>\n\n\n\n<p>Completaron la programaci\u00f3n otras muchas animaciones como las creaciones en vivo de&nbsp;<strong>El Ni\u00f1o de las Pinturas<\/strong>, las competiciones del Game Truck de Alchimia y los incontables concursos y sorpresas.<\/p>\n\n\n\n<p>Durante la Feria algunos personajes medi\u00e1ticos como&nbsp;<strong>La Mari de Chambao<\/strong>&nbsp;que firm\u00f3 con su banda por la regulaci\u00f3n o la visita pol\u00edtica de&nbsp;<strong>Unidos Podemos&nbsp;<\/strong>al recinto apoyando una ley pr\u00f3xima, hacen que cada a\u00f1o&nbsp;<strong>Expogrow<\/strong>, sea un escaparate social de lo que demanda la ciudadan\u00eda. La presencia de&nbsp;<strong>Unidos Podemos<\/strong>&nbsp;ha sido un estreno en s\u00ed mismo, ya que \u00e9sta ha sido la primera vezque esta coalici\u00f3n visita&nbsp;<strong>Expogrow<\/strong>. En representaci\u00f3n de&nbsp;<strong>Unidos Podemos<\/strong>, asistieron los senadores Mar\u00eda Concepci\u00f3n Palencia y Josetxo Arrieta. Ambos mostraron abiertamente su apoyo a&nbsp;<strong>regulaci\u00f3n del cannabis<\/strong>, la visi\u00f3n de la droga en conjunto desde un punto de vista del respeto a los derechos humanos y los derechos civiles y en concreto el cannabis por ser esa sustancia ilegal m\u00e1s consumida en el mundo.<\/p>\n\n\n\n<p>En referencia a la regulaci\u00f3n,&nbsp;<strong>Unidos Podemos<\/strong>, en voz de Mar\u00eda Concepci\u00f3n Palencia, explica su trabajo dentro de la&nbsp;<strong><a href=\"https:\/\/www.cannabis.es\/web\/features\/actuaidad\/702-sumate-al-cambio-regulacion-ya\" target=\"_blank\" rel=\"noreferrer noopener\">Comisi\u00f3n Mixta&nbsp;<\/a>para el Estudio del Problema de las Drogas<\/strong>&nbsp;\u201cla ponencia propuesta por&nbsp;<strong>Unidos Podemos&nbsp;<\/strong>no quiere otra cosa que escuchar a expertos, m\u00e9dicos, consumidores, pacientes\u2026para que entre todos hagamos un informe que diga al Gobierno qu\u00e9 es lo que se debe hacer con el&nbsp;<strong>consumo de cannabis<\/strong>&nbsp;que nosotros creemos que es regularlo\u201d.<\/p>\n\n\n\n<p><strong>#nosvemosenExpogrow<\/strong><\/p>\n\n\n\n<p><strong>#Expogrow2018<\/strong><\/p>\n\n\n\n<p>{gallery}expogrow_17{\/gallery}<\/p>\n\n\n\n<h3 class=\"wp-block-heading\">Premios Expogrow 2017<\/h3>\n\n\n\n<p>MEJOR STAND: THE PLANT<\/p>\n\n\n\n<p>BANCO DE SEMILLAS: SENSI SEEDS<\/p>\n\n\n\n<p>MEJOR PRODUCTO DE CULTIVO: GROWANDALUS<\/p>\n\n\n\n<p>MEJOR FERTILIZANTE: BAC<\/p>\n\n\n\n<p>MEJOR PARAFERNALIA: ABSCENT BAGS<\/p>\n\n\n\n<p>MEJOR MEDIO COMUNICACI\u00d3N: SOFT SECRETS<\/p>\n\n\n\n<p>MEJOR PUBLICACI\u00d3N: MAMA EDITIONS<\/p>\n\n\n\n<p>MEJOR PRODUCTO CBD: HASH DE CBD- BREEDER HEMP<\/p>\n\n\n\n<p>Premio Reconocimiento al Activista del A\u00f1o: Hugo Madera (Soft Secrets).<\/p>\n\n\n\n<p>Galard\u00f3n especial 30 a\u00f1os de trayectoria Dutch Passion (Banco de semillas).<\/p>\n\n\n\n<p>Galard\u00f3n especial 20 a\u00f1os Atami (fertilizantes).<\/p>\n\n\n\n<p>Galard\u00f3n especial 20 a\u00f1os revista C\u00e1\u00f1amo.<\/p>\n\n\n\n<h3 class=\"wp-block-heading\">Ganadores de la&nbsp;VI Copa Expogrow&nbsp;2017<\/h3>\n\n\n\n<p><strong>Mejor sativa \u201cPremio especial Franco Loja\u201d<\/strong>:<\/p>\n\n\n\n<p>1\u00b0 clasificado Sweet Seeds \u2013 San Fernando Lemon Kush<\/p>\n\n\n\n<p>&nbsp;2\u00b0 Ripper Seeds \u2013 Acid Dough<\/p>\n\n\n\n<p>3\u00b0 Exotic Seeds \u2013 Exotic Colours<\/p>\n\n\n\n<p><strong>Mejor indica<\/strong>:<\/p>\n\n\n\n<p>1\u00b0 clasificado Dinafem \u2013 Remochemo<\/p>\n\n\n\n<p>2\u00b0 TH Seeds \u2013 French Macaron<\/p>\n\n\n\n<p>3\u00b0 Sweet Seeds \u2013 Killer Kush<\/p>\n\n\n\n<p><strong>Mejor extracci\u00f3n con disolvente<\/strong>:<\/p>\n\n\n\n<p>1\u00b0 clasificado Mr Hyde Seeds \u2013 Mr Jekyll Kush<\/p>\n\n\n\n<p>2\u00b0 Positronics \u2013 CR47 Budder<\/p>\n\n\n\n<p>3\u00b0 Positronics \u2013 CR47 Satter<\/p>\n\n\n\n<p><strong>Mejor extracci\u00f3n sin disolvente<\/strong>:<\/p>\n\n\n\n<p>1\u00b0 clasificado Ripper Seeds \u2013 Grape Gum<\/p>\n\n\n\n<p>2\u00b0 The Plant \u2013 Nicole<\/p>\n\n\n\n<p>Exclusive Seeds Bank \u2013 Earth Kush<\/p>\n\n\n\n<p><strong>Mejor gen\u00e9tica autofloreciente<\/strong><\/p>\n\n\n\n<p>1\u00b0 clasificado Exotic Seeds \u2013 Auto Monster Mash<\/p>\n\n\n\n<p>2\u00b0 Sweet Seeds \u2013 Auto Cream Caramel<\/p>\n\n\n\n<p>3\u00b0 Exotic Seeds \u2013 Auto Russian<\/p>\n","protected":false},"excerpt":{"rendered":"<span class=\"span-reading-time rt-reading-time\" style=\"display: block;\"><span class=\"rt-label rt-prefix\">Tiempo de lectura:<\/span> <span class=\"rt-time\"> 4<\/span> <span class=\"rt-label rt-postfix\">minutos<\/span><\/span>En su sexta edici\u00f3n la Feria se asienta con 17.000 visitas,&nbsp;1.500 profesionales, aumento del espacio expositivo y 180 empresas que fidelizan su participaci\u00f3n en un 80%.&nbsp;La sexta edici\u00f3n de&nbsp;Expogrow&nbsp;cerr\u00f3 sus puertas ayer 17 confirm\u00e1ndose como una feria profesional cann\u00e1bica de referencia, por la calidad de su p\u00fablico y su marcado car\u00e1cter profesional. Mediante un comunicado [&hellip;]","protected":false},"author":1,"featured_media":2552,"comment_status":"closed","ping_status":"closed","sticky":false,"template":"","format":"standard","meta":{"loftocean-featured-post":"","loftocean_post_format_gallery":"","loftocean_post_format_gallery_ids":"","loftocean_post_format_gallery_urls":"","loftocean_post_format_video_id":"","loftocean_post_format_video_url":"","loftocean_post_format_video_type":"","loftocean_post_format_video":"","loftocean_post_format_audio_type":"","loftocean_post_format_audio_url":"","loftocean_post_format_audio_id":"","loftocean_post_format_audio":"","loftocean_post_format_quote_text":"","loftocean_post_format_quote_byline":"","loftocean_post_format_link_text":"","loftocean_post_format_link_url":"","ceramag_post_header_style":"","ceramag_enable_background_video":"","ceramag_show_in_top_slider":"","ceramag_post_background_video_start":"","ceramag_post_background_video_end":"","loftocean_page_background_video_id":"","loftocean_page_background_video_url":"","loftocean_page_background_video_type":"","loftocean_page_background_video":"","ceramag_background_video_start":"","ceramag_background_video_end":"","ceramag_single_page_hide_header":"","footnotes":""},"categories":[34],"tags":[1147,1145,409,724,1053,1146,792],"class_list":["post-2551","post","type-post","status-publish","format-standard","has-post-thumbnail","hentry","category-reportajes","tag-cannabis-box-forum","tag-expogrow","tag-feria","tag-feria-cannabica-espana","tag-fundacion-renovatio","tag-irun","tag-regulacion-del-cannabis"],"yoast_head":"<!-- This site is optimized with the Yoast SEO plugin v24.9 - https:\/\/yoast.com\/wordpress\/plugins\/seo\/ -->\n<title>Expogrow, se consolida como cita internacional de la industria del cannabis<\/title>\n<meta name=\"description\" content=\"Entrada &#8226; Portal multimedia sobre cannabis y otras sustancias &#8226; 18 septiembre, 2017\" \/>\n<meta name=\"robots\" content=\"index, follow, max-snippet:-1, max-image-preview:large, max-video-preview:-1\" \/>\n<link rel=\"canonical\" href=\"https:\/\/www.cannabis.es\/pw\/2017\/09\/18\/expogrow-se-consolida-como-cita-internacional-de-la-industria-del-cannabis\/\" \/>\n<meta name=\"twitter:card\" content=\"summary_large_image\" \/>\n<meta name=\"twitter:title\" content=\"Expogrow, se consolida como cita internacional de la industria del cannabis\" \/>\n<meta name=\"twitter:description\" content=\"Entrada &#8226; Portal multimedia sobre cannabis y otras sustancias &#8226; 18 septiembre, 2017\" \/>\n<meta name=\"twitter:image\" content=\"https:\/\/www.cannabis.es\/pw\/wp-content\/uploads\/2020\/05\/portada-expogrow-2017.jpg\" \/>\n<meta name=\"twitter:creator\" content=\"@cannabis_es\" \/>\n<meta name=\"twitter:site\" content=\"@cannabis_es\" \/>\n<meta name=\"twitter:label1\" content=\"Escrito por\" \/>\n\t<meta name=\"twitter:data1\" content=\"Cannabis.es\" \/>\n\t<meta name=\"twitter:label2\" content=\"Tiempo de lectura\" \/>\n\t<meta name=\"twitter:data2\" content=\"7 minutos\" \/>\n<script type=\"application\/ld+json\" class=\"yoast-schema-graph\">{\"@context\":\"https:\/\/schema.org\",\"@graph\":[{\"@type\":\"Article\",\"@id\":\"https:\/\/www.cannabis.es\/pw\/2017\/09\/18\/expogrow-se-consolida-como-cita-internacional-de-la-industria-del-cannabis\/#article\",\"isPartOf\":{\"@id\":\"https:\/\/www.cannabis.es\/pw\/2017\/09\/18\/expogrow-se-consolida-como-cita-internacional-de-la-industria-del-cannabis\/\"},\"author\":{\"name\":\"Cannabis.es\",\"@id\":\"https:\/\/www.cannabis.es\/pw\/#\/schema\/person\/e2fbd204580cf4fe74c79b82bc447374\"},\"headline\":\"Expogrow, se consolida como cita internacional de la industria del cannabis\",\"datePublished\":\"2017-09-18T11:07:57+00:00\",\"dateModified\":\"2020-10-16T11:49:15+00:00\",\"mainEntityOfPage\":{\"@id\":\"https:\/\/www.cannabis.es\/pw\/2017\/09\/18\/expogrow-se-consolida-como-cita-internacional-de-la-industria-del-cannabis\/\"},\"wordCount\":1448,\"publisher\":{\"@id\":\"https:\/\/www.cannabis.es\/pw\/#organization\"},\"image\":{\"@id\":\"https:\/\/www.cannabis.es\/pw\/2017\/09\/18\/expogrow-se-consolida-como-cita-internacional-de-la-industria-del-cannabis\/#primaryimage\"},\"thumbnailUrl\":\"https:\/\/www.cannabis.es\/pw\/wp-content\/uploads\/2020\/05\/portada-expogrow-2017.jpg\",\"keywords\":[\"Cannabis Box F\u00f3rum\",\"expogrow\",\"feria\",\"Feria Cann\u00e1bica Espa\u00f1a\",\"Fundaci\u00f3n RENOVATIO\",\"Ir\u00fan\",\"regulaci\u00f3n del cannabis\"],\"articleSection\":[\"Reportajes\"],\"inLanguage\":\"es\"},{\"@type\":\"WebPage\",\"@id\":\"https:\/\/www.cannabis.es\/pw\/2017\/09\/18\/expogrow-se-consolida-como-cita-internacional-de-la-industria-del-cannabis\/\",\"url\":\"https:\/\/www.cannabis.es\/pw\/2017\/09\/18\/expogrow-se-consolida-como-cita-internacional-de-la-industria-del-cannabis\/\",\"name\":\"Expogrow, se consolida como cita internacional de la industria del cannabis\",\"isPartOf\":{\"@id\":\"https:\/\/www.cannabis.es\/pw\/#website\"},\"primaryImageOfPage\":{\"@id\":\"https:\/\/www.cannabis.es\/pw\/2017\/09\/18\/expogrow-se-consolida-como-cita-internacional-de-la-industria-del-cannabis\/#primaryimage\"},\"image\":{\"@id\":\"https:\/\/www.cannabis.es\/pw\/2017\/09\/18\/expogrow-se-consolida-como-cita-internacional-de-la-industria-del-cannabis\/#primaryimage\"},\"thumbnailUrl\":\"https:\/\/www.cannabis.es\/pw\/wp-content\/uploads\/2020\/05\/portada-expogrow-2017.jpg\",\"datePublished\":\"2017-09-18T11:07:57+00:00\",\"dateModified\":\"2020-10-16T11:49:15+00:00\",\"description\":\"Entrada &#8226; Portal multimedia sobre cannabis y otras sustancias &#8226; 18 septiembre, 2017\",\"breadcrumb\":{\"@id\":\"https:\/\/www.cannabis.es\/pw\/2017\/09\/18\/expogrow-se-consolida-como-cita-internacional-de-la-industria-del-cannabis\/#breadcrumb\"},\"inLanguage\":\"es\",\"potentialAction\":[{\"@type\":\"ReadAction\",\"target\":[\"https:\/\/www.cannabis.es\/pw\/2017\/09\/18\/expogrow-se-consolida-como-cita-internacional-de-la-industria-del-cannabis\/\"]}]},{\"@type\":\"ImageObject\",\"inLanguage\":\"es\",\"@id\":\"https:\/\/www.cannabis.es\/pw\/2017\/09\/18\/expogrow-se-consolida-como-cita-internacional-de-la-industria-del-cannabis\/#primaryimage\",\"url\":\"https:\/\/www.cannabis.es\/pw\/wp-content\/uploads\/2020\/05\/portada-expogrow-2017.jpg\",\"contentUrl\":\"https:\/\/www.cannabis.es\/pw\/wp-content\/uploads\/2020\/05\/portada-expogrow-2017.jpg\",\"width\":959,\"height\":475},{\"@type\":\"BreadcrumbList\",\"@id\":\"https:\/\/www.cannabis.es\/pw\/2017\/09\/18\/expogrow-se-consolida-como-cita-internacional-de-la-industria-del-cannabis\/#breadcrumb\",\"itemListElement\":[{\"@type\":\"ListItem\",\"position\":1,\"name\":\"Portada\",\"item\":\"http:\/\/www.cannabis.es\/pw\/\"},{\"@type\":\"ListItem\",\"position\":2,\"name\":\"Expogrow, se consolida como cita internacional de la industria del cannabis\"}]},{\"@type\":\"WebSite\",\"@id\":\"https:\/\/www.cannabis.es\/pw\/#website\",\"url\":\"https:\/\/www.cannabis.es\/pw\/\",\"name\":\"Cannabis\",\"description\":\"Portal multimedia sobre cannabis y otras sustancias\",\"publisher\":{\"@id\":\"https:\/\/www.cannabis.es\/pw\/#organization\"},\"potentialAction\":[{\"@type\":\"SearchAction\",\"target\":{\"@type\":\"EntryPoint\",\"urlTemplate\":\"https:\/\/www.cannabis.es\/pw\/?s={search_term_string}\"},\"query-input\":{\"@type\":\"PropertyValueSpecification\",\"valueRequired\":true,\"valueName\":\"search_term_string\"}}],\"inLanguage\":\"es\"},{\"@type\":\"Organization\",\"@id\":\"https:\/\/www.cannabis.es\/pw\/#organization\",\"name\":\"Cannabis.es\",\"url\":\"https:\/\/www.cannabis.es\/pw\/\",\"logo\":{\"@type\":\"ImageObject\",\"inLanguage\":\"es\",\"@id\":\"https:\/\/www.cannabis.es\/pw\/#\/schema\/logo\/image\/\",\"url\":\"https:\/\/www.cannabis.es\/pw\/wp-content\/uploads\/2019\/04\/cropped-logo_cannabis.png\",\"contentUrl\":\"https:\/\/www.cannabis.es\/pw\/wp-content\/uploads\/2019\/04\/cropped-logo_cannabis.png\",\"width\":361,\"height\":120,\"caption\":\"Cannabis.es\"},\"image\":{\"@id\":\"https:\/\/www.cannabis.es\/pw\/#\/schema\/logo\/image\/\"},\"sameAs\":[\"https:\/\/x.com\/cannabis_es\"]},{\"@type\":\"Person\",\"@id\":\"https:\/\/www.cannabis.es\/pw\/#\/schema\/person\/e2fbd204580cf4fe74c79b82bc447374\",\"name\":\"Cannabis.es\",\"image\":{\"@type\":\"ImageObject\",\"inLanguage\":\"es\",\"@id\":\"https:\/\/www.cannabis.es\/pw\/#\/schema\/person\/image\/\",\"url\":\"https:\/\/secure.gravatar.com\/avatar\/4375b1eb6e272e2e48a4b8a8def52e5f208151f555bb5906da616906ee6dd2e8?s=96&d=mm&r=g\",\"contentUrl\":\"https:\/\/secure.gravatar.com\/avatar\/4375b1eb6e272e2e48a4b8a8def52e5f208151f555bb5906da616906ee6dd2e8?s=96&d=mm&r=g\",\"caption\":\"Cannabis.es\"},\"url\":\"https:\/\/www.cannabis.es\/pw\/author\/cannabis\/\"}]}<\/script>\n<!-- \/ Yoast SEO plugin. -->","yoast_head_json":{"title":"Expogrow, se consolida como cita internacional de la industria del cannabis","description":"Entrada &#8226; Portal multimedia sobre cannabis y otras sustancias &#8226; 18 septiembre, 2017","robots":{"index":"index","follow":"follow","max-snippet":"max-snippet:-1","max-image-preview":"max-image-preview:large","max-video-preview":"max-video-preview:-1"},"canonical":"https:\/\/www.cannabis.es\/pw\/2017\/09\/18\/expogrow-se-consolida-como-cita-internacional-de-la-industria-del-cannabis\/","twitter_card":"summary_large_image","twitter_title":"Expogrow, se consolida como cita internacional de la industria del cannabis","twitter_description":"Entrada &#8226; Portal multimedia sobre cannabis y otras sustancias &#8226; 18 septiembre, 2017","twitter_image":"https:\/\/www.cannabis.es\/pw\/wp-content\/uploads\/2020\/05\/portada-expogrow-2017.jpg","twitter_creator":"@cannabis_es","twitter_site":"@cannabis_es","twitter_misc":{"Escrito por":"Cannabis.es","Tiempo de lectura":"7 minutos"},"schema":{"@context":"https:\/\/schema.org","@graph":[{"@type":"Article","@id":"https:\/\/www.cannabis.es\/pw\/2017\/09\/18\/expogrow-se-consolida-como-cita-internacional-de-la-industria-del-cannabis\/#article","isPartOf":{"@id":"https:\/\/www.cannabis.es\/pw\/2017\/09\/18\/expogrow-se-consolida-como-cita-internacional-de-la-industria-del-cannabis\/"},"author":{"name":"Cannabis.es","@id":"https:\/\/www.cannabis.es\/pw\/#\/schema\/person\/e2fbd204580cf4fe74c79b82bc447374"},"headline":"Expogrow, se consolida como cita internacional de la industria del cannabis","datePublished":"2017-09-18T11:07:57+00:00","dateModified":"2020-10-16T11:49:15+00:00","mainEntityOfPage":{"@id":"https:\/\/www.cannabis.es\/pw\/2017\/09\/18\/expogrow-se-consolida-como-cita-internacional-de-la-industria-del-cannabis\/"},"wordCount":1448,"publisher":{"@id":"https:\/\/www.cannabis.es\/pw\/#organization"},"image":{"@id":"https:\/\/www.cannabis.es\/pw\/2017\/09\/18\/expogrow-se-consolida-como-cita-internacional-de-la-industria-del-cannabis\/#primaryimage"},"thumbnailUrl":"https:\/\/www.cannabis.es\/pw\/wp-content\/uploads\/2020\/05\/portada-expogrow-2017.jpg","keywords":["Cannabis Box F\u00f3rum","expogrow","feria","Feria Cann\u00e1bica Espa\u00f1a","Fundaci\u00f3n RENOVATIO","Ir\u00fan","regulaci\u00f3n del cannabis"],"articleSection":["Reportajes"],"inLanguage":"es"},{"@type":"WebPage","@id":"https:\/\/www.cannabis.es\/pw\/2017\/09\/18\/expogrow-se-consolida-como-cita-internacional-de-la-industria-del-cannabis\/","url":"https:\/\/www.cannabis.es\/pw\/2017\/09\/18\/expogrow-se-consolida-como-cita-internacional-de-la-industria-del-cannabis\/","name":"Expogrow, se consolida como cita internacional de la industria del cannabis","isPartOf":{"@id":"https:\/\/www.cannabis.es\/pw\/#website"},"primaryImageOfPage":{"@id":"https:\/\/www.cannabis.es\/pw\/2017\/09\/18\/expogrow-se-consolida-como-cita-internacional-de-la-industria-del-cannabis\/#primaryimage"},"image":{"@id":"https:\/\/www.cannabis.es\/pw\/2017\/09\/18\/expogrow-se-consolida-como-cita-internacional-de-la-industria-del-cannabis\/#primaryimage"},"thumbnailUrl":"https:\/\/www.cannabis.es\/pw\/wp-content\/uploads\/2020\/05\/portada-expogrow-2017.jpg","datePublished":"2017-09-18T11:07:57+00:00","dateModified":"2020-10-16T11:49:15+00:00","description":"Entrada &#8226; Portal multimedia sobre cannabis y otras sustancias &#8226; 18 septiembre, 2017","breadcrumb":{"@id":"https:\/\/www.cannabis.es\/pw\/2017\/09\/18\/expogrow-se-consolida-como-cita-internacional-de-la-industria-del-cannabis\/#breadcrumb"},"inLanguage":"es","potentialAction":[{"@type":"ReadAction","target":["https:\/\/www.cannabis.es\/pw\/2017\/09\/18\/expogrow-se-consolida-como-cita-internacional-de-la-industria-del-cannabis\/"]}]},{"@type":"ImageObject","inLanguage":"es","@id":"https:\/\/www.cannabis.es\/pw\/2017\/09\/18\/expogrow-se-consolida-como-cita-internacional-de-la-industria-del-cannabis\/#primaryimage","url":"https:\/\/www.cannabis.es\/pw\/wp-content\/uploads\/2020\/05\/portada-expogrow-2017.jpg","contentUrl":"https:\/\/www.cannabis.es\/pw\/wp-content\/uploads\/2020\/05\/portada-expogrow-2017.jpg","width":959,"height":475},{"@type":"BreadcrumbList","@id":"https:\/\/www.cannabis.es\/pw\/2017\/09\/18\/expogrow-se-consolida-como-cita-internacional-de-la-industria-del-cannabis\/#breadcrumb","itemListElement":[{"@type":"ListItem","position":1,"name":"Portada","item":"http:\/\/www.cannabis.es\/pw\/"},{"@type":"ListItem","position":2,"name":"Expogrow, se consolida como cita internacional de la industria del cannabis"}]},{"@type":"WebSite","@id":"https:\/\/www.cannabis.es\/pw\/#website","url":"https:\/\/www.cannabis.es\/pw\/","name":"Cannabis","description":"Portal multimedia sobre cannabis y otras sustancias","publisher":{"@id":"https:\/\/www.cannabis.es\/pw\/#organization"},"potentialAction":[{"@type":"SearchAction","target":{"@type":"EntryPoint","urlTemplate":"https:\/\/www.cannabis.es\/pw\/?s={search_term_string}"},"query-input":{"@type":"PropertyValueSpecification","valueRequired":true,"valueName":"search_term_string"}}],"inLanguage":"es"},{"@type":"Organization","@id":"https:\/\/www.cannabis.es\/pw\/#organization","name":"Cannabis.es","url":"https:\/\/www.cannabis.es\/pw\/","logo":{"@type":"ImageObject","inLanguage":"es","@id":"https:\/\/www.cannabis.es\/pw\/#\/schema\/logo\/image\/","url":"https:\/\/www.cannabis.es\/pw\/wp-content\/uploads\/2019\/04\/cropped-logo_cannabis.png","contentUrl":"https:\/\/www.cannabis.es\/pw\/wp-content\/uploads\/2019\/04\/cropped-logo_cannabis.png","width":361,"height":120,"caption":"Cannabis.es"},"image":{"@id":"https:\/\/www.cannabis.es\/pw\/#\/schema\/logo\/image\/"},"sameAs":["https:\/\/x.com\/cannabis_es"]},{"@type":"Person","@id":"https:\/\/www.cannabis.es\/pw\/#\/schema\/person\/e2fbd204580cf4fe74c79b82bc447374","name":"Cannabis.es","image":{"@type":"ImageObject","inLanguage":"es","@id":"https:\/\/www.cannabis.es\/pw\/#\/schema\/person\/image\/","url":"https:\/\/secure.gravatar.com\/avatar\/4375b1eb6e272e2e48a4b8a8def52e5f208151f555bb5906da616906ee6dd2e8?s=96&d=mm&r=g","contentUrl":"https:\/\/secure.gravatar.com\/avatar\/4375b1eb6e272e2e48a4b8a8def52e5f208151f555bb5906da616906ee6dd2e8?s=96&d=mm&r=g","caption":"Cannabis.es"},"url":"https:\/\/www.cannabis.es\/pw\/author\/cannabis\/"}]}},"_links":{"self":[{"href":"https:\/\/www.cannabis.es\/pw\/wp-json\/wp\/v2\/posts\/2551","targetHints":{"allow":["GET"]}}],"collection":[{"href":"https:\/\/www.cannabis.es\/pw\/wp-json\/wp\/v2\/posts"}],"about":[{"href":"https:\/\/www.cannabis.es\/pw\/wp-json\/wp\/v2\/types\/post"}],"author":[{"embeddable":true,"href":"https:\/\/www.cannabis.es\/pw\/wp-json\/wp\/v2\/users\/1"}],"replies":[{"embeddable":true,"href":"https:\/\/www.cannabis.es\/pw\/wp-json\/wp\/v2\/comments?post=2551"}],"version-history":[{"count":1,"href":"https:\/\/www.cannabis.es\/pw\/wp-json\/wp\/v2\/posts\/2551\/revisions"}],"predecessor-version":[{"id":2553,"href":"https:\/\/www.cannabis.es\/pw\/wp-json\/wp\/v2\/posts\/2551\/revisions\/2553"}],"wp:featuredmedia":[{"embeddable":true,"href":"https:\/\/www.cannabis.es\/pw\/wp-json\/wp\/v2\/media\/2552"}],"wp:attachment":[{"href":"https:\/\/www.cannabis.es\/pw\/wp-json\/wp\/v2\/media?parent=2551"}],"wp:term":[{"taxonomy":"category","embeddable":true,"href":"https:\/\/www.cannabis.es\/pw\/wp-json\/wp\/v2\/categories?post=2551"},{"taxonomy":"post_tag","embeddable":true,"href":"https:\/\/www.cannabis.es\/pw\/wp-json\/wp\/v2\/tags?post=2551"}],"curies":[{"name":"wp","href":"https:\/\/api.w.org\/{rel}","templated":true}]}}