{"id":2560,"date":"2017-09-11T13:15:14","date_gmt":"2017-09-11T11:15:14","guid":{"rendered":"http:\/\/www.cannabis.es\/pw\/?p=2560"},"modified":"2020-10-16T13:50:32","modified_gmt":"2020-10-16T11:50:32","slug":"visitamos-la-fundacion-daya-y-os-traemos-sabiduria-cannabica-desde-chile","status":"publish","type":"post","link":"https:\/\/www.cannabis.es\/pw\/2017\/09\/11\/visitamos-la-fundacion-daya-y-os-traemos-sabiduria-cannabica-desde-chile\/","title":{"rendered":"Visitamos la Fundaci\u00f3n DAYA y os traemos sabidur\u00eda cann\u00e1bica desde Chile"},"content":{"rendered":"\n<p>Por Ang\u00e9lica Silva.<\/p>\n\n\n\n\n\n\n\n<p><a rel=\"noreferrer noopener\" href=\"https:\/\/www.facebook.com\/cannaes\/\" target=\"_blank\"><strong>Cannabis.es<\/strong><\/a>&nbsp;aprovech\u00f3 el verano para viajar a&nbsp;<strong>Santiago de Chile<\/strong>&nbsp;y hablar con la gente de&nbsp;<a rel=\"noreferrer noopener\" href=\"http:\/\/www.fundaciondaya.org\/\" target=\"_blank\"><strong>Fundaci\u00f3n Daya<\/strong><\/a>, primer centro terap\u00e9utico especializado en soluciones cann\u00e1bicas de toda<strong>&nbsp;Iberoam\u00e9rica<\/strong>&nbsp;y pioneros en la lucha por la regularizaci\u00f3n en<strong>&nbsp;Chile<\/strong>. Daya en s\u00e1nscrito significa \u201camor compasivo\u201d y justamente esa visi\u00f3n es la clave de su \u00e9xito, una entrega genuina por el bienestar de sus pacientes con la convicci\u00f3n de querer luchar contra el sufrimiento humano y de paso lavarle la cara a la planta<strong>.<\/strong><\/p>\n\n\n\n<hr class=\"wp-block-separator\"\/>\n\n\n\n<h3 class=\"wp-block-heading\">El or\u00edgen<\/h3>\n\n\n\n<p>Su directora&nbsp;<a href=\"https:\/\/es.wikipedia.org\/wiki\/Ana_Mar%C3%ADa_Gazmuri\" target=\"_blank\" rel=\"noreferrer noopener\"><strong>Ana Mar\u00eda Gazmuri<\/strong><\/a>, conocida actriz y comunicadora chilena, en 2014 crea la fundaci\u00f3n para formalizar una labor terap\u00e9utica que ven\u00eda desempe\u00f1ando tiempo atr\u00e1s en el sal\u00f3n de su casa. Cuando comenz\u00f3 se centr\u00f3 en el acompa\u00f1amiento de pacientes terminales, nos cuenta que \u201cdurante ese proceso fueron apareciendo las otras aristas del&nbsp;<strong>cannabis medicinal<\/strong>, tuvimos una primera consulta de una chiquita con epilepsia pensando en esta posibilidad y nos arriesgamos. La baja toxicidad de la planta fue lo que nos permiti\u00f3 empezar un poco a ciegas\u201d. Pronto se dieron cuenta que ten\u00edan que crecer y para esto era clave tener un gran cultivo que permitiese realizar investigaciones, tratamientos y desplazar las barreras sociales, como dice ella, \u201c<strong>un gran cultivo era algo simb\u00f3lico<\/strong>\u201d. Para conseguirlo crearon&nbsp;<strong>Daya, fundaci\u00f3n sin \u00e1nimo de lucro que naci\u00f3 con dos v\u00edas de trabajo: una dedicada a conseguir los permisos exigidos por las autoridades para tener un gran cultivo y otra dirigida hacia el autocultivo, con talleres de formaci\u00f3n para los pacientes que no pod\u00edan darse el lujo de esperar a la burocracia.<\/strong>&nbsp;\u201cTodos los s\u00e1bados hab\u00eda 40 personas en nuestra casa aprendiendo a hacer preparaciones, las primeras im\u00e1genes que aparecieron en la&nbsp;<strong>televisi\u00f3n chilena<\/strong>&nbsp;de un taller de&nbsp;<strong>cannabis medicinal<\/strong>&nbsp;fueron en nuestra casa, hace cuatro a\u00f1os esto era algo muy rupturista. Era un equipo de investigaci\u00f3n, todav\u00eda esto era un tab\u00fa, por supuesto con las caras borrosas\u201d comenta&nbsp;<strong>Ana Mar\u00eda<\/strong>&nbsp;entre risas.<\/p>\n\n\n\n<p>El equipo tambi\u00e9n crec\u00eda; se sumaron su hija, su marido,&nbsp;<strong>Pablo Mel\u00e9ndez a cargo del cultivo y Alejandra Ahumada qu\u00edmico farmace\u00fatica<\/strong>. Era evidente que por su bienestar tambi\u00e9n ten\u00eda que separar su vida privada de la terap\u00e9utica as\u00ed que se mudaron a un espacio cedido por asociaciones hermanas y el a\u00f1o pasado consiguieron su propia sede, ubicada en la comuna de Providencia al nororiente de la ciudad. Una casa amplia y acogedora, rodeada de un jard\u00edn precioso, un lugar que trasmite paz, en el que te sientes en casa. Seg\u00fan entras te ofrecen algo de beber, todos los martes y jueves hay talleres de formaci\u00f3n y las consultas duran entre 45 minutos y una hora.<\/p>\n\n\n\n<p><strong>Ana Maria<\/strong>&nbsp;aclara,&nbsp;<strong>\u201caqu\u00ed se brinda una atenci\u00f3n integral, realmente mirando al ser humano que tienes delante,<\/strong>&nbsp;<strong>no solo es incorporar esta herramienta terap\u00e9utica del cannabis tambi\u00e9n apostamos por cambiar el paradigma de la salud y el bienestar.&nbsp;<\/strong>Entendemos que esa gesti\u00f3n de la salud se realiza con diferentes actores sociales pero poniendo siempre en el centro al paciente como el gran tomador de decisiones y los profesionales m\u00e9dicos y terap\u00e9uticos como acompa\u00f1antes.<strong>&nbsp;Lo importante es un empoderamiento del paciente, horizontalizar el v\u00ednculo con los m\u00e9dicos porque&nbsp;<\/strong>nuestra cultura patriarcal les ha concedido un poder omnipotente, renegando de nuestros propios saberes, de nuestras experiencias y conocimientos que deben ser parte integral de la gesti\u00f3n de la salud. Esa fue la mirada que empezamos a madurar\u201d. Hoy en d\u00eda el equipo lo forman un total de 27 trabajadores m\u00e1s el personal del cultivo, tienen presencia en 15 ciudades de<strong>&nbsp;Chile<\/strong>&nbsp;as\u00ed como una red de colaboraci\u00f3n con<strong>&nbsp;Ecuador, Colombia, Uruguay, Argentina o M\u00e9xico.<\/strong>&nbsp;<strong>Han atendido m\u00e1s de diez mil pacientes con todo tipo de patolog\u00edas oncol\u00f3gicas, epilepsias, diversos dolores cr\u00f3nicos, parkinson, trastornos del espectro autista, ansiedad y muchas patolog\u00edas extra\u00f1as. A<\/strong>dem\u00e1s brindan asesor\u00eda jur\u00eddica y un servicio de comunicaci\u00f3n social. &nbsp;<\/p>\n\n\n\n<p>\u201cNosotros entendimos que adem\u00e1s de tratar con las autoridades con los parlamentarios y todos estos tomadores de decisiones tambi\u00e9n hab\u00eda que trabajar desde las bases sociales con las comunidades\u201d explica<strong>&nbsp;Ana Mar\u00eda<\/strong>&nbsp;y para conseguirlo han recorrido el pa\u00eds dando charlas gratuitas. Hasta la fecha han llegado aproximadamente a unas setenta mil personas, seg\u00fan ella \u201cesto fue muy importante porque cuando uno se toma el trabajo de hacer una bonita exposici\u00f3n, en un lindo lugar como un gran teatro, con una hora y cuarto para explicar desde la historia de la planta, las razones de la prohibici\u00f3n, que nunca estuvo la ciencia ni la salud detr\u00e1s de la prohibici\u00f3n, los intereses corporativos que llevaron a la prohibici\u00f3n etc. Haces todo este recorrido y muestras la experiencia real, esto cambia totalmente la mirada a la gente\u201d.<\/p>\n\n\n\n<p><strong>Su objetivo no era el mundo cann\u00e1bico, ellos quer\u00edan convencer a los incr\u00e9dulos, no se trataba de ser autorreferentes, el objetivo era conseguir que las familias hablaran de ello.&nbsp;<\/strong>&nbsp;<strong>Ana Mar\u00eda<\/strong>&nbsp;admite que tuvieron cierta ventaja porque ella es una figura p\u00fablica, \u201cla gente me conoce desde hace treinta a\u00f1os por mi carrera como actriz y comunicadora y la gente siempre me aprecio mucho, siempre estuve vinculada a causas pol\u00edticas y sociales, como recuperar la democracia. Digamos que soy una ciudadana muy activa y por eso contaba con la confianza del p\u00fablico por eso cuando me escucharon hablar del cannabis medicinal por primera vez se abrieron al tema\u201d. Los medios de comunicaci\u00f3n tambi\u00e9n les abrieron sus puertas pero como explica<strong>&nbsp;Ana Mar\u00eda<\/strong>&nbsp;fue todo un proceso, \u201dal principio nos pon\u00edan la m\u00fasica de<strong>&nbsp;Bob Marley<\/strong>&nbsp;de fondo y met\u00edan la imagen de un rasta, yo les dec\u00eda me encanta&nbsp;<strong>Bob Marley<\/strong>&nbsp;pero no profundicemos en la caricatura y hablemos en serio\u201d. Hoy la prensa los trata como actores pol\u00edticos relevantes y el relato sobre el cannabis medicinal es informativo y para todos los p\u00fablicos, un cambio que refleja la nueva actitud chilena ante la<strong>&nbsp;marihuana<\/strong>, ella comenta entre risas que hace poco estuvieron una hora y cuarenta minutos hablando en un matinal de la tele&nbsp; \u201clos conductores tomando gotas y nuestras terapeutas mostrando las cremas, la oya con la que trabajamos, todo\u201d. &nbsp;<\/p>\n\n\n\n<p>Cuando ellos comenzaron el marco jur\u00eddico era la<strong>&nbsp;ley 20 mil chilena<\/strong>, seg\u00fan esta para cultivar opi\u00e1ceos con fines cient\u00edficos e investigativos era posible pedir permisos al servicio agr\u00edcola ganadero, as\u00ed que<strong>&nbsp;Daya<\/strong>&nbsp;hizo las tareas y present\u00f3 un proyecto que no podr\u00edan rechazar, en medio del proceso su sum\u00f3 el apoyo de una prestigiosa entidad jur\u00eddica que les asesor\u00f3 gratuitamente. Pero una vez conseguida la licencia el&nbsp;<strong>Estado<\/strong>&nbsp;entr\u00f3 en una contradicci\u00f3n porque el permiso chocaba con el reglamento sanitario, as\u00ed que hubo que luchar por su&nbsp;modificaci\u00f3n, un esfuerzo que culmin\u00f3 en el&nbsp;<strong>decreto ley 404-405<\/strong>&nbsp;de diciembre del 2015 que permite la importaci\u00f3n, exportaci\u00f3n y&nbsp;<strong>venta de cannabis<\/strong>, ya sea en extractos o como materia prima, adem\u00e1s habilita a los m\u00e9dicos para recetar marihuana. \u201cEste fue el primer gran paso para la legalizaci\u00f3n pero curiosamente pas\u00f3 desapercibido porque este gobierno tiene dos almas una muy conservadora y otra m\u00e1s abierta a las transformaciones, esa es la explicaci\u00f3n que yo me doy de porqu\u00e9 este proceso tan importante no se difunde, si se le da mucho bombo el sector conservador se molesta\u201d comenta&nbsp;<strong>Ana Mar\u00eda<\/strong>&nbsp;a\u00f1adiendo que \u201cen el 2015 la corte comienza a fallar a favor del autocultivo y a reconocer como l\u00edcitos los cultivos para uso personal. La verdad es que si vamos a la letra de la ley esto es lo dice pero fue mal interpretada y mal aplicada todos estos a\u00f1os, de hecho la mirada de la corte va mucho m\u00e1s all\u00e1 de lo que est\u00e1 proponiendo la c\u00e1mara de diputados que es algo m\u00e1s limitado,<strong>&nbsp;finalmente el nuevo proyecto de ley se entrampa y n<\/strong><strong>osotros optamos por defender lo que dice la actual ley, con defectos y todo lo que quieras pero es la que nos permite este margen para cultivar. Adem\u00e1s ir ganando todos los casos va creado precedente\u201d&nbsp;<\/strong>y es que la lucha por el autocultivo se&nbsp;sigue librando en los tribunales. El pasado 26 de agosto&nbsp;<a href=\"http:\/\/www.cooperativa.cl\/noticias\/pais\/policial\/drogas\/padre-fue-detenido-por-cultivar-marihuana-que-utilizaba-para-tratar\/2017-08-26\/082349.html\">detuvieron a un&nbsp;<strong>padre vinculado a Mam\u00e1 Cultiva<\/strong><\/a>&nbsp;e incautaron la plantaci\u00f3n con la que trataban a su hija de cuatro a\u00f1os.&nbsp;<a href=\"https:\/\/www.cannabis.es\/web\/features\/entrevistas\/645-entrevista-a-la-fundadora-de-mama-cultiva-cannabis-empoderamiento-y-autocultivo\" target=\"_blank\" rel=\"noreferrer noopener\"><strong>Mam\u00e1 Cultiva fundaci\u00f3n hermana de Daya<\/strong>&nbsp;<\/a>surgi\u00f3 precisamente para visibilizar el uso pedi\u00e1trico y proteger a las familias de este tipo de situaciones.<\/p>\n\n\n\n<figure class=\"wp-block-image\"><img decoding=\"async\" src=\"https:\/\/www.cannabis.es\/web\/images\/Fundacion_Daya\/fundacion-daya-1.jpg\" alt=\"fundacion daya 1\"\/><\/figure>\n\n\n\n<h3 class=\"wp-block-heading\">El modelo DAYA<\/h3>\n\n\n\n<p><strong>Fundaci\u00f3n<\/strong>&nbsp;<strong>Daya<\/strong>&nbsp;desde el primer momento ha defendido tres v\u00edas de acceso: el autocultivo para extraer tratamientos sencillos, el acceso a f\u00f3rmulas estandarizadas econ\u00f3micas&nbsp; para patolog\u00edas m\u00e1s complejas y la existencia de<strong>&nbsp;cultivos colectivos. Tres v\u00edas que en definitiva democratizan el acceso a la planta,&nbsp;<\/strong>algo que no ha gustado a buena parte del sector m\u00e9dico como menciona&nbsp;<strong>Ana Mar\u00eda<\/strong>&nbsp;y muchos les han dado \u201cuna pelea dura\u201d pero todos sus argumentos han sido refutados y actualmente colaboran con<strong>&nbsp;37 m\u00e9dicos y numerosas entidades sanitarias.<\/strong><\/p>\n\n\n\n<p>A pesar de no contar con un marco regulador tan amplio como el uruguayo el enfoque de&nbsp;<strong>Daya<\/strong>&nbsp;ha conseguido legitimar&nbsp; la pr\u00e1ctica del cannabis medicinal en todas sus formas y ha generado un cambio social envidiable, de hecho tienen muchos pacientes uruguayos porque como me explican all\u00ed las recetas son para un f\u00e1rmacos importados de&nbsp;<strong>Estados Unidos<\/strong>. Seg\u00fan&nbsp;<strong>Ana Mar\u00eda<\/strong><strong>&nbsp;\u201clo que sucede cuando los pacientes incorporan el cannabis es que bajan el consumo de otros medicamentos y dejan de gastar mucho dinero, empiezan a ir menos a los controles m\u00e9dicos porque empiezan a sentirse mejor. Las citas mensuales se distancian a cuatro, cinco meses y ese gasto tambi\u00e9n disminuye.<\/strong>&nbsp;Por ejemplo para los ni\u00f1os con epilepsia una de las primeras soluciones que se les ofrec\u00eda era la operaci\u00f3n. Nosotros en cambio ofrecemos tratar al ni\u00f1o con una planta, algo que suena mucho m\u00e1s razonable que abrirle la cabeza y este tipo de casos tambi\u00e9n afectaron el modelo de negocio de las sociedades m\u00e9dicas. Una operaci\u00f3n es muy cara y en&nbsp;<strong>Chile<\/strong>&nbsp;la salud est\u00e1 muy privatizada, para muchas familias una operaci\u00f3n de estas implicaba vender su casa y encima con resultados muy inciertos\u201d<\/p>\n\n\n\n<p>Ellos conocen el valor de la estrategia, por eso fueron muy prudentes antes de hacer p\u00fablicos los casos pedi\u00e1tricos. Necesitaban estar seguros de no poner en peligro las custodias de los ni\u00f1os, para eso la pedagog\u00eda pol\u00edtica y el trabajo hecho con las autoridades fueron claves, como dice<strong>&nbsp;Ana Mar\u00eda<\/strong>&nbsp;\u201chay que saber c\u00f3mo aprovechar cada momento\u201d. El&nbsp;<strong>uso en menores<\/strong>&nbsp;quiz\u00e1 sea de los temas m\u00e1s controvertidos, sin embargo<strong>&nbsp;Daya<\/strong>&nbsp;ha conseguido resultados prometedores tanto a nivel terap\u00e9utico como de normalizaci\u00f3n social,&nbsp;<strong>Ana Mar\u00eda<\/strong>&nbsp;comenta que&nbsp;<strong>\u201clos estudios retrospectivos que hemos presentado han tenido muy buenos resultados en ni\u00f1os con epilepsia refractaria y autismo. Cuando un ni\u00f1o entra en un estatus convulsivo y lo llevan a urgencias le cargan de benzodiacepinas, estos sedantes dejan a los ni\u00f1os dos, tres d\u00edas planchados. Cuando rescatas a un ni\u00f1o con cannabis medicinal, incluso con dosis importantes, el ni\u00f1o va a dormir mucho y va a despertar renovado como si nada\u201d<\/strong>.&nbsp;<strong>Ana Mar\u00ed<\/strong>a nos cuenta que han conseguido autorizaciones para tratar pacientes dentro de los hospitales, \u201cla semana pasada tuvimos un caso oncol\u00f3gico y logramos meter un vaporizador al hospital con consentimiento de los m\u00e9dicos, de hecho tuvimos una reuni\u00f3n con todo el departamento de oncolog\u00eda pedi\u00e1trica porque vieron el caso y quer\u00edan saber m\u00e1s, empezar a formarse en este tema\u201d.<\/p>\n\n\n\n<p>Y es que sus pacientes son su mejor publicidad ante la comunidad m\u00e9dica y la sociedad en general,&nbsp;<strong>Daya se ha convertido en un referente<\/strong>&nbsp;para toda la ciudadan\u00eda, al punto que les llegan pacientes recomendados por el general director de la polic\u00eda de investigaciones, algo que s\u00f3lo sucede cuando llevas a\u00f1os haciendo un&nbsp;<strong>trabajo de educaci\u00f3n con las fuerzas del Estado<\/strong>, porque la pedagog\u00eda pol\u00edtica ha sido una parte importante de su \u00e9xito. Adem\u00e1s desde hace poco&nbsp;<strong>Daya desempe\u00f1a una labor educativa<\/strong>&nbsp;maravillosa que lleva el tema del cannabis a los j\u00f3venes con un trabajo de prevenci\u00f3n que busca educar en los riesgos desde la informaci\u00f3n real y no desde el dogma. Explicando que existen m\u00faltiples perspectivas y experiencias para que los chavales tomen decisiones informadas,&nbsp;<strong>Ana Mar\u00eda<\/strong>&nbsp;nos explica que en las charlas trabajan desde la perspectiva de reducci\u00f3n de da\u00f1os, \u201cseguridad ante todo, pero aceptando que hay que asumir la realidad y no lo que nos gustar\u00eda. Si sabiendo todas las consecuencias los j\u00f3venes deciden consumir por lo menos que sepan hacerlo lo m\u00e1s seguro posible, el enfoque es el mismo que con la educaci\u00f3n sexual, entregar herramientas para disminuir el da\u00f1o y que sepan cuidarse\u201d. Nos cuenta que tambi\u00e9n<strong>&nbsp;invitan a los chicos a reflexionar sobre su consumo, \u201c\u00bfcu\u00e1ntas veces lo haces de modo mec\u00e1nico? \u00bfpor qu\u00e9 lo est\u00e1s haciendo?&nbsp; \u00bfqu\u00e9 tal si pruebas a consumir en otros contextos? \u00bfy si te centras en tu respiraci\u00f3n, en tu postura?. Imag\u00ednate que empiezas a usarla como una herramienta para conocerte. El verdadero problema es que nunca nadie les haya dicho esto\u201d.<\/strong><\/p>\n\n\n\n<figure class=\"wp-block-image\"><img decoding=\"async\" src=\"https:\/\/www.cannabis.es\/web\/images\/Fundacion_Daya\/fundacion-daya-12.jpg\" alt=\"Fundaci\u00f3n DAYA\"\/><\/figure>\n\n\n\n<h3 class=\"wp-block-heading\">Los estudios cl\u00ednicos<\/h3>\n\n\n\n<p>Tambi\u00e9n hablamos con&nbsp;<strong>Karina Vergara<\/strong>&nbsp;parte del equipo de investigaci\u00f3n encargado de los estudios m\u00e9dicos, ella es&nbsp;<strong>Licenciada en Ciencias Biol\u00f3gicas de la Pontificia Universidad Cat\u00f3lica de Chile con M\u00e1ster en Ciencias de la Universidad de Barcelona<\/strong>. Su experiencia profesional viene de la investigaci\u00f3n de problemas eco-sociales y la gesti\u00f3n de recursos naturales, pero el cannabis lleg\u00f3 a su vida luego de que un familiar fuera diagnosticado con esclerosis m\u00faltiple. \u201cLas principales dificultades para los estudios sobre cannabis siempre han sido la falta de financiaci\u00f3n y la alegalidad de la planta de ah\u00ed la escasez de datos cient\u00edficos oficiales y de ah\u00ed la importancia de realizarlos\u201d explica<strong>&nbsp;Karina<\/strong>.<\/p>\n\n\n\n<p><strong>El estudio actual se centra en pacientes mayores de edad con diferentes tipos de c\u00e1ncer, cumple todos los par\u00e1metros cient\u00edficos pero es un estudio peque\u00f1o y humilde sobretodo si se compara con los que realizan las farmac\u00e9uticas.<\/strong>&nbsp;\u201cLa mayor\u00eda de los pacientes son de<strong>&nbsp;Santiago de Chile<\/strong>,&nbsp;aunque hay unos pocos de otras ciudades cercanas\u201d comenta Karina. El estudio se realiza en<strong>&nbsp;tres hospitales de la comuna de Florida<\/strong>, situada al suroriente de la capital, la localidad aporta una peque\u00f1a cantidad para financiar el estudio adem\u00e1s del seguimiento m\u00e9dico,&nbsp;<strong>Daya<\/strong>&nbsp;aporta el cultivo y el an\u00e1lisis de datos, con colaboraci\u00f3n de la Universidad de Antofagasta, y el laboratorio<strong>&nbsp;<a href=\"http:\/\/www.knoplabs.com\/\">Knop<\/a>&nbsp;<\/strong>transforma la planta en aceite a partir de una f\u00f3rmula est\u00e1ndar.&nbsp;<strong>Actualmente est\u00e1n utilizando el cultivo del 2014 y usan la planta completa porque como insiste Karina \u201ces la mejor forma de conseguir las sinergias que permiten explotar todos los cannabinoides\u201d<\/strong>, b\u00e1sicamente hacen lo mismo que<strong>&nbsp;el famoso Sativex<\/strong>&nbsp;pero al alcance de cualquier bolsillo.<\/p>\n\n\n\n<p>\u201cAntes de empezar el paciente est\u00e1 una semana apuntando todos los efectos secundarios que le dan los medicamentos tradicionales, luego empieza con el cannabis. Los pacientes van consumiendo desde una dosis muy peque\u00f1a que vamos subiendo poco a poco hasta que cada uno encuentra su&nbsp;<strong>l\u00edmite de tolerancia<\/strong>\u201d.&nbsp;<strong>Karina<\/strong>&nbsp;tambi\u00e9n explica que el cannabis acompa\u00f1a las otras terapias pero no las sustituye. El estudio busca darle al paciente&nbsp;<strong>calidad de vida<\/strong>&nbsp;y de paso convencer de una&nbsp;vez por todas a las autoridades sanitarias de sus beneficios usando los \u00fanicos argumentos para ellos irrefutables: los cient\u00edficos. \u201cLa idea es demostrar con n\u00fameros lo que ya intuimos desde la experiencia personal\u201d a\u00f1ade&nbsp;<strong>Karina<\/strong>.&nbsp; Hasta el momento el estudio no ha tenido pacientes con&nbsp;<strong>efectos secundarios<\/strong>&nbsp;graves, lo \u00fanico que se ha presentado son algunos s\u00edntomas menores como dolor de cabeza, mareo o n\u00e1useas.&nbsp;<\/p>\n\n\n\n<p>El principal problema del estudio ha sido conseguir suficientes pacientes, normalmente son los m\u00e9dicos patrocinados por las farmac\u00e9uticas los que refieren a los pacientes a estos estudios cl\u00ednicos, pero&nbsp;ellos no son una gran empresa y cuentan con pocos m\u00e9dicos. Han aprovechado todo lo que tienen a mano como redes sociales y medios de comunicaci\u00f3n pero la respuesta ha sido t\u00edmida, \u201csobretodo se nos han acercado m\u00e9dicos j\u00f3venes pero en general han sido pocos\u201d comenta<strong>&nbsp;Karina<\/strong>. Aunque sus resultados estaban previstos para este verano el proceso cient\u00edfico es impredecible y parece que tendremos que esperar hasta comienzos del pr\u00f3ximo a\u00f1o pero<a href=\"https:\/\/www.cannabis.es\/web\/features\/reportajes\/76-primer-cultivo-de-cannabis-legal-en-chile\" target=\"_blank\" rel=\"noreferrer noopener\"><strong>&nbsp;Daya ya piensa a futuro, con los cultivos del 2015 y 2016<\/strong>&nbsp;<\/a>quieren llevar a cabo m\u00faltiples estudios esta vez sobre otras patolog\u00edas y en otros formatos.<\/p>\n\n\n\n<h3 class=\"wp-block-heading\">Un futuro DAYA<\/h3>\n\n\n\n<p>Parece incre\u00edble que una sola fundaci\u00f3n preste tantos servicios, sobretodo si se tiene en cuenta que carecen de apoyos estatales o de grandes farmac\u00e9uticas.<strong>&nbsp;Ellos se financian en parte gracias a las peque\u00f1as donaciones que realizan sus socios, al coste aportado por los pacientes, cuya cantidad es inferior a la del mercado, y por el apoyo de diversas entidades privadas y p\u00fablicas que colaboran puntualmente con estudios de investigaci\u00f3n o con el cultivo.&nbsp;<\/strong>Buscan por todas partes y a\u00fan as\u00ed atienden a un gran n\u00famero de personas de forma gratuita. Cabe mencionar su alianza con<strong>&nbsp;<a href=\"http:\/\/www.auscann.com.au\/\">Aus Cann<\/a>&nbsp;<\/strong>grupo empresarial australiano que les ha brindado recursos para el fortalecimiento institucional. De su alianza surge&nbsp;<strong>Daya Cann<\/strong>&nbsp;dedicada al cultivo de cannabis medicinal por ahora s\u00f3lo para investigaci\u00f3n debido a las licencias pero con vistas a crecer \u201cesto es muy importante para nosotros porque ellos lo que valoraron fue nuestro modelo\u201d comenta&nbsp;<strong>Ana Mar\u00eda<\/strong>. Ese modelo que pone al paciente en el epicentro de todo y as\u00ed consigue hacer mucho con muy poco, algo de lo que deber\u00edan tomar nota los&nbsp;<strong>sistemas de sanidad p\u00fablicos<\/strong>. Seg\u00fan<strong>&nbsp;Ana Mar\u00eda<\/strong>&nbsp;\u201cla eficiencia del sistema se podr\u00eda aumentar much\u00edsimo tan solo con brindar una atenci\u00f3n extendida la primera vez, que realmente puedas conocer al paciente, probablemente ahorraras muchos pasos si te tomas el trabajo de brindar una atenci\u00f3n verdaderamente integral, pero el sistema p\u00fablico de salud te exige doce minutos por paciente\u201d.<\/p>\n\n\n\n<p><strong>Daya<\/strong>&nbsp;espera continuar con la capacitaci\u00f3n de profesionales de la salud para ampliar su cuadro m\u00e9dico y con los talleres de formaci\u00f3n en autocultivo, de educaci\u00f3n y prevenci\u00f3n del uso de drogas, en definitiva seguir ampliando la mirada de lo que es la salud y articular todos sus frentes de trabajo. Les gustar\u00eda abri<strong>r centros Daya por todo el pa\u00eds&nbsp;<\/strong>para agilizar la espera de los pacientes y generar actividades para los cuidadores. Quieren realiz<strong>ar estudios cl\u00ednicos para patolog\u00edas como osteoartritis, autismo, epilepsia, des\u00f3rdenes del sue\u00f1o, ansiedad y usos t\u00f3picos<\/strong>. Estudios que les permitan producir conocimiento y adem\u00e1s generar preparados de cannabis a bajo costo. \u201cAhora estamos buscando una casa m\u00e1s grande porque vamos a incorporar m\u00e1s m\u00e9dicos\u201d dice&nbsp;<strong>Ana Mar\u00eda<\/strong>,<strong>&nbsp;adem\u00e1s van a empezar un \u00e1rea de estudios psicod\u00e9licos<\/strong>&nbsp;para investigar el uso terap\u00e9utico de otras sustancias pero alej\u00e1ndose de la mirada occidental<strong>,<\/strong>&nbsp;\u201cqueremos abrir la puerta a este tipo de terapias con seriedad y rigor incorporando todos los aspectos m\u00e1s blandos y sensibles no solo lo<strong>&nbsp;biom\u00e9dico<\/strong>. Entendiendo que hay muchos relatos que se superponen en el uso de estas sustancias conocimientos que vienen desde lo cultural, de las tradiciones, de lo social, lo comunitario y tambi\u00e9n lo m\u00e9dico\u201d.<\/p>\n\n\n\n<p>Finalmente<strong>&nbsp;preguntamos a Ana Maria si ten\u00eda alg\u00fan consejo para el activismo cann\u00e1bico<\/strong>&nbsp;y nos dej\u00f3 muy claro que lo m\u00e1s importante es no olvidar que&nbsp;<strong>trabajas para toda la sociedad<\/strong>, \u201cabrir esta conversaci\u00f3n en t\u00e9rminos que la gente comprenda. Ser pedag\u00f3gicos, sencillos, claros. Por otra parte instalar capacidades, no guardarse el conocimiento si no empoderar y transmitirlo,&nbsp;<strong>esa es la revoluci\u00f3n que echamos a correr<\/strong>&nbsp;porque una persona habilitada para hacer sus propias preparaciones le puede ense\u00f1ar a otra y esa a otra y eso se reproduce hasta el infinito. Hay lugares remotos o de dif\u00edcil acceso donde tardaremos mucho en llegar con seguimiento m\u00e9dico pero sabemos que se est\u00e1n haciendo talleres y eso es maravilloso\u201d. Lo \u00faltimo que nos dice es que hay que<strong>&nbsp;confiar en la planta y as\u00ed devolverla al lugar que le corresponde como gran aliada del ser humano.<\/strong><\/p>\n","protected":false},"excerpt":{"rendered":"<span class=\"span-reading-time rt-reading-time\" style=\"display: block;\"><span class=\"rt-label rt-prefix\">Tiempo de lectura:<\/span> <span class=\"rt-time\"> 11<\/span> <span class=\"rt-label rt-postfix\">minutos<\/span><\/span>Por Ang\u00e9lica Silva. Cannabis.es&nbsp;aprovech\u00f3 el verano para viajar a&nbsp;Santiago de Chile&nbsp;y hablar con la gente de&nbsp;Fundaci\u00f3n Daya, primer centro terap\u00e9utico especializado en soluciones cann\u00e1bicas de toda&nbsp;Iberoam\u00e9rica&nbsp;y pioneros en la lucha por la regularizaci\u00f3n en&nbsp;Chile. Daya en s\u00e1nscrito significa \u201camor compasivo\u201d y justamente esa visi\u00f3n es la clave de su \u00e9xito, una entrega genuina por el [&hellip;]","protected":false},"author":1,"featured_media":2561,"comment_status":"closed","ping_status":"closed","sticky":false,"template":"","format":"standard","meta":{"loftocean-featured-post":"","loftocean_post_format_gallery":"","loftocean_post_format_gallery_ids":"","loftocean_post_format_gallery_urls":"","loftocean_post_format_video_id":"","loftocean_post_format_video_url":"","loftocean_post_format_video_type":"","loftocean_post_format_video":"","loftocean_post_format_audio_type":"","loftocean_post_format_audio_url":"","loftocean_post_format_audio_id":"","loftocean_post_format_audio":"","loftocean_post_format_quote_text":"","loftocean_post_format_quote_byline":"","loftocean_post_format_link_text":"","loftocean_post_format_link_url":"","ceramag_post_header_style":"","ceramag_enable_background_video":"","ceramag_show_in_top_slider":"","ceramag_post_background_video_start":"","ceramag_post_background_video_end":"","loftocean_page_background_video_id":"","loftocean_page_background_video_url":"","loftocean_page_background_video_type":"","loftocean_page_background_video":"","ceramag_background_video_start":"","ceramag_background_video_end":"","ceramag_single_page_hide_header":"","footnotes":""},"categories":[34],"tags":[1142,610,66,41,1140,770,61,1141,54,806,51,750],"class_list":["post-2560","post","type-post","status-publish","format-standard","has-post-thumbnail","hentry","category-reportajes","tag-ana-maria-gazmuri","tag-asociacion","tag-autocultivo","tag-cannabis","tag-chile","tag-ciencia","tag-cultivo","tag-fundacion-daya","tag-legalizacion","tag-mama-cultiva","tag-salud","tag-uso-terapeutico"],"yoast_head":"<!-- This site is optimized with the Yoast SEO plugin v24.9 - https:\/\/yoast.com\/wordpress\/plugins\/seo\/ -->\n<title>Visitamos la Fundaci\u00f3n DAYA y os traemos sabidur\u00eda cann\u00e1bica desde Chile<\/title>\n<meta name=\"description\" content=\"Entrada &#8226; Portal multimedia sobre cannabis y otras sustancias &#8226; 11 septiembre, 2017\" \/>\n<meta name=\"robots\" content=\"index, follow, max-snippet:-1, max-image-preview:large, max-video-preview:-1\" \/>\n<link rel=\"canonical\" href=\"https:\/\/www.cannabis.es\/pw\/2017\/09\/11\/visitamos-la-fundacion-daya-y-os-traemos-sabiduria-cannabica-desde-chile\/\" \/>\n<meta name=\"twitter:card\" content=\"summary_large_image\" \/>\n<meta name=\"twitter:title\" content=\"Visitamos la Fundaci\u00f3n DAYA y os traemos sabidur\u00eda cann\u00e1bica desde Chile\" \/>\n<meta name=\"twitter:description\" content=\"Entrada &#8226; Portal multimedia sobre cannabis y otras sustancias &#8226; 11 septiembre, 2017\" \/>\n<meta name=\"twitter:image\" content=\"https:\/\/www.cannabis.es\/pw\/wp-content\/uploads\/2020\/05\/fundacion-daya-portada-1.jpg\" \/>\n<meta name=\"twitter:creator\" content=\"@cannabis_es\" \/>\n<meta name=\"twitter:site\" content=\"@cannabis_es\" \/>\n<meta name=\"twitter:label1\" content=\"Escrito por\" \/>\n\t<meta name=\"twitter:data1\" content=\"Cannabis.es\" \/>\n\t<meta name=\"twitter:label2\" content=\"Tiempo de lectura\" \/>\n\t<meta name=\"twitter:data2\" content=\"19 minutos\" \/>\n<script type=\"application\/ld+json\" class=\"yoast-schema-graph\">{\"@context\":\"https:\/\/schema.org\",\"@graph\":[{\"@type\":\"Article\",\"@id\":\"https:\/\/www.cannabis.es\/pw\/2017\/09\/11\/visitamos-la-fundacion-daya-y-os-traemos-sabiduria-cannabica-desde-chile\/#article\",\"isPartOf\":{\"@id\":\"https:\/\/www.cannabis.es\/pw\/2017\/09\/11\/visitamos-la-fundacion-daya-y-os-traemos-sabiduria-cannabica-desde-chile\/\"},\"author\":{\"name\":\"Cannabis.es\",\"@id\":\"https:\/\/www.cannabis.es\/pw\/#\/schema\/person\/e2fbd204580cf4fe74c79b82bc447374\"},\"headline\":\"Visitamos la Fundaci\u00f3n DAYA y os traemos sabidur\u00eda cann\u00e1bica desde Chile\",\"datePublished\":\"2017-09-11T11:15:14+00:00\",\"dateModified\":\"2020-10-16T11:50:32+00:00\",\"mainEntityOfPage\":{\"@id\":\"https:\/\/www.cannabis.es\/pw\/2017\/09\/11\/visitamos-la-fundacion-daya-y-os-traemos-sabiduria-cannabica-desde-chile\/\"},\"wordCount\":3735,\"publisher\":{\"@id\":\"https:\/\/www.cannabis.es\/pw\/#organization\"},\"image\":{\"@id\":\"https:\/\/www.cannabis.es\/pw\/2017\/09\/11\/visitamos-la-fundacion-daya-y-os-traemos-sabiduria-cannabica-desde-chile\/#primaryimage\"},\"thumbnailUrl\":\"https:\/\/www.cannabis.es\/pw\/wp-content\/uploads\/2020\/05\/fundacion-daya-portada-1.jpg\",\"keywords\":[\"Ana Mar\u00eda Gazmuri\",\"asociaci\u00f3n\",\"autocultivo\",\"cannabis\",\"Chile\",\"ciencia\",\"cultivo\",\"Fundaci\u00f3n DAYA\",\"legalizaci\u00f3n\",\"Mama Cultiva\",\"salud\",\"uso terap\u00e9utico\"],\"articleSection\":[\"Reportajes\"],\"inLanguage\":\"es\"},{\"@type\":\"WebPage\",\"@id\":\"https:\/\/www.cannabis.es\/pw\/2017\/09\/11\/visitamos-la-fundacion-daya-y-os-traemos-sabiduria-cannabica-desde-chile\/\",\"url\":\"https:\/\/www.cannabis.es\/pw\/2017\/09\/11\/visitamos-la-fundacion-daya-y-os-traemos-sabiduria-cannabica-desde-chile\/\",\"name\":\"Visitamos la Fundaci\u00f3n DAYA y os traemos sabidur\u00eda cann\u00e1bica desde Chile\",\"isPartOf\":{\"@id\":\"https:\/\/www.cannabis.es\/pw\/#website\"},\"primaryImageOfPage\":{\"@id\":\"https:\/\/www.cannabis.es\/pw\/2017\/09\/11\/visitamos-la-fundacion-daya-y-os-traemos-sabiduria-cannabica-desde-chile\/#primaryimage\"},\"image\":{\"@id\":\"https:\/\/www.cannabis.es\/pw\/2017\/09\/11\/visitamos-la-fundacion-daya-y-os-traemos-sabiduria-cannabica-desde-chile\/#primaryimage\"},\"thumbnailUrl\":\"https:\/\/www.cannabis.es\/pw\/wp-content\/uploads\/2020\/05\/fundacion-daya-portada-1.jpg\",\"datePublished\":\"2017-09-11T11:15:14+00:00\",\"dateModified\":\"2020-10-16T11:50:32+00:00\",\"description\":\"Entrada &#8226; Portal multimedia sobre cannabis y otras sustancias &#8226; 11 septiembre, 2017\",\"breadcrumb\":{\"@id\":\"https:\/\/www.cannabis.es\/pw\/2017\/09\/11\/visitamos-la-fundacion-daya-y-os-traemos-sabiduria-cannabica-desde-chile\/#breadcrumb\"},\"inLanguage\":\"es\",\"potentialAction\":[{\"@type\":\"ReadAction\",\"target\":[\"https:\/\/www.cannabis.es\/pw\/2017\/09\/11\/visitamos-la-fundacion-daya-y-os-traemos-sabiduria-cannabica-desde-chile\/\"]}]},{\"@type\":\"ImageObject\",\"inLanguage\":\"es\",\"@id\":\"https:\/\/www.cannabis.es\/pw\/2017\/09\/11\/visitamos-la-fundacion-daya-y-os-traemos-sabiduria-cannabica-desde-chile\/#primaryimage\",\"url\":\"https:\/\/www.cannabis.es\/pw\/wp-content\/uploads\/2020\/05\/fundacion-daya-portada-1.jpg\",\"contentUrl\":\"https:\/\/www.cannabis.es\/pw\/wp-content\/uploads\/2020\/05\/fundacion-daya-portada-1.jpg\",\"width\":959,\"height\":475},{\"@type\":\"BreadcrumbList\",\"@id\":\"https:\/\/www.cannabis.es\/pw\/2017\/09\/11\/visitamos-la-fundacion-daya-y-os-traemos-sabiduria-cannabica-desde-chile\/#breadcrumb\",\"itemListElement\":[{\"@type\":\"ListItem\",\"position\":1,\"name\":\"Portada\",\"item\":\"http:\/\/www.cannabis.es\/pw\/\"},{\"@type\":\"ListItem\",\"position\":2,\"name\":\"Visitamos la Fundaci\u00f3n DAYA y os traemos sabidur\u00eda cann\u00e1bica desde Chile\"}]},{\"@type\":\"WebSite\",\"@id\":\"https:\/\/www.cannabis.es\/pw\/#website\",\"url\":\"https:\/\/www.cannabis.es\/pw\/\",\"name\":\"Cannabis\",\"description\":\"Portal multimedia sobre cannabis y otras sustancias\",\"publisher\":{\"@id\":\"https:\/\/www.cannabis.es\/pw\/#organization\"},\"potentialAction\":[{\"@type\":\"SearchAction\",\"target\":{\"@type\":\"EntryPoint\",\"urlTemplate\":\"https:\/\/www.cannabis.es\/pw\/?s={search_term_string}\"},\"query-input\":{\"@type\":\"PropertyValueSpecification\",\"valueRequired\":true,\"valueName\":\"search_term_string\"}}],\"inLanguage\":\"es\"},{\"@type\":\"Organization\",\"@id\":\"https:\/\/www.cannabis.es\/pw\/#organization\",\"name\":\"Cannabis.es\",\"url\":\"https:\/\/www.cannabis.es\/pw\/\",\"logo\":{\"@type\":\"ImageObject\",\"inLanguage\":\"es\",\"@id\":\"https:\/\/www.cannabis.es\/pw\/#\/schema\/logo\/image\/\",\"url\":\"https:\/\/www.cannabis.es\/pw\/wp-content\/uploads\/2019\/04\/cropped-logo_cannabis.png\",\"contentUrl\":\"https:\/\/www.cannabis.es\/pw\/wp-content\/uploads\/2019\/04\/cropped-logo_cannabis.png\",\"width\":361,\"height\":120,\"caption\":\"Cannabis.es\"},\"image\":{\"@id\":\"https:\/\/www.cannabis.es\/pw\/#\/schema\/logo\/image\/\"},\"sameAs\":[\"https:\/\/x.com\/cannabis_es\"]},{\"@type\":\"Person\",\"@id\":\"https:\/\/www.cannabis.es\/pw\/#\/schema\/person\/e2fbd204580cf4fe74c79b82bc447374\",\"name\":\"Cannabis.es\",\"image\":{\"@type\":\"ImageObject\",\"inLanguage\":\"es\",\"@id\":\"https:\/\/www.cannabis.es\/pw\/#\/schema\/person\/image\/\",\"url\":\"https:\/\/secure.gravatar.com\/avatar\/4375b1eb6e272e2e48a4b8a8def52e5f208151f555bb5906da616906ee6dd2e8?s=96&d=mm&r=g\",\"contentUrl\":\"https:\/\/secure.gravatar.com\/avatar\/4375b1eb6e272e2e48a4b8a8def52e5f208151f555bb5906da616906ee6dd2e8?s=96&d=mm&r=g\",\"caption\":\"Cannabis.es\"},\"url\":\"https:\/\/www.cannabis.es\/pw\/author\/cannabis\/\"}]}<\/script>\n<!-- \/ Yoast SEO plugin. -->","yoast_head_json":{"title":"Visitamos la Fundaci\u00f3n DAYA y os traemos sabidur\u00eda cann\u00e1bica desde Chile","description":"Entrada &#8226; Portal multimedia sobre cannabis y otras sustancias &#8226; 11 septiembre, 2017","robots":{"index":"index","follow":"follow","max-snippet":"max-snippet:-1","max-image-preview":"max-image-preview:large","max-video-preview":"max-video-preview:-1"},"canonical":"https:\/\/www.cannabis.es\/pw\/2017\/09\/11\/visitamos-la-fundacion-daya-y-os-traemos-sabiduria-cannabica-desde-chile\/","twitter_card":"summary_large_image","twitter_title":"Visitamos la Fundaci\u00f3n DAYA y os traemos sabidur\u00eda cann\u00e1bica desde Chile","twitter_description":"Entrada &#8226; Portal multimedia sobre cannabis y otras sustancias &#8226; 11 septiembre, 2017","twitter_image":"https:\/\/www.cannabis.es\/pw\/wp-content\/uploads\/2020\/05\/fundacion-daya-portada-1.jpg","twitter_creator":"@cannabis_es","twitter_site":"@cannabis_es","twitter_misc":{"Escrito por":"Cannabis.es","Tiempo de lectura":"19 minutos"},"schema":{"@context":"https:\/\/schema.org","@graph":[{"@type":"Article","@id":"https:\/\/www.cannabis.es\/pw\/2017\/09\/11\/visitamos-la-fundacion-daya-y-os-traemos-sabiduria-cannabica-desde-chile\/#article","isPartOf":{"@id":"https:\/\/www.cannabis.es\/pw\/2017\/09\/11\/visitamos-la-fundacion-daya-y-os-traemos-sabiduria-cannabica-desde-chile\/"},"author":{"name":"Cannabis.es","@id":"https:\/\/www.cannabis.es\/pw\/#\/schema\/person\/e2fbd204580cf4fe74c79b82bc447374"},"headline":"Visitamos la Fundaci\u00f3n DAYA y os traemos sabidur\u00eda cann\u00e1bica desde Chile","datePublished":"2017-09-11T11:15:14+00:00","dateModified":"2020-10-16T11:50:32+00:00","mainEntityOfPage":{"@id":"https:\/\/www.cannabis.es\/pw\/2017\/09\/11\/visitamos-la-fundacion-daya-y-os-traemos-sabiduria-cannabica-desde-chile\/"},"wordCount":3735,"publisher":{"@id":"https:\/\/www.cannabis.es\/pw\/#organization"},"image":{"@id":"https:\/\/www.cannabis.es\/pw\/2017\/09\/11\/visitamos-la-fundacion-daya-y-os-traemos-sabiduria-cannabica-desde-chile\/#primaryimage"},"thumbnailUrl":"https:\/\/www.cannabis.es\/pw\/wp-content\/uploads\/2020\/05\/fundacion-daya-portada-1.jpg","keywords":["Ana Mar\u00eda Gazmuri","asociaci\u00f3n","autocultivo","cannabis","Chile","ciencia","cultivo","Fundaci\u00f3n DAYA","legalizaci\u00f3n","Mama Cultiva","salud","uso terap\u00e9utico"],"articleSection":["Reportajes"],"inLanguage":"es"},{"@type":"WebPage","@id":"https:\/\/www.cannabis.es\/pw\/2017\/09\/11\/visitamos-la-fundacion-daya-y-os-traemos-sabiduria-cannabica-desde-chile\/","url":"https:\/\/www.cannabis.es\/pw\/2017\/09\/11\/visitamos-la-fundacion-daya-y-os-traemos-sabiduria-cannabica-desde-chile\/","name":"Visitamos la Fundaci\u00f3n DAYA y os traemos sabidur\u00eda cann\u00e1bica desde Chile","isPartOf":{"@id":"https:\/\/www.cannabis.es\/pw\/#website"},"primaryImageOfPage":{"@id":"https:\/\/www.cannabis.es\/pw\/2017\/09\/11\/visitamos-la-fundacion-daya-y-os-traemos-sabiduria-cannabica-desde-chile\/#primaryimage"},"image":{"@id":"https:\/\/www.cannabis.es\/pw\/2017\/09\/11\/visitamos-la-fundacion-daya-y-os-traemos-sabiduria-cannabica-desde-chile\/#primaryimage"},"thumbnailUrl":"https:\/\/www.cannabis.es\/pw\/wp-content\/uploads\/2020\/05\/fundacion-daya-portada-1.jpg","datePublished":"2017-09-11T11:15:14+00:00","dateModified":"2020-10-16T11:50:32+00:00","description":"Entrada &#8226; Portal multimedia sobre cannabis y otras sustancias &#8226; 11 septiembre, 2017","breadcrumb":{"@id":"https:\/\/www.cannabis.es\/pw\/2017\/09\/11\/visitamos-la-fundacion-daya-y-os-traemos-sabiduria-cannabica-desde-chile\/#breadcrumb"},"inLanguage":"es","potentialAction":[{"@type":"ReadAction","target":["https:\/\/www.cannabis.es\/pw\/2017\/09\/11\/visitamos-la-fundacion-daya-y-os-traemos-sabiduria-cannabica-desde-chile\/"]}]},{"@type":"ImageObject","inLanguage":"es","@id":"https:\/\/www.cannabis.es\/pw\/2017\/09\/11\/visitamos-la-fundacion-daya-y-os-traemos-sabiduria-cannabica-desde-chile\/#primaryimage","url":"https:\/\/www.cannabis.es\/pw\/wp-content\/uploads\/2020\/05\/fundacion-daya-portada-1.jpg","contentUrl":"https:\/\/www.cannabis.es\/pw\/wp-content\/uploads\/2020\/05\/fundacion-daya-portada-1.jpg","width":959,"height":475},{"@type":"BreadcrumbList","@id":"https:\/\/www.cannabis.es\/pw\/2017\/09\/11\/visitamos-la-fundacion-daya-y-os-traemos-sabiduria-cannabica-desde-chile\/#breadcrumb","itemListElement":[{"@type":"ListItem","position":1,"name":"Portada","item":"http:\/\/www.cannabis.es\/pw\/"},{"@type":"ListItem","position":2,"name":"Visitamos la Fundaci\u00f3n DAYA y os traemos sabidur\u00eda cann\u00e1bica desde Chile"}]},{"@type":"WebSite","@id":"https:\/\/www.cannabis.es\/pw\/#website","url":"https:\/\/www.cannabis.es\/pw\/","name":"Cannabis","description":"Portal multimedia sobre cannabis y otras sustancias","publisher":{"@id":"https:\/\/www.cannabis.es\/pw\/#organization"},"potentialAction":[{"@type":"SearchAction","target":{"@type":"EntryPoint","urlTemplate":"https:\/\/www.cannabis.es\/pw\/?s={search_term_string}"},"query-input":{"@type":"PropertyValueSpecification","valueRequired":true,"valueName":"search_term_string"}}],"inLanguage":"es"},{"@type":"Organization","@id":"https:\/\/www.cannabis.es\/pw\/#organization","name":"Cannabis.es","url":"https:\/\/www.cannabis.es\/pw\/","logo":{"@type":"ImageObject","inLanguage":"es","@id":"https:\/\/www.cannabis.es\/pw\/#\/schema\/logo\/image\/","url":"https:\/\/www.cannabis.es\/pw\/wp-content\/uploads\/2019\/04\/cropped-logo_cannabis.png","contentUrl":"https:\/\/www.cannabis.es\/pw\/wp-content\/uploads\/2019\/04\/cropped-logo_cannabis.png","width":361,"height":120,"caption":"Cannabis.es"},"image":{"@id":"https:\/\/www.cannabis.es\/pw\/#\/schema\/logo\/image\/"},"sameAs":["https:\/\/x.com\/cannabis_es"]},{"@type":"Person","@id":"https:\/\/www.cannabis.es\/pw\/#\/schema\/person\/e2fbd204580cf4fe74c79b82bc447374","name":"Cannabis.es","image":{"@type":"ImageObject","inLanguage":"es","@id":"https:\/\/www.cannabis.es\/pw\/#\/schema\/person\/image\/","url":"https:\/\/secure.gravatar.com\/avatar\/4375b1eb6e272e2e48a4b8a8def52e5f208151f555bb5906da616906ee6dd2e8?s=96&d=mm&r=g","contentUrl":"https:\/\/secure.gravatar.com\/avatar\/4375b1eb6e272e2e48a4b8a8def52e5f208151f555bb5906da616906ee6dd2e8?s=96&d=mm&r=g","caption":"Cannabis.es"},"url":"https:\/\/www.cannabis.es\/pw\/author\/cannabis\/"}]}},"_links":{"self":[{"href":"https:\/\/www.cannabis.es\/pw\/wp-json\/wp\/v2\/posts\/2560","targetHints":{"allow":["GET"]}}],"collection":[{"href":"https:\/\/www.cannabis.es\/pw\/wp-json\/wp\/v2\/posts"}],"about":[{"href":"https:\/\/www.cannabis.es\/pw\/wp-json\/wp\/v2\/types\/post"}],"author":[{"embeddable":true,"href":"https:\/\/www.cannabis.es\/pw\/wp-json\/wp\/v2\/users\/1"}],"replies":[{"embeddable":true,"href":"https:\/\/www.cannabis.es\/pw\/wp-json\/wp\/v2\/comments?post=2560"}],"version-history":[{"count":3,"href":"https:\/\/www.cannabis.es\/pw\/wp-json\/wp\/v2\/posts\/2560\/revisions"}],"predecessor-version":[{"id":6168,"href":"https:\/\/www.cannabis.es\/pw\/wp-json\/wp\/v2\/posts\/2560\/revisions\/6168"}],"wp:featuredmedia":[{"embeddable":true,"href":"https:\/\/www.cannabis.es\/pw\/wp-json\/wp\/v2\/media\/2561"}],"wp:attachment":[{"href":"https:\/\/www.cannabis.es\/pw\/wp-json\/wp\/v2\/media?parent=2560"}],"wp:term":[{"taxonomy":"category","embeddable":true,"href":"https:\/\/www.cannabis.es\/pw\/wp-json\/wp\/v2\/categories?post=2560"},{"taxonomy":"post_tag","embeddable":true,"href":"https:\/\/www.cannabis.es\/pw\/wp-json\/wp\/v2\/tags?post=2560"}],"curies":[{"name":"wp","href":"https:\/\/api.w.org\/{rel}","templated":true}]}}