{"id":2590,"date":"2017-08-23T13:41:57","date_gmt":"2017-08-23T11:41:57","guid":{"rendered":"http:\/\/www.cannabis.es\/pw\/?p=2590"},"modified":"2020-10-16T13:51:11","modified_gmt":"2020-10-16T11:51:11","slug":"hablan-los-rastafaris-principales-asociaciones-en-espana","status":"publish","type":"post","link":"https:\/\/www.cannabis.es\/pw\/2017\/08\/23\/hablan-los-rastafaris-principales-asociaciones-en-espana\/","title":{"rendered":"Hablan los rastafaris: principales asociaciones en Espa\u00f1a"},"content":{"rendered":"\n<p><strong>Cannabis.es<\/strong>&nbsp;se pone en contacto con los representantes de las uniones m\u00e1s importantes.&nbsp;<\/p>\n\n\n\n<p>Existe una notable confusi\u00f3n alrededor del&nbsp;<strong>rastafarismo<\/strong>&nbsp;y lo que significa. Hay qui\u00e9n identifica a cualquier persona con<strong>&nbsp;rastas o dreadlocks<\/strong>&nbsp;en el pelo con un&nbsp;<strong>rastafari<\/strong>. Nada m\u00e1s lejos de la realidad. El cabello entretejido y enredado no hace que la persona que lo lleva comulgue con la religi\u00f3n y&nbsp;<strong>corriente filos\u00f3fica del rastafari.&nbsp;<\/strong><\/p>\n\n\n\n<hr class=\"wp-block-separator\"\/>\n\n\n\n<p>Actualmente, existe tan solo un pu\u00f1ado de hermandades rastafaris en nuestro pa\u00eds. Las forman un n\u00facleo de rastafaris comprometidos con la causa y el mensaje de sus creencias. Para entender estas organizaciones, su funcionamiento y actividades, consultamos con<strong>&nbsp;Ras Melak, presidente de la Associaci\u00f3 Cultural Rastafari de Barcelona&nbsp;y con Gabriel, \u201cGabo\u201d<\/strong>, presidente de la&nbsp;<strong>Asociaci\u00f3n Cultural Organic Roots<\/strong>, sita en la Comunidad de Madrid.&nbsp;<\/p>\n\n\n\n<p><strong>Melak<\/strong>&nbsp;describe su asociaci\u00f3n como \u201cuna organizaci\u00f3n de hermanos que promueve la cultura rastafari. Estamos comprometidos con la ayuda social, destinamos parte de los fondos que conseguimos a la creaci\u00f3n de un orfanato en<strong>&nbsp;Guinea Conakry\u201d<\/strong>, una actividad que tambi\u00e9n llevan a cabo desde&nbsp;<strong>Organic Roots<\/strong>. Ambas asociaciones tienen programas de ayuda a los \u201celders\u201d jamaicanos, ancianos para los cuales se destinan ayudas coordinadas desde la propia isla caribe\u00f1a. Adem\u00e1s, colaboran en la creaci\u00f3n de centros p\u00fablicos como hospitales o comedores en&nbsp;<strong>\u00c1frica<\/strong>.&nbsp;<\/p>\n\n\n\n<p>Nuestra financiaci\u00f3n es propia mediante una cuota mensual. Tambi\u00e9n buscamos percibia alguna subvenci\u00f3n p\u00fablica y ayuda de empresas privadas que apoyan nuestro trabajo en \u00c1frica\u201d, nos explica&nbsp;<strong>Melak<\/strong>. \u201cOrganizamos eventos con m\u00fasica en directo,&nbsp;<strong>Sound System<\/strong>, talleres de percusi\u00f3n, rap\u2026\u201d<\/p>\n\n\n\n<p>\u201cNos dedicamos a esparcir el mensaje rastafari mediante actividades como conciertos, talleres, teatro,&nbsp;<strong>Soundsystems<\/strong>\u2026\u201d Nos explica Gabo. Precisamente,&nbsp;<strong>Organic Roots<\/strong>&nbsp;tiene su origen en un&nbsp;<strong>Sound System<\/strong>, all\u00e1 por 2010, aunque la asociaci\u00f3n se fund\u00f3 en 2012. \u201cEl&nbsp;<strong>Sound System, Sistema de Sonido<\/strong>, se caracteriza por ser totalmente artesanal, m\u00f3vil, con instrumentos y aparatos hechos a mano por ingenieros de sonido y Djs. Adem\u00e1s, nuestra asociaci\u00f3n cuenta con una tienda de vinilos y un peque\u00f1o estudio de producci\u00f3n con lo que recabamos alg\u00fan dinero para los Elders y nuestros proyectos en \u00c1frica. Hemos colaborado con muchos Ayuntamientos en la zona, llegando a celebrar&nbsp;<strong>dos festivales en Tres Cantos, eventos en Tabacalera, La Dragonera, La Quimera, Sound System, talleres para ni\u00f1os<\/strong>&#8230;\u201d&nbsp;<\/p>\n\n\n\n<p>El censo de socios de ambas ligas es variado. La&nbsp;<strong>Asociaci\u00f3n de Rastas de Barcelona<\/strong>&nbsp;apenas tiene un a\u00f1o de vida y cuenta con 50 personas. \u201cActivos en redes sociales, festivales y conferencias, estamos unos diez o quince, pero nuestro censo alcanza las 1800 o 2000 personas\u201d, afirma&nbsp;<strong>Gabo<\/strong>. \u201cNuestros hermanos se hacen socios, proyectan eventos por Internet, presentamos dosieres con las ideas desarrolladas que se puedan presentar en los Ayuntamientos\u2026 Si tienes mala suerte, te toca un pol\u00edtico del PP que te cierra las puertas. Pero luego hay mucha gente m\u00e1s abierta con la que tienes m\u00e1s posibilidades\u201c.<\/p>\n\n\n\n<p>\u201cNuestro mensaje es el mensaje rastafari, es la misi\u00f3n de los rastafaris, la uni\u00f3n entre todos los hermanos. El progreso de la naci\u00f3n de forma inteligente, el progreso de todos. Amor, pero no amor sin sentido. La m\u00fasica es nuestra arma\u201d, explica&nbsp;<strong>Ras Melak<\/strong>. \u201cEs la realidad que se vive hoy en d\u00eda. Cambio de escenario pol\u00edtico, m\u00e1s concienciaci\u00f3n de la sociedad. Uni\u00f3n, cambiar el mundo empezando por uno mismo. Hay muchas personas con una venda en los ojos\u201d nos ense\u00f1a&nbsp;<strong>Gabo<\/strong>.&nbsp;<\/p>\n\n\n\n<p>{gallery}rastafaris{\/gallery}<\/p>\n\n\n\n<p>Para pertenecer a estas asociaciones, los requisitos son m\u00ednimos: \u201cEstar de acuerdo con el mensaje, formalizar el registro y apoyar a la organizaci\u00f3n. Sostenemos los proyectos que encontramos viables y crecemos en base a la gente que viene a preguntar. Gracias a<strong>&nbsp;Jah<\/strong>, las piezas van encajando y cualquier persona que quiera compartir la cultura rastafari est\u00e1 incluida\u201d dice&nbsp;<strong>Melak<\/strong>.&nbsp;<\/p>\n\n\n\n<p>Preguntamos por el papel de las mujeres en la organizaci\u00f3n: \u201cTienen el mismo papel que los hombres. No hay diferencia, tienen la misma libertad de actuaci\u00f3n y de opini\u00f3n. Nuestra vicepresidenta se llama&nbsp;<strong>Sara L\u00f3pez<\/strong>, m\u00e1s conocida como&nbsp;<strong>Coco Vegas<\/strong>&nbsp;y es cantante. Las mujeres forman parte importante de nuestra comunidad y &nbsp;nuestra estructura, reciben todo nuestro apoyo\u201d nos responde<strong>&nbsp;Gabo<\/strong>.&nbsp;<\/p>\n\n\n\n<p>Ambas asociaciones han estado en contacto con otras comunidades rastafaris. Nos cuentan c\u00f3mo han participado en actividades con la&nbsp;<strong>Asociaci\u00f3n Granja Almendra de M\u00e1laga<\/strong>, a cuyo frente se encuentra&nbsp;<strong>Ras Mael<\/strong>&nbsp;o c\u00f3mo reciben visitas de otras asociaciones internacionales como FARI, asociaci\u00f3n proveniente de Italia.&nbsp;<\/p>\n\n\n\n<p>Pr\u00f3ximamente,<strong>&nbsp;Organ<\/strong><strong>ic Roots<\/strong>, desde su cuartel general en Becerril de la Sierra en Madrid, proyecta asistir a m\u00e1s&nbsp;<strong>Sound Systems<\/strong>, incluso un encuentro especial el 24 de Noviembre, para el que habr\u00e1 que estar al tanto en sus redes sociales. \u201cAdem\u00e1s, planeamos<strong>&nbsp;celebrar una vez m\u00e1s el Festival Organic Roots<\/strong>&nbsp;al otro lado del charco, en&nbsp;<strong>M\u00e9xico<\/strong>, durante este a\u00f1o\u201d, nos cuenta&nbsp;<strong>Gabo<\/strong>.<\/p>\n\n\n\n<p>Por su parte, la&nbsp;<strong>Associaci\u00f3 Cultural Rastafari de Barcelona<\/strong>, prepar\u00f3<strong>&nbsp;eventos y Sound Systems<\/strong>&nbsp;para conmemorar las&nbsp;<strong>fiestas de Gracia el pasado 17 de agosto<\/strong>, en la calle Jes\u00fas. &nbsp;<\/p>\n\n\n\n<p>Para&nbsp;<strong>m\u00e1s informaci\u00f3n<\/strong>, pueden consultarse sus redes sociales (<a href=\"https:\/\/www.facebook.com\/RastafariBarcelona\/\" target=\"_blank\" rel=\"noreferrer noopener\">ACRB<\/a>,&nbsp;<a href=\"https:\/\/www.facebook.com\/OrganicRootsFestival\/\" target=\"_blank\" rel=\"noreferrer noopener\"><strong>Organic Roots<\/strong><\/a>) o escribir a las siguientes direcciones:<\/p>\n\n\n\n<p>Associaci\u00f3 Cultural Rastafari de Barcelona:&nbsp;<a href=\"mailto:culturalrastafari@gmail.com\">culturalrastafari@gmail.com<br><\/a><\/p>\n\n\n\n<p>Organic Roots:&nbsp;<a href=\"mailto:organicrootsfestival@gmail.com\">organicrootsfestival@gmail.com<\/a><\/p>\n","protected":false},"excerpt":{"rendered":"<span class=\"span-reading-time rt-reading-time\" style=\"display: block;\"><span class=\"rt-label rt-prefix\">Tiempo de lectura:<\/span> <span class=\"rt-time\"> 3<\/span> <span class=\"rt-label rt-postfix\">minutos<\/span><\/span>Cannabis.es&nbsp;se pone en contacto con los representantes de las uniones m\u00e1s importantes.&nbsp; Existe una notable confusi\u00f3n alrededor del&nbsp;rastafarismo&nbsp;y lo que significa. Hay qui\u00e9n identifica a cualquier persona con&nbsp;rastas o dreadlocks&nbsp;en el pelo con un&nbsp;rastafari. Nada m\u00e1s lejos de la realidad. El cabello entretejido y enredado no hace que la persona que lo lleva comulgue con [&hellip;]","protected":false},"author":1,"featured_media":2591,"comment_status":"closed","ping_status":"closed","sticky":false,"template":"","format":"standard","meta":{"loftocean-featured-post":"","loftocean_post_format_gallery":"","loftocean_post_format_gallery_ids":"","loftocean_post_format_gallery_urls":"","loftocean_post_format_video_id":"","loftocean_post_format_video_url":"","loftocean_post_format_video_type":"","loftocean_post_format_video":"","loftocean_post_format_audio_type":"","loftocean_post_format_audio_url":"","loftocean_post_format_audio_id":"","loftocean_post_format_audio":"","loftocean_post_format_quote_text":"","loftocean_post_format_quote_byline":"","loftocean_post_format_link_text":"","loftocean_post_format_link_url":"","ceramag_post_header_style":"","ceramag_enable_background_video":"","ceramag_show_in_top_slider":"","ceramag_post_background_video_start":"","ceramag_post_background_video_end":"","loftocean_page_background_video_id":"","loftocean_page_background_video_url":"","loftocean_page_background_video_type":"","loftocean_page_background_video":"","ceramag_background_video_start":"","ceramag_background_video_end":"","ceramag_single_page_hide_header":"","footnotes":""},"categories":[34],"tags":[1184,1185,1187,1186,1182,1183,1181],"class_list":["post-2590","post","type-post","status-publish","format-standard","has-post-thumbnail","hentry","category-reportajes","tag-asociacion-organic-roots","tag-associacio-cultural-rastafari-de-barcelona","tag-filosofia-rasta","tag-musica-rasta","tag-rastafaris","tag-rastas","tag-sound-system"],"yoast_head":"<!-- This site is optimized with the Yoast SEO plugin v24.9 - https:\/\/yoast.com\/wordpress\/plugins\/seo\/ -->\n<title>Hablan los rastafaris: principales asociaciones en Espa\u00f1a<\/title>\n<meta name=\"description\" content=\"Entrada &#8226; Portal multimedia sobre cannabis y otras sustancias &#8226; 23 agosto, 2017\" \/>\n<meta name=\"robots\" content=\"index, follow, max-snippet:-1, max-image-preview:large, max-video-preview:-1\" \/>\n<link rel=\"canonical\" href=\"https:\/\/www.cannabis.es\/pw\/2017\/08\/23\/hablan-los-rastafaris-principales-asociaciones-en-espana\/\" \/>\n<meta name=\"twitter:card\" content=\"summary_large_image\" \/>\n<meta name=\"twitter:title\" content=\"Hablan los rastafaris: principales asociaciones en Espa\u00f1a\" \/>\n<meta name=\"twitter:description\" content=\"Entrada &#8226; Portal multimedia sobre cannabis y otras sustancias &#8226; 23 agosto, 2017\" \/>\n<meta name=\"twitter:image\" content=\"https:\/\/www.cannabis.es\/pw\/wp-content\/uploads\/2020\/05\/portada_rasta.jpg\" \/>\n<meta name=\"twitter:creator\" content=\"@cannabis_es\" \/>\n<meta name=\"twitter:site\" content=\"@cannabis_es\" \/>\n<meta name=\"twitter:label1\" content=\"Escrito por\" \/>\n\t<meta name=\"twitter:data1\" content=\"Cannabis.es\" \/>\n\t<meta name=\"twitter:label2\" content=\"Tiempo de lectura\" \/>\n\t<meta name=\"twitter:data2\" content=\"5 minutos\" \/>\n<script type=\"application\/ld+json\" class=\"yoast-schema-graph\">{\"@context\":\"https:\/\/schema.org\",\"@graph\":[{\"@type\":\"Article\",\"@id\":\"https:\/\/www.cannabis.es\/pw\/2017\/08\/23\/hablan-los-rastafaris-principales-asociaciones-en-espana\/#article\",\"isPartOf\":{\"@id\":\"https:\/\/www.cannabis.es\/pw\/2017\/08\/23\/hablan-los-rastafaris-principales-asociaciones-en-espana\/\"},\"author\":{\"name\":\"Cannabis.es\",\"@id\":\"https:\/\/www.cannabis.es\/pw\/#\/schema\/person\/e2fbd204580cf4fe74c79b82bc447374\"},\"headline\":\"Hablan los rastafaris: principales asociaciones en Espa\u00f1a\",\"datePublished\":\"2017-08-23T11:41:57+00:00\",\"dateModified\":\"2020-10-16T11:51:11+00:00\",\"mainEntityOfPage\":{\"@id\":\"https:\/\/www.cannabis.es\/pw\/2017\/08\/23\/hablan-los-rastafaris-principales-asociaciones-en-espana\/\"},\"wordCount\":980,\"publisher\":{\"@id\":\"https:\/\/www.cannabis.es\/pw\/#organization\"},\"image\":{\"@id\":\"https:\/\/www.cannabis.es\/pw\/2017\/08\/23\/hablan-los-rastafaris-principales-asociaciones-en-espana\/#primaryimage\"},\"thumbnailUrl\":\"https:\/\/www.cannabis.es\/pw\/wp-content\/uploads\/2020\/05\/portada_rasta.jpg\",\"keywords\":[\"Asociaci\u00f3n Organic Roots\",\"Associaci\u00f3 Cultural Rastafari de Barcelona\",\"filosof\u00eda rasta\",\"m\u00fasica rasta\",\"rastafaris\",\"rastas\",\"Sound System\"],\"articleSection\":[\"Reportajes\"],\"inLanguage\":\"es\"},{\"@type\":\"WebPage\",\"@id\":\"https:\/\/www.cannabis.es\/pw\/2017\/08\/23\/hablan-los-rastafaris-principales-asociaciones-en-espana\/\",\"url\":\"https:\/\/www.cannabis.es\/pw\/2017\/08\/23\/hablan-los-rastafaris-principales-asociaciones-en-espana\/\",\"name\":\"Hablan los rastafaris: principales asociaciones en Espa\u00f1a\",\"isPartOf\":{\"@id\":\"https:\/\/www.cannabis.es\/pw\/#website\"},\"primaryImageOfPage\":{\"@id\":\"https:\/\/www.cannabis.es\/pw\/2017\/08\/23\/hablan-los-rastafaris-principales-asociaciones-en-espana\/#primaryimage\"},\"image\":{\"@id\":\"https:\/\/www.cannabis.es\/pw\/2017\/08\/23\/hablan-los-rastafaris-principales-asociaciones-en-espana\/#primaryimage\"},\"thumbnailUrl\":\"https:\/\/www.cannabis.es\/pw\/wp-content\/uploads\/2020\/05\/portada_rasta.jpg\",\"datePublished\":\"2017-08-23T11:41:57+00:00\",\"dateModified\":\"2020-10-16T11:51:11+00:00\",\"description\":\"Entrada &#8226; Portal multimedia sobre cannabis y otras sustancias &#8226; 23 agosto, 2017\",\"breadcrumb\":{\"@id\":\"https:\/\/www.cannabis.es\/pw\/2017\/08\/23\/hablan-los-rastafaris-principales-asociaciones-en-espana\/#breadcrumb\"},\"inLanguage\":\"es\",\"potentialAction\":[{\"@type\":\"ReadAction\",\"target\":[\"https:\/\/www.cannabis.es\/pw\/2017\/08\/23\/hablan-los-rastafaris-principales-asociaciones-en-espana\/\"]}]},{\"@type\":\"ImageObject\",\"inLanguage\":\"es\",\"@id\":\"https:\/\/www.cannabis.es\/pw\/2017\/08\/23\/hablan-los-rastafaris-principales-asociaciones-en-espana\/#primaryimage\",\"url\":\"https:\/\/www.cannabis.es\/pw\/wp-content\/uploads\/2020\/05\/portada_rasta.jpg\",\"contentUrl\":\"https:\/\/www.cannabis.es\/pw\/wp-content\/uploads\/2020\/05\/portada_rasta.jpg\",\"width\":959,\"height\":475},{\"@type\":\"BreadcrumbList\",\"@id\":\"https:\/\/www.cannabis.es\/pw\/2017\/08\/23\/hablan-los-rastafaris-principales-asociaciones-en-espana\/#breadcrumb\",\"itemListElement\":[{\"@type\":\"ListItem\",\"position\":1,\"name\":\"Portada\",\"item\":\"http:\/\/www.cannabis.es\/pw\/\"},{\"@type\":\"ListItem\",\"position\":2,\"name\":\"Hablan los rastafaris: principales asociaciones en Espa\u00f1a\"}]},{\"@type\":\"WebSite\",\"@id\":\"https:\/\/www.cannabis.es\/pw\/#website\",\"url\":\"https:\/\/www.cannabis.es\/pw\/\",\"name\":\"Cannabis\",\"description\":\"Portal multimedia sobre cannabis y otras sustancias\",\"publisher\":{\"@id\":\"https:\/\/www.cannabis.es\/pw\/#organization\"},\"potentialAction\":[{\"@type\":\"SearchAction\",\"target\":{\"@type\":\"EntryPoint\",\"urlTemplate\":\"https:\/\/www.cannabis.es\/pw\/?s={search_term_string}\"},\"query-input\":{\"@type\":\"PropertyValueSpecification\",\"valueRequired\":true,\"valueName\":\"search_term_string\"}}],\"inLanguage\":\"es\"},{\"@type\":\"Organization\",\"@id\":\"https:\/\/www.cannabis.es\/pw\/#organization\",\"name\":\"Cannabis.es\",\"url\":\"https:\/\/www.cannabis.es\/pw\/\",\"logo\":{\"@type\":\"ImageObject\",\"inLanguage\":\"es\",\"@id\":\"https:\/\/www.cannabis.es\/pw\/#\/schema\/logo\/image\/\",\"url\":\"https:\/\/www.cannabis.es\/pw\/wp-content\/uploads\/2019\/04\/cropped-logo_cannabis.png\",\"contentUrl\":\"https:\/\/www.cannabis.es\/pw\/wp-content\/uploads\/2019\/04\/cropped-logo_cannabis.png\",\"width\":361,\"height\":120,\"caption\":\"Cannabis.es\"},\"image\":{\"@id\":\"https:\/\/www.cannabis.es\/pw\/#\/schema\/logo\/image\/\"},\"sameAs\":[\"https:\/\/x.com\/cannabis_es\"]},{\"@type\":\"Person\",\"@id\":\"https:\/\/www.cannabis.es\/pw\/#\/schema\/person\/e2fbd204580cf4fe74c79b82bc447374\",\"name\":\"Cannabis.es\",\"image\":{\"@type\":\"ImageObject\",\"inLanguage\":\"es\",\"@id\":\"https:\/\/www.cannabis.es\/pw\/#\/schema\/person\/image\/\",\"url\":\"https:\/\/secure.gravatar.com\/avatar\/4375b1eb6e272e2e48a4b8a8def52e5f208151f555bb5906da616906ee6dd2e8?s=96&d=mm&r=g\",\"contentUrl\":\"https:\/\/secure.gravatar.com\/avatar\/4375b1eb6e272e2e48a4b8a8def52e5f208151f555bb5906da616906ee6dd2e8?s=96&d=mm&r=g\",\"caption\":\"Cannabis.es\"},\"url\":\"https:\/\/www.cannabis.es\/pw\/author\/cannabis\/\"}]}<\/script>\n<!-- \/ Yoast SEO plugin. -->","yoast_head_json":{"title":"Hablan los rastafaris: principales asociaciones en Espa\u00f1a","description":"Entrada &#8226; Portal multimedia sobre cannabis y otras sustancias &#8226; 23 agosto, 2017","robots":{"index":"index","follow":"follow","max-snippet":"max-snippet:-1","max-image-preview":"max-image-preview:large","max-video-preview":"max-video-preview:-1"},"canonical":"https:\/\/www.cannabis.es\/pw\/2017\/08\/23\/hablan-los-rastafaris-principales-asociaciones-en-espana\/","twitter_card":"summary_large_image","twitter_title":"Hablan los rastafaris: principales asociaciones en Espa\u00f1a","twitter_description":"Entrada &#8226; Portal multimedia sobre cannabis y otras sustancias &#8226; 23 agosto, 2017","twitter_image":"https:\/\/www.cannabis.es\/pw\/wp-content\/uploads\/2020\/05\/portada_rasta.jpg","twitter_creator":"@cannabis_es","twitter_site":"@cannabis_es","twitter_misc":{"Escrito por":"Cannabis.es","Tiempo de lectura":"5 minutos"},"schema":{"@context":"https:\/\/schema.org","@graph":[{"@type":"Article","@id":"https:\/\/www.cannabis.es\/pw\/2017\/08\/23\/hablan-los-rastafaris-principales-asociaciones-en-espana\/#article","isPartOf":{"@id":"https:\/\/www.cannabis.es\/pw\/2017\/08\/23\/hablan-los-rastafaris-principales-asociaciones-en-espana\/"},"author":{"name":"Cannabis.es","@id":"https:\/\/www.cannabis.es\/pw\/#\/schema\/person\/e2fbd204580cf4fe74c79b82bc447374"},"headline":"Hablan los rastafaris: principales asociaciones en Espa\u00f1a","datePublished":"2017-08-23T11:41:57+00:00","dateModified":"2020-10-16T11:51:11+00:00","mainEntityOfPage":{"@id":"https:\/\/www.cannabis.es\/pw\/2017\/08\/23\/hablan-los-rastafaris-principales-asociaciones-en-espana\/"},"wordCount":980,"publisher":{"@id":"https:\/\/www.cannabis.es\/pw\/#organization"},"image":{"@id":"https:\/\/www.cannabis.es\/pw\/2017\/08\/23\/hablan-los-rastafaris-principales-asociaciones-en-espana\/#primaryimage"},"thumbnailUrl":"https:\/\/www.cannabis.es\/pw\/wp-content\/uploads\/2020\/05\/portada_rasta.jpg","keywords":["Asociaci\u00f3n Organic Roots","Associaci\u00f3 Cultural Rastafari de Barcelona","filosof\u00eda rasta","m\u00fasica rasta","rastafaris","rastas","Sound System"],"articleSection":["Reportajes"],"inLanguage":"es"},{"@type":"WebPage","@id":"https:\/\/www.cannabis.es\/pw\/2017\/08\/23\/hablan-los-rastafaris-principales-asociaciones-en-espana\/","url":"https:\/\/www.cannabis.es\/pw\/2017\/08\/23\/hablan-los-rastafaris-principales-asociaciones-en-espana\/","name":"Hablan los rastafaris: principales asociaciones en Espa\u00f1a","isPartOf":{"@id":"https:\/\/www.cannabis.es\/pw\/#website"},"primaryImageOfPage":{"@id":"https:\/\/www.cannabis.es\/pw\/2017\/08\/23\/hablan-los-rastafaris-principales-asociaciones-en-espana\/#primaryimage"},"image":{"@id":"https:\/\/www.cannabis.es\/pw\/2017\/08\/23\/hablan-los-rastafaris-principales-asociaciones-en-espana\/#primaryimage"},"thumbnailUrl":"https:\/\/www.cannabis.es\/pw\/wp-content\/uploads\/2020\/05\/portada_rasta.jpg","datePublished":"2017-08-23T11:41:57+00:00","dateModified":"2020-10-16T11:51:11+00:00","description":"Entrada &#8226; Portal multimedia sobre cannabis y otras sustancias &#8226; 23 agosto, 2017","breadcrumb":{"@id":"https:\/\/www.cannabis.es\/pw\/2017\/08\/23\/hablan-los-rastafaris-principales-asociaciones-en-espana\/#breadcrumb"},"inLanguage":"es","potentialAction":[{"@type":"ReadAction","target":["https:\/\/www.cannabis.es\/pw\/2017\/08\/23\/hablan-los-rastafaris-principales-asociaciones-en-espana\/"]}]},{"@type":"ImageObject","inLanguage":"es","@id":"https:\/\/www.cannabis.es\/pw\/2017\/08\/23\/hablan-los-rastafaris-principales-asociaciones-en-espana\/#primaryimage","url":"https:\/\/www.cannabis.es\/pw\/wp-content\/uploads\/2020\/05\/portada_rasta.jpg","contentUrl":"https:\/\/www.cannabis.es\/pw\/wp-content\/uploads\/2020\/05\/portada_rasta.jpg","width":959,"height":475},{"@type":"BreadcrumbList","@id":"https:\/\/www.cannabis.es\/pw\/2017\/08\/23\/hablan-los-rastafaris-principales-asociaciones-en-espana\/#breadcrumb","itemListElement":[{"@type":"ListItem","position":1,"name":"Portada","item":"http:\/\/www.cannabis.es\/pw\/"},{"@type":"ListItem","position":2,"name":"Hablan los rastafaris: principales asociaciones en Espa\u00f1a"}]},{"@type":"WebSite","@id":"https:\/\/www.cannabis.es\/pw\/#website","url":"https:\/\/www.cannabis.es\/pw\/","name":"Cannabis","description":"Portal multimedia sobre cannabis y otras sustancias","publisher":{"@id":"https:\/\/www.cannabis.es\/pw\/#organization"},"potentialAction":[{"@type":"SearchAction","target":{"@type":"EntryPoint","urlTemplate":"https:\/\/www.cannabis.es\/pw\/?s={search_term_string}"},"query-input":{"@type":"PropertyValueSpecification","valueRequired":true,"valueName":"search_term_string"}}],"inLanguage":"es"},{"@type":"Organization","@id":"https:\/\/www.cannabis.es\/pw\/#organization","name":"Cannabis.es","url":"https:\/\/www.cannabis.es\/pw\/","logo":{"@type":"ImageObject","inLanguage":"es","@id":"https:\/\/www.cannabis.es\/pw\/#\/schema\/logo\/image\/","url":"https:\/\/www.cannabis.es\/pw\/wp-content\/uploads\/2019\/04\/cropped-logo_cannabis.png","contentUrl":"https:\/\/www.cannabis.es\/pw\/wp-content\/uploads\/2019\/04\/cropped-logo_cannabis.png","width":361,"height":120,"caption":"Cannabis.es"},"image":{"@id":"https:\/\/www.cannabis.es\/pw\/#\/schema\/logo\/image\/"},"sameAs":["https:\/\/x.com\/cannabis_es"]},{"@type":"Person","@id":"https:\/\/www.cannabis.es\/pw\/#\/schema\/person\/e2fbd204580cf4fe74c79b82bc447374","name":"Cannabis.es","image":{"@type":"ImageObject","inLanguage":"es","@id":"https:\/\/www.cannabis.es\/pw\/#\/schema\/person\/image\/","url":"https:\/\/secure.gravatar.com\/avatar\/4375b1eb6e272e2e48a4b8a8def52e5f208151f555bb5906da616906ee6dd2e8?s=96&d=mm&r=g","contentUrl":"https:\/\/secure.gravatar.com\/avatar\/4375b1eb6e272e2e48a4b8a8def52e5f208151f555bb5906da616906ee6dd2e8?s=96&d=mm&r=g","caption":"Cannabis.es"},"url":"https:\/\/www.cannabis.es\/pw\/author\/cannabis\/"}]}},"_links":{"self":[{"href":"https:\/\/www.cannabis.es\/pw\/wp-json\/wp\/v2\/posts\/2590","targetHints":{"allow":["GET"]}}],"collection":[{"href":"https:\/\/www.cannabis.es\/pw\/wp-json\/wp\/v2\/posts"}],"about":[{"href":"https:\/\/www.cannabis.es\/pw\/wp-json\/wp\/v2\/types\/post"}],"author":[{"embeddable":true,"href":"https:\/\/www.cannabis.es\/pw\/wp-json\/wp\/v2\/users\/1"}],"replies":[{"embeddable":true,"href":"https:\/\/www.cannabis.es\/pw\/wp-json\/wp\/v2\/comments?post=2590"}],"version-history":[{"count":1,"href":"https:\/\/www.cannabis.es\/pw\/wp-json\/wp\/v2\/posts\/2590\/revisions"}],"predecessor-version":[{"id":2592,"href":"https:\/\/www.cannabis.es\/pw\/wp-json\/wp\/v2\/posts\/2590\/revisions\/2592"}],"wp:featuredmedia":[{"embeddable":true,"href":"https:\/\/www.cannabis.es\/pw\/wp-json\/wp\/v2\/media\/2591"}],"wp:attachment":[{"href":"https:\/\/www.cannabis.es\/pw\/wp-json\/wp\/v2\/media?parent=2590"}],"wp:term":[{"taxonomy":"category","embeddable":true,"href":"https:\/\/www.cannabis.es\/pw\/wp-json\/wp\/v2\/categories?post=2590"},{"taxonomy":"post_tag","embeddable":true,"href":"https:\/\/www.cannabis.es\/pw\/wp-json\/wp\/v2\/tags?post=2590"}],"curies":[{"name":"wp","href":"https:\/\/api.w.org\/{rel}","templated":true}]}}