{"id":2593,"date":"2017-08-22T13:44:27","date_gmt":"2017-08-22T11:44:27","guid":{"rendered":"http:\/\/www.cannabis.es\/pw\/?p=2593"},"modified":"2020-10-16T13:51:19","modified_gmt":"2020-10-16T11:51:19","slug":"droga-yihadista-y-ninos-con-tdah-paradojas-farmaco-ilogicas","status":"publish","type":"post","link":"https:\/\/www.cannabis.es\/pw\/2017\/08\/22\/droga-yihadista-y-ninos-con-tdah-paradojas-farmaco-ilogicas\/","title":{"rendered":"Droga yihadista y ni\u00f1os con TDAH: paradojas f\u00e1rmaco-il\u00f3gicas"},"content":{"rendered":"\n<p>Por Drogoteca.<\/p>\n\n\n\n\n\n\n\n<p><em>\u00abCuando el pediatra diagnostic\u00f3 a nuestro hijo &#8216;Trastorno por d\u00e9ficit de atenci\u00f3n e hiperactividad&#8217; o&nbsp;<strong>TDAH<\/strong>, nos cost\u00f3 creer que su comportamiento fuera tal que llegase al grado de patolog\u00eda que necesitase ser medicada con f\u00e1rmacos. Pero ah\u00ed est\u00e1bamos en una farmacia de guardia, comprando un bote de&nbsp;<strong>anfetaminas<\/strong>, la&nbsp;<strong>droga de los yihadistas<\/strong>, para d\u00e1rselas a nuestro hijo de 8 a\u00f1os\u00bb. Este f\u00e1rmaco contiene&nbsp;<\/em><strong><a href=\"https:\/\/es.wikipedia.org\/wiki\/Fenetilina\">fenetilina<\/a>,&nbsp;<\/strong>que<strong>&nbsp;es una mol\u00e9cula que une otras dos -anfetamina<\/strong>&nbsp;de la de toda la vida, y<strong>&nbsp;teofilina del t\u00e9-&nbsp;<\/strong>y se ha usado en los pa\u00edses de i<strong>nfluencia musulmana<\/strong>&nbsp;de la misma forma que nosotros en Espa\u00f1a, para tratar a ni\u00f1os con THDA.<\/p>\n\n\n\n<hr class=\"wp-block-separator\"\/>\n\n\n\n<p><em>\u00abMi hijo era un ni\u00f1o como los de su grupito, tal vez algo m\u00e1s despistado. A veces parec\u00eda que no te escuchaba y que estaba en su mundo, y otras veces parec\u00eda incapaz de recordar una secuencia de \u00f3rdenes simples.&nbsp;No \u00e9ramos capaces de saber -su padre y yo- si nos estaba tomando el pelo o si, por el contrario, estaba sufriendo alg\u00fan tipo de problema que le hiciera comportarse de dicha forma. Era un ni\u00f1o muy despierto, revoltoso incluso, pero feliz en l\u00edneas generales.<\/em><\/p>\n\n\n\n<p><em>De hecho, si no hubiera sido por las notas del colegio -y las quejas de aquella profesora sobre que estaba molestando mucho en el aula- no hubi\u00e9ramos acudido a un especialista, que le diagnostic\u00f3<\/em><em><strong>&nbsp;&#8216;Trastorno por d\u00e9ficit de atenci\u00f3n e hiperactividad&#8217; o TDAH<\/strong>, y le recet\u00f3 el mismo f\u00e1rmaco ahora conocido como&nbsp;la droga de los&nbsp;<strong>yihadistas.\u00bb<\/strong><\/em><em><br><\/em><\/p>\n\n\n\n<p>Esta narraci\u00f3n, que podr\u00eda parecer ficci\u00f3n a un ojo poco entrenado, me la daba una persona este fin de semana al contarme el proceso que siguieron -ella y su pareja- para tratar a su hijo, que hab\u00eda sido diagnosticado (con mejor o peor acierto, no voy a entrar en ello) de&nbsp;<strong>TDAH<\/strong>. La madre del ni\u00f1o, una profesora universitaria de Literatura, contestaba con esa historia a mi comentario -durante una sobremesa- de lo absolutamente vergonzoso que era el&nbsp;<strong>uso que estaban dando a la informaci\u00f3n cient\u00edfica<\/strong>, orient\u00e1ndola y present\u00e1ndola de forma totalmente desvirtuada o tendenciosa hasta el punto de borrar la informaci\u00f3n real y dejar en la mente del lector un titular maliciosamente ideado.<\/p>\n\n\n\n<p>El asunto, esta vez, comenz\u00f3&nbsp;<strong>el d\u00eda antes del atentado de Barcelona y Cambrils<\/strong>&nbsp;de agosto de 2017. Al menos la noticia real que no tiene nada que ver con lo que luego han contado. La noticia original es la publicaci\u00f3n de un estudio el d\u00eda 16 de agosto en la&nbsp;<strong>revista Nature<\/strong>, sobre una forma de comprobar las&nbsp;<strong>activaciones producidas por las sinergias de dos f\u00e1rmacos activos<\/strong>&nbsp;al mismo tiempo, mediante una especie de \u201cvacunaci\u00f3n de anticuerpos\u201d en ratones especialmente preparados para dicho estudios.&nbsp;<a href=\"http:\/\/www.nature.com\/nature\/journal\/vaop\/ncurrent\/full\/nature23464.html\">Esta<\/a>, y no otra, es la noticia en s\u00ed. Y ya.&nbsp;<\/p>\n\n\n\n<p>\u00bfQu\u00e9 tiene que ver entonces toda esta historia con<strong>&nbsp;yihadistas y la neodroga de este verano -ni zombi ni can\u00edbal- ya conocida como la \u201cDROGA YIHADISTA\u201d<\/strong>? Pues una simple casualidad farmacol\u00f3gica, que nada tiene que ver con la tendenciosa presentaci\u00f3n que han dado los medios, y es que la sustancia que usaron para dicho estudio&nbsp;<strong>es una pro-droga conocida como&nbsp;<a href=\"https:\/\/es.wikipedia.org\/wiki\/Fenetilina\">fenetilina<\/a>,&nbsp;<\/strong>y que<strong>&nbsp;es una mol\u00e9cula que une otras dos:<a href=\"https:\/\/www.cannabis.es\/web\/2013-07-21-00-48-04\/sustancias\/24-drogopedia\/sustancias\/60-speed\" target=\"_blank\" rel=\"noreferrer noopener\">&nbsp;anfetamina<\/a><\/strong>&nbsp;de la de toda la vida, y<strong>&nbsp;teofilina del t\u00e9<\/strong>.<\/p>\n\n\n\n<figure class=\"wp-block-image\"><img decoding=\"async\" src=\"https:\/\/www.cannabis.es\/web\/images\/droga_yihadista\/B1F0F60DC4A7912516A92F062AEC078BE8A12AAF335A0F2E40pimgpsh_fullsize_distr.png\" alt=\"Droga yihadista\"\/><\/figure>\n\n\n\n<p>Esa mol\u00e9cula es la que en los pa\u00edses de cierta&nbsp;<strong>zona de influencia musulmana<\/strong>&nbsp;se ha usado farmacol\u00f3gicamente de la misma forma que nosotros hemos usado -y usamos con ni\u00f1os a d\u00eda de hoy-<strong>&nbsp;nuestras anfetaminas<\/strong>. Eso es todo. El nombre comercial -uno de ellos- es&nbsp;<strong>Captagon<\/strong>, y es el nombre dado por el laboratorio. As\u00ed que cuando alguien -en esos pa\u00edses- quer\u00eda estar m\u00e1s despierto pues buscaba&nbsp;<strong>\u201cCaptagon\u201d<\/strong>&nbsp;de la misma forma que en Espa\u00f1a buscamos&nbsp;<strong>\u201cElvanse\u201d hoy d\u00eda, o \u201cCentramina\u201d o \u201cDexedrina\u201d hasta la d\u00e9cada de los 90<\/strong>. No tiene m\u00e1s misterio.<\/p>\n\n\n\n<p>Quien sea curioso se podr\u00e1 preguntar qu\u00e9 sentido tiene unir dos mol\u00e9culas de dos sustancias para hacer una sola, como ocurre con esa droga bautizada como \u201c<strong>Droga Yihadista<\/strong>\u201d y, lejos de explicaciones \u201cm\u00e1gicas\u201d que crean superpoderes en luchadores sobrenaturales y monstruos sacados de la peor pesadilla, el motivo es influir sobre la velocidad de absorci\u00f3n del compuesto (o de ambos), su duraci\u00f3n en el organismo y el proceso de metabolizaci\u00f3n. En concreto, porque<strong>&nbsp;la teofilina -como ocurre igual con su prima hermana, la cafe\u00edna- ralentiza el mecanismo de eliminaci\u00f3n metab\u00f3lica del compuesto<\/strong>, con lo que se mejora su perfil farmacol\u00f3gico orientado a&nbsp;<strong>usos m\u00e9dicos<\/strong>.<\/p>\n\n\n\n<p>Ese hecho, que las metil-xantinas como la teofilina o la cafe\u00edna<strong>&nbsp;ralentizan el metabolismo de las anfetaminas<\/strong>&nbsp;no es algo nuevo (como el \u201c<strong>Captagon<\/strong>\u201d, f\u00e1rmaco muy viejo ya) y no s\u00f3lo lo saben en el mundo musulm\u00e1n<strong>: el&nbsp;<a href=\"https:\/\/www.cannabis.es\/web\/2013-07-21-00-48-04\/sustancias\/24-drogopedia\/sustancias\/60-speed\" target=\"_blank\" rel=\"noreferrer noopener\">&#8216;speed<\/a>&#8216; que se vende en Espa\u00f1a es sulfato de anfetamina con&nbsp;<a href=\"https:\/\/www.cannabis.es\/web\/?id=52:cafeina\" target=\"_blank\" rel=\"noreferrer noopener\">cafe\u00edna<\/a><\/strong>, o dicho de otra forma, la \u201c<strong>droga yihadista\u201d pero sin comprimir en pastillas.<\/strong>&nbsp;Y s\u00f3lo vale 20 euros el gramo, en la calle y al por menor. Todos los camellos de estimulantes del pa\u00eds, venden o han vendido&nbsp;<strong>\u201cCaptagon Espa\u00f1ol\u201d<\/strong>: cr\u00eda yihadistas para que se vuelvan NI-NI&#8217;s!!<\/p>\n\n\n\n<p>Pero no crean que s\u00f3lo ellos. La nueva anfetamina que existe en el mercado legal espa\u00f1ol,&nbsp;<strong><a href=\"http:\/\/drogoteca.blogspot.com.es\/2016\/09\/del-sombrero-magico-de-la-farmacia.html\">\u201cElvanse\u201d de marca y lisdexanfetamina de nombre<\/a><\/strong>, no es m\u00e1s que&nbsp;<strong>una mol\u00e9cula de anfetamina pegada a una de lisina<\/strong>. \u00bfPotencia su efecto? Qu\u00e9 va!!<\/p>\n\n\n\n<p><strong>Potencia el precio que pueden cobrarle a los padres de los ni\u00f1os<\/strong>&nbsp;que se lo recetan: el bote de 30 pastillas de 30 miligramos, el de 50 miligramos y el de 70 miligramos valen lo mismo&#8230;. porque el robo no est\u00e1 en el coste de la sustancia, sino en la&nbsp;<strong>trampa de la patente<\/strong>.<\/p>\n\n\n\n<p>De hecho, esa<strong>&nbsp;pro-droga que es el \u201cElvanse\u201d<\/strong>, a quien m\u00e1s beneficia por ser la uni\u00f3n de dos sustancias que se liberan en el cuerpo del usuario, no es a quien la toma sino a la farmac\u00e9utica que la vende: sin esa patente, no podr\u00edan cobrar ni 20 euros por caja&#8230;<\/p>\n\n\n\n<p>Es decir, una vez que observas el asunto, la \u201c<strong>droga yihadista<\/strong>\u201d no es otra que la que venden para los&nbsp;<strong>ni\u00f1os diagnosticados con TDAH en Espa\u00f1a<\/strong>. Bueno, le faltar\u00eda la<strong>&nbsp;<a href=\"https:\/\/es.wikipedia.org\/wiki\/Teofilina\">teofilina<\/a>&nbsp;<\/strong>as\u00ed que basta con darle un poco de t\u00e9 (verde o negro) a tu hijo -medicado con \u201c<strong>Elvanse<\/strong>\u201d-<em>&nbsp;para que se convierta en yihadista y os ejecute<\/em>&nbsp;(a toda la familia, salvo a quien acepte convertirse)&nbsp;<em>la pr\u00f3xima luna llena, por infieles.<\/em><\/p>\n\n\n\n<p>\u00bfY qu\u00e9 m\u00e1s pas\u00f3? Pues lo que pasa siempre; por un lado que&nbsp;<strong>en el verano la prensa tiende a inventarse una droga al a\u00f1o<\/strong>&nbsp;y este a\u00f1o no hab\u00edan cumplido a\u00fan y, por otro, que,<strong>&nbsp;al mencionarse algo que ten\u00eda relaci\u00f3n&nbsp;<\/strong>-aunque sea&nbsp;<strong><a href=\"http:\/\/elcomercio.pe\/mundo\/terrorismo\/mito-islamico-captagon-yihadistas-atentados-noticia-noticia-445501\">ficticia, como demuestran los estudios<\/a>&#8211; con el terrorismo islamista, el inter\u00e9s se dispara.<\/strong><\/p>\n\n\n\n<p>Los medios hispanos, del \u201c<strong>ABC<\/strong>\u201d a \u201c<strong>La Voz De Galicia<\/strong>\u201d, contaron la pel\u00edcula como les interesaba -m\u00e1s tras el atentado- para conseguir visitas y para poder seguir dando esa imagen totalmente falsa y distorsionada de la realidad.&nbsp;<em>Volvimos a ver -en la prensa generalista basurero- historia \u00e9picas sobre sustancias que son capaces de hacer que decapitar seres humanos te sea placentero o relajante<\/em>, o que&nbsp;<strong><a href=\"https:\/\/twitter.com\/Drogofilo\/status\/899787269997039616\">vuelven superhombres a quienes las toman<\/a>.<\/strong>&nbsp;El resto, lo completa el periodista medio espa\u00f1ol: como nadie puede comprobar nada, me invento lo que sea (un saludo desde aqu\u00ed a<strong>&nbsp;Lucas de la Cal<\/strong>). Y ya la cosa pasa a novela, cuando te cuentan c\u00f3mo se la dan forzada a los combatientes para convertirles en monstruos que matan ciegamente.<\/p>\n\n\n\n<p>\u00bfNadie puede poner un poco de cabeza en tanta tonter\u00eda? Me hubiera gustado contestar a esto que s\u00ed, pero para mi fue una enorme decepci\u00f3n encontrarme una publicaci\u00f3n -presuntamente de&nbsp;<strong>corte cient\u00edfico o sanitario<\/strong>&nbsp;al menos- llamada \u201c<strong>Redacci\u00f3n M\u00e9dica<\/strong>\u201d con la peor informaci\u00f3n de todas.<\/p>\n\n\n\n<figure class=\"wp-block-image\"><img decoding=\"async\" src=\"https:\/\/www.cannabis.es\/web\/images\/droga_yihadista\/91A57AE898C454CB1F063558B5E396F3F7FB3B57A186A3B723pimgpsh_fullsize_distr.jpg\" alt=\"91A57AE898C454CB1F063558B5E396F3F7FB3B57A186A3B723pimgpsh fullsize distr\"\/><\/figure>\n\n\n\n<p>Ellos -al menos en teor\u00eda- deber\u00edan estar preparados para coger el estudio (como he hecho yo) y leerlo antes de escribir sobre ello. Si lo hubieran hecho, hubieran visto que su titular de&nbsp;<strong>\u201c<a href=\"https:\/\/www.redaccionmedica.com\/secciones\/sanidad-hoy\/crean-una-vacuna-contra-la-droga-de-los-yihadistas--1571\">Crean una vacuna contra el Captagon, la droga yihadista.<\/a><\/strong>\u201d era falso:&nbsp;<strong>no es una vacuna<\/strong>&nbsp;como las entendemos en los humanos (es s\u00f3lo una forma de explicarlo) sino una&nbsp;<strong>herramienta de investigaci\u00f3n<\/strong>, no se buscaba crear una vacuna contra el \u201cCaptagon\u201d. El hecho de que el compuesto sea el que es usado en decenas de pa\u00edses de mayor\u00eda musulmana es s\u00f3lo una casualidad explotada ahora, ya que el estudio fue realizado hace a\u00f1os, se cerr\u00f3 al completar su recorrido y -como parte de la forma de ganarse la financiaci\u00f3n del pr\u00f3ximo estudio- fue enviado a una revista para su publicaci\u00f3n. Eso ocurri\u00f3 (el env\u00edo) en enero, se aprob\u00f3 unos meses despu\u00e9s y sali\u00f3 publicado ahora (en el verano tambi\u00e9n hay que rellenar p\u00e1ginas, podr\u00edamos decir, porque lo m\u00e1s interesante no se publica en estos meses). Pero c<em>uando han preguntado a los investigadores, estos no han dudado en \u201cacomodarse\u201d a las preguntas de los \u201cpreocupados periodistas\u201d.<\/em><\/p>\n\n\n\n<p>Como pod\u00e9is ver, de la realidad a la ficci\u00f3n solo hay que torcer algunos datos y dar otros, mientras se callan los importantes. En este caso, esta&nbsp;<strong>noticia<\/strong>&nbsp;ha sido una m\u00e1s de las que ha venido a&nbsp;<em>echar le\u00f1a al fuego<\/em>&nbsp;en Espa\u00f1a durante todos los&nbsp;<strong>sucesos relacionados con el atentado de Barcelona y Cambrils<\/strong>. Se ha intentado contarle a la poblaci\u00f3n -comprensiblemente nerviosa y asustada por los hechos- que existe&nbsp;<strong>una clase de terroristas que usan drogas m\u00e1gicas capaces de atrocidades masivas<\/strong>, e incluso se ha acu\u00f1ado un nuevo t\u00e9rmino (al menos en su uso) que es \u201c<strong>farmacoterrorismo<\/strong>\u201d y que en el futuro servir\u00e1 para que la gente siga siendo asustada desde la prensa generalista, sin motivo real.<\/p>\n\n\n\n<p>La cosa de la desinformaci\u00f3n en la prensa general, me ha hecho ver estos d\u00edas a gente&nbsp;<strong>equiparando Islam y terrorismo,&nbsp;<a href=\"https:\/\/twitter.com\/Drogofilo\/status\/899065761351598080\">anunci\u00e1ndolo gloriosamente en Twitter<\/a>.<\/strong>&nbsp;S\u00ed, ya s\u00e9 que es un cu\u00f1ao hablando de un tema que desconoce hasta en los t\u00e9rminos m\u00e1s b\u00e1sicos y no un experto en \u201cHistoria de la Religi\u00f3n\u201d. Pero no s\u00f3lo personajes sin demasiada preparaci\u00f3n me han mostrado, estos d\u00edas, reacciones totalmente cafres. Hace unas horas, un buen amigo -dentista con dos carreras- me ha dicho que \u201csi me sent\u00eda orgulloso de mi bello trapo\u201d, en referencia a la imagen de una camiseta que uso.&nbsp;<strong>La camiseta en cuesti\u00f3n -una de las m\u00e1s vendidas a los turistas en Marruecos y que yo tengo desde hace meses<\/strong>&#8211; comete el pecado de mostrar en bellas letras (de un idioma distinto al nuestro, eso s\u00ed&#8230;) una frase:<em>&nbsp;\u201cMe gusta el arte \u00e1rabe\u201d.<\/em><\/p>\n\n\n\n<p>Cuando estas reacciones -injustificadas e ignorantes- se producen en personas que, por su formaci\u00f3n deber\u00edan aportar criterio en lugar de&nbsp;<strong>desinformaci\u00f3n<\/strong>, me asusta y preocupa. As\u00ed que pedir\u00e9 perd\u00f3n, por<strong>&nbsp;no confundir Islam y terrorismo, por no criminalizar a un grupo \u00e9tnico o religioso por lo que unos tarados hagan en su nombre, y por tener la desfachatez de que -siendo espa\u00f1ol- me guste el arte \u00e1rabe, pero no el f\u00fatbol.<\/strong><\/p>\n\n\n\n<p>Es m\u00e1s, como ten\u00eda que rematar este texto<strong><em>&nbsp;he tomado un poco de \u201cdroga yihadista\u201d para mantenerme despierto<\/em>&nbsp;<\/strong>-de esa que venden los camellos de calle y los camellos de farmacia, en Espa\u00f1a- y no me he dado cuenta de ello<strong>&nbsp;antes de tomarme un t\u00e9<\/strong>. La mezcla de las drogas ya empieza a hacerme efecto y&nbsp;<em>estoy pasando de ser un agn\u00f3stico, pac\u00edfico y algo troll, a un peligroso fan\u00e1tico religioso inspirado en la \u201cyihad farmacol\u00f3gica\u201d y en el m\u00e1s actual \u201cfarma-terrorismo islamista<\/em>. Pido perd\u00f3n tambi\u00e9n por ello, por si me da por matar a alguien esta noche en nombre de alguna deidad o ideal&#8230; \u00bfeh?<\/p>\n\n\n\n<p>Si pretendemos<strong>&nbsp;luchar contra el fanatismo ignorante y terrorista<\/strong>&nbsp;\u2013 de corte religioso o de cualquier otro tipo-&nbsp;<strong>y lo hacemos con una prensa&nbsp;<\/strong>cuya primera<strong>&nbsp;v\u00edctima es la verdad<\/strong>,&nbsp;<strong>no llegaremos lejos.<\/strong><\/p>\n\n\n\n<figure class=\"wp-block-image\"><img decoding=\"async\" src=\"https:\/\/www.cannabis.es\/web\/images\/droga_yihadista\/D0DA630FD8ED448CA3B716AD79FD7537E34C13B5764533E355pimgpsh_fullsize_distr.jpg\" alt=\"D0DA630FD8ED448CA3B716AD79FD7537E34C13B5764533E355pimgpsh fullsize distr\"\/><\/figure>\n","protected":false},"excerpt":{"rendered":"<span class=\"span-reading-time rt-reading-time\" style=\"display: block;\"><span class=\"rt-label rt-prefix\">Tiempo de lectura:<\/span> <span class=\"rt-time\"> 7<\/span> <span class=\"rt-label rt-postfix\">minutos<\/span><\/span>Por Drogoteca. \u00abCuando el pediatra diagnostic\u00f3 a nuestro hijo &#8216;Trastorno por d\u00e9ficit de atenci\u00f3n e hiperactividad&#8217; o&nbsp;TDAH, nos cost\u00f3 creer que su comportamiento fuera tal que llegase al grado de patolog\u00eda que necesitase ser medicada con f\u00e1rmacos. Pero ah\u00ed est\u00e1bamos en una farmacia de guardia, comprando un bote de&nbsp;anfetaminas, la&nbsp;droga de los yihadistas, para d\u00e1rselas [&hellip;]","protected":false},"author":1,"featured_media":2594,"comment_status":"closed","ping_status":"closed","sticky":false,"template":"","format":"standard","meta":{"loftocean-featured-post":"","loftocean_post_format_gallery":"","loftocean_post_format_gallery_ids":"","loftocean_post_format_gallery_urls":"","loftocean_post_format_video_id":"","loftocean_post_format_video_url":"","loftocean_post_format_video_type":"","loftocean_post_format_video":"","loftocean_post_format_audio_type":"","loftocean_post_format_audio_url":"","loftocean_post_format_audio_id":"","loftocean_post_format_audio":"","loftocean_post_format_quote_text":"","loftocean_post_format_quote_byline":"","loftocean_post_format_link_text":"","loftocean_post_format_link_url":"","ceramag_post_header_style":"","ceramag_enable_background_video":"","ceramag_show_in_top_slider":"","ceramag_post_background_video_start":"","ceramag_post_background_video_end":"","loftocean_page_background_video_id":"","loftocean_page_background_video_url":"","loftocean_page_background_video_type":"","loftocean_page_background_video":"","ceramag_background_video_start":"","ceramag_background_video_end":"","ceramag_single_page_hide_header":"","footnotes":""},"categories":[34],"tags":[1188,1193,1192,44,1190,884,165,1189,1191],"class_list":["post-2593","post","type-post","status-publish","format-standard","has-post-thumbnail","hentry","category-reportajes","tag-anfetaminas","tag-atentado-barcelona","tag-atentado-cambrils","tag-drogas","tag-farmacia","tag-medicamentos","tag-metanfetamina","tag-pastillas","tag-yihadismo"],"yoast_head":"<!-- This site is optimized with the Yoast SEO plugin v24.9 - https:\/\/yoast.com\/wordpress\/plugins\/seo\/ -->\n<title>Droga yihadista y ni\u00f1os con TDAH: paradojas f\u00e1rmaco-il\u00f3gicas<\/title>\n<meta name=\"description\" content=\"Entrada &#8226; Portal multimedia sobre cannabis y otras sustancias &#8226; 22 agosto, 2017\" \/>\n<meta name=\"robots\" content=\"index, follow, max-snippet:-1, max-image-preview:large, max-video-preview:-1\" \/>\n<link rel=\"canonical\" href=\"https:\/\/www.cannabis.es\/pw\/2017\/08\/22\/droga-yihadista-y-ninos-con-tdah-paradojas-farmaco-ilogicas\/\" \/>\n<meta name=\"twitter:card\" content=\"summary_large_image\" \/>\n<meta name=\"twitter:title\" content=\"Droga yihadista y ni\u00f1os con TDAH: paradojas f\u00e1rmaco-il\u00f3gicas\" \/>\n<meta name=\"twitter:description\" content=\"Entrada &#8226; Portal multimedia sobre cannabis y otras sustancias &#8226; 22 agosto, 2017\" \/>\n<meta name=\"twitter:image\" content=\"https:\/\/www.cannabis.es\/pw\/wp-content\/uploads\/2020\/05\/droga_yihadista.jpg\" \/>\n<meta name=\"twitter:creator\" content=\"@cannabis_es\" \/>\n<meta name=\"twitter:site\" content=\"@cannabis_es\" \/>\n<meta name=\"twitter:label1\" content=\"Escrito por\" \/>\n\t<meta name=\"twitter:data1\" content=\"Cannabis.es\" \/>\n\t<meta name=\"twitter:label2\" content=\"Tiempo de lectura\" \/>\n\t<meta name=\"twitter:data2\" content=\"11 minutos\" \/>\n<script type=\"application\/ld+json\" class=\"yoast-schema-graph\">{\"@context\":\"https:\/\/schema.org\",\"@graph\":[{\"@type\":\"Article\",\"@id\":\"https:\/\/www.cannabis.es\/pw\/2017\/08\/22\/droga-yihadista-y-ninos-con-tdah-paradojas-farmaco-ilogicas\/#article\",\"isPartOf\":{\"@id\":\"https:\/\/www.cannabis.es\/pw\/2017\/08\/22\/droga-yihadista-y-ninos-con-tdah-paradojas-farmaco-ilogicas\/\"},\"author\":{\"name\":\"Cannabis.es\",\"@id\":\"https:\/\/www.cannabis.es\/pw\/#\/schema\/person\/e2fbd204580cf4fe74c79b82bc447374\"},\"headline\":\"Droga yihadista y ni\u00f1os con TDAH: paradojas f\u00e1rmaco-il\u00f3gicas\",\"datePublished\":\"2017-08-22T11:44:27+00:00\",\"dateModified\":\"2020-10-16T11:51:19+00:00\",\"mainEntityOfPage\":{\"@id\":\"https:\/\/www.cannabis.es\/pw\/2017\/08\/22\/droga-yihadista-y-ninos-con-tdah-paradojas-farmaco-ilogicas\/\"},\"wordCount\":2206,\"publisher\":{\"@id\":\"https:\/\/www.cannabis.es\/pw\/#organization\"},\"image\":{\"@id\":\"https:\/\/www.cannabis.es\/pw\/2017\/08\/22\/droga-yihadista-y-ninos-con-tdah-paradojas-farmaco-ilogicas\/#primaryimage\"},\"thumbnailUrl\":\"https:\/\/www.cannabis.es\/pw\/wp-content\/uploads\/2020\/05\/droga_yihadista.jpg\",\"keywords\":[\"anfetaminas\",\"atentado Barcelona\",\"atentado Cambrils\",\"drogas\",\"farmacia\",\"medicamentos\",\"metanfetamina\",\"pastillas\",\"yihadismo\"],\"articleSection\":[\"Reportajes\"],\"inLanguage\":\"es\"},{\"@type\":\"WebPage\",\"@id\":\"https:\/\/www.cannabis.es\/pw\/2017\/08\/22\/droga-yihadista-y-ninos-con-tdah-paradojas-farmaco-ilogicas\/\",\"url\":\"https:\/\/www.cannabis.es\/pw\/2017\/08\/22\/droga-yihadista-y-ninos-con-tdah-paradojas-farmaco-ilogicas\/\",\"name\":\"Droga yihadista y ni\u00f1os con TDAH: paradojas f\u00e1rmaco-il\u00f3gicas\",\"isPartOf\":{\"@id\":\"https:\/\/www.cannabis.es\/pw\/#website\"},\"primaryImageOfPage\":{\"@id\":\"https:\/\/www.cannabis.es\/pw\/2017\/08\/22\/droga-yihadista-y-ninos-con-tdah-paradojas-farmaco-ilogicas\/#primaryimage\"},\"image\":{\"@id\":\"https:\/\/www.cannabis.es\/pw\/2017\/08\/22\/droga-yihadista-y-ninos-con-tdah-paradojas-farmaco-ilogicas\/#primaryimage\"},\"thumbnailUrl\":\"https:\/\/www.cannabis.es\/pw\/wp-content\/uploads\/2020\/05\/droga_yihadista.jpg\",\"datePublished\":\"2017-08-22T11:44:27+00:00\",\"dateModified\":\"2020-10-16T11:51:19+00:00\",\"description\":\"Entrada &#8226; Portal multimedia sobre cannabis y otras sustancias &#8226; 22 agosto, 2017\",\"breadcrumb\":{\"@id\":\"https:\/\/www.cannabis.es\/pw\/2017\/08\/22\/droga-yihadista-y-ninos-con-tdah-paradojas-farmaco-ilogicas\/#breadcrumb\"},\"inLanguage\":\"es\",\"potentialAction\":[{\"@type\":\"ReadAction\",\"target\":[\"https:\/\/www.cannabis.es\/pw\/2017\/08\/22\/droga-yihadista-y-ninos-con-tdah-paradojas-farmaco-ilogicas\/\"]}]},{\"@type\":\"ImageObject\",\"inLanguage\":\"es\",\"@id\":\"https:\/\/www.cannabis.es\/pw\/2017\/08\/22\/droga-yihadista-y-ninos-con-tdah-paradojas-farmaco-ilogicas\/#primaryimage\",\"url\":\"https:\/\/www.cannabis.es\/pw\/wp-content\/uploads\/2020\/05\/droga_yihadista.jpg\",\"contentUrl\":\"https:\/\/www.cannabis.es\/pw\/wp-content\/uploads\/2020\/05\/droga_yihadista.jpg\",\"width\":959,\"height\":475},{\"@type\":\"BreadcrumbList\",\"@id\":\"https:\/\/www.cannabis.es\/pw\/2017\/08\/22\/droga-yihadista-y-ninos-con-tdah-paradojas-farmaco-ilogicas\/#breadcrumb\",\"itemListElement\":[{\"@type\":\"ListItem\",\"position\":1,\"name\":\"Portada\",\"item\":\"http:\/\/www.cannabis.es\/pw\/\"},{\"@type\":\"ListItem\",\"position\":2,\"name\":\"Droga yihadista y ni\u00f1os con TDAH: paradojas f\u00e1rmaco-il\u00f3gicas\"}]},{\"@type\":\"WebSite\",\"@id\":\"https:\/\/www.cannabis.es\/pw\/#website\",\"url\":\"https:\/\/www.cannabis.es\/pw\/\",\"name\":\"Cannabis\",\"description\":\"Portal multimedia sobre cannabis y otras sustancias\",\"publisher\":{\"@id\":\"https:\/\/www.cannabis.es\/pw\/#organization\"},\"potentialAction\":[{\"@type\":\"SearchAction\",\"target\":{\"@type\":\"EntryPoint\",\"urlTemplate\":\"https:\/\/www.cannabis.es\/pw\/?s={search_term_string}\"},\"query-input\":{\"@type\":\"PropertyValueSpecification\",\"valueRequired\":true,\"valueName\":\"search_term_string\"}}],\"inLanguage\":\"es\"},{\"@type\":\"Organization\",\"@id\":\"https:\/\/www.cannabis.es\/pw\/#organization\",\"name\":\"Cannabis.es\",\"url\":\"https:\/\/www.cannabis.es\/pw\/\",\"logo\":{\"@type\":\"ImageObject\",\"inLanguage\":\"es\",\"@id\":\"https:\/\/www.cannabis.es\/pw\/#\/schema\/logo\/image\/\",\"url\":\"https:\/\/www.cannabis.es\/pw\/wp-content\/uploads\/2019\/04\/cropped-logo_cannabis.png\",\"contentUrl\":\"https:\/\/www.cannabis.es\/pw\/wp-content\/uploads\/2019\/04\/cropped-logo_cannabis.png\",\"width\":361,\"height\":120,\"caption\":\"Cannabis.es\"},\"image\":{\"@id\":\"https:\/\/www.cannabis.es\/pw\/#\/schema\/logo\/image\/\"},\"sameAs\":[\"https:\/\/x.com\/cannabis_es\"]},{\"@type\":\"Person\",\"@id\":\"https:\/\/www.cannabis.es\/pw\/#\/schema\/person\/e2fbd204580cf4fe74c79b82bc447374\",\"name\":\"Cannabis.es\",\"image\":{\"@type\":\"ImageObject\",\"inLanguage\":\"es\",\"@id\":\"https:\/\/www.cannabis.es\/pw\/#\/schema\/person\/image\/\",\"url\":\"https:\/\/secure.gravatar.com\/avatar\/4375b1eb6e272e2e48a4b8a8def52e5f208151f555bb5906da616906ee6dd2e8?s=96&d=mm&r=g\",\"contentUrl\":\"https:\/\/secure.gravatar.com\/avatar\/4375b1eb6e272e2e48a4b8a8def52e5f208151f555bb5906da616906ee6dd2e8?s=96&d=mm&r=g\",\"caption\":\"Cannabis.es\"},\"url\":\"https:\/\/www.cannabis.es\/pw\/author\/cannabis\/\"}]}<\/script>\n<!-- \/ Yoast SEO plugin. -->","yoast_head_json":{"title":"Droga yihadista y ni\u00f1os con TDAH: paradojas f\u00e1rmaco-il\u00f3gicas","description":"Entrada &#8226; Portal multimedia sobre cannabis y otras sustancias &#8226; 22 agosto, 2017","robots":{"index":"index","follow":"follow","max-snippet":"max-snippet:-1","max-image-preview":"max-image-preview:large","max-video-preview":"max-video-preview:-1"},"canonical":"https:\/\/www.cannabis.es\/pw\/2017\/08\/22\/droga-yihadista-y-ninos-con-tdah-paradojas-farmaco-ilogicas\/","twitter_card":"summary_large_image","twitter_title":"Droga yihadista y ni\u00f1os con TDAH: paradojas f\u00e1rmaco-il\u00f3gicas","twitter_description":"Entrada &#8226; Portal multimedia sobre cannabis y otras sustancias &#8226; 22 agosto, 2017","twitter_image":"https:\/\/www.cannabis.es\/pw\/wp-content\/uploads\/2020\/05\/droga_yihadista.jpg","twitter_creator":"@cannabis_es","twitter_site":"@cannabis_es","twitter_misc":{"Escrito por":"Cannabis.es","Tiempo de lectura":"11 minutos"},"schema":{"@context":"https:\/\/schema.org","@graph":[{"@type":"Article","@id":"https:\/\/www.cannabis.es\/pw\/2017\/08\/22\/droga-yihadista-y-ninos-con-tdah-paradojas-farmaco-ilogicas\/#article","isPartOf":{"@id":"https:\/\/www.cannabis.es\/pw\/2017\/08\/22\/droga-yihadista-y-ninos-con-tdah-paradojas-farmaco-ilogicas\/"},"author":{"name":"Cannabis.es","@id":"https:\/\/www.cannabis.es\/pw\/#\/schema\/person\/e2fbd204580cf4fe74c79b82bc447374"},"headline":"Droga yihadista y ni\u00f1os con TDAH: paradojas f\u00e1rmaco-il\u00f3gicas","datePublished":"2017-08-22T11:44:27+00:00","dateModified":"2020-10-16T11:51:19+00:00","mainEntityOfPage":{"@id":"https:\/\/www.cannabis.es\/pw\/2017\/08\/22\/droga-yihadista-y-ninos-con-tdah-paradojas-farmaco-ilogicas\/"},"wordCount":2206,"publisher":{"@id":"https:\/\/www.cannabis.es\/pw\/#organization"},"image":{"@id":"https:\/\/www.cannabis.es\/pw\/2017\/08\/22\/droga-yihadista-y-ninos-con-tdah-paradojas-farmaco-ilogicas\/#primaryimage"},"thumbnailUrl":"https:\/\/www.cannabis.es\/pw\/wp-content\/uploads\/2020\/05\/droga_yihadista.jpg","keywords":["anfetaminas","atentado Barcelona","atentado Cambrils","drogas","farmacia","medicamentos","metanfetamina","pastillas","yihadismo"],"articleSection":["Reportajes"],"inLanguage":"es"},{"@type":"WebPage","@id":"https:\/\/www.cannabis.es\/pw\/2017\/08\/22\/droga-yihadista-y-ninos-con-tdah-paradojas-farmaco-ilogicas\/","url":"https:\/\/www.cannabis.es\/pw\/2017\/08\/22\/droga-yihadista-y-ninos-con-tdah-paradojas-farmaco-ilogicas\/","name":"Droga yihadista y ni\u00f1os con TDAH: paradojas f\u00e1rmaco-il\u00f3gicas","isPartOf":{"@id":"https:\/\/www.cannabis.es\/pw\/#website"},"primaryImageOfPage":{"@id":"https:\/\/www.cannabis.es\/pw\/2017\/08\/22\/droga-yihadista-y-ninos-con-tdah-paradojas-farmaco-ilogicas\/#primaryimage"},"image":{"@id":"https:\/\/www.cannabis.es\/pw\/2017\/08\/22\/droga-yihadista-y-ninos-con-tdah-paradojas-farmaco-ilogicas\/#primaryimage"},"thumbnailUrl":"https:\/\/www.cannabis.es\/pw\/wp-content\/uploads\/2020\/05\/droga_yihadista.jpg","datePublished":"2017-08-22T11:44:27+00:00","dateModified":"2020-10-16T11:51:19+00:00","description":"Entrada &#8226; Portal multimedia sobre cannabis y otras sustancias &#8226; 22 agosto, 2017","breadcrumb":{"@id":"https:\/\/www.cannabis.es\/pw\/2017\/08\/22\/droga-yihadista-y-ninos-con-tdah-paradojas-farmaco-ilogicas\/#breadcrumb"},"inLanguage":"es","potentialAction":[{"@type":"ReadAction","target":["https:\/\/www.cannabis.es\/pw\/2017\/08\/22\/droga-yihadista-y-ninos-con-tdah-paradojas-farmaco-ilogicas\/"]}]},{"@type":"ImageObject","inLanguage":"es","@id":"https:\/\/www.cannabis.es\/pw\/2017\/08\/22\/droga-yihadista-y-ninos-con-tdah-paradojas-farmaco-ilogicas\/#primaryimage","url":"https:\/\/www.cannabis.es\/pw\/wp-content\/uploads\/2020\/05\/droga_yihadista.jpg","contentUrl":"https:\/\/www.cannabis.es\/pw\/wp-content\/uploads\/2020\/05\/droga_yihadista.jpg","width":959,"height":475},{"@type":"BreadcrumbList","@id":"https:\/\/www.cannabis.es\/pw\/2017\/08\/22\/droga-yihadista-y-ninos-con-tdah-paradojas-farmaco-ilogicas\/#breadcrumb","itemListElement":[{"@type":"ListItem","position":1,"name":"Portada","item":"http:\/\/www.cannabis.es\/pw\/"},{"@type":"ListItem","position":2,"name":"Droga yihadista y ni\u00f1os con TDAH: paradojas f\u00e1rmaco-il\u00f3gicas"}]},{"@type":"WebSite","@id":"https:\/\/www.cannabis.es\/pw\/#website","url":"https:\/\/www.cannabis.es\/pw\/","name":"Cannabis","description":"Portal multimedia sobre cannabis y otras sustancias","publisher":{"@id":"https:\/\/www.cannabis.es\/pw\/#organization"},"potentialAction":[{"@type":"SearchAction","target":{"@type":"EntryPoint","urlTemplate":"https:\/\/www.cannabis.es\/pw\/?s={search_term_string}"},"query-input":{"@type":"PropertyValueSpecification","valueRequired":true,"valueName":"search_term_string"}}],"inLanguage":"es"},{"@type":"Organization","@id":"https:\/\/www.cannabis.es\/pw\/#organization","name":"Cannabis.es","url":"https:\/\/www.cannabis.es\/pw\/","logo":{"@type":"ImageObject","inLanguage":"es","@id":"https:\/\/www.cannabis.es\/pw\/#\/schema\/logo\/image\/","url":"https:\/\/www.cannabis.es\/pw\/wp-content\/uploads\/2019\/04\/cropped-logo_cannabis.png","contentUrl":"https:\/\/www.cannabis.es\/pw\/wp-content\/uploads\/2019\/04\/cropped-logo_cannabis.png","width":361,"height":120,"caption":"Cannabis.es"},"image":{"@id":"https:\/\/www.cannabis.es\/pw\/#\/schema\/logo\/image\/"},"sameAs":["https:\/\/x.com\/cannabis_es"]},{"@type":"Person","@id":"https:\/\/www.cannabis.es\/pw\/#\/schema\/person\/e2fbd204580cf4fe74c79b82bc447374","name":"Cannabis.es","image":{"@type":"ImageObject","inLanguage":"es","@id":"https:\/\/www.cannabis.es\/pw\/#\/schema\/person\/image\/","url":"https:\/\/secure.gravatar.com\/avatar\/4375b1eb6e272e2e48a4b8a8def52e5f208151f555bb5906da616906ee6dd2e8?s=96&d=mm&r=g","contentUrl":"https:\/\/secure.gravatar.com\/avatar\/4375b1eb6e272e2e48a4b8a8def52e5f208151f555bb5906da616906ee6dd2e8?s=96&d=mm&r=g","caption":"Cannabis.es"},"url":"https:\/\/www.cannabis.es\/pw\/author\/cannabis\/"}]}},"_links":{"self":[{"href":"https:\/\/www.cannabis.es\/pw\/wp-json\/wp\/v2\/posts\/2593","targetHints":{"allow":["GET"]}}],"collection":[{"href":"https:\/\/www.cannabis.es\/pw\/wp-json\/wp\/v2\/posts"}],"about":[{"href":"https:\/\/www.cannabis.es\/pw\/wp-json\/wp\/v2\/types\/post"}],"author":[{"embeddable":true,"href":"https:\/\/www.cannabis.es\/pw\/wp-json\/wp\/v2\/users\/1"}],"replies":[{"embeddable":true,"href":"https:\/\/www.cannabis.es\/pw\/wp-json\/wp\/v2\/comments?post=2593"}],"version-history":[{"count":3,"href":"https:\/\/www.cannabis.es\/pw\/wp-json\/wp\/v2\/posts\/2593\/revisions"}],"predecessor-version":[{"id":6169,"href":"https:\/\/www.cannabis.es\/pw\/wp-json\/wp\/v2\/posts\/2593\/revisions\/6169"}],"wp:featuredmedia":[{"embeddable":true,"href":"https:\/\/www.cannabis.es\/pw\/wp-json\/wp\/v2\/media\/2594"}],"wp:attachment":[{"href":"https:\/\/www.cannabis.es\/pw\/wp-json\/wp\/v2\/media?parent=2593"}],"wp:term":[{"taxonomy":"category","embeddable":true,"href":"https:\/\/www.cannabis.es\/pw\/wp-json\/wp\/v2\/categories?post=2593"},{"taxonomy":"post_tag","embeddable":true,"href":"https:\/\/www.cannabis.es\/pw\/wp-json\/wp\/v2\/tags?post=2593"}],"curies":[{"name":"wp","href":"https:\/\/api.w.org\/{rel}","templated":true}]}}