{"id":2629,"date":"2017-07-24T16:05:09","date_gmt":"2017-07-24T14:05:09","guid":{"rendered":"http:\/\/www.cannabis.es\/pw\/?p=2629"},"modified":"2020-05-20T16:06:36","modified_gmt":"2020-05-20T14:06:36","slug":"yerba-en-catalunya-la-ilp-que-lo-cambio-todo","status":"publish","type":"post","link":"https:\/\/www.cannabis.es\/pw\/2017\/07\/24\/yerba-en-catalunya-la-ilp-que-lo-cambio-todo\/","title":{"rendered":"Yerba en Catalunya, la ILP que lo cambi\u00f3 todo"},"content":{"rendered":"\n<p>Hubo un tiempo en que la alegalidad y la ilegalidad cercaban a los&nbsp;<strong>consumidores y los clubes de cannabis<\/strong>. Tiempos en los que la polic\u00eda pod\u00eda hacer uso del&nbsp;<strong>vac\u00edo legal<\/strong>&nbsp;en el que se manten\u00eda a estas asociaciones, llegando hasta el uso de la fuerza si lo conven\u00edan necesario. Pero esa oscuridad ha dado paso a la luz con la&nbsp;<strong>aprobaci\u00f3n en el Parlament catal\u00e1n de la ILP que regula la tenencia, el transporte y el cultivo<\/strong>&nbsp;de nuestra planta.&nbsp;<\/p>\n\n\n\n<hr class=\"wp-block-separator\"\/>\n\n\n\n<p><strong>\u00bfDe d\u00f3nde viene esta medida?<\/strong><\/p>\n\n\n\n<p>El trabajo comienza hace tres a\u00f1os. En 2014, el&nbsp;<strong>Parlament insta a la propuesta de una regulaci\u00f3n de los clubes y asociaciones<\/strong>&nbsp;de consumidores de cannabis. Ante la inacci\u00f3n de sus se\u00f1or\u00edas, en 2015&nbsp;<strong>Rosa Verda comienza con la recogida de firmas<\/strong>, hasta alcanzar la nada desde\u00f1able cifra de 67500, suficientes para iniciar el proceso de la ILP.&nbsp;<strong>&nbsp;La Iniciativa Legislativa Popular, impulsada por&nbsp;<a href=\"http:\/\/www.larosaverda.org\/es\/proposicion-de-ley\/\">Rosa Verda<\/a><\/strong>, que incluye a conocidas federaciones cann\u00e1bicas tales como&nbsp;<strong>CATFAC o FEDCAT<\/strong>, plantea una serie de cuestiones necesarias para esperada regulaci\u00f3n que evitar\u00e1 que ning\u00fan cultivo acabe requisado por la polic\u00eda, que ya son una realidad.<\/p>\n\n\n\n<h3 class=\"wp-block-heading\">La norma<\/h3>\n\n\n\n<figure class=\"wp-block-image\"><img decoding=\"async\" src=\"https:\/\/www.cannabis.es\/web\/images\/nueva_ley_Catalunya\/ILP-11.jpg\" alt=\"ILP 11\"\/><\/figure>\n\n\n\n<p>Estas&nbsp;<strong>medidas, expuestas en la propuesta ante el Parlament<\/strong>&nbsp;el d\u00eda 15 de junio y aprobada el 28, vienen&nbsp;<strong>avaladas por un grupo de m\u00e1s de 30 expertos<\/strong>, psic\u00f3logos, farmac\u00f3logos, soci\u00f3logos, incluso Milton Romani, representante del&nbsp;<strong>Plan Nacional de Drogas de Uruguay<\/strong>, pa\u00eds que recientemente ha legalizado la&nbsp;<strong>marihuana<\/strong>. Esta norma, pionera en Europa, propone&nbsp;<strong>adecuar el C\u00f3digo de Buenas Pr\u00e1cticas de los clubes y asociaciones de Cannabis que se redact\u00f3 en 2015.<\/strong><\/p>\n\n\n\n<p>As\u00ed, las&nbsp;<strong>asociaciones y clubes ser\u00e1n las \u00fanicas autorizadas a cultivar<\/strong>&nbsp;y no podr\u00e1n producir m\u00e1s de 150kgs de yerba seca al a\u00f1o. Estos cultivos vendr\u00e1n avalados por<strong>&nbsp;peritos ingenieros que asegurar\u00e1n que la producci\u00f3n sea la convenida<\/strong>.<\/p>\n\n\n\n<p>En cuanto al&nbsp;<strong>transporte<\/strong>, la nueva normativa prev\u00e9 que las&nbsp;<strong>personas lleven una autorizaci\u00f3n de parte de la asociaci\u00f3n<\/strong>, en la que figuren los datos de la misma, los de la persona, destino, fecha, tipo de producto, etc.&nbsp;<strong>No podr\u00e1 usarse transporte p\u00fablico<\/strong>&nbsp;a este efecto.<\/p>\n\n\n\n<figure class=\"wp-block-image\"><img decoding=\"async\" src=\"https:\/\/www.cannabis.es\/web\/images\/nueva_ley_Catalunya\/ILP-3.jpg\" alt=\"ILP 3\"\/><\/figure>\n\n\n\n<p>Desde el ingreso de un nuevo miembro en un club o asociaci\u00f3n, se establece un periodo de carencia de 15 d\u00edas. Esta espera se justifica&nbsp;<strong>para luchar contra el turismo cann\u00e1bico<\/strong>, al estilo de otros pa\u00edses con regulaciones similares.<\/p>\n\n\n\n<p>La normativa establece claramente las cantidades a retirar: si el socio tiene una edad comprendida&nbsp;<strong>entre los 18 y los 21 a\u00f1o<\/strong>s, no podr\u00e1 adquirir m\u00e1s de<strong>&nbsp;20 gramos<\/strong>&nbsp;al mes.&nbsp;<strong>Si el socio tiene m\u00e1s de 21 a\u00f1o<\/strong>s, el l\u00edmite se establece en&nbsp;<strong>60 gramos<\/strong>&nbsp;al mes.<\/p>\n\n\n\n<p>Estas restricciones desaparecen en el caso de que el socio requiera marihuana&nbsp;<strong>por prescripci\u00f3n terap\u00e9utica.<\/strong><\/p>\n\n\n\n<p>Adem\u00e1s, en los clubes y asociaciones&nbsp;<strong>no se podr\u00e1 servir alcohol ni productos comestibles con marihuana.<\/strong>&nbsp;Los socios estar\u00e1n en todo momento informados sobre los riesgos que conlleva el&nbsp;<strong>consumo abusivo de cannabis<\/strong>.<\/p>\n\n\n\n<figure class=\"wp-block-image\"><img decoding=\"async\" src=\"https:\/\/www.cannabis.es\/web\/images\/nueva_ley_Catalunya\/ILP-5.jpg\" alt=\"ILP 5\"\/><\/figure>\n\n\n\n<h3 class=\"wp-block-heading\">En contra y a favor<\/h3>\n\n\n\n<p>Seg\u00fan el dictamen parlamentario de la&nbsp;<strong>Ley de Personas Consumidoras de Cannabis<\/strong>&nbsp;ha sido apoyada por todos los grupos de la c\u00e1mara, excepto el PPCAT. \u201cEstamos muy contentos con el texto final\u201d declar\u00f3 el abogado&nbsp;<strong>Oriol Casals, coordinador de la ILP.<\/strong>&nbsp;\u201cPocas iniciativas en el Parlament tienen un apoyo tan trasversal\u201d. La&nbsp;<strong>diputada de Junts per Si y presidenta de la comisi\u00f3n de Salud, Alba Verg\u00e9s, afirma que esta iniciativa pretend\u00eda no dejar nada a medias<\/strong>&nbsp;pues durante a\u00f1os ha imperado la \u201cley de la puerta de atr\u00e1s\u201d que permit\u00eda la venta de marihuana pero su cultivo segu\u00eda siendo ilegal.<\/p>\n\n\n\n<p>La ley puede ser una puerta abierta a la&nbsp;<strong>recaudaci\u00f3n de impuestos sobre consumo<\/strong>, incluso da pie a la creaci\u00f3n de un impuesto directo sobre la marihuana, la cual pasar\u00eda a<strong>&nbsp;tributar al Estado<\/strong>&nbsp;una sustanciosa cantidad, dado por ejemplo el caso de que solo en&nbsp;<strong>Barcelona<\/strong>, los clubes cann\u00e1bicos pueden&nbsp;<strong>facturar hasta 5 millones mensuales<\/strong>.<\/p>\n\n\n\n<figure class=\"wp-block-image\"><img decoding=\"async\" src=\"https:\/\/www.cannabis.es\/web\/images\/nueva_ley_Catalunya\/ILP-6.jpg\" alt=\"ILP 6\"\/><\/figure>\n\n\n\n<p>A pesar de lo positivo de la ley, \u00e9sta<strong>&nbsp;puede ser impugnada<\/strong>&nbsp;por el gobierno estatal ante el Tribunal Constitucional, a pesar de que la Generalitat de Catalunya tiene competencias directas sobre materia de consumo, pudiendo, como en este caso, aprobar sus propias medidas.<\/p>\n\n\n\n<p>La aprobaci\u00f3n de esta medida revela que se puede y se debe&nbsp;<strong>acceder a una modificaci\u00f3n de la ley vigente que permita la regulaci\u00f3n del consumo<\/strong>&nbsp;de yerba, acabando as\u00ed con el&nbsp;<strong>narcotr\u00e1fico y la econom\u00eda sumergida<\/strong>. Es responsabilidad de los gobernantes el terminar con estas lacras, sacudi\u00e9ndose prejuicios y presiones de lobbies contrarios a la regulaci\u00f3n.<\/p>\n\n\n\n<figure class=\"wp-block-image\"><img decoding=\"async\" src=\"https:\/\/www.cannabis.es\/web\/images\/nueva_ley_Catalunya\/ILP-8.jpg\" alt=\"ILP 8\"\/><\/figure>\n","protected":false},"excerpt":{"rendered":"<span class=\"span-reading-time rt-reading-time\" style=\"display: block;\"><span class=\"rt-label rt-prefix\">Tiempo de lectura:<\/span> <span class=\"rt-time\"> 3<\/span> <span class=\"rt-label rt-postfix\">minutos<\/span><\/span>Hubo un tiempo en que la alegalidad y la ilegalidad cercaban a los&nbsp;consumidores y los clubes de cannabis. Tiempos en los que la polic\u00eda pod\u00eda hacer uso del&nbsp;vac\u00edo legal&nbsp;en el que se manten\u00eda a estas asociaciones, llegando hasta el uso de la fuerza si lo conven\u00edan necesario. Pero esa oscuridad ha dado paso a la [&hellip;]","protected":false},"author":1,"featured_media":2630,"comment_status":"closed","ping_status":"closed","sticky":false,"template":"","format":"standard","meta":{"loftocean-featured-post":"","loftocean_post_format_gallery":"","loftocean_post_format_gallery_ids":"","loftocean_post_format_gallery_urls":"","loftocean_post_format_video_id":"","loftocean_post_format_video_url":"","loftocean_post_format_video_type":"","loftocean_post_format_video":"","loftocean_post_format_audio_type":"","loftocean_post_format_audio_url":"","loftocean_post_format_audio_id":"","loftocean_post_format_audio":"","loftocean_post_format_quote_text":"","loftocean_post_format_quote_byline":"","loftocean_post_format_link_text":"","loftocean_post_format_link_url":"","ceramag_post_header_style":"","ceramag_enable_background_video":"","ceramag_show_in_top_slider":"","ceramag_post_background_video_start":"","ceramag_post_background_video_end":"","loftocean_page_background_video_id":"","loftocean_page_background_video_url":"","loftocean_page_background_video_type":"","loftocean_page_background_video":"","ceramag_background_video_start":"","ceramag_background_video_end":"","ceramag_single_page_hide_header":"","footnotes":""},"categories":[35],"tags":[610,41,398,61,1223,40,55],"class_list":["post-2629","post","type-post","status-publish","format-standard","has-post-thumbnail","hentry","category-politica-y-sociedad","tag-asociacion","tag-cannabis","tag-csc","tag-cultivo","tag-ilp","tag-marihuana","tag-regulacion"],"yoast_head":"<!-- This site is optimized with the Yoast SEO plugin v24.9 - https:\/\/yoast.com\/wordpress\/plugins\/seo\/ -->\n<title>Yerba en Catalunya, la ILP que lo cambi\u00f3 todo<\/title>\n<meta name=\"description\" content=\"Entrada &#8226; Portal multimedia sobre cannabis y otras sustancias &#8226; 24 julio, 2017\" \/>\n<meta name=\"robots\" content=\"index, follow, max-snippet:-1, max-image-preview:large, max-video-preview:-1\" \/>\n<link rel=\"canonical\" href=\"https:\/\/www.cannabis.es\/pw\/2017\/07\/24\/yerba-en-catalunya-la-ilp-que-lo-cambio-todo\/\" \/>\n<meta name=\"twitter:card\" content=\"summary_large_image\" \/>\n<meta name=\"twitter:title\" content=\"Yerba en Catalunya, la ILP que lo cambi\u00f3 todo\" \/>\n<meta name=\"twitter:description\" content=\"Entrada &#8226; Portal multimedia sobre cannabis y otras sustancias &#8226; 24 julio, 2017\" \/>\n<meta name=\"twitter:image\" content=\"https:\/\/www.cannabis.es\/pw\/wp-content\/uploads\/2020\/05\/ILP.jpg\" \/>\n<meta name=\"twitter:creator\" content=\"@cannabis_es\" \/>\n<meta name=\"twitter:site\" content=\"@cannabis_es\" \/>\n<meta name=\"twitter:label1\" content=\"Escrito por\" \/>\n\t<meta name=\"twitter:data1\" content=\"Cannabis.es\" \/>\n\t<meta name=\"twitter:label2\" content=\"Tiempo de lectura\" \/>\n\t<meta name=\"twitter:data2\" content=\"4 minutos\" \/>\n<script type=\"application\/ld+json\" class=\"yoast-schema-graph\">{\"@context\":\"https:\/\/schema.org\",\"@graph\":[{\"@type\":\"Article\",\"@id\":\"https:\/\/www.cannabis.es\/pw\/2017\/07\/24\/yerba-en-catalunya-la-ilp-que-lo-cambio-todo\/#article\",\"isPartOf\":{\"@id\":\"https:\/\/www.cannabis.es\/pw\/2017\/07\/24\/yerba-en-catalunya-la-ilp-que-lo-cambio-todo\/\"},\"author\":{\"name\":\"Cannabis.es\",\"@id\":\"https:\/\/www.cannabis.es\/pw\/#\/schema\/person\/e2fbd204580cf4fe74c79b82bc447374\"},\"headline\":\"Yerba en Catalunya, la ILP que lo cambi\u00f3 todo\",\"datePublished\":\"2017-07-24T14:05:09+00:00\",\"dateModified\":\"2020-05-20T14:06:36+00:00\",\"mainEntityOfPage\":{\"@id\":\"https:\/\/www.cannabis.es\/pw\/2017\/07\/24\/yerba-en-catalunya-la-ilp-que-lo-cambio-todo\/\"},\"wordCount\":860,\"publisher\":{\"@id\":\"https:\/\/www.cannabis.es\/pw\/#organization\"},\"image\":{\"@id\":\"https:\/\/www.cannabis.es\/pw\/2017\/07\/24\/yerba-en-catalunya-la-ilp-que-lo-cambio-todo\/#primaryimage\"},\"thumbnailUrl\":\"https:\/\/www.cannabis.es\/pw\/wp-content\/uploads\/2020\/05\/ILP.jpg\",\"keywords\":[\"asociaci\u00f3n\",\"cannabis\",\"CSC\",\"cultivo\",\"ILP\",\"marihuana\",\"regulaci\u00f3n\"],\"articleSection\":[\"Pol\u00edtica y Sociedad\"],\"inLanguage\":\"es\"},{\"@type\":\"WebPage\",\"@id\":\"https:\/\/www.cannabis.es\/pw\/2017\/07\/24\/yerba-en-catalunya-la-ilp-que-lo-cambio-todo\/\",\"url\":\"https:\/\/www.cannabis.es\/pw\/2017\/07\/24\/yerba-en-catalunya-la-ilp-que-lo-cambio-todo\/\",\"name\":\"Yerba en Catalunya, la ILP que lo cambi\u00f3 todo\",\"isPartOf\":{\"@id\":\"https:\/\/www.cannabis.es\/pw\/#website\"},\"primaryImageOfPage\":{\"@id\":\"https:\/\/www.cannabis.es\/pw\/2017\/07\/24\/yerba-en-catalunya-la-ilp-que-lo-cambio-todo\/#primaryimage\"},\"image\":{\"@id\":\"https:\/\/www.cannabis.es\/pw\/2017\/07\/24\/yerba-en-catalunya-la-ilp-que-lo-cambio-todo\/#primaryimage\"},\"thumbnailUrl\":\"https:\/\/www.cannabis.es\/pw\/wp-content\/uploads\/2020\/05\/ILP.jpg\",\"datePublished\":\"2017-07-24T14:05:09+00:00\",\"dateModified\":\"2020-05-20T14:06:36+00:00\",\"description\":\"Entrada &#8226; Portal multimedia sobre cannabis y otras sustancias &#8226; 24 julio, 2017\",\"breadcrumb\":{\"@id\":\"https:\/\/www.cannabis.es\/pw\/2017\/07\/24\/yerba-en-catalunya-la-ilp-que-lo-cambio-todo\/#breadcrumb\"},\"inLanguage\":\"es\",\"potentialAction\":[{\"@type\":\"ReadAction\",\"target\":[\"https:\/\/www.cannabis.es\/pw\/2017\/07\/24\/yerba-en-catalunya-la-ilp-que-lo-cambio-todo\/\"]}]},{\"@type\":\"ImageObject\",\"inLanguage\":\"es\",\"@id\":\"https:\/\/www.cannabis.es\/pw\/2017\/07\/24\/yerba-en-catalunya-la-ilp-que-lo-cambio-todo\/#primaryimage\",\"url\":\"https:\/\/www.cannabis.es\/pw\/wp-content\/uploads\/2020\/05\/ILP.jpg\",\"contentUrl\":\"https:\/\/www.cannabis.es\/pw\/wp-content\/uploads\/2020\/05\/ILP.jpg\",\"width\":959,\"height\":475},{\"@type\":\"BreadcrumbList\",\"@id\":\"https:\/\/www.cannabis.es\/pw\/2017\/07\/24\/yerba-en-catalunya-la-ilp-que-lo-cambio-todo\/#breadcrumb\",\"itemListElement\":[{\"@type\":\"ListItem\",\"position\":1,\"name\":\"Portada\",\"item\":\"http:\/\/www.cannabis.es\/pw\/\"},{\"@type\":\"ListItem\",\"position\":2,\"name\":\"Yerba en Catalunya, la ILP que lo cambi\u00f3 todo\"}]},{\"@type\":\"WebSite\",\"@id\":\"https:\/\/www.cannabis.es\/pw\/#website\",\"url\":\"https:\/\/www.cannabis.es\/pw\/\",\"name\":\"Cannabis\",\"description\":\"Portal multimedia sobre cannabis y otras sustancias\",\"publisher\":{\"@id\":\"https:\/\/www.cannabis.es\/pw\/#organization\"},\"potentialAction\":[{\"@type\":\"SearchAction\",\"target\":{\"@type\":\"EntryPoint\",\"urlTemplate\":\"https:\/\/www.cannabis.es\/pw\/?s={search_term_string}\"},\"query-input\":{\"@type\":\"PropertyValueSpecification\",\"valueRequired\":true,\"valueName\":\"search_term_string\"}}],\"inLanguage\":\"es\"},{\"@type\":\"Organization\",\"@id\":\"https:\/\/www.cannabis.es\/pw\/#organization\",\"name\":\"Cannabis.es\",\"url\":\"https:\/\/www.cannabis.es\/pw\/\",\"logo\":{\"@type\":\"ImageObject\",\"inLanguage\":\"es\",\"@id\":\"https:\/\/www.cannabis.es\/pw\/#\/schema\/logo\/image\/\",\"url\":\"https:\/\/www.cannabis.es\/pw\/wp-content\/uploads\/2019\/04\/cropped-logo_cannabis.png\",\"contentUrl\":\"https:\/\/www.cannabis.es\/pw\/wp-content\/uploads\/2019\/04\/cropped-logo_cannabis.png\",\"width\":361,\"height\":120,\"caption\":\"Cannabis.es\"},\"image\":{\"@id\":\"https:\/\/www.cannabis.es\/pw\/#\/schema\/logo\/image\/\"},\"sameAs\":[\"https:\/\/x.com\/cannabis_es\"]},{\"@type\":\"Person\",\"@id\":\"https:\/\/www.cannabis.es\/pw\/#\/schema\/person\/e2fbd204580cf4fe74c79b82bc447374\",\"name\":\"Cannabis.es\",\"image\":{\"@type\":\"ImageObject\",\"inLanguage\":\"es\",\"@id\":\"https:\/\/www.cannabis.es\/pw\/#\/schema\/person\/image\/\",\"url\":\"https:\/\/secure.gravatar.com\/avatar\/4375b1eb6e272e2e48a4b8a8def52e5f208151f555bb5906da616906ee6dd2e8?s=96&d=mm&r=g\",\"contentUrl\":\"https:\/\/secure.gravatar.com\/avatar\/4375b1eb6e272e2e48a4b8a8def52e5f208151f555bb5906da616906ee6dd2e8?s=96&d=mm&r=g\",\"caption\":\"Cannabis.es\"},\"url\":\"https:\/\/www.cannabis.es\/pw\/author\/cannabis\/\"}]}<\/script>\n<!-- \/ Yoast SEO plugin. -->","yoast_head_json":{"title":"Yerba en Catalunya, la ILP que lo cambi\u00f3 todo","description":"Entrada &#8226; Portal multimedia sobre cannabis y otras sustancias &#8226; 24 julio, 2017","robots":{"index":"index","follow":"follow","max-snippet":"max-snippet:-1","max-image-preview":"max-image-preview:large","max-video-preview":"max-video-preview:-1"},"canonical":"https:\/\/www.cannabis.es\/pw\/2017\/07\/24\/yerba-en-catalunya-la-ilp-que-lo-cambio-todo\/","twitter_card":"summary_large_image","twitter_title":"Yerba en Catalunya, la ILP que lo cambi\u00f3 todo","twitter_description":"Entrada &#8226; Portal multimedia sobre cannabis y otras sustancias &#8226; 24 julio, 2017","twitter_image":"https:\/\/www.cannabis.es\/pw\/wp-content\/uploads\/2020\/05\/ILP.jpg","twitter_creator":"@cannabis_es","twitter_site":"@cannabis_es","twitter_misc":{"Escrito por":"Cannabis.es","Tiempo de lectura":"4 minutos"},"schema":{"@context":"https:\/\/schema.org","@graph":[{"@type":"Article","@id":"https:\/\/www.cannabis.es\/pw\/2017\/07\/24\/yerba-en-catalunya-la-ilp-que-lo-cambio-todo\/#article","isPartOf":{"@id":"https:\/\/www.cannabis.es\/pw\/2017\/07\/24\/yerba-en-catalunya-la-ilp-que-lo-cambio-todo\/"},"author":{"name":"Cannabis.es","@id":"https:\/\/www.cannabis.es\/pw\/#\/schema\/person\/e2fbd204580cf4fe74c79b82bc447374"},"headline":"Yerba en Catalunya, la ILP que lo cambi\u00f3 todo","datePublished":"2017-07-24T14:05:09+00:00","dateModified":"2020-05-20T14:06:36+00:00","mainEntityOfPage":{"@id":"https:\/\/www.cannabis.es\/pw\/2017\/07\/24\/yerba-en-catalunya-la-ilp-que-lo-cambio-todo\/"},"wordCount":860,"publisher":{"@id":"https:\/\/www.cannabis.es\/pw\/#organization"},"image":{"@id":"https:\/\/www.cannabis.es\/pw\/2017\/07\/24\/yerba-en-catalunya-la-ilp-que-lo-cambio-todo\/#primaryimage"},"thumbnailUrl":"https:\/\/www.cannabis.es\/pw\/wp-content\/uploads\/2020\/05\/ILP.jpg","keywords":["asociaci\u00f3n","cannabis","CSC","cultivo","ILP","marihuana","regulaci\u00f3n"],"articleSection":["Pol\u00edtica y Sociedad"],"inLanguage":"es"},{"@type":"WebPage","@id":"https:\/\/www.cannabis.es\/pw\/2017\/07\/24\/yerba-en-catalunya-la-ilp-que-lo-cambio-todo\/","url":"https:\/\/www.cannabis.es\/pw\/2017\/07\/24\/yerba-en-catalunya-la-ilp-que-lo-cambio-todo\/","name":"Yerba en Catalunya, la ILP que lo cambi\u00f3 todo","isPartOf":{"@id":"https:\/\/www.cannabis.es\/pw\/#website"},"primaryImageOfPage":{"@id":"https:\/\/www.cannabis.es\/pw\/2017\/07\/24\/yerba-en-catalunya-la-ilp-que-lo-cambio-todo\/#primaryimage"},"image":{"@id":"https:\/\/www.cannabis.es\/pw\/2017\/07\/24\/yerba-en-catalunya-la-ilp-que-lo-cambio-todo\/#primaryimage"},"thumbnailUrl":"https:\/\/www.cannabis.es\/pw\/wp-content\/uploads\/2020\/05\/ILP.jpg","datePublished":"2017-07-24T14:05:09+00:00","dateModified":"2020-05-20T14:06:36+00:00","description":"Entrada &#8226; Portal multimedia sobre cannabis y otras sustancias &#8226; 24 julio, 2017","breadcrumb":{"@id":"https:\/\/www.cannabis.es\/pw\/2017\/07\/24\/yerba-en-catalunya-la-ilp-que-lo-cambio-todo\/#breadcrumb"},"inLanguage":"es","potentialAction":[{"@type":"ReadAction","target":["https:\/\/www.cannabis.es\/pw\/2017\/07\/24\/yerba-en-catalunya-la-ilp-que-lo-cambio-todo\/"]}]},{"@type":"ImageObject","inLanguage":"es","@id":"https:\/\/www.cannabis.es\/pw\/2017\/07\/24\/yerba-en-catalunya-la-ilp-que-lo-cambio-todo\/#primaryimage","url":"https:\/\/www.cannabis.es\/pw\/wp-content\/uploads\/2020\/05\/ILP.jpg","contentUrl":"https:\/\/www.cannabis.es\/pw\/wp-content\/uploads\/2020\/05\/ILP.jpg","width":959,"height":475},{"@type":"BreadcrumbList","@id":"https:\/\/www.cannabis.es\/pw\/2017\/07\/24\/yerba-en-catalunya-la-ilp-que-lo-cambio-todo\/#breadcrumb","itemListElement":[{"@type":"ListItem","position":1,"name":"Portada","item":"http:\/\/www.cannabis.es\/pw\/"},{"@type":"ListItem","position":2,"name":"Yerba en Catalunya, la ILP que lo cambi\u00f3 todo"}]},{"@type":"WebSite","@id":"https:\/\/www.cannabis.es\/pw\/#website","url":"https:\/\/www.cannabis.es\/pw\/","name":"Cannabis","description":"Portal multimedia sobre cannabis y otras sustancias","publisher":{"@id":"https:\/\/www.cannabis.es\/pw\/#organization"},"potentialAction":[{"@type":"SearchAction","target":{"@type":"EntryPoint","urlTemplate":"https:\/\/www.cannabis.es\/pw\/?s={search_term_string}"},"query-input":{"@type":"PropertyValueSpecification","valueRequired":true,"valueName":"search_term_string"}}],"inLanguage":"es"},{"@type":"Organization","@id":"https:\/\/www.cannabis.es\/pw\/#organization","name":"Cannabis.es","url":"https:\/\/www.cannabis.es\/pw\/","logo":{"@type":"ImageObject","inLanguage":"es","@id":"https:\/\/www.cannabis.es\/pw\/#\/schema\/logo\/image\/","url":"https:\/\/www.cannabis.es\/pw\/wp-content\/uploads\/2019\/04\/cropped-logo_cannabis.png","contentUrl":"https:\/\/www.cannabis.es\/pw\/wp-content\/uploads\/2019\/04\/cropped-logo_cannabis.png","width":361,"height":120,"caption":"Cannabis.es"},"image":{"@id":"https:\/\/www.cannabis.es\/pw\/#\/schema\/logo\/image\/"},"sameAs":["https:\/\/x.com\/cannabis_es"]},{"@type":"Person","@id":"https:\/\/www.cannabis.es\/pw\/#\/schema\/person\/e2fbd204580cf4fe74c79b82bc447374","name":"Cannabis.es","image":{"@type":"ImageObject","inLanguage":"es","@id":"https:\/\/www.cannabis.es\/pw\/#\/schema\/person\/image\/","url":"https:\/\/secure.gravatar.com\/avatar\/4375b1eb6e272e2e48a4b8a8def52e5f208151f555bb5906da616906ee6dd2e8?s=96&d=mm&r=g","contentUrl":"https:\/\/secure.gravatar.com\/avatar\/4375b1eb6e272e2e48a4b8a8def52e5f208151f555bb5906da616906ee6dd2e8?s=96&d=mm&r=g","caption":"Cannabis.es"},"url":"https:\/\/www.cannabis.es\/pw\/author\/cannabis\/"}]}},"_links":{"self":[{"href":"https:\/\/www.cannabis.es\/pw\/wp-json\/wp\/v2\/posts\/2629","targetHints":{"allow":["GET"]}}],"collection":[{"href":"https:\/\/www.cannabis.es\/pw\/wp-json\/wp\/v2\/posts"}],"about":[{"href":"https:\/\/www.cannabis.es\/pw\/wp-json\/wp\/v2\/types\/post"}],"author":[{"embeddable":true,"href":"https:\/\/www.cannabis.es\/pw\/wp-json\/wp\/v2\/users\/1"}],"replies":[{"embeddable":true,"href":"https:\/\/www.cannabis.es\/pw\/wp-json\/wp\/v2\/comments?post=2629"}],"version-history":[{"count":1,"href":"https:\/\/www.cannabis.es\/pw\/wp-json\/wp\/v2\/posts\/2629\/revisions"}],"predecessor-version":[{"id":2631,"href":"https:\/\/www.cannabis.es\/pw\/wp-json\/wp\/v2\/posts\/2629\/revisions\/2631"}],"wp:featuredmedia":[{"embeddable":true,"href":"https:\/\/www.cannabis.es\/pw\/wp-json\/wp\/v2\/media\/2630"}],"wp:attachment":[{"href":"https:\/\/www.cannabis.es\/pw\/wp-json\/wp\/v2\/media?parent=2629"}],"wp:term":[{"taxonomy":"category","embeddable":true,"href":"https:\/\/www.cannabis.es\/pw\/wp-json\/wp\/v2\/categories?post=2629"},{"taxonomy":"post_tag","embeddable":true,"href":"https:\/\/www.cannabis.es\/pw\/wp-json\/wp\/v2\/tags?post=2629"}],"curies":[{"name":"wp","href":"https:\/\/api.w.org\/{rel}","templated":true}]}}