{"id":2644,"date":"2017-07-03T16:16:27","date_gmt":"2017-07-03T14:16:27","guid":{"rendered":"http:\/\/www.cannabis.es\/pw\/?p=2644"},"modified":"2020-06-08T12:42:41","modified_gmt":"2020-06-08T10:42:41","slug":"las-plagas-en-el-cannabis-i-la-arana-roja","status":"publish","type":"post","link":"https:\/\/www.cannabis.es\/pw\/2017\/07\/03\/las-plagas-en-el-cannabis-i-la-arana-roja\/","title":{"rendered":"Las plagas en el cannabis I: La ara\u00f1a roja"},"content":{"rendered":"\n<p>Por Gorka Aguirreche.<\/p>\n\n\n\n\n\n\n\n<p>Con el calor de estos \u00faltimos d\u00edas, se produce en la naturaleza el entorno perfecto para el desarrollo de esos \u00ab<strong>amigos indeseables\u00bb de nuestras plantas<\/strong>. Ya est\u00e1 apareciendo mucha gente por el grow pidiendo remedios, con fotos y m\u00e1s fotos de hojas y plantas, para identificar al agresor y as\u00ed poder tratarlos, cuando aparecen sin hojas o fotos, y simplemente me describen que tienen unas manchas, que han visto un bicho&#8230; me lo ponen mucho m\u00e1s dif\u00edcil, al igual que cuando&nbsp;<a rel=\"noreferrer noopener\" href=\"http:\/\/www.buddhagenetics.com\/carencias-y-excesos-en-las-plantas-de-cannabis\/\" target=\"_blank\">nos describen<strong>&nbsp;carencias.<\/strong><\/a><\/p>\n\n\n\n<hr class=\"wp-block-separator\"\/>\n\n\n\n<p>Siempre recomendamos que nos traigan fotos de los enveses de las hojas, que tecnolog\u00eda para esto ya nos sobra, hacemos esto porque el primer paso para tratar con las plagas es la&nbsp;<strong>prevenci\u00f3n<\/strong>, pero en la mayor\u00eda de los casos, el cultivador aparece cuando ya tiene el problema. Cuando esto ocurre el siguiente paso a seguir es la&nbsp;<strong>identificaci\u00f3n<\/strong>&nbsp;del problema y de ah\u00ed al tercer paso:&nbsp;<strong>tratamiento<\/strong>.<\/p>\n\n\n\n<p>Estos&nbsp;<strong>tres pasos son la regla<\/strong>, si hablamos de hongos tambi\u00e9n hemos de cumplirla. En muchos casos, por desgracia, el cliente no quiere realizar el gasto en prevenci\u00f3n, lo cual es un error, los&nbsp;<strong>beneficios directos e indirectos de usar preventivos son superiores al da\u00f1o provocado por una plaga<\/strong>&nbsp;o ataque f\u00fangico si no se coge a tiempo, y aun haci\u00e9ndolo estos productos son fitofortificantes, estimulan el sistema inmune de la planta, la hacen m\u00e1s fuerte y resistente a otros factores externos, refuerzan las paredes celulares y otra larga serie de beneficios que desembocar\u00edan en una planta m\u00e1s sana y por tanto m\u00e1s productiva y con flores de mayor calidad.<\/p>\n\n\n\n<p>Las\u00a0<a href=\"http:\/\/www.cannabis.es\/pw\/2016\/09\/06\/el-cultivo-de-interior-23-consejos-para-el-verano\/\" target=\"_blank\" rel=\"noreferrer noopener\">plagas m\u00e1s comunes<\/a>\u00a0que nos vamos a encontrar en nuestras \u00a8peque\u00f1as\u00a8 son pulgones o \u00e1fidos, trip, minador, ara\u00f1a roja, mosca blanca y mosca de la humedad;\u00a0<strong>en exterior<\/strong>, cochinillas, caracoles, orugas y luego ya animales m\u00e1s grandes como conejos, perros, p\u00e1jaros e incluso tenemos un caso de un cultivador que sembraba en el mismo sitio que pastaban sus vacas y claro&#8230; jaja no dejaron m\u00e1s que las ra\u00edces.<\/p>\n\n\n\n<p>Existen otro tipo de problemas que son los generados por hongos, pero esos los dejamos para otro art\u00edculo, esta vez nos conformaremos con ese peque\u00f1o insectario que acabo de nombrar y empezaremos por los&nbsp;<strong>\u00e1caros m\u00e1s temidos: la ara\u00f1a roja.<\/strong><\/p>\n\n\n\n<p>Hasta hace poco tiempo la peor plaga que encontramos fue esta, la&nbsp;<strong>ara\u00f1a roja<\/strong>, es diminuta, dif\u00edcil de ver a simple vista pero r\u00e1pidamente la notar\u00e1s por su efecto devastador en las plantas.<\/p>\n\n\n\n<p>Lo peor de esta plaga es la rapidez con la que efect\u00faan su ciclo vital cuando el clima acompa\u00f1a.&nbsp;<strong>Un ambiente con una humedad relativa del 30% o menos, temperaturas superando los 28 grados o m\u00e1s y falta de ventilaci\u00f3n hacen que erradicar esta plaga sea casi una misi\u00f3n imposible.<\/strong><\/p>\n\n\n\n<p>Al principio solo veras peque\u00f1as&nbsp;<strong>manchas amarillas<\/strong>, si contin\u00faan absorbiendo material celular de las hojas, estas&nbsp;<strong>se deshidratar\u00e1n<\/strong>&nbsp;y&nbsp;<strong>la planta tendr\u00e1 enormes dificultades para seguir creciendo.<\/strong>&nbsp;Los&nbsp;<strong>estomas<\/strong>, por donde la planta realiza el intercambio de gases, se cerrar\u00e1n y la<strong>&nbsp;capacidad fotosint\u00e9tica se ver\u00e1 mermada<\/strong>. Continuar\u00e1n tejiendo su \u00a8seda\u00a8 para crear perfectos microclimas para su supervivencia, protegi\u00e9ndose de los acaricidas y adem\u00e1s las usar\u00e1n para desplazarse a otros hu\u00e9spedes o esconderse en otros lugares y entrar en diapausa, que es la&nbsp;<strong>capacidad de algunos insectos de bajar su actividad fisiol\u00f3gica<\/strong>&nbsp;al m\u00ednimo para sobrevivir a condiciones desfavorables, como una hibernaci\u00f3n en los mam\u00edferos pero a diferencia de estos, los insectos necesitan que se vuelvan a dar las condiciones favorables para salir de este letargo.<\/p>\n\n\n\n<p>Esta magn\u00edfica habilidad hace de la&nbsp;<strong>ara\u00f1a un terrible adversario<\/strong>, por ejemplo, la mayor parte de los growman -este t\u00e9rmino me suena divertido-&nbsp; os recomendar\u00e1n, que&nbsp;<strong>lo primero es hacer que sus condiciones clim\u00e1ticas no sean las adecuadas para ralentizarlas<\/strong>, y esto es cierto, pero las hembras pondr\u00e1n los huevos a la misma velocidad, lo \u00fanico que<strong>&nbsp;conseguiremos es dificultar su avance de desarrollo hasta la forma adulta en m\u00e1s o menos una semana<\/strong>&nbsp;si conseguimos bajar de +30 a 24 grados o menos. Curiosamente&nbsp;<strong>si bajamos hasta 12, estos bichitos entrar\u00e1n en diapausa<\/strong>&nbsp;as\u00ed que quiz\u00e1s nos parezca que&nbsp;<strong>las hemos eliminado pero no\u2026 solo est\u00e1n esperando de nuevo unas condiciones favorables.<\/strong><\/p>\n\n\n\n<p>Si observamos con una lupa el env\u00e9s de una hoja infestada podremos diferenciar&nbsp;<strong>adultos de ninfas, huevos y larvas.<\/strong>&nbsp;Las&nbsp;<strong>hembras<\/strong>&nbsp;son m\u00e1s redonditas y tienen una mancha oscura en los costados, hay el triple de ellas que machos adultos, tienen un ciclo vital de aproximadamente de un mes, en el que pondr\u00e1n algo m\u00e1s de 100 huevos. El&nbsp;<strong>macho<\/strong>&nbsp;es m\u00e1s peque\u00f1o y alargado, su esperanza de vida est\u00e1 en los 14 d\u00edas. Los huevos son esf\u00e9ricos de color \u00e1mbar, cuando se ven blancos es que la larva ya lo desocupo, en este estado poseen solo seis patas, cuando avanzan a los siguientes estadios de ninfa desarrollan las otras dos patas, luego mudan y se convierten en adultos. En completar este ciclo pueden tardar de siete -en condiciones muy favorables-, a catorce d\u00edas -en condiciones desfavorables-.<\/p>\n\n\n\n<p>Esta&nbsp;<strong>rapidez en completar su ciclo tampoco cuenta a nuestro favor<\/strong>, si no estamos atentos cuando empiezan las primeras apariciones y pillamos la plaga establecida lo tendremos m\u00e1s dif\u00edcil.<\/p>\n\n\n\n<p>Cuando la ara\u00f1a roja satura una planta y empieza a escasear el alimento se acumula en los \u00e1pices para ser transportada por el viento hacia su siguiente v\u00edctima.<\/p>\n\n\n\n<p>Ante este formidable enemigo<strong>&nbsp;la prevenci\u00f3n es fundamental<\/strong>, simplemente pulverizar con agua las plantas regularmente har\u00e1 que para estos \u00e1caros las plantas no sean tan c\u00f3modas y si se est\u00e1n estableciendo arrastraremos parte de los individuos dificultando un poco sus rutinas.<\/p>\n\n\n\n<p>Utilizar&nbsp;<strong>aceite de neem en riego para que cuando la plaga se alimente de las hojas quede envenenada tambi\u00e9n nos dar\u00e1 m\u00e1s tiempo<\/strong>&nbsp;para actuar.<\/p>\n\n\n\n<p>Hay que tener cuidado con&nbsp;<strong>no abonar en exceso con los fertilizantes de crecimiento<\/strong>&nbsp;pues esto tambi\u00e9n las beneficia y mejora sus condiciones para una r\u00e1pida reproducci\u00f3n.<\/p>\n\n\n\n<p>Una vez establecida existen varios productos org\u00e1nicos en el mercado para tratar con ellos, los m\u00e1s conocidos son&nbsp;<strong>spidermite de la casa Ionic, es un producto sin plazo de seguridad ni conlleva ning\u00fan peligro<\/strong>&nbsp;para el medio, se pulveriza sobre la planta saturando hojas y tallos, est\u00e1 compuesto de un aceite denso junto con un tensioactivo que&nbsp;<strong>elimina a las ara\u00f1as por asfixia.<\/strong><\/p>\n\n\n\n<p>Otro remedio org\u00e1nico y no da\u00f1ino en absoluto es utilizar<strong>&nbsp;extracto de canela como el spiderkiller de agrobacterias o cinnaprot de prot-eco<\/strong>&nbsp;entre otros. Estos extractos&nbsp;<strong>son fitofortificantes<\/strong>&nbsp;y como primera reacci\u00f3n<strong>&nbsp;la planta pondr\u00e1 en marcha sus mecanismos de defensa<\/strong>, muchos clientes se han desencantado con estos productos pues&nbsp;<strong>controlan la poblaci\u00f3n pero no la erradican<\/strong>. Solo afectan a adultos, si la plaga est\u00e1 muy establecida&nbsp;<strong>es muy efectivo combinar con jabones pot\u00e1sicos o coadyuvantes a los 3 d\u00edas de aplicar la canela<\/strong>, de esa manera cazaremos a las nuevas larvas y ninfas y entonces si que les haremos pupa. Repetir a la semana el tratamiento con canela, y de nuevo el pot\u00e1sico como total explosion de agrobacterias o el esencialprot de prot-eco en su caso.<\/p>\n\n\n\n<p>Los dos productos<strong>&nbsp;est\u00e1n certificados para cultivo ecol\u00f3gico<\/strong>, si aplicamos en floraci\u00f3n la canela tiene un plazo de 15 d\u00edas, por lo que la \u00faltima quincena de nuestra maduraci\u00f3n no podremos aplicar este producto.<\/p>\n\n\n\n<p>El&nbsp;<strong>aceite de neem<\/strong>&nbsp;pulverizado con mojantes como el jab\u00f3n pot\u00e1sico tambi\u00e9n es una&nbsp;<strong>buena medida de control, pero siempre utilizado con el jab\u00f3n<\/strong>, si no lo hacemos el aceite se disuelve peor en el agua y su penetraci\u00f3n e incidencia en la plaga es much\u00edsimo menor.<\/p>\n\n\n\n<p>La&nbsp;<strong>lucha biol\u00f3gica tampoco acaba de funcionar con esta plaga,<\/strong>&nbsp;\u00fanicamente como control de la poblaci\u00f3n invasora. Se utilizan dos especies:&nbsp;<strong>Phytoseiulus pers\u00edmilis<\/strong>&nbsp;a mi entender m\u00e1s efectivo, y el&nbsp;<strong>Amblyseius californicus.<\/strong>&nbsp;La pega es que si atacamos a la plaga con productos pulverizados tendremos que repoblar de nuevo a estos depredadores beneficiosos.<\/p>\n\n\n\n<p>Cuando empezamos creo que probamos si no todos, casi todos los productos que exist\u00edan en nuestro campo, hasta que<strong>&nbsp;dimos con un producto que hizo de esta plaga algo f\u00e1cil de eliminar, si, este producto es el plant vitality plus de B.A.C.<\/strong>, siempre se ha vendido como org\u00e1nico o bio, pero en B.A.C. Holanda lo sit\u00faan como&nbsp;<strong>aditivo mineral<\/strong>&nbsp;mientras en su delegaci\u00f3n en Espa\u00f1a lo colocan en potenciadores org\u00e1nicos, despu\u00e9s de hablar con ellos me dijeron que lo cambiar\u00edan pero no creo que se molesten, llevan vendi\u00e9ndolo en esa categor\u00eda muchos a\u00f1os ya.<\/p>\n\n\n\n<p>A parte de este peque\u00f1o l\u00edo,&nbsp;<strong>el producto funciona<\/strong>&nbsp;mejor que bien, con una sola aplicaci\u00f3n&nbsp;<strong>los \u00e1caros quedan infectados por los Marcrolytic Lactones<\/strong>, una especie de<strong>&nbsp;acaricida bio que los borra<\/strong>&nbsp;de las plantas.&nbsp;<strong>Adem\u00e1s revitalizar\u00e1 las plantas<\/strong>, que sacudidas por el estr\u00e9s de tanto da\u00f1o lo agradecer\u00e1n con entusiasmo, es incre\u00edble comprobar como plantas secas y muy da\u00f1adas levantan las hojas y mejoran su aspecto al realizar una pulverizaci\u00f3n con este producto.<\/p>\n\n\n\n<p>Se recomienda hacer una segunda aplicaci\u00f3n a los 4-5 d\u00edas pero se elimina casi toda la poblaci\u00f3n a la primera.<\/p>\n\n\n\n<p><strong>En el siguiente art\u00edculo os hablare de las dos moscas m\u00e1s pesadas que habitan entre nuestras plantas: la blanca y la del&nbsp;<\/strong>mantillo. Tambi\u00e9n os explicare m\u00e1s detallado porque no pienso recomendaros insecticidas qu\u00edmicos.<\/p>\n\n\n\n<p>Hasta entonces que teng\u00e1is una buena y verde semana compa\u00f1eros.<\/p>\n","protected":false},"excerpt":{"rendered":"<span class=\"span-reading-time rt-reading-time\" style=\"display: block;\"><span class=\"rt-label rt-prefix\">Tiempo de lectura:<\/span> <span class=\"rt-time\"> 5<\/span> <span class=\"rt-label rt-postfix\">minutos<\/span><\/span>Por Gorka Aguirreche. Con el calor de estos \u00faltimos d\u00edas, se produce en la naturaleza el entorno perfecto para el desarrollo de esos \u00abamigos indeseables\u00bb de nuestras plantas. Ya est\u00e1 apareciendo mucha gente por el grow pidiendo remedios, con fotos y m\u00e1s fotos de hojas y plantas, para identificar al agresor y as\u00ed poder tratarlos, [&hellip;]","protected":false},"author":1,"featured_media":2645,"comment_status":"closed","ping_status":"closed","sticky":false,"template":"","format":"standard","meta":{"loftocean-featured-post":"","loftocean_post_format_gallery":"","loftocean_post_format_gallery_ids":"","loftocean_post_format_gallery_urls":"","loftocean_post_format_video_id":"","loftocean_post_format_video_url":"","loftocean_post_format_video_type":"","loftocean_post_format_video":"","loftocean_post_format_audio_type":"","loftocean_post_format_audio_url":"","loftocean_post_format_audio_id":"","loftocean_post_format_audio":"","loftocean_post_format_quote_text":"","loftocean_post_format_quote_byline":"","loftocean_post_format_link_text":"","loftocean_post_format_link_url":"","ceramag_post_header_style":"","ceramag_enable_background_video":"","ceramag_show_in_top_slider":"","ceramag_post_background_video_start":"","ceramag_post_background_video_end":"","loftocean_page_background_video_id":"","loftocean_page_background_video_url":"","loftocean_page_background_video_type":"","loftocean_page_background_video":"","ceramag_background_video_start":"","ceramag_background_video_end":"","ceramag_single_page_hide_header":"","footnotes":""},"categories":[711],"tags":[1098,66,41,61,898,40,414,1241],"class_list":["post-2644","post","type-post","status-publish","format-standard","has-post-thumbnail","hentry","category-cultivo","tag-arana-roja","tag-autocultivo","tag-cannabis","tag-cultivo","tag-cultivo-exterior","tag-marihuana","tag-plagas","tag-prevencion"],"yoast_head":"<!-- This site is optimized with the Yoast SEO plugin v24.9 - https:\/\/yoast.com\/wordpress\/plugins\/seo\/ -->\n<title>Las plagas en el cannabis I: La ara\u00f1a roja<\/title>\n<meta name=\"description\" content=\"Entrada &#8226; Portal multimedia sobre cannabis y otras sustancias &#8226; 3 julio, 2017\" \/>\n<meta name=\"robots\" content=\"index, follow, max-snippet:-1, max-image-preview:large, max-video-preview:-1\" \/>\n<link rel=\"canonical\" href=\"https:\/\/www.cannabis.es\/pw\/2017\/07\/03\/las-plagas-en-el-cannabis-i-la-arana-roja\/\" \/>\n<meta name=\"twitter:card\" content=\"summary_large_image\" \/>\n<meta name=\"twitter:title\" content=\"Las plagas en el cannabis I: La ara\u00f1a roja\" \/>\n<meta name=\"twitter:description\" content=\"Entrada &#8226; Portal multimedia sobre cannabis y otras sustancias &#8226; 3 julio, 2017\" \/>\n<meta name=\"twitter:image\" content=\"https:\/\/www.cannabis.es\/pw\/wp-content\/uploads\/2020\/05\/arana-roja.jpg\" \/>\n<meta name=\"twitter:creator\" content=\"@cannabis_es\" \/>\n<meta name=\"twitter:site\" content=\"@cannabis_es\" \/>\n<meta name=\"twitter:label1\" content=\"Escrito por\" \/>\n\t<meta name=\"twitter:data1\" content=\"Cannabis.es\" \/>\n\t<meta name=\"twitter:label2\" content=\"Tiempo de lectura\" \/>\n\t<meta name=\"twitter:data2\" content=\"9 minutos\" \/>\n<script type=\"application\/ld+json\" class=\"yoast-schema-graph\">{\"@context\":\"https:\/\/schema.org\",\"@graph\":[{\"@type\":\"Article\",\"@id\":\"https:\/\/www.cannabis.es\/pw\/2017\/07\/03\/las-plagas-en-el-cannabis-i-la-arana-roja\/#article\",\"isPartOf\":{\"@id\":\"https:\/\/www.cannabis.es\/pw\/2017\/07\/03\/las-plagas-en-el-cannabis-i-la-arana-roja\/\"},\"author\":{\"name\":\"Cannabis.es\",\"@id\":\"https:\/\/www.cannabis.es\/pw\/#\/schema\/person\/e2fbd204580cf4fe74c79b82bc447374\"},\"headline\":\"Las plagas en el cannabis I: La ara\u00f1a roja\",\"datePublished\":\"2017-07-03T14:16:27+00:00\",\"dateModified\":\"2020-06-08T10:42:41+00:00\",\"mainEntityOfPage\":{\"@id\":\"https:\/\/www.cannabis.es\/pw\/2017\/07\/03\/las-plagas-en-el-cannabis-i-la-arana-roja\/\"},\"wordCount\":1755,\"publisher\":{\"@id\":\"https:\/\/www.cannabis.es\/pw\/#organization\"},\"image\":{\"@id\":\"https:\/\/www.cannabis.es\/pw\/2017\/07\/03\/las-plagas-en-el-cannabis-i-la-arana-roja\/#primaryimage\"},\"thumbnailUrl\":\"https:\/\/www.cannabis.es\/pw\/wp-content\/uploads\/2020\/05\/arana-roja.jpg\",\"keywords\":[\"ara\u00f1a roja\",\"autocultivo\",\"cannabis\",\"cultivo\",\"cultivo exterior\",\"marihuana\",\"plagas\",\"prevenci\u00f3n\"],\"articleSection\":[\"Cultivo\"],\"inLanguage\":\"es\"},{\"@type\":\"WebPage\",\"@id\":\"https:\/\/www.cannabis.es\/pw\/2017\/07\/03\/las-plagas-en-el-cannabis-i-la-arana-roja\/\",\"url\":\"https:\/\/www.cannabis.es\/pw\/2017\/07\/03\/las-plagas-en-el-cannabis-i-la-arana-roja\/\",\"name\":\"Las plagas en el cannabis I: La ara\u00f1a roja\",\"isPartOf\":{\"@id\":\"https:\/\/www.cannabis.es\/pw\/#website\"},\"primaryImageOfPage\":{\"@id\":\"https:\/\/www.cannabis.es\/pw\/2017\/07\/03\/las-plagas-en-el-cannabis-i-la-arana-roja\/#primaryimage\"},\"image\":{\"@id\":\"https:\/\/www.cannabis.es\/pw\/2017\/07\/03\/las-plagas-en-el-cannabis-i-la-arana-roja\/#primaryimage\"},\"thumbnailUrl\":\"https:\/\/www.cannabis.es\/pw\/wp-content\/uploads\/2020\/05\/arana-roja.jpg\",\"datePublished\":\"2017-07-03T14:16:27+00:00\",\"dateModified\":\"2020-06-08T10:42:41+00:00\",\"description\":\"Entrada &#8226; Portal multimedia sobre cannabis y otras sustancias &#8226; 3 julio, 2017\",\"breadcrumb\":{\"@id\":\"https:\/\/www.cannabis.es\/pw\/2017\/07\/03\/las-plagas-en-el-cannabis-i-la-arana-roja\/#breadcrumb\"},\"inLanguage\":\"es\",\"potentialAction\":[{\"@type\":\"ReadAction\",\"target\":[\"https:\/\/www.cannabis.es\/pw\/2017\/07\/03\/las-plagas-en-el-cannabis-i-la-arana-roja\/\"]}]},{\"@type\":\"ImageObject\",\"inLanguage\":\"es\",\"@id\":\"https:\/\/www.cannabis.es\/pw\/2017\/07\/03\/las-plagas-en-el-cannabis-i-la-arana-roja\/#primaryimage\",\"url\":\"https:\/\/www.cannabis.es\/pw\/wp-content\/uploads\/2020\/05\/arana-roja.jpg\",\"contentUrl\":\"https:\/\/www.cannabis.es\/pw\/wp-content\/uploads\/2020\/05\/arana-roja.jpg\",\"width\":959,\"height\":475},{\"@type\":\"BreadcrumbList\",\"@id\":\"https:\/\/www.cannabis.es\/pw\/2017\/07\/03\/las-plagas-en-el-cannabis-i-la-arana-roja\/#breadcrumb\",\"itemListElement\":[{\"@type\":\"ListItem\",\"position\":1,\"name\":\"Portada\",\"item\":\"http:\/\/www.cannabis.es\/pw\/\"},{\"@type\":\"ListItem\",\"position\":2,\"name\":\"Las plagas en el cannabis I: La ara\u00f1a roja\"}]},{\"@type\":\"WebSite\",\"@id\":\"https:\/\/www.cannabis.es\/pw\/#website\",\"url\":\"https:\/\/www.cannabis.es\/pw\/\",\"name\":\"Cannabis\",\"description\":\"Portal multimedia sobre cannabis y otras sustancias\",\"publisher\":{\"@id\":\"https:\/\/www.cannabis.es\/pw\/#organization\"},\"potentialAction\":[{\"@type\":\"SearchAction\",\"target\":{\"@type\":\"EntryPoint\",\"urlTemplate\":\"https:\/\/www.cannabis.es\/pw\/?s={search_term_string}\"},\"query-input\":{\"@type\":\"PropertyValueSpecification\",\"valueRequired\":true,\"valueName\":\"search_term_string\"}}],\"inLanguage\":\"es\"},{\"@type\":\"Organization\",\"@id\":\"https:\/\/www.cannabis.es\/pw\/#organization\",\"name\":\"Cannabis.es\",\"url\":\"https:\/\/www.cannabis.es\/pw\/\",\"logo\":{\"@type\":\"ImageObject\",\"inLanguage\":\"es\",\"@id\":\"https:\/\/www.cannabis.es\/pw\/#\/schema\/logo\/image\/\",\"url\":\"https:\/\/www.cannabis.es\/pw\/wp-content\/uploads\/2019\/04\/cropped-logo_cannabis.png\",\"contentUrl\":\"https:\/\/www.cannabis.es\/pw\/wp-content\/uploads\/2019\/04\/cropped-logo_cannabis.png\",\"width\":361,\"height\":120,\"caption\":\"Cannabis.es\"},\"image\":{\"@id\":\"https:\/\/www.cannabis.es\/pw\/#\/schema\/logo\/image\/\"},\"sameAs\":[\"https:\/\/x.com\/cannabis_es\"]},{\"@type\":\"Person\",\"@id\":\"https:\/\/www.cannabis.es\/pw\/#\/schema\/person\/e2fbd204580cf4fe74c79b82bc447374\",\"name\":\"Cannabis.es\",\"image\":{\"@type\":\"ImageObject\",\"inLanguage\":\"es\",\"@id\":\"https:\/\/www.cannabis.es\/pw\/#\/schema\/person\/image\/\",\"url\":\"https:\/\/secure.gravatar.com\/avatar\/4375b1eb6e272e2e48a4b8a8def52e5f208151f555bb5906da616906ee6dd2e8?s=96&d=mm&r=g\",\"contentUrl\":\"https:\/\/secure.gravatar.com\/avatar\/4375b1eb6e272e2e48a4b8a8def52e5f208151f555bb5906da616906ee6dd2e8?s=96&d=mm&r=g\",\"caption\":\"Cannabis.es\"},\"url\":\"https:\/\/www.cannabis.es\/pw\/author\/cannabis\/\"}]}<\/script>\n<!-- \/ Yoast SEO plugin. -->","yoast_head_json":{"title":"Las plagas en el cannabis I: La ara\u00f1a roja","description":"Entrada &#8226; Portal multimedia sobre cannabis y otras sustancias &#8226; 3 julio, 2017","robots":{"index":"index","follow":"follow","max-snippet":"max-snippet:-1","max-image-preview":"max-image-preview:large","max-video-preview":"max-video-preview:-1"},"canonical":"https:\/\/www.cannabis.es\/pw\/2017\/07\/03\/las-plagas-en-el-cannabis-i-la-arana-roja\/","twitter_card":"summary_large_image","twitter_title":"Las plagas en el cannabis I: La ara\u00f1a roja","twitter_description":"Entrada &#8226; Portal multimedia sobre cannabis y otras sustancias &#8226; 3 julio, 2017","twitter_image":"https:\/\/www.cannabis.es\/pw\/wp-content\/uploads\/2020\/05\/arana-roja.jpg","twitter_creator":"@cannabis_es","twitter_site":"@cannabis_es","twitter_misc":{"Escrito por":"Cannabis.es","Tiempo de lectura":"9 minutos"},"schema":{"@context":"https:\/\/schema.org","@graph":[{"@type":"Article","@id":"https:\/\/www.cannabis.es\/pw\/2017\/07\/03\/las-plagas-en-el-cannabis-i-la-arana-roja\/#article","isPartOf":{"@id":"https:\/\/www.cannabis.es\/pw\/2017\/07\/03\/las-plagas-en-el-cannabis-i-la-arana-roja\/"},"author":{"name":"Cannabis.es","@id":"https:\/\/www.cannabis.es\/pw\/#\/schema\/person\/e2fbd204580cf4fe74c79b82bc447374"},"headline":"Las plagas en el cannabis I: La ara\u00f1a roja","datePublished":"2017-07-03T14:16:27+00:00","dateModified":"2020-06-08T10:42:41+00:00","mainEntityOfPage":{"@id":"https:\/\/www.cannabis.es\/pw\/2017\/07\/03\/las-plagas-en-el-cannabis-i-la-arana-roja\/"},"wordCount":1755,"publisher":{"@id":"https:\/\/www.cannabis.es\/pw\/#organization"},"image":{"@id":"https:\/\/www.cannabis.es\/pw\/2017\/07\/03\/las-plagas-en-el-cannabis-i-la-arana-roja\/#primaryimage"},"thumbnailUrl":"https:\/\/www.cannabis.es\/pw\/wp-content\/uploads\/2020\/05\/arana-roja.jpg","keywords":["ara\u00f1a roja","autocultivo","cannabis","cultivo","cultivo exterior","marihuana","plagas","prevenci\u00f3n"],"articleSection":["Cultivo"],"inLanguage":"es"},{"@type":"WebPage","@id":"https:\/\/www.cannabis.es\/pw\/2017\/07\/03\/las-plagas-en-el-cannabis-i-la-arana-roja\/","url":"https:\/\/www.cannabis.es\/pw\/2017\/07\/03\/las-plagas-en-el-cannabis-i-la-arana-roja\/","name":"Las plagas en el cannabis I: La ara\u00f1a roja","isPartOf":{"@id":"https:\/\/www.cannabis.es\/pw\/#website"},"primaryImageOfPage":{"@id":"https:\/\/www.cannabis.es\/pw\/2017\/07\/03\/las-plagas-en-el-cannabis-i-la-arana-roja\/#primaryimage"},"image":{"@id":"https:\/\/www.cannabis.es\/pw\/2017\/07\/03\/las-plagas-en-el-cannabis-i-la-arana-roja\/#primaryimage"},"thumbnailUrl":"https:\/\/www.cannabis.es\/pw\/wp-content\/uploads\/2020\/05\/arana-roja.jpg","datePublished":"2017-07-03T14:16:27+00:00","dateModified":"2020-06-08T10:42:41+00:00","description":"Entrada &#8226; Portal multimedia sobre cannabis y otras sustancias &#8226; 3 julio, 2017","breadcrumb":{"@id":"https:\/\/www.cannabis.es\/pw\/2017\/07\/03\/las-plagas-en-el-cannabis-i-la-arana-roja\/#breadcrumb"},"inLanguage":"es","potentialAction":[{"@type":"ReadAction","target":["https:\/\/www.cannabis.es\/pw\/2017\/07\/03\/las-plagas-en-el-cannabis-i-la-arana-roja\/"]}]},{"@type":"ImageObject","inLanguage":"es","@id":"https:\/\/www.cannabis.es\/pw\/2017\/07\/03\/las-plagas-en-el-cannabis-i-la-arana-roja\/#primaryimage","url":"https:\/\/www.cannabis.es\/pw\/wp-content\/uploads\/2020\/05\/arana-roja.jpg","contentUrl":"https:\/\/www.cannabis.es\/pw\/wp-content\/uploads\/2020\/05\/arana-roja.jpg","width":959,"height":475},{"@type":"BreadcrumbList","@id":"https:\/\/www.cannabis.es\/pw\/2017\/07\/03\/las-plagas-en-el-cannabis-i-la-arana-roja\/#breadcrumb","itemListElement":[{"@type":"ListItem","position":1,"name":"Portada","item":"http:\/\/www.cannabis.es\/pw\/"},{"@type":"ListItem","position":2,"name":"Las plagas en el cannabis I: La ara\u00f1a roja"}]},{"@type":"WebSite","@id":"https:\/\/www.cannabis.es\/pw\/#website","url":"https:\/\/www.cannabis.es\/pw\/","name":"Cannabis","description":"Portal multimedia sobre cannabis y otras sustancias","publisher":{"@id":"https:\/\/www.cannabis.es\/pw\/#organization"},"potentialAction":[{"@type":"SearchAction","target":{"@type":"EntryPoint","urlTemplate":"https:\/\/www.cannabis.es\/pw\/?s={search_term_string}"},"query-input":{"@type":"PropertyValueSpecification","valueRequired":true,"valueName":"search_term_string"}}],"inLanguage":"es"},{"@type":"Organization","@id":"https:\/\/www.cannabis.es\/pw\/#organization","name":"Cannabis.es","url":"https:\/\/www.cannabis.es\/pw\/","logo":{"@type":"ImageObject","inLanguage":"es","@id":"https:\/\/www.cannabis.es\/pw\/#\/schema\/logo\/image\/","url":"https:\/\/www.cannabis.es\/pw\/wp-content\/uploads\/2019\/04\/cropped-logo_cannabis.png","contentUrl":"https:\/\/www.cannabis.es\/pw\/wp-content\/uploads\/2019\/04\/cropped-logo_cannabis.png","width":361,"height":120,"caption":"Cannabis.es"},"image":{"@id":"https:\/\/www.cannabis.es\/pw\/#\/schema\/logo\/image\/"},"sameAs":["https:\/\/x.com\/cannabis_es"]},{"@type":"Person","@id":"https:\/\/www.cannabis.es\/pw\/#\/schema\/person\/e2fbd204580cf4fe74c79b82bc447374","name":"Cannabis.es","image":{"@type":"ImageObject","inLanguage":"es","@id":"https:\/\/www.cannabis.es\/pw\/#\/schema\/person\/image\/","url":"https:\/\/secure.gravatar.com\/avatar\/4375b1eb6e272e2e48a4b8a8def52e5f208151f555bb5906da616906ee6dd2e8?s=96&d=mm&r=g","contentUrl":"https:\/\/secure.gravatar.com\/avatar\/4375b1eb6e272e2e48a4b8a8def52e5f208151f555bb5906da616906ee6dd2e8?s=96&d=mm&r=g","caption":"Cannabis.es"},"url":"https:\/\/www.cannabis.es\/pw\/author\/cannabis\/"}]}},"_links":{"self":[{"href":"https:\/\/www.cannabis.es\/pw\/wp-json\/wp\/v2\/posts\/2644","targetHints":{"allow":["GET"]}}],"collection":[{"href":"https:\/\/www.cannabis.es\/pw\/wp-json\/wp\/v2\/posts"}],"about":[{"href":"https:\/\/www.cannabis.es\/pw\/wp-json\/wp\/v2\/types\/post"}],"author":[{"embeddable":true,"href":"https:\/\/www.cannabis.es\/pw\/wp-json\/wp\/v2\/users\/1"}],"replies":[{"embeddable":true,"href":"https:\/\/www.cannabis.es\/pw\/wp-json\/wp\/v2\/comments?post=2644"}],"version-history":[{"count":3,"href":"https:\/\/www.cannabis.es\/pw\/wp-json\/wp\/v2\/posts\/2644\/revisions"}],"predecessor-version":[{"id":5541,"href":"https:\/\/www.cannabis.es\/pw\/wp-json\/wp\/v2\/posts\/2644\/revisions\/5541"}],"wp:featuredmedia":[{"embeddable":true,"href":"https:\/\/www.cannabis.es\/pw\/wp-json\/wp\/v2\/media\/2645"}],"wp:attachment":[{"href":"https:\/\/www.cannabis.es\/pw\/wp-json\/wp\/v2\/media?parent=2644"}],"wp:term":[{"taxonomy":"category","embeddable":true,"href":"https:\/\/www.cannabis.es\/pw\/wp-json\/wp\/v2\/categories?post=2644"},{"taxonomy":"post_tag","embeddable":true,"href":"https:\/\/www.cannabis.es\/pw\/wp-json\/wp\/v2\/tags?post=2644"}],"curies":[{"name":"wp","href":"https:\/\/api.w.org\/{rel}","templated":true}]}}