{"id":2663,"date":"2017-06-09T16:33:48","date_gmt":"2017-06-09T14:33:48","guid":{"rendered":"http:\/\/www.cannabis.es\/pw\/?p=2663"},"modified":"2020-05-20T16:35:42","modified_gmt":"2020-05-20T14:35:42","slug":"gustavo-redondo-los-home-studios-son-un-arma-de-doble-filo","status":"publish","type":"post","link":"https:\/\/www.cannabis.es\/pw\/2017\/06\/09\/gustavo-redondo-los-home-studios-son-un-arma-de-doble-filo\/","title":{"rendered":"Gustavo Redondo: \u201cLos &#8216;Home Studio&#8217;s&#8217; son un arma de doble filo\u00bb"},"content":{"rendered":"\n<p><br>Sin la necesidad de demostrar nada a nadie, ni de aproximarse a la perfecci\u00f3n -esa obsesi\u00f3n que achaca al tiempo que nos ha tocado vivir-, el m\u00fasico, compositor y productor abulense&nbsp;<a href=\"http:\/\/www.rtve.es\/alacarta\/videos\/los-conciertos-de-radio-3\/conciertos-radio-3-gustavo-redondo\/3809658\/\" target=\"_blank\" rel=\"noreferrer noopener\"><strong>Gustavo Redondo<\/strong><\/a>&nbsp;ha decidido remontarse a la infancia para su nuevo trabajo de estudio. Esa etapa de felicidad y liberaci\u00f3n de la que su paisano, el escritor&nbsp;<strong>Miguel Delibes<\/strong>, dec\u00eda que era su patria. Crecer s\u00ed, madurar tambi\u00e9n, pero sin dejar que muera ese ser diminuto y curioso que nos desaf\u00eda a asumir retos en determinados momentos.&nbsp;<\/p>\n\n\n\n<hr class=\"wp-block-separator\"\/>\n\n\n\n<p><strong>Que hayan proliferado tantos estudios caseros -\u201chome studio\u201d- con un sonido no tan depurado y preciso, \u00bfes beneficioso o negativo para la m\u00fasica?<\/strong><\/p>\n\n\n\n<p>Lo de los \u2018<strong>Home Studios<\/strong>\u2019 es un arma de doble filo: por una parte, est\u00e1 bien que todo el mundo tenga derecho a grabar sus canciones y&nbsp;<strong><a href=\"https:\/\/gustavoredondo.bandcamp.com\/\" target=\"_blank\" rel=\"noreferrer noopener\">publicarlas<\/a><\/strong>&nbsp;en una cuenta de&nbsp;<a href=\"https:\/\/bandcamp.com\/\" target=\"_blank\" rel=\"noreferrer noopener\"><strong>Bandcamp<\/strong><\/a>; tampoco nos vamos a poner talibanes con ese asunto, faltar\u00eda m\u00e1s. El problema est\u00e1, en que no hay un filtro de calidad, y salir a la superficie es much\u00edsimo m\u00e1s dif\u00edcil porque, directamente, la cantidad de informaci\u00f3n es abrumadora.<\/p>\n\n\n\n<p><strong>\u00bfEres m\u00e1s partidario de trabajar en anal\u00f3gico, en digital o en ambos formatos?<\/strong>&nbsp;<\/p>\n\n\n\n<p>A la hora de trabajar, me gustan los dos formatos -pertenezco a esa generaci\u00f3n-. Aunque mezclo en digital, mi intuici\u00f3n y las t\u00e9cnicas que utilizo siempre me llevan a grabar con \u2018pensamiento anal\u00f3gico\u2019. El 70% de los instrumentos y micr\u00f3fonos que utilizo en mi estudio son \u201c<em><strong>vintage<\/strong><\/em>\u201d, y todas las se\u00f1ales las grabo con previos anal\u00f3gicos antiguos, y eso te da un color y cuerpo muy interesante a la hora de captar la toma. Tambi\u00e9n utilizo muchos recursos para dar autenticidad a mis grabaciones, como reamplificar los sonidos m\u00e1s \u2018digitales\u2019 para darles car\u00e1cter y poner micros de ambientes por toda mi casa para que parte de la \u201creverb\u201d sea natural. Despu\u00e9s, cuando tengo todo captado, me encanta mezclar en digital, es m\u00e1s c\u00f3modo y los \u201c<em><strong>plug-in<\/strong><\/em>\u201d son una maravilla, est\u00e1 todo muy conseguido. Creo que estamos en buen momento a ese nivel: con el tiempo, y despu\u00e9s de haber pasado por muchos a\u00f1os de b\u00fasqueda y ensayo\/error -que yo, por mi edad, afortunadamente no he vivido-, hemos conseguido un equilibrio muy interesante entre la grabaci\u00f3n anal\u00f3gica y digital.<\/p>\n\n\n\n<figure class=\"wp-block-image\"><img decoding=\"async\" src=\"https:\/\/www.cannabis.es\/web\/images\/Gigantes\/gigantes-y-diminutos-4.jpg\" alt=\"gigantes y diminutos 4\"\/><\/figure>\n\n\n\n<p><strong>Un dato que llama poderosamente la atenci\u00f3n es que en tus \u00e1lbumes hayas decidido asumir la totalidad del proceso, desde la&nbsp;<\/strong><strong>composici\u00f3n de las canciones hasta la mezcla, pasando por la grabaci\u00f3n de todos los instrumentos y la producci\u00f3n. \u00bfPor qu\u00e9 has tomado la decisi\u00f3n de no delegar en nadie estas tareas?<\/strong><\/p>\n\n\n\n<p>Es una decisi\u00f3n que no tom\u00e9 de la noche a la ma\u00f1ana, empez\u00f3 siendo por una falta de presupuesto -el m\u00edo se lo lleva todo la compra y mantenimiento de equipo- y porque&nbsp;<strong>mi estudio<\/strong>&nbsp;est\u00e1 un poco apartado como para improvisar con agilidad con los&nbsp;<strong>m\u00fasicos<\/strong>&nbsp;que me gustan, que est\u00e1n siempre hasta arriba de trabajo. Aunque cuando estoy grabando un disco siempre hay un punto -muy importante- de disciplina, me muevo bastante por impulsos, y, gracias a que tengo el estudio en casa, puedo elegir los momentos en los que creo que puedo trabajar sin presi\u00f3n para sacar algo positivo de un estado de \u00e1nimo en concreto. Es fant\u00e1stico, porque seg\u00fan me levanto, ya s\u00e9 si ese d\u00eda tengo la mente n\u00edtida y soy consciente si la jornada puede ser fruct\u00edfera o un desastre.<\/p>\n\n\n\n<p><strong>En Espa\u00f1a existe una cierta tendencia a subestimar lo propio al tiempo que se sobreestima lo ajeno independientemente de que el artista o proyecto sea solvente y merecedor de dichos elogios. \u00bfPor qu\u00e9 crees que se encuentra tan extendido este prejuicio en nuestro pa\u00eds?<\/strong><\/p>\n\n\n\n<p>Desgraciadamente, subestimar lo que poseemos se ha convertido en la especialidad de la casa. A d\u00eda de hoy, todo va tan r\u00e1pido que asusta: parece ser que necesitamos peque\u00f1os est\u00edmulos constantemente, nos est\u00e1n haciendo ver y creer que lo ideal est\u00e1 en la perfecci\u00f3n, y no hay cosa m\u00e1s estresante -si la buscas- y aburrida -si la encuentras en una revista, por ejemplo-. Sigo sin explicarme por qu\u00e9 la sociedad va encaminada a buscar la perfecci\u00f3n, es aberrante como se truca todo hoy en d\u00eda: desde los cuerpos hasta la m\u00fasica. As\u00ed nos pasa, que se est\u00e1n destrozando muchas cabezas. Como nos siga llamando m\u00e1s la atenci\u00f3n las cosas \u2018perfectas\u2019 que las cosas con car\u00e1cter, mal vamos.<\/p>\n\n\n\n<figure class=\"wp-block-image\"><img decoding=\"async\" src=\"https:\/\/www.cannabis.es\/web\/images\/Gigantes\/gigantes-y-diminutos-3.jpg\" alt=\"gigantes y diminutos 3\"\/><\/figure>\n\n\n\n<p><strong>Buena parte de los t\u00edtulos del \u00e1lbum \u201cGigantes &amp; Diminutos\u201d responden a aspectos relacionados con la infancia, de la que pensadores como Rilke, Saint-Exupery, Baudelaire o Delibes han dicho que es nuestra patria.<\/strong><\/p>\n\n\n\n<p>Llevo toda mi vida viviendo en un&nbsp;<strong>pueblo de \u00c1vila -Pedro Bernardo-<\/strong>, y, vaya, que mezcles en esta pregunta a<strong>&nbsp;Delibes<\/strong>&nbsp;y la infancia no es que me alegre, es que me das en el clavo. Aqu\u00ed te podr\u00eda presentar a bastante gente que podr\u00edan haber sido personajes de sus libros y no es lo m\u00e1s brillante, pero con el tiempo te das cuenta de que tiene un punto de autenticidad que mira, est\u00e1 muy bien. Son complejos que te vas quitando con el tiempo, y, si haces caso de todo lo que te cuentan, tiendes a pensar que los que nos hemos criado de esta forma m\u00e1s \u2018salvaje\u2019, hemos tenido una infancia peor, pero yo no me puedo sentir m\u00e1s afortunado por haber crecido de esta forma. Siempre me he sentido -y me han hecho sentir- libre, nunca he tenido hora y hemos crecido de una forma muy sana, aunque haya sido a base de peleas de piedras -literal- y de pegarnos porrazos con la bicicleta. Me da un poco de pena porque eso creo que se est\u00e1 perdiendo, ahora parece que hay que ser perfecto -s\u00ed, volvemos al tema- y estamos perdiendo un punto importante de autenticidad y lo que m\u00e1s me preocupa, libertad. Y con esto, no hablo de ir vestido por la calle de monje tibetano para marcar la diferencia, hablo de que cada uno es como es y parece que con esta tendencia a la perfecci\u00f3n, todos tenemos que hablar siete idiomas, tener tres carreras, pilotar una nave espacial, cocinar como&nbsp;<strong>Ferr\u00e1n Adri\u00e0,<em>&nbsp;hacer deporte y escribir poes\u00eda.<\/em><\/strong><\/p>\n\n\n\n<p><strong>\u00bfCu\u00e1l es tu opini\u00f3n al respecto del \u201cfen\u00f3meno James Rhodes\u201d y su intento por hacer accesible la m\u00fasica cl\u00e1sica a un p\u00fablico \u201cmainstream\u201d frente a su actual intelectualizaci\u00f3n?<\/strong><\/p>\n\n\n\n<p>Para m\u00ed, la intelectualizaci\u00f3n o la \u2018apropiaci\u00f3n\u2019 de cualquier arte, siempre me parecer\u00e1 una estupidez y un ejemplo de ego\u00edsmo. El que quiera marcar la diferencia apoder\u00e1ndose de algo o haciendo ver a los dem\u00e1s que \u00e9l\/ella \u2018ve m\u00e1s all\u00e1 y nosotros a ese \u2018all\u00e1\u2019 no llegamos\u2019 es dos cosas: para empezar, est\u00fapido, y seguramente tenga una falta de personalidad importante y un egocentrismo bastante desarrollado -parece mentira pero estas dos \u00faltimas caracter\u00edsticas tienen m\u00e1s en com\u00fan de lo que parece-. Evidentemente, cada uno entiende de una cosa con m\u00e1s certeza, pero para m\u00ed, esto no va de marcar la diferencia, lo ideal ser\u00eda que nadie se tuviera que sentir especial por hacer algo en concreto. Por lo general, si hay autenticidad, siempre tendr\u00e1 algo que aportar. Otra cosa ser\u00eda hablar de la idiotez, pero no es el mismo tema. Por eso, me parece genial y necesaria la existencia de&nbsp;<strong>pianistas -int\u00e9rpretes, en este caso- de m\u00fasica cl\u00e1sica que se salen de lo est\u00e1ndar<\/strong>. A m\u00ed -sin generalizar, por favor-, los virtuosos me dan miedo y la apolog\u00eda extrema de cualquier disciplina, tambi\u00e9n.<\/p>\n\n\n\n<figure class=\"wp-block-image\"><img decoding=\"async\" src=\"https:\/\/www.cannabis.es\/web\/images\/Gigantes\/gigantes-y-diminutos-1.jpg\" alt=\"gigantes y diminutos 1\"\/><\/figure>\n\n\n\n<p><strong>Fot\u00f3grafo:<\/strong>&nbsp;Alejandro del Estal<\/p>\n","protected":false},"excerpt":{"rendered":"<span class=\"span-reading-time rt-reading-time\" style=\"display: block;\"><span class=\"rt-label rt-prefix\">Tiempo de lectura:<\/span> <span class=\"rt-time\"> 5<\/span> <span class=\"rt-label rt-postfix\">minutos<\/span><\/span>Sin la necesidad de demostrar nada a nadie, ni de aproximarse a la perfecci\u00f3n -esa obsesi\u00f3n que achaca al tiempo que nos ha tocado vivir-, el m\u00fasico, compositor y productor abulense&nbsp;Gustavo Redondo&nbsp;ha decidido remontarse a la infancia para su nuevo trabajo de estudio. Esa etapa de felicidad y liberaci\u00f3n de la que su paisano, el [&hellip;]","protected":false},"author":1,"featured_media":2664,"comment_status":"closed","ping_status":"closed","sticky":false,"template":"","format":"standard","meta":{"loftocean-featured-post":"","loftocean_post_format_gallery":"","loftocean_post_format_gallery_ids":"","loftocean_post_format_gallery_urls":"","loftocean_post_format_video_id":"","loftocean_post_format_video_url":"","loftocean_post_format_video_type":"","loftocean_post_format_video":"","loftocean_post_format_audio_type":"","loftocean_post_format_audio_url":"","loftocean_post_format_audio_id":"","loftocean_post_format_audio":"","loftocean_post_format_quote_text":"","loftocean_post_format_quote_byline":"","loftocean_post_format_link_text":"","loftocean_post_format_link_url":"","ceramag_post_header_style":"","ceramag_enable_background_video":"","ceramag_show_in_top_slider":"","ceramag_post_background_video_start":"","ceramag_post_background_video_end":"","loftocean_page_background_video_id":"","loftocean_page_background_video_url":"","loftocean_page_background_video_type":"","loftocean_page_background_video":"","ceramag_background_video_start":"","ceramag_background_video_end":"","ceramag_single_page_hide_header":"","footnotes":""},"categories":[33],"tags":[716,1265,1264,1242,1267,1266],"class_list":["post-2663","post","type-post","status-publish","format-standard","has-post-thumbnail","hentry","category-entrevistas","tag-entrevista","tag-gigantes-y-diminutos","tag-gustavo-redondo","tag-musica","tag-musico","tag-vintage"],"yoast_head":"<!-- This site is optimized with the Yoast SEO plugin v24.9 - https:\/\/yoast.com\/wordpress\/plugins\/seo\/ -->\n<title>Gustavo Redondo: \u201cLos &#039;Home Studio&#039;s&#039; son un arma de doble filo&quot;<\/title>\n<meta name=\"description\" content=\"Entrada &#8226; Portal multimedia sobre cannabis y otras sustancias &#8226; 9 junio, 2017\" \/>\n<meta name=\"robots\" content=\"index, follow, max-snippet:-1, max-image-preview:large, max-video-preview:-1\" \/>\n<link rel=\"canonical\" href=\"https:\/\/www.cannabis.es\/pw\/2017\/06\/09\/gustavo-redondo-los-home-studios-son-un-arma-de-doble-filo\/\" \/>\n<meta name=\"twitter:card\" content=\"summary_large_image\" \/>\n<meta name=\"twitter:title\" content=\"Gustavo Redondo: \u201cLos &#039;Home Studio&#039;s&#039; son un arma de doble filo&quot;\" \/>\n<meta name=\"twitter:description\" content=\"Entrada &#8226; Portal multimedia sobre cannabis y otras sustancias &#8226; 9 junio, 2017\" \/>\n<meta name=\"twitter:image\" content=\"https:\/\/www.cannabis.es\/pw\/wp-content\/uploads\/2020\/05\/gigantes-y-diminutos-port.jpg\" \/>\n<meta name=\"twitter:creator\" content=\"@cannabis_es\" \/>\n<meta name=\"twitter:site\" content=\"@cannabis_es\" \/>\n<meta name=\"twitter:label1\" content=\"Escrito por\" \/>\n\t<meta name=\"twitter:data1\" content=\"Cannabis.es\" \/>\n\t<meta name=\"twitter:label2\" content=\"Tiempo de lectura\" \/>\n\t<meta name=\"twitter:data2\" content=\"7 minutos\" \/>\n<script type=\"application\/ld+json\" class=\"yoast-schema-graph\">{\"@context\":\"https:\/\/schema.org\",\"@graph\":[{\"@type\":\"Article\",\"@id\":\"https:\/\/www.cannabis.es\/pw\/2017\/06\/09\/gustavo-redondo-los-home-studios-son-un-arma-de-doble-filo\/#article\",\"isPartOf\":{\"@id\":\"https:\/\/www.cannabis.es\/pw\/2017\/06\/09\/gustavo-redondo-los-home-studios-son-un-arma-de-doble-filo\/\"},\"author\":{\"name\":\"Cannabis.es\",\"@id\":\"https:\/\/www.cannabis.es\/pw\/#\/schema\/person\/e2fbd204580cf4fe74c79b82bc447374\"},\"headline\":\"Gustavo Redondo: \u201cLos &#8216;Home Studio&#8217;s&#8217; son un arma de doble filo\u00bb\",\"datePublished\":\"2017-06-09T14:33:48+00:00\",\"dateModified\":\"2020-05-20T14:35:42+00:00\",\"mainEntityOfPage\":{\"@id\":\"https:\/\/www.cannabis.es\/pw\/2017\/06\/09\/gustavo-redondo-los-home-studios-son-un-arma-de-doble-filo\/\"},\"wordCount\":1371,\"publisher\":{\"@id\":\"https:\/\/www.cannabis.es\/pw\/#organization\"},\"image\":{\"@id\":\"https:\/\/www.cannabis.es\/pw\/2017\/06\/09\/gustavo-redondo-los-home-studios-son-un-arma-de-doble-filo\/#primaryimage\"},\"thumbnailUrl\":\"https:\/\/www.cannabis.es\/pw\/wp-content\/uploads\/2020\/05\/gigantes-y-diminutos-port.jpg\",\"keywords\":[\"entrevista\",\"gigantes y diminutos\",\"Gustavo Redondo\",\"m\u00fasica\",\"m\u00fasico\",\"vintage\"],\"articleSection\":[\"Entrevistas\"],\"inLanguage\":\"es\"},{\"@type\":\"WebPage\",\"@id\":\"https:\/\/www.cannabis.es\/pw\/2017\/06\/09\/gustavo-redondo-los-home-studios-son-un-arma-de-doble-filo\/\",\"url\":\"https:\/\/www.cannabis.es\/pw\/2017\/06\/09\/gustavo-redondo-los-home-studios-son-un-arma-de-doble-filo\/\",\"name\":\"Gustavo Redondo: \u201cLos 'Home Studio's' son un arma de doble filo\\\"\",\"isPartOf\":{\"@id\":\"https:\/\/www.cannabis.es\/pw\/#website\"},\"primaryImageOfPage\":{\"@id\":\"https:\/\/www.cannabis.es\/pw\/2017\/06\/09\/gustavo-redondo-los-home-studios-son-un-arma-de-doble-filo\/#primaryimage\"},\"image\":{\"@id\":\"https:\/\/www.cannabis.es\/pw\/2017\/06\/09\/gustavo-redondo-los-home-studios-son-un-arma-de-doble-filo\/#primaryimage\"},\"thumbnailUrl\":\"https:\/\/www.cannabis.es\/pw\/wp-content\/uploads\/2020\/05\/gigantes-y-diminutos-port.jpg\",\"datePublished\":\"2017-06-09T14:33:48+00:00\",\"dateModified\":\"2020-05-20T14:35:42+00:00\",\"description\":\"Entrada &#8226; Portal multimedia sobre cannabis y otras sustancias &#8226; 9 junio, 2017\",\"breadcrumb\":{\"@id\":\"https:\/\/www.cannabis.es\/pw\/2017\/06\/09\/gustavo-redondo-los-home-studios-son-un-arma-de-doble-filo\/#breadcrumb\"},\"inLanguage\":\"es\",\"potentialAction\":[{\"@type\":\"ReadAction\",\"target\":[\"https:\/\/www.cannabis.es\/pw\/2017\/06\/09\/gustavo-redondo-los-home-studios-son-un-arma-de-doble-filo\/\"]}]},{\"@type\":\"ImageObject\",\"inLanguage\":\"es\",\"@id\":\"https:\/\/www.cannabis.es\/pw\/2017\/06\/09\/gustavo-redondo-los-home-studios-son-un-arma-de-doble-filo\/#primaryimage\",\"url\":\"https:\/\/www.cannabis.es\/pw\/wp-content\/uploads\/2020\/05\/gigantes-y-diminutos-port.jpg\",\"contentUrl\":\"https:\/\/www.cannabis.es\/pw\/wp-content\/uploads\/2020\/05\/gigantes-y-diminutos-port.jpg\",\"width\":959,\"height\":475},{\"@type\":\"BreadcrumbList\",\"@id\":\"https:\/\/www.cannabis.es\/pw\/2017\/06\/09\/gustavo-redondo-los-home-studios-son-un-arma-de-doble-filo\/#breadcrumb\",\"itemListElement\":[{\"@type\":\"ListItem\",\"position\":1,\"name\":\"Portada\",\"item\":\"http:\/\/www.cannabis.es\/pw\/\"},{\"@type\":\"ListItem\",\"position\":2,\"name\":\"Gustavo Redondo: \u201cLos &#8216;Home Studio&#8217;s&#8217; son un arma de doble filo\u00bb\"}]},{\"@type\":\"WebSite\",\"@id\":\"https:\/\/www.cannabis.es\/pw\/#website\",\"url\":\"https:\/\/www.cannabis.es\/pw\/\",\"name\":\"Cannabis\",\"description\":\"Portal multimedia sobre cannabis y otras sustancias\",\"publisher\":{\"@id\":\"https:\/\/www.cannabis.es\/pw\/#organization\"},\"potentialAction\":[{\"@type\":\"SearchAction\",\"target\":{\"@type\":\"EntryPoint\",\"urlTemplate\":\"https:\/\/www.cannabis.es\/pw\/?s={search_term_string}\"},\"query-input\":{\"@type\":\"PropertyValueSpecification\",\"valueRequired\":true,\"valueName\":\"search_term_string\"}}],\"inLanguage\":\"es\"},{\"@type\":\"Organization\",\"@id\":\"https:\/\/www.cannabis.es\/pw\/#organization\",\"name\":\"Cannabis.es\",\"url\":\"https:\/\/www.cannabis.es\/pw\/\",\"logo\":{\"@type\":\"ImageObject\",\"inLanguage\":\"es\",\"@id\":\"https:\/\/www.cannabis.es\/pw\/#\/schema\/logo\/image\/\",\"url\":\"https:\/\/www.cannabis.es\/pw\/wp-content\/uploads\/2019\/04\/cropped-logo_cannabis.png\",\"contentUrl\":\"https:\/\/www.cannabis.es\/pw\/wp-content\/uploads\/2019\/04\/cropped-logo_cannabis.png\",\"width\":361,\"height\":120,\"caption\":\"Cannabis.es\"},\"image\":{\"@id\":\"https:\/\/www.cannabis.es\/pw\/#\/schema\/logo\/image\/\"},\"sameAs\":[\"https:\/\/x.com\/cannabis_es\"]},{\"@type\":\"Person\",\"@id\":\"https:\/\/www.cannabis.es\/pw\/#\/schema\/person\/e2fbd204580cf4fe74c79b82bc447374\",\"name\":\"Cannabis.es\",\"image\":{\"@type\":\"ImageObject\",\"inLanguage\":\"es\",\"@id\":\"https:\/\/www.cannabis.es\/pw\/#\/schema\/person\/image\/\",\"url\":\"https:\/\/secure.gravatar.com\/avatar\/4375b1eb6e272e2e48a4b8a8def52e5f208151f555bb5906da616906ee6dd2e8?s=96&d=mm&r=g\",\"contentUrl\":\"https:\/\/secure.gravatar.com\/avatar\/4375b1eb6e272e2e48a4b8a8def52e5f208151f555bb5906da616906ee6dd2e8?s=96&d=mm&r=g\",\"caption\":\"Cannabis.es\"},\"url\":\"https:\/\/www.cannabis.es\/pw\/author\/cannabis\/\"}]}<\/script>\n<!-- \/ Yoast SEO plugin. -->","yoast_head_json":{"title":"Gustavo Redondo: \u201cLos 'Home Studio's' son un arma de doble filo\"","description":"Entrada &#8226; Portal multimedia sobre cannabis y otras sustancias &#8226; 9 junio, 2017","robots":{"index":"index","follow":"follow","max-snippet":"max-snippet:-1","max-image-preview":"max-image-preview:large","max-video-preview":"max-video-preview:-1"},"canonical":"https:\/\/www.cannabis.es\/pw\/2017\/06\/09\/gustavo-redondo-los-home-studios-son-un-arma-de-doble-filo\/","twitter_card":"summary_large_image","twitter_title":"Gustavo Redondo: \u201cLos 'Home Studio's' son un arma de doble filo\"","twitter_description":"Entrada &#8226; Portal multimedia sobre cannabis y otras sustancias &#8226; 9 junio, 2017","twitter_image":"https:\/\/www.cannabis.es\/pw\/wp-content\/uploads\/2020\/05\/gigantes-y-diminutos-port.jpg","twitter_creator":"@cannabis_es","twitter_site":"@cannabis_es","twitter_misc":{"Escrito por":"Cannabis.es","Tiempo de lectura":"7 minutos"},"schema":{"@context":"https:\/\/schema.org","@graph":[{"@type":"Article","@id":"https:\/\/www.cannabis.es\/pw\/2017\/06\/09\/gustavo-redondo-los-home-studios-son-un-arma-de-doble-filo\/#article","isPartOf":{"@id":"https:\/\/www.cannabis.es\/pw\/2017\/06\/09\/gustavo-redondo-los-home-studios-son-un-arma-de-doble-filo\/"},"author":{"name":"Cannabis.es","@id":"https:\/\/www.cannabis.es\/pw\/#\/schema\/person\/e2fbd204580cf4fe74c79b82bc447374"},"headline":"Gustavo Redondo: \u201cLos &#8216;Home Studio&#8217;s&#8217; son un arma de doble filo\u00bb","datePublished":"2017-06-09T14:33:48+00:00","dateModified":"2020-05-20T14:35:42+00:00","mainEntityOfPage":{"@id":"https:\/\/www.cannabis.es\/pw\/2017\/06\/09\/gustavo-redondo-los-home-studios-son-un-arma-de-doble-filo\/"},"wordCount":1371,"publisher":{"@id":"https:\/\/www.cannabis.es\/pw\/#organization"},"image":{"@id":"https:\/\/www.cannabis.es\/pw\/2017\/06\/09\/gustavo-redondo-los-home-studios-son-un-arma-de-doble-filo\/#primaryimage"},"thumbnailUrl":"https:\/\/www.cannabis.es\/pw\/wp-content\/uploads\/2020\/05\/gigantes-y-diminutos-port.jpg","keywords":["entrevista","gigantes y diminutos","Gustavo Redondo","m\u00fasica","m\u00fasico","vintage"],"articleSection":["Entrevistas"],"inLanguage":"es"},{"@type":"WebPage","@id":"https:\/\/www.cannabis.es\/pw\/2017\/06\/09\/gustavo-redondo-los-home-studios-son-un-arma-de-doble-filo\/","url":"https:\/\/www.cannabis.es\/pw\/2017\/06\/09\/gustavo-redondo-los-home-studios-son-un-arma-de-doble-filo\/","name":"Gustavo Redondo: \u201cLos 'Home Studio's' son un arma de doble filo\"","isPartOf":{"@id":"https:\/\/www.cannabis.es\/pw\/#website"},"primaryImageOfPage":{"@id":"https:\/\/www.cannabis.es\/pw\/2017\/06\/09\/gustavo-redondo-los-home-studios-son-un-arma-de-doble-filo\/#primaryimage"},"image":{"@id":"https:\/\/www.cannabis.es\/pw\/2017\/06\/09\/gustavo-redondo-los-home-studios-son-un-arma-de-doble-filo\/#primaryimage"},"thumbnailUrl":"https:\/\/www.cannabis.es\/pw\/wp-content\/uploads\/2020\/05\/gigantes-y-diminutos-port.jpg","datePublished":"2017-06-09T14:33:48+00:00","dateModified":"2020-05-20T14:35:42+00:00","description":"Entrada &#8226; Portal multimedia sobre cannabis y otras sustancias &#8226; 9 junio, 2017","breadcrumb":{"@id":"https:\/\/www.cannabis.es\/pw\/2017\/06\/09\/gustavo-redondo-los-home-studios-son-un-arma-de-doble-filo\/#breadcrumb"},"inLanguage":"es","potentialAction":[{"@type":"ReadAction","target":["https:\/\/www.cannabis.es\/pw\/2017\/06\/09\/gustavo-redondo-los-home-studios-son-un-arma-de-doble-filo\/"]}]},{"@type":"ImageObject","inLanguage":"es","@id":"https:\/\/www.cannabis.es\/pw\/2017\/06\/09\/gustavo-redondo-los-home-studios-son-un-arma-de-doble-filo\/#primaryimage","url":"https:\/\/www.cannabis.es\/pw\/wp-content\/uploads\/2020\/05\/gigantes-y-diminutos-port.jpg","contentUrl":"https:\/\/www.cannabis.es\/pw\/wp-content\/uploads\/2020\/05\/gigantes-y-diminutos-port.jpg","width":959,"height":475},{"@type":"BreadcrumbList","@id":"https:\/\/www.cannabis.es\/pw\/2017\/06\/09\/gustavo-redondo-los-home-studios-son-un-arma-de-doble-filo\/#breadcrumb","itemListElement":[{"@type":"ListItem","position":1,"name":"Portada","item":"http:\/\/www.cannabis.es\/pw\/"},{"@type":"ListItem","position":2,"name":"Gustavo Redondo: \u201cLos &#8216;Home Studio&#8217;s&#8217; son un arma de doble filo\u00bb"}]},{"@type":"WebSite","@id":"https:\/\/www.cannabis.es\/pw\/#website","url":"https:\/\/www.cannabis.es\/pw\/","name":"Cannabis","description":"Portal multimedia sobre cannabis y otras sustancias","publisher":{"@id":"https:\/\/www.cannabis.es\/pw\/#organization"},"potentialAction":[{"@type":"SearchAction","target":{"@type":"EntryPoint","urlTemplate":"https:\/\/www.cannabis.es\/pw\/?s={search_term_string}"},"query-input":{"@type":"PropertyValueSpecification","valueRequired":true,"valueName":"search_term_string"}}],"inLanguage":"es"},{"@type":"Organization","@id":"https:\/\/www.cannabis.es\/pw\/#organization","name":"Cannabis.es","url":"https:\/\/www.cannabis.es\/pw\/","logo":{"@type":"ImageObject","inLanguage":"es","@id":"https:\/\/www.cannabis.es\/pw\/#\/schema\/logo\/image\/","url":"https:\/\/www.cannabis.es\/pw\/wp-content\/uploads\/2019\/04\/cropped-logo_cannabis.png","contentUrl":"https:\/\/www.cannabis.es\/pw\/wp-content\/uploads\/2019\/04\/cropped-logo_cannabis.png","width":361,"height":120,"caption":"Cannabis.es"},"image":{"@id":"https:\/\/www.cannabis.es\/pw\/#\/schema\/logo\/image\/"},"sameAs":["https:\/\/x.com\/cannabis_es"]},{"@type":"Person","@id":"https:\/\/www.cannabis.es\/pw\/#\/schema\/person\/e2fbd204580cf4fe74c79b82bc447374","name":"Cannabis.es","image":{"@type":"ImageObject","inLanguage":"es","@id":"https:\/\/www.cannabis.es\/pw\/#\/schema\/person\/image\/","url":"https:\/\/secure.gravatar.com\/avatar\/4375b1eb6e272e2e48a4b8a8def52e5f208151f555bb5906da616906ee6dd2e8?s=96&d=mm&r=g","contentUrl":"https:\/\/secure.gravatar.com\/avatar\/4375b1eb6e272e2e48a4b8a8def52e5f208151f555bb5906da616906ee6dd2e8?s=96&d=mm&r=g","caption":"Cannabis.es"},"url":"https:\/\/www.cannabis.es\/pw\/author\/cannabis\/"}]}},"_links":{"self":[{"href":"https:\/\/www.cannabis.es\/pw\/wp-json\/wp\/v2\/posts\/2663","targetHints":{"allow":["GET"]}}],"collection":[{"href":"https:\/\/www.cannabis.es\/pw\/wp-json\/wp\/v2\/posts"}],"about":[{"href":"https:\/\/www.cannabis.es\/pw\/wp-json\/wp\/v2\/types\/post"}],"author":[{"embeddable":true,"href":"https:\/\/www.cannabis.es\/pw\/wp-json\/wp\/v2\/users\/1"}],"replies":[{"embeddable":true,"href":"https:\/\/www.cannabis.es\/pw\/wp-json\/wp\/v2\/comments?post=2663"}],"version-history":[{"count":1,"href":"https:\/\/www.cannabis.es\/pw\/wp-json\/wp\/v2\/posts\/2663\/revisions"}],"predecessor-version":[{"id":2665,"href":"https:\/\/www.cannabis.es\/pw\/wp-json\/wp\/v2\/posts\/2663\/revisions\/2665"}],"wp:featuredmedia":[{"embeddable":true,"href":"https:\/\/www.cannabis.es\/pw\/wp-json\/wp\/v2\/media\/2664"}],"wp:attachment":[{"href":"https:\/\/www.cannabis.es\/pw\/wp-json\/wp\/v2\/media?parent=2663"}],"wp:term":[{"taxonomy":"category","embeddable":true,"href":"https:\/\/www.cannabis.es\/pw\/wp-json\/wp\/v2\/categories?post=2663"},{"taxonomy":"post_tag","embeddable":true,"href":"https:\/\/www.cannabis.es\/pw\/wp-json\/wp\/v2\/tags?post=2663"}],"curies":[{"name":"wp","href":"https:\/\/api.w.org\/{rel}","templated":true}]}}