{"id":2678,"date":"2017-05-30T16:48:19","date_gmt":"2017-05-30T14:48:19","guid":{"rendered":"http:\/\/www.cannabis.es\/pw\/?p=2678"},"modified":"2020-06-03T20:27:37","modified_gmt":"2020-06-03T18:27:37","slug":"mani-fiesta-accion-2017","status":"publish","type":"post","link":"https:\/\/www.cannabis.es\/pw\/2017\/05\/30\/mani-fiesta-accion-2017\/","title":{"rendered":"\u00a1Mani Fiesta Acci\u00f3n 2017!"},"content":{"rendered":"\n<p>Por Benito D\u00edaz.<\/p>\n\n\n\n\n\n\n\n<p>El d\u00eda parece nublado. A final de mayo en Madrid, el bochorno de la jornada anterior deja paso a un ambiente m\u00e1s fresco que invita a acudir a la\u00a0<strong>concentraci\u00f3n reivindicativa organizada bajo el nombre de Manifiesta Acci\u00f3n<\/strong>. All\u00ed, en la mism\u00edsima\u00a0<strong>Puerta del Sol<\/strong>, se dar\u00e1n cita las protestas populares, propuestas pol\u00edticas, movimientos art\u00edsticos e industria que defienden la\u00a0<strong>regulaci\u00f3n integral<\/strong>\u00a0de la legislaci\u00f3n sobre consumo de\u00a0<strong>marihuana.<\/strong>\u00a0Una magn\u00edfica oportunidad de exponer las ideas de este movimiento sin renunciar a escuchar\u00a0<strong>buena m\u00fasica<\/strong>\u00a0de la mano de grandes nombres como\u00a0<strong>Swan Fyahbwoy, Zatu o Morodo.<\/strong><\/p>\n\n\n\n<hr class=\"wp-block-separator\"\/>\n\n\n\n<p>Busco la acreditaci\u00f3n de prensa al pie del&nbsp;<strong>Legalib\u00fas<\/strong>, tambi\u00e9n conocido como&nbsp;<strong>Legalb\u00fas, Regulab\u00fas, Autob\u00fas asesino o Cogollob\u00fas.<\/strong>&nbsp;Se trata del transporte de dos plantas que ha venido recorriendo&nbsp;<strong>las calles de Madrid con el eslogan<\/strong>&nbsp;de la concentraci\u00f3n, que envuelto en vinilo estampado con el cartel dise\u00f1ado por&nbsp;<strong>B-Sual.com<\/strong>, promociona el \u201c<strong>D\u00eda por una regulaci\u00f3n responsable<\/strong>\u201d.<\/p>\n\n\n\n<p>Encuentro a los primeros grupos de personas al pie del escenario, montado a la espalda de la salida de Metro de Calle Mayor. \u201cEstamos aqu\u00ed porque creemos que no hacemos da\u00f1o a nadie. Defendemos el&nbsp;<strong>derecho al autocultivo<\/strong>. Que no venga ning\u00fan vecino tocahuevos a llamar a la polic\u00eda por algo que haces dentro de tu propia casa.\u201d Enrique y Fran son personas comprometida con la causa, as\u00ed como las que nos rodean en ese momento. \u201cAdem\u00e1s vienen grupos muy buenos. Me gustan todos\u201d.<\/p>\n\n\n\n<figure class=\"wp-block-image\"><img decoding=\"async\" src=\"https:\/\/www.cannabis.es\/web\/images\/ManiFiestaAccion2017\/4D040C37DA2BEBE0E1F2AA0644F73B9FDA57FC172B7ABC6C92pimgpsh_fullsize_distr.jpg\" alt=\"4D040C37DA2BEBE0E1F2AA0644F73B9FDA57FC172B7ABC6C92pimgpsh fullsize distr\"\/><\/figure>\n\n\n\n<p><em>Enrique y Fran<\/em><\/p>\n\n\n\n<p>Tras hacer tiempo por el bullicioso centro y casi perder un diente en un local de comida r\u00e1pida, vuelvo para sumergirme de lleno en la concentraci\u00f3n. Las cinco menos diez y la plaza acoge ya unas&nbsp;<strong>2000 personas.<\/strong><\/p>\n\n\n\n<p>Comienza la fiesta. Sobre el escenario, las cabezas visibles de la organizaci\u00f3n del evento,&nbsp;<strong>Bernardo Soriano de S&amp;F Abogados y Pedro \u00c1lvaro Mora \u201cLoky\u201d<\/strong>, antiguo organizador de la \u201c<strong>Ganja time<\/strong>\u201d.&nbsp; Nos trasladan el mensaje que expone su manifiesto al respecto de la motivaci\u00f3n ideol\u00f3gica del evento: los&nbsp;<strong>cinco pilares del cannabis<\/strong>&nbsp;que ya expusimos&nbsp;<a href=\"https:\/\/www.cannabis.es\/web\/features\/actuaidad\/650-marcha-mundial-de-la-marihuana-en-madrid-2017\">en otro art\u00edculo<\/a>&nbsp;y que pueden volver a ser&nbsp;<a href=\"https:\/\/www.regulacionresponsable.es\/los-5-pilares-de-una-regulacion-integral-del-cannabis\/\">consultados aqu\u00ed<\/a>.&nbsp;<strong>Bernardo<\/strong>&nbsp;aborda la cuesti\u00f3n desde el punto de vista legislativo, un entorno que conoce bien y que ha avanzado notablemente a trav\u00e9s de peque\u00f1as conquistas en los tribunales. Adem\u00e1s, numerosas&nbsp;<strong>Proposiciones No de Ley<\/strong>, as\u00ed como&nbsp;<strong>Iniciativas Legislativas Populares<\/strong>, sobre todo a nivel auton\u00f3mico, han venido notando un incremento en los \u00faltimos a\u00f1os, siendo<strong>&nbsp;la PNL de Podemos Andaluc\u00eda para la regulaci\u00f3n del cannabis<\/strong>&nbsp;con fines medicinales y recreativos, el \u00faltimo paso. Desgraciadamente, fue rechazada.<\/p>\n\n\n\n<figure class=\"wp-block-image\"><img decoding=\"async\" src=\"https:\/\/www.cannabis.es\/web\/images\/ManiFiestaAccion2017\/78C0DA688EE336BB81D635BAA2AF0C3B92196FFEB69C5477FApimgpsh_fullsize_distr.jpg\" alt=\"78C0DA688EE336BB81D635BAA2AF0C3B92196FFEB69C5477FApimgpsh fullsize distr\"\/><\/figure>\n\n\n\n<p><em>Gordo Master<\/em><\/p>\n\n\n\n<p>Los artistas pasan a toda velocidad por el escenario.&nbsp;<strong>Unity Sound,&nbsp;<a href=\"https:\/\/www.cannabis.es\/web\/features\/entrevistas\/513-emeterians-somos-libres-de-grabar-cuando-y-con-quien-queramos\" target=\"_blank\" rel=\"noreferrer noopener\">Emeterians<\/a><\/strong>\u2026 Le llega el turno a&nbsp;<strong>Hard GZ<\/strong>, un artista que consigue hacer saltar al respetable por sus derechos de consumo. Charlamos con&nbsp;<strong>Hugo Madera<\/strong>, director de&nbsp;<strong>Soft Secrets<\/strong>, a su vez&nbsp;<strong>patrocinador y organizador<\/strong>&nbsp;del evento. \u201cSe trata de un evento pol\u00edtico. Es la primera vez que primeras figuras de los partidos mayoritarios dan la cara por la&nbsp;<strong>regularizaci\u00f3n integral del consumo de cannabis<\/strong>\u201d, nos explica entre bambalinas. El d\u00eda anterior, a bordo del&nbsp;<strong>Legalib\u00fas<\/strong>, hab\u00edamos dado una buena vuelta por Madrid mientras nos explicaba \u00e9ste y otros temas. \u201cAyer fuimos con el&nbsp;<strong>Legalib\u00fas a entregar nuestro manifiesto a los pol\u00edticos<\/strong>&nbsp;y a realizar actos de protesta frente a edificios emblem\u00e1ticos de la administraci\u00f3n: la&nbsp;<strong>Real Casa de la Moneda, los Juzgados de Plaza Castilla<\/strong>\u2026 Hemos conseguido que un mont\u00f3n de artistas se impliquen en la causa y participen de ella altruistamente, ya que aqu\u00ed nadie cobra\u2026 Queremos que la industria del cannabis, los clubes, los growshops, todos se sientan incluidos porque se trata de un colectivo que lleva much\u00edsimo tiempo peleando por nuestros derechos.\u201d Cuando le pregunto por qu\u00e9 la<strong>&nbsp;Marcha Mundial de la Marihuana de Madrid y la ManiFiesta Acci\u00f3n<\/strong>&nbsp;son dos eventos distintos, si en el fondo comparten todo por lo que luchan, se encoge de hombros. \u201cCreemos que es mejor tener dos eventos, as\u00ed hay m\u00e1s difusi\u00f3n. Pero si quieres que sea claro contigo, hay organizaciones como&nbsp;<strong>la FAC<\/strong>&nbsp;(Federaci\u00f3n de Asociaciones Cann\u00e1bicas) que no quieren que las marcas saquen sus logos en sus carteles. A\u00fan as\u00ed, respetamos el&nbsp; compromiso con el movimiento.\u201d&nbsp;<strong>Hugo<\/strong>&nbsp;sonr\u00ede bajo sus sempiternas gafas oscuras. \u201c\u00bfQu\u00e9 por qu\u00e9 los autobuses est\u00e1n ahora tan de moda? Bueno, nosotros empezamos a sacar autobuses con nuestras reivindicaciones ya el a\u00f1o pasado. Creo que esa pregunta se la deber\u00edas hacer a los que han empezado a imitarnos despu\u00e9s de eso.\u201d<\/p>\n\n\n\n<figure class=\"wp-block-image\"><img decoding=\"async\" src=\"https:\/\/www.cannabis.es\/web\/images\/ManiFiestaAccion2017\/74891AEF67AA7B8BE49EE72E6F3AD6660EA0B17325691B1D32pimgpsh_fullsize_distr.jpg\" alt=\"74891AEF67AA7B8BE49EE72E6F3AD6660EA0B17325691B1D32pimgpsh fullsize distr\"\/><\/figure>\n\n\n\n<p><em>Bernardo Soriano y Pedro \u00c1lvaro Mora aka Loki<\/em><\/p>\n\n\n\n<p>En el escenario comienzan los discursos. Se recuerda<strong>&nbsp;la lucha de Carola P\u00e9rez, Presidenta del Observatorio Espa\u00f1ol de Cannabis Medicinal<\/strong>&nbsp;y que se encuentra ausente debido su estado de salud.&nbsp;<strong>Otra ausencia es la del diputado del Partido Popular por Cantabria, Eduardo Van den Eynde<\/strong>, que env\u00eda un v\u00eddeo explicando sus motivos para apoyar esta protesta. El hecho de que Eduardo pertenezca a un partido pol\u00edtico de ideolog\u00eda tan conservadora y de herencia prohibicionista como el&nbsp;<strong>Partido Popular<\/strong>&nbsp;es algo que choca frontalmente contra la mayor\u00eda del p\u00fablico, que comienza a abuchear y a mostrar el dedo medio a la imagen del pol\u00edtico en la pantalla, algo que no deja de ser casi la&nbsp;<strong>marca de la casa del Gobierno&nbsp;<\/strong><strong>actual.<\/strong>&nbsp;<strong>Swan Fyahbwoy<\/strong>&nbsp;sale al escenario. Pide al p\u00fablico que escuche al orador en el escenario sin importar el color pol\u00edtico. Todos estamos por los mismos motivos y hay que respetar. Apoyar.<\/p>\n\n\n\n<p><strong>Zatu<\/strong>&nbsp;aparece en el backstage vestido de caki, sonriendo, con pa\u00f1uelo en la cabeza, gorra y gafas de sol. Parece que acabase de atravesar el desierto para venir hoy a&nbsp;<strong>cantar unas canciones por la regularizaci\u00f3n de la marihuana<\/strong>. Afuera, la concentraci\u00f3n de gente por metro cuadrado aumenta, el ambiente es dulce y pegajoso.<\/p>\n\n\n\n<figure class=\"wp-block-image\"><img decoding=\"async\" src=\"https:\/\/www.cannabis.es\/web\/images\/ManiFiestaAccion2017\/A1ECE4030C138DA8F6B6B9FFEBC7911A3D850D5F674D95711Dpimgpsh_fullsize_distr.jpg\" alt=\"A1ECE4030C138DA8F6B6B9FFEBC7911A3D850D5F674D95711Dpimgpsh fullsize distr\"\/><\/figure>\n\n\n\n<p><a href=\"https:\/\/www.cannabis.es\/web\/features\/entrevistas\/513-emeterians-somos-libres-de-grabar-cuando-y-con-quien-queramos\" target=\"_blank\" rel=\"noreferrer noopener\"><em>Emeterians<\/em><\/a><\/p>\n\n\n\n<p>Los oradores y oradoras se suceden:&nbsp;<strong>la&nbsp;<a href=\"https:\/\/www.cannabis.es\/web\/features\/entrevistas\/655-mujeres-cannabicas\" target=\"_blank\" rel=\"noreferrer noopener\">Red Estatal de Mujeres Antiprohibicionistas (REMA)<\/a><\/strong>&nbsp;que relacionan&nbsp;<strong>feminismo y marihuana<\/strong>&nbsp;y que gritan \u201c\u00bfOs hab\u00e9is visto? Somos miles, tienen que tenernos en cuenta y escuchar nuestras demandas\u201d.&nbsp;<strong>Ram\u00f3n Morcillo y Mincho<\/strong>, en representaci\u00f3n de la Iniciativa&nbsp;<strong>Tu Papel Cuenta<\/strong>,<strong>&nbsp;recogen firmas para lanzar una nueva ILP<\/strong>. Aqu\u00ed y all\u00e1, pancartas piden Libertad para Mar\u00eda. \u201cWeed\u201d se transforma en \u201cWe need\u201d en un cartel cambiante y artesano. Sube el&nbsp;<strong>C\u00edrculo Sectorial de Podemos Cann\u00e1bico, sube Moreno Yag\u00fce @hacktivista por Podemos Andaluc\u00eda<\/strong>. Suben&nbsp;<strong>diputados y diputadas de Ahora Madrid, sube \u00c1lvaro lavandera de PSOE Canarias, sube Noem\u00ed de la Calle por Ciudadanos Catalu\u00f1a<\/strong>\u2026 As\u00ed logran en&nbsp;<strong>Manifiesta Acci\u00f3n su jornada pol\u00edtica hist\u00f3rica.<\/strong>&nbsp;La gente escucha. Parece que en esta comunidad hay m\u00e1s respeto que el que la&nbsp;<strong>Administraci\u00f3n<\/strong>&nbsp;les tiene reservado.<\/p>\n\n\n\n<p>Esta multitud que debe ajustar a estas horas m\u00e1s de 4000 almas y que abarrota la Puerta del Sol, no quiere m\u00e1s registros aleatorios, no quiere m\u00e1s cacheos indiscriminados. No quiere m\u00e1s multas por consumo propio. No m\u00e1s criminalizaci\u00f3n. Miembros activos en las redes, miembros&nbsp;<a href=\"https:\/\/twitter.com\/ucann2017?lang=es\">de la UCANN<\/a>,&nbsp;<strong>registran con sus m\u00f3viles el espect\u00e1culo desde el Legalib\u00fas<\/strong>.&nbsp;<strong>Gordo M\u00e1ster<\/strong>&nbsp;ocupa el escenario con su m\u00fasica y su voz. \u201cHemos venido un mont\u00f3n de artistas para decirlo bien alto: por fumarnos un porro no somos asesinos. Estamos cansados de que se nos criminalice por echarnos un canuto. Que hay algunas personas que creen que somos unos&nbsp;<strong>drogadictos<\/strong>, que fumarse un mai es como meterse siete bucos\u201d afirma en tono burl\u00f3n.<\/p>\n\n\n\n<figure class=\"wp-block-image\"><img decoding=\"async\" src=\"https:\/\/www.cannabis.es\/web\/images\/ManiFiestaAccion2017\/1A725E9C0073C073E3F77CAEDD80194A68F13BA954D59149B1pimgpsh_fullsize_distr.jpg\" alt=\"1A725E9C0073C073E3F77CAEDD80194A68F13BA954D59149B1pimgpsh fullsize distr\"\/><\/figure>\n\n\n\n<p><em>Antorcha<\/em><\/p>\n\n\n\n<p><strong>Charity Sound, Ikki, Darmo, Nafri<\/strong>&nbsp;junto con&nbsp;<strong>Lion Sitt\u00e8<\/strong>&nbsp;llenan el aire con ritmos jamaicanos y temas rap. Llega el turno de<strong>&nbsp;Swan Fyahbwoy<\/strong>&nbsp;\u201cEl chico del Fuego\u201d que acaba de cantarse dos temas con&nbsp;<strong>Nafamacho<\/strong>. \u201cUn d\u00eda miraremos atr\u00e1s y diremos, t\u00edo \u00bfte acuerdas cuando multaban por fumar? Y nos partiremos de risa\u201d dice Swan antes de lanzar su tema \u201c<strong>Fuma Weed<\/strong>\u201d.&nbsp; La gente salta, grita, disfruta a tope de los conciertos. La polic\u00eda, cuya presencia hacia el final ha aumentado de una a cuatro dotaciones, estima una asistencia de 4.000 o 5.000 personas.<\/p>\n\n\n\n<p>Cierra el tiempo de los conciertos y marca el fin de fiesta un apote\u00f3sico&nbsp;<strong>Morodo<\/strong>, absolutamente entregado a sus fans incondicionales. L\u00e1stima que no haya habido tiempo para sacar a los&nbsp;<strong>Zombie Kids o al carism\u00e1tico Costa<\/strong>. Tanto esfuerzo organizativo ha dado como resultado una fiesta fant\u00e1stica, reivindicativa, pol\u00edtica, musical, fresca y fragante.<\/p>\n\n\n\n<p>Me despido de<strong>&nbsp;Iv\u00e1n, de Chechu, de Marcial,<\/strong>&nbsp;de los compa\u00f1eros y compa\u00f1eras de prensa.<strong>&nbsp;Hugo me comenta que van a realizar una acci\u00f3n de protesta en Twitter el 6 de junio<\/strong>&nbsp;y hace un llamamiento a la participaci\u00f3n masiva para copar los&nbsp;<strong>Trending Topic<\/strong>&nbsp;del d\u00eda. Estaremos atentos a las<strong>&nbsp;redes sociales, porque esperan una \u201crespuesta importante\u201d<\/strong>.<\/p>\n\n\n\n<figure class=\"wp-block-image\"><img decoding=\"async\" src=\"https:\/\/www.cannabis.es\/web\/images\/ManiFiestaAccion2017\/CD4E0A291CB28CF5FF5974FA188D1F75FB372F0D86E19CCF3Bpimgpsh_fullsize_distr.jpg\" alt=\"CD4E0A291CB28CF5FF5974FA188D1F75FB372F0D86E19CCF3Bpimgpsh fullsize distr\"\/><\/figure>\n\n\n\n<p><em>Lion Sitt\u00e9 y Nafri<\/em><\/p>\n\n\n\n<p>Aunque puede que \u00e9sta sea una ocasi\u00f3n \u00fanica, ya que es posible que no vuelva a celebrarse. Resuenan en mi cabeza las palabras de esos muchachos y muchachas que estaban ya en primera fila a las dos de la tarde. Dec\u00edan que ellos esperan que \u201c<strong>Se siga haciendo la ManiFiesta Acci\u00f3n todos los a\u00f1os. Hasta que la legalicen\u201d<\/strong>. Sonre\u00edan.&nbsp; Parece que el mensaje ha sido entregado. Por mi parte, me disuelvo pac\u00edficamente entre la multitud del&nbsp;<strong>centro de Madrid<\/strong>, como el humo en el aire de esta nubosa tarde de mayo.<\/p>\n","protected":false},"excerpt":{"rendered":"<span class=\"span-reading-time rt-reading-time\" style=\"display: block;\"><span class=\"rt-label rt-prefix\">Tiempo de lectura:<\/span> <span class=\"rt-time\"> 5<\/span> <span class=\"rt-label rt-postfix\">minutos<\/span><\/span>Por Benito D\u00edaz. El d\u00eda parece nublado. A final de mayo en Madrid, el bochorno de la jornada anterior deja paso a un ambiente m\u00e1s fresco que invita a acudir a la\u00a0concentraci\u00f3n reivindicativa organizada bajo el nombre de Manifiesta Acci\u00f3n. All\u00ed, en la mism\u00edsima\u00a0Puerta del Sol, se dar\u00e1n cita las protestas populares, propuestas pol\u00edticas, movimientos [&hellip;]","protected":false},"author":1,"featured_media":2679,"comment_status":"closed","ping_status":"closed","sticky":false,"template":"","format":"standard","meta":{"loftocean-featured-post":"","loftocean_post_format_gallery":"","loftocean_post_format_gallery_ids":"","loftocean_post_format_gallery_urls":"","loftocean_post_format_video_id":"","loftocean_post_format_video_url":"","loftocean_post_format_video_type":"","loftocean_post_format_video":"","loftocean_post_format_audio_type":"","loftocean_post_format_audio_url":"","loftocean_post_format_audio_id":"","loftocean_post_format_audio":"","loftocean_post_format_quote_text":"","loftocean_post_format_quote_byline":"","loftocean_post_format_link_text":"","loftocean_post_format_link_url":"","ceramag_post_header_style":"","ceramag_enable_background_video":"","ceramag_show_in_top_slider":"","ceramag_post_background_video_start":"","ceramag_post_background_video_end":"","loftocean_page_background_video_id":"","loftocean_page_background_video_url":"","loftocean_page_background_video_type":"","loftocean_page_background_video":"","ceramag_background_video_start":"","ceramag_background_video_end":"","ceramag_single_page_hide_header":"","footnotes":""},"categories":[34],"tags":[41,52,1284,1285,574,1286,1287,1288,1270,56,850,1289,745,1290],"class_list":["post-2678","post","type-post","status-publish","format-standard","has-post-thumbnail","hentry","category-reportajes","tag-cannabis","tag-cannabis-medicinal","tag-dancehall","tag-fyahbwoylkki","tag-madrid","tag-manifiestaccion","tag-morodo","tag-puerta-del-sol","tag-reggae","tag-regulacion-cannabis","tag-regulacion-responsable","tag-sfdk","tag-siembra-el-cambio","tag-tu-papel-importa"],"yoast_head":"<!-- This site is optimized with the Yoast SEO plugin v24.9 - https:\/\/yoast.com\/wordpress\/plugins\/seo\/ -->\n<title>\u00a1Mani Fiesta Acci\u00f3n 2017!<\/title>\n<meta name=\"description\" content=\"Entrada &#8226; Portal multimedia sobre cannabis y otras sustancias &#8226; 30 mayo, 2017\" \/>\n<meta name=\"robots\" content=\"index, follow, max-snippet:-1, max-image-preview:large, max-video-preview:-1\" \/>\n<link rel=\"canonical\" href=\"https:\/\/www.cannabis.es\/pw\/2017\/05\/30\/mani-fiesta-accion-2017\/\" \/>\n<meta name=\"twitter:card\" content=\"summary_large_image\" \/>\n<meta name=\"twitter:title\" content=\"\u00a1Mani Fiesta Acci\u00f3n 2017!\" \/>\n<meta name=\"twitter:description\" content=\"Entrada &#8226; Portal multimedia sobre cannabis y otras sustancias &#8226; 30 mayo, 2017\" \/>\n<meta name=\"twitter:image\" content=\"https:\/\/www.cannabis.es\/pw\/wp-content\/uploads\/2020\/05\/portada_mani.jpg\" \/>\n<meta name=\"twitter:creator\" content=\"@cannabis_es\" \/>\n<meta name=\"twitter:site\" content=\"@cannabis_es\" \/>\n<meta name=\"twitter:label1\" content=\"Escrito por\" \/>\n\t<meta name=\"twitter:data1\" content=\"Cannabis.es\" \/>\n\t<meta name=\"twitter:label2\" content=\"Tiempo de lectura\" \/>\n\t<meta name=\"twitter:data2\" content=\"9 minutos\" \/>\n<script type=\"application\/ld+json\" class=\"yoast-schema-graph\">{\"@context\":\"https:\/\/schema.org\",\"@graph\":[{\"@type\":\"Article\",\"@id\":\"https:\/\/www.cannabis.es\/pw\/2017\/05\/30\/mani-fiesta-accion-2017\/#article\",\"isPartOf\":{\"@id\":\"https:\/\/www.cannabis.es\/pw\/2017\/05\/30\/mani-fiesta-accion-2017\/\"},\"author\":{\"name\":\"Cannabis.es\",\"@id\":\"https:\/\/www.cannabis.es\/pw\/#\/schema\/person\/e2fbd204580cf4fe74c79b82bc447374\"},\"headline\":\"\u00a1Mani Fiesta Acci\u00f3n 2017!\",\"datePublished\":\"2017-05-30T14:48:19+00:00\",\"dateModified\":\"2020-06-03T18:27:37+00:00\",\"mainEntityOfPage\":{\"@id\":\"https:\/\/www.cannabis.es\/pw\/2017\/05\/30\/mani-fiesta-accion-2017\/\"},\"wordCount\":1730,\"publisher\":{\"@id\":\"https:\/\/www.cannabis.es\/pw\/#organization\"},\"image\":{\"@id\":\"https:\/\/www.cannabis.es\/pw\/2017\/05\/30\/mani-fiesta-accion-2017\/#primaryimage\"},\"thumbnailUrl\":\"https:\/\/www.cannabis.es\/pw\/wp-content\/uploads\/2020\/05\/portada_mani.jpg\",\"keywords\":[\"cannabis\",\"cannabis medicinal\",\"Dancehall\",\"Fyahbwoylkki\",\"Madrid\",\"Manifiestacci\u00f3n\",\"Morodo\",\"Puerta del sol\",\"reggae\",\"regulaci\u00f3n cannabis\",\"Regulaci\u00f3n Responsable\",\"SFDK\",\"siembra el cambio\",\"tu papel importa\"],\"articleSection\":[\"Reportajes\"],\"inLanguage\":\"es\"},{\"@type\":\"WebPage\",\"@id\":\"https:\/\/www.cannabis.es\/pw\/2017\/05\/30\/mani-fiesta-accion-2017\/\",\"url\":\"https:\/\/www.cannabis.es\/pw\/2017\/05\/30\/mani-fiesta-accion-2017\/\",\"name\":\"\u00a1Mani Fiesta Acci\u00f3n 2017!\",\"isPartOf\":{\"@id\":\"https:\/\/www.cannabis.es\/pw\/#website\"},\"primaryImageOfPage\":{\"@id\":\"https:\/\/www.cannabis.es\/pw\/2017\/05\/30\/mani-fiesta-accion-2017\/#primaryimage\"},\"image\":{\"@id\":\"https:\/\/www.cannabis.es\/pw\/2017\/05\/30\/mani-fiesta-accion-2017\/#primaryimage\"},\"thumbnailUrl\":\"https:\/\/www.cannabis.es\/pw\/wp-content\/uploads\/2020\/05\/portada_mani.jpg\",\"datePublished\":\"2017-05-30T14:48:19+00:00\",\"dateModified\":\"2020-06-03T18:27:37+00:00\",\"description\":\"Entrada &#8226; Portal multimedia sobre cannabis y otras sustancias &#8226; 30 mayo, 2017\",\"breadcrumb\":{\"@id\":\"https:\/\/www.cannabis.es\/pw\/2017\/05\/30\/mani-fiesta-accion-2017\/#breadcrumb\"},\"inLanguage\":\"es\",\"potentialAction\":[{\"@type\":\"ReadAction\",\"target\":[\"https:\/\/www.cannabis.es\/pw\/2017\/05\/30\/mani-fiesta-accion-2017\/\"]}]},{\"@type\":\"ImageObject\",\"inLanguage\":\"es\",\"@id\":\"https:\/\/www.cannabis.es\/pw\/2017\/05\/30\/mani-fiesta-accion-2017\/#primaryimage\",\"url\":\"https:\/\/www.cannabis.es\/pw\/wp-content\/uploads\/2020\/05\/portada_mani.jpg\",\"contentUrl\":\"https:\/\/www.cannabis.es\/pw\/wp-content\/uploads\/2020\/05\/portada_mani.jpg\",\"width\":959,\"height\":475},{\"@type\":\"BreadcrumbList\",\"@id\":\"https:\/\/www.cannabis.es\/pw\/2017\/05\/30\/mani-fiesta-accion-2017\/#breadcrumb\",\"itemListElement\":[{\"@type\":\"ListItem\",\"position\":1,\"name\":\"Portada\",\"item\":\"http:\/\/www.cannabis.es\/pw\/\"},{\"@type\":\"ListItem\",\"position\":2,\"name\":\"\u00a1Mani Fiesta Acci\u00f3n 2017!\"}]},{\"@type\":\"WebSite\",\"@id\":\"https:\/\/www.cannabis.es\/pw\/#website\",\"url\":\"https:\/\/www.cannabis.es\/pw\/\",\"name\":\"Cannabis\",\"description\":\"Portal multimedia sobre cannabis y otras sustancias\",\"publisher\":{\"@id\":\"https:\/\/www.cannabis.es\/pw\/#organization\"},\"potentialAction\":[{\"@type\":\"SearchAction\",\"target\":{\"@type\":\"EntryPoint\",\"urlTemplate\":\"https:\/\/www.cannabis.es\/pw\/?s={search_term_string}\"},\"query-input\":{\"@type\":\"PropertyValueSpecification\",\"valueRequired\":true,\"valueName\":\"search_term_string\"}}],\"inLanguage\":\"es\"},{\"@type\":\"Organization\",\"@id\":\"https:\/\/www.cannabis.es\/pw\/#organization\",\"name\":\"Cannabis.es\",\"url\":\"https:\/\/www.cannabis.es\/pw\/\",\"logo\":{\"@type\":\"ImageObject\",\"inLanguage\":\"es\",\"@id\":\"https:\/\/www.cannabis.es\/pw\/#\/schema\/logo\/image\/\",\"url\":\"https:\/\/www.cannabis.es\/pw\/wp-content\/uploads\/2019\/04\/cropped-logo_cannabis.png\",\"contentUrl\":\"https:\/\/www.cannabis.es\/pw\/wp-content\/uploads\/2019\/04\/cropped-logo_cannabis.png\",\"width\":361,\"height\":120,\"caption\":\"Cannabis.es\"},\"image\":{\"@id\":\"https:\/\/www.cannabis.es\/pw\/#\/schema\/logo\/image\/\"},\"sameAs\":[\"https:\/\/x.com\/cannabis_es\"]},{\"@type\":\"Person\",\"@id\":\"https:\/\/www.cannabis.es\/pw\/#\/schema\/person\/e2fbd204580cf4fe74c79b82bc447374\",\"name\":\"Cannabis.es\",\"image\":{\"@type\":\"ImageObject\",\"inLanguage\":\"es\",\"@id\":\"https:\/\/www.cannabis.es\/pw\/#\/schema\/person\/image\/\",\"url\":\"https:\/\/secure.gravatar.com\/avatar\/4375b1eb6e272e2e48a4b8a8def52e5f208151f555bb5906da616906ee6dd2e8?s=96&d=mm&r=g\",\"contentUrl\":\"https:\/\/secure.gravatar.com\/avatar\/4375b1eb6e272e2e48a4b8a8def52e5f208151f555bb5906da616906ee6dd2e8?s=96&d=mm&r=g\",\"caption\":\"Cannabis.es\"},\"url\":\"https:\/\/www.cannabis.es\/pw\/author\/cannabis\/\"}]}<\/script>\n<!-- \/ Yoast SEO plugin. -->","yoast_head_json":{"title":"\u00a1Mani Fiesta Acci\u00f3n 2017!","description":"Entrada &#8226; Portal multimedia sobre cannabis y otras sustancias &#8226; 30 mayo, 2017","robots":{"index":"index","follow":"follow","max-snippet":"max-snippet:-1","max-image-preview":"max-image-preview:large","max-video-preview":"max-video-preview:-1"},"canonical":"https:\/\/www.cannabis.es\/pw\/2017\/05\/30\/mani-fiesta-accion-2017\/","twitter_card":"summary_large_image","twitter_title":"\u00a1Mani Fiesta Acci\u00f3n 2017!","twitter_description":"Entrada &#8226; Portal multimedia sobre cannabis y otras sustancias &#8226; 30 mayo, 2017","twitter_image":"https:\/\/www.cannabis.es\/pw\/wp-content\/uploads\/2020\/05\/portada_mani.jpg","twitter_creator":"@cannabis_es","twitter_site":"@cannabis_es","twitter_misc":{"Escrito por":"Cannabis.es","Tiempo de lectura":"9 minutos"},"schema":{"@context":"https:\/\/schema.org","@graph":[{"@type":"Article","@id":"https:\/\/www.cannabis.es\/pw\/2017\/05\/30\/mani-fiesta-accion-2017\/#article","isPartOf":{"@id":"https:\/\/www.cannabis.es\/pw\/2017\/05\/30\/mani-fiesta-accion-2017\/"},"author":{"name":"Cannabis.es","@id":"https:\/\/www.cannabis.es\/pw\/#\/schema\/person\/e2fbd204580cf4fe74c79b82bc447374"},"headline":"\u00a1Mani Fiesta Acci\u00f3n 2017!","datePublished":"2017-05-30T14:48:19+00:00","dateModified":"2020-06-03T18:27:37+00:00","mainEntityOfPage":{"@id":"https:\/\/www.cannabis.es\/pw\/2017\/05\/30\/mani-fiesta-accion-2017\/"},"wordCount":1730,"publisher":{"@id":"https:\/\/www.cannabis.es\/pw\/#organization"},"image":{"@id":"https:\/\/www.cannabis.es\/pw\/2017\/05\/30\/mani-fiesta-accion-2017\/#primaryimage"},"thumbnailUrl":"https:\/\/www.cannabis.es\/pw\/wp-content\/uploads\/2020\/05\/portada_mani.jpg","keywords":["cannabis","cannabis medicinal","Dancehall","Fyahbwoylkki","Madrid","Manifiestacci\u00f3n","Morodo","Puerta del sol","reggae","regulaci\u00f3n cannabis","Regulaci\u00f3n Responsable","SFDK","siembra el cambio","tu papel importa"],"articleSection":["Reportajes"],"inLanguage":"es"},{"@type":"WebPage","@id":"https:\/\/www.cannabis.es\/pw\/2017\/05\/30\/mani-fiesta-accion-2017\/","url":"https:\/\/www.cannabis.es\/pw\/2017\/05\/30\/mani-fiesta-accion-2017\/","name":"\u00a1Mani Fiesta Acci\u00f3n 2017!","isPartOf":{"@id":"https:\/\/www.cannabis.es\/pw\/#website"},"primaryImageOfPage":{"@id":"https:\/\/www.cannabis.es\/pw\/2017\/05\/30\/mani-fiesta-accion-2017\/#primaryimage"},"image":{"@id":"https:\/\/www.cannabis.es\/pw\/2017\/05\/30\/mani-fiesta-accion-2017\/#primaryimage"},"thumbnailUrl":"https:\/\/www.cannabis.es\/pw\/wp-content\/uploads\/2020\/05\/portada_mani.jpg","datePublished":"2017-05-30T14:48:19+00:00","dateModified":"2020-06-03T18:27:37+00:00","description":"Entrada &#8226; Portal multimedia sobre cannabis y otras sustancias &#8226; 30 mayo, 2017","breadcrumb":{"@id":"https:\/\/www.cannabis.es\/pw\/2017\/05\/30\/mani-fiesta-accion-2017\/#breadcrumb"},"inLanguage":"es","potentialAction":[{"@type":"ReadAction","target":["https:\/\/www.cannabis.es\/pw\/2017\/05\/30\/mani-fiesta-accion-2017\/"]}]},{"@type":"ImageObject","inLanguage":"es","@id":"https:\/\/www.cannabis.es\/pw\/2017\/05\/30\/mani-fiesta-accion-2017\/#primaryimage","url":"https:\/\/www.cannabis.es\/pw\/wp-content\/uploads\/2020\/05\/portada_mani.jpg","contentUrl":"https:\/\/www.cannabis.es\/pw\/wp-content\/uploads\/2020\/05\/portada_mani.jpg","width":959,"height":475},{"@type":"BreadcrumbList","@id":"https:\/\/www.cannabis.es\/pw\/2017\/05\/30\/mani-fiesta-accion-2017\/#breadcrumb","itemListElement":[{"@type":"ListItem","position":1,"name":"Portada","item":"http:\/\/www.cannabis.es\/pw\/"},{"@type":"ListItem","position":2,"name":"\u00a1Mani Fiesta Acci\u00f3n 2017!"}]},{"@type":"WebSite","@id":"https:\/\/www.cannabis.es\/pw\/#website","url":"https:\/\/www.cannabis.es\/pw\/","name":"Cannabis","description":"Portal multimedia sobre cannabis y otras sustancias","publisher":{"@id":"https:\/\/www.cannabis.es\/pw\/#organization"},"potentialAction":[{"@type":"SearchAction","target":{"@type":"EntryPoint","urlTemplate":"https:\/\/www.cannabis.es\/pw\/?s={search_term_string}"},"query-input":{"@type":"PropertyValueSpecification","valueRequired":true,"valueName":"search_term_string"}}],"inLanguage":"es"},{"@type":"Organization","@id":"https:\/\/www.cannabis.es\/pw\/#organization","name":"Cannabis.es","url":"https:\/\/www.cannabis.es\/pw\/","logo":{"@type":"ImageObject","inLanguage":"es","@id":"https:\/\/www.cannabis.es\/pw\/#\/schema\/logo\/image\/","url":"https:\/\/www.cannabis.es\/pw\/wp-content\/uploads\/2019\/04\/cropped-logo_cannabis.png","contentUrl":"https:\/\/www.cannabis.es\/pw\/wp-content\/uploads\/2019\/04\/cropped-logo_cannabis.png","width":361,"height":120,"caption":"Cannabis.es"},"image":{"@id":"https:\/\/www.cannabis.es\/pw\/#\/schema\/logo\/image\/"},"sameAs":["https:\/\/x.com\/cannabis_es"]},{"@type":"Person","@id":"https:\/\/www.cannabis.es\/pw\/#\/schema\/person\/e2fbd204580cf4fe74c79b82bc447374","name":"Cannabis.es","image":{"@type":"ImageObject","inLanguage":"es","@id":"https:\/\/www.cannabis.es\/pw\/#\/schema\/person\/image\/","url":"https:\/\/secure.gravatar.com\/avatar\/4375b1eb6e272e2e48a4b8a8def52e5f208151f555bb5906da616906ee6dd2e8?s=96&d=mm&r=g","contentUrl":"https:\/\/secure.gravatar.com\/avatar\/4375b1eb6e272e2e48a4b8a8def52e5f208151f555bb5906da616906ee6dd2e8?s=96&d=mm&r=g","caption":"Cannabis.es"},"url":"https:\/\/www.cannabis.es\/pw\/author\/cannabis\/"}]}},"_links":{"self":[{"href":"https:\/\/www.cannabis.es\/pw\/wp-json\/wp\/v2\/posts\/2678","targetHints":{"allow":["GET"]}}],"collection":[{"href":"https:\/\/www.cannabis.es\/pw\/wp-json\/wp\/v2\/posts"}],"about":[{"href":"https:\/\/www.cannabis.es\/pw\/wp-json\/wp\/v2\/types\/post"}],"author":[{"embeddable":true,"href":"https:\/\/www.cannabis.es\/pw\/wp-json\/wp\/v2\/users\/1"}],"replies":[{"embeddable":true,"href":"https:\/\/www.cannabis.es\/pw\/wp-json\/wp\/v2\/comments?post=2678"}],"version-history":[{"count":2,"href":"https:\/\/www.cannabis.es\/pw\/wp-json\/wp\/v2\/posts\/2678\/revisions"}],"predecessor-version":[{"id":5044,"href":"https:\/\/www.cannabis.es\/pw\/wp-json\/wp\/v2\/posts\/2678\/revisions\/5044"}],"wp:featuredmedia":[{"embeddable":true,"href":"https:\/\/www.cannabis.es\/pw\/wp-json\/wp\/v2\/media\/2679"}],"wp:attachment":[{"href":"https:\/\/www.cannabis.es\/pw\/wp-json\/wp\/v2\/media?parent=2678"}],"wp:term":[{"taxonomy":"category","embeddable":true,"href":"https:\/\/www.cannabis.es\/pw\/wp-json\/wp\/v2\/categories?post=2678"},{"taxonomy":"post_tag","embeddable":true,"href":"https:\/\/www.cannabis.es\/pw\/wp-json\/wp\/v2\/tags?post=2678"}],"curies":[{"name":"wp","href":"https:\/\/api.w.org\/{rel}","templated":true}]}}