{"id":2681,"date":"2017-05-29T16:51:52","date_gmt":"2017-05-29T14:51:52","guid":{"rendered":"http:\/\/www.cannabis.es\/pw\/?p=2681"},"modified":"2020-05-20T16:54:18","modified_gmt":"2020-05-20T14:54:18","slug":"manifiestaaccion-por-la-regulacion-responsable","status":"publish","type":"post","link":"https:\/\/www.cannabis.es\/pw\/2017\/05\/29\/manifiestaaccion-por-la-regulacion-responsable\/","title":{"rendered":"ManiFiestaAcci\u00f3n por la Regulaci\u00f3n Responsable"},"content":{"rendered":"\n<p>La esperada gran&nbsp;<strong>ManiFiestaAcci\u00f3n<\/strong>&nbsp;tuvo lugar ayer&nbsp;en&nbsp;<strong>Sol<\/strong>. Un evento \u00fanico, un domingo por la<a href=\"https:\/\/www.regulacionresponsable.es\/los-5-pilares-de-una-regulacion-integral-del-cannabis\/\" target=\"_blank\" rel=\"noreferrer noopener\">&nbsp;<strong>Regulaci\u00f3n Responsable del cannabis y sus cinco pilares<\/strong><\/a>., porque la sociedad civil, los pol\u00edticos, los creadores de cultura, est\u00e1n pidiendo una&nbsp;<strong>regulaci\u00f3n integral del cannabis<\/strong>, en l\u00ednea con los cambios legislativos en numerosos pa\u00edses.<\/p>\n\n\n\n<hr class=\"wp-block-separator\"\/>\n\n\n\n<p>En la la gran Fiesta, que tuvo mucha acogida,&nbsp;<strong>se defendi\u00f3&nbsp;la tenencia, uso y autocultivo de cannabis<\/strong>, con referencias a los ep\u00edgrafes de las growshops, los bancos de semillas, el drogotest, el autocultivo medicinal y otras reivindicaciones cl\u00e1sicas de la comunidad de usuarios y<strong>&nbsp;cultivadores<\/strong>. Durante la jornada de ayer tambi\u00e9n se realiz\u00f3 en redes sociales una campa\u00f1a para apoyar este acto y su comunicado, mediante&nbsp;<strong>Hashtag #MANIFIESTASOL.<\/strong><\/p>\n","protected":false},"excerpt":{"rendered":"<span class=\"span-reading-time rt-reading-time\" style=\"display: block;\"><span class=\"rt-label rt-prefix\">Tiempo de lectura:<\/span> <span class=\"rt-time\"> &lt; 1<\/span> <span class=\"rt-label rt-postfix\">minuto<\/span><\/span>La esperada gran&nbsp;ManiFiestaAcci\u00f3n&nbsp;tuvo lugar ayer&nbsp;en&nbsp;Sol. Un evento \u00fanico, un domingo por la&nbsp;Regulaci\u00f3n Responsable del cannabis y sus cinco pilares., porque la sociedad civil, los pol\u00edticos, los creadores de cultura, est\u00e1n pidiendo una&nbsp;regulaci\u00f3n integral del cannabis, en l\u00ednea con los cambios legislativos en numerosos pa\u00edses. En la la gran Fiesta, que tuvo mucha acogida,&nbsp;se defendi\u00f3&nbsp;la tenencia, [&hellip;]","protected":false},"author":1,"featured_media":2682,"comment_status":"closed","ping_status":"closed","sticky":false,"template":"","format":"standard","meta":{"loftocean-featured-post":"","loftocean_post_format_gallery":"","loftocean_post_format_gallery_ids":"","loftocean_post_format_gallery_urls":"","loftocean_post_format_video_id":"","loftocean_post_format_video_url":"","loftocean_post_format_video_type":"","loftocean_post_format_video":"","loftocean_post_format_audio_type":"","loftocean_post_format_audio_url":"","loftocean_post_format_audio_id":"","loftocean_post_format_audio":"","loftocean_post_format_quote_text":"","loftocean_post_format_quote_byline":"","loftocean_post_format_link_text":"","loftocean_post_format_link_url":"","ceramag_post_header_style":"","ceramag_enable_background_video":"","ceramag_show_in_top_slider":"","ceramag_post_background_video_start":"","ceramag_post_background_video_end":"","loftocean_page_background_video_id":"","loftocean_page_background_video_url":"","loftocean_page_background_video_type":"","loftocean_page_background_video":"","ceramag_background_video_start":"","ceramag_background_video_end":"","ceramag_single_page_hide_header":"","footnotes":""},"categories":[35],"tags":[41,52,1284,1285,574,1286,1287,1288,1270,850],"class_list":["post-2681","post","type-post","status-publish","format-standard","has-post-thumbnail","hentry","category-politica-y-sociedad","tag-cannabis","tag-cannabis-medicinal","tag-dancehall","tag-fyahbwoylkki","tag-madrid","tag-manifiestaccion","tag-morodo","tag-puerta-del-sol","tag-reggae","tag-regulacion-responsable"],"yoast_head":"<!-- This site is optimized with the Yoast SEO plugin v24.9 - https:\/\/yoast.com\/wordpress\/plugins\/seo\/ -->\n<title>ManiFiestaAcci\u00f3n por la Regulaci\u00f3n Responsable<\/title>\n<meta name=\"description\" content=\"Entrada &#8226; Portal multimedia sobre cannabis y otras sustancias &#8226; 29 mayo, 2017\" \/>\n<meta name=\"robots\" content=\"index, follow, max-snippet:-1, max-image-preview:large, max-video-preview:-1\" \/>\n<link rel=\"canonical\" href=\"https:\/\/www.cannabis.es\/pw\/2017\/05\/29\/manifiestaaccion-por-la-regulacion-responsable\/\" \/>\n<meta name=\"twitter:card\" content=\"summary_large_image\" \/>\n<meta name=\"twitter:title\" content=\"ManiFiestaAcci\u00f3n por la Regulaci\u00f3n Responsable\" \/>\n<meta name=\"twitter:description\" content=\"Entrada &#8226; Portal multimedia sobre cannabis y otras sustancias &#8226; 29 mayo, 2017\" \/>\n<meta name=\"twitter:image\" content=\"https:\/\/www.cannabis.es\/pw\/wp-content\/uploads\/2020\/05\/manifiestraaccion.jpg\" \/>\n<meta name=\"twitter:creator\" content=\"@cannabis_es\" \/>\n<meta name=\"twitter:site\" content=\"@cannabis_es\" \/>\n<meta name=\"twitter:label1\" content=\"Escrito por\" \/>\n\t<meta name=\"twitter:data1\" content=\"Cannabis.es\" \/>\n\t<meta name=\"twitter:label2\" content=\"Tiempo de lectura\" \/>\n\t<meta name=\"twitter:data2\" content=\"1 minuto\" \/>\n<script type=\"application\/ld+json\" class=\"yoast-schema-graph\">{\"@context\":\"https:\/\/schema.org\",\"@graph\":[{\"@type\":\"Article\",\"@id\":\"https:\/\/www.cannabis.es\/pw\/2017\/05\/29\/manifiestaaccion-por-la-regulacion-responsable\/#article\",\"isPartOf\":{\"@id\":\"https:\/\/www.cannabis.es\/pw\/2017\/05\/29\/manifiestaaccion-por-la-regulacion-responsable\/\"},\"author\":{\"name\":\"Cannabis.es\",\"@id\":\"https:\/\/www.cannabis.es\/pw\/#\/schema\/person\/e2fbd204580cf4fe74c79b82bc447374\"},\"headline\":\"ManiFiestaAcci\u00f3n por la Regulaci\u00f3n Responsable\",\"datePublished\":\"2017-05-29T14:51:52+00:00\",\"dateModified\":\"2020-05-20T14:54:18+00:00\",\"mainEntityOfPage\":{\"@id\":\"https:\/\/www.cannabis.es\/pw\/2017\/05\/29\/manifiestaaccion-por-la-regulacion-responsable\/\"},\"wordCount\":147,\"publisher\":{\"@id\":\"https:\/\/www.cannabis.es\/pw\/#organization\"},\"image\":{\"@id\":\"https:\/\/www.cannabis.es\/pw\/2017\/05\/29\/manifiestaaccion-por-la-regulacion-responsable\/#primaryimage\"},\"thumbnailUrl\":\"https:\/\/www.cannabis.es\/pw\/wp-content\/uploads\/2020\/05\/manifiestraaccion.jpg\",\"keywords\":[\"cannabis\",\"cannabis medicinal\",\"Dancehall\",\"Fyahbwoylkki\",\"Madrid\",\"Manifiestacci\u00f3n\",\"Morodo\",\"Puerta del sol\",\"reggae\",\"Regulaci\u00f3n Responsable\"],\"articleSection\":[\"Pol\u00edtica y Sociedad\"],\"inLanguage\":\"es\"},{\"@type\":\"WebPage\",\"@id\":\"https:\/\/www.cannabis.es\/pw\/2017\/05\/29\/manifiestaaccion-por-la-regulacion-responsable\/\",\"url\":\"https:\/\/www.cannabis.es\/pw\/2017\/05\/29\/manifiestaaccion-por-la-regulacion-responsable\/\",\"name\":\"ManiFiestaAcci\u00f3n por la Regulaci\u00f3n Responsable\",\"isPartOf\":{\"@id\":\"https:\/\/www.cannabis.es\/pw\/#website\"},\"primaryImageOfPage\":{\"@id\":\"https:\/\/www.cannabis.es\/pw\/2017\/05\/29\/manifiestaaccion-por-la-regulacion-responsable\/#primaryimage\"},\"image\":{\"@id\":\"https:\/\/www.cannabis.es\/pw\/2017\/05\/29\/manifiestaaccion-por-la-regulacion-responsable\/#primaryimage\"},\"thumbnailUrl\":\"https:\/\/www.cannabis.es\/pw\/wp-content\/uploads\/2020\/05\/manifiestraaccion.jpg\",\"datePublished\":\"2017-05-29T14:51:52+00:00\",\"dateModified\":\"2020-05-20T14:54:18+00:00\",\"description\":\"Entrada &#8226; Portal multimedia sobre cannabis y otras sustancias &#8226; 29 mayo, 2017\",\"breadcrumb\":{\"@id\":\"https:\/\/www.cannabis.es\/pw\/2017\/05\/29\/manifiestaaccion-por-la-regulacion-responsable\/#breadcrumb\"},\"inLanguage\":\"es\",\"potentialAction\":[{\"@type\":\"ReadAction\",\"target\":[\"https:\/\/www.cannabis.es\/pw\/2017\/05\/29\/manifiestaaccion-por-la-regulacion-responsable\/\"]}]},{\"@type\":\"ImageObject\",\"inLanguage\":\"es\",\"@id\":\"https:\/\/www.cannabis.es\/pw\/2017\/05\/29\/manifiestaaccion-por-la-regulacion-responsable\/#primaryimage\",\"url\":\"https:\/\/www.cannabis.es\/pw\/wp-content\/uploads\/2020\/05\/manifiestraaccion.jpg\",\"contentUrl\":\"https:\/\/www.cannabis.es\/pw\/wp-content\/uploads\/2020\/05\/manifiestraaccion.jpg\",\"width\":959,\"height\":475},{\"@type\":\"BreadcrumbList\",\"@id\":\"https:\/\/www.cannabis.es\/pw\/2017\/05\/29\/manifiestaaccion-por-la-regulacion-responsable\/#breadcrumb\",\"itemListElement\":[{\"@type\":\"ListItem\",\"position\":1,\"name\":\"Portada\",\"item\":\"http:\/\/www.cannabis.es\/pw\/\"},{\"@type\":\"ListItem\",\"position\":2,\"name\":\"ManiFiestaAcci\u00f3n por la Regulaci\u00f3n Responsable\"}]},{\"@type\":\"WebSite\",\"@id\":\"https:\/\/www.cannabis.es\/pw\/#website\",\"url\":\"https:\/\/www.cannabis.es\/pw\/\",\"name\":\"Cannabis\",\"description\":\"Portal multimedia sobre cannabis y otras sustancias\",\"publisher\":{\"@id\":\"https:\/\/www.cannabis.es\/pw\/#organization\"},\"potentialAction\":[{\"@type\":\"SearchAction\",\"target\":{\"@type\":\"EntryPoint\",\"urlTemplate\":\"https:\/\/www.cannabis.es\/pw\/?s={search_term_string}\"},\"query-input\":{\"@type\":\"PropertyValueSpecification\",\"valueRequired\":true,\"valueName\":\"search_term_string\"}}],\"inLanguage\":\"es\"},{\"@type\":\"Organization\",\"@id\":\"https:\/\/www.cannabis.es\/pw\/#organization\",\"name\":\"Cannabis.es\",\"url\":\"https:\/\/www.cannabis.es\/pw\/\",\"logo\":{\"@type\":\"ImageObject\",\"inLanguage\":\"es\",\"@id\":\"https:\/\/www.cannabis.es\/pw\/#\/schema\/logo\/image\/\",\"url\":\"https:\/\/www.cannabis.es\/pw\/wp-content\/uploads\/2019\/04\/cropped-logo_cannabis.png\",\"contentUrl\":\"https:\/\/www.cannabis.es\/pw\/wp-content\/uploads\/2019\/04\/cropped-logo_cannabis.png\",\"width\":361,\"height\":120,\"caption\":\"Cannabis.es\"},\"image\":{\"@id\":\"https:\/\/www.cannabis.es\/pw\/#\/schema\/logo\/image\/\"},\"sameAs\":[\"https:\/\/x.com\/cannabis_es\"]},{\"@type\":\"Person\",\"@id\":\"https:\/\/www.cannabis.es\/pw\/#\/schema\/person\/e2fbd204580cf4fe74c79b82bc447374\",\"name\":\"Cannabis.es\",\"image\":{\"@type\":\"ImageObject\",\"inLanguage\":\"es\",\"@id\":\"https:\/\/www.cannabis.es\/pw\/#\/schema\/person\/image\/\",\"url\":\"https:\/\/secure.gravatar.com\/avatar\/4375b1eb6e272e2e48a4b8a8def52e5f208151f555bb5906da616906ee6dd2e8?s=96&d=mm&r=g\",\"contentUrl\":\"https:\/\/secure.gravatar.com\/avatar\/4375b1eb6e272e2e48a4b8a8def52e5f208151f555bb5906da616906ee6dd2e8?s=96&d=mm&r=g\",\"caption\":\"Cannabis.es\"},\"url\":\"https:\/\/www.cannabis.es\/pw\/author\/cannabis\/\"}]}<\/script>\n<!-- \/ Yoast SEO plugin. -->","yoast_head_json":{"title":"ManiFiestaAcci\u00f3n por la Regulaci\u00f3n Responsable","description":"Entrada &#8226; Portal multimedia sobre cannabis y otras sustancias &#8226; 29 mayo, 2017","robots":{"index":"index","follow":"follow","max-snippet":"max-snippet:-1","max-image-preview":"max-image-preview:large","max-video-preview":"max-video-preview:-1"},"canonical":"https:\/\/www.cannabis.es\/pw\/2017\/05\/29\/manifiestaaccion-por-la-regulacion-responsable\/","twitter_card":"summary_large_image","twitter_title":"ManiFiestaAcci\u00f3n por la Regulaci\u00f3n Responsable","twitter_description":"Entrada &#8226; Portal multimedia sobre cannabis y otras sustancias &#8226; 29 mayo, 2017","twitter_image":"https:\/\/www.cannabis.es\/pw\/wp-content\/uploads\/2020\/05\/manifiestraaccion.jpg","twitter_creator":"@cannabis_es","twitter_site":"@cannabis_es","twitter_misc":{"Escrito por":"Cannabis.es","Tiempo de lectura":"1 minuto"},"schema":{"@context":"https:\/\/schema.org","@graph":[{"@type":"Article","@id":"https:\/\/www.cannabis.es\/pw\/2017\/05\/29\/manifiestaaccion-por-la-regulacion-responsable\/#article","isPartOf":{"@id":"https:\/\/www.cannabis.es\/pw\/2017\/05\/29\/manifiestaaccion-por-la-regulacion-responsable\/"},"author":{"name":"Cannabis.es","@id":"https:\/\/www.cannabis.es\/pw\/#\/schema\/person\/e2fbd204580cf4fe74c79b82bc447374"},"headline":"ManiFiestaAcci\u00f3n por la Regulaci\u00f3n Responsable","datePublished":"2017-05-29T14:51:52+00:00","dateModified":"2020-05-20T14:54:18+00:00","mainEntityOfPage":{"@id":"https:\/\/www.cannabis.es\/pw\/2017\/05\/29\/manifiestaaccion-por-la-regulacion-responsable\/"},"wordCount":147,"publisher":{"@id":"https:\/\/www.cannabis.es\/pw\/#organization"},"image":{"@id":"https:\/\/www.cannabis.es\/pw\/2017\/05\/29\/manifiestaaccion-por-la-regulacion-responsable\/#primaryimage"},"thumbnailUrl":"https:\/\/www.cannabis.es\/pw\/wp-content\/uploads\/2020\/05\/manifiestraaccion.jpg","keywords":["cannabis","cannabis medicinal","Dancehall","Fyahbwoylkki","Madrid","Manifiestacci\u00f3n","Morodo","Puerta del sol","reggae","Regulaci\u00f3n Responsable"],"articleSection":["Pol\u00edtica y Sociedad"],"inLanguage":"es"},{"@type":"WebPage","@id":"https:\/\/www.cannabis.es\/pw\/2017\/05\/29\/manifiestaaccion-por-la-regulacion-responsable\/","url":"https:\/\/www.cannabis.es\/pw\/2017\/05\/29\/manifiestaaccion-por-la-regulacion-responsable\/","name":"ManiFiestaAcci\u00f3n por la Regulaci\u00f3n Responsable","isPartOf":{"@id":"https:\/\/www.cannabis.es\/pw\/#website"},"primaryImageOfPage":{"@id":"https:\/\/www.cannabis.es\/pw\/2017\/05\/29\/manifiestaaccion-por-la-regulacion-responsable\/#primaryimage"},"image":{"@id":"https:\/\/www.cannabis.es\/pw\/2017\/05\/29\/manifiestaaccion-por-la-regulacion-responsable\/#primaryimage"},"thumbnailUrl":"https:\/\/www.cannabis.es\/pw\/wp-content\/uploads\/2020\/05\/manifiestraaccion.jpg","datePublished":"2017-05-29T14:51:52+00:00","dateModified":"2020-05-20T14:54:18+00:00","description":"Entrada &#8226; Portal multimedia sobre cannabis y otras sustancias &#8226; 29 mayo, 2017","breadcrumb":{"@id":"https:\/\/www.cannabis.es\/pw\/2017\/05\/29\/manifiestaaccion-por-la-regulacion-responsable\/#breadcrumb"},"inLanguage":"es","potentialAction":[{"@type":"ReadAction","target":["https:\/\/www.cannabis.es\/pw\/2017\/05\/29\/manifiestaaccion-por-la-regulacion-responsable\/"]}]},{"@type":"ImageObject","inLanguage":"es","@id":"https:\/\/www.cannabis.es\/pw\/2017\/05\/29\/manifiestaaccion-por-la-regulacion-responsable\/#primaryimage","url":"https:\/\/www.cannabis.es\/pw\/wp-content\/uploads\/2020\/05\/manifiestraaccion.jpg","contentUrl":"https:\/\/www.cannabis.es\/pw\/wp-content\/uploads\/2020\/05\/manifiestraaccion.jpg","width":959,"height":475},{"@type":"BreadcrumbList","@id":"https:\/\/www.cannabis.es\/pw\/2017\/05\/29\/manifiestaaccion-por-la-regulacion-responsable\/#breadcrumb","itemListElement":[{"@type":"ListItem","position":1,"name":"Portada","item":"http:\/\/www.cannabis.es\/pw\/"},{"@type":"ListItem","position":2,"name":"ManiFiestaAcci\u00f3n por la Regulaci\u00f3n Responsable"}]},{"@type":"WebSite","@id":"https:\/\/www.cannabis.es\/pw\/#website","url":"https:\/\/www.cannabis.es\/pw\/","name":"Cannabis","description":"Portal multimedia sobre cannabis y otras sustancias","publisher":{"@id":"https:\/\/www.cannabis.es\/pw\/#organization"},"potentialAction":[{"@type":"SearchAction","target":{"@type":"EntryPoint","urlTemplate":"https:\/\/www.cannabis.es\/pw\/?s={search_term_string}"},"query-input":{"@type":"PropertyValueSpecification","valueRequired":true,"valueName":"search_term_string"}}],"inLanguage":"es"},{"@type":"Organization","@id":"https:\/\/www.cannabis.es\/pw\/#organization","name":"Cannabis.es","url":"https:\/\/www.cannabis.es\/pw\/","logo":{"@type":"ImageObject","inLanguage":"es","@id":"https:\/\/www.cannabis.es\/pw\/#\/schema\/logo\/image\/","url":"https:\/\/www.cannabis.es\/pw\/wp-content\/uploads\/2019\/04\/cropped-logo_cannabis.png","contentUrl":"https:\/\/www.cannabis.es\/pw\/wp-content\/uploads\/2019\/04\/cropped-logo_cannabis.png","width":361,"height":120,"caption":"Cannabis.es"},"image":{"@id":"https:\/\/www.cannabis.es\/pw\/#\/schema\/logo\/image\/"},"sameAs":["https:\/\/x.com\/cannabis_es"]},{"@type":"Person","@id":"https:\/\/www.cannabis.es\/pw\/#\/schema\/person\/e2fbd204580cf4fe74c79b82bc447374","name":"Cannabis.es","image":{"@type":"ImageObject","inLanguage":"es","@id":"https:\/\/www.cannabis.es\/pw\/#\/schema\/person\/image\/","url":"https:\/\/secure.gravatar.com\/avatar\/4375b1eb6e272e2e48a4b8a8def52e5f208151f555bb5906da616906ee6dd2e8?s=96&d=mm&r=g","contentUrl":"https:\/\/secure.gravatar.com\/avatar\/4375b1eb6e272e2e48a4b8a8def52e5f208151f555bb5906da616906ee6dd2e8?s=96&d=mm&r=g","caption":"Cannabis.es"},"url":"https:\/\/www.cannabis.es\/pw\/author\/cannabis\/"}]}},"_links":{"self":[{"href":"https:\/\/www.cannabis.es\/pw\/wp-json\/wp\/v2\/posts\/2681","targetHints":{"allow":["GET"]}}],"collection":[{"href":"https:\/\/www.cannabis.es\/pw\/wp-json\/wp\/v2\/posts"}],"about":[{"href":"https:\/\/www.cannabis.es\/pw\/wp-json\/wp\/v2\/types\/post"}],"author":[{"embeddable":true,"href":"https:\/\/www.cannabis.es\/pw\/wp-json\/wp\/v2\/users\/1"}],"replies":[{"embeddable":true,"href":"https:\/\/www.cannabis.es\/pw\/wp-json\/wp\/v2\/comments?post=2681"}],"version-history":[{"count":1,"href":"https:\/\/www.cannabis.es\/pw\/wp-json\/wp\/v2\/posts\/2681\/revisions"}],"predecessor-version":[{"id":2683,"href":"https:\/\/www.cannabis.es\/pw\/wp-json\/wp\/v2\/posts\/2681\/revisions\/2683"}],"wp:featuredmedia":[{"embeddable":true,"href":"https:\/\/www.cannabis.es\/pw\/wp-json\/wp\/v2\/media\/2682"}],"wp:attachment":[{"href":"https:\/\/www.cannabis.es\/pw\/wp-json\/wp\/v2\/media?parent=2681"}],"wp:term":[{"taxonomy":"category","embeddable":true,"href":"https:\/\/www.cannabis.es\/pw\/wp-json\/wp\/v2\/categories?post=2681"},{"taxonomy":"post_tag","embeddable":true,"href":"https:\/\/www.cannabis.es\/pw\/wp-json\/wp\/v2\/tags?post=2681"}],"curies":[{"name":"wp","href":"https:\/\/api.w.org\/{rel}","templated":true}]}}