{"id":2690,"date":"2017-05-22T16:57:51","date_gmt":"2017-05-22T14:57:51","guid":{"rendered":"http:\/\/www.cannabis.es\/pw\/?p=2690"},"modified":"2020-06-04T15:27:31","modified_gmt":"2020-06-04T13:27:31","slug":"somos-optimistas-psoe-podemos-y-erc-y-luego-cs-y-pp-quieren-hablar-del-tema","status":"publish","type":"post","link":"https:\/\/www.cannabis.es\/pw\/2017\/05\/22\/somos-optimistas-psoe-podemos-y-erc-y-luego-cs-y-pp-quieren-hablar-del-tema\/","title":{"rendered":"\u00abSomos optimistas: PSOE, Podemos y ERC, y luego C&#8217;s y PP, quieren &#8216;hablar del tema'\u00bb"},"content":{"rendered":"\n<p>Por Eme<\/p>\n\n\n\n<p>La&nbsp;<a href=\"https:\/\/www.fac.cc\/fac\/\" target=\"_blank\" rel=\"noreferrer noopener\"><strong>Federaci\u00f3n de Asociaciones Cann\u00e1bicas de Espa\u00f1a<\/strong><\/a>&nbsp;es una agrupaci\u00f3n de diversas asociaciones de<strong>&nbsp;usuarios de cannabis<\/strong>&nbsp;de todo el territorio nacional que comparten ideas en torno a la regulaci\u00f3n, buscando siempre un fin social.&nbsp;Todas las agrupaciones pretenden lograr que cualquier usuario de cannabis pueda acceder a \u00e9l de forma segura, respetando sus derechos y alej\u00e1ndolo del&nbsp;<strong>mercado&nbsp;negro<\/strong>.<\/p>\n\n\n\n<hr class=\"wp-block-separator\"\/>\n\n\n\n<p>Como uno de los principales actores que abren un debate p\u00fablico sobre la participaci\u00f3n de la sociedad civil en el dise\u00f1o de las&nbsp;<strong>pol\u00edticas de drogas<\/strong>, desde&nbsp;<strong>Cannabis.es<\/strong>&nbsp;los hemos entrevitado para difundir su visi\u00f3n y el papel que hacen mediante las&nbsp;<strong>asociaciones de consumidores o clubes cann\u00e1bicos<\/strong>. Adem\u00e1s,&nbsp;<strong>la FAC participa en parlamentos auton\u00f3micos, nacionales y europeos<\/strong>, foros&nbsp;internacionales, talleres, debates e intervenciones en medios de comunicaci\u00f3n, y nos parec\u00eda interesante conocer su visi\u00f3n sobre el&nbsp;<strong>panorama pol\u00edtico actual espa\u00f1ol<\/strong>&nbsp;en relaci\u00f3n al&nbsp;<strong>cultivo, consumo y uso del cannabis<\/strong>, y de las \u00faltimas&nbsp;<strong>Iniciativas Legislativas Populares<\/strong>&nbsp;<strong>(IPL)<\/strong>&nbsp;que se han desarrollado, especialmente de la de&nbsp;<strong>RCN-NOK<\/strong>, que no ha estado exenta de cierta pol\u00e9mica.&nbsp;<br><br>Comencemos pues por el principio, y<strong>&nbsp;vamos all\u00e1 con las preguntas.<\/strong><\/p>\n\n\n\n<p><strong>Para los no especializados, explicarnos brevemente qu\u00e9 es una asociaci\u00f3n cann\u00e1bica \u00bfson legales las asociaciones cann\u00e1bicas?<\/strong><\/p>\n\n\n\n<p>A grandes rasgos, somos&nbsp;<strong>organizaciones sin \u00e1nimo de lucro<\/strong>&nbsp;integradas por personas&nbsp;<strong>mayores de edad<\/strong>&nbsp;y en pleno uso de sus facultades ps\u00edquicas,&nbsp;<strong>consumidoras de cannabis<\/strong>&nbsp;que nos organizamos para gestionar ese c<strong>onsumo de una forma m\u00e1s satisfactoria<\/strong>&nbsp;y de manera alternativa al&nbsp;<strong>mercado negro.<\/strong><\/p>\n\n\n\n<p>En cuanto a si somos o no legales,&nbsp;<strong>definitivamente la respuesta es SI<\/strong>,&nbsp;<strong>el c\u00f3digo penal<\/strong>, a instancias de los tratados internacionales, no persigue en ning\u00fan caso el consumo ni las actividades encaminadas a satisfacer ese&nbsp;<strong>consumo<\/strong>&nbsp;y esa es exactamente la situaci\u00f3n en la que nos encontramos: grupos cerrados de consumidores que se organizan para cubrir sus necesidades mediante&nbsp;<strong>autocultivos colectivos.<\/strong><\/p>\n\n\n\n<p><strong>\u00bfPor qu\u00e9 la polic\u00eda act\u00faa contra las asociaciones y clubes?<\/strong><\/p>\n\n\n\n<p>El modelo asociativo se basa en una autorregulaci\u00f3n que, en mayor o menor medida, ha sido avalada dentro del Estado espa\u00f1ol por tribunales de todo rango,<strong>&nbsp;incluyendo el \u00faltimo reconocimiento en positivo por parte del T.S. de los denominados \u00abautocultivos colectivos\u00bb.<\/strong><\/p>\n\n\n\n<p>&nbsp;El problema surge al no haberse plasmado esta&nbsp;<strong>autorregulaci\u00f3n<\/strong>, legitimada por m\u00e1s de 15 a\u00f1os de sentencias, en una acci\u00f3n normativa por parte de la&nbsp;<strong>Administraci\u00f3n P\u00fablica<\/strong>&nbsp;que regule la actividad de estos colectivos.<\/p>\n\n\n\n<p>&nbsp;Una normativa establecer\u00eda exigencias de obligatorio cumplimiento as\u00ed como&nbsp;<strong>protocolos de control<\/strong>&nbsp;que facilitar\u00edan la labor de las fuerzas de seguridad, por no hablar del alivio que supondr\u00eda ante la indefensi\u00f3n que sufrimos miles de personas.<\/p>\n\n\n\n<p>&nbsp;La consecuencia de tanta inacci\u00f3n es que en el momento actual, en incontables ocasiones, ante la falta de protocolos, se act\u00faa contra&nbsp;<strong>grupos de consumidores trat\u00e1ndonos como casos de tr\u00e1fico.<\/strong><\/p>\n\n\n\n<p><strong>\u00bfCon qu\u00e9 problemas se encuentran las asociaciones cann\u00e1bicas?<\/strong><\/p>\n\n\n\n<p>A)&nbsp;Indefensi\u00f3n jur\u00eddica<\/p>\n\n\n\n<p>&#8211; Ante el&nbsp;<strong>Poder Judicial: cambio de criterio<\/strong>&nbsp;seg\u00fan el momento, el lugar o la ideolog\u00eda de qui\u00e9n juzga.<\/p>\n\n\n\n<p>&#8211; Ante la&nbsp;<strong>Fiscal\u00eda: cambio de criterio<\/strong>&nbsp;en funci\u00f3n de qui\u00e9n est\u00e9 en el&nbsp;<strong>Gobierno Central.<\/strong><\/p>\n\n\n\n<p>&#8211; Ante las&nbsp;<strong>Fuerzas de Seguridad: cambio de criterio<\/strong>&nbsp;seg\u00fan el poder pol\u00edtico local, la comisar\u00eda o el propio agente.<\/p>\n\n\n\n<p>B) La&nbsp;<strong>usurpaci\u00f3n de identidad<\/strong>&nbsp;por parte de pseudo asociaciones&nbsp;da\u00f1a la imagen de aquellas que si seguimos&nbsp;<strong>c\u00f3digos de buenas pr\u00e1cticas.<\/strong><\/p>\n\n\n\n<p>C) Un problema cl\u00e1sico como era el habitual&nbsp;<strong>desinter\u00e9s de los partidos<\/strong>&nbsp;pol\u00edticos mayoritarios&nbsp;hacia nuestras propuestas hist\u00f3ricas parece que puede estar siendo superado a d\u00eda de hoy.<\/p>\n\n\n\n<p><strong>&nbsp;Hemos visto la&nbsp;<a href=\"https:\/\/www.cannabis.es\/web\/features\/actuaidad\/653-comunicado-cfac-marcha-mundial-de-la-marihuana-2017\" target=\"_blank\" rel=\"noreferrer noopener\">presentaci\u00f3n de la nueva FAC<\/a>&nbsp;\u00bfCuales son los nuevos objetivos y retos para este a\u00f1o?<\/strong><\/p>\n\n\n\n<p>&nbsp;Continuar creciendo en<strong>&nbsp;representatividad<\/strong>: estar cada vez en m\u00e1s territorios y con presencias m\u00e1s s\u00f3lidas a trav\u00e9s de federaciones territoriales.<\/p>\n\n\n\n<p>&nbsp;Apuntalar los puentes abiertos con<strong>&nbsp;todas las formaciones pol\u00edticas<\/strong>, tanto a nivel local y auton\u00f3mico, sobre todo, y m\u00e1s \u00faltimamente nacional, en aras de avanzar hacia una soluci\u00f3n que nos permita superar entre todos los oscuros tiempos del&nbsp;<strong>prohibicionismo<\/strong>.<\/p>\n\n\n\n<p>&nbsp;Seguir generando y canalizando ilusi\u00f3n a trav\u00e9s de un&nbsp;<strong>proyecto abierto y participativo<\/strong>&nbsp;gestionado entre iguales.<\/p>\n\n\n\n<p><strong>\u00bfQu\u00e9 puede hacer la nueva FAC para evitar la proliferaci\u00f3n de bandas y asociaciones o clubs que se proveen en el M.N. y trafican?<\/strong><\/p>\n\n\n\n<p>&nbsp;Seguir con nuestro trabajo.<\/p>\n\n\n\n<p>Por un lado, conseguir que el modelo de actuaci\u00f3n que representamos, recogido en el<strong>&nbsp;C\u00f3digo de Buenas Pr\u00e1cticas<\/strong>, resulte lo m\u00e1s&nbsp;<strong>atractivo<\/strong>&nbsp;posible para ser replicado por aquellos grupos de&nbsp;<strong>consumidores<\/strong>&nbsp;que decidan organizarse mediante una&nbsp;<strong>f\u00f3rmula asociativa<\/strong>.<\/p>\n\n\n\n<p>Por otro lado avanzar en la soluci\u00f3n de la tan deseada<strong>&nbsp;regulaci\u00f3n del cann\u00e1bis<\/strong>&nbsp;que recoja los derechos y las obligaciones de los autocultivadores, ya sean individuos o colectivos. Como dec\u00edamos antes, una regulaci\u00f3n establecer\u00eda exigencias de obligatorio cumplimiento para estos colectivos y facilitar\u00eda protocolos de control por parte de las fuerzas del orden orientados a valorar el cumplimiento de dichas exigencias.<\/p>\n\n\n\n<p>&nbsp;<strong>Sabemos que en algunas asociaciones la democracia se ve vulnerada, al exigir a los nuevos socios que firmen -de antemano- una cesi\u00f3n de su voto para las asambleas generales (la junta de toda asociaci\u00f3n) de manera que puedan controlar las decisiones que se toman, y un grupo de socios suficientemente grande pueda legalmente cambiar todo lo que quiera. \u00bfEso es cierto? \u00bfC\u00f3mo lo ven, qu\u00e9 les parece?<\/strong><\/p>\n\n\n\n<p>&nbsp;Si ustedes lo saben ser\u00e1 porque es cierto, no me consta pero le doy toda la credibilidad.<\/p>\n\n\n\n<p>&nbsp;Es un&nbsp;<strong>atropello y una ilegalidad<\/strong>, debemos como individuos desarrollar el criterio suficiente como para valorar no participar en iniciativas que busquen anular de partida nuestra leg\u00edtima capacidad de opinar y decidir.<\/p>\n\n\n\n<p>&nbsp;<strong>Recomendamos denunciar<\/strong>&nbsp;este tipo de situaciones y buscar alternativas honestas que entiendan la participaci\u00f3n transversal como unos de los principales recursos que aportan valor a proyectos de esta naturaleza.<\/p>\n\n\n\n<p><strong>En Espa\u00f1a \u00bfcu\u00e1les son vuestras expectativas y cual vuestro an\u00e1lisis de coyuntura pol\u00edtica, cre\u00e9is posible dar pasos hacia delante en cuanto a regulaci\u00f3n con un gobierno en minor\u00eda de PP ya apoyado en muchas decisiones por el PSOE?<\/strong><\/p>\n\n\n\n<p>En ese sentido los hechos nos hacen ser optimistas ya que hay una manifiesta voluntad de \u00abhablar del tema\u00bb por parte de la mayor\u00eda de la&nbsp;<strong>C\u00e1mara<\/strong>. Todos los partidos mayoritarios, excepto el<strong>&nbsp;PP<\/strong>, han manifestado su inter\u00e9s en tratar el asunto, destacando el car\u00e1cter integral (recreativo y terap\u00e9utico) de las propuestas del&nbsp;<strong>PSOE, Podemos y ERC<\/strong>, qued\u00e1ndose m\u00e1s taca\u00f1a la propuesta de<strong>&nbsp;Ciudadanos<\/strong>&nbsp;al abordar s\u00f3lo la vertiente<strong>&nbsp;terap\u00e9utica<\/strong>.<\/p>\n\n\n\n<p>&nbsp;En definitiva esta corriente en la pol\u00edtica nacional unida a la multitud de&nbsp;<strong>iniciativas reguladoras<\/strong>&nbsp;de \u00e1mbito local y auton\u00f3mico indican que el problema de&nbsp;<strong>indefensi\u00f3n y de estigmatizaci\u00f3n<\/strong>&nbsp;de los&nbsp;<strong>consumidores de cannabis<\/strong>&nbsp;en nuestro pa\u00eds ha conformado una realidad social particular, esta realidad social ha alcanzado una dimensi\u00f3n tal que los pol\u00edticos se est\u00e1n viendo obligados a abordar por fin el asunto.&nbsp;<\/p>\n\n\n\n<p><strong>Los activistas cann\u00e1bicos en Espa\u00f1a est\u00e1n muy fragmentados \u00bfcre\u00e9is viable que salgan adelante una ILP que represente a todo el colectivo?<\/strong><\/p>\n\n\n\n<p>&nbsp;Sin duda ser\u00eda posible, una consensuada por los principales agentes involucrados tendr\u00eda los apoyos suficientes. Otro tema ser\u00eda la utilidad de la misma ya que por definici\u00f3n&nbsp;<strong>una ILP no puede cambiar Leyes Org\u00e1nicas<\/strong>&nbsp;y ser\u00eda necesario matizar en su redacci\u00f3n alg\u00fan art\u00edculo del&nbsp;<strong>C\u00f3digo Penal que es una Ley Org\u00e1nica.<\/strong><\/p>\n\n\n\n<p><strong>Esta pregunta viene a cuento porque por ejemplo en el documento de la ILP que presenta RCN-NOK (partido pol\u00edtico de \u00e1mbito navarro sin representaci\u00f3n parlamentaria) dentro de la secci\u00f3n \u00abFinalidad\u00bb ni siquiera se menciona el autocultivo o el cultivo, lo cual es extra\u00f1o como poco. Se mencionan a las asociaciones, a los consumidores, a los socios o a las instituciones. Pero ni cultivo de cultivadores. \u00bfQu\u00e9 est\u00e1 pasando con los 5 pilares de Regulaci\u00f3n Responsable?<\/strong><\/p>\n\n\n\n<p>&nbsp;Las principales&nbsp;<strong>plataformas pro-regulaci\u00f3n del Estado<\/strong>&nbsp;seguimos comprometidos con un modelo basado en los cinco pilares, es un documento, esta vez s\u00ed, nacido del consenso alcanzado por los principales actores involucrados en el proceso.<\/p>\n\n\n\n<p>&nbsp;<strong>La ILP de RCN-NOK es una iniciativa particular<\/strong>&nbsp;que pretende desarrollar un modelo que entre otras cosas contemple un<strong>&nbsp;registro<\/strong>&nbsp;para individuos&nbsp;<strong>autocultivadores<\/strong>.&nbsp;<strong>No&nbsp;<\/strong><a href=\"https:\/\/www.cannabis.es\/web\/features\/actuaidad\/553-vestra-ilp-no-nos-representa#comment-280\" target=\"_blank\" rel=\"noreferrer noopener\">nos sentimos identificados ni con la representatividad de la propuesta, ni con la manera de llevar a cabo el trabajo, ni con el contenido del texto.<\/a><\/p>\n\n\n\n<p>&nbsp;Desde la<strong>&nbsp;Confederaci\u00f3n FAC<\/strong>&nbsp;entendemos el<strong>&nbsp;derecho al autocultivo<\/strong>&nbsp;individual, la piedra angular sobre la que se apoyan todas las dem\u00e1s posibles reclamaciones.<\/p>\n","protected":false},"excerpt":{"rendered":"<span class=\"span-reading-time rt-reading-time\" style=\"display: block;\"><span class=\"rt-label rt-prefix\">Tiempo de lectura:<\/span> <span class=\"rt-time\"> 5<\/span> <span class=\"rt-label rt-postfix\">minutos<\/span><\/span>Por Eme La&nbsp;Federaci\u00f3n de Asociaciones Cann\u00e1bicas de Espa\u00f1a&nbsp;es una agrupaci\u00f3n de diversas asociaciones de&nbsp;usuarios de cannabis&nbsp;de todo el territorio nacional que comparten ideas en torno a la regulaci\u00f3n, buscando siempre un fin social.&nbsp;Todas las agrupaciones pretenden lograr que cualquier usuario de cannabis pueda acceder a \u00e9l de forma segura, respetando sus derechos y alej\u00e1ndolo del&nbsp;mercado&nbsp;negro. [&hellip;]","protected":false},"author":1,"featured_media":2691,"comment_status":"closed","ping_status":"closed","sticky":false,"template":"","format":"standard","meta":{"loftocean-featured-post":"","loftocean_post_format_gallery":"","loftocean_post_format_gallery_ids":"","loftocean_post_format_gallery_urls":"","loftocean_post_format_video_id":"","loftocean_post_format_video_url":"","loftocean_post_format_video_type":"","loftocean_post_format_video":"","loftocean_post_format_audio_type":"","loftocean_post_format_audio_url":"","loftocean_post_format_audio_id":"","loftocean_post_format_audio":"","loftocean_post_format_quote_text":"","loftocean_post_format_quote_byline":"","loftocean_post_format_link_text":"","loftocean_post_format_link_url":"","ceramag_post_header_style":"","ceramag_enable_background_video":"","ceramag_show_in_top_slider":"","ceramag_post_background_video_start":"","ceramag_post_background_video_end":"","loftocean_page_background_video_id":"","loftocean_page_background_video_url":"","loftocean_page_background_video_type":"","loftocean_page_background_video":"","ceramag_background_video_start":"","ceramag_background_video_end":"","ceramag_single_page_hide_header":"","footnotes":""},"categories":[33],"tags":[610,41,1044,1015,398,61,44,973,787,657,40,1168,42],"class_list":["post-2690","post","type-post","status-publish","format-standard","has-post-thumbnail","hentry","category-entrevistas","tag-asociacion","tag-cannabis","tag-cannabis-social-club","tag-consumo-compartido","tag-csc","tag-cultivo","tag-drogas","tag-fac","tag-lagalizacion","tag-legislacion","tag-marihuana","tag-normalizacion","tag-politica"],"yoast_head":"<!-- This site is optimized with the Yoast SEO plugin v24.9 - https:\/\/yoast.com\/wordpress\/plugins\/seo\/ -->\n<title>&quot;Somos optimistas: PSOE, Podemos y ERC, y luego C&#039;s y PP, quieren &#039;hablar del tema&#039;&quot;<\/title>\n<meta name=\"description\" content=\"Entrada &#8226; Portal multimedia sobre cannabis y otras sustancias &#8226; 22 mayo, 2017\" \/>\n<meta name=\"robots\" content=\"index, follow, max-snippet:-1, max-image-preview:large, max-video-preview:-1\" \/>\n<link rel=\"canonical\" href=\"https:\/\/www.cannabis.es\/pw\/2017\/05\/22\/somos-optimistas-psoe-podemos-y-erc-y-luego-cs-y-pp-quieren-hablar-del-tema\/\" \/>\n<meta name=\"twitter:card\" content=\"summary_large_image\" \/>\n<meta name=\"twitter:title\" content=\"&quot;Somos optimistas: PSOE, Podemos y ERC, y luego C&#039;s y PP, quieren &#039;hablar del tema&#039;&quot;\" \/>\n<meta name=\"twitter:description\" content=\"Entrada &#8226; Portal multimedia sobre cannabis y otras sustancias &#8226; 22 mayo, 2017\" \/>\n<meta name=\"twitter:image\" content=\"https:\/\/www.cannabis.es\/pw\/wp-content\/uploads\/2020\/05\/manimadrid.jpg\" \/>\n<meta name=\"twitter:creator\" content=\"@cannabis_es\" \/>\n<meta name=\"twitter:site\" content=\"@cannabis_es\" \/>\n<meta name=\"twitter:label1\" content=\"Escrito por\" \/>\n\t<meta name=\"twitter:data1\" content=\"Cannabis.es\" \/>\n\t<meta name=\"twitter:label2\" content=\"Tiempo de lectura\" \/>\n\t<meta name=\"twitter:data2\" content=\"8 minutos\" \/>\n<script type=\"application\/ld+json\" class=\"yoast-schema-graph\">{\"@context\":\"https:\/\/schema.org\",\"@graph\":[{\"@type\":\"Article\",\"@id\":\"https:\/\/www.cannabis.es\/pw\/2017\/05\/22\/somos-optimistas-psoe-podemos-y-erc-y-luego-cs-y-pp-quieren-hablar-del-tema\/#article\",\"isPartOf\":{\"@id\":\"https:\/\/www.cannabis.es\/pw\/2017\/05\/22\/somos-optimistas-psoe-podemos-y-erc-y-luego-cs-y-pp-quieren-hablar-del-tema\/\"},\"author\":{\"name\":\"Cannabis.es\",\"@id\":\"https:\/\/www.cannabis.es\/pw\/#\/schema\/person\/e2fbd204580cf4fe74c79b82bc447374\"},\"headline\":\"\u00abSomos optimistas: PSOE, Podemos y ERC, y luego C&#8217;s y PP, quieren &#8216;hablar del tema'\u00bb\",\"datePublished\":\"2017-05-22T14:57:51+00:00\",\"dateModified\":\"2020-06-04T13:27:31+00:00\",\"mainEntityOfPage\":{\"@id\":\"https:\/\/www.cannabis.es\/pw\/2017\/05\/22\/somos-optimistas-psoe-podemos-y-erc-y-luego-cs-y-pp-quieren-hablar-del-tema\/\"},\"wordCount\":1651,\"publisher\":{\"@id\":\"https:\/\/www.cannabis.es\/pw\/#organization\"},\"image\":{\"@id\":\"https:\/\/www.cannabis.es\/pw\/2017\/05\/22\/somos-optimistas-psoe-podemos-y-erc-y-luego-cs-y-pp-quieren-hablar-del-tema\/#primaryimage\"},\"thumbnailUrl\":\"https:\/\/www.cannabis.es\/pw\/wp-content\/uploads\/2020\/05\/manimadrid.jpg\",\"keywords\":[\"asociaci\u00f3n\",\"cannabis\",\"Cannabis Social Club\",\"Consumo compartido\",\"CSC\",\"cultivo\",\"drogas\",\"FAC\",\"lagalizaci\u00f3n\",\"legislaci\u00f3n\",\"marihuana\",\"normalizaci\u00f3n\",\"pol\u00edtica\"],\"articleSection\":[\"Entrevistas\"],\"inLanguage\":\"es\"},{\"@type\":\"WebPage\",\"@id\":\"https:\/\/www.cannabis.es\/pw\/2017\/05\/22\/somos-optimistas-psoe-podemos-y-erc-y-luego-cs-y-pp-quieren-hablar-del-tema\/\",\"url\":\"https:\/\/www.cannabis.es\/pw\/2017\/05\/22\/somos-optimistas-psoe-podemos-y-erc-y-luego-cs-y-pp-quieren-hablar-del-tema\/\",\"name\":\"\\\"Somos optimistas: PSOE, Podemos y ERC, y luego C's y PP, quieren 'hablar del tema'\\\"\",\"isPartOf\":{\"@id\":\"https:\/\/www.cannabis.es\/pw\/#website\"},\"primaryImageOfPage\":{\"@id\":\"https:\/\/www.cannabis.es\/pw\/2017\/05\/22\/somos-optimistas-psoe-podemos-y-erc-y-luego-cs-y-pp-quieren-hablar-del-tema\/#primaryimage\"},\"image\":{\"@id\":\"https:\/\/www.cannabis.es\/pw\/2017\/05\/22\/somos-optimistas-psoe-podemos-y-erc-y-luego-cs-y-pp-quieren-hablar-del-tema\/#primaryimage\"},\"thumbnailUrl\":\"https:\/\/www.cannabis.es\/pw\/wp-content\/uploads\/2020\/05\/manimadrid.jpg\",\"datePublished\":\"2017-05-22T14:57:51+00:00\",\"dateModified\":\"2020-06-04T13:27:31+00:00\",\"description\":\"Entrada &#8226; Portal multimedia sobre cannabis y otras sustancias &#8226; 22 mayo, 2017\",\"breadcrumb\":{\"@id\":\"https:\/\/www.cannabis.es\/pw\/2017\/05\/22\/somos-optimistas-psoe-podemos-y-erc-y-luego-cs-y-pp-quieren-hablar-del-tema\/#breadcrumb\"},\"inLanguage\":\"es\",\"potentialAction\":[{\"@type\":\"ReadAction\",\"target\":[\"https:\/\/www.cannabis.es\/pw\/2017\/05\/22\/somos-optimistas-psoe-podemos-y-erc-y-luego-cs-y-pp-quieren-hablar-del-tema\/\"]}]},{\"@type\":\"ImageObject\",\"inLanguage\":\"es\",\"@id\":\"https:\/\/www.cannabis.es\/pw\/2017\/05\/22\/somos-optimistas-psoe-podemos-y-erc-y-luego-cs-y-pp-quieren-hablar-del-tema\/#primaryimage\",\"url\":\"https:\/\/www.cannabis.es\/pw\/wp-content\/uploads\/2020\/05\/manimadrid.jpg\",\"contentUrl\":\"https:\/\/www.cannabis.es\/pw\/wp-content\/uploads\/2020\/05\/manimadrid.jpg\",\"width\":959,\"height\":475},{\"@type\":\"BreadcrumbList\",\"@id\":\"https:\/\/www.cannabis.es\/pw\/2017\/05\/22\/somos-optimistas-psoe-podemos-y-erc-y-luego-cs-y-pp-quieren-hablar-del-tema\/#breadcrumb\",\"itemListElement\":[{\"@type\":\"ListItem\",\"position\":1,\"name\":\"Portada\",\"item\":\"http:\/\/www.cannabis.es\/pw\/\"},{\"@type\":\"ListItem\",\"position\":2,\"name\":\"\u00abSomos optimistas: PSOE, Podemos y ERC, y luego C&#8217;s y PP, quieren &#8216;hablar del tema'\u00bb\"}]},{\"@type\":\"WebSite\",\"@id\":\"https:\/\/www.cannabis.es\/pw\/#website\",\"url\":\"https:\/\/www.cannabis.es\/pw\/\",\"name\":\"Cannabis\",\"description\":\"Portal multimedia sobre cannabis y otras sustancias\",\"publisher\":{\"@id\":\"https:\/\/www.cannabis.es\/pw\/#organization\"},\"potentialAction\":[{\"@type\":\"SearchAction\",\"target\":{\"@type\":\"EntryPoint\",\"urlTemplate\":\"https:\/\/www.cannabis.es\/pw\/?s={search_term_string}\"},\"query-input\":{\"@type\":\"PropertyValueSpecification\",\"valueRequired\":true,\"valueName\":\"search_term_string\"}}],\"inLanguage\":\"es\"},{\"@type\":\"Organization\",\"@id\":\"https:\/\/www.cannabis.es\/pw\/#organization\",\"name\":\"Cannabis.es\",\"url\":\"https:\/\/www.cannabis.es\/pw\/\",\"logo\":{\"@type\":\"ImageObject\",\"inLanguage\":\"es\",\"@id\":\"https:\/\/www.cannabis.es\/pw\/#\/schema\/logo\/image\/\",\"url\":\"https:\/\/www.cannabis.es\/pw\/wp-content\/uploads\/2019\/04\/cropped-logo_cannabis.png\",\"contentUrl\":\"https:\/\/www.cannabis.es\/pw\/wp-content\/uploads\/2019\/04\/cropped-logo_cannabis.png\",\"width\":361,\"height\":120,\"caption\":\"Cannabis.es\"},\"image\":{\"@id\":\"https:\/\/www.cannabis.es\/pw\/#\/schema\/logo\/image\/\"},\"sameAs\":[\"https:\/\/x.com\/cannabis_es\"]},{\"@type\":\"Person\",\"@id\":\"https:\/\/www.cannabis.es\/pw\/#\/schema\/person\/e2fbd204580cf4fe74c79b82bc447374\",\"name\":\"Cannabis.es\",\"image\":{\"@type\":\"ImageObject\",\"inLanguage\":\"es\",\"@id\":\"https:\/\/www.cannabis.es\/pw\/#\/schema\/person\/image\/\",\"url\":\"https:\/\/secure.gravatar.com\/avatar\/4375b1eb6e272e2e48a4b8a8def52e5f208151f555bb5906da616906ee6dd2e8?s=96&d=mm&r=g\",\"contentUrl\":\"https:\/\/secure.gravatar.com\/avatar\/4375b1eb6e272e2e48a4b8a8def52e5f208151f555bb5906da616906ee6dd2e8?s=96&d=mm&r=g\",\"caption\":\"Cannabis.es\"},\"url\":\"https:\/\/www.cannabis.es\/pw\/author\/cannabis\/\"}]}<\/script>\n<!-- \/ Yoast SEO plugin. -->","yoast_head_json":{"title":"\"Somos optimistas: PSOE, Podemos y ERC, y luego C's y PP, quieren 'hablar del tema'\"","description":"Entrada &#8226; Portal multimedia sobre cannabis y otras sustancias &#8226; 22 mayo, 2017","robots":{"index":"index","follow":"follow","max-snippet":"max-snippet:-1","max-image-preview":"max-image-preview:large","max-video-preview":"max-video-preview:-1"},"canonical":"https:\/\/www.cannabis.es\/pw\/2017\/05\/22\/somos-optimistas-psoe-podemos-y-erc-y-luego-cs-y-pp-quieren-hablar-del-tema\/","twitter_card":"summary_large_image","twitter_title":"\"Somos optimistas: PSOE, Podemos y ERC, y luego C's y PP, quieren 'hablar del tema'\"","twitter_description":"Entrada &#8226; Portal multimedia sobre cannabis y otras sustancias &#8226; 22 mayo, 2017","twitter_image":"https:\/\/www.cannabis.es\/pw\/wp-content\/uploads\/2020\/05\/manimadrid.jpg","twitter_creator":"@cannabis_es","twitter_site":"@cannabis_es","twitter_misc":{"Escrito por":"Cannabis.es","Tiempo de lectura":"8 minutos"},"schema":{"@context":"https:\/\/schema.org","@graph":[{"@type":"Article","@id":"https:\/\/www.cannabis.es\/pw\/2017\/05\/22\/somos-optimistas-psoe-podemos-y-erc-y-luego-cs-y-pp-quieren-hablar-del-tema\/#article","isPartOf":{"@id":"https:\/\/www.cannabis.es\/pw\/2017\/05\/22\/somos-optimistas-psoe-podemos-y-erc-y-luego-cs-y-pp-quieren-hablar-del-tema\/"},"author":{"name":"Cannabis.es","@id":"https:\/\/www.cannabis.es\/pw\/#\/schema\/person\/e2fbd204580cf4fe74c79b82bc447374"},"headline":"\u00abSomos optimistas: PSOE, Podemos y ERC, y luego C&#8217;s y PP, quieren &#8216;hablar del tema'\u00bb","datePublished":"2017-05-22T14:57:51+00:00","dateModified":"2020-06-04T13:27:31+00:00","mainEntityOfPage":{"@id":"https:\/\/www.cannabis.es\/pw\/2017\/05\/22\/somos-optimistas-psoe-podemos-y-erc-y-luego-cs-y-pp-quieren-hablar-del-tema\/"},"wordCount":1651,"publisher":{"@id":"https:\/\/www.cannabis.es\/pw\/#organization"},"image":{"@id":"https:\/\/www.cannabis.es\/pw\/2017\/05\/22\/somos-optimistas-psoe-podemos-y-erc-y-luego-cs-y-pp-quieren-hablar-del-tema\/#primaryimage"},"thumbnailUrl":"https:\/\/www.cannabis.es\/pw\/wp-content\/uploads\/2020\/05\/manimadrid.jpg","keywords":["asociaci\u00f3n","cannabis","Cannabis Social Club","Consumo compartido","CSC","cultivo","drogas","FAC","lagalizaci\u00f3n","legislaci\u00f3n","marihuana","normalizaci\u00f3n","pol\u00edtica"],"articleSection":["Entrevistas"],"inLanguage":"es"},{"@type":"WebPage","@id":"https:\/\/www.cannabis.es\/pw\/2017\/05\/22\/somos-optimistas-psoe-podemos-y-erc-y-luego-cs-y-pp-quieren-hablar-del-tema\/","url":"https:\/\/www.cannabis.es\/pw\/2017\/05\/22\/somos-optimistas-psoe-podemos-y-erc-y-luego-cs-y-pp-quieren-hablar-del-tema\/","name":"\"Somos optimistas: PSOE, Podemos y ERC, y luego C's y PP, quieren 'hablar del tema'\"","isPartOf":{"@id":"https:\/\/www.cannabis.es\/pw\/#website"},"primaryImageOfPage":{"@id":"https:\/\/www.cannabis.es\/pw\/2017\/05\/22\/somos-optimistas-psoe-podemos-y-erc-y-luego-cs-y-pp-quieren-hablar-del-tema\/#primaryimage"},"image":{"@id":"https:\/\/www.cannabis.es\/pw\/2017\/05\/22\/somos-optimistas-psoe-podemos-y-erc-y-luego-cs-y-pp-quieren-hablar-del-tema\/#primaryimage"},"thumbnailUrl":"https:\/\/www.cannabis.es\/pw\/wp-content\/uploads\/2020\/05\/manimadrid.jpg","datePublished":"2017-05-22T14:57:51+00:00","dateModified":"2020-06-04T13:27:31+00:00","description":"Entrada &#8226; Portal multimedia sobre cannabis y otras sustancias &#8226; 22 mayo, 2017","breadcrumb":{"@id":"https:\/\/www.cannabis.es\/pw\/2017\/05\/22\/somos-optimistas-psoe-podemos-y-erc-y-luego-cs-y-pp-quieren-hablar-del-tema\/#breadcrumb"},"inLanguage":"es","potentialAction":[{"@type":"ReadAction","target":["https:\/\/www.cannabis.es\/pw\/2017\/05\/22\/somos-optimistas-psoe-podemos-y-erc-y-luego-cs-y-pp-quieren-hablar-del-tema\/"]}]},{"@type":"ImageObject","inLanguage":"es","@id":"https:\/\/www.cannabis.es\/pw\/2017\/05\/22\/somos-optimistas-psoe-podemos-y-erc-y-luego-cs-y-pp-quieren-hablar-del-tema\/#primaryimage","url":"https:\/\/www.cannabis.es\/pw\/wp-content\/uploads\/2020\/05\/manimadrid.jpg","contentUrl":"https:\/\/www.cannabis.es\/pw\/wp-content\/uploads\/2020\/05\/manimadrid.jpg","width":959,"height":475},{"@type":"BreadcrumbList","@id":"https:\/\/www.cannabis.es\/pw\/2017\/05\/22\/somos-optimistas-psoe-podemos-y-erc-y-luego-cs-y-pp-quieren-hablar-del-tema\/#breadcrumb","itemListElement":[{"@type":"ListItem","position":1,"name":"Portada","item":"http:\/\/www.cannabis.es\/pw\/"},{"@type":"ListItem","position":2,"name":"\u00abSomos optimistas: PSOE, Podemos y ERC, y luego C&#8217;s y PP, quieren &#8216;hablar del tema'\u00bb"}]},{"@type":"WebSite","@id":"https:\/\/www.cannabis.es\/pw\/#website","url":"https:\/\/www.cannabis.es\/pw\/","name":"Cannabis","description":"Portal multimedia sobre cannabis y otras sustancias","publisher":{"@id":"https:\/\/www.cannabis.es\/pw\/#organization"},"potentialAction":[{"@type":"SearchAction","target":{"@type":"EntryPoint","urlTemplate":"https:\/\/www.cannabis.es\/pw\/?s={search_term_string}"},"query-input":{"@type":"PropertyValueSpecification","valueRequired":true,"valueName":"search_term_string"}}],"inLanguage":"es"},{"@type":"Organization","@id":"https:\/\/www.cannabis.es\/pw\/#organization","name":"Cannabis.es","url":"https:\/\/www.cannabis.es\/pw\/","logo":{"@type":"ImageObject","inLanguage":"es","@id":"https:\/\/www.cannabis.es\/pw\/#\/schema\/logo\/image\/","url":"https:\/\/www.cannabis.es\/pw\/wp-content\/uploads\/2019\/04\/cropped-logo_cannabis.png","contentUrl":"https:\/\/www.cannabis.es\/pw\/wp-content\/uploads\/2019\/04\/cropped-logo_cannabis.png","width":361,"height":120,"caption":"Cannabis.es"},"image":{"@id":"https:\/\/www.cannabis.es\/pw\/#\/schema\/logo\/image\/"},"sameAs":["https:\/\/x.com\/cannabis_es"]},{"@type":"Person","@id":"https:\/\/www.cannabis.es\/pw\/#\/schema\/person\/e2fbd204580cf4fe74c79b82bc447374","name":"Cannabis.es","image":{"@type":"ImageObject","inLanguage":"es","@id":"https:\/\/www.cannabis.es\/pw\/#\/schema\/person\/image\/","url":"https:\/\/secure.gravatar.com\/avatar\/4375b1eb6e272e2e48a4b8a8def52e5f208151f555bb5906da616906ee6dd2e8?s=96&d=mm&r=g","contentUrl":"https:\/\/secure.gravatar.com\/avatar\/4375b1eb6e272e2e48a4b8a8def52e5f208151f555bb5906da616906ee6dd2e8?s=96&d=mm&r=g","caption":"Cannabis.es"},"url":"https:\/\/www.cannabis.es\/pw\/author\/cannabis\/"}]}},"_links":{"self":[{"href":"https:\/\/www.cannabis.es\/pw\/wp-json\/wp\/v2\/posts\/2690","targetHints":{"allow":["GET"]}}],"collection":[{"href":"https:\/\/www.cannabis.es\/pw\/wp-json\/wp\/v2\/posts"}],"about":[{"href":"https:\/\/www.cannabis.es\/pw\/wp-json\/wp\/v2\/types\/post"}],"author":[{"embeddable":true,"href":"https:\/\/www.cannabis.es\/pw\/wp-json\/wp\/v2\/users\/1"}],"replies":[{"embeddable":true,"href":"https:\/\/www.cannabis.es\/pw\/wp-json\/wp\/v2\/comments?post=2690"}],"version-history":[{"count":2,"href":"https:\/\/www.cannabis.es\/pw\/wp-json\/wp\/v2\/posts\/2690\/revisions"}],"predecessor-version":[{"id":5088,"href":"https:\/\/www.cannabis.es\/pw\/wp-json\/wp\/v2\/posts\/2690\/revisions\/5088"}],"wp:featuredmedia":[{"embeddable":true,"href":"https:\/\/www.cannabis.es\/pw\/wp-json\/wp\/v2\/media\/2691"}],"wp:attachment":[{"href":"https:\/\/www.cannabis.es\/pw\/wp-json\/wp\/v2\/media?parent=2690"}],"wp:term":[{"taxonomy":"category","embeddable":true,"href":"https:\/\/www.cannabis.es\/pw\/wp-json\/wp\/v2\/categories?post=2690"},{"taxonomy":"post_tag","embeddable":true,"href":"https:\/\/www.cannabis.es\/pw\/wp-json\/wp\/v2\/tags?post=2690"}],"curies":[{"name":"wp","href":"https:\/\/api.w.org\/{rel}","templated":true}]}}