{"id":2693,"date":"2017-05-19T17:00:21","date_gmt":"2017-05-19T15:00:21","guid":{"rendered":"http:\/\/www.cannabis.es\/pw\/?p=2693"},"modified":"2020-05-20T17:02:04","modified_gmt":"2020-05-20T15:02:04","slug":"los-mambo-jambo-en-la-musica-estas-en-mision-constante","status":"publish","type":"post","link":"https:\/\/www.cannabis.es\/pw\/2017\/05\/19\/los-mambo-jambo-en-la-musica-estas-en-mision-constante\/","title":{"rendered":"Los Mambo Jambo: \u201cEn la m\u00fasica est\u00e1s en misi\u00f3n constante\u201d"},"content":{"rendered":"\n<p>No son muchas las bandas actuales que pueden presumir de haber creado un&nbsp;<strong>sonido propio<\/strong>.&nbsp;La formaci\u00f3n barcelonesa de&nbsp;<strong>rock\u00b4n\u00b4roll&nbsp;<\/strong>liderada por un \u201cfrontman\u201d de la talla de<strong>&nbsp;Dani Nel.lo (Los Rebeldes, Dani Nel.lo y la Banda del Zoco)<\/strong>,&nbsp;se jacta en p\u00fablico de perge\u00f1ar \u201cel sonido jambof\u00f3nico\u201d, que definen como una \u201ccombinaci\u00f3n alocada entre&nbsp;<strong><a href=\"https:\/\/www.cannabis.es\/web\/features\/entrevistas\/541-pasapogas-hq-la-elegancia-forma-parte-de-nuestra-cotidianidad\" target=\"_blank\" rel=\"noreferrer noopener\">rhythm &amp; blues<\/a>&nbsp;<\/strong>&nbsp;cargado de energ\u00eda y enfermizo<strong><a href=\"https:\/\/www.cannabis.es\/web\/features\/entrevistas\/560-los-retrovisores-tocar-es-crear-un-espacio-tiempo-de-fraternidad\" target=\"_blank\" rel=\"noreferrer noopener\">&nbsp;rock cincuentero<\/a><\/strong>\u201d.<\/p>\n\n\n\n<hr class=\"wp-block-separator\"\/>\n\n\n\n<p>Lo cierto es que sus comparecencias en directo, que han girado por un sinn\u00famero de pa\u00edses, son sencillamente arrebatadoras, trenzados a base de composiciones instrumentales en la que cada uno de los cuatro componentes se muestra implicado en el proyecto y luce vers\u00e1til con su instrumento.&nbsp;<\/p>\n\n\n\n<p><strong>En el caso de Dani<\/strong><strong>&nbsp;<\/strong><strong>Nel.lo, la oportunidad de ganarse la vida a trav\u00e9s de la m\u00fasica le alcanz\u00f3 en plena adolescencia mediada la d\u00e9cada de los 80 (cuando a\u00fan se valoraba socialmente la m\u00fasica y se pagaba por un \u00e1lbum o un concierto en una sala) con la incorporaci\u00f3n a Los Rebeldes, con quienes registr\u00f3 nada menos que 8 \u00e1lbumes. \u00bfC\u00f3mo recuerdas aquella etapa y en qu\u00e9 medida sirvi\u00f3 para forjarte un car\u00e1cter como m\u00fasico y como persona?<\/strong><br><\/p>\n\n\n\n<p>Fue mi principio. Aprend\u00ed a tocar el saxo, como quien dice, en el escenario. Siempre estar\u00e9 agradecido por la confianza que&nbsp;<strong>Carlos, Mois\u00e9s y Aurelio<\/strong>&nbsp;pusieron en m\u00ed. Con<strong>&nbsp;Los Rebeldes<\/strong>&nbsp;aprend\u00ed lo que era girar, grabar y estar en la profesi\u00f3n. En cuanto a lo que recuerdo de esa etapa; fueron once a\u00f1os. Hubo momentos de todo, pero en general todo positivo y lo que no es tan positivo, nunca fue por parte de la banda o lo musical, sino al contexto mercantil que nos rodeaba. Mucha de la precariedad que vive el sector hoy se cocin\u00f3 durante los noventa. Fueron unos a\u00f1os de pelotazo en el negocio musical, pero \u00bfsabes qu\u00e9? La m\u00fasica siempre saldr\u00e1 adelante porque es una necesidad humana, una forma de expresi\u00f3n b\u00e1sica.<\/p>\n\n\n\n<p><strong>Supongo que el hecho de haber logrado cierta repercusi\u00f3n medi\u00e1tica con Dani Nel.lo y la Banda del Zoco a finales de los 90 habr\u00e1 sido una experiencia enriquecedora y que os habr\u00e1 reportado numerosas vivencias y lecciones para vuestra vida. \u00bfQu\u00e9 es lo m\u00e1s valioso que extrajisteis de dicha etapa musical? De lo aprendido entonces, \u00bfen qu\u00e9 medida condiciona decisiones que est\u00e1is tomando en proyectos actuales?<\/strong><\/p>\n\n\n\n<p>Con la Banda del Zoco sacamos dos discos e hicimos las giras correspondientes. Experiment\u00e9 mucho en ese proyecto. Creo que fue una \u00e9poca de b\u00fasqueda de una voz propia y un momento de probar cosas nuevas. Creo que un m\u00fasico tiene que probar distintos caminos y diferentes contextos en los que expresarse. De todas maneras, comet\u00ed un error: me alej\u00e9 demasiado de mi voz musical principal que es mi saxo. Con la voluntad de cantar, escribir y tocar la guitarra, perd\u00ed moment\u00e1neamente el contacto \u00edntimo con el saxo y esto hizo que no me identificara con plenitud con el resultado final. De todas maneras, mantengo un buen recuerdo de esa etapa. Lo bueno de la m\u00fasica es que no es una carrera con un objetivo o meta definitiva. Siempre est\u00e1s buscando, navegando&#8230;nunca llegas a puerto y piensas: ya he llegado donde quer\u00eda musicalmente y me quedo aqu\u00ed. Est\u00e1s en misi\u00f3n constante por el espacio como la nave Enterprise. De cada proyecto sacas tus lecciones.<\/p>\n\n\n\n<p><strong>Cada uno de los componentes de&nbsp;<a href=\"http:\/\/losmambojambo.com\/\" target=\"_blank\" rel=\"noreferrer noopener\">Los Mambo Jambo<\/a>&nbsp;manten\u00e9is en la actualidad proyectos en paralelo: Ivan Kovacevic en Barcelona Gipsy Klezmer Orchestra o Barcelona Big Blues Band, Dani Barald\u00e9s en the xXx Band, Dani Nel.lo en Sax-o-rama\u2026 \u00bfSe trata de una pura necesidad vital de crear en diversos \u00e1mbitos musicales o es una manera digna de pagar las facturas a fin de mes? \u00bfQu\u00e9 dificultades os ocasiona compaginarlos? \u00bfC\u00f3mo decid\u00eds cuando un tema encaja en un concepto de banda y no en otro?<\/strong><\/p>\n\n\n\n<p>S\u00ed, tenemos varios proyectos paralelos en marcha. Creo que b\u00e1sicamente lo que hacemos a parte de Los Mambo Jambo enriquece al sonido de la banda. Es muy sano tocar cosas distintas. Hombre, casi siempre son m\u00fasicas afines. Ramas de un mismo \u00e1rbol. A nivel de agenda es bastante complicado cuadrarlo todo, pero siempre que hay voluntad, se encuentran maneras de solucionarlo. \u00bfSi es necesidad art\u00edstica o econ\u00f3mica? La vida profesional de un m\u00fasico siempre es un fino equilibrio entre las dos cosas. Lo importante es que cada nota que toques es porque realmente te apetezca tocarla.<\/p>\n\n\n\n<figure class=\"wp-block-image\"><img decoding=\"async\" src=\"https:\/\/www.cannabis.es\/web\/images\/musica1.jpg\" alt=\"musica1\"\/><\/figure>\n\n\n\n<p><strong>Siempre me he preguntado en qu\u00e9 se basa una banda de rock\u00b4n\u00b4roll instrumental para nombrar los temas que compone sin la ayuda de una letra o estribillo pegadizo que recordar con facilidad (como si hab\u00eda en Nel.lo y la Banda del Zoco). \u00bfC\u00f3mo es el proceso de composici\u00f3n de los temas en Los Mambo Jambo, en qu\u00e9 grado participa del mismo cada uno de los componentes y qu\u00e9 os inspira para titular as\u00ed los temas?<\/strong><\/p>\n\n\n\n<p>Se trata de combinar las ideas que trae cada uno al local de ensayo. A veces llegan las ideas m\u00e1s maduras, y a veces m\u00e1s verdes. Uno trae la idea principal de tema y acabamos de darle el toque entre todos. Es un proceso complejo pero muy interesante. Los t\u00edtulos de un tema instrumental son muy divertidos de encontrar. Nos dejamos guiar por la sensaci\u00f3n que nos evoca; cada tema tiene una pel\u00edcula escondida bajo la melod\u00eda y el ritmo. Se trata de encontrarla y saber que palabras son las que la resumen con mayor precisi\u00f3n. Unos temas transmiten velocidad, otros exotismo, otros nocturnidad, otros te pueden evocar una escena, etc.<\/p>\n\n\n\n<p><strong>Am\u00e9rica Latina es siempre un lugar muy propicio para acoger a bandas espa\u00f1olas, en vuestra caso incluso fue publicado en M\u00e9xico el \u00e1lbum \u201cImpacto Inminente\u201d (2013). \u00bfHab\u00e9is tenido oportunidad de girar por otros pa\u00edses? \u00bfQu\u00e9 acogida ha tenido all\u00ed Los Mambo Jambo y en qu\u00e9 medida es distinta de la que tiene aqu\u00ed? \u00bfEn qu\u00e9 medida os ha facilitado la tarea el hecho de que vuestra m\u00fasica sea instrumental?<\/strong><\/p>\n\n\n\n<p>Est\u00e1 claro, el hecho de ser una banda instrumental nos ayuda mucho. La m\u00fasica es un lenguaje universal. Hemos viajado mucho y tenemos la voluntad de seguir haci\u00e9ndolo. En octubre vamos a Brasil y en marzo \/ abril del a\u00f1o que viene queremos volver a M\u00e9xico. En M\u00e9xico disfrutamos mucho. \u00a1Creemos que es un p\u00fablico \u00fanico! Nuestra m\u00fasica, nuestra energ\u00eda, funciona muy bien en ese contexto. Tambi\u00e9n este a\u00f1o hemos vuelto a Serbia, donde nos sentimos a gusto. Europa, o lo queda de ella, tambi\u00e9n tiene su rollo. Hemos estado en Austria, Alemania, Holanda, B\u00e9lgica, Italia, Inglaterra. Ahora bien, nos morimos de ganas de ir a tocar a Jap\u00f3n.<\/p>\n\n\n\n<p><strong>En 2014 ten\u00e9is ocasi\u00f3n de registrar el single \u201cJackeline\u201d\/\u201dCandelight\u201d junto a Barrence Whitfield, el \u201cfrontman\u201d norteamericano de la banda de rhytm&amp;blues Barrence Whitfield &amp; the Savages. \u00bfC\u00f3mo se gest\u00f3 esta propuesta y qu\u00e9 tal fue la convivencia con un referente como Barrence? \u00bfOs hizo replantaros la idea de concebir la posibilidad de incorporar a la banda un cantante, u os mantendr\u00e9is fieles al instrumental?<\/strong><\/p>\n\n\n\n<p>No, nunca hemos tenido cantante y no tendremos. Otra cosa es que hayamos colaborado con distintos cantantes en ocasiones. Colaborar con Barrence fue brutal. Desde los ochenta que venimos sigui\u00e9ndolo. Es un torrente de energ\u00eda y r&#8217;n&#8217;r, y al juntarnos fue como una re-alimentaci\u00f3n foto-at\u00f3mica. Lo recordamos con mucho cari\u00f1o y estamos abiertos a nuevas colaboraciones con \u00e9l.<\/p>\n\n\n\n<p><strong>Sois una banda que, adem\u00e1s de publicar \u00e1lbumes, hab\u00e9is mimado a los coleccionistas y mel\u00f3manos que os siguen publicando regularmente referencias en vinilo. \u00bfPor qu\u00e9 consider\u00e1is que sigue siendo necesario mantener este formato? Adem\u00e1s de vuestra faceta de m\u00fasicos, \u00bfejerc\u00e9is alg\u00fan tipo de labor divulgativa como pinchadiscos o periodistas musicales?<\/strong><\/p>\n\n\n\n<p>S\u00ed, somos bastante fetichistas. Nos encanta como usuarios y como compradores de m\u00fasica empedernidos, por lo tanto me parece consecuente hacerlo desde el otro lado. Tanto el formato de Lp como el de 7\u201d son fant\u00e1sticos. Enmarca las canciones dentro de un lienzo, de una duraci\u00f3n, con unas medidas humanas y de buena degustaci\u00f3n auditiva. Aparte de ir muy bien con nuestra m\u00fasica. Esto de tener una lista de reproducci\u00f3n inacabable est\u00e1 bien pero acaba produciendo el efecto \u201cameba\u201d.<\/p>\n\n\n\n<p><strong>Fotograf\u00edas:<\/strong>&nbsp;David Ruano<\/p>\n","protected":false},"excerpt":{"rendered":"<span class=\"span-reading-time rt-reading-time\" style=\"display: block;\"><span class=\"rt-label rt-prefix\">Tiempo de lectura:<\/span> <span class=\"rt-time\"> 5<\/span> <span class=\"rt-label rt-postfix\">minutos<\/span><\/span>No son muchas las bandas actuales que pueden presumir de haber creado un&nbsp;sonido propio.&nbsp;La formaci\u00f3n barcelonesa de&nbsp;rock\u00b4n\u00b4roll&nbsp;liderada por un \u201cfrontman\u201d de la talla de&nbsp;Dani Nel.lo (Los Rebeldes, Dani Nel.lo y la Banda del Zoco),&nbsp;se jacta en p\u00fablico de perge\u00f1ar \u201cel sonido jambof\u00f3nico\u201d, que definen como una \u201ccombinaci\u00f3n alocada entre&nbsp;rhythm &amp; blues&nbsp;&nbsp;cargado de energ\u00eda y enfermizo&nbsp;rock [&hellip;]","protected":false},"author":1,"featured_media":2694,"comment_status":"closed","ping_status":"closed","sticky":false,"template":"","format":"standard","meta":{"loftocean-featured-post":"","loftocean_post_format_gallery":"","loftocean_post_format_gallery_ids":"","loftocean_post_format_gallery_urls":"","loftocean_post_format_video_id":"","loftocean_post_format_video_url":"","loftocean_post_format_video_type":"","loftocean_post_format_video":"","loftocean_post_format_audio_type":"","loftocean_post_format_audio_url":"","loftocean_post_format_audio_id":"","loftocean_post_format_audio":"","loftocean_post_format_quote_text":"","loftocean_post_format_quote_byline":"","loftocean_post_format_link_text":"","loftocean_post_format_link_url":"","ceramag_post_header_style":"","ceramag_enable_background_video":"","ceramag_show_in_top_slider":"","ceramag_post_background_video_start":"","ceramag_post_background_video_end":"","loftocean_page_background_video_id":"","loftocean_page_background_video_url":"","loftocean_page_background_video_type":"","loftocean_page_background_video":"","ceramag_background_video_start":"","ceramag_background_video_end":"","ceramag_single_page_hide_header":"","footnotes":""},"categories":[33],"tags":[716,1292,1293,1242,1294],"class_list":["post-2693","post","type-post","status-publish","format-standard","has-post-thumbnail","hentry","category-entrevistas","tag-entrevista","tag-los-rebeldes","tag-mambo-jambo","tag-musica","tag-rock-and-roll"],"yoast_head":"<!-- This site is optimized with the Yoast SEO plugin v24.9 - https:\/\/yoast.com\/wordpress\/plugins\/seo\/ -->\n<title>Los Mambo Jambo: \u201cEn la m\u00fasica est\u00e1s en misi\u00f3n constante\u201d<\/title>\n<meta name=\"description\" content=\"Entrada &#8226; Portal multimedia sobre cannabis y otras sustancias &#8226; 19 mayo, 2017\" \/>\n<meta name=\"robots\" content=\"index, follow, max-snippet:-1, max-image-preview:large, max-video-preview:-1\" \/>\n<link rel=\"canonical\" href=\"https:\/\/www.cannabis.es\/pw\/2017\/05\/19\/los-mambo-jambo-en-la-musica-estas-en-mision-constante\/\" \/>\n<meta name=\"twitter:card\" content=\"summary_large_image\" \/>\n<meta name=\"twitter:title\" content=\"Los Mambo Jambo: \u201cEn la m\u00fasica est\u00e1s en misi\u00f3n constante\u201d\" \/>\n<meta name=\"twitter:description\" content=\"Entrada &#8226; Portal multimedia sobre cannabis y otras sustancias &#8226; 19 mayo, 2017\" \/>\n<meta name=\"twitter:image\" content=\"https:\/\/www.cannabis.es\/pw\/wp-content\/uploads\/2020\/05\/musicos.jpg\" \/>\n<meta name=\"twitter:creator\" content=\"@cannabis_es\" \/>\n<meta name=\"twitter:site\" content=\"@cannabis_es\" \/>\n<meta name=\"twitter:label1\" content=\"Escrito por\" \/>\n\t<meta name=\"twitter:data1\" content=\"Cannabis.es\" \/>\n\t<meta name=\"twitter:label2\" content=\"Tiempo de lectura\" \/>\n\t<meta name=\"twitter:data2\" content=\"7 minutos\" \/>\n<script type=\"application\/ld+json\" class=\"yoast-schema-graph\">{\"@context\":\"https:\/\/schema.org\",\"@graph\":[{\"@type\":\"Article\",\"@id\":\"https:\/\/www.cannabis.es\/pw\/2017\/05\/19\/los-mambo-jambo-en-la-musica-estas-en-mision-constante\/#article\",\"isPartOf\":{\"@id\":\"https:\/\/www.cannabis.es\/pw\/2017\/05\/19\/los-mambo-jambo-en-la-musica-estas-en-mision-constante\/\"},\"author\":{\"name\":\"Cannabis.es\",\"@id\":\"https:\/\/www.cannabis.es\/pw\/#\/schema\/person\/e2fbd204580cf4fe74c79b82bc447374\"},\"headline\":\"Los Mambo Jambo: \u201cEn la m\u00fasica est\u00e1s en misi\u00f3n constante\u201d\",\"datePublished\":\"2017-05-19T15:00:21+00:00\",\"dateModified\":\"2020-05-20T15:02:04+00:00\",\"mainEntityOfPage\":{\"@id\":\"https:\/\/www.cannabis.es\/pw\/2017\/05\/19\/los-mambo-jambo-en-la-musica-estas-en-mision-constante\/\"},\"wordCount\":1484,\"publisher\":{\"@id\":\"https:\/\/www.cannabis.es\/pw\/#organization\"},\"image\":{\"@id\":\"https:\/\/www.cannabis.es\/pw\/2017\/05\/19\/los-mambo-jambo-en-la-musica-estas-en-mision-constante\/#primaryimage\"},\"thumbnailUrl\":\"https:\/\/www.cannabis.es\/pw\/wp-content\/uploads\/2020\/05\/musicos.jpg\",\"keywords\":[\"entrevista\",\"Los Rebeldes\",\"Mambo Jambo\",\"m\u00fasica\",\"Rock and Roll\"],\"articleSection\":[\"Entrevistas\"],\"inLanguage\":\"es\"},{\"@type\":\"WebPage\",\"@id\":\"https:\/\/www.cannabis.es\/pw\/2017\/05\/19\/los-mambo-jambo-en-la-musica-estas-en-mision-constante\/\",\"url\":\"https:\/\/www.cannabis.es\/pw\/2017\/05\/19\/los-mambo-jambo-en-la-musica-estas-en-mision-constante\/\",\"name\":\"Los Mambo Jambo: \u201cEn la m\u00fasica est\u00e1s en misi\u00f3n constante\u201d\",\"isPartOf\":{\"@id\":\"https:\/\/www.cannabis.es\/pw\/#website\"},\"primaryImageOfPage\":{\"@id\":\"https:\/\/www.cannabis.es\/pw\/2017\/05\/19\/los-mambo-jambo-en-la-musica-estas-en-mision-constante\/#primaryimage\"},\"image\":{\"@id\":\"https:\/\/www.cannabis.es\/pw\/2017\/05\/19\/los-mambo-jambo-en-la-musica-estas-en-mision-constante\/#primaryimage\"},\"thumbnailUrl\":\"https:\/\/www.cannabis.es\/pw\/wp-content\/uploads\/2020\/05\/musicos.jpg\",\"datePublished\":\"2017-05-19T15:00:21+00:00\",\"dateModified\":\"2020-05-20T15:02:04+00:00\",\"description\":\"Entrada &#8226; Portal multimedia sobre cannabis y otras sustancias &#8226; 19 mayo, 2017\",\"breadcrumb\":{\"@id\":\"https:\/\/www.cannabis.es\/pw\/2017\/05\/19\/los-mambo-jambo-en-la-musica-estas-en-mision-constante\/#breadcrumb\"},\"inLanguage\":\"es\",\"potentialAction\":[{\"@type\":\"ReadAction\",\"target\":[\"https:\/\/www.cannabis.es\/pw\/2017\/05\/19\/los-mambo-jambo-en-la-musica-estas-en-mision-constante\/\"]}]},{\"@type\":\"ImageObject\",\"inLanguage\":\"es\",\"@id\":\"https:\/\/www.cannabis.es\/pw\/2017\/05\/19\/los-mambo-jambo-en-la-musica-estas-en-mision-constante\/#primaryimage\",\"url\":\"https:\/\/www.cannabis.es\/pw\/wp-content\/uploads\/2020\/05\/musicos.jpg\",\"contentUrl\":\"https:\/\/www.cannabis.es\/pw\/wp-content\/uploads\/2020\/05\/musicos.jpg\",\"width\":959,\"height\":475},{\"@type\":\"BreadcrumbList\",\"@id\":\"https:\/\/www.cannabis.es\/pw\/2017\/05\/19\/los-mambo-jambo-en-la-musica-estas-en-mision-constante\/#breadcrumb\",\"itemListElement\":[{\"@type\":\"ListItem\",\"position\":1,\"name\":\"Portada\",\"item\":\"http:\/\/www.cannabis.es\/pw\/\"},{\"@type\":\"ListItem\",\"position\":2,\"name\":\"Los Mambo Jambo: \u201cEn la m\u00fasica est\u00e1s en misi\u00f3n constante\u201d\"}]},{\"@type\":\"WebSite\",\"@id\":\"https:\/\/www.cannabis.es\/pw\/#website\",\"url\":\"https:\/\/www.cannabis.es\/pw\/\",\"name\":\"Cannabis\",\"description\":\"Portal multimedia sobre cannabis y otras sustancias\",\"publisher\":{\"@id\":\"https:\/\/www.cannabis.es\/pw\/#organization\"},\"potentialAction\":[{\"@type\":\"SearchAction\",\"target\":{\"@type\":\"EntryPoint\",\"urlTemplate\":\"https:\/\/www.cannabis.es\/pw\/?s={search_term_string}\"},\"query-input\":{\"@type\":\"PropertyValueSpecification\",\"valueRequired\":true,\"valueName\":\"search_term_string\"}}],\"inLanguage\":\"es\"},{\"@type\":\"Organization\",\"@id\":\"https:\/\/www.cannabis.es\/pw\/#organization\",\"name\":\"Cannabis.es\",\"url\":\"https:\/\/www.cannabis.es\/pw\/\",\"logo\":{\"@type\":\"ImageObject\",\"inLanguage\":\"es\",\"@id\":\"https:\/\/www.cannabis.es\/pw\/#\/schema\/logo\/image\/\",\"url\":\"https:\/\/www.cannabis.es\/pw\/wp-content\/uploads\/2019\/04\/cropped-logo_cannabis.png\",\"contentUrl\":\"https:\/\/www.cannabis.es\/pw\/wp-content\/uploads\/2019\/04\/cropped-logo_cannabis.png\",\"width\":361,\"height\":120,\"caption\":\"Cannabis.es\"},\"image\":{\"@id\":\"https:\/\/www.cannabis.es\/pw\/#\/schema\/logo\/image\/\"},\"sameAs\":[\"https:\/\/x.com\/cannabis_es\"]},{\"@type\":\"Person\",\"@id\":\"https:\/\/www.cannabis.es\/pw\/#\/schema\/person\/e2fbd204580cf4fe74c79b82bc447374\",\"name\":\"Cannabis.es\",\"image\":{\"@type\":\"ImageObject\",\"inLanguage\":\"es\",\"@id\":\"https:\/\/www.cannabis.es\/pw\/#\/schema\/person\/image\/\",\"url\":\"https:\/\/secure.gravatar.com\/avatar\/4375b1eb6e272e2e48a4b8a8def52e5f208151f555bb5906da616906ee6dd2e8?s=96&d=mm&r=g\",\"contentUrl\":\"https:\/\/secure.gravatar.com\/avatar\/4375b1eb6e272e2e48a4b8a8def52e5f208151f555bb5906da616906ee6dd2e8?s=96&d=mm&r=g\",\"caption\":\"Cannabis.es\"},\"url\":\"https:\/\/www.cannabis.es\/pw\/author\/cannabis\/\"}]}<\/script>\n<!-- \/ Yoast SEO plugin. -->","yoast_head_json":{"title":"Los Mambo Jambo: \u201cEn la m\u00fasica est\u00e1s en misi\u00f3n constante\u201d","description":"Entrada &#8226; Portal multimedia sobre cannabis y otras sustancias &#8226; 19 mayo, 2017","robots":{"index":"index","follow":"follow","max-snippet":"max-snippet:-1","max-image-preview":"max-image-preview:large","max-video-preview":"max-video-preview:-1"},"canonical":"https:\/\/www.cannabis.es\/pw\/2017\/05\/19\/los-mambo-jambo-en-la-musica-estas-en-mision-constante\/","twitter_card":"summary_large_image","twitter_title":"Los Mambo Jambo: \u201cEn la m\u00fasica est\u00e1s en misi\u00f3n constante\u201d","twitter_description":"Entrada &#8226; Portal multimedia sobre cannabis y otras sustancias &#8226; 19 mayo, 2017","twitter_image":"https:\/\/www.cannabis.es\/pw\/wp-content\/uploads\/2020\/05\/musicos.jpg","twitter_creator":"@cannabis_es","twitter_site":"@cannabis_es","twitter_misc":{"Escrito por":"Cannabis.es","Tiempo de lectura":"7 minutos"},"schema":{"@context":"https:\/\/schema.org","@graph":[{"@type":"Article","@id":"https:\/\/www.cannabis.es\/pw\/2017\/05\/19\/los-mambo-jambo-en-la-musica-estas-en-mision-constante\/#article","isPartOf":{"@id":"https:\/\/www.cannabis.es\/pw\/2017\/05\/19\/los-mambo-jambo-en-la-musica-estas-en-mision-constante\/"},"author":{"name":"Cannabis.es","@id":"https:\/\/www.cannabis.es\/pw\/#\/schema\/person\/e2fbd204580cf4fe74c79b82bc447374"},"headline":"Los Mambo Jambo: \u201cEn la m\u00fasica est\u00e1s en misi\u00f3n constante\u201d","datePublished":"2017-05-19T15:00:21+00:00","dateModified":"2020-05-20T15:02:04+00:00","mainEntityOfPage":{"@id":"https:\/\/www.cannabis.es\/pw\/2017\/05\/19\/los-mambo-jambo-en-la-musica-estas-en-mision-constante\/"},"wordCount":1484,"publisher":{"@id":"https:\/\/www.cannabis.es\/pw\/#organization"},"image":{"@id":"https:\/\/www.cannabis.es\/pw\/2017\/05\/19\/los-mambo-jambo-en-la-musica-estas-en-mision-constante\/#primaryimage"},"thumbnailUrl":"https:\/\/www.cannabis.es\/pw\/wp-content\/uploads\/2020\/05\/musicos.jpg","keywords":["entrevista","Los Rebeldes","Mambo Jambo","m\u00fasica","Rock and Roll"],"articleSection":["Entrevistas"],"inLanguage":"es"},{"@type":"WebPage","@id":"https:\/\/www.cannabis.es\/pw\/2017\/05\/19\/los-mambo-jambo-en-la-musica-estas-en-mision-constante\/","url":"https:\/\/www.cannabis.es\/pw\/2017\/05\/19\/los-mambo-jambo-en-la-musica-estas-en-mision-constante\/","name":"Los Mambo Jambo: \u201cEn la m\u00fasica est\u00e1s en misi\u00f3n constante\u201d","isPartOf":{"@id":"https:\/\/www.cannabis.es\/pw\/#website"},"primaryImageOfPage":{"@id":"https:\/\/www.cannabis.es\/pw\/2017\/05\/19\/los-mambo-jambo-en-la-musica-estas-en-mision-constante\/#primaryimage"},"image":{"@id":"https:\/\/www.cannabis.es\/pw\/2017\/05\/19\/los-mambo-jambo-en-la-musica-estas-en-mision-constante\/#primaryimage"},"thumbnailUrl":"https:\/\/www.cannabis.es\/pw\/wp-content\/uploads\/2020\/05\/musicos.jpg","datePublished":"2017-05-19T15:00:21+00:00","dateModified":"2020-05-20T15:02:04+00:00","description":"Entrada &#8226; Portal multimedia sobre cannabis y otras sustancias &#8226; 19 mayo, 2017","breadcrumb":{"@id":"https:\/\/www.cannabis.es\/pw\/2017\/05\/19\/los-mambo-jambo-en-la-musica-estas-en-mision-constante\/#breadcrumb"},"inLanguage":"es","potentialAction":[{"@type":"ReadAction","target":["https:\/\/www.cannabis.es\/pw\/2017\/05\/19\/los-mambo-jambo-en-la-musica-estas-en-mision-constante\/"]}]},{"@type":"ImageObject","inLanguage":"es","@id":"https:\/\/www.cannabis.es\/pw\/2017\/05\/19\/los-mambo-jambo-en-la-musica-estas-en-mision-constante\/#primaryimage","url":"https:\/\/www.cannabis.es\/pw\/wp-content\/uploads\/2020\/05\/musicos.jpg","contentUrl":"https:\/\/www.cannabis.es\/pw\/wp-content\/uploads\/2020\/05\/musicos.jpg","width":959,"height":475},{"@type":"BreadcrumbList","@id":"https:\/\/www.cannabis.es\/pw\/2017\/05\/19\/los-mambo-jambo-en-la-musica-estas-en-mision-constante\/#breadcrumb","itemListElement":[{"@type":"ListItem","position":1,"name":"Portada","item":"http:\/\/www.cannabis.es\/pw\/"},{"@type":"ListItem","position":2,"name":"Los Mambo Jambo: \u201cEn la m\u00fasica est\u00e1s en misi\u00f3n constante\u201d"}]},{"@type":"WebSite","@id":"https:\/\/www.cannabis.es\/pw\/#website","url":"https:\/\/www.cannabis.es\/pw\/","name":"Cannabis","description":"Portal multimedia sobre cannabis y otras sustancias","publisher":{"@id":"https:\/\/www.cannabis.es\/pw\/#organization"},"potentialAction":[{"@type":"SearchAction","target":{"@type":"EntryPoint","urlTemplate":"https:\/\/www.cannabis.es\/pw\/?s={search_term_string}"},"query-input":{"@type":"PropertyValueSpecification","valueRequired":true,"valueName":"search_term_string"}}],"inLanguage":"es"},{"@type":"Organization","@id":"https:\/\/www.cannabis.es\/pw\/#organization","name":"Cannabis.es","url":"https:\/\/www.cannabis.es\/pw\/","logo":{"@type":"ImageObject","inLanguage":"es","@id":"https:\/\/www.cannabis.es\/pw\/#\/schema\/logo\/image\/","url":"https:\/\/www.cannabis.es\/pw\/wp-content\/uploads\/2019\/04\/cropped-logo_cannabis.png","contentUrl":"https:\/\/www.cannabis.es\/pw\/wp-content\/uploads\/2019\/04\/cropped-logo_cannabis.png","width":361,"height":120,"caption":"Cannabis.es"},"image":{"@id":"https:\/\/www.cannabis.es\/pw\/#\/schema\/logo\/image\/"},"sameAs":["https:\/\/x.com\/cannabis_es"]},{"@type":"Person","@id":"https:\/\/www.cannabis.es\/pw\/#\/schema\/person\/e2fbd204580cf4fe74c79b82bc447374","name":"Cannabis.es","image":{"@type":"ImageObject","inLanguage":"es","@id":"https:\/\/www.cannabis.es\/pw\/#\/schema\/person\/image\/","url":"https:\/\/secure.gravatar.com\/avatar\/4375b1eb6e272e2e48a4b8a8def52e5f208151f555bb5906da616906ee6dd2e8?s=96&d=mm&r=g","contentUrl":"https:\/\/secure.gravatar.com\/avatar\/4375b1eb6e272e2e48a4b8a8def52e5f208151f555bb5906da616906ee6dd2e8?s=96&d=mm&r=g","caption":"Cannabis.es"},"url":"https:\/\/www.cannabis.es\/pw\/author\/cannabis\/"}]}},"_links":{"self":[{"href":"https:\/\/www.cannabis.es\/pw\/wp-json\/wp\/v2\/posts\/2693","targetHints":{"allow":["GET"]}}],"collection":[{"href":"https:\/\/www.cannabis.es\/pw\/wp-json\/wp\/v2\/posts"}],"about":[{"href":"https:\/\/www.cannabis.es\/pw\/wp-json\/wp\/v2\/types\/post"}],"author":[{"embeddable":true,"href":"https:\/\/www.cannabis.es\/pw\/wp-json\/wp\/v2\/users\/1"}],"replies":[{"embeddable":true,"href":"https:\/\/www.cannabis.es\/pw\/wp-json\/wp\/v2\/comments?post=2693"}],"version-history":[{"count":1,"href":"https:\/\/www.cannabis.es\/pw\/wp-json\/wp\/v2\/posts\/2693\/revisions"}],"predecessor-version":[{"id":2695,"href":"https:\/\/www.cannabis.es\/pw\/wp-json\/wp\/v2\/posts\/2693\/revisions\/2695"}],"wp:featuredmedia":[{"embeddable":true,"href":"https:\/\/www.cannabis.es\/pw\/wp-json\/wp\/v2\/media\/2694"}],"wp:attachment":[{"href":"https:\/\/www.cannabis.es\/pw\/wp-json\/wp\/v2\/media?parent=2693"}],"wp:term":[{"taxonomy":"category","embeddable":true,"href":"https:\/\/www.cannabis.es\/pw\/wp-json\/wp\/v2\/categories?post=2693"},{"taxonomy":"post_tag","embeddable":true,"href":"https:\/\/www.cannabis.es\/pw\/wp-json\/wp\/v2\/tags?post=2693"}],"curies":[{"name":"wp","href":"https:\/\/api.w.org\/{rel}","templated":true}]}}