{"id":2696,"date":"2017-05-18T17:02:16","date_gmt":"2017-05-18T15:02:16","guid":{"rendered":"http:\/\/www.cannabis.es\/pw\/?p=2696"},"modified":"2020-06-04T15:33:42","modified_gmt":"2020-06-04T13:33:42","slug":"plan-autonomico-de-drogodependencias-mas-cerca","status":"publish","type":"post","link":"https:\/\/www.cannabis.es\/pw\/2017\/05\/18\/plan-autonomico-de-drogodependencias-mas-cerca\/","title":{"rendered":"Plan Auton\u00f3mico de Drogodependencias, m\u00e1s cerca"},"content":{"rendered":"\n<p>Por Cannabis.es<\/p>\n\n\n\n<p><strong>El III Plan Auton\u00f3mico de Drogodependencias y Adicciones queda un poco m\u00e1s cerca, ya que&nbsp;ARACFAC&nbsp;compareci\u00f3 el pasado martes&nbsp;<\/strong>a las 11:00 horas en la comisi\u00f3n de peticiones ciudadanas. \u00bfQuer\u00e9is saber lo qu\u00e9 ha pasado? No os perd\u00e1is esta informaci\u00f3n.<\/p>\n\n\n\n<hr class=\"wp-block-separator\"\/>\n\n\n\n<p>Por fin, se ha dado un paso m\u00e1s hacia una regulaci\u00f3n integral del&nbsp;<strong>cannabis en Arag\u00f3n<\/strong>. Desde<strong>&nbsp;las Cortes<\/strong>&nbsp;hemos logrado que se escuche la voz de la voluntad social cann\u00e1bica, exponiendo los<strong>&nbsp;objetivos de la&nbsp;<a href=\"http:\/\/www.arafac.com\/\" target=\"_blank\" rel=\"noreferrer noopener\">Federaci\u00f3n de Asociaciones Cann\u00e1bicas de Arag\u00f3n -ARAFAC<\/a>&#8211;&nbsp;<\/strong>a favor de una&nbsp;<strong>regulaci\u00f3n integral<\/strong>&nbsp;sobre los diversos&nbsp;<strong>usos del cannabis y los derechos<\/strong>&nbsp;de sus m\u00faltiples usuarios.<\/p>\n\n\n\n<p>En representaci\u00f3n del colectivo de&nbsp;<strong>usuarios, cultivadores y terap\u00e9uticos de Arag\u00f3n, la Federaci\u00f3n de Asociaciones Cann\u00e1bicas de Arag\u00f3n &#8211; ARAFAC \u2013<\/strong>&nbsp;ha participado esta ma\u00f1ana ante una comparecencia ante la&nbsp;<strong>Comisi\u00f3n de Comparecencias y Peticiones Ciudadanas<\/strong>&nbsp;con la intenci\u00f3n de que se cree una ponencia que analice las actuales<strong>&nbsp;pol\u00edticas de drogas<\/strong>&nbsp;con respecto al cannabis e incluir a las asociaciones cann\u00e1bicas como espacios preventivos de riesgos dentro del<strong>&nbsp;Plan Auton\u00f3mico de Drogas y otras sustancias adictivas de Arag\u00f3n.<\/strong><\/p>\n\n\n\n<p>Los cuatro intervinientes presentaron los distintos bloques repartidos en quince minutos. El&nbsp;<strong>presidente de ARAFAC<\/strong>&nbsp;ha hecho la introducci\u00f3n y la presentaci\u00f3n del plan de reducci\u00f3n de riesgos realizado por la propia<strong>&nbsp;Federaci\u00f3n<\/strong>, que actualmente est\u00e1 siendo revisado por el&nbsp;<strong>Departamento de Sanidad.<\/strong>&nbsp;A continuaci\u00f3n ha sido la<strong>&nbsp;abogada de ARAFAC<\/strong>&nbsp;la que ha hecho una exposici\u00f3n sobre la situaci\u00f3n jur\u00eddica actual de las asociaciones y usuarias, haciendo hincapi\u00e9 de la realidad en nuestra<strong>&nbsp;Comunidad.<\/strong><\/p>\n\n\n\n<figure class=\"wp-block-image\"><img decoding=\"async\" src=\"https:\/\/www.cannabis.es\/web\/images\/activismo-1.jpg\" alt=\"activismo 1\"\/><\/figure>\n\n\n\n<p>La otra mitad de la Comparecencia ha tratado de las pol\u00edticas de drogas alternativas dentro y fuera del territorio espa\u00f1ol, cuyo tema ha sido presentado por la&nbsp;<strong><a href=\"https:\/\/www.cannabis.es\/web\/features\/entrevistas\/655-mujeres-cannabicas\" target=\"_blank\" rel=\"noreferrer noopener\">presidenta<\/a>&nbsp;de<a href=\"http:\/\/catfac.org\/\" target=\"_blank\" rel=\"noreferrer noopener\">&nbsp;CatFAC<\/a><\/strong>, reflejando la situaci\u00f3n actual que goza el tejido asociativo en Catalu\u00f1a y su amplia colaboraci\u00f3n con el Gobierno catal\u00e1n. Los distintos procesos legislativos que se han producido durante estos a\u00f1os se han presentado tambi\u00e9n ante las Cortes gracias a la portavoz de&nbsp;<strong>ENCOD Espa\u00f1a<\/strong>, cerrando as\u00ed la comparecencia tras solicitar a los diputados que se incluya al<strong>&nbsp;colectivo cann\u00e1bico dentro del plan auton\u00f3mico de drogas<\/strong>&nbsp;y la creaci\u00f3n de una ponencia que estudie una regulaci\u00f3n que contemple a todos sus implicados.<\/p>\n\n\n\n<p>Acto seguido los diputados realizaron la ronda de preguntas, donde m\u00e1s bien han expuesto sus planteamientos sobre el&nbsp;<strong>debate cann\u00e1bico actual.<\/strong>&nbsp;Y entre los cuales han manifestado un gran inter\u00e9s del&nbsp;<strong>uso terap\u00e9utico del cannabis<\/strong>, exponiendo con casi el mismo \u00e9nfasis que cualquier activista cann\u00e1bico los m\u00faltiples beneficios hacia las personas. El cambio est\u00e1 pr\u00f3ximo. Pues han sido los propios diputados quienes hoy parec\u00edan exigir una regulaci\u00f3n. Solicit\u00e1ndola, obviamente, desde el nivel terap\u00e9utico y con un apoyo pol\u00edtico un\u00e1nime, siempre en beneficio de la<strong>&nbsp;Salud P\u00fablica<\/strong>. Pero con un nuevo ideario que, con gran sorpresa, est\u00e1 dispuesto a empezar a crear una hoja de ruta que cuente con nuestra experiencia.<\/p>\n\n\n\n<figure class=\"wp-block-image\"><img decoding=\"async\" src=\"https:\/\/www.cannabis.es\/web\/images\/activismo-2.jpg\" alt=\"activismo 2\"\/><\/figure>\n\n\n\n<p>Por otro lado, tambi\u00e9n se ha manifestado cierta preocupaci\u00f3n por una parte de las&nbsp;<strong>Cortes<\/strong>&nbsp;de que una regulaci\u00f3n afecte a los sectores m\u00e1s vulnerables de la sociedad. Considerando que quiz\u00e1s se deba dividir el debate en dos tipos de regulaciones: la del uso del&nbsp;<strong>cannabis terap\u00e9utico<\/strong>&nbsp;y la del uso social. Desde las&nbsp;<strong>Cortes<\/strong>&nbsp;el mensaje ha sido positivo, demostrando que nos dejan la puerta abierta y que est\u00e1n dispuestos a colaborar con nosotros para que contin\u00fae el debate. Pero conscientes de que la regulaci\u00f3n implica la&nbsp;<strong>despenalizaci\u00f3n del cannabis<\/strong>, as\u00ed como la desaparici\u00f3n de trabas en cuanto a la investigaci\u00f3n de los diversos usos y la aplicaci\u00f3n de medidas que eliminen tab\u00fas. Y eso es una labor social muy minuciosa y exhaustiva. A favor de la libertad de las personas y atacando a su vez los problemas que ha causado el paradigma prohibitivo.<\/p>\n\n\n\n<p>As\u00ed como ha sido sorprendente el inter\u00e9s y participaci\u00f3n mostrados por los diputados, esta ma\u00f1ana&nbsp;<strong>ARAFAC<\/strong>&nbsp;ha demostrado experiencia, representaci\u00f3n y uni\u00f3n. Pero tambi\u00e9n ilusi\u00f3n por formar parte de una regulaci\u00f3n integral que contemple a todos los usuarios espa\u00f1oles. El<strong>&nbsp;m\u00fasculo social cann\u00e1bico<\/strong>&nbsp;ha movido ficha en<strong>&nbsp;Arag\u00f3n<\/strong>&nbsp;hacia una regulaci\u00f3n integral. Tan solo queda que la voluntad pol\u00edtica sepa actualizarse hacia un modelo preventivo, informativo, y, sobre todo, sin dejar de contemplar los derechos y libertades de todas las personas. No debemos olvidar que el activismo cann\u00e1bico lleva muchos a\u00f1os en lucha, mientras que el abanderamiento pol\u00edtico, aunque relativamente de nuestra parte, es muy reciente. Hoy ha quedado patente que hace falta una v\u00eda com\u00fan y transversal en la que la experiencia de los usuarios cann\u00e1bicos es m\u00e1s que necesaria para la voluntad pol\u00edtica.<\/p>\n\n\n\n<p>Gracias de todo coraz\u00f3n a nuestros compa\u00f1eros de<strong>&nbsp;CatFAC, ENCOD y ConFAC por todo el apoyo y la profesionalidad<\/strong>&nbsp;con la que han colaborado por mantener&nbsp;<strong>activo el activismo cann\u00e1bico aragon\u00e9s<\/strong>. Seguimos aprendiendo, pero cada d\u00eda seguimos tambi\u00e9n luchando por la revisi\u00f3n de las&nbsp;<strong>pol\u00edticas de drogas con hacia el cannabis<\/strong>. Tambi\u00e9n agradecemos la presencia de todos aquellos que os hab\u00e9is acercado hasta la Aljafer\u00eda para demostrar vuestro apoyo.<\/p>\n\n\n\n<p><strong>#RegulAragon<\/strong><\/p>\n\n\n\n<figure class=\"wp-block-image\"><img decoding=\"async\" src=\"https:\/\/www.cannabis.es\/web\/images\/activismo-3.jpg\" alt=\"activismo 3\"\/><\/figure>\n","protected":false},"excerpt":{"rendered":"<span class=\"span-reading-time rt-reading-time\" style=\"display: block;\"><span class=\"rt-label rt-prefix\">Tiempo de lectura:<\/span> <span class=\"rt-time\"> 3<\/span> <span class=\"rt-label rt-postfix\">minutos<\/span><\/span>Por Cannabis.es El III Plan Auton\u00f3mico de Drogodependencias y Adicciones queda un poco m\u00e1s cerca, ya que&nbsp;ARACFAC&nbsp;compareci\u00f3 el pasado martes&nbsp;a las 11:00 horas en la comisi\u00f3n de peticiones ciudadanas. \u00bfQuer\u00e9is saber lo qu\u00e9 ha pasado? No os perd\u00e1is esta informaci\u00f3n. Por fin, se ha dado un paso m\u00e1s hacia una regulaci\u00f3n integral del&nbsp;cannabis en Arag\u00f3n. [&hellip;]","protected":false},"author":1,"featured_media":2697,"comment_status":"closed","ping_status":"closed","sticky":false,"template":"","format":"standard","meta":{"loftocean-featured-post":"","loftocean_post_format_gallery":"","loftocean_post_format_gallery_ids":"","loftocean_post_format_gallery_urls":"","loftocean_post_format_video_id":"","loftocean_post_format_video_url":"","loftocean_post_format_video_type":"","loftocean_post_format_video":"","loftocean_post_format_audio_type":"","loftocean_post_format_audio_url":"","loftocean_post_format_audio_id":"","loftocean_post_format_audio":"","loftocean_post_format_quote_text":"","loftocean_post_format_quote_byline":"","loftocean_post_format_link_text":"","loftocean_post_format_link_url":"","ceramag_post_header_style":"","ceramag_enable_background_video":"","ceramag_show_in_top_slider":"","ceramag_post_background_video_start":"","ceramag_post_background_video_end":"","loftocean_page_background_video_id":"","loftocean_page_background_video_url":"","loftocean_page_background_video_type":"","loftocean_page_background_video":"","ceramag_background_video_start":"","ceramag_background_video_end":"","ceramag_single_page_hide_header":"","footnotes":""},"categories":[35],"tags":[1297,1296,973,537],"class_list":["post-2696","post","type-post","status-publish","format-standard","has-post-thumbnail","hentry","category-politica-y-sociedad","tag-arafac","tag-aragon","tag-fac","tag-regulacion-integral-del-cannabis"],"yoast_head":"<!-- This site is optimized with the Yoast SEO plugin v24.9 - https:\/\/yoast.com\/wordpress\/plugins\/seo\/ -->\n<title>Plan Auton\u00f3mico de Drogodependencias, m\u00e1s cerca<\/title>\n<meta name=\"description\" content=\"Entrada &#8226; Portal multimedia sobre cannabis y otras sustancias &#8226; 18 mayo, 2017\" \/>\n<meta name=\"robots\" content=\"index, follow, max-snippet:-1, max-image-preview:large, max-video-preview:-1\" \/>\n<link rel=\"canonical\" href=\"https:\/\/www.cannabis.es\/pw\/2017\/05\/18\/plan-autonomico-de-drogodependencias-mas-cerca\/\" \/>\n<meta name=\"twitter:card\" content=\"summary_large_image\" \/>\n<meta name=\"twitter:title\" content=\"Plan Auton\u00f3mico de Drogodependencias, m\u00e1s cerca\" \/>\n<meta name=\"twitter:description\" content=\"Entrada &#8226; Portal multimedia sobre cannabis y otras sustancias &#8226; 18 mayo, 2017\" \/>\n<meta name=\"twitter:image\" content=\"https:\/\/www.cannabis.es\/pw\/wp-content\/uploads\/2020\/05\/activismo.jpg\" \/>\n<meta name=\"twitter:creator\" content=\"@cannabis_es\" \/>\n<meta name=\"twitter:site\" content=\"@cannabis_es\" \/>\n<meta name=\"twitter:label1\" content=\"Escrito por\" \/>\n\t<meta name=\"twitter:data1\" content=\"Cannabis.es\" \/>\n\t<meta name=\"twitter:label2\" content=\"Tiempo de lectura\" \/>\n\t<meta name=\"twitter:data2\" content=\"5 minutos\" \/>\n<script type=\"application\/ld+json\" class=\"yoast-schema-graph\">{\"@context\":\"https:\/\/schema.org\",\"@graph\":[{\"@type\":\"Article\",\"@id\":\"https:\/\/www.cannabis.es\/pw\/2017\/05\/18\/plan-autonomico-de-drogodependencias-mas-cerca\/#article\",\"isPartOf\":{\"@id\":\"https:\/\/www.cannabis.es\/pw\/2017\/05\/18\/plan-autonomico-de-drogodependencias-mas-cerca\/\"},\"author\":{\"name\":\"Cannabis.es\",\"@id\":\"https:\/\/www.cannabis.es\/pw\/#\/schema\/person\/e2fbd204580cf4fe74c79b82bc447374\"},\"headline\":\"Plan Auton\u00f3mico de Drogodependencias, m\u00e1s cerca\",\"datePublished\":\"2017-05-18T15:02:16+00:00\",\"dateModified\":\"2020-06-04T13:33:42+00:00\",\"mainEntityOfPage\":{\"@id\":\"https:\/\/www.cannabis.es\/pw\/2017\/05\/18\/plan-autonomico-de-drogodependencias-mas-cerca\/\"},\"wordCount\":1002,\"publisher\":{\"@id\":\"https:\/\/www.cannabis.es\/pw\/#organization\"},\"image\":{\"@id\":\"https:\/\/www.cannabis.es\/pw\/2017\/05\/18\/plan-autonomico-de-drogodependencias-mas-cerca\/#primaryimage\"},\"thumbnailUrl\":\"https:\/\/www.cannabis.es\/pw\/wp-content\/uploads\/2020\/05\/activismo.jpg\",\"keywords\":[\"ARAFAC\",\"Arag\u00f3n\",\"FAC\",\"regulaci\u00f3n integral del cannabis\"],\"articleSection\":[\"Pol\u00edtica y Sociedad\"],\"inLanguage\":\"es\"},{\"@type\":\"WebPage\",\"@id\":\"https:\/\/www.cannabis.es\/pw\/2017\/05\/18\/plan-autonomico-de-drogodependencias-mas-cerca\/\",\"url\":\"https:\/\/www.cannabis.es\/pw\/2017\/05\/18\/plan-autonomico-de-drogodependencias-mas-cerca\/\",\"name\":\"Plan Auton\u00f3mico de Drogodependencias, m\u00e1s cerca\",\"isPartOf\":{\"@id\":\"https:\/\/www.cannabis.es\/pw\/#website\"},\"primaryImageOfPage\":{\"@id\":\"https:\/\/www.cannabis.es\/pw\/2017\/05\/18\/plan-autonomico-de-drogodependencias-mas-cerca\/#primaryimage\"},\"image\":{\"@id\":\"https:\/\/www.cannabis.es\/pw\/2017\/05\/18\/plan-autonomico-de-drogodependencias-mas-cerca\/#primaryimage\"},\"thumbnailUrl\":\"https:\/\/www.cannabis.es\/pw\/wp-content\/uploads\/2020\/05\/activismo.jpg\",\"datePublished\":\"2017-05-18T15:02:16+00:00\",\"dateModified\":\"2020-06-04T13:33:42+00:00\",\"description\":\"Entrada &#8226; Portal multimedia sobre cannabis y otras sustancias &#8226; 18 mayo, 2017\",\"breadcrumb\":{\"@id\":\"https:\/\/www.cannabis.es\/pw\/2017\/05\/18\/plan-autonomico-de-drogodependencias-mas-cerca\/#breadcrumb\"},\"inLanguage\":\"es\",\"potentialAction\":[{\"@type\":\"ReadAction\",\"target\":[\"https:\/\/www.cannabis.es\/pw\/2017\/05\/18\/plan-autonomico-de-drogodependencias-mas-cerca\/\"]}]},{\"@type\":\"ImageObject\",\"inLanguage\":\"es\",\"@id\":\"https:\/\/www.cannabis.es\/pw\/2017\/05\/18\/plan-autonomico-de-drogodependencias-mas-cerca\/#primaryimage\",\"url\":\"https:\/\/www.cannabis.es\/pw\/wp-content\/uploads\/2020\/05\/activismo.jpg\",\"contentUrl\":\"https:\/\/www.cannabis.es\/pw\/wp-content\/uploads\/2020\/05\/activismo.jpg\",\"width\":959,\"height\":475},{\"@type\":\"BreadcrumbList\",\"@id\":\"https:\/\/www.cannabis.es\/pw\/2017\/05\/18\/plan-autonomico-de-drogodependencias-mas-cerca\/#breadcrumb\",\"itemListElement\":[{\"@type\":\"ListItem\",\"position\":1,\"name\":\"Portada\",\"item\":\"http:\/\/www.cannabis.es\/pw\/\"},{\"@type\":\"ListItem\",\"position\":2,\"name\":\"Plan Auton\u00f3mico de Drogodependencias, m\u00e1s cerca\"}]},{\"@type\":\"WebSite\",\"@id\":\"https:\/\/www.cannabis.es\/pw\/#website\",\"url\":\"https:\/\/www.cannabis.es\/pw\/\",\"name\":\"Cannabis\",\"description\":\"Portal multimedia sobre cannabis y otras sustancias\",\"publisher\":{\"@id\":\"https:\/\/www.cannabis.es\/pw\/#organization\"},\"potentialAction\":[{\"@type\":\"SearchAction\",\"target\":{\"@type\":\"EntryPoint\",\"urlTemplate\":\"https:\/\/www.cannabis.es\/pw\/?s={search_term_string}\"},\"query-input\":{\"@type\":\"PropertyValueSpecification\",\"valueRequired\":true,\"valueName\":\"search_term_string\"}}],\"inLanguage\":\"es\"},{\"@type\":\"Organization\",\"@id\":\"https:\/\/www.cannabis.es\/pw\/#organization\",\"name\":\"Cannabis.es\",\"url\":\"https:\/\/www.cannabis.es\/pw\/\",\"logo\":{\"@type\":\"ImageObject\",\"inLanguage\":\"es\",\"@id\":\"https:\/\/www.cannabis.es\/pw\/#\/schema\/logo\/image\/\",\"url\":\"https:\/\/www.cannabis.es\/pw\/wp-content\/uploads\/2019\/04\/cropped-logo_cannabis.png\",\"contentUrl\":\"https:\/\/www.cannabis.es\/pw\/wp-content\/uploads\/2019\/04\/cropped-logo_cannabis.png\",\"width\":361,\"height\":120,\"caption\":\"Cannabis.es\"},\"image\":{\"@id\":\"https:\/\/www.cannabis.es\/pw\/#\/schema\/logo\/image\/\"},\"sameAs\":[\"https:\/\/x.com\/cannabis_es\"]},{\"@type\":\"Person\",\"@id\":\"https:\/\/www.cannabis.es\/pw\/#\/schema\/person\/e2fbd204580cf4fe74c79b82bc447374\",\"name\":\"Cannabis.es\",\"image\":{\"@type\":\"ImageObject\",\"inLanguage\":\"es\",\"@id\":\"https:\/\/www.cannabis.es\/pw\/#\/schema\/person\/image\/\",\"url\":\"https:\/\/secure.gravatar.com\/avatar\/4375b1eb6e272e2e48a4b8a8def52e5f208151f555bb5906da616906ee6dd2e8?s=96&d=mm&r=g\",\"contentUrl\":\"https:\/\/secure.gravatar.com\/avatar\/4375b1eb6e272e2e48a4b8a8def52e5f208151f555bb5906da616906ee6dd2e8?s=96&d=mm&r=g\",\"caption\":\"Cannabis.es\"},\"url\":\"https:\/\/www.cannabis.es\/pw\/author\/cannabis\/\"}]}<\/script>\n<!-- \/ Yoast SEO plugin. -->","yoast_head_json":{"title":"Plan Auton\u00f3mico de Drogodependencias, m\u00e1s cerca","description":"Entrada &#8226; Portal multimedia sobre cannabis y otras sustancias &#8226; 18 mayo, 2017","robots":{"index":"index","follow":"follow","max-snippet":"max-snippet:-1","max-image-preview":"max-image-preview:large","max-video-preview":"max-video-preview:-1"},"canonical":"https:\/\/www.cannabis.es\/pw\/2017\/05\/18\/plan-autonomico-de-drogodependencias-mas-cerca\/","twitter_card":"summary_large_image","twitter_title":"Plan Auton\u00f3mico de Drogodependencias, m\u00e1s cerca","twitter_description":"Entrada &#8226; Portal multimedia sobre cannabis y otras sustancias &#8226; 18 mayo, 2017","twitter_image":"https:\/\/www.cannabis.es\/pw\/wp-content\/uploads\/2020\/05\/activismo.jpg","twitter_creator":"@cannabis_es","twitter_site":"@cannabis_es","twitter_misc":{"Escrito por":"Cannabis.es","Tiempo de lectura":"5 minutos"},"schema":{"@context":"https:\/\/schema.org","@graph":[{"@type":"Article","@id":"https:\/\/www.cannabis.es\/pw\/2017\/05\/18\/plan-autonomico-de-drogodependencias-mas-cerca\/#article","isPartOf":{"@id":"https:\/\/www.cannabis.es\/pw\/2017\/05\/18\/plan-autonomico-de-drogodependencias-mas-cerca\/"},"author":{"name":"Cannabis.es","@id":"https:\/\/www.cannabis.es\/pw\/#\/schema\/person\/e2fbd204580cf4fe74c79b82bc447374"},"headline":"Plan Auton\u00f3mico de Drogodependencias, m\u00e1s cerca","datePublished":"2017-05-18T15:02:16+00:00","dateModified":"2020-06-04T13:33:42+00:00","mainEntityOfPage":{"@id":"https:\/\/www.cannabis.es\/pw\/2017\/05\/18\/plan-autonomico-de-drogodependencias-mas-cerca\/"},"wordCount":1002,"publisher":{"@id":"https:\/\/www.cannabis.es\/pw\/#organization"},"image":{"@id":"https:\/\/www.cannabis.es\/pw\/2017\/05\/18\/plan-autonomico-de-drogodependencias-mas-cerca\/#primaryimage"},"thumbnailUrl":"https:\/\/www.cannabis.es\/pw\/wp-content\/uploads\/2020\/05\/activismo.jpg","keywords":["ARAFAC","Arag\u00f3n","FAC","regulaci\u00f3n integral del cannabis"],"articleSection":["Pol\u00edtica y Sociedad"],"inLanguage":"es"},{"@type":"WebPage","@id":"https:\/\/www.cannabis.es\/pw\/2017\/05\/18\/plan-autonomico-de-drogodependencias-mas-cerca\/","url":"https:\/\/www.cannabis.es\/pw\/2017\/05\/18\/plan-autonomico-de-drogodependencias-mas-cerca\/","name":"Plan Auton\u00f3mico de Drogodependencias, m\u00e1s cerca","isPartOf":{"@id":"https:\/\/www.cannabis.es\/pw\/#website"},"primaryImageOfPage":{"@id":"https:\/\/www.cannabis.es\/pw\/2017\/05\/18\/plan-autonomico-de-drogodependencias-mas-cerca\/#primaryimage"},"image":{"@id":"https:\/\/www.cannabis.es\/pw\/2017\/05\/18\/plan-autonomico-de-drogodependencias-mas-cerca\/#primaryimage"},"thumbnailUrl":"https:\/\/www.cannabis.es\/pw\/wp-content\/uploads\/2020\/05\/activismo.jpg","datePublished":"2017-05-18T15:02:16+00:00","dateModified":"2020-06-04T13:33:42+00:00","description":"Entrada &#8226; Portal multimedia sobre cannabis y otras sustancias &#8226; 18 mayo, 2017","breadcrumb":{"@id":"https:\/\/www.cannabis.es\/pw\/2017\/05\/18\/plan-autonomico-de-drogodependencias-mas-cerca\/#breadcrumb"},"inLanguage":"es","potentialAction":[{"@type":"ReadAction","target":["https:\/\/www.cannabis.es\/pw\/2017\/05\/18\/plan-autonomico-de-drogodependencias-mas-cerca\/"]}]},{"@type":"ImageObject","inLanguage":"es","@id":"https:\/\/www.cannabis.es\/pw\/2017\/05\/18\/plan-autonomico-de-drogodependencias-mas-cerca\/#primaryimage","url":"https:\/\/www.cannabis.es\/pw\/wp-content\/uploads\/2020\/05\/activismo.jpg","contentUrl":"https:\/\/www.cannabis.es\/pw\/wp-content\/uploads\/2020\/05\/activismo.jpg","width":959,"height":475},{"@type":"BreadcrumbList","@id":"https:\/\/www.cannabis.es\/pw\/2017\/05\/18\/plan-autonomico-de-drogodependencias-mas-cerca\/#breadcrumb","itemListElement":[{"@type":"ListItem","position":1,"name":"Portada","item":"http:\/\/www.cannabis.es\/pw\/"},{"@type":"ListItem","position":2,"name":"Plan Auton\u00f3mico de Drogodependencias, m\u00e1s cerca"}]},{"@type":"WebSite","@id":"https:\/\/www.cannabis.es\/pw\/#website","url":"https:\/\/www.cannabis.es\/pw\/","name":"Cannabis","description":"Portal multimedia sobre cannabis y otras sustancias","publisher":{"@id":"https:\/\/www.cannabis.es\/pw\/#organization"},"potentialAction":[{"@type":"SearchAction","target":{"@type":"EntryPoint","urlTemplate":"https:\/\/www.cannabis.es\/pw\/?s={search_term_string}"},"query-input":{"@type":"PropertyValueSpecification","valueRequired":true,"valueName":"search_term_string"}}],"inLanguage":"es"},{"@type":"Organization","@id":"https:\/\/www.cannabis.es\/pw\/#organization","name":"Cannabis.es","url":"https:\/\/www.cannabis.es\/pw\/","logo":{"@type":"ImageObject","inLanguage":"es","@id":"https:\/\/www.cannabis.es\/pw\/#\/schema\/logo\/image\/","url":"https:\/\/www.cannabis.es\/pw\/wp-content\/uploads\/2019\/04\/cropped-logo_cannabis.png","contentUrl":"https:\/\/www.cannabis.es\/pw\/wp-content\/uploads\/2019\/04\/cropped-logo_cannabis.png","width":361,"height":120,"caption":"Cannabis.es"},"image":{"@id":"https:\/\/www.cannabis.es\/pw\/#\/schema\/logo\/image\/"},"sameAs":["https:\/\/x.com\/cannabis_es"]},{"@type":"Person","@id":"https:\/\/www.cannabis.es\/pw\/#\/schema\/person\/e2fbd204580cf4fe74c79b82bc447374","name":"Cannabis.es","image":{"@type":"ImageObject","inLanguage":"es","@id":"https:\/\/www.cannabis.es\/pw\/#\/schema\/person\/image\/","url":"https:\/\/secure.gravatar.com\/avatar\/4375b1eb6e272e2e48a4b8a8def52e5f208151f555bb5906da616906ee6dd2e8?s=96&d=mm&r=g","contentUrl":"https:\/\/secure.gravatar.com\/avatar\/4375b1eb6e272e2e48a4b8a8def52e5f208151f555bb5906da616906ee6dd2e8?s=96&d=mm&r=g","caption":"Cannabis.es"},"url":"https:\/\/www.cannabis.es\/pw\/author\/cannabis\/"}]}},"_links":{"self":[{"href":"https:\/\/www.cannabis.es\/pw\/wp-json\/wp\/v2\/posts\/2696","targetHints":{"allow":["GET"]}}],"collection":[{"href":"https:\/\/www.cannabis.es\/pw\/wp-json\/wp\/v2\/posts"}],"about":[{"href":"https:\/\/www.cannabis.es\/pw\/wp-json\/wp\/v2\/types\/post"}],"author":[{"embeddable":true,"href":"https:\/\/www.cannabis.es\/pw\/wp-json\/wp\/v2\/users\/1"}],"replies":[{"embeddable":true,"href":"https:\/\/www.cannabis.es\/pw\/wp-json\/wp\/v2\/comments?post=2696"}],"version-history":[{"count":2,"href":"https:\/\/www.cannabis.es\/pw\/wp-json\/wp\/v2\/posts\/2696\/revisions"}],"predecessor-version":[{"id":5090,"href":"https:\/\/www.cannabis.es\/pw\/wp-json\/wp\/v2\/posts\/2696\/revisions\/5090"}],"wp:featuredmedia":[{"embeddable":true,"href":"https:\/\/www.cannabis.es\/pw\/wp-json\/wp\/v2\/media\/2697"}],"wp:attachment":[{"href":"https:\/\/www.cannabis.es\/pw\/wp-json\/wp\/v2\/media?parent=2696"}],"wp:term":[{"taxonomy":"category","embeddable":true,"href":"https:\/\/www.cannabis.es\/pw\/wp-json\/wp\/v2\/categories?post=2696"},{"taxonomy":"post_tag","embeddable":true,"href":"https:\/\/www.cannabis.es\/pw\/wp-json\/wp\/v2\/tags?post=2696"}],"curies":[{"name":"wp","href":"https:\/\/api.w.org\/{rel}","templated":true}]}}