{"id":2711,"date":"2017-05-15T17:10:59","date_gmt":"2017-05-15T15:10:59","guid":{"rendered":"http:\/\/www.cannabis.es\/pw\/?p=2711"},"modified":"2020-06-04T15:40:15","modified_gmt":"2020-06-04T13:40:15","slug":"entrevista-a-mujeres-cannabicas-sobre-cannabis-y-sexo-del-ninguneo-a-la-integracion","status":"publish","type":"post","link":"https:\/\/www.cannabis.es\/pw\/2017\/05\/15\/entrevista-a-mujeres-cannabicas-sobre-cannabis-y-sexo-del-ninguneo-a-la-integracion\/","title":{"rendered":"Entrevista a Mujeres Cann\u00e1bicas sobre cannabis y sexo: del ninguneo a la integraci\u00f3n"},"content":{"rendered":"\n<p>Por Eme<\/p>\n\n\n\n\n\n\n\n<p>Casi por casualidad en la \u00faltima edici\u00f3n de la\u00a0<strong>Feria Spannabis en Barcelona<\/strong>\u00a0acab\u00e9 sentada en la cuarta fila del\u00a0<strong>Auditori del recinto en Llobregat<\/strong>\u00a0disfrutando de un par de charlas. Con el ajetreo propio de las ferias no hab\u00eda tenido tiempo para estudiar a fondo el programa, as\u00ed que fue el azar el que me llev\u00f3 a escuchar a un grupo de mujeres que hablaban al p\u00fablico asistente\u00a0<strong>sobre cannabis y feminismo<\/strong>. \u00bfEs nuestro sexo, nuestro g\u00e9nero, una cuesti\u00f3n balad\u00ed en el \u00e1mbito cann\u00e1bico o por el contrario, ser mujer resta visibilidad a tu\u00a0<strong>condici\u00f3n de usuaria, consumidora, cultivadora o activista anti-prohibicionista?\u00a0<\/strong><\/p>\n\n\n\n<hr class=\"wp-block-separator\"\/>\n\n\n\n<p>Cierto es que no me hab\u00eda planteado esta cuesti\u00f3n cuando me descubr\u00ed tomando notas durante la ponencia y preguntando un par de cuestiones en el espacio de participaci\u00f3n posterior a la charla. No era consciente de que esta&nbsp;<strong>perspectiva de g\u00e9nero<\/strong>&nbsp;podr\u00eda ser \u00fatil dentro del sector hasta que las escuch\u00e9, y paulatinamente fue creciendo mi inter\u00e9s y atenci\u00f3n. Hasta ahora, la consideraci\u00f3n del&nbsp;<strong>cannabis como tema global y el tratamiento de los colectivos desde esta perspectiva transversal<\/strong>&nbsp;me parec\u00eda m\u00e1s adecuada, pero es cierto que, si desde esa colectividad general no se atienden determinados problemas, \u00bfc\u00f3mo es posible modificarlos y reeducar sobre ellos?<\/p>\n\n\n\n<p>De hecho, s\u00ed me hab\u00eda percatado del uso de la&nbsp;<strong>publicidad en las revistas del sector<\/strong>&nbsp;y del<strong>&nbsp;tratamiento informativo de los contenidos<\/strong>: los art\u00edculos y textos suelen estar dirigidos a hombres, los consejos t\u00e9cnicos, todav\u00eda m\u00e1s, y la publicidad es mayoritariamente sexista, con el&nbsp;<strong>uso de mujeres como secretarias, dependientas sexys, pseudocultivadoras o &#8216;jardineras&#8217; en shorts<\/strong>, etc, ya sea en fotograf\u00edas o ilustraciones. Gran parte de informaci\u00f3n cann\u00e1bica e im\u00e1genes de usuarios en redes sociales muestran a&nbsp;<strong>chicas cann\u00e1bicas&nbsp;<\/strong>que&nbsp;ense\u00f1an mucho m\u00e1s que sus hermosas plantas de&nbsp;<strong>marihuana<\/strong>. &nbsp;Desde la libertad individual de cada cual para desnudarse, se trata de resaltar y estudiar el hecho de que<strong>&nbsp;la relaci\u00f3n del s<\/strong><strong>exo femenino y el cannabis<\/strong>&nbsp;se siga explotando en base a la sexualidad er\u00f3tica de la mujer (desde el gusto heterosexual) y no se asocie como norma a otras caracter\u00edsticas o cualidades de cada mujer.<\/p>\n\n\n\n<p>Sumando&nbsp;esta sensibilizaci\u00f3n previa, y casi inconsciente, a mi asistencia a la citada charla, me&nbsp;puse manos a la obra para poder ofrecer desde&nbsp;<strong>Cannabis.es<\/strong>&nbsp;un an\u00e1lisis sobre este tema. As\u00ed que tiempo&nbsp;despu\u00e9s de mi primer contacto con Mujeres Cann\u00e1bicas, localic\u00e9 a&nbsp;una de las integrantes del&nbsp;<strong><a href=\"http:\/\/www.mujerescannabicas.org\/\" target=\"_blank\" rel=\"noreferrer noopener\">Grupo Motor de REMA<\/a>, Patty Amiguet,<\/strong>&nbsp;para&nbsp;<strong>profundizar en esta nueva mirada y darla a conocer a hombres y mujeres cann\u00e1bicos, o no necesariamente. \u00a1Vamos all\u00e1 pues!&nbsp;<\/strong><\/p>\n\n\n\n<p><strong>Cannabis.es &#8211; \u00bfC\u00f3mo surgi\u00f3 Mujeres Cann\u00e1bicas? \u00bfEs exactamente lo mismo que REMA? Expl\u00edcanos la diferencia si la hay.<\/strong><\/p>\n\n\n\n<p><strong>Mujeres Cann\u00e1bicas &#8211; REMA- MC nace inicialmente del Grupo de Mujeres de la CatFAC<\/strong>, que pretend\u00eda generar un espacio de encuentro, intercambio y debate entre las mujeres de la Federaci\u00f3n, para visibilizar el rol que \u00e9stas ten\u00edan en sus respectivas asociaciones. En cada reuni\u00f3n se invitaba a mujeres que no pertenec\u00edan a la Federaci\u00f3n, hasta que despu\u00e9s de tres encuentros vimos que hab\u00eda una clara necesidad de fomentar ese espacio, pero para que muchas m\u00e1s mujeres pudieran sumarse.<\/p>\n\n\n\n<p>Algunas de estas mujeres ya est\u00e1bamos metidas en una red a\u00fan no materializada, en la que nos aglutin\u00e1bamos compa\u00f1eras, activistas, polit\u00f3logas, antrop\u00f3logas y profesionales relacionadas de alguna manera entre nosotras, y con el cannabis como elemento catalizador de uni\u00f3n. Entonces, decidimos aunar fuerzas y promover el&nbsp;<strong>Primer Encuentro de Mujeres Cann\u00e1bicas<\/strong>, aprovechando el marco de la<strong>&nbsp;Feria de Spannabis de 2016<\/strong>&nbsp;y la gran acogida de esta Feria. El encuentro fue un \u00e9xito y la presentaci\u00f3n de los resultados que se extrajeron nos catapult\u00f3 a la irrupci\u00f3n en la escena cann\u00e1bica actual.&nbsp;<\/p>\n\n\n\n<p>Tras este encuentro,&nbsp;<strong>el Grupo Motor de MMCC<\/strong>&nbsp;nos reunimos y, tras valorar los resultados del encuentro y ser conscientes de qu\u00e9 nuestra existencia era real, que nuestra figura era necesaria, y que nos encontramos la sorpresa del apoyo de much\u00edsimas mujeres de todas partes con nuestro mismo sentir, nos envalentonamos y constituimos&nbsp;<strong>REMA -Asociaci\u00f3n Red Estatal de Mujeres Anti-prohibicionistas en materia de Drogas-.<\/strong><\/p>\n\n\n\n<p>&nbsp;<strong>Y, \u00bfpor qu\u00e9 REMA y no Mujeres Cann\u00e1bicas?<\/strong><\/p>\n\n\n\n<p><strong>MC &#8211;<\/strong><strong>&nbsp;<\/strong>Porque&nbsp;<strong>el proyecto no aborda el cannabis \u00fanicamente: nuestras reivindicaciones empiezan aqu\u00ed y el cannabis es nuestro objetivo ahora, pero nunca se sabe que pasar\u00e1 m\u00e1s adelante\u2026<\/strong>&nbsp;y adem\u00e1s, no todas las asociadas se sienten cann\u00e1bicas pero si anti-prohibicionistas, por lo que cre\u00edmos que era un nombre mucho m\u00e1s inclusivo y con el que todas nos sentimos a gusto.<\/p>\n\n\n\n<p>{youtube}CTH9gcXQn50{\/youtube}&nbsp;<\/p>\n\n\n\n<p><strong>Expl\u00edcanos vuestra relaci\u00f3n con otras asociaciones, colectivos o movimientos cann\u00e1bicos.<\/strong><\/p>\n\n\n\n<p><strong>MC &#8211;<\/strong><strong>&nbsp;<\/strong>Nacemos fruto de las mujeres que estaban en las asociaciones, as\u00ed que nuestra relaci\u00f3n con otros colectivos es crucial, ya que nacemos del movimiento asociativo cann\u00e1bico.<\/p>\n\n\n\n<p>REMA es una agrupaci\u00f3n de mujeres que ya ven\u00edamos, en gran parte, del sector del cannabis o de las pol\u00edticas de drogas, por lo que la mayor\u00eda de nosotras participa activamente en colectivos asociativos o agrupaciones, que est\u00e1n incidiendo en las actuales&nbsp;<strong>pol\u00edticas sobre cannabis del Estado.<\/strong><\/p>\n\n\n\n<p>Nuestra relaci\u00f3n con el resto de colectivos cann\u00e1bicos es transversal: son nuestra\/os compa\u00f1era\/os de lucha y lo \u00fanico que pretendemos es proporcionar la informaci\u00f3n y la cr\u00edtica constructiva para que conjuntamente podamos para elaborar esas pol\u00edticas de drogas que a todas nos ata\u00f1en con una clara mirada de g\u00e9nero.<\/p>\n\n\n\n<blockquote class=\"wp-block-quote is-layout-flow wp-block-quote-is-layout-flow\"><p><strong>REMA o Mujeres Cann\u00e1bicas somos todas, eres t\u00fa que escribes en un medio cann\u00e1bico, es aquella madre o aquella abuela que busca consejo\u2026 Mujer Cann\u00e1bica es cualquiera que apueste por unas pol\u00edticas p\u00fablicas de drogas eficaces e inclusivas.<\/strong><\/p><\/blockquote>\n\n\n\n<p>&nbsp;<strong>Adem\u00e1s del nexo com\u00fan del cannabis, \u00bfqui\u00e9nes conforman Mujeres Cann\u00e1bicas, proven\u00eds tambi\u00e9n de movimientos pol\u00edticos, feministas o asociativos de otra \u00edndole?<\/strong><\/p>\n\n\n\n<p><strong>MC &#8211;<\/strong><strong>&nbsp;<\/strong>Provenimos de la mayor\u00eda de organizaciones asociativas cann\u00e1bicas del Estado, pero adem\u00e1s aglutinamos a profesionales del sector, m\u00e9dicas, psic\u00f3logas, cient\u00edficas, pol\u00edtologas, juristas, activistas, economistas (todas ellas feministas\u2026). En realidad,&nbsp;<strong>REMA o Mujeres Cann\u00e1bicas somos todas, eres t\u00fa que escribes en un medio cann\u00e1bico, es aquella madre o aquella abuela que busca consejo\u2026 Mujer Cann\u00e1bica es cualquiera que apueste por unas pol\u00edticas p\u00fablicas de drogas eficaces e inclusivas.<\/strong><\/p>\n\n\n\n<blockquote class=\"wp-block-quote is-layout-flow wp-block-quote-is-layout-flow\"><p><strong>El proyecto NO aborda el cannabis \u00fanicamente: nuestras reivindicaciones empiezan aqu\u00ed y el cannabis es nuestro objetivoo ahora, pero nunca se sabe que pasar\u00e1 m\u00e1s adelante&nbsp;<\/strong><\/p><\/blockquote>\n\n\n\n<p><strong>\u00bfC\u00f3mo es la mujer cann\u00e1bica espa\u00f1ola?<\/strong><\/p>\n\n\n\n<p><strong>MC &#8211;<\/strong><strong>&nbsp;<\/strong>La Mujer Cannabica Espa\u00f1ola es muy potente, aunque igual de potente que aquellas grandes mujeres que luchan cada d\u00eda en este pa\u00eds por un mundo igualitario e inclusivo. Tenemos mujeres empoderad\u00edsimas liderando o participando en proyectos incre\u00edbles, y otras que simplemente necesitan de ese empuj\u00f3n para empoderarse. Invitamos a las lectoras\/es de&nbsp;<strong>Cannabis.es<\/strong>&nbsp;a que le\u00e1is&nbsp;<a href=\"https:\/\/www.dropbox.com\/s\/w0bgjpziwzour0l\/LAS%20SENDAS%20DE%20LA%20REGULACION.pdf?dl=0\" target=\"_blank\" rel=\"noreferrer noopener\"><strong>aqu\u00ed<\/strong><\/a>&nbsp;&nbsp;nuestro cap\u00edtulo<a href=\"https:\/\/www.cannabis.es\/web\/features\/entrevistas\/623-espana-en-4-anos-podria-estar-preparada-para-una-ley-integral-del-cannabis\" target=\"_blank\" rel=\"noreferrer noopener\"><strong>&nbsp;\u201c<em>De petas y tetas\u201d<\/em><\/strong>, del ensay<\/a><a href=\"https:\/\/www.cannabis.es\/web\/features\/entrevistas\/623-espana-en-4-anos-podria-estar-preparada-para-una-ley-integral-del-cannabis\" target=\"_blank\" rel=\"noreferrer noopener\">o<\/a><strong><a href=\"https:\/\/www.cannabis.es\/web\/features\/entrevistas\/623-espana-en-4-anos-podria-estar-preparada-para-una-ley-integral-del-cannabis\" target=\"_blank\" rel=\"noreferrer noopener\">&nbsp;\u00b4LAS SENDAS DE LA REGULACI\u00d3N EN ESPA\u00d1A\u00b4<\/a>&nbsp;<\/strong>y descubrir\u00e9is porqu\u00e9 acu\u00f1amos el t\u00e9rmino feminismo cann\u00e1bico (y muchas m\u00e1s cositas).<\/p>\n\n\n\n<p><a href=\"https:\/\/www.dropbox.com\/s\/w0bgjpziwzour0l\/LAS%20SENDAS%20DE%20LA%20REGULACION.pdf?dl=0\" target=\"_blank\" rel=\"noreferrer noopener\"><strong>\u00bfCu\u00e1l es el marco legal del cannabis en Espa\u00f1a y en qu\u00e9 puntos lo modificar\u00edais?<\/strong><\/a><\/p>\n\n\n\n<p><strong>MC &#8211;<\/strong><strong>&nbsp;<\/strong>\u00a1Jajajaja! \u00bfQu\u00e9 marco legal del cannabis? En Espa\u00f1a hay muchas propuestas y muy v\u00e1lidas, pero poco marco legal.<\/p>\n\n\n\n<p>Cultivar cannabis en Espa\u00f1a de manera l\u00fadica es ilegal (de forma terap\u00e9utica tambi\u00e9n, pero la Agencia del Medicamento tiene la potestad de otorgar licencias a laboratorios). Portarlo es tambi\u00e9n ilegal, s\u00f3lo est\u00e1 despenalizado el uso privado. Es necesario modificar el<strong>&nbsp;C\u00f3digo Penal, la Ley de Seguridad Ciudadana y la Ley de Tr\u00e1fico.<\/strong>&nbsp;Cuando estas tres leyes hayan sido modificadas y haya una regulaci\u00f3n integral del cannabis, podremos hablar de modificar textos.<\/p>\n\n\n\n<blockquote class=\"wp-block-quote is-layout-flow wp-block-quote-is-layout-flow\"><p><strong>El estigma que nos genera en esta sociedad la condici\u00f3n de mujeres consumidoras es un gra obst\u00e1culo, y si adem\u00e1s le a\u00f1ades el agravante de ser madre, ni te cuento: mujer, cultivadora y madre\u2026 \u00a1triple estigma!<\/strong><\/p><\/blockquote>\n\n\n\n<p>&nbsp;<strong>\u00bfHar\u00eda falta alguna cl\u00e1usula de discriminaci\u00f3n positiva en cuanto a c\u00f3mo se implementa la regulaci\u00f3n, o en la representatividad de la mujer en el sector empresarial y respecto a los c\u00f3digos publicitarios para evitar el sexismo&#8230;?<\/strong><\/p>\n\n\n\n<p><strong>MC &#8211;<\/strong><strong>&nbsp;<\/strong>Por supuesto, y cuando esas leyes se empiecen a elaborar, ah\u00ed estaremos&nbsp;<strong>REMA<\/strong>&nbsp;para luchar por ello, aunque no hace falta regular para poder empezar a concienciar.<\/p>\n\n\n\n<p><strong>\u00bfSon invisibles las mujeres cultivadoras?<\/strong><\/p>\n\n\n\n<p><strong>MC &#8211;<\/strong><strong>&nbsp;<\/strong>Para nosotras no, pero en general para el sector s\u00ed. Pese a que cada vez se intenta camuflar m\u00e1s por parte de las empresas, sigue habiendo una&nbsp;<strong>tendencia masculina muy generalizada<\/strong>. Es una l\u00e1stima, ya que hay muy grandes cultivadoras en este pa\u00eds a las que honramos y respetamos al m\u00e1ximo.<\/p>\n\n\n\n<p><strong>\u00bfEs frecuente que detengan a mujeres por cultivo?<\/strong><\/p>\n\n\n\n<p><strong>MC &#8211;<\/strong><strong>&nbsp;<\/strong>Menos que a hombres, pero lo cierto es que no tenemos a\u00fan datos reales sobre las detenciones. Desde el punto de vista de la informaci\u00f3n de g\u00e9nero, hay muchos frentes en los que trabajar.<\/p>\n\n\n\n<p><strong>\u00bfCu\u00e1l cre\u00e9is que es el obst\u00e1culo m\u00e1s grande en vuestra lucha?<\/strong><\/p>\n\n\n\n<p><strong>MC &#8211;&nbsp;<\/strong>El propio estigma que nos genera en esta sociedad la condici\u00f3n de mujeres consumidoras, y si adem\u00e1s le pones el agravante de ser madre, ni te cuento. Imaginad: mujer, cultivadora y madre\u2026 \u00a1triple estigma!<\/p>\n\n\n\n<blockquote class=\"wp-block-quote is-layout-flow wp-block-quote-is-layout-flow\"><p><strong>Si te declaras consumidora de cualquier sustancia durante el embarazo, te atienes a que se te haga un seguimiento de uso a lo largo del proceso e incluso pueden vigilarte los Servicios Sociales, gener\u00e1ndote un proceso de estr\u00e9s y ansiedad que puede perjudicar al feto.&nbsp;Incidir en esta l\u00ednea de trabajo sobre los protocolos de embarazo y el consumo, es uno de nuestros objetivos clave.<\/strong><\/p><\/blockquote>\n\n\n\n<p><strong>\u00bfCu\u00e1les son los protocolos de parto y de qu\u00e9 forma afectan en particular a las mujeres consumidoras de cannabis?<\/strong><\/p>\n\n\n\n<p><strong>MC &#8211;<\/strong><strong>&nbsp;<\/strong>Estos protocolos no son claros, aunque cuando se aplican son contundentes. Estamos a merced del pensamiento de nuestra doctora o doctor:<strong>&nbsp;si te declaras consumidora de cualquier sustancia durante el embarazo, te atienes a que se te haga un seguimiento de uso a lo largo del proceso e incluso pueden hacer que los Servicios Sociales entren en juego, gener\u00e1ndote un proceso de estr\u00e9s y ansiedad que puede perjudicar al feto<\/strong>&nbsp;o al futuro de la criatura,&nbsp;<strong>mucho m\u00e1s que el propio consumo.&nbsp;<\/strong>Incidir en esta l\u00ednea de trabajo sobre los<strong>&nbsp;protocolos de embarazo y el consumo,&nbsp;<\/strong>es uno de nuestros objetivos clave.<\/p>\n\n\n\n<p><strong>\u00bfSer madre y cann\u00e1bica es compatible?<\/strong><\/p>\n\n\n\n<p><strong>MC &#8211;<\/strong><strong>&nbsp;<\/strong>Cada una deber\u00eda tener la libertad para poder decidir siempre, eso s\u00ed, teniendo acceso a toda la informaci\u00f3n para tomar la decisi\u00f3n adecuada.<\/p>\n\n\n\n<blockquote class=\"wp-block-quote is-layout-flow wp-block-quote-is-layout-flow\"><p>&nbsp;<strong>La ignorancia es el mal generalizado de esta sociedad. La connotaci\u00f3n negativa que la sociedad le ha atribuido al feminismo ha hecho mucho da\u00f1o, y corregir esa concepci\u00f3n requiere de mucha pedagog\u00eda y paciencia. Este es precisamente nuestro objetivo, reeducar al movimiento cann\u00e1bico.<\/strong><\/p><\/blockquote>\n\n\n\n<p><strong>\u00bfC\u00f3mo han encajado los hombres el surgimiento de este colectivo feminista y cann\u00e1bico?<\/strong><\/p>\n\n\n\n<p><strong>MC &#8211;<\/strong><strong>&nbsp;<\/strong>Hay de todo, desde el que cree que era esencial que existamos y que nos apoya incondicionalmente porque cree firmemente en nuestros objetivos, como el que cree que no es necesaria nuestra presencia, pero es injusto hablar solo de ellos porque tambi\u00e9n tenemos mujeres detractoras.<\/p>\n\n\n\n<p>La ignorancia es el mal generalizado de esta sociedad. La<strong>&nbsp;connotaci\u00f3n negativa que la sociedad le ha atribuido al feminismo<\/strong>&nbsp;ha hecho mucho da\u00f1o, y corregir esa concepci\u00f3n requiere de mucha&nbsp;<strong>pedagog\u00eda<\/strong>&nbsp;y paciencia. Este es precisamente nuestro objetivo,&nbsp;<strong>reeducar al movimiento cann\u00e1bico.<\/strong><\/p>\n\n\n\n<figure class=\"wp-block-image\"><img decoding=\"async\" src=\"https:\/\/www.cannabis.es\/web\/images\/Mujeres_Cannabicas_2.jpg\" alt=\"Mujeres Cannabicas globos morados\"\/><\/figure>\n\n\n\n<p><strong>Respecto a los resultados del formulario que realizasteis en Spannabis s\u00f3lo conocemos los datos provisionales, \u00bfpod\u00e9is darnos alguna primicia?<\/strong><\/p>\n\n\n\n<p><strong>MC &#8211;<\/strong><strong>&nbsp;<\/strong>En breve tendremos los resultados de las encuestas que realizamos en la<strong>&nbsp;\u00faltima edici\u00f3n de Spannabis.&nbsp;<\/strong>Os puedo adelantar que estamos mejorando el formulario y estamos planeando continuar haci\u00e9ndolo en todas las ferias para poder recoger datos y ver la evoluci\u00f3n de las empresas del sector, con el objetivo de que cada vez son m\u00e1s las que se suman a la tendencia de ponerse las&nbsp;<strong>gafas moradas<\/strong>.<\/p>\n\n\n\n<blockquote class=\"wp-block-quote is-layout-flow wp-block-quote-is-layout-flow\"><p><strong>Todas deber\u00edamos ir a una, y el<\/strong><strong>&nbsp;sector empresarial deber\u00eda ser el primer interesado en conseguir una regulaci\u00f3n integral de la cannabis para poder trabajar bajo un marco legal y<\/strong><strong>&nbsp;claro.<\/strong><\/p><\/blockquote>\n\n\n\n<p><strong>MC &#8211;&nbsp;\u00bfCu\u00e1l es vuestra valoraci\u00f3n del estado de salud del sector empresarial cann\u00e1bico en Espa\u00f1a?<\/strong><\/p>\n\n\n\n<p>Como en todos los sectores, cada empresa tiene su propia personalidad. Ahora se aprecia una ola generalizada que apuesta por el cambio en el sector.<\/p>\n\n\n\n<p>Existen grandes empresas que hacen de su negocio no s\u00f3lo un beneficio propio, sino que adem\u00e1s aportan con su activismo y con su obra social una<strong>&nbsp;transformaci\u00f3n social en el sector del cannabis<\/strong>. Tambi\u00e9n existe un sinf\u00edn de peque\u00f1as y medianas empresas que son la `ca\u00f1a\u00b4: proyectos incre\u00edbles, solidarios, cooperativistas&#8230; Son muchas las que apuestan por un cambio, pero se necesita m\u00e1s: en un mundo ut\u00f3pico, ser\u00eda incre\u00edble que las empresas en general empezaran a invertir en activismo y en grupos sociales que trabajan por un cambio legislativo.&nbsp;<strong>Todas deber\u00edamos ir a una, y el sector empresarial deber\u00eda ser el primer interesado en conseguir una regulaci\u00f3n integral del\u00a1 cannabis para poder trabajar bajo un marco legal y claro.<\/strong><\/p>\n\n\n\n<blockquote class=\"wp-block-quote is-layout-flow wp-block-quote-is-layout-flow\"><p><strong>Carola P\u00e9rez representa a un target espec\u00edfico, que es el de las personas usuarias terap\u00e9uticas. Ahora debemos dar voz a las usuarias recreativas, a las cultivadoras, a las representantes de las asociaciones y a las mujeres del sector comercial.<\/strong><\/p><\/blockquote>\n\n\n\n<p><strong>\u00bfCre\u00e9is que es positivo que haya mujeres como Carola P\u00e9rez que se est\u00e9n convirtiendo en altavoces en su \u00e1mbito y que esto repercute positivamente en la visibilidad y poder de las mujeres en el mundo del cannabis y en el panorama pol\u00edtico o social?<\/strong><\/p>\n\n\n\n<p><strong>MC &#8211;&nbsp;<\/strong>Por supuesto que es positivo que haya mujeres que hagan de portavoces en este \u00e1mbito, pero tambi\u00e9n es importante resaltar que seamos muchas y no unas pocas. Hay muchos roles en el movimiento a los que hay que seguir dando voz, porque carecemos de esos espacios.&nbsp;<strong>Carola P\u00e9rez representa a un target espec\u00edfico, que es el de las personas usuarias terap\u00e9uticas: es incre\u00edble todo lo que consigue, que repercute por supuesto en positivo, pues lo vive en primera persona y es una realidad que la sociedad tambi\u00e9n percibe. Ahora debemos dar voz a las usuarias recreativas, a las cultivadoras, a las representantes de las asociaciones y a las mujeres del sector comercial.&nbsp;<\/strong>Necesitamos educadoras y especialistas que sean las que faciliten las herramientas a todas estas mujeres empoderadas para poder llevar a cabo la tan deseada regulaci\u00f3n.<\/p>\n\n\n\n<p><strong>\u00bfQu\u00e9 le dir\u00edais a una mujer que est\u00e9 dudando si unirse o no a vuestro colectivo? \u00bfSe aceptan hombres?<\/strong><\/p>\n\n\n\n<p><strong>MC &#8211;<\/strong><strong>&nbsp;<\/strong>Le dir\u00eda que no lo dude, pues<strong>&nbsp;REMA<\/strong>&nbsp;est\u00e1 en continuo crecimiento y transformaci\u00f3n. Al trabajar desde el voluntariado, estamos creando juntas un espacio enriquecedor.Poco a poco, cuantas m\u00e1s seamos, m\u00e1s y mejor lo construiremos.<\/p>\n\n\n\n<p>En cuanto a los hombres es un debate que est\u00e1 abierto en cada encuentro, estamos muy divididas y&nbsp;<strong>estamos trabajando en ver c\u00f3mo generar espacios donde ellos tambi\u00e9n puedan colaborar y sentirse tan parte de REMA como cualquier mujer.<\/strong><\/p>\n\n\n\n<blockquote class=\"wp-block-quote is-layout-flow wp-block-quote-is-layout-flow\"><p><strong>Estamos trabajando en ver como generar espacios donde los hombres puedan colaborar y sentirse tan parte de REMA como cualquier mujer.<\/strong><\/p><\/blockquote>\n\n\n\n<p>&nbsp;<strong>El papel de las mujeres en el sector cann\u00e1bico est\u00e1 evolucionando, \u00bfcu\u00e1l cre\u00e9is que es la causa?<\/strong><\/p>\n\n\n\n<p><strong>MC &#8211;&nbsp;<\/strong>Es una causa generalizada en el mundo. Las mujeres estamos sufriendo una revoluci\u00f3n a muchos niveles, estamos adquiriendo herramientas muy potentes que estamos aprendiendo a utilizar. Recursos como el acceso a la informaci\u00f3n, a la educaci\u00f3n, el desarrollo de la capacidad de empoderamiento, el autoconocimiento, y lo que implica darnos cuenta que vivimos&nbsp;<strong>en una sociedad patriarcal que gira alrededor de la figura masculina de forma totalmente discriminatoria<\/strong>&nbsp;en comparaci\u00f3n con la figura de la mujer. Nos hemos cansado, y como nos hemos cansado, hemos dado un paso al frente. Aqu\u00ed entra en juego esa evoluci\u00f3n.<\/p>\n\n\n\n<blockquote class=\"wp-block-quote is-layout-flow wp-block-quote-is-layout-flow\"><p><strong>La tendencia de vender productos con mujeres desnudas ha descendido muy considerablemente:&nbsp;&nbsp;pretendemos que se planteen las campa\u00f1as de manera adecuada para ambos g\u00e9neros y que se vendan productos para todas las personas.<\/strong>&nbsp;<\/p><\/blockquote>\n\n\n\n<p><strong>\u00bfQu\u00e9 pens\u00e1is respecto a las publicaciones o revistas especializadas que regalan semillas a cambio de que se muestre la mujer desnuda, por citar s\u00f3lo un ejemplo?<\/strong><\/p>\n\n\n\n<p><strong>MC &#8211;&nbsp;<\/strong>Nos sirve para darnos cuenta del trabajo que a\u00fan nos queda por hacer\u2026Pese a que desde que REMA entr\u00f3 en el panorama actual del cannabis en el Estado, hemos visto que&nbsp;<strong>la tendencia de vender productos con mujeres desnudas ha descendido muy considerablemente.<\/strong>&nbsp;Nosotras lo hemos denunciado, al igual que hemos censurado p\u00fablicamente las pol\u00edticas de vestir con muy poca ropa a las azafatas en las ferias o los<strong>&nbsp;calendarios cann\u00e1bicos de desnudos<\/strong>. Seguiremos criticando estas pr\u00e1cticas, pero siempre en positivo, no pretendemos coartar la libertad de nadie, lo que&nbsp;<strong>queremos es que se planteen las campa\u00f1as de manera adecuada para ambos g\u00e9neros y que se vendan productos para todas las personas.<\/strong><\/p>\n\n\n\n<blockquote class=\"wp-block-quote is-layout-flow wp-block-quote-is-layout-flow\"><p><strong>El videoclip que estamos promoviendo v\u00eda crowfounding pretend\u00eda ser una de nuestras aportaciones al feminismo cann\u00e1bico, y el 10% de lo que se recaude ser\u00e1 para un proyecto que relacione&nbsp;mujeres y cannabis.&nbsp;<\/strong><\/p><\/blockquote>\n\n\n\n<p><strong>Por \u00faltimo, \u00bfhay algo que quer\u00e1is a\u00f1adir? Pod\u00e9is aprovechar para dar difusi\u00f3n a cualquier tipo de campa\u00f1a o iniciativa que est\u00e9is llevando a cabo, como la campa\u00f1a de crowfounding que todav\u00eda est\u00e1 en marcha.<\/strong><\/p>\n\n\n\n<p><strong>MC &#8211;&nbsp;<\/strong>En efecto, el&nbsp;<strong>crowfounding&nbsp;<\/strong>sigue en marcha y no s\u00f3lo eso: hemos cambiado totalmente el concepto. En un principio,&nbsp;<strong>el videoclip pretend\u00eda ser una de nuestras aportaciones al feminismo cann\u00e1bico<\/strong>, y aunque hab\u00e9is escuchado el corte de la canci\u00f3n, \u00e9sta en realidad dura unos seis minutos, llenos de cu\u00f1as reivindicativas y de denuncia de la realidad que las mujeres vivimos en nuestro d\u00eda a d\u00eda. Y a ra\u00edz de querer aportar nuestro granito de arena,&nbsp;<strong>desde Mujeres C\u00e1nnabicas<\/strong>&nbsp;hemos decido que<strong>&nbsp;el 10% de lo que se recaude ser\u00e1 para un proyecto que relacione mujeres y cannabis.&nbsp;<\/strong>Pod\u00e9is leer las bases de participaci\u00f3n y realizar vuestras consultas en el link de<strong>&nbsp;\u2018L\u00e1nzanos\u2019 del videoclip. &nbsp;<\/strong><\/p>\n\n\n\n<figure class=\"wp-block-embed\"><div class=\"wp-block-embed__wrapper\">\nhttp:\/\/www.lanzanos.com\/proyectos\/videoclip-mujeres-cannabicas-por-andrea-y-tesa\/\n<\/div><\/figure>\n\n\n\n<p><strong><a href=\"https:\/\/www.facebook.com\/Encuentro-de-Mujeres-Cann%C3%A1bicas-581325285366645\/\" target=\"_blank\" rel=\"noreferrer noopener\">As\u00ed que esperamos poder llegar al objetivo final\u2026Y para eso necesitamos much\u00edsima ayuda aun.<\/a><\/strong><\/p>\n","protected":false},"excerpt":{"rendered":"<span class=\"span-reading-time rt-reading-time\" style=\"display: block;\"><span class=\"rt-label rt-prefix\">Tiempo de lectura:<\/span> <span class=\"rt-time\"> 10<\/span> <span class=\"rt-label rt-postfix\">minutos<\/span><\/span>Por Eme Casi por casualidad en la \u00faltima edici\u00f3n de la\u00a0Feria Spannabis en Barcelona\u00a0acab\u00e9 sentada en la cuarta fila del\u00a0Auditori del recinto en Llobregat\u00a0disfrutando de un par de charlas. Con el ajetreo propio de las ferias no hab\u00eda tenido tiempo para estudiar a fondo el programa, as\u00ed que fue el azar el que me llev\u00f3 [&hellip;]","protected":false},"author":1,"featured_media":2712,"comment_status":"closed","ping_status":"closed","sticky":false,"template":"","format":"standard","meta":{"loftocean-featured-post":"","loftocean_post_format_gallery":"","loftocean_post_format_gallery_ids":"","loftocean_post_format_gallery_urls":"","loftocean_post_format_video_id":"","loftocean_post_format_video_url":"","loftocean_post_format_video_type":"","loftocean_post_format_video":"","loftocean_post_format_audio_type":"","loftocean_post_format_audio_url":"","loftocean_post_format_audio_id":"","loftocean_post_format_audio":"","loftocean_post_format_quote_text":"","loftocean_post_format_quote_byline":"","loftocean_post_format_link_text":"","loftocean_post_format_link_url":"","ceramag_post_header_style":"","ceramag_enable_background_video":"","ceramag_show_in_top_slider":"","ceramag_post_background_video_start":"","ceramag_post_background_video_end":"","loftocean_page_background_video_id":"","loftocean_page_background_video_url":"","loftocean_page_background_video_type":"","loftocean_page_background_video":"","ceramag_background_video_start":"","ceramag_background_video_end":"","ceramag_single_page_hide_header":"","footnotes":""},"categories":[33],"tags":[41,1044,716,832,831,833,974],"class_list":["post-2711","post","type-post","status-publish","format-standard","has-post-thumbnail","hentry","category-entrevistas","tag-cannabis","tag-cannabis-social-club","tag-entrevista","tag-feminismo-cannabico","tag-mujeres","tag-mujeres-cannabicas","tag-rema"],"yoast_head":"<!-- This site is optimized with the Yoast SEO plugin v24.9 - https:\/\/yoast.com\/wordpress\/plugins\/seo\/ -->\n<title>Entrevista a Mujeres Cann\u00e1bicas sobre cannabis y sexo: del ninguneo a la integraci\u00f3n<\/title>\n<meta name=\"description\" content=\"Entrada &#8226; Portal multimedia sobre cannabis y otras sustancias &#8226; 15 mayo, 2017\" \/>\n<meta name=\"robots\" content=\"index, follow, max-snippet:-1, max-image-preview:large, max-video-preview:-1\" \/>\n<link rel=\"canonical\" href=\"https:\/\/www.cannabis.es\/pw\/2017\/05\/15\/entrevista-a-mujeres-cannabicas-sobre-cannabis-y-sexo-del-ninguneo-a-la-integracion\/\" \/>\n<meta name=\"twitter:card\" content=\"summary_large_image\" \/>\n<meta name=\"twitter:title\" content=\"Entrevista a Mujeres Cann\u00e1bicas sobre cannabis y sexo: del ninguneo a la integraci\u00f3n\" \/>\n<meta name=\"twitter:description\" content=\"Entrada &#8226; Portal multimedia sobre cannabis y otras sustancias &#8226; 15 mayo, 2017\" \/>\n<meta name=\"twitter:image\" content=\"https:\/\/www.cannabis.es\/pw\/wp-content\/uploads\/2020\/05\/mujeres_cannabicas.jpg\" \/>\n<meta name=\"twitter:creator\" content=\"@cannabis_es\" \/>\n<meta name=\"twitter:site\" content=\"@cannabis_es\" \/>\n<meta name=\"twitter:label1\" content=\"Escrito por\" \/>\n\t<meta name=\"twitter:data1\" content=\"Cannabis.es\" \/>\n\t<meta name=\"twitter:label2\" content=\"Tiempo de lectura\" \/>\n\t<meta name=\"twitter:data2\" content=\"17 minutos\" \/>\n<script type=\"application\/ld+json\" class=\"yoast-schema-graph\">{\"@context\":\"https:\/\/schema.org\",\"@graph\":[{\"@type\":\"Article\",\"@id\":\"https:\/\/www.cannabis.es\/pw\/2017\/05\/15\/entrevista-a-mujeres-cannabicas-sobre-cannabis-y-sexo-del-ninguneo-a-la-integracion\/#article\",\"isPartOf\":{\"@id\":\"https:\/\/www.cannabis.es\/pw\/2017\/05\/15\/entrevista-a-mujeres-cannabicas-sobre-cannabis-y-sexo-del-ninguneo-a-la-integracion\/\"},\"author\":{\"name\":\"Cannabis.es\",\"@id\":\"https:\/\/www.cannabis.es\/pw\/#\/schema\/person\/e2fbd204580cf4fe74c79b82bc447374\"},\"headline\":\"Entrevista a Mujeres Cann\u00e1bicas sobre cannabis y sexo: del ninguneo a la integraci\u00f3n\",\"datePublished\":\"2017-05-15T15:10:59+00:00\",\"dateModified\":\"2020-06-04T13:40:15+00:00\",\"mainEntityOfPage\":{\"@id\":\"https:\/\/www.cannabis.es\/pw\/2017\/05\/15\/entrevista-a-mujeres-cannabicas-sobre-cannabis-y-sexo-del-ninguneo-a-la-integracion\/\"},\"wordCount\":3393,\"publisher\":{\"@id\":\"https:\/\/www.cannabis.es\/pw\/#organization\"},\"image\":{\"@id\":\"https:\/\/www.cannabis.es\/pw\/2017\/05\/15\/entrevista-a-mujeres-cannabicas-sobre-cannabis-y-sexo-del-ninguneo-a-la-integracion\/#primaryimage\"},\"thumbnailUrl\":\"https:\/\/www.cannabis.es\/pw\/wp-content\/uploads\/2020\/05\/mujeres_cannabicas.jpg\",\"keywords\":[\"cannabis\",\"Cannabis Social Club\",\"entrevista\",\"feminismo cann\u00e1bico\",\"mujeres\",\"Mujeres Cann\u00e1bicas\",\"REMA\"],\"articleSection\":[\"Entrevistas\"],\"inLanguage\":\"es\"},{\"@type\":\"WebPage\",\"@id\":\"https:\/\/www.cannabis.es\/pw\/2017\/05\/15\/entrevista-a-mujeres-cannabicas-sobre-cannabis-y-sexo-del-ninguneo-a-la-integracion\/\",\"url\":\"https:\/\/www.cannabis.es\/pw\/2017\/05\/15\/entrevista-a-mujeres-cannabicas-sobre-cannabis-y-sexo-del-ninguneo-a-la-integracion\/\",\"name\":\"Entrevista a Mujeres Cann\u00e1bicas sobre cannabis y sexo: del ninguneo a la integraci\u00f3n\",\"isPartOf\":{\"@id\":\"https:\/\/www.cannabis.es\/pw\/#website\"},\"primaryImageOfPage\":{\"@id\":\"https:\/\/www.cannabis.es\/pw\/2017\/05\/15\/entrevista-a-mujeres-cannabicas-sobre-cannabis-y-sexo-del-ninguneo-a-la-integracion\/#primaryimage\"},\"image\":{\"@id\":\"https:\/\/www.cannabis.es\/pw\/2017\/05\/15\/entrevista-a-mujeres-cannabicas-sobre-cannabis-y-sexo-del-ninguneo-a-la-integracion\/#primaryimage\"},\"thumbnailUrl\":\"https:\/\/www.cannabis.es\/pw\/wp-content\/uploads\/2020\/05\/mujeres_cannabicas.jpg\",\"datePublished\":\"2017-05-15T15:10:59+00:00\",\"dateModified\":\"2020-06-04T13:40:15+00:00\",\"description\":\"Entrada &#8226; Portal multimedia sobre cannabis y otras sustancias &#8226; 15 mayo, 2017\",\"breadcrumb\":{\"@id\":\"https:\/\/www.cannabis.es\/pw\/2017\/05\/15\/entrevista-a-mujeres-cannabicas-sobre-cannabis-y-sexo-del-ninguneo-a-la-integracion\/#breadcrumb\"},\"inLanguage\":\"es\",\"potentialAction\":[{\"@type\":\"ReadAction\",\"target\":[\"https:\/\/www.cannabis.es\/pw\/2017\/05\/15\/entrevista-a-mujeres-cannabicas-sobre-cannabis-y-sexo-del-ninguneo-a-la-integracion\/\"]}]},{\"@type\":\"ImageObject\",\"inLanguage\":\"es\",\"@id\":\"https:\/\/www.cannabis.es\/pw\/2017\/05\/15\/entrevista-a-mujeres-cannabicas-sobre-cannabis-y-sexo-del-ninguneo-a-la-integracion\/#primaryimage\",\"url\":\"https:\/\/www.cannabis.es\/pw\/wp-content\/uploads\/2020\/05\/mujeres_cannabicas.jpg\",\"contentUrl\":\"https:\/\/www.cannabis.es\/pw\/wp-content\/uploads\/2020\/05\/mujeres_cannabicas.jpg\",\"width\":959,\"height\":475},{\"@type\":\"BreadcrumbList\",\"@id\":\"https:\/\/www.cannabis.es\/pw\/2017\/05\/15\/entrevista-a-mujeres-cannabicas-sobre-cannabis-y-sexo-del-ninguneo-a-la-integracion\/#breadcrumb\",\"itemListElement\":[{\"@type\":\"ListItem\",\"position\":1,\"name\":\"Portada\",\"item\":\"http:\/\/www.cannabis.es\/pw\/\"},{\"@type\":\"ListItem\",\"position\":2,\"name\":\"Entrevista a Mujeres Cann\u00e1bicas sobre cannabis y sexo: del ninguneo a la integraci\u00f3n\"}]},{\"@type\":\"WebSite\",\"@id\":\"https:\/\/www.cannabis.es\/pw\/#website\",\"url\":\"https:\/\/www.cannabis.es\/pw\/\",\"name\":\"Cannabis\",\"description\":\"Portal multimedia sobre cannabis y otras sustancias\",\"publisher\":{\"@id\":\"https:\/\/www.cannabis.es\/pw\/#organization\"},\"potentialAction\":[{\"@type\":\"SearchAction\",\"target\":{\"@type\":\"EntryPoint\",\"urlTemplate\":\"https:\/\/www.cannabis.es\/pw\/?s={search_term_string}\"},\"query-input\":{\"@type\":\"PropertyValueSpecification\",\"valueRequired\":true,\"valueName\":\"search_term_string\"}}],\"inLanguage\":\"es\"},{\"@type\":\"Organization\",\"@id\":\"https:\/\/www.cannabis.es\/pw\/#organization\",\"name\":\"Cannabis.es\",\"url\":\"https:\/\/www.cannabis.es\/pw\/\",\"logo\":{\"@type\":\"ImageObject\",\"inLanguage\":\"es\",\"@id\":\"https:\/\/www.cannabis.es\/pw\/#\/schema\/logo\/image\/\",\"url\":\"https:\/\/www.cannabis.es\/pw\/wp-content\/uploads\/2019\/04\/cropped-logo_cannabis.png\",\"contentUrl\":\"https:\/\/www.cannabis.es\/pw\/wp-content\/uploads\/2019\/04\/cropped-logo_cannabis.png\",\"width\":361,\"height\":120,\"caption\":\"Cannabis.es\"},\"image\":{\"@id\":\"https:\/\/www.cannabis.es\/pw\/#\/schema\/logo\/image\/\"},\"sameAs\":[\"https:\/\/x.com\/cannabis_es\"]},{\"@type\":\"Person\",\"@id\":\"https:\/\/www.cannabis.es\/pw\/#\/schema\/person\/e2fbd204580cf4fe74c79b82bc447374\",\"name\":\"Cannabis.es\",\"image\":{\"@type\":\"ImageObject\",\"inLanguage\":\"es\",\"@id\":\"https:\/\/www.cannabis.es\/pw\/#\/schema\/person\/image\/\",\"url\":\"https:\/\/secure.gravatar.com\/avatar\/4375b1eb6e272e2e48a4b8a8def52e5f208151f555bb5906da616906ee6dd2e8?s=96&d=mm&r=g\",\"contentUrl\":\"https:\/\/secure.gravatar.com\/avatar\/4375b1eb6e272e2e48a4b8a8def52e5f208151f555bb5906da616906ee6dd2e8?s=96&d=mm&r=g\",\"caption\":\"Cannabis.es\"},\"url\":\"https:\/\/www.cannabis.es\/pw\/author\/cannabis\/\"}]}<\/script>\n<!-- \/ Yoast SEO plugin. -->","yoast_head_json":{"title":"Entrevista a Mujeres Cann\u00e1bicas sobre cannabis y sexo: del ninguneo a la integraci\u00f3n","description":"Entrada &#8226; Portal multimedia sobre cannabis y otras sustancias &#8226; 15 mayo, 2017","robots":{"index":"index","follow":"follow","max-snippet":"max-snippet:-1","max-image-preview":"max-image-preview:large","max-video-preview":"max-video-preview:-1"},"canonical":"https:\/\/www.cannabis.es\/pw\/2017\/05\/15\/entrevista-a-mujeres-cannabicas-sobre-cannabis-y-sexo-del-ninguneo-a-la-integracion\/","twitter_card":"summary_large_image","twitter_title":"Entrevista a Mujeres Cann\u00e1bicas sobre cannabis y sexo: del ninguneo a la integraci\u00f3n","twitter_description":"Entrada &#8226; Portal multimedia sobre cannabis y otras sustancias &#8226; 15 mayo, 2017","twitter_image":"https:\/\/www.cannabis.es\/pw\/wp-content\/uploads\/2020\/05\/mujeres_cannabicas.jpg","twitter_creator":"@cannabis_es","twitter_site":"@cannabis_es","twitter_misc":{"Escrito por":"Cannabis.es","Tiempo de lectura":"17 minutos"},"schema":{"@context":"https:\/\/schema.org","@graph":[{"@type":"Article","@id":"https:\/\/www.cannabis.es\/pw\/2017\/05\/15\/entrevista-a-mujeres-cannabicas-sobre-cannabis-y-sexo-del-ninguneo-a-la-integracion\/#article","isPartOf":{"@id":"https:\/\/www.cannabis.es\/pw\/2017\/05\/15\/entrevista-a-mujeres-cannabicas-sobre-cannabis-y-sexo-del-ninguneo-a-la-integracion\/"},"author":{"name":"Cannabis.es","@id":"https:\/\/www.cannabis.es\/pw\/#\/schema\/person\/e2fbd204580cf4fe74c79b82bc447374"},"headline":"Entrevista a Mujeres Cann\u00e1bicas sobre cannabis y sexo: del ninguneo a la integraci\u00f3n","datePublished":"2017-05-15T15:10:59+00:00","dateModified":"2020-06-04T13:40:15+00:00","mainEntityOfPage":{"@id":"https:\/\/www.cannabis.es\/pw\/2017\/05\/15\/entrevista-a-mujeres-cannabicas-sobre-cannabis-y-sexo-del-ninguneo-a-la-integracion\/"},"wordCount":3393,"publisher":{"@id":"https:\/\/www.cannabis.es\/pw\/#organization"},"image":{"@id":"https:\/\/www.cannabis.es\/pw\/2017\/05\/15\/entrevista-a-mujeres-cannabicas-sobre-cannabis-y-sexo-del-ninguneo-a-la-integracion\/#primaryimage"},"thumbnailUrl":"https:\/\/www.cannabis.es\/pw\/wp-content\/uploads\/2020\/05\/mujeres_cannabicas.jpg","keywords":["cannabis","Cannabis Social Club","entrevista","feminismo cann\u00e1bico","mujeres","Mujeres Cann\u00e1bicas","REMA"],"articleSection":["Entrevistas"],"inLanguage":"es"},{"@type":"WebPage","@id":"https:\/\/www.cannabis.es\/pw\/2017\/05\/15\/entrevista-a-mujeres-cannabicas-sobre-cannabis-y-sexo-del-ninguneo-a-la-integracion\/","url":"https:\/\/www.cannabis.es\/pw\/2017\/05\/15\/entrevista-a-mujeres-cannabicas-sobre-cannabis-y-sexo-del-ninguneo-a-la-integracion\/","name":"Entrevista a Mujeres Cann\u00e1bicas sobre cannabis y sexo: del ninguneo a la integraci\u00f3n","isPartOf":{"@id":"https:\/\/www.cannabis.es\/pw\/#website"},"primaryImageOfPage":{"@id":"https:\/\/www.cannabis.es\/pw\/2017\/05\/15\/entrevista-a-mujeres-cannabicas-sobre-cannabis-y-sexo-del-ninguneo-a-la-integracion\/#primaryimage"},"image":{"@id":"https:\/\/www.cannabis.es\/pw\/2017\/05\/15\/entrevista-a-mujeres-cannabicas-sobre-cannabis-y-sexo-del-ninguneo-a-la-integracion\/#primaryimage"},"thumbnailUrl":"https:\/\/www.cannabis.es\/pw\/wp-content\/uploads\/2020\/05\/mujeres_cannabicas.jpg","datePublished":"2017-05-15T15:10:59+00:00","dateModified":"2020-06-04T13:40:15+00:00","description":"Entrada &#8226; Portal multimedia sobre cannabis y otras sustancias &#8226; 15 mayo, 2017","breadcrumb":{"@id":"https:\/\/www.cannabis.es\/pw\/2017\/05\/15\/entrevista-a-mujeres-cannabicas-sobre-cannabis-y-sexo-del-ninguneo-a-la-integracion\/#breadcrumb"},"inLanguage":"es","potentialAction":[{"@type":"ReadAction","target":["https:\/\/www.cannabis.es\/pw\/2017\/05\/15\/entrevista-a-mujeres-cannabicas-sobre-cannabis-y-sexo-del-ninguneo-a-la-integracion\/"]}]},{"@type":"ImageObject","inLanguage":"es","@id":"https:\/\/www.cannabis.es\/pw\/2017\/05\/15\/entrevista-a-mujeres-cannabicas-sobre-cannabis-y-sexo-del-ninguneo-a-la-integracion\/#primaryimage","url":"https:\/\/www.cannabis.es\/pw\/wp-content\/uploads\/2020\/05\/mujeres_cannabicas.jpg","contentUrl":"https:\/\/www.cannabis.es\/pw\/wp-content\/uploads\/2020\/05\/mujeres_cannabicas.jpg","width":959,"height":475},{"@type":"BreadcrumbList","@id":"https:\/\/www.cannabis.es\/pw\/2017\/05\/15\/entrevista-a-mujeres-cannabicas-sobre-cannabis-y-sexo-del-ninguneo-a-la-integracion\/#breadcrumb","itemListElement":[{"@type":"ListItem","position":1,"name":"Portada","item":"http:\/\/www.cannabis.es\/pw\/"},{"@type":"ListItem","position":2,"name":"Entrevista a Mujeres Cann\u00e1bicas sobre cannabis y sexo: del ninguneo a la integraci\u00f3n"}]},{"@type":"WebSite","@id":"https:\/\/www.cannabis.es\/pw\/#website","url":"https:\/\/www.cannabis.es\/pw\/","name":"Cannabis","description":"Portal multimedia sobre cannabis y otras sustancias","publisher":{"@id":"https:\/\/www.cannabis.es\/pw\/#organization"},"potentialAction":[{"@type":"SearchAction","target":{"@type":"EntryPoint","urlTemplate":"https:\/\/www.cannabis.es\/pw\/?s={search_term_string}"},"query-input":{"@type":"PropertyValueSpecification","valueRequired":true,"valueName":"search_term_string"}}],"inLanguage":"es"},{"@type":"Organization","@id":"https:\/\/www.cannabis.es\/pw\/#organization","name":"Cannabis.es","url":"https:\/\/www.cannabis.es\/pw\/","logo":{"@type":"ImageObject","inLanguage":"es","@id":"https:\/\/www.cannabis.es\/pw\/#\/schema\/logo\/image\/","url":"https:\/\/www.cannabis.es\/pw\/wp-content\/uploads\/2019\/04\/cropped-logo_cannabis.png","contentUrl":"https:\/\/www.cannabis.es\/pw\/wp-content\/uploads\/2019\/04\/cropped-logo_cannabis.png","width":361,"height":120,"caption":"Cannabis.es"},"image":{"@id":"https:\/\/www.cannabis.es\/pw\/#\/schema\/logo\/image\/"},"sameAs":["https:\/\/x.com\/cannabis_es"]},{"@type":"Person","@id":"https:\/\/www.cannabis.es\/pw\/#\/schema\/person\/e2fbd204580cf4fe74c79b82bc447374","name":"Cannabis.es","image":{"@type":"ImageObject","inLanguage":"es","@id":"https:\/\/www.cannabis.es\/pw\/#\/schema\/person\/image\/","url":"https:\/\/secure.gravatar.com\/avatar\/4375b1eb6e272e2e48a4b8a8def52e5f208151f555bb5906da616906ee6dd2e8?s=96&d=mm&r=g","contentUrl":"https:\/\/secure.gravatar.com\/avatar\/4375b1eb6e272e2e48a4b8a8def52e5f208151f555bb5906da616906ee6dd2e8?s=96&d=mm&r=g","caption":"Cannabis.es"},"url":"https:\/\/www.cannabis.es\/pw\/author\/cannabis\/"}]}},"_links":{"self":[{"href":"https:\/\/www.cannabis.es\/pw\/wp-json\/wp\/v2\/posts\/2711","targetHints":{"allow":["GET"]}}],"collection":[{"href":"https:\/\/www.cannabis.es\/pw\/wp-json\/wp\/v2\/posts"}],"about":[{"href":"https:\/\/www.cannabis.es\/pw\/wp-json\/wp\/v2\/types\/post"}],"author":[{"embeddable":true,"href":"https:\/\/www.cannabis.es\/pw\/wp-json\/wp\/v2\/users\/1"}],"replies":[{"embeddable":true,"href":"https:\/\/www.cannabis.es\/pw\/wp-json\/wp\/v2\/comments?post=2711"}],"version-history":[{"count":2,"href":"https:\/\/www.cannabis.es\/pw\/wp-json\/wp\/v2\/posts\/2711\/revisions"}],"predecessor-version":[{"id":5093,"href":"https:\/\/www.cannabis.es\/pw\/wp-json\/wp\/v2\/posts\/2711\/revisions\/5093"}],"wp:featuredmedia":[{"embeddable":true,"href":"https:\/\/www.cannabis.es\/pw\/wp-json\/wp\/v2\/media\/2712"}],"wp:attachment":[{"href":"https:\/\/www.cannabis.es\/pw\/wp-json\/wp\/v2\/media?parent=2711"}],"wp:term":[{"taxonomy":"category","embeddable":true,"href":"https:\/\/www.cannabis.es\/pw\/wp-json\/wp\/v2\/categories?post=2711"},{"taxonomy":"post_tag","embeddable":true,"href":"https:\/\/www.cannabis.es\/pw\/wp-json\/wp\/v2\/tags?post=2711"}],"curies":[{"name":"wp","href":"https:\/\/api.w.org\/{rel}","templated":true}]}}