{"id":2718,"date":"2017-05-11T17:14:28","date_gmt":"2017-05-11T15:14:28","guid":{"rendered":"http:\/\/www.cannabis.es\/pw\/?p=2718"},"modified":"2020-05-20T17:15:38","modified_gmt":"2020-05-20T15:15:38","slug":"siembra-el-cambio-cronica-de-cfac-sobre-la-marcha-de-la-marihuana","status":"publish","type":"post","link":"https:\/\/www.cannabis.es\/pw\/2017\/05\/11\/siembra-el-cambio-cronica-de-cfac-sobre-la-marcha-de-la-marihuana\/","title":{"rendered":"&#8216;Siembra el cambio&#8217;: cr\u00f3nica de CFAC sobre la Marcha de la Marihuana"},"content":{"rendered":"\n<p>Este pasado s\u00e1bado 6 de mayo se celebr\u00f3 en Madrid&nbsp;<strong>la XXI edici\u00f3n de la Marcha Mundial de la Marihuana&nbsp;<\/strong>convocada por la veterana&nbsp;<strong>Asociaci\u00f3n Madrile\u00f1a de Estudios sobre el cannabis (AMEC)<\/strong>, acto que se celebra en cientos de ciudades a lo largo de todo el mundo. Si esta misma semana&nbsp;<strong>desde Cannabis.es cont\u00e1bamos&nbsp;<a href=\"https:\/\/www.cannabis.es\/web\/features\/actuaidad\/650-marcha-mundial-de-la-marihuana-en-madrid-2017\" target=\"_blank\" rel=\"noreferrer noopener\">la cr\u00f3nica personal de uno de nuestros colaboradores<\/a><\/strong>&nbsp;sobre esta Marcha, hoy vamos a hacer p\u00fablica la finalidad, balance y&nbsp;<a href=\"https:\/\/www.fac.cc\/comunicado-cfac-marcha-mundial-de-la-marihuana-2017\/\" target=\"_blank\" rel=\"noreferrer noopener\"><strong>cr\u00f3nica de CFAC<\/strong><\/a>, con un papel fundamental en esta manifestaci\u00f3n.<\/p>\n\n\n\n<hr class=\"wp-block-separator\"\/>\n\n\n\n<p>Como cada a\u00f1o para la cita, la madrile\u00f1a Puerta del Sol<strong>&nbsp;se te\u00f1\u00eda de verde con los miles de globos<\/strong>&nbsp;que decenas de activistas repart\u00edan con alegr\u00eda y humor. A las seis en punto y a ritmo de batucada se inici\u00f3<strong>&nbsp;la Marcha<\/strong>&nbsp;de las miles de personas que a\u00f1o tras a\u00f1o y de manera incansable reclaman el fin de la prohibici\u00f3n.<\/p>\n\n\n\n<p>A la cabecera la inconfundible la pancarta de \u201c<strong>Siembra el cambio, cultiva tus derechos\u201d<\/strong>&nbsp;de las organizadoras, pero otras muchas con lemas como&nbsp;<strong>Autocultivo medicinal libre, Legalizar o regular la lucha es cultivar, Cultiva tus derechos, Cosecha libertades, La prohibici\u00f3n del c\u00e1nnabis perjudica gravemente la econom\u00eda de tu pa\u00eds o \u00a1Regulaci\u00f3n integral ya! Entre muchas otras.<\/strong><\/p>\n\n\n\n<p>Pese al paso ligero de la marcha y el j\u00fabilo que la acompa\u00f1aba, fue inevitable el colapso del conocido cruce de la concurrida Calle Montera con la Gran V\u00eda durante casi tres cuartos de hora debido al r\u00edo de personas que acompa\u00f1aban la&nbsp;<strong>manifestaci\u00f3n<\/strong>.<\/p>\n\n\n\n<p>La marcha de este a\u00f1o ten\u00eda un claro objetivo reivindicativo, y muchos de las grandes&nbsp;<strong>figuras del activismo<\/strong>&nbsp;caminaban al son de c\u00e1nticos que empoderaban y generaban una energ\u00eda que animaba hasta a los propios cuerpos de seguridad, a los que la organizaci\u00f3n quiere agradecer el trato recibido.<\/p>\n\n\n\n<figure class=\"wp-block-image\"><img decoding=\"async\" src=\"https:\/\/www.cannabis.es\/web\/images\/portada_mani_Madrid_4.jpg\" alt=\"portada mani Madrid 4\"\/><\/figure>\n\n\n\n<p>Al acabar el ya habitual recorrido en la Plaza de Espa\u00f1a y como si de un gui\u00f1o \u00e1cido se tratara, se ley\u00f3 el manifiesto como cada a\u00f1o ante el&nbsp;<strong>Plan Nacional sobre Drogas Fondo de Bienes y Decomisos<\/strong>, y con un claro prop\u00f3sito de cambio y transversalidad por parte del movimiento, la&nbsp;lectura&nbsp;<strong>se hizo a d\u00fao y con voz femenina.&nbsp;<\/strong>Dos de las mujeres activistas del actual panorama&nbsp;cann\u00e1bico,<strong>&nbsp;Patty Amiguet (Presidenta de CatFAC, portavoz de CFAC y una de las fundadoras de REMA)&nbsp;y&nbsp;Clara Torrijos &#8211;<a href=\"https:\/\/www.regulacionresponsable.es\/\" target=\"_blank\" rel=\"noreferrer noopener\">Presidenta<\/a>&nbsp;&nbsp;de&nbsp;<a href=\"https:\/\/www.cannabis.es\/web\/features\/entrevistas\/623-espana-en-4-anos-podria-estar-preparada-para-una-ley-integral-del-cannabis\" target=\"_blank\" rel=\"noreferrer noopener\">Regulaci\u00f3n Responsable<\/a>&nbsp;(fundaci\u00f3n que Cannabis.es patrocina y publicita),&nbsp;Fundadora y Cooperativista de MarihuanaTV&nbsp;y una de las&nbsp;<a href=\"http:\/\/www.mujerescannabicas.org\/organiza\/\" target=\"_blank\" rel=\"noreferrer noopener\">fundadoras de REMA<\/a><\/strong>&#8211;&nbsp;reclamaron&nbsp;de forma contundente el camino hacia la l\u00f3gica, hacia el&nbsp;<strong>fin de la prohibici\u00f3n<\/strong>, hacia la transversalidad, la mirada de g\u00e9nero, el respeto, la colaboraci\u00f3n y ante todo voluntad y humildad pol\u00edtica, pidiendo a nuestros pol\u00edticos medidas urgentes para las&nbsp;<strong>personas afectadas por la lucha contra las drogas.<\/strong><\/p>\n\n\n\n<p><strong><em>Al finalizar la lectura qued\u00f3 tiempo para un poco de celebraci\u00f3n en la plaza al sonido de&nbsp;<strong><em>reggae, buen rollo y&#8230; \u00a1un poquito de humo!&nbsp;<\/em><\/strong>Esperemos que el a\u00f1o que viene marchemos para celebrar una&nbsp;<strong>regulaci\u00f3n integral del C\u00e1nnabis en el Estado.<\/strong><\/em><\/strong><\/p>\n\n\n\n<p><strong>Manifiesto completo&nbsp;<a href=\"https:\/\/www.fac.cc\/comunicado-cfac-marcha-mundial-de-la-marihuana-2017\/\" target=\"_blank\" rel=\"noreferrer noopener\">aqu\u00ed<\/a><\/strong><\/p>\n\n\n\n<p><strong><em>\u00a1La lucha continua camaradas!<\/em><\/strong><\/p>\n","protected":false},"excerpt":{"rendered":"<span class=\"span-reading-time rt-reading-time\" style=\"display: block;\"><span class=\"rt-label rt-prefix\">Tiempo de lectura:<\/span> <span class=\"rt-time\"> 2<\/span> <span class=\"rt-label rt-postfix\">minutos<\/span><\/span>Este pasado s\u00e1bado 6 de mayo se celebr\u00f3 en Madrid&nbsp;la XXI edici\u00f3n de la Marcha Mundial de la Marihuana&nbsp;convocada por la veterana&nbsp;Asociaci\u00f3n Madrile\u00f1a de Estudios sobre el cannabis (AMEC), acto que se celebra en cientos de ciudades a lo largo de todo el mundo. Si esta misma semana&nbsp;desde Cannabis.es cont\u00e1bamos&nbsp;la cr\u00f3nica personal de uno de [&hellip;]","protected":false},"author":1,"featured_media":2719,"comment_status":"closed","ping_status":"closed","sticky":false,"template":"","format":"standard","meta":{"loftocean-featured-post":"","loftocean_post_format_gallery":"","loftocean_post_format_gallery_ids":"","loftocean_post_format_gallery_urls":"","loftocean_post_format_video_id":"","loftocean_post_format_video_url":"","loftocean_post_format_video_type":"","loftocean_post_format_video":"","loftocean_post_format_audio_type":"","loftocean_post_format_audio_url":"","loftocean_post_format_audio_id":"","loftocean_post_format_audio":"","loftocean_post_format_quote_text":"","loftocean_post_format_quote_byline":"","loftocean_post_format_link_text":"","loftocean_post_format_link_url":"","ceramag_post_header_style":"","ceramag_enable_background_video":"","ceramag_show_in_top_slider":"","ceramag_post_background_video_start":"","ceramag_post_background_video_end":"","loftocean_page_background_video_id":"","loftocean_page_background_video_url":"","loftocean_page_background_video_type":"","loftocean_page_background_video":"","ceramag_background_video_start":"","ceramag_background_video_end":"","ceramag_single_page_hide_header":"","footnotes":""},"categories":[35],"tags":[],"class_list":["post-2718","post","type-post","status-publish","format-standard","has-post-thumbnail","hentry","category-politica-y-sociedad"],"yoast_head":"<!-- This site is optimized with the Yoast SEO plugin v24.9 - https:\/\/yoast.com\/wordpress\/plugins\/seo\/ -->\n<title>&#039;Siembra el cambio&#039;: cr\u00f3nica de CFAC sobre la Marcha de la Marihuana<\/title>\n<meta name=\"description\" content=\"Entrada &#8226; Portal multimedia sobre cannabis y otras sustancias &#8226; 11 mayo, 2017\" \/>\n<meta name=\"robots\" content=\"index, follow, max-snippet:-1, max-image-preview:large, max-video-preview:-1\" \/>\n<link rel=\"canonical\" href=\"https:\/\/www.cannabis.es\/pw\/2017\/05\/11\/siembra-el-cambio-cronica-de-cfac-sobre-la-marcha-de-la-marihuana\/\" \/>\n<meta name=\"twitter:card\" content=\"summary_large_image\" \/>\n<meta name=\"twitter:title\" content=\"&#039;Siembra el cambio&#039;: cr\u00f3nica de CFAC sobre la Marcha de la Marihuana\" \/>\n<meta name=\"twitter:description\" content=\"Entrada &#8226; Portal multimedia sobre cannabis y otras sustancias &#8226; 11 mayo, 2017\" \/>\n<meta name=\"twitter:image\" content=\"https:\/\/www.cannabis.es\/pw\/wp-content\/uploads\/2020\/05\/portada_mani_Madrid.jpg\" \/>\n<meta name=\"twitter:creator\" content=\"@cannabis_es\" \/>\n<meta name=\"twitter:site\" content=\"@cannabis_es\" \/>\n<meta name=\"twitter:label1\" content=\"Escrito por\" \/>\n\t<meta name=\"twitter:data1\" content=\"Cannabis.es\" \/>\n\t<meta name=\"twitter:label2\" content=\"Tiempo de lectura\" \/>\n\t<meta name=\"twitter:data2\" content=\"3 minutos\" \/>\n<script type=\"application\/ld+json\" class=\"yoast-schema-graph\">{\"@context\":\"https:\/\/schema.org\",\"@graph\":[{\"@type\":\"Article\",\"@id\":\"https:\/\/www.cannabis.es\/pw\/2017\/05\/11\/siembra-el-cambio-cronica-de-cfac-sobre-la-marcha-de-la-marihuana\/#article\",\"isPartOf\":{\"@id\":\"https:\/\/www.cannabis.es\/pw\/2017\/05\/11\/siembra-el-cambio-cronica-de-cfac-sobre-la-marcha-de-la-marihuana\/\"},\"author\":{\"name\":\"Cannabis.es\",\"@id\":\"https:\/\/www.cannabis.es\/pw\/#\/schema\/person\/e2fbd204580cf4fe74c79b82bc447374\"},\"headline\":\"&#8216;Siembra el cambio&#8217;: cr\u00f3nica de CFAC sobre la Marcha de la Marihuana\",\"datePublished\":\"2017-05-11T15:14:28+00:00\",\"dateModified\":\"2020-05-20T15:15:38+00:00\",\"mainEntityOfPage\":{\"@id\":\"https:\/\/www.cannabis.es\/pw\/2017\/05\/11\/siembra-el-cambio-cronica-de-cfac-sobre-la-marcha-de-la-marihuana\/\"},\"wordCount\":607,\"publisher\":{\"@id\":\"https:\/\/www.cannabis.es\/pw\/#organization\"},\"image\":{\"@id\":\"https:\/\/www.cannabis.es\/pw\/2017\/05\/11\/siembra-el-cambio-cronica-de-cfac-sobre-la-marcha-de-la-marihuana\/#primaryimage\"},\"thumbnailUrl\":\"https:\/\/www.cannabis.es\/pw\/wp-content\/uploads\/2020\/05\/portada_mani_Madrid.jpg\",\"articleSection\":[\"Pol\u00edtica y Sociedad\"],\"inLanguage\":\"es\"},{\"@type\":\"WebPage\",\"@id\":\"https:\/\/www.cannabis.es\/pw\/2017\/05\/11\/siembra-el-cambio-cronica-de-cfac-sobre-la-marcha-de-la-marihuana\/\",\"url\":\"https:\/\/www.cannabis.es\/pw\/2017\/05\/11\/siembra-el-cambio-cronica-de-cfac-sobre-la-marcha-de-la-marihuana\/\",\"name\":\"'Siembra el cambio': cr\u00f3nica de CFAC sobre la Marcha de la Marihuana\",\"isPartOf\":{\"@id\":\"https:\/\/www.cannabis.es\/pw\/#website\"},\"primaryImageOfPage\":{\"@id\":\"https:\/\/www.cannabis.es\/pw\/2017\/05\/11\/siembra-el-cambio-cronica-de-cfac-sobre-la-marcha-de-la-marihuana\/#primaryimage\"},\"image\":{\"@id\":\"https:\/\/www.cannabis.es\/pw\/2017\/05\/11\/siembra-el-cambio-cronica-de-cfac-sobre-la-marcha-de-la-marihuana\/#primaryimage\"},\"thumbnailUrl\":\"https:\/\/www.cannabis.es\/pw\/wp-content\/uploads\/2020\/05\/portada_mani_Madrid.jpg\",\"datePublished\":\"2017-05-11T15:14:28+00:00\",\"dateModified\":\"2020-05-20T15:15:38+00:00\",\"description\":\"Entrada &#8226; Portal multimedia sobre cannabis y otras sustancias &#8226; 11 mayo, 2017\",\"breadcrumb\":{\"@id\":\"https:\/\/www.cannabis.es\/pw\/2017\/05\/11\/siembra-el-cambio-cronica-de-cfac-sobre-la-marcha-de-la-marihuana\/#breadcrumb\"},\"inLanguage\":\"es\",\"potentialAction\":[{\"@type\":\"ReadAction\",\"target\":[\"https:\/\/www.cannabis.es\/pw\/2017\/05\/11\/siembra-el-cambio-cronica-de-cfac-sobre-la-marcha-de-la-marihuana\/\"]}]},{\"@type\":\"ImageObject\",\"inLanguage\":\"es\",\"@id\":\"https:\/\/www.cannabis.es\/pw\/2017\/05\/11\/siembra-el-cambio-cronica-de-cfac-sobre-la-marcha-de-la-marihuana\/#primaryimage\",\"url\":\"https:\/\/www.cannabis.es\/pw\/wp-content\/uploads\/2020\/05\/portada_mani_Madrid.jpg\",\"contentUrl\":\"https:\/\/www.cannabis.es\/pw\/wp-content\/uploads\/2020\/05\/portada_mani_Madrid.jpg\",\"width\":959,\"height\":475},{\"@type\":\"BreadcrumbList\",\"@id\":\"https:\/\/www.cannabis.es\/pw\/2017\/05\/11\/siembra-el-cambio-cronica-de-cfac-sobre-la-marcha-de-la-marihuana\/#breadcrumb\",\"itemListElement\":[{\"@type\":\"ListItem\",\"position\":1,\"name\":\"Portada\",\"item\":\"http:\/\/www.cannabis.es\/pw\/\"},{\"@type\":\"ListItem\",\"position\":2,\"name\":\"&#8216;Siembra el cambio&#8217;: cr\u00f3nica de CFAC sobre la Marcha de la Marihuana\"}]},{\"@type\":\"WebSite\",\"@id\":\"https:\/\/www.cannabis.es\/pw\/#website\",\"url\":\"https:\/\/www.cannabis.es\/pw\/\",\"name\":\"Cannabis\",\"description\":\"Portal multimedia sobre cannabis y otras sustancias\",\"publisher\":{\"@id\":\"https:\/\/www.cannabis.es\/pw\/#organization\"},\"potentialAction\":[{\"@type\":\"SearchAction\",\"target\":{\"@type\":\"EntryPoint\",\"urlTemplate\":\"https:\/\/www.cannabis.es\/pw\/?s={search_term_string}\"},\"query-input\":{\"@type\":\"PropertyValueSpecification\",\"valueRequired\":true,\"valueName\":\"search_term_string\"}}],\"inLanguage\":\"es\"},{\"@type\":\"Organization\",\"@id\":\"https:\/\/www.cannabis.es\/pw\/#organization\",\"name\":\"Cannabis.es\",\"url\":\"https:\/\/www.cannabis.es\/pw\/\",\"logo\":{\"@type\":\"ImageObject\",\"inLanguage\":\"es\",\"@id\":\"https:\/\/www.cannabis.es\/pw\/#\/schema\/logo\/image\/\",\"url\":\"https:\/\/www.cannabis.es\/pw\/wp-content\/uploads\/2019\/04\/cropped-logo_cannabis.png\",\"contentUrl\":\"https:\/\/www.cannabis.es\/pw\/wp-content\/uploads\/2019\/04\/cropped-logo_cannabis.png\",\"width\":361,\"height\":120,\"caption\":\"Cannabis.es\"},\"image\":{\"@id\":\"https:\/\/www.cannabis.es\/pw\/#\/schema\/logo\/image\/\"},\"sameAs\":[\"https:\/\/x.com\/cannabis_es\"]},{\"@type\":\"Person\",\"@id\":\"https:\/\/www.cannabis.es\/pw\/#\/schema\/person\/e2fbd204580cf4fe74c79b82bc447374\",\"name\":\"Cannabis.es\",\"image\":{\"@type\":\"ImageObject\",\"inLanguage\":\"es\",\"@id\":\"https:\/\/www.cannabis.es\/pw\/#\/schema\/person\/image\/\",\"url\":\"https:\/\/secure.gravatar.com\/avatar\/4375b1eb6e272e2e48a4b8a8def52e5f208151f555bb5906da616906ee6dd2e8?s=96&d=mm&r=g\",\"contentUrl\":\"https:\/\/secure.gravatar.com\/avatar\/4375b1eb6e272e2e48a4b8a8def52e5f208151f555bb5906da616906ee6dd2e8?s=96&d=mm&r=g\",\"caption\":\"Cannabis.es\"},\"url\":\"https:\/\/www.cannabis.es\/pw\/author\/cannabis\/\"}]}<\/script>\n<!-- \/ Yoast SEO plugin. -->","yoast_head_json":{"title":"'Siembra el cambio': cr\u00f3nica de CFAC sobre la Marcha de la Marihuana","description":"Entrada &#8226; Portal multimedia sobre cannabis y otras sustancias &#8226; 11 mayo, 2017","robots":{"index":"index","follow":"follow","max-snippet":"max-snippet:-1","max-image-preview":"max-image-preview:large","max-video-preview":"max-video-preview:-1"},"canonical":"https:\/\/www.cannabis.es\/pw\/2017\/05\/11\/siembra-el-cambio-cronica-de-cfac-sobre-la-marcha-de-la-marihuana\/","twitter_card":"summary_large_image","twitter_title":"'Siembra el cambio': cr\u00f3nica de CFAC sobre la Marcha de la Marihuana","twitter_description":"Entrada &#8226; Portal multimedia sobre cannabis y otras sustancias &#8226; 11 mayo, 2017","twitter_image":"https:\/\/www.cannabis.es\/pw\/wp-content\/uploads\/2020\/05\/portada_mani_Madrid.jpg","twitter_creator":"@cannabis_es","twitter_site":"@cannabis_es","twitter_misc":{"Escrito por":"Cannabis.es","Tiempo de lectura":"3 minutos"},"schema":{"@context":"https:\/\/schema.org","@graph":[{"@type":"Article","@id":"https:\/\/www.cannabis.es\/pw\/2017\/05\/11\/siembra-el-cambio-cronica-de-cfac-sobre-la-marcha-de-la-marihuana\/#article","isPartOf":{"@id":"https:\/\/www.cannabis.es\/pw\/2017\/05\/11\/siembra-el-cambio-cronica-de-cfac-sobre-la-marcha-de-la-marihuana\/"},"author":{"name":"Cannabis.es","@id":"https:\/\/www.cannabis.es\/pw\/#\/schema\/person\/e2fbd204580cf4fe74c79b82bc447374"},"headline":"&#8216;Siembra el cambio&#8217;: cr\u00f3nica de CFAC sobre la Marcha de la Marihuana","datePublished":"2017-05-11T15:14:28+00:00","dateModified":"2020-05-20T15:15:38+00:00","mainEntityOfPage":{"@id":"https:\/\/www.cannabis.es\/pw\/2017\/05\/11\/siembra-el-cambio-cronica-de-cfac-sobre-la-marcha-de-la-marihuana\/"},"wordCount":607,"publisher":{"@id":"https:\/\/www.cannabis.es\/pw\/#organization"},"image":{"@id":"https:\/\/www.cannabis.es\/pw\/2017\/05\/11\/siembra-el-cambio-cronica-de-cfac-sobre-la-marcha-de-la-marihuana\/#primaryimage"},"thumbnailUrl":"https:\/\/www.cannabis.es\/pw\/wp-content\/uploads\/2020\/05\/portada_mani_Madrid.jpg","articleSection":["Pol\u00edtica y Sociedad"],"inLanguage":"es"},{"@type":"WebPage","@id":"https:\/\/www.cannabis.es\/pw\/2017\/05\/11\/siembra-el-cambio-cronica-de-cfac-sobre-la-marcha-de-la-marihuana\/","url":"https:\/\/www.cannabis.es\/pw\/2017\/05\/11\/siembra-el-cambio-cronica-de-cfac-sobre-la-marcha-de-la-marihuana\/","name":"'Siembra el cambio': cr\u00f3nica de CFAC sobre la Marcha de la Marihuana","isPartOf":{"@id":"https:\/\/www.cannabis.es\/pw\/#website"},"primaryImageOfPage":{"@id":"https:\/\/www.cannabis.es\/pw\/2017\/05\/11\/siembra-el-cambio-cronica-de-cfac-sobre-la-marcha-de-la-marihuana\/#primaryimage"},"image":{"@id":"https:\/\/www.cannabis.es\/pw\/2017\/05\/11\/siembra-el-cambio-cronica-de-cfac-sobre-la-marcha-de-la-marihuana\/#primaryimage"},"thumbnailUrl":"https:\/\/www.cannabis.es\/pw\/wp-content\/uploads\/2020\/05\/portada_mani_Madrid.jpg","datePublished":"2017-05-11T15:14:28+00:00","dateModified":"2020-05-20T15:15:38+00:00","description":"Entrada &#8226; Portal multimedia sobre cannabis y otras sustancias &#8226; 11 mayo, 2017","breadcrumb":{"@id":"https:\/\/www.cannabis.es\/pw\/2017\/05\/11\/siembra-el-cambio-cronica-de-cfac-sobre-la-marcha-de-la-marihuana\/#breadcrumb"},"inLanguage":"es","potentialAction":[{"@type":"ReadAction","target":["https:\/\/www.cannabis.es\/pw\/2017\/05\/11\/siembra-el-cambio-cronica-de-cfac-sobre-la-marcha-de-la-marihuana\/"]}]},{"@type":"ImageObject","inLanguage":"es","@id":"https:\/\/www.cannabis.es\/pw\/2017\/05\/11\/siembra-el-cambio-cronica-de-cfac-sobre-la-marcha-de-la-marihuana\/#primaryimage","url":"https:\/\/www.cannabis.es\/pw\/wp-content\/uploads\/2020\/05\/portada_mani_Madrid.jpg","contentUrl":"https:\/\/www.cannabis.es\/pw\/wp-content\/uploads\/2020\/05\/portada_mani_Madrid.jpg","width":959,"height":475},{"@type":"BreadcrumbList","@id":"https:\/\/www.cannabis.es\/pw\/2017\/05\/11\/siembra-el-cambio-cronica-de-cfac-sobre-la-marcha-de-la-marihuana\/#breadcrumb","itemListElement":[{"@type":"ListItem","position":1,"name":"Portada","item":"http:\/\/www.cannabis.es\/pw\/"},{"@type":"ListItem","position":2,"name":"&#8216;Siembra el cambio&#8217;: cr\u00f3nica de CFAC sobre la Marcha de la Marihuana"}]},{"@type":"WebSite","@id":"https:\/\/www.cannabis.es\/pw\/#website","url":"https:\/\/www.cannabis.es\/pw\/","name":"Cannabis","description":"Portal multimedia sobre cannabis y otras sustancias","publisher":{"@id":"https:\/\/www.cannabis.es\/pw\/#organization"},"potentialAction":[{"@type":"SearchAction","target":{"@type":"EntryPoint","urlTemplate":"https:\/\/www.cannabis.es\/pw\/?s={search_term_string}"},"query-input":{"@type":"PropertyValueSpecification","valueRequired":true,"valueName":"search_term_string"}}],"inLanguage":"es"},{"@type":"Organization","@id":"https:\/\/www.cannabis.es\/pw\/#organization","name":"Cannabis.es","url":"https:\/\/www.cannabis.es\/pw\/","logo":{"@type":"ImageObject","inLanguage":"es","@id":"https:\/\/www.cannabis.es\/pw\/#\/schema\/logo\/image\/","url":"https:\/\/www.cannabis.es\/pw\/wp-content\/uploads\/2019\/04\/cropped-logo_cannabis.png","contentUrl":"https:\/\/www.cannabis.es\/pw\/wp-content\/uploads\/2019\/04\/cropped-logo_cannabis.png","width":361,"height":120,"caption":"Cannabis.es"},"image":{"@id":"https:\/\/www.cannabis.es\/pw\/#\/schema\/logo\/image\/"},"sameAs":["https:\/\/x.com\/cannabis_es"]},{"@type":"Person","@id":"https:\/\/www.cannabis.es\/pw\/#\/schema\/person\/e2fbd204580cf4fe74c79b82bc447374","name":"Cannabis.es","image":{"@type":"ImageObject","inLanguage":"es","@id":"https:\/\/www.cannabis.es\/pw\/#\/schema\/person\/image\/","url":"https:\/\/secure.gravatar.com\/avatar\/4375b1eb6e272e2e48a4b8a8def52e5f208151f555bb5906da616906ee6dd2e8?s=96&d=mm&r=g","contentUrl":"https:\/\/secure.gravatar.com\/avatar\/4375b1eb6e272e2e48a4b8a8def52e5f208151f555bb5906da616906ee6dd2e8?s=96&d=mm&r=g","caption":"Cannabis.es"},"url":"https:\/\/www.cannabis.es\/pw\/author\/cannabis\/"}]}},"_links":{"self":[{"href":"https:\/\/www.cannabis.es\/pw\/wp-json\/wp\/v2\/posts\/2718","targetHints":{"allow":["GET"]}}],"collection":[{"href":"https:\/\/www.cannabis.es\/pw\/wp-json\/wp\/v2\/posts"}],"about":[{"href":"https:\/\/www.cannabis.es\/pw\/wp-json\/wp\/v2\/types\/post"}],"author":[{"embeddable":true,"href":"https:\/\/www.cannabis.es\/pw\/wp-json\/wp\/v2\/users\/1"}],"replies":[{"embeddable":true,"href":"https:\/\/www.cannabis.es\/pw\/wp-json\/wp\/v2\/comments?post=2718"}],"version-history":[{"count":1,"href":"https:\/\/www.cannabis.es\/pw\/wp-json\/wp\/v2\/posts\/2718\/revisions"}],"predecessor-version":[{"id":2720,"href":"https:\/\/www.cannabis.es\/pw\/wp-json\/wp\/v2\/posts\/2718\/revisions\/2720"}],"wp:featuredmedia":[{"embeddable":true,"href":"https:\/\/www.cannabis.es\/pw\/wp-json\/wp\/v2\/media\/2719"}],"wp:attachment":[{"href":"https:\/\/www.cannabis.es\/pw\/wp-json\/wp\/v2\/media?parent=2718"}],"wp:term":[{"taxonomy":"category","embeddable":true,"href":"https:\/\/www.cannabis.es\/pw\/wp-json\/wp\/v2\/categories?post=2718"},{"taxonomy":"post_tag","embeddable":true,"href":"https:\/\/www.cannabis.es\/pw\/wp-json\/wp\/v2\/tags?post=2718"}],"curies":[{"name":"wp","href":"https:\/\/api.w.org\/{rel}","templated":true}]}}