{"id":2742,"date":"2017-05-03T17:35:14","date_gmt":"2017-05-03T15:35:14","guid":{"rendered":"http:\/\/www.cannabis.es\/pw\/?p=2742"},"modified":"2020-06-04T15:48:46","modified_gmt":"2020-06-04T13:48:46","slug":"entrevista-a-la-fundadora-de-mama-cultiva-cannabis-empoderamiento-y-autocultivo","status":"publish","type":"post","link":"https:\/\/www.cannabis.es\/pw\/2017\/05\/03\/entrevista-a-la-fundadora-de-mama-cultiva-cannabis-empoderamiento-y-autocultivo\/","title":{"rendered":"Entrevista a la fundadora de Mam\u00e1 Cultiva: cannabis, empoderamiento y autocultivo"},"content":{"rendered":"\n<p>Por \u00c1ngelica Silva<\/p>\n\n\n\n<p>En medio de una serie de temblores interminables que azotan Chile desde hace varios d\u00edas, Paulina Boadilla se sent\u00f3 a conversar con<strong>&nbsp;Cannabis.es<\/strong>&nbsp;y, sorteando los fallos t\u00e9cnicos, compart\u00edo con nosotros su historia, su opini\u00f3n experta y su gran coraz\u00f3n.<a href=\"http:\/\/www.mamacultiva.org\/\">&nbsp;<\/a><a href=\"http:\/\/www.mamacultiva.org\/\">Mam\u00e1 Cultiva<\/a>&nbsp;es una fundaci\u00f3n sin \u00e1nimo de lucro que agrupa madres de ni\u00f1os con epilepsia refractaria, c\u00e1ncer y otras patolog\u00edas y promueven el uso de resina de cannabis.<\/p>\n\n\n\n<hr class=\"wp-block-separator\"\/>\n\n\n\n<p>Las madres coraje de la Fundaci\u00f3n empezaron en el 2012 en Chile y desde entonces no han parado de crecer, actualmente funcionan en Brasil, Ecuador, Per\u00fa, Argentina y Paraguay. Ellas han sido la cara m\u00e1s visible de esta lucha, madres guerreras que han decidido cambiar el mundo desde la sororidad y Paulina es el mejor ejemplo.<\/p>\n\n\n\n<p><strong>Los comienzos<\/strong><\/p>\n\n\n\n<p><strong><em>\u00bfC\u00f3mo cambi\u00f3 vuestra vida cuando tu hija empez\u00f3 a tomar cannabis?<\/em><\/strong><strong>&nbsp;<\/strong><\/p>\n\n\n\n<p>A la semana vimos los cambios, Javiera se agred\u00eda y nos agred\u00eda, era una vida bastante dura, la hab\u00edan diagnosticado err\u00f3neamente con autismo severo y&nbsp;<strong>en una semana empezaron a bajar sus crisis.<\/strong>&nbsp;As\u00ed que para comprar el aceite tuve que internarme en las zonas donde se mov\u00eda el tr\u00e1fico, con el miedo que esto provoca. Nosotros nunca tuvimos conecci\u00f3n con traficantes, ni nada que ver con cannabis.&nbsp;<\/p>\n\n\n\n<p>Todo esto fue complejo porque mi marido era prohibicionista, \u00e9l ten\u00eda otra mirada hacia las drogas y no fue f\u00e1cil nuestro salto a esta aventura, pero fue lo mejor. Javiera de repente no tenia u\u00f1as, sangraban sus manos y para los m\u00e9dicos esto era lo m\u00e1s normal, pasamos por una larga lista de m\u00e9dicos y para todos era de esperar porque con la cantidad de medicamentos que tomaba.&nbsp;<strong>Ahora Javiera va a un colegio normal y tiene una vida incre\u00edble. Es una ni\u00f1a completamente feliz y nada que ver con los pron\u00f3sticos que nos hab\u00edan dado.<\/strong>&nbsp;Y mi historia es la misma que la de todas la mam\u00e1s.<\/p>\n\n\n\n<p><strong><em>\u00bfC\u00f3mo surgi\u00f3 Mam\u00e1 Cultiva?<\/em><\/strong><\/p>\n\n\n\n<p>Un grupo de madres que est\u00e1bamos en la misma situaci\u00f3n, una desesperaci\u00f3n constante, us\u00e1bamos uno y otro medicamento y no encontr\u00e1bamos alivio.&nbsp;<strong>Somos madres con hijos de distintas edades y patolog\u00edas pero todas con un factor com\u00fan la epilepsia refractaria, que no responde a los tratamientos tradicionales, tratamientos de varios f\u00e1rmacos y con las dosis m\u00e1ximas que provocaban muchos da\u00f1os en nuestros hijos, los dejaban cada d\u00eda m\u00e1s dopados y sin un alivio a sus crisis ni a su condici\u00f3n de vida.<\/strong>&nbsp;<\/p>\n\n\n\n<p>Imaginen el cambio que tuvo mi hija en solo una semana, yo quer\u00eda gritarle al mundo que usar\u00e1n cannabis, y hablo de cinco a\u00f1os atr\u00e1s cuando aqu\u00ed la prohibici\u00f3n estaba absolutamente instalada, pero yo no tuve miedo sal\u00ed, di la cara y dije que hab\u00eda un alivio para las madres.&nbsp;<strong>A mi me daba igual que me llevar\u00e1n detenida, ser apuntada con el dedo, yo ten\u00eda una necesidad de contarles a todas las madres, no solo las chilenas, a las de todas partes que hab\u00eda una posibilidad, un ma\u00f1ana mejor.<\/strong><\/p>\n\n\n\n<p><strong><em>\u00bfExpl\u00edcanos vuestra relaci\u00f3n con el<\/em><a href=\"http:\/\/www.fundaciondaya.org\/\">&nbsp;<\/a><a href=\"http:\/\/www.fundaciondaya.org\/\"><em>Instituto Daya<\/em><\/a><em>?<\/em><\/strong><\/p>\n\n\n\n<p>Somos fundaciones hermanas, nacimos juntas y trabajamos por nuevas politicas de drogas en nuestro pa\u00eds, hemos estado en las diferentes mesas de trabajo de los distintos ministerios. Nosotras nos conocemos desde antes que existiera ninguna de las dos fundaciones, entonces no hab\u00eda nombres \u00e9ramos Ana Maria y yo queriendo ayudar a todo el que pudi\u00e9ramos.&nbsp;<strong>Ahora<\/strong>&nbsp;<strong>ellos est\u00e1n enfocados en los estudios cl\u00ednicos y nosotras vamos m\u00e1s por el lado humanitario<\/strong>, por rescatar a las madres de todo ese sufrimiento, darles esa primera acogida. Luego vamos derivando, vamos ense\u00f1ando este camino porque en Chile cada madre tiene que cultivar para obtener su propia medicina.&nbsp;<\/p>\n\n\n\n<p><strong>El Instituto Daya y Mam\u00e1 Cultiva estamos siempre colaborando, de hecho hoy se lanza Mam\u00e1 Cultiva Paraguay y el lanzamiento se va a hacer desde Daya<\/strong>. Tambi\u00e9n hemos hecho talleres en su sede, si bien es hora de tener nuestra propia casa porque ellos est\u00e1n algo colapsados.<\/p>\n\n\n\n<p><strong>La lucha<\/strong><\/p>\n\n\n\n<p><strong><em>\u00bfC\u00faal es el marco legal del cannabis en Chile actualmente y qu\u00e9 implica la nueva ley del 2015?<\/em><\/strong><\/p>\n\n\n\n<p><strong>Nosotros tenemos la<\/strong><a href=\"http:\/\/www.leychile.cl\/Navegar?idNorma=235507\">&nbsp;<\/a><a href=\"http:\/\/www.leychile.cl\/Navegar?idNorma=235507\"><strong>Ley 20000<\/strong><\/a>&nbsp;<strong>que en tres art\u00edculos protege al usuario de cannabis y a los autocultivadores, lo que pasa es que los polic\u00edas no respetan la ley y act\u00faan bajo su criterio.<\/strong>&nbsp;La Ley persigue el tr\u00e1fico no el consumo personal y pr\u00f3ximo en el tiempo, eso a los polic\u00edas todav\u00eda no les queda claro.&nbsp;<strong>Estamos modificando la Ley para que no vulneren nuestros derechos y no quedemos a criterio si no que quede por norma y por decreto. Pero esto va a ser dif\u00edcil,<\/strong>&nbsp;esa discusi\u00f3n empez\u00f3 en el 2015 se aprob\u00f3 por la Comisi\u00f3n de Salud y ah\u00ed estamos todav\u00eda no han cambiado ni una coma respecto a la actual ley. Nosotros ahora estamos haciendo respetar la ley que ya tenemos, cuando se llevan a alguien detenido salimos por todos los medios a reclamar que la polic\u00eda nos ha robado nuestra medicina y han dejado a un paciente sufriendo. Los bombardeamos a todos los diputados con correos y as\u00ed cada vez hay menos vulneraci\u00f3n de derechos pero a\u00fan estamos cojos.<\/p>\n\n\n\n<p><strong><em>\u00bfEs frecuente que detengan gente en Chile?<\/em><\/strong><\/p>\n\n\n\n<p>Cada d\u00eda son menos pero todos los d\u00edas hay una detenci\u00f3n en alg\u00fan lugar de Chile, persiguen cultivadores de todo tipo, pero nuestra agrupaci\u00f3n no ha tenido ninguna en los \u00faltimos meses.<\/p>\n\n\n\n<p><strong><em>La principal cr\u00edtica al proyecto de ley aprobado por la Comisi\u00f3n de Salud, es que seis plantas para autocultivo son excesivas, t\u00fa que conoces muchos casos \u00bfte parece un n\u00famero razonable?.<\/em><\/strong><\/p>\n\n\n\n<p>Son muy pocas, no todas las familias tienen la experiencia de un cultivador, la mayor\u00eda al empezar sacan de 10 a 20 gramos por planta, incluso menos si son autoflorecientes. Yo cultivo 20 plantas porque me abastezco para todo el a\u00f1o. Nosotros hab\u00edamos pedido diez y lo \u00faltimo que el gobierno dijo fue dos y eso es un chiste, eso a nosotros no nos sirve de nada. La modificaci\u00f3n que se est\u00e1 haciendo es peor, lo mejor que se quede como est\u00e1 y&nbsp;<strong>lo importante es que los fiscales cambien su pensamiento y se instruyan en cuanto a las leyes, porque aqu\u00ed cada uno hace lo que quiere.<\/strong><\/p>\n\n\n\n<p><strong><em>\u00bfC\u00faal ha sido el obst\u00e1culo m\u00e1s grande en vuestra lucha?<\/em><\/strong><\/p>\n\n\n\n<p><strong>La primera dificultad fue la comunidad m\u00e9dica&nbsp;<\/strong>que nos trataban como si fu\u00e9ramos unas madres desesperadas que buscan cualquier cosa sin criterio, dec\u00edan que esto no le hac\u00eda ning\u00fan bien a los ni\u00f1os, que iban a estar peor cognitivamente. En realidad nuestros hijos despertaron con el cannabis, todo lo contrario a sus diagn\u00f3sticos.&nbsp;<strong>Pero en general la respuesta que hemos tenido ha sido positiva, tenemos un apoyo incre\u00edble, ac\u00e1 m\u00e1s de un 70% de la poblaci\u00f3n est\u00e1 de acuerdo con la legalizaci\u00f3n del cannabis medicinal.<\/strong><\/p>\n\n\n\n<p><strong><em>Actualmente se est\u00e1n aprobando muchas leyes que obligan a tener receta m\u00e9dica, \u00bfc\u00faal es vuestra opini\u00f3n sobre esto y qu\u00e9 tan f\u00e1cil es conseguir una receta para cannabis en Chile?.<\/em><\/strong><\/p>\n\n\n\n<p><strong>Nosotros no trabajamos con recetas porque cada familia cultiva<\/strong>, en Argentina por ejemplo tienen que estar con una prescripci\u00f3n m\u00e9dica y pedir primero el aceite importado, algo que solamente pueden pagar ciertas personas.&nbsp;<strong>En Daya s\u00ed hay m\u00e9dicos que acompa\u00f1an a las familias pero con aceites artesanales.<\/strong>&nbsp;<strong>Nosotros no le dimos cabida a la importaci\u00f3n porque eso segrega a gran parte de la poblaci\u00f3n.<\/strong>&nbsp;En Chile la salud es p\u00e9sima no te cubre nada, el sistema p\u00fablico est\u00e1 casi quebrado y las<a href=\"https:\/\/es.wikipedia.org\/wiki\/Instituciones_de_Salud_Previsional\">&nbsp;<\/a><a href=\"https:\/\/es.wikipedia.org\/wiki\/Instituciones_de_Salud_Previsional\">ISAPRE<\/a>&nbsp;no cubren la epilepsia refractaria, nosotros buscamos garantizar el acceso a todas las familias y la \u00fanica forma es el autocultivo. La realidad en Chile no es como en otros pa\u00edses que primero est\u00e1 la importaci\u00f3n y luego todo lo dem\u00e1s,&nbsp;<strong>nosotros empezamos desde el autocultivo y eso no se tranza.<\/strong><\/p>\n\n\n\n<p><strong>La voz de la sabidur\u00eda: advertencias<\/strong><\/p>\n\n\n\n<p><strong><em>Teniendo en cuenta la ley Argentina de cannabis medicinal, la de Ciudadanos en Espa\u00f1a o el Decreto Colombiano \u00bfExplicale a la gente las consecuencias de dejar el cannabis medicinal en manos de las farmac\u00e9uticas?<\/em><\/strong><\/p>\n\n\n\n<p>Eso es un gran error, la gran industria farmac\u00e9utica solamente usa el aceite de cannabis que es el CBD y a la mayor\u00eda de nuestros ni\u00f1os esto no les sirve, en los estudios que se han hecho el 60% de estos medicamentos no dieron resultado o tuvieron efectos colaterales. Obvio, porque esto es algo qu\u00edmico no natural. Adem\u00e1s nosotros nos hemos dado cuenta que necesitamos la planta completa y no los componentes aislados, tras a\u00f1os de estar usando cannabis sabemos que para la mayor\u00eda de los ni\u00f1os con espasticidad el CBD provoca m\u00e1s espasticidad y esto nos lo ha ense\u00f1ado la experiencia.<\/p>\n\n\n\n<p><strong>En Chile hay m\u00e1s de ocho mil familias cultivando para diferentes patolog\u00edas y no solamente buscamos el CBD buscamos la planta completa, la gran industria nos quiere mantener bajo su yugo y sigue usando el p\u00e1nico y causando terror entre las familias por el componente psicoactivo o THC pero yo las invito a investigar el THC porque tambi\u00e9n es fundamental para una serie de patolog\u00edas.<\/strong>&nbsp;<strong>Por eso no podemos dejar el autocultivo de lado cuando llegue la gran industria.&nbsp;<\/strong>A Chile lleg\u00f3 el<a href=\"https:\/\/www.aemps.gob.es\/cima\/pdfs\/es\/ft\/72544\/FT_72544.pdf\">&nbsp;<\/a><a href=\"https:\/\/www.aemps.gob.es\/cima\/pdfs\/es\/ft\/72544\/FT_72544.pdf\">Sativex<\/a>, que supuestamente se hace con la planta completa y cuesta un mill\u00f3n de pesos, en Chile solamente el 1% puede pagar un tratamiento as\u00ed \u00bfy el otro 99% qu\u00e9 hace? \u00bfse queda sufriendo, esperando que alguien se compadezca y le done algo de cannabis? Y sin olvidar a la gran industria del cannabis que va diciendo que para la epilepsia solamente funciona el CBD, yo he estado en varios foros en distintos pa\u00edses donde mienten descaradamente.<\/p>\n\n\n\n<p><strong>Muchas familias acceden a esto para marcar precedentes, piensan que probablemente as\u00ed ser\u00e1 m\u00e1s f\u00e1cil aprobar otras cosas en un futuro pero se equivocan<\/strong>&nbsp;<strong>hay que entrar con la planta completa y no permitir que hagan lo que quieran con el CBD. Nosotros instalamos el autocultivo tras una lucha de cinco a\u00f1os y eso es lo que vamos a seguir haciendo porque esa es la forma de democratizar el acceso<\/strong>, si dejamos que las grandes industrias se queden con todo va a pasar lo mismo que con los medicamentos, volver\u00e1n a enfermar nuestros hijos, volver\u00e1n a esclavizarnos porque ese es su modelo de negocio, buscar efectos colaterales para que que tengas que comprar otro medicamento que alivie los efectos que te dio el primero.&nbsp;<\/p>\n\n\n\n<p><strong><em>Nos comentaste que estuviste por Espa\u00f1a hace poco, cu\u00e9ntanos tu experiencia y c\u00f3mo viste el panorama espa\u00f1ol del cannabis medicinal.<\/em><\/strong><\/p>\n\n\n\n<p>Estuvimos en el lanzamiento del<strong><a href=\"http:\/\/oedcm.com\/NUEVAWEBOEDCM\/\">&nbsp;<\/a><a href=\"http:\/\/oedcm.com\/NUEVAWEBOEDCM\/\">Observatorio de Cannabis Medicinal<\/a><\/strong>&nbsp;en Madrid, justo hoy vi que van a hacer un taller de extracci\u00f3n de autocultivo y sinceramente me dejo muy feliz que vayan por esa l\u00ednea porque al ser mayor\u00eda bi\u00f3logos, qu\u00edmicos e investigadores yo pens\u00e9 que iban a ir por el lado de las farmac\u00e9uticas pero estoy muy feliz por lo que va a pasar, creo que es el 16 de mayo, que van a hacer su primer taller y eso demuestra que realmente est\u00e1n comprometidos con la ciudadan\u00eda.<\/p>\n\n\n\n<p>Estuvimos tambi\u00e9n con familias de<a href=\"http:\/\/www.dosemociones.com\/\">&nbsp;<\/a><a href=\"http:\/\/www.dosemociones.com\/\">Dosemociones<\/a>, agrupaci\u00f3n de Carola P\u00e9rez y nos dimos cuenta que la mayor\u00eda prefiere que las farmac\u00e9uticas produzcan por ellos, pero hab\u00eda un peque\u00f1o grupo que dec\u00eda yo si quiero cultivar porque estoy cansado de las farmac\u00e9uticas y quiero que mi hijo se recupere del todo. As\u00ed que me sorprende gratamente que les est\u00e9n dando una opci\u00f3n a esas personas.<\/p>\n\n\n\n<p>Creo que el Observatorio es muy buen proyecto y&nbsp;<strong>Espa\u00f1a tienen que potenciar sus investigadores, nosotras empezamos sin m\u00e9dicos, sin investigadores, sin universidades y en Espa\u00f1a tienen a los mayores referentes en el tema como<\/strong><a href=\"http:\/\/oedcm.com\/NUEVAWEBOEDCM\/staff\/cristina-sanchez\/\">&nbsp;<\/a><a href=\"http:\/\/oedcm.com\/NUEVAWEBOEDCM\/staff\/cristina-sanchez\/\"><strong>Cristina S\u00e1nchez<\/strong><\/a>&nbsp;<strong>o<\/strong><a href=\"http:\/\/oedcm.com\/NUEVAWEBOEDCM\/staff\/manuel-guzman\/\">&nbsp;<\/a><a href=\"http:\/\/oedcm.com\/NUEVAWEBOEDCM\/staff\/manuel-guzman\/\"><strong>Manuel Guzm\u00e1n<\/strong><\/a>&nbsp;<strong>y hay que aprovechar ese conocimiento, sus ganas de trabajar y toda esa experiencia, creo que se tiene que dar a conocer el Observatorio porque es fundamental que la ciudadan\u00eda sepa que existe otra alternativa y que hay gente que est\u00e1 peleando por ellos.<\/strong><\/p>\n\n\n\n<p>Hay que ser muy valiente para mirar una enfermedad a los ojos y decirle no me vas a ganar pero es a\u00fan m\u00e1s admirable que al encontrar la cura en una sustancia il\u00edcita tu decisi\u00f3n sea cambiar el mundo, dedicarte a compartir ese camino con todos los que te escuchen, llegar a todas las clases sociales y dar voz a miles de familias que antes eran invisibles.&nbsp;<strong>Paulina es la clase de persona que se despide agradeci\u00e9ndonos porque este tipo de entrevistas le reafirman que va por el camino correcto. Como toda superhero\u00edna es humilde por encima de todo.<\/strong><\/p>\n","protected":false},"excerpt":{"rendered":"<span class=\"span-reading-time rt-reading-time\" style=\"display: block;\"><span class=\"rt-label rt-prefix\">Tiempo de lectura:<\/span> <span class=\"rt-time\"> 7<\/span> <span class=\"rt-label rt-postfix\">minutos<\/span><\/span>Por \u00c1ngelica Silva En medio de una serie de temblores interminables que azotan Chile desde hace varios d\u00edas, Paulina Boadilla se sent\u00f3 a conversar con&nbsp;Cannabis.es&nbsp;y, sorteando los fallos t\u00e9cnicos, compart\u00edo con nosotros su historia, su opini\u00f3n experta y su gran coraz\u00f3n.&nbsp;Mam\u00e1 Cultiva&nbsp;es una fundaci\u00f3n sin \u00e1nimo de lucro que agrupa madres de ni\u00f1os con epilepsia [&hellip;]","protected":false},"author":1,"featured_media":2743,"comment_status":"closed","ping_status":"closed","sticky":false,"template":"","format":"standard","meta":{"loftocean-featured-post":"","loftocean_post_format_gallery":"","loftocean_post_format_gallery_ids":"","loftocean_post_format_gallery_urls":"","loftocean_post_format_video_id":"","loftocean_post_format_video_url":"","loftocean_post_format_video_type":"","loftocean_post_format_video":"","loftocean_post_format_audio_type":"","loftocean_post_format_audio_url":"","loftocean_post_format_audio_id":"","loftocean_post_format_audio":"","loftocean_post_format_quote_text":"","loftocean_post_format_quote_byline":"","loftocean_post_format_link_text":"","loftocean_post_format_link_url":"","ceramag_post_header_style":"","ceramag_enable_background_video":"","ceramag_show_in_top_slider":"","ceramag_post_background_video_start":"","ceramag_post_background_video_end":"","loftocean_page_background_video_id":"","loftocean_page_background_video_url":"","loftocean_page_background_video_type":"","loftocean_page_background_video":"","ceramag_background_video_start":"","ceramag_background_video_end":"","ceramag_single_page_hide_header":"","footnotes":""},"categories":[33],"tags":[610,66,41,1140,770,61,716,54,1308,806,1309,51,563],"class_list":["post-2742","post","type-post","status-publish","format-standard","has-post-thumbnail","hentry","category-entrevistas","tag-asociacion","tag-autocultivo","tag-cannabis","tag-chile","tag-ciencia","tag-cultivo","tag-entrevista","tag-legalizacion","tag-madres-coraje","tag-mama-cultiva","tag-republica-argentina","tag-salud","tag-terapeutico"],"yoast_head":"<!-- This site is optimized with the Yoast SEO plugin v24.9 - https:\/\/yoast.com\/wordpress\/plugins\/seo\/ -->\n<title>Entrevista a la fundadora de Mam\u00e1 Cultiva: cannabis, empoderamiento y autocultivo<\/title>\n<meta name=\"description\" content=\"Entrada &#8226; Portal multimedia sobre cannabis y otras sustancias &#8226; 3 mayo, 2017\" \/>\n<meta name=\"robots\" content=\"index, follow, max-snippet:-1, max-image-preview:large, max-video-preview:-1\" \/>\n<link rel=\"canonical\" href=\"https:\/\/www.cannabis.es\/pw\/2017\/05\/03\/entrevista-a-la-fundadora-de-mama-cultiva-cannabis-empoderamiento-y-autocultivo\/\" \/>\n<meta name=\"twitter:card\" content=\"summary_large_image\" \/>\n<meta name=\"twitter:title\" content=\"Entrevista a la fundadora de Mam\u00e1 Cultiva: cannabis, empoderamiento y autocultivo\" \/>\n<meta name=\"twitter:description\" content=\"Entrada &#8226; Portal multimedia sobre cannabis y otras sustancias &#8226; 3 mayo, 2017\" \/>\n<meta name=\"twitter:image\" content=\"https:\/\/www.cannabis.es\/pw\/wp-content\/uploads\/2020\/05\/Entrevista_Paulina_Boadilla-1.jpg\" \/>\n<meta name=\"twitter:creator\" content=\"@cannabis_es\" \/>\n<meta name=\"twitter:site\" content=\"@cannabis_es\" \/>\n<meta name=\"twitter:label1\" content=\"Escrito por\" \/>\n\t<meta name=\"twitter:data1\" content=\"Cannabis.es\" \/>\n\t<meta name=\"twitter:label2\" content=\"Tiempo de lectura\" \/>\n\t<meta name=\"twitter:data2\" content=\"11 minutos\" \/>\n<script type=\"application\/ld+json\" class=\"yoast-schema-graph\">{\"@context\":\"https:\/\/schema.org\",\"@graph\":[{\"@type\":\"Article\",\"@id\":\"https:\/\/www.cannabis.es\/pw\/2017\/05\/03\/entrevista-a-la-fundadora-de-mama-cultiva-cannabis-empoderamiento-y-autocultivo\/#article\",\"isPartOf\":{\"@id\":\"https:\/\/www.cannabis.es\/pw\/2017\/05\/03\/entrevista-a-la-fundadora-de-mama-cultiva-cannabis-empoderamiento-y-autocultivo\/\"},\"author\":{\"name\":\"Cannabis.es\",\"@id\":\"https:\/\/www.cannabis.es\/pw\/#\/schema\/person\/e2fbd204580cf4fe74c79b82bc447374\"},\"headline\":\"Entrevista a la fundadora de Mam\u00e1 Cultiva: cannabis, empoderamiento y autocultivo\",\"datePublished\":\"2017-05-03T15:35:14+00:00\",\"dateModified\":\"2020-06-04T13:48:46+00:00\",\"mainEntityOfPage\":{\"@id\":\"https:\/\/www.cannabis.es\/pw\/2017\/05\/03\/entrevista-a-la-fundadora-de-mama-cultiva-cannabis-empoderamiento-y-autocultivo\/\"},\"wordCount\":2291,\"publisher\":{\"@id\":\"https:\/\/www.cannabis.es\/pw\/#organization\"},\"image\":{\"@id\":\"https:\/\/www.cannabis.es\/pw\/2017\/05\/03\/entrevista-a-la-fundadora-de-mama-cultiva-cannabis-empoderamiento-y-autocultivo\/#primaryimage\"},\"thumbnailUrl\":\"https:\/\/www.cannabis.es\/pw\/wp-content\/uploads\/2020\/05\/Entrevista_Paulina_Boadilla-1.jpg\",\"keywords\":[\"asociaci\u00f3n\",\"autocultivo\",\"cannabis\",\"Chile\",\"ciencia\",\"cultivo\",\"entrevista\",\"legalizaci\u00f3n\",\"madres coraje\",\"Mama Cultiva\",\"Rep\u00fablica Argentina\",\"salud\",\"terap\u00e9utico\"],\"articleSection\":[\"Entrevistas\"],\"inLanguage\":\"es\"},{\"@type\":\"WebPage\",\"@id\":\"https:\/\/www.cannabis.es\/pw\/2017\/05\/03\/entrevista-a-la-fundadora-de-mama-cultiva-cannabis-empoderamiento-y-autocultivo\/\",\"url\":\"https:\/\/www.cannabis.es\/pw\/2017\/05\/03\/entrevista-a-la-fundadora-de-mama-cultiva-cannabis-empoderamiento-y-autocultivo\/\",\"name\":\"Entrevista a la fundadora de Mam\u00e1 Cultiva: cannabis, empoderamiento y autocultivo\",\"isPartOf\":{\"@id\":\"https:\/\/www.cannabis.es\/pw\/#website\"},\"primaryImageOfPage\":{\"@id\":\"https:\/\/www.cannabis.es\/pw\/2017\/05\/03\/entrevista-a-la-fundadora-de-mama-cultiva-cannabis-empoderamiento-y-autocultivo\/#primaryimage\"},\"image\":{\"@id\":\"https:\/\/www.cannabis.es\/pw\/2017\/05\/03\/entrevista-a-la-fundadora-de-mama-cultiva-cannabis-empoderamiento-y-autocultivo\/#primaryimage\"},\"thumbnailUrl\":\"https:\/\/www.cannabis.es\/pw\/wp-content\/uploads\/2020\/05\/Entrevista_Paulina_Boadilla-1.jpg\",\"datePublished\":\"2017-05-03T15:35:14+00:00\",\"dateModified\":\"2020-06-04T13:48:46+00:00\",\"description\":\"Entrada &#8226; Portal multimedia sobre cannabis y otras sustancias &#8226; 3 mayo, 2017\",\"breadcrumb\":{\"@id\":\"https:\/\/www.cannabis.es\/pw\/2017\/05\/03\/entrevista-a-la-fundadora-de-mama-cultiva-cannabis-empoderamiento-y-autocultivo\/#breadcrumb\"},\"inLanguage\":\"es\",\"potentialAction\":[{\"@type\":\"ReadAction\",\"target\":[\"https:\/\/www.cannabis.es\/pw\/2017\/05\/03\/entrevista-a-la-fundadora-de-mama-cultiva-cannabis-empoderamiento-y-autocultivo\/\"]}]},{\"@type\":\"ImageObject\",\"inLanguage\":\"es\",\"@id\":\"https:\/\/www.cannabis.es\/pw\/2017\/05\/03\/entrevista-a-la-fundadora-de-mama-cultiva-cannabis-empoderamiento-y-autocultivo\/#primaryimage\",\"url\":\"https:\/\/www.cannabis.es\/pw\/wp-content\/uploads\/2020\/05\/Entrevista_Paulina_Boadilla-1.jpg\",\"contentUrl\":\"https:\/\/www.cannabis.es\/pw\/wp-content\/uploads\/2020\/05\/Entrevista_Paulina_Boadilla-1.jpg\",\"width\":959,\"height\":475},{\"@type\":\"BreadcrumbList\",\"@id\":\"https:\/\/www.cannabis.es\/pw\/2017\/05\/03\/entrevista-a-la-fundadora-de-mama-cultiva-cannabis-empoderamiento-y-autocultivo\/#breadcrumb\",\"itemListElement\":[{\"@type\":\"ListItem\",\"position\":1,\"name\":\"Portada\",\"item\":\"http:\/\/www.cannabis.es\/pw\/\"},{\"@type\":\"ListItem\",\"position\":2,\"name\":\"Entrevista a la fundadora de Mam\u00e1 Cultiva: cannabis, empoderamiento y autocultivo\"}]},{\"@type\":\"WebSite\",\"@id\":\"https:\/\/www.cannabis.es\/pw\/#website\",\"url\":\"https:\/\/www.cannabis.es\/pw\/\",\"name\":\"Cannabis\",\"description\":\"Portal multimedia sobre cannabis y otras sustancias\",\"publisher\":{\"@id\":\"https:\/\/www.cannabis.es\/pw\/#organization\"},\"potentialAction\":[{\"@type\":\"SearchAction\",\"target\":{\"@type\":\"EntryPoint\",\"urlTemplate\":\"https:\/\/www.cannabis.es\/pw\/?s={search_term_string}\"},\"query-input\":{\"@type\":\"PropertyValueSpecification\",\"valueRequired\":true,\"valueName\":\"search_term_string\"}}],\"inLanguage\":\"es\"},{\"@type\":\"Organization\",\"@id\":\"https:\/\/www.cannabis.es\/pw\/#organization\",\"name\":\"Cannabis.es\",\"url\":\"https:\/\/www.cannabis.es\/pw\/\",\"logo\":{\"@type\":\"ImageObject\",\"inLanguage\":\"es\",\"@id\":\"https:\/\/www.cannabis.es\/pw\/#\/schema\/logo\/image\/\",\"url\":\"https:\/\/www.cannabis.es\/pw\/wp-content\/uploads\/2019\/04\/cropped-logo_cannabis.png\",\"contentUrl\":\"https:\/\/www.cannabis.es\/pw\/wp-content\/uploads\/2019\/04\/cropped-logo_cannabis.png\",\"width\":361,\"height\":120,\"caption\":\"Cannabis.es\"},\"image\":{\"@id\":\"https:\/\/www.cannabis.es\/pw\/#\/schema\/logo\/image\/\"},\"sameAs\":[\"https:\/\/x.com\/cannabis_es\"]},{\"@type\":\"Person\",\"@id\":\"https:\/\/www.cannabis.es\/pw\/#\/schema\/person\/e2fbd204580cf4fe74c79b82bc447374\",\"name\":\"Cannabis.es\",\"image\":{\"@type\":\"ImageObject\",\"inLanguage\":\"es\",\"@id\":\"https:\/\/www.cannabis.es\/pw\/#\/schema\/person\/image\/\",\"url\":\"https:\/\/secure.gravatar.com\/avatar\/4375b1eb6e272e2e48a4b8a8def52e5f208151f555bb5906da616906ee6dd2e8?s=96&d=mm&r=g\",\"contentUrl\":\"https:\/\/secure.gravatar.com\/avatar\/4375b1eb6e272e2e48a4b8a8def52e5f208151f555bb5906da616906ee6dd2e8?s=96&d=mm&r=g\",\"caption\":\"Cannabis.es\"},\"url\":\"https:\/\/www.cannabis.es\/pw\/author\/cannabis\/\"}]}<\/script>\n<!-- \/ Yoast SEO plugin. -->","yoast_head_json":{"title":"Entrevista a la fundadora de Mam\u00e1 Cultiva: cannabis, empoderamiento y autocultivo","description":"Entrada &#8226; Portal multimedia sobre cannabis y otras sustancias &#8226; 3 mayo, 2017","robots":{"index":"index","follow":"follow","max-snippet":"max-snippet:-1","max-image-preview":"max-image-preview:large","max-video-preview":"max-video-preview:-1"},"canonical":"https:\/\/www.cannabis.es\/pw\/2017\/05\/03\/entrevista-a-la-fundadora-de-mama-cultiva-cannabis-empoderamiento-y-autocultivo\/","twitter_card":"summary_large_image","twitter_title":"Entrevista a la fundadora de Mam\u00e1 Cultiva: cannabis, empoderamiento y autocultivo","twitter_description":"Entrada &#8226; Portal multimedia sobre cannabis y otras sustancias &#8226; 3 mayo, 2017","twitter_image":"https:\/\/www.cannabis.es\/pw\/wp-content\/uploads\/2020\/05\/Entrevista_Paulina_Boadilla-1.jpg","twitter_creator":"@cannabis_es","twitter_site":"@cannabis_es","twitter_misc":{"Escrito por":"Cannabis.es","Tiempo de lectura":"11 minutos"},"schema":{"@context":"https:\/\/schema.org","@graph":[{"@type":"Article","@id":"https:\/\/www.cannabis.es\/pw\/2017\/05\/03\/entrevista-a-la-fundadora-de-mama-cultiva-cannabis-empoderamiento-y-autocultivo\/#article","isPartOf":{"@id":"https:\/\/www.cannabis.es\/pw\/2017\/05\/03\/entrevista-a-la-fundadora-de-mama-cultiva-cannabis-empoderamiento-y-autocultivo\/"},"author":{"name":"Cannabis.es","@id":"https:\/\/www.cannabis.es\/pw\/#\/schema\/person\/e2fbd204580cf4fe74c79b82bc447374"},"headline":"Entrevista a la fundadora de Mam\u00e1 Cultiva: cannabis, empoderamiento y autocultivo","datePublished":"2017-05-03T15:35:14+00:00","dateModified":"2020-06-04T13:48:46+00:00","mainEntityOfPage":{"@id":"https:\/\/www.cannabis.es\/pw\/2017\/05\/03\/entrevista-a-la-fundadora-de-mama-cultiva-cannabis-empoderamiento-y-autocultivo\/"},"wordCount":2291,"publisher":{"@id":"https:\/\/www.cannabis.es\/pw\/#organization"},"image":{"@id":"https:\/\/www.cannabis.es\/pw\/2017\/05\/03\/entrevista-a-la-fundadora-de-mama-cultiva-cannabis-empoderamiento-y-autocultivo\/#primaryimage"},"thumbnailUrl":"https:\/\/www.cannabis.es\/pw\/wp-content\/uploads\/2020\/05\/Entrevista_Paulina_Boadilla-1.jpg","keywords":["asociaci\u00f3n","autocultivo","cannabis","Chile","ciencia","cultivo","entrevista","legalizaci\u00f3n","madres coraje","Mama Cultiva","Rep\u00fablica Argentina","salud","terap\u00e9utico"],"articleSection":["Entrevistas"],"inLanguage":"es"},{"@type":"WebPage","@id":"https:\/\/www.cannabis.es\/pw\/2017\/05\/03\/entrevista-a-la-fundadora-de-mama-cultiva-cannabis-empoderamiento-y-autocultivo\/","url":"https:\/\/www.cannabis.es\/pw\/2017\/05\/03\/entrevista-a-la-fundadora-de-mama-cultiva-cannabis-empoderamiento-y-autocultivo\/","name":"Entrevista a la fundadora de Mam\u00e1 Cultiva: cannabis, empoderamiento y autocultivo","isPartOf":{"@id":"https:\/\/www.cannabis.es\/pw\/#website"},"primaryImageOfPage":{"@id":"https:\/\/www.cannabis.es\/pw\/2017\/05\/03\/entrevista-a-la-fundadora-de-mama-cultiva-cannabis-empoderamiento-y-autocultivo\/#primaryimage"},"image":{"@id":"https:\/\/www.cannabis.es\/pw\/2017\/05\/03\/entrevista-a-la-fundadora-de-mama-cultiva-cannabis-empoderamiento-y-autocultivo\/#primaryimage"},"thumbnailUrl":"https:\/\/www.cannabis.es\/pw\/wp-content\/uploads\/2020\/05\/Entrevista_Paulina_Boadilla-1.jpg","datePublished":"2017-05-03T15:35:14+00:00","dateModified":"2020-06-04T13:48:46+00:00","description":"Entrada &#8226; Portal multimedia sobre cannabis y otras sustancias &#8226; 3 mayo, 2017","breadcrumb":{"@id":"https:\/\/www.cannabis.es\/pw\/2017\/05\/03\/entrevista-a-la-fundadora-de-mama-cultiva-cannabis-empoderamiento-y-autocultivo\/#breadcrumb"},"inLanguage":"es","potentialAction":[{"@type":"ReadAction","target":["https:\/\/www.cannabis.es\/pw\/2017\/05\/03\/entrevista-a-la-fundadora-de-mama-cultiva-cannabis-empoderamiento-y-autocultivo\/"]}]},{"@type":"ImageObject","inLanguage":"es","@id":"https:\/\/www.cannabis.es\/pw\/2017\/05\/03\/entrevista-a-la-fundadora-de-mama-cultiva-cannabis-empoderamiento-y-autocultivo\/#primaryimage","url":"https:\/\/www.cannabis.es\/pw\/wp-content\/uploads\/2020\/05\/Entrevista_Paulina_Boadilla-1.jpg","contentUrl":"https:\/\/www.cannabis.es\/pw\/wp-content\/uploads\/2020\/05\/Entrevista_Paulina_Boadilla-1.jpg","width":959,"height":475},{"@type":"BreadcrumbList","@id":"https:\/\/www.cannabis.es\/pw\/2017\/05\/03\/entrevista-a-la-fundadora-de-mama-cultiva-cannabis-empoderamiento-y-autocultivo\/#breadcrumb","itemListElement":[{"@type":"ListItem","position":1,"name":"Portada","item":"http:\/\/www.cannabis.es\/pw\/"},{"@type":"ListItem","position":2,"name":"Entrevista a la fundadora de Mam\u00e1 Cultiva: cannabis, empoderamiento y autocultivo"}]},{"@type":"WebSite","@id":"https:\/\/www.cannabis.es\/pw\/#website","url":"https:\/\/www.cannabis.es\/pw\/","name":"Cannabis","description":"Portal multimedia sobre cannabis y otras sustancias","publisher":{"@id":"https:\/\/www.cannabis.es\/pw\/#organization"},"potentialAction":[{"@type":"SearchAction","target":{"@type":"EntryPoint","urlTemplate":"https:\/\/www.cannabis.es\/pw\/?s={search_term_string}"},"query-input":{"@type":"PropertyValueSpecification","valueRequired":true,"valueName":"search_term_string"}}],"inLanguage":"es"},{"@type":"Organization","@id":"https:\/\/www.cannabis.es\/pw\/#organization","name":"Cannabis.es","url":"https:\/\/www.cannabis.es\/pw\/","logo":{"@type":"ImageObject","inLanguage":"es","@id":"https:\/\/www.cannabis.es\/pw\/#\/schema\/logo\/image\/","url":"https:\/\/www.cannabis.es\/pw\/wp-content\/uploads\/2019\/04\/cropped-logo_cannabis.png","contentUrl":"https:\/\/www.cannabis.es\/pw\/wp-content\/uploads\/2019\/04\/cropped-logo_cannabis.png","width":361,"height":120,"caption":"Cannabis.es"},"image":{"@id":"https:\/\/www.cannabis.es\/pw\/#\/schema\/logo\/image\/"},"sameAs":["https:\/\/x.com\/cannabis_es"]},{"@type":"Person","@id":"https:\/\/www.cannabis.es\/pw\/#\/schema\/person\/e2fbd204580cf4fe74c79b82bc447374","name":"Cannabis.es","image":{"@type":"ImageObject","inLanguage":"es","@id":"https:\/\/www.cannabis.es\/pw\/#\/schema\/person\/image\/","url":"https:\/\/secure.gravatar.com\/avatar\/4375b1eb6e272e2e48a4b8a8def52e5f208151f555bb5906da616906ee6dd2e8?s=96&d=mm&r=g","contentUrl":"https:\/\/secure.gravatar.com\/avatar\/4375b1eb6e272e2e48a4b8a8def52e5f208151f555bb5906da616906ee6dd2e8?s=96&d=mm&r=g","caption":"Cannabis.es"},"url":"https:\/\/www.cannabis.es\/pw\/author\/cannabis\/"}]}},"_links":{"self":[{"href":"https:\/\/www.cannabis.es\/pw\/wp-json\/wp\/v2\/posts\/2742","targetHints":{"allow":["GET"]}}],"collection":[{"href":"https:\/\/www.cannabis.es\/pw\/wp-json\/wp\/v2\/posts"}],"about":[{"href":"https:\/\/www.cannabis.es\/pw\/wp-json\/wp\/v2\/types\/post"}],"author":[{"embeddable":true,"href":"https:\/\/www.cannabis.es\/pw\/wp-json\/wp\/v2\/users\/1"}],"replies":[{"embeddable":true,"href":"https:\/\/www.cannabis.es\/pw\/wp-json\/wp\/v2\/comments?post=2742"}],"version-history":[{"count":2,"href":"https:\/\/www.cannabis.es\/pw\/wp-json\/wp\/v2\/posts\/2742\/revisions"}],"predecessor-version":[{"id":5098,"href":"https:\/\/www.cannabis.es\/pw\/wp-json\/wp\/v2\/posts\/2742\/revisions\/5098"}],"wp:featuredmedia":[{"embeddable":true,"href":"https:\/\/www.cannabis.es\/pw\/wp-json\/wp\/v2\/media\/2743"}],"wp:attachment":[{"href":"https:\/\/www.cannabis.es\/pw\/wp-json\/wp\/v2\/media?parent=2742"}],"wp:term":[{"taxonomy":"category","embeddable":true,"href":"https:\/\/www.cannabis.es\/pw\/wp-json\/wp\/v2\/categories?post=2742"},{"taxonomy":"post_tag","embeddable":true,"href":"https:\/\/www.cannabis.es\/pw\/wp-json\/wp\/v2\/tags?post=2742"}],"curies":[{"name":"wp","href":"https:\/\/api.w.org\/{rel}","templated":true}]}}