{"id":2816,"date":"2017-03-23T10:49:20","date_gmt":"2017-03-23T09:49:20","guid":{"rendered":"http:\/\/www.cannabis.es\/pw\/?p=2816"},"modified":"2020-06-04T16:07:07","modified_gmt":"2020-06-04T14:07:07","slug":"espana-en-4-anos-podria-estar-preparada-para-una-ley-integral-del-cannabis","status":"publish","type":"post","link":"https:\/\/www.cannabis.es\/pw\/2017\/03\/23\/espana-en-4-anos-podria-estar-preparada-para-una-ley-integral-del-cannabis\/","title":{"rendered":"\u201cEspa\u00f1a en 4 a\u00f1os podr\u00eda estar preparada para una ley integral del cannabis\u201d"},"content":{"rendered":"\n<p>Por Eme<\/p>\n\n\n\n<p>Nos encontramos&nbsp;<strong>a Iker Val y Joseba del Valle&nbsp;<\/strong>en la \u00faltima edici\u00f3n de la&nbsp;<strong>Spannabis Barcelona<\/strong>&nbsp;y no quisimos dejar pasar la oportunidad de hablar con ellos. Fruto de aquella charla informal, ha surgido un material muy interesante que queremos compartir con todos vosotros. Esta informaci\u00f3n llega, adem\u00e1s, en un momento vital para la regulaci\u00f3n integral del cannabis en Espa\u00f1a y, las asociaciones, entidades y fundaciones como la que ellos coordinan (y nosotros desde&nbsp;<strong>Cannabis.es<\/strong>&nbsp;apoyamos) \u2013la<strong>&nbsp;<a href=\"https:\/\/www.regulacionresponsable.es\/\">Fundaci\u00f3n RENOVATIO<\/a><\/strong>&#8211; , est\u00e1n ayudando a que la legalizaci\u00f3n pase de ser un lema o una pancarta a convertirse en una realidad tangible, palpable, verde y f\u00e9rtil, para cultivar unas nuevas pol\u00edticas progresistas de drogas en&nbsp;<strong>Espa\u00f1a,<\/strong>&nbsp;y equipararnos por fin a otros puntos del planeta.<\/p>\n\n\n\n<hr class=\"wp-block-separator\"\/>\n\n\n\n<h3 class=\"wp-block-heading\"><strong>Entrevista a Iker Val y Joseba del Valle (Fundaci\u00f3n RENOVATIO)<\/strong><\/h3>\n\n\n\n<p><strong>Fundaci\u00f3n RENOVATIO<\/strong>&nbsp;es una instituci\u00f3n nacida fruto de una dilatada experiencia en el trabajo y la gesti\u00f3n de colectivos de usuarios de cannabis, que&nbsp;se enmarca en base a la necesidad de abordar la&nbsp; normalizaci\u00f3n del cannabis desde una perspectiva cient\u00edfica, que permita crear herramientas para las pol\u00edticas de drogas. Concretamente, como apoyo para el proceso de regulaci\u00f3n de las asociaciones de usuarios de cannabis, que se inici\u00f3 en el a\u00f1o 2011 en el&nbsp;<strong>Parlamento Vasco<\/strong>. &nbsp;&nbsp;<\/p>\n\n\n\n<p><strong>Cannabis.es: \u00bfC\u00f3mo surge la Fundaci\u00f3n RENOVATIO a la que pertenec\u00e9is, con qu\u00e9 objetivos y de qu\u00e9 manera?<\/strong><\/p>\n\n\n\n<p><strong>Iker Val y Joseba del Valle<\/strong>&nbsp;&#8211; La&nbsp;<strong>Fundaci\u00f3n RENOVATIO<\/strong>&nbsp;naci\u00f3 de la necesidad de construir una herramienta de investigaci\u00f3n apoyada en diferentes aspectos, jur\u00eddicos y socioculturales, siempre desde el prisma de la reducci\u00f3n de riesgos, focalizada en el cannabis, para apoyar todo el proceso de regulaci\u00f3n de los clubes sociales. La&nbsp;<strong>Fundaci\u00f3n RENOVATIO<\/strong>&nbsp;ven\u00eda del movimiento de los clubes cann\u00e1bicos, pero tambi\u00e9n est\u00e1 conformada por usuarios de cannabis y por todo el movimiento social cann\u00e1bico, que lleva trabajando 20 a\u00f1os con la reforma de pol\u00edtica de drogas en este pa\u00eds.<\/p>\n\n\n\n<p>El movimiento se agrup\u00f3 desde las federaciones, pero \u00e9stas, aunque dotadas de fuerza pol\u00edtica, tienen una incidencia limitada de hasta d\u00f3nde pueden llegar. Y vimos la necesidad \u2013desde&nbsp;<strong><em><a href=\"http:\/\/www.ganjazz.es\/home.php\">Ganjazz<\/a><\/em>&nbsp;y&nbsp;<\/strong><em><strong><a href=\"http:\/\/www.greenfarm.es\/\"><strong>G<\/strong>reenfarm<\/a>&nbsp;Guip\u00fazcoa<\/strong><\/em>&#8211; de impulsar, de investigar, de analizar los cultivos, de asesorar a las asociaciones y de dotarlas de un sistema de gesti\u00f3n de calidad para la protecci\u00f3n de cara a las intervenciones; adem\u00e1s de apoyar el proceso que se estaba dando en el Parlamento Vasco con el debate institucional en torno al cannabis.<\/p>\n\n\n\n<p>En 2011, agrupamos y pusimos en com\u00fan la idea, la valoramos y presupuestamos con un equipo t\u00e9cnico y definimos las l\u00edneas de investigaci\u00f3n. Y en 2013 registramos por fin la asociaci\u00f3n, y ahora ya estamos en el quinto a\u00f1o, en plena fase de evaluaci\u00f3n de nuestro crecimiento y de ver por d\u00f3nde seguimos de cara al futuro.<\/p>\n\n\n\n<p>Como dec\u00edamos, uno de los principales motivos de crear la&nbsp;<strong>Fundaci\u00f3n RENOVATIO<\/strong>&nbsp;era acompa\u00f1ar este proceso pol\u00edtico que se inici\u00f3 en&nbsp;<strong>Euskadi<\/strong>&nbsp;con la ponencia parlamentaria en torno al movimiento de los clubes cann\u00e1bicos, y nuestro objetivo ha sido poder dotar de herramientas, argumentos y fundamentaciones cient\u00edficas y objetivas, a los pol\u00edticos a la hora de que puedan tomar decisiones: intentar facilitarles esas herramientas con investigaciones sobre si realmente los clubes son eficaces, a la hora de reducir riesgos y da\u00f1os relacionados con consumo de cannabis.<\/p>\n\n\n\n<p><strong>Cannabis.es: \u00bfY c\u00f3mo logr\u00e1is consolidar esta base cient\u00edfica para convertiros en un actor fundamental de cara a la regulaci\u00f3n del cannabis en Espa\u00f1a?<\/strong><\/p>\n\n\n\n<p><strong>Iker Val y Joseba del Valle<\/strong>&nbsp;&#8211; Por medio de varios convenios, tanto con la<strong>&nbsp;Universidad del Pa\u00eds Vasco, como con la Universidad Complutense de Madrid y el Instituto Vasco de Criminolog\u00eda.<\/strong>&nbsp;Hemos firmado diferentes investigaciones en marcos de convenios que vienen a demostrar esos argumentos, que desde el movimiento se daban de cara a instituciones, pero que no estaban fundamentados con investigaciones objetivas. Nosotros intentamos lograr ese respaldo acad\u00e9mico para dar consistencia a estos argumentos. Nuestras investigaciones con las instituciones han cristalizado en eso convenios con Universidades, junto a las que hemos desarrollado estudios m\u00e1s concretas.<\/p>\n\n\n\n<figure class=\"wp-block-image\"><img decoding=\"async\" src=\"https:\/\/www.cannabis.es\/web\/images\/900C9DDFA3B93EFD9EABF0DDA12418781A2EE016DE94B0A1D9pimgpsh_fullsize_distr.jpg\" alt=\"900C9DDFA3B93EFD9EABF0DDA12418781A2EE016DE94B0A1D9pimgpsh fullsize distr\"\/><\/figure>\n\n\n\n<p>Iker Val (izquierda) y Joseba del Valle (derecha)<\/p>\n\n\n\n<p><strong>Cannabis.es: \u00bfEn qu\u00e9 and\u00e1is poniendo vuestra energ\u00eda en estos momentos?<\/strong><\/p>\n\n\n\n<p><strong>Iker Val y Joseba del Valle<\/strong>&nbsp;&#8211; Ahora mismo la Fundaci\u00f3n est\u00e1 trabajando en dos l\u00edneas principales.<\/p>\n\n\n\n<p>&#8211; La&nbsp;<a href=\"https:\/\/www.regulacionresponsable.es\/\"><strong>Plataforma Regulaci\u00f3n Responsable<\/strong><\/a>&nbsp;con la que colaboramos (y en parte somos impulsores), desde la que trabajamos en la influencia pol\u00edtica a nivel nacional para el cambio legislativo en&nbsp;<strong>Espa\u00f1a<\/strong>.<\/p>\n\n\n\n<p>&nbsp;&#8211; A nivel del<strong>&nbsp;Pa\u00eds Vasco<\/strong>, y de la mano de&nbsp;<a href=\"http:\/\/www.eusfac.eu\/\"><strong>EUSFAC<\/strong>&nbsp;<\/a>y de la&nbsp;<a href=\"http:\/\/www.euskadi.eus\/gobierno-vasco\/contenidos\/asociacion\/fdg001712011\/es_def\/index.shtml\"><strong>Federaci\u00f3n Vasca de Asociaciones<\/strong>&nbsp;<\/a>-con la que trabajamos muy estrechamente-, hemos seguido este proceso y dise\u00f1ado el&nbsp;<strong>Observatorio Vasco de Cannabis.<\/strong><\/p>\n\n\n\n<p>La forma de fraguar estos proyectos ha sido en colaboraci\u00f3n con la&nbsp;<strong>Facultad de Psicolog\u00eda de la Universidad del Pa\u00eds Vasco<\/strong>, con un plan piloto en el que se han analizado los programas de reducci\u00f3n de da\u00f1os y riesgos, as\u00ed como las pautas de consumo de hasta 500 usuarios de cannabis de distintos clubes, con un grupo de control de otros m\u00e1s de 200 usuarios no asociados. En la investigaci\u00f3n se comparaba si realmente esas pautas est\u00e1n m\u00e1s controladas, o si los consumos difer\u00edan mucho estando asociados o no. Las conclusiones son muy interesantes de cara a demostrar la eficacia de los clubes de cannabis. El programa ha durado dos a\u00f1os mediante la realizaci\u00f3n de 700 cuestionarios de 30 minutos y ha sido un arduo trabajo que, sin duda, ha merecido la pena.<\/p>\n\n\n\n<p>Con toda esta informaci\u00f3n, hemos elaborado el informe que publicamos el a\u00f1o pasado y que ahora estamos presentando. Entre otras publicaciones se incluye la de la percepci\u00f3n social en Euskadi, un estudio a partir de 1200 cuestionarios, en las tres capitales vascas, sobre c\u00f3mo se ve el cannabis en la sociedad vasca.<\/p>\n\n\n\n<p>En el informe hemos integrado estas investigaciones mostrando una foto general de c\u00f3mo est\u00e1 situaci\u00f3n en torno al cannabis en&nbsp;<strong>Espa\u00f1a y Euskadi,<\/strong>&nbsp;desde el punto de vista jur\u00eddico y sociocultural. Esa investigaci\u00f3n la publicamos en 2015 y ahora estamos elaborando la del 2017\/2018, que presentaremos en el 2019. En esta fase, estamos trabajando en un programa de monitoreo de clubes sociales m\u00e1s all\u00e1 de las sentencias del Supremo. Nuestra finalidad es plasmarlo todo en publicaciones, que compensen la carencia de profesionales especializados a nivel jur\u00eddico en cannabis.<\/p>\n\n\n\n<p>M\u00e1s all\u00e1 de las publicaciones, tambi\u00e9n promovemos eventos de debate y discusi\u00f3n, el m\u00e1s importante es el&nbsp;<a href=\"http:\/\/www.expogrow.net\/2017\/v-foro-social-e-internacional-del-cannabis\/\"><strong>Foro Internacional de Cannabis de Ir\u00fan de Expogrow<\/strong>,<\/a>&nbsp;que se celebra por quinto a\u00f1o. En esta edici\u00f3n hemos optado por un formato no t\u00e9cnico ni jur\u00eddico: el&nbsp;<strong>Cannabis F\u00f3rum Box<\/strong>. Ya han pasado 5 a\u00f1os; el encuentro ha madurado, ha sido \u00fatil por el n\u00famero de asistentes, las experiencias de regulaci\u00f3n analizadas, y lo que de \u00e9stas se ha trasladado al movimiento y a los pol\u00edticos. Ahora estrenamos este nuevo concepto en<strong>&nbsp;Expogrow Ir\u00fan<\/strong>&nbsp;los d\u00edas 16 y 17 septiembre, as\u00ed que seguro que lo ver\u00e9is vosotros mismos.<\/p>\n\n\n\n<p>Dentro de muy poquito, el pr\u00f3ximo 29 marzo celebramos en el&nbsp;<strong>Palacio Miramar de San Sebasti\u00e1n<\/strong>&nbsp;un di\u00e1logo informal con juristas, pol\u00edticos, expertos, sociedad civil, enfermos, asociaciones. etc. Ser\u00e1 una jornada de trabajo muy interesante.<\/p>\n\n\n\n<p>Tambi\u00e9n colaboramos con el<strong>&nbsp;IVAC (Instituto Vasco de Criminolog\u00eda)<\/strong>&nbsp;en los cursos de verano que cada dos a\u00f1os realizan sobre reducci\u00f3n de riesgos. Y en esta edici\u00f3n se presenta el informe de&nbsp;<strong>GEPCA<\/strong>&nbsp;(Grupo de Estudio de Pol\u00edticas del Cannabis): un trabajo que firman 25 expertos y en el que se hace p\u00fablica una propuesta de regulaci\u00f3n cient\u00edfica para negociar con los representantes pol\u00edticos.<\/p>\n\n\n\n<p>Asimismo, estamos llevando a cabo una peque\u00f1a parte de nuestro trabajo en laboratorio, con las muestras de la<strong>&nbsp;EUSFAC<\/strong>, mediante t\u00e9cnicas de cromatograf\u00eda de gases. Tanto para las asociaciones que integran la fundaci\u00f3n como para<strong>&nbsp;EUSFAC<\/strong>, ofrecemos un servicio de anal\u00edtica gratuito.<\/p>\n\n\n\n<blockquote class=\"wp-block-quote is-layout-flow wp-block-quote-is-layout-flow\"><p><strong>Desde la Fundaci\u00f3n RENOVATIO se muestran optimistas y ven posibilidades para que el movimiento social, el lobby y la industria del cannabis, articulen el cambio necesario de cara a la pr\u00f3xima legislatura.<\/strong><\/p><\/blockquote>\n\n\n\n<p><strong>Cannabis.es: Acab\u00e1is de presentar el libro&nbsp;<a href=\"http:\/\/www.agapea.com\/libros\/SENDAS-DE-LA-REGULACION-DEL-CANNABIS-EN-ESPAnA-LAS-9788472908093-i.htm\">\u2018Las sendas de la regulaci\u00f3n del cannabis en Espa\u00f1a\u2019<\/a>, que tiene muy buena pinta\u2026 \u00bfQu\u00e9 nos aportar\u00e1 al leerlo?<\/strong><\/p>\n\n\n\n<p><strong>Iker Val y Joseba del Valle<\/strong>&nbsp;&nbsp;&#8211; En la Comisi\u00f3n T\u00e9cnica y con el fin de aportar argumentos para debate, planteamos a la Asamblea la posibilidad de publicar 35 art\u00edculos recopilados durante un a\u00f1o, divididos en 5 bloques, con la colaboraci\u00f3n de expertos, juristas, abogados, activistas\u2026 Esta iniciativa les pareci\u00f3 positiva, y ahora se ve materializada en esta publicaci\u00f3n, que pod\u00e9is adquirir por 22 euros a trav\u00e9s de la<strong>&nbsp;revista Ca\u00f1amo y de la editorial Bellaterra.<\/strong><\/p>\n\n\n\n<p>Con este libro, tratamos de dar una visi\u00f3n general, y a la vez en profundidad, que resulte \u00fatil para los pol\u00edticos y para la sociedad, sobre distintas cuestiones del \u00e1mbito del cannabis. La informaci\u00f3n se estructura en cinco bloques tem\u00e1ticos:<\/p>\n\n\n\n<ol class=\"wp-block-list\"><li><strong>Consumos<\/strong>&nbsp;(desde el punto de vista sociocultural).<\/li><li>&nbsp;<strong>Movimientos sociales cann\u00e1bicos del Estado Espa\u00f1ol:<\/strong>&nbsp;una retrospectiva de 25 a\u00f1os: \u2018De tetas y tetes: mujeres y feminismo\u2019, la evoluci\u00f3n del movimiento cann\u00e1bico en&nbsp;<strong>Espa\u00f1a y en Euskadi<\/strong>, autocultivo y autocultivadores.<\/li><li><strong>Cannabis terap\u00e9utico<\/strong>. Donde se integran diferentes intervenciones de m\u00e9dicos especialistas.<\/li><li><strong>Educaci\u00f3n Responsable<\/strong>. Un cap\u00edtulo en el que participa David P\u00e9rez, profesionales de la Psicolog\u00eda, etc.<\/li><li>&nbsp;<strong>Escenarios internacionales.&nbsp;<\/strong>En la que se eval\u00faa el escenario en&nbsp;<strong>Uruguay<\/strong>, con aportaciones de la&nbsp;Coordinadora del programa Latinoamericano para la reforma de la pol\u00edtica de drogas de&nbsp;<strong>Mexico<\/strong>,&nbsp;Lisa S\u00e1nchez, o Araceli Manj\u00f3n, entre otros.<\/li><li>&nbsp;<strong>Aspectos jur\u00eddicos.<\/strong>&nbsp;Propuesta jur\u00eddica de la sociedad civil para regular a trav\u00e9s de los clubes; repaso a las modificaciones legales administrativas; defensa de los clubes en la pr\u00e1ctica; organizaci\u00f3n de los colectivos tras la doctrina&#8230; con las colaboraciones de&nbsp;<strong>Juan Mu\u00f1oz o Javier Arana.<\/strong><\/li><\/ol>\n\n\n\n<p><strong>Cannabis.es: Nos interesa saber c\u00f3mo valor\u00e1is el terreno de juego cann\u00e1bico a nivel internacional.<\/strong><\/p>\n\n\n\n<p><strong>Iker Val y Joseba del Valle<\/strong>&nbsp;&nbsp;&#8211;&nbsp;<strong>Uruguay<\/strong>&nbsp;es un modelo muy interesante, pero al no haber ni voluntad pol\u00edtica ni medios y ser un pa\u00eds peque\u00f1o, est\u00e1 teniendo problemas de cara a la implementaci\u00f3n pr\u00e1ctica. En ese caso, nuestra evaluaci\u00f3n es que en la pr\u00e1ctica a los uruguayos les est\u00e1 costando mucho articularla.<\/p>\n\n\n\n<p>Desde un concepto de modelo de referencia pol\u00edtica de droga,&nbsp;<strong>Uruguay<\/strong>&nbsp;est\u00e1 siendo muy importante y \u00fatil, pero resaltar\u00eda<strong>&nbsp;Canad\u00e1<\/strong>&nbsp;como el \u00fanico que plantea una regulaci\u00f3n integral y a nivel federal.&nbsp;<strong>EEUU<\/strong>&nbsp;tiene movimientos interesantes, pero ahora cuenta con una administraci\u00f3n m\u00e1s conservadora, que no obstante y por suerte, tiene las manos cortadas para introducir cambios a nivel de los estados.<\/p>\n\n\n\n<p>Mientras, en&nbsp;<strong>Latinoam\u00e9rica<\/strong>&nbsp;est\u00e1n preocupados por las consecuencias a nivel de calle: pobreza, criminalidad, marginalidad, muertes, uso de coca y pegamento, etc. Toda la zona dio un buen empuj\u00f3n con el&nbsp;<a href=\"https:\/\/www.oas.org\/docs\/publications\/layoutpubgagdrogas-esp-29-9.pdf\"><strong>informe de la OEA<\/strong><\/a>, pero siguen usando el&nbsp;<strong>cannabis terap\u00e9utico<\/strong>&nbsp;como forma de conformar a las poblaciones con la importaci\u00f3n de medicamentos de multinacionales que contengan cannabinoides, antes de plantearse otras cosas.<\/p>\n\n\n\n<p>Ese hemisferio gozar\u00eda de buena salud, pero por el contrario<strong>&nbsp;Rusia, China o Ir\u00e1n<\/strong>, est\u00e1n bloqueando los convenios internaciones como m\u00ednimo para 50 a\u00f1os.<\/p>\n\n\n\n<p>En cuanto a la interpretaci\u00f3n flexible de los tratados internacionales para adaptarlos a la realidad de sus pa\u00edses, sobre todo en potencias occidentales, est\u00e1 habiendo una evoluci\u00f3n importante, pero&nbsp;<strong>Europa<\/strong>&nbsp;es la m\u00e1s conservadora.<\/p>\n\n\n\n<p>Creemos que el contexto de crisis que atravesamos, ha provocado el auge de partidos de tendencia conservadora en&nbsp;<strong>Europa<\/strong>, y eso ha frenado mucho los avances en este sentido. Hace 25 a\u00f1os,&nbsp;<strong>Espa\u00f1a<\/strong>&nbsp;ten\u00eda pol\u00edticas de drogas m\u00e1s progresistas que ahora: en los 80 y 90 con las narcosalas o la promoci\u00f3n del consumo higi\u00e9nico. Con el movimiento de los clubes en Espa\u00f1a, se ha consolidado un frente surgido contra el anterior gobierno de mayor\u00eda absoluta del&nbsp;<strong>PP<\/strong>&nbsp;y el&nbsp;<strong>Plan Nacional Drogas<\/strong>, que es en realidad un delegado del Gobierno, y apoyado por la<strong>&nbsp;Fiscal\u00eda General del Estado<\/strong>, tanto a nivel jur\u00eddico como policial.<\/p>\n\n\n\n<p>Como consecuencia, en este escenario se han dado pasos hacia detr\u00e1s, y en&nbsp;<strong>Europa<\/strong>&nbsp;est\u00e1 ocurriendo lo mismo. La tendencia general es ir a parar a experiencias locales o estatales que van cogiendo fuerza.&nbsp;<strong>Creemos que Espa\u00f1a en 4 a\u00f1os podr\u00eda estar preparada para una ley integral del cannabis: hay posibilidades para que el movimiento social, el lobby y la industria del cannabis, articulen el cambio necesario de cara a la pr\u00f3xima legislatura<\/strong>, aunque igual la implementaci\u00f3n son 4 a\u00f1os m\u00e1s.<\/p>\n\n\n\n<p><strong>Cannabis.es: \u00bfCre\u00e9is que los medios de comunicaci\u00f3n est\u00e1n reflejando bien este escenario?<\/strong><\/p>\n\n\n\n<p><strong>Iker Val y Joseba del Valle<\/strong>&nbsp;&nbsp;&#8211; Existe obviamente una estrategia medi\u00e1tica que aboga por la no presunci\u00f3n de inocencia, y que se caracteriza por la tendencia a criminalizar (el primero en hacerlo es el propio<strong>&nbsp;Director del Plan de Drogas<\/strong>). En este tipo de noticias se definen los clubes cann\u00e1bicos como una tapadera y un elemento a combatir dentro de la oferta y la demanda del suministro de drogas.No obstante, es positivo que progresivamente van asom\u00e1ndose a los medios otros prismas como las pol\u00edticas de regulaci\u00f3n, la legislaci\u00f3n espec\u00edfica o el cannabis medicinal (con la repercusi\u00f3n, por ejemplo, de&nbsp;los testimonios de personas como<strong>&nbsp;Carola P\u00e9rez<\/strong>, etc).<\/p>\n\n\n\n<figure class=\"wp-block-image\"><img decoding=\"async\" src=\"https:\/\/www.cannabis.es\/web\/images\/EA7CF386B2BB7359EDC4A40A366CC56D721054A26D0E456E6Fpimgpsh_fullsize_distr.jpg\" alt=\"EA7CF386B2BB7359EDC4A40A366CC56D721054A26D0E456E6Fpimgpsh fullsize distr\"\/><\/figure>\n\n\n\n<p>Joseba del Valle (derecha), El Sebas (centro) e&nbsp;Iker Val (izquierda)<\/p>\n\n\n\n<p><strong>Cannabis.es: \u00bfC\u00f3mo es la foto de grupo sobre la regulaci\u00f3n del cannabis en Espa\u00f1a?<\/strong><\/p>\n\n\n\n<p><strong>Iker Val y Joseba del Valle<\/strong>&nbsp;&nbsp;&#8211; Sin duda es positiva, los colectivos cann\u00e1bicos son el movimiento con m\u00e1s m\u00fasculo asociativo y fuerza de&nbsp;<strong>Europa<\/strong>. Hay una plataforma social y asociativa que est\u00e1 pidiendo un cambio legislativo, desde las asociaciones, desde la sociedad, desde el activismo feminista, expertos, la plataforma de uso medicinal o el observatorio medicinal.<\/p>\n\n\n\n<p>Nosotros, como buenos vascos que somos&nbsp;<em><strong>esperamos que se sepan mezclar bien todos estos ingredientes para cocinar, pero es una receta que fluye<\/strong><\/em>, nadie puede controlarla como movimiento. Por ejemplo, el activismo para normalizar e igualar los derechos de los homosexuales lleva 30\/40 a\u00f1os, y todav\u00eda hoy arrastra estigmas, discriminaciones en forma de violencia, palizas, etc. Pues en el tema del cannabis, imag\u00ednate, y m\u00e1s cuando existe una legislaci\u00f3n punitiva que debemos cambiar.<\/p>\n\n\n\n<p>El proceso lleva una buena evoluci\u00f3n, est\u00e1 madurando cada vez m\u00e1s: no hay una uni\u00f3n de un solo bloque, pero si una&nbsp;<strong>cohesi\u00f3n desde una perspectiva de pluralidad y diversidad.<\/strong><\/p>\n\n\n\n<p>En este sentido, nosotros con la&nbsp;<strong>Fundaci\u00f3n<\/strong>&nbsp;hemos constituido una cantera y ahora interactuamos con todos los actores: hay una mesa simb\u00f3lica en la que nos sentamos, nos entendemos y se respeta el trabajo de todos. Esto es una base fundamental, pero falta profesionalizar el sector para cambiar la parte legal, es decir, profesionalizar el enfoque y el cambio legislativo. En esto andamos precisamente, codo con codo junto a la plataforma&nbsp;<strong>Regulaci\u00f3n Responsable,<\/strong>&nbsp;con la que colaboramos intensamente.<\/p>\n\n\n\n<p><strong>Cannabis.es: Hab\u00e9is hablado mucho de activismo y movimientos sociales, pero nuestros pol\u00edticos, \u00bfhacia d\u00f3nde miran?<\/strong><\/p>\n\n\n\n<p><strong>Iker Val y Joseba del Valle<\/strong>&nbsp;&nbsp;&#8211; El panorama pol\u00edtico es ahora favorable en&nbsp;<strong>Espa\u00f1a<\/strong>, con la&nbsp;<a href=\"http:\/\/m.noticiasdenavarra.com\/2016\/12\/03\/politica\/navarra\/rcn-lleva-al-congreso-una-propuesta-para-regular-el-cannabis\"><strong>propuesta de RCN<\/strong><\/a>&nbsp;para lograr 500.00 de firmas, que es como obtener el apoyo de la sociedad civil -y eso es muy importante-. La parte menos positiva es que s\u00f3lo se sustenta en dos pilares, que son el&nbsp;<strong>autocultivo y los clubes<\/strong>. Asimismo, contamos con la&nbsp;<strong><a href=\"https:\/\/www.diariofarma.com\/2017\/02\/20\/ciudadanos-pide-la-regulacion-del-uso-medicinal-del-cannabis\">PNL del Observatorio y de Ciudadanos<\/a>,<\/strong>&nbsp;que es urgente poner en marcha, aunque debemos tener cuidado de que no se avance s\u00f3lo en el \u00e1mbito terap\u00e9utico sino tambi\u00e9n en el enfoque social o medicinal, y que esto sirva de excusa para no avanzar a nivel integral.<\/p>\n\n\n\n<p>Tambi\u00e9n hay partidos pol\u00edticos nacionalistas, como<strong>&nbsp;ERC<\/strong>, que han impulsado iniciativas aisladas que son buenas para fomentar el debate, pero no cuentan con consenso.<\/p>\n\n\n\n<p>Ah\u00ed es fundamental el trabajo de&nbsp;<strong>Regulaci\u00f3n Responsable<\/strong>, que intenta consolidar una mesa de debate que convenza a los partidos para un cambio real, contando principalmente con expertos. Porque los partidos no cambian de golpe, hay demasiados tab\u00fas y estigmas: los gobiernos son cautelosos en los pasos que toman. Hay mucha diferencia entre autorizar la importaci\u00f3n de medicamentos y dejar que los clubes cultiven en&nbsp;<strong>Catalu\u00f1a<\/strong>&nbsp;150 kg, o lo que vaya a permitirles la futura ley catalana.<\/p>\n\n\n\n<p>Pero tambi\u00e9n hay un frente prohibicionista muy potente que va desde el Gobierno al&nbsp;<strong>Partido Popular,<\/strong>&nbsp;pasando por el<strong>&nbsp;Plan Nacional de Drogas y la Judicatura<\/strong>, y llegando al<strong>&nbsp;Constitucional y al Supremo<\/strong>. Este bloque se sit\u00faa en el extremo opuesto a este otro sector que plantea la regulaci\u00f3n y la apoya.<\/p>\n\n\n\n<p>Desde la&nbsp;<strong>Fundaci\u00f3n RENOVATIO<\/strong>&nbsp;apostamos por una intervenci\u00f3n t\u00e9cnica para que se construya un an\u00e1lisis en profundidad&nbsp; que impulse una propuesta legislativa sencilla: reformar el c\u00f3digo penal, reformar la&nbsp;<strong>Ley del Medicamento y Estupefacientes y la Ley de Seguridad Ciudadana<\/strong>. Con eso se podr\u00eda buscar un marco base, pero eso hay que acomodarlo en una Ley y eso requiere mucho trabajo previo.<\/p>\n\n\n\n<blockquote class=\"wp-block-quote is-layout-flow wp-block-quote-is-layout-flow\"><p><strong>\u00a1Suerte compa\u00f1eros y enhorabuena por este gran trabajo!<\/strong><\/p><\/blockquote>\n","protected":false},"excerpt":{"rendered":"<span class=\"span-reading-time rt-reading-time\" style=\"display: block;\"><span class=\"rt-label rt-prefix\">Tiempo de lectura:<\/span> <span class=\"rt-time\"> 9<\/span> <span class=\"rt-label rt-postfix\">minutos<\/span><\/span>Por Eme Nos encontramos&nbsp;a Iker Val y Joseba del Valle&nbsp;en la \u00faltima edici\u00f3n de la&nbsp;Spannabis Barcelona&nbsp;y no quisimos dejar pasar la oportunidad de hablar con ellos. Fruto de aquella charla informal, ha surgido un material muy interesante que queremos compartir con todos vosotros. Esta informaci\u00f3n llega, adem\u00e1s, en un momento vital para la regulaci\u00f3n integral [&hellip;]","protected":false},"author":1,"featured_media":2817,"comment_status":"closed","ping_status":"closed","sticky":false,"template":"","format":"standard","meta":{"loftocean-featured-post":"","loftocean_post_format_gallery":"","loftocean_post_format_gallery_ids":"","loftocean_post_format_gallery_urls":"","loftocean_post_format_video_id":"","loftocean_post_format_video_url":"","loftocean_post_format_video_type":"","loftocean_post_format_video":"","loftocean_post_format_audio_type":"","loftocean_post_format_audio_url":"","loftocean_post_format_audio_id":"","loftocean_post_format_audio":"","loftocean_post_format_quote_text":"","loftocean_post_format_quote_byline":"","loftocean_post_format_link_text":"","loftocean_post_format_link_url":"","ceramag_post_header_style":"","ceramag_enable_background_video":"","ceramag_show_in_top_slider":"","ceramag_post_background_video_start":"","ceramag_post_background_video_end":"","loftocean_page_background_video_id":"","loftocean_page_background_video_url":"","loftocean_page_background_video_type":"","loftocean_page_background_video":"","ceramag_background_video_start":"","ceramag_background_video_end":"","ceramag_single_page_hide_header":"","footnotes":""},"categories":[33],"tags":[],"class_list":["post-2816","post","type-post","status-publish","format-standard","has-post-thumbnail","hentry","category-entrevistas"],"yoast_head":"<!-- This site is optimized with the Yoast SEO plugin v24.9 - https:\/\/yoast.com\/wordpress\/plugins\/seo\/ -->\n<title>\u201cEspa\u00f1a en 4 a\u00f1os podr\u00eda estar preparada para una ley integral del cannabis\u201d<\/title>\n<meta name=\"description\" content=\"Entrada &#8226; Portal multimedia sobre cannabis y otras sustancias &#8226; 23 marzo, 2017\" \/>\n<meta name=\"robots\" content=\"index, follow, max-snippet:-1, max-image-preview:large, max-video-preview:-1\" \/>\n<link rel=\"canonical\" href=\"https:\/\/www.cannabis.es\/pw\/2017\/03\/23\/espana-en-4-anos-podria-estar-preparada-para-una-ley-integral-del-cannabis\/\" \/>\n<meta name=\"twitter:card\" content=\"summary_large_image\" \/>\n<meta name=\"twitter:title\" content=\"\u201cEspa\u00f1a en 4 a\u00f1os podr\u00eda estar preparada para una ley integral del cannabis\u201d\" \/>\n<meta name=\"twitter:description\" content=\"Entrada &#8226; Portal multimedia sobre cannabis y otras sustancias &#8226; 23 marzo, 2017\" \/>\n<meta name=\"twitter:image\" content=\"https:\/\/www.cannabis.es\/pw\/wp-content\/uploads\/2020\/05\/entrevista_fundacion_renovatio.jpg\" \/>\n<meta name=\"twitter:creator\" content=\"@cannabis_es\" \/>\n<meta name=\"twitter:site\" content=\"@cannabis_es\" \/>\n<meta name=\"twitter:label1\" content=\"Escrito por\" \/>\n\t<meta name=\"twitter:data1\" content=\"Cannabis.es\" \/>\n\t<meta name=\"twitter:label2\" content=\"Tiempo de lectura\" \/>\n\t<meta name=\"twitter:data2\" content=\"16 minutos\" \/>\n<script type=\"application\/ld+json\" class=\"yoast-schema-graph\">{\"@context\":\"https:\/\/schema.org\",\"@graph\":[{\"@type\":\"Article\",\"@id\":\"https:\/\/www.cannabis.es\/pw\/2017\/03\/23\/espana-en-4-anos-podria-estar-preparada-para-una-ley-integral-del-cannabis\/#article\",\"isPartOf\":{\"@id\":\"https:\/\/www.cannabis.es\/pw\/2017\/03\/23\/espana-en-4-anos-podria-estar-preparada-para-una-ley-integral-del-cannabis\/\"},\"author\":{\"name\":\"Cannabis.es\",\"@id\":\"https:\/\/www.cannabis.es\/pw\/#\/schema\/person\/e2fbd204580cf4fe74c79b82bc447374\"},\"headline\":\"\u201cEspa\u00f1a en 4 a\u00f1os podr\u00eda estar preparada para una ley integral del cannabis\u201d\",\"datePublished\":\"2017-03-23T09:49:20+00:00\",\"dateModified\":\"2020-06-04T14:07:07+00:00\",\"mainEntityOfPage\":{\"@id\":\"https:\/\/www.cannabis.es\/pw\/2017\/03\/23\/espana-en-4-anos-podria-estar-preparada-para-una-ley-integral-del-cannabis\/\"},\"wordCount\":3186,\"publisher\":{\"@id\":\"https:\/\/www.cannabis.es\/pw\/#organization\"},\"image\":{\"@id\":\"https:\/\/www.cannabis.es\/pw\/2017\/03\/23\/espana-en-4-anos-podria-estar-preparada-para-una-ley-integral-del-cannabis\/#primaryimage\"},\"thumbnailUrl\":\"https:\/\/www.cannabis.es\/pw\/wp-content\/uploads\/2020\/05\/entrevista_fundacion_renovatio.jpg\",\"articleSection\":[\"Entrevistas\"],\"inLanguage\":\"es\"},{\"@type\":\"WebPage\",\"@id\":\"https:\/\/www.cannabis.es\/pw\/2017\/03\/23\/espana-en-4-anos-podria-estar-preparada-para-una-ley-integral-del-cannabis\/\",\"url\":\"https:\/\/www.cannabis.es\/pw\/2017\/03\/23\/espana-en-4-anos-podria-estar-preparada-para-una-ley-integral-del-cannabis\/\",\"name\":\"\u201cEspa\u00f1a en 4 a\u00f1os podr\u00eda estar preparada para una ley integral del cannabis\u201d\",\"isPartOf\":{\"@id\":\"https:\/\/www.cannabis.es\/pw\/#website\"},\"primaryImageOfPage\":{\"@id\":\"https:\/\/www.cannabis.es\/pw\/2017\/03\/23\/espana-en-4-anos-podria-estar-preparada-para-una-ley-integral-del-cannabis\/#primaryimage\"},\"image\":{\"@id\":\"https:\/\/www.cannabis.es\/pw\/2017\/03\/23\/espana-en-4-anos-podria-estar-preparada-para-una-ley-integral-del-cannabis\/#primaryimage\"},\"thumbnailUrl\":\"https:\/\/www.cannabis.es\/pw\/wp-content\/uploads\/2020\/05\/entrevista_fundacion_renovatio.jpg\",\"datePublished\":\"2017-03-23T09:49:20+00:00\",\"dateModified\":\"2020-06-04T14:07:07+00:00\",\"description\":\"Entrada &#8226; Portal multimedia sobre cannabis y otras sustancias &#8226; 23 marzo, 2017\",\"breadcrumb\":{\"@id\":\"https:\/\/www.cannabis.es\/pw\/2017\/03\/23\/espana-en-4-anos-podria-estar-preparada-para-una-ley-integral-del-cannabis\/#breadcrumb\"},\"inLanguage\":\"es\",\"potentialAction\":[{\"@type\":\"ReadAction\",\"target\":[\"https:\/\/www.cannabis.es\/pw\/2017\/03\/23\/espana-en-4-anos-podria-estar-preparada-para-una-ley-integral-del-cannabis\/\"]}]},{\"@type\":\"ImageObject\",\"inLanguage\":\"es\",\"@id\":\"https:\/\/www.cannabis.es\/pw\/2017\/03\/23\/espana-en-4-anos-podria-estar-preparada-para-una-ley-integral-del-cannabis\/#primaryimage\",\"url\":\"https:\/\/www.cannabis.es\/pw\/wp-content\/uploads\/2020\/05\/entrevista_fundacion_renovatio.jpg\",\"contentUrl\":\"https:\/\/www.cannabis.es\/pw\/wp-content\/uploads\/2020\/05\/entrevista_fundacion_renovatio.jpg\",\"width\":959,\"height\":475},{\"@type\":\"BreadcrumbList\",\"@id\":\"https:\/\/www.cannabis.es\/pw\/2017\/03\/23\/espana-en-4-anos-podria-estar-preparada-para-una-ley-integral-del-cannabis\/#breadcrumb\",\"itemListElement\":[{\"@type\":\"ListItem\",\"position\":1,\"name\":\"Portada\",\"item\":\"http:\/\/www.cannabis.es\/pw\/\"},{\"@type\":\"ListItem\",\"position\":2,\"name\":\"\u201cEspa\u00f1a en 4 a\u00f1os podr\u00eda estar preparada para una ley integral del cannabis\u201d\"}]},{\"@type\":\"WebSite\",\"@id\":\"https:\/\/www.cannabis.es\/pw\/#website\",\"url\":\"https:\/\/www.cannabis.es\/pw\/\",\"name\":\"Cannabis\",\"description\":\"Portal multimedia sobre cannabis y otras sustancias\",\"publisher\":{\"@id\":\"https:\/\/www.cannabis.es\/pw\/#organization\"},\"potentialAction\":[{\"@type\":\"SearchAction\",\"target\":{\"@type\":\"EntryPoint\",\"urlTemplate\":\"https:\/\/www.cannabis.es\/pw\/?s={search_term_string}\"},\"query-input\":{\"@type\":\"PropertyValueSpecification\",\"valueRequired\":true,\"valueName\":\"search_term_string\"}}],\"inLanguage\":\"es\"},{\"@type\":\"Organization\",\"@id\":\"https:\/\/www.cannabis.es\/pw\/#organization\",\"name\":\"Cannabis.es\",\"url\":\"https:\/\/www.cannabis.es\/pw\/\",\"logo\":{\"@type\":\"ImageObject\",\"inLanguage\":\"es\",\"@id\":\"https:\/\/www.cannabis.es\/pw\/#\/schema\/logo\/image\/\",\"url\":\"https:\/\/www.cannabis.es\/pw\/wp-content\/uploads\/2019\/04\/cropped-logo_cannabis.png\",\"contentUrl\":\"https:\/\/www.cannabis.es\/pw\/wp-content\/uploads\/2019\/04\/cropped-logo_cannabis.png\",\"width\":361,\"height\":120,\"caption\":\"Cannabis.es\"},\"image\":{\"@id\":\"https:\/\/www.cannabis.es\/pw\/#\/schema\/logo\/image\/\"},\"sameAs\":[\"https:\/\/x.com\/cannabis_es\"]},{\"@type\":\"Person\",\"@id\":\"https:\/\/www.cannabis.es\/pw\/#\/schema\/person\/e2fbd204580cf4fe74c79b82bc447374\",\"name\":\"Cannabis.es\",\"image\":{\"@type\":\"ImageObject\",\"inLanguage\":\"es\",\"@id\":\"https:\/\/www.cannabis.es\/pw\/#\/schema\/person\/image\/\",\"url\":\"https:\/\/secure.gravatar.com\/avatar\/4375b1eb6e272e2e48a4b8a8def52e5f208151f555bb5906da616906ee6dd2e8?s=96&d=mm&r=g\",\"contentUrl\":\"https:\/\/secure.gravatar.com\/avatar\/4375b1eb6e272e2e48a4b8a8def52e5f208151f555bb5906da616906ee6dd2e8?s=96&d=mm&r=g\",\"caption\":\"Cannabis.es\"},\"url\":\"https:\/\/www.cannabis.es\/pw\/author\/cannabis\/\"}]}<\/script>\n<!-- \/ Yoast SEO plugin. -->","yoast_head_json":{"title":"\u201cEspa\u00f1a en 4 a\u00f1os podr\u00eda estar preparada para una ley integral del cannabis\u201d","description":"Entrada &#8226; Portal multimedia sobre cannabis y otras sustancias &#8226; 23 marzo, 2017","robots":{"index":"index","follow":"follow","max-snippet":"max-snippet:-1","max-image-preview":"max-image-preview:large","max-video-preview":"max-video-preview:-1"},"canonical":"https:\/\/www.cannabis.es\/pw\/2017\/03\/23\/espana-en-4-anos-podria-estar-preparada-para-una-ley-integral-del-cannabis\/","twitter_card":"summary_large_image","twitter_title":"\u201cEspa\u00f1a en 4 a\u00f1os podr\u00eda estar preparada para una ley integral del cannabis\u201d","twitter_description":"Entrada &#8226; Portal multimedia sobre cannabis y otras sustancias &#8226; 23 marzo, 2017","twitter_image":"https:\/\/www.cannabis.es\/pw\/wp-content\/uploads\/2020\/05\/entrevista_fundacion_renovatio.jpg","twitter_creator":"@cannabis_es","twitter_site":"@cannabis_es","twitter_misc":{"Escrito por":"Cannabis.es","Tiempo de lectura":"16 minutos"},"schema":{"@context":"https:\/\/schema.org","@graph":[{"@type":"Article","@id":"https:\/\/www.cannabis.es\/pw\/2017\/03\/23\/espana-en-4-anos-podria-estar-preparada-para-una-ley-integral-del-cannabis\/#article","isPartOf":{"@id":"https:\/\/www.cannabis.es\/pw\/2017\/03\/23\/espana-en-4-anos-podria-estar-preparada-para-una-ley-integral-del-cannabis\/"},"author":{"name":"Cannabis.es","@id":"https:\/\/www.cannabis.es\/pw\/#\/schema\/person\/e2fbd204580cf4fe74c79b82bc447374"},"headline":"\u201cEspa\u00f1a en 4 a\u00f1os podr\u00eda estar preparada para una ley integral del cannabis\u201d","datePublished":"2017-03-23T09:49:20+00:00","dateModified":"2020-06-04T14:07:07+00:00","mainEntityOfPage":{"@id":"https:\/\/www.cannabis.es\/pw\/2017\/03\/23\/espana-en-4-anos-podria-estar-preparada-para-una-ley-integral-del-cannabis\/"},"wordCount":3186,"publisher":{"@id":"https:\/\/www.cannabis.es\/pw\/#organization"},"image":{"@id":"https:\/\/www.cannabis.es\/pw\/2017\/03\/23\/espana-en-4-anos-podria-estar-preparada-para-una-ley-integral-del-cannabis\/#primaryimage"},"thumbnailUrl":"https:\/\/www.cannabis.es\/pw\/wp-content\/uploads\/2020\/05\/entrevista_fundacion_renovatio.jpg","articleSection":["Entrevistas"],"inLanguage":"es"},{"@type":"WebPage","@id":"https:\/\/www.cannabis.es\/pw\/2017\/03\/23\/espana-en-4-anos-podria-estar-preparada-para-una-ley-integral-del-cannabis\/","url":"https:\/\/www.cannabis.es\/pw\/2017\/03\/23\/espana-en-4-anos-podria-estar-preparada-para-una-ley-integral-del-cannabis\/","name":"\u201cEspa\u00f1a en 4 a\u00f1os podr\u00eda estar preparada para una ley integral del cannabis\u201d","isPartOf":{"@id":"https:\/\/www.cannabis.es\/pw\/#website"},"primaryImageOfPage":{"@id":"https:\/\/www.cannabis.es\/pw\/2017\/03\/23\/espana-en-4-anos-podria-estar-preparada-para-una-ley-integral-del-cannabis\/#primaryimage"},"image":{"@id":"https:\/\/www.cannabis.es\/pw\/2017\/03\/23\/espana-en-4-anos-podria-estar-preparada-para-una-ley-integral-del-cannabis\/#primaryimage"},"thumbnailUrl":"https:\/\/www.cannabis.es\/pw\/wp-content\/uploads\/2020\/05\/entrevista_fundacion_renovatio.jpg","datePublished":"2017-03-23T09:49:20+00:00","dateModified":"2020-06-04T14:07:07+00:00","description":"Entrada &#8226; Portal multimedia sobre cannabis y otras sustancias &#8226; 23 marzo, 2017","breadcrumb":{"@id":"https:\/\/www.cannabis.es\/pw\/2017\/03\/23\/espana-en-4-anos-podria-estar-preparada-para-una-ley-integral-del-cannabis\/#breadcrumb"},"inLanguage":"es","potentialAction":[{"@type":"ReadAction","target":["https:\/\/www.cannabis.es\/pw\/2017\/03\/23\/espana-en-4-anos-podria-estar-preparada-para-una-ley-integral-del-cannabis\/"]}]},{"@type":"ImageObject","inLanguage":"es","@id":"https:\/\/www.cannabis.es\/pw\/2017\/03\/23\/espana-en-4-anos-podria-estar-preparada-para-una-ley-integral-del-cannabis\/#primaryimage","url":"https:\/\/www.cannabis.es\/pw\/wp-content\/uploads\/2020\/05\/entrevista_fundacion_renovatio.jpg","contentUrl":"https:\/\/www.cannabis.es\/pw\/wp-content\/uploads\/2020\/05\/entrevista_fundacion_renovatio.jpg","width":959,"height":475},{"@type":"BreadcrumbList","@id":"https:\/\/www.cannabis.es\/pw\/2017\/03\/23\/espana-en-4-anos-podria-estar-preparada-para-una-ley-integral-del-cannabis\/#breadcrumb","itemListElement":[{"@type":"ListItem","position":1,"name":"Portada","item":"http:\/\/www.cannabis.es\/pw\/"},{"@type":"ListItem","position":2,"name":"\u201cEspa\u00f1a en 4 a\u00f1os podr\u00eda estar preparada para una ley integral del cannabis\u201d"}]},{"@type":"WebSite","@id":"https:\/\/www.cannabis.es\/pw\/#website","url":"https:\/\/www.cannabis.es\/pw\/","name":"Cannabis","description":"Portal multimedia sobre cannabis y otras sustancias","publisher":{"@id":"https:\/\/www.cannabis.es\/pw\/#organization"},"potentialAction":[{"@type":"SearchAction","target":{"@type":"EntryPoint","urlTemplate":"https:\/\/www.cannabis.es\/pw\/?s={search_term_string}"},"query-input":{"@type":"PropertyValueSpecification","valueRequired":true,"valueName":"search_term_string"}}],"inLanguage":"es"},{"@type":"Organization","@id":"https:\/\/www.cannabis.es\/pw\/#organization","name":"Cannabis.es","url":"https:\/\/www.cannabis.es\/pw\/","logo":{"@type":"ImageObject","inLanguage":"es","@id":"https:\/\/www.cannabis.es\/pw\/#\/schema\/logo\/image\/","url":"https:\/\/www.cannabis.es\/pw\/wp-content\/uploads\/2019\/04\/cropped-logo_cannabis.png","contentUrl":"https:\/\/www.cannabis.es\/pw\/wp-content\/uploads\/2019\/04\/cropped-logo_cannabis.png","width":361,"height":120,"caption":"Cannabis.es"},"image":{"@id":"https:\/\/www.cannabis.es\/pw\/#\/schema\/logo\/image\/"},"sameAs":["https:\/\/x.com\/cannabis_es"]},{"@type":"Person","@id":"https:\/\/www.cannabis.es\/pw\/#\/schema\/person\/e2fbd204580cf4fe74c79b82bc447374","name":"Cannabis.es","image":{"@type":"ImageObject","inLanguage":"es","@id":"https:\/\/www.cannabis.es\/pw\/#\/schema\/person\/image\/","url":"https:\/\/secure.gravatar.com\/avatar\/4375b1eb6e272e2e48a4b8a8def52e5f208151f555bb5906da616906ee6dd2e8?s=96&d=mm&r=g","contentUrl":"https:\/\/secure.gravatar.com\/avatar\/4375b1eb6e272e2e48a4b8a8def52e5f208151f555bb5906da616906ee6dd2e8?s=96&d=mm&r=g","caption":"Cannabis.es"},"url":"https:\/\/www.cannabis.es\/pw\/author\/cannabis\/"}]}},"_links":{"self":[{"href":"https:\/\/www.cannabis.es\/pw\/wp-json\/wp\/v2\/posts\/2816","targetHints":{"allow":["GET"]}}],"collection":[{"href":"https:\/\/www.cannabis.es\/pw\/wp-json\/wp\/v2\/posts"}],"about":[{"href":"https:\/\/www.cannabis.es\/pw\/wp-json\/wp\/v2\/types\/post"}],"author":[{"embeddable":true,"href":"https:\/\/www.cannabis.es\/pw\/wp-json\/wp\/v2\/users\/1"}],"replies":[{"embeddable":true,"href":"https:\/\/www.cannabis.es\/pw\/wp-json\/wp\/v2\/comments?post=2816"}],"version-history":[{"count":2,"href":"https:\/\/www.cannabis.es\/pw\/wp-json\/wp\/v2\/posts\/2816\/revisions"}],"predecessor-version":[{"id":5117,"href":"https:\/\/www.cannabis.es\/pw\/wp-json\/wp\/v2\/posts\/2816\/revisions\/5117"}],"wp:featuredmedia":[{"embeddable":true,"href":"https:\/\/www.cannabis.es\/pw\/wp-json\/wp\/v2\/media\/2817"}],"wp:attachment":[{"href":"https:\/\/www.cannabis.es\/pw\/wp-json\/wp\/v2\/media?parent=2816"}],"wp:term":[{"taxonomy":"category","embeddable":true,"href":"https:\/\/www.cannabis.es\/pw\/wp-json\/wp\/v2\/categories?post=2816"},{"taxonomy":"post_tag","embeddable":true,"href":"https:\/\/www.cannabis.es\/pw\/wp-json\/wp\/v2\/tags?post=2816"}],"curies":[{"name":"wp","href":"https:\/\/api.w.org\/{rel}","templated":true}]}}