{"id":2823,"date":"2017-03-20T10:52:37","date_gmt":"2017-03-20T09:52:37","guid":{"rendered":"http:\/\/www.cannabis.es\/pw\/?p=2823"},"modified":"2020-06-04T16:11:41","modified_gmt":"2020-06-04T14:11:41","slug":"las-madres-coraje-de-la-lucha-prolegalizacion-medicinal-en-peru","status":"publish","type":"post","link":"https:\/\/www.cannabis.es\/pw\/2017\/03\/20\/las-madres-coraje-de-la-lucha-prolegalizacion-medicinal-en-peru\/","title":{"rendered":"Las \u2018madres coraje\u2019 de la lucha prolegalizacion medicinal en Per\u00fa"},"content":{"rendered":"\n<p>Por Ianis Ferenczy<\/p>\n\n\n\n<p>La lucha de un grupo de madres, organizadas bajo el colectivo&nbsp;<a href=\"https:\/\/www.facebook.com\/Buscando-Esperanza-Per%C3%BA-1775328939413397\/\">\u201cBuscando esperanza Per\u00fa\u201d<\/a>,&nbsp;<strong>reaviva el debate y fuerza medidas institucionales a favor de la regulaci\u00f3n del cannabis medicinal<\/strong>. La asociaci\u00f3n est\u00e1 formada por&nbsp;<strong>madres de ni\u00f1os afectados por enfermedades neurol\u00f3gicas cr\u00f3nicas<\/strong>&nbsp;y busca la regulaci\u00f3n y el autocultivo de la marihuana con fines medicinales.<strong>&nbsp;<\/strong><\/p>\n\n\n\n<hr class=\"wp-block-separator\"\/>\n\n\n\n<h3 class=\"wp-block-heading\"><strong>Madres de enfermos cronicos desbloquean proyectos gubernamentales para la legalizaci\u00f3n medicinal en Per\u00fa&nbsp;<\/strong><\/h3>\n\n\n\n<p>La madrugada del pasado 8 de febrero ser\u00e1 dif\u00edcil de olvidar para los vecinos de la calle Inclan en el distrito de San Miguel en Per\u00fa. Tras la denuncia de unos vecinos, la polic\u00eda localiz\u00f3 el apartamento que usaba la asociaci\u00f3n \u201cBuscando Esperanza\u201d para cultivar y procesar la marihuana&nbsp;<strong>con el fin de extraer el aceite medicinal de la planta<\/strong>. Este aceite era la forma de la que se val\u00edan las madres de la asociaci\u00f3n para administrar el&nbsp; extracto medicinal del cannabis a los familiares enfermos, la mayor parte de ellos ni\u00f1os. Tras varias horas de registro y bajo la mirada expectante de numerosas madres afectadas congregadas en el exterior del inmueble,&nbsp;<strong>los agentes se incautaron de cinco kilogramos de marihuana as\u00ed como del equipo hidrop\u00f3nico usado para el cultivo y de los utensilios para la extracci\u00f3n y elaboraci\u00f3n del aceite de cannabis<\/strong>.<\/p>\n\n\n\n<p>El coraje de estas madres hizo que se sobrepusieran del doloroso rev\u00e9s de perder toda la producci\u00f3n de marihuana y con ello, el \u00fanico medio que tienen para mitigar las dolencias de sus hijos. En los d\u00edas posteriores al decomiso iniciaron una serie de acciones sociales de presi\u00f3n popular que las han llevado a&nbsp;<strong>formar parte de un comit\u00e9 de expertos<\/strong>&nbsp;convocados por el gobierno y reunidos en estos d\u00edas para decidir sobre la regulaci\u00f3n del cannabis medicinal en el pa\u00eds andino.<\/p>\n\n\n\n<p>Las acciones llevadas a cabo por la organizaci\u00f3n \u201cBuscando Esperanza Per\u00fa\u201d han conseguido&nbsp;<strong>dos importantes medidas gubernamentales<\/strong>&nbsp;encaminadas a la legalizaci\u00f3n de la marihuana para fines medicinales. Por un lado, en virtud de la&nbsp;<a href=\"http:\/\/aempresarial.com\/web\/solicitud_nl.php?id=238735\">R.M. No 096-2017\/MINSA<\/a>&nbsp;del 16 de febrero,&nbsp;<strong>se ha constituido el mencionado comit\u00e9 de expertos<\/strong>&nbsp;para evaluar el uso medicinal del cannabis y proponer las regulaciones, indicaciones y mecanismos para dicho fin. Este comit\u00e9 tiene 30 d\u00edas a partir de su constituci\u00f3n para presentar el informe final con las conclusiones extra\u00eddas, plazo que todav\u00eda no se ha cumplido.<\/p>\n\n\n\n<p>El comit\u00e9 de expertos estar\u00e1 presidido por un representante del Viceministerio de Salud P\u00fablica y formado por representantes del Instituto Nacional de Salud (INS),&nbsp; la Direcci\u00f3n General de Intervenciones Estrat\u00e9gicas en Salud P\u00fablica, el Colegio M\u00e9dico del Per\u00fa, la Direcci\u00f3n General de Medicamentos, Insumos y Drogas (Digemid), la Academia Peruana de Salud,&nbsp; la Academia Nacional de Medicina, la Sociedad Peruana de Neurolog\u00eda, la Asociaci\u00f3n Psiqui\u00e1trica Peruana, la Sociedad Peruana de Oncolog\u00eda, la Asociaci\u00f3n Peruana de Epilepsia y Enfermedades Convulsivas y la Organizaci\u00f3n Panamericana de la Salud. Asimismo, con posterioridad,&nbsp;<strong>se han incorporado al comit\u00e9 miembros de la mencionada asociaci\u00f3n \u201cBuscando Esperanza\u201d<\/strong>&nbsp;y un representante del Colegio de qu\u00edmicos farmac\u00e9uticos del Per\u00fa.<\/p>\n\n\n\n<p>Por otro lado, el Presidente de la Rep\u00fablica mediante el oficio No 087-2017-PR del 22 de febrero, solicita a la Presidenta del Congreso que&nbsp;<strong>tramite con car\u00e1cter de urgencia el&nbsp;<\/strong><a href=\"http:\/\/legis.pe\/lea-aqui-el-proyecto-que-propone-legalizar-el-uso-medicinal-de-la-marihuana\/\"><strong>proyecto de ley 982-2016-PE<\/strong><\/a><strong>&nbsp;que autoriza la importaci\u00f3n, comercializaci\u00f3n y uso con fines m\u00e9dicos de productos derivados del cannabis<\/strong>. Esta iniciativa se encontraba en tr\u00e1mites parlamentarios desde hac\u00eda tiempo y las acciones de \u201cBuscando Esperanza\u201d han conseguido desbloquear el proyecto en un tiempo record.<\/p>\n\n\n\n<p>Este Proyecto de ley plantea tambi\u00e9n la modificaci\u00f3n del art\u00edculo 299 del c\u00f3digo penal peruano, en el cual se especifica que se podr\u00e1 poseer un m\u00e1ximo de ocho gramos de marihuana sin ser objeto de sanci\u00f3n alguna. La modificaci\u00f3n del citado art\u00edculo, si la iniciativa cuenta con el apoyo parlamentario, a\u00f1adir\u00e1 el siguiente texto al ya existente: \u00ab<strong>Tampoco ser\u00e1 punible la posesi\u00f3n de derivados de la marihuana con fines medicinales, siempre que la cantidad sea la necesaria para el tratamiento de quien la posea o de un tercero que se encuentre bajo su cuidado o tutela, seg\u00fan las normas de la materia<\/strong>\u00ab.<\/p>\n\n\n\n<p>A pesar de que este Proyecto de ley es un paso positivo en el marco de la regulaci\u00f3n cannabica,&nbsp;<strong>varios expertos se\u00f1alan deficiencias en su aplicaci\u00f3n<\/strong>. Se cree que el proyecto de ley&nbsp;<strong>se limita a la importaci\u00f3n de&nbsp;<\/strong><a href=\"http:\/\/www.vademecum.es\/medicamento-sativex_ficha_35851\"><strong>Sativex<\/strong><\/a>, medicamento obtenido de la marihuana y comercializado bajo diferentes nombres. El texto especifica que \u201c<strong>se esperar\u00e1n dos a\u00f1os para evaluar la implementaci\u00f3n de la ley y determinar la posibilidad de producir en Per\u00fa los derivados cannabicos<\/strong>\u201d, justificando esta decisi\u00f3n en una posible debilitaci\u00f3n de las pol\u00edticas de lucha contra la drogadicci\u00f3n. Se teme que por alto precio del medicamento, este no pueda ser adquirido por la mayor parte de los pacientes y se vean as\u00ed obligados a continuar sirvi\u00e9ndose de los cultivos clandestinos.<\/p>\n\n\n\n<p>En un&nbsp;<a href=\"https:\/\/www.facebook.com\/1775328939413397\/photos\/a.1775358162743808.1073741828.1775328939413397\/1854616908151266\/?type=3&amp;theater\">comunicado colgado en la red social Facebook<\/a>, la asociaci\u00f3n \u201cBuscando Esperanza\u201d tambi\u00e9n considera que la importaci\u00f3n del medicamento est\u00e1ndar, por su alto precio,&nbsp;<strong>ser\u00eda de dif\u00edcil acceso<\/strong>&nbsp;para los pacientes que ven\u00edan utilizando los extractos elaborados de forma clandestina. Adem\u00e1s se\u00f1ala que los cannabinoides sint\u00e9ticos han demostrado tener&nbsp;<strong>importantes efectos secundarios y m\u00e1rgenes de seguridad inferiores a los fitocannabinoides&nbsp;<\/strong>extra\u00eddos directamente de la planta.<\/p>\n\n\n\n<p>&nbsp;Las continuas apariciones en medios de las madres de \u201cBuscando Esperanza\u201d han generado gran expectaci\u00f3n en Per\u00fa. Los desgarradores testimonios de las madres han movilizado a la sociedad peruana al tratarse de casos de ni\u00f1os afectados de enfermedades graves, raras, cr\u00f3nicas y ante las cuales las terapias convencionales han demostrados ser ineficaces. Las afecciones van desde&nbsp;<strong>epilepsia refractaria<\/strong>&nbsp;\u2013un tipo de epilepsia resistente al tratamiento con antiepil\u00e9pticos y anticonvulsivos- pasando por&nbsp;<strong>S\u00edndrome de West<\/strong>&nbsp;\u2013una rara dolencia que causa retraso en el desarrollo psicomotor y espasmos epil\u00e9pticos- o la&nbsp;<strong>esclerosis tuberosa<\/strong>&nbsp;\u2013 enfermedad hereditaria que produce masas anormales, semejantes a tub\u00e9rculos o ra\u00edces, en algunos \u00f3rganos del cuerpo y que suele afectar al Sistema Nervioso Central&nbsp; causando trastornos del espectro autista, retraso en el desarrollo y crisis epil\u00e9pticas-.&nbsp;<strong>Existen numerosos estudios que avalan el uso de derivados del cannabis en el tratamiento de enfermedades con cuadros convulsivos<\/strong>, denominador com\u00fan de todas las enfermedades m\u00e1s arriba enumeradas.<\/p>\n\n\n\n<p>Quedan todav\u00eda unos d\u00edas para que el comit\u00e9 de expertos entregue al gobierno peruano el informe con las conclusiones obtenidas, este medio estar\u00e1 pendiente de los resultados que en \u00e9l se reflejen. La iniciativa promovida por \u201cBuscando Esperanza\u201d viene a sumarse al&nbsp;<strong>movimiento para la legalizaci\u00f3n de la marihuana medicinal<\/strong>&nbsp;en Am\u00e9rica Latina, que est\u00e1 avanzando a buen ritmo en los \u00faltimos a\u00f1os \u2013a fuerza de acciones y movilizaciones de las distintas asociaciones procannabicas &#8211; y&nbsp;<strong>ha generado ya legislaci\u00f3n al respecto en Puerto Rico, Uruguay, Colombia o Chile<\/strong>. Argentina y M\u00e9xico tienen tambi\u00e9n abiertas iniciativas parlamentarias de cara a la legalizaci\u00f3n del cannabis medicinal. Todos estos pa\u00edses \u2013a diferencia del texto de ley de Per\u00fa-, adem\u00e1s de la importaci\u00f3n de Sativex, promueven&nbsp;<strong>la producci\u00f3n nacional<\/strong>&nbsp;de los derivados cannabicos, a fin de reducir costes a los usuarios finales y evitar la dependencia de los productores transnacionales.&nbsp;&nbsp;&nbsp;&nbsp;&nbsp;&nbsp;&nbsp;&nbsp;&nbsp;&nbsp;<\/p>\n\n\n\n<p>Vivimos tiempos de cambio en cuanto a&nbsp;<strong>la regulaci\u00f3n del cannabis medicinal&nbsp;<\/strong>se refiere. Parece que poco a poco los diferentes gobiernos, sobre todo en Latinoam\u00e9rica, empiezan a atender a expertos y usuarios que llevan a\u00f1os luchando porque sus voces sean escuchadas en las instancias oficiales. Sirva el ejemplo de las madres de la asociaci\u00f3n \u201cBuscando Esperanza Per\u00fa\u201d para que todos los que luchamos en pro de la legalizaci\u00f3n del cannabis nos imbuyamos de su esp\u00edritu combativo y reclamemos a pleno pulm\u00f3n lo que para nosotros es un derecho.<\/p>\n","protected":false},"excerpt":{"rendered":"<span class=\"span-reading-time rt-reading-time\" style=\"display: block;\"><span class=\"rt-label rt-prefix\">Tiempo de lectura:<\/span> <span class=\"rt-time\"> 5<\/span> <span class=\"rt-label rt-postfix\">minutos<\/span><\/span>Por Ianis Ferenczy La lucha de un grupo de madres, organizadas bajo el colectivo&nbsp;\u201cBuscando esperanza Per\u00fa\u201d,&nbsp;reaviva el debate y fuerza medidas institucionales a favor de la regulaci\u00f3n del cannabis medicinal. La asociaci\u00f3n est\u00e1 formada por&nbsp;madres de ni\u00f1os afectados por enfermedades neurol\u00f3gicas cr\u00f3nicas&nbsp;y busca la regulaci\u00f3n y el autocultivo de la marihuana con fines medicinales.&nbsp; Madres [&hellip;]","protected":false},"author":1,"featured_media":2824,"comment_status":"closed","ping_status":"closed","sticky":false,"template":"","format":"standard","meta":{"loftocean-featured-post":"","loftocean_post_format_gallery":"","loftocean_post_format_gallery_ids":"","loftocean_post_format_gallery_urls":"","loftocean_post_format_video_id":"","loftocean_post_format_video_url":"","loftocean_post_format_video_type":"","loftocean_post_format_video":"","loftocean_post_format_audio_type":"","loftocean_post_format_audio_url":"","loftocean_post_format_audio_id":"","loftocean_post_format_audio":"","loftocean_post_format_quote_text":"","loftocean_post_format_quote_byline":"","loftocean_post_format_link_text":"","loftocean_post_format_link_url":"","ceramag_post_header_style":"","ceramag_enable_background_video":"","ceramag_show_in_top_slider":"","ceramag_post_background_video_start":"","ceramag_post_background_video_end":"","loftocean_page_background_video_id":"","loftocean_page_background_video_url":"","loftocean_page_background_video_type":"","loftocean_page_background_video":"","ceramag_background_video_start":"","ceramag_background_video_end":"","ceramag_single_page_hide_header":"","footnotes":""},"categories":[35],"tags":[1307,52,1308,737],"class_list":["post-2823","post","type-post","status-publish","format-standard","has-post-thumbnail","hentry","category-politica-y-sociedad","tag-buscando-esperanza","tag-cannabis-medicinal","tag-madres-coraje","tag-peru"],"yoast_head":"<!-- This site is optimized with the Yoast SEO plugin v24.9 - https:\/\/yoast.com\/wordpress\/plugins\/seo\/ -->\n<title>Las \u2018madres coraje\u2019 de la lucha prolegalizacion medicinal en Per\u00fa<\/title>\n<meta name=\"description\" content=\"Entrada &#8226; Portal multimedia sobre cannabis y otras sustancias &#8226; 20 marzo, 2017\" \/>\n<meta name=\"robots\" content=\"index, follow, max-snippet:-1, max-image-preview:large, max-video-preview:-1\" \/>\n<link rel=\"canonical\" href=\"https:\/\/www.cannabis.es\/pw\/2017\/03\/20\/las-madres-coraje-de-la-lucha-prolegalizacion-medicinal-en-peru\/\" \/>\n<meta name=\"twitter:card\" content=\"summary_large_image\" \/>\n<meta name=\"twitter:title\" content=\"Las \u2018madres coraje\u2019 de la lucha prolegalizacion medicinal en Per\u00fa\" \/>\n<meta name=\"twitter:description\" content=\"Entrada &#8226; Portal multimedia sobre cannabis y otras sustancias &#8226; 20 marzo, 2017\" \/>\n<meta name=\"twitter:image\" content=\"https:\/\/www.cannabis.es\/pw\/wp-content\/uploads\/2020\/05\/1E92DB58D352A8B4F1877ECCC263C175BA08A23E1522BD7FD7pimgpsh_fullsize_distr.jpg\" \/>\n<meta name=\"twitter:creator\" content=\"@cannabis_es\" \/>\n<meta name=\"twitter:site\" content=\"@cannabis_es\" \/>\n<meta name=\"twitter:label1\" content=\"Escrito por\" \/>\n\t<meta name=\"twitter:data1\" content=\"Cannabis.es\" \/>\n\t<meta name=\"twitter:label2\" content=\"Tiempo de lectura\" \/>\n\t<meta name=\"twitter:data2\" content=\"7 minutos\" \/>\n<script type=\"application\/ld+json\" class=\"yoast-schema-graph\">{\"@context\":\"https:\/\/schema.org\",\"@graph\":[{\"@type\":\"Article\",\"@id\":\"https:\/\/www.cannabis.es\/pw\/2017\/03\/20\/las-madres-coraje-de-la-lucha-prolegalizacion-medicinal-en-peru\/#article\",\"isPartOf\":{\"@id\":\"https:\/\/www.cannabis.es\/pw\/2017\/03\/20\/las-madres-coraje-de-la-lucha-prolegalizacion-medicinal-en-peru\/\"},\"author\":{\"name\":\"Cannabis.es\",\"@id\":\"https:\/\/www.cannabis.es\/pw\/#\/schema\/person\/e2fbd204580cf4fe74c79b82bc447374\"},\"headline\":\"Las \u2018madres coraje\u2019 de la lucha prolegalizacion medicinal en Per\u00fa\",\"datePublished\":\"2017-03-20T09:52:37+00:00\",\"dateModified\":\"2020-06-04T14:11:41+00:00\",\"mainEntityOfPage\":{\"@id\":\"https:\/\/www.cannabis.es\/pw\/2017\/03\/20\/las-madres-coraje-de-la-lucha-prolegalizacion-medicinal-en-peru\/\"},\"wordCount\":1440,\"publisher\":{\"@id\":\"https:\/\/www.cannabis.es\/pw\/#organization\"},\"image\":{\"@id\":\"https:\/\/www.cannabis.es\/pw\/2017\/03\/20\/las-madres-coraje-de-la-lucha-prolegalizacion-medicinal-en-peru\/#primaryimage\"},\"thumbnailUrl\":\"https:\/\/www.cannabis.es\/pw\/wp-content\/uploads\/2020\/05\/1E92DB58D352A8B4F1877ECCC263C175BA08A23E1522BD7FD7pimgpsh_fullsize_distr.jpg\",\"keywords\":[\"Buscando Esperanza\",\"cannabis medicinal\",\"madres coraje\",\"Per\u00fa\"],\"articleSection\":[\"Pol\u00edtica y Sociedad\"],\"inLanguage\":\"es\"},{\"@type\":\"WebPage\",\"@id\":\"https:\/\/www.cannabis.es\/pw\/2017\/03\/20\/las-madres-coraje-de-la-lucha-prolegalizacion-medicinal-en-peru\/\",\"url\":\"https:\/\/www.cannabis.es\/pw\/2017\/03\/20\/las-madres-coraje-de-la-lucha-prolegalizacion-medicinal-en-peru\/\",\"name\":\"Las \u2018madres coraje\u2019 de la lucha prolegalizacion medicinal en Per\u00fa\",\"isPartOf\":{\"@id\":\"https:\/\/www.cannabis.es\/pw\/#website\"},\"primaryImageOfPage\":{\"@id\":\"https:\/\/www.cannabis.es\/pw\/2017\/03\/20\/las-madres-coraje-de-la-lucha-prolegalizacion-medicinal-en-peru\/#primaryimage\"},\"image\":{\"@id\":\"https:\/\/www.cannabis.es\/pw\/2017\/03\/20\/las-madres-coraje-de-la-lucha-prolegalizacion-medicinal-en-peru\/#primaryimage\"},\"thumbnailUrl\":\"https:\/\/www.cannabis.es\/pw\/wp-content\/uploads\/2020\/05\/1E92DB58D352A8B4F1877ECCC263C175BA08A23E1522BD7FD7pimgpsh_fullsize_distr.jpg\",\"datePublished\":\"2017-03-20T09:52:37+00:00\",\"dateModified\":\"2020-06-04T14:11:41+00:00\",\"description\":\"Entrada &#8226; Portal multimedia sobre cannabis y otras sustancias &#8226; 20 marzo, 2017\",\"breadcrumb\":{\"@id\":\"https:\/\/www.cannabis.es\/pw\/2017\/03\/20\/las-madres-coraje-de-la-lucha-prolegalizacion-medicinal-en-peru\/#breadcrumb\"},\"inLanguage\":\"es\",\"potentialAction\":[{\"@type\":\"ReadAction\",\"target\":[\"https:\/\/www.cannabis.es\/pw\/2017\/03\/20\/las-madres-coraje-de-la-lucha-prolegalizacion-medicinal-en-peru\/\"]}]},{\"@type\":\"ImageObject\",\"inLanguage\":\"es\",\"@id\":\"https:\/\/www.cannabis.es\/pw\/2017\/03\/20\/las-madres-coraje-de-la-lucha-prolegalizacion-medicinal-en-peru\/#primaryimage\",\"url\":\"https:\/\/www.cannabis.es\/pw\/wp-content\/uploads\/2020\/05\/1E92DB58D352A8B4F1877ECCC263C175BA08A23E1522BD7FD7pimgpsh_fullsize_distr.jpg\",\"contentUrl\":\"https:\/\/www.cannabis.es\/pw\/wp-content\/uploads\/2020\/05\/1E92DB58D352A8B4F1877ECCC263C175BA08A23E1522BD7FD7pimgpsh_fullsize_distr.jpg\",\"width\":959,\"height\":475},{\"@type\":\"BreadcrumbList\",\"@id\":\"https:\/\/www.cannabis.es\/pw\/2017\/03\/20\/las-madres-coraje-de-la-lucha-prolegalizacion-medicinal-en-peru\/#breadcrumb\",\"itemListElement\":[{\"@type\":\"ListItem\",\"position\":1,\"name\":\"Portada\",\"item\":\"http:\/\/www.cannabis.es\/pw\/\"},{\"@type\":\"ListItem\",\"position\":2,\"name\":\"Las \u2018madres coraje\u2019 de la lucha prolegalizacion medicinal en Per\u00fa\"}]},{\"@type\":\"WebSite\",\"@id\":\"https:\/\/www.cannabis.es\/pw\/#website\",\"url\":\"https:\/\/www.cannabis.es\/pw\/\",\"name\":\"Cannabis\",\"description\":\"Portal multimedia sobre cannabis y otras sustancias\",\"publisher\":{\"@id\":\"https:\/\/www.cannabis.es\/pw\/#organization\"},\"potentialAction\":[{\"@type\":\"SearchAction\",\"target\":{\"@type\":\"EntryPoint\",\"urlTemplate\":\"https:\/\/www.cannabis.es\/pw\/?s={search_term_string}\"},\"query-input\":{\"@type\":\"PropertyValueSpecification\",\"valueRequired\":true,\"valueName\":\"search_term_string\"}}],\"inLanguage\":\"es\"},{\"@type\":\"Organization\",\"@id\":\"https:\/\/www.cannabis.es\/pw\/#organization\",\"name\":\"Cannabis.es\",\"url\":\"https:\/\/www.cannabis.es\/pw\/\",\"logo\":{\"@type\":\"ImageObject\",\"inLanguage\":\"es\",\"@id\":\"https:\/\/www.cannabis.es\/pw\/#\/schema\/logo\/image\/\",\"url\":\"https:\/\/www.cannabis.es\/pw\/wp-content\/uploads\/2019\/04\/cropped-logo_cannabis.png\",\"contentUrl\":\"https:\/\/www.cannabis.es\/pw\/wp-content\/uploads\/2019\/04\/cropped-logo_cannabis.png\",\"width\":361,\"height\":120,\"caption\":\"Cannabis.es\"},\"image\":{\"@id\":\"https:\/\/www.cannabis.es\/pw\/#\/schema\/logo\/image\/\"},\"sameAs\":[\"https:\/\/x.com\/cannabis_es\"]},{\"@type\":\"Person\",\"@id\":\"https:\/\/www.cannabis.es\/pw\/#\/schema\/person\/e2fbd204580cf4fe74c79b82bc447374\",\"name\":\"Cannabis.es\",\"image\":{\"@type\":\"ImageObject\",\"inLanguage\":\"es\",\"@id\":\"https:\/\/www.cannabis.es\/pw\/#\/schema\/person\/image\/\",\"url\":\"https:\/\/secure.gravatar.com\/avatar\/4375b1eb6e272e2e48a4b8a8def52e5f208151f555bb5906da616906ee6dd2e8?s=96&d=mm&r=g\",\"contentUrl\":\"https:\/\/secure.gravatar.com\/avatar\/4375b1eb6e272e2e48a4b8a8def52e5f208151f555bb5906da616906ee6dd2e8?s=96&d=mm&r=g\",\"caption\":\"Cannabis.es\"},\"url\":\"https:\/\/www.cannabis.es\/pw\/author\/cannabis\/\"}]}<\/script>\n<!-- \/ Yoast SEO plugin. -->","yoast_head_json":{"title":"Las \u2018madres coraje\u2019 de la lucha prolegalizacion medicinal en Per\u00fa","description":"Entrada &#8226; Portal multimedia sobre cannabis y otras sustancias &#8226; 20 marzo, 2017","robots":{"index":"index","follow":"follow","max-snippet":"max-snippet:-1","max-image-preview":"max-image-preview:large","max-video-preview":"max-video-preview:-1"},"canonical":"https:\/\/www.cannabis.es\/pw\/2017\/03\/20\/las-madres-coraje-de-la-lucha-prolegalizacion-medicinal-en-peru\/","twitter_card":"summary_large_image","twitter_title":"Las \u2018madres coraje\u2019 de la lucha prolegalizacion medicinal en Per\u00fa","twitter_description":"Entrada &#8226; Portal multimedia sobre cannabis y otras sustancias &#8226; 20 marzo, 2017","twitter_image":"https:\/\/www.cannabis.es\/pw\/wp-content\/uploads\/2020\/05\/1E92DB58D352A8B4F1877ECCC263C175BA08A23E1522BD7FD7pimgpsh_fullsize_distr.jpg","twitter_creator":"@cannabis_es","twitter_site":"@cannabis_es","twitter_misc":{"Escrito por":"Cannabis.es","Tiempo de lectura":"7 minutos"},"schema":{"@context":"https:\/\/schema.org","@graph":[{"@type":"Article","@id":"https:\/\/www.cannabis.es\/pw\/2017\/03\/20\/las-madres-coraje-de-la-lucha-prolegalizacion-medicinal-en-peru\/#article","isPartOf":{"@id":"https:\/\/www.cannabis.es\/pw\/2017\/03\/20\/las-madres-coraje-de-la-lucha-prolegalizacion-medicinal-en-peru\/"},"author":{"name":"Cannabis.es","@id":"https:\/\/www.cannabis.es\/pw\/#\/schema\/person\/e2fbd204580cf4fe74c79b82bc447374"},"headline":"Las \u2018madres coraje\u2019 de la lucha prolegalizacion medicinal en Per\u00fa","datePublished":"2017-03-20T09:52:37+00:00","dateModified":"2020-06-04T14:11:41+00:00","mainEntityOfPage":{"@id":"https:\/\/www.cannabis.es\/pw\/2017\/03\/20\/las-madres-coraje-de-la-lucha-prolegalizacion-medicinal-en-peru\/"},"wordCount":1440,"publisher":{"@id":"https:\/\/www.cannabis.es\/pw\/#organization"},"image":{"@id":"https:\/\/www.cannabis.es\/pw\/2017\/03\/20\/las-madres-coraje-de-la-lucha-prolegalizacion-medicinal-en-peru\/#primaryimage"},"thumbnailUrl":"https:\/\/www.cannabis.es\/pw\/wp-content\/uploads\/2020\/05\/1E92DB58D352A8B4F1877ECCC263C175BA08A23E1522BD7FD7pimgpsh_fullsize_distr.jpg","keywords":["Buscando Esperanza","cannabis medicinal","madres coraje","Per\u00fa"],"articleSection":["Pol\u00edtica y Sociedad"],"inLanguage":"es"},{"@type":"WebPage","@id":"https:\/\/www.cannabis.es\/pw\/2017\/03\/20\/las-madres-coraje-de-la-lucha-prolegalizacion-medicinal-en-peru\/","url":"https:\/\/www.cannabis.es\/pw\/2017\/03\/20\/las-madres-coraje-de-la-lucha-prolegalizacion-medicinal-en-peru\/","name":"Las \u2018madres coraje\u2019 de la lucha prolegalizacion medicinal en Per\u00fa","isPartOf":{"@id":"https:\/\/www.cannabis.es\/pw\/#website"},"primaryImageOfPage":{"@id":"https:\/\/www.cannabis.es\/pw\/2017\/03\/20\/las-madres-coraje-de-la-lucha-prolegalizacion-medicinal-en-peru\/#primaryimage"},"image":{"@id":"https:\/\/www.cannabis.es\/pw\/2017\/03\/20\/las-madres-coraje-de-la-lucha-prolegalizacion-medicinal-en-peru\/#primaryimage"},"thumbnailUrl":"https:\/\/www.cannabis.es\/pw\/wp-content\/uploads\/2020\/05\/1E92DB58D352A8B4F1877ECCC263C175BA08A23E1522BD7FD7pimgpsh_fullsize_distr.jpg","datePublished":"2017-03-20T09:52:37+00:00","dateModified":"2020-06-04T14:11:41+00:00","description":"Entrada &#8226; Portal multimedia sobre cannabis y otras sustancias &#8226; 20 marzo, 2017","breadcrumb":{"@id":"https:\/\/www.cannabis.es\/pw\/2017\/03\/20\/las-madres-coraje-de-la-lucha-prolegalizacion-medicinal-en-peru\/#breadcrumb"},"inLanguage":"es","potentialAction":[{"@type":"ReadAction","target":["https:\/\/www.cannabis.es\/pw\/2017\/03\/20\/las-madres-coraje-de-la-lucha-prolegalizacion-medicinal-en-peru\/"]}]},{"@type":"ImageObject","inLanguage":"es","@id":"https:\/\/www.cannabis.es\/pw\/2017\/03\/20\/las-madres-coraje-de-la-lucha-prolegalizacion-medicinal-en-peru\/#primaryimage","url":"https:\/\/www.cannabis.es\/pw\/wp-content\/uploads\/2020\/05\/1E92DB58D352A8B4F1877ECCC263C175BA08A23E1522BD7FD7pimgpsh_fullsize_distr.jpg","contentUrl":"https:\/\/www.cannabis.es\/pw\/wp-content\/uploads\/2020\/05\/1E92DB58D352A8B4F1877ECCC263C175BA08A23E1522BD7FD7pimgpsh_fullsize_distr.jpg","width":959,"height":475},{"@type":"BreadcrumbList","@id":"https:\/\/www.cannabis.es\/pw\/2017\/03\/20\/las-madres-coraje-de-la-lucha-prolegalizacion-medicinal-en-peru\/#breadcrumb","itemListElement":[{"@type":"ListItem","position":1,"name":"Portada","item":"http:\/\/www.cannabis.es\/pw\/"},{"@type":"ListItem","position":2,"name":"Las \u2018madres coraje\u2019 de la lucha prolegalizacion medicinal en Per\u00fa"}]},{"@type":"WebSite","@id":"https:\/\/www.cannabis.es\/pw\/#website","url":"https:\/\/www.cannabis.es\/pw\/","name":"Cannabis","description":"Portal multimedia sobre cannabis y otras sustancias","publisher":{"@id":"https:\/\/www.cannabis.es\/pw\/#organization"},"potentialAction":[{"@type":"SearchAction","target":{"@type":"EntryPoint","urlTemplate":"https:\/\/www.cannabis.es\/pw\/?s={search_term_string}"},"query-input":{"@type":"PropertyValueSpecification","valueRequired":true,"valueName":"search_term_string"}}],"inLanguage":"es"},{"@type":"Organization","@id":"https:\/\/www.cannabis.es\/pw\/#organization","name":"Cannabis.es","url":"https:\/\/www.cannabis.es\/pw\/","logo":{"@type":"ImageObject","inLanguage":"es","@id":"https:\/\/www.cannabis.es\/pw\/#\/schema\/logo\/image\/","url":"https:\/\/www.cannabis.es\/pw\/wp-content\/uploads\/2019\/04\/cropped-logo_cannabis.png","contentUrl":"https:\/\/www.cannabis.es\/pw\/wp-content\/uploads\/2019\/04\/cropped-logo_cannabis.png","width":361,"height":120,"caption":"Cannabis.es"},"image":{"@id":"https:\/\/www.cannabis.es\/pw\/#\/schema\/logo\/image\/"},"sameAs":["https:\/\/x.com\/cannabis_es"]},{"@type":"Person","@id":"https:\/\/www.cannabis.es\/pw\/#\/schema\/person\/e2fbd204580cf4fe74c79b82bc447374","name":"Cannabis.es","image":{"@type":"ImageObject","inLanguage":"es","@id":"https:\/\/www.cannabis.es\/pw\/#\/schema\/person\/image\/","url":"https:\/\/secure.gravatar.com\/avatar\/4375b1eb6e272e2e48a4b8a8def52e5f208151f555bb5906da616906ee6dd2e8?s=96&d=mm&r=g","contentUrl":"https:\/\/secure.gravatar.com\/avatar\/4375b1eb6e272e2e48a4b8a8def52e5f208151f555bb5906da616906ee6dd2e8?s=96&d=mm&r=g","caption":"Cannabis.es"},"url":"https:\/\/www.cannabis.es\/pw\/author\/cannabis\/"}]}},"_links":{"self":[{"href":"https:\/\/www.cannabis.es\/pw\/wp-json\/wp\/v2\/posts\/2823","targetHints":{"allow":["GET"]}}],"collection":[{"href":"https:\/\/www.cannabis.es\/pw\/wp-json\/wp\/v2\/posts"}],"about":[{"href":"https:\/\/www.cannabis.es\/pw\/wp-json\/wp\/v2\/types\/post"}],"author":[{"embeddable":true,"href":"https:\/\/www.cannabis.es\/pw\/wp-json\/wp\/v2\/users\/1"}],"replies":[{"embeddable":true,"href":"https:\/\/www.cannabis.es\/pw\/wp-json\/wp\/v2\/comments?post=2823"}],"version-history":[{"count":2,"href":"https:\/\/www.cannabis.es\/pw\/wp-json\/wp\/v2\/posts\/2823\/revisions"}],"predecessor-version":[{"id":5119,"href":"https:\/\/www.cannabis.es\/pw\/wp-json\/wp\/v2\/posts\/2823\/revisions\/5119"}],"wp:featuredmedia":[{"embeddable":true,"href":"https:\/\/www.cannabis.es\/pw\/wp-json\/wp\/v2\/media\/2824"}],"wp:attachment":[{"href":"https:\/\/www.cannabis.es\/pw\/wp-json\/wp\/v2\/media?parent=2823"}],"wp:term":[{"taxonomy":"category","embeddable":true,"href":"https:\/\/www.cannabis.es\/pw\/wp-json\/wp\/v2\/categories?post=2823"},{"taxonomy":"post_tag","embeddable":true,"href":"https:\/\/www.cannabis.es\/pw\/wp-json\/wp\/v2\/tags?post=2823"}],"curies":[{"name":"wp","href":"https:\/\/api.w.org\/{rel}","templated":true}]}}