{"id":2838,"date":"2017-03-09T10:59:46","date_gmt":"2017-03-09T09:59:46","guid":{"rendered":"http:\/\/www.cannabis.es\/pw\/?p=2838"},"modified":"2020-05-21T11:01:10","modified_gmt":"2020-05-21T09:01:10","slug":"llega-barcelona-spannabis-la-feria-cannabica-mas-grande-del-mundo","status":"publish","type":"post","link":"https:\/\/www.cannabis.es\/pw\/2017\/03\/09\/llega-barcelona-spannabis-la-feria-cannabica-mas-grande-del-mundo\/","title":{"rendered":"Llega Barcelona Spannabis, la feria cann\u00e1bica m\u00e1s grande del mundo"},"content":{"rendered":"\n<p><strong>Spannabis 2017, la Feria del C\u00e1\u00f1amo y las Tecnolog\u00edas Alternativas<\/strong>, tendr\u00e1 lugar este fin de semana (10, 11 y 12 de marzo) en&nbsp;<strong>Fira de Cornell\u00e0<\/strong>. Se trata de la decimocuarta edici\u00f3n de la feria cann\u00e1bica, que como es habitual, volver\u00e1 a albergar&nbsp;<em><strong>expositores de referencia<\/strong><\/em>, las&nbsp;<em><strong>novedades<\/strong>&nbsp;<\/em>m\u00e1s recientes del sector y las mejores&nbsp;<strong><em>ofertas<\/em>&nbsp;<\/strong>para los visitantes. El equipo de&nbsp;<strong>Cannabis.es&nbsp;<\/strong>os desea a todos una<strong>&nbsp;feliz Feria<\/strong>&nbsp;y esperamos encontrarnos all\u00ed: aprovecharemos para&nbsp;<strong>conoceros a todos y visitar los stands<\/strong>&nbsp;de las empresas asistentes.&nbsp;<\/p>\n\n\n\n<hr class=\"wp-block-separator\"\/>\n\n\n\n<p><strong><a href=\"http:\/\/spannabis.com\/barcelona\/\">Spannabis<\/a>&nbsp;est\u00e1 considerada actualmente como la feria m\u00e1s grande y consolidada del mundo<\/strong>&nbsp;y la m\u00e1s importante a nivel de negocio. Si nos remitimos a las cifras, cuenta con un espacio de 17.000 m2 del recinto de<strong>&nbsp;Fira de Cornell\u00e1<\/strong>; en la pasada edici\u00f3n recibi\u00f3 m\u00e1s de 30.000 visitantes, acredit\u00f3 a 3.000 profesionales, a m\u00e1s de 300 medios de comunicaci\u00f3n nacionales e internacionales y 500 empresas estuvieron representadas.<\/p>\n\n\n\n<p>Como colof\u00f3n, el domingo por la tarde&nbsp;<strong>se entregar\u00e1n los Premios Spannabis 2017<\/strong>&nbsp;para premiar el mejor stand, mejor banco de semillas, mejor nutriente, mejor producto parafernalia, mejor producto de c\u00e1\u00f1amo y mejor utensilio de cultivo. Tambi\u00e9n se har\u00e1&nbsp;<strong>entrega de los premios de Cannabis Champions Cup<\/strong>, la copa cann\u00e1bica de referencia de los agentes del sector del cannabis profesional, en la que compite la \u00e9lite de los cultivadores nacionales e internacionales.<\/p>\n\n\n\n<p>La&nbsp;<strong>m\u00fasica tambi\u00e9n tendr\u00e1 cabida en Spannabis<\/strong>&nbsp;con las actuaciones musicales de las principales formaciones musicales en lo referente a la cultura del ca\u00f1amo:&nbsp;<em><strong>Zatu, Gordo M\u00e1ster, Little Pepe, Costa, Ravid Goldschmidt, ZMB, Dreamtrip, Stonermanbujo, Zoro, Mapuxe Sound, Karlizz, Chalart58, Olive Tree Dance, DJ Rambla, Luv Messenger y Bundem Squad.<\/strong><\/em><\/p>\n\n\n\n<p>Antes de profundizar en la programaci\u00f3n, os deseamos a todos una<strong>&nbsp;feliz Feria<\/strong>&nbsp;y esperamos encontrarnos all\u00ed. El equipo de&nbsp;<strong>Cannabis.es<\/strong>&nbsp;no faltar\u00e1 a la&nbsp;<strong>cita cann\u00e1bica del a\u00f1<\/strong>o y aprovecharemos para&nbsp;<strong>conoceros a todos y visitar los stands<\/strong>&nbsp;de las empresas asistentes.&nbsp;<\/p>\n\n\n\n<h2 class=\"wp-block-heading\"><strong>World Cannabis Conferences<\/strong><\/h2>\n\n\n\n<p>El&nbsp;<strong>viernes 10 y el s\u00e1bado 11<\/strong>&nbsp;tendr\u00e1 lugar la cuarta edici\u00f3n de las<strong>&nbsp;World Cannabis Conferences<\/strong>, que trae a ponentes internacionales y nacionales que pondr\u00e1n sobre la mesa temas como el&nbsp;<strong>uso medicinal del cannabis<\/strong>, la&nbsp;<strong>regulaci\u00f3n responsable<\/strong>&nbsp;y legalizaci\u00f3n o&nbsp;<strong>sexo &amp; cannabis<\/strong>, entre otros.<br><\/p>\n\n\n\n<p>En las WCC contaremos con temas de actualidad y agenda pol\u00edtica, como es el&nbsp;<strong>Observatorio Espa\u00f1ol de Cannabis Medicinal que recientemente ha presentado junto a Ciudadanos la propuesta de no ley para regular los derivados de cannabis<\/strong>&nbsp;para uso medicinal. Estar\u00e1n tambi\u00e9n en estas mesas de debate muchos otros temas como la regulaci\u00f3n y la legislaci\u00f3n; la relaci\u00f3n entre el cannabis, la m\u00fasica y la contracultura o el an\u00e1lisis de investigaciones sobre cannabis y sexualidad, entre muchos otros temas.&nbsp;Las World Cannabis Conferences tendr\u00e1n lugar en el Auditorio del recinto de Fira de Cornell\u00e0. Las conferencias, que ser\u00e1n de acceso gratuito para los asistentes de Spannabis, dispondr\u00e1n de servicio de traducci\u00f3n simult\u00e1neo el s\u00e1bado 11 y una capacidad de 800 personas.<\/p>\n\n\n\n<p>En un momento tan importante como el que vivimos actualmente en Espa\u00f1a, resulta imprescindible acercarnos a la regulaci\u00f3n de la marihuana desde prismas nacionales e internacionales; aproximar la perspectiva cient\u00edfica y legal para una mejor comprensi\u00f3n del potencial y la viabilidad de la regulaci\u00f3n; y comprender las necesidades medicinales de los enfermos y los gigantescos avances llevados a cabo a pesar de la prohibici\u00f3n. Este evento de repercusi\u00f3n internacional est\u00e1 recogido en un marco de reflexi\u00f3n en el que l<strong>os espectadores tienen la posibilidad de formar parte del debate y trasladar sus inquietudes o interactuar con los ponentes.<\/strong><\/p>\n\n\n\n<h3 class=\"wp-block-heading\"><strong><a href=\"http:\/\/worldcannabisconferences.com\/wcc_es\/es\/event\">PROGRAMACI\u00d3N WCC<\/a><\/strong><\/h3>\n\n\n\n<p><strong>VIERNES 10 MARZO<\/strong><\/p>\n\n\n\n<p><strong>Sexo y Cannabis<\/strong><\/p>\n\n\n\n<p>El cannabis y la pornograf\u00eda han sido utilizados desde tiempos inmemorables para satisfacer nuestra sexualidad y para tratar problemas relacionados con ella. En la mesa redonda se analizar\u00e1n las investigaciones sobre cannabis y sexualidad, sus usos tradicionales en este \u00e1mbito y el papel de la pornograf\u00eda en la sociedad actual.<\/p>\n\n\n\n<p>La mesa estar\u00e1 formada por Amarna Miller actriz y directora porno); Marta Trigo (investigadora y escritora especializada en temas de sexualidad femenina) y moderada por Virginia Monta\u00f1\u00e9s.<\/p>\n\n\n\n<p><strong>M\u00e1s all\u00e1 del reaggae: cannabis, m\u00fasica y contracultura<\/strong><\/p>\n\n\n\n<p>\u00bfTe has preguntado alguna vez por qu\u00e9 el cannabis se relaciona con el reggae? \u00bfA qu\u00e9 se debe que las culturas juveniles tiendan a alterar la consciencia? \u00bfC\u00f3mo encajamos la cultura del cannabis con la m\u00fasica y la contracultura? A \u00e9stas y a muchas otras preguntas le daremos respuesta en una mesa donde entonaremos la melod\u00eda del cannabis en clave cultural.<\/p>\n\n\n\n<p>La banda, en formato tr\u00edo, est\u00e1 formada por Roberto Moso, periodista y cantante de Zarama; Antoniu Llort, antrop\u00f3logo y m\u00fasico; y David Pere, psic\u00f3logo social.<\/p>\n\n\n\n<p><strong>Regulaci\u00f3n Responsable<\/strong><\/p>\n\n\n\n<p>La iniciativa por una Regulaci\u00f3n Responsable del cannabis en Espa\u00f1a parte de una agrupaci\u00f3n de ciudadanos, ciudadanas y organizaciones sociales que apoyan la iniciativa de conseguir una regulaci\u00f3n del consumo de cannabis en Espa\u00f1a. Esta iniciativa viene respaldada por numerosos agentes sociales de todos los \u00e1mbitos. L\u00edderes de opini\u00f3n, referentes de la cultura, de la pol\u00edtica, de la salud, del derecho y personas de los m\u00e1s diversos \u00e1mbitos han mostrado su apoyo.<\/p>\n\n\n\n<p><strong>Mujeres Cann\u00e1bicas<\/strong><\/p>\n\n\n\n<p>Plataforma de trabajo de la Red Estatal de Mujeres Antiprohibicionistas en el \u00c1mbito de las Drogas (REMA) en su lucha por unas pol\u00edticas de drogas m\u00e1s justas y eficientes, que incorporen la perspectiva de g\u00e9nero y la lucha contra las desigualdades en la llamada cultura cann\u00e1bica.<\/p>\n\n\n\n<p><strong>Marihuana TV<\/strong><\/p>\n\n\n\n<p>En un contexto de la informaci\u00f3n dominado por grandes grupos medi\u00e1ticos y financieros, surgen iniciativas comunicativas basadas en el uso de las tecnolog\u00edas capaces de conectar con p\u00fablicos especializados. Cada vez contamos con m\u00e1s iniciativas en este sentido, y entre ellas destacamos las experiencias basadas en modelos televisivos.<\/p>\n\n\n\n<p><strong>S\u00c1BADO 11 MARZO<\/strong><\/p>\n\n\n\n<p><strong>Observatorio Espa\u00f1ol de Cannabis Medicinal<\/strong><\/p>\n\n\n\n<p>El OECM nace en octubre de 2015 con la necesidad de promover, coordinar y realizar actividades y proyectos orientados al conocimiento de las propiedades y usos medicinales del cannabis y sus derivados. As\u00ed mismo, pretende asesorar a entidades p\u00fablicas y privadas e informar a las instituciones, los medios de comunicaci\u00f3n y la sociedad civil acerca del conocimiento actual sobre el cannabis, bas\u00e1ndose en los resultados de estudios cient\u00edficos y ensayos cl\u00ednicos.<\/p>\n\n\n\n<p><strong>Conferencia a cargo de Guillermo Velasco y Carola P\u00e9rez.<\/strong><\/p>\n\n\n\n<p><strong>Escenarios americanos<\/strong><\/p>\n\n\n\n<p>Conferencia a cargo de David Kaufman y Joe Rogoway sobre los escenarios reguladores americanos, en particular sobre las regulaciones del cannabis en California y la viabilidad que el modelo californiano podr\u00eda tener en Espa\u00f1a, Catalu\u00f1a y Barcelona<\/p>\n\n\n\n<p><strong>Proyecci\u00f3n Documental<\/strong><\/p>\n\n\n\n<p>Misunderstood Medicine (Medicina incomprendida) es una pel\u00edcula sobre la pasi\u00f3n de la gente por ayudarse a s\u00ed mismos donde la sociedad no lo hace. Cuando te dan pocas o ninguna opci\u00f3n al final de tu vida\u2026 \u00bfqu\u00e9 har\u00edas?&nbsp;<\/p>\n\n\n\n<p><strong>Hash Marihuana &amp; Hemp Museu<\/strong>m<\/p>\n\n\n\n<p><strong>\u201cC\u00e1\u00f1amo: Regreso al Futuro\u201d<\/strong><\/p>\n\n\n\n<p>Junto con tres especialistas del c\u00e1\u00f1amo, nos adentramos en el pasado, el presente y el futuro del cannabis, para enfatizar la utilidad de esta planta a lo largo de la historia y c\u00f3mo podr\u00edamos usarla para mejorar nuestro mundo de hoy y ma\u00f1ana.<\/p>\n\n\n\n<p><strong>Clubes Sociales de Cannabis legales<\/strong><\/p>\n\n\n\n<p>H\u00e9ctor Brotons analizar\u00e1 las \u00faltimas sentencias del Tribunal Supremo en relaci\u00f3n con los CSC, bajo la perspectiva de los derechos fundamentales reconocidos en la Constituci\u00f3n y los textos internacionales al respecto. Esta cuesti\u00f3n ha sido parte importante del recurso de amparo interpuesto contra la sentencia que condenaba a la primigenia Asociaci\u00f3n Pannagh, en el que el conferenciante ha dirigido un grupo de multidisciplinar y donde se deja patente que, a la luz de los textos citados y de la salud p\u00fablica, los CSC que cumplan con determinados requisitos no pueden ser condenados.<br><\/p>\n\n\n\n<p><a href=\"http:\/\/worldcannabisconferences.com\/wcc_es\/images\/stories\/pdfs\/dossier_WCC2017_red.pdf\"><strong>CONSULTA EL DOSSIER DE LAS WCC<\/strong><\/a><\/p>\n","protected":false},"excerpt":{"rendered":"<span class=\"span-reading-time rt-reading-time\" style=\"display: block;\"><span class=\"rt-label rt-prefix\">Tiempo de lectura:<\/span> <span class=\"rt-time\"> 5<\/span> <span class=\"rt-label rt-postfix\">minutos<\/span><\/span>Spannabis 2017, la Feria del C\u00e1\u00f1amo y las Tecnolog\u00edas Alternativas, tendr\u00e1 lugar este fin de semana (10, 11 y 12 de marzo) en&nbsp;Fira de Cornell\u00e0. Se trata de la decimocuarta edici\u00f3n de la feria cann\u00e1bica, que como es habitual, volver\u00e1 a albergar&nbsp;expositores de referencia, las&nbsp;novedades&nbsp;m\u00e1s recientes del sector y las mejores&nbsp;ofertas&nbsp;para los visitantes. El equipo [&hellip;]","protected":false},"author":1,"featured_media":2839,"comment_status":"closed","ping_status":"closed","sticky":false,"template":"","format":"standard","meta":{"loftocean-featured-post":"","loftocean_post_format_gallery":"","loftocean_post_format_gallery_ids":"","loftocean_post_format_gallery_urls":"","loftocean_post_format_video_id":"","loftocean_post_format_video_url":"","loftocean_post_format_video_type":"","loftocean_post_format_video":"","loftocean_post_format_audio_type":"","loftocean_post_format_audio_url":"","loftocean_post_format_audio_id":"","loftocean_post_format_audio":"","loftocean_post_format_quote_text":"","loftocean_post_format_quote_byline":"","loftocean_post_format_link_text":"","loftocean_post_format_link_url":"","ceramag_post_header_style":"","ceramag_enable_background_video":"","ceramag_show_in_top_slider":"","ceramag_post_background_video_start":"","ceramag_post_background_video_end":"","loftocean_page_background_video_id":"","loftocean_page_background_video_url":"","loftocean_page_background_video_type":"","loftocean_page_background_video":"","ceramag_background_video_start":"","ceramag_background_video_end":"","ceramag_single_page_hide_header":"","footnotes":""},"categories":[35],"tags":[724,1017,515,1340],"class_list":["post-2838","post","type-post","status-publish","format-standard","has-post-thumbnail","hentry","category-politica-y-sociedad","tag-feria-cannabica-espana","tag-premios-spannabis","tag-spannabis","tag-world-cannabis-conferences"],"yoast_head":"<!-- This site is optimized with the Yoast SEO plugin v24.9 - https:\/\/yoast.com\/wordpress\/plugins\/seo\/ -->\n<title>Llega Barcelona Spannabis, la feria cann\u00e1bica m\u00e1s grande del mundo<\/title>\n<meta name=\"description\" content=\"Entrada &#8226; Portal multimedia sobre cannabis y otras sustancias &#8226; 9 marzo, 2017\" \/>\n<meta name=\"robots\" content=\"index, follow, max-snippet:-1, max-image-preview:large, max-video-preview:-1\" \/>\n<link rel=\"canonical\" href=\"https:\/\/www.cannabis.es\/pw\/2017\/03\/09\/llega-barcelona-spannabis-la-feria-cannabica-mas-grande-del-mundo\/\" \/>\n<meta name=\"twitter:card\" content=\"summary_large_image\" \/>\n<meta name=\"twitter:title\" content=\"Llega Barcelona Spannabis, la feria cann\u00e1bica m\u00e1s grande del mundo\" \/>\n<meta name=\"twitter:description\" content=\"Entrada &#8226; Portal multimedia sobre cannabis y otras sustancias &#8226; 9 marzo, 2017\" \/>\n<meta name=\"twitter:image\" content=\"https:\/\/www.cannabis.es\/pw\/wp-content\/uploads\/2020\/05\/4B6E6D1557755FB2561FC44DFB80D71D55DE5072B18B78C112pimgpsh_fullsize_distr.jpg\" \/>\n<meta name=\"twitter:creator\" content=\"@cannabis_es\" \/>\n<meta name=\"twitter:site\" content=\"@cannabis_es\" \/>\n<meta name=\"twitter:label1\" content=\"Escrito por\" \/>\n\t<meta name=\"twitter:data1\" content=\"Cannabis.es\" \/>\n\t<meta name=\"twitter:label2\" content=\"Tiempo de lectura\" \/>\n\t<meta name=\"twitter:data2\" content=\"7 minutos\" \/>\n<script type=\"application\/ld+json\" class=\"yoast-schema-graph\">{\"@context\":\"https:\/\/schema.org\",\"@graph\":[{\"@type\":\"Article\",\"@id\":\"https:\/\/www.cannabis.es\/pw\/2017\/03\/09\/llega-barcelona-spannabis-la-feria-cannabica-mas-grande-del-mundo\/#article\",\"isPartOf\":{\"@id\":\"https:\/\/www.cannabis.es\/pw\/2017\/03\/09\/llega-barcelona-spannabis-la-feria-cannabica-mas-grande-del-mundo\/\"},\"author\":{\"name\":\"Cannabis.es\",\"@id\":\"https:\/\/www.cannabis.es\/pw\/#\/schema\/person\/e2fbd204580cf4fe74c79b82bc447374\"},\"headline\":\"Llega Barcelona Spannabis, la feria cann\u00e1bica m\u00e1s grande del mundo\",\"datePublished\":\"2017-03-09T09:59:46+00:00\",\"dateModified\":\"2020-05-21T09:01:10+00:00\",\"mainEntityOfPage\":{\"@id\":\"https:\/\/www.cannabis.es\/pw\/2017\/03\/09\/llega-barcelona-spannabis-la-feria-cannabica-mas-grande-del-mundo\/\"},\"wordCount\":1412,\"publisher\":{\"@id\":\"https:\/\/www.cannabis.es\/pw\/#organization\"},\"image\":{\"@id\":\"https:\/\/www.cannabis.es\/pw\/2017\/03\/09\/llega-barcelona-spannabis-la-feria-cannabica-mas-grande-del-mundo\/#primaryimage\"},\"thumbnailUrl\":\"https:\/\/www.cannabis.es\/pw\/wp-content\/uploads\/2020\/05\/4B6E6D1557755FB2561FC44DFB80D71D55DE5072B18B78C112pimgpsh_fullsize_distr.jpg\",\"keywords\":[\"Feria Cann\u00e1bica Espa\u00f1a\",\"Premios Spannabis\",\"Spannabis\",\"World Cannabis Conferences\"],\"articleSection\":[\"Pol\u00edtica y Sociedad\"],\"inLanguage\":\"es\"},{\"@type\":\"WebPage\",\"@id\":\"https:\/\/www.cannabis.es\/pw\/2017\/03\/09\/llega-barcelona-spannabis-la-feria-cannabica-mas-grande-del-mundo\/\",\"url\":\"https:\/\/www.cannabis.es\/pw\/2017\/03\/09\/llega-barcelona-spannabis-la-feria-cannabica-mas-grande-del-mundo\/\",\"name\":\"Llega Barcelona Spannabis, la feria cann\u00e1bica m\u00e1s grande del mundo\",\"isPartOf\":{\"@id\":\"https:\/\/www.cannabis.es\/pw\/#website\"},\"primaryImageOfPage\":{\"@id\":\"https:\/\/www.cannabis.es\/pw\/2017\/03\/09\/llega-barcelona-spannabis-la-feria-cannabica-mas-grande-del-mundo\/#primaryimage\"},\"image\":{\"@id\":\"https:\/\/www.cannabis.es\/pw\/2017\/03\/09\/llega-barcelona-spannabis-la-feria-cannabica-mas-grande-del-mundo\/#primaryimage\"},\"thumbnailUrl\":\"https:\/\/www.cannabis.es\/pw\/wp-content\/uploads\/2020\/05\/4B6E6D1557755FB2561FC44DFB80D71D55DE5072B18B78C112pimgpsh_fullsize_distr.jpg\",\"datePublished\":\"2017-03-09T09:59:46+00:00\",\"dateModified\":\"2020-05-21T09:01:10+00:00\",\"description\":\"Entrada &#8226; Portal multimedia sobre cannabis y otras sustancias &#8226; 9 marzo, 2017\",\"breadcrumb\":{\"@id\":\"https:\/\/www.cannabis.es\/pw\/2017\/03\/09\/llega-barcelona-spannabis-la-feria-cannabica-mas-grande-del-mundo\/#breadcrumb\"},\"inLanguage\":\"es\",\"potentialAction\":[{\"@type\":\"ReadAction\",\"target\":[\"https:\/\/www.cannabis.es\/pw\/2017\/03\/09\/llega-barcelona-spannabis-la-feria-cannabica-mas-grande-del-mundo\/\"]}]},{\"@type\":\"ImageObject\",\"inLanguage\":\"es\",\"@id\":\"https:\/\/www.cannabis.es\/pw\/2017\/03\/09\/llega-barcelona-spannabis-la-feria-cannabica-mas-grande-del-mundo\/#primaryimage\",\"url\":\"https:\/\/www.cannabis.es\/pw\/wp-content\/uploads\/2020\/05\/4B6E6D1557755FB2561FC44DFB80D71D55DE5072B18B78C112pimgpsh_fullsize_distr.jpg\",\"contentUrl\":\"https:\/\/www.cannabis.es\/pw\/wp-content\/uploads\/2020\/05\/4B6E6D1557755FB2561FC44DFB80D71D55DE5072B18B78C112pimgpsh_fullsize_distr.jpg\",\"width\":959,\"height\":475},{\"@type\":\"BreadcrumbList\",\"@id\":\"https:\/\/www.cannabis.es\/pw\/2017\/03\/09\/llega-barcelona-spannabis-la-feria-cannabica-mas-grande-del-mundo\/#breadcrumb\",\"itemListElement\":[{\"@type\":\"ListItem\",\"position\":1,\"name\":\"Portada\",\"item\":\"http:\/\/www.cannabis.es\/pw\/\"},{\"@type\":\"ListItem\",\"position\":2,\"name\":\"Llega Barcelona Spannabis, la feria cann\u00e1bica m\u00e1s grande del mundo\"}]},{\"@type\":\"WebSite\",\"@id\":\"https:\/\/www.cannabis.es\/pw\/#website\",\"url\":\"https:\/\/www.cannabis.es\/pw\/\",\"name\":\"Cannabis\",\"description\":\"Portal multimedia sobre cannabis y otras sustancias\",\"publisher\":{\"@id\":\"https:\/\/www.cannabis.es\/pw\/#organization\"},\"potentialAction\":[{\"@type\":\"SearchAction\",\"target\":{\"@type\":\"EntryPoint\",\"urlTemplate\":\"https:\/\/www.cannabis.es\/pw\/?s={search_term_string}\"},\"query-input\":{\"@type\":\"PropertyValueSpecification\",\"valueRequired\":true,\"valueName\":\"search_term_string\"}}],\"inLanguage\":\"es\"},{\"@type\":\"Organization\",\"@id\":\"https:\/\/www.cannabis.es\/pw\/#organization\",\"name\":\"Cannabis.es\",\"url\":\"https:\/\/www.cannabis.es\/pw\/\",\"logo\":{\"@type\":\"ImageObject\",\"inLanguage\":\"es\",\"@id\":\"https:\/\/www.cannabis.es\/pw\/#\/schema\/logo\/image\/\",\"url\":\"https:\/\/www.cannabis.es\/pw\/wp-content\/uploads\/2019\/04\/cropped-logo_cannabis.png\",\"contentUrl\":\"https:\/\/www.cannabis.es\/pw\/wp-content\/uploads\/2019\/04\/cropped-logo_cannabis.png\",\"width\":361,\"height\":120,\"caption\":\"Cannabis.es\"},\"image\":{\"@id\":\"https:\/\/www.cannabis.es\/pw\/#\/schema\/logo\/image\/\"},\"sameAs\":[\"https:\/\/x.com\/cannabis_es\"]},{\"@type\":\"Person\",\"@id\":\"https:\/\/www.cannabis.es\/pw\/#\/schema\/person\/e2fbd204580cf4fe74c79b82bc447374\",\"name\":\"Cannabis.es\",\"image\":{\"@type\":\"ImageObject\",\"inLanguage\":\"es\",\"@id\":\"https:\/\/www.cannabis.es\/pw\/#\/schema\/person\/image\/\",\"url\":\"https:\/\/secure.gravatar.com\/avatar\/4375b1eb6e272e2e48a4b8a8def52e5f208151f555bb5906da616906ee6dd2e8?s=96&d=mm&r=g\",\"contentUrl\":\"https:\/\/secure.gravatar.com\/avatar\/4375b1eb6e272e2e48a4b8a8def52e5f208151f555bb5906da616906ee6dd2e8?s=96&d=mm&r=g\",\"caption\":\"Cannabis.es\"},\"url\":\"https:\/\/www.cannabis.es\/pw\/author\/cannabis\/\"}]}<\/script>\n<!-- \/ Yoast SEO plugin. -->","yoast_head_json":{"title":"Llega Barcelona Spannabis, la feria cann\u00e1bica m\u00e1s grande del mundo","description":"Entrada &#8226; Portal multimedia sobre cannabis y otras sustancias &#8226; 9 marzo, 2017","robots":{"index":"index","follow":"follow","max-snippet":"max-snippet:-1","max-image-preview":"max-image-preview:large","max-video-preview":"max-video-preview:-1"},"canonical":"https:\/\/www.cannabis.es\/pw\/2017\/03\/09\/llega-barcelona-spannabis-la-feria-cannabica-mas-grande-del-mundo\/","twitter_card":"summary_large_image","twitter_title":"Llega Barcelona Spannabis, la feria cann\u00e1bica m\u00e1s grande del mundo","twitter_description":"Entrada &#8226; Portal multimedia sobre cannabis y otras sustancias &#8226; 9 marzo, 2017","twitter_image":"https:\/\/www.cannabis.es\/pw\/wp-content\/uploads\/2020\/05\/4B6E6D1557755FB2561FC44DFB80D71D55DE5072B18B78C112pimgpsh_fullsize_distr.jpg","twitter_creator":"@cannabis_es","twitter_site":"@cannabis_es","twitter_misc":{"Escrito por":"Cannabis.es","Tiempo de lectura":"7 minutos"},"schema":{"@context":"https:\/\/schema.org","@graph":[{"@type":"Article","@id":"https:\/\/www.cannabis.es\/pw\/2017\/03\/09\/llega-barcelona-spannabis-la-feria-cannabica-mas-grande-del-mundo\/#article","isPartOf":{"@id":"https:\/\/www.cannabis.es\/pw\/2017\/03\/09\/llega-barcelona-spannabis-la-feria-cannabica-mas-grande-del-mundo\/"},"author":{"name":"Cannabis.es","@id":"https:\/\/www.cannabis.es\/pw\/#\/schema\/person\/e2fbd204580cf4fe74c79b82bc447374"},"headline":"Llega Barcelona Spannabis, la feria cann\u00e1bica m\u00e1s grande del mundo","datePublished":"2017-03-09T09:59:46+00:00","dateModified":"2020-05-21T09:01:10+00:00","mainEntityOfPage":{"@id":"https:\/\/www.cannabis.es\/pw\/2017\/03\/09\/llega-barcelona-spannabis-la-feria-cannabica-mas-grande-del-mundo\/"},"wordCount":1412,"publisher":{"@id":"https:\/\/www.cannabis.es\/pw\/#organization"},"image":{"@id":"https:\/\/www.cannabis.es\/pw\/2017\/03\/09\/llega-barcelona-spannabis-la-feria-cannabica-mas-grande-del-mundo\/#primaryimage"},"thumbnailUrl":"https:\/\/www.cannabis.es\/pw\/wp-content\/uploads\/2020\/05\/4B6E6D1557755FB2561FC44DFB80D71D55DE5072B18B78C112pimgpsh_fullsize_distr.jpg","keywords":["Feria Cann\u00e1bica Espa\u00f1a","Premios Spannabis","Spannabis","World Cannabis Conferences"],"articleSection":["Pol\u00edtica y Sociedad"],"inLanguage":"es"},{"@type":"WebPage","@id":"https:\/\/www.cannabis.es\/pw\/2017\/03\/09\/llega-barcelona-spannabis-la-feria-cannabica-mas-grande-del-mundo\/","url":"https:\/\/www.cannabis.es\/pw\/2017\/03\/09\/llega-barcelona-spannabis-la-feria-cannabica-mas-grande-del-mundo\/","name":"Llega Barcelona Spannabis, la feria cann\u00e1bica m\u00e1s grande del mundo","isPartOf":{"@id":"https:\/\/www.cannabis.es\/pw\/#website"},"primaryImageOfPage":{"@id":"https:\/\/www.cannabis.es\/pw\/2017\/03\/09\/llega-barcelona-spannabis-la-feria-cannabica-mas-grande-del-mundo\/#primaryimage"},"image":{"@id":"https:\/\/www.cannabis.es\/pw\/2017\/03\/09\/llega-barcelona-spannabis-la-feria-cannabica-mas-grande-del-mundo\/#primaryimage"},"thumbnailUrl":"https:\/\/www.cannabis.es\/pw\/wp-content\/uploads\/2020\/05\/4B6E6D1557755FB2561FC44DFB80D71D55DE5072B18B78C112pimgpsh_fullsize_distr.jpg","datePublished":"2017-03-09T09:59:46+00:00","dateModified":"2020-05-21T09:01:10+00:00","description":"Entrada &#8226; Portal multimedia sobre cannabis y otras sustancias &#8226; 9 marzo, 2017","breadcrumb":{"@id":"https:\/\/www.cannabis.es\/pw\/2017\/03\/09\/llega-barcelona-spannabis-la-feria-cannabica-mas-grande-del-mundo\/#breadcrumb"},"inLanguage":"es","potentialAction":[{"@type":"ReadAction","target":["https:\/\/www.cannabis.es\/pw\/2017\/03\/09\/llega-barcelona-spannabis-la-feria-cannabica-mas-grande-del-mundo\/"]}]},{"@type":"ImageObject","inLanguage":"es","@id":"https:\/\/www.cannabis.es\/pw\/2017\/03\/09\/llega-barcelona-spannabis-la-feria-cannabica-mas-grande-del-mundo\/#primaryimage","url":"https:\/\/www.cannabis.es\/pw\/wp-content\/uploads\/2020\/05\/4B6E6D1557755FB2561FC44DFB80D71D55DE5072B18B78C112pimgpsh_fullsize_distr.jpg","contentUrl":"https:\/\/www.cannabis.es\/pw\/wp-content\/uploads\/2020\/05\/4B6E6D1557755FB2561FC44DFB80D71D55DE5072B18B78C112pimgpsh_fullsize_distr.jpg","width":959,"height":475},{"@type":"BreadcrumbList","@id":"https:\/\/www.cannabis.es\/pw\/2017\/03\/09\/llega-barcelona-spannabis-la-feria-cannabica-mas-grande-del-mundo\/#breadcrumb","itemListElement":[{"@type":"ListItem","position":1,"name":"Portada","item":"http:\/\/www.cannabis.es\/pw\/"},{"@type":"ListItem","position":2,"name":"Llega Barcelona Spannabis, la feria cann\u00e1bica m\u00e1s grande del mundo"}]},{"@type":"WebSite","@id":"https:\/\/www.cannabis.es\/pw\/#website","url":"https:\/\/www.cannabis.es\/pw\/","name":"Cannabis","description":"Portal multimedia sobre cannabis y otras sustancias","publisher":{"@id":"https:\/\/www.cannabis.es\/pw\/#organization"},"potentialAction":[{"@type":"SearchAction","target":{"@type":"EntryPoint","urlTemplate":"https:\/\/www.cannabis.es\/pw\/?s={search_term_string}"},"query-input":{"@type":"PropertyValueSpecification","valueRequired":true,"valueName":"search_term_string"}}],"inLanguage":"es"},{"@type":"Organization","@id":"https:\/\/www.cannabis.es\/pw\/#organization","name":"Cannabis.es","url":"https:\/\/www.cannabis.es\/pw\/","logo":{"@type":"ImageObject","inLanguage":"es","@id":"https:\/\/www.cannabis.es\/pw\/#\/schema\/logo\/image\/","url":"https:\/\/www.cannabis.es\/pw\/wp-content\/uploads\/2019\/04\/cropped-logo_cannabis.png","contentUrl":"https:\/\/www.cannabis.es\/pw\/wp-content\/uploads\/2019\/04\/cropped-logo_cannabis.png","width":361,"height":120,"caption":"Cannabis.es"},"image":{"@id":"https:\/\/www.cannabis.es\/pw\/#\/schema\/logo\/image\/"},"sameAs":["https:\/\/x.com\/cannabis_es"]},{"@type":"Person","@id":"https:\/\/www.cannabis.es\/pw\/#\/schema\/person\/e2fbd204580cf4fe74c79b82bc447374","name":"Cannabis.es","image":{"@type":"ImageObject","inLanguage":"es","@id":"https:\/\/www.cannabis.es\/pw\/#\/schema\/person\/image\/","url":"https:\/\/secure.gravatar.com\/avatar\/4375b1eb6e272e2e48a4b8a8def52e5f208151f555bb5906da616906ee6dd2e8?s=96&d=mm&r=g","contentUrl":"https:\/\/secure.gravatar.com\/avatar\/4375b1eb6e272e2e48a4b8a8def52e5f208151f555bb5906da616906ee6dd2e8?s=96&d=mm&r=g","caption":"Cannabis.es"},"url":"https:\/\/www.cannabis.es\/pw\/author\/cannabis\/"}]}},"_links":{"self":[{"href":"https:\/\/www.cannabis.es\/pw\/wp-json\/wp\/v2\/posts\/2838","targetHints":{"allow":["GET"]}}],"collection":[{"href":"https:\/\/www.cannabis.es\/pw\/wp-json\/wp\/v2\/posts"}],"about":[{"href":"https:\/\/www.cannabis.es\/pw\/wp-json\/wp\/v2\/types\/post"}],"author":[{"embeddable":true,"href":"https:\/\/www.cannabis.es\/pw\/wp-json\/wp\/v2\/users\/1"}],"replies":[{"embeddable":true,"href":"https:\/\/www.cannabis.es\/pw\/wp-json\/wp\/v2\/comments?post=2838"}],"version-history":[{"count":1,"href":"https:\/\/www.cannabis.es\/pw\/wp-json\/wp\/v2\/posts\/2838\/revisions"}],"predecessor-version":[{"id":2840,"href":"https:\/\/www.cannabis.es\/pw\/wp-json\/wp\/v2\/posts\/2838\/revisions\/2840"}],"wp:featuredmedia":[{"embeddable":true,"href":"https:\/\/www.cannabis.es\/pw\/wp-json\/wp\/v2\/media\/2839"}],"wp:attachment":[{"href":"https:\/\/www.cannabis.es\/pw\/wp-json\/wp\/v2\/media?parent=2838"}],"wp:term":[{"taxonomy":"category","embeddable":true,"href":"https:\/\/www.cannabis.es\/pw\/wp-json\/wp\/v2\/categories?post=2838"},{"taxonomy":"post_tag","embeddable":true,"href":"https:\/\/www.cannabis.es\/pw\/wp-json\/wp\/v2\/tags?post=2838"}],"curies":[{"name":"wp","href":"https:\/\/api.w.org\/{rel}","templated":true}]}}