{"id":2853,"date":"2017-03-01T11:07:09","date_gmt":"2017-03-01T10:07:09","guid":{"rendered":"http:\/\/www.cannabis.es\/pw\/?p=2853"},"modified":"2020-05-21T11:08:02","modified_gmt":"2020-05-21T09:08:02","slug":"ucann-unidos-por-la-regulacion-del-cannabis","status":"publish","type":"post","link":"https:\/\/www.cannabis.es\/pw\/2017\/03\/01\/ucann-unidos-por-la-regulacion-del-cannabis\/","title":{"rendered":"UCANN Unidos por la regulaci\u00f3n del Cannabis"},"content":{"rendered":"\n<p>Te invitamos a seguir la reci\u00e9n creada&nbsp;<strong>Plataforma Unidas por la regulaci\u00f3n del Cannabis (UCANN )<\/strong>&nbsp;una red virtual donde unir a todas las personas que luchan&nbsp;<strong>en redes sociales (RRSS)<\/strong>&nbsp;por la regulaci\u00f3n del cannabis en Espa\u00f1a, con la que nuestra voz suene m\u00e1s alta y llegue a m\u00e1s sitios. Plataforma por la buena energ\u00eda, el mensaje positivo,&nbsp;<strong>los puntos de uni\u00f3n<\/strong>&nbsp;y el caminar juntos hacia la regulaci\u00f3n inmediata del cannabis, por eso buscamos personas que coincidan con nosotras en la positividad como postura pol\u00edtica.<\/p>\n\n\n\n<hr class=\"wp-block-separator\"\/>\n\n\n\n<p>La&nbsp;<strong>irrupci\u00f3n de las redes sociales<\/strong>&nbsp;(RRSS) en la vida diaria de millones de personas ha dado lugar a un cambio radical en la forma en que estas se comunican e informan. Las RRSS se convirtieron en infraestructuras pol\u00edticas, determinando a su vez los factores necesarios para que una&nbsp;<strong>red social pueda transformarse en estructura de movilizaci\u00f3n<\/strong>&nbsp;y para el mantenimiento de la protesta ante ciertos contextos. Las redes sociales posibilitan as\u00ed que la \u201cauto-comunicaci\u00f3n de masas\u201d se convierta en el modelo hegem\u00f3nico de comunicaci\u00f3n, surgiendo a trav\u00e9s de ellas una multitud de heterog\u00e9neas comunidades virtuales desde donde se articula la lucha pol\u00edtica. Los grados de implicaci\u00f3n y&nbsp;<strong>responsabilidad de los usuarios con el movimiento<\/strong>&nbsp;var\u00edan considerablemente, relacion\u00e1ndose principalmente a trav\u00e9s de la red y siendo d\u00e9biles los lazos entre el conjunto de sus miembros. Su&nbsp;<strong>principal cualidad es centralizar<\/strong>&nbsp;en un espacio las posibilidades de comunicaci\u00f3n de una multitud participativa con intereses compartidos, teniendo un rol principal en la proyecci\u00f3n de grandes movilizaciones.<\/p>\n\n\n\n<p><br>El colectivo Cann\u00e1bico, inicia una nueva era&nbsp;<strong>en redes sociales con la Plataforma Unidas<\/strong>&nbsp;por la regulaci\u00f3n del Cannabis, que<strong>&nbsp;nace con 27 usuarios<\/strong>&nbsp;twitter @RRCEs @mujerescannabis @Bertomeu_Albert @undergrowtv @yesweskunk @RevistaYerba @revistacanamo @DesayunoConWeed @OsitoFumonOFI @WeedmapsEs @FederacionFAC @NekwoMag @cannabis_es @420weedtv @Marihuanatv @Wismy_08 @Assonabis @GrowLandiaOFI @AbogadaCannabis @SFAbogados1 @laCATxonda @CrisMdrz @smokingmap @SoftSecrets_Es @Cat_FAC , con las que podr\u00e9is ser parte activa de las&nbsp;<strong>Campa\u00f1as que desde UCANN<\/strong>&nbsp;tenemos preparadas para que este 2017 la regulaci\u00f3n del cannabis se incluya en la agenda pol\u00edtica y medi\u00e1tica de este Pais. Es momento de unirnos y hacer nos ver, es el momento del Cambio, es el momento de sentirte cerca de nosotras para conseguirlo.<\/p>\n\n\n\n<figure class=\"wp-block-image\"><img decoding=\"async\" src=\"https:\/\/www.cannabis.es\/web\/images\/UCANN\/ucann4.jpg\" alt=\"ucann4\"\/><\/figure>\n\n\n\n<p>La&nbsp;<strong>plataforma Unidas por la regulaci\u00f3n del Cannabis<\/strong>&nbsp;quiere ser impulsora y reflejo del cambio, se aun no eres seguidor@ de&nbsp;<a href=\"https:\/\/twitter.com\/UCANN2017\"><strong>@UCANN2017<\/strong><\/a>&nbsp;no esperemos este a\u00f1o las&nbsp;<strong>redes sociales volver\u00e1n a ser el motor del cambio<\/strong>&nbsp;y tu eres parte muy importante de este objetivo . Es el momento del cambio, \u00bf\u00bfte apuntas??<\/p>\n","protected":false},"excerpt":{"rendered":"<span class=\"span-reading-time rt-reading-time\" style=\"display: block;\"><span class=\"rt-label rt-prefix\">Tiempo de lectura:<\/span> <span class=\"rt-time\"> 2<\/span> <span class=\"rt-label rt-postfix\">minutos<\/span><\/span>Te invitamos a seguir la reci\u00e9n creada&nbsp;Plataforma Unidas por la regulaci\u00f3n del Cannabis (UCANN )&nbsp;una red virtual donde unir a todas las personas que luchan&nbsp;en redes sociales (RRSS)&nbsp;por la regulaci\u00f3n del cannabis en Espa\u00f1a, con la que nuestra voz suene m\u00e1s alta y llegue a m\u00e1s sitios. Plataforma por la buena energ\u00eda, el mensaje positivo,&nbsp;los [&hellip;]","protected":false},"author":1,"featured_media":2854,"comment_status":"closed","ping_status":"closed","sticky":false,"template":"","format":"standard","meta":{"loftocean-featured-post":"","loftocean_post_format_gallery":"","loftocean_post_format_gallery_ids":"","loftocean_post_format_gallery_urls":"","loftocean_post_format_video_id":"","loftocean_post_format_video_url":"","loftocean_post_format_video_type":"","loftocean_post_format_video":"","loftocean_post_format_audio_type":"","loftocean_post_format_audio_url":"","loftocean_post_format_audio_id":"","loftocean_post_format_audio":"","loftocean_post_format_quote_text":"","loftocean_post_format_quote_byline":"","loftocean_post_format_link_text":"","loftocean_post_format_link_url":"","ceramag_post_header_style":"","ceramag_enable_background_video":"","ceramag_show_in_top_slider":"","ceramag_post_background_video_start":"","ceramag_post_background_video_end":"","loftocean_page_background_video_id":"","loftocean_page_background_video_url":"","loftocean_page_background_video_type":"","loftocean_page_background_video":"","ceramag_background_video_start":"","ceramag_background_video_end":"","ceramag_single_page_hide_header":"","footnotes":""},"categories":[35],"tags":[],"class_list":["post-2853","post","type-post","status-publish","format-standard","has-post-thumbnail","hentry","category-politica-y-sociedad"],"yoast_head":"<!-- This site is optimized with the Yoast SEO plugin v24.9 - https:\/\/yoast.com\/wordpress\/plugins\/seo\/ -->\n<title>UCANN Unidos por la regulaci\u00f3n del Cannabis<\/title>\n<meta name=\"description\" content=\"Entrada &#8226; Portal multimedia sobre cannabis y otras sustancias &#8226; 1 marzo, 2017\" \/>\n<meta name=\"robots\" content=\"index, follow, max-snippet:-1, max-image-preview:large, max-video-preview:-1\" \/>\n<link rel=\"canonical\" href=\"https:\/\/www.cannabis.es\/pw\/2017\/03\/01\/ucann-unidos-por-la-regulacion-del-cannabis\/\" \/>\n<meta name=\"twitter:card\" content=\"summary_large_image\" \/>\n<meta name=\"twitter:title\" content=\"UCANN Unidos por la regulaci\u00f3n del Cannabis\" \/>\n<meta name=\"twitter:description\" content=\"Entrada &#8226; Portal multimedia sobre cannabis y otras sustancias &#8226; 1 marzo, 2017\" \/>\n<meta name=\"twitter:image\" content=\"https:\/\/www.cannabis.es\/pw\/wp-content\/uploads\/2020\/05\/ucannportada.jpg\" \/>\n<meta name=\"twitter:creator\" content=\"@cannabis_es\" \/>\n<meta name=\"twitter:site\" content=\"@cannabis_es\" \/>\n<meta name=\"twitter:label1\" content=\"Escrito por\" \/>\n\t<meta name=\"twitter:data1\" content=\"Cannabis.es\" \/>\n\t<meta name=\"twitter:label2\" content=\"Tiempo de lectura\" \/>\n\t<meta name=\"twitter:data2\" content=\"2 minutos\" \/>\n<script type=\"application\/ld+json\" class=\"yoast-schema-graph\">{\"@context\":\"https:\/\/schema.org\",\"@graph\":[{\"@type\":\"Article\",\"@id\":\"https:\/\/www.cannabis.es\/pw\/2017\/03\/01\/ucann-unidos-por-la-regulacion-del-cannabis\/#article\",\"isPartOf\":{\"@id\":\"https:\/\/www.cannabis.es\/pw\/2017\/03\/01\/ucann-unidos-por-la-regulacion-del-cannabis\/\"},\"author\":{\"name\":\"Cannabis.es\",\"@id\":\"https:\/\/www.cannabis.es\/pw\/#\/schema\/person\/e2fbd204580cf4fe74c79b82bc447374\"},\"headline\":\"UCANN Unidos por la regulaci\u00f3n del Cannabis\",\"datePublished\":\"2017-03-01T10:07:09+00:00\",\"dateModified\":\"2020-05-21T09:08:02+00:00\",\"mainEntityOfPage\":{\"@id\":\"https:\/\/www.cannabis.es\/pw\/2017\/03\/01\/ucann-unidos-por-la-regulacion-del-cannabis\/\"},\"wordCount\":481,\"publisher\":{\"@id\":\"https:\/\/www.cannabis.es\/pw\/#organization\"},\"image\":{\"@id\":\"https:\/\/www.cannabis.es\/pw\/2017\/03\/01\/ucann-unidos-por-la-regulacion-del-cannabis\/#primaryimage\"},\"thumbnailUrl\":\"https:\/\/www.cannabis.es\/pw\/wp-content\/uploads\/2020\/05\/ucannportada.jpg\",\"articleSection\":[\"Pol\u00edtica y Sociedad\"],\"inLanguage\":\"es\"},{\"@type\":\"WebPage\",\"@id\":\"https:\/\/www.cannabis.es\/pw\/2017\/03\/01\/ucann-unidos-por-la-regulacion-del-cannabis\/\",\"url\":\"https:\/\/www.cannabis.es\/pw\/2017\/03\/01\/ucann-unidos-por-la-regulacion-del-cannabis\/\",\"name\":\"UCANN Unidos por la regulaci\u00f3n del Cannabis\",\"isPartOf\":{\"@id\":\"https:\/\/www.cannabis.es\/pw\/#website\"},\"primaryImageOfPage\":{\"@id\":\"https:\/\/www.cannabis.es\/pw\/2017\/03\/01\/ucann-unidos-por-la-regulacion-del-cannabis\/#primaryimage\"},\"image\":{\"@id\":\"https:\/\/www.cannabis.es\/pw\/2017\/03\/01\/ucann-unidos-por-la-regulacion-del-cannabis\/#primaryimage\"},\"thumbnailUrl\":\"https:\/\/www.cannabis.es\/pw\/wp-content\/uploads\/2020\/05\/ucannportada.jpg\",\"datePublished\":\"2017-03-01T10:07:09+00:00\",\"dateModified\":\"2020-05-21T09:08:02+00:00\",\"description\":\"Entrada &#8226; Portal multimedia sobre cannabis y otras sustancias &#8226; 1 marzo, 2017\",\"breadcrumb\":{\"@id\":\"https:\/\/www.cannabis.es\/pw\/2017\/03\/01\/ucann-unidos-por-la-regulacion-del-cannabis\/#breadcrumb\"},\"inLanguage\":\"es\",\"potentialAction\":[{\"@type\":\"ReadAction\",\"target\":[\"https:\/\/www.cannabis.es\/pw\/2017\/03\/01\/ucann-unidos-por-la-regulacion-del-cannabis\/\"]}]},{\"@type\":\"ImageObject\",\"inLanguage\":\"es\",\"@id\":\"https:\/\/www.cannabis.es\/pw\/2017\/03\/01\/ucann-unidos-por-la-regulacion-del-cannabis\/#primaryimage\",\"url\":\"https:\/\/www.cannabis.es\/pw\/wp-content\/uploads\/2020\/05\/ucannportada.jpg\",\"contentUrl\":\"https:\/\/www.cannabis.es\/pw\/wp-content\/uploads\/2020\/05\/ucannportada.jpg\",\"width\":959,\"height\":475},{\"@type\":\"BreadcrumbList\",\"@id\":\"https:\/\/www.cannabis.es\/pw\/2017\/03\/01\/ucann-unidos-por-la-regulacion-del-cannabis\/#breadcrumb\",\"itemListElement\":[{\"@type\":\"ListItem\",\"position\":1,\"name\":\"Portada\",\"item\":\"http:\/\/www.cannabis.es\/pw\/\"},{\"@type\":\"ListItem\",\"position\":2,\"name\":\"UCANN Unidos por la regulaci\u00f3n del Cannabis\"}]},{\"@type\":\"WebSite\",\"@id\":\"https:\/\/www.cannabis.es\/pw\/#website\",\"url\":\"https:\/\/www.cannabis.es\/pw\/\",\"name\":\"Cannabis\",\"description\":\"Portal multimedia sobre cannabis y otras sustancias\",\"publisher\":{\"@id\":\"https:\/\/www.cannabis.es\/pw\/#organization\"},\"potentialAction\":[{\"@type\":\"SearchAction\",\"target\":{\"@type\":\"EntryPoint\",\"urlTemplate\":\"https:\/\/www.cannabis.es\/pw\/?s={search_term_string}\"},\"query-input\":{\"@type\":\"PropertyValueSpecification\",\"valueRequired\":true,\"valueName\":\"search_term_string\"}}],\"inLanguage\":\"es\"},{\"@type\":\"Organization\",\"@id\":\"https:\/\/www.cannabis.es\/pw\/#organization\",\"name\":\"Cannabis.es\",\"url\":\"https:\/\/www.cannabis.es\/pw\/\",\"logo\":{\"@type\":\"ImageObject\",\"inLanguage\":\"es\",\"@id\":\"https:\/\/www.cannabis.es\/pw\/#\/schema\/logo\/image\/\",\"url\":\"https:\/\/www.cannabis.es\/pw\/wp-content\/uploads\/2019\/04\/cropped-logo_cannabis.png\",\"contentUrl\":\"https:\/\/www.cannabis.es\/pw\/wp-content\/uploads\/2019\/04\/cropped-logo_cannabis.png\",\"width\":361,\"height\":120,\"caption\":\"Cannabis.es\"},\"image\":{\"@id\":\"https:\/\/www.cannabis.es\/pw\/#\/schema\/logo\/image\/\"},\"sameAs\":[\"https:\/\/x.com\/cannabis_es\"]},{\"@type\":\"Person\",\"@id\":\"https:\/\/www.cannabis.es\/pw\/#\/schema\/person\/e2fbd204580cf4fe74c79b82bc447374\",\"name\":\"Cannabis.es\",\"image\":{\"@type\":\"ImageObject\",\"inLanguage\":\"es\",\"@id\":\"https:\/\/www.cannabis.es\/pw\/#\/schema\/person\/image\/\",\"url\":\"https:\/\/secure.gravatar.com\/avatar\/4375b1eb6e272e2e48a4b8a8def52e5f208151f555bb5906da616906ee6dd2e8?s=96&d=mm&r=g\",\"contentUrl\":\"https:\/\/secure.gravatar.com\/avatar\/4375b1eb6e272e2e48a4b8a8def52e5f208151f555bb5906da616906ee6dd2e8?s=96&d=mm&r=g\",\"caption\":\"Cannabis.es\"},\"url\":\"https:\/\/www.cannabis.es\/pw\/author\/cannabis\/\"}]}<\/script>\n<!-- \/ Yoast SEO plugin. -->","yoast_head_json":{"title":"UCANN Unidos por la regulaci\u00f3n del Cannabis","description":"Entrada &#8226; Portal multimedia sobre cannabis y otras sustancias &#8226; 1 marzo, 2017","robots":{"index":"index","follow":"follow","max-snippet":"max-snippet:-1","max-image-preview":"max-image-preview:large","max-video-preview":"max-video-preview:-1"},"canonical":"https:\/\/www.cannabis.es\/pw\/2017\/03\/01\/ucann-unidos-por-la-regulacion-del-cannabis\/","twitter_card":"summary_large_image","twitter_title":"UCANN Unidos por la regulaci\u00f3n del Cannabis","twitter_description":"Entrada &#8226; Portal multimedia sobre cannabis y otras sustancias &#8226; 1 marzo, 2017","twitter_image":"https:\/\/www.cannabis.es\/pw\/wp-content\/uploads\/2020\/05\/ucannportada.jpg","twitter_creator":"@cannabis_es","twitter_site":"@cannabis_es","twitter_misc":{"Escrito por":"Cannabis.es","Tiempo de lectura":"2 minutos"},"schema":{"@context":"https:\/\/schema.org","@graph":[{"@type":"Article","@id":"https:\/\/www.cannabis.es\/pw\/2017\/03\/01\/ucann-unidos-por-la-regulacion-del-cannabis\/#article","isPartOf":{"@id":"https:\/\/www.cannabis.es\/pw\/2017\/03\/01\/ucann-unidos-por-la-regulacion-del-cannabis\/"},"author":{"name":"Cannabis.es","@id":"https:\/\/www.cannabis.es\/pw\/#\/schema\/person\/e2fbd204580cf4fe74c79b82bc447374"},"headline":"UCANN Unidos por la regulaci\u00f3n del Cannabis","datePublished":"2017-03-01T10:07:09+00:00","dateModified":"2020-05-21T09:08:02+00:00","mainEntityOfPage":{"@id":"https:\/\/www.cannabis.es\/pw\/2017\/03\/01\/ucann-unidos-por-la-regulacion-del-cannabis\/"},"wordCount":481,"publisher":{"@id":"https:\/\/www.cannabis.es\/pw\/#organization"},"image":{"@id":"https:\/\/www.cannabis.es\/pw\/2017\/03\/01\/ucann-unidos-por-la-regulacion-del-cannabis\/#primaryimage"},"thumbnailUrl":"https:\/\/www.cannabis.es\/pw\/wp-content\/uploads\/2020\/05\/ucannportada.jpg","articleSection":["Pol\u00edtica y Sociedad"],"inLanguage":"es"},{"@type":"WebPage","@id":"https:\/\/www.cannabis.es\/pw\/2017\/03\/01\/ucann-unidos-por-la-regulacion-del-cannabis\/","url":"https:\/\/www.cannabis.es\/pw\/2017\/03\/01\/ucann-unidos-por-la-regulacion-del-cannabis\/","name":"UCANN Unidos por la regulaci\u00f3n del Cannabis","isPartOf":{"@id":"https:\/\/www.cannabis.es\/pw\/#website"},"primaryImageOfPage":{"@id":"https:\/\/www.cannabis.es\/pw\/2017\/03\/01\/ucann-unidos-por-la-regulacion-del-cannabis\/#primaryimage"},"image":{"@id":"https:\/\/www.cannabis.es\/pw\/2017\/03\/01\/ucann-unidos-por-la-regulacion-del-cannabis\/#primaryimage"},"thumbnailUrl":"https:\/\/www.cannabis.es\/pw\/wp-content\/uploads\/2020\/05\/ucannportada.jpg","datePublished":"2017-03-01T10:07:09+00:00","dateModified":"2020-05-21T09:08:02+00:00","description":"Entrada &#8226; Portal multimedia sobre cannabis y otras sustancias &#8226; 1 marzo, 2017","breadcrumb":{"@id":"https:\/\/www.cannabis.es\/pw\/2017\/03\/01\/ucann-unidos-por-la-regulacion-del-cannabis\/#breadcrumb"},"inLanguage":"es","potentialAction":[{"@type":"ReadAction","target":["https:\/\/www.cannabis.es\/pw\/2017\/03\/01\/ucann-unidos-por-la-regulacion-del-cannabis\/"]}]},{"@type":"ImageObject","inLanguage":"es","@id":"https:\/\/www.cannabis.es\/pw\/2017\/03\/01\/ucann-unidos-por-la-regulacion-del-cannabis\/#primaryimage","url":"https:\/\/www.cannabis.es\/pw\/wp-content\/uploads\/2020\/05\/ucannportada.jpg","contentUrl":"https:\/\/www.cannabis.es\/pw\/wp-content\/uploads\/2020\/05\/ucannportada.jpg","width":959,"height":475},{"@type":"BreadcrumbList","@id":"https:\/\/www.cannabis.es\/pw\/2017\/03\/01\/ucann-unidos-por-la-regulacion-del-cannabis\/#breadcrumb","itemListElement":[{"@type":"ListItem","position":1,"name":"Portada","item":"http:\/\/www.cannabis.es\/pw\/"},{"@type":"ListItem","position":2,"name":"UCANN Unidos por la regulaci\u00f3n del Cannabis"}]},{"@type":"WebSite","@id":"https:\/\/www.cannabis.es\/pw\/#website","url":"https:\/\/www.cannabis.es\/pw\/","name":"Cannabis","description":"Portal multimedia sobre cannabis y otras sustancias","publisher":{"@id":"https:\/\/www.cannabis.es\/pw\/#organization"},"potentialAction":[{"@type":"SearchAction","target":{"@type":"EntryPoint","urlTemplate":"https:\/\/www.cannabis.es\/pw\/?s={search_term_string}"},"query-input":{"@type":"PropertyValueSpecification","valueRequired":true,"valueName":"search_term_string"}}],"inLanguage":"es"},{"@type":"Organization","@id":"https:\/\/www.cannabis.es\/pw\/#organization","name":"Cannabis.es","url":"https:\/\/www.cannabis.es\/pw\/","logo":{"@type":"ImageObject","inLanguage":"es","@id":"https:\/\/www.cannabis.es\/pw\/#\/schema\/logo\/image\/","url":"https:\/\/www.cannabis.es\/pw\/wp-content\/uploads\/2019\/04\/cropped-logo_cannabis.png","contentUrl":"https:\/\/www.cannabis.es\/pw\/wp-content\/uploads\/2019\/04\/cropped-logo_cannabis.png","width":361,"height":120,"caption":"Cannabis.es"},"image":{"@id":"https:\/\/www.cannabis.es\/pw\/#\/schema\/logo\/image\/"},"sameAs":["https:\/\/x.com\/cannabis_es"]},{"@type":"Person","@id":"https:\/\/www.cannabis.es\/pw\/#\/schema\/person\/e2fbd204580cf4fe74c79b82bc447374","name":"Cannabis.es","image":{"@type":"ImageObject","inLanguage":"es","@id":"https:\/\/www.cannabis.es\/pw\/#\/schema\/person\/image\/","url":"https:\/\/secure.gravatar.com\/avatar\/4375b1eb6e272e2e48a4b8a8def52e5f208151f555bb5906da616906ee6dd2e8?s=96&d=mm&r=g","contentUrl":"https:\/\/secure.gravatar.com\/avatar\/4375b1eb6e272e2e48a4b8a8def52e5f208151f555bb5906da616906ee6dd2e8?s=96&d=mm&r=g","caption":"Cannabis.es"},"url":"https:\/\/www.cannabis.es\/pw\/author\/cannabis\/"}]}},"_links":{"self":[{"href":"https:\/\/www.cannabis.es\/pw\/wp-json\/wp\/v2\/posts\/2853","targetHints":{"allow":["GET"]}}],"collection":[{"href":"https:\/\/www.cannabis.es\/pw\/wp-json\/wp\/v2\/posts"}],"about":[{"href":"https:\/\/www.cannabis.es\/pw\/wp-json\/wp\/v2\/types\/post"}],"author":[{"embeddable":true,"href":"https:\/\/www.cannabis.es\/pw\/wp-json\/wp\/v2\/users\/1"}],"replies":[{"embeddable":true,"href":"https:\/\/www.cannabis.es\/pw\/wp-json\/wp\/v2\/comments?post=2853"}],"version-history":[{"count":1,"href":"https:\/\/www.cannabis.es\/pw\/wp-json\/wp\/v2\/posts\/2853\/revisions"}],"predecessor-version":[{"id":2855,"href":"https:\/\/www.cannabis.es\/pw\/wp-json\/wp\/v2\/posts\/2853\/revisions\/2855"}],"wp:featuredmedia":[{"embeddable":true,"href":"https:\/\/www.cannabis.es\/pw\/wp-json\/wp\/v2\/media\/2854"}],"wp:attachment":[{"href":"https:\/\/www.cannabis.es\/pw\/wp-json\/wp\/v2\/media?parent=2853"}],"wp:term":[{"taxonomy":"category","embeddable":true,"href":"https:\/\/www.cannabis.es\/pw\/wp-json\/wp\/v2\/categories?post=2853"},{"taxonomy":"post_tag","embeddable":true,"href":"https:\/\/www.cannabis.es\/pw\/wp-json\/wp\/v2\/tags?post=2853"}],"curies":[{"name":"wp","href":"https:\/\/api.w.org\/{rel}","templated":true}]}}