{"id":2969,"date":"2017-01-02T13:05:52","date_gmt":"2017-01-02T12:05:52","guid":{"rendered":"http:\/\/www.cannabis.es\/pw\/?p=2969"},"modified":"2020-06-04T17:21:31","modified_gmt":"2020-06-04T15:21:31","slug":"argentina-emergencia-nacional-contra-las-drogas","status":"publish","type":"post","link":"https:\/\/www.cannabis.es\/pw\/2017\/01\/02\/argentina-emergencia-nacional-contra-las-drogas\/","title":{"rendered":"Argentina: emergencia nacional contra las drogas"},"content":{"rendered":"\n<p>Por Javier Mar\u00edn<\/p>\n\n\n\n<p>Tras el lanzamiento nacional de la soflama \u201c<strong>narcotr\u00e1fico cero<\/strong>\u201d, y a instancias de la \u2018todopoderosa\u2019 Iglesia de la Rep\u00fablica argentina, el pasado 12 de diciembre del 2016, el&nbsp;<strong>presidente Macri&nbsp;<\/strong>inici\u00f3 su cruzada personal contra las drogas, de todo tipo, en este pa\u00eds.<\/p>\n\n\n\n<hr class=\"wp-block-separator\"\/>\n\n\n\n<p><strong>El decreto del presidente Macri y la Iglesia cat\u00f3lica<\/strong><\/p>\n\n\n\n<p>Combatir el narcotr\u00e1fico es \u201cper se\u201d una tarea encomiable, aunque algo ilusa, si se quiere alcanzar esa ut\u00f3pica cifra de cero. El problema es c\u00f3mo afectar\u00e1 este decreto a los usuarios de todo tipo de sustancias. En efecto, bajo el nombre de&nbsp;<strong>Emergencia nacional en materia de adicciones<\/strong>, se pretende atacar el problema desde la prevenci\u00f3n y el tratamiento, as\u00ed como la inclusi\u00f3n social de las personas afectadas. Cabr\u00eda preguntarse qu\u00e9 ha sido de su tambi\u00e9n promesa electoral de \u201cpobreza cero\u201d. Pero se percibe cierto tufillo populista electoral en ambos casos.<\/p>\n\n\n\n<p>No vamos a profundizar en el tema de \u201c<strong>drogas duras<\/strong>\u201d, y lo entrecomillo porque el&nbsp;<strong>alcohol&nbsp;<\/strong>es una de las drogas m\u00e1s letales y duras y, sin embargo, carecen de restricci\u00f3n legal alguna en la&nbsp;<strong>Rep\u00fablica Argentina<\/strong>. Centr\u00e1ndonos en el&nbsp;<strong>cannabis<\/strong>&nbsp;y la ley que, hasta este \u00faltimo decretazo, proven\u00eda del a\u00f1o 1989, proh\u00edbe el&nbsp;<strong>auto cultivo<\/strong>, condena a los auto cultivadores con penas que van desde los 4 a los 15 a\u00f1os y multas astron\u00f3micas. Curiosa forma de luchar contra el narcotr\u00e1fico\u2026<\/p>\n\n\n\n<p>La ley que hasta el decreto estaba vigente, establec\u00eda en su art\u00edculo 5 que: \u201cSer\u00e1 reprimido con reclusi\u00f3n o prisi\u00f3n de cuatro a quince a\u00f1os y multa de seis mil a quinientos mil australes el que sin autorizaci\u00f3n o con destino ileg\u00edtimo: siembre o cultive plantas o guarde semillas utilizables para producir estupefacientes, o materias primas, o elementos destinados a su producci\u00f3n o fabricaci\u00f3n.\u201d<\/p>\n\n\n\n<p>Si antes era ya punible el mero hecho de poseer semillas, \u00bfhasta d\u00f3nde quiere llegar el Presidente junto a sus cruzados eclesi\u00e1sticos con su nueva pol\u00edtica? Porque, en efecto, el Presidente ha recurrido a la&nbsp;<strong>UCA (Universidad Cat\u00f3lica de Argentina)&nbsp;<\/strong>para elaborar su nueva normativa; la cual estar\u00e1 vigente hasta el 31 de Diciembre del 2018.<\/p>\n\n\n\n<p>En el a\u00f1o 2009, en el caso Arriola, se sent\u00f3 jurisprudencia en un caso verdaderamente rid\u00edculo. Se trataba de 2 j\u00f3venes a quienes se les hab\u00edan incautado 4 cigarrillos de marihuana. El Tribunal decidi\u00f3 que, siendo para consumo propio, el hecho no era punible. Sin embargo, con el&nbsp;<strong>nuevo decreto, cualquier sentencia anterior no crea jurisprudencia<\/strong>, y la simple posesi\u00f3n de semillas es un delito grave.<\/p>\n\n\n\n<p><strong>Roberto Moro<\/strong>, titular de la Secretar\u00eda para la Prevenci\u00f3n de la Drogadicci\u00f3n y lucha contra el Narcotr\u00e1fico, en entrevista previa al decretazo,&nbsp;<strong>rechaz\u00f3 firmemente la despenalizaci\u00f3n del consumo<\/strong>, y por ende, del auto cultivo. Curiosamente,<strong>&nbsp;la Iglesia<\/strong>, con muchos seguidores y m\u00e1s desde que el&nbsp;<strong>Papa Francisco es la cabeza del Vaticano<\/strong>, entiende que, en ciertos casos,&nbsp;<strong>la marihuana puede ser paliativa<\/strong>&nbsp;de ciertas enfermedades y bla bla bla. Pero su conclusi\u00f3n final es que, de ninguna manera, se puede despenalizar el auto cultivo.<\/p>\n\n\n\n<p>El Observatorio de la Deuda Social argentina de la&nbsp;<strong>Pontificia Universidad Cat\u00f3lica de Argentina&nbsp;<\/strong>declar\u00f3 en un art\u00edculo de junio que \u201cel&nbsp;<strong>comercio il\u00edcito de drogas ilegales&nbsp;<\/strong>constituye un&nbsp;<strong>problema de alcance nacional<\/strong>&nbsp;cuya gravedad y extensi\u00f3n han crecido de forma exponencial&nbsp; durante las dos \u00faltimas d\u00e9cadas. La mayor venta de sustancias il\u00edcitas se detect\u00f3 en el&nbsp;<strong>\u00e1rea metropolitana de Buenos Aires<\/strong>, donde el registro de venta aument\u00f3 de un 28,6%, en 2010, a un 44,9% en 2015.\u201d<\/p>\n\n\n\n<p>Y por otra parte, ni la Iglesia ni el Gobierno parecen darse cuenta de que no todas las sustancias son igual de nocivas y adictivas.<strong>&nbsp;Siguen con la teor\u00eda de la escalada; se empieza con un porro y se acaba chut\u00e1ndose hero\u00edna.&nbsp;<\/strong>Teor\u00eda tan absurda como denostada por los expertos. De hecho, este tema bien podr\u00eda ser un interesante art\u00edculo por s\u00ed mismo.<\/p>\n\n\n\n<p>El decreto del presidente argentino sit\u00faa&nbsp;<strong>todas las sustancias al mismo nivel de peligrosidad&nbsp;<\/strong>social. Esta postura es muy poco acertada y criminaliza al m\u00e1ximo nivel a los autocultivadores y consumidores de&nbsp;<strong>cannabis<\/strong>. Lo mismo es un adicto a la hero\u00edna, que un consumidor de crack, que un usuario\/cultivador de cannabis. Y si esta postura era ya compartida e impulsada por la Iglesia cat\u00f3lica argentina, el hecho de que el Papa sea argentino parece dar a\u00fan m\u00e1s apoyo a sus teor\u00edas. En la Argentina, y en cualquier otro pa\u00eds, el uso de drogas duras y adictivas revierte claramente en mayores \u00edndices de criminalidad. Pero suponer que los consumidores de cannabis representan un incremento en las tasas de delincuencia es err\u00f3neo e incluso pueril. Para legislar sobre las drogas hay que, al menos, conocer la realidad.&nbsp;<\/p>\n\n\n\n<p>Sin embargo,<strong>&nbsp;la Iglesia argentina se muestra favorable al uso de la marihuana medicinal<\/strong>.&nbsp;<strong>La Pastoral Social<\/strong>, sector cat\u00f3lico especialmente preocupado por el tema de las drogas en su pa\u00eds, hizo unas declaraciones sorprendentes a trav\u00e9s de su portavoz: el&nbsp;<strong>Padre Pepe Di Paola.<\/strong><\/p>\n\n\n\n<p>\u00abEntendemos que es imprescindible que quienes padecen esa enfermedad puedan tener su medicina y que corresponde al Estado proveerla gratuitamente. &nbsp;Lo que no queremos es que el reclamo justo de los familiares se entremezcle con pol\u00edticas que hacen da\u00f1o a otros. En definitiva, no estamos de acuerdo con las pol\u00edticas liberales que reclaman el derecho de cultivar, tener o consumir drogas\u2026\u201d<\/p>\n\n\n\n<p>Es decir,&nbsp;<strong>s\u00ed al uso supervisado del cannabis medicinal pero jam\u00e1s el derecho a cultivar<\/strong>. El mismo sacerdote insiste en el&nbsp;<strong>uso terap\u00e9utico del CBD&nbsp;<\/strong>pero rechaza de plano la posibilidad del T<strong>HC como cannabinoide&nbsp;<\/strong>permitido. Como todos sabemos, el&nbsp;<strong>CBD (Cannabidiol)<\/strong>&nbsp;tiene propiedades analg\u00e9sicas, mientras que el&nbsp;<strong>THC (tetrahidrocannabinol)<\/strong>&nbsp;es el cannabinoide responsable del&nbsp;<strong>efecto sicotr\u00f3pico<\/strong>&nbsp;de la planta. En definitiva, la Iglesia se pronuncia claramente sobre la posibilidad del&nbsp;<strong>uso del cannabis medicinal pero rechaza&nbsp;<\/strong>firmemente tanto el uso como<strong>&nbsp;el cultivo del cannabis con fines l\u00fadicos.<\/strong><\/p>\n\n\n\n<p>Uno de los sacerdotes m\u00e1s implicado en este asunto as\u00ed como en la lucha contra la pobreza es el conocido sacerdote Carlos Garc\u00eda, m\u00e1s conocido como&nbsp;<strong>\u201cPadre Charly\u201d<\/strong>. Veamos c\u00f3mo se pronuncia al respecto.<\/p>\n\n\n\n<p>\u201cLa adicci\u00f3n no puede ser concebida solamente como un problema personal. Si desconocemos la cultura del consumo en que estamos inmersos, si no somos capaces de reconocer la dimensi\u00f3n social, cultural y colectiva del problema, probablemente no podamos encontrar una respuesta adecuada. En ese sentido, hay que decir que la droga se presenta como una respuesta al malestar, como un modo de escapar de lo que hace sufrir. La pobreza se sufre.<\/p>\n\n\n\n<p>Cuando en una familia hay un trabajo digno y una relativa estabilidad econ\u00f3mica hay m\u00e1s capacidad de dar contenci\u00f3n a todos los miembros de esa familia. Pero cuando no hay trabajo, cuando se vuelve dif\u00edcil encontrar algo para comer todos los d\u00edas, en la casa suele haber menos paciencia, menos tolerancia y menos contenci\u00f3n para los m\u00e1s chicos.&nbsp;<strong>No reconocer que los factores econ\u00f3micos influyen en el agravamiento de los problemas de alcoholismo y adicci\u00f3n es pura ceguera.<\/strong><\/p>\n\n\n\n<p>Recordemos que la explosi\u00f3n del<strong>&nbsp;paco (pasta base de coca\u00edna)<\/strong>&nbsp;en nuestro pa\u00eds se produce despu\u00e9s de la crisis de 2001. Tambi\u00e9n hay que decir que la pobreza magnifica los problemas sociales. Con la&nbsp;<strong>crisis del desempleo<\/strong>, el&nbsp;<strong>narcotr\u00e1fico se va constituyendo en un circuito econ\u00f3mico<\/strong>&nbsp;que contiene y da empleo a muchos que estaban desesperados. La desesperaci\u00f3n lleva a equivocar el camino. Desde esta \u00f3ptica decimos que<strong>&nbsp;la emergencia en adicciones es una prolongaci\u00f3n de la emergencia social<\/strong>.\u201d<\/p>\n\n\n\n<p>En cualquier caso, cualquier legislaci\u00f3n debe ser generada en base a criterios profesionales de expertos. Pero jam\u00e1s deber\u00eda tenerse en cuenta la religi\u00f3n. A esto se le llama&nbsp;<strong>fundamentalismo&nbsp;<\/strong>y, en muchos pa\u00edses musulmanes, ha conducido al terrorismo jihadista. De la misma manera que la sharia (ley cor\u00e1nica) no deber\u00eda regir la jurisdicci\u00f3n de un pa\u00eds, la ley cristiana cat\u00f3lica romana, tampoco. \u00a1Con la Iglesia hemos topado\u2026!<\/p>\n\n\n\n<p>Todav\u00eda est\u00e1n por ver los resultados de esta&nbsp;<strong>escalada prohibicionista que comienza Argentina<\/strong>. Pero hasta la fecha, todas las anteriores no han conseguido minimizar el problema, sino todo lo contrario. Esto lo descubrieron ya los americanos hace mucho tiempo y, hasta la fecha, los resultados hablan por s\u00ed solos: c\u00e1rceles abarrotadas de simples consumidores, incremento de delincuencia, problemas severos por adulteraci\u00f3n de sustancias y una larga lista de etc\u00e9teras. Pero quiz\u00e1s el resultado m\u00e1s relevante sea la aparici\u00f3n de una casta cuya simple proximidad es extraordinariamente t\u00f3xica:<strong>&nbsp;la casta de los narcos<\/strong>.<\/p>\n\n\n\n<p>Que despu\u00e9s de tantas d\u00e9cadas de \u00bfinfructuosa? guerra contra el narcotr\u00e1fico, un gobierno inicie otra&nbsp;<strong>cruzada, con marcados tintes religiosos, contra la libertad de auto abastecerse de cannabis<\/strong>, me deja tan desconcertado que apenas puedo creerlo. Y si empleo los signos de interrogaci\u00f3n en el adjetivo \u201cinfructuosa\u201d es precisamente por lo que acabo de escribir.<\/p>\n\n\n\n<p>\u00a1Cu\u00e1ntos narcos y camellos estar\u00e1n frot\u00e1ndose las manos! Porque ya se sabe:<strong>&nbsp;a mayor prohibici\u00f3n, mayor beneficio<\/strong>. No hace falta ser adivino para pronosticar que este decreto no har\u00e1 m\u00e1s que llenar a\u00fan m\u00e1s las c\u00e1rceles, generar m\u00e1s econom\u00eda sumergida y mayor poder para los narcos. Tiempo al tiempo\u2026<\/p>\n","protected":false},"excerpt":{"rendered":"<span class=\"span-reading-time rt-reading-time\" style=\"display: block;\"><span class=\"rt-label rt-prefix\">Tiempo de lectura:<\/span> <span class=\"rt-time\"> 5<\/span> <span class=\"rt-label rt-postfix\">minutos<\/span><\/span>Por Javier Mar\u00edn Tras el lanzamiento nacional de la soflama \u201cnarcotr\u00e1fico cero\u201d, y a instancias de la \u2018todopoderosa\u2019 Iglesia de la Rep\u00fablica argentina, el pasado 12 de diciembre del 2016, el&nbsp;presidente Macri&nbsp;inici\u00f3 su cruzada personal contra las drogas, de todo tipo, en este pa\u00eds. El decreto del presidente Macri y la Iglesia cat\u00f3lica Combatir el [&hellip;]","protected":false},"author":1,"featured_media":2970,"comment_status":"closed","ping_status":"closed","sticky":false,"template":"","format":"standard","meta":{"loftocean-featured-post":"","loftocean_post_format_gallery":"","loftocean_post_format_gallery_ids":"","loftocean_post_format_gallery_urls":"","loftocean_post_format_video_id":"","loftocean_post_format_video_url":"","loftocean_post_format_video_type":"","loftocean_post_format_video":"","loftocean_post_format_audio_type":"","loftocean_post_format_audio_url":"","loftocean_post_format_audio_id":"","loftocean_post_format_audio":"","loftocean_post_format_quote_text":"","loftocean_post_format_quote_byline":"","loftocean_post_format_link_text":"","loftocean_post_format_link_url":"","ceramag_post_header_style":"","ceramag_enable_background_video":"","ceramag_show_in_top_slider":"","ceramag_post_background_video_start":"","ceramag_post_background_video_end":"","loftocean_page_background_video_id":"","loftocean_page_background_video_url":"","loftocean_page_background_video_type":"","loftocean_page_background_video":"","ceramag_background_video_start":"","ceramag_background_video_end":"","ceramag_single_page_hide_header":"","footnotes":""},"categories":[35],"tags":[61,44,1382,650,40,798,1309],"class_list":["post-2969","post","type-post","status-publish","format-standard","has-post-thumbnail","hentry","category-politica-y-sociedad","tag-cultivo","tag-drogas","tag-guerra","tag-latinoamerica","tag-marihuana","tag-narcotrafico","tag-republica-argentina"],"yoast_head":"<!-- This site is optimized with the Yoast SEO plugin v24.9 - https:\/\/yoast.com\/wordpress\/plugins\/seo\/ -->\n<title>Argentina: emergencia nacional contra las drogas<\/title>\n<meta name=\"description\" content=\"Entrada &#8226; Portal multimedia sobre cannabis y otras sustancias &#8226; 2 enero, 2017\" \/>\n<meta name=\"robots\" content=\"index, follow, max-snippet:-1, max-image-preview:large, max-video-preview:-1\" \/>\n<link rel=\"canonical\" href=\"https:\/\/www.cannabis.es\/pw\/2017\/01\/02\/argentina-emergencia-nacional-contra-las-drogas\/\" \/>\n<meta name=\"twitter:card\" content=\"summary_large_image\" \/>\n<meta name=\"twitter:title\" content=\"Argentina: emergencia nacional contra las drogas\" \/>\n<meta name=\"twitter:description\" content=\"Entrada &#8226; Portal multimedia sobre cannabis y otras sustancias &#8226; 2 enero, 2017\" \/>\n<meta name=\"twitter:image\" content=\"https:\/\/www.cannabis.es\/pw\/wp-content\/uploads\/2020\/05\/630F8EBE2ABAC375724FB10C796C287A508CAD900907ECABBApimgpsh_fullsize_distr.jpg\" \/>\n<meta name=\"twitter:creator\" content=\"@cannabis_es\" \/>\n<meta name=\"twitter:site\" content=\"@cannabis_es\" \/>\n<meta name=\"twitter:label1\" content=\"Escrito por\" \/>\n\t<meta name=\"twitter:data1\" content=\"Cannabis.es\" \/>\n\t<meta name=\"twitter:label2\" content=\"Tiempo de lectura\" \/>\n\t<meta name=\"twitter:data2\" content=\"8 minutos\" \/>\n<script type=\"application\/ld+json\" class=\"yoast-schema-graph\">{\"@context\":\"https:\/\/schema.org\",\"@graph\":[{\"@type\":\"Article\",\"@id\":\"https:\/\/www.cannabis.es\/pw\/2017\/01\/02\/argentina-emergencia-nacional-contra-las-drogas\/#article\",\"isPartOf\":{\"@id\":\"https:\/\/www.cannabis.es\/pw\/2017\/01\/02\/argentina-emergencia-nacional-contra-las-drogas\/\"},\"author\":{\"name\":\"Cannabis.es\",\"@id\":\"https:\/\/www.cannabis.es\/pw\/#\/schema\/person\/e2fbd204580cf4fe74c79b82bc447374\"},\"headline\":\"Argentina: emergencia nacional contra las drogas\",\"datePublished\":\"2017-01-02T12:05:52+00:00\",\"dateModified\":\"2020-06-04T15:21:31+00:00\",\"mainEntityOfPage\":{\"@id\":\"https:\/\/www.cannabis.es\/pw\/2017\/01\/02\/argentina-emergencia-nacional-contra-las-drogas\/\"},\"wordCount\":1684,\"publisher\":{\"@id\":\"https:\/\/www.cannabis.es\/pw\/#organization\"},\"image\":{\"@id\":\"https:\/\/www.cannabis.es\/pw\/2017\/01\/02\/argentina-emergencia-nacional-contra-las-drogas\/#primaryimage\"},\"thumbnailUrl\":\"https:\/\/www.cannabis.es\/pw\/wp-content\/uploads\/2020\/05\/630F8EBE2ABAC375724FB10C796C287A508CAD900907ECABBApimgpsh_fullsize_distr.jpg\",\"keywords\":[\"cultivo\",\"drogas\",\"guerra\",\"latinoam\u00e9rica\",\"marihuana\",\"narcotr\u00e1fico\",\"Rep\u00fablica Argentina\"],\"articleSection\":[\"Pol\u00edtica y Sociedad\"],\"inLanguage\":\"es\"},{\"@type\":\"WebPage\",\"@id\":\"https:\/\/www.cannabis.es\/pw\/2017\/01\/02\/argentina-emergencia-nacional-contra-las-drogas\/\",\"url\":\"https:\/\/www.cannabis.es\/pw\/2017\/01\/02\/argentina-emergencia-nacional-contra-las-drogas\/\",\"name\":\"Argentina: emergencia nacional contra las drogas\",\"isPartOf\":{\"@id\":\"https:\/\/www.cannabis.es\/pw\/#website\"},\"primaryImageOfPage\":{\"@id\":\"https:\/\/www.cannabis.es\/pw\/2017\/01\/02\/argentina-emergencia-nacional-contra-las-drogas\/#primaryimage\"},\"image\":{\"@id\":\"https:\/\/www.cannabis.es\/pw\/2017\/01\/02\/argentina-emergencia-nacional-contra-las-drogas\/#primaryimage\"},\"thumbnailUrl\":\"https:\/\/www.cannabis.es\/pw\/wp-content\/uploads\/2020\/05\/630F8EBE2ABAC375724FB10C796C287A508CAD900907ECABBApimgpsh_fullsize_distr.jpg\",\"datePublished\":\"2017-01-02T12:05:52+00:00\",\"dateModified\":\"2020-06-04T15:21:31+00:00\",\"description\":\"Entrada &#8226; Portal multimedia sobre cannabis y otras sustancias &#8226; 2 enero, 2017\",\"breadcrumb\":{\"@id\":\"https:\/\/www.cannabis.es\/pw\/2017\/01\/02\/argentina-emergencia-nacional-contra-las-drogas\/#breadcrumb\"},\"inLanguage\":\"es\",\"potentialAction\":[{\"@type\":\"ReadAction\",\"target\":[\"https:\/\/www.cannabis.es\/pw\/2017\/01\/02\/argentina-emergencia-nacional-contra-las-drogas\/\"]}]},{\"@type\":\"ImageObject\",\"inLanguage\":\"es\",\"@id\":\"https:\/\/www.cannabis.es\/pw\/2017\/01\/02\/argentina-emergencia-nacional-contra-las-drogas\/#primaryimage\",\"url\":\"https:\/\/www.cannabis.es\/pw\/wp-content\/uploads\/2020\/05\/630F8EBE2ABAC375724FB10C796C287A508CAD900907ECABBApimgpsh_fullsize_distr.jpg\",\"contentUrl\":\"https:\/\/www.cannabis.es\/pw\/wp-content\/uploads\/2020\/05\/630F8EBE2ABAC375724FB10C796C287A508CAD900907ECABBApimgpsh_fullsize_distr.jpg\",\"width\":959,\"height\":475},{\"@type\":\"BreadcrumbList\",\"@id\":\"https:\/\/www.cannabis.es\/pw\/2017\/01\/02\/argentina-emergencia-nacional-contra-las-drogas\/#breadcrumb\",\"itemListElement\":[{\"@type\":\"ListItem\",\"position\":1,\"name\":\"Portada\",\"item\":\"http:\/\/www.cannabis.es\/pw\/\"},{\"@type\":\"ListItem\",\"position\":2,\"name\":\"Argentina: emergencia nacional contra las drogas\"}]},{\"@type\":\"WebSite\",\"@id\":\"https:\/\/www.cannabis.es\/pw\/#website\",\"url\":\"https:\/\/www.cannabis.es\/pw\/\",\"name\":\"Cannabis\",\"description\":\"Portal multimedia sobre cannabis y otras sustancias\",\"publisher\":{\"@id\":\"https:\/\/www.cannabis.es\/pw\/#organization\"},\"potentialAction\":[{\"@type\":\"SearchAction\",\"target\":{\"@type\":\"EntryPoint\",\"urlTemplate\":\"https:\/\/www.cannabis.es\/pw\/?s={search_term_string}\"},\"query-input\":{\"@type\":\"PropertyValueSpecification\",\"valueRequired\":true,\"valueName\":\"search_term_string\"}}],\"inLanguage\":\"es\"},{\"@type\":\"Organization\",\"@id\":\"https:\/\/www.cannabis.es\/pw\/#organization\",\"name\":\"Cannabis.es\",\"url\":\"https:\/\/www.cannabis.es\/pw\/\",\"logo\":{\"@type\":\"ImageObject\",\"inLanguage\":\"es\",\"@id\":\"https:\/\/www.cannabis.es\/pw\/#\/schema\/logo\/image\/\",\"url\":\"https:\/\/www.cannabis.es\/pw\/wp-content\/uploads\/2019\/04\/cropped-logo_cannabis.png\",\"contentUrl\":\"https:\/\/www.cannabis.es\/pw\/wp-content\/uploads\/2019\/04\/cropped-logo_cannabis.png\",\"width\":361,\"height\":120,\"caption\":\"Cannabis.es\"},\"image\":{\"@id\":\"https:\/\/www.cannabis.es\/pw\/#\/schema\/logo\/image\/\"},\"sameAs\":[\"https:\/\/x.com\/cannabis_es\"]},{\"@type\":\"Person\",\"@id\":\"https:\/\/www.cannabis.es\/pw\/#\/schema\/person\/e2fbd204580cf4fe74c79b82bc447374\",\"name\":\"Cannabis.es\",\"image\":{\"@type\":\"ImageObject\",\"inLanguage\":\"es\",\"@id\":\"https:\/\/www.cannabis.es\/pw\/#\/schema\/person\/image\/\",\"url\":\"https:\/\/secure.gravatar.com\/avatar\/4375b1eb6e272e2e48a4b8a8def52e5f208151f555bb5906da616906ee6dd2e8?s=96&d=mm&r=g\",\"contentUrl\":\"https:\/\/secure.gravatar.com\/avatar\/4375b1eb6e272e2e48a4b8a8def52e5f208151f555bb5906da616906ee6dd2e8?s=96&d=mm&r=g\",\"caption\":\"Cannabis.es\"},\"url\":\"https:\/\/www.cannabis.es\/pw\/author\/cannabis\/\"}]}<\/script>\n<!-- \/ Yoast SEO plugin. -->","yoast_head_json":{"title":"Argentina: emergencia nacional contra las drogas","description":"Entrada &#8226; Portal multimedia sobre cannabis y otras sustancias &#8226; 2 enero, 2017","robots":{"index":"index","follow":"follow","max-snippet":"max-snippet:-1","max-image-preview":"max-image-preview:large","max-video-preview":"max-video-preview:-1"},"canonical":"https:\/\/www.cannabis.es\/pw\/2017\/01\/02\/argentina-emergencia-nacional-contra-las-drogas\/","twitter_card":"summary_large_image","twitter_title":"Argentina: emergencia nacional contra las drogas","twitter_description":"Entrada &#8226; Portal multimedia sobre cannabis y otras sustancias &#8226; 2 enero, 2017","twitter_image":"https:\/\/www.cannabis.es\/pw\/wp-content\/uploads\/2020\/05\/630F8EBE2ABAC375724FB10C796C287A508CAD900907ECABBApimgpsh_fullsize_distr.jpg","twitter_creator":"@cannabis_es","twitter_site":"@cannabis_es","twitter_misc":{"Escrito por":"Cannabis.es","Tiempo de lectura":"8 minutos"},"schema":{"@context":"https:\/\/schema.org","@graph":[{"@type":"Article","@id":"https:\/\/www.cannabis.es\/pw\/2017\/01\/02\/argentina-emergencia-nacional-contra-las-drogas\/#article","isPartOf":{"@id":"https:\/\/www.cannabis.es\/pw\/2017\/01\/02\/argentina-emergencia-nacional-contra-las-drogas\/"},"author":{"name":"Cannabis.es","@id":"https:\/\/www.cannabis.es\/pw\/#\/schema\/person\/e2fbd204580cf4fe74c79b82bc447374"},"headline":"Argentina: emergencia nacional contra las drogas","datePublished":"2017-01-02T12:05:52+00:00","dateModified":"2020-06-04T15:21:31+00:00","mainEntityOfPage":{"@id":"https:\/\/www.cannabis.es\/pw\/2017\/01\/02\/argentina-emergencia-nacional-contra-las-drogas\/"},"wordCount":1684,"publisher":{"@id":"https:\/\/www.cannabis.es\/pw\/#organization"},"image":{"@id":"https:\/\/www.cannabis.es\/pw\/2017\/01\/02\/argentina-emergencia-nacional-contra-las-drogas\/#primaryimage"},"thumbnailUrl":"https:\/\/www.cannabis.es\/pw\/wp-content\/uploads\/2020\/05\/630F8EBE2ABAC375724FB10C796C287A508CAD900907ECABBApimgpsh_fullsize_distr.jpg","keywords":["cultivo","drogas","guerra","latinoam\u00e9rica","marihuana","narcotr\u00e1fico","Rep\u00fablica Argentina"],"articleSection":["Pol\u00edtica y Sociedad"],"inLanguage":"es"},{"@type":"WebPage","@id":"https:\/\/www.cannabis.es\/pw\/2017\/01\/02\/argentina-emergencia-nacional-contra-las-drogas\/","url":"https:\/\/www.cannabis.es\/pw\/2017\/01\/02\/argentina-emergencia-nacional-contra-las-drogas\/","name":"Argentina: emergencia nacional contra las drogas","isPartOf":{"@id":"https:\/\/www.cannabis.es\/pw\/#website"},"primaryImageOfPage":{"@id":"https:\/\/www.cannabis.es\/pw\/2017\/01\/02\/argentina-emergencia-nacional-contra-las-drogas\/#primaryimage"},"image":{"@id":"https:\/\/www.cannabis.es\/pw\/2017\/01\/02\/argentina-emergencia-nacional-contra-las-drogas\/#primaryimage"},"thumbnailUrl":"https:\/\/www.cannabis.es\/pw\/wp-content\/uploads\/2020\/05\/630F8EBE2ABAC375724FB10C796C287A508CAD900907ECABBApimgpsh_fullsize_distr.jpg","datePublished":"2017-01-02T12:05:52+00:00","dateModified":"2020-06-04T15:21:31+00:00","description":"Entrada &#8226; Portal multimedia sobre cannabis y otras sustancias &#8226; 2 enero, 2017","breadcrumb":{"@id":"https:\/\/www.cannabis.es\/pw\/2017\/01\/02\/argentina-emergencia-nacional-contra-las-drogas\/#breadcrumb"},"inLanguage":"es","potentialAction":[{"@type":"ReadAction","target":["https:\/\/www.cannabis.es\/pw\/2017\/01\/02\/argentina-emergencia-nacional-contra-las-drogas\/"]}]},{"@type":"ImageObject","inLanguage":"es","@id":"https:\/\/www.cannabis.es\/pw\/2017\/01\/02\/argentina-emergencia-nacional-contra-las-drogas\/#primaryimage","url":"https:\/\/www.cannabis.es\/pw\/wp-content\/uploads\/2020\/05\/630F8EBE2ABAC375724FB10C796C287A508CAD900907ECABBApimgpsh_fullsize_distr.jpg","contentUrl":"https:\/\/www.cannabis.es\/pw\/wp-content\/uploads\/2020\/05\/630F8EBE2ABAC375724FB10C796C287A508CAD900907ECABBApimgpsh_fullsize_distr.jpg","width":959,"height":475},{"@type":"BreadcrumbList","@id":"https:\/\/www.cannabis.es\/pw\/2017\/01\/02\/argentina-emergencia-nacional-contra-las-drogas\/#breadcrumb","itemListElement":[{"@type":"ListItem","position":1,"name":"Portada","item":"http:\/\/www.cannabis.es\/pw\/"},{"@type":"ListItem","position":2,"name":"Argentina: emergencia nacional contra las drogas"}]},{"@type":"WebSite","@id":"https:\/\/www.cannabis.es\/pw\/#website","url":"https:\/\/www.cannabis.es\/pw\/","name":"Cannabis","description":"Portal multimedia sobre cannabis y otras sustancias","publisher":{"@id":"https:\/\/www.cannabis.es\/pw\/#organization"},"potentialAction":[{"@type":"SearchAction","target":{"@type":"EntryPoint","urlTemplate":"https:\/\/www.cannabis.es\/pw\/?s={search_term_string}"},"query-input":{"@type":"PropertyValueSpecification","valueRequired":true,"valueName":"search_term_string"}}],"inLanguage":"es"},{"@type":"Organization","@id":"https:\/\/www.cannabis.es\/pw\/#organization","name":"Cannabis.es","url":"https:\/\/www.cannabis.es\/pw\/","logo":{"@type":"ImageObject","inLanguage":"es","@id":"https:\/\/www.cannabis.es\/pw\/#\/schema\/logo\/image\/","url":"https:\/\/www.cannabis.es\/pw\/wp-content\/uploads\/2019\/04\/cropped-logo_cannabis.png","contentUrl":"https:\/\/www.cannabis.es\/pw\/wp-content\/uploads\/2019\/04\/cropped-logo_cannabis.png","width":361,"height":120,"caption":"Cannabis.es"},"image":{"@id":"https:\/\/www.cannabis.es\/pw\/#\/schema\/logo\/image\/"},"sameAs":["https:\/\/x.com\/cannabis_es"]},{"@type":"Person","@id":"https:\/\/www.cannabis.es\/pw\/#\/schema\/person\/e2fbd204580cf4fe74c79b82bc447374","name":"Cannabis.es","image":{"@type":"ImageObject","inLanguage":"es","@id":"https:\/\/www.cannabis.es\/pw\/#\/schema\/person\/image\/","url":"https:\/\/secure.gravatar.com\/avatar\/4375b1eb6e272e2e48a4b8a8def52e5f208151f555bb5906da616906ee6dd2e8?s=96&d=mm&r=g","contentUrl":"https:\/\/secure.gravatar.com\/avatar\/4375b1eb6e272e2e48a4b8a8def52e5f208151f555bb5906da616906ee6dd2e8?s=96&d=mm&r=g","caption":"Cannabis.es"},"url":"https:\/\/www.cannabis.es\/pw\/author\/cannabis\/"}]}},"_links":{"self":[{"href":"https:\/\/www.cannabis.es\/pw\/wp-json\/wp\/v2\/posts\/2969","targetHints":{"allow":["GET"]}}],"collection":[{"href":"https:\/\/www.cannabis.es\/pw\/wp-json\/wp\/v2\/posts"}],"about":[{"href":"https:\/\/www.cannabis.es\/pw\/wp-json\/wp\/v2\/types\/post"}],"author":[{"embeddable":true,"href":"https:\/\/www.cannabis.es\/pw\/wp-json\/wp\/v2\/users\/1"}],"replies":[{"embeddable":true,"href":"https:\/\/www.cannabis.es\/pw\/wp-json\/wp\/v2\/comments?post=2969"}],"version-history":[{"count":2,"href":"https:\/\/www.cannabis.es\/pw\/wp-json\/wp\/v2\/posts\/2969\/revisions"}],"predecessor-version":[{"id":5161,"href":"https:\/\/www.cannabis.es\/pw\/wp-json\/wp\/v2\/posts\/2969\/revisions\/5161"}],"wp:featuredmedia":[{"embeddable":true,"href":"https:\/\/www.cannabis.es\/pw\/wp-json\/wp\/v2\/media\/2970"}],"wp:attachment":[{"href":"https:\/\/www.cannabis.es\/pw\/wp-json\/wp\/v2\/media?parent=2969"}],"wp:term":[{"taxonomy":"category","embeddable":true,"href":"https:\/\/www.cannabis.es\/pw\/wp-json\/wp\/v2\/categories?post=2969"},{"taxonomy":"post_tag","embeddable":true,"href":"https:\/\/www.cannabis.es\/pw\/wp-json\/wp\/v2\/tags?post=2969"}],"curies":[{"name":"wp","href":"https:\/\/api.w.org\/{rel}","templated":true}]}}