{"id":3062,"date":"2016-11-21T15:04:02","date_gmt":"2016-11-21T14:04:02","guid":{"rendered":"http:\/\/www.cannabis.es\/pw\/?p=3062"},"modified":"2020-06-04T17:53:07","modified_gmt":"2020-06-04T15:53:07","slug":"marchas-y-contramarchas","status":"publish","type":"post","link":"https:\/\/www.cannabis.es\/pw\/2016\/11\/21\/marchas-y-contramarchas\/","title":{"rendered":"Marchas y contramarchas"},"content":{"rendered":"\n<p>Por Yuls Pin<\/p>\n\n\n\n<p>El retroceso que, en materia de&nbsp;<strong>pol\u00edtica de drogas<\/strong>&nbsp;en particular y de&nbsp;<strong>derechos civiles<\/strong>&nbsp;en general, est\u00e1 viviendo&nbsp;hoy<strong>&nbsp;Hispanoam\u00e9rica&nbsp;<\/strong><strong>a causa del triunfo de las derechas<\/strong>, lleva a reflexionar qu\u00e9 instancias culturales, adem\u00e1s de las legales, ganadas en estas \u00faltimas d\u00e9cadas, comenzar\u00e1n a ser arrebatadas a trav\u00e9s de<strong>&nbsp;penalizaciones y represi\u00f3n.<\/strong><\/p>\n\n\n\n<hr class=\"wp-block-separator\"\/>\n\n\n\n<p><strong>EN EL SUR AMERICANO:&nbsp;<\/strong><strong>DESDE BUENOS AIRES Y MONTEVIDEO<\/strong><\/p>\n\n\n\n<p>Los pa\u00edses emblem\u00e1ticos,&nbsp;<strong>Argentina, con Mauricio Macri<\/strong>&nbsp;como figura de la \u201caniti-pol\u00edtica\u201d como sucedi\u00f3 en los a\u00f1os \u201890, junto a<strong>&nbsp;Brasil<\/strong>&nbsp;con su golpe suave de estado a&nbsp;<strong>Dilma<\/strong>, ofrecen una r\u00e1pida pauta acerca de lo que vendr\u00e1. Incluso, en la sucesi\u00f3n del&nbsp;<strong>Pepe Mujica en Uruguay<\/strong>, pa\u00eds poco conflictivo para nuestros paradigmas, su sucesor (del mismo partido mas de otra tendencia interna)<strong>&nbsp;Tabar\u00e9 V\u00e1zquez<\/strong>&nbsp;pone palos en la rueda a las posibilidades del debate y pr\u00e1ctica en cuanto a la despenalizaci\u00f3n de la marihuana medicinal, y su venta legal en farmacias, en forma similar a como ya lo hab\u00eda hecho con el aborto.&nbsp;<\/p>\n\n\n\n<p>&nbsp;Hoy son las organizaciones sociales, las comunidades espec\u00edficas y las agrupaciones progresistas que confluyen en diversos espacios de debate, donde se lleva a cabo principalmente la<strong>&nbsp;disputa cultural entre dos concepciones de la sociedad y del poder<\/strong>. Eventualmente, las respectivas legislaturas a nivel local o nacional, acompa\u00f1an. Otras veces, no.<\/p>\n\n\n\n<p>En cuento a la pol\u00edtica cann\u00e1bica, se pronuncian normativas con escasa o nula difusi\u00f3n, que reprimen con&nbsp;<strong>cuatro a quince a\u00f1os de prisi\u00f3n el cultivo o el acopio de semillas<\/strong>, en un mismo nivel que la producci\u00f3n de precursores qu\u00edmicos o cualquier otra materia prima para fabricar estupefacientes. Por otro lado, esta modificaci\u00f3n enciende una alerta en las organizaciones que luchan desde hace a\u00f1os por la&nbsp;<strong>legalizaci\u00f3n del uso medicinal del cannabis<\/strong>. Sin lugar a dudas significa un retroceso en esa lucha pues la nueva ley va en sentido contrario de lo que estos organismos pretenden.<\/p>\n\n\n\n<p>Tambi\u00e9n se contradice con el c\u00e9lebre&nbsp;<strong>fallo Arriola<\/strong>&nbsp;con el que la&nbsp;<strong>Suprema Corte de Justicia despenaliz\u00f3 de hecho la portaci\u00f3n de porro<\/strong>&nbsp;para consumo personal.<br><\/p>\n\n\n\n<p>Un dato peculiar, es que varios estudios muestran c\u00f3mo en estos Estados son muchas las personas que recurren al consumo de cannabis como una alternativa a determinados medicamentos con receta para los trastornos del sue\u00f1o o algunos tipos de dolores,&nbsp;<strong>aumentando m\u00e1s el consumo en pacientes m\u00e9dicos que en personas que buscan su uso l\u00fadico<\/strong>.<br><\/p>\n\n\n\n<p>Este es el principio fundamental donde varios `personajes pol\u00edticos, junto a varias figuras culturales como periodistas, artistas y deportistas, se ponen en campa\u00f1a para&nbsp;<strong>defender estas pol\u00edticas del uso del cannabis<\/strong>, como eje fundamental de Salud. Este eje es considerado por organizaciones y agrupaciones pol\u00edticas, y del movimiento cann\u00e1bico local puntapi\u00e9 inicial para lograr otra mirada por parte de una sociedad m\u00e1s ignorante que adversa y, se este modo, profundizar la discusi\u00f3n sobre la legalizaci\u00f3n.<br><\/p>\n\n\n\n<p>De aprobarse los proyectos de ley promovidos por las derechas de Latinoam\u00e9rica, el derecho a la salud &#8211; derecho constitucional e inalienable &#8211; seguir\u00e1 siendo vulnerado: ya que habr\u00e1 de extenderse la&nbsp;<strong>criminalizaci\u00f3n por parte del Estado, de quien consume tanto como de quien cultiva<\/strong>.<\/p>\n\n\n\n<p><strong>EL JUEZ DA UN PASO AL FRENTE<\/strong><\/p>\n\n\n\n<p>Por ello, mientras las organizaciones de la sociedad civil trabajan en forma denodada en tal direcci\u00f3n, la realidad misma compele, por ejemplo, al Poder Judicial a deshacer el entuerto provocado por el Ejecutivo, las polic\u00edas, en fin, el conjunto de sectores reaccionarios. As\u00ed es como el fallo de un<strong>&nbsp;juez federal de La Plata (Argentina) orden\u00f3 a la Obra Social de Petroleros (OSPe) suministrar cannabis medicinal a un chico de un a\u00f1o y siete meses<\/strong>&nbsp;que padece de&nbsp;<strong>s\u00edndrome de West<\/strong>, o encefalopat\u00eda epil\u00e9ptica refractaria. \u201cLa utilizaci\u00f3n en un paciente determinado del uso terap\u00e9utico de los cannabinoides y sus compuestos debe depender exclusivamente del&nbsp;<strong>criterio m\u00e9dico<\/strong>&nbsp;que, como con cualquier otro f\u00e1rmaco, es una decisi\u00f3n derivada de la ciencia m\u00e9dica que no corresponde que este judicante revise en tal car\u00e1cter\u201d, explic\u00f3 el juez.<br><\/p>\n\n\n\n<p>El principal reclamo de la ONG para que las familias puedan tratar todas las enfermedades de manera m\u00e1s eficaz y econ\u00f3mica, es la&nbsp;<strong>despenalizaci\u00f3n del autocultivo<\/strong>, cuesti\u00f3n que qued\u00f3 relegada por el dictamen de la derecha que actualmente gobierna, cuando se dio el debate en Diputados sobre la legalizaci\u00f3n del cannabis medicinal, a pesar de la presencia durante los plenarios de familiares de chicos enfermos que reclamaron el autocultivo y de la promesa de los legisladores y&nbsp;<strong>el partido pol\u00edtico del presidente Mauricio Macri<\/strong>&nbsp;de \u201csolucionarles el problema\u201d. Una vez mas,&nbsp;<strong>otra cuesti\u00f3n que queda delegada e invisibilizada<\/strong>&nbsp;en el actual gobierno.<br><\/p>\n\n\n\n<p>Si hablamos de \u201cel criterio\u201d o \u201csentido com\u00fan\u201d con respecto a la visi\u00f3n de lo referido, hay diferentes perfiles seg\u00fan el mecanismo de acceso: aquellos usuarios m\u00e1s intensos, de nivel socioecon\u00f3mico m\u00e1s alto y m\u00e1s preparados, van por los&nbsp;<strong>clubes cann\u00e1bicos<\/strong>; otros, m\u00e1s o menos con las mismas caracter\u00edsticas, pero sin conformar una red, eligen el<strong>&nbsp;autocultivo<\/strong>, y los m\u00e1s espor\u00e1dicos van por el lado de las&nbsp;<strong>farmacias<\/strong>, con lo cual consideramos que van a entrar de a poco, no con el m\u00e1ximo de los 40 gramos, e incluso puede haber asociaciones de personas para que se inscriba uno y de ah\u00ed consuma un conjunto, porque es una cantidad de sobra.<\/p>\n\n\n\n<p><strong>DEL VERDE AL \u00c1CIDO LIT\u00daRGICO<\/strong><\/p>\n\n\n\n<p>En la pol\u00edtica miope de los gobiernos neoliberales, todos los gatos son pardos.<strong>&nbsp;Bajo la denominaci\u00f3n gen\u00e9rica de \u201cdrogas\u201d en esa oscura bolsa cabe tanto el cannabis como las sint\u00e9ticas, sus precursores, el \u00e1cido, la ketamina, etc.<\/strong>&nbsp;Requieren de tal criterio a fin de justificar tanto el sostenimiento de la ilegalidad como la represi\u00f3n de los consumidores, su efecto inmediato. A su vez, esta \u201cteor\u00eda\u201d (si se le puede llamar de tal manera) implica necesariamente el control sobre los cuerpos, inter\u00e9s principal de sostenimiento de la<strong>&nbsp;Iglesia de Roma<\/strong>&nbsp;que, as\u00ed, se liga con la&nbsp;<strong>prohibici\u00f3n del aborto<\/strong>. El&nbsp;<strong>poder de decidir sobre el propio cuerpo<\/strong>&nbsp;se torna entonces una consigna que va m\u00e1s all\u00e1 de la mera reivindicaci\u00f3n sectorial para abarcar un abanico pol\u00edtico que va del&nbsp;<strong>cannabis<\/strong>&nbsp;al<strong>&nbsp;aborto<\/strong>&nbsp;pasando, por supuesto, por la&nbsp;<strong>salud p\u00fablica.<\/strong><\/p>\n\n\n\n<p>&nbsp;Como todas las drogas sint\u00e9ticas, se sabe, son f\u00e1cilmente comerciables en los actos masivos, de la m\u00e1s peque\u00f1a discoteca hasta las grandes raves, el gran negocio se rige al amparo del paraguas de la misma reglementaci\u00f3n, habilitaci\u00f3n y estado de los locales respectivos. Es decir que&nbsp;<strong>los narcos se hallan s\u00f3lo regulados por las normas que rigen los bares<\/strong>, restaurantes y discotecas.<\/p>\n\n\n\n<p>Por lo general,&nbsp;<strong>cortan el agua en los ba\u00f1os<\/strong>&nbsp;para que genere un mayor efecto la droga, y el usuario tenga que comprar m\u00e1s alcohol o sienta la necesidad de seguir consumiendo este tipo de sustancias. A esto la pol\u00edtica estatal responde haciendo a la juventud como sujeto criminal. La mira no apunta a la responsabilidad de los propietarios de los locales, a la producci\u00f3n y forma de consumo de las drogas sint\u00e9ticas. Se lleg\u00f3 hasta tal punto que<strong>&nbsp;tanto en Argentina como en Uruguay hubo casos de intoxicaciones<\/strong>&nbsp;que llevaron a m\u00e1s de un joven a una pat\u00e9tica muerte. Entonces se dice \u201cfalleci\u00f3 de ataque card\u00edaco\u201d producido por la sustancia. Pero en los verdaderos estudios aparecen sint\u00e9ticos que en su f\u00f3rmula incluyen pesticidas agroqu\u00edmicos, en particular levamisol y la fenacetina.<br><\/p>\n\n\n\n<p>Mientras tanto, miles de organizaciones como la argentina \u201c<a href=\"http:\/\/www.mamacultiva.org\/\">Mam\u00e1 Cultiva<\/a>\u201d (el nombre lo dice todo) difunden este mensaje por todos los chavales intoxicados, enfermos, con la posibilidad de tener otro tipo de cultura de consumo de drogas para su salud y diversi\u00f3n: \u201cSeguimos luchando porque creemos en la posibilidad de una medicina, de unos medios y de una pol\u00edtica m\u00e1s humanos.&nbsp;<strong>Les pedimos que nos acompa\u00f1en en esta batalla, que se pongan en nuestros zapatos<\/strong>, que caminen a nuestro lado, porque solo as\u00ed podremos ser un pa\u00eds m\u00e1s justo y m\u00e1s inclusivo.\u201d<\/p>\n\n\n\n<p><strong>DE LOS ANDES AL ATL\u00c1NTICO<\/strong><\/p>\n\n\n\n<p>Que la pol\u00edtica del nuevo conservadurismo que procura perpetuar la \u201cguerra contra las drogas\u201d inaugurada por&nbsp;<strong>Ronald Reagan<\/strong>&nbsp;en los 80 y fracasada dos d\u00e9cadas m\u00e1s tarde, de modo alguno es improvisada sino, por el contrario, consensuada con las multinacionales y as\u00ed planificada, lo demuestra la acci\u00f3n en espejo a lo largo y ancho de todo el subcontinente. Sin ir m\u00e1s lejos, en Chile se desenvuelve una concepci\u00f3n semejante a la de Argentina y Uruguay sobre los j\u00f3venes y las drogas. Asociadas a los laboratorios medicinales,&nbsp;<strong>las principales sociedades m\u00e9dicas cient\u00edficas trasandinas, divulgaron un ins\u00f3lito pronunciamiento, destinado a presionar a la autoridad pol\u00edtica<\/strong>. En el documento se resaltan los presuntos&nbsp;<strong>efectos da\u00f1inos<\/strong>&nbsp;que tiene el<strong>&nbsp;consumo de marihuana<\/strong>, especialmente en ni\u00f1os y j\u00f3venes. Bas\u00e1ndose en sospechosas experiencias personales de los m\u00e9dicos, sin estad\u00edsticas ni estudios de campo sistem\u00e1ticos, junto a no menos innombrados estudios de \u00edgnotas entidades nacionales y extranjeras, las \u00e9lites de los m\u00e9dicos chilenos indicaron que ese pa\u00eds del occidente andino ostenta la mayor tasa mundial de consumo de marihuana en escolares. Subraya enseguida que \u201clos da\u00f1os que esta droga causa en las funciones cerebrales, especialmente aquellas relacionadas con el aprendizaje y la motivaci\u00f3n, raz\u00f3n por la cual se convierte en causante de fracaso y deserci\u00f3n escolar que afectan especialmente a sectores vulnerables.\u201d&nbsp;<strong>Funda as\u00ed una estrategia de sembrar un terror psicol\u00f3gico<\/strong>&nbsp;tendiente a predisponer a la poblaci\u00f3n ingenua a rechazar cualquier iniciativa liberalizadora.<\/p>\n\n\n\n<p>&nbsp;Con tono moral, la prensa ac\u00f3lita al&nbsp;<strong>establishment<\/strong>, se ocupa de hacer preguntarse si \u201ccomo sociedad -incluyendo el a veces fr\u00edvolo debate sobre la legalizaci\u00f3n de la marihuana- se est\u00e1 dando a la juventud el mensaje correcto\u201d. Y por eso el discurso se basa en que es perentorio actuar con \u201cresponsabilidad y previsi\u00f3n\u201d. Tomando las consecuencias sobre la salud y el bienestar de los j\u00f3venes como una negatividad completa y necesidad de salvar \u201cde la desviaci\u00f3n\u201d del gran mal de la marihuana. O que se dice, una maniobra de pinzas.<\/p>\n\n\n\n<p><strong>Por Yuls Pin&nbsp;<\/strong>&nbsp;<\/p>\n","protected":false},"excerpt":{"rendered":"<span class=\"span-reading-time rt-reading-time\" style=\"display: block;\"><span class=\"rt-label rt-prefix\">Tiempo de lectura:<\/span> <span class=\"rt-time\"> 6<\/span> <span class=\"rt-label rt-postfix\">minutos<\/span><\/span>Por Yuls Pin El retroceso que, en materia de&nbsp;pol\u00edtica de drogas&nbsp;en particular y de&nbsp;derechos civiles&nbsp;en general, est\u00e1 viviendo&nbsp;hoy&nbsp;Hispanoam\u00e9rica&nbsp;a causa del triunfo de las derechas, lleva a reflexionar qu\u00e9 instancias culturales, adem\u00e1s de las legales, ganadas en estas \u00faltimas d\u00e9cadas, comenzar\u00e1n a ser arrebatadas a trav\u00e9s de&nbsp;penalizaciones y represi\u00f3n. EN EL SUR AMERICANO:&nbsp;DESDE BUENOS AIRES Y [&hellip;]","protected":false},"author":1,"featured_media":3063,"comment_status":"closed","ping_status":"closed","sticky":false,"template":"","format":"standard","meta":{"loftocean-featured-post":"","loftocean_post_format_gallery":"","loftocean_post_format_gallery_ids":"","loftocean_post_format_gallery_urls":"","loftocean_post_format_video_id":"","loftocean_post_format_video_url":"","loftocean_post_format_video_type":"","loftocean_post_format_video":"","loftocean_post_format_audio_type":"","loftocean_post_format_audio_url":"","loftocean_post_format_audio_id":"","loftocean_post_format_audio":"","loftocean_post_format_quote_text":"","loftocean_post_format_quote_byline":"","loftocean_post_format_link_text":"","loftocean_post_format_link_url":"","ceramag_post_header_style":"","ceramag_enable_background_video":"","ceramag_show_in_top_slider":"","ceramag_post_background_video_start":"","ceramag_post_background_video_end":"","loftocean_page_background_video_id":"","loftocean_page_background_video_url":"","loftocean_page_background_video_type":"","loftocean_page_background_video":"","ceramag_background_video_start":"","ceramag_background_video_end":"","ceramag_single_page_hide_header":"","footnotes":""},"categories":[35],"tags":[],"class_list":["post-3062","post","type-post","status-publish","format-standard","has-post-thumbnail","hentry","category-politica-y-sociedad"],"yoast_head":"<!-- This site is optimized with the Yoast SEO plugin v24.9 - https:\/\/yoast.com\/wordpress\/plugins\/seo\/ -->\n<title>Marchas y contramarchas<\/title>\n<meta name=\"description\" content=\"Entrada &#8226; Portal multimedia sobre cannabis y otras sustancias &#8226; 21 noviembre, 2016\" \/>\n<meta name=\"robots\" content=\"index, follow, max-snippet:-1, max-image-preview:large, max-video-preview:-1\" \/>\n<link rel=\"canonical\" href=\"https:\/\/www.cannabis.es\/pw\/2016\/11\/21\/marchas-y-contramarchas\/\" \/>\n<meta name=\"twitter:card\" content=\"summary_large_image\" \/>\n<meta name=\"twitter:title\" content=\"Marchas y contramarchas\" \/>\n<meta name=\"twitter:description\" content=\"Entrada &#8226; Portal multimedia sobre cannabis y otras sustancias &#8226; 21 noviembre, 2016\" \/>\n<meta name=\"twitter:image\" content=\"https:\/\/www.cannabis.es\/pw\/wp-content\/uploads\/2020\/05\/derechos-Latam-1.jpg\" \/>\n<meta name=\"twitter:creator\" content=\"@cannabis_es\" \/>\n<meta name=\"twitter:site\" content=\"@cannabis_es\" \/>\n<meta name=\"twitter:label1\" content=\"Escrito por\" \/>\n\t<meta name=\"twitter:data1\" content=\"Cannabis.es\" \/>\n\t<meta name=\"twitter:label2\" content=\"Tiempo de lectura\" \/>\n\t<meta name=\"twitter:data2\" content=\"9 minutos\" \/>\n<script type=\"application\/ld+json\" class=\"yoast-schema-graph\">{\"@context\":\"https:\/\/schema.org\",\"@graph\":[{\"@type\":\"Article\",\"@id\":\"https:\/\/www.cannabis.es\/pw\/2016\/11\/21\/marchas-y-contramarchas\/#article\",\"isPartOf\":{\"@id\":\"https:\/\/www.cannabis.es\/pw\/2016\/11\/21\/marchas-y-contramarchas\/\"},\"author\":{\"name\":\"Cannabis.es\",\"@id\":\"https:\/\/www.cannabis.es\/pw\/#\/schema\/person\/e2fbd204580cf4fe74c79b82bc447374\"},\"headline\":\"Marchas y contramarchas\",\"datePublished\":\"2016-11-21T14:04:02+00:00\",\"dateModified\":\"2020-06-04T15:53:07+00:00\",\"mainEntityOfPage\":{\"@id\":\"https:\/\/www.cannabis.es\/pw\/2016\/11\/21\/marchas-y-contramarchas\/\"},\"wordCount\":1856,\"publisher\":{\"@id\":\"https:\/\/www.cannabis.es\/pw\/#organization\"},\"image\":{\"@id\":\"https:\/\/www.cannabis.es\/pw\/2016\/11\/21\/marchas-y-contramarchas\/#primaryimage\"},\"thumbnailUrl\":\"https:\/\/www.cannabis.es\/pw\/wp-content\/uploads\/2020\/05\/derechos-Latam-1.jpg\",\"articleSection\":[\"Pol\u00edtica y Sociedad\"],\"inLanguage\":\"es\"},{\"@type\":\"WebPage\",\"@id\":\"https:\/\/www.cannabis.es\/pw\/2016\/11\/21\/marchas-y-contramarchas\/\",\"url\":\"https:\/\/www.cannabis.es\/pw\/2016\/11\/21\/marchas-y-contramarchas\/\",\"name\":\"Marchas y contramarchas\",\"isPartOf\":{\"@id\":\"https:\/\/www.cannabis.es\/pw\/#website\"},\"primaryImageOfPage\":{\"@id\":\"https:\/\/www.cannabis.es\/pw\/2016\/11\/21\/marchas-y-contramarchas\/#primaryimage\"},\"image\":{\"@id\":\"https:\/\/www.cannabis.es\/pw\/2016\/11\/21\/marchas-y-contramarchas\/#primaryimage\"},\"thumbnailUrl\":\"https:\/\/www.cannabis.es\/pw\/wp-content\/uploads\/2020\/05\/derechos-Latam-1.jpg\",\"datePublished\":\"2016-11-21T14:04:02+00:00\",\"dateModified\":\"2020-06-04T15:53:07+00:00\",\"description\":\"Entrada &#8226; Portal multimedia sobre cannabis y otras sustancias &#8226; 21 noviembre, 2016\",\"breadcrumb\":{\"@id\":\"https:\/\/www.cannabis.es\/pw\/2016\/11\/21\/marchas-y-contramarchas\/#breadcrumb\"},\"inLanguage\":\"es\",\"potentialAction\":[{\"@type\":\"ReadAction\",\"target\":[\"https:\/\/www.cannabis.es\/pw\/2016\/11\/21\/marchas-y-contramarchas\/\"]}]},{\"@type\":\"ImageObject\",\"inLanguage\":\"es\",\"@id\":\"https:\/\/www.cannabis.es\/pw\/2016\/11\/21\/marchas-y-contramarchas\/#primaryimage\",\"url\":\"https:\/\/www.cannabis.es\/pw\/wp-content\/uploads\/2020\/05\/derechos-Latam-1.jpg\",\"contentUrl\":\"https:\/\/www.cannabis.es\/pw\/wp-content\/uploads\/2020\/05\/derechos-Latam-1.jpg\",\"width\":959,\"height\":475},{\"@type\":\"BreadcrumbList\",\"@id\":\"https:\/\/www.cannabis.es\/pw\/2016\/11\/21\/marchas-y-contramarchas\/#breadcrumb\",\"itemListElement\":[{\"@type\":\"ListItem\",\"position\":1,\"name\":\"Portada\",\"item\":\"http:\/\/www.cannabis.es\/pw\/\"},{\"@type\":\"ListItem\",\"position\":2,\"name\":\"Marchas y contramarchas\"}]},{\"@type\":\"WebSite\",\"@id\":\"https:\/\/www.cannabis.es\/pw\/#website\",\"url\":\"https:\/\/www.cannabis.es\/pw\/\",\"name\":\"Cannabis\",\"description\":\"Portal multimedia sobre cannabis y otras sustancias\",\"publisher\":{\"@id\":\"https:\/\/www.cannabis.es\/pw\/#organization\"},\"potentialAction\":[{\"@type\":\"SearchAction\",\"target\":{\"@type\":\"EntryPoint\",\"urlTemplate\":\"https:\/\/www.cannabis.es\/pw\/?s={search_term_string}\"},\"query-input\":{\"@type\":\"PropertyValueSpecification\",\"valueRequired\":true,\"valueName\":\"search_term_string\"}}],\"inLanguage\":\"es\"},{\"@type\":\"Organization\",\"@id\":\"https:\/\/www.cannabis.es\/pw\/#organization\",\"name\":\"Cannabis.es\",\"url\":\"https:\/\/www.cannabis.es\/pw\/\",\"logo\":{\"@type\":\"ImageObject\",\"inLanguage\":\"es\",\"@id\":\"https:\/\/www.cannabis.es\/pw\/#\/schema\/logo\/image\/\",\"url\":\"https:\/\/www.cannabis.es\/pw\/wp-content\/uploads\/2019\/04\/cropped-logo_cannabis.png\",\"contentUrl\":\"https:\/\/www.cannabis.es\/pw\/wp-content\/uploads\/2019\/04\/cropped-logo_cannabis.png\",\"width\":361,\"height\":120,\"caption\":\"Cannabis.es\"},\"image\":{\"@id\":\"https:\/\/www.cannabis.es\/pw\/#\/schema\/logo\/image\/\"},\"sameAs\":[\"https:\/\/x.com\/cannabis_es\"]},{\"@type\":\"Person\",\"@id\":\"https:\/\/www.cannabis.es\/pw\/#\/schema\/person\/e2fbd204580cf4fe74c79b82bc447374\",\"name\":\"Cannabis.es\",\"image\":{\"@type\":\"ImageObject\",\"inLanguage\":\"es\",\"@id\":\"https:\/\/www.cannabis.es\/pw\/#\/schema\/person\/image\/\",\"url\":\"https:\/\/secure.gravatar.com\/avatar\/4375b1eb6e272e2e48a4b8a8def52e5f208151f555bb5906da616906ee6dd2e8?s=96&d=mm&r=g\",\"contentUrl\":\"https:\/\/secure.gravatar.com\/avatar\/4375b1eb6e272e2e48a4b8a8def52e5f208151f555bb5906da616906ee6dd2e8?s=96&d=mm&r=g\",\"caption\":\"Cannabis.es\"},\"url\":\"https:\/\/www.cannabis.es\/pw\/author\/cannabis\/\"}]}<\/script>\n<!-- \/ Yoast SEO plugin. -->","yoast_head_json":{"title":"Marchas y contramarchas","description":"Entrada &#8226; Portal multimedia sobre cannabis y otras sustancias &#8226; 21 noviembre, 2016","robots":{"index":"index","follow":"follow","max-snippet":"max-snippet:-1","max-image-preview":"max-image-preview:large","max-video-preview":"max-video-preview:-1"},"canonical":"https:\/\/www.cannabis.es\/pw\/2016\/11\/21\/marchas-y-contramarchas\/","twitter_card":"summary_large_image","twitter_title":"Marchas y contramarchas","twitter_description":"Entrada &#8226; Portal multimedia sobre cannabis y otras sustancias &#8226; 21 noviembre, 2016","twitter_image":"https:\/\/www.cannabis.es\/pw\/wp-content\/uploads\/2020\/05\/derechos-Latam-1.jpg","twitter_creator":"@cannabis_es","twitter_site":"@cannabis_es","twitter_misc":{"Escrito por":"Cannabis.es","Tiempo de lectura":"9 minutos"},"schema":{"@context":"https:\/\/schema.org","@graph":[{"@type":"Article","@id":"https:\/\/www.cannabis.es\/pw\/2016\/11\/21\/marchas-y-contramarchas\/#article","isPartOf":{"@id":"https:\/\/www.cannabis.es\/pw\/2016\/11\/21\/marchas-y-contramarchas\/"},"author":{"name":"Cannabis.es","@id":"https:\/\/www.cannabis.es\/pw\/#\/schema\/person\/e2fbd204580cf4fe74c79b82bc447374"},"headline":"Marchas y contramarchas","datePublished":"2016-11-21T14:04:02+00:00","dateModified":"2020-06-04T15:53:07+00:00","mainEntityOfPage":{"@id":"https:\/\/www.cannabis.es\/pw\/2016\/11\/21\/marchas-y-contramarchas\/"},"wordCount":1856,"publisher":{"@id":"https:\/\/www.cannabis.es\/pw\/#organization"},"image":{"@id":"https:\/\/www.cannabis.es\/pw\/2016\/11\/21\/marchas-y-contramarchas\/#primaryimage"},"thumbnailUrl":"https:\/\/www.cannabis.es\/pw\/wp-content\/uploads\/2020\/05\/derechos-Latam-1.jpg","articleSection":["Pol\u00edtica y Sociedad"],"inLanguage":"es"},{"@type":"WebPage","@id":"https:\/\/www.cannabis.es\/pw\/2016\/11\/21\/marchas-y-contramarchas\/","url":"https:\/\/www.cannabis.es\/pw\/2016\/11\/21\/marchas-y-contramarchas\/","name":"Marchas y contramarchas","isPartOf":{"@id":"https:\/\/www.cannabis.es\/pw\/#website"},"primaryImageOfPage":{"@id":"https:\/\/www.cannabis.es\/pw\/2016\/11\/21\/marchas-y-contramarchas\/#primaryimage"},"image":{"@id":"https:\/\/www.cannabis.es\/pw\/2016\/11\/21\/marchas-y-contramarchas\/#primaryimage"},"thumbnailUrl":"https:\/\/www.cannabis.es\/pw\/wp-content\/uploads\/2020\/05\/derechos-Latam-1.jpg","datePublished":"2016-11-21T14:04:02+00:00","dateModified":"2020-06-04T15:53:07+00:00","description":"Entrada &#8226; Portal multimedia sobre cannabis y otras sustancias &#8226; 21 noviembre, 2016","breadcrumb":{"@id":"https:\/\/www.cannabis.es\/pw\/2016\/11\/21\/marchas-y-contramarchas\/#breadcrumb"},"inLanguage":"es","potentialAction":[{"@type":"ReadAction","target":["https:\/\/www.cannabis.es\/pw\/2016\/11\/21\/marchas-y-contramarchas\/"]}]},{"@type":"ImageObject","inLanguage":"es","@id":"https:\/\/www.cannabis.es\/pw\/2016\/11\/21\/marchas-y-contramarchas\/#primaryimage","url":"https:\/\/www.cannabis.es\/pw\/wp-content\/uploads\/2020\/05\/derechos-Latam-1.jpg","contentUrl":"https:\/\/www.cannabis.es\/pw\/wp-content\/uploads\/2020\/05\/derechos-Latam-1.jpg","width":959,"height":475},{"@type":"BreadcrumbList","@id":"https:\/\/www.cannabis.es\/pw\/2016\/11\/21\/marchas-y-contramarchas\/#breadcrumb","itemListElement":[{"@type":"ListItem","position":1,"name":"Portada","item":"http:\/\/www.cannabis.es\/pw\/"},{"@type":"ListItem","position":2,"name":"Marchas y contramarchas"}]},{"@type":"WebSite","@id":"https:\/\/www.cannabis.es\/pw\/#website","url":"https:\/\/www.cannabis.es\/pw\/","name":"Cannabis","description":"Portal multimedia sobre cannabis y otras sustancias","publisher":{"@id":"https:\/\/www.cannabis.es\/pw\/#organization"},"potentialAction":[{"@type":"SearchAction","target":{"@type":"EntryPoint","urlTemplate":"https:\/\/www.cannabis.es\/pw\/?s={search_term_string}"},"query-input":{"@type":"PropertyValueSpecification","valueRequired":true,"valueName":"search_term_string"}}],"inLanguage":"es"},{"@type":"Organization","@id":"https:\/\/www.cannabis.es\/pw\/#organization","name":"Cannabis.es","url":"https:\/\/www.cannabis.es\/pw\/","logo":{"@type":"ImageObject","inLanguage":"es","@id":"https:\/\/www.cannabis.es\/pw\/#\/schema\/logo\/image\/","url":"https:\/\/www.cannabis.es\/pw\/wp-content\/uploads\/2019\/04\/cropped-logo_cannabis.png","contentUrl":"https:\/\/www.cannabis.es\/pw\/wp-content\/uploads\/2019\/04\/cropped-logo_cannabis.png","width":361,"height":120,"caption":"Cannabis.es"},"image":{"@id":"https:\/\/www.cannabis.es\/pw\/#\/schema\/logo\/image\/"},"sameAs":["https:\/\/x.com\/cannabis_es"]},{"@type":"Person","@id":"https:\/\/www.cannabis.es\/pw\/#\/schema\/person\/e2fbd204580cf4fe74c79b82bc447374","name":"Cannabis.es","image":{"@type":"ImageObject","inLanguage":"es","@id":"https:\/\/www.cannabis.es\/pw\/#\/schema\/person\/image\/","url":"https:\/\/secure.gravatar.com\/avatar\/4375b1eb6e272e2e48a4b8a8def52e5f208151f555bb5906da616906ee6dd2e8?s=96&d=mm&r=g","contentUrl":"https:\/\/secure.gravatar.com\/avatar\/4375b1eb6e272e2e48a4b8a8def52e5f208151f555bb5906da616906ee6dd2e8?s=96&d=mm&r=g","caption":"Cannabis.es"},"url":"https:\/\/www.cannabis.es\/pw\/author\/cannabis\/"}]}},"_links":{"self":[{"href":"https:\/\/www.cannabis.es\/pw\/wp-json\/wp\/v2\/posts\/3062","targetHints":{"allow":["GET"]}}],"collection":[{"href":"https:\/\/www.cannabis.es\/pw\/wp-json\/wp\/v2\/posts"}],"about":[{"href":"https:\/\/www.cannabis.es\/pw\/wp-json\/wp\/v2\/types\/post"}],"author":[{"embeddable":true,"href":"https:\/\/www.cannabis.es\/pw\/wp-json\/wp\/v2\/users\/1"}],"replies":[{"embeddable":true,"href":"https:\/\/www.cannabis.es\/pw\/wp-json\/wp\/v2\/comments?post=3062"}],"version-history":[{"count":2,"href":"https:\/\/www.cannabis.es\/pw\/wp-json\/wp\/v2\/posts\/3062\/revisions"}],"predecessor-version":[{"id":5177,"href":"https:\/\/www.cannabis.es\/pw\/wp-json\/wp\/v2\/posts\/3062\/revisions\/5177"}],"wp:featuredmedia":[{"embeddable":true,"href":"https:\/\/www.cannabis.es\/pw\/wp-json\/wp\/v2\/media\/3063"}],"wp:attachment":[{"href":"https:\/\/www.cannabis.es\/pw\/wp-json\/wp\/v2\/media?parent=3062"}],"wp:term":[{"taxonomy":"category","embeddable":true,"href":"https:\/\/www.cannabis.es\/pw\/wp-json\/wp\/v2\/categories?post=3062"},{"taxonomy":"post_tag","embeddable":true,"href":"https:\/\/www.cannabis.es\/pw\/wp-json\/wp\/v2\/tags?post=3062"}],"curies":[{"name":"wp","href":"https:\/\/api.w.org\/{rel}","templated":true}]}}