{"id":3105,"date":"2016-10-27T15:32:03","date_gmt":"2016-10-27T13:32:03","guid":{"rendered":"http:\/\/www.cannabis.es\/pw\/?p=3105"},"modified":"2020-05-21T15:34:46","modified_gmt":"2020-05-21T13:34:46","slug":"cannabis-para-cuando-una-regulacion-en-espana","status":"publish","type":"post","link":"https:\/\/www.cannabis.es\/pw\/2016\/10\/27\/cannabis-para-cuando-una-regulacion-en-espana\/","title":{"rendered":"Cannabis: \u00bfPara cu\u00e1ndo una regulaci\u00f3n en Espa\u00f1a?"},"content":{"rendered":"\n<p><strong>Legalizaci\u00f3n, despenalizaci\u00f3n&nbsp;y descriminalizaci\u00f3n.&nbsp;<\/strong>El&nbsp;Parlamento de Baleares impulsa la regulaci\u00f3n de los clubes sociales de cannabis, siguiendo la estela de otras comunidades aut\u00f3nomas, que ya han regulado, o est\u00e1n en tr\u00e1mites, el uso terap\u00e9utico del cannabis, como el&nbsp;Pa\u00eds Vasco, Navarra, Catalu\u00f1a y Valencia. Mientras, Espa\u00f1a sigue dando peque\u00f1os pasos por comunidades, pero a nivel estatal seguimos esperando que haya una posici\u00f3n valiente sobre este tema en el que, a juzgar por la actualidad, nos estamos quedando atr\u00e1s.<\/p>\n\n\n\n<hr class=\"wp-block-separator\"\/>\n\n\n\n<p>En las \u00faltimas semanas hemos asistido a varios cambios en el escenario europeo en pos de una futura regulaci\u00f3n del cannabis medicinal. Pero no debemos pasar por alto que, adem\u00e1s de los evidentes beneficios para los usuarios de cannabis medicinal, una regulaci\u00f3n integral sobre el cannabis evitar\u00eda la criminalizaci\u00f3n de los consumidores, que en la mayor parte de los casos se ven sometidos a penas de c\u00e1rcel. La asimilaci\u00f3n de penas de c\u00e1rcel por posesi\u00f3n de cannabis o menudeo con los delitos violentos va calando poco en la ciudadan\u00eda y hace un flaco favor a la normalizaci\u00f3n del uso del cannabis.<\/p>\n\n\n\n<p>El&nbsp;Parlamento de&nbsp;<strong>Baleare<\/strong>s&nbsp;ha aprobado la creaci\u00f3n de una ponencia que regule los clubes de cannabis y el&nbsp;<strong>uso terap\u00e9utico de esta sustancia<\/strong>, presentada por los grupos&nbsp;M\u00c9S, PSIB, Podem y&nbsp;Ciudadanos, con la abstenci\u00f3n del&nbsp;<strong>Partido Popular.<\/strong><\/p>\n\n\n\n<p>La ponencia estar\u00e1 integrada en el seno de la&nbsp;Comisi\u00f3n de Salud&nbsp;y reconocer\u00e1 el uso terap\u00e9utico del cannabis por parte de personas enfermas para que esta sustancia pueda ser un&nbsp;<strong>complemento o sustitutivo en el tratamiento de diferentes s\u00edntomas<\/strong>, as\u00ed como la eventual formaci\u00f3n y atenci\u00f3n en el sistema sanitario p\u00fablico.<\/p>\n\n\n\n<p>Con ella se persigue \u00abpromover&nbsp;<strong>la&nbsp;regulaci\u00f3n espec\u00edfica&nbsp;de la actividad\u00bb de estos clubes sociales y \u00abel cultivo, desde una perspectiva de salud p\u00fablica\u00bb<\/strong>, con la creaci\u00f3n de un registro para estas asociaciones. Adem\u00e1s, se plantea la creaci\u00f3n de un departamento en la sanidad p\u00fablica para atender consultas de pacientes: \u00abse facilitar\u00e1 formaci\u00f3n espec\u00edfica y destinar\u00e1&nbsp;el personal cualificado en los departamentos de atenci\u00f3n terap\u00e9utica&nbsp;con cannabis para atender todas estas solicitudes y demandas&nbsp;de pacientes que d\u00eda tras d\u00eda se dirigen a los clubes sociales\u00bb.<\/p>\n\n\n\n<figure class=\"wp-block-image\"><img decoding=\"async\" src=\"https:\/\/www.cannabis.es\/web\/images\/regulaci%C3%B3n_baleares\/cannabis--644x362_si_marca.jpg\" alt=\"cannabis 644x362 si marca\"\/><\/figure>\n\n\n\n<p><strong>El objetivo es regular \u00abuna realidad social\u00bb<\/strong><br><br>El diputado de<strong>&nbsp;Podemos<\/strong>,&nbsp;Carlos Saura, ha dicho que \u00ablos tiempos avanzan\u00bb y que hay que seguir los pasos de los que \u00abvan por delante\u00bb. La portavoz de M\u00c9S per Menorca, Patricia Font, ha planteado que el cultivo de esta planta podr\u00eda repercutir en la econom\u00eda de manera positiva.&nbsp;<\/p>\n\n\n\n<p>El portavoz de&nbsp;<strong>Ciudadanos<\/strong>,&nbsp;Xavier Pericay, tambi\u00e9n se ha manifestado a favor de la creaci\u00f3n de la ponencia de estudio y ha propuesto que se desarrollen \u00abnuevos programas de informaci\u00f3n, prevenci\u00f3n y concienciaci\u00f3n de las consecuencias nocivas para la salud derivadas del consumo del cannabis y otras drogodependencias\u00bb.&nbsp;Desde el PP, se han abstenido.<\/p>\n\n\n\n<p><strong>El ejemplo de otras comunidades aut\u00f3nomas<br><\/strong><br>Baleares sigue la estela de otras comunidades aut\u00f3nomas, que ya han regulado o est\u00e1n en tr\u00e1mites, el uso terap\u00e9utico del cannabis. Esto es,&nbsp;<strong>Pa\u00eds Vasco, Navarra, Catalu\u00f1a y Valencia<\/strong>. El Pa\u00eds Vasco consigui\u00f3 sacar adelante la&nbsp;Ley de Adicciones&nbsp;el pasado mes de abril.<\/p>\n\n\n\n<p>Navarra tambi\u00e9n articul\u00f3 una regulaci\u00f3n completa de estos clubes con una proposici\u00f3n no de ley que desemboc\u00f3 en la actual la&nbsp;<strong>Ley Foral de las Asociaciones de Cannabis de Navarra<\/strong>, que recurri\u00f3 el Gobierno central y actualmente est\u00e1 a la espera de que el Tribunal Constitucional se pronuncie.&nbsp;<\/p>\n\n\n\n<p>El&nbsp;<strong>Parlament de Catalu\u00f1a&nbsp;<\/strong>dio luz verde&nbsp;en julio&nbsp;a una&nbsp;<strong>Iniciativa Legislativa Popular (ILP) sobre la regulaci\u00f3n de las asociaciones cann\u00e1bicas<\/strong>, que busca una norma&nbsp;reguladora de los clubes sociales de cannabis. Se ha abierto un proceso de comparecencias en las que 30 expertos opinan sobre c\u00f3mo afrontar dicha regulaci\u00f3n. Este per\u00edodo se estima que concluya a finales de noviembre.<br><br>El&nbsp;<strong>Ayuntamiento de Alicante<\/strong>&nbsp;se bas\u00f3 en un sentencia de un tribunal del Pa\u00eds Vasco que reconoc\u00eda la capacidad del ayuntamiento para regular esta actividad. Por ello, sac\u00f3 adelante el pasado julio&nbsp;una ordenanza municipal legalizaba estos clubs.&nbsp;<br><br><strong>El Congreso no se moja<\/strong><\/p>\n\n\n\n<p>A nivel nacional, los partidos con representaci\u00f3n en el Congreso tambi\u00e9n se han &#8216;mojado&#8217; en la regularizaci\u00f3n de la marihuana.&nbsp;<strong>Ciudadanos<\/strong>&nbsp;es partidario de legalizarla, tanto para el consumo particular como para el uso terap\u00e9utico por razones de salud p\u00fablica. La pretensi\u00f3n del grupo de Albert Rivera es impulsar una&nbsp;<strong>ley que despenalice y regule a nivel estatal la producci\u00f3n y distribuci\u00f3n tanto del cannabis<\/strong>&nbsp;como de sus derivados.&nbsp;<strong>Podemos&nbsp;tambi\u00e9n lo incluye en su programa<\/strong>&nbsp;electoral.&nbsp;<\/p>\n\n\n\n<p>Mientras Espa\u00f1a sigue dando peque\u00f1os pasos por comunidades, a nivel estatal seguimos esperando que haya una posici\u00f3n valiente sobre este tema en el que, a juzgar por la actualidad, nos estamos quedando atr\u00e1s (como en tantas cosas).<\/p>\n\n\n\n<p><strong>Por la descriminalizaci\u00f3n<\/strong><\/p>\n\n\n\n<p><strong>Un breve recorrido internacional<\/strong><\/p>\n\n\n\n<p>En las \u00faltimas semanas hemos asistido a una secuencia de cambios en el escenario europeo en pos de una futura regulaci\u00f3n del cannabis medicinal. Como ya nos hac\u00edamos eco desde<a href=\"https:\/\/www.cannabis.es\/web\/features\/actuaidad\/517-europa-pequenos-o-grandes-pasos-por-la-regulacion-del-cannabis-medicinal\">Cannabis.es<\/a>&nbsp;hace pocos d\u00edas, en&nbsp;<strong>Francia<\/strong>&nbsp;se muestran abiertos a debatir sobre los usos medicinales del cannabis y, dado el contexto pol\u00edtico del pa\u00eds, esto es un avance, sin lugar a dudas. Mientras, en&nbsp;<strong>UK<\/strong>&nbsp;han admitido el uso del&nbsp;<strong>extracto de cannabis<\/strong>&nbsp;para fines medicinales.<\/p>\n\n\n\n<p>Pero en este camino no debemos pasar por alto que, adem\u00e1s de los evidentes beneficios para los usuarios de cannabis medicinal, una regulaci\u00f3n integral sobre el cannabis evitar\u00eda&nbsp;<strong>la criminalizaci\u00f3n de los consumidores de cannabis, que en la mayor parte de los casos se ven sometidos a penas de c\u00e1rcel.&nbsp;<\/strong><\/p>\n\n\n\n<p>Pese a que UK ha dado un paso adelante en el reconocimiento legal del CBD para usos m\u00e9dicos siguen en la edad de piedra en cuanto a la concepci\u00f3n global del cannabis.&nbsp;<strong>La planta de la marihuana en Reino Unido est\u00e1 clasificada como droga de clase B<\/strong>&nbsp;no reconocida por tener valor m\u00e9dico, y por tanto, la posesi\u00f3n de la planta puede acarrear penas de prisi\u00f3n.<\/p>\n\n\n\n<p>En Francia sin ir m\u00e1s lejos,<strong>&nbsp;el 84% de los franceses est\u00e1 de acuerdo con que la ley actual sobre el cannabis no es efectiva<\/strong>&nbsp;y que cada vez son m\u00e1s numerosas las penas de prisi\u00f3n. Por eso proponen prescribirlas por ley, como por ejemplo ya est\u00e1 llevando a cabo otras administraciones.<\/p>\n\n\n\n<p><strong>En Estados Unidos<\/strong><\/p>\n\n\n\n<p>M\u00e1s de una docena de estados e<strong>n los EE.UU. han promulgado la legalizaci\u00f3n del CDB<\/strong>&nbsp;para uso m\u00e9dico limitado. Debido a que estos estados no permiten generalmente la venta o cultivo regulados de la planta, los pacientes se ven obligados a buscar a la marihuana en el mercado negro, o en un estado distinto que s\u00ed permita a los pacientes la compra de cannabis medicinal. A pesar de ello, el transporte de marihuana a otros estados sigue siendo ilegal, por lo que los pacientes se ven en una situaci\u00f3n de desamparo.<\/p>\n\n\n\n<p><strong>Otros veinticinco estados y el Distrito de Columbia, en la actualidad tienen leyes m\u00e1s flexibles<\/strong>&nbsp;que permiten el cultivo, la producci\u00f3n y la distribuci\u00f3n del cannabis medicinal.<\/p>\n\n\n\n<p><strong>La marihuana sigue estando prohibido a nivel federal<\/strong>&nbsp;y todav\u00eda se considera que no est\u00e1 \u00abaceptado el uso m\u00e9dico,\u00bb despu\u00e9s de que la&nbsp;FDA&nbsp;decidiera recientemente mantener la planta en la lista de estupefacientes \u00abm\u00e1s peligrosos\u00bb de Estados Unidos, comparable a la hero\u00edna o el LSD.<\/p>\n\n\n\n<p><strong>Obama conmuta sentencias por delitos menores de drogas<\/strong><\/p>\n\n\n\n<p>Barack Obama est\u00e1 tratando de poner fin al problema con la sobrepoblaci\u00f3n de las c\u00e1rceles americanas y&nbsp;<strong>ha conmutado en los \u00faltimos meses m\u00e1s de un centenar de sentencias<\/strong>&nbsp;que suman un total de 774 en todo el a\u00f1o, la mayor parte por asuntos relacionados con sustancias consideradas como droga: no parecen muchas, pero son m\u00e1s del doble de las tres administraciones anteriores sobre el mismo asunto.<\/p>\n\n\n\n<p>En la mayor\u00eda de los casos se ha cambiado la sentencia por trabajos comunitarios y lo m\u00e1s probable es que estas personas sean liberadas entre final de a\u00f1o y mediados del 2017. La mayor parte de la sentencias son desproporcionadas y obsoletas si tenemos en cuenta el delito que se les imputa, mucha gente ingresa en prisi\u00f3n por menudeo.<\/p>\n\n\n\n<p>La actitud de Obama es adecuada, pero a\u00fan queda por hacer:&nbsp;<strong>reformar las leyes y dejar de tratar a esta gente como delincuentes peligrosos. Por el momento, m\u00e1s indultos y menos conmutaciones, pero mejor m\u00e1s conmutaciones a seguir en prisi\u00f3n.<\/strong><\/p>\n\n\n\n<p><strong>El binomio cannabis y violencia, una tarea pendiente<\/strong><\/p>\n\n\n\n<p>Como hemos visto, esto no es un problema exclusivo de Estados Unidos.&nbsp;Sin irse muy lejos, y para ilustrar esta asociaci\u00f3n conceptual probad a realizar una b\u00fasqueda en Google o en alguna agencia de noticias con la palabra \u2018marihuana\u2019 y la condici\u00f3n de Noticias. No os sorprender\u00e1 descubrir la cantidad de temas de actualidad que generan los resultados de la b\u00fasqueda, y que est\u00e1n en su mayor\u00eda&nbsp;<strong>relacionados con delitos violentos, asesinatos, encarcelamientos<\/strong>, etc. Haciendo que en el imaginario social se asimile la marihuana o cannabis a la delincuencia.<\/p>\n\n\n\n<p>En definitiva, se dibuja un paisaje en el que queda<strong>&nbsp;mucho camino por recorrer para la descriminalizaci\u00f3n del cannabis<\/strong>. A lo lejos en este mismo escenario, Espa\u00f1a se perfila como uno de los pa\u00edses a la cola en cuanto a regulaci\u00f3n del cannabis.<\/p>\n\n\n\n<p><strong>#nom\u00e1spresosporcannabis<\/strong><\/p>\n\n\n\n<figure class=\"wp-block-image\"><img decoding=\"async\" src=\"https:\/\/www.cannabis.es\/web\/images\/regulaci%C3%B3n_baleares\/B%C3%9ASQUEDAS_no_marca.jpg\" alt=\"B\u00daSQUEDAS no marca\"\/><\/figure>\n","protected":false},"excerpt":{"rendered":"<span class=\"span-reading-time rt-reading-time\" style=\"display: block;\"><span class=\"rt-label rt-prefix\">Tiempo de lectura:<\/span> <span class=\"rt-time\"> 5<\/span> <span class=\"rt-label rt-postfix\">minutos<\/span><\/span>Legalizaci\u00f3n, despenalizaci\u00f3n&nbsp;y descriminalizaci\u00f3n.&nbsp;El&nbsp;Parlamento de Baleares impulsa la regulaci\u00f3n de los clubes sociales de cannabis, siguiendo la estela de otras comunidades aut\u00f3nomas, que ya han regulado, o est\u00e1n en tr\u00e1mites, el uso terap\u00e9utico del cannabis, como el&nbsp;Pa\u00eds Vasco, Navarra, Catalu\u00f1a y Valencia. Mientras, Espa\u00f1a sigue dando peque\u00f1os pasos por comunidades, pero a nivel estatal seguimos esperando [&hellip;]","protected":false},"author":1,"featured_media":3106,"comment_status":"closed","ping_status":"closed","sticky":false,"template":"","format":"standard","meta":{"loftocean-featured-post":"","loftocean_post_format_gallery":"","loftocean_post_format_gallery_ids":"","loftocean_post_format_gallery_urls":"","loftocean_post_format_video_id":"","loftocean_post_format_video_url":"","loftocean_post_format_video_type":"","loftocean_post_format_video":"","loftocean_post_format_audio_type":"","loftocean_post_format_audio_url":"","loftocean_post_format_audio_id":"","loftocean_post_format_audio":"","loftocean_post_format_quote_text":"","loftocean_post_format_quote_byline":"","loftocean_post_format_link_text":"","loftocean_post_format_link_url":"","ceramag_post_header_style":"","ceramag_enable_background_video":"","ceramag_show_in_top_slider":"","ceramag_post_background_video_start":"","ceramag_post_background_video_end":"","loftocean_page_background_video_id":"","loftocean_page_background_video_url":"","loftocean_page_background_video_type":"","loftocean_page_background_video":"","ceramag_background_video_start":"","ceramag_background_video_end":"","ceramag_single_page_hide_header":"","footnotes":""},"categories":[35],"tags":[],"class_list":["post-3105","post","type-post","status-publish","format-standard","has-post-thumbnail","hentry","category-politica-y-sociedad"],"yoast_head":"<!-- This site is optimized with the Yoast SEO plugin v24.9 - https:\/\/yoast.com\/wordpress\/plugins\/seo\/ -->\n<title>Cannabis: \u00bfPara cu\u00e1ndo una regulaci\u00f3n en Espa\u00f1a?<\/title>\n<meta name=\"description\" content=\"Entrada &#8226; Portal multimedia sobre cannabis y otras sustancias &#8226; 27 octubre, 2016\" \/>\n<meta name=\"robots\" content=\"index, follow, max-snippet:-1, max-image-preview:large, max-video-preview:-1\" \/>\n<link rel=\"canonical\" href=\"https:\/\/www.cannabis.es\/pw\/2016\/10\/27\/cannabis-para-cuando-una-regulacion-en-espana\/\" \/>\n<meta name=\"twitter:card\" content=\"summary_large_image\" \/>\n<meta name=\"twitter:title\" content=\"Cannabis: \u00bfPara cu\u00e1ndo una regulaci\u00f3n en Espa\u00f1a?\" \/>\n<meta name=\"twitter:description\" content=\"Entrada &#8226; Portal multimedia sobre cannabis y otras sustancias &#8226; 27 octubre, 2016\" \/>\n<meta name=\"twitter:image\" content=\"https:\/\/www.cannabis.es\/pw\/wp-content\/uploads\/2020\/05\/portada-7.jpg\" \/>\n<meta name=\"twitter:creator\" content=\"@cannabis_es\" \/>\n<meta name=\"twitter:site\" content=\"@cannabis_es\" \/>\n<meta name=\"twitter:label1\" content=\"Escrito por\" \/>\n\t<meta name=\"twitter:data1\" content=\"Cannabis.es\" \/>\n\t<meta name=\"twitter:label2\" content=\"Tiempo de lectura\" \/>\n\t<meta name=\"twitter:data2\" content=\"9 minutos\" \/>\n<script type=\"application\/ld+json\" class=\"yoast-schema-graph\">{\"@context\":\"https:\/\/schema.org\",\"@graph\":[{\"@type\":\"Article\",\"@id\":\"https:\/\/www.cannabis.es\/pw\/2016\/10\/27\/cannabis-para-cuando-una-regulacion-en-espana\/#article\",\"isPartOf\":{\"@id\":\"https:\/\/www.cannabis.es\/pw\/2016\/10\/27\/cannabis-para-cuando-una-regulacion-en-espana\/\"},\"author\":{\"name\":\"Cannabis.es\",\"@id\":\"https:\/\/www.cannabis.es\/pw\/#\/schema\/person\/e2fbd204580cf4fe74c79b82bc447374\"},\"headline\":\"Cannabis: \u00bfPara cu\u00e1ndo una regulaci\u00f3n en Espa\u00f1a?\",\"datePublished\":\"2016-10-27T13:32:03+00:00\",\"dateModified\":\"2020-05-21T13:34:46+00:00\",\"mainEntityOfPage\":{\"@id\":\"https:\/\/www.cannabis.es\/pw\/2016\/10\/27\/cannabis-para-cuando-una-regulacion-en-espana\/\"},\"wordCount\":1739,\"publisher\":{\"@id\":\"https:\/\/www.cannabis.es\/pw\/#organization\"},\"image\":{\"@id\":\"https:\/\/www.cannabis.es\/pw\/2016\/10\/27\/cannabis-para-cuando-una-regulacion-en-espana\/#primaryimage\"},\"thumbnailUrl\":\"https:\/\/www.cannabis.es\/pw\/wp-content\/uploads\/2020\/05\/portada-7.jpg\",\"articleSection\":[\"Pol\u00edtica y Sociedad\"],\"inLanguage\":\"es\"},{\"@type\":\"WebPage\",\"@id\":\"https:\/\/www.cannabis.es\/pw\/2016\/10\/27\/cannabis-para-cuando-una-regulacion-en-espana\/\",\"url\":\"https:\/\/www.cannabis.es\/pw\/2016\/10\/27\/cannabis-para-cuando-una-regulacion-en-espana\/\",\"name\":\"Cannabis: \u00bfPara cu\u00e1ndo una regulaci\u00f3n en Espa\u00f1a?\",\"isPartOf\":{\"@id\":\"https:\/\/www.cannabis.es\/pw\/#website\"},\"primaryImageOfPage\":{\"@id\":\"https:\/\/www.cannabis.es\/pw\/2016\/10\/27\/cannabis-para-cuando-una-regulacion-en-espana\/#primaryimage\"},\"image\":{\"@id\":\"https:\/\/www.cannabis.es\/pw\/2016\/10\/27\/cannabis-para-cuando-una-regulacion-en-espana\/#primaryimage\"},\"thumbnailUrl\":\"https:\/\/www.cannabis.es\/pw\/wp-content\/uploads\/2020\/05\/portada-7.jpg\",\"datePublished\":\"2016-10-27T13:32:03+00:00\",\"dateModified\":\"2020-05-21T13:34:46+00:00\",\"description\":\"Entrada &#8226; Portal multimedia sobre cannabis y otras sustancias &#8226; 27 octubre, 2016\",\"breadcrumb\":{\"@id\":\"https:\/\/www.cannabis.es\/pw\/2016\/10\/27\/cannabis-para-cuando-una-regulacion-en-espana\/#breadcrumb\"},\"inLanguage\":\"es\",\"potentialAction\":[{\"@type\":\"ReadAction\",\"target\":[\"https:\/\/www.cannabis.es\/pw\/2016\/10\/27\/cannabis-para-cuando-una-regulacion-en-espana\/\"]}]},{\"@type\":\"ImageObject\",\"inLanguage\":\"es\",\"@id\":\"https:\/\/www.cannabis.es\/pw\/2016\/10\/27\/cannabis-para-cuando-una-regulacion-en-espana\/#primaryimage\",\"url\":\"https:\/\/www.cannabis.es\/pw\/wp-content\/uploads\/2020\/05\/portada-7.jpg\",\"contentUrl\":\"https:\/\/www.cannabis.es\/pw\/wp-content\/uploads\/2020\/05\/portada-7.jpg\",\"width\":959,\"height\":475},{\"@type\":\"BreadcrumbList\",\"@id\":\"https:\/\/www.cannabis.es\/pw\/2016\/10\/27\/cannabis-para-cuando-una-regulacion-en-espana\/#breadcrumb\",\"itemListElement\":[{\"@type\":\"ListItem\",\"position\":1,\"name\":\"Portada\",\"item\":\"http:\/\/www.cannabis.es\/pw\/\"},{\"@type\":\"ListItem\",\"position\":2,\"name\":\"Cannabis: \u00bfPara cu\u00e1ndo una regulaci\u00f3n en Espa\u00f1a?\"}]},{\"@type\":\"WebSite\",\"@id\":\"https:\/\/www.cannabis.es\/pw\/#website\",\"url\":\"https:\/\/www.cannabis.es\/pw\/\",\"name\":\"Cannabis\",\"description\":\"Portal multimedia sobre cannabis y otras sustancias\",\"publisher\":{\"@id\":\"https:\/\/www.cannabis.es\/pw\/#organization\"},\"potentialAction\":[{\"@type\":\"SearchAction\",\"target\":{\"@type\":\"EntryPoint\",\"urlTemplate\":\"https:\/\/www.cannabis.es\/pw\/?s={search_term_string}\"},\"query-input\":{\"@type\":\"PropertyValueSpecification\",\"valueRequired\":true,\"valueName\":\"search_term_string\"}}],\"inLanguage\":\"es\"},{\"@type\":\"Organization\",\"@id\":\"https:\/\/www.cannabis.es\/pw\/#organization\",\"name\":\"Cannabis.es\",\"url\":\"https:\/\/www.cannabis.es\/pw\/\",\"logo\":{\"@type\":\"ImageObject\",\"inLanguage\":\"es\",\"@id\":\"https:\/\/www.cannabis.es\/pw\/#\/schema\/logo\/image\/\",\"url\":\"https:\/\/www.cannabis.es\/pw\/wp-content\/uploads\/2019\/04\/cropped-logo_cannabis.png\",\"contentUrl\":\"https:\/\/www.cannabis.es\/pw\/wp-content\/uploads\/2019\/04\/cropped-logo_cannabis.png\",\"width\":361,\"height\":120,\"caption\":\"Cannabis.es\"},\"image\":{\"@id\":\"https:\/\/www.cannabis.es\/pw\/#\/schema\/logo\/image\/\"},\"sameAs\":[\"https:\/\/x.com\/cannabis_es\"]},{\"@type\":\"Person\",\"@id\":\"https:\/\/www.cannabis.es\/pw\/#\/schema\/person\/e2fbd204580cf4fe74c79b82bc447374\",\"name\":\"Cannabis.es\",\"image\":{\"@type\":\"ImageObject\",\"inLanguage\":\"es\",\"@id\":\"https:\/\/www.cannabis.es\/pw\/#\/schema\/person\/image\/\",\"url\":\"https:\/\/secure.gravatar.com\/avatar\/4375b1eb6e272e2e48a4b8a8def52e5f208151f555bb5906da616906ee6dd2e8?s=96&d=mm&r=g\",\"contentUrl\":\"https:\/\/secure.gravatar.com\/avatar\/4375b1eb6e272e2e48a4b8a8def52e5f208151f555bb5906da616906ee6dd2e8?s=96&d=mm&r=g\",\"caption\":\"Cannabis.es\"},\"url\":\"https:\/\/www.cannabis.es\/pw\/author\/cannabis\/\"}]}<\/script>\n<!-- \/ Yoast SEO plugin. -->","yoast_head_json":{"title":"Cannabis: \u00bfPara cu\u00e1ndo una regulaci\u00f3n en Espa\u00f1a?","description":"Entrada &#8226; Portal multimedia sobre cannabis y otras sustancias &#8226; 27 octubre, 2016","robots":{"index":"index","follow":"follow","max-snippet":"max-snippet:-1","max-image-preview":"max-image-preview:large","max-video-preview":"max-video-preview:-1"},"canonical":"https:\/\/www.cannabis.es\/pw\/2016\/10\/27\/cannabis-para-cuando-una-regulacion-en-espana\/","twitter_card":"summary_large_image","twitter_title":"Cannabis: \u00bfPara cu\u00e1ndo una regulaci\u00f3n en Espa\u00f1a?","twitter_description":"Entrada &#8226; Portal multimedia sobre cannabis y otras sustancias &#8226; 27 octubre, 2016","twitter_image":"https:\/\/www.cannabis.es\/pw\/wp-content\/uploads\/2020\/05\/portada-7.jpg","twitter_creator":"@cannabis_es","twitter_site":"@cannabis_es","twitter_misc":{"Escrito por":"Cannabis.es","Tiempo de lectura":"9 minutos"},"schema":{"@context":"https:\/\/schema.org","@graph":[{"@type":"Article","@id":"https:\/\/www.cannabis.es\/pw\/2016\/10\/27\/cannabis-para-cuando-una-regulacion-en-espana\/#article","isPartOf":{"@id":"https:\/\/www.cannabis.es\/pw\/2016\/10\/27\/cannabis-para-cuando-una-regulacion-en-espana\/"},"author":{"name":"Cannabis.es","@id":"https:\/\/www.cannabis.es\/pw\/#\/schema\/person\/e2fbd204580cf4fe74c79b82bc447374"},"headline":"Cannabis: \u00bfPara cu\u00e1ndo una regulaci\u00f3n en Espa\u00f1a?","datePublished":"2016-10-27T13:32:03+00:00","dateModified":"2020-05-21T13:34:46+00:00","mainEntityOfPage":{"@id":"https:\/\/www.cannabis.es\/pw\/2016\/10\/27\/cannabis-para-cuando-una-regulacion-en-espana\/"},"wordCount":1739,"publisher":{"@id":"https:\/\/www.cannabis.es\/pw\/#organization"},"image":{"@id":"https:\/\/www.cannabis.es\/pw\/2016\/10\/27\/cannabis-para-cuando-una-regulacion-en-espana\/#primaryimage"},"thumbnailUrl":"https:\/\/www.cannabis.es\/pw\/wp-content\/uploads\/2020\/05\/portada-7.jpg","articleSection":["Pol\u00edtica y Sociedad"],"inLanguage":"es"},{"@type":"WebPage","@id":"https:\/\/www.cannabis.es\/pw\/2016\/10\/27\/cannabis-para-cuando-una-regulacion-en-espana\/","url":"https:\/\/www.cannabis.es\/pw\/2016\/10\/27\/cannabis-para-cuando-una-regulacion-en-espana\/","name":"Cannabis: \u00bfPara cu\u00e1ndo una regulaci\u00f3n en Espa\u00f1a?","isPartOf":{"@id":"https:\/\/www.cannabis.es\/pw\/#website"},"primaryImageOfPage":{"@id":"https:\/\/www.cannabis.es\/pw\/2016\/10\/27\/cannabis-para-cuando-una-regulacion-en-espana\/#primaryimage"},"image":{"@id":"https:\/\/www.cannabis.es\/pw\/2016\/10\/27\/cannabis-para-cuando-una-regulacion-en-espana\/#primaryimage"},"thumbnailUrl":"https:\/\/www.cannabis.es\/pw\/wp-content\/uploads\/2020\/05\/portada-7.jpg","datePublished":"2016-10-27T13:32:03+00:00","dateModified":"2020-05-21T13:34:46+00:00","description":"Entrada &#8226; Portal multimedia sobre cannabis y otras sustancias &#8226; 27 octubre, 2016","breadcrumb":{"@id":"https:\/\/www.cannabis.es\/pw\/2016\/10\/27\/cannabis-para-cuando-una-regulacion-en-espana\/#breadcrumb"},"inLanguage":"es","potentialAction":[{"@type":"ReadAction","target":["https:\/\/www.cannabis.es\/pw\/2016\/10\/27\/cannabis-para-cuando-una-regulacion-en-espana\/"]}]},{"@type":"ImageObject","inLanguage":"es","@id":"https:\/\/www.cannabis.es\/pw\/2016\/10\/27\/cannabis-para-cuando-una-regulacion-en-espana\/#primaryimage","url":"https:\/\/www.cannabis.es\/pw\/wp-content\/uploads\/2020\/05\/portada-7.jpg","contentUrl":"https:\/\/www.cannabis.es\/pw\/wp-content\/uploads\/2020\/05\/portada-7.jpg","width":959,"height":475},{"@type":"BreadcrumbList","@id":"https:\/\/www.cannabis.es\/pw\/2016\/10\/27\/cannabis-para-cuando-una-regulacion-en-espana\/#breadcrumb","itemListElement":[{"@type":"ListItem","position":1,"name":"Portada","item":"http:\/\/www.cannabis.es\/pw\/"},{"@type":"ListItem","position":2,"name":"Cannabis: \u00bfPara cu\u00e1ndo una regulaci\u00f3n en Espa\u00f1a?"}]},{"@type":"WebSite","@id":"https:\/\/www.cannabis.es\/pw\/#website","url":"https:\/\/www.cannabis.es\/pw\/","name":"Cannabis","description":"Portal multimedia sobre cannabis y otras sustancias","publisher":{"@id":"https:\/\/www.cannabis.es\/pw\/#organization"},"potentialAction":[{"@type":"SearchAction","target":{"@type":"EntryPoint","urlTemplate":"https:\/\/www.cannabis.es\/pw\/?s={search_term_string}"},"query-input":{"@type":"PropertyValueSpecification","valueRequired":true,"valueName":"search_term_string"}}],"inLanguage":"es"},{"@type":"Organization","@id":"https:\/\/www.cannabis.es\/pw\/#organization","name":"Cannabis.es","url":"https:\/\/www.cannabis.es\/pw\/","logo":{"@type":"ImageObject","inLanguage":"es","@id":"https:\/\/www.cannabis.es\/pw\/#\/schema\/logo\/image\/","url":"https:\/\/www.cannabis.es\/pw\/wp-content\/uploads\/2019\/04\/cropped-logo_cannabis.png","contentUrl":"https:\/\/www.cannabis.es\/pw\/wp-content\/uploads\/2019\/04\/cropped-logo_cannabis.png","width":361,"height":120,"caption":"Cannabis.es"},"image":{"@id":"https:\/\/www.cannabis.es\/pw\/#\/schema\/logo\/image\/"},"sameAs":["https:\/\/x.com\/cannabis_es"]},{"@type":"Person","@id":"https:\/\/www.cannabis.es\/pw\/#\/schema\/person\/e2fbd204580cf4fe74c79b82bc447374","name":"Cannabis.es","image":{"@type":"ImageObject","inLanguage":"es","@id":"https:\/\/www.cannabis.es\/pw\/#\/schema\/person\/image\/","url":"https:\/\/secure.gravatar.com\/avatar\/4375b1eb6e272e2e48a4b8a8def52e5f208151f555bb5906da616906ee6dd2e8?s=96&d=mm&r=g","contentUrl":"https:\/\/secure.gravatar.com\/avatar\/4375b1eb6e272e2e48a4b8a8def52e5f208151f555bb5906da616906ee6dd2e8?s=96&d=mm&r=g","caption":"Cannabis.es"},"url":"https:\/\/www.cannabis.es\/pw\/author\/cannabis\/"}]}},"_links":{"self":[{"href":"https:\/\/www.cannabis.es\/pw\/wp-json\/wp\/v2\/posts\/3105","targetHints":{"allow":["GET"]}}],"collection":[{"href":"https:\/\/www.cannabis.es\/pw\/wp-json\/wp\/v2\/posts"}],"about":[{"href":"https:\/\/www.cannabis.es\/pw\/wp-json\/wp\/v2\/types\/post"}],"author":[{"embeddable":true,"href":"https:\/\/www.cannabis.es\/pw\/wp-json\/wp\/v2\/users\/1"}],"replies":[{"embeddable":true,"href":"https:\/\/www.cannabis.es\/pw\/wp-json\/wp\/v2\/comments?post=3105"}],"version-history":[{"count":1,"href":"https:\/\/www.cannabis.es\/pw\/wp-json\/wp\/v2\/posts\/3105\/revisions"}],"predecessor-version":[{"id":3107,"href":"https:\/\/www.cannabis.es\/pw\/wp-json\/wp\/v2\/posts\/3105\/revisions\/3107"}],"wp:featuredmedia":[{"embeddable":true,"href":"https:\/\/www.cannabis.es\/pw\/wp-json\/wp\/v2\/media\/3106"}],"wp:attachment":[{"href":"https:\/\/www.cannabis.es\/pw\/wp-json\/wp\/v2\/media?parent=3105"}],"wp:term":[{"taxonomy":"category","embeddable":true,"href":"https:\/\/www.cannabis.es\/pw\/wp-json\/wp\/v2\/categories?post=3105"},{"taxonomy":"post_tag","embeddable":true,"href":"https:\/\/www.cannabis.es\/pw\/wp-json\/wp\/v2\/tags?post=3105"}],"curies":[{"name":"wp","href":"https:\/\/api.w.org\/{rel}","templated":true}]}}