{"id":3494,"date":"2016-06-17T13:08:03","date_gmt":"2016-06-17T11:08:03","guid":{"rendered":"http:\/\/www.cannabis.es\/pw\/?p=3494"},"modified":"2020-05-22T13:08:51","modified_gmt":"2020-05-22T11:08:51","slug":"the-times-descriminalicen-las-drogas","status":"publish","type":"post","link":"https:\/\/www.cannabis.es\/pw\/2016\/06\/17\/the-times-descriminalicen-las-drogas\/","title":{"rendered":"The Times: descriminalicen las drogas"},"content":{"rendered":"\n<p>El principal peri\u00f3dico brit\u00e1nico hace un llamamiento para la descriminalizaci\u00f3n definitiva de la posesi\u00f3n y consumo de todas las drogas ilegales en el Reino Unido.<\/p>\n\n\n\n<hr class=\"wp-block-separator\"\/>\n\n\n\n<p>Bajo el t\u00edtulo de \u201c<strong>Breaking Good<\/strong>\u201d (en un h\u00e1bil juego de palabras relacionado con el t\u00edtulo de la serie \u201c<strong>Breaking Bad<\/strong>\u201d) y publicado en primera plana ayer jueves 16 de Junio, el art\u00edculo editorial se hace eco del llamamiento realizado por la&nbsp;<strong>Royal Society for Public Health<\/strong>&nbsp;(RSPH) en el que aconseja al gobierno brit\u00e1nico la descriminalizaci\u00f3n de la posesi\u00f3n y consumo de todas las drogas ilegales.<br>Se trata de una postura pocas veces vista por parte de un peri\u00f3dico de tal calibre y de tanto impacto en la vida pol\u00edtica y p\u00fablica de un pa\u00eds, y un posicionamiento poco usual, trat\u00e1ndose de un tema tan controvertido.<\/p>\n\n\n\n<p>En 1997,&nbsp;<strong>The Independent<\/strong>&nbsp;ya hizo lo propio&nbsp;<a href=\"http:\/\/www.independent.co.uk\/life-style\/why-we-believe-it-is-time-to-decriminalise-cannabis-1241574.html\" target=\"_blank\" rel=\"noreferrer noopener\">posicion\u00e1ndose a favor de la descriminalizaci\u00f3n de la marihuana<\/a>,&nbsp;<a href=\"http:\/\/www.independent.co.uk\/life-style\/health-and-families\/health-news\/were-we-out-of-our-minds-no-but-then-came-skunk-5332410.html\" target=\"_blank\" rel=\"noreferrer noopener\">cambiando radicalmente de opini\u00f3n<\/a>&nbsp;una d\u00e9cada despu\u00e9s, con la salida de su editora&nbsp;<strong>Rosie Boycott<\/strong>, y afirmando que las nuevas variedades de cannabis podr\u00edan resultar da\u00f1inas para la salud. \u201c<em><strong>Los tiempos, y el cannabis, eran distintos entonces<\/strong><\/em>\u201d afirmaron entonces\u2026<br>Otros tabloides, como&nbsp;<strong>The Observer<\/strong>&nbsp;o&nbsp;<strong>The Guardian<\/strong>, tambi\u00e9n han emitido su opini\u00f3n sobre el tema de las drogas en Reino Unido, pero ninguno se hab\u00eda posicionado tan firmemente en su postura reguladora como&nbsp;<strong>The Times<\/strong>&nbsp;hasta el d\u00eda de ayer.<\/p>\n\n\n\n<p>El propio&nbsp;<strong>The Times<\/strong>&nbsp;admite que se trata de \u201c<em><strong>un consejo radical<\/strong><\/em>\u201d, pero lo ve fundamentado y no ha dudado ni un instante en posicionarse e instar a los ministros para que consideren la propuesta.<\/p>\n\n\n\n<p>El llamamiento de la&nbsp;<strong>RSPH<\/strong>, que realiz\u00f3 junto a la&nbsp;<strong>Faculty of Public Health<\/strong>, hace hincapi\u00e9 en el enfoque que se debe dar al \u201cproblema\u201d de las drogas, y requiere al gobierno brit\u00e1nico que deje de enfocar como un problema criminal las adicciones o consumos problem\u00e1ticos de cualquier tipo de droga \u2013desde la hero\u00edna y la coca\u00edna hasta el cannabis o los denominados \u201clegal highs\u201d \u2013 y que reoriente sus esfuerzos para tratarlo como un problema de Salud P\u00fablica.<\/p>\n\n\n\n<p>La editorial de&nbsp;<strong>The Times<\/strong>&nbsp;advierte que este cambio situar\u00eda al Reino Unido junto a un peque\u00f1o grupo de pa\u00edses que ya han realizado un cambio similar en sus pol\u00edticas de drogas y apoya ese cambio de direcci\u00f3n.<\/p>\n\n\n\n<p>\u201c<em><strong>Es algo que no debe tomarse a la ligera<\/strong><\/em>\u201d afirma, \u201c<em><strong>aunque la l\u00f3gica subyacente y las pruebas contrastadas en otros lugares son persuasivas<\/strong><\/em>\u201d. Y a\u00f1ade: \u201c<em><strong>Hay que animar al gobierno a pensar en la descriminalizaci\u00f3n no como un fin en s\u00ed mismo, sino como un primer paso hacia la legalizaci\u00f3n y la regulaci\u00f3n de las drogas, tal y como ya regula el alcohol y el tabaco<\/strong><\/em>\u201d.<\/p>\n\n\n\n<p>Y para reafirmarse en tal posici\u00f3n, pone como ejemplo a&nbsp;<strong>Portugal<\/strong>&nbsp;donde las descriminalizaci\u00f3n de las drogas est\u00e1 instaurada desde hace 15 a\u00f1os. La posesi\u00f3n no est\u00e1 criminalizada, y las tasas de muertes relacionadas con las drogas se sit\u00faa en 3 ciudadanos por mill\u00f3n, mientras que en los Pa\u00edses Bajos se encuentra en 10 por mill\u00f3n, y 44,6 por mill\u00f3n en Reino Unido.<\/p>\n\n\n\n<p><strong>The Times<\/strong>&nbsp;afirma: \u201c<em><strong>El consumo recreativo no ha aumentado como tem\u00edan los cr\u00edticos de la descriminalizaci\u00f3n. Las infecciones por VIH han descendido, y el consumo de los denominados \u201clegal highs\u201d es, seg\u00fan un estudio realizado el a\u00f1o pasado, el m\u00e1s bajo de todos los pa\u00edses de la Uni\u00f3n Europea<\/strong><\/em>\u201d.<\/p>\n\n\n\n<p>\u201c<em><strong>No deber\u00eda ser una urgencia pol\u00edtica discutir sobre una legalizaci\u00f3n total pero s\u00ed que deber\u00eda ser el \u00faltimo objetivo. A largo plazo no ser\u00eda sostenible descriminalizar la posesi\u00f3n de una sustancia mientras se mantienen los beneficios econ\u00f3micos de las organizaciones criminales que las distribuyen<\/strong><\/em>\u201d.<\/p>\n\n\n\n<p>Y el peri\u00f3dico concluye, del mismo modo que&nbsp;<strong>Observer<\/strong>&nbsp;lo hizo en su momento, que la&nbsp;<strong>Guerra contra las Drogas<\/strong>&nbsp;internacional se ha probado \u201c<strong><em>imposible de ganar<\/em><\/strong>\u201d. En su lugar, urgen al gobierno a \u201c<em><strong>dirigirse gradualmente hacia una red de distribuci\u00f3n similar a la permitida para el cannabis en Uruguay o en algunos estados de los Estados Unidos de Am\u00e9rica<\/strong><\/em>\u201d.<\/p>\n\n\n\n<p>Fuente:&nbsp;<a href=\"http:\/\/www.thetimes.co.uk\/edition\/comment\/breaking-good-svkvggj2k\" target=\"_blank\" rel=\"noreferrer noopener\">The Times<\/a>&nbsp;<\/p>\n","protected":false},"excerpt":{"rendered":"<span class=\"span-reading-time rt-reading-time\" style=\"display: block;\"><span class=\"rt-label rt-prefix\">Tiempo de lectura:<\/span> <span class=\"rt-time\"> 3<\/span> <span class=\"rt-label rt-postfix\">minutos<\/span><\/span>El principal peri\u00f3dico brit\u00e1nico hace un llamamiento para la descriminalizaci\u00f3n definitiva de la posesi\u00f3n y consumo de todas las drogas ilegales en el Reino Unido. Bajo el t\u00edtulo de \u201cBreaking Good\u201d (en un h\u00e1bil juego de palabras relacionado con el t\u00edtulo de la serie \u201cBreaking Bad\u201d) y publicado en primera plana ayer jueves 16 de [&hellip;]","protected":false},"author":1,"featured_media":3495,"comment_status":"closed","ping_status":"closed","sticky":false,"template":"","format":"standard","meta":{"loftocean-featured-post":"","loftocean_post_format_gallery":"","loftocean_post_format_gallery_ids":"","loftocean_post_format_gallery_urls":"","loftocean_post_format_video_id":"","loftocean_post_format_video_url":"","loftocean_post_format_video_type":"","loftocean_post_format_video":"","loftocean_post_format_audio_type":"","loftocean_post_format_audio_url":"","loftocean_post_format_audio_id":"","loftocean_post_format_audio":"","loftocean_post_format_quote_text":"","loftocean_post_format_quote_byline":"","loftocean_post_format_link_text":"","loftocean_post_format_link_url":"","ceramag_post_header_style":"","ceramag_enable_background_video":"","ceramag_show_in_top_slider":"","ceramag_post_background_video_start":"","ceramag_post_background_video_end":"","loftocean_page_background_video_id":"","loftocean_page_background_video_url":"","loftocean_page_background_video_type":"","loftocean_page_background_video":"","ceramag_background_video_start":"","ceramag_background_video_end":"","ceramag_single_page_hide_header":"","footnotes":""},"categories":[35],"tags":[44,819],"class_list":["post-3494","post","type-post","status-publish","format-standard","has-post-thumbnail","hentry","category-politica-y-sociedad","tag-drogas","tag-internacional"],"yoast_head":"<!-- This site is optimized with the Yoast SEO plugin v24.9 - https:\/\/yoast.com\/wordpress\/plugins\/seo\/ -->\n<title>The Times: descriminalicen las drogas<\/title>\n<meta name=\"description\" content=\"Entrada &#8226; Portal multimedia sobre cannabis y otras sustancias &#8226; 17 junio, 2016\" \/>\n<meta name=\"robots\" content=\"index, follow, max-snippet:-1, max-image-preview:large, max-video-preview:-1\" \/>\n<link rel=\"canonical\" href=\"https:\/\/www.cannabis.es\/pw\/2016\/06\/17\/the-times-descriminalicen-las-drogas\/\" \/>\n<meta name=\"twitter:card\" content=\"summary_large_image\" \/>\n<meta name=\"twitter:title\" content=\"The Times: descriminalicen las drogas\" \/>\n<meta name=\"twitter:description\" content=\"Entrada &#8226; Portal multimedia sobre cannabis y otras sustancias &#8226; 17 junio, 2016\" \/>\n<meta name=\"twitter:image\" content=\"https:\/\/www.cannabis.es\/pw\/wp-content\/uploads\/2020\/05\/TheTimes_descriminalizacion.jpg\" \/>\n<meta name=\"twitter:creator\" content=\"@cannabis_es\" \/>\n<meta name=\"twitter:site\" content=\"@cannabis_es\" \/>\n<meta name=\"twitter:label1\" content=\"Escrito por\" \/>\n\t<meta name=\"twitter:data1\" content=\"Cannabis.es\" \/>\n\t<meta name=\"twitter:label2\" content=\"Tiempo de lectura\" \/>\n\t<meta name=\"twitter:data2\" content=\"4 minutos\" \/>\n<script type=\"application\/ld+json\" class=\"yoast-schema-graph\">{\"@context\":\"https:\/\/schema.org\",\"@graph\":[{\"@type\":\"Article\",\"@id\":\"https:\/\/www.cannabis.es\/pw\/2016\/06\/17\/the-times-descriminalicen-las-drogas\/#article\",\"isPartOf\":{\"@id\":\"https:\/\/www.cannabis.es\/pw\/2016\/06\/17\/the-times-descriminalicen-las-drogas\/\"},\"author\":{\"name\":\"Cannabis.es\",\"@id\":\"https:\/\/www.cannabis.es\/pw\/#\/schema\/person\/e2fbd204580cf4fe74c79b82bc447374\"},\"headline\":\"The Times: descriminalicen las drogas\",\"datePublished\":\"2016-06-17T11:08:03+00:00\",\"dateModified\":\"2020-05-22T11:08:51+00:00\",\"mainEntityOfPage\":{\"@id\":\"https:\/\/www.cannabis.es\/pw\/2016\/06\/17\/the-times-descriminalicen-las-drogas\/\"},\"wordCount\":761,\"publisher\":{\"@id\":\"https:\/\/www.cannabis.es\/pw\/#organization\"},\"image\":{\"@id\":\"https:\/\/www.cannabis.es\/pw\/2016\/06\/17\/the-times-descriminalicen-las-drogas\/#primaryimage\"},\"thumbnailUrl\":\"https:\/\/www.cannabis.es\/pw\/wp-content\/uploads\/2020\/05\/TheTimes_descriminalizacion.jpg\",\"keywords\":[\"drogas\",\"internacional\"],\"articleSection\":[\"Pol\u00edtica y Sociedad\"],\"inLanguage\":\"es\"},{\"@type\":\"WebPage\",\"@id\":\"https:\/\/www.cannabis.es\/pw\/2016\/06\/17\/the-times-descriminalicen-las-drogas\/\",\"url\":\"https:\/\/www.cannabis.es\/pw\/2016\/06\/17\/the-times-descriminalicen-las-drogas\/\",\"name\":\"The Times: descriminalicen las drogas\",\"isPartOf\":{\"@id\":\"https:\/\/www.cannabis.es\/pw\/#website\"},\"primaryImageOfPage\":{\"@id\":\"https:\/\/www.cannabis.es\/pw\/2016\/06\/17\/the-times-descriminalicen-las-drogas\/#primaryimage\"},\"image\":{\"@id\":\"https:\/\/www.cannabis.es\/pw\/2016\/06\/17\/the-times-descriminalicen-las-drogas\/#primaryimage\"},\"thumbnailUrl\":\"https:\/\/www.cannabis.es\/pw\/wp-content\/uploads\/2020\/05\/TheTimes_descriminalizacion.jpg\",\"datePublished\":\"2016-06-17T11:08:03+00:00\",\"dateModified\":\"2020-05-22T11:08:51+00:00\",\"description\":\"Entrada &#8226; Portal multimedia sobre cannabis y otras sustancias &#8226; 17 junio, 2016\",\"breadcrumb\":{\"@id\":\"https:\/\/www.cannabis.es\/pw\/2016\/06\/17\/the-times-descriminalicen-las-drogas\/#breadcrumb\"},\"inLanguage\":\"es\",\"potentialAction\":[{\"@type\":\"ReadAction\",\"target\":[\"https:\/\/www.cannabis.es\/pw\/2016\/06\/17\/the-times-descriminalicen-las-drogas\/\"]}]},{\"@type\":\"ImageObject\",\"inLanguage\":\"es\",\"@id\":\"https:\/\/www.cannabis.es\/pw\/2016\/06\/17\/the-times-descriminalicen-las-drogas\/#primaryimage\",\"url\":\"https:\/\/www.cannabis.es\/pw\/wp-content\/uploads\/2020\/05\/TheTimes_descriminalizacion.jpg\",\"contentUrl\":\"https:\/\/www.cannabis.es\/pw\/wp-content\/uploads\/2020\/05\/TheTimes_descriminalizacion.jpg\",\"width\":959,\"height\":475},{\"@type\":\"BreadcrumbList\",\"@id\":\"https:\/\/www.cannabis.es\/pw\/2016\/06\/17\/the-times-descriminalicen-las-drogas\/#breadcrumb\",\"itemListElement\":[{\"@type\":\"ListItem\",\"position\":1,\"name\":\"Portada\",\"item\":\"http:\/\/www.cannabis.es\/pw\/\"},{\"@type\":\"ListItem\",\"position\":2,\"name\":\"The Times: descriminalicen las drogas\"}]},{\"@type\":\"WebSite\",\"@id\":\"https:\/\/www.cannabis.es\/pw\/#website\",\"url\":\"https:\/\/www.cannabis.es\/pw\/\",\"name\":\"Cannabis\",\"description\":\"Portal multimedia sobre cannabis y otras sustancias\",\"publisher\":{\"@id\":\"https:\/\/www.cannabis.es\/pw\/#organization\"},\"potentialAction\":[{\"@type\":\"SearchAction\",\"target\":{\"@type\":\"EntryPoint\",\"urlTemplate\":\"https:\/\/www.cannabis.es\/pw\/?s={search_term_string}\"},\"query-input\":{\"@type\":\"PropertyValueSpecification\",\"valueRequired\":true,\"valueName\":\"search_term_string\"}}],\"inLanguage\":\"es\"},{\"@type\":\"Organization\",\"@id\":\"https:\/\/www.cannabis.es\/pw\/#organization\",\"name\":\"Cannabis.es\",\"url\":\"https:\/\/www.cannabis.es\/pw\/\",\"logo\":{\"@type\":\"ImageObject\",\"inLanguage\":\"es\",\"@id\":\"https:\/\/www.cannabis.es\/pw\/#\/schema\/logo\/image\/\",\"url\":\"https:\/\/www.cannabis.es\/pw\/wp-content\/uploads\/2019\/04\/cropped-logo_cannabis.png\",\"contentUrl\":\"https:\/\/www.cannabis.es\/pw\/wp-content\/uploads\/2019\/04\/cropped-logo_cannabis.png\",\"width\":361,\"height\":120,\"caption\":\"Cannabis.es\"},\"image\":{\"@id\":\"https:\/\/www.cannabis.es\/pw\/#\/schema\/logo\/image\/\"},\"sameAs\":[\"https:\/\/x.com\/cannabis_es\"]},{\"@type\":\"Person\",\"@id\":\"https:\/\/www.cannabis.es\/pw\/#\/schema\/person\/e2fbd204580cf4fe74c79b82bc447374\",\"name\":\"Cannabis.es\",\"image\":{\"@type\":\"ImageObject\",\"inLanguage\":\"es\",\"@id\":\"https:\/\/www.cannabis.es\/pw\/#\/schema\/person\/image\/\",\"url\":\"https:\/\/secure.gravatar.com\/avatar\/4375b1eb6e272e2e48a4b8a8def52e5f208151f555bb5906da616906ee6dd2e8?s=96&d=mm&r=g\",\"contentUrl\":\"https:\/\/secure.gravatar.com\/avatar\/4375b1eb6e272e2e48a4b8a8def52e5f208151f555bb5906da616906ee6dd2e8?s=96&d=mm&r=g\",\"caption\":\"Cannabis.es\"},\"url\":\"https:\/\/www.cannabis.es\/pw\/author\/cannabis\/\"}]}<\/script>\n<!-- \/ Yoast SEO plugin. -->","yoast_head_json":{"title":"The Times: descriminalicen las drogas","description":"Entrada &#8226; Portal multimedia sobre cannabis y otras sustancias &#8226; 17 junio, 2016","robots":{"index":"index","follow":"follow","max-snippet":"max-snippet:-1","max-image-preview":"max-image-preview:large","max-video-preview":"max-video-preview:-1"},"canonical":"https:\/\/www.cannabis.es\/pw\/2016\/06\/17\/the-times-descriminalicen-las-drogas\/","twitter_card":"summary_large_image","twitter_title":"The Times: descriminalicen las drogas","twitter_description":"Entrada &#8226; Portal multimedia sobre cannabis y otras sustancias &#8226; 17 junio, 2016","twitter_image":"https:\/\/www.cannabis.es\/pw\/wp-content\/uploads\/2020\/05\/TheTimes_descriminalizacion.jpg","twitter_creator":"@cannabis_es","twitter_site":"@cannabis_es","twitter_misc":{"Escrito por":"Cannabis.es","Tiempo de lectura":"4 minutos"},"schema":{"@context":"https:\/\/schema.org","@graph":[{"@type":"Article","@id":"https:\/\/www.cannabis.es\/pw\/2016\/06\/17\/the-times-descriminalicen-las-drogas\/#article","isPartOf":{"@id":"https:\/\/www.cannabis.es\/pw\/2016\/06\/17\/the-times-descriminalicen-las-drogas\/"},"author":{"name":"Cannabis.es","@id":"https:\/\/www.cannabis.es\/pw\/#\/schema\/person\/e2fbd204580cf4fe74c79b82bc447374"},"headline":"The Times: descriminalicen las drogas","datePublished":"2016-06-17T11:08:03+00:00","dateModified":"2020-05-22T11:08:51+00:00","mainEntityOfPage":{"@id":"https:\/\/www.cannabis.es\/pw\/2016\/06\/17\/the-times-descriminalicen-las-drogas\/"},"wordCount":761,"publisher":{"@id":"https:\/\/www.cannabis.es\/pw\/#organization"},"image":{"@id":"https:\/\/www.cannabis.es\/pw\/2016\/06\/17\/the-times-descriminalicen-las-drogas\/#primaryimage"},"thumbnailUrl":"https:\/\/www.cannabis.es\/pw\/wp-content\/uploads\/2020\/05\/TheTimes_descriminalizacion.jpg","keywords":["drogas","internacional"],"articleSection":["Pol\u00edtica y Sociedad"],"inLanguage":"es"},{"@type":"WebPage","@id":"https:\/\/www.cannabis.es\/pw\/2016\/06\/17\/the-times-descriminalicen-las-drogas\/","url":"https:\/\/www.cannabis.es\/pw\/2016\/06\/17\/the-times-descriminalicen-las-drogas\/","name":"The Times: descriminalicen las drogas","isPartOf":{"@id":"https:\/\/www.cannabis.es\/pw\/#website"},"primaryImageOfPage":{"@id":"https:\/\/www.cannabis.es\/pw\/2016\/06\/17\/the-times-descriminalicen-las-drogas\/#primaryimage"},"image":{"@id":"https:\/\/www.cannabis.es\/pw\/2016\/06\/17\/the-times-descriminalicen-las-drogas\/#primaryimage"},"thumbnailUrl":"https:\/\/www.cannabis.es\/pw\/wp-content\/uploads\/2020\/05\/TheTimes_descriminalizacion.jpg","datePublished":"2016-06-17T11:08:03+00:00","dateModified":"2020-05-22T11:08:51+00:00","description":"Entrada &#8226; Portal multimedia sobre cannabis y otras sustancias &#8226; 17 junio, 2016","breadcrumb":{"@id":"https:\/\/www.cannabis.es\/pw\/2016\/06\/17\/the-times-descriminalicen-las-drogas\/#breadcrumb"},"inLanguage":"es","potentialAction":[{"@type":"ReadAction","target":["https:\/\/www.cannabis.es\/pw\/2016\/06\/17\/the-times-descriminalicen-las-drogas\/"]}]},{"@type":"ImageObject","inLanguage":"es","@id":"https:\/\/www.cannabis.es\/pw\/2016\/06\/17\/the-times-descriminalicen-las-drogas\/#primaryimage","url":"https:\/\/www.cannabis.es\/pw\/wp-content\/uploads\/2020\/05\/TheTimes_descriminalizacion.jpg","contentUrl":"https:\/\/www.cannabis.es\/pw\/wp-content\/uploads\/2020\/05\/TheTimes_descriminalizacion.jpg","width":959,"height":475},{"@type":"BreadcrumbList","@id":"https:\/\/www.cannabis.es\/pw\/2016\/06\/17\/the-times-descriminalicen-las-drogas\/#breadcrumb","itemListElement":[{"@type":"ListItem","position":1,"name":"Portada","item":"http:\/\/www.cannabis.es\/pw\/"},{"@type":"ListItem","position":2,"name":"The Times: descriminalicen las drogas"}]},{"@type":"WebSite","@id":"https:\/\/www.cannabis.es\/pw\/#website","url":"https:\/\/www.cannabis.es\/pw\/","name":"Cannabis","description":"Portal multimedia sobre cannabis y otras sustancias","publisher":{"@id":"https:\/\/www.cannabis.es\/pw\/#organization"},"potentialAction":[{"@type":"SearchAction","target":{"@type":"EntryPoint","urlTemplate":"https:\/\/www.cannabis.es\/pw\/?s={search_term_string}"},"query-input":{"@type":"PropertyValueSpecification","valueRequired":true,"valueName":"search_term_string"}}],"inLanguage":"es"},{"@type":"Organization","@id":"https:\/\/www.cannabis.es\/pw\/#organization","name":"Cannabis.es","url":"https:\/\/www.cannabis.es\/pw\/","logo":{"@type":"ImageObject","inLanguage":"es","@id":"https:\/\/www.cannabis.es\/pw\/#\/schema\/logo\/image\/","url":"https:\/\/www.cannabis.es\/pw\/wp-content\/uploads\/2019\/04\/cropped-logo_cannabis.png","contentUrl":"https:\/\/www.cannabis.es\/pw\/wp-content\/uploads\/2019\/04\/cropped-logo_cannabis.png","width":361,"height":120,"caption":"Cannabis.es"},"image":{"@id":"https:\/\/www.cannabis.es\/pw\/#\/schema\/logo\/image\/"},"sameAs":["https:\/\/x.com\/cannabis_es"]},{"@type":"Person","@id":"https:\/\/www.cannabis.es\/pw\/#\/schema\/person\/e2fbd204580cf4fe74c79b82bc447374","name":"Cannabis.es","image":{"@type":"ImageObject","inLanguage":"es","@id":"https:\/\/www.cannabis.es\/pw\/#\/schema\/person\/image\/","url":"https:\/\/secure.gravatar.com\/avatar\/4375b1eb6e272e2e48a4b8a8def52e5f208151f555bb5906da616906ee6dd2e8?s=96&d=mm&r=g","contentUrl":"https:\/\/secure.gravatar.com\/avatar\/4375b1eb6e272e2e48a4b8a8def52e5f208151f555bb5906da616906ee6dd2e8?s=96&d=mm&r=g","caption":"Cannabis.es"},"url":"https:\/\/www.cannabis.es\/pw\/author\/cannabis\/"}]}},"_links":{"self":[{"href":"https:\/\/www.cannabis.es\/pw\/wp-json\/wp\/v2\/posts\/3494","targetHints":{"allow":["GET"]}}],"collection":[{"href":"https:\/\/www.cannabis.es\/pw\/wp-json\/wp\/v2\/posts"}],"about":[{"href":"https:\/\/www.cannabis.es\/pw\/wp-json\/wp\/v2\/types\/post"}],"author":[{"embeddable":true,"href":"https:\/\/www.cannabis.es\/pw\/wp-json\/wp\/v2\/users\/1"}],"replies":[{"embeddable":true,"href":"https:\/\/www.cannabis.es\/pw\/wp-json\/wp\/v2\/comments?post=3494"}],"version-history":[{"count":1,"href":"https:\/\/www.cannabis.es\/pw\/wp-json\/wp\/v2\/posts\/3494\/revisions"}],"predecessor-version":[{"id":3496,"href":"https:\/\/www.cannabis.es\/pw\/wp-json\/wp\/v2\/posts\/3494\/revisions\/3496"}],"wp:featuredmedia":[{"embeddable":true,"href":"https:\/\/www.cannabis.es\/pw\/wp-json\/wp\/v2\/media\/3495"}],"wp:attachment":[{"href":"https:\/\/www.cannabis.es\/pw\/wp-json\/wp\/v2\/media?parent=3494"}],"wp:term":[{"taxonomy":"category","embeddable":true,"href":"https:\/\/www.cannabis.es\/pw\/wp-json\/wp\/v2\/categories?post=3494"},{"taxonomy":"post_tag","embeddable":true,"href":"https:\/\/www.cannabis.es\/pw\/wp-json\/wp\/v2\/tags?post=3494"}],"curies":[{"name":"wp","href":"https:\/\/api.w.org\/{rel}","templated":true}]}}