{"id":3612,"date":"2016-05-10T15:50:21","date_gmt":"2016-05-10T13:50:21","guid":{"rendered":"http:\/\/www.cannabis.es\/pw\/?p=3612"},"modified":"2020-06-05T17:46:49","modified_gmt":"2020-06-05T15:46:49","slug":"la-mascara-mexicana","status":"publish","type":"post","link":"https:\/\/www.cannabis.es\/pw\/2016\/05\/10\/la-mascara-mexicana\/","title":{"rendered":"La m\u00e1scara mexicana"},"content":{"rendered":"\n<p>Por Guillermo Veira<\/p>\n\n\n\n<p>Diferencias entre la teor\u00eda y la pr\u00e1ctica en el discurso del gobierno mexicano<\/p>\n\n\n\n<hr class=\"wp-block-separator\"\/>\n\n\n\n<p>Con la decepcionante&nbsp;<strong>Asamblea Especial de Naciones Unidas<\/strong>&nbsp;en materia de drogas realizada hace unas semanas, las conclusiones arrojan la dificultad que existe para un cambio en la pol\u00edtica de drogas a nivel mundial. Si bien no hubo ning\u00fan avance en esa materia (m\u00e1s bien retrocesos) algunos pa\u00edses quisieron aprovechar el p\u00falpito de Naciones Unidas para lanzar elocuentes discursos y erigirse (como anteriormente lo hab\u00eda hecho Uruguay) como l\u00edderes del cambio de pol\u00edtica de drogas ante la opini\u00f3n p\u00fablica internacional. El gobierno mexicano, experto en el arte de la simulaci\u00f3n, fue uno de lo que anunciaron su intenci\u00f3n de iniciar cambios a nivel nacional sobre pol\u00edtica de drogas. Su actual presidente:&nbsp;<strong>Enrique Pe\u00f1a Nieto<\/strong>, anunci\u00f3 las pr\u00f3ximas reformas que su gobierno realizar\u00eda sobre este tema destacando los beneficios terap\u00e9uticos de esta medida. Un discurso reformista que destacaba por su enfoque garantista de los derechos humanos de la ciudadan\u00eda en general. Un discurso que hubiera sido recibido de forma optimista si su emisor hubiera sido cualquier otro gobierno. En el contexto actual escuchar al gobierno mexicano sobre derechos humanos s\u00f3lo puede plantearse como una broma de mal gusto.<\/p>\n\n\n\n<p><strong>Nueva pol\u00edtica de drogas<\/strong><\/p>\n\n\n\n<p>Algo que no quita que a ra\u00edz de este anuncio se hayan tomado medidas muy concretas en las \u00faltimas semanas en el pais azteca. El 21 de abril, d\u00edas despu\u00e9s del discurso en Naciones Unidas,&nbsp;<strong>Pe\u00f1a Nieto<\/strong>&nbsp;present\u00f3 un paquete de iniciativas de reforma en materia penal y regulaci\u00f3n sanitaria. Concretamente el gobierno busca legalizar el uso terap\u00e9utico de la marihuana as\u00ed como aumentar la tolerancia a la cantidad destinada a uso personal a 28 gramos, este \u00faltimo de forma retroactiva, lo que permitir\u00eda a muchas personas que actualmente est\u00e1n presas que pudieran salir de la c\u00e1rcel. Si bien todav\u00eda no est\u00e1 aprobado esta iniciativa se suma a&nbsp;<a href=\"https:\/\/www.cannabis.es\/web\/features\/actuaidad\/222-mexico-legaliza-el-cannabis\" target=\"_blank\" rel=\"noreferrer noopener\">la sentencia que dict\u00f3 la Suprema Corte de Justicia de la Naci\u00f3n en noviembre de 2015<\/a>&nbsp;autorizando el cultivo, transporte y consumo de cannabis a clubes de consumidores sin \u00e1nimo de lucro. Un cambio sustancial e innegable en el marco regulatorio mexicano que no s\u00f3lo significa una apuesta clara por el cambio de pol\u00edtica de drogas en el pais, sino tambi\u00e9n un modelo a seguir en la regi\u00f3n, principalmente en los pa\u00edses centroamericanos. Una regulaci\u00f3n que en cualquier pais con un estado de derecho efectivo y con el peso econ\u00f3mico y la poblaci\u00f3n de M\u00e9xico significar\u00edan un paso fundamental hacia el cambio de paradigma mundial pero que al partir de un ejecutivo con los antecedentes del mexicano s\u00f3lo nos invita a subir la guardia y esperar el contragolpe de un gobierno muy conocido por levantar cortinas de humo ante la opini\u00f3n p\u00fablica internacional antes de golpear con dureza y sin reparo derechos fundamentales de sus ciudadanos.<\/p>\n\n\n\n<p><strong>El estado de (no) derecho<\/strong><\/p>\n\n\n\n<p>M\u00e9xico es un pa\u00eds complejo con una historia compleja pero con una forma de gobierno simple que suele seguir una m\u00e1xima: \u201c<strong>El que no transa, no avanza<\/strong>\u201d. Algo as\u00ed como el que no gestiona para su propio beneficio no progresa. Quiz\u00e1s sea por eso que en una de las principales econom\u00edas del mundo la brecha entre ricos y pobres sea tambi\u00e9n una de las m\u00e1s grandes del mundo. Es el pa\u00eds de&nbsp;<strong>Carlos Slim<\/strong>: hombre m\u00e1s rico del mundo seg\u00fan la revista Forbes, pero tambi\u00e9n el pa\u00eds donde el 50 por ciento de los ni\u00f1os y adolescentes viven por debajo del \u00edndice de la pobreza, seg\u00fan recoge la organizaci\u00f3n&nbsp;<strong>UNICEF<\/strong>&nbsp;<a href=\"http:\/\/www.unicef.org\/mexico\/spanish\/UN_BriefPobreza_web.pdf\" target=\"_blank\" rel=\"noreferrer noopener\">en un reciente estudio<\/a>. Es un pais ejemplarmente neoliberal, pero todav\u00eda no han sido capaces de privatizar la empresa paraestatal de petr\u00f3leos mexicanos,&nbsp;<strong>PEMEX<\/strong>. Principal e hist\u00f3rico motor econ\u00f3mico del pais que como el resto de instituciones sufre un gran problema de corrupci\u00f3n en su seno. Seg\u00fan&nbsp;<a href=\"http:\/\/www.bbc.com\/mundo\/noticias\/2015\/02\/150128_mexico_pesadilla_robo_combustible_an\" target=\"_blank\" rel=\"noreferrer noopener\">un art\u00edculo de la BBC<\/a>&nbsp;en febrero de 2015 el robo de combustible a la paraestatal aument\u00f3 exponencialmente en los \u00faltimos a\u00f1os. Si en 2012 se detectaron 1.550 sitios de extracci\u00f3n clandestina de la red de suministro, a finales de 2014 esa cantidad ascend\u00eda a 4.000. S\u00f3lo durante ese a\u00f1o fueron robados alrededor de 7,5 millones de barriles de gasolina. \u201c<em><strong>La mayor\u00eda de los delitos son cometidos por el cartel de Los Zetas, que incluso ha vendido gasolina, fueloil y petr\u00f3leo crudo a negocios de Estados, seg\u00fan datos del gobierno<\/strong><\/em>\u201d, puntualiza la nota del prestigioso medio brit\u00e1nico. Bajo este contexto quiz\u00e1s no sea la mejor opci\u00f3n poner bajo control del Estado el cultivo, la producci\u00f3n y la distribuci\u00f3n del cannabis&#8230; \u00bfO quiz\u00e1s si?<\/p>\n\n\n\n<p><strong>Mal humor social<\/strong><\/p>\n\n\n\n<p>\u201c<em><strong>A veces (se) puede decir y leyendo algunas notas, columnas y comentarios que recojo de aqu\u00ed y de all\u00e1, en donde se dice: es que no hay buen humor, el \u00e1nimo est\u00e1 ca\u00eddo, hay un mal ambiente, un mal humor social<\/strong><\/em>\u201d. Despu\u00e9s de su sorprendente discurso, a su vuelta a M\u00e9xico,&nbsp;<strong>Enrique Pe\u00f1a Nieto<\/strong>, presidente de la naci\u00f3n crey\u00f3 importante denunciar el pesimismo de muchos de sus conciudadanos, y a\u00f1ad\u00eda:\u201c<em><strong>Hay muchas razones y muchos argumentos para decir que M\u00e9xico est\u00e1 avanzando<\/strong><\/em>\u201d. Quiz\u00e1s el presidente quiso contestar de manera indirecta&nbsp;<a href=\"http:\/\/cultura.elpais.com\/cultura\/2016\/04\/23\/actualidad\/1461411028_121080.html\" target=\"_blank\" rel=\"noreferrer noopener\">el discurso<\/a>&nbsp;que su compatriota, el escritor&nbsp;<strong>Fernando del Paso<\/strong>, dio al recoger el premio Cervantes de la mano del rey&nbsp;<strong>Felipe VI<\/strong>&nbsp;el pasado d\u00eda 23 de abril y del que extraemos un fragmento: \u201c<em><strong>Las cosas no han cambiado en M\u00e9xico sino para empeorar, contin\u00faan los atracos, las extorsiones, los secuestros, las desapariciones, los feminicidios, la discriminaci\u00f3n, lo abusos de poder, la corrupci\u00f3n, la impunidad y el cinismo. Criticar a mi pa\u00eds en un pa\u00eds extranjero me da verg\u00fcenza. Pues bien, me trago esa verg\u00fcenza y aprovecho este foro internacional para denunciar a los cuatro vientos la aprobaci\u00f3n en el Estado de M\u00e9xico de la bautizada como Ley Atenco, una ley opresora que habilita a la polic\u00eda a apresar e incluso a disparar en manifestaciones y reuniones p\u00fablicas a quienes atenten, seg\u00fan su criterio, contra la seguridad, el orden p\u00fablico, la integridad, la vida y los bienes, tanto p\u00fablicos como de las personas. Subrayo: es a criterio de la autoridad, no necesariamente presente, que se permite tal medida extrema. Esto pareciera tan solo el principio de un estado totalitario que no podemos permitir. No denunciarlo, eso s\u00ed que me dar\u00eda a\u00fan m\u00e1s verg\u00fcenza<\/strong><\/em>\u201d. Del Paso pone sobre la mesa, de forma valiente, algo que muchos en su posici\u00f3n evitan mencionar. Y es la deriva del gobierno mexicano de una democracia con abundantes contradicciones hacia un r\u00e9gimen totalitario sin complejos. Una afirmaci\u00f3n terrible que en el pr\u00f3ximo art\u00edculo tendr\u00e1 su fundamentaci\u00f3n.<\/p>\n","protected":false},"excerpt":{"rendered":"<span class=\"span-reading-time rt-reading-time\" style=\"display: block;\"><span class=\"rt-label rt-prefix\">Tiempo de lectura:<\/span> <span class=\"rt-time\"> 4<\/span> <span class=\"rt-label rt-postfix\">minutos<\/span><\/span>Por Guillermo Veira Diferencias entre la teor\u00eda y la pr\u00e1ctica en el discurso del gobierno mexicano Con la decepcionante&nbsp;Asamblea Especial de Naciones Unidas&nbsp;en materia de drogas realizada hace unas semanas, las conclusiones arrojan la dificultad que existe para un cambio en la pol\u00edtica de drogas a nivel mundial. Si bien no hubo ning\u00fan avance en [&hellip;]","protected":false},"author":1,"featured_media":3613,"comment_status":"closed","ping_status":"closed","sticky":false,"template":"","format":"standard","meta":{"loftocean-featured-post":"","loftocean_post_format_gallery":"","loftocean_post_format_gallery_ids":"","loftocean_post_format_gallery_urls":"","loftocean_post_format_video_id":"","loftocean_post_format_video_url":"","loftocean_post_format_video_type":"","loftocean_post_format_video":"","loftocean_post_format_audio_type":"","loftocean_post_format_audio_url":"","loftocean_post_format_audio_id":"","loftocean_post_format_audio":"","loftocean_post_format_quote_text":"","loftocean_post_format_quote_byline":"","loftocean_post_format_link_text":"","loftocean_post_format_link_url":"","ceramag_post_header_style":"","ceramag_enable_background_video":"","ceramag_show_in_top_slider":"","ceramag_post_background_video_start":"","ceramag_post_background_video_end":"","loftocean_page_background_video_id":"","loftocean_page_background_video_url":"","loftocean_page_background_video_type":"","loftocean_page_background_video":"","ceramag_background_video_start":"","ceramag_background_video_end":"","ceramag_single_page_hide_header":"","footnotes":""},"categories":[35],"tags":[44,393],"class_list":["post-3612","post","type-post","status-publish","format-standard","has-post-thumbnail","hentry","category-politica-y-sociedad","tag-drogas","tag-mexico"],"yoast_head":"<!-- This site is optimized with the Yoast SEO plugin v24.9 - https:\/\/yoast.com\/wordpress\/plugins\/seo\/ -->\n<title>La m\u00e1scara mexicana<\/title>\n<meta name=\"description\" content=\"Entrada &#8226; Portal multimedia sobre cannabis y otras sustancias &#8226; 10 mayo, 2016\" \/>\n<meta name=\"robots\" content=\"index, follow, max-snippet:-1, max-image-preview:large, max-video-preview:-1\" \/>\n<link rel=\"canonical\" href=\"https:\/\/www.cannabis.es\/pw\/2016\/05\/10\/la-mascara-mexicana\/\" \/>\n<meta name=\"twitter:card\" content=\"summary_large_image\" \/>\n<meta name=\"twitter:title\" content=\"La m\u00e1scara mexicana\" \/>\n<meta name=\"twitter:description\" content=\"Entrada &#8226; Portal multimedia sobre cannabis y otras sustancias &#8226; 10 mayo, 2016\" \/>\n<meta name=\"twitter:image\" content=\"https:\/\/www.cannabis.es\/pw\/wp-content\/uploads\/2020\/05\/mascara_mex.jpg\" \/>\n<meta name=\"twitter:creator\" content=\"@cannabis_es\" \/>\n<meta name=\"twitter:site\" content=\"@cannabis_es\" \/>\n<meta name=\"twitter:label1\" content=\"Escrito por\" \/>\n\t<meta name=\"twitter:data1\" content=\"Cannabis.es\" \/>\n\t<meta name=\"twitter:label2\" content=\"Tiempo de lectura\" \/>\n\t<meta name=\"twitter:data2\" content=\"6 minutos\" \/>\n<script type=\"application\/ld+json\" class=\"yoast-schema-graph\">{\"@context\":\"https:\/\/schema.org\",\"@graph\":[{\"@type\":\"Article\",\"@id\":\"https:\/\/www.cannabis.es\/pw\/2016\/05\/10\/la-mascara-mexicana\/#article\",\"isPartOf\":{\"@id\":\"https:\/\/www.cannabis.es\/pw\/2016\/05\/10\/la-mascara-mexicana\/\"},\"author\":{\"name\":\"Cannabis.es\",\"@id\":\"https:\/\/www.cannabis.es\/pw\/#\/schema\/person\/e2fbd204580cf4fe74c79b82bc447374\"},\"headline\":\"La m\u00e1scara mexicana\",\"datePublished\":\"2016-05-10T13:50:21+00:00\",\"dateModified\":\"2020-06-05T15:46:49+00:00\",\"mainEntityOfPage\":{\"@id\":\"https:\/\/www.cannabis.es\/pw\/2016\/05\/10\/la-mascara-mexicana\/\"},\"wordCount\":1219,\"publisher\":{\"@id\":\"https:\/\/www.cannabis.es\/pw\/#organization\"},\"image\":{\"@id\":\"https:\/\/www.cannabis.es\/pw\/2016\/05\/10\/la-mascara-mexicana\/#primaryimage\"},\"thumbnailUrl\":\"https:\/\/www.cannabis.es\/pw\/wp-content\/uploads\/2020\/05\/mascara_mex.jpg\",\"keywords\":[\"drogas\",\"m\u00e9xico\"],\"articleSection\":[\"Pol\u00edtica y Sociedad\"],\"inLanguage\":\"es\"},{\"@type\":\"WebPage\",\"@id\":\"https:\/\/www.cannabis.es\/pw\/2016\/05\/10\/la-mascara-mexicana\/\",\"url\":\"https:\/\/www.cannabis.es\/pw\/2016\/05\/10\/la-mascara-mexicana\/\",\"name\":\"La m\u00e1scara mexicana\",\"isPartOf\":{\"@id\":\"https:\/\/www.cannabis.es\/pw\/#website\"},\"primaryImageOfPage\":{\"@id\":\"https:\/\/www.cannabis.es\/pw\/2016\/05\/10\/la-mascara-mexicana\/#primaryimage\"},\"image\":{\"@id\":\"https:\/\/www.cannabis.es\/pw\/2016\/05\/10\/la-mascara-mexicana\/#primaryimage\"},\"thumbnailUrl\":\"https:\/\/www.cannabis.es\/pw\/wp-content\/uploads\/2020\/05\/mascara_mex.jpg\",\"datePublished\":\"2016-05-10T13:50:21+00:00\",\"dateModified\":\"2020-06-05T15:46:49+00:00\",\"description\":\"Entrada &#8226; Portal multimedia sobre cannabis y otras sustancias &#8226; 10 mayo, 2016\",\"breadcrumb\":{\"@id\":\"https:\/\/www.cannabis.es\/pw\/2016\/05\/10\/la-mascara-mexicana\/#breadcrumb\"},\"inLanguage\":\"es\",\"potentialAction\":[{\"@type\":\"ReadAction\",\"target\":[\"https:\/\/www.cannabis.es\/pw\/2016\/05\/10\/la-mascara-mexicana\/\"]}]},{\"@type\":\"ImageObject\",\"inLanguage\":\"es\",\"@id\":\"https:\/\/www.cannabis.es\/pw\/2016\/05\/10\/la-mascara-mexicana\/#primaryimage\",\"url\":\"https:\/\/www.cannabis.es\/pw\/wp-content\/uploads\/2020\/05\/mascara_mex.jpg\",\"contentUrl\":\"https:\/\/www.cannabis.es\/pw\/wp-content\/uploads\/2020\/05\/mascara_mex.jpg\",\"width\":959,\"height\":475},{\"@type\":\"BreadcrumbList\",\"@id\":\"https:\/\/www.cannabis.es\/pw\/2016\/05\/10\/la-mascara-mexicana\/#breadcrumb\",\"itemListElement\":[{\"@type\":\"ListItem\",\"position\":1,\"name\":\"Portada\",\"item\":\"http:\/\/www.cannabis.es\/pw\/\"},{\"@type\":\"ListItem\",\"position\":2,\"name\":\"La m\u00e1scara mexicana\"}]},{\"@type\":\"WebSite\",\"@id\":\"https:\/\/www.cannabis.es\/pw\/#website\",\"url\":\"https:\/\/www.cannabis.es\/pw\/\",\"name\":\"Cannabis\",\"description\":\"Portal multimedia sobre cannabis y otras sustancias\",\"publisher\":{\"@id\":\"https:\/\/www.cannabis.es\/pw\/#organization\"},\"potentialAction\":[{\"@type\":\"SearchAction\",\"target\":{\"@type\":\"EntryPoint\",\"urlTemplate\":\"https:\/\/www.cannabis.es\/pw\/?s={search_term_string}\"},\"query-input\":{\"@type\":\"PropertyValueSpecification\",\"valueRequired\":true,\"valueName\":\"search_term_string\"}}],\"inLanguage\":\"es\"},{\"@type\":\"Organization\",\"@id\":\"https:\/\/www.cannabis.es\/pw\/#organization\",\"name\":\"Cannabis.es\",\"url\":\"https:\/\/www.cannabis.es\/pw\/\",\"logo\":{\"@type\":\"ImageObject\",\"inLanguage\":\"es\",\"@id\":\"https:\/\/www.cannabis.es\/pw\/#\/schema\/logo\/image\/\",\"url\":\"https:\/\/www.cannabis.es\/pw\/wp-content\/uploads\/2019\/04\/cropped-logo_cannabis.png\",\"contentUrl\":\"https:\/\/www.cannabis.es\/pw\/wp-content\/uploads\/2019\/04\/cropped-logo_cannabis.png\",\"width\":361,\"height\":120,\"caption\":\"Cannabis.es\"},\"image\":{\"@id\":\"https:\/\/www.cannabis.es\/pw\/#\/schema\/logo\/image\/\"},\"sameAs\":[\"https:\/\/x.com\/cannabis_es\"]},{\"@type\":\"Person\",\"@id\":\"https:\/\/www.cannabis.es\/pw\/#\/schema\/person\/e2fbd204580cf4fe74c79b82bc447374\",\"name\":\"Cannabis.es\",\"image\":{\"@type\":\"ImageObject\",\"inLanguage\":\"es\",\"@id\":\"https:\/\/www.cannabis.es\/pw\/#\/schema\/person\/image\/\",\"url\":\"https:\/\/secure.gravatar.com\/avatar\/4375b1eb6e272e2e48a4b8a8def52e5f208151f555bb5906da616906ee6dd2e8?s=96&d=mm&r=g\",\"contentUrl\":\"https:\/\/secure.gravatar.com\/avatar\/4375b1eb6e272e2e48a4b8a8def52e5f208151f555bb5906da616906ee6dd2e8?s=96&d=mm&r=g\",\"caption\":\"Cannabis.es\"},\"url\":\"https:\/\/www.cannabis.es\/pw\/author\/cannabis\/\"}]}<\/script>\n<!-- \/ Yoast SEO plugin. -->","yoast_head_json":{"title":"La m\u00e1scara mexicana","description":"Entrada &#8226; Portal multimedia sobre cannabis y otras sustancias &#8226; 10 mayo, 2016","robots":{"index":"index","follow":"follow","max-snippet":"max-snippet:-1","max-image-preview":"max-image-preview:large","max-video-preview":"max-video-preview:-1"},"canonical":"https:\/\/www.cannabis.es\/pw\/2016\/05\/10\/la-mascara-mexicana\/","twitter_card":"summary_large_image","twitter_title":"La m\u00e1scara mexicana","twitter_description":"Entrada &#8226; Portal multimedia sobre cannabis y otras sustancias &#8226; 10 mayo, 2016","twitter_image":"https:\/\/www.cannabis.es\/pw\/wp-content\/uploads\/2020\/05\/mascara_mex.jpg","twitter_creator":"@cannabis_es","twitter_site":"@cannabis_es","twitter_misc":{"Escrito por":"Cannabis.es","Tiempo de lectura":"6 minutos"},"schema":{"@context":"https:\/\/schema.org","@graph":[{"@type":"Article","@id":"https:\/\/www.cannabis.es\/pw\/2016\/05\/10\/la-mascara-mexicana\/#article","isPartOf":{"@id":"https:\/\/www.cannabis.es\/pw\/2016\/05\/10\/la-mascara-mexicana\/"},"author":{"name":"Cannabis.es","@id":"https:\/\/www.cannabis.es\/pw\/#\/schema\/person\/e2fbd204580cf4fe74c79b82bc447374"},"headline":"La m\u00e1scara mexicana","datePublished":"2016-05-10T13:50:21+00:00","dateModified":"2020-06-05T15:46:49+00:00","mainEntityOfPage":{"@id":"https:\/\/www.cannabis.es\/pw\/2016\/05\/10\/la-mascara-mexicana\/"},"wordCount":1219,"publisher":{"@id":"https:\/\/www.cannabis.es\/pw\/#organization"},"image":{"@id":"https:\/\/www.cannabis.es\/pw\/2016\/05\/10\/la-mascara-mexicana\/#primaryimage"},"thumbnailUrl":"https:\/\/www.cannabis.es\/pw\/wp-content\/uploads\/2020\/05\/mascara_mex.jpg","keywords":["drogas","m\u00e9xico"],"articleSection":["Pol\u00edtica y Sociedad"],"inLanguage":"es"},{"@type":"WebPage","@id":"https:\/\/www.cannabis.es\/pw\/2016\/05\/10\/la-mascara-mexicana\/","url":"https:\/\/www.cannabis.es\/pw\/2016\/05\/10\/la-mascara-mexicana\/","name":"La m\u00e1scara mexicana","isPartOf":{"@id":"https:\/\/www.cannabis.es\/pw\/#website"},"primaryImageOfPage":{"@id":"https:\/\/www.cannabis.es\/pw\/2016\/05\/10\/la-mascara-mexicana\/#primaryimage"},"image":{"@id":"https:\/\/www.cannabis.es\/pw\/2016\/05\/10\/la-mascara-mexicana\/#primaryimage"},"thumbnailUrl":"https:\/\/www.cannabis.es\/pw\/wp-content\/uploads\/2020\/05\/mascara_mex.jpg","datePublished":"2016-05-10T13:50:21+00:00","dateModified":"2020-06-05T15:46:49+00:00","description":"Entrada &#8226; Portal multimedia sobre cannabis y otras sustancias &#8226; 10 mayo, 2016","breadcrumb":{"@id":"https:\/\/www.cannabis.es\/pw\/2016\/05\/10\/la-mascara-mexicana\/#breadcrumb"},"inLanguage":"es","potentialAction":[{"@type":"ReadAction","target":["https:\/\/www.cannabis.es\/pw\/2016\/05\/10\/la-mascara-mexicana\/"]}]},{"@type":"ImageObject","inLanguage":"es","@id":"https:\/\/www.cannabis.es\/pw\/2016\/05\/10\/la-mascara-mexicana\/#primaryimage","url":"https:\/\/www.cannabis.es\/pw\/wp-content\/uploads\/2020\/05\/mascara_mex.jpg","contentUrl":"https:\/\/www.cannabis.es\/pw\/wp-content\/uploads\/2020\/05\/mascara_mex.jpg","width":959,"height":475},{"@type":"BreadcrumbList","@id":"https:\/\/www.cannabis.es\/pw\/2016\/05\/10\/la-mascara-mexicana\/#breadcrumb","itemListElement":[{"@type":"ListItem","position":1,"name":"Portada","item":"http:\/\/www.cannabis.es\/pw\/"},{"@type":"ListItem","position":2,"name":"La m\u00e1scara mexicana"}]},{"@type":"WebSite","@id":"https:\/\/www.cannabis.es\/pw\/#website","url":"https:\/\/www.cannabis.es\/pw\/","name":"Cannabis","description":"Portal multimedia sobre cannabis y otras sustancias","publisher":{"@id":"https:\/\/www.cannabis.es\/pw\/#organization"},"potentialAction":[{"@type":"SearchAction","target":{"@type":"EntryPoint","urlTemplate":"https:\/\/www.cannabis.es\/pw\/?s={search_term_string}"},"query-input":{"@type":"PropertyValueSpecification","valueRequired":true,"valueName":"search_term_string"}}],"inLanguage":"es"},{"@type":"Organization","@id":"https:\/\/www.cannabis.es\/pw\/#organization","name":"Cannabis.es","url":"https:\/\/www.cannabis.es\/pw\/","logo":{"@type":"ImageObject","inLanguage":"es","@id":"https:\/\/www.cannabis.es\/pw\/#\/schema\/logo\/image\/","url":"https:\/\/www.cannabis.es\/pw\/wp-content\/uploads\/2019\/04\/cropped-logo_cannabis.png","contentUrl":"https:\/\/www.cannabis.es\/pw\/wp-content\/uploads\/2019\/04\/cropped-logo_cannabis.png","width":361,"height":120,"caption":"Cannabis.es"},"image":{"@id":"https:\/\/www.cannabis.es\/pw\/#\/schema\/logo\/image\/"},"sameAs":["https:\/\/x.com\/cannabis_es"]},{"@type":"Person","@id":"https:\/\/www.cannabis.es\/pw\/#\/schema\/person\/e2fbd204580cf4fe74c79b82bc447374","name":"Cannabis.es","image":{"@type":"ImageObject","inLanguage":"es","@id":"https:\/\/www.cannabis.es\/pw\/#\/schema\/person\/image\/","url":"https:\/\/secure.gravatar.com\/avatar\/4375b1eb6e272e2e48a4b8a8def52e5f208151f555bb5906da616906ee6dd2e8?s=96&d=mm&r=g","contentUrl":"https:\/\/secure.gravatar.com\/avatar\/4375b1eb6e272e2e48a4b8a8def52e5f208151f555bb5906da616906ee6dd2e8?s=96&d=mm&r=g","caption":"Cannabis.es"},"url":"https:\/\/www.cannabis.es\/pw\/author\/cannabis\/"}]}},"_links":{"self":[{"href":"https:\/\/www.cannabis.es\/pw\/wp-json\/wp\/v2\/posts\/3612","targetHints":{"allow":["GET"]}}],"collection":[{"href":"https:\/\/www.cannabis.es\/pw\/wp-json\/wp\/v2\/posts"}],"about":[{"href":"https:\/\/www.cannabis.es\/pw\/wp-json\/wp\/v2\/types\/post"}],"author":[{"embeddable":true,"href":"https:\/\/www.cannabis.es\/pw\/wp-json\/wp\/v2\/users\/1"}],"replies":[{"embeddable":true,"href":"https:\/\/www.cannabis.es\/pw\/wp-json\/wp\/v2\/comments?post=3612"}],"version-history":[{"count":2,"href":"https:\/\/www.cannabis.es\/pw\/wp-json\/wp\/v2\/posts\/3612\/revisions"}],"predecessor-version":[{"id":5265,"href":"https:\/\/www.cannabis.es\/pw\/wp-json\/wp\/v2\/posts\/3612\/revisions\/5265"}],"wp:featuredmedia":[{"embeddable":true,"href":"https:\/\/www.cannabis.es\/pw\/wp-json\/wp\/v2\/media\/3613"}],"wp:attachment":[{"href":"https:\/\/www.cannabis.es\/pw\/wp-json\/wp\/v2\/media?parent=3612"}],"wp:term":[{"taxonomy":"category","embeddable":true,"href":"https:\/\/www.cannabis.es\/pw\/wp-json\/wp\/v2\/categories?post=3612"},{"taxonomy":"post_tag","embeddable":true,"href":"https:\/\/www.cannabis.es\/pw\/wp-json\/wp\/v2\/tags?post=3612"}],"curies":[{"name":"wp","href":"https:\/\/api.w.org\/{rel}","templated":true}]}}