{"id":3637,"date":"2016-05-02T16:00:08","date_gmt":"2016-05-02T14:00:08","guid":{"rendered":"http:\/\/www.cannabis.es\/pw\/?p=3637"},"modified":"2020-06-05T17:56:52","modified_gmt":"2020-06-05T15:56:52","slug":"carta-abierta-a-pablo-iglesias","status":"publish","type":"post","link":"https:\/\/www.cannabis.es\/pw\/2016\/05\/02\/carta-abierta-a-pablo-iglesias\/","title":{"rendered":"Carta abierta a Pablo Iglesias"},"content":{"rendered":"\n<p>Por Drogoteca<\/p>\n\n\n\n<p>Hola&nbsp;<strong>Pablo<\/strong>, buenos d\u00edas. Me dirijo a ti -en esta ocasi\u00f3n, en claro son de paz- para hacerte una petici\u00f3n, una sola y muy concreta.<\/p>\n\n\n\n<hr class=\"wp-block-separator\"\/>\n\n\n\n<p>Estaba pensando escribir esto de una manera \u201cm\u00e1s en mi l\u00ednea\u201d, pero ser\u00eda una torpeza por mi parte, si lo que realmente quiero hacer es pedirte -sinceramente- algo. A lo mejor era m\u00e1s divertido ver a \u201c<strong>Gordo Cabr\u00f3n<\/strong>\u201d hablar con \u201c<strong>Coleta Morada<\/strong>\u201d, pero cuando he sopesado el asunto un poco y me han empezado a venir nombres y caras a la mente, he notado lo oportuno de modificar radicalmente el tono.<\/p>\n\n\n\n<p>No voy a nombrar a todos los que he recordado, pero s\u00ed alguno,&nbsp;<strong>Pablo<\/strong>.&nbsp;<br>En este caso, a&nbsp;<strong><a href=\"http:\/\/juanma-marihuana-medicinal.blogspot.com.es\/\" target=\"_blank\" rel=\"noreferrer noopener\">Juanma<\/a><\/strong>. \u00c9l es un amigo que vive en una silla de ruedas y pasa casi todo el a\u00f1o en un centro p\u00fablico para personas con discapacidad, en el nivel conocido como \u201c<strong>gravemente dependientes<\/strong>\u201d. Yo le conoc\u00ed gracias al magn\u00edfico trabajo que hizo&nbsp;<a href=\"http:\/\/www.interviu.es\/reportajes\/articulos\/el-ramon-sanpedro-de-la-marihuana\" target=\"_blank\" rel=\"noreferrer noopener\"><strong>Alberto Gayo<\/strong>&nbsp;en \u201cIntervi\u00fa\u201d<\/a>&nbsp;sobre su caso, as\u00ed que te lo resumo en una frase -el t\u00edtulo que&nbsp;<strong>Gayo<\/strong>&nbsp;acertadamente le puso- que seguro que pillar\u00e1s a la primera: \u201c<em><strong>el Ram\u00f3n Sampedro de la marihuana<\/strong><\/em>\u201d.<\/p>\n\n\n\n<p>\u00bfTe acuerdas -t\u00fa que tanto gustas del cine y las series- de \u201c<a href=\"https:\/\/es.wikipedia.org\/wiki\/Mar_adentro\" target=\"_blank\" rel=\"noreferrer noopener\">Mar Adentro<\/a>\u201d?&nbsp;<br>Pues es un chaval que un buen d\u00eda le paso pr\u00e1cticamente lo mismo que al protagonista de la pel\u00edcula que te cito. Se rompi\u00f3 \u201cunos huesecillos\u201d de un salto al agua mal calculado, tambi\u00e9n en Galicia que es donde vive -actualmente sigue, igual que entonces, en su \u201cCAMF\u201d de El Ferrol- y qued\u00f3 confinado a la vida de una persona con da\u00f1o severo en m\u00e9dula espinal: silla de ruedas, grave limitaciones en movimiento de extremidades y necesidad de ayuda para muchas de las tareas m\u00e1s b\u00e1sicas, muy dependiente (y no del cannabis).<\/p>\n\n\n\n<p>Yo -antes de tener la enorme suerte de poder tomarme un caf\u00e9 con \u00e9l y charlar sin prisas- cre\u00eda que el uso que&nbsp;<strong>Juanma<\/strong>&nbsp;hac\u00eda del cannabis, aquello que le hab\u00eda hecho \u201cfamoso\u201d al ser encausado y absuelto por plantarlo en su habitaci\u00f3n, era para aliviar alguna dolencia asociada a los da\u00f1os de su trauma f\u00edsico o para obtener un alivio ps\u00edquico. Pero no. Era para el dolor neurop\u00e1tico para lo que el cannabis serv\u00eda a&nbsp;<strong>Juanma<\/strong>.<\/p>\n\n\n\n<p>Un dolor neurop\u00e1tico provocado por el uso de \u201c<strong>antibi\u00f3ticos de emergencia<\/strong>\u201d contra una infecci\u00f3n -desatendida e ignorada, a mi juicio- que desarroll\u00f3 por un cuidado totalmente deficiente para una persona que necesita ser movilizada, cada cierto tiempo, en la cama, o sufrir\u00e1 escaras que se infectar\u00e1n. En pocas palabras, la falta de medios suficientes en su centro p\u00fablico para atender adecuadamente a quienes all\u00ed se ven \u201cforzados\u201d a estar, pas\u00f3 su factura v\u00eda infecci\u00f3n a Juanma. La cosa,&nbsp;<strong>Pablo<\/strong>, es que los antibi\u00f3tico que le dieron \u201c<em><strong>para salvarle, cuando ya reaccionaron en su caso<\/strong><\/em>\u201d produjeron el da\u00f1o nervioso que origina su dolor neurop\u00e1tico. Es un tipo de dolor muy, muy cabr\u00f3n en el que la morfina -incluso- es bastante in\u00fatil para manejar el asunto.<\/p>\n\n\n\n<p>Por suerte para&nbsp;<strong>Juanma<\/strong>, m\u00e1s otros muchos y muchas como \u00e9l, el cannabis es un buen tratamiento sintom\u00e1tico del dolor neurop\u00e1tico y que mejora -habitualmente mucho- la calidad de vida de quienes lo sufren, y sin los efectos secundarios de la morfina.<\/p>\n\n\n\n<p>Pero por desgracia para&nbsp;<strong>Juanma<\/strong>, m\u00e1s otros muchos y muchas (votantes) como \u00e9l, tenemos unas leyes tan est\u00fapidas como los hombres que las han hecho. Y m\u00e1s en materia de drogas, donde se consiguieron lucir y hacer leyes m\u00e1s incre\u00edblemente absurdas que esos mismos hombres, realmente nefastos para todos.<\/p>\n\n\n\n<p><strong>Juanma<\/strong>&nbsp;plant\u00f3 su propio cannabis donde viv\u00eda, donde ten\u00eda que tener un derecho a la intimidad -porque romperse la columna no implica perder ning\u00fan derecho legal, que yo sepa- pero ya te puedes imaginar que eso gener\u00f3 \u201c<strong>el gran conflicto<\/strong>\u201d: cannabis en un centro p\u00fablico, o lo que ning\u00fan gestor\/pol\u00edtico querr\u00eda escuchar o leer aunque supieran positivamente que esa planta -no olvidemos que es un cacho planta, eh- era lo \u00fanico que aliviaba a ese residente confinado de por vida en cama y silla de ruedas.<\/p>\n\n\n\n<p>El resultado, aunque&nbsp;<strong>Juanma<\/strong>&nbsp;fue absuelto siempre -a ver qu\u00e9 juez tiene cojones para condenar un caso as\u00ed- nuestro sistema no permite a un juez, aunque sea lo necesario y aconsejable, autorizar a una persona a plantar unas macetas -de cannabis- en su habitaci\u00f3n de la residencia (aun con informes favorables de varios profesionales del centro en lo que se refer\u00eda a su uso y necesidad del cannabis, como enfermo).<\/p>\n\n\n\n<p>Es la ley y es para todos, \u00bfno?&nbsp;<em>Summun ius, summa iniuria<\/em>.<\/p>\n\n\n\n<p>A m\u00ed, que realmente tengo un humor muy cabr\u00f3n, la respuesta que -como sociedad- hemos dado a este enfermo (y otros como \u00e9l) es algo as\u00ed como el chiste de \u201c<strong>si no hay manos, no hay galletas<\/strong>\u201d: todos podemos, excepto \u00e9l y otros \u201c<strong>condenados en segunda condena<\/strong>\u201d con casos similares, cultivar en nuestra casa la cantidad de cannabis necesaria para nuestro propio consumo sin que eso sea delito -no lo digo yo,&nbsp;<a href=\"http:\/\/drogoteca.blogspot.com.es\/2015\/11\/el-supremazo-contra-los-clubs-de.html\" target=\"_blank\" rel=\"noreferrer noopener\">lo dice el Tribunal Supremo en su \u201cSupremazo Cann\u00e1bico\u201d<\/a>&#8211; pero como su situaci\u00f3n le \u201cobliga\u201d a tener que vivir all\u00ed (no tiene manos) pues no puede plantar \u201c<em><strong>la \u00fanica cosa en toda la farmacopea que le alivia el terrible dolor<\/strong><\/em>\u201d (no hay galletas).<\/p>\n\n\n\n<p>El caso de&nbsp;<strong>Juanma<\/strong>&nbsp;era as\u00ed ya en el a\u00f1o 2008, cuando \u201c<strong>Intervi\u00fa<\/strong>\u201d -y un mont\u00f3n de medios m\u00e1s, incluidas radios y televisiones de todo pelaje- le puso en escena. Hoy, 8 a\u00f1os despu\u00e9s, la situaci\u00f3n de Juanma sigue siendo exactamente la misma o peor: sigue teniendo que comprar el cannabis en el mercado negro y, adem\u00e1s, pagar a alguien para que le l\u00ede los porros&#8230;<\/p>\n\n\n\n<p>No puedo pasar por este punto sin decir que alguien que cobra a una persona -sin movilidad funcional- por liarle los canutos, para que pueda fumar y aliviar su dolor neurop\u00e1tico, es mi idea de la clase de ser miserable y cucaracha que la prohibici\u00f3n de las drogas ha estimulado, amen de un alud de descalificativos m\u00e1s que voy a ahorrarnos.<\/p>\n\n\n\n<p>A donde quer\u00eda llegar con todo esto,&nbsp;<strong>Pablo<\/strong>, es a esa frase que hace de referencia temporal: 8 a\u00f1os despu\u00e9s, sigue exactamente igual. Y como \u00e9l, miles de enfermos de toda clase y dolencias por todo el territorio que t\u00fa -y otros- aspir\u00e1is a gobernar. A ti no te tengo que explicar que el cannabis no es hero\u00edna intravenosa, aunque a veces tienes algunos comentarios que no te dejan -precisamente- en el mejor lugar, \u201c<em>Sr. Lumpendrugs<\/em>\u201d, cuando abres la boca sobre drogas.<\/p>\n\n\n\n<p>En estos 8 a\u00f1os, a esos enfermos que necesitaba concretamente cannabis para paliar alguna dolencia, se les ha hecho muy poco caso; casi tanto como cero. \u00bfPromesas? De todos los colores. Y la realidad sigue igual. Seguramente la mayor\u00eda murieron o acabaron enganchados -pero ahora de verdad- a cualquiera de los f\u00e1rmacos que se usan para tratar estas cosas.<\/p>\n\n\n\n<p>Aparte de los enfermos, que quedan vivos y los nuevos casos, y que me parece que son el colectivo que debe figurar por delante en esta carta, est\u00e1n el resto de usuarios: los recreativos. \u00bfNos conoces? Somos millones (votantes) en Espa\u00f1a. Seguro que s\u00ed nos conoces. Seguro que conoces mucho fumeta y que sabes que somos gente normal, e incluso mucho menos violenta -y peligrosa para la carretera- que los que usan alcohol como \u201c<strong>droga de elecci\u00f3n recreativa<\/strong>\u201d. No te voy a explicar eso tampoco a ti, porque realmente creo que lo sabes de sobra. Su urgencia puede ser menor, pero no sus razones: \u00bfhay alguna raz\u00f3n -que podamos debatir en el siglo XXI- para mantener la prohibici\u00f3n del cannabis?<\/p>\n\n\n\n<p>Dicho todo esto, querido&nbsp;<strong>Pablo<\/strong>, te querr\u00eda pedir que considerases seriamente ampliar \u201c<strong>esa peque\u00f1a nota<\/strong>\u201d que era el asunto del cannabis, en \u201cvuestro\u201d programa pol\u00edtico para las \u00faltimas elecciones generales. No s\u00e9 si lo sabes, pero realmente no dice nada ese parrafito que pusisteis la vez pasada; nada distinto de lo que lleva diciendo el&nbsp;<strong>PSOE<\/strong>&nbsp;los \u00faltimos 20 a\u00f1os: \u201c<strong>s\u00ed s\u00ed, queremos ser la vanguardia y queremos regular esto, pero primero tenemos que hablar&#8230;. \u00a1\u00a1por los ni\u00f1os!!<\/strong>\u201d. Obviamente, todo lo dicho aqu\u00ed no es para ni\u00f1os y los ni\u00f1os no deben andar con drogas porque ya tendr\u00e1n ocasi\u00f3n de hacerlo, sabiendo lo que hacen.<\/p>\n\n\n\n<p>Mi petici\u00f3n es que os lo curraseis un poco m\u00e1s en el tema del cannabis, por que hay gente sufriendo, de muchas dolencias, que no tiene \u201ctiempo pol\u00edtico\u201d para esperar. Ya s\u00e9 que vosotros podr\u00e9is hacer \u201c<strong>hasta donde pod\u00e1is<\/strong>\u201d. Pero molestaros en tener una verdadera pol\u00edtica de drogas, cannabis incluido, y no un mero aparato publicitario para dar difusi\u00f3n a que tambi\u00e9n apoy\u00e1is -los \u00faltimos en sumarse&#8230; eh? aunque bienvenidos tambi\u00e9n- \u201c<strong>alg\u00fan tipo nada claro de regularizaci\u00f3n de la producci\u00f3n, tratamiento y venta de cannabis a adultos<\/strong>\u201d, creo que es algo que se os puede pedir \u201cde justicia\u201d, porque no la ten\u00e9is a\u00fan (segu\u00eds sin una pol\u00edtica de drogas p\u00fablica y explicada, \u00bfmiedo eh?).<\/p>\n\n\n\n<p>\u00bfNo quer\u00e9is gobernar? Pues nosotros, que somos los votantes, queremos ver en el programa las cosas claritas y no un mero parrafito que -entre t\u00fa y yo- ambos sabemos que no significa mucho si eso no se traduce a movimiento real. Y las fotos, en si mismas, tampoco son movimiento real. Hechos, Pablo, queremos hechos, desde el nivel en el que ya os encontr\u00e1is. Queremos ver si sois cre\u00edbles, o si en el caso del cannabis, la pol\u00edtica a aplicar es como la que explicabas (hace un par de a\u00f1os, creo) en este v\u00eddeo sobre educaci\u00f3n: \u201c<a href=\"https:\/\/www.youtube.com\/watch?v=GcMUKQqPaVw\" target=\"_blank\" rel=\"noreferrer noopener\">\u00bfPropaganda o educaci\u00f3n?<\/a>\u201d<br>Son\u00f3 a \u201c<a href=\"https:\/\/www.youtube.com\/watch?v=JTTC_fD598A\" target=\"_blank\" rel=\"noreferrer noopener\">First, we take Manhattan<\/a>&nbsp;(&#8230;then, we take Berlin)\u201d pero sin la voz de&nbsp;<strong>Leonard Cohen<\/strong>.<\/p>\n\n\n\n<p>A m\u00ed, personalmente, la respuesta que diste entonces me parece aterradora. No me lo parecer\u00eda si estuvieras jugando al \u201c<a href=\"https:\/\/es.wikipedia.org\/wiki\/Risk\" target=\"_blank\" rel=\"noreferrer noopener\">Risk<\/a>\u201d, pero s\u00ed en boca de alguien que aspira a hacer pol\u00edtica -eso ya es hacerla,&nbsp;<strong>Pablo<\/strong>&#8211; y a nivel nacional. Ya s\u00e9 que como estratega suena distinto, pero a lo mejor deber\u00edas ver menos \u201c<a href=\"https:\/\/es.wikipedia.org\/wiki\/Juego_de_tronos_(serie_de_televisi%C3%B3n)\" target=\"_blank\" rel=\"noreferrer noopener\">Juego de Tronos<\/a>\u201d y pasarte a cosas m\u00e1s divertidas, con menos sangre y muchas m\u00e1s risas, como \u201c<a href=\"http:\/\/www.sho.com\/sho\/weeds\/about\" target=\"_blank\" rel=\"noreferrer noopener\">Weeds<\/a>\u201d. A nosotros, los fumetas patrios, como pol\u00edtico nos tendr\u00edas ganados. \ud83d\ude09<\/p>\n\n\n\n<p>Un cordial saludo,&nbsp;<strong>Pablo<\/strong>.&nbsp;<br>Espero que estas letras que no vas a contestar, al menos te lleguen y te hagan pensar un momento sobre el tema. A ti y a los 4 que os sent\u00e1is a decidir estas cosas y \u201c<strong>lo oportuno del momento<\/strong>\u201d (ya sabes a qu\u00e9 me refiero). Y lo digo sin iron\u00eda, porque de eso de \u201c<strong>lo oportuno del momento<\/strong>\u201d tambi\u00e9n entendemos un poco.<\/p>\n\n\n\n<p>Arrancamos campa\u00f1a,<strong>&nbsp;Pablo<\/strong>, todos la nuestra.&nbsp;<br>Mejor que sea -para todos los hombres de buena fe- el inicio de una larga amistad, \u00bfno?<br><strong>#SINOTOCAnohayvoto<\/strong><\/p>\n","protected":false},"excerpt":{"rendered":"<span class=\"span-reading-time rt-reading-time\" style=\"display: block;\"><span class=\"rt-label rt-prefix\">Tiempo de lectura:<\/span> <span class=\"rt-time\"> 6<\/span> <span class=\"rt-label rt-postfix\">minutos<\/span><\/span>Por Drogoteca Hola&nbsp;Pablo, buenos d\u00edas. Me dirijo a ti -en esta ocasi\u00f3n, en claro son de paz- para hacerte una petici\u00f3n, una sola y muy concreta. Estaba pensando escribir esto de una manera \u201cm\u00e1s en mi l\u00ednea\u201d, pero ser\u00eda una torpeza por mi parte, si lo que realmente quiero hacer es pedirte -sinceramente- algo. A [&hellip;]","protected":false},"author":1,"featured_media":3638,"comment_status":"closed","ping_status":"closed","sticky":false,"template":"","format":"standard","meta":{"loftocean-featured-post":"","loftocean_post_format_gallery":"","loftocean_post_format_gallery_ids":"","loftocean_post_format_gallery_urls":"","loftocean_post_format_video_id":"","loftocean_post_format_video_url":"","loftocean_post_format_video_type":"","loftocean_post_format_video":"","loftocean_post_format_audio_type":"","loftocean_post_format_audio_url":"","loftocean_post_format_audio_id":"","loftocean_post_format_audio":"","loftocean_post_format_quote_text":"","loftocean_post_format_quote_byline":"","loftocean_post_format_link_text":"","loftocean_post_format_link_url":"","ceramag_post_header_style":"","ceramag_enable_background_video":"","ceramag_show_in_top_slider":"","ceramag_post_background_video_start":"","ceramag_post_background_video_end":"","loftocean_page_background_video_id":"","loftocean_page_background_video_url":"","loftocean_page_background_video_type":"","loftocean_page_background_video":"","ceramag_background_video_start":"","ceramag_background_video_end":"","ceramag_single_page_hide_header":"","footnotes":""},"categories":[35],"tags":[41,42],"class_list":["post-3637","post","type-post","status-publish","format-standard","has-post-thumbnail","hentry","category-politica-y-sociedad","tag-cannabis","tag-politica"],"yoast_head":"<!-- This site is optimized with the Yoast SEO plugin v24.9 - https:\/\/yoast.com\/wordpress\/plugins\/seo\/ -->\n<title>Carta abierta a Pablo Iglesias<\/title>\n<meta name=\"description\" content=\"Entrada &#8226; Portal multimedia sobre cannabis y otras sustancias &#8226; 2 mayo, 2016\" \/>\n<meta name=\"robots\" content=\"index, follow, max-snippet:-1, max-image-preview:large, max-video-preview:-1\" \/>\n<link rel=\"canonical\" href=\"https:\/\/www.cannabis.es\/pw\/2016\/05\/02\/carta-abierta-a-pablo-iglesias\/\" \/>\n<meta name=\"twitter:card\" content=\"summary_large_image\" \/>\n<meta name=\"twitter:title\" content=\"Carta abierta a Pablo Iglesias\" \/>\n<meta name=\"twitter:description\" content=\"Entrada &#8226; Portal multimedia sobre cannabis y otras sustancias &#8226; 2 mayo, 2016\" \/>\n<meta name=\"twitter:image\" content=\"https:\/\/www.cannabis.es\/pw\/wp-content\/uploads\/2020\/05\/piglesias_podemos.jpg\" \/>\n<meta name=\"twitter:creator\" content=\"@cannabis_es\" \/>\n<meta name=\"twitter:site\" content=\"@cannabis_es\" \/>\n<meta name=\"twitter:label1\" content=\"Escrito por\" \/>\n\t<meta name=\"twitter:data1\" content=\"Cannabis.es\" \/>\n\t<meta name=\"twitter:label2\" content=\"Tiempo de lectura\" \/>\n\t<meta name=\"twitter:data2\" content=\"10 minutos\" \/>\n<script type=\"application\/ld+json\" class=\"yoast-schema-graph\">{\"@context\":\"https:\/\/schema.org\",\"@graph\":[{\"@type\":\"Article\",\"@id\":\"https:\/\/www.cannabis.es\/pw\/2016\/05\/02\/carta-abierta-a-pablo-iglesias\/#article\",\"isPartOf\":{\"@id\":\"https:\/\/www.cannabis.es\/pw\/2016\/05\/02\/carta-abierta-a-pablo-iglesias\/\"},\"author\":{\"name\":\"Cannabis.es\",\"@id\":\"https:\/\/www.cannabis.es\/pw\/#\/schema\/person\/e2fbd204580cf4fe74c79b82bc447374\"},\"headline\":\"Carta abierta a Pablo Iglesias\",\"datePublished\":\"2016-05-02T14:00:08+00:00\",\"dateModified\":\"2020-06-05T15:56:52+00:00\",\"mainEntityOfPage\":{\"@id\":\"https:\/\/www.cannabis.es\/pw\/2016\/05\/02\/carta-abierta-a-pablo-iglesias\/\"},\"wordCount\":1939,\"publisher\":{\"@id\":\"https:\/\/www.cannabis.es\/pw\/#organization\"},\"image\":{\"@id\":\"https:\/\/www.cannabis.es\/pw\/2016\/05\/02\/carta-abierta-a-pablo-iglesias\/#primaryimage\"},\"thumbnailUrl\":\"https:\/\/www.cannabis.es\/pw\/wp-content\/uploads\/2020\/05\/piglesias_podemos.jpg\",\"keywords\":[\"cannabis\",\"pol\u00edtica\"],\"articleSection\":[\"Pol\u00edtica y Sociedad\"],\"inLanguage\":\"es\"},{\"@type\":\"WebPage\",\"@id\":\"https:\/\/www.cannabis.es\/pw\/2016\/05\/02\/carta-abierta-a-pablo-iglesias\/\",\"url\":\"https:\/\/www.cannabis.es\/pw\/2016\/05\/02\/carta-abierta-a-pablo-iglesias\/\",\"name\":\"Carta abierta a Pablo Iglesias\",\"isPartOf\":{\"@id\":\"https:\/\/www.cannabis.es\/pw\/#website\"},\"primaryImageOfPage\":{\"@id\":\"https:\/\/www.cannabis.es\/pw\/2016\/05\/02\/carta-abierta-a-pablo-iglesias\/#primaryimage\"},\"image\":{\"@id\":\"https:\/\/www.cannabis.es\/pw\/2016\/05\/02\/carta-abierta-a-pablo-iglesias\/#primaryimage\"},\"thumbnailUrl\":\"https:\/\/www.cannabis.es\/pw\/wp-content\/uploads\/2020\/05\/piglesias_podemos.jpg\",\"datePublished\":\"2016-05-02T14:00:08+00:00\",\"dateModified\":\"2020-06-05T15:56:52+00:00\",\"description\":\"Entrada &#8226; Portal multimedia sobre cannabis y otras sustancias &#8226; 2 mayo, 2016\",\"breadcrumb\":{\"@id\":\"https:\/\/www.cannabis.es\/pw\/2016\/05\/02\/carta-abierta-a-pablo-iglesias\/#breadcrumb\"},\"inLanguage\":\"es\",\"potentialAction\":[{\"@type\":\"ReadAction\",\"target\":[\"https:\/\/www.cannabis.es\/pw\/2016\/05\/02\/carta-abierta-a-pablo-iglesias\/\"]}]},{\"@type\":\"ImageObject\",\"inLanguage\":\"es\",\"@id\":\"https:\/\/www.cannabis.es\/pw\/2016\/05\/02\/carta-abierta-a-pablo-iglesias\/#primaryimage\",\"url\":\"https:\/\/www.cannabis.es\/pw\/wp-content\/uploads\/2020\/05\/piglesias_podemos.jpg\",\"contentUrl\":\"https:\/\/www.cannabis.es\/pw\/wp-content\/uploads\/2020\/05\/piglesias_podemos.jpg\",\"width\":959,\"height\":475},{\"@type\":\"BreadcrumbList\",\"@id\":\"https:\/\/www.cannabis.es\/pw\/2016\/05\/02\/carta-abierta-a-pablo-iglesias\/#breadcrumb\",\"itemListElement\":[{\"@type\":\"ListItem\",\"position\":1,\"name\":\"Portada\",\"item\":\"http:\/\/www.cannabis.es\/pw\/\"},{\"@type\":\"ListItem\",\"position\":2,\"name\":\"Carta abierta a Pablo Iglesias\"}]},{\"@type\":\"WebSite\",\"@id\":\"https:\/\/www.cannabis.es\/pw\/#website\",\"url\":\"https:\/\/www.cannabis.es\/pw\/\",\"name\":\"Cannabis\",\"description\":\"Portal multimedia sobre cannabis y otras sustancias\",\"publisher\":{\"@id\":\"https:\/\/www.cannabis.es\/pw\/#organization\"},\"potentialAction\":[{\"@type\":\"SearchAction\",\"target\":{\"@type\":\"EntryPoint\",\"urlTemplate\":\"https:\/\/www.cannabis.es\/pw\/?s={search_term_string}\"},\"query-input\":{\"@type\":\"PropertyValueSpecification\",\"valueRequired\":true,\"valueName\":\"search_term_string\"}}],\"inLanguage\":\"es\"},{\"@type\":\"Organization\",\"@id\":\"https:\/\/www.cannabis.es\/pw\/#organization\",\"name\":\"Cannabis.es\",\"url\":\"https:\/\/www.cannabis.es\/pw\/\",\"logo\":{\"@type\":\"ImageObject\",\"inLanguage\":\"es\",\"@id\":\"https:\/\/www.cannabis.es\/pw\/#\/schema\/logo\/image\/\",\"url\":\"https:\/\/www.cannabis.es\/pw\/wp-content\/uploads\/2019\/04\/cropped-logo_cannabis.png\",\"contentUrl\":\"https:\/\/www.cannabis.es\/pw\/wp-content\/uploads\/2019\/04\/cropped-logo_cannabis.png\",\"width\":361,\"height\":120,\"caption\":\"Cannabis.es\"},\"image\":{\"@id\":\"https:\/\/www.cannabis.es\/pw\/#\/schema\/logo\/image\/\"},\"sameAs\":[\"https:\/\/x.com\/cannabis_es\"]},{\"@type\":\"Person\",\"@id\":\"https:\/\/www.cannabis.es\/pw\/#\/schema\/person\/e2fbd204580cf4fe74c79b82bc447374\",\"name\":\"Cannabis.es\",\"image\":{\"@type\":\"ImageObject\",\"inLanguage\":\"es\",\"@id\":\"https:\/\/www.cannabis.es\/pw\/#\/schema\/person\/image\/\",\"url\":\"https:\/\/secure.gravatar.com\/avatar\/4375b1eb6e272e2e48a4b8a8def52e5f208151f555bb5906da616906ee6dd2e8?s=96&d=mm&r=g\",\"contentUrl\":\"https:\/\/secure.gravatar.com\/avatar\/4375b1eb6e272e2e48a4b8a8def52e5f208151f555bb5906da616906ee6dd2e8?s=96&d=mm&r=g\",\"caption\":\"Cannabis.es\"},\"url\":\"https:\/\/www.cannabis.es\/pw\/author\/cannabis\/\"}]}<\/script>\n<!-- \/ Yoast SEO plugin. -->","yoast_head_json":{"title":"Carta abierta a Pablo Iglesias","description":"Entrada &#8226; Portal multimedia sobre cannabis y otras sustancias &#8226; 2 mayo, 2016","robots":{"index":"index","follow":"follow","max-snippet":"max-snippet:-1","max-image-preview":"max-image-preview:large","max-video-preview":"max-video-preview:-1"},"canonical":"https:\/\/www.cannabis.es\/pw\/2016\/05\/02\/carta-abierta-a-pablo-iglesias\/","twitter_card":"summary_large_image","twitter_title":"Carta abierta a Pablo Iglesias","twitter_description":"Entrada &#8226; Portal multimedia sobre cannabis y otras sustancias &#8226; 2 mayo, 2016","twitter_image":"https:\/\/www.cannabis.es\/pw\/wp-content\/uploads\/2020\/05\/piglesias_podemos.jpg","twitter_creator":"@cannabis_es","twitter_site":"@cannabis_es","twitter_misc":{"Escrito por":"Cannabis.es","Tiempo de lectura":"10 minutos"},"schema":{"@context":"https:\/\/schema.org","@graph":[{"@type":"Article","@id":"https:\/\/www.cannabis.es\/pw\/2016\/05\/02\/carta-abierta-a-pablo-iglesias\/#article","isPartOf":{"@id":"https:\/\/www.cannabis.es\/pw\/2016\/05\/02\/carta-abierta-a-pablo-iglesias\/"},"author":{"name":"Cannabis.es","@id":"https:\/\/www.cannabis.es\/pw\/#\/schema\/person\/e2fbd204580cf4fe74c79b82bc447374"},"headline":"Carta abierta a Pablo Iglesias","datePublished":"2016-05-02T14:00:08+00:00","dateModified":"2020-06-05T15:56:52+00:00","mainEntityOfPage":{"@id":"https:\/\/www.cannabis.es\/pw\/2016\/05\/02\/carta-abierta-a-pablo-iglesias\/"},"wordCount":1939,"publisher":{"@id":"https:\/\/www.cannabis.es\/pw\/#organization"},"image":{"@id":"https:\/\/www.cannabis.es\/pw\/2016\/05\/02\/carta-abierta-a-pablo-iglesias\/#primaryimage"},"thumbnailUrl":"https:\/\/www.cannabis.es\/pw\/wp-content\/uploads\/2020\/05\/piglesias_podemos.jpg","keywords":["cannabis","pol\u00edtica"],"articleSection":["Pol\u00edtica y Sociedad"],"inLanguage":"es"},{"@type":"WebPage","@id":"https:\/\/www.cannabis.es\/pw\/2016\/05\/02\/carta-abierta-a-pablo-iglesias\/","url":"https:\/\/www.cannabis.es\/pw\/2016\/05\/02\/carta-abierta-a-pablo-iglesias\/","name":"Carta abierta a Pablo Iglesias","isPartOf":{"@id":"https:\/\/www.cannabis.es\/pw\/#website"},"primaryImageOfPage":{"@id":"https:\/\/www.cannabis.es\/pw\/2016\/05\/02\/carta-abierta-a-pablo-iglesias\/#primaryimage"},"image":{"@id":"https:\/\/www.cannabis.es\/pw\/2016\/05\/02\/carta-abierta-a-pablo-iglesias\/#primaryimage"},"thumbnailUrl":"https:\/\/www.cannabis.es\/pw\/wp-content\/uploads\/2020\/05\/piglesias_podemos.jpg","datePublished":"2016-05-02T14:00:08+00:00","dateModified":"2020-06-05T15:56:52+00:00","description":"Entrada &#8226; Portal multimedia sobre cannabis y otras sustancias &#8226; 2 mayo, 2016","breadcrumb":{"@id":"https:\/\/www.cannabis.es\/pw\/2016\/05\/02\/carta-abierta-a-pablo-iglesias\/#breadcrumb"},"inLanguage":"es","potentialAction":[{"@type":"ReadAction","target":["https:\/\/www.cannabis.es\/pw\/2016\/05\/02\/carta-abierta-a-pablo-iglesias\/"]}]},{"@type":"ImageObject","inLanguage":"es","@id":"https:\/\/www.cannabis.es\/pw\/2016\/05\/02\/carta-abierta-a-pablo-iglesias\/#primaryimage","url":"https:\/\/www.cannabis.es\/pw\/wp-content\/uploads\/2020\/05\/piglesias_podemos.jpg","contentUrl":"https:\/\/www.cannabis.es\/pw\/wp-content\/uploads\/2020\/05\/piglesias_podemos.jpg","width":959,"height":475},{"@type":"BreadcrumbList","@id":"https:\/\/www.cannabis.es\/pw\/2016\/05\/02\/carta-abierta-a-pablo-iglesias\/#breadcrumb","itemListElement":[{"@type":"ListItem","position":1,"name":"Portada","item":"http:\/\/www.cannabis.es\/pw\/"},{"@type":"ListItem","position":2,"name":"Carta abierta a Pablo Iglesias"}]},{"@type":"WebSite","@id":"https:\/\/www.cannabis.es\/pw\/#website","url":"https:\/\/www.cannabis.es\/pw\/","name":"Cannabis","description":"Portal multimedia sobre cannabis y otras sustancias","publisher":{"@id":"https:\/\/www.cannabis.es\/pw\/#organization"},"potentialAction":[{"@type":"SearchAction","target":{"@type":"EntryPoint","urlTemplate":"https:\/\/www.cannabis.es\/pw\/?s={search_term_string}"},"query-input":{"@type":"PropertyValueSpecification","valueRequired":true,"valueName":"search_term_string"}}],"inLanguage":"es"},{"@type":"Organization","@id":"https:\/\/www.cannabis.es\/pw\/#organization","name":"Cannabis.es","url":"https:\/\/www.cannabis.es\/pw\/","logo":{"@type":"ImageObject","inLanguage":"es","@id":"https:\/\/www.cannabis.es\/pw\/#\/schema\/logo\/image\/","url":"https:\/\/www.cannabis.es\/pw\/wp-content\/uploads\/2019\/04\/cropped-logo_cannabis.png","contentUrl":"https:\/\/www.cannabis.es\/pw\/wp-content\/uploads\/2019\/04\/cropped-logo_cannabis.png","width":361,"height":120,"caption":"Cannabis.es"},"image":{"@id":"https:\/\/www.cannabis.es\/pw\/#\/schema\/logo\/image\/"},"sameAs":["https:\/\/x.com\/cannabis_es"]},{"@type":"Person","@id":"https:\/\/www.cannabis.es\/pw\/#\/schema\/person\/e2fbd204580cf4fe74c79b82bc447374","name":"Cannabis.es","image":{"@type":"ImageObject","inLanguage":"es","@id":"https:\/\/www.cannabis.es\/pw\/#\/schema\/person\/image\/","url":"https:\/\/secure.gravatar.com\/avatar\/4375b1eb6e272e2e48a4b8a8def52e5f208151f555bb5906da616906ee6dd2e8?s=96&d=mm&r=g","contentUrl":"https:\/\/secure.gravatar.com\/avatar\/4375b1eb6e272e2e48a4b8a8def52e5f208151f555bb5906da616906ee6dd2e8?s=96&d=mm&r=g","caption":"Cannabis.es"},"url":"https:\/\/www.cannabis.es\/pw\/author\/cannabis\/"}]}},"_links":{"self":[{"href":"https:\/\/www.cannabis.es\/pw\/wp-json\/wp\/v2\/posts\/3637","targetHints":{"allow":["GET"]}}],"collection":[{"href":"https:\/\/www.cannabis.es\/pw\/wp-json\/wp\/v2\/posts"}],"about":[{"href":"https:\/\/www.cannabis.es\/pw\/wp-json\/wp\/v2\/types\/post"}],"author":[{"embeddable":true,"href":"https:\/\/www.cannabis.es\/pw\/wp-json\/wp\/v2\/users\/1"}],"replies":[{"embeddable":true,"href":"https:\/\/www.cannabis.es\/pw\/wp-json\/wp\/v2\/comments?post=3637"}],"version-history":[{"count":2,"href":"https:\/\/www.cannabis.es\/pw\/wp-json\/wp\/v2\/posts\/3637\/revisions"}],"predecessor-version":[{"id":5272,"href":"https:\/\/www.cannabis.es\/pw\/wp-json\/wp\/v2\/posts\/3637\/revisions\/5272"}],"wp:featuredmedia":[{"embeddable":true,"href":"https:\/\/www.cannabis.es\/pw\/wp-json\/wp\/v2\/media\/3638"}],"wp:attachment":[{"href":"https:\/\/www.cannabis.es\/pw\/wp-json\/wp\/v2\/media?parent=3637"}],"wp:term":[{"taxonomy":"category","embeddable":true,"href":"https:\/\/www.cannabis.es\/pw\/wp-json\/wp\/v2\/categories?post=3637"},{"taxonomy":"post_tag","embeddable":true,"href":"https:\/\/www.cannabis.es\/pw\/wp-json\/wp\/v2\/tags?post=3637"}],"curies":[{"name":"wp","href":"https:\/\/api.w.org\/{rel}","templated":true}]}}