{"id":3657,"date":"2016-04-25T16:11:56","date_gmt":"2016-04-25T14:11:56","guid":{"rendered":"http:\/\/www.cannabis.es\/pw\/?p=3657"},"modified":"2020-06-06T10:51:01","modified_gmt":"2020-06-06T08:51:01","slug":"unas-reflexiones-sobre-el-cultivo-libre","status":"publish","type":"post","link":"https:\/\/www.cannabis.es\/pw\/2016\/04\/25\/unas-reflexiones-sobre-el-cultivo-libre\/","title":{"rendered":"Unas reflexiones sobre el cultivo libre"},"content":{"rendered":"\n<p>Por Adryc Menells\u00f6n<\/p>\n\n\n\n<p>Bienvenidos a bordo Amigas y Amigos de esta Verde Mar de Mar\u00eda, espero que el d\u00eda os sea agradable.<\/p>\n\n\n\n<hr class=\"wp-block-separator\"\/>\n\n\n\n<p>No es mi estilo escribir art\u00edculos de opini\u00f3n sobre los acontecimientos de esta Mar, pero de vez en cuando leo alguna que otra noticia que, siempre me enerva; y como a m\u00ed imagino que a muchos de los que me le\u00e9is y luch\u00e1is todos los d\u00eda para que en este pa\u00eds se implante una legislaci\u00f3n seria y consecuente que permita de una vez por todas de una manera seria y responsable el cultivo de la marihuana.<\/p>\n\n\n\n<p>Pues bien, como todos los d\u00edas me levant\u00e9 esta ma\u00f1ana, me prepar\u00e9 un Boong de&nbsp;<strong>Syrup<\/strong>&nbsp;y un caf\u00e9 y sal\u00ed a la terraza a contemplar el amanecer; ser\u00edan las 06:15 am, suelo madrugar. Una vez acabado ambos sal\u00ed un momento a comprar la prensa y de vuelta a casa, tras una ducha, prepar\u00e9 otro caf\u00e9 y me puse a leer las noticias del d\u00eda. Tras las noticias de rigor, llego a la p\u00e1gina 9, hablo del&nbsp;<a href=\"http:\/\/www.eldiariomontanes.es\/\" target=\"_blank\" rel=\"noreferrer noopener\">Diario Monta\u00f1\u00e9s<\/a>&nbsp;de Cantabria, mis ojos se detienen en un titular:<\/p>\n\n\n\n<p>\u201c<em><strong>La Polic\u00eda asesta un nuevo golpe al cultivo Indoor de marihuana en Laredo<\/strong><\/em>\u201d.<\/p>\n\n\n\n<p>Normalmente no suelo leer estas noticias, no me interesan, pero al leer la palabra \u201c<strong>Indoor<\/strong>\u201d me sorprendo. Lo primero que me viene a la mente: \u201c<em><strong>No vaya a ser que ahora controlen los cultivos peque\u00f1os y esas cosas<\/strong><\/em>\u201d. Y comienzo a leerlo; nada relevante, lo t\u00edpico, m\u00e1s cuando sigo, leo: \u201c<em><strong>Un invernadero con 1.265 plantas en su interior.<\/strong><\/em>\u201d Me digo, ya estamos otra vez. Pero a\u00fan me surge la duda, soy una persona confiada, puede tratarse de alg\u00fan banco de semillas, o de alg\u00fan breeder que trabaje para alguno de ellos; mas cuando continuo leyendo: \u201c<strong><em>Y como es habitual, se detect\u00f3 el enganche ilegal de este invernadero\u2026<\/em><\/strong>\u201d mi cabreo llega al l\u00edmite.<\/p>\n\n\n\n<p>\u00bfY por qu\u00e9? Os preguntar\u00e9is algunos.<\/p>\n\n\n\n<p>El motivo es claro como el agua: son este tipo de actuaciones las que nos ponen en el disparadero a todos los cultivadores libres, esa multitud silenciosa que cultiva 4, 6, o m\u00e1s plantas, no voy a entrar en n\u00famero ya que damos por entendido que nos me referimos a gente responsable que cultiva para su propio consumo, pues la opini\u00f3n general cuando oye hablar de cultivo de marihuana nos mete a todos en el mismo saco.<br>Y por ah\u00ed no paso.<\/p>\n\n\n\n<p>Comprendo que una persona cultive muchas plantas cuando se trata el caso de desarrollar una variedad; sabemos que es imposible estabilizar y lograr sacar adelante una nueva variedad con testeos de diez plantas. Es obvio que se necesitan cultivar al menos un n\u00famero parecido al de las plantas incautadas de cada generaci\u00f3n para obtener unas garant\u00edas m\u00ednimas de que la variedad que salga al mercado se estable y fiable, homog\u00e9nea y de producci\u00f3n aceptable, y se necesitan varias generaciones antes de ellos, bien lo s\u00e9. En ese caso lo acepto, como no voy a hacerlo, jajj\u2026&nbsp;<strong>Pero pagando la luz como todo el mundo<\/strong>. En el mismo momento en que roba la electricidad de otra instalaci\u00f3n, est\u00e1 cometiendo un delito, una actividad ilegal, que cuando es descubierta es noticia, y en ese momento deja de ser ese breeder meticuloso para convertirse en otro, me reservo la palabra, y pierde todo mi respeto.<\/p>\n\n\n\n<p>Somos muchas y muchos los que luchamos m\u00e1s o menos activamente desde hace mucho tiempo para que en este pa\u00eds alg\u00fan gobierno legisle una ley que despenalice el cultivo de la marihuana, y por supuesto lo regule de una forma seria y responsable. Una legislaci\u00f3n que defienda los derechos de todos, tanto del peque\u00f1o cultivador, que es mayor\u00eda, hasta dado el caso las multinacionales, sin que beneficie a unas en detrimento de los otros.&nbsp;<br>Una ley que defienda y permita el cultivo por igual a una persona de pocas plantas para su propio consumo, a un agricultor que ve en la marihuana o el c\u00e1\u00f1amo una opci\u00f3n de mejorar los rendimientos de sus terrenos de cultivo, y la permita su posterior venta a farmac\u00e9uticas o dispensarios, incluso al p\u00fablico como en algunos sitios de Canad\u00e1. Siempre que pague impuestos, como a las grades multinacionales farmac\u00e9uticas para el desarrollo de medicamentos o dispensaci\u00f3n.<\/p>\n\n\n\n<p>Y son curiosamente este tipo de noticias que han inspirado este art\u00edculo las que evitan dicha legislaci\u00f3n,<br>ya que por un lado al gobierno en funciones de turno no le interesa ni le ha interesado nunca dicha legalizaci\u00f3n, aprovechando dichas noticias para alarmar a la sociedad, que llega a mirarnos si no como a apestados, s\u00ed como a delincuentes. Y no lo somos, somos personas normales que queremos ejercer nuestro derecho a un cultivo libre. Por otro lado, los medios de informaci\u00f3n encuentran un fil\u00f3n para lograr audiencias y venta, no hay m\u00e1s que abrir cualquier medio o ver el bombo que le dan en los informativos.<\/p>\n\n\n\n<p>No es mi intenci\u00f3n atacar a nadie, all\u00e1 cada uno con su vida, y s\u00e9 que quiz\u00e1 esto que escribo quiz\u00e1 me traiga alg\u00fan enemigo, m\u00e1s yo pienso que salvo en los caso dichos de bancos o breeders y testadores que trabajan para ellos, cultivar m\u00e1s de lo que vamos a consumir est\u00e1 de sobra; s\u00ed una persona consume cada cuatro meses un kg. de mar\u00eda, pues que cultive las plantas necesarias para conseguir eso. \u00bfCultivar m\u00e1s, para guardar un mont\u00f3n de hierba en casa con su consecuente riesgo? Pues no es plan. Y si cultiva m\u00e1s para venderlo, entra en el mundo del narcotr\u00e1fico.<\/p>\n\n\n\n<p><strong>Si queremos una legislaci\u00f3n seria, comencemos a ser serios nosotros primero<\/strong>, de sobra s\u00e9 que hay mucha necesidad y la gente se deja tentar, pero lo dicho, all\u00e1 ellos.<\/p>\n\n\n\n<p>No s\u00e9 exactamente cu\u00e1ntos recursos tanto humanos como econ\u00f3micos destina el estado en la lucha contra todo tipo de narcotr\u00e1fico, pero imagino que mucho. Y en particular contra el cultivo ilegal de la marihuana mucho. Ojo que digo ilegal, y con ilegal no me refiero a nuestros cultivos caseros, que est\u00e1n en un limbo alegal, si no a los que roban electricidad o van destinados al narcotr\u00e1fico.<\/p>\n\n\n\n<p>Todos esos recursos, sobre todo los econ\u00f3micos, en caso de que el cultivo de la marihuana fuera legalizado en futuro pr\u00f3ximo, ser\u00edan destinados a otros fines tan necesarios en esta \u00e9poca funesta que vivimos de miseria, desahucios, etc., o atender otras necesidades urgentes (nuestra deuda externa ya est\u00e1 en el 100% si no m\u00e1s).<\/p>\n\n\n\n<p>En fin, \u00bfPara cu\u00e1ndo la Legalizaci\u00f3n? Misterio e Intriga.<\/p>\n\n\n\n<p>Yo de momento miro con optimismo a Canad\u00e1, pa\u00eds donde los pol\u00edticos, al contrario que en otras partes, cumplen lo que prometen en su campa\u00f1a electoral\u2026 Veremos.<\/p>\n\n\n\n<p>Bueno amigos, me despido ya, disculpad mi mal humor ma\u00f1anero, pero no he podido contenerme.<\/p>\n\n\n\n<p><strong>#LosMejoresHumos<\/strong>&nbsp;desde mi ensenada y hasta pronto, Boong de&nbsp;<strong>#Syrup<\/strong>&nbsp;a vuestra salud.<\/p>\n","protected":false},"excerpt":{"rendered":"<span class=\"span-reading-time rt-reading-time\" style=\"display: block;\"><span class=\"rt-label rt-prefix\">Tiempo de lectura:<\/span> <span class=\"rt-time\"> 4<\/span> <span class=\"rt-label rt-postfix\">minutos<\/span><\/span>Por Adryc Menells\u00f6n Bienvenidos a bordo Amigas y Amigos de esta Verde Mar de Mar\u00eda, espero que el d\u00eda os sea agradable. No es mi estilo escribir art\u00edculos de opini\u00f3n sobre los acontecimientos de esta Mar, pero de vez en cuando leo alguna que otra noticia que, siempre me enerva; y como a m\u00ed imagino [&hellip;]","protected":false},"author":1,"featured_media":3658,"comment_status":"closed","ping_status":"closed","sticky":false,"template":"","format":"standard","meta":{"loftocean-featured-post":"","loftocean_post_format_gallery":"","loftocean_post_format_gallery_ids":"","loftocean_post_format_gallery_urls":"","loftocean_post_format_video_id":"","loftocean_post_format_video_url":"","loftocean_post_format_video_type":"","loftocean_post_format_video":"","loftocean_post_format_audio_type":"","loftocean_post_format_audio_url":"","loftocean_post_format_audio_id":"","loftocean_post_format_audio":"","loftocean_post_format_quote_text":"","loftocean_post_format_quote_byline":"","loftocean_post_format_link_text":"","loftocean_post_format_link_url":"","ceramag_post_header_style":"","ceramag_enable_background_video":"","ceramag_show_in_top_slider":"","ceramag_post_background_video_start":"","ceramag_post_background_video_end":"","loftocean_page_background_video_id":"","loftocean_page_background_video_url":"","loftocean_page_background_video_type":"","loftocean_page_background_video":"","ceramag_background_video_start":"","ceramag_background_video_end":"","ceramag_single_page_hide_header":"","footnotes":""},"categories":[711],"tags":[66,41],"class_list":["post-3657","post","type-post","status-publish","format-standard","has-post-thumbnail","hentry","category-cultivo","tag-autocultivo","tag-cannabis"],"yoast_head":"<!-- This site is optimized with the Yoast SEO plugin v24.9 - https:\/\/yoast.com\/wordpress\/plugins\/seo\/ -->\n<title>Unas reflexiones sobre el cultivo libre<\/title>\n<meta name=\"description\" content=\"Entrada &#8226; Portal multimedia sobre cannabis y otras sustancias &#8226; 25 abril, 2016\" \/>\n<meta name=\"robots\" content=\"index, follow, max-snippet:-1, max-image-preview:large, max-video-preview:-1\" \/>\n<link rel=\"canonical\" href=\"https:\/\/www.cannabis.es\/pw\/2016\/04\/25\/unas-reflexiones-sobre-el-cultivo-libre\/\" \/>\n<meta name=\"twitter:card\" content=\"summary_large_image\" \/>\n<meta name=\"twitter:title\" content=\"Unas reflexiones sobre el cultivo libre\" \/>\n<meta name=\"twitter:description\" content=\"Entrada &#8226; Portal multimedia sobre cannabis y otras sustancias &#8226; 25 abril, 2016\" \/>\n<meta name=\"twitter:image\" content=\"https:\/\/www.cannabis.es\/pw\/wp-content\/uploads\/2020\/05\/yaestabien.jpg\" \/>\n<meta name=\"twitter:creator\" content=\"@cannabis_es\" \/>\n<meta name=\"twitter:site\" content=\"@cannabis_es\" \/>\n<meta name=\"twitter:label1\" content=\"Escrito por\" \/>\n\t<meta name=\"twitter:data1\" content=\"Cannabis.es\" \/>\n\t<meta name=\"twitter:label2\" content=\"Tiempo de lectura\" \/>\n\t<meta name=\"twitter:data2\" content=\"6 minutos\" \/>\n<script type=\"application\/ld+json\" class=\"yoast-schema-graph\">{\"@context\":\"https:\/\/schema.org\",\"@graph\":[{\"@type\":\"Article\",\"@id\":\"https:\/\/www.cannabis.es\/pw\/2016\/04\/25\/unas-reflexiones-sobre-el-cultivo-libre\/#article\",\"isPartOf\":{\"@id\":\"https:\/\/www.cannabis.es\/pw\/2016\/04\/25\/unas-reflexiones-sobre-el-cultivo-libre\/\"},\"author\":{\"name\":\"Cannabis.es\",\"@id\":\"https:\/\/www.cannabis.es\/pw\/#\/schema\/person\/e2fbd204580cf4fe74c79b82bc447374\"},\"headline\":\"Unas reflexiones sobre el cultivo libre\",\"datePublished\":\"2016-04-25T14:11:56+00:00\",\"dateModified\":\"2020-06-06T08:51:01+00:00\",\"mainEntityOfPage\":{\"@id\":\"https:\/\/www.cannabis.es\/pw\/2016\/04\/25\/unas-reflexiones-sobre-el-cultivo-libre\/\"},\"wordCount\":1216,\"publisher\":{\"@id\":\"https:\/\/www.cannabis.es\/pw\/#organization\"},\"image\":{\"@id\":\"https:\/\/www.cannabis.es\/pw\/2016\/04\/25\/unas-reflexiones-sobre-el-cultivo-libre\/#primaryimage\"},\"thumbnailUrl\":\"https:\/\/www.cannabis.es\/pw\/wp-content\/uploads\/2020\/05\/yaestabien.jpg\",\"keywords\":[\"autocultivo\",\"cannabis\"],\"articleSection\":[\"Cultivo\"],\"inLanguage\":\"es\"},{\"@type\":\"WebPage\",\"@id\":\"https:\/\/www.cannabis.es\/pw\/2016\/04\/25\/unas-reflexiones-sobre-el-cultivo-libre\/\",\"url\":\"https:\/\/www.cannabis.es\/pw\/2016\/04\/25\/unas-reflexiones-sobre-el-cultivo-libre\/\",\"name\":\"Unas reflexiones sobre el cultivo libre\",\"isPartOf\":{\"@id\":\"https:\/\/www.cannabis.es\/pw\/#website\"},\"primaryImageOfPage\":{\"@id\":\"https:\/\/www.cannabis.es\/pw\/2016\/04\/25\/unas-reflexiones-sobre-el-cultivo-libre\/#primaryimage\"},\"image\":{\"@id\":\"https:\/\/www.cannabis.es\/pw\/2016\/04\/25\/unas-reflexiones-sobre-el-cultivo-libre\/#primaryimage\"},\"thumbnailUrl\":\"https:\/\/www.cannabis.es\/pw\/wp-content\/uploads\/2020\/05\/yaestabien.jpg\",\"datePublished\":\"2016-04-25T14:11:56+00:00\",\"dateModified\":\"2020-06-06T08:51:01+00:00\",\"description\":\"Entrada &#8226; Portal multimedia sobre cannabis y otras sustancias &#8226; 25 abril, 2016\",\"breadcrumb\":{\"@id\":\"https:\/\/www.cannabis.es\/pw\/2016\/04\/25\/unas-reflexiones-sobre-el-cultivo-libre\/#breadcrumb\"},\"inLanguage\":\"es\",\"potentialAction\":[{\"@type\":\"ReadAction\",\"target\":[\"https:\/\/www.cannabis.es\/pw\/2016\/04\/25\/unas-reflexiones-sobre-el-cultivo-libre\/\"]}]},{\"@type\":\"ImageObject\",\"inLanguage\":\"es\",\"@id\":\"https:\/\/www.cannabis.es\/pw\/2016\/04\/25\/unas-reflexiones-sobre-el-cultivo-libre\/#primaryimage\",\"url\":\"https:\/\/www.cannabis.es\/pw\/wp-content\/uploads\/2020\/05\/yaestabien.jpg\",\"contentUrl\":\"https:\/\/www.cannabis.es\/pw\/wp-content\/uploads\/2020\/05\/yaestabien.jpg\",\"width\":959,\"height\":475},{\"@type\":\"BreadcrumbList\",\"@id\":\"https:\/\/www.cannabis.es\/pw\/2016\/04\/25\/unas-reflexiones-sobre-el-cultivo-libre\/#breadcrumb\",\"itemListElement\":[{\"@type\":\"ListItem\",\"position\":1,\"name\":\"Portada\",\"item\":\"http:\/\/www.cannabis.es\/pw\/\"},{\"@type\":\"ListItem\",\"position\":2,\"name\":\"Unas reflexiones sobre el cultivo libre\"}]},{\"@type\":\"WebSite\",\"@id\":\"https:\/\/www.cannabis.es\/pw\/#website\",\"url\":\"https:\/\/www.cannabis.es\/pw\/\",\"name\":\"Cannabis\",\"description\":\"Portal multimedia sobre cannabis y otras sustancias\",\"publisher\":{\"@id\":\"https:\/\/www.cannabis.es\/pw\/#organization\"},\"potentialAction\":[{\"@type\":\"SearchAction\",\"target\":{\"@type\":\"EntryPoint\",\"urlTemplate\":\"https:\/\/www.cannabis.es\/pw\/?s={search_term_string}\"},\"query-input\":{\"@type\":\"PropertyValueSpecification\",\"valueRequired\":true,\"valueName\":\"search_term_string\"}}],\"inLanguage\":\"es\"},{\"@type\":\"Organization\",\"@id\":\"https:\/\/www.cannabis.es\/pw\/#organization\",\"name\":\"Cannabis.es\",\"url\":\"https:\/\/www.cannabis.es\/pw\/\",\"logo\":{\"@type\":\"ImageObject\",\"inLanguage\":\"es\",\"@id\":\"https:\/\/www.cannabis.es\/pw\/#\/schema\/logo\/image\/\",\"url\":\"https:\/\/www.cannabis.es\/pw\/wp-content\/uploads\/2019\/04\/cropped-logo_cannabis.png\",\"contentUrl\":\"https:\/\/www.cannabis.es\/pw\/wp-content\/uploads\/2019\/04\/cropped-logo_cannabis.png\",\"width\":361,\"height\":120,\"caption\":\"Cannabis.es\"},\"image\":{\"@id\":\"https:\/\/www.cannabis.es\/pw\/#\/schema\/logo\/image\/\"},\"sameAs\":[\"https:\/\/x.com\/cannabis_es\"]},{\"@type\":\"Person\",\"@id\":\"https:\/\/www.cannabis.es\/pw\/#\/schema\/person\/e2fbd204580cf4fe74c79b82bc447374\",\"name\":\"Cannabis.es\",\"image\":{\"@type\":\"ImageObject\",\"inLanguage\":\"es\",\"@id\":\"https:\/\/www.cannabis.es\/pw\/#\/schema\/person\/image\/\",\"url\":\"https:\/\/secure.gravatar.com\/avatar\/4375b1eb6e272e2e48a4b8a8def52e5f208151f555bb5906da616906ee6dd2e8?s=96&d=mm&r=g\",\"contentUrl\":\"https:\/\/secure.gravatar.com\/avatar\/4375b1eb6e272e2e48a4b8a8def52e5f208151f555bb5906da616906ee6dd2e8?s=96&d=mm&r=g\",\"caption\":\"Cannabis.es\"},\"url\":\"https:\/\/www.cannabis.es\/pw\/author\/cannabis\/\"}]}<\/script>\n<!-- \/ Yoast SEO plugin. -->","yoast_head_json":{"title":"Unas reflexiones sobre el cultivo libre","description":"Entrada &#8226; Portal multimedia sobre cannabis y otras sustancias &#8226; 25 abril, 2016","robots":{"index":"index","follow":"follow","max-snippet":"max-snippet:-1","max-image-preview":"max-image-preview:large","max-video-preview":"max-video-preview:-1"},"canonical":"https:\/\/www.cannabis.es\/pw\/2016\/04\/25\/unas-reflexiones-sobre-el-cultivo-libre\/","twitter_card":"summary_large_image","twitter_title":"Unas reflexiones sobre el cultivo libre","twitter_description":"Entrada &#8226; Portal multimedia sobre cannabis y otras sustancias &#8226; 25 abril, 2016","twitter_image":"https:\/\/www.cannabis.es\/pw\/wp-content\/uploads\/2020\/05\/yaestabien.jpg","twitter_creator":"@cannabis_es","twitter_site":"@cannabis_es","twitter_misc":{"Escrito por":"Cannabis.es","Tiempo de lectura":"6 minutos"},"schema":{"@context":"https:\/\/schema.org","@graph":[{"@type":"Article","@id":"https:\/\/www.cannabis.es\/pw\/2016\/04\/25\/unas-reflexiones-sobre-el-cultivo-libre\/#article","isPartOf":{"@id":"https:\/\/www.cannabis.es\/pw\/2016\/04\/25\/unas-reflexiones-sobre-el-cultivo-libre\/"},"author":{"name":"Cannabis.es","@id":"https:\/\/www.cannabis.es\/pw\/#\/schema\/person\/e2fbd204580cf4fe74c79b82bc447374"},"headline":"Unas reflexiones sobre el cultivo libre","datePublished":"2016-04-25T14:11:56+00:00","dateModified":"2020-06-06T08:51:01+00:00","mainEntityOfPage":{"@id":"https:\/\/www.cannabis.es\/pw\/2016\/04\/25\/unas-reflexiones-sobre-el-cultivo-libre\/"},"wordCount":1216,"publisher":{"@id":"https:\/\/www.cannabis.es\/pw\/#organization"},"image":{"@id":"https:\/\/www.cannabis.es\/pw\/2016\/04\/25\/unas-reflexiones-sobre-el-cultivo-libre\/#primaryimage"},"thumbnailUrl":"https:\/\/www.cannabis.es\/pw\/wp-content\/uploads\/2020\/05\/yaestabien.jpg","keywords":["autocultivo","cannabis"],"articleSection":["Cultivo"],"inLanguage":"es"},{"@type":"WebPage","@id":"https:\/\/www.cannabis.es\/pw\/2016\/04\/25\/unas-reflexiones-sobre-el-cultivo-libre\/","url":"https:\/\/www.cannabis.es\/pw\/2016\/04\/25\/unas-reflexiones-sobre-el-cultivo-libre\/","name":"Unas reflexiones sobre el cultivo libre","isPartOf":{"@id":"https:\/\/www.cannabis.es\/pw\/#website"},"primaryImageOfPage":{"@id":"https:\/\/www.cannabis.es\/pw\/2016\/04\/25\/unas-reflexiones-sobre-el-cultivo-libre\/#primaryimage"},"image":{"@id":"https:\/\/www.cannabis.es\/pw\/2016\/04\/25\/unas-reflexiones-sobre-el-cultivo-libre\/#primaryimage"},"thumbnailUrl":"https:\/\/www.cannabis.es\/pw\/wp-content\/uploads\/2020\/05\/yaestabien.jpg","datePublished":"2016-04-25T14:11:56+00:00","dateModified":"2020-06-06T08:51:01+00:00","description":"Entrada &#8226; Portal multimedia sobre cannabis y otras sustancias &#8226; 25 abril, 2016","breadcrumb":{"@id":"https:\/\/www.cannabis.es\/pw\/2016\/04\/25\/unas-reflexiones-sobre-el-cultivo-libre\/#breadcrumb"},"inLanguage":"es","potentialAction":[{"@type":"ReadAction","target":["https:\/\/www.cannabis.es\/pw\/2016\/04\/25\/unas-reflexiones-sobre-el-cultivo-libre\/"]}]},{"@type":"ImageObject","inLanguage":"es","@id":"https:\/\/www.cannabis.es\/pw\/2016\/04\/25\/unas-reflexiones-sobre-el-cultivo-libre\/#primaryimage","url":"https:\/\/www.cannabis.es\/pw\/wp-content\/uploads\/2020\/05\/yaestabien.jpg","contentUrl":"https:\/\/www.cannabis.es\/pw\/wp-content\/uploads\/2020\/05\/yaestabien.jpg","width":959,"height":475},{"@type":"BreadcrumbList","@id":"https:\/\/www.cannabis.es\/pw\/2016\/04\/25\/unas-reflexiones-sobre-el-cultivo-libre\/#breadcrumb","itemListElement":[{"@type":"ListItem","position":1,"name":"Portada","item":"http:\/\/www.cannabis.es\/pw\/"},{"@type":"ListItem","position":2,"name":"Unas reflexiones sobre el cultivo libre"}]},{"@type":"WebSite","@id":"https:\/\/www.cannabis.es\/pw\/#website","url":"https:\/\/www.cannabis.es\/pw\/","name":"Cannabis","description":"Portal multimedia sobre cannabis y otras sustancias","publisher":{"@id":"https:\/\/www.cannabis.es\/pw\/#organization"},"potentialAction":[{"@type":"SearchAction","target":{"@type":"EntryPoint","urlTemplate":"https:\/\/www.cannabis.es\/pw\/?s={search_term_string}"},"query-input":{"@type":"PropertyValueSpecification","valueRequired":true,"valueName":"search_term_string"}}],"inLanguage":"es"},{"@type":"Organization","@id":"https:\/\/www.cannabis.es\/pw\/#organization","name":"Cannabis.es","url":"https:\/\/www.cannabis.es\/pw\/","logo":{"@type":"ImageObject","inLanguage":"es","@id":"https:\/\/www.cannabis.es\/pw\/#\/schema\/logo\/image\/","url":"https:\/\/www.cannabis.es\/pw\/wp-content\/uploads\/2019\/04\/cropped-logo_cannabis.png","contentUrl":"https:\/\/www.cannabis.es\/pw\/wp-content\/uploads\/2019\/04\/cropped-logo_cannabis.png","width":361,"height":120,"caption":"Cannabis.es"},"image":{"@id":"https:\/\/www.cannabis.es\/pw\/#\/schema\/logo\/image\/"},"sameAs":["https:\/\/x.com\/cannabis_es"]},{"@type":"Person","@id":"https:\/\/www.cannabis.es\/pw\/#\/schema\/person\/e2fbd204580cf4fe74c79b82bc447374","name":"Cannabis.es","image":{"@type":"ImageObject","inLanguage":"es","@id":"https:\/\/www.cannabis.es\/pw\/#\/schema\/person\/image\/","url":"https:\/\/secure.gravatar.com\/avatar\/4375b1eb6e272e2e48a4b8a8def52e5f208151f555bb5906da616906ee6dd2e8?s=96&d=mm&r=g","contentUrl":"https:\/\/secure.gravatar.com\/avatar\/4375b1eb6e272e2e48a4b8a8def52e5f208151f555bb5906da616906ee6dd2e8?s=96&d=mm&r=g","caption":"Cannabis.es"},"url":"https:\/\/www.cannabis.es\/pw\/author\/cannabis\/"}]}},"_links":{"self":[{"href":"https:\/\/www.cannabis.es\/pw\/wp-json\/wp\/v2\/posts\/3657","targetHints":{"allow":["GET"]}}],"collection":[{"href":"https:\/\/www.cannabis.es\/pw\/wp-json\/wp\/v2\/posts"}],"about":[{"href":"https:\/\/www.cannabis.es\/pw\/wp-json\/wp\/v2\/types\/post"}],"author":[{"embeddable":true,"href":"https:\/\/www.cannabis.es\/pw\/wp-json\/wp\/v2\/users\/1"}],"replies":[{"embeddable":true,"href":"https:\/\/www.cannabis.es\/pw\/wp-json\/wp\/v2\/comments?post=3657"}],"version-history":[{"count":2,"href":"https:\/\/www.cannabis.es\/pw\/wp-json\/wp\/v2\/posts\/3657\/revisions"}],"predecessor-version":[{"id":5278,"href":"https:\/\/www.cannabis.es\/pw\/wp-json\/wp\/v2\/posts\/3657\/revisions\/5278"}],"wp:featuredmedia":[{"embeddable":true,"href":"https:\/\/www.cannabis.es\/pw\/wp-json\/wp\/v2\/media\/3658"}],"wp:attachment":[{"href":"https:\/\/www.cannabis.es\/pw\/wp-json\/wp\/v2\/media?parent=3657"}],"wp:term":[{"taxonomy":"category","embeddable":true,"href":"https:\/\/www.cannabis.es\/pw\/wp-json\/wp\/v2\/categories?post=3657"},{"taxonomy":"post_tag","embeddable":true,"href":"https:\/\/www.cannabis.es\/pw\/wp-json\/wp\/v2\/tags?post=3657"}],"curies":[{"name":"wp","href":"https:\/\/api.w.org\/{rel}","templated":true}]}}