{"id":3663,"date":"2016-04-22T16:14:13","date_gmt":"2016-04-22T14:14:13","guid":{"rendered":"http:\/\/www.cannabis.es\/pw\/?p=3663"},"modified":"2020-05-22T16:15:05","modified_gmt":"2020-05-22T14:15:05","slug":"libertad-para-juan-zurita","status":"publish","type":"post","link":"https:\/\/www.cannabis.es\/pw\/2016\/04\/22\/libertad-para-juan-zurita\/","title":{"rendered":"Libertad para Juan Zurita"},"content":{"rendered":"\n<p>El pasado 12 de Abril,&nbsp;<strong>Juan Zurita Arg\u00fcelles<\/strong>&nbsp;entr\u00f3 en prisi\u00f3n para cumplir&nbsp;<strong>3 a\u00f1os y medio<\/strong>&nbsp;de prisi\u00f3n, como condena por un supuesto delito contra la salud p\u00fablica.<\/p>\n\n\n\n<hr class=\"wp-block-separator\"\/>\n\n\n\n<p>El \u00fanico delito que ha cometido Juan, es ser cultivador de c\u00e1\u00f1amo&#8230; como ya sab\u00e9is, el c\u00e1\u00f1amo es otra variedad de la planta del cannabis, que se emplea para m\u00faltiple finalidades, desde la fabricaci\u00f3n de celulosa, textiles, materiales de construcci\u00f3n, aceites y semillas comestibles, biocombustibles, lubricantes y biopl\u00e1sticos, aplicaciones medicinales, y un largo etc\u00e9tera\u2026<\/p>\n\n\n\n<p>La diferencia entre c\u00e1\u00f1amo y marihuana, es l<strong>a concentraci\u00f3n de THC<\/strong>&nbsp;de las dos variedades de cannabis. La marihuana que consumimos con fines recreativos o terap\u00e9uticos contiene unos niveles m\u00e1s elevados de THC, normalmente por encima del 5% o 7%, hasta l\u00edmites muy superiores. El c\u00e1\u00f1amo (habitualmente llamado \u201cc\u00e1\u00f1amo industrial\u201d para remarcar su diferencia) no suele alcanzar los mismos niveles y rara vez supera una concentraci\u00f3n del 1% (que es el valor establecido por las normativas nacionales e internacionales para permitir su cultivo en explotaciones agr\u00edcolas).<\/p>\n\n\n\n<p>Pues bien, el caso de<strong>&nbsp;Juan Zurita<\/strong>&nbsp;es el siguiente. En 2014, el cultivador granadino, que por cierto es uno de los pioneros del cultivo de c\u00e1\u00f1amo en nuestro pa\u00eds, transportaba con su coche unos cuantos kilos de c\u00e1\u00f1amo para su venta cuando le dieron el alto en un control de polic\u00eda. Se le incaut\u00f3 el material, para que la polic\u00eda lo analizase y asegurase que no se trataba de marihuana. Voluntariamente, Juan invit\u00f3 a la polic\u00eda a su cortijo en la Alpujarra para que las autoridades confirmasen que su actividad era totalmente legal. Pero una vez all\u00ed, se le confiscaron tambi\u00e9n otros 120 kilos de c\u00e1\u00f1amo para su an\u00e1lisis.<br>Y cu\u00e1l fue la sorpresa de Juan al descubrir que menos de una semana despu\u00e9s de la incautaci\u00f3n de su producci\u00f3n de c\u00e1\u00f1amo, la polic\u00eda entreg\u00f3 a Europa Press una nota de prensa en la que comunicaba que hab\u00eda aprehendido&nbsp;<strong>126 Kilos de marihuana<\/strong>&nbsp;a Juan. Y lo m\u00e1s flagrante del caso, es que los an\u00e1lisis que deb\u00edan confirmar si se trataba de un material legal o ilegal no se realizaron hasta un mes despu\u00e9s de que la nota de prensa fuera difundida.<\/p>\n\n\n\n<p>\u00ab<em><strong>En los an\u00e1lisis se dec\u00eda que todo era marihuana, independientemente del nivel de THC de las distintas muestras. El argumento fue que sobrepasaba el 0\u20192% de THC y as\u00ed lo declar\u00f3 el perito policial en el juicio. El perito habl\u00f3 de una supuesta normativa vigente.\u00bb<\/strong><\/em><\/p>\n\n\n\n<p>Y el juez encargado del caso, bas\u00e1ndose en la declaraci\u00f3n del perito, conden\u00f3 a Juan a&nbsp;<strong>tres a\u00f1os y medio de prisi\u00f3n<\/strong>.<br>Las plantas de Juan ten\u00edan, seg\u00fan esos mismos an\u00e1lisis, un 0,77% de THC. Y aqu\u00ed surge otro problema, y es que las normativas vigentes en nuestro pa\u00eds y fuera de \u00e9l, consideran que se trata de marihuana cuando la concentraci\u00f3n de THC en las muestras supera el 0,2% (anteriormente, este l\u00edmite se encontraba en el 0,3% pero se modific\u00f3 en 2002).<\/p>\n\n\n\n<p>Juan entr\u00f3 en prisi\u00f3n la semana pasada, y desde Alsativa y diversas plataformas, se ha puesto en marcha una recogida de firmas para que tanto el Juez, como la polic\u00eda cient\u00edfica de M\u00e1laga estudien de nuevo su caso, y Juan sea puesto en libertad\u2026<br><\/p>\n\n\n\n<p><a href=\"https:\/\/www.change.org\/p\/polic%C3%ADa-cient%C3%ADfica-de-la-comisar%C3%ADa-de-m%C3%A1laga-libertad-para-un-agricultor-de-c%C3%A1%C3%B1amo-inocente-condenado-injustamente-por-marihuana?source_location=petitions_share_skip\" target=\"_blank\" rel=\"noreferrer noopener\">Colabora con tu firma aqu\u00ed<\/a>.&nbsp;<\/p>\n\n\n\n<figure class=\"wp-block-embed\"><div class=\"wp-block-embed__wrapper\">\nhttp:\/\/www.alsativa.es\/\n<\/div><\/figure>\n","protected":false},"excerpt":{"rendered":"<span class=\"span-reading-time rt-reading-time\" style=\"display: block;\"><span class=\"rt-label rt-prefix\">Tiempo de lectura:<\/span> <span class=\"rt-time\"> 2<\/span> <span class=\"rt-label rt-postfix\">minutos<\/span><\/span>El pasado 12 de Abril,&nbsp;Juan Zurita Arg\u00fcelles&nbsp;entr\u00f3 en prisi\u00f3n para cumplir&nbsp;3 a\u00f1os y medio&nbsp;de prisi\u00f3n, como condena por un supuesto delito contra la salud p\u00fablica. El \u00fanico delito que ha cometido Juan, es ser cultivador de c\u00e1\u00f1amo&#8230; como ya sab\u00e9is, el c\u00e1\u00f1amo es otra variedad de la planta del cannabis, que se emplea para m\u00faltiple [&hellip;]","protected":false},"author":1,"featured_media":3664,"comment_status":"closed","ping_status":"closed","sticky":false,"template":"","format":"standard","meta":{"loftocean-featured-post":"","loftocean_post_format_gallery":"","loftocean_post_format_gallery_ids":"","loftocean_post_format_gallery_urls":"","loftocean_post_format_video_id":"","loftocean_post_format_video_url":"","loftocean_post_format_video_type":"","loftocean_post_format_video":"","loftocean_post_format_audio_type":"","loftocean_post_format_audio_url":"","loftocean_post_format_audio_id":"","loftocean_post_format_audio":"","loftocean_post_format_quote_text":"","loftocean_post_format_quote_byline":"","loftocean_post_format_link_text":"","loftocean_post_format_link_url":"","ceramag_post_header_style":"","ceramag_enable_background_video":"","ceramag_show_in_top_slider":"","ceramag_post_background_video_start":"","ceramag_post_background_video_end":"","loftocean_page_background_video_id":"","loftocean_page_background_video_url":"","loftocean_page_background_video_type":"","loftocean_page_background_video":"","ceramag_background_video_start":"","ceramag_background_video_end":"","ceramag_single_page_hide_header":"","footnotes":""},"categories":[35],"tags":[],"class_list":["post-3663","post","type-post","status-publish","format-standard","has-post-thumbnail","hentry","category-politica-y-sociedad"],"yoast_head":"<!-- This site is optimized with the Yoast SEO plugin v24.9 - https:\/\/yoast.com\/wordpress\/plugins\/seo\/ -->\n<title>Libertad para Juan Zurita<\/title>\n<meta name=\"description\" content=\"Entrada &#8226; Portal multimedia sobre cannabis y otras sustancias &#8226; 22 abril, 2016\" \/>\n<meta name=\"robots\" content=\"index, follow, max-snippet:-1, max-image-preview:large, max-video-preview:-1\" \/>\n<link rel=\"canonical\" href=\"https:\/\/www.cannabis.es\/pw\/2016\/04\/22\/libertad-para-juan-zurita\/\" \/>\n<meta name=\"twitter:card\" content=\"summary_large_image\" \/>\n<meta name=\"twitter:title\" content=\"Libertad para Juan Zurita\" \/>\n<meta name=\"twitter:description\" content=\"Entrada &#8226; Portal multimedia sobre cannabis y otras sustancias &#8226; 22 abril, 2016\" \/>\n<meta name=\"twitter:image\" content=\"https:\/\/www.cannabis.es\/pw\/wp-content\/uploads\/2020\/05\/juan_zurita.jpg\" \/>\n<meta name=\"twitter:creator\" content=\"@cannabis_es\" \/>\n<meta name=\"twitter:site\" content=\"@cannabis_es\" \/>\n<meta name=\"twitter:label1\" content=\"Escrito por\" \/>\n\t<meta name=\"twitter:data1\" content=\"Cannabis.es\" \/>\n\t<meta name=\"twitter:label2\" content=\"Tiempo de lectura\" \/>\n\t<meta name=\"twitter:data2\" content=\"3 minutos\" \/>\n<script type=\"application\/ld+json\" class=\"yoast-schema-graph\">{\"@context\":\"https:\/\/schema.org\",\"@graph\":[{\"@type\":\"Article\",\"@id\":\"https:\/\/www.cannabis.es\/pw\/2016\/04\/22\/libertad-para-juan-zurita\/#article\",\"isPartOf\":{\"@id\":\"https:\/\/www.cannabis.es\/pw\/2016\/04\/22\/libertad-para-juan-zurita\/\"},\"author\":{\"name\":\"Cannabis.es\",\"@id\":\"https:\/\/www.cannabis.es\/pw\/#\/schema\/person\/e2fbd204580cf4fe74c79b82bc447374\"},\"headline\":\"Libertad para Juan Zurita\",\"datePublished\":\"2016-04-22T14:14:13+00:00\",\"dateModified\":\"2020-05-22T14:15:05+00:00\",\"mainEntityOfPage\":{\"@id\":\"https:\/\/www.cannabis.es\/pw\/2016\/04\/22\/libertad-para-juan-zurita\/\"},\"wordCount\":603,\"publisher\":{\"@id\":\"https:\/\/www.cannabis.es\/pw\/#organization\"},\"image\":{\"@id\":\"https:\/\/www.cannabis.es\/pw\/2016\/04\/22\/libertad-para-juan-zurita\/#primaryimage\"},\"thumbnailUrl\":\"https:\/\/www.cannabis.es\/pw\/wp-content\/uploads\/2020\/05\/juan_zurita.jpg\",\"articleSection\":[\"Pol\u00edtica y Sociedad\"],\"inLanguage\":\"es\"},{\"@type\":\"WebPage\",\"@id\":\"https:\/\/www.cannabis.es\/pw\/2016\/04\/22\/libertad-para-juan-zurita\/\",\"url\":\"https:\/\/www.cannabis.es\/pw\/2016\/04\/22\/libertad-para-juan-zurita\/\",\"name\":\"Libertad para Juan Zurita\",\"isPartOf\":{\"@id\":\"https:\/\/www.cannabis.es\/pw\/#website\"},\"primaryImageOfPage\":{\"@id\":\"https:\/\/www.cannabis.es\/pw\/2016\/04\/22\/libertad-para-juan-zurita\/#primaryimage\"},\"image\":{\"@id\":\"https:\/\/www.cannabis.es\/pw\/2016\/04\/22\/libertad-para-juan-zurita\/#primaryimage\"},\"thumbnailUrl\":\"https:\/\/www.cannabis.es\/pw\/wp-content\/uploads\/2020\/05\/juan_zurita.jpg\",\"datePublished\":\"2016-04-22T14:14:13+00:00\",\"dateModified\":\"2020-05-22T14:15:05+00:00\",\"description\":\"Entrada &#8226; Portal multimedia sobre cannabis y otras sustancias &#8226; 22 abril, 2016\",\"breadcrumb\":{\"@id\":\"https:\/\/www.cannabis.es\/pw\/2016\/04\/22\/libertad-para-juan-zurita\/#breadcrumb\"},\"inLanguage\":\"es\",\"potentialAction\":[{\"@type\":\"ReadAction\",\"target\":[\"https:\/\/www.cannabis.es\/pw\/2016\/04\/22\/libertad-para-juan-zurita\/\"]}]},{\"@type\":\"ImageObject\",\"inLanguage\":\"es\",\"@id\":\"https:\/\/www.cannabis.es\/pw\/2016\/04\/22\/libertad-para-juan-zurita\/#primaryimage\",\"url\":\"https:\/\/www.cannabis.es\/pw\/wp-content\/uploads\/2020\/05\/juan_zurita.jpg\",\"contentUrl\":\"https:\/\/www.cannabis.es\/pw\/wp-content\/uploads\/2020\/05\/juan_zurita.jpg\",\"width\":959,\"height\":475},{\"@type\":\"BreadcrumbList\",\"@id\":\"https:\/\/www.cannabis.es\/pw\/2016\/04\/22\/libertad-para-juan-zurita\/#breadcrumb\",\"itemListElement\":[{\"@type\":\"ListItem\",\"position\":1,\"name\":\"Portada\",\"item\":\"http:\/\/www.cannabis.es\/pw\/\"},{\"@type\":\"ListItem\",\"position\":2,\"name\":\"Libertad para Juan Zurita\"}]},{\"@type\":\"WebSite\",\"@id\":\"https:\/\/www.cannabis.es\/pw\/#website\",\"url\":\"https:\/\/www.cannabis.es\/pw\/\",\"name\":\"Cannabis\",\"description\":\"Portal multimedia sobre cannabis y otras sustancias\",\"publisher\":{\"@id\":\"https:\/\/www.cannabis.es\/pw\/#organization\"},\"potentialAction\":[{\"@type\":\"SearchAction\",\"target\":{\"@type\":\"EntryPoint\",\"urlTemplate\":\"https:\/\/www.cannabis.es\/pw\/?s={search_term_string}\"},\"query-input\":{\"@type\":\"PropertyValueSpecification\",\"valueRequired\":true,\"valueName\":\"search_term_string\"}}],\"inLanguage\":\"es\"},{\"@type\":\"Organization\",\"@id\":\"https:\/\/www.cannabis.es\/pw\/#organization\",\"name\":\"Cannabis.es\",\"url\":\"https:\/\/www.cannabis.es\/pw\/\",\"logo\":{\"@type\":\"ImageObject\",\"inLanguage\":\"es\",\"@id\":\"https:\/\/www.cannabis.es\/pw\/#\/schema\/logo\/image\/\",\"url\":\"https:\/\/www.cannabis.es\/pw\/wp-content\/uploads\/2019\/04\/cropped-logo_cannabis.png\",\"contentUrl\":\"https:\/\/www.cannabis.es\/pw\/wp-content\/uploads\/2019\/04\/cropped-logo_cannabis.png\",\"width\":361,\"height\":120,\"caption\":\"Cannabis.es\"},\"image\":{\"@id\":\"https:\/\/www.cannabis.es\/pw\/#\/schema\/logo\/image\/\"},\"sameAs\":[\"https:\/\/x.com\/cannabis_es\"]},{\"@type\":\"Person\",\"@id\":\"https:\/\/www.cannabis.es\/pw\/#\/schema\/person\/e2fbd204580cf4fe74c79b82bc447374\",\"name\":\"Cannabis.es\",\"image\":{\"@type\":\"ImageObject\",\"inLanguage\":\"es\",\"@id\":\"https:\/\/www.cannabis.es\/pw\/#\/schema\/person\/image\/\",\"url\":\"https:\/\/secure.gravatar.com\/avatar\/4375b1eb6e272e2e48a4b8a8def52e5f208151f555bb5906da616906ee6dd2e8?s=96&d=mm&r=g\",\"contentUrl\":\"https:\/\/secure.gravatar.com\/avatar\/4375b1eb6e272e2e48a4b8a8def52e5f208151f555bb5906da616906ee6dd2e8?s=96&d=mm&r=g\",\"caption\":\"Cannabis.es\"},\"url\":\"https:\/\/www.cannabis.es\/pw\/author\/cannabis\/\"}]}<\/script>\n<!-- \/ Yoast SEO plugin. -->","yoast_head_json":{"title":"Libertad para Juan Zurita","description":"Entrada &#8226; Portal multimedia sobre cannabis y otras sustancias &#8226; 22 abril, 2016","robots":{"index":"index","follow":"follow","max-snippet":"max-snippet:-1","max-image-preview":"max-image-preview:large","max-video-preview":"max-video-preview:-1"},"canonical":"https:\/\/www.cannabis.es\/pw\/2016\/04\/22\/libertad-para-juan-zurita\/","twitter_card":"summary_large_image","twitter_title":"Libertad para Juan Zurita","twitter_description":"Entrada &#8226; Portal multimedia sobre cannabis y otras sustancias &#8226; 22 abril, 2016","twitter_image":"https:\/\/www.cannabis.es\/pw\/wp-content\/uploads\/2020\/05\/juan_zurita.jpg","twitter_creator":"@cannabis_es","twitter_site":"@cannabis_es","twitter_misc":{"Escrito por":"Cannabis.es","Tiempo de lectura":"3 minutos"},"schema":{"@context":"https:\/\/schema.org","@graph":[{"@type":"Article","@id":"https:\/\/www.cannabis.es\/pw\/2016\/04\/22\/libertad-para-juan-zurita\/#article","isPartOf":{"@id":"https:\/\/www.cannabis.es\/pw\/2016\/04\/22\/libertad-para-juan-zurita\/"},"author":{"name":"Cannabis.es","@id":"https:\/\/www.cannabis.es\/pw\/#\/schema\/person\/e2fbd204580cf4fe74c79b82bc447374"},"headline":"Libertad para Juan Zurita","datePublished":"2016-04-22T14:14:13+00:00","dateModified":"2020-05-22T14:15:05+00:00","mainEntityOfPage":{"@id":"https:\/\/www.cannabis.es\/pw\/2016\/04\/22\/libertad-para-juan-zurita\/"},"wordCount":603,"publisher":{"@id":"https:\/\/www.cannabis.es\/pw\/#organization"},"image":{"@id":"https:\/\/www.cannabis.es\/pw\/2016\/04\/22\/libertad-para-juan-zurita\/#primaryimage"},"thumbnailUrl":"https:\/\/www.cannabis.es\/pw\/wp-content\/uploads\/2020\/05\/juan_zurita.jpg","articleSection":["Pol\u00edtica y Sociedad"],"inLanguage":"es"},{"@type":"WebPage","@id":"https:\/\/www.cannabis.es\/pw\/2016\/04\/22\/libertad-para-juan-zurita\/","url":"https:\/\/www.cannabis.es\/pw\/2016\/04\/22\/libertad-para-juan-zurita\/","name":"Libertad para Juan Zurita","isPartOf":{"@id":"https:\/\/www.cannabis.es\/pw\/#website"},"primaryImageOfPage":{"@id":"https:\/\/www.cannabis.es\/pw\/2016\/04\/22\/libertad-para-juan-zurita\/#primaryimage"},"image":{"@id":"https:\/\/www.cannabis.es\/pw\/2016\/04\/22\/libertad-para-juan-zurita\/#primaryimage"},"thumbnailUrl":"https:\/\/www.cannabis.es\/pw\/wp-content\/uploads\/2020\/05\/juan_zurita.jpg","datePublished":"2016-04-22T14:14:13+00:00","dateModified":"2020-05-22T14:15:05+00:00","description":"Entrada &#8226; Portal multimedia sobre cannabis y otras sustancias &#8226; 22 abril, 2016","breadcrumb":{"@id":"https:\/\/www.cannabis.es\/pw\/2016\/04\/22\/libertad-para-juan-zurita\/#breadcrumb"},"inLanguage":"es","potentialAction":[{"@type":"ReadAction","target":["https:\/\/www.cannabis.es\/pw\/2016\/04\/22\/libertad-para-juan-zurita\/"]}]},{"@type":"ImageObject","inLanguage":"es","@id":"https:\/\/www.cannabis.es\/pw\/2016\/04\/22\/libertad-para-juan-zurita\/#primaryimage","url":"https:\/\/www.cannabis.es\/pw\/wp-content\/uploads\/2020\/05\/juan_zurita.jpg","contentUrl":"https:\/\/www.cannabis.es\/pw\/wp-content\/uploads\/2020\/05\/juan_zurita.jpg","width":959,"height":475},{"@type":"BreadcrumbList","@id":"https:\/\/www.cannabis.es\/pw\/2016\/04\/22\/libertad-para-juan-zurita\/#breadcrumb","itemListElement":[{"@type":"ListItem","position":1,"name":"Portada","item":"http:\/\/www.cannabis.es\/pw\/"},{"@type":"ListItem","position":2,"name":"Libertad para Juan Zurita"}]},{"@type":"WebSite","@id":"https:\/\/www.cannabis.es\/pw\/#website","url":"https:\/\/www.cannabis.es\/pw\/","name":"Cannabis","description":"Portal multimedia sobre cannabis y otras sustancias","publisher":{"@id":"https:\/\/www.cannabis.es\/pw\/#organization"},"potentialAction":[{"@type":"SearchAction","target":{"@type":"EntryPoint","urlTemplate":"https:\/\/www.cannabis.es\/pw\/?s={search_term_string}"},"query-input":{"@type":"PropertyValueSpecification","valueRequired":true,"valueName":"search_term_string"}}],"inLanguage":"es"},{"@type":"Organization","@id":"https:\/\/www.cannabis.es\/pw\/#organization","name":"Cannabis.es","url":"https:\/\/www.cannabis.es\/pw\/","logo":{"@type":"ImageObject","inLanguage":"es","@id":"https:\/\/www.cannabis.es\/pw\/#\/schema\/logo\/image\/","url":"https:\/\/www.cannabis.es\/pw\/wp-content\/uploads\/2019\/04\/cropped-logo_cannabis.png","contentUrl":"https:\/\/www.cannabis.es\/pw\/wp-content\/uploads\/2019\/04\/cropped-logo_cannabis.png","width":361,"height":120,"caption":"Cannabis.es"},"image":{"@id":"https:\/\/www.cannabis.es\/pw\/#\/schema\/logo\/image\/"},"sameAs":["https:\/\/x.com\/cannabis_es"]},{"@type":"Person","@id":"https:\/\/www.cannabis.es\/pw\/#\/schema\/person\/e2fbd204580cf4fe74c79b82bc447374","name":"Cannabis.es","image":{"@type":"ImageObject","inLanguage":"es","@id":"https:\/\/www.cannabis.es\/pw\/#\/schema\/person\/image\/","url":"https:\/\/secure.gravatar.com\/avatar\/4375b1eb6e272e2e48a4b8a8def52e5f208151f555bb5906da616906ee6dd2e8?s=96&d=mm&r=g","contentUrl":"https:\/\/secure.gravatar.com\/avatar\/4375b1eb6e272e2e48a4b8a8def52e5f208151f555bb5906da616906ee6dd2e8?s=96&d=mm&r=g","caption":"Cannabis.es"},"url":"https:\/\/www.cannabis.es\/pw\/author\/cannabis\/"}]}},"_links":{"self":[{"href":"https:\/\/www.cannabis.es\/pw\/wp-json\/wp\/v2\/posts\/3663","targetHints":{"allow":["GET"]}}],"collection":[{"href":"https:\/\/www.cannabis.es\/pw\/wp-json\/wp\/v2\/posts"}],"about":[{"href":"https:\/\/www.cannabis.es\/pw\/wp-json\/wp\/v2\/types\/post"}],"author":[{"embeddable":true,"href":"https:\/\/www.cannabis.es\/pw\/wp-json\/wp\/v2\/users\/1"}],"replies":[{"embeddable":true,"href":"https:\/\/www.cannabis.es\/pw\/wp-json\/wp\/v2\/comments?post=3663"}],"version-history":[{"count":1,"href":"https:\/\/www.cannabis.es\/pw\/wp-json\/wp\/v2\/posts\/3663\/revisions"}],"predecessor-version":[{"id":3665,"href":"https:\/\/www.cannabis.es\/pw\/wp-json\/wp\/v2\/posts\/3663\/revisions\/3665"}],"wp:featuredmedia":[{"embeddable":true,"href":"https:\/\/www.cannabis.es\/pw\/wp-json\/wp\/v2\/media\/3664"}],"wp:attachment":[{"href":"https:\/\/www.cannabis.es\/pw\/wp-json\/wp\/v2\/media?parent=3663"}],"wp:term":[{"taxonomy":"category","embeddable":true,"href":"https:\/\/www.cannabis.es\/pw\/wp-json\/wp\/v2\/categories?post=3663"},{"taxonomy":"post_tag","embeddable":true,"href":"https:\/\/www.cannabis.es\/pw\/wp-json\/wp\/v2\/tags?post=3663"}],"curies":[{"name":"wp","href":"https:\/\/api.w.org\/{rel}","templated":true}]}}