{"id":3670,"date":"2016-04-21T16:16:17","date_gmt":"2016-04-21T14:16:17","guid":{"rendered":"http:\/\/www.cannabis.es\/pw\/?p=3670"},"modified":"2020-06-06T11:05:07","modified_gmt":"2020-06-06T09:05:07","slug":"ungass-babin-y-otros-cuentos-para-no-dormir","status":"publish","type":"post","link":"https:\/\/www.cannabis.es\/pw\/2016\/04\/21\/ungass-babin-y-otros-cuentos-para-no-dormir\/","title":{"rendered":"UNGASS, BAB\u00cdN Y OTROS CUENTOS PARA NO DORMIR\u2026"},"content":{"rendered":"\n<p>POr Drogoteca<\/p>\n\n\n\n<p>Mientras en Nueva York la reuni\u00f3n de la&nbsp;<strong>UNGASS<\/strong>&nbsp;debate sobre el futuro de las pol\u00edticas de drogas a nivel internacional, en nuestro pa\u00eds sigue habiendo ciertos movimientos pol\u00edticos a favor de un debate sobre el cannabis, tal y como hemos podido leer ayer en&nbsp;<a href=\"http:\/\/www.elperiodico.com\/es\/noticias\/sociedad\/cannabis-legalizacion-espana-debate-5068329\" target=\"_blank\" rel=\"noreferrer noopener\">la versi\u00f3n digital de&nbsp;<strong>El Peri\u00f3dico<\/strong><\/a>.<\/p>\n\n\n\n<hr class=\"wp-block-separator\"\/>\n\n\n\n<p>Ante lo primero, la reuni\u00f3n de la&nbsp;<strong>UNGASS<\/strong>, estoy desarrollando una coraza de escepticismo cada vez m\u00e1s fuerte. No puedo olvidar que los mismos que est\u00e1n reunidos estos d\u00edas en las Naciones Unidas, los mandatarios mundiales que de repente est\u00e1n convencidos de que lo han hecho medio mal y que est\u00e1n dispuestos a arreglarlo, aunque s\u00f3lo sea en parte, son los que han puesto en marcha y afianzado el orden establecido. Son ellos quienes han apoyado y financiado la infame&nbsp;<strong>Guerra contra las Drogas<\/strong>, cuya efectividad se cuestionan ahora, en un ejercicio de hipocres\u00eda considerable, una vez demostrada su nula efectividad.<br>Aunque no quiero mostrarme demasiado fatalista, y me gustar\u00eda ser del todo optimista pensando que es positivo rectificar y que todav\u00eda cabe la posibilidad de un cambio a mejor despu\u00e9s de la&nbsp;<strong>UNGASS<\/strong>.<\/p>\n\n\n\n<p>Ya veremos en qu\u00e9 acaba todo esto, aunque dudo mucho que las decisiones que all\u00ed se tomen tengan alguna consecuencia en nuestro pa\u00eds, al menos a corto o medio plazo.<br>Porque tal y como afirma el art\u00edculo firmado por&nbsp;<strong>Manuel Vilaser\u00f3<\/strong>&nbsp;en&nbsp;<strong>El Peri\u00f3dico<\/strong>&nbsp;que comentaba al principio de este texto, nuestro pa\u00eds \u201c<strong>fue de los primeros pa\u00edses en apostar por la&nbsp;<em>prevenci\u00f3n<\/em>&nbsp;frente a la&nbsp;<em>represi\u00f3n<\/em>&nbsp;en la lucha contra las drogas<\/strong>\u201d y \u201c<strong>ahora podr\u00eda adelantarse a la ONU en abrir el debate sobre la legalizaci\u00f3n del cannabis<\/strong>\u201d. Ya, claro.<\/p>\n\n\n\n<p>Por eso las cosas est\u00e1n como est\u00e1n por aqu\u00ed. Supongo que esa afirmaci\u00f3n traducida al idioma de la realidad que vivimos muchos consumidores de cannabis es: \u201c<em><strong>no os quej\u00e9is que podr\u00eda ser peor, multas y talego son mejores que latigazos y pelot\u00f3n de fusilamiento<\/strong><\/em>\u201d.<\/p>\n\n\n\n<p>Sigo leyendo el art\u00edculo. Y leo que&nbsp;<strong>Esquerra Republicana de Catalunya<\/strong>&nbsp;(partido que recientemente&nbsp;<a href=\"http:\/\/www.eldiario.es\/politica\/ERC-legalizacion-tenencia-cannabis-Espana_0_505350006.html\" target=\"_blank\" rel=\"noreferrer noopener\">present\u00f3 en el Congreso una proposici\u00f3n no de ley para el debate del estado legal del cannabis en nuestro pa\u00eds<\/a>) y otros partidos, se podr\u00edan sumar a ese debate en el \u00e1mbito estatal, sin mojarse tampoco demasiado. Muy bien, algunos podr\u00edan mojarse un poco m\u00e1s, pero es un inicio. Algo es algo, y como dec\u00eda el t\u00edtulo de aquel programa televisivo de los 90: \u201c<strong>Hablando se entiende la gente<\/strong>\u201d.<\/p>\n\n\n\n<p>Pero sinceramente, no puedo quitarme las primeras l\u00edneas del art\u00edculo de la cabeza. Me gustar\u00eda saber a qu\u00e9 se refieren con \u201c<strong>prevenci\u00f3n<\/strong>\u201d. \u00bfSe referir\u00e1n al aumento del importe de las multas por simple posesi\u00f3n de cannabis en la v\u00eda p\u00fablica? \u00bfSer\u00e1 a la persecuci\u00f3n del autocultivo en lugares visibles al p\u00fablico como un balc\u00f3n? \u00bfAl acoso y derribo al que las autoridades tienen sometidos a los clubes sociales cann\u00e1bicos? \u00bfO se referir\u00e1 a las campa\u00f1as de publicidad de la&nbsp;<strong>FAD<\/strong>? Campa\u00f1as que se traducen en la repetici\u00f3n hasta el hast\u00edo de contenidos multimedia carentes de trascendencia m\u00e1s all\u00e1 de lo espectacular que puede resultar un gusano trepador que se te mete por la nariz, o una ni\u00f1a borracha vomitando a sus progenitores en la calle y de noche\u2026<\/p>\n\n\n\n<p>La propia FAD lo transmite as\u00ed en su p\u00e1gina web: \u201c<strong>M\u00e1s de 25 a\u00f1os, m\u00e1s de 50 campa\u00f1as<\/strong>\u201d (\u00a1wow! una media de 2 campa\u00f1as anuales\u2026 \u00a1vamos a tope!). Y siguen: \u201c<strong>M\u00e1s de 100.000 spots de televisi\u00f3n emitidos, casi 30.000 anuncios en prensa, 23.000 cu\u00f1as de televisi\u00f3n&nbsp;<\/strong>(supongo que se referir\u00e1n a cu\u00f1as de radio)<strong>&nbsp;y m\u00e1s de 300.000 inserciones en publicidad exterior<\/strong>\u201d. Y antes de que salga el cu\u00f1ao de turno, que hoy iba a ser yo mismo, la web de la&nbsp;<strong>FAD<\/strong>&nbsp;ya contesta la pregunta tendenciosa: \u201c<strong>Medios de comunicaci\u00f3n, agencias de publicidad, centrales de medios, productoras\u2026 todos han colaborado gratuitamente con la mayor generosidad posible<\/strong>\u201d. Bueno, vale, de acuerdo.<\/p>\n\n\n\n<p>Intento controlarme y enga\u00f1arme razonando conmigo mismo\u2026 que los de la&nbsp;<strong>FAD<\/strong>&nbsp;no son tan in\u00fatiles, que por lo menos tienen algunos programas de educaci\u00f3n y concienciaci\u00f3n que parecen un poco m\u00e1s eficaces, programas dirigidos a escuelas, profesores, dan conferencias y bla bla bla\u2026<\/p>\n\n\n\n<p>Sigo leyendo el art\u00edculo de&nbsp;<strong>El Peri\u00f3dico<\/strong>, y me ilusiono porque&nbsp;<strong>Ciudadanos<\/strong>,&nbsp;<strong>Podemos<\/strong>&nbsp;y\u2026 \u00a1joder, hasta el&nbsp;<strong>PSOE<\/strong>! parece que se van a poner las pilas para debatir coherentemente sobre el futuro del cannabis en nuestro pa\u00eds\u2026 y justo entonces, en ese preciso momento, sale a escena el se\u00f1or&nbsp;<strong>Delegado del Gobierno del Plan Nacional sobre Drogas<\/strong>, el amigo&nbsp;<strong>Francisco de As\u00eds Bab\u00edn Vich<\/strong>&nbsp;y suelta un par de perlas que me devuelven al inframundo llameante, nihilista y antisocial del que debo de haber salido. Porque la bilis vuelve a subir y s\u00f3lo leo sandeces una detr\u00e1s de la otra\u2026<\/p>\n\n\n\n<p>El bueno de Bab\u00edn, el adalid de la salud p\u00fablica en Espa\u00f1a, no est\u00e1 de acuerdo, para nada, con la regulaci\u00f3n del cannabis. La legalizaci\u00f3n ya ni mentarla. Y sus argumentos son de peso\u2026 ser\u00eda un \u201c<em><strong>error<\/strong><\/em>\u201d. Porque \u201c<em><strong>como profesional de la salud p\u00fablica debo decir que hay muchas evidencias de los problemas que puede comportar, como se ha visto en los sitios donde se ha llevado a cabo<\/strong><\/em>\u201d. Muchas evidencias, en muchos sitios. Pero no citemos m\u00e1s datos, ni las evidencias, ni los sitios. No vaya a ser que alguien quiera consultar las evidencias de esos sitios, y entonces \u201calguien\u201d s\u00ed que quedar\u00eda en evidencia. \u00bfVerdad, se\u00f1or&nbsp;<strong>Bab\u00edn<\/strong>? Me recuerda usted al se\u00f1or este que habla raro a trav\u00e9s de televisores de plasma y que le dan tics en el ojo cuando tambi\u00e9n dice sandeces\u2026<\/p>\n\n\n\n<p>Resulta que en el mundo en el que yo vivo, las evidencias apuntan hacia otra direcci\u00f3n, diametralmente opuesta a la que usted se\u00f1ala, se\u00f1or&nbsp;<strong>Bab\u00edn<\/strong>. Las evidencias a las que me refiero son evidencias cient\u00edficas, surgidas y llevadas a cabo gracias al \u201caperturismo\u201d de ciertos estados norteamericanos que han facilitado la investigaci\u00f3n cient\u00edfica seria en el campo de los cannabinoides (investigaciones que pol\u00edticas como las que usted defiende impiden o dificultan hasta su anulaci\u00f3n forzada por agotamiento), de sus efectos positivos y negativos, y sus posibles aplicaciones, ya no s\u00f3lo terap\u00e9uticas, tambi\u00e9n en otros muchos aspectos. Las evidencias que yo contemplo se pueden consultar con una r\u00e1pida visita a la p\u00e1gina web del&nbsp;<a href=\"http:\/\/www.pnas.org\/\" target=\"_blank\" rel=\"noreferrer noopener\">PNAS<\/a>&nbsp;(una revista de divulgaci\u00f3n cient\u00edfica de nada\u2026 lo que viene siendo la publicaci\u00f3n oficial de la&nbsp;<strong>Academia Nacional de Ciencias de Estados Unidos<\/strong>), y teclear en el buscador la palabra \u201c<strong>cannabis<\/strong>\u201d. Le animo a hacerlo. Sin acritud.<\/p>\n\n\n\n<p>Tambi\u00e9n hablo de evidencias emp\u00edricas, como los resultados estad\u00edsticos en los estados norteamericanos donde se han llevado a cabo iniciativas de legalizaci\u00f3n total o parcial del cannabis. Que no son precisamente negativas. S\u00f3lo hay que consultar&nbsp;<a href=\"https:\/\/www.drugpolicy.org\/sites\/default\/files\/Colorado_Marijuana_Legalization_One_Year_Status_Report.pdf\" target=\"_blank\" rel=\"noreferrer noopener\">los datos que llevan recopilados en Colorado<\/a>, por ejemplo, para darse cuenta de que no son precisamente \u201c<strong>problemas<\/strong>\u201d. A no ser que el descenso de las tasas de crimen y de arrestos, el descenso de los accidentes de tr\u00e1fico, y el aumento de los ingresos impositivos supongan un problema.<\/p>\n\n\n\n<p>Pero ah\u00ed no acaba esto,&nbsp;<strong>Bab\u00edn<\/strong>, \u00e9l solito se mete en camisas de once varas afirmando que a pesar de los recortes ocasionados por la crisis econ\u00f3mica que nos machaca en Espa\u00f1a desde hace a\u00f1os, el&nbsp;<strong>PNSD<\/strong>&nbsp;no se ha visto afectado, incluso \u201c<em><strong>han incrementado las ayudas a las oeneg\u00e9s<\/strong><\/em>\u201d. Porque por lo visto la mayor parte de los recursos econ\u00f3micos del&nbsp;<strong>PNSD<\/strong>&nbsp;\u201c<em><strong>provienen de las incautaciones a las mafias<\/strong><\/em>\u201d. Y ese chorro de dinero no para nunca, \u00bfverdad?<\/p>\n\n\n\n<p>Y finaliza con un apunte a modo de traca final\u2026 \u201c<em><strong>El peligro del \u00e9xito es que la gente baje guardia y pierda el miedo. Contra eso empleamos toda nuestra energ\u00eda<\/strong><\/em>\u201d. Vale. Apaga y v\u00e1monos. Paren esto que me bajo.<br>Usted solito se ha retratado a la perfecci\u00f3n. Contin\u00faen, usted y sus adl\u00e1teres del&nbsp;<strong>PNSD<\/strong>, enfocando sus esfuerzos en mantener el \u201c<strong>miedo<\/strong>\u201d a las drogas. Porque todos sabemos que con miedo se aprende mejor. \u00bfPara qu\u00e9 necesitamos informaci\u00f3n veraz y constructiva, y educaci\u00f3n objetiva para formar a nuestros j\u00f3venes como adultos responsables, cuando el miedo nos puede mantener en el redil?<\/p>\n\n\n\n<p>Queda claro que esa es la \u00fanica posici\u00f3n defendible por alguien como usted, que si bien no depende totalmente de las incautaciones a los mafiosos y narcotraficantes para mantener con vida al organismo estatal del que dependen su trabajo y sus ingresos, s\u00ed que se le hincha el pecho al reconocer que financian a \u201coeneg\u00e9s\u201d y revistas como la divertid\u00edsima&nbsp;<a href=\"http:\/\/revistaindependientes.com\/\" target=\"_blank\" rel=\"noreferrer noopener\">InDependientes<\/a>&nbsp;(manda huevos el nombrecito, que tienen lo mismo de independientes que de revista seria) con la pasta que les sobra.&nbsp;<br>Acabar con las mafias mediante una regulaci\u00f3n de cualquier sustancia, para usted, ser\u00eda equivalente a ponerse el \u00faltimo en la cola del paro, voluntariamente. Por eso no le interesa ninguna otra opci\u00f3n que no sea la de seguir estamp\u00e1ndose de cara contra un muro, librando una batalla prohibicionista contra la humanidad y su naturaleza misma, una batalla que perdi\u00f3 antes de empezar.<\/p>\n\n\n\n<p>Su objetivo de un mundo, de una sociedad sin drogas es una utop\u00eda, o mejor dicho una distop\u00eda, conservadora, paternalista, cat\u00f3lica y moralista, en la que salimos perdiendo todos los consumidores, problem\u00e1ticos o no. Terap\u00e9uticos o no.<\/p>\n\n\n\n<p>Los \u00fanicos beneficiados por la prohibici\u00f3n y las pol\u00edticas que ustedes defienden son las mafias del narcotr\u00e1fico, su mercado negro, iniciativas como el<strong>&nbsp;Plan Nacional Sobre Drogas<\/strong>&nbsp;y personajes como usted. Personajes que temen que una regulaci\u00f3n\/legalizaci\u00f3n suponga la desaparici\u00f3n de las mafias de la droga, de las multas, de los presos, de los muertos\u2026 porque en ese caso, si todo eso desaparece, su existencia ya no tendr\u00eda sentido. No pretendan hacernos creer que con esas medidas, que se demuestran ineficaces con cada informe&nbsp;<a href=\"http:\/\/www.pnsd.msssi.gob.es\/profesionales\/sistemasInformacion\/sistemaInformacion\/pdf\/2016_ESTUDES_2014-2015.pdf\" target=\"_blank\" rel=\"noreferrer noopener\">ESTUDES<\/a>&nbsp;que ustedes mismos publican, nos est\u00e1n salvando de algo. Y menos todav\u00eda que nos est\u00e1n salvando de nosotros mismos. Nada m\u00e1s lejos de la realidad.<\/p>\n\n\n\n<p>El \u00fanico avance de la situaci\u00f3n del cannabis en nuestro pa\u00eds, ser\u00eda que los partidos pol\u00edticos se tomen en serio el tema de una vez por todas y se dejen de faroles electoralistas y de estrategias dignas de cuatreros de votos, pero sobre todo, el mayor avance ser\u00eda librarnos de personajes como usted.<\/p>\n\n\n\n<p>Y que termine ya la dichosa&nbsp;<strong>UNGASS<\/strong>, que se me est\u00e1 haciendo larga y quiero salir a fumar\u2026 y no precisamente tabaco.<\/p>\n","protected":false},"excerpt":{"rendered":"<span class=\"span-reading-time rt-reading-time\" style=\"display: block;\"><span class=\"rt-label rt-prefix\">Tiempo de lectura:<\/span> <span class=\"rt-time\"> 6<\/span> <span class=\"rt-label rt-postfix\">minutos<\/span><\/span>POr Drogoteca Mientras en Nueva York la reuni\u00f3n de la&nbsp;UNGASS&nbsp;debate sobre el futuro de las pol\u00edticas de drogas a nivel internacional, en nuestro pa\u00eds sigue habiendo ciertos movimientos pol\u00edticos a favor de un debate sobre el cannabis, tal y como hemos podido leer ayer en&nbsp;la versi\u00f3n digital de&nbsp;El Peri\u00f3dico. Ante lo primero, la reuni\u00f3n de [&hellip;]","protected":false},"author":1,"featured_media":3671,"comment_status":"closed","ping_status":"closed","sticky":false,"template":"","format":"standard","meta":{"loftocean-featured-post":"","loftocean_post_format_gallery":"","loftocean_post_format_gallery_ids":"","loftocean_post_format_gallery_urls":"","loftocean_post_format_video_id":"","loftocean_post_format_video_url":"","loftocean_post_format_video_type":"","loftocean_post_format_video":"","loftocean_post_format_audio_type":"","loftocean_post_format_audio_url":"","loftocean_post_format_audio_id":"","loftocean_post_format_audio":"","loftocean_post_format_quote_text":"","loftocean_post_format_quote_byline":"","loftocean_post_format_link_text":"","loftocean_post_format_link_url":"","ceramag_post_header_style":"","ceramag_enable_background_video":"","ceramag_show_in_top_slider":"","ceramag_post_background_video_start":"","ceramag_post_background_video_end":"","loftocean_page_background_video_id":"","loftocean_page_background_video_url":"","loftocean_page_background_video_type":"","loftocean_page_background_video":"","ceramag_background_video_start":"","ceramag_background_video_end":"","ceramag_single_page_hide_header":"","footnotes":""},"categories":[35],"tags":[41,741,42],"class_list":["post-3670","post","type-post","status-publish","format-standard","has-post-thumbnail","hentry","category-politica-y-sociedad","tag-cannabis","tag-leyes","tag-politica"],"yoast_head":"<!-- This site is optimized with the Yoast SEO plugin v24.9 - https:\/\/yoast.com\/wordpress\/plugins\/seo\/ -->\n<title>UNGASS, BAB\u00cdN Y OTROS CUENTOS PARA NO DORMIR\u2026<\/title>\n<meta name=\"description\" content=\"Entrada &#8226; Portal multimedia sobre cannabis y otras sustancias &#8226; 21 abril, 2016\" \/>\n<meta name=\"robots\" content=\"index, follow, max-snippet:-1, max-image-preview:large, max-video-preview:-1\" \/>\n<link rel=\"canonical\" href=\"https:\/\/www.cannabis.es\/pw\/2016\/04\/21\/ungass-babin-y-otros-cuentos-para-no-dormir\/\" \/>\n<meta name=\"twitter:card\" content=\"summary_large_image\" \/>\n<meta name=\"twitter:title\" content=\"UNGASS, BAB\u00cdN Y OTROS CUENTOS PARA NO DORMIR\u2026\" \/>\n<meta name=\"twitter:description\" content=\"Entrada &#8226; Portal multimedia sobre cannabis y otras sustancias &#8226; 21 abril, 2016\" \/>\n<meta name=\"twitter:image\" content=\"https:\/\/www.cannabis.es\/pw\/wp-content\/uploads\/2020\/05\/babin_def.jpg\" \/>\n<meta name=\"twitter:creator\" content=\"@cannabis_es\" \/>\n<meta name=\"twitter:site\" content=\"@cannabis_es\" \/>\n<meta name=\"twitter:label1\" content=\"Escrito por\" \/>\n\t<meta name=\"twitter:data1\" content=\"Cannabis.es\" \/>\n\t<meta name=\"twitter:label2\" content=\"Tiempo de lectura\" \/>\n\t<meta name=\"twitter:data2\" content=\"10 minutos\" \/>\n<script type=\"application\/ld+json\" class=\"yoast-schema-graph\">{\"@context\":\"https:\/\/schema.org\",\"@graph\":[{\"@type\":\"Article\",\"@id\":\"https:\/\/www.cannabis.es\/pw\/2016\/04\/21\/ungass-babin-y-otros-cuentos-para-no-dormir\/#article\",\"isPartOf\":{\"@id\":\"https:\/\/www.cannabis.es\/pw\/2016\/04\/21\/ungass-babin-y-otros-cuentos-para-no-dormir\/\"},\"author\":{\"name\":\"Cannabis.es\",\"@id\":\"https:\/\/www.cannabis.es\/pw\/#\/schema\/person\/e2fbd204580cf4fe74c79b82bc447374\"},\"headline\":\"UNGASS, BAB\u00cdN Y OTROS CUENTOS PARA NO DORMIR\u2026\",\"datePublished\":\"2016-04-21T14:16:17+00:00\",\"dateModified\":\"2020-06-06T09:05:07+00:00\",\"mainEntityOfPage\":{\"@id\":\"https:\/\/www.cannabis.es\/pw\/2016\/04\/21\/ungass-babin-y-otros-cuentos-para-no-dormir\/\"},\"wordCount\":1924,\"publisher\":{\"@id\":\"https:\/\/www.cannabis.es\/pw\/#organization\"},\"image\":{\"@id\":\"https:\/\/www.cannabis.es\/pw\/2016\/04\/21\/ungass-babin-y-otros-cuentos-para-no-dormir\/#primaryimage\"},\"thumbnailUrl\":\"https:\/\/www.cannabis.es\/pw\/wp-content\/uploads\/2020\/05\/babin_def.jpg\",\"keywords\":[\"cannabis\",\"leyes\",\"pol\u00edtica\"],\"articleSection\":[\"Pol\u00edtica y Sociedad\"],\"inLanguage\":\"es\"},{\"@type\":\"WebPage\",\"@id\":\"https:\/\/www.cannabis.es\/pw\/2016\/04\/21\/ungass-babin-y-otros-cuentos-para-no-dormir\/\",\"url\":\"https:\/\/www.cannabis.es\/pw\/2016\/04\/21\/ungass-babin-y-otros-cuentos-para-no-dormir\/\",\"name\":\"UNGASS, BAB\u00cdN Y OTROS CUENTOS PARA NO DORMIR\u2026\",\"isPartOf\":{\"@id\":\"https:\/\/www.cannabis.es\/pw\/#website\"},\"primaryImageOfPage\":{\"@id\":\"https:\/\/www.cannabis.es\/pw\/2016\/04\/21\/ungass-babin-y-otros-cuentos-para-no-dormir\/#primaryimage\"},\"image\":{\"@id\":\"https:\/\/www.cannabis.es\/pw\/2016\/04\/21\/ungass-babin-y-otros-cuentos-para-no-dormir\/#primaryimage\"},\"thumbnailUrl\":\"https:\/\/www.cannabis.es\/pw\/wp-content\/uploads\/2020\/05\/babin_def.jpg\",\"datePublished\":\"2016-04-21T14:16:17+00:00\",\"dateModified\":\"2020-06-06T09:05:07+00:00\",\"description\":\"Entrada &#8226; Portal multimedia sobre cannabis y otras sustancias &#8226; 21 abril, 2016\",\"breadcrumb\":{\"@id\":\"https:\/\/www.cannabis.es\/pw\/2016\/04\/21\/ungass-babin-y-otros-cuentos-para-no-dormir\/#breadcrumb\"},\"inLanguage\":\"es\",\"potentialAction\":[{\"@type\":\"ReadAction\",\"target\":[\"https:\/\/www.cannabis.es\/pw\/2016\/04\/21\/ungass-babin-y-otros-cuentos-para-no-dormir\/\"]}]},{\"@type\":\"ImageObject\",\"inLanguage\":\"es\",\"@id\":\"https:\/\/www.cannabis.es\/pw\/2016\/04\/21\/ungass-babin-y-otros-cuentos-para-no-dormir\/#primaryimage\",\"url\":\"https:\/\/www.cannabis.es\/pw\/wp-content\/uploads\/2020\/05\/babin_def.jpg\",\"contentUrl\":\"https:\/\/www.cannabis.es\/pw\/wp-content\/uploads\/2020\/05\/babin_def.jpg\",\"width\":959,\"height\":475},{\"@type\":\"BreadcrumbList\",\"@id\":\"https:\/\/www.cannabis.es\/pw\/2016\/04\/21\/ungass-babin-y-otros-cuentos-para-no-dormir\/#breadcrumb\",\"itemListElement\":[{\"@type\":\"ListItem\",\"position\":1,\"name\":\"Portada\",\"item\":\"http:\/\/www.cannabis.es\/pw\/\"},{\"@type\":\"ListItem\",\"position\":2,\"name\":\"UNGASS, BAB\u00cdN Y OTROS CUENTOS PARA NO DORMIR\u2026\"}]},{\"@type\":\"WebSite\",\"@id\":\"https:\/\/www.cannabis.es\/pw\/#website\",\"url\":\"https:\/\/www.cannabis.es\/pw\/\",\"name\":\"Cannabis\",\"description\":\"Portal multimedia sobre cannabis y otras sustancias\",\"publisher\":{\"@id\":\"https:\/\/www.cannabis.es\/pw\/#organization\"},\"potentialAction\":[{\"@type\":\"SearchAction\",\"target\":{\"@type\":\"EntryPoint\",\"urlTemplate\":\"https:\/\/www.cannabis.es\/pw\/?s={search_term_string}\"},\"query-input\":{\"@type\":\"PropertyValueSpecification\",\"valueRequired\":true,\"valueName\":\"search_term_string\"}}],\"inLanguage\":\"es\"},{\"@type\":\"Organization\",\"@id\":\"https:\/\/www.cannabis.es\/pw\/#organization\",\"name\":\"Cannabis.es\",\"url\":\"https:\/\/www.cannabis.es\/pw\/\",\"logo\":{\"@type\":\"ImageObject\",\"inLanguage\":\"es\",\"@id\":\"https:\/\/www.cannabis.es\/pw\/#\/schema\/logo\/image\/\",\"url\":\"https:\/\/www.cannabis.es\/pw\/wp-content\/uploads\/2019\/04\/cropped-logo_cannabis.png\",\"contentUrl\":\"https:\/\/www.cannabis.es\/pw\/wp-content\/uploads\/2019\/04\/cropped-logo_cannabis.png\",\"width\":361,\"height\":120,\"caption\":\"Cannabis.es\"},\"image\":{\"@id\":\"https:\/\/www.cannabis.es\/pw\/#\/schema\/logo\/image\/\"},\"sameAs\":[\"https:\/\/x.com\/cannabis_es\"]},{\"@type\":\"Person\",\"@id\":\"https:\/\/www.cannabis.es\/pw\/#\/schema\/person\/e2fbd204580cf4fe74c79b82bc447374\",\"name\":\"Cannabis.es\",\"image\":{\"@type\":\"ImageObject\",\"inLanguage\":\"es\",\"@id\":\"https:\/\/www.cannabis.es\/pw\/#\/schema\/person\/image\/\",\"url\":\"https:\/\/secure.gravatar.com\/avatar\/4375b1eb6e272e2e48a4b8a8def52e5f208151f555bb5906da616906ee6dd2e8?s=96&d=mm&r=g\",\"contentUrl\":\"https:\/\/secure.gravatar.com\/avatar\/4375b1eb6e272e2e48a4b8a8def52e5f208151f555bb5906da616906ee6dd2e8?s=96&d=mm&r=g\",\"caption\":\"Cannabis.es\"},\"url\":\"https:\/\/www.cannabis.es\/pw\/author\/cannabis\/\"}]}<\/script>\n<!-- \/ Yoast SEO plugin. -->","yoast_head_json":{"title":"UNGASS, BAB\u00cdN Y OTROS CUENTOS PARA NO DORMIR\u2026","description":"Entrada &#8226; Portal multimedia sobre cannabis y otras sustancias &#8226; 21 abril, 2016","robots":{"index":"index","follow":"follow","max-snippet":"max-snippet:-1","max-image-preview":"max-image-preview:large","max-video-preview":"max-video-preview:-1"},"canonical":"https:\/\/www.cannabis.es\/pw\/2016\/04\/21\/ungass-babin-y-otros-cuentos-para-no-dormir\/","twitter_card":"summary_large_image","twitter_title":"UNGASS, BAB\u00cdN Y OTROS CUENTOS PARA NO DORMIR\u2026","twitter_description":"Entrada &#8226; Portal multimedia sobre cannabis y otras sustancias &#8226; 21 abril, 2016","twitter_image":"https:\/\/www.cannabis.es\/pw\/wp-content\/uploads\/2020\/05\/babin_def.jpg","twitter_creator":"@cannabis_es","twitter_site":"@cannabis_es","twitter_misc":{"Escrito por":"Cannabis.es","Tiempo de lectura":"10 minutos"},"schema":{"@context":"https:\/\/schema.org","@graph":[{"@type":"Article","@id":"https:\/\/www.cannabis.es\/pw\/2016\/04\/21\/ungass-babin-y-otros-cuentos-para-no-dormir\/#article","isPartOf":{"@id":"https:\/\/www.cannabis.es\/pw\/2016\/04\/21\/ungass-babin-y-otros-cuentos-para-no-dormir\/"},"author":{"name":"Cannabis.es","@id":"https:\/\/www.cannabis.es\/pw\/#\/schema\/person\/e2fbd204580cf4fe74c79b82bc447374"},"headline":"UNGASS, BAB\u00cdN Y OTROS CUENTOS PARA NO DORMIR\u2026","datePublished":"2016-04-21T14:16:17+00:00","dateModified":"2020-06-06T09:05:07+00:00","mainEntityOfPage":{"@id":"https:\/\/www.cannabis.es\/pw\/2016\/04\/21\/ungass-babin-y-otros-cuentos-para-no-dormir\/"},"wordCount":1924,"publisher":{"@id":"https:\/\/www.cannabis.es\/pw\/#organization"},"image":{"@id":"https:\/\/www.cannabis.es\/pw\/2016\/04\/21\/ungass-babin-y-otros-cuentos-para-no-dormir\/#primaryimage"},"thumbnailUrl":"https:\/\/www.cannabis.es\/pw\/wp-content\/uploads\/2020\/05\/babin_def.jpg","keywords":["cannabis","leyes","pol\u00edtica"],"articleSection":["Pol\u00edtica y Sociedad"],"inLanguage":"es"},{"@type":"WebPage","@id":"https:\/\/www.cannabis.es\/pw\/2016\/04\/21\/ungass-babin-y-otros-cuentos-para-no-dormir\/","url":"https:\/\/www.cannabis.es\/pw\/2016\/04\/21\/ungass-babin-y-otros-cuentos-para-no-dormir\/","name":"UNGASS, BAB\u00cdN Y OTROS CUENTOS PARA NO DORMIR\u2026","isPartOf":{"@id":"https:\/\/www.cannabis.es\/pw\/#website"},"primaryImageOfPage":{"@id":"https:\/\/www.cannabis.es\/pw\/2016\/04\/21\/ungass-babin-y-otros-cuentos-para-no-dormir\/#primaryimage"},"image":{"@id":"https:\/\/www.cannabis.es\/pw\/2016\/04\/21\/ungass-babin-y-otros-cuentos-para-no-dormir\/#primaryimage"},"thumbnailUrl":"https:\/\/www.cannabis.es\/pw\/wp-content\/uploads\/2020\/05\/babin_def.jpg","datePublished":"2016-04-21T14:16:17+00:00","dateModified":"2020-06-06T09:05:07+00:00","description":"Entrada &#8226; Portal multimedia sobre cannabis y otras sustancias &#8226; 21 abril, 2016","breadcrumb":{"@id":"https:\/\/www.cannabis.es\/pw\/2016\/04\/21\/ungass-babin-y-otros-cuentos-para-no-dormir\/#breadcrumb"},"inLanguage":"es","potentialAction":[{"@type":"ReadAction","target":["https:\/\/www.cannabis.es\/pw\/2016\/04\/21\/ungass-babin-y-otros-cuentos-para-no-dormir\/"]}]},{"@type":"ImageObject","inLanguage":"es","@id":"https:\/\/www.cannabis.es\/pw\/2016\/04\/21\/ungass-babin-y-otros-cuentos-para-no-dormir\/#primaryimage","url":"https:\/\/www.cannabis.es\/pw\/wp-content\/uploads\/2020\/05\/babin_def.jpg","contentUrl":"https:\/\/www.cannabis.es\/pw\/wp-content\/uploads\/2020\/05\/babin_def.jpg","width":959,"height":475},{"@type":"BreadcrumbList","@id":"https:\/\/www.cannabis.es\/pw\/2016\/04\/21\/ungass-babin-y-otros-cuentos-para-no-dormir\/#breadcrumb","itemListElement":[{"@type":"ListItem","position":1,"name":"Portada","item":"http:\/\/www.cannabis.es\/pw\/"},{"@type":"ListItem","position":2,"name":"UNGASS, BAB\u00cdN Y OTROS CUENTOS PARA NO DORMIR\u2026"}]},{"@type":"WebSite","@id":"https:\/\/www.cannabis.es\/pw\/#website","url":"https:\/\/www.cannabis.es\/pw\/","name":"Cannabis","description":"Portal multimedia sobre cannabis y otras sustancias","publisher":{"@id":"https:\/\/www.cannabis.es\/pw\/#organization"},"potentialAction":[{"@type":"SearchAction","target":{"@type":"EntryPoint","urlTemplate":"https:\/\/www.cannabis.es\/pw\/?s={search_term_string}"},"query-input":{"@type":"PropertyValueSpecification","valueRequired":true,"valueName":"search_term_string"}}],"inLanguage":"es"},{"@type":"Organization","@id":"https:\/\/www.cannabis.es\/pw\/#organization","name":"Cannabis.es","url":"https:\/\/www.cannabis.es\/pw\/","logo":{"@type":"ImageObject","inLanguage":"es","@id":"https:\/\/www.cannabis.es\/pw\/#\/schema\/logo\/image\/","url":"https:\/\/www.cannabis.es\/pw\/wp-content\/uploads\/2019\/04\/cropped-logo_cannabis.png","contentUrl":"https:\/\/www.cannabis.es\/pw\/wp-content\/uploads\/2019\/04\/cropped-logo_cannabis.png","width":361,"height":120,"caption":"Cannabis.es"},"image":{"@id":"https:\/\/www.cannabis.es\/pw\/#\/schema\/logo\/image\/"},"sameAs":["https:\/\/x.com\/cannabis_es"]},{"@type":"Person","@id":"https:\/\/www.cannabis.es\/pw\/#\/schema\/person\/e2fbd204580cf4fe74c79b82bc447374","name":"Cannabis.es","image":{"@type":"ImageObject","inLanguage":"es","@id":"https:\/\/www.cannabis.es\/pw\/#\/schema\/person\/image\/","url":"https:\/\/secure.gravatar.com\/avatar\/4375b1eb6e272e2e48a4b8a8def52e5f208151f555bb5906da616906ee6dd2e8?s=96&d=mm&r=g","contentUrl":"https:\/\/secure.gravatar.com\/avatar\/4375b1eb6e272e2e48a4b8a8def52e5f208151f555bb5906da616906ee6dd2e8?s=96&d=mm&r=g","caption":"Cannabis.es"},"url":"https:\/\/www.cannabis.es\/pw\/author\/cannabis\/"}]}},"_links":{"self":[{"href":"https:\/\/www.cannabis.es\/pw\/wp-json\/wp\/v2\/posts\/3670","targetHints":{"allow":["GET"]}}],"collection":[{"href":"https:\/\/www.cannabis.es\/pw\/wp-json\/wp\/v2\/posts"}],"about":[{"href":"https:\/\/www.cannabis.es\/pw\/wp-json\/wp\/v2\/types\/post"}],"author":[{"embeddable":true,"href":"https:\/\/www.cannabis.es\/pw\/wp-json\/wp\/v2\/users\/1"}],"replies":[{"embeddable":true,"href":"https:\/\/www.cannabis.es\/pw\/wp-json\/wp\/v2\/comments?post=3670"}],"version-history":[{"count":2,"href":"https:\/\/www.cannabis.es\/pw\/wp-json\/wp\/v2\/posts\/3670\/revisions"}],"predecessor-version":[{"id":5280,"href":"https:\/\/www.cannabis.es\/pw\/wp-json\/wp\/v2\/posts\/3670\/revisions\/5280"}],"wp:featuredmedia":[{"embeddable":true,"href":"https:\/\/www.cannabis.es\/pw\/wp-json\/wp\/v2\/media\/3671"}],"wp:attachment":[{"href":"https:\/\/www.cannabis.es\/pw\/wp-json\/wp\/v2\/media?parent=3670"}],"wp:term":[{"taxonomy":"category","embeddable":true,"href":"https:\/\/www.cannabis.es\/pw\/wp-json\/wp\/v2\/categories?post=3670"},{"taxonomy":"post_tag","embeddable":true,"href":"https:\/\/www.cannabis.es\/pw\/wp-json\/wp\/v2\/tags?post=3670"}],"curies":[{"name":"wp","href":"https:\/\/api.w.org\/{rel}","templated":true}]}}