{"id":3752,"date":"2016-03-31T11:08:37","date_gmt":"2016-03-31T09:08:37","guid":{"rendered":"http:\/\/www.cannabis.es\/pw\/?p=3752"},"modified":"2020-05-25T11:10:02","modified_gmt":"2020-05-25T09:10:02","slug":"marcha-mundial-de-la-marihuana-2016","status":"publish","type":"post","link":"https:\/\/www.cannabis.es\/pw\/2016\/03\/31\/marcha-mundial-de-la-marihuana-2016\/","title":{"rendered":"Marcha Mundial de la Marihuana 2016"},"content":{"rendered":"\n<p>El pr\u00f3ximo mes de mayo se celebrar\u00e1 en Madrid (suponemos que otras ciudades espa\u00f1olas se sumar\u00e1n a la iniciativa en breve) una nueva edici\u00f3n de la&nbsp;<strong>Marcha Mundial de la Marihuana<\/strong>.<\/p>\n\n\n\n<hr class=\"wp-block-separator\"\/>\n\n\n\n<p>Se trata de una cita para los amantes del cannabis que se celebra simult\u00e1neamente en todo el mundo, el primer s\u00e1bado de mayo. \u00bfEl objetivo? Pues dar visibilidad en la sociedad a la cultura cann\u00e1bica, y al mismo tiempo, reivindicar los derechos de todos los consumidores.<\/p>\n\n\n\n<p>La cita en Madrid est\u00e1 convocada por la&nbsp;<strong>Asociaci\u00f3n Madrile\u00f1a de Estudios sobre el Cannabis<\/strong>&nbsp;(AMEC), la asociaci\u00f3n de activistas m\u00e1s veterana en Espa\u00f1a y pioneros en la organizaci\u00f3n de la&nbsp;<strong>MMM<\/strong>&nbsp;en nuestro pa\u00eds desde 1997, la&nbsp;<strong>Federaci\u00f3n de Asociaciones Cann\u00e1bicas<\/strong>&nbsp;(FAC),&nbsp;<strong>Regulaci\u00f3n Responsable<\/strong>&nbsp;y la&nbsp;<strong>Federaci\u00f3n Madrile\u00f1a de Asociaciones Cann\u00e1bicas<\/strong>&nbsp;(MADFAC), y pretende con la celebraci\u00f3n de un encuentro festivo \u201c<em><strong>que la clase pol\u00edtica comprenda esta realidad social y en consecuencia impulse una Ponencia Parlamentaria a nivel nacional con el objetivo de estudiar una regulaci\u00f3n integral del cannabis<\/strong><\/em>.\u201d<\/p>\n\n\n\n<p>Bajo el lema \u201c<strong>Siembra el cambio, por una Regulaci\u00f3n Responsable<\/strong>\u201d, el encuentro consistir\u00e1 en una manifestaci\u00f3n que recorrer\u00e1 las principales calles de la capital (la salida ser\u00e1 en la Fuente de Neptuno y el final en la Plaza de Espa\u00f1a, aunque todav\u00eda falta por confirmar que \u00e9se ser\u00e1 el recorrido definitivo autorizado).<\/p>\n\n\n\n<figure class=\"wp-block-image\"><img decoding=\"async\" src=\"https:\/\/www.cannabis.es\/web\/images\/17989_834557800005571_6330422514332548807_n.jpg\" alt=\"17989 834557800005571 6330422514332548807 n\"\/><\/figure>\n\n\n\n<p>La organizaci\u00f3n quiere que esta edici\u00f3n, la vig\u00e9sima, sea especial y multitudinaria. Adem\u00e1s para garantizar la asistencia del mayor n\u00famero posible de usuarios de todo el pa\u00eds, se organizar\u00e1n autobuses desde distintos puntos de la pen\u00ednsula para que todo el mundo que lo desee pueda acudir a la cita. Puedes informarte de los viajes organizados en su web.<\/p>\n\n\n\n<figure class=\"wp-block-embed\"><div class=\"wp-block-embed__wrapper\">\nhttp:\/\/manifiestaccion.com\/\n<\/div><\/figure>\n","protected":false},"excerpt":{"rendered":"<span class=\"span-reading-time rt-reading-time\" style=\"display: block;\"><span class=\"rt-label rt-prefix\">Tiempo de lectura:<\/span> <span class=\"rt-time\"> &lt; 1<\/span> <span class=\"rt-label rt-postfix\">minuto<\/span><\/span>El pr\u00f3ximo mes de mayo se celebrar\u00e1 en Madrid (suponemos que otras ciudades espa\u00f1olas se sumar\u00e1n a la iniciativa en breve) una nueva edici\u00f3n de la&nbsp;Marcha Mundial de la Marihuana. Se trata de una cita para los amantes del cannabis que se celebra simult\u00e1neamente en todo el mundo, el primer s\u00e1bado de mayo. \u00bfEl objetivo? [&hellip;]","protected":false},"author":1,"featured_media":3753,"comment_status":"closed","ping_status":"closed","sticky":false,"template":"","format":"standard","meta":{"loftocean-featured-post":"","loftocean_post_format_gallery":"","loftocean_post_format_gallery_ids":"","loftocean_post_format_gallery_urls":"","loftocean_post_format_video_id":"","loftocean_post_format_video_url":"","loftocean_post_format_video_type":"","loftocean_post_format_video":"","loftocean_post_format_audio_type":"","loftocean_post_format_audio_url":"","loftocean_post_format_audio_id":"","loftocean_post_format_audio":"","loftocean_post_format_quote_text":"","loftocean_post_format_quote_byline":"","loftocean_post_format_link_text":"","loftocean_post_format_link_url":"","ceramag_post_header_style":"","ceramag_enable_background_video":"","ceramag_show_in_top_slider":"","ceramag_post_background_video_start":"","ceramag_post_background_video_end":"","loftocean_page_background_video_id":"","loftocean_page_background_video_url":"","loftocean_page_background_video_type":"","loftocean_page_background_video":"","ceramag_background_video_start":"","ceramag_background_video_end":"","ceramag_single_page_hide_header":"","footnotes":""},"categories":[35],"tags":[41,40,1422],"class_list":["post-3752","post","type-post","status-publish","format-standard","has-post-thumbnail","hentry","category-politica-y-sociedad","tag-cannabis","tag-marihuana","tag-mmm"],"yoast_head":"<!-- This site is optimized with the Yoast SEO plugin v24.9 - https:\/\/yoast.com\/wordpress\/plugins\/seo\/ -->\n<title>Marcha Mundial de la Marihuana 2016<\/title>\n<meta name=\"description\" content=\"Entrada &#8226; Portal multimedia sobre cannabis y otras sustancias &#8226; 31 marzo, 2016\" \/>\n<meta name=\"robots\" content=\"index, follow, max-snippet:-1, max-image-preview:large, max-video-preview:-1\" \/>\n<link rel=\"canonical\" href=\"https:\/\/www.cannabis.es\/pw\/2016\/03\/31\/marcha-mundial-de-la-marihuana-2016\/\" \/>\n<meta name=\"twitter:card\" content=\"summary_large_image\" \/>\n<meta name=\"twitter:title\" content=\"Marcha Mundial de la Marihuana 2016\" \/>\n<meta name=\"twitter:description\" content=\"Entrada &#8226; Portal multimedia sobre cannabis y otras sustancias &#8226; 31 marzo, 2016\" \/>\n<meta name=\"twitter:image\" content=\"https:\/\/www.cannabis.es\/pw\/wp-content\/uploads\/2020\/05\/MMM2016.jpg\" \/>\n<meta name=\"twitter:creator\" content=\"@cannabis_es\" \/>\n<meta name=\"twitter:site\" content=\"@cannabis_es\" \/>\n<meta name=\"twitter:label1\" content=\"Escrito por\" \/>\n\t<meta name=\"twitter:data1\" content=\"Cannabis.es\" \/>\n\t<meta name=\"twitter:label2\" content=\"Tiempo de lectura\" \/>\n\t<meta name=\"twitter:data2\" content=\"2 minutos\" \/>\n<script type=\"application\/ld+json\" class=\"yoast-schema-graph\">{\"@context\":\"https:\/\/schema.org\",\"@graph\":[{\"@type\":\"Article\",\"@id\":\"https:\/\/www.cannabis.es\/pw\/2016\/03\/31\/marcha-mundial-de-la-marihuana-2016\/#article\",\"isPartOf\":{\"@id\":\"https:\/\/www.cannabis.es\/pw\/2016\/03\/31\/marcha-mundial-de-la-marihuana-2016\/\"},\"author\":{\"name\":\"Cannabis.es\",\"@id\":\"https:\/\/www.cannabis.es\/pw\/#\/schema\/person\/e2fbd204580cf4fe74c79b82bc447374\"},\"headline\":\"Marcha Mundial de la Marihuana 2016\",\"datePublished\":\"2016-03-31T09:08:37+00:00\",\"dateModified\":\"2020-05-25T09:10:02+00:00\",\"mainEntityOfPage\":{\"@id\":\"https:\/\/www.cannabis.es\/pw\/2016\/03\/31\/marcha-mundial-de-la-marihuana-2016\/\"},\"wordCount\":330,\"publisher\":{\"@id\":\"https:\/\/www.cannabis.es\/pw\/#organization\"},\"image\":{\"@id\":\"https:\/\/www.cannabis.es\/pw\/2016\/03\/31\/marcha-mundial-de-la-marihuana-2016\/#primaryimage\"},\"thumbnailUrl\":\"https:\/\/www.cannabis.es\/pw\/wp-content\/uploads\/2020\/05\/MMM2016.jpg\",\"keywords\":[\"cannabis\",\"marihuana\",\"MMM\"],\"articleSection\":[\"Pol\u00edtica y Sociedad\"],\"inLanguage\":\"es\"},{\"@type\":\"WebPage\",\"@id\":\"https:\/\/www.cannabis.es\/pw\/2016\/03\/31\/marcha-mundial-de-la-marihuana-2016\/\",\"url\":\"https:\/\/www.cannabis.es\/pw\/2016\/03\/31\/marcha-mundial-de-la-marihuana-2016\/\",\"name\":\"Marcha Mundial de la Marihuana 2016\",\"isPartOf\":{\"@id\":\"https:\/\/www.cannabis.es\/pw\/#website\"},\"primaryImageOfPage\":{\"@id\":\"https:\/\/www.cannabis.es\/pw\/2016\/03\/31\/marcha-mundial-de-la-marihuana-2016\/#primaryimage\"},\"image\":{\"@id\":\"https:\/\/www.cannabis.es\/pw\/2016\/03\/31\/marcha-mundial-de-la-marihuana-2016\/#primaryimage\"},\"thumbnailUrl\":\"https:\/\/www.cannabis.es\/pw\/wp-content\/uploads\/2020\/05\/MMM2016.jpg\",\"datePublished\":\"2016-03-31T09:08:37+00:00\",\"dateModified\":\"2020-05-25T09:10:02+00:00\",\"description\":\"Entrada &#8226; Portal multimedia sobre cannabis y otras sustancias &#8226; 31 marzo, 2016\",\"breadcrumb\":{\"@id\":\"https:\/\/www.cannabis.es\/pw\/2016\/03\/31\/marcha-mundial-de-la-marihuana-2016\/#breadcrumb\"},\"inLanguage\":\"es\",\"potentialAction\":[{\"@type\":\"ReadAction\",\"target\":[\"https:\/\/www.cannabis.es\/pw\/2016\/03\/31\/marcha-mundial-de-la-marihuana-2016\/\"]}]},{\"@type\":\"ImageObject\",\"inLanguage\":\"es\",\"@id\":\"https:\/\/www.cannabis.es\/pw\/2016\/03\/31\/marcha-mundial-de-la-marihuana-2016\/#primaryimage\",\"url\":\"https:\/\/www.cannabis.es\/pw\/wp-content\/uploads\/2020\/05\/MMM2016.jpg\",\"contentUrl\":\"https:\/\/www.cannabis.es\/pw\/wp-content\/uploads\/2020\/05\/MMM2016.jpg\",\"width\":959,\"height\":475},{\"@type\":\"BreadcrumbList\",\"@id\":\"https:\/\/www.cannabis.es\/pw\/2016\/03\/31\/marcha-mundial-de-la-marihuana-2016\/#breadcrumb\",\"itemListElement\":[{\"@type\":\"ListItem\",\"position\":1,\"name\":\"Portada\",\"item\":\"http:\/\/www.cannabis.es\/pw\/\"},{\"@type\":\"ListItem\",\"position\":2,\"name\":\"Marcha Mundial de la Marihuana 2016\"}]},{\"@type\":\"WebSite\",\"@id\":\"https:\/\/www.cannabis.es\/pw\/#website\",\"url\":\"https:\/\/www.cannabis.es\/pw\/\",\"name\":\"Cannabis\",\"description\":\"Portal multimedia sobre cannabis y otras sustancias\",\"publisher\":{\"@id\":\"https:\/\/www.cannabis.es\/pw\/#organization\"},\"potentialAction\":[{\"@type\":\"SearchAction\",\"target\":{\"@type\":\"EntryPoint\",\"urlTemplate\":\"https:\/\/www.cannabis.es\/pw\/?s={search_term_string}\"},\"query-input\":{\"@type\":\"PropertyValueSpecification\",\"valueRequired\":true,\"valueName\":\"search_term_string\"}}],\"inLanguage\":\"es\"},{\"@type\":\"Organization\",\"@id\":\"https:\/\/www.cannabis.es\/pw\/#organization\",\"name\":\"Cannabis.es\",\"url\":\"https:\/\/www.cannabis.es\/pw\/\",\"logo\":{\"@type\":\"ImageObject\",\"inLanguage\":\"es\",\"@id\":\"https:\/\/www.cannabis.es\/pw\/#\/schema\/logo\/image\/\",\"url\":\"https:\/\/www.cannabis.es\/pw\/wp-content\/uploads\/2019\/04\/cropped-logo_cannabis.png\",\"contentUrl\":\"https:\/\/www.cannabis.es\/pw\/wp-content\/uploads\/2019\/04\/cropped-logo_cannabis.png\",\"width\":361,\"height\":120,\"caption\":\"Cannabis.es\"},\"image\":{\"@id\":\"https:\/\/www.cannabis.es\/pw\/#\/schema\/logo\/image\/\"},\"sameAs\":[\"https:\/\/x.com\/cannabis_es\"]},{\"@type\":\"Person\",\"@id\":\"https:\/\/www.cannabis.es\/pw\/#\/schema\/person\/e2fbd204580cf4fe74c79b82bc447374\",\"name\":\"Cannabis.es\",\"image\":{\"@type\":\"ImageObject\",\"inLanguage\":\"es\",\"@id\":\"https:\/\/www.cannabis.es\/pw\/#\/schema\/person\/image\/\",\"url\":\"https:\/\/secure.gravatar.com\/avatar\/4375b1eb6e272e2e48a4b8a8def52e5f208151f555bb5906da616906ee6dd2e8?s=96&d=mm&r=g\",\"contentUrl\":\"https:\/\/secure.gravatar.com\/avatar\/4375b1eb6e272e2e48a4b8a8def52e5f208151f555bb5906da616906ee6dd2e8?s=96&d=mm&r=g\",\"caption\":\"Cannabis.es\"},\"url\":\"https:\/\/www.cannabis.es\/pw\/author\/cannabis\/\"}]}<\/script>\n<!-- \/ Yoast SEO plugin. -->","yoast_head_json":{"title":"Marcha Mundial de la Marihuana 2016","description":"Entrada &#8226; Portal multimedia sobre cannabis y otras sustancias &#8226; 31 marzo, 2016","robots":{"index":"index","follow":"follow","max-snippet":"max-snippet:-1","max-image-preview":"max-image-preview:large","max-video-preview":"max-video-preview:-1"},"canonical":"https:\/\/www.cannabis.es\/pw\/2016\/03\/31\/marcha-mundial-de-la-marihuana-2016\/","twitter_card":"summary_large_image","twitter_title":"Marcha Mundial de la Marihuana 2016","twitter_description":"Entrada &#8226; Portal multimedia sobre cannabis y otras sustancias &#8226; 31 marzo, 2016","twitter_image":"https:\/\/www.cannabis.es\/pw\/wp-content\/uploads\/2020\/05\/MMM2016.jpg","twitter_creator":"@cannabis_es","twitter_site":"@cannabis_es","twitter_misc":{"Escrito por":"Cannabis.es","Tiempo de lectura":"2 minutos"},"schema":{"@context":"https:\/\/schema.org","@graph":[{"@type":"Article","@id":"https:\/\/www.cannabis.es\/pw\/2016\/03\/31\/marcha-mundial-de-la-marihuana-2016\/#article","isPartOf":{"@id":"https:\/\/www.cannabis.es\/pw\/2016\/03\/31\/marcha-mundial-de-la-marihuana-2016\/"},"author":{"name":"Cannabis.es","@id":"https:\/\/www.cannabis.es\/pw\/#\/schema\/person\/e2fbd204580cf4fe74c79b82bc447374"},"headline":"Marcha Mundial de la Marihuana 2016","datePublished":"2016-03-31T09:08:37+00:00","dateModified":"2020-05-25T09:10:02+00:00","mainEntityOfPage":{"@id":"https:\/\/www.cannabis.es\/pw\/2016\/03\/31\/marcha-mundial-de-la-marihuana-2016\/"},"wordCount":330,"publisher":{"@id":"https:\/\/www.cannabis.es\/pw\/#organization"},"image":{"@id":"https:\/\/www.cannabis.es\/pw\/2016\/03\/31\/marcha-mundial-de-la-marihuana-2016\/#primaryimage"},"thumbnailUrl":"https:\/\/www.cannabis.es\/pw\/wp-content\/uploads\/2020\/05\/MMM2016.jpg","keywords":["cannabis","marihuana","MMM"],"articleSection":["Pol\u00edtica y Sociedad"],"inLanguage":"es"},{"@type":"WebPage","@id":"https:\/\/www.cannabis.es\/pw\/2016\/03\/31\/marcha-mundial-de-la-marihuana-2016\/","url":"https:\/\/www.cannabis.es\/pw\/2016\/03\/31\/marcha-mundial-de-la-marihuana-2016\/","name":"Marcha Mundial de la Marihuana 2016","isPartOf":{"@id":"https:\/\/www.cannabis.es\/pw\/#website"},"primaryImageOfPage":{"@id":"https:\/\/www.cannabis.es\/pw\/2016\/03\/31\/marcha-mundial-de-la-marihuana-2016\/#primaryimage"},"image":{"@id":"https:\/\/www.cannabis.es\/pw\/2016\/03\/31\/marcha-mundial-de-la-marihuana-2016\/#primaryimage"},"thumbnailUrl":"https:\/\/www.cannabis.es\/pw\/wp-content\/uploads\/2020\/05\/MMM2016.jpg","datePublished":"2016-03-31T09:08:37+00:00","dateModified":"2020-05-25T09:10:02+00:00","description":"Entrada &#8226; Portal multimedia sobre cannabis y otras sustancias &#8226; 31 marzo, 2016","breadcrumb":{"@id":"https:\/\/www.cannabis.es\/pw\/2016\/03\/31\/marcha-mundial-de-la-marihuana-2016\/#breadcrumb"},"inLanguage":"es","potentialAction":[{"@type":"ReadAction","target":["https:\/\/www.cannabis.es\/pw\/2016\/03\/31\/marcha-mundial-de-la-marihuana-2016\/"]}]},{"@type":"ImageObject","inLanguage":"es","@id":"https:\/\/www.cannabis.es\/pw\/2016\/03\/31\/marcha-mundial-de-la-marihuana-2016\/#primaryimage","url":"https:\/\/www.cannabis.es\/pw\/wp-content\/uploads\/2020\/05\/MMM2016.jpg","contentUrl":"https:\/\/www.cannabis.es\/pw\/wp-content\/uploads\/2020\/05\/MMM2016.jpg","width":959,"height":475},{"@type":"BreadcrumbList","@id":"https:\/\/www.cannabis.es\/pw\/2016\/03\/31\/marcha-mundial-de-la-marihuana-2016\/#breadcrumb","itemListElement":[{"@type":"ListItem","position":1,"name":"Portada","item":"http:\/\/www.cannabis.es\/pw\/"},{"@type":"ListItem","position":2,"name":"Marcha Mundial de la Marihuana 2016"}]},{"@type":"WebSite","@id":"https:\/\/www.cannabis.es\/pw\/#website","url":"https:\/\/www.cannabis.es\/pw\/","name":"Cannabis","description":"Portal multimedia sobre cannabis y otras sustancias","publisher":{"@id":"https:\/\/www.cannabis.es\/pw\/#organization"},"potentialAction":[{"@type":"SearchAction","target":{"@type":"EntryPoint","urlTemplate":"https:\/\/www.cannabis.es\/pw\/?s={search_term_string}"},"query-input":{"@type":"PropertyValueSpecification","valueRequired":true,"valueName":"search_term_string"}}],"inLanguage":"es"},{"@type":"Organization","@id":"https:\/\/www.cannabis.es\/pw\/#organization","name":"Cannabis.es","url":"https:\/\/www.cannabis.es\/pw\/","logo":{"@type":"ImageObject","inLanguage":"es","@id":"https:\/\/www.cannabis.es\/pw\/#\/schema\/logo\/image\/","url":"https:\/\/www.cannabis.es\/pw\/wp-content\/uploads\/2019\/04\/cropped-logo_cannabis.png","contentUrl":"https:\/\/www.cannabis.es\/pw\/wp-content\/uploads\/2019\/04\/cropped-logo_cannabis.png","width":361,"height":120,"caption":"Cannabis.es"},"image":{"@id":"https:\/\/www.cannabis.es\/pw\/#\/schema\/logo\/image\/"},"sameAs":["https:\/\/x.com\/cannabis_es"]},{"@type":"Person","@id":"https:\/\/www.cannabis.es\/pw\/#\/schema\/person\/e2fbd204580cf4fe74c79b82bc447374","name":"Cannabis.es","image":{"@type":"ImageObject","inLanguage":"es","@id":"https:\/\/www.cannabis.es\/pw\/#\/schema\/person\/image\/","url":"https:\/\/secure.gravatar.com\/avatar\/4375b1eb6e272e2e48a4b8a8def52e5f208151f555bb5906da616906ee6dd2e8?s=96&d=mm&r=g","contentUrl":"https:\/\/secure.gravatar.com\/avatar\/4375b1eb6e272e2e48a4b8a8def52e5f208151f555bb5906da616906ee6dd2e8?s=96&d=mm&r=g","caption":"Cannabis.es"},"url":"https:\/\/www.cannabis.es\/pw\/author\/cannabis\/"}]}},"_links":{"self":[{"href":"https:\/\/www.cannabis.es\/pw\/wp-json\/wp\/v2\/posts\/3752","targetHints":{"allow":["GET"]}}],"collection":[{"href":"https:\/\/www.cannabis.es\/pw\/wp-json\/wp\/v2\/posts"}],"about":[{"href":"https:\/\/www.cannabis.es\/pw\/wp-json\/wp\/v2\/types\/post"}],"author":[{"embeddable":true,"href":"https:\/\/www.cannabis.es\/pw\/wp-json\/wp\/v2\/users\/1"}],"replies":[{"embeddable":true,"href":"https:\/\/www.cannabis.es\/pw\/wp-json\/wp\/v2\/comments?post=3752"}],"version-history":[{"count":1,"href":"https:\/\/www.cannabis.es\/pw\/wp-json\/wp\/v2\/posts\/3752\/revisions"}],"predecessor-version":[{"id":3754,"href":"https:\/\/www.cannabis.es\/pw\/wp-json\/wp\/v2\/posts\/3752\/revisions\/3754"}],"wp:featuredmedia":[{"embeddable":true,"href":"https:\/\/www.cannabis.es\/pw\/wp-json\/wp\/v2\/media\/3753"}],"wp:attachment":[{"href":"https:\/\/www.cannabis.es\/pw\/wp-json\/wp\/v2\/media?parent=3752"}],"wp:term":[{"taxonomy":"category","embeddable":true,"href":"https:\/\/www.cannabis.es\/pw\/wp-json\/wp\/v2\/categories?post=3752"},{"taxonomy":"post_tag","embeddable":true,"href":"https:\/\/www.cannabis.es\/pw\/wp-json\/wp\/v2\/tags?post=3752"}],"curies":[{"name":"wp","href":"https:\/\/api.w.org\/{rel}","templated":true}]}}