{"id":3759,"date":"2016-03-30T11:11:30","date_gmt":"2016-03-30T09:11:30","guid":{"rendered":"http:\/\/www.cannabis.es\/pw\/?p=3759"},"modified":"2020-05-25T11:12:43","modified_gmt":"2020-05-25T09:12:43","slug":"expertos-reclaman-la-descriminalizacion-global-de-las-drogas","status":"publish","type":"post","link":"https:\/\/www.cannabis.es\/pw\/2016\/03\/30\/expertos-reclaman-la-descriminalizacion-global-de-las-drogas\/","title":{"rendered":"Expertos reclaman la descriminalizaci\u00f3n global de las drogas"},"content":{"rendered":"\n<p>Una comisi\u00f3n internacional de expertos insta un giro completo y una revisi\u00f3n total de las pol\u00edticas de drogas represivas instauradas por la mayor\u00eda de gobiernos.<\/p>\n\n\n\n<hr class=\"wp-block-separator\"\/>\n\n\n\n<p>La comisi\u00f3n de expertos, formada por doctores, cient\u00edficos, y expertos en salud y derechos humanos de todo el mundo y creada por la revista m\u00e9dica brit\u00e1nica&nbsp;<a href=\"http:\/\/www.thelancet.com\/\" target=\"_blank\" rel=\"noreferrer noopener\"><strong>The&nbsp;Lancet<\/strong><\/a>&nbsp;y la Universidad norteamericana&nbsp;<strong>Johns Hopkins<\/strong>&nbsp;de Baltimore, ha presentado un informe previo a la reuni\u00f3n de la&nbsp;<strong>UNGASS<\/strong>&nbsp;el pr\u00f3ximo mes de Abril en el que se debatir\u00e1 el futuro de las pol\u00edticas de drogas globales, y concluye que las leyes duras y represivas generan desgracia, fracasan a la hora de reducir el consumo, aumentan los cr\u00edmenes violentos y ayudan a la difusi\u00f3n de enfermedades como el SIDA y la Hepatitis C.<\/p>\n\n\n\n<p>El informe urge tambi\u00e9n a la revisi\u00f3n urgente y profunda de las pol\u00edticas represivas impuestas por multitud de gobiernos.<\/p>\n\n\n\n<p>\u201c<em><strong>El objetivo de prohibir cualquier uso, posesi\u00f3n, producci\u00f3n y tr\u00e1fico de sustancias il\u00edcitas es la base de la mayor\u00eda de las pol\u00edticas de drogas, pero estas pol\u00edticas se fundamentan en ideas sobre el uso y la dependencia de las drogas que no tienen ninguna base cient\u00edfica<\/strong><\/em>,\u201d afirma el&nbsp;<strong>Dr. Chris Beyer<\/strong>, de la J<strong>ohns Hopkins Bloomberg School of Public Health<\/strong>, y miembro de la comisi\u00f3n.<\/p>\n\n\n\n<p>\u201c<em><strong>La guerra global contra las drogas ha da\u00f1ado la salud p\u00fablica, los derechos humanos y el desarrollo. Es hora de que nos replanteemos nuestro enfoque de las pol\u00edticas de drogas, y de situar las evidencias cient\u00edficas y la salud p\u00fablica en el n\u00facleo de las discusiones acerca de estas pol\u00edticas<\/strong><\/em>\u201d.<\/p>\n\n\n\n<p>La comisi\u00f3n apela a las Naciones Unidas para que respalden la descriminalizaci\u00f3n de delitos menores y no violentos relacionados con las drogas, como el consumo, la posesi\u00f3n y la venta de peque\u00f1as cantidades. Seg\u00fan este informe el empleo de la fuerza militar contra las redes de la droga deber\u00eda ser eliminada, y la vigilancia policial deber\u00eda centrarse en los criminales m\u00e1s violentos y armados.<\/p>\n\n\n\n<p>Entre otras recomendaciones el informe sugiere:<\/p>\n\n\n\n<p>&#8211; Minimizar las sentencias de prisi\u00f3n a mujeres involucradas en cr\u00edmenes no violentos, habitualmente utilizadas como \u201cmulas\u201d.<\/p>\n\n\n\n<p>&#8211; Evolucionar gradualmente hacia mercados regulados y legales de drogas que no son \u201cpol\u00edticamente viables a corto plazo en ciertos pa\u00edses\u201d aunque predicen que m\u00e1s pa\u00edses y estados miembros de los Estados Unidos seguir\u00e1n esa v\u00eda, \u201cun camino que nosotros respaldamos\u201d.<\/p>\n\n\n\n<p>&#8211; Asegurar y facilitar el acceso a agujas y jeringuillas limpias, a drogas de consumo oral como la metadona para reducir la necesidad de inyecciones, y a la naloxona, el ant\u00eddoto para las sobredosis.<\/p>\n\n\n\n<p>&#8211; Erradicar la fumigaci\u00f3n de las cosechas de droga con pesticidas t\u00f3xicos.<\/p>\n\n\n\n<p>La direcci\u00f3n de la comisi\u00f3n de expertos recae en los profesores&nbsp;<strong>Adeeba Kamarulzaman<\/strong>&nbsp;de la Universidad de Malaya (Kuala Lumpur) y&nbsp;<strong>Michel Kazatchkine<\/strong>, enviado especial de las Naciones Unidas en Europa del Este y Asia Central para el VIH\/SIDA.<\/p>\n\n\n\n<p>Su informe,&nbsp;<a href=\"http:\/\/www.thelancet.com\/journals\/lancet\/article\/PIIS0140-6736(16)00619-X\/abstract\" target=\"_blank\" rel=\"noreferrer noopener\">que puedes consultar aqu\u00ed<\/a>&nbsp;, afirma que las evidencias cient\u00edficas de las pol\u00edticas de drogas represivas son muy insuficientes.<\/p>\n\n\n\n<p>La \u00faltima sesi\u00f3n especial de las Naciones Unidas dedicada a las drogas fue en 1998 y desemboc\u00f3 en medidas represivas dr\u00e1sticas, que empujaron a los gobiernos a eliminar las drogas a trav\u00e9s de la prohibici\u00f3n del uso, posesi\u00f3n, producci\u00f3n y tr\u00e1fico.<br>La comisi\u00f3n concluye que esto no ha funcionado, y que la cantidad de v\u00edctimas generadas por ese enfoque han sido enormes.<\/p>\n\n\n\n<p>La decisi\u00f3n del gobierno mexicano de Calder\u00f3n en 2006 de emplear la fuerza militar en zonas civiles para luchar contra el narcotr\u00e1fico \u201c<em><strong>llev\u00f3 a una epidemia de violencia en muchas zonas del pa\u00eds que tambi\u00e9n salpic\u00f3 a Centro Am\u00e9rica<\/strong><\/em>\u201d, argumenta al informe. \u201c<em><strong>El aumento de los homicidios en M\u00e9xico a partir de 2006 es algo sin precedentes para un pa\u00eds que no est\u00e9 formalmente en guerra. Fue algo tan masivo en algunas partes del pa\u00eds que incluso influy\u00f3 en la esperanza de vida media del pa\u00eds<\/strong><\/em>\u201d.<\/p>\n\n\n\n<p>Las pol\u00edticas de drogas prohibicionistas han tenido tambi\u00e9n serias consecuencias adversas en los Estados Unidos. \u201c<em><strong>Posiblemente en los Estados Unidos sea el pa\u00eds donde mejor se ha podido documentar el sesgo racial de la vigilancia policial, los arrestos y las sentencias, aunque no sea el \u00fanico donde ha sucedido<\/strong><\/em>\u201d.<br>\u201c<em><strong>En 2014 en los Estados Unidos un hombre afro americano ten\u00eda cinco veces m\u00e1s posibilidades que un hombre blanco de acabar en la c\u00e1rcel a lo largo de su vida por delitos relacionados con las drogas, a pesar de que no hay grandes diferencias en las estad\u00edsticas de consumo entre ambas etnias. El impacto de estos prejuicios entre las comunidades afro americanas es intergeneracional y social y econ\u00f3micamente devastador<\/strong><\/em>\u201d.<\/p>\n\n\n\n<p>La comisi\u00f3n cita varios ejemplos de pa\u00edses y estados de los Estados Unidos que han optado por el camino de la descriminalizaci\u00f3n.<br>\u201c<em><strong>Pa\u00edses como Portugal o Rep\u00fablica Checa, descriminalizaron los delitos menores de drogas hace a\u00f1os, con beneficios financieros significativos, menos encarcelamientos, beneficios significativos tambi\u00e9n en lo relativo a la salud p\u00fablica, y ning\u00fan aumento destacable en los consumos<\/strong><\/em>\u201d.<br>\u201c<em><strong>La descriminalizaci\u00f3n de delitos menores junto a un aumento de los servicios de prevenci\u00f3n de VIH accesibles permitieron a Portugal controlar una epidemia de VIH relacionada con las drogas inyectables y probablemente evit\u00f3 que Rep\u00fablica Checa sufriera la misma epidemia<\/strong><\/em>\u201d.<\/p>\n\n\n\n<p>El profesor&nbsp;<strong>Beyrer<\/strong>&nbsp;afirm\u00f3 que son \u201c<strong>cautelosamente optimistas<\/strong>\u201d sobre el impacto que tendr\u00e1 su informe en la pr\u00f3xima reuni\u00f3n de las Naciones Unidas, aunque tambi\u00e9n es consciente de que encontrar\u00e1n oposici\u00f3n contundente a la descriminalizaci\u00f3n que proponen.&nbsp;\u201c<em><strong>Hay varios pa\u00edses, como la Federaci\u00f3n Rusa, que se opondr\u00e1n vigorosamente a cualquier cambio de las pol\u00edticas de drogas y que har\u00e1n todo lo posible para influenciar a la UNGASS<\/strong><\/em>\u201d afirm\u00f3.<\/p>\n\n\n\n<p>\u201c<em><strong>La UNGASS ser\u00e1 una aut\u00e9ntica lucha, pero hay bastantes gobiernos y organizaciones civiles que est\u00e1n tomando conciencia de la necesidad de este cambio<\/strong><\/em>\u201d. En los Estados Unidos, la epidemia de sobredosis por opi\u00e1ceos con receta se ha convertido en parte de la campa\u00f1a electoral, apunt\u00f3, \u201c<em><strong>Creo que es el momento. Es una oportunidad \u00fanica en una generaci\u00f3n<\/strong><\/em>\u201d. Incluso la investigadora de la Universidad de Columbia,&nbsp;<strong>Joanne Csete<\/strong>&nbsp;afirm\u00f3 que cre\u00eda que el actor&nbsp;<strong>Philip Seymour Hoffman<\/strong>, fallecido por una sobredosis de hero\u00edna \u201c<em><strong>estar\u00eda vivo hoy<\/strong><\/em>\u201d, si no fuese por las pol\u00edticas regresivas. \u201c<em><strong>Nuestro informe trata de opciones pol\u00edticas\u201d afirm\u00f3, \u201cel fracaso para invertir en programas que puedan ayudar a la gente a inyectarse con instrumental est\u00e9ril es una decisi\u00f3n pol\u00edtica. Estamos en una guerra contra las drogas que tiene sus ra\u00edces en c\u00e1lculos racistas y reaccionarios<\/strong><\/em>\u201d.<\/p>\n\n\n\n<p>El profesor&nbsp;<strong>Carl Hart<\/strong>, investigador psic\u00f3logo tambi\u00e9n de la Universidad de Columbia, reconocido activista en contra de la guerra contra las drogas, reforz\u00f3 las declaraciones de&nbsp;<strong>Csete<\/strong>. \u201c<em><strong>Uno de cada tres hombres afroamericanos puede estar seguro de que pasar\u00e1 alg\u00fan tiempo entre rejas. Yo tengo tres hijos, uno de ellos ha pasado alg\u00fan tiempo en prisiones, y en cierto modo es porque hemos denigrado las drogas y hemos convencido a la opini\u00f3n p\u00fablica de que los consumidores merecen ese tipo de castigo. As\u00ed que no puedo callarme, es algo personal<\/strong><\/em>\u201d.<\/p>\n\n\n\n<p>En el Reino Unido, el Ministerio de Interior dijo que las drogas eran ilegales cuando hubo una evidencia cient\u00edfica de que eran da\u00f1inas para la salud y la sociedad. Un portavoz afirm\u00f3 que el enfoque era reforzar la ley existente, prevenir el consumo y ayudar a la recuperaci\u00f3n de los adictos. Y a\u00f1adi\u00f3: \u201c<em><strong>Existen signos prometedores de que este enfoque est\u00e1 funcionando, con una tendencia a la baja del consumo en la \u00faltima d\u00e9cada, y m\u00e1s gente recuper\u00e1ndose de su dependencia que en 2009\/10. Descriminalizar las drogas no eliminar\u00e1 el crimen cometido por el tr\u00e1fico ilegal, ni enmendar\u00e1 los da\u00f1os y la destrucci\u00f3n asociada a la dependencia a las drogas.<\/strong><\/em>\u201d<\/p>\n\n\n\n<p><strong>Norman Lamb<\/strong>, antiguo miembro del gobierno brit\u00e1nico y parlamentario del partido Liberal Dem\u00f3crata, afirm\u00f3 que apoyaba las conclusiones del informe de la comisi\u00f3n de&nbsp;<strong>The&nbsp;Lancet<\/strong>: \u201c<em><strong>la guerra contra las drogas ha fracasado, y es el partido Liberal Dem\u00f3crata y su pol\u00edtica quien debe descriminalizar la posesi\u00f3n y el consumo de todas las drogas, e introducir un mercado regulado y legalizado del cannabis. Las drogas deben ser tratadas como un problema de salud, no como un problema criminal.<\/strong><\/em>\u201d<\/p>\n\n\n\n<p>Fuente:&nbsp;<a href=\"http:\/\/www.theguardian.com\/society\/2016\/mar\/24\/medical-experts-call-for-global-drug-decriminalisation\" target=\"_blank\" rel=\"noreferrer noopener\"><strong>The Guardian<\/strong><\/a><\/p>\n","protected":false},"excerpt":{"rendered":"<span class=\"span-reading-time rt-reading-time\" style=\"display: block;\"><span class=\"rt-label rt-prefix\">Tiempo de lectura:<\/span> <span class=\"rt-time\"> 5<\/span> <span class=\"rt-label rt-postfix\">minutos<\/span><\/span>Una comisi\u00f3n internacional de expertos insta un giro completo y una revisi\u00f3n total de las pol\u00edticas de drogas represivas instauradas por la mayor\u00eda de gobiernos. La comisi\u00f3n de expertos, formada por doctores, cient\u00edficos, y expertos en salud y derechos humanos de todo el mundo y creada por la revista m\u00e9dica brit\u00e1nica&nbsp;The&nbsp;Lancet&nbsp;y la Universidad norteamericana&nbsp;Johns Hopkins&nbsp;de [&hellip;]","protected":false},"author":1,"featured_media":3760,"comment_status":"closed","ping_status":"closed","sticky":false,"template":"","format":"standard","meta":{"loftocean-featured-post":"","loftocean_post_format_gallery":"","loftocean_post_format_gallery_ids":"","loftocean_post_format_gallery_urls":"","loftocean_post_format_video_id":"","loftocean_post_format_video_url":"","loftocean_post_format_video_type":"","loftocean_post_format_video":"","loftocean_post_format_audio_type":"","loftocean_post_format_audio_url":"","loftocean_post_format_audio_id":"","loftocean_post_format_audio":"","loftocean_post_format_quote_text":"","loftocean_post_format_quote_byline":"","loftocean_post_format_link_text":"","loftocean_post_format_link_url":"","ceramag_post_header_style":"","ceramag_enable_background_video":"","ceramag_show_in_top_slider":"","ceramag_post_background_video_start":"","ceramag_post_background_video_end":"","loftocean_page_background_video_id":"","loftocean_page_background_video_url":"","loftocean_page_background_video_type":"","loftocean_page_background_video":"","ceramag_background_video_start":"","ceramag_background_video_end":"","ceramag_single_page_hide_header":"","footnotes":""},"categories":[35],"tags":[44,819,1403],"class_list":["post-3759","post","type-post","status-publish","format-standard","has-post-thumbnail","hentry","category-politica-y-sociedad","tag-drogas","tag-internacional","tag-ungass"],"yoast_head":"<!-- This site is optimized with the Yoast SEO plugin v24.9 - https:\/\/yoast.com\/wordpress\/plugins\/seo\/ -->\n<title>Expertos reclaman la descriminalizaci\u00f3n global de las drogas<\/title>\n<meta name=\"description\" content=\"Entrada &#8226; Portal multimedia sobre cannabis y otras sustancias &#8226; 30 marzo, 2016\" \/>\n<meta name=\"robots\" content=\"index, follow, max-snippet:-1, max-image-preview:large, max-video-preview:-1\" \/>\n<link rel=\"canonical\" href=\"https:\/\/www.cannabis.es\/pw\/2016\/03\/30\/expertos-reclaman-la-descriminalizacion-global-de-las-drogas\/\" \/>\n<meta name=\"twitter:card\" content=\"summary_large_image\" \/>\n<meta name=\"twitter:title\" content=\"Expertos reclaman la descriminalizaci\u00f3n global de las drogas\" \/>\n<meta name=\"twitter:description\" content=\"Entrada &#8226; Portal multimedia sobre cannabis y otras sustancias &#8226; 30 marzo, 2016\" \/>\n<meta name=\"twitter:image\" content=\"https:\/\/www.cannabis.es\/pw\/wp-content\/uploads\/2020\/05\/Lancet_Ungass.jpg\" \/>\n<meta name=\"twitter:creator\" content=\"@cannabis_es\" \/>\n<meta name=\"twitter:site\" content=\"@cannabis_es\" \/>\n<meta name=\"twitter:label1\" content=\"Escrito por\" \/>\n\t<meta name=\"twitter:data1\" content=\"Cannabis.es\" \/>\n\t<meta name=\"twitter:label2\" content=\"Tiempo de lectura\" \/>\n\t<meta name=\"twitter:data2\" content=\"8 minutos\" \/>\n<script type=\"application\/ld+json\" class=\"yoast-schema-graph\">{\"@context\":\"https:\/\/schema.org\",\"@graph\":[{\"@type\":\"Article\",\"@id\":\"https:\/\/www.cannabis.es\/pw\/2016\/03\/30\/expertos-reclaman-la-descriminalizacion-global-de-las-drogas\/#article\",\"isPartOf\":{\"@id\":\"https:\/\/www.cannabis.es\/pw\/2016\/03\/30\/expertos-reclaman-la-descriminalizacion-global-de-las-drogas\/\"},\"author\":{\"name\":\"Cannabis.es\",\"@id\":\"https:\/\/www.cannabis.es\/pw\/#\/schema\/person\/e2fbd204580cf4fe74c79b82bc447374\"},\"headline\":\"Expertos reclaman la descriminalizaci\u00f3n global de las drogas\",\"datePublished\":\"2016-03-30T09:11:30+00:00\",\"dateModified\":\"2020-05-25T09:12:43+00:00\",\"mainEntityOfPage\":{\"@id\":\"https:\/\/www.cannabis.es\/pw\/2016\/03\/30\/expertos-reclaman-la-descriminalizacion-global-de-las-drogas\/\"},\"wordCount\":1514,\"publisher\":{\"@id\":\"https:\/\/www.cannabis.es\/pw\/#organization\"},\"image\":{\"@id\":\"https:\/\/www.cannabis.es\/pw\/2016\/03\/30\/expertos-reclaman-la-descriminalizacion-global-de-las-drogas\/#primaryimage\"},\"thumbnailUrl\":\"https:\/\/www.cannabis.es\/pw\/wp-content\/uploads\/2020\/05\/Lancet_Ungass.jpg\",\"keywords\":[\"drogas\",\"internacional\",\"UNGASS\"],\"articleSection\":[\"Pol\u00edtica y Sociedad\"],\"inLanguage\":\"es\"},{\"@type\":\"WebPage\",\"@id\":\"https:\/\/www.cannabis.es\/pw\/2016\/03\/30\/expertos-reclaman-la-descriminalizacion-global-de-las-drogas\/\",\"url\":\"https:\/\/www.cannabis.es\/pw\/2016\/03\/30\/expertos-reclaman-la-descriminalizacion-global-de-las-drogas\/\",\"name\":\"Expertos reclaman la descriminalizaci\u00f3n global de las drogas\",\"isPartOf\":{\"@id\":\"https:\/\/www.cannabis.es\/pw\/#website\"},\"primaryImageOfPage\":{\"@id\":\"https:\/\/www.cannabis.es\/pw\/2016\/03\/30\/expertos-reclaman-la-descriminalizacion-global-de-las-drogas\/#primaryimage\"},\"image\":{\"@id\":\"https:\/\/www.cannabis.es\/pw\/2016\/03\/30\/expertos-reclaman-la-descriminalizacion-global-de-las-drogas\/#primaryimage\"},\"thumbnailUrl\":\"https:\/\/www.cannabis.es\/pw\/wp-content\/uploads\/2020\/05\/Lancet_Ungass.jpg\",\"datePublished\":\"2016-03-30T09:11:30+00:00\",\"dateModified\":\"2020-05-25T09:12:43+00:00\",\"description\":\"Entrada &#8226; Portal multimedia sobre cannabis y otras sustancias &#8226; 30 marzo, 2016\",\"breadcrumb\":{\"@id\":\"https:\/\/www.cannabis.es\/pw\/2016\/03\/30\/expertos-reclaman-la-descriminalizacion-global-de-las-drogas\/#breadcrumb\"},\"inLanguage\":\"es\",\"potentialAction\":[{\"@type\":\"ReadAction\",\"target\":[\"https:\/\/www.cannabis.es\/pw\/2016\/03\/30\/expertos-reclaman-la-descriminalizacion-global-de-las-drogas\/\"]}]},{\"@type\":\"ImageObject\",\"inLanguage\":\"es\",\"@id\":\"https:\/\/www.cannabis.es\/pw\/2016\/03\/30\/expertos-reclaman-la-descriminalizacion-global-de-las-drogas\/#primaryimage\",\"url\":\"https:\/\/www.cannabis.es\/pw\/wp-content\/uploads\/2020\/05\/Lancet_Ungass.jpg\",\"contentUrl\":\"https:\/\/www.cannabis.es\/pw\/wp-content\/uploads\/2020\/05\/Lancet_Ungass.jpg\",\"width\":959,\"height\":475},{\"@type\":\"BreadcrumbList\",\"@id\":\"https:\/\/www.cannabis.es\/pw\/2016\/03\/30\/expertos-reclaman-la-descriminalizacion-global-de-las-drogas\/#breadcrumb\",\"itemListElement\":[{\"@type\":\"ListItem\",\"position\":1,\"name\":\"Portada\",\"item\":\"http:\/\/www.cannabis.es\/pw\/\"},{\"@type\":\"ListItem\",\"position\":2,\"name\":\"Expertos reclaman la descriminalizaci\u00f3n global de las drogas\"}]},{\"@type\":\"WebSite\",\"@id\":\"https:\/\/www.cannabis.es\/pw\/#website\",\"url\":\"https:\/\/www.cannabis.es\/pw\/\",\"name\":\"Cannabis\",\"description\":\"Portal multimedia sobre cannabis y otras sustancias\",\"publisher\":{\"@id\":\"https:\/\/www.cannabis.es\/pw\/#organization\"},\"potentialAction\":[{\"@type\":\"SearchAction\",\"target\":{\"@type\":\"EntryPoint\",\"urlTemplate\":\"https:\/\/www.cannabis.es\/pw\/?s={search_term_string}\"},\"query-input\":{\"@type\":\"PropertyValueSpecification\",\"valueRequired\":true,\"valueName\":\"search_term_string\"}}],\"inLanguage\":\"es\"},{\"@type\":\"Organization\",\"@id\":\"https:\/\/www.cannabis.es\/pw\/#organization\",\"name\":\"Cannabis.es\",\"url\":\"https:\/\/www.cannabis.es\/pw\/\",\"logo\":{\"@type\":\"ImageObject\",\"inLanguage\":\"es\",\"@id\":\"https:\/\/www.cannabis.es\/pw\/#\/schema\/logo\/image\/\",\"url\":\"https:\/\/www.cannabis.es\/pw\/wp-content\/uploads\/2019\/04\/cropped-logo_cannabis.png\",\"contentUrl\":\"https:\/\/www.cannabis.es\/pw\/wp-content\/uploads\/2019\/04\/cropped-logo_cannabis.png\",\"width\":361,\"height\":120,\"caption\":\"Cannabis.es\"},\"image\":{\"@id\":\"https:\/\/www.cannabis.es\/pw\/#\/schema\/logo\/image\/\"},\"sameAs\":[\"https:\/\/x.com\/cannabis_es\"]},{\"@type\":\"Person\",\"@id\":\"https:\/\/www.cannabis.es\/pw\/#\/schema\/person\/e2fbd204580cf4fe74c79b82bc447374\",\"name\":\"Cannabis.es\",\"image\":{\"@type\":\"ImageObject\",\"inLanguage\":\"es\",\"@id\":\"https:\/\/www.cannabis.es\/pw\/#\/schema\/person\/image\/\",\"url\":\"https:\/\/secure.gravatar.com\/avatar\/4375b1eb6e272e2e48a4b8a8def52e5f208151f555bb5906da616906ee6dd2e8?s=96&d=mm&r=g\",\"contentUrl\":\"https:\/\/secure.gravatar.com\/avatar\/4375b1eb6e272e2e48a4b8a8def52e5f208151f555bb5906da616906ee6dd2e8?s=96&d=mm&r=g\",\"caption\":\"Cannabis.es\"},\"url\":\"https:\/\/www.cannabis.es\/pw\/author\/cannabis\/\"}]}<\/script>\n<!-- \/ Yoast SEO plugin. -->","yoast_head_json":{"title":"Expertos reclaman la descriminalizaci\u00f3n global de las drogas","description":"Entrada &#8226; Portal multimedia sobre cannabis y otras sustancias &#8226; 30 marzo, 2016","robots":{"index":"index","follow":"follow","max-snippet":"max-snippet:-1","max-image-preview":"max-image-preview:large","max-video-preview":"max-video-preview:-1"},"canonical":"https:\/\/www.cannabis.es\/pw\/2016\/03\/30\/expertos-reclaman-la-descriminalizacion-global-de-las-drogas\/","twitter_card":"summary_large_image","twitter_title":"Expertos reclaman la descriminalizaci\u00f3n global de las drogas","twitter_description":"Entrada &#8226; Portal multimedia sobre cannabis y otras sustancias &#8226; 30 marzo, 2016","twitter_image":"https:\/\/www.cannabis.es\/pw\/wp-content\/uploads\/2020\/05\/Lancet_Ungass.jpg","twitter_creator":"@cannabis_es","twitter_site":"@cannabis_es","twitter_misc":{"Escrito por":"Cannabis.es","Tiempo de lectura":"8 minutos"},"schema":{"@context":"https:\/\/schema.org","@graph":[{"@type":"Article","@id":"https:\/\/www.cannabis.es\/pw\/2016\/03\/30\/expertos-reclaman-la-descriminalizacion-global-de-las-drogas\/#article","isPartOf":{"@id":"https:\/\/www.cannabis.es\/pw\/2016\/03\/30\/expertos-reclaman-la-descriminalizacion-global-de-las-drogas\/"},"author":{"name":"Cannabis.es","@id":"https:\/\/www.cannabis.es\/pw\/#\/schema\/person\/e2fbd204580cf4fe74c79b82bc447374"},"headline":"Expertos reclaman la descriminalizaci\u00f3n global de las drogas","datePublished":"2016-03-30T09:11:30+00:00","dateModified":"2020-05-25T09:12:43+00:00","mainEntityOfPage":{"@id":"https:\/\/www.cannabis.es\/pw\/2016\/03\/30\/expertos-reclaman-la-descriminalizacion-global-de-las-drogas\/"},"wordCount":1514,"publisher":{"@id":"https:\/\/www.cannabis.es\/pw\/#organization"},"image":{"@id":"https:\/\/www.cannabis.es\/pw\/2016\/03\/30\/expertos-reclaman-la-descriminalizacion-global-de-las-drogas\/#primaryimage"},"thumbnailUrl":"https:\/\/www.cannabis.es\/pw\/wp-content\/uploads\/2020\/05\/Lancet_Ungass.jpg","keywords":["drogas","internacional","UNGASS"],"articleSection":["Pol\u00edtica y Sociedad"],"inLanguage":"es"},{"@type":"WebPage","@id":"https:\/\/www.cannabis.es\/pw\/2016\/03\/30\/expertos-reclaman-la-descriminalizacion-global-de-las-drogas\/","url":"https:\/\/www.cannabis.es\/pw\/2016\/03\/30\/expertos-reclaman-la-descriminalizacion-global-de-las-drogas\/","name":"Expertos reclaman la descriminalizaci\u00f3n global de las drogas","isPartOf":{"@id":"https:\/\/www.cannabis.es\/pw\/#website"},"primaryImageOfPage":{"@id":"https:\/\/www.cannabis.es\/pw\/2016\/03\/30\/expertos-reclaman-la-descriminalizacion-global-de-las-drogas\/#primaryimage"},"image":{"@id":"https:\/\/www.cannabis.es\/pw\/2016\/03\/30\/expertos-reclaman-la-descriminalizacion-global-de-las-drogas\/#primaryimage"},"thumbnailUrl":"https:\/\/www.cannabis.es\/pw\/wp-content\/uploads\/2020\/05\/Lancet_Ungass.jpg","datePublished":"2016-03-30T09:11:30+00:00","dateModified":"2020-05-25T09:12:43+00:00","description":"Entrada &#8226; Portal multimedia sobre cannabis y otras sustancias &#8226; 30 marzo, 2016","breadcrumb":{"@id":"https:\/\/www.cannabis.es\/pw\/2016\/03\/30\/expertos-reclaman-la-descriminalizacion-global-de-las-drogas\/#breadcrumb"},"inLanguage":"es","potentialAction":[{"@type":"ReadAction","target":["https:\/\/www.cannabis.es\/pw\/2016\/03\/30\/expertos-reclaman-la-descriminalizacion-global-de-las-drogas\/"]}]},{"@type":"ImageObject","inLanguage":"es","@id":"https:\/\/www.cannabis.es\/pw\/2016\/03\/30\/expertos-reclaman-la-descriminalizacion-global-de-las-drogas\/#primaryimage","url":"https:\/\/www.cannabis.es\/pw\/wp-content\/uploads\/2020\/05\/Lancet_Ungass.jpg","contentUrl":"https:\/\/www.cannabis.es\/pw\/wp-content\/uploads\/2020\/05\/Lancet_Ungass.jpg","width":959,"height":475},{"@type":"BreadcrumbList","@id":"https:\/\/www.cannabis.es\/pw\/2016\/03\/30\/expertos-reclaman-la-descriminalizacion-global-de-las-drogas\/#breadcrumb","itemListElement":[{"@type":"ListItem","position":1,"name":"Portada","item":"http:\/\/www.cannabis.es\/pw\/"},{"@type":"ListItem","position":2,"name":"Expertos reclaman la descriminalizaci\u00f3n global de las drogas"}]},{"@type":"WebSite","@id":"https:\/\/www.cannabis.es\/pw\/#website","url":"https:\/\/www.cannabis.es\/pw\/","name":"Cannabis","description":"Portal multimedia sobre cannabis y otras sustancias","publisher":{"@id":"https:\/\/www.cannabis.es\/pw\/#organization"},"potentialAction":[{"@type":"SearchAction","target":{"@type":"EntryPoint","urlTemplate":"https:\/\/www.cannabis.es\/pw\/?s={search_term_string}"},"query-input":{"@type":"PropertyValueSpecification","valueRequired":true,"valueName":"search_term_string"}}],"inLanguage":"es"},{"@type":"Organization","@id":"https:\/\/www.cannabis.es\/pw\/#organization","name":"Cannabis.es","url":"https:\/\/www.cannabis.es\/pw\/","logo":{"@type":"ImageObject","inLanguage":"es","@id":"https:\/\/www.cannabis.es\/pw\/#\/schema\/logo\/image\/","url":"https:\/\/www.cannabis.es\/pw\/wp-content\/uploads\/2019\/04\/cropped-logo_cannabis.png","contentUrl":"https:\/\/www.cannabis.es\/pw\/wp-content\/uploads\/2019\/04\/cropped-logo_cannabis.png","width":361,"height":120,"caption":"Cannabis.es"},"image":{"@id":"https:\/\/www.cannabis.es\/pw\/#\/schema\/logo\/image\/"},"sameAs":["https:\/\/x.com\/cannabis_es"]},{"@type":"Person","@id":"https:\/\/www.cannabis.es\/pw\/#\/schema\/person\/e2fbd204580cf4fe74c79b82bc447374","name":"Cannabis.es","image":{"@type":"ImageObject","inLanguage":"es","@id":"https:\/\/www.cannabis.es\/pw\/#\/schema\/person\/image\/","url":"https:\/\/secure.gravatar.com\/avatar\/4375b1eb6e272e2e48a4b8a8def52e5f208151f555bb5906da616906ee6dd2e8?s=96&d=mm&r=g","contentUrl":"https:\/\/secure.gravatar.com\/avatar\/4375b1eb6e272e2e48a4b8a8def52e5f208151f555bb5906da616906ee6dd2e8?s=96&d=mm&r=g","caption":"Cannabis.es"},"url":"https:\/\/www.cannabis.es\/pw\/author\/cannabis\/"}]}},"_links":{"self":[{"href":"https:\/\/www.cannabis.es\/pw\/wp-json\/wp\/v2\/posts\/3759","targetHints":{"allow":["GET"]}}],"collection":[{"href":"https:\/\/www.cannabis.es\/pw\/wp-json\/wp\/v2\/posts"}],"about":[{"href":"https:\/\/www.cannabis.es\/pw\/wp-json\/wp\/v2\/types\/post"}],"author":[{"embeddable":true,"href":"https:\/\/www.cannabis.es\/pw\/wp-json\/wp\/v2\/users\/1"}],"replies":[{"embeddable":true,"href":"https:\/\/www.cannabis.es\/pw\/wp-json\/wp\/v2\/comments?post=3759"}],"version-history":[{"count":1,"href":"https:\/\/www.cannabis.es\/pw\/wp-json\/wp\/v2\/posts\/3759\/revisions"}],"predecessor-version":[{"id":3761,"href":"https:\/\/www.cannabis.es\/pw\/wp-json\/wp\/v2\/posts\/3759\/revisions\/3761"}],"wp:featuredmedia":[{"embeddable":true,"href":"https:\/\/www.cannabis.es\/pw\/wp-json\/wp\/v2\/media\/3760"}],"wp:attachment":[{"href":"https:\/\/www.cannabis.es\/pw\/wp-json\/wp\/v2\/media?parent=3759"}],"wp:term":[{"taxonomy":"category","embeddable":true,"href":"https:\/\/www.cannabis.es\/pw\/wp-json\/wp\/v2\/categories?post=3759"},{"taxonomy":"post_tag","embeddable":true,"href":"https:\/\/www.cannabis.es\/pw\/wp-json\/wp\/v2\/tags?post=3759"}],"curies":[{"name":"wp","href":"https:\/\/api.w.org\/{rel}","templated":true}]}}