{"id":3789,"date":"2016-03-17T11:33:43","date_gmt":"2016-03-17T10:33:43","guid":{"rendered":"http:\/\/www.cannabis.es\/pw\/?p=3789"},"modified":"2020-06-06T12:21:03","modified_gmt":"2020-06-06T10:21:03","slug":"la-verde-revolucion-podria-cambiar-el-mundo-te-sumas","status":"publish","type":"post","link":"https:\/\/www.cannabis.es\/pw\/2016\/03\/17\/la-verde-revolucion-podria-cambiar-el-mundo-te-sumas\/","title":{"rendered":"La verde revoluci\u00f3n podr\u00eda cambiar el mundo, \u00bfte sumas?"},"content":{"rendered":"\n<p>Por Laura Rueda<\/p>\n\n\n\n<p>El c\u00e1\u00f1amo est\u00e1 llamado a ser una de las materias primas m\u00e1s importante de aqu\u00ed a algunos a\u00f1os&#8230;<\/p>\n\n\n\n<hr class=\"wp-block-separator\"\/>\n\n\n\n<p>\u00bfQu\u00e9 pensar\u00edas si te contaran que existe una materia prima tan valiosa que puede ayudarnos a luchar contra el cambio clim\u00e1tico y que es tan vers\u00e1til que podr\u00eda usarse para casi cualquier cosa? Alimento, medicina, energ\u00eda renovable, construcci\u00f3n, textil, papel, cosm\u00e9tico\u2026 Si a esto le a\u00f1adimos que adem\u00e1s aportar\u00eda trabajo para mucha gente, seguro que no entender\u00edas por qu\u00e9 la industria del c\u00e1\u00f1amo a\u00fan no se est\u00e1 potenciando lo suficiente. La&nbsp;<strong>Verde Revoluci\u00f3n<\/strong>&nbsp;quiere transformar el mundo y la econom\u00eda de nuestro pa\u00eds, \u00bfte sumas?<\/p>\n\n\n\n<p>A&nbsp;<strong>Pau<\/strong>&nbsp;le cambi\u00f3 la vida el verano pasado un libro. Como si de una profec\u00eda se tratase, cuando lo termin\u00f3, supo que ten\u00eda que ponerse manos a la obra para llevar a cabo un proyecto que podr\u00eda ayudar a mucha gente y, lo mejor, al planeta. Este joven valenciano concienciado con el medio ambiente estudi\u00f3 Empresas Agropecuarias, pero nunca pudo dedicarse a la agricultura por lo mismo que mucha gente estos \u00faltimos a\u00f1os no ha podido desarrollar sus proyectos y pasiones.<\/p>\n\n\n\n<p>La crisis econ\u00f3mica le ha hecho dar muchas vueltas y tener trabajos muy diversos como mozo de almac\u00e9n, dependiente de tienda, camarero o cosas tan variopintas como profesor de bater\u00eda, actor de doblaje y hasta adiestrador canino. Ahora es voluntario en una ONG con personas sin hogar, las mismas que ser\u00e1n las primeras a las que contratar\u00e1 cuando su proyecto salga adelante.&nbsp;<strong>Pau<\/strong>&nbsp;sabe que quiere dedicar todos sus esfuerzos a desarrollar una industria del c\u00e1\u00f1amo, casi inexistente en nuestro pa\u00eds, porque est\u00e1 seguro de que podr\u00eda cambiar la vida de mucha m\u00e1s gente. Ya lo dec\u00eda&nbsp;<strong>Galeano<\/strong>, mucha gente peque\u00f1a en lugares peque\u00f1os haciendo cosas peque\u00f1as puede cambiar el mundo. Conoce m\u00e1s de su proyecto en esta entrevista y aporta tu granito de arena al crowdfunding de la&nbsp;<strong>Verde Revoluci\u00f3n<\/strong>.<\/p>\n\n\n\n<h1 class=\"wp-block-heading\">\u201cYo no pretendo salvar al planeta, solo poner mi grano de arena\u201d.<\/h1>\n\n\n\n<p><strong>Entrevista a Pau Domenech, creador del proyecto La Verde Revoluci\u00f3n.<\/strong><\/p>\n\n\n\n<p><em><strong>Cannabis.es: \u00bfQu\u00e9 es la Verde Revoluci\u00f3n?<\/strong><\/em><\/p>\n\n\n\n<p><strong>Pau Domenech:<\/strong>&nbsp;Con la Verde Revoluci\u00f3n pretendo impulsar el cultivo del c\u00e1\u00f1amo porque es algo muy lejano y nuevo para la comunidad agr\u00edcola. Por otro lado quiero impulsar y promover el consumo responsable del c\u00e1\u00f1amo porque es una materia prima con un potencial tan grande que podr\u00eda ayudar mucho al planeta. Tambi\u00e9n me gustar\u00eda que desapareciera esa mala percepci\u00f3n en su conjunto que tiene en la sociedad de lo que es el c\u00e1\u00f1amo.<\/p>\n\n\n\n<p><em><strong>Cannabis.es: \u00bfCu\u00e1l es la diferencia entre cannabis y el c\u00e1\u00f1amo? \u00bfCu\u00e1les son sus usos?<\/strong><\/em><\/p>\n\n\n\n<p><strong>Pau Domenech:<\/strong>&nbsp;La planta es la misma. Cuando hablamos de marihuana ya hablamos de c\u00e1\u00f1amo, pero las variedades son distintas. En los a\u00f1os 60 se empez\u00f3 a promover el cultivo del c\u00e1\u00f1amo y se han ido seleccionando variedades que est\u00e1n por debajo del 0,2% de THC. En cuanto esto pasa ya es c\u00e1\u00f1amo. La diferencia es que la marihuana se usa para un uso recreativo, l\u00fadico o de derivaci\u00f3n personal. El c\u00e1\u00f1amo es una materia prima que se puede usar casi para cualquier sector: textil, industrial, alimentario, energ\u00eda renovable, construcci\u00f3n, medicinal\u2026 Esta planta est\u00e1 llamada a ser la m\u00e1s importante en cuanto a materia prima de aqu\u00ed a unos a\u00f1os.<\/p>\n\n\n\n<figure class=\"wp-block-image\"><img decoding=\"async\" src=\"https:\/\/www.cannabis.es\/web\/images\/la_verde_revolucion2.jpg\" alt=\"la verde revolucion2\"\/><\/figure>\n\n\n\n<p><em><strong>Cannabis.es: \u00bfEst\u00e1 permitido en nuestro pa\u00eds el cultivo y se est\u00e1 potenciando lo suficiente?<\/strong><\/em><\/p>\n\n\n\n<p><strong>Pau Domenech:<\/strong>&nbsp;El cultivo es legal en toda Europa y la \u00fanica condici\u00f3n que se pide es que sean semillas certificadas por la Uni\u00f3n Europea, es decir que avalen que el THC es menor que 0,2%. Hace 8 meses empec\u00e9 a estudiar el c\u00e1\u00f1amo, pero me he dado cuenta de que el cultivo en Espa\u00f1a es casi inexistente. La producci\u00f3n que tenemos en Espa\u00f1a es rid\u00edcula en comparaci\u00f3n con otros pa\u00edses de Europa como Francia. Y siento que tenemos el mejor clima para hacerlo, ya que podemos meter dos cosechas y media en un verano espa\u00f1ol, mientras que en Francia hay m\u00e1s infraestructura, pero solo pueden hacer una cosecha.<\/p>\n\n\n\n<p>Hay un desconocimiento muy grande, tambi\u00e9n por parte del agricultor y creo que si juntamos esas dos cosas y hacemos que el agricultor tenga constancia de la rentabilidad del cultivo, porque obviamente lo que va a mirar cualquier persona es la rentabilidad y parece que hoy por hoy es muy rentable, creo que puede ser una forma de impulsar el c\u00e1\u00f1amo en Espa\u00f1a, que es algo que a\u00fan est\u00e1 muy incipiente.<\/p>\n\n\n\n<p><em><strong>Cannabis.es: Entonces otro de los puntos clave de tu proyecto es fomentar el empleo.<\/strong><\/em><\/p>\n\n\n\n<p><strong>Pau Domenech:<\/strong>&nbsp;Claro, fomentaremos el cultivo y el empleo. Uno de los problemas que he detectado es que en Espa\u00f1a no hay una industria transformadora. Podr\u00edamos dedicarnos a una industria de papel, textil, medicinal y todo tipo de cosm\u00e9tica (lubricante, pinturas\u2026). La lista es tan extensa que la potencialidad a la hora de crear empleo ser\u00eda muy grande si nos ponemos a ello.<\/p>\n\n\n\n<p><em><strong>Cannabis.es: \u00bfC\u00f3mo llegas t\u00fa a este proyecto y te lanzas a hacer este crowdfunding?<\/strong><\/em><\/p>\n\n\n\n<p><strong>Pau Domenech:<\/strong>&nbsp;Me alegra que me hagas esa pregunta (risas). Fue algo inspirador, a ra\u00edz de tres libros que le\u00ed este verano, que se llaman Conversaciones con Dios. En ellos se transcriben supuestamente las conversaciones que el autor afirma haber tenido con Dios durante varios a\u00f1os de su vida. Se tratan temas muy profundos como la salud del planeta, la econom\u00eda, la pol\u00edtica o el sexo. En el segundo libro se nombra el c\u00e1\u00f1amo como materia prima que podr\u00eda ayudar mucho al planeta. En el tercer libro Dios o el que se nombra como Dios vuelve a hablarle al protagonista sobre la planta.<\/p>\n\n\n\n<p>Cuando le\u00eda esas l\u00edneas se me encendi\u00f3 la inspiraci\u00f3n porque yo he estudiado agricultura, pero como est\u00e1 el tema del trabajo no he podido tener una labor continuada dentro del mundo agr\u00edcola. Como soy una persona preocupada con el medio ambiente vi que esa planta ten\u00eda un potencial incre\u00edble y que no sab\u00eda muy bien hacia d\u00f3nde dirigir mi vida. Junt\u00e9 esas dos cosas y lo primero que intent\u00e9 fue hacer un documental sobre el c\u00e1\u00f1amo en Espa\u00f1a y empec\u00e9 a contactar con productores, comercializadores, presidentes de asociaciones del c\u00e1\u00f1amo en Espa\u00f1a, agricultores. Hice un viaje por Espa\u00f1a para conocer a algunos de ellos, pero no encontr\u00e9 material para hacer el documental. Entonces me propuse cultivar para potenciar el cultivo en Espa\u00f1a y ser un poco ejemplo porque a\u00fan hay que ser un poco valiente para hacerlo por todo el tema legal y lo que puede conllevar.<\/p>\n\n\n\n<p>El proyecto crowdfunding surge un poco despu\u00e9s cuando voy a varios bancos y me doy cuenta de que sin un aval o dinero no me iban a prestar lo necesario para poder a empezar. Entonces empiezo a unir toda esa inquietud que ten\u00eda de impulsar el cultivo del c\u00e1\u00f1amo y c\u00f3mo puedo hacerlo a trav\u00e9s de mi cultivo desde una experiencia real. Me doy cuenta de que aplicando todos los conocimientos que he adquirido durante estos ocho meses puedo hacer que mucha gente que no conoce el c\u00e1\u00f1amo ni se plantear\u00eda nunca cultivarlo puede ver que es algo atractivo y puede estar interesado en implicarse en esto.<\/p>\n\n\n\n<p><em><strong>Cannabis.es: Como la semilla, este proyecto empieza peque\u00f1o, pero tiene mucho potencial.<\/strong><\/em><\/p>\n\n\n\n<p><strong>Pau Domenech:<\/strong>&nbsp;Hay informaci\u00f3n que a\u00fan no he colocado en el proyecto. Estamos pensando realizar ensayos para que m\u00e1s all\u00e1 de un cultivo de una hect\u00e1rea de c\u00e1\u00f1amo podemos extraer conclusiones. Estamos hablando con casas de fertilizante e intentando contactar con la universidad polit\u00e9cnica de Valencia para ver si podemos sacar conclusiones para ver cu\u00e1l es la manera de tratar el cultivo para sacar una mayor cantidad de cogollos, si es lo que queremos o un mayor porcentaje de CBD o de semillas. Es decir, extraer conclusiones que a m\u00ed y al agricultor nos puedan dar directrices de c\u00f3mo tratar al cultivo.<\/p>\n\n\n\n<p><em><strong>Cannabis.es: \u00bfHas contactado con gente que tenga que ver con el activismo cann\u00e1bico o gente del mundo de la investigaci\u00f3n?<\/strong><\/em><\/p>\n\n\n\n<p><strong>Pau Domenech:<\/strong>&nbsp;Como soy una sola persona para realizar toda la difusi\u00f3n las horas del d\u00eda se convierten en minutos. Hice una primera ronda de unos cien e-mails de env\u00edo a asociaciones pero la mayor\u00eda me las devolvi\u00f3 porque ya no estaban activas.&nbsp;<br>He recibido bastante apoyo de otros medios del sector cann\u00e1bico y activista. Aunque soy consumidor de cannabis no estaba apegado a este sector, pero es el que m\u00e1s me ha apoyado.<\/p>\n\n\n\n<p><em><strong>Cannabis.es: \u00bfHay alguna referencia internacional que te d\u00e9 esperanza?<\/strong><\/em><\/p>\n\n\n\n<p><strong>Pau Domenech:<\/strong>&nbsp;Todo lo bueno que le pase a la marihuana va a redundar en el beneficio del c\u00e1\u00f1amo y a la inversa. Se observa una clara tendencia mundial en torno a la legalizaci\u00f3n del uso medicinal y del uso l\u00fadico en otros pa\u00edses. Es una tendencia muy buena. Yo abogo por el consumo responsable de cualquier sustancia.<\/p>\n\n\n\n<p><em><strong>Cannabis.es: \u00bfTe han puesto alguna pega por el estigma de la planta?<\/strong><\/em><\/p>\n\n\n\n<p><strong>Pau Domenech:<\/strong>&nbsp;Los bancos mientras que vean que el proyecto es rentable no ponen m\u00e1s pegas a nada. El problema que veo es de la sociedad en general donde la planta est\u00e1 demonizada, lo cual est\u00e1 promovido por gente muy interesada en que esto sea as\u00ed. Yo creo que hay gente mayor de 60 a\u00f1os, debido a lo que promueven los medios de comunicaci\u00f3n, que a\u00fan se creer\u00e1 que quien fume un porro puede asesinar a alguien acto seguido por su efecto (risas). Pero afortunadamente son pocas personas. Por otro lado como no hay gente que distingue la diferencia entre c\u00e1\u00f1amo y marihuana nos perjudica a las personas que queremos cultivar c\u00e1\u00f1amo porque pese a que est\u00e9 injustamente demonizada la planta de la marihuana debemos de hacer que se conozca la diferencia entre ambas para que no exista una confusi\u00f3n al respecto.<\/p>\n\n\n\n<p><em><strong>Cannabis.es: \u00bfQu\u00e9 le dir\u00edas a la gente para que pusiera este granito de arena en este proyecto tan grande que puede favorecer a todo el mundo?<\/strong><\/em><\/p>\n\n\n\n<p><strong>Pau Domenech:<\/strong>&nbsp;Si hubiera buscado un inversor externo podr\u00eda haberlo conseguido porque no hablamos de una cantidad de dinero muy excesiva. Estoy con un crowdfunding porque me encanta la idea de que el proyecto salga adelante no con el pr\u00e9stamo de un banco o de un inversor privado, sino con la participaci\u00f3n de todos y todas. Pese a la crisis se ha visto una colaboraci\u00f3n ciudadana mucho mayor y es un factor que debemos potenciar.<\/p>\n\n\n\n<p>Los ciudadanos y ciudadanas deber\u00edan animarse a participar por el retorno social que este proyecto tendr\u00e1. Al principio voy a contratar a personas sin hogar que de otra manera no podr\u00edan incorporarse al mercado laboral. Si lo tenemos dif\u00edcil gente con estudios, con experiencia y con curr\u00edculum pues esta gente a\u00fan m\u00e1s complicado. Hacen falta pasos agigantados y r\u00e1pidos para empezar a cambiar el curso ecol\u00f3gico que est\u00e1n tomando los acontecimientos en el planeta, cada uno con su iniciativa. Yo no pretendo salvar al planeta, solo poner mi grano de arena. Pero si mucha gente como yo va poniendo granitos de arena como este o similares es una forma de mejorar la sociedad sin esperar siempre a que lo hagan los de arriba y recurrir siempre al esto es as\u00ed y no se puede cambiar. Tenemos que ser nosotros el cambio y ser el ejemplo que quieras ver en los dem\u00e1s.<\/p>\n\n\n\n<p><em><strong>Cannabis.es: Entonces la Verde Revoluci\u00f3n es un proyecto para el procom\u00fan, para todos y todas<\/strong><\/em><\/p>\n\n\n\n<p><strong>Pau Domenech:<\/strong>&nbsp;Efectivamente, cuando tuve que decidir con qu\u00e9 plataforma hac\u00eda mi crowdfunding lo tuve claro, ya que Goteo es la \u00fanica que exige que tu proyecto tenga un retorno colectivo, que me parece m\u00e1s importante que la recompensa individual. Tiene que estar para que la gente vea atractivo el proyecto, pero lo que m\u00e1s ilusi\u00f3n me hace de que se haga este proyecto es devolver a la gente lo que ha invertido con un retorno colectivo.<\/p>\n\n\n\n<p>Este dinero, 5.000 euros, es para hacer esta primera campa\u00f1a y obtener ciertos beneficios que me permitan reinvertirlos el a\u00f1o que viene y ampliar la experiencia. Me gustar\u00eda que el proyecto crezca y que dure muchos a\u00f1os y hacer que esto solo sea el comienzo. No ser\u00eda pionero en el cultivo de c\u00e1\u00f1amo porque hay mucha gente que lo ha hecho antes, pero si puedo poner mi granito de arena estar\u00eda encantado.<\/p>\n\n\n\n<p><em><strong>Cannabis.es: \u00bfCu\u00e1l es tu mayor deseo como futuro empresario-emprendedor de la industria del c\u00e1\u00f1amo?<\/strong><\/em><\/p>\n\n\n\n<p><strong>Pau Domenech:<\/strong>&nbsp;Uno de mis mayores deseos cuando la empresa se forme y empiece a caminar es ser ejemplo de transparencia y de forma de actuar. Quiero ser radical en esto. Quiero poner en los precios lo que a m\u00ed me ha costado producir y qu\u00e9 porcentaje se lleva el producto. Tambi\u00e9n los sueldos de cada trabajador ser\u00e1n publicados. Intento crear la empresa modelo que me gustar\u00eda que existiera.<\/p>\n\n\n\n<p><strong>Enlaces de inter\u00e9s:<\/strong><br>GOTEO:&nbsp;<a href=\"https:\/\/goteo.org\/project\/la-verde-revolucion\" target=\"_blank\" rel=\"noreferrer noopener\"><strong>https:\/\/goteo.org\/project\/la-verde-revolucion<\/strong><\/a><br>BLOG:&nbsp;<a href=\"https:\/\/laverderevolucionblog.wordpress.com\/\" target=\"_blank\" rel=\"noreferrer noopener\"><strong>https:\/\/laverderevolucionblog.wordpress.com\/<\/strong><\/a><br>FACEBOOK:&nbsp;<a href=\"https:\/\/www.facebook.com\/laverderevolucion\/\" target=\"_blank\" rel=\"noreferrer noopener\"><strong>https:\/\/www.facebook.com\/laverderevolucion\/<\/strong><\/a><br>TWITTER:&nbsp;<a href=\"https:\/\/twitter.com\/VerdeR3volucion\" target=\"_blank\" rel=\"noreferrer noopener\"><strong>https:\/\/twitter.com\/VerdeR3volucion<\/strong><\/a><br>YOUTUBE:&nbsp;<a href=\"https:\/\/www.youtube.com\/watch?v=PTJWxszdObc\" target=\"_blank\" rel=\"noreferrer noopener\"><strong>https:\/\/www.youtube.com\/watch?v=PTJWxszdObc<\/strong><\/a><\/p>\n","protected":false},"excerpt":{"rendered":"<span class=\"span-reading-time rt-reading-time\" style=\"display: block;\"><span class=\"rt-label rt-prefix\">Tiempo de lectura:<\/span> <span class=\"rt-time\"> 7<\/span> <span class=\"rt-label rt-postfix\">minutos<\/span><\/span>Por Laura Rueda El c\u00e1\u00f1amo est\u00e1 llamado a ser una de las materias primas m\u00e1s importante de aqu\u00ed a algunos a\u00f1os&#8230; \u00bfQu\u00e9 pensar\u00edas si te contaran que existe una materia prima tan valiosa que puede ayudarnos a luchar contra el cambio clim\u00e1tico y que es tan vers\u00e1til que podr\u00eda usarse para casi cualquier cosa? Alimento, [&hellip;]","protected":false},"author":1,"featured_media":3790,"comment_status":"closed","ping_status":"closed","sticky":false,"template":"","format":"standard","meta":{"loftocean-featured-post":"","loftocean_post_format_gallery":"","loftocean_post_format_gallery_ids":"","loftocean_post_format_gallery_urls":"","loftocean_post_format_video_id":"","loftocean_post_format_video_url":"","loftocean_post_format_video_type":"","loftocean_post_format_video":"","loftocean_post_format_audio_type":"","loftocean_post_format_audio_url":"","loftocean_post_format_audio_id":"","loftocean_post_format_audio":"","loftocean_post_format_quote_text":"","loftocean_post_format_quote_byline":"","loftocean_post_format_link_text":"","loftocean_post_format_link_url":"","ceramag_post_header_style":"","ceramag_enable_background_video":"","ceramag_show_in_top_slider":"","ceramag_post_background_video_start":"","ceramag_post_background_video_end":"","loftocean_page_background_video_id":"","loftocean_page_background_video_url":"","loftocean_page_background_video_type":"","loftocean_page_background_video":"","ceramag_background_video_start":"","ceramag_background_video_end":"","ceramag_single_page_hide_header":"","footnotes":""},"categories":[33],"tags":[487,41],"class_list":["post-3789","post","type-post","status-publish","format-standard","has-post-thumbnail","hentry","category-entrevistas","tag-canamo","tag-cannabis"],"yoast_head":"<!-- This site is optimized with the Yoast SEO plugin v24.9 - https:\/\/yoast.com\/wordpress\/plugins\/seo\/ -->\n<title>La verde revoluci\u00f3n podr\u00eda cambiar el mundo, \u00bfte sumas?<\/title>\n<meta name=\"description\" content=\"Entrada &#8226; Portal multimedia sobre cannabis y otras sustancias &#8226; 17 marzo, 2016\" \/>\n<meta name=\"robots\" content=\"index, follow, max-snippet:-1, max-image-preview:large, max-video-preview:-1\" \/>\n<link rel=\"canonical\" href=\"https:\/\/www.cannabis.es\/pw\/2016\/03\/17\/la-verde-revolucion-podria-cambiar-el-mundo-te-sumas\/\" \/>\n<meta name=\"twitter:card\" content=\"summary_large_image\" \/>\n<meta name=\"twitter:title\" content=\"La verde revoluci\u00f3n podr\u00eda cambiar el mundo, \u00bfte sumas?\" \/>\n<meta name=\"twitter:description\" content=\"Entrada &#8226; Portal multimedia sobre cannabis y otras sustancias &#8226; 17 marzo, 2016\" \/>\n<meta name=\"twitter:image\" content=\"https:\/\/www.cannabis.es\/pw\/wp-content\/uploads\/2020\/05\/la_verde_revolucion.jpg\" \/>\n<meta name=\"twitter:creator\" content=\"@cannabis_es\" \/>\n<meta name=\"twitter:site\" content=\"@cannabis_es\" \/>\n<meta name=\"twitter:label1\" content=\"Escrito por\" \/>\n\t<meta name=\"twitter:data1\" content=\"Cannabis.es\" \/>\n\t<meta name=\"twitter:label2\" content=\"Tiempo de lectura\" \/>\n\t<meta name=\"twitter:data2\" content=\"12 minutos\" \/>\n<script type=\"application\/ld+json\" class=\"yoast-schema-graph\">{\"@context\":\"https:\/\/schema.org\",\"@graph\":[{\"@type\":\"Article\",\"@id\":\"https:\/\/www.cannabis.es\/pw\/2016\/03\/17\/la-verde-revolucion-podria-cambiar-el-mundo-te-sumas\/#article\",\"isPartOf\":{\"@id\":\"https:\/\/www.cannabis.es\/pw\/2016\/03\/17\/la-verde-revolucion-podria-cambiar-el-mundo-te-sumas\/\"},\"author\":{\"name\":\"Cannabis.es\",\"@id\":\"https:\/\/www.cannabis.es\/pw\/#\/schema\/person\/e2fbd204580cf4fe74c79b82bc447374\"},\"headline\":\"La verde revoluci\u00f3n podr\u00eda cambiar el mundo, \u00bfte sumas?\",\"datePublished\":\"2016-03-17T10:33:43+00:00\",\"dateModified\":\"2020-06-06T10:21:03+00:00\",\"mainEntityOfPage\":{\"@id\":\"https:\/\/www.cannabis.es\/pw\/2016\/03\/17\/la-verde-revolucion-podria-cambiar-el-mundo-te-sumas\/\"},\"wordCount\":2365,\"publisher\":{\"@id\":\"https:\/\/www.cannabis.es\/pw\/#organization\"},\"image\":{\"@id\":\"https:\/\/www.cannabis.es\/pw\/2016\/03\/17\/la-verde-revolucion-podria-cambiar-el-mundo-te-sumas\/#primaryimage\"},\"thumbnailUrl\":\"https:\/\/www.cannabis.es\/pw\/wp-content\/uploads\/2020\/05\/la_verde_revolucion.jpg\",\"keywords\":[\"c\u00e1\u00f1amo\",\"cannabis\"],\"articleSection\":[\"Entrevistas\"],\"inLanguage\":\"es\"},{\"@type\":\"WebPage\",\"@id\":\"https:\/\/www.cannabis.es\/pw\/2016\/03\/17\/la-verde-revolucion-podria-cambiar-el-mundo-te-sumas\/\",\"url\":\"https:\/\/www.cannabis.es\/pw\/2016\/03\/17\/la-verde-revolucion-podria-cambiar-el-mundo-te-sumas\/\",\"name\":\"La verde revoluci\u00f3n podr\u00eda cambiar el mundo, \u00bfte sumas?\",\"isPartOf\":{\"@id\":\"https:\/\/www.cannabis.es\/pw\/#website\"},\"primaryImageOfPage\":{\"@id\":\"https:\/\/www.cannabis.es\/pw\/2016\/03\/17\/la-verde-revolucion-podria-cambiar-el-mundo-te-sumas\/#primaryimage\"},\"image\":{\"@id\":\"https:\/\/www.cannabis.es\/pw\/2016\/03\/17\/la-verde-revolucion-podria-cambiar-el-mundo-te-sumas\/#primaryimage\"},\"thumbnailUrl\":\"https:\/\/www.cannabis.es\/pw\/wp-content\/uploads\/2020\/05\/la_verde_revolucion.jpg\",\"datePublished\":\"2016-03-17T10:33:43+00:00\",\"dateModified\":\"2020-06-06T10:21:03+00:00\",\"description\":\"Entrada &#8226; Portal multimedia sobre cannabis y otras sustancias &#8226; 17 marzo, 2016\",\"breadcrumb\":{\"@id\":\"https:\/\/www.cannabis.es\/pw\/2016\/03\/17\/la-verde-revolucion-podria-cambiar-el-mundo-te-sumas\/#breadcrumb\"},\"inLanguage\":\"es\",\"potentialAction\":[{\"@type\":\"ReadAction\",\"target\":[\"https:\/\/www.cannabis.es\/pw\/2016\/03\/17\/la-verde-revolucion-podria-cambiar-el-mundo-te-sumas\/\"]}]},{\"@type\":\"ImageObject\",\"inLanguage\":\"es\",\"@id\":\"https:\/\/www.cannabis.es\/pw\/2016\/03\/17\/la-verde-revolucion-podria-cambiar-el-mundo-te-sumas\/#primaryimage\",\"url\":\"https:\/\/www.cannabis.es\/pw\/wp-content\/uploads\/2020\/05\/la_verde_revolucion.jpg\",\"contentUrl\":\"https:\/\/www.cannabis.es\/pw\/wp-content\/uploads\/2020\/05\/la_verde_revolucion.jpg\",\"width\":959,\"height\":475},{\"@type\":\"BreadcrumbList\",\"@id\":\"https:\/\/www.cannabis.es\/pw\/2016\/03\/17\/la-verde-revolucion-podria-cambiar-el-mundo-te-sumas\/#breadcrumb\",\"itemListElement\":[{\"@type\":\"ListItem\",\"position\":1,\"name\":\"Portada\",\"item\":\"http:\/\/www.cannabis.es\/pw\/\"},{\"@type\":\"ListItem\",\"position\":2,\"name\":\"La verde revoluci\u00f3n podr\u00eda cambiar el mundo, \u00bfte sumas?\"}]},{\"@type\":\"WebSite\",\"@id\":\"https:\/\/www.cannabis.es\/pw\/#website\",\"url\":\"https:\/\/www.cannabis.es\/pw\/\",\"name\":\"Cannabis\",\"description\":\"Portal multimedia sobre cannabis y otras sustancias\",\"publisher\":{\"@id\":\"https:\/\/www.cannabis.es\/pw\/#organization\"},\"potentialAction\":[{\"@type\":\"SearchAction\",\"target\":{\"@type\":\"EntryPoint\",\"urlTemplate\":\"https:\/\/www.cannabis.es\/pw\/?s={search_term_string}\"},\"query-input\":{\"@type\":\"PropertyValueSpecification\",\"valueRequired\":true,\"valueName\":\"search_term_string\"}}],\"inLanguage\":\"es\"},{\"@type\":\"Organization\",\"@id\":\"https:\/\/www.cannabis.es\/pw\/#organization\",\"name\":\"Cannabis.es\",\"url\":\"https:\/\/www.cannabis.es\/pw\/\",\"logo\":{\"@type\":\"ImageObject\",\"inLanguage\":\"es\",\"@id\":\"https:\/\/www.cannabis.es\/pw\/#\/schema\/logo\/image\/\",\"url\":\"https:\/\/www.cannabis.es\/pw\/wp-content\/uploads\/2019\/04\/cropped-logo_cannabis.png\",\"contentUrl\":\"https:\/\/www.cannabis.es\/pw\/wp-content\/uploads\/2019\/04\/cropped-logo_cannabis.png\",\"width\":361,\"height\":120,\"caption\":\"Cannabis.es\"},\"image\":{\"@id\":\"https:\/\/www.cannabis.es\/pw\/#\/schema\/logo\/image\/\"},\"sameAs\":[\"https:\/\/x.com\/cannabis_es\"]},{\"@type\":\"Person\",\"@id\":\"https:\/\/www.cannabis.es\/pw\/#\/schema\/person\/e2fbd204580cf4fe74c79b82bc447374\",\"name\":\"Cannabis.es\",\"image\":{\"@type\":\"ImageObject\",\"inLanguage\":\"es\",\"@id\":\"https:\/\/www.cannabis.es\/pw\/#\/schema\/person\/image\/\",\"url\":\"https:\/\/secure.gravatar.com\/avatar\/4375b1eb6e272e2e48a4b8a8def52e5f208151f555bb5906da616906ee6dd2e8?s=96&d=mm&r=g\",\"contentUrl\":\"https:\/\/secure.gravatar.com\/avatar\/4375b1eb6e272e2e48a4b8a8def52e5f208151f555bb5906da616906ee6dd2e8?s=96&d=mm&r=g\",\"caption\":\"Cannabis.es\"},\"url\":\"https:\/\/www.cannabis.es\/pw\/author\/cannabis\/\"}]}<\/script>\n<!-- \/ Yoast SEO plugin. -->","yoast_head_json":{"title":"La verde revoluci\u00f3n podr\u00eda cambiar el mundo, \u00bfte sumas?","description":"Entrada &#8226; Portal multimedia sobre cannabis y otras sustancias &#8226; 17 marzo, 2016","robots":{"index":"index","follow":"follow","max-snippet":"max-snippet:-1","max-image-preview":"max-image-preview:large","max-video-preview":"max-video-preview:-1"},"canonical":"https:\/\/www.cannabis.es\/pw\/2016\/03\/17\/la-verde-revolucion-podria-cambiar-el-mundo-te-sumas\/","twitter_card":"summary_large_image","twitter_title":"La verde revoluci\u00f3n podr\u00eda cambiar el mundo, \u00bfte sumas?","twitter_description":"Entrada &#8226; Portal multimedia sobre cannabis y otras sustancias &#8226; 17 marzo, 2016","twitter_image":"https:\/\/www.cannabis.es\/pw\/wp-content\/uploads\/2020\/05\/la_verde_revolucion.jpg","twitter_creator":"@cannabis_es","twitter_site":"@cannabis_es","twitter_misc":{"Escrito por":"Cannabis.es","Tiempo de lectura":"12 minutos"},"schema":{"@context":"https:\/\/schema.org","@graph":[{"@type":"Article","@id":"https:\/\/www.cannabis.es\/pw\/2016\/03\/17\/la-verde-revolucion-podria-cambiar-el-mundo-te-sumas\/#article","isPartOf":{"@id":"https:\/\/www.cannabis.es\/pw\/2016\/03\/17\/la-verde-revolucion-podria-cambiar-el-mundo-te-sumas\/"},"author":{"name":"Cannabis.es","@id":"https:\/\/www.cannabis.es\/pw\/#\/schema\/person\/e2fbd204580cf4fe74c79b82bc447374"},"headline":"La verde revoluci\u00f3n podr\u00eda cambiar el mundo, \u00bfte sumas?","datePublished":"2016-03-17T10:33:43+00:00","dateModified":"2020-06-06T10:21:03+00:00","mainEntityOfPage":{"@id":"https:\/\/www.cannabis.es\/pw\/2016\/03\/17\/la-verde-revolucion-podria-cambiar-el-mundo-te-sumas\/"},"wordCount":2365,"publisher":{"@id":"https:\/\/www.cannabis.es\/pw\/#organization"},"image":{"@id":"https:\/\/www.cannabis.es\/pw\/2016\/03\/17\/la-verde-revolucion-podria-cambiar-el-mundo-te-sumas\/#primaryimage"},"thumbnailUrl":"https:\/\/www.cannabis.es\/pw\/wp-content\/uploads\/2020\/05\/la_verde_revolucion.jpg","keywords":["c\u00e1\u00f1amo","cannabis"],"articleSection":["Entrevistas"],"inLanguage":"es"},{"@type":"WebPage","@id":"https:\/\/www.cannabis.es\/pw\/2016\/03\/17\/la-verde-revolucion-podria-cambiar-el-mundo-te-sumas\/","url":"https:\/\/www.cannabis.es\/pw\/2016\/03\/17\/la-verde-revolucion-podria-cambiar-el-mundo-te-sumas\/","name":"La verde revoluci\u00f3n podr\u00eda cambiar el mundo, \u00bfte sumas?","isPartOf":{"@id":"https:\/\/www.cannabis.es\/pw\/#website"},"primaryImageOfPage":{"@id":"https:\/\/www.cannabis.es\/pw\/2016\/03\/17\/la-verde-revolucion-podria-cambiar-el-mundo-te-sumas\/#primaryimage"},"image":{"@id":"https:\/\/www.cannabis.es\/pw\/2016\/03\/17\/la-verde-revolucion-podria-cambiar-el-mundo-te-sumas\/#primaryimage"},"thumbnailUrl":"https:\/\/www.cannabis.es\/pw\/wp-content\/uploads\/2020\/05\/la_verde_revolucion.jpg","datePublished":"2016-03-17T10:33:43+00:00","dateModified":"2020-06-06T10:21:03+00:00","description":"Entrada &#8226; Portal multimedia sobre cannabis y otras sustancias &#8226; 17 marzo, 2016","breadcrumb":{"@id":"https:\/\/www.cannabis.es\/pw\/2016\/03\/17\/la-verde-revolucion-podria-cambiar-el-mundo-te-sumas\/#breadcrumb"},"inLanguage":"es","potentialAction":[{"@type":"ReadAction","target":["https:\/\/www.cannabis.es\/pw\/2016\/03\/17\/la-verde-revolucion-podria-cambiar-el-mundo-te-sumas\/"]}]},{"@type":"ImageObject","inLanguage":"es","@id":"https:\/\/www.cannabis.es\/pw\/2016\/03\/17\/la-verde-revolucion-podria-cambiar-el-mundo-te-sumas\/#primaryimage","url":"https:\/\/www.cannabis.es\/pw\/wp-content\/uploads\/2020\/05\/la_verde_revolucion.jpg","contentUrl":"https:\/\/www.cannabis.es\/pw\/wp-content\/uploads\/2020\/05\/la_verde_revolucion.jpg","width":959,"height":475},{"@type":"BreadcrumbList","@id":"https:\/\/www.cannabis.es\/pw\/2016\/03\/17\/la-verde-revolucion-podria-cambiar-el-mundo-te-sumas\/#breadcrumb","itemListElement":[{"@type":"ListItem","position":1,"name":"Portada","item":"http:\/\/www.cannabis.es\/pw\/"},{"@type":"ListItem","position":2,"name":"La verde revoluci\u00f3n podr\u00eda cambiar el mundo, \u00bfte sumas?"}]},{"@type":"WebSite","@id":"https:\/\/www.cannabis.es\/pw\/#website","url":"https:\/\/www.cannabis.es\/pw\/","name":"Cannabis","description":"Portal multimedia sobre cannabis y otras sustancias","publisher":{"@id":"https:\/\/www.cannabis.es\/pw\/#organization"},"potentialAction":[{"@type":"SearchAction","target":{"@type":"EntryPoint","urlTemplate":"https:\/\/www.cannabis.es\/pw\/?s={search_term_string}"},"query-input":{"@type":"PropertyValueSpecification","valueRequired":true,"valueName":"search_term_string"}}],"inLanguage":"es"},{"@type":"Organization","@id":"https:\/\/www.cannabis.es\/pw\/#organization","name":"Cannabis.es","url":"https:\/\/www.cannabis.es\/pw\/","logo":{"@type":"ImageObject","inLanguage":"es","@id":"https:\/\/www.cannabis.es\/pw\/#\/schema\/logo\/image\/","url":"https:\/\/www.cannabis.es\/pw\/wp-content\/uploads\/2019\/04\/cropped-logo_cannabis.png","contentUrl":"https:\/\/www.cannabis.es\/pw\/wp-content\/uploads\/2019\/04\/cropped-logo_cannabis.png","width":361,"height":120,"caption":"Cannabis.es"},"image":{"@id":"https:\/\/www.cannabis.es\/pw\/#\/schema\/logo\/image\/"},"sameAs":["https:\/\/x.com\/cannabis_es"]},{"@type":"Person","@id":"https:\/\/www.cannabis.es\/pw\/#\/schema\/person\/e2fbd204580cf4fe74c79b82bc447374","name":"Cannabis.es","image":{"@type":"ImageObject","inLanguage":"es","@id":"https:\/\/www.cannabis.es\/pw\/#\/schema\/person\/image\/","url":"https:\/\/secure.gravatar.com\/avatar\/4375b1eb6e272e2e48a4b8a8def52e5f208151f555bb5906da616906ee6dd2e8?s=96&d=mm&r=g","contentUrl":"https:\/\/secure.gravatar.com\/avatar\/4375b1eb6e272e2e48a4b8a8def52e5f208151f555bb5906da616906ee6dd2e8?s=96&d=mm&r=g","caption":"Cannabis.es"},"url":"https:\/\/www.cannabis.es\/pw\/author\/cannabis\/"}]}},"_links":{"self":[{"href":"https:\/\/www.cannabis.es\/pw\/wp-json\/wp\/v2\/posts\/3789","targetHints":{"allow":["GET"]}}],"collection":[{"href":"https:\/\/www.cannabis.es\/pw\/wp-json\/wp\/v2\/posts"}],"about":[{"href":"https:\/\/www.cannabis.es\/pw\/wp-json\/wp\/v2\/types\/post"}],"author":[{"embeddable":true,"href":"https:\/\/www.cannabis.es\/pw\/wp-json\/wp\/v2\/users\/1"}],"replies":[{"embeddable":true,"href":"https:\/\/www.cannabis.es\/pw\/wp-json\/wp\/v2\/comments?post=3789"}],"version-history":[{"count":2,"href":"https:\/\/www.cannabis.es\/pw\/wp-json\/wp\/v2\/posts\/3789\/revisions"}],"predecessor-version":[{"id":5299,"href":"https:\/\/www.cannabis.es\/pw\/wp-json\/wp\/v2\/posts\/3789\/revisions\/5299"}],"wp:featuredmedia":[{"embeddable":true,"href":"https:\/\/www.cannabis.es\/pw\/wp-json\/wp\/v2\/media\/3790"}],"wp:attachment":[{"href":"https:\/\/www.cannabis.es\/pw\/wp-json\/wp\/v2\/media?parent=3789"}],"wp:term":[{"taxonomy":"category","embeddable":true,"href":"https:\/\/www.cannabis.es\/pw\/wp-json\/wp\/v2\/categories?post=3789"},{"taxonomy":"post_tag","embeddable":true,"href":"https:\/\/www.cannabis.es\/pw\/wp-json\/wp\/v2\/tags?post=3789"}],"curies":[{"name":"wp","href":"https:\/\/api.w.org\/{rel}","templated":true}]}}